{"id":5252,"date":"2023-04-10T10:31:59","date_gmt":"2023-04-10T08:31:59","guid":{"rendered":"https:\/\/ismfrance.org\/?p=5252"},"modified":"2023-04-11T16:06:36","modified_gmt":"2023-04-11T14:06:36","slug":"sources-al-mayadeen-riyad-va-annoncer-la-fin-de-la-guerre-contre-le-yemen","status":"publish","type":"post","link":"https:\/\/ismfrance.org\/index.php\/2023\/04\/10\/sources-al-mayadeen-riyad-va-annoncer-la-fin-de-la-guerre-contre-le-yemen\/","title":{"rendered":"Sources Al Mayadeen : Riyad va annoncer la fin de la guerre contre le Y\u00e9men"},"content":{"rendered":"<p><span style=\"color: #000000;\"><span style=\"font-family: Verdana, sans-serif;\"><span style=\"font-size: medium;\"><strong>Al-Mayadeen, 7 avril 2023<\/strong>. Des sources y\u00e9m\u00e9nites bien inform\u00e9es ont rapport\u00e9 vendredi que l&rsquo;Arabie saoudite avait convoqu\u00e9 le chef et les membres du Conseil pr\u00e9sidentiel y\u00e9m\u00e9nite, \u00e0 l&rsquo;occasion de l&rsquo;anniversaire du Conseil annonc\u00e9 depuis Riyad.<\/span><\/span><\/span><\/p>\n<p><a href=\"https:\/\/ismfrance.org\/wp-content\/uploads\/2023\/04\/yemen.jpg\"><img loading=\"lazy\" decoding=\"async\" class=\"size-large wp-image-5253 aligncenter\" src=\"https:\/\/ismfrance.org\/wp-content\/uploads\/2023\/04\/yemen-700x525.jpg\" alt=\"\" width=\"600\" height=\"450\" srcset=\"https:\/\/ismfrance.org\/wp-content\/uploads\/2023\/04\/yemen-700x525.jpg 700w, https:\/\/ismfrance.org\/wp-content\/uploads\/2023\/04\/yemen-300x225.jpg 300w, https:\/\/ismfrance.org\/wp-content\/uploads\/2023\/04\/yemen-768x576.jpg 768w, https:\/\/ismfrance.org\/wp-content\/uploads\/2023\/04\/yemen-350x263.jpg 350w, https:\/\/ismfrance.org\/wp-content\/uploads\/2023\/04\/yemen.jpg 1300w\" sizes=\"auto, (max-width: 600px) 100vw, 600px\" \/><\/a><span style=\"color: #000000;\"><span style=\"font-family: Verdana, sans-serif;\"><span style=\"font-size: medium;\">Des sources y\u00e9m\u00e9nites ont d\u00e9clar\u00e9 \u00e0 <i>Al\u00a0Mayadeen<\/i> que Riyad avait inform\u00e9 le pr\u00e9sident et les membres du Conseil de direction pr\u00e9sidentiel de ses r\u00e9unions inopin\u00e9es avec le gouvernement de Sanaa.<\/span><\/span><\/span><\/p>\n<p><span style=\"color: #000000;\"><span style=\"font-family: Verdana, sans-serif;\"><span style=\"font-size: medium;\">Les sources ont soulign\u00e9 que le ministre saoudien de la D\u00e9fense, Khalid bin Salman, a inform\u00e9 le chef du conseil de direction et les membres du conseil de la solution pour sortir de la guerre contre le Y\u00e9men lors de leur r\u00e9union d&rsquo;hier.<\/span><\/span><\/span><\/p>\n<p><span style=\"color: #000000;\"><span style=\"font-family: Verdana, sans-serif;\"><span style=\"font-size: medium;\">\u00c0 son tour, l&rsquo;ambassadeur saoudien au Y\u00e9men a inform\u00e9 le pr\u00e9sident et les membres du Conseil de direction des d\u00e9tails de l&rsquo;accord secret de Riyad avec Sanaa et de leurs r\u00e9sultats.<\/span><\/span><\/span><\/p>\n<p><span style=\"color: #000000;\"><span style=\"font-family: Verdana, sans-serif;\"><span style=\"font-size: medium;\">Les sources ont soulign\u00e9 que le point de vue saoudien sur la solution comprend la \u00ab\u00a0prolongation de la tr\u00eave au Y\u00e9men pour une ann\u00e9e de plus, en accord avec Sanaa \u00bb\u00a0; \u00ab il est pr\u00e9vu de prolonger la tr\u00eave en \u00e9change du versement des salaires [des employ\u00e9s], unifier la monnaie et ouvrir compl\u00e8tement le port d&rsquo;Al-Hudaydah.\u00a0\u00bb<\/span><\/span><\/span><\/p>\n<p><span style=\"color: #000000;\"><span style=\"font-family: Verdana, sans-serif;\"><span style=\"font-size: medium;\">Les sources ont expliqu\u00e9 qu&rsquo;une prolongation de la <a href=\"https:\/\/english.almayadeen.net\/news\/politics\/truce-in-yemen-expired-no-extension-announced\">tr\u00eave<\/a> avec ces nouvelles conditions sera suivie d&rsquo;une annonce officielle saoudienne de la fin de la guerre et de la cessation de son ing\u00e9rence au Y\u00e9men.<\/span><\/span><\/span><\/p>\n<p><span style=\"color: #000000;\"><span style=\"font-family: Verdana, sans-serif;\"><span style=\"font-size: medium;\">De m\u00eame, les sources ont rapport\u00e9 qu&rsquo;apr\u00e8s une d\u00e9claration officielle de fin de guerre, un cycle de consultations y\u00e9m\u00e9nites-y\u00e9m\u00e9nites commencera sous la supervision de l&rsquo;ONU et le parrainage saoudien, et que les consultations viseront \u00e0 convenir d&rsquo;une phase de transition pour une p\u00e9riode de deux ans.<\/span><\/span><\/span><\/p>\n<p><span style=\"color: #000000;\"><span style=\"font-family: Verdana, sans-serif;\"><span style=\"font-size: medium;\">Les sources ont soulign\u00e9 que le projet saoudien est bas\u00e9 sur la discussion, pendant la p\u00e9riode de transition, de la future forme de l&rsquo;\u00c9tat et du gouvernement au pouvoir, ajoutant que la vision saoudienne d&rsquo;une solution conforme \u00e0 son accord avec Sanaa est toujours en cours de discussion et est presque final.<\/span><\/span><\/span><\/p>\n<p><span style=\"color: #000000;\"><span style=\"font-family: Verdana, sans-serif;\"><span style=\"font-size: medium;\">Les sources ont d\u00e9clar\u00e9 que Riyad avait inform\u00e9 le Conseil de direction pr\u00e9sidentiel de sa d\u00e9cision de mettre fin \u00e0 la guerre et de clore d\u00e9finitivement le dossier y\u00e9m\u00e9nite.<\/span><\/span><\/span><\/p>\n<p><span style=\"color: #000000;\"><span style=\"font-family: Verdana, sans-serif;\"><span style=\"font-size: medium;\">Plus t\u00f4t, un membre du bureau politique du mouvement y\u00e9m\u00e9nite Ansar Allah, Abd al-Wahhab al-Mahbashi, a confirm\u00e9 que l&rsquo;accord irano-saoudien est positif et qu&rsquo;il aura un impact sur le Y\u00e9men.<\/span><\/span><\/span><\/p>\n<pre>Article original en anglais sur <a href=\"https:\/\/english.almayadeen.net\/news\/politics\/sources-for-al-mayadeen:-riyadh-to-announce-end-to-war-on-ye\">Al-Mayadeen<\/a> \/ Traduction MR<\/pre>\n","protected":false},"excerpt":{"rendered":"<p>Al-Mayadeen, 7 avril 2023. Des sources y\u00e9m\u00e9nites bien inform\u00e9es ont rapport\u00e9 vendredi que l&rsquo;Arabie saoudite avait convoqu\u00e9 le chef et les membres du Conseil pr\u00e9sidentiel y\u00e9m\u00e9nite, \u00e0 l&rsquo;occasion de l&rsquo;anniversaire <a class=\"more-link\" href=\"https:\/\/ismfrance.org\/index.php\/2023\/04\/10\/sources-al-mayadeen-riyad-va-annoncer-la-fin-de-la-guerre-contre-le-yemen\/\">Lire la suite &rarr;<\/a><\/p>\n","protected":false},"author":3,"featured_media":5253,"comment_status":"closed","ping_status":"closed","sticky":false,"template":"","format":"standard","meta":{"footnotes":""},"categories":[2,14],"tags":[90,149],"class_list":["post-5252","post","type-post","status-publish","format-standard","has-post-thumbnail","hentry","category-articles","category-communiques","tag-geopolitique","tag-yemen"],"yoast_head":"<!-- This site is optimized with the Yoast SEO plugin v27.2 - https:\/\/yoast.com\/product\/yoast-seo-wordpress\/ -->\n<title>Sources Al Mayadeen : Riyad va annoncer la fin de la guerre contre le Y\u00e9men - International Solidarity Movement - ISM-France<\/title>\n<meta name=\"robots\" content=\"index, follow, max-snippet:-1, max-image-preview:large, max-video-preview:-1\" \/>\n<link rel=\"canonical\" href=\"https:\/\/ismfrance.org\/index.php\/2023\/04\/10\/sources-al-mayadeen-riyad-va-annoncer-la-fin-de-la-guerre-contre-le-yemen\/\" \/>\n<meta property=\"og:locale\" content=\"fr_FR\" \/>\n<meta property=\"og:type\" content=\"article\" \/>\n<meta property=\"og:title\" content=\"Sources Al Mayadeen : Riyad va annoncer la fin de la guerre contre le Y\u00e9men - International Solidarity Movement - ISM-France\" \/>\n<meta property=\"og:description\" content=\"Al-Mayadeen, 7 avril 2023. Des sources y\u00e9m\u00e9nites bien inform\u00e9es ont rapport\u00e9 vendredi que l&rsquo;Arabie saoudite avait convoqu\u00e9 le chef et les membres du Conseil pr\u00e9sidentiel y\u00e9m\u00e9nite, \u00e0 l&rsquo;occasion de l&rsquo;anniversaire Lire la suite &rarr;\" \/>\n<meta property=\"og:url\" content=\"https:\/\/ismfrance.org\/index.php\/2023\/04\/10\/sources-al-mayadeen-riyad-va-annoncer-la-fin-de-la-guerre-contre-le-yemen\/\" \/>\n<meta property=\"og:site_name\" content=\"International Solidarity Movement - ISM-France\" \/>\n<meta property=\"article:published_time\" content=\"2023-04-10T08:31:59+00:00\" \/>\n<meta property=\"article:modified_time\" content=\"2023-04-11T14:06:36+00:00\" \/>\n<meta property=\"og:image\" content=\"https:\/\/ismfrance.org\/wp-content\/uploads\/2023\/04\/yemen.jpg\" \/>\n\t<meta property=\"og:image:width\" content=\"1300\" \/>\n\t<meta property=\"og:image:height\" content=\"975\" \/>\n\t<meta property=\"og:image:type\" content=\"image\/jpeg\" \/>\n<meta name=\"author\" content=\"mru_01\" \/>\n<meta name=\"twitter:card\" content=\"summary_large_image\" \/>\n<meta name=\"twitter:creator\" content=\"@ISMFRANCE\" \/>\n<meta name=\"twitter:site\" content=\"@ISMFRANCE\" \/>\n<meta name=\"twitter:label1\" content=\"\u00c9crit par\" \/>\n\t<meta name=\"twitter:data1\" content=\"mru_01\" \/>\n\t<meta name=\"twitter:label2\" content=\"Dur\u00e9e de lecture estim\u00e9e\" \/>\n\t<meta name=\"twitter:data2\" content=\"3 minutes\" \/>\n<script type=\"application\/ld+json\" class=\"yoast-schema-graph\">{\"@context\":\"https:\/\/schema.org\",\"@graph\":[{\"@type\":\"Article\",\"@id\":\"https:\/\/ismfrance.org\/index.php\/2023\/04\/10\/sources-al-mayadeen-riyad-va-annoncer-la-fin-de-la-guerre-contre-le-yemen\/#article\",\"isPartOf\":{\"@id\":\"https:\/\/ismfrance.org\/index.php\/2023\/04\/10\/sources-al-mayadeen-riyad-va-annoncer-la-fin-de-la-guerre-contre-le-yemen\/\"},\"author\":{\"name\":\"mru_01\",\"@id\":\"https:\/\/ismfrance.org\/#\/schema\/person\/3c411eb72adfaae19c0dca1f41fae01d\"},\"headline\":\"Sources Al Mayadeen : Riyad va annoncer la fin de la guerre contre le Y\u00e9men\",\"datePublished\":\"2023-04-10T08:31:59+00:00\",\"dateModified\":\"2023-04-11T14:06:36+00:00\",\"mainEntityOfPage\":{\"@id\":\"https:\/\/ismfrance.org\/index.php\/2023\/04\/10\/sources-al-mayadeen-riyad-va-annoncer-la-fin-de-la-guerre-contre-le-yemen\/\"},\"wordCount\":457,\"publisher\":{\"@id\":\"https:\/\/ismfrance.org\/#organization\"},\"image\":{\"@id\":\"https:\/\/ismfrance.org\/index.php\/2023\/04\/10\/sources-al-mayadeen-riyad-va-annoncer-la-fin-de-la-guerre-contre-le-yemen\/#primaryimage\"},\"thumbnailUrl\":\"https:\/\/ismfrance.org\/wp-content\/uploads\/2023\/04\/yemen.jpg\",\"keywords\":[\"G\u00e9opolitique\",\"Yemen\"],\"articleSection\":[\"Articles\",\"Communiqu\u00e9s\"],\"inLanguage\":\"fr-FR\"},{\"@type\":\"WebPage\",\"@id\":\"https:\/\/ismfrance.org\/index.php\/2023\/04\/10\/sources-al-mayadeen-riyad-va-annoncer-la-fin-de-la-guerre-contre-le-yemen\/\",\"url\":\"https:\/\/ismfrance.org\/index.php\/2023\/04\/10\/sources-al-mayadeen-riyad-va-annoncer-la-fin-de-la-guerre-contre-le-yemen\/\",\"name\":\"Sources Al Mayadeen : Riyad va annoncer la fin de la guerre contre le Y\u00e9men - International Solidarity Movement - ISM-France\",\"isPartOf\":{\"@id\":\"https:\/\/ismfrance.org\/#website\"},\"primaryImageOfPage\":{\"@id\":\"https:\/\/ismfrance.org\/index.php\/2023\/04\/10\/sources-al-mayadeen-riyad-va-annoncer-la-fin-de-la-guerre-contre-le-yemen\/#primaryimage\"},\"image\":{\"@id\":\"https:\/\/ismfrance.org\/index.php\/2023\/04\/10\/sources-al-mayadeen-riyad-va-annoncer-la-fin-de-la-guerre-contre-le-yemen\/#primaryimage\"},\"thumbnailUrl\":\"https:\/\/ismfrance.org\/wp-content\/uploads\/2023\/04\/yemen.jpg\",\"datePublished\":\"2023-04-10T08:31:59+00:00\",\"dateModified\":\"2023-04-11T14:06:36+00:00\",\"breadcrumb\":{\"@id\":\"https:\/\/ismfrance.org\/index.php\/2023\/04\/10\/sources-al-mayadeen-riyad-va-annoncer-la-fin-de-la-guerre-contre-le-yemen\/#breadcrumb\"},\"inLanguage\":\"fr-FR\",\"potentialAction\":[{\"@type\":\"ReadAction\",\"target\":[\"https:\/\/ismfrance.org\/index.php\/2023\/04\/10\/sources-al-mayadeen-riyad-va-annoncer-la-fin-de-la-guerre-contre-le-yemen\/\"]}]},{\"@type\":\"ImageObject\",\"inLanguage\":\"fr-FR\",\"@id\":\"https:\/\/ismfrance.org\/index.php\/2023\/04\/10\/sources-al-mayadeen-riyad-va-annoncer-la-fin-de-la-guerre-contre-le-yemen\/#primaryimage\",\"url\":\"https:\/\/ismfrance.org\/wp-content\/uploads\/2023\/04\/yemen.jpg\",\"contentUrl\":\"https:\/\/ismfrance.org\/wp-content\/uploads\/2023\/04\/yemen.jpg\",\"width\":1300,\"height\":975},{\"@type\":\"BreadcrumbList\",\"@id\":\"https:\/\/ismfrance.org\/index.php\/2023\/04\/10\/sources-al-mayadeen-riyad-va-annoncer-la-fin-de-la-guerre-contre-le-yemen\/#breadcrumb\",\"itemListElement\":[{\"@type\":\"ListItem\",\"position\":1,\"name\":\"Accueil\",\"item\":\"https:\/\/ismfrance.org\/\"},{\"@type\":\"ListItem\",\"position\":2,\"name\":\"Sources Al Mayadeen : Riyad va annoncer la fin de la guerre contre le Y\u00e9men\"}]},{\"@type\":\"WebSite\",\"@id\":\"https:\/\/ismfrance.org\/#website\",\"url\":\"https:\/\/ismfrance.org\/\",\"name\":\"ISM Palestine France\",\"description\":\"Soutien aux luttes de lib\u00e9ration du peuple palestinien\",\"publisher\":{\"@id\":\"https:\/\/ismfrance.org\/#organization\"},\"potentialAction\":[{\"@type\":\"SearchAction\",\"target\":{\"@type\":\"EntryPoint\",\"urlTemplate\":\"https:\/\/ismfrance.org\/?s={search_term_string}\"},\"query-input\":{\"@type\":\"PropertyValueSpecification\",\"valueRequired\":true,\"valueName\":\"search_term_string\"}}],\"inLanguage\":\"fr-FR\"},{\"@type\":\"Organization\",\"@id\":\"https:\/\/ismfrance.org\/#organization\",\"name\":\"International Solidarity Movement\",\"url\":\"https:\/\/ismfrance.org\/\",\"logo\":{\"@type\":\"ImageObject\",\"inLanguage\":\"fr-FR\",\"@id\":\"https:\/\/ismfrance.org\/#\/schema\/logo\/image\/\",\"url\":\"https:\/\/ismfrance.org\/wp-content\/uploads\/2020\/12\/00.png\",\"contentUrl\":\"https:\/\/ismfrance.org\/wp-content\/uploads\/2020\/12\/00.png\",\"width\":400,\"height\":400,\"caption\":\"International Solidarity Movement\"},\"image\":{\"@id\":\"https:\/\/ismfrance.org\/#\/schema\/logo\/image\/\"},\"sameAs\":[\"https:\/\/x.com\/ISMFRANCE\"]},{\"@type\":\"Person\",\"@id\":\"https:\/\/ismfrance.org\/#\/schema\/person\/3c411eb72adfaae19c0dca1f41fae01d\",\"name\":\"mru_01\",\"image\":{\"@type\":\"ImageObject\",\"inLanguage\":\"fr-FR\",\"@id\":\"https:\/\/secure.gravatar.com\/avatar\/3a0be343b445d2ccc79e87444a294fad2b232e90d2051d0e3cc219e1ecd6a330?s=96&d=mm&r=g\",\"url\":\"https:\/\/secure.gravatar.com\/avatar\/3a0be343b445d2ccc79e87444a294fad2b232e90d2051d0e3cc219e1ecd6a330?s=96&d=mm&r=g\",\"contentUrl\":\"https:\/\/secure.gravatar.com\/avatar\/3a0be343b445d2ccc79e87444a294fad2b232e90d2051d0e3cc219e1ecd6a330?s=96&d=mm&r=g\",\"caption\":\"mru_01\"},\"url\":\"https:\/\/ismfrance.org\/index.php\/author\/admin02\/\"}]}<\/script>\n<!-- \/ Yoast SEO plugin. -->","yoast_head_json":{"title":"Sources Al Mayadeen : Riyad va annoncer la fin de la guerre contre le Y\u00e9men - International Solidarity Movement - ISM-France","robots":{"index":"index","follow":"follow","max-snippet":"max-snippet:-1","max-image-preview":"max-image-preview:large","max-video-preview":"max-video-preview:-1"},"canonical":"https:\/\/ismfrance.org\/index.php\/2023\/04\/10\/sources-al-mayadeen-riyad-va-annoncer-la-fin-de-la-guerre-contre-le-yemen\/","og_locale":"fr_FR","og_type":"article","og_title":"Sources Al Mayadeen : Riyad va annoncer la fin de la guerre contre le Y\u00e9men - International Solidarity Movement - ISM-France","og_description":"Al-Mayadeen, 7 avril 2023. Des sources y\u00e9m\u00e9nites bien inform\u00e9es ont rapport\u00e9 vendredi que l&rsquo;Arabie saoudite avait convoqu\u00e9 le chef et les membres du Conseil pr\u00e9sidentiel y\u00e9m\u00e9nite, \u00e0 l&rsquo;occasion de l&rsquo;anniversaire Lire la suite &rarr;","og_url":"https:\/\/ismfrance.org\/index.php\/2023\/04\/10\/sources-al-mayadeen-riyad-va-annoncer-la-fin-de-la-guerre-contre-le-yemen\/","og_site_name":"International Solidarity Movement - ISM-France","article_published_time":"2023-04-10T08:31:59+00:00","article_modified_time":"2023-04-11T14:06:36+00:00","og_image":[{"width":1300,"height":975,"url":"https:\/\/ismfrance.org\/wp-content\/uploads\/2023\/04\/yemen.jpg","type":"image\/jpeg"}],"author":"mru_01","twitter_card":"summary_large_image","twitter_creator":"@ISMFRANCE","twitter_site":"@ISMFRANCE","twitter_misc":{"\u00c9crit par":"mru_01","Dur\u00e9e de lecture estim\u00e9e":"3 minutes"},"schema":{"@context":"https:\/\/schema.org","@graph":[{"@type":"Article","@id":"https:\/\/ismfrance.org\/index.php\/2023\/04\/10\/sources-al-mayadeen-riyad-va-annoncer-la-fin-de-la-guerre-contre-le-yemen\/#article","isPartOf":{"@id":"https:\/\/ismfrance.org\/index.php\/2023\/04\/10\/sources-al-mayadeen-riyad-va-annoncer-la-fin-de-la-guerre-contre-le-yemen\/"},"author":{"name":"mru_01","@id":"https:\/\/ismfrance.org\/#\/schema\/person\/3c411eb72adfaae19c0dca1f41fae01d"},"headline":"Sources Al Mayadeen : Riyad va annoncer la fin de la guerre contre le Y\u00e9men","datePublished":"2023-04-10T08:31:59+00:00","dateModified":"2023-04-11T14:06:36+00:00","mainEntityOfPage":{"@id":"https:\/\/ismfrance.org\/index.php\/2023\/04\/10\/sources-al-mayadeen-riyad-va-annoncer-la-fin-de-la-guerre-contre-le-yemen\/"},"wordCount":457,"publisher":{"@id":"https:\/\/ismfrance.org\/#organization"},"image":{"@id":"https:\/\/ismfrance.org\/index.php\/2023\/04\/10\/sources-al-mayadeen-riyad-va-annoncer-la-fin-de-la-guerre-contre-le-yemen\/#primaryimage"},"thumbnailUrl":"https:\/\/ismfrance.org\/wp-content\/uploads\/2023\/04\/yemen.jpg","keywords":["G\u00e9opolitique","Yemen"],"articleSection":["Articles","Communiqu\u00e9s"],"inLanguage":"fr-FR"},{"@type":"WebPage","@id":"https:\/\/ismfrance.org\/index.php\/2023\/04\/10\/sources-al-mayadeen-riyad-va-annoncer-la-fin-de-la-guerre-contre-le-yemen\/","url":"https:\/\/ismfrance.org\/index.php\/2023\/04\/10\/sources-al-mayadeen-riyad-va-annoncer-la-fin-de-la-guerre-contre-le-yemen\/","name":"Sources Al Mayadeen : Riyad va annoncer la fin de la guerre contre le Y\u00e9men - International Solidarity Movement - ISM-France","isPartOf":{"@id":"https:\/\/ismfrance.org\/#website"},"primaryImageOfPage":{"@id":"https:\/\/ismfrance.org\/index.php\/2023\/04\/10\/sources-al-mayadeen-riyad-va-annoncer-la-fin-de-la-guerre-contre-le-yemen\/#primaryimage"},"image":{"@id":"https:\/\/ismfrance.org\/index.php\/2023\/04\/10\/sources-al-mayadeen-riyad-va-annoncer-la-fin-de-la-guerre-contre-le-yemen\/#primaryimage"},"thumbnailUrl":"https:\/\/ismfrance.org\/wp-content\/uploads\/2023\/04\/yemen.jpg","datePublished":"2023-04-10T08:31:59+00:00","dateModified":"2023-04-11T14:06:36+00:00","breadcrumb":{"@id":"https:\/\/ismfrance.org\/index.php\/2023\/04\/10\/sources-al-mayadeen-riyad-va-annoncer-la-fin-de-la-guerre-contre-le-yemen\/#breadcrumb"},"inLanguage":"fr-FR","potentialAction":[{"@type":"ReadAction","target":["https:\/\/ismfrance.org\/index.php\/2023\/04\/10\/sources-al-mayadeen-riyad-va-annoncer-la-fin-de-la-guerre-contre-le-yemen\/"]}]},{"@type":"ImageObject","inLanguage":"fr-FR","@id":"https:\/\/ismfrance.org\/index.php\/2023\/04\/10\/sources-al-mayadeen-riyad-va-annoncer-la-fin-de-la-guerre-contre-le-yemen\/#primaryimage","url":"https:\/\/ismfrance.org\/wp-content\/uploads\/2023\/04\/yemen.jpg","contentUrl":"https:\/\/ismfrance.org\/wp-content\/uploads\/2023\/04\/yemen.jpg","width":1300,"height":975},{"@type":"BreadcrumbList","@id":"https:\/\/ismfrance.org\/index.php\/2023\/04\/10\/sources-al-mayadeen-riyad-va-annoncer-la-fin-de-la-guerre-contre-le-yemen\/#breadcrumb","itemListElement":[{"@type":"ListItem","position":1,"name":"Accueil","item":"https:\/\/ismfrance.org\/"},{"@type":"ListItem","position":2,"name":"Sources Al Mayadeen : Riyad va annoncer la fin de la guerre contre le Y\u00e9men"}]},{"@type":"WebSite","@id":"https:\/\/ismfrance.org\/#website","url":"https:\/\/ismfrance.org\/","name":"ISM Palestine France","description":"Soutien aux luttes de lib\u00e9ration du peuple palestinien","publisher":{"@id":"https:\/\/ismfrance.org\/#organization"},"potentialAction":[{"@type":"SearchAction","target":{"@type":"EntryPoint","urlTemplate":"https:\/\/ismfrance.org\/?s={search_term_string}"},"query-input":{"@type":"PropertyValueSpecification","valueRequired":true,"valueName":"search_term_string"}}],"inLanguage":"fr-FR"},{"@type":"Organization","@id":"https:\/\/ismfrance.org\/#organization","name":"International Solidarity Movement","url":"https:\/\/ismfrance.org\/","logo":{"@type":"ImageObject","inLanguage":"fr-FR","@id":"https:\/\/ismfrance.org\/#\/schema\/logo\/image\/","url":"https:\/\/ismfrance.org\/wp-content\/uploads\/2020\/12\/00.png","contentUrl":"https:\/\/ismfrance.org\/wp-content\/uploads\/2020\/12\/00.png","width":400,"height":400,"caption":"International Solidarity Movement"},"image":{"@id":"https:\/\/ismfrance.org\/#\/schema\/logo\/image\/"},"sameAs":["https:\/\/x.com\/ISMFRANCE"]},{"@type":"Person","@id":"https:\/\/ismfrance.org\/#\/schema\/person\/3c411eb72adfaae19c0dca1f41fae01d","name":"mru_01","image":{"@type":"ImageObject","inLanguage":"fr-FR","@id":"https:\/\/secure.gravatar.com\/avatar\/3a0be343b445d2ccc79e87444a294fad2b232e90d2051d0e3cc219e1ecd6a330?s=96&d=mm&r=g","url":"https:\/\/secure.gravatar.com\/avatar\/3a0be343b445d2ccc79e87444a294fad2b232e90d2051d0e3cc219e1ecd6a330?s=96&d=mm&r=g","contentUrl":"https:\/\/secure.gravatar.com\/avatar\/3a0be343b445d2ccc79e87444a294fad2b232e90d2051d0e3cc219e1ecd6a330?s=96&d=mm&r=g","caption":"mru_01"},"url":"https:\/\/ismfrance.org\/index.php\/author\/admin02\/"}]}},"_links":{"self":[{"href":"https:\/\/ismfrance.org\/index.php\/wp-json\/wp\/v2\/posts\/5252","targetHints":{"allow":["GET"]}}],"collection":[{"href":"https:\/\/ismfrance.org\/index.php\/wp-json\/wp\/v2\/posts"}],"about":[{"href":"https:\/\/ismfrance.org\/index.php\/wp-json\/wp\/v2\/types\/post"}],"author":[{"embeddable":true,"href":"https:\/\/ismfrance.org\/index.php\/wp-json\/wp\/v2\/users\/3"}],"replies":[{"embeddable":true,"href":"https:\/\/ismfrance.org\/index.php\/wp-json\/wp\/v2\/comments?post=5252"}],"version-history":[{"count":0,"href":"https:\/\/ismfrance.org\/index.php\/wp-json\/wp\/v2\/posts\/5252\/revisions"}],"wp:featuredmedia":[{"embeddable":true,"href":"https:\/\/ismfrance.org\/index.php\/wp-json\/wp\/v2\/media\/5253"}],"wp:attachment":[{"href":"https:\/\/ismfrance.org\/index.php\/wp-json\/wp\/v2\/media?parent=5252"}],"wp:term":[{"taxonomy":"category","embeddable":true,"href":"https:\/\/ismfrance.org\/index.php\/wp-json\/wp\/v2\/categories?post=5252"},{"taxonomy":"post_tag","embeddable":true,"href":"https:\/\/ismfrance.org\/index.php\/wp-json\/wp\/v2\/tags?post=5252"}],"curies":[{"name":"wp","href":"https:\/\/api.w.org\/{rel}","templated":true}]}}