{"id":5120,"date":"2023-03-23T14:40:40","date_gmt":"2023-03-23T13:40:40","guid":{"rendered":"https:\/\/ismfrance.org\/?p=5120"},"modified":"2023-03-23T14:40:40","modified_gmt":"2023-03-23T13:40:40","slug":"israel-accelere-la-construction-dune-colonie-separant-jerusalem-de-bethleem","status":"publish","type":"post","link":"https:\/\/ismfrance.org\/index.php\/2023\/03\/23\/israel-accelere-la-construction-dune-colonie-separant-jerusalem-de-bethleem\/","title":{"rendered":"Isra\u00ebl acc\u00e9l\u00e8re la construction d&rsquo;une colonie s\u00e9parant J\u00e9rusalem de Bethl\u00e9em"},"content":{"rendered":"<p><strong>MEMO, 23 mars 2023.<\/strong> La municipalit\u00e9 isra\u00e9lienne de la ville de J\u00e9rusalem acc\u00e9l\u00e8re la construction d&rsquo;un quartier de colonies dans le sud de la ville, dont de grandes parties sont situ\u00e9es derri\u00e8re la Ligne verte, emp\u00eachant la contigu\u00eft\u00e9 g\u00e9ographique entre J\u00e9rusalem-Est occup\u00e9e et Bethl\u00e9em en Cisjordanie.<\/p>\n<p><a href=\"https:\/\/ismfrance.org\/wp-content\/uploads\/2023\/03\/nouvelle-colonie.png\"><img loading=\"lazy\" decoding=\"async\" class=\"alignnone size-large wp-image-5123\" src=\"https:\/\/ismfrance.org\/wp-content\/uploads\/2023\/03\/nouvelle-colonie-700x555.png\" alt=\"\" width=\"600\" height=\"476\" srcset=\"https:\/\/ismfrance.org\/wp-content\/uploads\/2023\/03\/nouvelle-colonie-700x555.png 700w, https:\/\/ismfrance.org\/wp-content\/uploads\/2023\/03\/nouvelle-colonie-300x238.png 300w, https:\/\/ismfrance.org\/wp-content\/uploads\/2023\/03\/nouvelle-colonie-768x609.png 768w, https:\/\/ismfrance.org\/wp-content\/uploads\/2023\/03\/nouvelle-colonie.png 1291w\" sizes=\"auto, (max-width: 600px) 100vw, 600px\" \/><\/a><\/p>\n<p>Selon l&rsquo;<em>Israeli Public Broadcasting Corporation Kan 11<\/em>, la municipalit\u00e9 d&rsquo;occupation acc\u00e9l\u00e8re la construction d&rsquo;un nouveau quartier de colonies, notant que c&rsquo; \u00ab\u00a0est d&rsquo;une grande importance politique, car cela s&rsquo;oppose \u00e0 la contigu\u00eft\u00e9 [g\u00e9ographique] entre J\u00e9rusalem-Est et Bethl\u00e9em, et emp\u00eache en fait contigu\u00eft\u00e9 d&rsquo;un futur \u00c9tat palestinien \u00bb.<\/p>\n<p>Le rapport note \u00e9galement que le nouveau quartier de peuplement comprendra plus de 1.200 logements. Il reliera la colonie ill\u00e9gale de <strong>HaMatos pr\u00e8s de Beit Safafa<\/strong> \u00e0 <strong>Har Homa<\/strong> \u00e0 Jabal Abu Ghneim.<\/p>\n<p>Selon les statistiques du mouvement Peace Now, il y a environ 666.000 colons ill\u00e9gaux vivant dans 145 colonies ill\u00e9gales et 140 avant-postes ill\u00e9gaux en Cisjordanie occup\u00e9e et \u00e0 J\u00e9rusalem-Est occup\u00e9e.<\/p>\n<pre>Article original en anglais sur <a href=\"https:\/\/www.middleeastmonitor.com\/20230323-israel-speeding-up-construction-of-settlement-separating-jerusalem-from-bethlehem\/\">Middle East Monitor<\/a> \/ Traduction MR<\/pre>\n","protected":false},"excerpt":{"rendered":"<p>MEMO, 23 mars 2023. La municipalit\u00e9 isra\u00e9lienne de la ville de J\u00e9rusalem acc\u00e9l\u00e8re la construction d&rsquo;un quartier de colonies dans le sud de la ville, dont de grandes parties sont <a class=\"more-link\" href=\"https:\/\/ismfrance.org\/index.php\/2023\/03\/23\/israel-accelere-la-construction-dune-colonie-separant-jerusalem-de-bethleem\/\">Lire la suite &rarr;<\/a><\/p>\n","protected":false},"author":3,"featured_media":5123,"comment_status":"closed","ping_status":"closed","sticky":false,"template":"","format":"standard","meta":{"footnotes":""},"categories":[2,14],"tags":[188],"class_list":["post-5120","post","type-post","status-publish","format-standard","has-post-thumbnail","hentry","category-articles","category-communiques","tag-colonies"],"yoast_head":"<!-- This site is optimized with the Yoast SEO plugin v27.2 - https:\/\/yoast.com\/product\/yoast-seo-wordpress\/ -->\n<title>Isra\u00ebl acc\u00e9l\u00e8re la construction d&#039;une colonie s\u00e9parant J\u00e9rusalem de Bethl\u00e9em - International Solidarity Movement - ISM-France<\/title>\n<meta name=\"robots\" content=\"index, follow, max-snippet:-1, max-image-preview:large, max-video-preview:-1\" \/>\n<link rel=\"canonical\" href=\"https:\/\/ismfrance.org\/index.php\/2023\/03\/23\/israel-accelere-la-construction-dune-colonie-separant-jerusalem-de-bethleem\/\" \/>\n<meta property=\"og:locale\" content=\"fr_FR\" \/>\n<meta property=\"og:type\" content=\"article\" \/>\n<meta property=\"og:title\" content=\"Isra\u00ebl acc\u00e9l\u00e8re la construction d&#039;une colonie s\u00e9parant J\u00e9rusalem de Bethl\u00e9em - International Solidarity Movement - ISM-France\" \/>\n<meta property=\"og:description\" content=\"MEMO, 23 mars 2023. La municipalit\u00e9 isra\u00e9lienne de la ville de J\u00e9rusalem acc\u00e9l\u00e8re la construction d&rsquo;un quartier de colonies dans le sud de la ville, dont de grandes parties sont Lire la suite &rarr;\" \/>\n<meta property=\"og:url\" content=\"https:\/\/ismfrance.org\/index.php\/2023\/03\/23\/israel-accelere-la-construction-dune-colonie-separant-jerusalem-de-bethleem\/\" \/>\n<meta property=\"og:site_name\" content=\"International Solidarity Movement - ISM-France\" \/>\n<meta property=\"article:published_time\" content=\"2023-03-23T13:40:40+00:00\" \/>\n<meta property=\"og:image\" content=\"https:\/\/ismfrance.org\/wp-content\/uploads\/2023\/03\/nouvelle-colonie.png\" \/>\n\t<meta property=\"og:image:width\" content=\"1291\" \/>\n\t<meta property=\"og:image:height\" content=\"1023\" \/>\n\t<meta property=\"og:image:type\" content=\"image\/png\" \/>\n<meta name=\"author\" content=\"mru_01\" \/>\n<meta name=\"twitter:card\" content=\"summary_large_image\" \/>\n<meta name=\"twitter:creator\" content=\"@ISMFRANCE\" \/>\n<meta name=\"twitter:site\" content=\"@ISMFRANCE\" \/>\n<meta name=\"twitter:label1\" content=\"\u00c9crit par\" \/>\n\t<meta name=\"twitter:data1\" content=\"mru_01\" \/>\n\t<meta name=\"twitter:label2\" content=\"Dur\u00e9e de lecture estim\u00e9e\" \/>\n\t<meta name=\"twitter:data2\" content=\"2 minutes\" \/>\n<script type=\"application\/ld+json\" class=\"yoast-schema-graph\">{\"@context\":\"https:\/\/schema.org\",\"@graph\":[{\"@type\":\"Article\",\"@id\":\"https:\/\/ismfrance.org\/index.php\/2023\/03\/23\/israel-accelere-la-construction-dune-colonie-separant-jerusalem-de-bethleem\/#article\",\"isPartOf\":{\"@id\":\"https:\/\/ismfrance.org\/index.php\/2023\/03\/23\/israel-accelere-la-construction-dune-colonie-separant-jerusalem-de-bethleem\/\"},\"author\":{\"name\":\"mru_01\",\"@id\":\"https:\/\/ismfrance.org\/#\/schema\/person\/3c411eb72adfaae19c0dca1f41fae01d\"},\"headline\":\"Isra\u00ebl acc\u00e9l\u00e8re la construction d&rsquo;une colonie s\u00e9parant J\u00e9rusalem de Bethl\u00e9em\",\"datePublished\":\"2023-03-23T13:40:40+00:00\",\"mainEntityOfPage\":{\"@id\":\"https:\/\/ismfrance.org\/index.php\/2023\/03\/23\/israel-accelere-la-construction-dune-colonie-separant-jerusalem-de-bethleem\/\"},\"wordCount\":196,\"publisher\":{\"@id\":\"https:\/\/ismfrance.org\/#organization\"},\"image\":{\"@id\":\"https:\/\/ismfrance.org\/index.php\/2023\/03\/23\/israel-accelere-la-construction-dune-colonie-separant-jerusalem-de-bethleem\/#primaryimage\"},\"thumbnailUrl\":\"https:\/\/ismfrance.org\/wp-content\/uploads\/2023\/03\/nouvelle-colonie.png\",\"keywords\":[\"Colonies\"],\"articleSection\":[\"Articles\",\"Communiqu\u00e9s\"],\"inLanguage\":\"fr-FR\"},{\"@type\":\"WebPage\",\"@id\":\"https:\/\/ismfrance.org\/index.php\/2023\/03\/23\/israel-accelere-la-construction-dune-colonie-separant-jerusalem-de-bethleem\/\",\"url\":\"https:\/\/ismfrance.org\/index.php\/2023\/03\/23\/israel-accelere-la-construction-dune-colonie-separant-jerusalem-de-bethleem\/\",\"name\":\"Isra\u00ebl acc\u00e9l\u00e8re la construction d'une colonie s\u00e9parant J\u00e9rusalem de Bethl\u00e9em - International Solidarity Movement - ISM-France\",\"isPartOf\":{\"@id\":\"https:\/\/ismfrance.org\/#website\"},\"primaryImageOfPage\":{\"@id\":\"https:\/\/ismfrance.org\/index.php\/2023\/03\/23\/israel-accelere-la-construction-dune-colonie-separant-jerusalem-de-bethleem\/#primaryimage\"},\"image\":{\"@id\":\"https:\/\/ismfrance.org\/index.php\/2023\/03\/23\/israel-accelere-la-construction-dune-colonie-separant-jerusalem-de-bethleem\/#primaryimage\"},\"thumbnailUrl\":\"https:\/\/ismfrance.org\/wp-content\/uploads\/2023\/03\/nouvelle-colonie.png\",\"datePublished\":\"2023-03-23T13:40:40+00:00\",\"breadcrumb\":{\"@id\":\"https:\/\/ismfrance.org\/index.php\/2023\/03\/23\/israel-accelere-la-construction-dune-colonie-separant-jerusalem-de-bethleem\/#breadcrumb\"},\"inLanguage\":\"fr-FR\",\"potentialAction\":[{\"@type\":\"ReadAction\",\"target\":[\"https:\/\/ismfrance.org\/index.php\/2023\/03\/23\/israel-accelere-la-construction-dune-colonie-separant-jerusalem-de-bethleem\/\"]}]},{\"@type\":\"ImageObject\",\"inLanguage\":\"fr-FR\",\"@id\":\"https:\/\/ismfrance.org\/index.php\/2023\/03\/23\/israel-accelere-la-construction-dune-colonie-separant-jerusalem-de-bethleem\/#primaryimage\",\"url\":\"https:\/\/ismfrance.org\/wp-content\/uploads\/2023\/03\/nouvelle-colonie.png\",\"contentUrl\":\"https:\/\/ismfrance.org\/wp-content\/uploads\/2023\/03\/nouvelle-colonie.png\",\"width\":1291,\"height\":1023},{\"@type\":\"BreadcrumbList\",\"@id\":\"https:\/\/ismfrance.org\/index.php\/2023\/03\/23\/israel-accelere-la-construction-dune-colonie-separant-jerusalem-de-bethleem\/#breadcrumb\",\"itemListElement\":[{\"@type\":\"ListItem\",\"position\":1,\"name\":\"Accueil\",\"item\":\"https:\/\/ismfrance.org\/\"},{\"@type\":\"ListItem\",\"position\":2,\"name\":\"Isra\u00ebl acc\u00e9l\u00e8re la construction d&#8217;une colonie s\u00e9parant J\u00e9rusalem de Bethl\u00e9em\"}]},{\"@type\":\"WebSite\",\"@id\":\"https:\/\/ismfrance.org\/#website\",\"url\":\"https:\/\/ismfrance.org\/\",\"name\":\"ISM Palestine France\",\"description\":\"Soutien aux luttes de lib\u00e9ration du peuple palestinien\",\"publisher\":{\"@id\":\"https:\/\/ismfrance.org\/#organization\"},\"potentialAction\":[{\"@type\":\"SearchAction\",\"target\":{\"@type\":\"EntryPoint\",\"urlTemplate\":\"https:\/\/ismfrance.org\/?s={search_term_string}\"},\"query-input\":{\"@type\":\"PropertyValueSpecification\",\"valueRequired\":true,\"valueName\":\"search_term_string\"}}],\"inLanguage\":\"fr-FR\"},{\"@type\":\"Organization\",\"@id\":\"https:\/\/ismfrance.org\/#organization\",\"name\":\"International Solidarity Movement\",\"url\":\"https:\/\/ismfrance.org\/\",\"logo\":{\"@type\":\"ImageObject\",\"inLanguage\":\"fr-FR\",\"@id\":\"https:\/\/ismfrance.org\/#\/schema\/logo\/image\/\",\"url\":\"https:\/\/ismfrance.org\/wp-content\/uploads\/2020\/12\/00.png\",\"contentUrl\":\"https:\/\/ismfrance.org\/wp-content\/uploads\/2020\/12\/00.png\",\"width\":400,\"height\":400,\"caption\":\"International Solidarity Movement\"},\"image\":{\"@id\":\"https:\/\/ismfrance.org\/#\/schema\/logo\/image\/\"},\"sameAs\":[\"https:\/\/x.com\/ISMFRANCE\"]},{\"@type\":\"Person\",\"@id\":\"https:\/\/ismfrance.org\/#\/schema\/person\/3c411eb72adfaae19c0dca1f41fae01d\",\"name\":\"mru_01\",\"image\":{\"@type\":\"ImageObject\",\"inLanguage\":\"fr-FR\",\"@id\":\"https:\/\/secure.gravatar.com\/avatar\/3a0be343b445d2ccc79e87444a294fad2b232e90d2051d0e3cc219e1ecd6a330?s=96&d=mm&r=g\",\"url\":\"https:\/\/secure.gravatar.com\/avatar\/3a0be343b445d2ccc79e87444a294fad2b232e90d2051d0e3cc219e1ecd6a330?s=96&d=mm&r=g\",\"contentUrl\":\"https:\/\/secure.gravatar.com\/avatar\/3a0be343b445d2ccc79e87444a294fad2b232e90d2051d0e3cc219e1ecd6a330?s=96&d=mm&r=g\",\"caption\":\"mru_01\"},\"url\":\"https:\/\/ismfrance.org\/index.php\/author\/admin02\/\"}]}<\/script>\n<!-- \/ Yoast SEO plugin. -->","yoast_head_json":{"title":"Isra\u00ebl acc\u00e9l\u00e8re la construction d'une colonie s\u00e9parant J\u00e9rusalem de Bethl\u00e9em - International Solidarity Movement - ISM-France","robots":{"index":"index","follow":"follow","max-snippet":"max-snippet:-1","max-image-preview":"max-image-preview:large","max-video-preview":"max-video-preview:-1"},"canonical":"https:\/\/ismfrance.org\/index.php\/2023\/03\/23\/israel-accelere-la-construction-dune-colonie-separant-jerusalem-de-bethleem\/","og_locale":"fr_FR","og_type":"article","og_title":"Isra\u00ebl acc\u00e9l\u00e8re la construction d'une colonie s\u00e9parant J\u00e9rusalem de Bethl\u00e9em - International Solidarity Movement - ISM-France","og_description":"MEMO, 23 mars 2023. La municipalit\u00e9 isra\u00e9lienne de la ville de J\u00e9rusalem acc\u00e9l\u00e8re la construction d&rsquo;un quartier de colonies dans le sud de la ville, dont de grandes parties sont Lire la suite &rarr;","og_url":"https:\/\/ismfrance.org\/index.php\/2023\/03\/23\/israel-accelere-la-construction-dune-colonie-separant-jerusalem-de-bethleem\/","og_site_name":"International Solidarity Movement - ISM-France","article_published_time":"2023-03-23T13:40:40+00:00","og_image":[{"width":1291,"height":1023,"url":"https:\/\/ismfrance.org\/wp-content\/uploads\/2023\/03\/nouvelle-colonie.png","type":"image\/png"}],"author":"mru_01","twitter_card":"summary_large_image","twitter_creator":"@ISMFRANCE","twitter_site":"@ISMFRANCE","twitter_misc":{"\u00c9crit par":"mru_01","Dur\u00e9e de lecture estim\u00e9e":"2 minutes"},"schema":{"@context":"https:\/\/schema.org","@graph":[{"@type":"Article","@id":"https:\/\/ismfrance.org\/index.php\/2023\/03\/23\/israel-accelere-la-construction-dune-colonie-separant-jerusalem-de-bethleem\/#article","isPartOf":{"@id":"https:\/\/ismfrance.org\/index.php\/2023\/03\/23\/israel-accelere-la-construction-dune-colonie-separant-jerusalem-de-bethleem\/"},"author":{"name":"mru_01","@id":"https:\/\/ismfrance.org\/#\/schema\/person\/3c411eb72adfaae19c0dca1f41fae01d"},"headline":"Isra\u00ebl acc\u00e9l\u00e8re la construction d&rsquo;une colonie s\u00e9parant J\u00e9rusalem de Bethl\u00e9em","datePublished":"2023-03-23T13:40:40+00:00","mainEntityOfPage":{"@id":"https:\/\/ismfrance.org\/index.php\/2023\/03\/23\/israel-accelere-la-construction-dune-colonie-separant-jerusalem-de-bethleem\/"},"wordCount":196,"publisher":{"@id":"https:\/\/ismfrance.org\/#organization"},"image":{"@id":"https:\/\/ismfrance.org\/index.php\/2023\/03\/23\/israel-accelere-la-construction-dune-colonie-separant-jerusalem-de-bethleem\/#primaryimage"},"thumbnailUrl":"https:\/\/ismfrance.org\/wp-content\/uploads\/2023\/03\/nouvelle-colonie.png","keywords":["Colonies"],"articleSection":["Articles","Communiqu\u00e9s"],"inLanguage":"fr-FR"},{"@type":"WebPage","@id":"https:\/\/ismfrance.org\/index.php\/2023\/03\/23\/israel-accelere-la-construction-dune-colonie-separant-jerusalem-de-bethleem\/","url":"https:\/\/ismfrance.org\/index.php\/2023\/03\/23\/israel-accelere-la-construction-dune-colonie-separant-jerusalem-de-bethleem\/","name":"Isra\u00ebl acc\u00e9l\u00e8re la construction d'une colonie s\u00e9parant J\u00e9rusalem de Bethl\u00e9em - International Solidarity Movement - ISM-France","isPartOf":{"@id":"https:\/\/ismfrance.org\/#website"},"primaryImageOfPage":{"@id":"https:\/\/ismfrance.org\/index.php\/2023\/03\/23\/israel-accelere-la-construction-dune-colonie-separant-jerusalem-de-bethleem\/#primaryimage"},"image":{"@id":"https:\/\/ismfrance.org\/index.php\/2023\/03\/23\/israel-accelere-la-construction-dune-colonie-separant-jerusalem-de-bethleem\/#primaryimage"},"thumbnailUrl":"https:\/\/ismfrance.org\/wp-content\/uploads\/2023\/03\/nouvelle-colonie.png","datePublished":"2023-03-23T13:40:40+00:00","breadcrumb":{"@id":"https:\/\/ismfrance.org\/index.php\/2023\/03\/23\/israel-accelere-la-construction-dune-colonie-separant-jerusalem-de-bethleem\/#breadcrumb"},"inLanguage":"fr-FR","potentialAction":[{"@type":"ReadAction","target":["https:\/\/ismfrance.org\/index.php\/2023\/03\/23\/israel-accelere-la-construction-dune-colonie-separant-jerusalem-de-bethleem\/"]}]},{"@type":"ImageObject","inLanguage":"fr-FR","@id":"https:\/\/ismfrance.org\/index.php\/2023\/03\/23\/israel-accelere-la-construction-dune-colonie-separant-jerusalem-de-bethleem\/#primaryimage","url":"https:\/\/ismfrance.org\/wp-content\/uploads\/2023\/03\/nouvelle-colonie.png","contentUrl":"https:\/\/ismfrance.org\/wp-content\/uploads\/2023\/03\/nouvelle-colonie.png","width":1291,"height":1023},{"@type":"BreadcrumbList","@id":"https:\/\/ismfrance.org\/index.php\/2023\/03\/23\/israel-accelere-la-construction-dune-colonie-separant-jerusalem-de-bethleem\/#breadcrumb","itemListElement":[{"@type":"ListItem","position":1,"name":"Accueil","item":"https:\/\/ismfrance.org\/"},{"@type":"ListItem","position":2,"name":"Isra\u00ebl acc\u00e9l\u00e8re la construction d&#8217;une colonie s\u00e9parant J\u00e9rusalem de Bethl\u00e9em"}]},{"@type":"WebSite","@id":"https:\/\/ismfrance.org\/#website","url":"https:\/\/ismfrance.org\/","name":"ISM Palestine France","description":"Soutien aux luttes de lib\u00e9ration du peuple palestinien","publisher":{"@id":"https:\/\/ismfrance.org\/#organization"},"potentialAction":[{"@type":"SearchAction","target":{"@type":"EntryPoint","urlTemplate":"https:\/\/ismfrance.org\/?s={search_term_string}"},"query-input":{"@type":"PropertyValueSpecification","valueRequired":true,"valueName":"search_term_string"}}],"inLanguage":"fr-FR"},{"@type":"Organization","@id":"https:\/\/ismfrance.org\/#organization","name":"International Solidarity Movement","url":"https:\/\/ismfrance.org\/","logo":{"@type":"ImageObject","inLanguage":"fr-FR","@id":"https:\/\/ismfrance.org\/#\/schema\/logo\/image\/","url":"https:\/\/ismfrance.org\/wp-content\/uploads\/2020\/12\/00.png","contentUrl":"https:\/\/ismfrance.org\/wp-content\/uploads\/2020\/12\/00.png","width":400,"height":400,"caption":"International Solidarity Movement"},"image":{"@id":"https:\/\/ismfrance.org\/#\/schema\/logo\/image\/"},"sameAs":["https:\/\/x.com\/ISMFRANCE"]},{"@type":"Person","@id":"https:\/\/ismfrance.org\/#\/schema\/person\/3c411eb72adfaae19c0dca1f41fae01d","name":"mru_01","image":{"@type":"ImageObject","inLanguage":"fr-FR","@id":"https:\/\/secure.gravatar.com\/avatar\/3a0be343b445d2ccc79e87444a294fad2b232e90d2051d0e3cc219e1ecd6a330?s=96&d=mm&r=g","url":"https:\/\/secure.gravatar.com\/avatar\/3a0be343b445d2ccc79e87444a294fad2b232e90d2051d0e3cc219e1ecd6a330?s=96&d=mm&r=g","contentUrl":"https:\/\/secure.gravatar.com\/avatar\/3a0be343b445d2ccc79e87444a294fad2b232e90d2051d0e3cc219e1ecd6a330?s=96&d=mm&r=g","caption":"mru_01"},"url":"https:\/\/ismfrance.org\/index.php\/author\/admin02\/"}]}},"_links":{"self":[{"href":"https:\/\/ismfrance.org\/index.php\/wp-json\/wp\/v2\/posts\/5120","targetHints":{"allow":["GET"]}}],"collection":[{"href":"https:\/\/ismfrance.org\/index.php\/wp-json\/wp\/v2\/posts"}],"about":[{"href":"https:\/\/ismfrance.org\/index.php\/wp-json\/wp\/v2\/types\/post"}],"author":[{"embeddable":true,"href":"https:\/\/ismfrance.org\/index.php\/wp-json\/wp\/v2\/users\/3"}],"replies":[{"embeddable":true,"href":"https:\/\/ismfrance.org\/index.php\/wp-json\/wp\/v2\/comments?post=5120"}],"version-history":[{"count":0,"href":"https:\/\/ismfrance.org\/index.php\/wp-json\/wp\/v2\/posts\/5120\/revisions"}],"wp:featuredmedia":[{"embeddable":true,"href":"https:\/\/ismfrance.org\/index.php\/wp-json\/wp\/v2\/media\/5123"}],"wp:attachment":[{"href":"https:\/\/ismfrance.org\/index.php\/wp-json\/wp\/v2\/media?parent=5120"}],"wp:term":[{"taxonomy":"category","embeddable":true,"href":"https:\/\/ismfrance.org\/index.php\/wp-json\/wp\/v2\/categories?post=5120"},{"taxonomy":"post_tag","embeddable":true,"href":"https:\/\/ismfrance.org\/index.php\/wp-json\/wp\/v2\/tags?post=5120"}],"curies":[{"name":"wp","href":"https:\/\/api.w.org\/{rel}","templated":true}]}}