{"id":5115,"date":"2023-03-23T14:27:08","date_gmt":"2023-03-23T13:27:08","guid":{"rendered":"https:\/\/ismfrance.org\/?p=5115"},"modified":"2023-03-23T14:27:08","modified_gmt":"2023-03-23T13:27:08","slug":"israel-adopte-une-loi-accordant-a-netanyahu-limmunite-dun-proces-penal","status":"publish","type":"post","link":"https:\/\/ismfrance.org\/index.php\/2023\/03\/23\/israel-adopte-une-loi-accordant-a-netanyahu-limmunite-dun-proces-penal\/","title":{"rendered":"Isra\u00ebl adopte une loi accordant \u00e0 Netanyahu l&rsquo;immunit\u00e9 d&rsquo;un proc\u00e8s p\u00e9nal"},"content":{"rendered":"<p><div id=\"attachment_5118\" style=\"width: 522px\" class=\"wp-caption alignnone\"><a href=\"https:\/\/ismfrance.org\/wp-content\/uploads\/2023\/03\/caricature-Sabaaneh.webp\"><img loading=\"lazy\" decoding=\"async\" aria-describedby=\"caption-attachment-5118\" class=\" wp-image-5118\" src=\"https:\/\/ismfrance.org\/wp-content\/uploads\/2023\/03\/caricature-Sabaaneh-700x435.webp\" alt=\"\" width=\"512\" height=\"318\" srcset=\"https:\/\/ismfrance.org\/wp-content\/uploads\/2023\/03\/caricature-Sabaaneh-700x435.webp 700w, https:\/\/ismfrance.org\/wp-content\/uploads\/2023\/03\/caricature-Sabaaneh-300x186.webp 300w, https:\/\/ismfrance.org\/wp-content\/uploads\/2023\/03\/caricature-Sabaaneh-768x477.webp 768w, https:\/\/ismfrance.org\/wp-content\/uploads\/2023\/03\/caricature-Sabaaneh.webp 1200w\" sizes=\"auto, (max-width: 512px) 100vw, 512px\" \/><\/a><p id=\"caption-attachment-5118\" class=\"wp-caption-text\">Le scandale de corruption de Netanyahu \u2013 Caricature [Sabaaneh\/MiddleEastMonitor]<\/p><\/div><strong>MEMO, 23 mars 2023.<\/strong> Le parlement isra\u00e9lien, la Knesset, a approuv\u00e9 une loi qui accordera au Premier ministre Benjamin Netanyahu l&rsquo;immunit\u00e9 contre les poursuites p\u00e9nales. La Loi fondamentale : \u00ab\u00a0Le gouvernement a adopt\u00e9 ses deuxi\u00e8me et troisi\u00e8me lectures et emp\u00eachera qu&rsquo;un Premier ministre en exercice soit d\u00e9mis de ses fonctions et d\u00e9clar\u00e9 incapable de remplir ses fonctions.\u00a0\u00bb<\/p>\n<p>La loi a \u00e9t\u00e9 approuv\u00e9e par une majorit\u00e9 de 61 membres de la Knesset, avec 47 voix contre. Deux membres de la Knesset du parti Likud, David Bitan et David Amsalem, \u00e9taient absents de la session, et Moshe Abutbul, un d\u00e9put\u00e9 du parti Shas, \u00e9tait \u00e9galement absent. Selon le radiodiffuseur public Kan, les absences n&rsquo;\u00e9taient li\u00e9es \u00e0 aucun diff\u00e9rend avec le gouvernement de coalition.<\/p>\n<p>Le projet de loi modifi\u00e9 stipule que la d\u00e9claration d&rsquo;incapacit\u00e9 ne peut intervenir qu&rsquo;en cas d&rsquo;incapacit\u00e9 physique ou mentale du Premier ministre \u00e0 exercer ses fonctions. Dans un tel cas, le Premier ministre doit annoncer son incapacit\u00e9 ou cela doit se faire par un vote au sein du gouvernement avec le soutien de 75 % des ministres.<\/p>\n<p>Au cas o\u00f9 le Premier ministre s&rsquo;opposerait \u00e0 un tel vote au sein du gouvernement, la d\u00e9cision serait transf\u00e9r\u00e9e \u00e0 la Knesset, o\u00f9 une d\u00e9cision d&rsquo;incapacit\u00e9 doit \u00eatre appuy\u00e9e par 90 membres.<\/p>\n<p>L&rsquo;amendement stipule \u00e9galement que la Cour supr\u00eame ne peut examiner une requ\u00eate demandant la d\u00e9claration d&rsquo;incapacit\u00e9 ou son approbation. Cela a \u00e9t\u00e9 adopt\u00e9 m\u00eame si la propre conseill\u00e8re juridique du gouvernement isra\u00e9lien, Gali Baharav-Miara, a exprim\u00e9 son opposition \u00e0 emp\u00eacher le tribunal d&rsquo;exercer un contr\u00f4le judiciaire et a exprim\u00e9 sa position juridique \u00e0 cet \u00e9gard.<\/p>\n<pre>Article original en anglais sur <a href=\"https:\/\/www.middleeastmonitor.com\/20230323-israel-passes-law-granting-netanyahu-immunity-from-criminal-trial\/\">Middle East Monitor<\/a> \/ Traduction MR<\/pre>\n","protected":false},"excerpt":{"rendered":"<p>MEMO, 23 mars 2023. Le parlement isra\u00e9lien, la Knesset, a approuv\u00e9 une loi qui accordera au Premier ministre Benjamin Netanyahu l&rsquo;immunit\u00e9 contre les poursuites p\u00e9nales. La Loi fondamentale : \u00ab\u00a0Le <a class=\"more-link\" href=\"https:\/\/ismfrance.org\/index.php\/2023\/03\/23\/israel-adopte-une-loi-accordant-a-netanyahu-limmunite-dun-proces-penal\/\">Lire la suite &rarr;<\/a><\/p>\n","protected":false},"author":3,"featured_media":5118,"comment_status":"closed","ping_status":"closed","sticky":false,"template":"","format":"standard","meta":{"footnotes":""},"categories":[2,14],"tags":[91],"class_list":["post-5115","post","type-post","status-publish","format-standard","has-post-thumbnail","hentry","category-articles","category-communiques","tag-politique-interieure"],"yoast_head":"<!-- This site is optimized with the Yoast SEO plugin v27.2 - https:\/\/yoast.com\/product\/yoast-seo-wordpress\/ -->\n<title>Isra\u00ebl adopte une loi accordant \u00e0 Netanyahu l&#039;immunit\u00e9 d&#039;un proc\u00e8s p\u00e9nal - International Solidarity Movement - ISM-France<\/title>\n<meta name=\"robots\" content=\"index, follow, max-snippet:-1, max-image-preview:large, max-video-preview:-1\" \/>\n<link rel=\"canonical\" href=\"https:\/\/ismfrance.org\/index.php\/2023\/03\/23\/israel-adopte-une-loi-accordant-a-netanyahu-limmunite-dun-proces-penal\/\" \/>\n<meta property=\"og:locale\" content=\"fr_FR\" \/>\n<meta property=\"og:type\" content=\"article\" \/>\n<meta property=\"og:title\" content=\"Isra\u00ebl adopte une loi accordant \u00e0 Netanyahu l&#039;immunit\u00e9 d&#039;un proc\u00e8s p\u00e9nal - International Solidarity Movement - ISM-France\" \/>\n<meta property=\"og:description\" content=\"MEMO, 23 mars 2023. Le parlement isra\u00e9lien, la Knesset, a approuv\u00e9 une loi qui accordera au Premier ministre Benjamin Netanyahu l&rsquo;immunit\u00e9 contre les poursuites p\u00e9nales. La Loi fondamentale : \u00ab\u00a0Le Lire la suite &rarr;\" \/>\n<meta property=\"og:url\" content=\"https:\/\/ismfrance.org\/index.php\/2023\/03\/23\/israel-adopte-une-loi-accordant-a-netanyahu-limmunite-dun-proces-penal\/\" \/>\n<meta property=\"og:site_name\" content=\"International Solidarity Movement - ISM-France\" \/>\n<meta property=\"article:published_time\" content=\"2023-03-23T13:27:08+00:00\" \/>\n<meta property=\"og:image\" content=\"https:\/\/ismfrance.org\/wp-content\/uploads\/2023\/03\/caricature-Sabaaneh.webp\" \/>\n\t<meta property=\"og:image:width\" content=\"1200\" \/>\n\t<meta property=\"og:image:height\" content=\"745\" \/>\n\t<meta property=\"og:image:type\" content=\"image\/webp\" \/>\n<meta name=\"author\" content=\"mru_01\" \/>\n<meta name=\"twitter:card\" content=\"summary_large_image\" \/>\n<meta name=\"twitter:creator\" content=\"@ISMFRANCE\" \/>\n<meta name=\"twitter:site\" content=\"@ISMFRANCE\" \/>\n<meta name=\"twitter:label1\" content=\"\u00c9crit par\" \/>\n\t<meta name=\"twitter:data1\" content=\"mru_01\" \/>\n\t<meta name=\"twitter:label2\" content=\"Dur\u00e9e de lecture estim\u00e9e\" \/>\n\t<meta name=\"twitter:data2\" content=\"2 minutes\" \/>\n<script type=\"application\/ld+json\" class=\"yoast-schema-graph\">{\"@context\":\"https:\/\/schema.org\",\"@graph\":[{\"@type\":\"Article\",\"@id\":\"https:\/\/ismfrance.org\/index.php\/2023\/03\/23\/israel-adopte-une-loi-accordant-a-netanyahu-limmunite-dun-proces-penal\/#article\",\"isPartOf\":{\"@id\":\"https:\/\/ismfrance.org\/index.php\/2023\/03\/23\/israel-adopte-une-loi-accordant-a-netanyahu-limmunite-dun-proces-penal\/\"},\"author\":{\"name\":\"mru_01\",\"@id\":\"https:\/\/ismfrance.org\/#\/schema\/person\/3c411eb72adfaae19c0dca1f41fae01d\"},\"headline\":\"Isra\u00ebl adopte une loi accordant \u00e0 Netanyahu l&rsquo;immunit\u00e9 d&rsquo;un proc\u00e8s p\u00e9nal\",\"datePublished\":\"2023-03-23T13:27:08+00:00\",\"mainEntityOfPage\":{\"@id\":\"https:\/\/ismfrance.org\/index.php\/2023\/03\/23\/israel-adopte-une-loi-accordant-a-netanyahu-limmunite-dun-proces-penal\/\"},\"wordCount\":318,\"publisher\":{\"@id\":\"https:\/\/ismfrance.org\/#organization\"},\"image\":{\"@id\":\"https:\/\/ismfrance.org\/index.php\/2023\/03\/23\/israel-adopte-une-loi-accordant-a-netanyahu-limmunite-dun-proces-penal\/#primaryimage\"},\"thumbnailUrl\":\"https:\/\/ismfrance.org\/wp-content\/uploads\/2023\/03\/caricature-Sabaaneh.webp\",\"keywords\":[\"Politique int\u00e9rieure\"],\"articleSection\":[\"Articles\",\"Communiqu\u00e9s\"],\"inLanguage\":\"fr-FR\"},{\"@type\":\"WebPage\",\"@id\":\"https:\/\/ismfrance.org\/index.php\/2023\/03\/23\/israel-adopte-une-loi-accordant-a-netanyahu-limmunite-dun-proces-penal\/\",\"url\":\"https:\/\/ismfrance.org\/index.php\/2023\/03\/23\/israel-adopte-une-loi-accordant-a-netanyahu-limmunite-dun-proces-penal\/\",\"name\":\"Isra\u00ebl adopte une loi accordant \u00e0 Netanyahu l'immunit\u00e9 d'un proc\u00e8s p\u00e9nal - International Solidarity Movement - ISM-France\",\"isPartOf\":{\"@id\":\"https:\/\/ismfrance.org\/#website\"},\"primaryImageOfPage\":{\"@id\":\"https:\/\/ismfrance.org\/index.php\/2023\/03\/23\/israel-adopte-une-loi-accordant-a-netanyahu-limmunite-dun-proces-penal\/#primaryimage\"},\"image\":{\"@id\":\"https:\/\/ismfrance.org\/index.php\/2023\/03\/23\/israel-adopte-une-loi-accordant-a-netanyahu-limmunite-dun-proces-penal\/#primaryimage\"},\"thumbnailUrl\":\"https:\/\/ismfrance.org\/wp-content\/uploads\/2023\/03\/caricature-Sabaaneh.webp\",\"datePublished\":\"2023-03-23T13:27:08+00:00\",\"breadcrumb\":{\"@id\":\"https:\/\/ismfrance.org\/index.php\/2023\/03\/23\/israel-adopte-une-loi-accordant-a-netanyahu-limmunite-dun-proces-penal\/#breadcrumb\"},\"inLanguage\":\"fr-FR\",\"potentialAction\":[{\"@type\":\"ReadAction\",\"target\":[\"https:\/\/ismfrance.org\/index.php\/2023\/03\/23\/israel-adopte-une-loi-accordant-a-netanyahu-limmunite-dun-proces-penal\/\"]}]},{\"@type\":\"ImageObject\",\"inLanguage\":\"fr-FR\",\"@id\":\"https:\/\/ismfrance.org\/index.php\/2023\/03\/23\/israel-adopte-une-loi-accordant-a-netanyahu-limmunite-dun-proces-penal\/#primaryimage\",\"url\":\"https:\/\/ismfrance.org\/wp-content\/uploads\/2023\/03\/caricature-Sabaaneh.webp\",\"contentUrl\":\"https:\/\/ismfrance.org\/wp-content\/uploads\/2023\/03\/caricature-Sabaaneh.webp\",\"width\":1200,\"height\":745,\"caption\":\"Le scandale de corruption de Netanyahu \u2013 Caricature [Sabaaneh\/MiddleEastMonitor]\"},{\"@type\":\"BreadcrumbList\",\"@id\":\"https:\/\/ismfrance.org\/index.php\/2023\/03\/23\/israel-adopte-une-loi-accordant-a-netanyahu-limmunite-dun-proces-penal\/#breadcrumb\",\"itemListElement\":[{\"@type\":\"ListItem\",\"position\":1,\"name\":\"Accueil\",\"item\":\"https:\/\/ismfrance.org\/\"},{\"@type\":\"ListItem\",\"position\":2,\"name\":\"Isra\u00ebl adopte une loi accordant \u00e0 Netanyahu l&#8217;immunit\u00e9 d&#8217;un proc\u00e8s p\u00e9nal\"}]},{\"@type\":\"WebSite\",\"@id\":\"https:\/\/ismfrance.org\/#website\",\"url\":\"https:\/\/ismfrance.org\/\",\"name\":\"ISM Palestine France\",\"description\":\"Soutien aux luttes de lib\u00e9ration du peuple palestinien\",\"publisher\":{\"@id\":\"https:\/\/ismfrance.org\/#organization\"},\"potentialAction\":[{\"@type\":\"SearchAction\",\"target\":{\"@type\":\"EntryPoint\",\"urlTemplate\":\"https:\/\/ismfrance.org\/?s={search_term_string}\"},\"query-input\":{\"@type\":\"PropertyValueSpecification\",\"valueRequired\":true,\"valueName\":\"search_term_string\"}}],\"inLanguage\":\"fr-FR\"},{\"@type\":\"Organization\",\"@id\":\"https:\/\/ismfrance.org\/#organization\",\"name\":\"International Solidarity Movement\",\"url\":\"https:\/\/ismfrance.org\/\",\"logo\":{\"@type\":\"ImageObject\",\"inLanguage\":\"fr-FR\",\"@id\":\"https:\/\/ismfrance.org\/#\/schema\/logo\/image\/\",\"url\":\"https:\/\/ismfrance.org\/wp-content\/uploads\/2020\/12\/00.png\",\"contentUrl\":\"https:\/\/ismfrance.org\/wp-content\/uploads\/2020\/12\/00.png\",\"width\":400,\"height\":400,\"caption\":\"International Solidarity Movement\"},\"image\":{\"@id\":\"https:\/\/ismfrance.org\/#\/schema\/logo\/image\/\"},\"sameAs\":[\"https:\/\/x.com\/ISMFRANCE\"]},{\"@type\":\"Person\",\"@id\":\"https:\/\/ismfrance.org\/#\/schema\/person\/3c411eb72adfaae19c0dca1f41fae01d\",\"name\":\"mru_01\",\"image\":{\"@type\":\"ImageObject\",\"inLanguage\":\"fr-FR\",\"@id\":\"https:\/\/secure.gravatar.com\/avatar\/3a0be343b445d2ccc79e87444a294fad2b232e90d2051d0e3cc219e1ecd6a330?s=96&d=mm&r=g\",\"url\":\"https:\/\/secure.gravatar.com\/avatar\/3a0be343b445d2ccc79e87444a294fad2b232e90d2051d0e3cc219e1ecd6a330?s=96&d=mm&r=g\",\"contentUrl\":\"https:\/\/secure.gravatar.com\/avatar\/3a0be343b445d2ccc79e87444a294fad2b232e90d2051d0e3cc219e1ecd6a330?s=96&d=mm&r=g\",\"caption\":\"mru_01\"},\"url\":\"https:\/\/ismfrance.org\/index.php\/author\/admin02\/\"}]}<\/script>\n<!-- \/ Yoast SEO plugin. -->","yoast_head_json":{"title":"Isra\u00ebl adopte une loi accordant \u00e0 Netanyahu l'immunit\u00e9 d'un proc\u00e8s p\u00e9nal - International Solidarity Movement - ISM-France","robots":{"index":"index","follow":"follow","max-snippet":"max-snippet:-1","max-image-preview":"max-image-preview:large","max-video-preview":"max-video-preview:-1"},"canonical":"https:\/\/ismfrance.org\/index.php\/2023\/03\/23\/israel-adopte-une-loi-accordant-a-netanyahu-limmunite-dun-proces-penal\/","og_locale":"fr_FR","og_type":"article","og_title":"Isra\u00ebl adopte une loi accordant \u00e0 Netanyahu l'immunit\u00e9 d'un proc\u00e8s p\u00e9nal - International Solidarity Movement - ISM-France","og_description":"MEMO, 23 mars 2023. Le parlement isra\u00e9lien, la Knesset, a approuv\u00e9 une loi qui accordera au Premier ministre Benjamin Netanyahu l&rsquo;immunit\u00e9 contre les poursuites p\u00e9nales. La Loi fondamentale : \u00ab\u00a0Le Lire la suite &rarr;","og_url":"https:\/\/ismfrance.org\/index.php\/2023\/03\/23\/israel-adopte-une-loi-accordant-a-netanyahu-limmunite-dun-proces-penal\/","og_site_name":"International Solidarity Movement - ISM-France","article_published_time":"2023-03-23T13:27:08+00:00","og_image":[{"width":1200,"height":745,"url":"https:\/\/ismfrance.org\/wp-content\/uploads\/2023\/03\/caricature-Sabaaneh.webp","type":"image\/webp"}],"author":"mru_01","twitter_card":"summary_large_image","twitter_creator":"@ISMFRANCE","twitter_site":"@ISMFRANCE","twitter_misc":{"\u00c9crit par":"mru_01","Dur\u00e9e de lecture estim\u00e9e":"2 minutes"},"schema":{"@context":"https:\/\/schema.org","@graph":[{"@type":"Article","@id":"https:\/\/ismfrance.org\/index.php\/2023\/03\/23\/israel-adopte-une-loi-accordant-a-netanyahu-limmunite-dun-proces-penal\/#article","isPartOf":{"@id":"https:\/\/ismfrance.org\/index.php\/2023\/03\/23\/israel-adopte-une-loi-accordant-a-netanyahu-limmunite-dun-proces-penal\/"},"author":{"name":"mru_01","@id":"https:\/\/ismfrance.org\/#\/schema\/person\/3c411eb72adfaae19c0dca1f41fae01d"},"headline":"Isra\u00ebl adopte une loi accordant \u00e0 Netanyahu l&rsquo;immunit\u00e9 d&rsquo;un proc\u00e8s p\u00e9nal","datePublished":"2023-03-23T13:27:08+00:00","mainEntityOfPage":{"@id":"https:\/\/ismfrance.org\/index.php\/2023\/03\/23\/israel-adopte-une-loi-accordant-a-netanyahu-limmunite-dun-proces-penal\/"},"wordCount":318,"publisher":{"@id":"https:\/\/ismfrance.org\/#organization"},"image":{"@id":"https:\/\/ismfrance.org\/index.php\/2023\/03\/23\/israel-adopte-une-loi-accordant-a-netanyahu-limmunite-dun-proces-penal\/#primaryimage"},"thumbnailUrl":"https:\/\/ismfrance.org\/wp-content\/uploads\/2023\/03\/caricature-Sabaaneh.webp","keywords":["Politique int\u00e9rieure"],"articleSection":["Articles","Communiqu\u00e9s"],"inLanguage":"fr-FR"},{"@type":"WebPage","@id":"https:\/\/ismfrance.org\/index.php\/2023\/03\/23\/israel-adopte-une-loi-accordant-a-netanyahu-limmunite-dun-proces-penal\/","url":"https:\/\/ismfrance.org\/index.php\/2023\/03\/23\/israel-adopte-une-loi-accordant-a-netanyahu-limmunite-dun-proces-penal\/","name":"Isra\u00ebl adopte une loi accordant \u00e0 Netanyahu l'immunit\u00e9 d'un proc\u00e8s p\u00e9nal - International Solidarity Movement - ISM-France","isPartOf":{"@id":"https:\/\/ismfrance.org\/#website"},"primaryImageOfPage":{"@id":"https:\/\/ismfrance.org\/index.php\/2023\/03\/23\/israel-adopte-une-loi-accordant-a-netanyahu-limmunite-dun-proces-penal\/#primaryimage"},"image":{"@id":"https:\/\/ismfrance.org\/index.php\/2023\/03\/23\/israel-adopte-une-loi-accordant-a-netanyahu-limmunite-dun-proces-penal\/#primaryimage"},"thumbnailUrl":"https:\/\/ismfrance.org\/wp-content\/uploads\/2023\/03\/caricature-Sabaaneh.webp","datePublished":"2023-03-23T13:27:08+00:00","breadcrumb":{"@id":"https:\/\/ismfrance.org\/index.php\/2023\/03\/23\/israel-adopte-une-loi-accordant-a-netanyahu-limmunite-dun-proces-penal\/#breadcrumb"},"inLanguage":"fr-FR","potentialAction":[{"@type":"ReadAction","target":["https:\/\/ismfrance.org\/index.php\/2023\/03\/23\/israel-adopte-une-loi-accordant-a-netanyahu-limmunite-dun-proces-penal\/"]}]},{"@type":"ImageObject","inLanguage":"fr-FR","@id":"https:\/\/ismfrance.org\/index.php\/2023\/03\/23\/israel-adopte-une-loi-accordant-a-netanyahu-limmunite-dun-proces-penal\/#primaryimage","url":"https:\/\/ismfrance.org\/wp-content\/uploads\/2023\/03\/caricature-Sabaaneh.webp","contentUrl":"https:\/\/ismfrance.org\/wp-content\/uploads\/2023\/03\/caricature-Sabaaneh.webp","width":1200,"height":745,"caption":"Le scandale de corruption de Netanyahu \u2013 Caricature [Sabaaneh\/MiddleEastMonitor]"},{"@type":"BreadcrumbList","@id":"https:\/\/ismfrance.org\/index.php\/2023\/03\/23\/israel-adopte-une-loi-accordant-a-netanyahu-limmunite-dun-proces-penal\/#breadcrumb","itemListElement":[{"@type":"ListItem","position":1,"name":"Accueil","item":"https:\/\/ismfrance.org\/"},{"@type":"ListItem","position":2,"name":"Isra\u00ebl adopte une loi accordant \u00e0 Netanyahu l&#8217;immunit\u00e9 d&#8217;un proc\u00e8s p\u00e9nal"}]},{"@type":"WebSite","@id":"https:\/\/ismfrance.org\/#website","url":"https:\/\/ismfrance.org\/","name":"ISM Palestine France","description":"Soutien aux luttes de lib\u00e9ration du peuple palestinien","publisher":{"@id":"https:\/\/ismfrance.org\/#organization"},"potentialAction":[{"@type":"SearchAction","target":{"@type":"EntryPoint","urlTemplate":"https:\/\/ismfrance.org\/?s={search_term_string}"},"query-input":{"@type":"PropertyValueSpecification","valueRequired":true,"valueName":"search_term_string"}}],"inLanguage":"fr-FR"},{"@type":"Organization","@id":"https:\/\/ismfrance.org\/#organization","name":"International Solidarity Movement","url":"https:\/\/ismfrance.org\/","logo":{"@type":"ImageObject","inLanguage":"fr-FR","@id":"https:\/\/ismfrance.org\/#\/schema\/logo\/image\/","url":"https:\/\/ismfrance.org\/wp-content\/uploads\/2020\/12\/00.png","contentUrl":"https:\/\/ismfrance.org\/wp-content\/uploads\/2020\/12\/00.png","width":400,"height":400,"caption":"International Solidarity Movement"},"image":{"@id":"https:\/\/ismfrance.org\/#\/schema\/logo\/image\/"},"sameAs":["https:\/\/x.com\/ISMFRANCE"]},{"@type":"Person","@id":"https:\/\/ismfrance.org\/#\/schema\/person\/3c411eb72adfaae19c0dca1f41fae01d","name":"mru_01","image":{"@type":"ImageObject","inLanguage":"fr-FR","@id":"https:\/\/secure.gravatar.com\/avatar\/3a0be343b445d2ccc79e87444a294fad2b232e90d2051d0e3cc219e1ecd6a330?s=96&d=mm&r=g","url":"https:\/\/secure.gravatar.com\/avatar\/3a0be343b445d2ccc79e87444a294fad2b232e90d2051d0e3cc219e1ecd6a330?s=96&d=mm&r=g","contentUrl":"https:\/\/secure.gravatar.com\/avatar\/3a0be343b445d2ccc79e87444a294fad2b232e90d2051d0e3cc219e1ecd6a330?s=96&d=mm&r=g","caption":"mru_01"},"url":"https:\/\/ismfrance.org\/index.php\/author\/admin02\/"}]}},"_links":{"self":[{"href":"https:\/\/ismfrance.org\/index.php\/wp-json\/wp\/v2\/posts\/5115","targetHints":{"allow":["GET"]}}],"collection":[{"href":"https:\/\/ismfrance.org\/index.php\/wp-json\/wp\/v2\/posts"}],"about":[{"href":"https:\/\/ismfrance.org\/index.php\/wp-json\/wp\/v2\/types\/post"}],"author":[{"embeddable":true,"href":"https:\/\/ismfrance.org\/index.php\/wp-json\/wp\/v2\/users\/3"}],"replies":[{"embeddable":true,"href":"https:\/\/ismfrance.org\/index.php\/wp-json\/wp\/v2\/comments?post=5115"}],"version-history":[{"count":0,"href":"https:\/\/ismfrance.org\/index.php\/wp-json\/wp\/v2\/posts\/5115\/revisions"}],"wp:featuredmedia":[{"embeddable":true,"href":"https:\/\/ismfrance.org\/index.php\/wp-json\/wp\/v2\/media\/5118"}],"wp:attachment":[{"href":"https:\/\/ismfrance.org\/index.php\/wp-json\/wp\/v2\/media?parent=5115"}],"wp:term":[{"taxonomy":"category","embeddable":true,"href":"https:\/\/ismfrance.org\/index.php\/wp-json\/wp\/v2\/categories?post=5115"},{"taxonomy":"post_tag","embeddable":true,"href":"https:\/\/ismfrance.org\/index.php\/wp-json\/wp\/v2\/tags?post=5115"}],"curies":[{"name":"wp","href":"https:\/\/api.w.org\/{rel}","templated":true}]}}