{"id":5082,"date":"2023-03-19T19:11:05","date_gmt":"2023-03-19T18:11:05","guid":{"rendered":"https:\/\/ismfrance.org\/?p=5082"},"modified":"2023-03-19T19:12:06","modified_gmt":"2023-03-19T18:12:06","slug":"escalade-usa-vers-orient","status":"publish","type":"post","link":"https:\/\/ismfrance.org\/index.php\/2023\/03\/19\/escalade-usa-vers-orient\/","title":{"rendered":"Escalade USA vers Orient"},"content":{"rendered":"<p lang=\"fr-FR\" align=\"LEFT\"><span style=\"color: #000000;\"><span style=\"font-family: Helvetica Neue, serif;\"><span style=\"font-size: small;\"><span style=\"font-family: Arial, sans-serif;\"><span style=\"font-size: medium;\"><span lang=\"fr-FR\"><b>Manlio Dinucci, 17 mars 2023. Mars 2003 &#8211; <\/b><\/span><\/span><\/span><span lang=\"fr-FR\"><span style=\"font-family: Arial, sans-serif;\"><span style=\"font-size: medium;\">Il y a vingt ans, le 20 mars 2003, les USA et la Coalition sous leur commandement attaquaient et envahissaient l\u2019Irak, accus\u00e9 de poss\u00e9der des armes de destruction massive sur la base de \u00ab\u00a0preuves\u00a0\u00bb av\u00e9r\u00e9es ensuite fausses. Le Secr\u00e9taire d\u2019\u00c9tat Colin Powell en personne, qui les avait pr\u00e9sent\u00e9es au Conseil de S\u00e9curit\u00e9 de l\u2019ONU, sera contraint des ann\u00e9es plus tard de qualifier son discours de 2003 \u00e0 l\u2019ONU de \u00ab\u00a0t\u00e2che\u00a0\u00bb dans son curriculum. <\/span><\/span><\/span><\/span><\/span><\/span><\/p>\n<p lang=\"fr-FR\" align=\"LEFT\"><a href=\"https:\/\/ismfrance.org\/wp-content\/uploads\/2023\/03\/Arabie-Saudi-Iran.jpg\"><img loading=\"lazy\" decoding=\"async\" class=\"wp-image-5083 aligncenter\" src=\"https:\/\/ismfrance.org\/wp-content\/uploads\/2023\/03\/Arabie-Saudi-Iran-700x480.jpg\" alt=\"\" width=\"424\" height=\"293\" \/><\/a><\/p>\n<p lang=\"fr-FR\" align=\"LEFT\"><span style=\"color: #000000;\"><span style=\"font-family: Helvetica Neue, serif;\"><span style=\"font-size: small;\"><span lang=\"fr-FR\"><span style=\"font-family: Arial, sans-serif;\"><span style=\"font-size: medium;\">Le 20 mars, le pr\u00e9sident George Bush annon\u00e7ait : \u00ab\u00a0Sur mon ordre, les forces de la coalition ont commenc\u00e9 \u00e0 frapper pour miner la capacit\u00e9 de Saddam Hussein de mener une guerre. Plus de 35 pays sont en train de fournir un soutien crucial, jusqu\u2019au d\u00e9ploiement d\u2019unit\u00e9s de combat. Chaque nation faisant partie de cette coalition a choisi d\u2019assumer le devoir et de partager l\u2019honneur de servir notre d\u00e9fense commune\u00a0\u00bb. De la coalition sous commandement USA faisaient partie 30.000 soldats italiens. Ainsi commen\u00e7ait la guerre qui allait tuer plus d\u2019un million d\u2019Irakiens et co\u00fbterait aux USA, avec la guerre commenc\u00e9e en Afghanistan en 2001, plus de 14.000 milliards de dollars. Le but strat\u00e9gique des USA \u00e9tait de contr\u00f4ler non seulement l\u2019Irak, mais tout le Moyen-Orient. <\/span><\/span><\/span><\/span><\/span><\/span><\/p>\n<p lang=\"fr-FR\" align=\"LEFT\"><span style=\"color: #000000;\"><span style=\"font-family: Helvetica Neue, serif;\"><span style=\"font-size: small;\"><span style=\"font-family: Arial, sans-serif;\"><span style=\"font-size: medium;\"><span lang=\"fr-FR\"><b>Mars 2023 &#8211; \u00ab\u00a0<\/b><\/span><\/span><\/span><span lang=\"fr-FR\"><span style=\"font-family: Arial, sans-serif;\"><span style=\"font-size: medium;\">L\u2019accord entre Iran et Arabie Saoudite sous l\u2019\u00e9gide de la Chine dessine un nouveau Moyen-Orient\u00a0\u00bb \u00e9crit le <\/span><\/span><\/span><span lang=\"fr-FR\"><span style=\"font-family: Arial, sans-serif;\"><span style=\"font-size: medium;\"><i>Wall Street Journal<\/i><\/span><\/span><\/span><span lang=\"fr-FR\"><span style=\"font-family: Arial, sans-serif;\"><span style=\"font-size: medium;\">, tandis que le <\/span><\/span><\/span><span lang=\"fr-FR\"><span style=\"font-family: Arial, sans-serif;\"><span style=\"font-size: medium;\"><i>New York Times<\/i><\/span><\/span><\/span><span lang=\"fr-FR\"><span style=\"font-family: Arial, sans-serif;\"><span style=\"font-size: medium;\"> \u00e9crit : \u00ab\u00a0L\u2019accord entre les rivaux r\u00e9gionaux met en \u00e9vidence la croissante importance \u00e9conomique et politique de la Chine au Moyen-Orient et le d\u00e9clin de l\u2019influence am\u00e9ricaine\u00a0\u00bb. Incapables d\u2019emp\u00eacher le \u00ab\u00a0d\u00e9clin\u00a0\u00bb par des outils politiques et \u00e9conomiques, les USA et leurs alli\u00e9s ont de plus en plus recours \u00e0 ceux militaires. Dans ce cadre entre le \u00ab\u00a0fondamental accord avec l\u2019Australie et la Grande-Bretagne\u00a0\u00bb annonc\u00e9 par le pr\u00e9sident Biden. Il pr\u00e9voit la construction d\u2019une nouvelle flotte de sous-marins d\u2019attaque nucl\u00e9aire r\u00e9alis\u00e9e par \u00c9tats-Unis, Grande-Bretagne et Australie. De cette fa\u00e7on l\u2019Australie deviendra de fait la dixi\u00e8me puissance nucl\u00e9aire avec la mission de tenir la Chine en ligne de mire. La nouvelle flotte d\u2019attaque nucl\u00e9aire op\u00e9rera non seulement en Mer de Chine m\u00e9ridionale et dans le Pacifique, mais aussi dans l\u2019Atlantique contre la Russie.<\/span><\/span><\/span><\/span><\/span><\/span><\/p>\n<p lang=\"fr-FR\" style=\"text-align: center;\" align=\"LEFT\">\u00b0\u00b0\u00b0\u00b0<\/p>\n<p lang=\"fr-FR\" align=\"LEFT\"><span style=\"color: #000000;\"><span style=\"font-family: Helvetica Neue, serif;\"><span style=\"font-size: small;\"><span lang=\"fr-FR\"><span style=\"font-family: Arial, sans-serif;\"><span style=\"font-size: medium;\">Bref r\u00e9sum\u00e9 de la revue de presse internationale <\/span><\/span><\/span><span lang=\"fr-FR\"><span style=\"font-family: Arial, sans-serif;\"><span style=\"font-size: medium;\"><i><b>Grandangolo<\/b><\/i><\/span><\/span><\/span><span lang=\"fr-FR\"><span style=\"font-family: Arial, sans-serif;\"><span style=\"font-size: medium;\"> de vendredi 17 mars 2023 \u00e0 20h30 sur la chaine TV nationale italienne 262 <\/span><\/span><\/span><span lang=\"fr-FR\"><a href=\"https:\/\/www.byoblu.com\/2023\/03\/17\/escalation-usa-verso-oriente-grandangolo-pangea\/\"><span style=\"font-family: Arial, sans-serif;\"><span style=\"font-size: medium;\"><i><b>Byoblu<\/b><\/i><\/span><\/span><\/a><\/span><span lang=\"fr-FR\"><span style=\"font-family: Arial, sans-serif;\"><span style=\"font-size: medium;\"> \/ Traduit de l\u2019italien par M-A P.<\/span><\/span><\/span><\/span><\/span><\/span><\/p>\n<p align=\"LEFT\"><span lang=\"fr-FR\"><span style=\"color: #201f1e;\"><span style=\"font-family: Vrinda, serif;\"><span style=\"font-size: medium;\">[writers slug=manlio-dinucci]<\/span><\/span><\/span><\/span><\/p>\n","protected":false},"excerpt":{"rendered":"<p>Manlio Dinucci, 17 mars 2023. Mars 2003 &#8211; Il y a vingt ans, le 20 mars 2003, les USA et la Coalition sous leur commandement attaquaient et envahissaient l\u2019Irak, accus\u00e9 <a class=\"more-link\" href=\"https:\/\/ismfrance.org\/index.php\/2023\/03\/19\/escalade-usa-vers-orient\/\">Lire la suite &rarr;<\/a><\/p>\n","protected":false},"author":3,"featured_media":5083,"comment_status":"closed","ping_status":"closed","sticky":false,"template":"","format":"standard","meta":{"footnotes":""},"categories":[12,2],"tags":[295,90,138],"class_list":["post-5082","post","type-post","status-publish","format-standard","has-post-thumbnail","hentry","category-analyses","category-articles","tag-arabie-saoudite","tag-geopolitique","tag-iran"],"yoast_head":"<!-- This site is optimized with the Yoast SEO plugin v27.2 - https:\/\/yoast.com\/product\/yoast-seo-wordpress\/ -->\n<title>Escalade USA vers Orient - International Solidarity Movement - ISM-France<\/title>\n<meta name=\"robots\" content=\"index, follow, max-snippet:-1, max-image-preview:large, max-video-preview:-1\" \/>\n<link rel=\"canonical\" href=\"https:\/\/ismfrance.org\/index.php\/2023\/03\/19\/escalade-usa-vers-orient\/\" \/>\n<meta property=\"og:locale\" content=\"fr_FR\" \/>\n<meta property=\"og:type\" content=\"article\" \/>\n<meta property=\"og:title\" content=\"Escalade USA vers Orient - International Solidarity Movement - ISM-France\" \/>\n<meta property=\"og:description\" content=\"Manlio Dinucci, 17 mars 2023. Mars 2003 &#8211; Il y a vingt ans, le 20 mars 2003, les USA et la Coalition sous leur commandement attaquaient et envahissaient l\u2019Irak, accus\u00e9 Lire la suite &rarr;\" \/>\n<meta property=\"og:url\" content=\"https:\/\/ismfrance.org\/index.php\/2023\/03\/19\/escalade-usa-vers-orient\/\" \/>\n<meta property=\"og:site_name\" content=\"International Solidarity Movement - ISM-France\" \/>\n<meta property=\"article:published_time\" content=\"2023-03-19T18:11:05+00:00\" \/>\n<meta property=\"article:modified_time\" content=\"2023-03-19T18:12:06+00:00\" \/>\n<meta property=\"og:image\" content=\"https:\/\/ismfrance.org\/wp-content\/uploads\/2023\/03\/Arabie-Saudi-Iran.jpg\" \/>\n\t<meta property=\"og:image:width\" content=\"813\" \/>\n\t<meta property=\"og:image:height\" content=\"558\" \/>\n\t<meta property=\"og:image:type\" content=\"image\/jpeg\" \/>\n<meta name=\"author\" content=\"mru_01\" \/>\n<meta name=\"twitter:card\" content=\"summary_large_image\" \/>\n<meta name=\"twitter:creator\" content=\"@ISMFRANCE\" \/>\n<meta name=\"twitter:site\" content=\"@ISMFRANCE\" \/>\n<meta name=\"twitter:label1\" content=\"\u00c9crit par\" \/>\n\t<meta name=\"twitter:data1\" content=\"mru_01\" \/>\n\t<meta name=\"twitter:label2\" content=\"Dur\u00e9e de lecture estim\u00e9e\" \/>\n\t<meta name=\"twitter:data2\" content=\"3 minutes\" \/>\n<script type=\"application\/ld+json\" class=\"yoast-schema-graph\">{\"@context\":\"https:\/\/schema.org\",\"@graph\":[{\"@type\":\"Article\",\"@id\":\"https:\/\/ismfrance.org\/index.php\/2023\/03\/19\/escalade-usa-vers-orient\/#article\",\"isPartOf\":{\"@id\":\"https:\/\/ismfrance.org\/index.php\/2023\/03\/19\/escalade-usa-vers-orient\/\"},\"author\":{\"name\":\"mru_01\",\"@id\":\"https:\/\/ismfrance.org\/#\/schema\/person\/3c411eb72adfaae19c0dca1f41fae01d\"},\"headline\":\"Escalade USA vers Orient\",\"datePublished\":\"2023-03-19T18:11:05+00:00\",\"dateModified\":\"2023-03-19T18:12:06+00:00\",\"mainEntityOfPage\":{\"@id\":\"https:\/\/ismfrance.org\/index.php\/2023\/03\/19\/escalade-usa-vers-orient\/\"},\"wordCount\":442,\"publisher\":{\"@id\":\"https:\/\/ismfrance.org\/#organization\"},\"image\":{\"@id\":\"https:\/\/ismfrance.org\/index.php\/2023\/03\/19\/escalade-usa-vers-orient\/#primaryimage\"},\"thumbnailUrl\":\"https:\/\/ismfrance.org\/wp-content\/uploads\/2023\/03\/Arabie-Saudi-Iran.jpg\",\"keywords\":[\"Arabie saoudite\",\"G\u00e9opolitique\",\"Iran\"],\"articleSection\":[\"Analyses\",\"Articles\"],\"inLanguage\":\"fr-FR\"},{\"@type\":\"WebPage\",\"@id\":\"https:\/\/ismfrance.org\/index.php\/2023\/03\/19\/escalade-usa-vers-orient\/\",\"url\":\"https:\/\/ismfrance.org\/index.php\/2023\/03\/19\/escalade-usa-vers-orient\/\",\"name\":\"Escalade USA vers Orient - International Solidarity Movement - ISM-France\",\"isPartOf\":{\"@id\":\"https:\/\/ismfrance.org\/#website\"},\"primaryImageOfPage\":{\"@id\":\"https:\/\/ismfrance.org\/index.php\/2023\/03\/19\/escalade-usa-vers-orient\/#primaryimage\"},\"image\":{\"@id\":\"https:\/\/ismfrance.org\/index.php\/2023\/03\/19\/escalade-usa-vers-orient\/#primaryimage\"},\"thumbnailUrl\":\"https:\/\/ismfrance.org\/wp-content\/uploads\/2023\/03\/Arabie-Saudi-Iran.jpg\",\"datePublished\":\"2023-03-19T18:11:05+00:00\",\"dateModified\":\"2023-03-19T18:12:06+00:00\",\"breadcrumb\":{\"@id\":\"https:\/\/ismfrance.org\/index.php\/2023\/03\/19\/escalade-usa-vers-orient\/#breadcrumb\"},\"inLanguage\":\"fr-FR\",\"potentialAction\":[{\"@type\":\"ReadAction\",\"target\":[\"https:\/\/ismfrance.org\/index.php\/2023\/03\/19\/escalade-usa-vers-orient\/\"]}]},{\"@type\":\"ImageObject\",\"inLanguage\":\"fr-FR\",\"@id\":\"https:\/\/ismfrance.org\/index.php\/2023\/03\/19\/escalade-usa-vers-orient\/#primaryimage\",\"url\":\"https:\/\/ismfrance.org\/wp-content\/uploads\/2023\/03\/Arabie-Saudi-Iran.jpg\",\"contentUrl\":\"https:\/\/ismfrance.org\/wp-content\/uploads\/2023\/03\/Arabie-Saudi-Iran.jpg\",\"width\":813,\"height\":558},{\"@type\":\"BreadcrumbList\",\"@id\":\"https:\/\/ismfrance.org\/index.php\/2023\/03\/19\/escalade-usa-vers-orient\/#breadcrumb\",\"itemListElement\":[{\"@type\":\"ListItem\",\"position\":1,\"name\":\"Accueil\",\"item\":\"https:\/\/ismfrance.org\/\"},{\"@type\":\"ListItem\",\"position\":2,\"name\":\"Escalade USA vers Orient\"}]},{\"@type\":\"WebSite\",\"@id\":\"https:\/\/ismfrance.org\/#website\",\"url\":\"https:\/\/ismfrance.org\/\",\"name\":\"ISM Palestine France\",\"description\":\"Soutien aux luttes de lib\u00e9ration du peuple palestinien\",\"publisher\":{\"@id\":\"https:\/\/ismfrance.org\/#organization\"},\"potentialAction\":[{\"@type\":\"SearchAction\",\"target\":{\"@type\":\"EntryPoint\",\"urlTemplate\":\"https:\/\/ismfrance.org\/?s={search_term_string}\"},\"query-input\":{\"@type\":\"PropertyValueSpecification\",\"valueRequired\":true,\"valueName\":\"search_term_string\"}}],\"inLanguage\":\"fr-FR\"},{\"@type\":\"Organization\",\"@id\":\"https:\/\/ismfrance.org\/#organization\",\"name\":\"International Solidarity Movement\",\"url\":\"https:\/\/ismfrance.org\/\",\"logo\":{\"@type\":\"ImageObject\",\"inLanguage\":\"fr-FR\",\"@id\":\"https:\/\/ismfrance.org\/#\/schema\/logo\/image\/\",\"url\":\"https:\/\/ismfrance.org\/wp-content\/uploads\/2020\/12\/00.png\",\"contentUrl\":\"https:\/\/ismfrance.org\/wp-content\/uploads\/2020\/12\/00.png\",\"width\":400,\"height\":400,\"caption\":\"International Solidarity Movement\"},\"image\":{\"@id\":\"https:\/\/ismfrance.org\/#\/schema\/logo\/image\/\"},\"sameAs\":[\"https:\/\/x.com\/ISMFRANCE\"]},{\"@type\":\"Person\",\"@id\":\"https:\/\/ismfrance.org\/#\/schema\/person\/3c411eb72adfaae19c0dca1f41fae01d\",\"name\":\"mru_01\",\"image\":{\"@type\":\"ImageObject\",\"inLanguage\":\"fr-FR\",\"@id\":\"https:\/\/secure.gravatar.com\/avatar\/3a0be343b445d2ccc79e87444a294fad2b232e90d2051d0e3cc219e1ecd6a330?s=96&d=mm&r=g\",\"url\":\"https:\/\/secure.gravatar.com\/avatar\/3a0be343b445d2ccc79e87444a294fad2b232e90d2051d0e3cc219e1ecd6a330?s=96&d=mm&r=g\",\"contentUrl\":\"https:\/\/secure.gravatar.com\/avatar\/3a0be343b445d2ccc79e87444a294fad2b232e90d2051d0e3cc219e1ecd6a330?s=96&d=mm&r=g\",\"caption\":\"mru_01\"},\"url\":\"https:\/\/ismfrance.org\/index.php\/author\/admin02\/\"}]}<\/script>\n<!-- \/ Yoast SEO plugin. -->","yoast_head_json":{"title":"Escalade USA vers Orient - International Solidarity Movement - ISM-France","robots":{"index":"index","follow":"follow","max-snippet":"max-snippet:-1","max-image-preview":"max-image-preview:large","max-video-preview":"max-video-preview:-1"},"canonical":"https:\/\/ismfrance.org\/index.php\/2023\/03\/19\/escalade-usa-vers-orient\/","og_locale":"fr_FR","og_type":"article","og_title":"Escalade USA vers Orient - International Solidarity Movement - ISM-France","og_description":"Manlio Dinucci, 17 mars 2023. Mars 2003 &#8211; Il y a vingt ans, le 20 mars 2003, les USA et la Coalition sous leur commandement attaquaient et envahissaient l\u2019Irak, accus\u00e9 Lire la suite &rarr;","og_url":"https:\/\/ismfrance.org\/index.php\/2023\/03\/19\/escalade-usa-vers-orient\/","og_site_name":"International Solidarity Movement - ISM-France","article_published_time":"2023-03-19T18:11:05+00:00","article_modified_time":"2023-03-19T18:12:06+00:00","og_image":[{"width":813,"height":558,"url":"https:\/\/ismfrance.org\/wp-content\/uploads\/2023\/03\/Arabie-Saudi-Iran.jpg","type":"image\/jpeg"}],"author":"mru_01","twitter_card":"summary_large_image","twitter_creator":"@ISMFRANCE","twitter_site":"@ISMFRANCE","twitter_misc":{"\u00c9crit par":"mru_01","Dur\u00e9e de lecture estim\u00e9e":"3 minutes"},"schema":{"@context":"https:\/\/schema.org","@graph":[{"@type":"Article","@id":"https:\/\/ismfrance.org\/index.php\/2023\/03\/19\/escalade-usa-vers-orient\/#article","isPartOf":{"@id":"https:\/\/ismfrance.org\/index.php\/2023\/03\/19\/escalade-usa-vers-orient\/"},"author":{"name":"mru_01","@id":"https:\/\/ismfrance.org\/#\/schema\/person\/3c411eb72adfaae19c0dca1f41fae01d"},"headline":"Escalade USA vers Orient","datePublished":"2023-03-19T18:11:05+00:00","dateModified":"2023-03-19T18:12:06+00:00","mainEntityOfPage":{"@id":"https:\/\/ismfrance.org\/index.php\/2023\/03\/19\/escalade-usa-vers-orient\/"},"wordCount":442,"publisher":{"@id":"https:\/\/ismfrance.org\/#organization"},"image":{"@id":"https:\/\/ismfrance.org\/index.php\/2023\/03\/19\/escalade-usa-vers-orient\/#primaryimage"},"thumbnailUrl":"https:\/\/ismfrance.org\/wp-content\/uploads\/2023\/03\/Arabie-Saudi-Iran.jpg","keywords":["Arabie saoudite","G\u00e9opolitique","Iran"],"articleSection":["Analyses","Articles"],"inLanguage":"fr-FR"},{"@type":"WebPage","@id":"https:\/\/ismfrance.org\/index.php\/2023\/03\/19\/escalade-usa-vers-orient\/","url":"https:\/\/ismfrance.org\/index.php\/2023\/03\/19\/escalade-usa-vers-orient\/","name":"Escalade USA vers Orient - International Solidarity Movement - ISM-France","isPartOf":{"@id":"https:\/\/ismfrance.org\/#website"},"primaryImageOfPage":{"@id":"https:\/\/ismfrance.org\/index.php\/2023\/03\/19\/escalade-usa-vers-orient\/#primaryimage"},"image":{"@id":"https:\/\/ismfrance.org\/index.php\/2023\/03\/19\/escalade-usa-vers-orient\/#primaryimage"},"thumbnailUrl":"https:\/\/ismfrance.org\/wp-content\/uploads\/2023\/03\/Arabie-Saudi-Iran.jpg","datePublished":"2023-03-19T18:11:05+00:00","dateModified":"2023-03-19T18:12:06+00:00","breadcrumb":{"@id":"https:\/\/ismfrance.org\/index.php\/2023\/03\/19\/escalade-usa-vers-orient\/#breadcrumb"},"inLanguage":"fr-FR","potentialAction":[{"@type":"ReadAction","target":["https:\/\/ismfrance.org\/index.php\/2023\/03\/19\/escalade-usa-vers-orient\/"]}]},{"@type":"ImageObject","inLanguage":"fr-FR","@id":"https:\/\/ismfrance.org\/index.php\/2023\/03\/19\/escalade-usa-vers-orient\/#primaryimage","url":"https:\/\/ismfrance.org\/wp-content\/uploads\/2023\/03\/Arabie-Saudi-Iran.jpg","contentUrl":"https:\/\/ismfrance.org\/wp-content\/uploads\/2023\/03\/Arabie-Saudi-Iran.jpg","width":813,"height":558},{"@type":"BreadcrumbList","@id":"https:\/\/ismfrance.org\/index.php\/2023\/03\/19\/escalade-usa-vers-orient\/#breadcrumb","itemListElement":[{"@type":"ListItem","position":1,"name":"Accueil","item":"https:\/\/ismfrance.org\/"},{"@type":"ListItem","position":2,"name":"Escalade USA vers Orient"}]},{"@type":"WebSite","@id":"https:\/\/ismfrance.org\/#website","url":"https:\/\/ismfrance.org\/","name":"ISM Palestine France","description":"Soutien aux luttes de lib\u00e9ration du peuple palestinien","publisher":{"@id":"https:\/\/ismfrance.org\/#organization"},"potentialAction":[{"@type":"SearchAction","target":{"@type":"EntryPoint","urlTemplate":"https:\/\/ismfrance.org\/?s={search_term_string}"},"query-input":{"@type":"PropertyValueSpecification","valueRequired":true,"valueName":"search_term_string"}}],"inLanguage":"fr-FR"},{"@type":"Organization","@id":"https:\/\/ismfrance.org\/#organization","name":"International Solidarity Movement","url":"https:\/\/ismfrance.org\/","logo":{"@type":"ImageObject","inLanguage":"fr-FR","@id":"https:\/\/ismfrance.org\/#\/schema\/logo\/image\/","url":"https:\/\/ismfrance.org\/wp-content\/uploads\/2020\/12\/00.png","contentUrl":"https:\/\/ismfrance.org\/wp-content\/uploads\/2020\/12\/00.png","width":400,"height":400,"caption":"International Solidarity Movement"},"image":{"@id":"https:\/\/ismfrance.org\/#\/schema\/logo\/image\/"},"sameAs":["https:\/\/x.com\/ISMFRANCE"]},{"@type":"Person","@id":"https:\/\/ismfrance.org\/#\/schema\/person\/3c411eb72adfaae19c0dca1f41fae01d","name":"mru_01","image":{"@type":"ImageObject","inLanguage":"fr-FR","@id":"https:\/\/secure.gravatar.com\/avatar\/3a0be343b445d2ccc79e87444a294fad2b232e90d2051d0e3cc219e1ecd6a330?s=96&d=mm&r=g","url":"https:\/\/secure.gravatar.com\/avatar\/3a0be343b445d2ccc79e87444a294fad2b232e90d2051d0e3cc219e1ecd6a330?s=96&d=mm&r=g","contentUrl":"https:\/\/secure.gravatar.com\/avatar\/3a0be343b445d2ccc79e87444a294fad2b232e90d2051d0e3cc219e1ecd6a330?s=96&d=mm&r=g","caption":"mru_01"},"url":"https:\/\/ismfrance.org\/index.php\/author\/admin02\/"}]}},"_links":{"self":[{"href":"https:\/\/ismfrance.org\/index.php\/wp-json\/wp\/v2\/posts\/5082","targetHints":{"allow":["GET"]}}],"collection":[{"href":"https:\/\/ismfrance.org\/index.php\/wp-json\/wp\/v2\/posts"}],"about":[{"href":"https:\/\/ismfrance.org\/index.php\/wp-json\/wp\/v2\/types\/post"}],"author":[{"embeddable":true,"href":"https:\/\/ismfrance.org\/index.php\/wp-json\/wp\/v2\/users\/3"}],"replies":[{"embeddable":true,"href":"https:\/\/ismfrance.org\/index.php\/wp-json\/wp\/v2\/comments?post=5082"}],"version-history":[{"count":0,"href":"https:\/\/ismfrance.org\/index.php\/wp-json\/wp\/v2\/posts\/5082\/revisions"}],"wp:featuredmedia":[{"embeddable":true,"href":"https:\/\/ismfrance.org\/index.php\/wp-json\/wp\/v2\/media\/5083"}],"wp:attachment":[{"href":"https:\/\/ismfrance.org\/index.php\/wp-json\/wp\/v2\/media?parent=5082"}],"wp:term":[{"taxonomy":"category","embeddable":true,"href":"https:\/\/ismfrance.org\/index.php\/wp-json\/wp\/v2\/categories?post=5082"},{"taxonomy":"post_tag","embeddable":true,"href":"https:\/\/ismfrance.org\/index.php\/wp-json\/wp\/v2\/tags?post=5082"}],"curies":[{"name":"wp","href":"https:\/\/api.w.org\/{rel}","templated":true}]}}