{"id":5070,"date":"2023-03-18T19:27:35","date_gmt":"2023-03-18T18:27:35","guid":{"rendered":"https:\/\/ismfrance.org\/?p=5070"},"modified":"2023-03-19T10:12:58","modified_gmt":"2023-03-19T09:12:58","slug":"une-unite-dinfiltration-israelienne-tue-quatre-palestiniens-dont-un-adolescent-a-jenine","status":"publish","type":"post","link":"https:\/\/ismfrance.org\/index.php\/2023\/03\/18\/une-unite-dinfiltration-israelienne-tue-quatre-palestiniens-dont-un-adolescent-a-jenine\/","title":{"rendered":"Une unit\u00e9 d&rsquo;infiltration isra\u00e9lienne tue quatre Palestiniens dont un adolescent \u00e0 J\u00e9nine"},"content":{"rendered":"<p><strong>Jerusalem 24, 16 mars 2023<\/strong>. Quatre Palestiniens, dont un adolescent, ont \u00e9t\u00e9 tu\u00e9s par l&rsquo;arm\u00e9e et les forces d&rsquo;infiltration isra\u00e9liennes et 23 ont \u00e9t\u00e9 bless\u00e9s par des balles r\u00e9elles lors d&rsquo;une invasion militaire de jour de la ville de J\u00e9nine cet apr\u00e8s-midi (16 mars 2023).<\/p>\n<p><a href=\"https:\/\/ismfrance.org\/wp-content\/uploads\/2023\/03\/funerailles-jenin-2-resistants-16-mars.jpg\"><img loading=\"lazy\" decoding=\"async\" class=\"size-large wp-image-5071 aligncenter\" src=\"https:\/\/ismfrance.org\/wp-content\/uploads\/2023\/03\/funerailles-jenin-2-resistants-16-mars-700x394.jpg\" alt=\"\" width=\"600\" height=\"338\" srcset=\"https:\/\/ismfrance.org\/wp-content\/uploads\/2023\/03\/funerailles-jenin-2-resistants-16-mars-700x394.jpg 700w, https:\/\/ismfrance.org\/wp-content\/uploads\/2023\/03\/funerailles-jenin-2-resistants-16-mars-300x169.jpg 300w, https:\/\/ismfrance.org\/wp-content\/uploads\/2023\/03\/funerailles-jenin-2-resistants-16-mars-768x432.jpg 768w, https:\/\/ismfrance.org\/wp-content\/uploads\/2023\/03\/funerailles-jenin-2-resistants-16-mars.jpg 1280w\" sizes=\"auto, (max-width: 600px) 100vw, 600px\" \/><\/a><\/p>\n<p>Une unit\u00e9 isra\u00e9lienne secr\u00e8te s&rsquo;est infiltr\u00e9e dans la ville et a ex\u00e9cut\u00e9 deux Palestiniens dans la rue, tirant dans la foule et en tuant deux autres, avant de tenter de fuir dans des v\u00e9hicules immatricul\u00e9s en Palestine.<\/p>\n<p>Le minist\u00e8re de la Sant\u00e9 a identifi\u00e9 les victimes comme \u00e9tant Youssef Saleh Shraim, 29 ans, et Nidal Ameen Khazem, 28 ans (les cibles pr\u00e9sum\u00e9es de l&rsquo;unit\u00e9 d&rsquo;infiltration), ainsi que Louay Khalil Zughayr, 37 ans, et Omar Mohammad Awadeen, \u00e2g\u00e9 de 16 ans.<\/p>\n<p>Cinq des bless\u00e9s sont toujours dans un \u00e9tat critique et sont soign\u00e9s \u00e0 l&rsquo;h\u00f4pital Ibn Sina, \u00e0 l&rsquo;h\u00f4pital Al-Razi et \u00e0 l&rsquo;h\u00f4pital gouvernemental de J\u00e9nine.<\/p>\n<p>Les forces et les colons isra\u00e9liens ont maintenant abattu 86 Palestiniens, dont 17 enfants, en Cisjordanie occup\u00e9e, y compris J\u00e9rusalem-Est, au cours des dix premi\u00e8res semaines de 2023 \u2013 plus de la moiti\u00e9 du nombre total de morts en 2022, qui a elle-m\u00eame \u00e9t\u00e9 l&rsquo;ann\u00e9e la plus meurtri\u00e8re pour les Palestiniens en la Cisjordanie et J\u00e9rusalem depuis la Seconde Intifada.<\/p>\n<p>J\u00e9nine a fait les frais des victimes, avec 35 des 85 morts originaires de la ville.<\/p>\n<div id=\"attachment_5074\" style=\"width: 436px\" class=\"wp-caption aligncenter\"><a href=\"https:\/\/ismfrance.org\/wp-content\/uploads\/2023\/03\/martyrs-jenin-16-3.jpg\"><img loading=\"lazy\" decoding=\"async\" aria-describedby=\"caption-attachment-5074\" class=\"wp-image-5074\" src=\"https:\/\/ismfrance.org\/wp-content\/uploads\/2023\/03\/martyrs-jenin-16-3-700x700.jpg\" alt=\"\" width=\"426\" height=\"426\" srcset=\"https:\/\/ismfrance.org\/wp-content\/uploads\/2023\/03\/martyrs-jenin-16-3-700x700.jpg 700w, https:\/\/ismfrance.org\/wp-content\/uploads\/2023\/03\/martyrs-jenin-16-3-300x300.jpg 300w, https:\/\/ismfrance.org\/wp-content\/uploads\/2023\/03\/martyrs-jenin-16-3-150x150.jpg 150w, https:\/\/ismfrance.org\/wp-content\/uploads\/2023\/03\/martyrs-jenin-16-3-768x768.jpg 768w, https:\/\/ismfrance.org\/wp-content\/uploads\/2023\/03\/martyrs-jenin-16-3-144x144.jpg 144w, https:\/\/ismfrance.org\/wp-content\/uploads\/2023\/03\/martyrs-jenin-16-3-1320x1320.jpg 1320w, https:\/\/ismfrance.org\/wp-content\/uploads\/2023\/03\/martyrs-jenin-16-3.jpg 1400w\" sizes=\"auto, (max-width: 426px) 100vw, 426px\" \/><\/a><p id=\"caption-attachment-5074\" class=\"wp-caption-text\">De dr. \u00e0 g. : Louay Khalil Al-Zughair, 37 ans, Youssef Saleh Barakat Shreim, 29 ans, Nidal Amin Zaidan Khazem, 28 ans, Omar Muhammad Awadin, 16 ans.<\/p><\/div>\n<p><strong>Centre-ville bond\u00e9<\/strong><\/p>\n<p>Au d\u00e9but du dernier week-end avant le Ramadan, les rues du centre-ville de J\u00e9nine \u00e9taient bond\u00e9es de clients vers 15 heures lorsque le raid a commenc\u00e9.<\/p>\n<p>Un t\u00e9l\u00e9phone portable ainsi que des images de vid\u00e9osurveillance <a href=\"https:\/\/jerusalem.24fm.ps\/wp-content\/uploads\/2023\/03\/WhatsApp-Video-2023-03-16-at-17.44.26.mp4?_=1\">montrent<\/a> la circulation de v\u00e9hicules lourds et de pi\u00e9tons dans les rues avant qu&rsquo;on entende des coups de feu, les gens courant pour se mettre \u00e0 l&rsquo;abri et s&rsquo;abritant dans les magasins et les portes.<\/p>\n<p>Un\u00a0journaliste de <em>Palestine TV<\/em> dans le centre-ville\u00a0<a href=\"https:\/\/www.facebook.com\/watch\/?v=688260636389590\">a d\u00e9crit une sc\u00e8n<\/a>e de \u00ab\u00a0peur\u00a0\u00bb alors que des coups de feu \u00e9taient tir\u00e9s \u00ab\u00a0au hasard\u00a0\u00bb dans les rues, avec des enfants courant, effray\u00e9s, et des m\u00e8res tentant de prot\u00e9ger leurs enfants.<\/p>\n<p><strong>Une ex\u00e9cution extrajudiciaire film\u00e9e<\/strong><\/p>\n<p>Selon des d\u00e9clarations de t\u00e9moins oculaires, Khazem, 28 ans, et Shraim, 29 ans, faisaient des courses ensemble dans le centre-ville lorsque l&rsquo;unit\u00e9 d&rsquo;infiltration est sortie de deux voitures civiles avec des plaques d&rsquo;immatriculation palestiniennes et a tir\u00e9 sur Khazem \u00ab \u00e0 bout portant dans la t\u00eate \u00bb.<\/p>\n<p>https:\/\/twitter.com\/GazaNewsPlus\/status\/1636391796287881216?s=20<\/p>\n<p>Selon les t\u00e9moins oculaires, Shraim a parti en courant et a \u00e9t\u00e9 poursuivi par l&rsquo;unit\u00e9, qui a alors \u00ab tir\u00e9 au hasard dans la foule \u00bb, tuant Shraim et Omar Awadeen, 16 ans.<\/p>\n<p>Des images prises sur un t\u00e9l\u00e9phone portable depuis un appartement du premier \u00e9tage <a href=\"https:\/\/jerusalem.24fm.ps\/wp-content\/uploads\/2023\/03\/WhatsApp-Video-2023-03-16-at-17.44.32.mp4?_=2\">montrent<\/a> l&rsquo;unit\u00e9 d&rsquo;infiltration qui revient vers Khazem allong\u00e9 sur le sol, apparemment inconscient ou mort, et lui tire une balle dans la t\u00eate.<\/p>\n<p>Les ex\u00e9cutions extrajudiciaires, en particulier de personnes non arm\u00e9es ou bless\u00e9es,\u00a0sont consid\u00e9r\u00e9es comme un crime de guerre\u00a0en vertu du droit international, et \u00ab\u00a0peuvent \u00e9galement constituer un g\u00e9nocide ou un crime contre l&rsquo;humanit\u00e9 dans des contextes sp\u00e9cifiques et si elles font partie d&rsquo;une pratique collective\u00a0\u00bb.<\/p>\n<p><strong>Op\u00e9ration qui a mal tourn\u00e9 ?<\/strong><\/p>\n<p>Selon des s\u00e9quences vid\u00e9o visionn\u00e9es par\u00a0<em>J\u00e9rusalem24<\/em>, apr\u00e8s avoir tir\u00e9 sur Khazem, Shraim et Awadeen, l&rsquo;unit\u00e9 a couru vers les deux v\u00e9hicules et est mont\u00e9e \u00e0 bord tout en tirant dans la rue sur des cibles non identifi\u00e9es.<\/p>\n<p>Un v\u00e9hicule, une Jetta blanche, est film\u00e9 en train de sortir de la ville alors qu&rsquo;il est poursuivi par des habitants qui lancent des pierres. On entend des coups de feu alors que la voiture se fraye un chemin dans la circulation et heurte une moto \u00e0 un rond-point.<\/p>\n<p>Le deuxi\u00e8me v\u00e9hicule, une Skoda beige, a percut\u00e9 une voiture gar\u00e9e devant une imprimerie de la ville. Des images de t\u00e9l\u00e9phones portables documentent les instants qui ont imm\u00e9diatement suivi l&rsquo;accident, avec un homme arm\u00e9 visible \u00e0 travers la vitre arri\u00e8re et des jeunes attrapant des objets au sol pour les lancer sur le v\u00e9hicule.<\/p>\n<p>Selon des t\u00e9moins oculaires, l&rsquo;unit\u00e9 s&rsquo;est cach\u00e9e \u00e0 l&rsquo;int\u00e9rieur de l&rsquo;imprimerie et a tir\u00e9 \u00e0 travers la devanture, brisant les vitres et blessant un ouvrier.<\/p>\n<div id=\"attachment_5077\" style=\"width: 535px\" class=\"wp-caption aligncenter\"><a href=\"https:\/\/ismfrance.org\/wp-content\/uploads\/2023\/03\/infiltre.jpg\"><img loading=\"lazy\" decoding=\"async\" aria-describedby=\"caption-attachment-5077\" class=\"size-large wp-image-5077\" src=\"https:\/\/ismfrance.org\/wp-content\/uploads\/2023\/03\/infiltre-525x700.jpg\" alt=\"\" width=\"525\" height=\"700\" srcset=\"https:\/\/ismfrance.org\/wp-content\/uploads\/2023\/03\/infiltre-525x700.jpg 525w, https:\/\/ismfrance.org\/wp-content\/uploads\/2023\/03\/infiltre-225x300.jpg 225w, https:\/\/ismfrance.org\/wp-content\/uploads\/2023\/03\/infiltre.jpg 675w\" sizes=\"auto, (max-width: 525px) 100vw, 525px\" \/><\/a><p id=\"caption-attachment-5077\" class=\"wp-caption-text\">Un membre des forces sp\u00e9ciales d&rsquo;occupation infiltr\u00e9es \u00e0 Jenin le 16 mars 2023.<\/p><\/div>\n<p>Des images de t\u00e9l\u00e9phones portables montrent quatre hommes arm\u00e9s sortant du magasin dans un v\u00e9hicule militaire environ une heure plus tard. Des images tourn\u00e9es ailleurs dans la ville montrent la Skoda remorqu\u00e9e par un convoi de v\u00e9hicules militaires isra\u00e9liens.<\/p>\n<p>Une\u00a0d\u00e9claration\u00a0de l&rsquo;arm\u00e9e isra\u00e9lienne n&rsquo;a fait aucune mention de la n\u00e9cessit\u00e9 d&rsquo;extraire l&rsquo;unit\u00e9 d&rsquo;infiltration.<\/p>\n<p>On ne sait pas quand la quatri\u00e8me victime, Zughayr, 37 ans, a \u00e9t\u00e9 tu\u00e9e par balle, et <em>Jerusalem24<\/em> travaille toujours pour d\u00e9terminer les circonstances entourant son assassinat.<\/p>\n<p><strong>Franchir \u00ab\u00a0toutes les lignes rouges\u00a0\u00bb<\/strong><\/p>\n<p>Khazem et Shraim \u00e9taient tous deux des combattants palestiniens, respectivement affili\u00e9s au Jihad islamique palestinien et aux Brigades Al-Qassam du Hamas. Tous deux \u00e9taient d&rsquo;anciens d\u00e9tenus dans les prisons isra\u00e9liennes. Khazem \u00e9tait le cousin de Raed Khazem, qui a tir\u00e9 et tu\u00e9 trois civils isra\u00e9liens lors d&rsquo;une fusillade \u00e0 Tel Aviv en avril 2022.<\/p>\n<p>Les Brigades Al-Qods affili\u00e9es au Fatah ont publi\u00e9 une d\u00e9claration de deuil pour Khazem et Shraim.<\/p>\n<p>Les factions et partis politiques palestiniens ont \u00e9galement appel\u00e9 l&rsquo;Autorit\u00e9 palestinienne \u00e0 ne pas assister \u00e0 une prochaine r\u00e9union avec des repr\u00e9sentants isra\u00e9liens \u00e0 Charm al-Cheikh, d\u00e9cid\u00e9e lors du sommet d&rsquo;Aqaba en Jordanie le mois dernier.<\/p>\n<p>Les responsables am\u00e9ricains et jordaniens, qui ont coordonn\u00e9 le sommet d&rsquo;Aqaba, ont pr\u00e9sent\u00e9 l&rsquo;\u00e9v\u00e9nement comme une tentative de freiner \u00ab\u00a0l&rsquo;escalade\u00a0\u00bb actuelle de la violence en Cisjordanie occup\u00e9e, y compris \u00e0 J\u00e9rusalem-Est, en particulier avant le Ramadan.<\/p>\n<p>Cependant, quelques heures seulement apr\u00e8s la conclusion de la r\u00e9union, les parties palestinienne et isra\u00e9lienne ont d\u00e9nonc\u00e9 les accords conclus comme \u00ab\u00a0<a href=\"https:\/\/jerusalem.24fm.ps\/19085.html\">une arnaque<\/a>\u00a0\u00bb qui ne serait pas respect\u00e9e, m\u00eame si des centaines de colons isra\u00e9liens ont attaqu\u00e9 des r\u00e9sidents palestiniens \u00e0 Huwara au sud de Naplouse apr\u00e8s une fusillade. tu\u00e9 deux colons isra\u00e9liens dans l&rsquo;apr\u00e8s-midi.<\/p>\n<p>Le gouverneur de J\u00e9nine, Akram Rajoub, a d\u00e9clar\u00e9 aujourd&rsquo;hui qu&rsquo;Isra\u00ebl avait \u00ab franchi toutes les lignes rouges \u00bb lors de cette op\u00e9ration d&rsquo;infiltration foireuse. \u00ab\u00a0Il est clair que la vie des Palestiniens ne vaut rien pour le gouvernement isra\u00e9lien.\u00a0\u00bb<\/p>\n<p>Des fun\u00e9railles ont eu lieu pour les quatre Palestiniens imm\u00e9diatement apr\u00e8s le retrait de l&rsquo;arm\u00e9e de la ville.<\/p>\n<blockquote class=\"twitter-tweet\" data-width=\"550\" data-dnt=\"true\">\n<p lang=\"ar\" dir=\"rtl\">\u062a\u063a\u0637\u064a\u0629 \u0635\u062d\u0641\u064a\u0629: &quot;\u0628\u064a\u0646\u0647\u0645 \u0645\u0642\u0640\u0640\u0640\u0640\u0640\u0640\u0640\u0640\u0640\u0640\u0640\u0640\u0640\u0640\u0640\u0627\u0648\u0645\u0627\u0646&#8230; \u0647\u062a\u0627\u0641\u0627\u062a \u0627\u0644\u0645\u0634\u0627\u0631\u0643\u064a\u0646 \u0641\u064a \u062c\u0646\u0627\u0632\u0629 \u0627\u0644\u0641\u0644\u0633\u0637\u064a\u0646\u064a\u064a\u0646 \u0627\u0644\u0623\u0631\u0628\u0639\u0629 \u0627\u0644\u0630\u064a\u0646 \u0627\u0631\u062a\u0642\u0648\u0627 \u0628\u0631\u0635\u0627\u0635 \u0642\u0648\u0627\u062a \u0627\u0644\u0627\u062d\u062a\u0644\u0627\u0644 \u0641\u064a \u062c\u0646\u064a\u0646 \u0627\u0644\u064a\u0648\u0645&quot;. <a href=\"https:\/\/t.co\/hfk7uvtr5E\">pic.twitter.com\/hfk7uvtr5E<\/a><\/p>\n<p>&mdash; \u0634\u0628\u0643\u0629 \u0642\u062f\u0633 \u0627\u0644\u0625\u062e\u0628\u0627\u0631\u064a\u0629 (@qudsn) <a href=\"https:\/\/twitter.com\/qudsn\/status\/1636402403879665671?ref_src=twsrc%5Etfw\">March 16, 2023<\/a><\/p><\/blockquote>\n<p><script async src=\"https:\/\/platform.twitter.com\/widgets.js\" charset=\"utf-8\"><\/script><\/p>\n<pre>Article original en anglais sur <a href=\"https:\/\/jerusalem.24fm.ps\/19274.html\">jerusalem24<\/a> \/ Traduction MR<\/pre>\n","protected":false},"excerpt":{"rendered":"<p>Jerusalem 24, 16 mars 2023. Quatre Palestiniens, dont un adolescent, ont \u00e9t\u00e9 tu\u00e9s par l&rsquo;arm\u00e9e et les forces d&rsquo;infiltration isra\u00e9liennes et 23 ont \u00e9t\u00e9 bless\u00e9s par des balles r\u00e9elles lors <a class=\"more-link\" href=\"https:\/\/ismfrance.org\/index.php\/2023\/03\/18\/une-unite-dinfiltration-israelienne-tue-quatre-palestiniens-dont-un-adolescent-a-jenine\/\">Lire la suite &rarr;<\/a><\/p>\n","protected":false},"author":3,"featured_media":5071,"comment_status":"closed","ping_status":"closed","sticky":false,"template":"","format":"standard","meta":{"footnotes":""},"categories":[12,2],"tags":[155],"class_list":["post-5070","post","type-post","status-publish","format-standard","has-post-thumbnail","hentry","category-analyses","category-articles","tag-assassinats-cibles"],"yoast_head":"<!-- This site is optimized with the Yoast SEO plugin v27.2 - https:\/\/yoast.com\/product\/yoast-seo-wordpress\/ -->\n<title>Une unit\u00e9 d&#039;infiltration isra\u00e9lienne tue quatre Palestiniens dont un adolescent \u00e0 J\u00e9nine - International Solidarity Movement - ISM-France<\/title>\n<meta name=\"robots\" content=\"index, follow, max-snippet:-1, max-image-preview:large, max-video-preview:-1\" \/>\n<link rel=\"canonical\" href=\"https:\/\/ismfrance.org\/index.php\/2023\/03\/18\/une-unite-dinfiltration-israelienne-tue-quatre-palestiniens-dont-un-adolescent-a-jenine\/\" \/>\n<meta property=\"og:locale\" content=\"fr_FR\" \/>\n<meta property=\"og:type\" content=\"article\" \/>\n<meta property=\"og:title\" content=\"Une unit\u00e9 d&#039;infiltration isra\u00e9lienne tue quatre Palestiniens dont un adolescent \u00e0 J\u00e9nine - International Solidarity Movement - ISM-France\" \/>\n<meta property=\"og:description\" content=\"Jerusalem 24, 16 mars 2023. Quatre Palestiniens, dont un adolescent, ont \u00e9t\u00e9 tu\u00e9s par l&rsquo;arm\u00e9e et les forces d&rsquo;infiltration isra\u00e9liennes et 23 ont \u00e9t\u00e9 bless\u00e9s par des balles r\u00e9elles lors Lire la suite &rarr;\" \/>\n<meta property=\"og:url\" content=\"https:\/\/ismfrance.org\/index.php\/2023\/03\/18\/une-unite-dinfiltration-israelienne-tue-quatre-palestiniens-dont-un-adolescent-a-jenine\/\" \/>\n<meta property=\"og:site_name\" content=\"International Solidarity Movement - ISM-France\" \/>\n<meta property=\"article:published_time\" content=\"2023-03-18T18:27:35+00:00\" \/>\n<meta property=\"article:modified_time\" content=\"2023-03-19T09:12:58+00:00\" \/>\n<meta property=\"og:image\" content=\"https:\/\/ismfrance.org\/wp-content\/uploads\/2023\/03\/funerailles-jenin-2-resistants-16-mars.jpg\" \/>\n\t<meta property=\"og:image:width\" content=\"1280\" \/>\n\t<meta property=\"og:image:height\" content=\"720\" \/>\n\t<meta property=\"og:image:type\" content=\"image\/jpeg\" \/>\n<meta name=\"author\" content=\"mru_01\" \/>\n<meta name=\"twitter:card\" content=\"summary_large_image\" \/>\n<meta name=\"twitter:creator\" content=\"@ISMFRANCE\" \/>\n<meta name=\"twitter:site\" content=\"@ISMFRANCE\" \/>\n<meta name=\"twitter:label1\" content=\"\u00c9crit par\" \/>\n\t<meta name=\"twitter:data1\" content=\"mru_01\" \/>\n\t<meta name=\"twitter:label2\" content=\"Dur\u00e9e de lecture estim\u00e9e\" \/>\n\t<meta name=\"twitter:data2\" content=\"7 minutes\" \/>\n<script type=\"application\/ld+json\" class=\"yoast-schema-graph\">{\"@context\":\"https:\/\/schema.org\",\"@graph\":[{\"@type\":\"Article\",\"@id\":\"https:\/\/ismfrance.org\/index.php\/2023\/03\/18\/une-unite-dinfiltration-israelienne-tue-quatre-palestiniens-dont-un-adolescent-a-jenine\/#article\",\"isPartOf\":{\"@id\":\"https:\/\/ismfrance.org\/index.php\/2023\/03\/18\/une-unite-dinfiltration-israelienne-tue-quatre-palestiniens-dont-un-adolescent-a-jenine\/\"},\"author\":{\"name\":\"mru_01\",\"@id\":\"https:\/\/ismfrance.org\/#\/schema\/person\/3c411eb72adfaae19c0dca1f41fae01d\"},\"headline\":\"Une unit\u00e9 d&rsquo;infiltration isra\u00e9lienne tue quatre Palestiniens dont un adolescent \u00e0 J\u00e9nine\",\"datePublished\":\"2023-03-18T18:27:35+00:00\",\"dateModified\":\"2023-03-19T09:12:58+00:00\",\"mainEntityOfPage\":{\"@id\":\"https:\/\/ismfrance.org\/index.php\/2023\/03\/18\/une-unite-dinfiltration-israelienne-tue-quatre-palestiniens-dont-un-adolescent-a-jenine\/\"},\"wordCount\":1222,\"publisher\":{\"@id\":\"https:\/\/ismfrance.org\/#organization\"},\"image\":{\"@id\":\"https:\/\/ismfrance.org\/index.php\/2023\/03\/18\/une-unite-dinfiltration-israelienne-tue-quatre-palestiniens-dont-un-adolescent-a-jenine\/#primaryimage\"},\"thumbnailUrl\":\"https:\/\/ismfrance.org\/wp-content\/uploads\/2023\/03\/funerailles-jenin-2-resistants-16-mars.jpg\",\"keywords\":[\"Assassinats cibl\u00e9s\"],\"articleSection\":[\"Analyses\",\"Articles\"],\"inLanguage\":\"fr-FR\"},{\"@type\":\"WebPage\",\"@id\":\"https:\/\/ismfrance.org\/index.php\/2023\/03\/18\/une-unite-dinfiltration-israelienne-tue-quatre-palestiniens-dont-un-adolescent-a-jenine\/\",\"url\":\"https:\/\/ismfrance.org\/index.php\/2023\/03\/18\/une-unite-dinfiltration-israelienne-tue-quatre-palestiniens-dont-un-adolescent-a-jenine\/\",\"name\":\"Une unit\u00e9 d'infiltration isra\u00e9lienne tue quatre Palestiniens dont un adolescent \u00e0 J\u00e9nine - International Solidarity Movement - ISM-France\",\"isPartOf\":{\"@id\":\"https:\/\/ismfrance.org\/#website\"},\"primaryImageOfPage\":{\"@id\":\"https:\/\/ismfrance.org\/index.php\/2023\/03\/18\/une-unite-dinfiltration-israelienne-tue-quatre-palestiniens-dont-un-adolescent-a-jenine\/#primaryimage\"},\"image\":{\"@id\":\"https:\/\/ismfrance.org\/index.php\/2023\/03\/18\/une-unite-dinfiltration-israelienne-tue-quatre-palestiniens-dont-un-adolescent-a-jenine\/#primaryimage\"},\"thumbnailUrl\":\"https:\/\/ismfrance.org\/wp-content\/uploads\/2023\/03\/funerailles-jenin-2-resistants-16-mars.jpg\",\"datePublished\":\"2023-03-18T18:27:35+00:00\",\"dateModified\":\"2023-03-19T09:12:58+00:00\",\"breadcrumb\":{\"@id\":\"https:\/\/ismfrance.org\/index.php\/2023\/03\/18\/une-unite-dinfiltration-israelienne-tue-quatre-palestiniens-dont-un-adolescent-a-jenine\/#breadcrumb\"},\"inLanguage\":\"fr-FR\",\"potentialAction\":[{\"@type\":\"ReadAction\",\"target\":[\"https:\/\/ismfrance.org\/index.php\/2023\/03\/18\/une-unite-dinfiltration-israelienne-tue-quatre-palestiniens-dont-un-adolescent-a-jenine\/\"]}]},{\"@type\":\"ImageObject\",\"inLanguage\":\"fr-FR\",\"@id\":\"https:\/\/ismfrance.org\/index.php\/2023\/03\/18\/une-unite-dinfiltration-israelienne-tue-quatre-palestiniens-dont-un-adolescent-a-jenine\/#primaryimage\",\"url\":\"https:\/\/ismfrance.org\/wp-content\/uploads\/2023\/03\/funerailles-jenin-2-resistants-16-mars.jpg\",\"contentUrl\":\"https:\/\/ismfrance.org\/wp-content\/uploads\/2023\/03\/funerailles-jenin-2-resistants-16-mars.jpg\",\"width\":1280,\"height\":720},{\"@type\":\"BreadcrumbList\",\"@id\":\"https:\/\/ismfrance.org\/index.php\/2023\/03\/18\/une-unite-dinfiltration-israelienne-tue-quatre-palestiniens-dont-un-adolescent-a-jenine\/#breadcrumb\",\"itemListElement\":[{\"@type\":\"ListItem\",\"position\":1,\"name\":\"Accueil\",\"item\":\"https:\/\/ismfrance.org\/\"},{\"@type\":\"ListItem\",\"position\":2,\"name\":\"Une unit\u00e9 d&#8217;infiltration isra\u00e9lienne tue quatre Palestiniens dont un adolescent \u00e0 J\u00e9nine\"}]},{\"@type\":\"WebSite\",\"@id\":\"https:\/\/ismfrance.org\/#website\",\"url\":\"https:\/\/ismfrance.org\/\",\"name\":\"ISM Palestine France\",\"description\":\"Soutien aux luttes de lib\u00e9ration du peuple palestinien\",\"publisher\":{\"@id\":\"https:\/\/ismfrance.org\/#organization\"},\"potentialAction\":[{\"@type\":\"SearchAction\",\"target\":{\"@type\":\"EntryPoint\",\"urlTemplate\":\"https:\/\/ismfrance.org\/?s={search_term_string}\"},\"query-input\":{\"@type\":\"PropertyValueSpecification\",\"valueRequired\":true,\"valueName\":\"search_term_string\"}}],\"inLanguage\":\"fr-FR\"},{\"@type\":\"Organization\",\"@id\":\"https:\/\/ismfrance.org\/#organization\",\"name\":\"International Solidarity Movement\",\"url\":\"https:\/\/ismfrance.org\/\",\"logo\":{\"@type\":\"ImageObject\",\"inLanguage\":\"fr-FR\",\"@id\":\"https:\/\/ismfrance.org\/#\/schema\/logo\/image\/\",\"url\":\"https:\/\/ismfrance.org\/wp-content\/uploads\/2020\/12\/00.png\",\"contentUrl\":\"https:\/\/ismfrance.org\/wp-content\/uploads\/2020\/12\/00.png\",\"width\":400,\"height\":400,\"caption\":\"International Solidarity Movement\"},\"image\":{\"@id\":\"https:\/\/ismfrance.org\/#\/schema\/logo\/image\/\"},\"sameAs\":[\"https:\/\/x.com\/ISMFRANCE\"]},{\"@type\":\"Person\",\"@id\":\"https:\/\/ismfrance.org\/#\/schema\/person\/3c411eb72adfaae19c0dca1f41fae01d\",\"name\":\"mru_01\",\"image\":{\"@type\":\"ImageObject\",\"inLanguage\":\"fr-FR\",\"@id\":\"https:\/\/secure.gravatar.com\/avatar\/3a0be343b445d2ccc79e87444a294fad2b232e90d2051d0e3cc219e1ecd6a330?s=96&d=mm&r=g\",\"url\":\"https:\/\/secure.gravatar.com\/avatar\/3a0be343b445d2ccc79e87444a294fad2b232e90d2051d0e3cc219e1ecd6a330?s=96&d=mm&r=g\",\"contentUrl\":\"https:\/\/secure.gravatar.com\/avatar\/3a0be343b445d2ccc79e87444a294fad2b232e90d2051d0e3cc219e1ecd6a330?s=96&d=mm&r=g\",\"caption\":\"mru_01\"},\"url\":\"https:\/\/ismfrance.org\/index.php\/author\/admin02\/\"}]}<\/script>\n<!-- \/ Yoast SEO plugin. -->","yoast_head_json":{"title":"Une unit\u00e9 d'infiltration isra\u00e9lienne tue quatre Palestiniens dont un adolescent \u00e0 J\u00e9nine - International Solidarity Movement - ISM-France","robots":{"index":"index","follow":"follow","max-snippet":"max-snippet:-1","max-image-preview":"max-image-preview:large","max-video-preview":"max-video-preview:-1"},"canonical":"https:\/\/ismfrance.org\/index.php\/2023\/03\/18\/une-unite-dinfiltration-israelienne-tue-quatre-palestiniens-dont-un-adolescent-a-jenine\/","og_locale":"fr_FR","og_type":"article","og_title":"Une unit\u00e9 d'infiltration isra\u00e9lienne tue quatre Palestiniens dont un adolescent \u00e0 J\u00e9nine - International Solidarity Movement - ISM-France","og_description":"Jerusalem 24, 16 mars 2023. Quatre Palestiniens, dont un adolescent, ont \u00e9t\u00e9 tu\u00e9s par l&rsquo;arm\u00e9e et les forces d&rsquo;infiltration isra\u00e9liennes et 23 ont \u00e9t\u00e9 bless\u00e9s par des balles r\u00e9elles lors Lire la suite &rarr;","og_url":"https:\/\/ismfrance.org\/index.php\/2023\/03\/18\/une-unite-dinfiltration-israelienne-tue-quatre-palestiniens-dont-un-adolescent-a-jenine\/","og_site_name":"International Solidarity Movement - ISM-France","article_published_time":"2023-03-18T18:27:35+00:00","article_modified_time":"2023-03-19T09:12:58+00:00","og_image":[{"width":1280,"height":720,"url":"https:\/\/ismfrance.org\/wp-content\/uploads\/2023\/03\/funerailles-jenin-2-resistants-16-mars.jpg","type":"image\/jpeg"}],"author":"mru_01","twitter_card":"summary_large_image","twitter_creator":"@ISMFRANCE","twitter_site":"@ISMFRANCE","twitter_misc":{"\u00c9crit par":"mru_01","Dur\u00e9e de lecture estim\u00e9e":"7 minutes"},"schema":{"@context":"https:\/\/schema.org","@graph":[{"@type":"Article","@id":"https:\/\/ismfrance.org\/index.php\/2023\/03\/18\/une-unite-dinfiltration-israelienne-tue-quatre-palestiniens-dont-un-adolescent-a-jenine\/#article","isPartOf":{"@id":"https:\/\/ismfrance.org\/index.php\/2023\/03\/18\/une-unite-dinfiltration-israelienne-tue-quatre-palestiniens-dont-un-adolescent-a-jenine\/"},"author":{"name":"mru_01","@id":"https:\/\/ismfrance.org\/#\/schema\/person\/3c411eb72adfaae19c0dca1f41fae01d"},"headline":"Une unit\u00e9 d&rsquo;infiltration isra\u00e9lienne tue quatre Palestiniens dont un adolescent \u00e0 J\u00e9nine","datePublished":"2023-03-18T18:27:35+00:00","dateModified":"2023-03-19T09:12:58+00:00","mainEntityOfPage":{"@id":"https:\/\/ismfrance.org\/index.php\/2023\/03\/18\/une-unite-dinfiltration-israelienne-tue-quatre-palestiniens-dont-un-adolescent-a-jenine\/"},"wordCount":1222,"publisher":{"@id":"https:\/\/ismfrance.org\/#organization"},"image":{"@id":"https:\/\/ismfrance.org\/index.php\/2023\/03\/18\/une-unite-dinfiltration-israelienne-tue-quatre-palestiniens-dont-un-adolescent-a-jenine\/#primaryimage"},"thumbnailUrl":"https:\/\/ismfrance.org\/wp-content\/uploads\/2023\/03\/funerailles-jenin-2-resistants-16-mars.jpg","keywords":["Assassinats cibl\u00e9s"],"articleSection":["Analyses","Articles"],"inLanguage":"fr-FR"},{"@type":"WebPage","@id":"https:\/\/ismfrance.org\/index.php\/2023\/03\/18\/une-unite-dinfiltration-israelienne-tue-quatre-palestiniens-dont-un-adolescent-a-jenine\/","url":"https:\/\/ismfrance.org\/index.php\/2023\/03\/18\/une-unite-dinfiltration-israelienne-tue-quatre-palestiniens-dont-un-adolescent-a-jenine\/","name":"Une unit\u00e9 d'infiltration isra\u00e9lienne tue quatre Palestiniens dont un adolescent \u00e0 J\u00e9nine - International Solidarity Movement - ISM-France","isPartOf":{"@id":"https:\/\/ismfrance.org\/#website"},"primaryImageOfPage":{"@id":"https:\/\/ismfrance.org\/index.php\/2023\/03\/18\/une-unite-dinfiltration-israelienne-tue-quatre-palestiniens-dont-un-adolescent-a-jenine\/#primaryimage"},"image":{"@id":"https:\/\/ismfrance.org\/index.php\/2023\/03\/18\/une-unite-dinfiltration-israelienne-tue-quatre-palestiniens-dont-un-adolescent-a-jenine\/#primaryimage"},"thumbnailUrl":"https:\/\/ismfrance.org\/wp-content\/uploads\/2023\/03\/funerailles-jenin-2-resistants-16-mars.jpg","datePublished":"2023-03-18T18:27:35+00:00","dateModified":"2023-03-19T09:12:58+00:00","breadcrumb":{"@id":"https:\/\/ismfrance.org\/index.php\/2023\/03\/18\/une-unite-dinfiltration-israelienne-tue-quatre-palestiniens-dont-un-adolescent-a-jenine\/#breadcrumb"},"inLanguage":"fr-FR","potentialAction":[{"@type":"ReadAction","target":["https:\/\/ismfrance.org\/index.php\/2023\/03\/18\/une-unite-dinfiltration-israelienne-tue-quatre-palestiniens-dont-un-adolescent-a-jenine\/"]}]},{"@type":"ImageObject","inLanguage":"fr-FR","@id":"https:\/\/ismfrance.org\/index.php\/2023\/03\/18\/une-unite-dinfiltration-israelienne-tue-quatre-palestiniens-dont-un-adolescent-a-jenine\/#primaryimage","url":"https:\/\/ismfrance.org\/wp-content\/uploads\/2023\/03\/funerailles-jenin-2-resistants-16-mars.jpg","contentUrl":"https:\/\/ismfrance.org\/wp-content\/uploads\/2023\/03\/funerailles-jenin-2-resistants-16-mars.jpg","width":1280,"height":720},{"@type":"BreadcrumbList","@id":"https:\/\/ismfrance.org\/index.php\/2023\/03\/18\/une-unite-dinfiltration-israelienne-tue-quatre-palestiniens-dont-un-adolescent-a-jenine\/#breadcrumb","itemListElement":[{"@type":"ListItem","position":1,"name":"Accueil","item":"https:\/\/ismfrance.org\/"},{"@type":"ListItem","position":2,"name":"Une unit\u00e9 d&#8217;infiltration isra\u00e9lienne tue quatre Palestiniens dont un adolescent \u00e0 J\u00e9nine"}]},{"@type":"WebSite","@id":"https:\/\/ismfrance.org\/#website","url":"https:\/\/ismfrance.org\/","name":"ISM Palestine France","description":"Soutien aux luttes de lib\u00e9ration du peuple palestinien","publisher":{"@id":"https:\/\/ismfrance.org\/#organization"},"potentialAction":[{"@type":"SearchAction","target":{"@type":"EntryPoint","urlTemplate":"https:\/\/ismfrance.org\/?s={search_term_string}"},"query-input":{"@type":"PropertyValueSpecification","valueRequired":true,"valueName":"search_term_string"}}],"inLanguage":"fr-FR"},{"@type":"Organization","@id":"https:\/\/ismfrance.org\/#organization","name":"International Solidarity Movement","url":"https:\/\/ismfrance.org\/","logo":{"@type":"ImageObject","inLanguage":"fr-FR","@id":"https:\/\/ismfrance.org\/#\/schema\/logo\/image\/","url":"https:\/\/ismfrance.org\/wp-content\/uploads\/2020\/12\/00.png","contentUrl":"https:\/\/ismfrance.org\/wp-content\/uploads\/2020\/12\/00.png","width":400,"height":400,"caption":"International Solidarity Movement"},"image":{"@id":"https:\/\/ismfrance.org\/#\/schema\/logo\/image\/"},"sameAs":["https:\/\/x.com\/ISMFRANCE"]},{"@type":"Person","@id":"https:\/\/ismfrance.org\/#\/schema\/person\/3c411eb72adfaae19c0dca1f41fae01d","name":"mru_01","image":{"@type":"ImageObject","inLanguage":"fr-FR","@id":"https:\/\/secure.gravatar.com\/avatar\/3a0be343b445d2ccc79e87444a294fad2b232e90d2051d0e3cc219e1ecd6a330?s=96&d=mm&r=g","url":"https:\/\/secure.gravatar.com\/avatar\/3a0be343b445d2ccc79e87444a294fad2b232e90d2051d0e3cc219e1ecd6a330?s=96&d=mm&r=g","contentUrl":"https:\/\/secure.gravatar.com\/avatar\/3a0be343b445d2ccc79e87444a294fad2b232e90d2051d0e3cc219e1ecd6a330?s=96&d=mm&r=g","caption":"mru_01"},"url":"https:\/\/ismfrance.org\/index.php\/author\/admin02\/"}]}},"_links":{"self":[{"href":"https:\/\/ismfrance.org\/index.php\/wp-json\/wp\/v2\/posts\/5070","targetHints":{"allow":["GET"]}}],"collection":[{"href":"https:\/\/ismfrance.org\/index.php\/wp-json\/wp\/v2\/posts"}],"about":[{"href":"https:\/\/ismfrance.org\/index.php\/wp-json\/wp\/v2\/types\/post"}],"author":[{"embeddable":true,"href":"https:\/\/ismfrance.org\/index.php\/wp-json\/wp\/v2\/users\/3"}],"replies":[{"embeddable":true,"href":"https:\/\/ismfrance.org\/index.php\/wp-json\/wp\/v2\/comments?post=5070"}],"version-history":[{"count":0,"href":"https:\/\/ismfrance.org\/index.php\/wp-json\/wp\/v2\/posts\/5070\/revisions"}],"wp:featuredmedia":[{"embeddable":true,"href":"https:\/\/ismfrance.org\/index.php\/wp-json\/wp\/v2\/media\/5071"}],"wp:attachment":[{"href":"https:\/\/ismfrance.org\/index.php\/wp-json\/wp\/v2\/media?parent=5070"}],"wp:term":[{"taxonomy":"category","embeddable":true,"href":"https:\/\/ismfrance.org\/index.php\/wp-json\/wp\/v2\/categories?post=5070"},{"taxonomy":"post_tag","embeddable":true,"href":"https:\/\/ismfrance.org\/index.php\/wp-json\/wp\/v2\/tags?post=5070"}],"curies":[{"name":"wp","href":"https:\/\/api.w.org\/{rel}","templated":true}]}}