{"id":5061,"date":"2023-03-17T10:08:50","date_gmt":"2023-03-17T09:08:50","guid":{"rendered":"https:\/\/ismfrance.org\/?p=5061"},"modified":"2023-03-17T10:10:44","modified_gmt":"2023-03-17T09:10:44","slug":"dans-le-cadre-de-la-semaine-internationale-dactions-du-25-mars-au-2-avril-2023-mobilisons-nous-le-2-avril-pour-la-liberation-de-georges-abdallah-un-seul-cadeau-danniversaire-la","status":"publish","type":"post","link":"https:\/\/ismfrance.org\/index.php\/2023\/03\/17\/dans-le-cadre-de-la-semaine-internationale-dactions-du-25-mars-au-2-avril-2023-mobilisons-nous-le-2-avril-pour-la-liberation-de-georges-abdallah-un-seul-cadeau-danniversaire-la\/","title":{"rendered":"Dans le cadre de la semaine internationale d\u2019actions du 25 mars au 2 avril 2023, Mobilisons-nous le 2 avril pour la lib\u00e9ration de Georges Abdallah ! Un seul cadeau d\u2019anniversaire : la lutte !"},"content":{"rendered":"<p><span style=\"color: #000000;\"><span style=\"font-family: Verdana, sans-serif;\"><span style=\"font-size: medium;\"><strong>Campagne Unitaire pour la Lib\u00e9ration de Georges Abdallah, 15 mars 2023<\/strong>. Le 2 avril prochain, mettons Georges Abdallah aux avant-postes de nos luttes lui qui a toujours \u00e9t\u00e9 et reste \u00e0 l\u2019avant-garde du combat !<\/span><\/span><\/span><a href=\"https:\/\/ismfrance.org\/wp-content\/uploads\/2023\/03\/GIA.jpg\"><img loading=\"lazy\" decoding=\"async\" class=\"size-large wp-image-5062 aligncenter\" src=\"https:\/\/ismfrance.org\/wp-content\/uploads\/2023\/03\/GIA-700x389.jpg\" alt=\"\" width=\"600\" height=\"333\" srcset=\"https:\/\/ismfrance.org\/wp-content\/uploads\/2023\/03\/GIA-700x389.jpg 700w, https:\/\/ismfrance.org\/wp-content\/uploads\/2023\/03\/GIA-300x167.jpg 300w, https:\/\/ismfrance.org\/wp-content\/uploads\/2023\/03\/GIA-768x427.jpg 768w, https:\/\/ismfrance.org\/wp-content\/uploads\/2023\/03\/GIA.jpg 800w\" sizes=\"auto, (max-width: 600px) 100vw, 600px\" \/><\/a><\/p>\n<p><span style=\"color: #000000;\"><span style=\"font-family: Verdana, sans-serif;\"><span style=\"font-size: medium;\">Faisons de ce 2 avril non pas une simple date anniversaire de notre camarade ; non pas une simple date pour d\u00e9plorer ou nous r\u00e9signer de son entr\u00e9e dans sa 72\u00e8 ann\u00e9e. Non pas une simple date pour ressasser toutes ses si longues ann\u00e9es pass\u00e9es en d\u00e9tention et par-l\u00e0 m\u00eame nos \u00e9checs \u00e0 ne pas \u00eatre parvenus \u00e0 lib\u00e9rer notre camarade ! <\/span><\/span><\/span><\/p>\n<p><span style=\"color: #000000;\"><span style=\"font-family: Verdana, sans-serif;\"><span style=\"font-size: medium;\">Faisons de ce 2 avril une journ\u00e9e internationale d\u2019actions, \u00ab d\u00e9ter et r\u00e9volutionnaire \u00bb, \u00e0 l\u2019image de ce qu\u2019est Georges Abdallah pour porter le combat qui est le sien, qui est le n\u00f4tre et faire tonner l\u2019exigence de sa lib\u00e9ration partout en France, au Liban et dans le monde. <\/span><\/span><\/span><\/p>\n<p><span style=\"color: #000000;\"><span style=\"font-family: Verdana, sans-serif;\"><span style=\"font-size: medium;\">Faisons de ce 2 avril \u00e0 venir une journ\u00e9e internationale d\u2019actions pour notre camarade parce que Georges Abdallah est Georges Abdallah, qu\u2019il est de toutes nos luttes et que nous sommes de son combat et qu\u2019\u00f4 combien ont raisonn\u00e9 dans nos r\u00e9voltes, nos mobilisations, nos manifestations, ces temps derniers, ses d\u00e9clarations et ses appels \u00e0 entrer en r\u00e9sistance et \u00e0 combattre toutes les formes d\u2019oppression, de domination et de barbarie qu\u2019engendrent l\u2019imp\u00e9rialisme, le capitalisme, le sionisme et le fascisme. <\/span><\/span><\/span><\/p>\n<p><span style=\"color: #000000;\"><span style=\"font-family: Verdana, sans-serif;\"><span style=\"font-size: medium;\">Faisons de ce 2 avril une journ\u00e9e internationale d\u2019actions pour notre camarade car notre combat rime avec Georges Abdallah quand, partout dans le monde et en France, les classes populaires se soul\u00e8vent contre un syst\u00e8me qui les broient, les affament, pour toujours plus de profits et davantage de mis\u00e8re. Le capital nous fait la guerre ! Guerre au capital ! <\/span><\/span><\/span><\/p>\n<p><span style=\"color: #000000;\"><span style=\"font-family: Verdana, sans-serif;\"><span style=\"font-size: medium;\">Faisons de ce 2 avril prochain une journ\u00e9e internationale d\u2019actions pour notre camarade car notre combat rime avec Georges Abdallah quand partout dans le monde, les peuples ne sont pas dupes de leurs guerres imp\u00e9rialistes de pillage et de repartage du monde et font bien le lien entre ces guerres et la guerre de classes qui leur est faite. Leurs guerres, nos morts ! Guerre \u00e0 la guerre imp\u00e9rialiste ! <\/span><\/span><\/span><\/p>\n<p><span style=\"color: #000000;\"><span style=\"font-family: Verdana, sans-serif;\"><span style=\"font-size: medium;\">Faisons de ce 2 avril une journ\u00e9e d\u2019actions internationales pour notre camarade car notre combat rime avec Georges Abdallah quand partout les masses populaires expriment leur solidarit\u00e9 internationale avec les peuples en lutte et sont, en particulier, aux c\u00f4t\u00e9s de l\u2019h\u00e9ro\u00efque r\u00e9sistance du peuple palestinien dans sa lutte de lib\u00e9ration nationale contre l\u2019occupant sioniste. Car Palestine vivra ! Et Palestine vaincra ! La Palestine aux Palestiniens, de la mer au Jourdain ! <\/span><\/span><\/span><\/p>\n<p><span style=\"color: #000000;\"><span style=\"font-family: Verdana, sans-serif;\"><span style=\"font-size: medium;\">Faisons de ce 2 avril prochain une journ\u00e9e internationale d\u2019actions pour notre camarade car notre combat rime avec Georges Abdallah quand partout dans le monde, les forces r\u00e9sistantes s\u2019organisent contre la mont\u00e9e du fascisme sous toutes ses formes et \u0153uvrent, pour opposer \u00e0 cette dictature du capital sous sa forme la plus violente, une lutte des classes r\u00e9volutionnaires. <\/span><\/span><\/span><\/p>\n<p><span style=\"color: #000000;\"><span style=\"font-family: Verdana, sans-serif;\"><span style=\"font-size: medium;\">Parce que Georges Abdallah est <b>notre camarade<\/b> et que nous nous reconnaissons pleinement dans <b>son engagement r\u00e9volutionnaire internationaliste<\/b> sans faille pour la fin du colonialisme \u00e0 travers le monde, pour la fin du capitalisme et de l\u2019exploitation et en soutien \u00e0 la lutte des peuples et des nations opprim\u00e9es, ce 2 avril prochain, pla\u00e7ons l\u2019exigence de sa lib\u00e9ration \u00e0 l\u2019avant-garde de nos revendications anti-imp\u00e9rialistes, anticapitalistes, anticolonialistes et antifascistes. <\/span><\/span><\/span><\/p>\n<p><span style=\"color: #000000;\"><span style=\"font-family: Verdana, sans-serif;\"><span style=\"font-size: medium;\">Parce que Georges Abdallah n\u2019est pas seulement un symbole pour les r\u00e9volutionnaires \u00e0 travers le monde mais bien <b>un symbole de la r\u00e9sistance unanimement reconnu<\/b>, manifestons, en ce 2 avril prochain, notre droit juste et l\u00e9gitime \u00e0 nous r\u00e9volter et \u00e0 r\u00e9sister en arborant l\u2019exigence de la lib\u00e9ration de notre camarade. <\/span><\/span><\/span><\/p>\n<p><span style=\"color: #000000;\"><span style=\"font-family: Verdana, sans-serif;\"><span style=\"font-size: medium;\">Parce que Georges Abdallah est un prisonnier de la politique imp\u00e9rialo-sioniste d\u2019emprisonnement ou de liquidation en masse des militants de la cause palestinienne et plus largement des r\u00e9volutionnaires et parce que les prisonniers politiques r\u00e9volutionnaires sont <b>les flambeaux de la r\u00e9sistance<\/b>, exigeons ce 2 avril prochain la lib\u00e9ration de Georges Abdallah et aussi celles de tous les prisonniers palestiniens et de tous les prisonniers politiques et r\u00e9volutionnaires de par le monde.<\/span><\/span><\/span><\/p>\n<p><span style=\"color: #000000;\"><span style=\"font-family: Verdana, sans-serif;\"><span style=\"font-size: medium;\">Georges Abdallah, ce 2 avril prochain, tes camarades seront l\u00e0 ! Pour marquer un nouveau jalon national et international dans la campagne pour ta lib\u00e9ration et d\u00e9montrer que pour nous aussi, \u00e0 ton image, l\u2019important est de ne pas se rendre, de ne rien l\u00e2cher, de r\u00e9sister jusqu\u2019\u00e0 la victoire car la r\u00e9sistance est un droit et un devoir et qu\u2019elle doit conduire in\u00e9luctablement \u00e0 l\u2019intensification de ce rapport de force garant de ta lib\u00e9ration. <\/span><\/span><\/span><\/p>\n<p><span style=\"color: #000000;\"><span style=\"font-family: Verdana, sans-serif;\"><span style=\"font-size: medium;\">Nous tous ici signataires de ce texte, nous nous engageons et ferons en sorte qu\u2019en ce jour anniversaire ou durant toute la semaine internationale d\u2019actions du 25 mars au 2 avril 2023, mille initiatives fleurissent pour porter ton combat et exiger ta lib\u00e9ration ! <\/span><\/span><\/span><\/p>\n<p><span style=\"color: #000000;\"><span style=\"font-family: Verdana, sans-serif;\"><span style=\"font-size: medium;\">A Paris, le 2 avril 2023, l\u2019exigence de la lib\u00e9ration de Georges Abdallah sera clam\u00e9e dans les rues de la capitale lors d\u2019une manifestation organis\u00e9e par la Campagne Unitaire. <\/span><\/span><\/span><\/p>\n<p><span style=\"color: #000000;\"><span style=\"font-family: Verdana, sans-serif;\"><span style=\"font-size: medium;\">\u00ab La solidarit\u00e9, inscrite dans la dynamique des luttes en cours, est une arme qui rompt les cha\u00eenes de l\u2019isolement derri\u00e8re les abominables murs et permet aux camarades incarc\u00e9r\u00e9s de transcender leurs conditions de d\u00e9tention pour s\u2019inscrire effectivement dans le mouvement en tant que protagonistes r\u00e9volutionnaires op\u00e9rant dans les conditions sp\u00e9ciales qui sont les leurs \u00bb. (Georges Abdallah) <\/span><\/span><\/span><\/p>\n<p><span style=\"color: #000000;\"><span style=\"font-family: Verdana, sans-serif;\"><span style=\"font-size: medium;\"><b>La solidarit\u00e9 est notre arme ! Libert\u00e9 pour Georges Abdallah ! <\/b><\/span><\/span><\/span><\/p>\n<p><span style=\"color: #000000;\"><span style=\"font-family: Verdana, sans-serif;\"><span style=\"font-size: medium;\"><b>Amplifions, coordonnons et intensifions la mobilisation pour sa lib\u00e9ration ! <\/b><\/span><\/span><\/span><\/p>\n<p><span style=\"color: #000000;\"><span style=\"font-family: Verdana, sans-serif;\"><span style=\"font-size: medium;\"><b>Une, deux, trois, mille initiatives pour la semaine internationales d\u2019actions et pour la journ\u00e9e du 2 avril 2023 afin d\u2019exiger la lib\u00e9ration de Georges Abdallah !<\/b> <\/span><\/span><\/span><\/p>\n<p><span style=\"color: #000000;\"><span style=\"font-family: Verdana, sans-serif;\"><span style=\"font-size: medium;\">Paris, le 15 mars 2023 <\/span><\/span><\/span><\/p>\n<p><span style=\"color: #000000;\"><span style=\"font-family: Verdana, sans-serif;\"><span style=\"font-size: medium;\">Campagne Unitaire pour la Lib\u00e9ration de Georges Abdallah<\/span><\/span><\/span><\/p>\n<p><span style=\"color: #000000;\"><span style=\"font-family: Verdana, sans-serif;\"><span style=\"font-size: medium;\">Campagne.unitaire.gabdallah@gmail.com <\/span><\/span><\/span><\/p>\n<p><span style=\"color: #000000;\"><span style=\"font-family: Verdana, sans-serif;\"><span style=\"font-size: medium;\">Facebook : <a href=\"https:\/\/www.facebook.com\/detouteurgence\">pour la lib\u00e9ration de Georges Abdallah <\/a><\/span><\/span><\/span><\/p>\n<p><span style=\"color: #000000;\"><span style=\"font-family: Verdana, sans-serif;\"><span style=\"font-size: medium;\">Instagram : <a href=\"https:\/\/www.instagram.com\/cuplgia\/\">cuplgia<\/a><\/span><\/span><\/span><\/p>\n<p><span style=\"color: #000000;\"><span style=\"font-family: Verdana, sans-serif;\"><span style=\"font-size: medium;\">Tweeter : <a href=\"https:\/\/twitter.com\/FreeGIAbdallah\">CUpLGIA<\/a> <\/span><\/span><\/span><\/p>\n<p><span style=\"color: #000000;\"><span style=\"font-family: Verdana, sans-serif;\"><span style=\"font-size: small;\"><b>Premiers signataires<\/b> : Collectif pour la Lib\u00e9ration de Georges Ibrahim Abdallah (CLGIA) &#8211; Le Collectif Rouge Internationaliste pour la d\u00e9fense des prisonniers r\u00e9volutionnaires (Le CRI Rouge) &#8211; Le Secours Rouge arabe &#8211; Le Comit\u00e9 d\u2019Actions et de soutien aux luttes du peuple marocain \u2013 International Solidarity Movement\/ISM-France &#8211;<\/span><\/span><\/span><\/p>\n<p><a href=\"https:\/\/ismfrance.org\/wp-content\/uploads\/2023\/03\/Semaine-internationale-dactions-pour-Georges-Abdallah-25-mars-2-avril-2023.jpg\"><img loading=\"lazy\" decoding=\"async\" class=\"size-large wp-image-5065 aligncenter\" src=\"https:\/\/ismfrance.org\/wp-content\/uploads\/2023\/03\/Semaine-internationale-dactions-pour-Georges-Abdallah-25-mars-2-avril-2023-531x700.jpg\" alt=\"\" width=\"531\" height=\"700\" srcset=\"https:\/\/ismfrance.org\/wp-content\/uploads\/2023\/03\/Semaine-internationale-dactions-pour-Georges-Abdallah-25-mars-2-avril-2023-531x700.jpg 531w, https:\/\/ismfrance.org\/wp-content\/uploads\/2023\/03\/Semaine-internationale-dactions-pour-Georges-Abdallah-25-mars-2-avril-2023-228x300.jpg 228w, https:\/\/ismfrance.org\/wp-content\/uploads\/2023\/03\/Semaine-internationale-dactions-pour-Georges-Abdallah-25-mars-2-avril-2023-768x1012.jpg 768w, https:\/\/ismfrance.org\/wp-content\/uploads\/2023\/03\/Semaine-internationale-dactions-pour-Georges-Abdallah-25-mars-2-avril-2023.jpg 840w\" sizes=\"auto, (max-width: 531px) 100vw, 531px\" \/><\/a><\/p>\n","protected":false},"excerpt":{"rendered":"<p>Campagne Unitaire pour la Lib\u00e9ration de Georges Abdallah, 15 mars 2023. Le 2 avril prochain, mettons Georges Abdallah aux avant-postes de nos luttes lui qui a toujours \u00e9t\u00e9 et reste <a class=\"more-link\" href=\"https:\/\/ismfrance.org\/index.php\/2023\/03\/17\/dans-le-cadre-de-la-semaine-internationale-dactions-du-25-mars-au-2-avril-2023-mobilisons-nous-le-2-avril-pour-la-liberation-de-georges-abdallah-un-seul-cadeau-danniversaire-la\/\">Lire la suite &rarr;<\/a><\/p>\n","protected":false},"author":3,"featured_media":5062,"comment_status":"closed","ping_status":"closed","sticky":false,"template":"","format":"standard","meta":{"footnotes":""},"categories":[2,14],"tags":[20,44],"class_list":["post-5061","post","type-post","status-publish","format-standard","has-post-thumbnail","hentry","category-articles","category-communiques","tag-georges-abdallah","tag-materiel-militant"],"yoast_head":"<!-- This site is optimized with the Yoast SEO plugin v27.2 - https:\/\/yoast.com\/product\/yoast-seo-wordpress\/ -->\n<title>Dans le cadre de la semaine internationale d\u2019actions du 25 mars au 2 avril 2023, Mobilisons-nous le 2 avril pour la lib\u00e9ration de Georges Abdallah ! Un seul cadeau d\u2019anniversaire : la lutte ! - International Solidarity Movement - ISM-France<\/title>\n<meta name=\"robots\" content=\"index, follow, max-snippet:-1, max-image-preview:large, max-video-preview:-1\" \/>\n<link rel=\"canonical\" href=\"https:\/\/ismfrance.org\/index.php\/2023\/03\/17\/dans-le-cadre-de-la-semaine-internationale-dactions-du-25-mars-au-2-avril-2023-mobilisons-nous-le-2-avril-pour-la-liberation-de-georges-abdallah-un-seul-cadeau-danniversaire-la\/\" \/>\n<meta property=\"og:locale\" content=\"fr_FR\" \/>\n<meta property=\"og:type\" content=\"article\" \/>\n<meta property=\"og:title\" content=\"Dans le cadre de la semaine internationale d\u2019actions du 25 mars au 2 avril 2023, Mobilisons-nous le 2 avril pour la lib\u00e9ration de Georges Abdallah ! Un seul cadeau d\u2019anniversaire : la lutte ! - International Solidarity Movement - ISM-France\" \/>\n<meta property=\"og:description\" content=\"Campagne Unitaire pour la Lib\u00e9ration de Georges Abdallah, 15 mars 2023. Le 2 avril prochain, mettons Georges Abdallah aux avant-postes de nos luttes lui qui a toujours \u00e9t\u00e9 et reste Lire la suite &rarr;\" \/>\n<meta property=\"og:url\" content=\"https:\/\/ismfrance.org\/index.php\/2023\/03\/17\/dans-le-cadre-de-la-semaine-internationale-dactions-du-25-mars-au-2-avril-2023-mobilisons-nous-le-2-avril-pour-la-liberation-de-georges-abdallah-un-seul-cadeau-danniversaire-la\/\" \/>\n<meta property=\"og:site_name\" content=\"International Solidarity Movement - ISM-France\" \/>\n<meta property=\"article:published_time\" content=\"2023-03-17T09:08:50+00:00\" \/>\n<meta property=\"article:modified_time\" content=\"2023-03-17T09:10:44+00:00\" \/>\n<meta property=\"og:image\" content=\"https:\/\/ismfrance.org\/wp-content\/uploads\/2023\/03\/GIA.jpg\" \/>\n\t<meta property=\"og:image:width\" content=\"800\" \/>\n\t<meta property=\"og:image:height\" content=\"445\" \/>\n\t<meta property=\"og:image:type\" content=\"image\/jpeg\" \/>\n<meta name=\"author\" content=\"mru_01\" \/>\n<meta name=\"twitter:card\" content=\"summary_large_image\" \/>\n<meta name=\"twitter:creator\" content=\"@ISMFRANCE\" \/>\n<meta name=\"twitter:site\" content=\"@ISMFRANCE\" \/>\n<meta name=\"twitter:label1\" content=\"\u00c9crit par\" \/>\n\t<meta name=\"twitter:data1\" content=\"mru_01\" \/>\n\t<meta name=\"twitter:label2\" content=\"Dur\u00e9e de lecture estim\u00e9e\" \/>\n\t<meta name=\"twitter:data2\" content=\"6 minutes\" \/>\n<script type=\"application\/ld+json\" class=\"yoast-schema-graph\">{\"@context\":\"https:\/\/schema.org\",\"@graph\":[{\"@type\":\"Article\",\"@id\":\"https:\/\/ismfrance.org\/index.php\/2023\/03\/17\/dans-le-cadre-de-la-semaine-internationale-dactions-du-25-mars-au-2-avril-2023-mobilisons-nous-le-2-avril-pour-la-liberation-de-georges-abdallah-un-seul-cadeau-danniversaire-la\/#article\",\"isPartOf\":{\"@id\":\"https:\/\/ismfrance.org\/index.php\/2023\/03\/17\/dans-le-cadre-de-la-semaine-internationale-dactions-du-25-mars-au-2-avril-2023-mobilisons-nous-le-2-avril-pour-la-liberation-de-georges-abdallah-un-seul-cadeau-danniversaire-la\/\"},\"author\":{\"name\":\"mru_01\",\"@id\":\"https:\/\/ismfrance.org\/#\/schema\/person\/3c411eb72adfaae19c0dca1f41fae01d\"},\"headline\":\"Dans le cadre de la semaine internationale d\u2019actions du 25 mars au 2 avril 2023, Mobilisons-nous le 2 avril pour la lib\u00e9ration de Georges Abdallah ! Un seul cadeau d\u2019anniversaire : la lutte !\",\"datePublished\":\"2023-03-17T09:08:50+00:00\",\"dateModified\":\"2023-03-17T09:10:44+00:00\",\"mainEntityOfPage\":{\"@id\":\"https:\/\/ismfrance.org\/index.php\/2023\/03\/17\/dans-le-cadre-de-la-semaine-internationale-dactions-du-25-mars-au-2-avril-2023-mobilisons-nous-le-2-avril-pour-la-liberation-de-georges-abdallah-un-seul-cadeau-danniversaire-la\/\"},\"wordCount\":1089,\"publisher\":{\"@id\":\"https:\/\/ismfrance.org\/#organization\"},\"image\":{\"@id\":\"https:\/\/ismfrance.org\/index.php\/2023\/03\/17\/dans-le-cadre-de-la-semaine-internationale-dactions-du-25-mars-au-2-avril-2023-mobilisons-nous-le-2-avril-pour-la-liberation-de-georges-abdallah-un-seul-cadeau-danniversaire-la\/#primaryimage\"},\"thumbnailUrl\":\"https:\/\/ismfrance.org\/wp-content\/uploads\/2023\/03\/GIA.jpg\",\"keywords\":[\"Georges Abdallah\",\"mat\u00e9riel militant\"],\"articleSection\":[\"Articles\",\"Communiqu\u00e9s\"],\"inLanguage\":\"fr-FR\"},{\"@type\":\"WebPage\",\"@id\":\"https:\/\/ismfrance.org\/index.php\/2023\/03\/17\/dans-le-cadre-de-la-semaine-internationale-dactions-du-25-mars-au-2-avril-2023-mobilisons-nous-le-2-avril-pour-la-liberation-de-georges-abdallah-un-seul-cadeau-danniversaire-la\/\",\"url\":\"https:\/\/ismfrance.org\/index.php\/2023\/03\/17\/dans-le-cadre-de-la-semaine-internationale-dactions-du-25-mars-au-2-avril-2023-mobilisons-nous-le-2-avril-pour-la-liberation-de-georges-abdallah-un-seul-cadeau-danniversaire-la\/\",\"name\":\"Dans le cadre de la semaine internationale d\u2019actions du 25 mars au 2 avril 2023, Mobilisons-nous le 2 avril pour la lib\u00e9ration de Georges Abdallah ! Un seul cadeau d\u2019anniversaire : la lutte ! - International Solidarity Movement - ISM-France\",\"isPartOf\":{\"@id\":\"https:\/\/ismfrance.org\/#website\"},\"primaryImageOfPage\":{\"@id\":\"https:\/\/ismfrance.org\/index.php\/2023\/03\/17\/dans-le-cadre-de-la-semaine-internationale-dactions-du-25-mars-au-2-avril-2023-mobilisons-nous-le-2-avril-pour-la-liberation-de-georges-abdallah-un-seul-cadeau-danniversaire-la\/#primaryimage\"},\"image\":{\"@id\":\"https:\/\/ismfrance.org\/index.php\/2023\/03\/17\/dans-le-cadre-de-la-semaine-internationale-dactions-du-25-mars-au-2-avril-2023-mobilisons-nous-le-2-avril-pour-la-liberation-de-georges-abdallah-un-seul-cadeau-danniversaire-la\/#primaryimage\"},\"thumbnailUrl\":\"https:\/\/ismfrance.org\/wp-content\/uploads\/2023\/03\/GIA.jpg\",\"datePublished\":\"2023-03-17T09:08:50+00:00\",\"dateModified\":\"2023-03-17T09:10:44+00:00\",\"breadcrumb\":{\"@id\":\"https:\/\/ismfrance.org\/index.php\/2023\/03\/17\/dans-le-cadre-de-la-semaine-internationale-dactions-du-25-mars-au-2-avril-2023-mobilisons-nous-le-2-avril-pour-la-liberation-de-georges-abdallah-un-seul-cadeau-danniversaire-la\/#breadcrumb\"},\"inLanguage\":\"fr-FR\",\"potentialAction\":[{\"@type\":\"ReadAction\",\"target\":[\"https:\/\/ismfrance.org\/index.php\/2023\/03\/17\/dans-le-cadre-de-la-semaine-internationale-dactions-du-25-mars-au-2-avril-2023-mobilisons-nous-le-2-avril-pour-la-liberation-de-georges-abdallah-un-seul-cadeau-danniversaire-la\/\"]}]},{\"@type\":\"ImageObject\",\"inLanguage\":\"fr-FR\",\"@id\":\"https:\/\/ismfrance.org\/index.php\/2023\/03\/17\/dans-le-cadre-de-la-semaine-internationale-dactions-du-25-mars-au-2-avril-2023-mobilisons-nous-le-2-avril-pour-la-liberation-de-georges-abdallah-un-seul-cadeau-danniversaire-la\/#primaryimage\",\"url\":\"https:\/\/ismfrance.org\/wp-content\/uploads\/2023\/03\/GIA.jpg\",\"contentUrl\":\"https:\/\/ismfrance.org\/wp-content\/uploads\/2023\/03\/GIA.jpg\",\"width\":800,\"height\":445},{\"@type\":\"BreadcrumbList\",\"@id\":\"https:\/\/ismfrance.org\/index.php\/2023\/03\/17\/dans-le-cadre-de-la-semaine-internationale-dactions-du-25-mars-au-2-avril-2023-mobilisons-nous-le-2-avril-pour-la-liberation-de-georges-abdallah-un-seul-cadeau-danniversaire-la\/#breadcrumb\",\"itemListElement\":[{\"@type\":\"ListItem\",\"position\":1,\"name\":\"Accueil\",\"item\":\"https:\/\/ismfrance.org\/\"},{\"@type\":\"ListItem\",\"position\":2,\"name\":\"Dans le cadre de la semaine internationale d\u2019actions du 25 mars au 2 avril 2023, Mobilisons-nous le 2 avril pour la lib\u00e9ration de Georges Abdallah ! Un seul cadeau d\u2019anniversaire : la lutte !\"}]},{\"@type\":\"WebSite\",\"@id\":\"https:\/\/ismfrance.org\/#website\",\"url\":\"https:\/\/ismfrance.org\/\",\"name\":\"ISM Palestine France\",\"description\":\"Soutien aux luttes de lib\u00e9ration du peuple palestinien\",\"publisher\":{\"@id\":\"https:\/\/ismfrance.org\/#organization\"},\"potentialAction\":[{\"@type\":\"SearchAction\",\"target\":{\"@type\":\"EntryPoint\",\"urlTemplate\":\"https:\/\/ismfrance.org\/?s={search_term_string}\"},\"query-input\":{\"@type\":\"PropertyValueSpecification\",\"valueRequired\":true,\"valueName\":\"search_term_string\"}}],\"inLanguage\":\"fr-FR\"},{\"@type\":\"Organization\",\"@id\":\"https:\/\/ismfrance.org\/#organization\",\"name\":\"International Solidarity Movement\",\"url\":\"https:\/\/ismfrance.org\/\",\"logo\":{\"@type\":\"ImageObject\",\"inLanguage\":\"fr-FR\",\"@id\":\"https:\/\/ismfrance.org\/#\/schema\/logo\/image\/\",\"url\":\"https:\/\/ismfrance.org\/wp-content\/uploads\/2020\/12\/00.png\",\"contentUrl\":\"https:\/\/ismfrance.org\/wp-content\/uploads\/2020\/12\/00.png\",\"width\":400,\"height\":400,\"caption\":\"International Solidarity Movement\"},\"image\":{\"@id\":\"https:\/\/ismfrance.org\/#\/schema\/logo\/image\/\"},\"sameAs\":[\"https:\/\/x.com\/ISMFRANCE\"]},{\"@type\":\"Person\",\"@id\":\"https:\/\/ismfrance.org\/#\/schema\/person\/3c411eb72adfaae19c0dca1f41fae01d\",\"name\":\"mru_01\",\"image\":{\"@type\":\"ImageObject\",\"inLanguage\":\"fr-FR\",\"@id\":\"https:\/\/secure.gravatar.com\/avatar\/3a0be343b445d2ccc79e87444a294fad2b232e90d2051d0e3cc219e1ecd6a330?s=96&d=mm&r=g\",\"url\":\"https:\/\/secure.gravatar.com\/avatar\/3a0be343b445d2ccc79e87444a294fad2b232e90d2051d0e3cc219e1ecd6a330?s=96&d=mm&r=g\",\"contentUrl\":\"https:\/\/secure.gravatar.com\/avatar\/3a0be343b445d2ccc79e87444a294fad2b232e90d2051d0e3cc219e1ecd6a330?s=96&d=mm&r=g\",\"caption\":\"mru_01\"},\"url\":\"https:\/\/ismfrance.org\/index.php\/author\/admin02\/\"}]}<\/script>\n<!-- \/ Yoast SEO plugin. -->","yoast_head_json":{"title":"Dans le cadre de la semaine internationale d\u2019actions du 25 mars au 2 avril 2023, Mobilisons-nous le 2 avril pour la lib\u00e9ration de Georges Abdallah ! Un seul cadeau d\u2019anniversaire : la lutte ! - International Solidarity Movement - ISM-France","robots":{"index":"index","follow":"follow","max-snippet":"max-snippet:-1","max-image-preview":"max-image-preview:large","max-video-preview":"max-video-preview:-1"},"canonical":"https:\/\/ismfrance.org\/index.php\/2023\/03\/17\/dans-le-cadre-de-la-semaine-internationale-dactions-du-25-mars-au-2-avril-2023-mobilisons-nous-le-2-avril-pour-la-liberation-de-georges-abdallah-un-seul-cadeau-danniversaire-la\/","og_locale":"fr_FR","og_type":"article","og_title":"Dans le cadre de la semaine internationale d\u2019actions du 25 mars au 2 avril 2023, Mobilisons-nous le 2 avril pour la lib\u00e9ration de Georges Abdallah ! Un seul cadeau d\u2019anniversaire : la lutte ! - International Solidarity Movement - ISM-France","og_description":"Campagne Unitaire pour la Lib\u00e9ration de Georges Abdallah, 15 mars 2023. Le 2 avril prochain, mettons Georges Abdallah aux avant-postes de nos luttes lui qui a toujours \u00e9t\u00e9 et reste Lire la suite &rarr;","og_url":"https:\/\/ismfrance.org\/index.php\/2023\/03\/17\/dans-le-cadre-de-la-semaine-internationale-dactions-du-25-mars-au-2-avril-2023-mobilisons-nous-le-2-avril-pour-la-liberation-de-georges-abdallah-un-seul-cadeau-danniversaire-la\/","og_site_name":"International Solidarity Movement - ISM-France","article_published_time":"2023-03-17T09:08:50+00:00","article_modified_time":"2023-03-17T09:10:44+00:00","og_image":[{"width":800,"height":445,"url":"https:\/\/ismfrance.org\/wp-content\/uploads\/2023\/03\/GIA.jpg","type":"image\/jpeg"}],"author":"mru_01","twitter_card":"summary_large_image","twitter_creator":"@ISMFRANCE","twitter_site":"@ISMFRANCE","twitter_misc":{"\u00c9crit par":"mru_01","Dur\u00e9e de lecture estim\u00e9e":"6 minutes"},"schema":{"@context":"https:\/\/schema.org","@graph":[{"@type":"Article","@id":"https:\/\/ismfrance.org\/index.php\/2023\/03\/17\/dans-le-cadre-de-la-semaine-internationale-dactions-du-25-mars-au-2-avril-2023-mobilisons-nous-le-2-avril-pour-la-liberation-de-georges-abdallah-un-seul-cadeau-danniversaire-la\/#article","isPartOf":{"@id":"https:\/\/ismfrance.org\/index.php\/2023\/03\/17\/dans-le-cadre-de-la-semaine-internationale-dactions-du-25-mars-au-2-avril-2023-mobilisons-nous-le-2-avril-pour-la-liberation-de-georges-abdallah-un-seul-cadeau-danniversaire-la\/"},"author":{"name":"mru_01","@id":"https:\/\/ismfrance.org\/#\/schema\/person\/3c411eb72adfaae19c0dca1f41fae01d"},"headline":"Dans le cadre de la semaine internationale d\u2019actions du 25 mars au 2 avril 2023, Mobilisons-nous le 2 avril pour la lib\u00e9ration de Georges Abdallah ! Un seul cadeau d\u2019anniversaire : la lutte !","datePublished":"2023-03-17T09:08:50+00:00","dateModified":"2023-03-17T09:10:44+00:00","mainEntityOfPage":{"@id":"https:\/\/ismfrance.org\/index.php\/2023\/03\/17\/dans-le-cadre-de-la-semaine-internationale-dactions-du-25-mars-au-2-avril-2023-mobilisons-nous-le-2-avril-pour-la-liberation-de-georges-abdallah-un-seul-cadeau-danniversaire-la\/"},"wordCount":1089,"publisher":{"@id":"https:\/\/ismfrance.org\/#organization"},"image":{"@id":"https:\/\/ismfrance.org\/index.php\/2023\/03\/17\/dans-le-cadre-de-la-semaine-internationale-dactions-du-25-mars-au-2-avril-2023-mobilisons-nous-le-2-avril-pour-la-liberation-de-georges-abdallah-un-seul-cadeau-danniversaire-la\/#primaryimage"},"thumbnailUrl":"https:\/\/ismfrance.org\/wp-content\/uploads\/2023\/03\/GIA.jpg","keywords":["Georges Abdallah","mat\u00e9riel militant"],"articleSection":["Articles","Communiqu\u00e9s"],"inLanguage":"fr-FR"},{"@type":"WebPage","@id":"https:\/\/ismfrance.org\/index.php\/2023\/03\/17\/dans-le-cadre-de-la-semaine-internationale-dactions-du-25-mars-au-2-avril-2023-mobilisons-nous-le-2-avril-pour-la-liberation-de-georges-abdallah-un-seul-cadeau-danniversaire-la\/","url":"https:\/\/ismfrance.org\/index.php\/2023\/03\/17\/dans-le-cadre-de-la-semaine-internationale-dactions-du-25-mars-au-2-avril-2023-mobilisons-nous-le-2-avril-pour-la-liberation-de-georges-abdallah-un-seul-cadeau-danniversaire-la\/","name":"Dans le cadre de la semaine internationale d\u2019actions du 25 mars au 2 avril 2023, Mobilisons-nous le 2 avril pour la lib\u00e9ration de Georges Abdallah ! Un seul cadeau d\u2019anniversaire : la lutte ! - International Solidarity Movement - ISM-France","isPartOf":{"@id":"https:\/\/ismfrance.org\/#website"},"primaryImageOfPage":{"@id":"https:\/\/ismfrance.org\/index.php\/2023\/03\/17\/dans-le-cadre-de-la-semaine-internationale-dactions-du-25-mars-au-2-avril-2023-mobilisons-nous-le-2-avril-pour-la-liberation-de-georges-abdallah-un-seul-cadeau-danniversaire-la\/#primaryimage"},"image":{"@id":"https:\/\/ismfrance.org\/index.php\/2023\/03\/17\/dans-le-cadre-de-la-semaine-internationale-dactions-du-25-mars-au-2-avril-2023-mobilisons-nous-le-2-avril-pour-la-liberation-de-georges-abdallah-un-seul-cadeau-danniversaire-la\/#primaryimage"},"thumbnailUrl":"https:\/\/ismfrance.org\/wp-content\/uploads\/2023\/03\/GIA.jpg","datePublished":"2023-03-17T09:08:50+00:00","dateModified":"2023-03-17T09:10:44+00:00","breadcrumb":{"@id":"https:\/\/ismfrance.org\/index.php\/2023\/03\/17\/dans-le-cadre-de-la-semaine-internationale-dactions-du-25-mars-au-2-avril-2023-mobilisons-nous-le-2-avril-pour-la-liberation-de-georges-abdallah-un-seul-cadeau-danniversaire-la\/#breadcrumb"},"inLanguage":"fr-FR","potentialAction":[{"@type":"ReadAction","target":["https:\/\/ismfrance.org\/index.php\/2023\/03\/17\/dans-le-cadre-de-la-semaine-internationale-dactions-du-25-mars-au-2-avril-2023-mobilisons-nous-le-2-avril-pour-la-liberation-de-georges-abdallah-un-seul-cadeau-danniversaire-la\/"]}]},{"@type":"ImageObject","inLanguage":"fr-FR","@id":"https:\/\/ismfrance.org\/index.php\/2023\/03\/17\/dans-le-cadre-de-la-semaine-internationale-dactions-du-25-mars-au-2-avril-2023-mobilisons-nous-le-2-avril-pour-la-liberation-de-georges-abdallah-un-seul-cadeau-danniversaire-la\/#primaryimage","url":"https:\/\/ismfrance.org\/wp-content\/uploads\/2023\/03\/GIA.jpg","contentUrl":"https:\/\/ismfrance.org\/wp-content\/uploads\/2023\/03\/GIA.jpg","width":800,"height":445},{"@type":"BreadcrumbList","@id":"https:\/\/ismfrance.org\/index.php\/2023\/03\/17\/dans-le-cadre-de-la-semaine-internationale-dactions-du-25-mars-au-2-avril-2023-mobilisons-nous-le-2-avril-pour-la-liberation-de-georges-abdallah-un-seul-cadeau-danniversaire-la\/#breadcrumb","itemListElement":[{"@type":"ListItem","position":1,"name":"Accueil","item":"https:\/\/ismfrance.org\/"},{"@type":"ListItem","position":2,"name":"Dans le cadre de la semaine internationale d\u2019actions du 25 mars au 2 avril 2023, Mobilisons-nous le 2 avril pour la lib\u00e9ration de Georges Abdallah ! Un seul cadeau d\u2019anniversaire : la lutte !"}]},{"@type":"WebSite","@id":"https:\/\/ismfrance.org\/#website","url":"https:\/\/ismfrance.org\/","name":"ISM Palestine France","description":"Soutien aux luttes de lib\u00e9ration du peuple palestinien","publisher":{"@id":"https:\/\/ismfrance.org\/#organization"},"potentialAction":[{"@type":"SearchAction","target":{"@type":"EntryPoint","urlTemplate":"https:\/\/ismfrance.org\/?s={search_term_string}"},"query-input":{"@type":"PropertyValueSpecification","valueRequired":true,"valueName":"search_term_string"}}],"inLanguage":"fr-FR"},{"@type":"Organization","@id":"https:\/\/ismfrance.org\/#organization","name":"International Solidarity Movement","url":"https:\/\/ismfrance.org\/","logo":{"@type":"ImageObject","inLanguage":"fr-FR","@id":"https:\/\/ismfrance.org\/#\/schema\/logo\/image\/","url":"https:\/\/ismfrance.org\/wp-content\/uploads\/2020\/12\/00.png","contentUrl":"https:\/\/ismfrance.org\/wp-content\/uploads\/2020\/12\/00.png","width":400,"height":400,"caption":"International Solidarity Movement"},"image":{"@id":"https:\/\/ismfrance.org\/#\/schema\/logo\/image\/"},"sameAs":["https:\/\/x.com\/ISMFRANCE"]},{"@type":"Person","@id":"https:\/\/ismfrance.org\/#\/schema\/person\/3c411eb72adfaae19c0dca1f41fae01d","name":"mru_01","image":{"@type":"ImageObject","inLanguage":"fr-FR","@id":"https:\/\/secure.gravatar.com\/avatar\/3a0be343b445d2ccc79e87444a294fad2b232e90d2051d0e3cc219e1ecd6a330?s=96&d=mm&r=g","url":"https:\/\/secure.gravatar.com\/avatar\/3a0be343b445d2ccc79e87444a294fad2b232e90d2051d0e3cc219e1ecd6a330?s=96&d=mm&r=g","contentUrl":"https:\/\/secure.gravatar.com\/avatar\/3a0be343b445d2ccc79e87444a294fad2b232e90d2051d0e3cc219e1ecd6a330?s=96&d=mm&r=g","caption":"mru_01"},"url":"https:\/\/ismfrance.org\/index.php\/author\/admin02\/"}]}},"_links":{"self":[{"href":"https:\/\/ismfrance.org\/index.php\/wp-json\/wp\/v2\/posts\/5061","targetHints":{"allow":["GET"]}}],"collection":[{"href":"https:\/\/ismfrance.org\/index.php\/wp-json\/wp\/v2\/posts"}],"about":[{"href":"https:\/\/ismfrance.org\/index.php\/wp-json\/wp\/v2\/types\/post"}],"author":[{"embeddable":true,"href":"https:\/\/ismfrance.org\/index.php\/wp-json\/wp\/v2\/users\/3"}],"replies":[{"embeddable":true,"href":"https:\/\/ismfrance.org\/index.php\/wp-json\/wp\/v2\/comments?post=5061"}],"version-history":[{"count":0,"href":"https:\/\/ismfrance.org\/index.php\/wp-json\/wp\/v2\/posts\/5061\/revisions"}],"wp:featuredmedia":[{"embeddable":true,"href":"https:\/\/ismfrance.org\/index.php\/wp-json\/wp\/v2\/media\/5062"}],"wp:attachment":[{"href":"https:\/\/ismfrance.org\/index.php\/wp-json\/wp\/v2\/media?parent=5061"}],"wp:term":[{"taxonomy":"category","embeddable":true,"href":"https:\/\/ismfrance.org\/index.php\/wp-json\/wp\/v2\/categories?post=5061"},{"taxonomy":"post_tag","embeddable":true,"href":"https:\/\/ismfrance.org\/index.php\/wp-json\/wp\/v2\/tags?post=5061"}],"curies":[{"name":"wp","href":"https:\/\/api.w.org\/{rel}","templated":true}]}}