{"id":5006,"date":"2023-03-11T16:13:09","date_gmt":"2023-03-11T15:13:09","guid":{"rendered":"https:\/\/ismfrance.org\/?p=5006"},"modified":"2023-03-11T16:13:09","modified_gmt":"2023-03-11T15:13:09","slug":"le-danger-de-traiter-smotrich-comme-une-anomalie","status":"publish","type":"post","link":"https:\/\/ismfrance.org\/index.php\/2023\/03\/11\/le-danger-de-traiter-smotrich-comme-une-anomalie\/","title":{"rendered":"Le danger de traiter Smotrich comme une anomalie"},"content":{"rendered":"<p><span style=\"color: #000000;\"><span style=\"font-family: Arial, sans-serif;\"><span style=\"font-size: medium;\"><b>Edo Konrad, 9 mars 2023<\/b><\/span><\/span><span style=\"font-family: Arial, sans-serif;\"><span style=\"font-size: medium;\">. Deux semaines apr\u00e8s avoir appel\u00e9 \u00e0 un acte g\u00e9nocidaire contre les Palestiniens, l&rsquo;un des ministres les plus puissants du gouvernement isra\u00e9lien va d\u00e9barquer aux \u00c9tats-Unis, o\u00f9 il devrait \u00eatre confront\u00e9 \u00e0 de grandes manifestations et \u00e0 ce qui sera probablement un \u00e9vitement sans pr\u00e9c\u00e9dent de la part des responsables am\u00e9ricains. Bezalel Smotrich, ministre des Finances isra\u00e9lien et contr\u00f4leur <\/span><\/span><span style=\"font-family: Arial, sans-serif;\"><span style=\"font-size: medium;\"><i>de facto<\/i><\/span><\/span><span style=\"font-family: Arial, sans-serif;\"><span style=\"font-size: medium;\"> des territoires occup\u00e9s, a publiquement exprim\u00e9 sa conviction qu&rsquo;il fallait \u00ab\u00a0an\u00e9antir\u00a0\u00bb la ville cisjordanienne de Huwara apr\u00e8s que deux colons ont \u00e9t\u00e9 abattus alors qu\u2019ils conduisaient sur sa route principale. Smotrich a fait ces commentaires quelques jours seulement apr\u00e8s que plus de 400 colons, soutenus par des soldats isra\u00e9liens, ont perp\u00e9tr\u00e9 un pogrom sur Huwara et le village voisin de Za&rsquo;atara, o\u00f9 ils ont incendi\u00e9 des maisons, des entreprises et des v\u00e9hicules palestiniens, et tu\u00e9 Sameh Aqtesh, 37\u00a0ans.<\/span><\/span><\/span><\/p>\n<div id=\"attachment_5007\" style=\"width: 610px\" class=\"wp-caption aligncenter\"><a href=\"https:\/\/ismfrance.org\/wp-content\/uploads\/2023\/03\/corps-retenus.jpg\"><img loading=\"lazy\" decoding=\"async\" aria-describedby=\"caption-attachment-5007\" class=\"size-large wp-image-5007\" src=\"https:\/\/ismfrance.org\/wp-content\/uploads\/2023\/03\/corps-retenus-700x394.jpg\" alt=\"\" width=\"600\" height=\"338\" srcset=\"https:\/\/ismfrance.org\/wp-content\/uploads\/2023\/03\/corps-retenus-700x394.jpg 700w, https:\/\/ismfrance.org\/wp-content\/uploads\/2023\/03\/corps-retenus-300x169.jpg 300w, https:\/\/ismfrance.org\/wp-content\/uploads\/2023\/03\/corps-retenus-768x432.jpg 768w, https:\/\/ismfrance.org\/wp-content\/uploads\/2023\/03\/corps-retenus-1536x864.jpg 1536w, https:\/\/ismfrance.org\/wp-content\/uploads\/2023\/03\/corps-retenus-1320x743.jpg 1320w, https:\/\/ismfrance.org\/wp-content\/uploads\/2023\/03\/corps-retenus.jpg 1600w\" sizes=\"auto, (max-width: 600px) 100vw, 600px\" \/><\/a><p id=\"caption-attachment-5007\" class=\"wp-caption-text\">10 mars 2023. Rassemblement \u00e0 Kafr Ni&rsquo;ma, \u00e0 l&rsquo;ouest de Ramallah, pour exiger la restitution du corps de Tariq Ma&rsquo;ali, 42 ans, assassin\u00e9 par un colon isra\u00e9lien d\u00e9but janvier, et de tous ceux que l&rsquo;occupation d\u00e9tient, depuis des ann\u00e9es pour certains.<\/p><\/div>\n<p><span style=\"color: #000000;\"><span style=\"font-family: Arial, sans-serif;\"><span style=\"font-size: medium;\">La d\u00e9claration de Smotrich a \u00e9t\u00e9 largement condamn\u00e9e par les dirigeants isra\u00e9liens de l&rsquo;opposition, les journalistes et m\u00eame le d\u00e9partement d&rsquo;\u00c9tat am\u00e9ricain, qui\u00a0a\u00a0qualifi\u00e9\u00a0les remarques d&rsquo; \u00ab\u00a0irresponsables\u00a0\u00bb et de \u00ab\u00a0r\u00e9pugnantes\u00a0\u00bb. Sentant la fureur croissante, et apr\u00e8s avoir \u00e9t\u00e9\u00a0publiquement r\u00e9primand\u00e9\u00a0par le Premier ministre Benjamin Netanyahu, Smotrich a tent\u00e9 sans vergogne de revenir sur ses commentaires \u00e0 deux reprises, affirmant que lorsqu&rsquo;il a explicitement insist\u00e9 pour que Huwara soit an\u00e9anti, il n&rsquo;avait, d&rsquo;une mani\u00e8re ou d&rsquo;une autre, pas vraiment appel\u00e9 \u00e0 l&rsquo;an\u00e9antir.<\/span><\/span><\/span><\/p>\n<p><span style=\"color: #000000;\"><span style=\"font-family: Arial, sans-serif;\"><span style=\"font-size: medium;\">Avec l&rsquo;annonce de son arriv\u00e9e le 12 mars pour la conf\u00e9rence annuelle d&rsquo;Israel Bonds <\/span><\/span><span style=\"font-family: Arial, sans-serif;\"><span style=\"font-size: medium;\">[investissements isra\u00e9liens, ndt]<\/span><\/span><span style=\"font-family: Arial, sans-serif;\"><span style=\"font-size: medium;\"> \u00e0 Washington D.C., les organisations de l&rsquo;establishment juif am\u00e9ricain, ainsi que d&rsquo;\u00e9minents groupes sionistes lib\u00e9raux, sont pass\u00e9s \u00e0 l&rsquo;action, exigeant que le ministre des Finances isra\u00e9lien soit trait\u00e9 comme <\/span><\/span><span style=\"font-family: Arial, sans-serif;\"><span style=\"font-size: medium;\"><i>persona non grata<\/i><\/span><\/span><span style=\"font-family: Arial, sans-serif;\"><span style=\"font-size: medium;\">. Plus de 120 dirigeants juifs am\u00e9ricains ont sign\u00e9 une p\u00e9tition appelant les communaut\u00e9s juives \u00e0 boycotter la visite de Smotrich. Le groupe de pression J Street a demand\u00e9 \u00e0 l&rsquo;administration Biden \u00ab\u00a0de s&rsquo;assurer qu&rsquo;aucun responsable du gouvernement am\u00e9ricain ne l\u00e9gitime l&rsquo;extr\u00e9misme [de Smotrich] en le rencontrant\u00a0\u00bb, et que ces remarques devaient \u00eatre interpr\u00e9t\u00e9s comme \u00ab\u00a0un motif de r\u00e9examen d&rsquo;un visa d&rsquo;entr\u00e9e aux \u00c9tats-Unis\u00a0\u00bb. \u201d Des groupes tels que T&rsquo;ruah et Americans for Peace Now ont ouvertement demand\u00e9 l&rsquo;annulation du visa de Smotrich.<\/span><\/span><\/span><\/p>\n<p><span style=\"color: #000000;\"><span style=\"font-family: Arial, sans-serif;\"><span style=\"font-size: medium;\">Pendant ce temps, des organisations dominantes telles que la Ligue anti-diffamation\u00a0ont\u00a0d\u00e9clar\u00e9\u00a0: \u00ab\u00a0il est inexcusable pour [Smotrich] d&rsquo;inciter \u00e0 la violence de masse contre les Palestiniens en tant que forme de punition collective\u00a0\u00bb. William Daroff, PDG de la Conf\u00e9rence des pr\u00e9sidents des principales organisations juives am\u00e9ricaines, a fait \u00e9cho aux propos du D\u00e9partement d&rsquo;\u00c9tat en qualifiant les commentaires de Smotrich de \u00ab\u00a0irresponsables, r\u00e9pugnants et d\u00e9go\u00fbtants\u00a0\u00bb. Malgr\u00e9 l&rsquo;indignation, Smotrich doit toujours prendre la parole lors de la conf\u00e9rence.<\/span><\/span><\/span><\/p>\n<p><span style=\"color: #000000;\"><span style=\"font-family: Arial, sans-serif;\"><span style=\"font-size: medium;\">Il va sans dire que Smotrich &#8211; un homme qui s&rsquo;identifie comme un \u00ab\u00a0homophobe fasciste\u00a0\u00bb et qui a un passif bien document\u00e9 de commentaires explicitement haineux \u00e0 l&rsquo;encontre des Palestiniens, de la communaut\u00e9 LGBTQ et d&rsquo;autres groupes &#8211; devrait \u00eatre rondement condamn\u00e9 et se voir refuser l&rsquo;entr\u00e9e aux \u00c9tats Unis.<\/span><\/span><\/span><\/p>\n<p><span style=\"color: #000000;\"><span style=\"font-family: Arial, sans-serif;\"><span style=\"font-size: medium;\">Cela est vrai non seulement en raison du pur sadisme g\u00e9nocidaire de ses commentaires sur Huwara, ou du fait que Smotrich est officiellement devenu ce que le juriste Eliav Leiblich a surnomm\u00e9 le \u00ab seigneur de la Cisjordanie\u00a0\u00bb. C&rsquo;est aussi parce qu&rsquo;\u00e0 un moment o\u00f9 l&rsquo;incitation au meurtre contre les Palestiniens continue de porter ses fruits meurtriers, de telles positions des Juifs am\u00e9ricains montrent qu&rsquo;il y a de r\u00e9elles mesures qui peuvent \u00eatre prises contre un gouvernement qui semble investi de fa\u00e7on obsc\u00e8ne \u00e0 br\u00fbler tout ce qui l&rsquo;entoure pour reconfigurer le pays \u00e0 son image.<\/span><\/span><\/span><\/p>\n<p><span style=\"color: #000000;\"><span style=\"font-family: Arial, sans-serif;\"><span style=\"font-size: medium;\">Et pourtant, il faut faire une pause et s&rsquo;\u00e9merveiller devant l&rsquo;occasion \u00e9trangement rare o\u00f9 de grandes organisations am\u00e9ricaines, de la gauche \u00e0 la droite, s&rsquo;unissent pour condamner et remettre en question la l\u00e9gitimit\u00e9 d&rsquo;un haut responsable politique isra\u00e9lien. Il n&rsquo;est pas n\u00e9cessaire de chercher bien loin pour trouver d&rsquo;autres responsables isra\u00e9liens qui ont de la m\u00eame mani\u00e8re appel\u00e9 ou justifi\u00e9 r\u00e9troactivement une violence de masse contre les Palestiniens. Et c&rsquo;est en partie parce que contrairement \u00e0 Smotrich &#8211; l&rsquo;enfant embl\u00e9matique de l&rsquo;extr\u00eame-droite juive fondamentaliste &#8211; <\/span><\/span><span style=\"font-family: Arial, sans-serif;\"><span style=\"font-size: medium;\"><b>beaucoup de ces politiciens viennent en fait du centre isra\u00e9lien et de la gauche sioniste<\/b><\/span><\/span><span style=\"font-family: Arial, sans-serif;\"><span style=\"font-size: medium;\">.<\/span><\/span><\/span><\/p>\n<p><span style=\"color: #000000;\"><span style=\"font-family: Arial, sans-serif;\"><span style=\"font-size: medium;\">Prenez Benny Gantz, l&rsquo;ancien chef d&rsquo;\u00e9tat-major de Tsahal et plus tard ministre de la D\u00e9fense, qui a lanc\u00e9 sa campagne \u00e9lectorale de 2019 comme un d\u00e9fi centriste \u00e0 Netanyahu en se vantant du nombre de Palestiniens qu&rsquo;il a tu\u00e9s et de la fa\u00e7on dont il a renvoy\u00e9 Gaza \u00ab \u00e0 l&rsquo;\u00e2ge de pierre \u00bb. Ou prenez Matan Vilnai, ancien vice-ministre de la D\u00e9fense du Parti travailliste, qui a averti au d\u00e9but de 2008 que les Palestiniens de Gaza feraient face \u00e0 un \u00ab holocauste \u00bb, moins d&rsquo;un an avant qu&rsquo;Isra\u00ebl ne lance \u00ab\u00a0l&rsquo;op\u00e9ration Plomb durci\u00a0\u00bb, qui a tu\u00e9 pr\u00e8s de 1.400 palestiniens en trois semaines.<\/span><\/span><\/span><\/p>\n<p><span style=\"color: #000000;\"><span style=\"font-family: Arial, sans-serif;\"><span style=\"font-size: medium;\">Il y a aussi Mordechai Gur, le chef d&rsquo;\u00e9tat-major de Tsahal devenu ministre de la D\u00e9fense, \u00e9galement travailliste, qui a d\u00e9clar\u00e9 au quotidien isra\u00e9lien <\/span><\/span><span style=\"font-family: Arial, sans-serif;\"><span style=\"font-size: medium;\"><i>Al HaMishmar<\/i><\/span><\/span><span style=\"font-family: Arial, sans-serif;\"><span style=\"font-size: medium;\"> en 1978 qu&rsquo;il avait fait bombarder par ses forces quatre villages du sud du Liban \u00ab\u00a0sans autorisation\u00a0\u00bb et sans faire de distinction entre les civils et les combattants ; Gur a en outre d\u00e9clar\u00e9 qu&rsquo;il \u00ab\u00a0n&rsquo;avait jamais dout\u00e9\u00a0\u00bb que les civils palestiniens de ces zones devaient \u00eatre punis, d\u00e9clarant au journal \u00ab\u00a0Je savais exactement ce que je faisais\u00a0\u00bb. Ou prenez David Ben Gourion, premier Premier ministre d&rsquo;Isra\u00ebl et architecte de la Nakba, qui, lorsqu&rsquo;on lui a demand\u00e9 en 1948 quoi faire avec les Palestiniens de Lydd et de Ramle, apr\u00e8s que les milices sionistes se soient empar\u00e9es des villes, a fait tristement signe de la main pour ordonner leur expulsion (des d\u00e9cennies plus tard, Smotrich regrettera publiquement que Ben Gourion n&rsquo;ait pas \u00ab\u00a0fini le boulot\u00a0\u00bb).<\/span><\/span><\/span><\/p>\n<div id=\"attachment_5010\" style=\"width: 610px\" class=\"wp-caption aligncenter\"><a href=\"https:\/\/ismfrance.org\/wp-content\/uploads\/2023\/03\/beit-lahiya.jpg\"><img loading=\"lazy\" decoding=\"async\" aria-describedby=\"caption-attachment-5010\" class=\"size-large wp-image-5010\" src=\"https:\/\/ismfrance.org\/wp-content\/uploads\/2023\/03\/beit-lahiya-700x393.jpg\" alt=\"\" width=\"600\" height=\"337\" srcset=\"https:\/\/ismfrance.org\/wp-content\/uploads\/2023\/03\/beit-lahiya-700x393.jpg 700w, https:\/\/ismfrance.org\/wp-content\/uploads\/2023\/03\/beit-lahiya-300x169.jpg 300w, https:\/\/ismfrance.org\/wp-content\/uploads\/2023\/03\/beit-lahiya-768x431.jpg 768w, https:\/\/ismfrance.org\/wp-content\/uploads\/2023\/03\/beit-lahiya.jpg 1280w\" sizes=\"auto, (max-width: 600px) 100vw, 600px\" \/><\/a><p id=\"caption-attachment-5010\" class=\"wp-caption-text\">10 mars : Marche \u00e0 Beit Lahiya, au nord de la bande de Gaza, en soutien \u00e0 Al-Aqsa, \u00e0 la Cisjordanie et aux prisonniers.<\/p><\/div>\n<p><span style=\"color: #000000;\"><b><span style=\"font-family: Arial, sans-serif;\"><span style=\"font-size: medium;\">Comment ne pas \u00e9radiquer le fl\u00e9au<\/span><\/span><\/b><\/span><\/p>\n<p><span style=\"color: #000000;\"><span style=\"font-family: Arial, sans-serif;\"><span style=\"font-size: medium;\">Il n&rsquo;y a pas de grande r\u00e9v\u00e9lation ici. La gauche sioniste (et ce qui est devenu une grande partie du centre) a toujours invoqu\u00e9 ses r\u00e9f\u00e9rences militaristes contre la droite sioniste. Il ne s&rsquo;agit donc pas de faire honte aux organisations jusqu&rsquo;\u00e0 ce qu&rsquo;elles prennent des positions r\u00e9troactives sur des actes pass\u00e9s, mais plut\u00f4t de comprendre que l&rsquo;indignation s\u00e9lective envers Smotrich,<\/span><\/span><span style=\"font-family: Arial, sans-serif;\"><span style=\"font-size: medium;\"> bien que justifi\u00e9e, risque de masquer le fait qu&rsquo;il est le produit d&rsquo;un syst\u00e8me plus large de d\u00e9possession et la soumission. Comme Meir Kahane, dont le fascisme d\u00e9complex\u00e9 a \u00e9t\u00e9 consid\u00e9r\u00e9 comme d\u00e9passant les bornes par la soci\u00e9t\u00e9 isra\u00e9lienne et une grande partie de la communaut\u00e9 juive, Smotrich est en train d&rsquo;\u00eatre transform\u00e9 en paria, mais avec pour effet de l\u00e9gitimer<\/span><\/span><span style=\"font-family: Arial, sans-serif;\"><span style=\"font-size: medium;\"> l&rsquo;appareil d&rsquo;apartheid qu&rsquo;il a h\u00e9rit\u00e9 de ses pr\u00e9d\u00e9cesseurs.<\/span><\/span><\/span><\/p>\n<p><span style=\"color: #000000;\"><span style=\"font-family: Arial, sans-serif;\"><span style=\"font-size: medium;\">En qualifiant un ou deux politiciens extr\u00e9mistes d&rsquo;inacceptables, les communaut\u00e9s juives peuvent \u00e9viter la n\u00e9cessit\u00e9 de tenir compte de la mani\u00e8re dont Smotrich et Kahane actualisent les impulsions les plus profondes du projet sioniste. Ce m\u00eame \u00e9vitement se produit dans des endroits comme le Royaume-Uni, o\u00f9 le Conseil des d\u00e9put\u00e9s des Juifs britanniques, l&rsquo;un des principaux organes de l&rsquo;establishment de la communaut\u00e9, a ouvertement\u00a0rejet\u00e9\u00a0Smotrich, mais continue de rencontrer d&rsquo;autres extr\u00e9mistes d&rsquo;extr\u00eame-droite tels que l&rsquo;ambassadeur\u00a0Tzipi Hotovely\u00a0et Amichai Chikly, ministre des Affaires de la diaspora.<\/span><\/span><\/span><\/p>\n<p><span style=\"color: #000000;\"><span style=\"font-family: Arial, sans-serif;\"><span style=\"font-size: medium;\">Smotrich, de cette mani\u00e8re, devient le m\u00e9chant contre lequel les Juifs am\u00e9ricains peuvent se rallier : messianique, raciste, sans vergogne. Des personnalit\u00e9s comme Ben Gourion et Gur, quant \u00e0 elles, restent des h\u00e9ros plut\u00f4t que des hommes qui ont d\u00e9truit un nombre incalculable de vies. Et tandis que les groupes juifs am\u00e9ricains peuvent s&rsquo;insurger contre la pr\u00e9sence de Smotrich lors de la conf\u00e9rence Israel Bonds de ce mois-ci, pas un seul n&rsquo;a demand\u00e9 aux \u00c9tats-Unis de r\u00e9voquer le visa de Benny Gantz lors de sa visite \u00e0 la Maison Blanche l&rsquo;ann\u00e9e derni\u00e8re, quelques mois seulement apr\u00e8s qu&rsquo;il\u00a0ait interdit\u00a0six principaux groupes de d\u00e9fense des droits de l&rsquo;homme palestiniens comme \u00ab\u00a0organisations terroristes\u00a0\u00bb. Pour les institutions collectives juives, commencer \u00e0 remettre en question qui repr\u00e9sente le \u00ab bon Isra\u00ebl \u00bb risque de faire s&rsquo;effondrer tout l&rsquo;\u00e9difice psychologique de leur soutien \u00e0 l&rsquo;\u00c9tat.<\/span><\/span><\/span><\/p>\n<p><span style=\"color: #000000;\"><span style=\"font-family: Arial, sans-serif;\"><span style=\"font-size: medium;\">Washington, pour sa part, a \u00e9galement\u00a0int\u00e9r\u00eat\u00a0\u00e0 transformer Smotrich en aberration. Dans le cadre de sa politique de pacification vis-\u00e0-vis du nouveau gouvernement isra\u00e9lien, l&rsquo;administration Biden tente d&rsquo;exercer au moins une certaine pression sur Netanyahu pour maintenir sa coalition dans le droit chemin. Mais \u00e0 une \u00e9poque o\u00f9 Isra\u00ebl est englouti par l&rsquo;instabilit\u00e9 &#8211; en raison d&rsquo;une combinaison de tentative de coup d&rsquo;\u00c9tat judiciaire, de raids de l&rsquo;arm\u00e9e isra\u00e9lienne\u00a0sur des villes palestiniennes, de violences incontr\u00f4l\u00e9es des colons et d&rsquo;attaques palestiniennes contre des soldats et des civils &#8211; le mieux que la Maison Blanche puisse esp\u00e9rer est d&rsquo;\u00e9loigner Isra\u00ebl du bord de l&rsquo;ab\u00eeme o\u00f9 il semble vouloir sauter la t\u00eate la premi\u00e8re.<\/span><\/span><\/span><\/p>\n<p><span style=\"color: #000000;\"><span style=\"font-family: Arial, sans-serif;\"><span style=\"font-size: medium;\">Pour les responsables am\u00e9ricains, cela signifie de s&rsquo;engager avec des dirigeants isra\u00e9liens tels que Netanyahu et le ministre de la D\u00e9fense\u00a0Yoav Galant, tout en \u00e9vitant les \u00ab\u00a0r\u00e9pugnants\u00a0\u00bb comme Smotrich ou le ministre de la S\u00e9curit\u00e9 nationale\u00a0Itamar Ben Gvir, le tout dans l&rsquo;int\u00e9r\u00eat de \u00ab\u00a0stabiliser\u00a0\u00bb la situation \u2014 une t\u00e2che que ce gouvernement rend chaque jour de plus en plus impossible.<\/span><\/span><\/span><\/p>\n<p><span style=\"color: #000000;\"><span style=\"font-family: Arial, sans-serif;\"><span style=\"font-size: medium;\">En ce moment de grave crise pour l&rsquo;\u00c9tat isra\u00e9lien, les Juifs am\u00e9ricains et l&rsquo;administration Biden esp\u00e8rent que leur strat\u00e9gie de contr\u00f4le des d\u00e9g\u00e2ts contre le &lsquo;smotrichisme&rsquo; pourrait ramener Isra\u00ebl vers une version plus acceptable de l&rsquo;apartheid isra\u00e9lien. Celui dans lequel l&rsquo;arm\u00e9e a la l\u00e9gitimit\u00e9 pour piller et tuer des Palestiniens dans les camps de r\u00e9fugi\u00e9s dans lesquels Isra\u00ebl les a pouss\u00e9s, mais pas celui dans lequel les principaux ministres appellent activement des vigiles coloniaux \u00e0 \u00ab prendre les choses en main \u00bb. Celui qui maintient la fa\u00e7ade d&rsquo;un syst\u00e8me judiciaire ind\u00e9pendant, mais d\u00e9tourne le regard lorsque ses tribunaux approuvent presque toutes les lois ou politiques d&rsquo;occupation discriminatoires. Celui dans lequel il y a toujours un individu aberrant \u00e0 bl\u00e2mer, mais pas le r\u00e9gime colonial lui-m\u00eame.<\/span><\/span><\/span><\/p>\n<p><span style=\"color: #000000;\"><span style=\"font-family: Arial, sans-serif;\"><span style=\"font-size: medium;\">Pourtant, la tentative myope qui consiste \u00e0 compartimenter les extr\u00e9mistes isra\u00e9liens \u2013 de les traiter comme intrins\u00e8quement plus r\u00e9pugnants que les faucons et les nationalistes \u00ab traditionnels \u00bb \u2013 n&rsquo;est pas simplement vou\u00e9e \u00e0 l&rsquo;\u00e9chec. En fait, cela ne fera que permettre plus de violence. La soci\u00e9t\u00e9 isra\u00e9lienne a refus\u00e9 de reconna\u00eetre que le kahanisme puisait dans les fleuves du sionisme, plut\u00f4t que l&rsquo;inverse, pour constater qu&rsquo;il revient dominer la vie publique. Les organisations juives am\u00e9ricaines font maintenant la m\u00eame erreur. Ils esp\u00e8rent que d&rsquo;une mani\u00e8re ou d&rsquo;une autre, avec juste assez de p\u00e9titions ou de condamnations fermes, ils vaincront le fl\u00e9au Smotrich &#8211; sans s&rsquo;attaquer \u00e0 l&rsquo;id\u00e9ologie et aux structures \u00e9tatiques qui \u00e0 la fois encouragent son appel au g\u00e9nocide et lui donnent, ainsi qu&rsquo;\u00e0 ses successeurs, le pouvoir de l&rsquo;accomplir. Ils se trompent dangereusement.<\/span><\/span><\/span><\/p>\n<pre><span style=\"color: #000000;\"><span style=\"font-family: Arial, sans-serif;\"><span style=\"font-size: medium;\">Article original en anglais sur <a href=\"https:\/\/www.972mag.com\/smotrich-american-jews-huwara\/\">+972mag<\/a> \/ Traduction MR<\/span><\/span><\/span><\/pre>\n<p><span style=\"color: #201f1e;\"><span style=\"font-family: Vrinda, serif;\"><span style=\"font-size: medium;\">[writers slug=edo-konrad]<\/span><\/span><\/span><\/p>\n","protected":false},"excerpt":{"rendered":"<p>Edo Konrad, 9 mars 2023. Deux semaines apr\u00e8s avoir appel\u00e9 \u00e0 un acte g\u00e9nocidaire contre les Palestiniens, l&rsquo;un des ministres les plus puissants du gouvernement isra\u00e9lien va d\u00e9barquer aux \u00c9tats-Unis, <a class=\"more-link\" href=\"https:\/\/ismfrance.org\/index.php\/2023\/03\/11\/le-danger-de-traiter-smotrich-comme-une-anomalie\/\">Lire la suite &rarr;<\/a><\/p>\n","protected":false},"author":3,"featured_media":5007,"comment_status":"closed","ping_status":"closed","sticky":false,"template":"","format":"standard","meta":{"footnotes":""},"categories":[12,2],"tags":[74],"class_list":["post-5006","post","type-post","status-publish","format-standard","has-post-thumbnail","hentry","category-analyses","category-articles","tag-sionisme"],"yoast_head":"<!-- This site is optimized with the Yoast SEO plugin v27.2 - https:\/\/yoast.com\/product\/yoast-seo-wordpress\/ -->\n<title>Le danger de traiter Smotrich comme une anomalie - International Solidarity Movement - ISM-France<\/title>\n<meta name=\"robots\" content=\"index, follow, max-snippet:-1, max-image-preview:large, max-video-preview:-1\" \/>\n<link rel=\"canonical\" href=\"https:\/\/ismfrance.org\/index.php\/2023\/03\/11\/le-danger-de-traiter-smotrich-comme-une-anomalie\/\" \/>\n<meta property=\"og:locale\" content=\"fr_FR\" \/>\n<meta property=\"og:type\" content=\"article\" \/>\n<meta property=\"og:title\" content=\"Le danger de traiter Smotrich comme une anomalie - International Solidarity Movement - ISM-France\" \/>\n<meta property=\"og:description\" content=\"Edo Konrad, 9 mars 2023. Deux semaines apr\u00e8s avoir appel\u00e9 \u00e0 un acte g\u00e9nocidaire contre les Palestiniens, l&rsquo;un des ministres les plus puissants du gouvernement isra\u00e9lien va d\u00e9barquer aux \u00c9tats-Unis, Lire la suite &rarr;\" \/>\n<meta property=\"og:url\" content=\"https:\/\/ismfrance.org\/index.php\/2023\/03\/11\/le-danger-de-traiter-smotrich-comme-une-anomalie\/\" \/>\n<meta property=\"og:site_name\" content=\"International Solidarity Movement - ISM-France\" \/>\n<meta property=\"article:published_time\" content=\"2023-03-11T15:13:09+00:00\" \/>\n<meta property=\"og:image\" content=\"https:\/\/ismfrance.org\/wp-content\/uploads\/2023\/03\/corps-retenus.jpg\" \/>\n\t<meta property=\"og:image:width\" content=\"1600\" \/>\n\t<meta property=\"og:image:height\" content=\"900\" \/>\n\t<meta property=\"og:image:type\" content=\"image\/jpeg\" \/>\n<meta name=\"author\" content=\"mru_01\" \/>\n<meta name=\"twitter:card\" content=\"summary_large_image\" \/>\n<meta name=\"twitter:creator\" content=\"@ISMFRANCE\" \/>\n<meta name=\"twitter:site\" content=\"@ISMFRANCE\" \/>\n<meta name=\"twitter:label1\" content=\"\u00c9crit par\" \/>\n\t<meta name=\"twitter:data1\" content=\"mru_01\" \/>\n\t<meta name=\"twitter:label2\" content=\"Dur\u00e9e de lecture estim\u00e9e\" \/>\n\t<meta name=\"twitter:data2\" content=\"10 minutes\" \/>\n<script type=\"application\/ld+json\" class=\"yoast-schema-graph\">{\"@context\":\"https:\/\/schema.org\",\"@graph\":[{\"@type\":\"Article\",\"@id\":\"https:\/\/ismfrance.org\/index.php\/2023\/03\/11\/le-danger-de-traiter-smotrich-comme-une-anomalie\/#article\",\"isPartOf\":{\"@id\":\"https:\/\/ismfrance.org\/index.php\/2023\/03\/11\/le-danger-de-traiter-smotrich-comme-une-anomalie\/\"},\"author\":{\"name\":\"mru_01\",\"@id\":\"https:\/\/ismfrance.org\/#\/schema\/person\/3c411eb72adfaae19c0dca1f41fae01d\"},\"headline\":\"Le danger de traiter Smotrich comme une anomalie\",\"datePublished\":\"2023-03-11T15:13:09+00:00\",\"mainEntityOfPage\":{\"@id\":\"https:\/\/ismfrance.org\/index.php\/2023\/03\/11\/le-danger-de-traiter-smotrich-comme-une-anomalie\/\"},\"wordCount\":2076,\"publisher\":{\"@id\":\"https:\/\/ismfrance.org\/#organization\"},\"image\":{\"@id\":\"https:\/\/ismfrance.org\/index.php\/2023\/03\/11\/le-danger-de-traiter-smotrich-comme-une-anomalie\/#primaryimage\"},\"thumbnailUrl\":\"https:\/\/ismfrance.org\/wp-content\/uploads\/2023\/03\/corps-retenus.jpg\",\"keywords\":[\"Sionisme\"],\"articleSection\":[\"Analyses\",\"Articles\"],\"inLanguage\":\"fr-FR\"},{\"@type\":\"WebPage\",\"@id\":\"https:\/\/ismfrance.org\/index.php\/2023\/03\/11\/le-danger-de-traiter-smotrich-comme-une-anomalie\/\",\"url\":\"https:\/\/ismfrance.org\/index.php\/2023\/03\/11\/le-danger-de-traiter-smotrich-comme-une-anomalie\/\",\"name\":\"Le danger de traiter Smotrich comme une anomalie - International Solidarity Movement - ISM-France\",\"isPartOf\":{\"@id\":\"https:\/\/ismfrance.org\/#website\"},\"primaryImageOfPage\":{\"@id\":\"https:\/\/ismfrance.org\/index.php\/2023\/03\/11\/le-danger-de-traiter-smotrich-comme-une-anomalie\/#primaryimage\"},\"image\":{\"@id\":\"https:\/\/ismfrance.org\/index.php\/2023\/03\/11\/le-danger-de-traiter-smotrich-comme-une-anomalie\/#primaryimage\"},\"thumbnailUrl\":\"https:\/\/ismfrance.org\/wp-content\/uploads\/2023\/03\/corps-retenus.jpg\",\"datePublished\":\"2023-03-11T15:13:09+00:00\",\"breadcrumb\":{\"@id\":\"https:\/\/ismfrance.org\/index.php\/2023\/03\/11\/le-danger-de-traiter-smotrich-comme-une-anomalie\/#breadcrumb\"},\"inLanguage\":\"fr-FR\",\"potentialAction\":[{\"@type\":\"ReadAction\",\"target\":[\"https:\/\/ismfrance.org\/index.php\/2023\/03\/11\/le-danger-de-traiter-smotrich-comme-une-anomalie\/\"]}]},{\"@type\":\"ImageObject\",\"inLanguage\":\"fr-FR\",\"@id\":\"https:\/\/ismfrance.org\/index.php\/2023\/03\/11\/le-danger-de-traiter-smotrich-comme-une-anomalie\/#primaryimage\",\"url\":\"https:\/\/ismfrance.org\/wp-content\/uploads\/2023\/03\/corps-retenus.jpg\",\"contentUrl\":\"https:\/\/ismfrance.org\/wp-content\/uploads\/2023\/03\/corps-retenus.jpg\",\"width\":1600,\"height\":900,\"caption\":\"10 mars 2023. Rassemblement \u00e0 Kafr Ni'ma, \u00e0 l'ouest de Ramallah, pour exiger la restitution du corps de Tariq Ma'ali, 42 ans, assassin\u00e9 par un colon isra\u00e9lien d\u00e9but janvier, et de tous ceux que l'occupation d\u00e9tient, depuis des ann\u00e9es pour certains.\"},{\"@type\":\"BreadcrumbList\",\"@id\":\"https:\/\/ismfrance.org\/index.php\/2023\/03\/11\/le-danger-de-traiter-smotrich-comme-une-anomalie\/#breadcrumb\",\"itemListElement\":[{\"@type\":\"ListItem\",\"position\":1,\"name\":\"Accueil\",\"item\":\"https:\/\/ismfrance.org\/\"},{\"@type\":\"ListItem\",\"position\":2,\"name\":\"Le danger de traiter Smotrich comme une anomalie\"}]},{\"@type\":\"WebSite\",\"@id\":\"https:\/\/ismfrance.org\/#website\",\"url\":\"https:\/\/ismfrance.org\/\",\"name\":\"ISM Palestine France\",\"description\":\"Soutien aux luttes de lib\u00e9ration du peuple palestinien\",\"publisher\":{\"@id\":\"https:\/\/ismfrance.org\/#organization\"},\"potentialAction\":[{\"@type\":\"SearchAction\",\"target\":{\"@type\":\"EntryPoint\",\"urlTemplate\":\"https:\/\/ismfrance.org\/?s={search_term_string}\"},\"query-input\":{\"@type\":\"PropertyValueSpecification\",\"valueRequired\":true,\"valueName\":\"search_term_string\"}}],\"inLanguage\":\"fr-FR\"},{\"@type\":\"Organization\",\"@id\":\"https:\/\/ismfrance.org\/#organization\",\"name\":\"International Solidarity Movement\",\"url\":\"https:\/\/ismfrance.org\/\",\"logo\":{\"@type\":\"ImageObject\",\"inLanguage\":\"fr-FR\",\"@id\":\"https:\/\/ismfrance.org\/#\/schema\/logo\/image\/\",\"url\":\"https:\/\/ismfrance.org\/wp-content\/uploads\/2020\/12\/00.png\",\"contentUrl\":\"https:\/\/ismfrance.org\/wp-content\/uploads\/2020\/12\/00.png\",\"width\":400,\"height\":400,\"caption\":\"International Solidarity Movement\"},\"image\":{\"@id\":\"https:\/\/ismfrance.org\/#\/schema\/logo\/image\/\"},\"sameAs\":[\"https:\/\/x.com\/ISMFRANCE\"]},{\"@type\":\"Person\",\"@id\":\"https:\/\/ismfrance.org\/#\/schema\/person\/3c411eb72adfaae19c0dca1f41fae01d\",\"name\":\"mru_01\",\"image\":{\"@type\":\"ImageObject\",\"inLanguage\":\"fr-FR\",\"@id\":\"https:\/\/secure.gravatar.com\/avatar\/3a0be343b445d2ccc79e87444a294fad2b232e90d2051d0e3cc219e1ecd6a330?s=96&d=mm&r=g\",\"url\":\"https:\/\/secure.gravatar.com\/avatar\/3a0be343b445d2ccc79e87444a294fad2b232e90d2051d0e3cc219e1ecd6a330?s=96&d=mm&r=g\",\"contentUrl\":\"https:\/\/secure.gravatar.com\/avatar\/3a0be343b445d2ccc79e87444a294fad2b232e90d2051d0e3cc219e1ecd6a330?s=96&d=mm&r=g\",\"caption\":\"mru_01\"},\"url\":\"https:\/\/ismfrance.org\/index.php\/author\/admin02\/\"}]}<\/script>\n<!-- \/ Yoast SEO plugin. -->","yoast_head_json":{"title":"Le danger de traiter Smotrich comme une anomalie - International Solidarity Movement - ISM-France","robots":{"index":"index","follow":"follow","max-snippet":"max-snippet:-1","max-image-preview":"max-image-preview:large","max-video-preview":"max-video-preview:-1"},"canonical":"https:\/\/ismfrance.org\/index.php\/2023\/03\/11\/le-danger-de-traiter-smotrich-comme-une-anomalie\/","og_locale":"fr_FR","og_type":"article","og_title":"Le danger de traiter Smotrich comme une anomalie - International Solidarity Movement - ISM-France","og_description":"Edo Konrad, 9 mars 2023. Deux semaines apr\u00e8s avoir appel\u00e9 \u00e0 un acte g\u00e9nocidaire contre les Palestiniens, l&rsquo;un des ministres les plus puissants du gouvernement isra\u00e9lien va d\u00e9barquer aux \u00c9tats-Unis, Lire la suite &rarr;","og_url":"https:\/\/ismfrance.org\/index.php\/2023\/03\/11\/le-danger-de-traiter-smotrich-comme-une-anomalie\/","og_site_name":"International Solidarity Movement - ISM-France","article_published_time":"2023-03-11T15:13:09+00:00","og_image":[{"width":1600,"height":900,"url":"https:\/\/ismfrance.org\/wp-content\/uploads\/2023\/03\/corps-retenus.jpg","type":"image\/jpeg"}],"author":"mru_01","twitter_card":"summary_large_image","twitter_creator":"@ISMFRANCE","twitter_site":"@ISMFRANCE","twitter_misc":{"\u00c9crit par":"mru_01","Dur\u00e9e de lecture estim\u00e9e":"10 minutes"},"schema":{"@context":"https:\/\/schema.org","@graph":[{"@type":"Article","@id":"https:\/\/ismfrance.org\/index.php\/2023\/03\/11\/le-danger-de-traiter-smotrich-comme-une-anomalie\/#article","isPartOf":{"@id":"https:\/\/ismfrance.org\/index.php\/2023\/03\/11\/le-danger-de-traiter-smotrich-comme-une-anomalie\/"},"author":{"name":"mru_01","@id":"https:\/\/ismfrance.org\/#\/schema\/person\/3c411eb72adfaae19c0dca1f41fae01d"},"headline":"Le danger de traiter Smotrich comme une anomalie","datePublished":"2023-03-11T15:13:09+00:00","mainEntityOfPage":{"@id":"https:\/\/ismfrance.org\/index.php\/2023\/03\/11\/le-danger-de-traiter-smotrich-comme-une-anomalie\/"},"wordCount":2076,"publisher":{"@id":"https:\/\/ismfrance.org\/#organization"},"image":{"@id":"https:\/\/ismfrance.org\/index.php\/2023\/03\/11\/le-danger-de-traiter-smotrich-comme-une-anomalie\/#primaryimage"},"thumbnailUrl":"https:\/\/ismfrance.org\/wp-content\/uploads\/2023\/03\/corps-retenus.jpg","keywords":["Sionisme"],"articleSection":["Analyses","Articles"],"inLanguage":"fr-FR"},{"@type":"WebPage","@id":"https:\/\/ismfrance.org\/index.php\/2023\/03\/11\/le-danger-de-traiter-smotrich-comme-une-anomalie\/","url":"https:\/\/ismfrance.org\/index.php\/2023\/03\/11\/le-danger-de-traiter-smotrich-comme-une-anomalie\/","name":"Le danger de traiter Smotrich comme une anomalie - International Solidarity Movement - ISM-France","isPartOf":{"@id":"https:\/\/ismfrance.org\/#website"},"primaryImageOfPage":{"@id":"https:\/\/ismfrance.org\/index.php\/2023\/03\/11\/le-danger-de-traiter-smotrich-comme-une-anomalie\/#primaryimage"},"image":{"@id":"https:\/\/ismfrance.org\/index.php\/2023\/03\/11\/le-danger-de-traiter-smotrich-comme-une-anomalie\/#primaryimage"},"thumbnailUrl":"https:\/\/ismfrance.org\/wp-content\/uploads\/2023\/03\/corps-retenus.jpg","datePublished":"2023-03-11T15:13:09+00:00","breadcrumb":{"@id":"https:\/\/ismfrance.org\/index.php\/2023\/03\/11\/le-danger-de-traiter-smotrich-comme-une-anomalie\/#breadcrumb"},"inLanguage":"fr-FR","potentialAction":[{"@type":"ReadAction","target":["https:\/\/ismfrance.org\/index.php\/2023\/03\/11\/le-danger-de-traiter-smotrich-comme-une-anomalie\/"]}]},{"@type":"ImageObject","inLanguage":"fr-FR","@id":"https:\/\/ismfrance.org\/index.php\/2023\/03\/11\/le-danger-de-traiter-smotrich-comme-une-anomalie\/#primaryimage","url":"https:\/\/ismfrance.org\/wp-content\/uploads\/2023\/03\/corps-retenus.jpg","contentUrl":"https:\/\/ismfrance.org\/wp-content\/uploads\/2023\/03\/corps-retenus.jpg","width":1600,"height":900,"caption":"10 mars 2023. Rassemblement \u00e0 Kafr Ni'ma, \u00e0 l'ouest de Ramallah, pour exiger la restitution du corps de Tariq Ma'ali, 42 ans, assassin\u00e9 par un colon isra\u00e9lien d\u00e9but janvier, et de tous ceux que l'occupation d\u00e9tient, depuis des ann\u00e9es pour certains."},{"@type":"BreadcrumbList","@id":"https:\/\/ismfrance.org\/index.php\/2023\/03\/11\/le-danger-de-traiter-smotrich-comme-une-anomalie\/#breadcrumb","itemListElement":[{"@type":"ListItem","position":1,"name":"Accueil","item":"https:\/\/ismfrance.org\/"},{"@type":"ListItem","position":2,"name":"Le danger de traiter Smotrich comme une anomalie"}]},{"@type":"WebSite","@id":"https:\/\/ismfrance.org\/#website","url":"https:\/\/ismfrance.org\/","name":"ISM Palestine France","description":"Soutien aux luttes de lib\u00e9ration du peuple palestinien","publisher":{"@id":"https:\/\/ismfrance.org\/#organization"},"potentialAction":[{"@type":"SearchAction","target":{"@type":"EntryPoint","urlTemplate":"https:\/\/ismfrance.org\/?s={search_term_string}"},"query-input":{"@type":"PropertyValueSpecification","valueRequired":true,"valueName":"search_term_string"}}],"inLanguage":"fr-FR"},{"@type":"Organization","@id":"https:\/\/ismfrance.org\/#organization","name":"International Solidarity Movement","url":"https:\/\/ismfrance.org\/","logo":{"@type":"ImageObject","inLanguage":"fr-FR","@id":"https:\/\/ismfrance.org\/#\/schema\/logo\/image\/","url":"https:\/\/ismfrance.org\/wp-content\/uploads\/2020\/12\/00.png","contentUrl":"https:\/\/ismfrance.org\/wp-content\/uploads\/2020\/12\/00.png","width":400,"height":400,"caption":"International Solidarity Movement"},"image":{"@id":"https:\/\/ismfrance.org\/#\/schema\/logo\/image\/"},"sameAs":["https:\/\/x.com\/ISMFRANCE"]},{"@type":"Person","@id":"https:\/\/ismfrance.org\/#\/schema\/person\/3c411eb72adfaae19c0dca1f41fae01d","name":"mru_01","image":{"@type":"ImageObject","inLanguage":"fr-FR","@id":"https:\/\/secure.gravatar.com\/avatar\/3a0be343b445d2ccc79e87444a294fad2b232e90d2051d0e3cc219e1ecd6a330?s=96&d=mm&r=g","url":"https:\/\/secure.gravatar.com\/avatar\/3a0be343b445d2ccc79e87444a294fad2b232e90d2051d0e3cc219e1ecd6a330?s=96&d=mm&r=g","contentUrl":"https:\/\/secure.gravatar.com\/avatar\/3a0be343b445d2ccc79e87444a294fad2b232e90d2051d0e3cc219e1ecd6a330?s=96&d=mm&r=g","caption":"mru_01"},"url":"https:\/\/ismfrance.org\/index.php\/author\/admin02\/"}]}},"_links":{"self":[{"href":"https:\/\/ismfrance.org\/index.php\/wp-json\/wp\/v2\/posts\/5006","targetHints":{"allow":["GET"]}}],"collection":[{"href":"https:\/\/ismfrance.org\/index.php\/wp-json\/wp\/v2\/posts"}],"about":[{"href":"https:\/\/ismfrance.org\/index.php\/wp-json\/wp\/v2\/types\/post"}],"author":[{"embeddable":true,"href":"https:\/\/ismfrance.org\/index.php\/wp-json\/wp\/v2\/users\/3"}],"replies":[{"embeddable":true,"href":"https:\/\/ismfrance.org\/index.php\/wp-json\/wp\/v2\/comments?post=5006"}],"version-history":[{"count":0,"href":"https:\/\/ismfrance.org\/index.php\/wp-json\/wp\/v2\/posts\/5006\/revisions"}],"wp:featuredmedia":[{"embeddable":true,"href":"https:\/\/ismfrance.org\/index.php\/wp-json\/wp\/v2\/media\/5007"}],"wp:attachment":[{"href":"https:\/\/ismfrance.org\/index.php\/wp-json\/wp\/v2\/media?parent=5006"}],"wp:term":[{"taxonomy":"category","embeddable":true,"href":"https:\/\/ismfrance.org\/index.php\/wp-json\/wp\/v2\/categories?post=5006"},{"taxonomy":"post_tag","embeddable":true,"href":"https:\/\/ismfrance.org\/index.php\/wp-json\/wp\/v2\/tags?post=5006"}],"curies":[{"name":"wp","href":"https:\/\/api.w.org\/{rel}","templated":true}]}}