{"id":4843,"date":"2023-02-25T11:01:29","date_gmt":"2023-02-25T10:01:29","guid":{"rendered":"https:\/\/ismfrance.org\/?p=4843"},"modified":"2023-02-25T11:01:29","modified_gmt":"2023-02-25T10:01:29","slug":"les-origines-coloniales-de-la-crise-constitutionnelle-disrael","status":"publish","type":"post","link":"https:\/\/ismfrance.org\/index.php\/2023\/02\/25\/les-origines-coloniales-de-la-crise-constitutionnelle-disrael\/","title":{"rendered":"Les origines coloniales de la crise constitutionnelle d&rsquo;Isra\u00ebl"},"content":{"rendered":"<p><span style=\"color: #000000;\"><span style=\"font-family: Verdana, sans-serif;\"><span style=\"font-size: medium;\"><span style=\"font-size: small;\"><b>Yousef Munayyer, 24 f\u00e9vrier 2023<\/b><\/span><span style=\"font-size: small;\">. Des dizaines de milliers d&rsquo;Isra\u00e9liens ont envahi les rues des grandes villes ces derni\u00e8res semaines pour protester contre les <a href=\"https:\/\/www.972mag.com\/judiciary-government-israel-courts\/\">r\u00e9formes<\/a> judiciaires importantes que le nouveau gouvernement isra\u00e9lien d&rsquo;extr\u00eame-droite, \u00e9lu \u00e0 la fin de l&rsquo;ann\u00e9e derni\u00e8re, cherche \u00e0 faire passer \u00e0 la Knesset avec un majorit\u00e9 \u00e9troite. <\/span><\/span><\/span><\/span><\/p>\n<p><div id=\"attachment_4844\" style=\"width: 610px\" class=\"wp-caption aligncenter\"><a href=\"https:\/\/ismfrance.org\/wp-content\/uploads\/2023\/02\/demolition-umm-al-fahm.webp\"><img loading=\"lazy\" decoding=\"async\" aria-describedby=\"caption-attachment-4844\" class=\"size-large wp-image-4844\" src=\"https:\/\/ismfrance.org\/wp-content\/uploads\/2023\/02\/demolition-umm-al-fahm-700x467.webp\" alt=\"\" width=\"600\" height=\"400\" srcset=\"https:\/\/ismfrance.org\/wp-content\/uploads\/2023\/02\/demolition-umm-al-fahm-700x467.webp 700w, https:\/\/ismfrance.org\/wp-content\/uploads\/2023\/02\/demolition-umm-al-fahm-300x200.webp 300w, https:\/\/ismfrance.org\/wp-content\/uploads\/2023\/02\/demolition-umm-al-fahm-768x512.webp 768w, https:\/\/ismfrance.org\/wp-content\/uploads\/2023\/02\/demolition-umm-al-fahm.webp 1200w\" sizes=\"auto, (max-width: 600px) 100vw, 600px\" \/><\/a><p id=\"caption-attachment-4844\" class=\"wp-caption-text\">La d\u00e9mocratie \u00e0 l&rsquo;Isra\u00e9lienne\u00a0: d\u00e9molition d&rsquo;une maison appartenant \u00e0 des Palestiniens le 26 ao\u00fbt 2019 \u00e0 Umm al-Fahm, en Palestine 48 [Wisam Hashlamoun\/Agence Anadolu]<\/p><\/div><span style=\"color: #000000;\"><span style=\"font-family: Verdana, sans-serif;\"><span style=\"font-size: medium;\"><span style=\"font-size: small;\">Ces d\u00e9veloppements ont \u00e9t\u00e9 pr\u00e9sent\u00e9s comme une crise constitutionnelle majeure et ont fait parler d&rsquo;une \u00ab\u00a0<a href=\"https:\/\/www.haaretz.com\/opinion\/2023-02-09\/ty-article-opinion\/.premium\/in-israel-a-civil-war-is-no-longer-unthinkable\/00000186-36b0-dd98-a1b6-7fbeba490000\">guerre civile<\/a>\u00a0\u00bb isra\u00e9lienne et ont attir\u00e9 l&rsquo;attention d&rsquo;\u00e9trangers inquiets. Cette crise, cependant, ne consiste pas \u00e0 s&rsquo;\u00e9carter de l&rsquo;essence du syst\u00e8me politique isra\u00e9lien, mais plut\u00f4t \u00e0 le poursuivre. Pour comprendre pourquoi, il faut regarder les origines de la crise constitutionnelle d&rsquo;Isra\u00ebl, qui a \u00e9t\u00e9 et continue d&rsquo;\u00eatre fa\u00e7onn\u00e9e par la volont\u00e9 de l&rsquo;\u00c9tat de donner la priorit\u00e9 au colonialisme de peuplement par rapport \u00e0 la gouvernance lib\u00e9rale.<\/span><\/span><\/span><\/span><\/p>\n<p><span style=\"color: #000000;\"><span style=\"font-family: Verdana, sans-serif;\"><span style=\"font-size: small;\"><b>Un pays sans constitution<\/b><\/span><\/span><\/span><\/p>\n<p><span style=\"color: #000000;\"><span style=\"font-family: Verdana, sans-serif;\"><span style=\"font-size: small;\">La d\u00e9limitation des pouvoirs entre les sections du gouvernement, comme la Knesset l\u00e9gislative isra\u00e9lienne et le syst\u00e8me judiciaire, est, dans d&rsquo;autres contextes, une question r\u00e9gl\u00e9e par la loi supr\u00eame, comme une constitution. Isra\u00ebl, cependant, n&rsquo;a pas de constitution. Cette absence a cr\u00e9\u00e9 un terrain favorable \u00e0 un remodelage de l&rsquo;\u00e9tendue des pouvoirs de ces sections dans le syst\u00e8me. Ce fut le cas de la Cour supr\u00eame isra\u00e9lienne dans les ann\u00e9es 1990, qui a pris des mesures pour interpr\u00e9ter une hi\u00e9rarchie dans les lois, \u00e9largir le contr\u00f4le judiciaire et d\u00e9terminer les normes de violation des droits par le gouvernement. Cet \u00e9pisode des ann\u00e9es 1990 est connu sous le nom de <a href=\"https:\/\/www.lawfareblog.com\/reversing-constitutional-revolution-israeli-governments-plan-undermine-supreme-courts-judicial\">r\u00e9volution constitutionnelle<\/a>\u00a0; mais le nouveau gouvernement de droite cherche aujourd&rsquo;hui \u00e0 revenir sur ces changements et \u00e0 limiter davantage les pouvoirs de la Cour en donnant l&rsquo;autorit\u00e9 ultime \u00e0 la Knesset. Au centre de la crise actuelle se trouve une r\u00e9forme juridique qui permettrait \u00e0 la Knesset d&rsquo;annuler une d\u00e9cision de justice avec une majorit\u00e9 d&rsquo;une voix. L&rsquo;absence de constitution signifie que la seule chose qui d\u00e9terminera l&rsquo;issue de cette bataille est le pouvoir politique.<\/span><\/span><\/span><\/p>\n<p><span style=\"color: #000000;\"><span style=\"font-size: small;\"><span style=\"font-family: Verdana, sans-serif;\">Mais pourquoi Isra\u00ebl n&rsquo;a-t-il pas de constitution ? La r\u00e9ponse \u00e0 cette question est longue, mais la version la plus courte se r\u00e9sume \u00e0 un \u00e9l\u00e9ment, ou plut\u00f4t \u00e0 un homme : David Ben Gourion, le premier Premier ministre d&rsquo;Isra\u00ebl, qui a \u00e9galement \u00e9t\u00e9 son Premier ministre au mandat le plus long &#8211; jusqu&rsquo;\u00e0 ce que Benjamin Netanyahu le d\u00e9passe ces derni\u00e8res ann\u00e9es -, et qui a jou\u00e9 un r\u00f4le crucial dans la fondation de l&rsquo;\u00c9tat dans ses premi\u00e8res ann\u00e9es. Lorsqu&rsquo;Isra\u00ebl a d\u00e9clar\u00e9 son ind\u00e9pendance en mai 1948, il l&rsquo;a fait au milieu de la Nakba et alors qu&rsquo;une crise internationale se d\u00e9veloppait \u00e0 cause de l&rsquo;\u00e9chec de la communaut\u00e9 internationale \u00e0 g\u00e9rer la question de Palestine. Des centaines de milliers de r\u00e9fugi\u00e9s palestiniens ont \u00e9t\u00e9 chass\u00e9s de chez eux et ont cherch\u00e9 refuge dans les \u00c9tats voisins \u00e0 la fin de la guerre en 1949. Mais la\u00a0<a href=\"https:\/\/mjp.univ-perp.fr\/constit\/il1948.htm\">D\u00e9claration d&rsquo;ind\u00e9pendance d&rsquo;Isra\u00ebl<\/a>\u00a0&#8211;\u00a0un document que de nombreux lib\u00e9raux isra\u00e9liens d\u00e9signent comme une preuve de l&rsquo;\u00e9thique lib\u00e9rale de l&rsquo;\u00c9tat\u00a0&#8211; d\u00e9clare que Isra\u00ebl adoptera une constitution en octobre 1948. Trois quarts de si\u00e8cle plus tard, cela n&rsquo;a pas encore \u00e9t\u00e9 fait.<\/span><\/span><\/span><\/p>\n<p><span style=\"color: #000000;\"><span style=\"font-size: small;\"><span style=\"font-family: Verdana, sans-serif;\">Le contexte important ici est la relation pr\u00e9caire de l&rsquo;\u00c9tat nouvellement fond\u00e9 avec la communaut\u00e9 internationale. La l\u00e9gitimit\u00e9 internationale de l&rsquo;id\u00e9e d&rsquo;un \u00c9tat juif en Palestine reposait sur la large acceptation de la <a href=\"https:\/\/www.un.org\/unispal\/wp-content\/uploads\/2016\/04\/ARES181II.pdf\">r\u00e9solution 181 de l&rsquo;ONU<\/a>, le plan de partition de 1947 qui appelait \u00e0 la scission de la Palestine en \u00c9tats juifs et arabes s\u00e9par\u00e9s dans le cadre d&rsquo;une union \u00e9conomique. Le plan de 1947 n&rsquo;est pas exempt de probl\u00e8mes, dont beaucoup ont conduit les \u00c9tats-Unis \u00e0 retirer finalement leur soutien \u00e0 la r\u00e9solution en mars 1948. Un \u00e9l\u00e9ment important du plan, cependant, \u00e9tait l&rsquo;obligation pour les nouveaux \u00c9tats d&rsquo;adopter une constitution. \u00ab\u00a0garantissant \u00e0 toutes les personnes des droits \u00e9gaux et non discriminatoires en mati\u00e8re civile, politique, \u00e9conomique et religieuse ainsi que la jouissance des droits de l&rsquo;homme et des libert\u00e9s fondamentales, y compris la libert\u00e9 de religion, de langue, d&rsquo;expression et de publication, d&rsquo;\u00e9ducation, de r\u00e9union et d&rsquo;association\u00a0\u00bb. L&rsquo;un des premiers objectifs d&rsquo;Isra\u00ebl pour \u00e9tablir sa l\u00e9gitimit\u00e9, apr\u00e8s avoir d\u00e9clar\u00e9 son ind\u00e9pendance, \u00e9tait de se faire accepter aux Nations Unies en tant qu&rsquo;\u00c9tat membre. L&rsquo;engagement d&rsquo;adopter une constitution, comme l&rsquo;avait demand\u00e9 la r\u00e9solution 181, a \u00e9t\u00e9 inclus dans la d\u00e9claration dans cet esprit.<\/span><\/span><\/span><\/p>\n<p><span style=\"color: #000000;\"><span style=\"font-family: Verdana, sans-serif;\"><span style=\"font-size: small;\">Mais alors m\u00eame que l&rsquo;\u00c9tat isra\u00e9lien s&rsquo;est \u00e9tabli par la conqu\u00eate guerri\u00e8re de territoires, le processus d&rsquo;adoption d&rsquo;une constitution est au point mort &#8211; et personne n&rsquo;y a jou\u00e9 un plus grand r\u00f4le que David Ben Gourion, qui a rejet\u00e9 les initiatives du comit\u00e9 de r\u00e9daction de la constitution et, finalement, a lanc\u00e9 une campagne contre une constitution pour Isra\u00ebl au d\u00e9but de 1949. Pour Ben Gourion, qui dirigeait un \u00c9tat \u00e0 ses d\u00e9buts et faisait face \u00e0 des d\u00e9fis majeurs, l&rsquo;id\u00e9e d&rsquo;une loi supr\u00eame qui limiterait le pouvoir de l&rsquo;\u00c9tat \u00e9tait la derni\u00e8re chose dont l&rsquo;\u00c9tat avait besoin. L&rsquo;un des principaux d\u00e9fis auxquels le nouvel \u00c9tat \u00e9tait confront\u00e9 concernait la question de la citoyennet\u00e9. A l&rsquo;\u00e9poque, l&rsquo;\u00c9tat s&rsquo;est acharn\u00e9 \u00e0 r\u00e9organiser d\u00e9mographiquement le pays \u00e0 la fois en d\u00e9peuplant les villes et villages palestiniens et en emp\u00eachant par la force le retour des r\u00e9fugi\u00e9s d&rsquo;une part, et en facilitant un afflux massif d&rsquo;immigrants juifs de l&rsquo;ext\u00e9rieur de la Palestine d&rsquo;autre part. Comment l&rsquo;\u00c9tat pourrait-il d\u00e9finir un concept de citoyennet\u00e9 qui soit \u00e0 la fois conforme aux principes d&rsquo;\u00e9galit\u00e9 et de non-discrimination stipul\u00e9s par la r\u00e9solution de l&rsquo;ONU tout en privil\u00e9giant les Juifs hors de Palestine et en refusant aux Palestiniens vivant en refuge le droit au retour ?<\/span><\/span><\/span><\/p>\n<p><span style=\"color: #000000;\"><span style=\"font-family: Verdana, sans-serif;\"><span style=\"font-size: small;\">Ce dilemme fondamental a conduit Ben Gourion \u00e0 rejeter quelque 18 projets de loi initiale sur la citoyennet\u00e9, et son opposition \u00e0 de tels principes juridiques d&rsquo;\u00e9galit\u00e9 impos\u00e9s de l&rsquo;ext\u00e9rieur l&rsquo;a conduit \u00e0 refuser cat\u00e9goriquement une constitution. Dans un <a href=\"https:\/\/mosaicmagazine.com\/observation\/israel-zionism\/2021\/03\/against-court-and-constitution-a-never-before-translated-speech-by-david-ben-gurion\/\">discours<\/a> majeur \u00e0 la Knesset en 1949, il a affirm\u00e9 son opposition \u00e0 une constitution, \u00e0 un contr\u00f4le judiciaire et \u00e0 une hi\u00e9rarchie des lois et a d\u00e9fendu l&rsquo;id\u00e9e que l&rsquo;\u00c9tat devait avoir une flexibilit\u00e9 maximale pour r\u00e9soudre les probl\u00e8mes du jour et que la g\u00e9n\u00e9ration actuelle de l\u00e9gislateurs n&rsquo;avait pas le droit de lier les futurs l\u00e9gislateurs qui pourraient \u00eatre confront\u00e9s \u00e0 un ensemble de probl\u00e8mes diff\u00e9rents. Si Isra\u00ebl devait \u00eatre entra\u00een\u00e9 dans un d\u00e9bat sur la constitution, a soutenu Ben Gourion, cela \u00ab nuirait aux besoins essentiels de l&rsquo;\u00c9tat : pr\u00e9paration de l&rsquo;<\/span><\/span><\/span><span style=\"color: #000000;\"><span style=\"font-family: Verdana, sans-serif;\"><span style=\"font-size: small;\"><i>aliyah<\/i><\/span><\/span><\/span><span style=\"color: #000000;\"><span style=\"font-family: Verdana, sans-serif;\"><span style=\"font-size: small;\"> [immigration juive], implantation, \u00e9l\u00e9vation du niveau de vie \u00bb. Il a ensuite ajout\u00e9 : \u00ab Ce sont, \u00e0 mon avis, les questions les plus urgentes pour la Knesset et pour l&rsquo;\u00c9tat. La question d&rsquo;une constitution nous d\u00e9viera compl\u00e8tement vers une autre voie.\u00a0\u00bb<\/span><\/span><\/span><\/p>\n<p><span style=\"color: #000000;\"><span style=\"font-family: Verdana, sans-serif;\"><span style=\"font-size: small;\">En fin de compte, le dilemme auquel Isra\u00ebl \u00e9tait confront\u00e9 dans ces premi\u00e8res ann\u00e9es, qui \u00e9tait n\u00e9 de la contradiction inh\u00e9rente \u00e0 l&rsquo;id\u00e9e d&rsquo;une d\u00e9mocratie juive en Palestine, a \u00e9t\u00e9 \u00ab r\u00e9solu \u00bb par un compromis connu sous le nom de <a href=\"https:\/\/www.conseil-constitutionnel.fr\/nouveaux-cahiers-du-conseil-constitutionnel\/la-cour-supreme-israelienne-et-le-controle-de-constitutionnalite-des-lois\">d\u00e9cision Harari<\/a>. Le compromis, du nom de Yizhar Harari, le membre de la Knesset qui l&rsquo;a propos\u00e9, a fait consensus autour de l&rsquo;id\u00e9e d&rsquo;adopter des lois fondamentales au coup par coup au lieu de r\u00e9diger une constitution enti\u00e8re. Cela donnerait \u00e0 l&rsquo;\u00c9tat la flexibilit\u00e9 dont il avait besoin pour mener \u00e0 bien sa vision colonialiste sans avoir \u00e0 faire face aux contraintes d&rsquo;une loi supr\u00eame. Et avec le temps, selon la r\u00e9solution Harari, les lois fondamentales adopt\u00e9es par la Knesset pourraient se rassembler pour former une constitution. Cela ne s&rsquo;est toujours pas produit.<\/span><\/span><\/span><\/p>\n<p><span style=\"color: #000000;\"><span style=\"font-family: Verdana, sans-serif;\"><span style=\"font-size: small;\">Ben Gourion a fait valoir en 1949 que les lois devraient \u00eatre adopt\u00e9es \u00e0 la majorit\u00e9 d&rsquo;une voix et que les tribunaux ne devraient pas pouvoir limiter le pouvoir l\u00e9gislatif \u00e0 cet \u00e9gard. Ses arguments sont tout \u00e0 fait en phase avec ceux du gouvernement isra\u00e9lien d&rsquo;extr\u00eame-droite qui poursuit aujourd&rsquo;hui la r\u00e9forme judiciaire, indiquant clairement que son programme n&rsquo;est pas une initiative pour changer les origines de l&rsquo;\u00c9tat, mais pour rester en ligne avec elles.<\/span><\/span><\/span><\/p>\n<p><b><span style=\"color: #000000;\"><span style=\"font-family: Verdana, sans-serif;\"><span style=\"font-size: small;\">Les exigences modernes du colonialisme de peuplement<\/span><\/span><\/span><\/b><\/p>\n<p><span style=\"color: #000000;\"><span style=\"font-family: Verdana, sans-serif;\"><span style=\"font-size: small;\">Parmi les \u00e9l\u00e9ments soutenant la \u00ab r\u00e9forme judiciaire \u00bb dans le syst\u00e8me politique isra\u00e9lien d&rsquo;aujourd&rsquo;hui, on trouve les forces les plus \u00e0 droite de la politique isra\u00e9lienne. Alors que des partis politiques comme le Likud et certains de ses alli\u00e9s nationalistes religieux ne consid\u00e8rent pas Ben Gourion comme leur anc\u00eatre politique (leur lign\u00e9e politique passe par le parti Herut de Menachem Begin, alors rival de Ben Gourion), ils avancent n\u00e9anmoins des arguments similaires \u00e0 ceux avanc\u00e9s par premier Premier ministre d&rsquo;Isra\u00ebl, et le font pour des raisons similaires.<\/span><\/span><\/span><\/p>\n<p><span style=\"color: #000000;\"><span style=\"font-family: Verdana, sans-serif;\"><span style=\"font-size: small;\">Le programme du gouvernement actuel commence par une vision globale singuli\u00e8re qui a initialement r\u00e9uni la coalition. Comme Netanyahu l&rsquo;a dit <a href=\"https:\/\/www.middleeastmonitor.com\/20230103-jewish-supremacy-is-state-policy-says-netanyahu\/\">dans un tweet<\/a> \u00e0 la fin de l&rsquo;ann\u00e9e derni\u00e8re\u00a0: \u00ab\u00a0Le peuple juif a un droit exclusif et incontestable sur toutes les r\u00e9gions de la Terre d&rsquo;Isra\u00ebl. Le gouvernement encouragera et d\u00e9veloppera la colonisation dans toutes les parties de la Terre d&rsquo;Isra\u00ebl &#8211; en Galil\u00e9e, dans le N\u00e9guev, le Golan, la Jud\u00e9e et la Samarie.\u00a0\u00bb<\/span><\/span><\/span><\/p>\n<p><span style=\"color: #000000;\"><span style=\"font-family: Verdana, sans-serif;\"><span style=\"font-size: small;\">Le plus ancien Premier ministre d&rsquo;Isra\u00ebl, Netanyahu, et le second plus ancien, Ben Gourion, consid\u00e9raient chacun les tribunaux, ainsi que les lois limitant le pouvoir de l&rsquo;\u00c9tat, comme des obstacles majeurs \u00e0 leur priorit\u00e9 absolue : le colonialisme de peuplement. Alors que le tweet de Netanyahu indique clairement que la port\u00e9e du projet s&rsquo;est \u00e9largie depuis l&rsquo;\u00e9poque de Ben Gourion, l&rsquo;objectif du processus reste le m\u00eame : s&rsquo;assurer que la d\u00e9mographie juive ait la plus grande emprise possible sur la g\u00e9ographie palestinienne, sans tenir compte des droits humains et civils.<\/span><\/span><\/span><\/p>\n<p><span style=\"color: #000000;\"><span style=\"font-family: Verdana, sans-serif;\"><span style=\"font-size: small;\">Le gouvernement de Netanyahu, et en particulier les ministres radicaux qu&rsquo;il a nomm\u00e9s, veulent voir l&rsquo;annexion de la Cisjordanie \u00e0 Isra\u00ebl, l&rsquo;acc\u00e9l\u00e9ration des d\u00e9molitions de maisons dans la zone C, et des mesures punitives plus barbares visant \u00e0 la fois les Palestiniens engag\u00e9s dans la lutte arm\u00e9e contre l&rsquo;occupation et leurs familles. Ils veulent \u00e9galement orienter leurs tirs au-del\u00e0 de la Cisjordanie vers les citoyens palestiniens d&rsquo;Isra\u00ebl, et c&rsquo;est peut-\u00eatre ici que les tribunaux sont un plus grand obstacle. <\/span><\/span><\/span><\/p>\n<p><span style=\"color: #000000;\"><span style=\"font-family: Verdana, sans-serif;\"><span style=\"font-size: small;\">Comme l&rsquo;a <a href=\"https:\/\/dawnmena.org\/the-silent-branch-how-israels-supreme-court-crushes-palestinian-rights\/\">expliqu\u00e9<\/a> le directeur ex\u00e9cutif de l&rsquo;organisation isra\u00e9lienne de d\u00e9fense des droits de l&rsquo;homme B&rsquo;Tselem, Hagai El-Ad, le syst\u00e8me judiciaire isra\u00e9lien a, au cours des derni\u00e8res d\u00e9cennies, de plus en plus agi comme une chambre d&rsquo;enregistrement des caprices de l&rsquo;\u00c9tat isra\u00e9lien en Cisjordanie, mais les a quand m\u00eame contenus \u2013 m\u00eame de fa\u00e7on tr\u00e8s limit\u00e9e &#8211; lorsqu&rsquo;il s&rsquo;agissait de l&rsquo;autre c\u00f4t\u00e9 de la Ligne verte.<\/span><\/span><\/span><\/p>\n<p><span style=\"color: #000000;\"><span style=\"font-family: Verdana, sans-serif;\"><span style=\"font-size: small;\">Alors que des dizaines de milliers d&rsquo;Isra\u00e9liens protestent contre les r\u00e9formes que le gouvernement de Netanyahu cherche \u00e0 imposer dans l&rsquo;espoir de \u00ab sauver l&rsquo;essence \u00bb de la d\u00e9mocratie isra\u00e9lienne, ils \u00e9vitent en grande partie une confrontation avec le probl\u00e8me fondamental, \u00e0 savoir que l&rsquo;essence du syst\u00e8me isra\u00e9lien est de mettre le colonialisme de peuplement avant tout principe lib\u00e9ral autour de la d\u00e9mocratie, de l&rsquo;\u00e9galit\u00e9 ou des droits de l&rsquo;homme. Bien s\u00fbr, pour les foules dans les rues, cela ressemble \u00e0 une bataille pour sauver la d\u00e9mocratie. Mais c&rsquo;est pr\u00e9cis\u00e9ment parce que ce ne sont pas ces foules qui ont \u00e9t\u00e9 la cible du colonialisme isra\u00e9lien ; ils en ont \u00e9t\u00e9 les b\u00e9n\u00e9ficiaires. Comme Ahmad Tibi, un citoyen palestinien d&rsquo;Isra\u00ebl qui est d\u00e9put\u00e9, l&rsquo;a <a href=\"https:\/\/www.haaretz.com\/2009-12-22\/ty-article\/mk-tibi-israel-is-democratic-for-jews-but-jewish-for-arabs\/0000017f-ed3f-d3be-ad7f-ff3ff1850000\">dit<\/a> un jour, Isra\u00ebl est en effet juif et d\u00e9mocratique : il est d\u00e9mocratique envers les juifs et juif envers les Arabes.<\/span><\/span><\/span><\/p>\n<p><b><span style=\"color: #000000;\"><span style=\"font-family: Verdana, sans-serif;\"><span style=\"font-size: small;\">Opposition, mais \u00e0 quoi exactement ?<\/span><\/span><\/span><\/b><\/p>\n<p><span style=\"color: #000000;\"><span style=\"font-family: Verdana, sans-serif;\"><span style=\"font-size: small;\">L&rsquo;opposition politique actuelle \u00e0 Netanyahu, une \u00e9quipe h\u00e9t\u00e9roclite de personnalit\u00e9s politiques isra\u00e9liennes qui sont largement d\u00e9pourvues de toute id\u00e9ologie coh\u00e9rente et sont li\u00e9es principalement par leur d\u00e9sir &#8211; et leur \u00e9chec r\u00e9p\u00e9t\u00e9 &#8211; de d\u00e9loger Netanyahu du pouvoir,\u00a0est confront\u00e9e \u00e0 de <a href=\"https:\/\/www.972mag.com\/israel-anti-government-struggle-palestine\/\">gros probl\u00e8mes<\/a> alors qu&rsquo;elle pilote l&rsquo;opposition aux r\u00e9formes juridiques qu&rsquo;il cherche \u00e0 pr\u00e9senter comme une crise sans pr\u00e9c\u00e9dent. Ce groupe disparate <a href=\"https:\/\/www.972mag.com\/radical-bloc-israel-protests-tel-aviv\/\">s&rsquo;oppose-t-il<\/a> au syst\u00e8me colonial de peuplement, que ces r\u00e9formes juridiques faciliteraient encore davantage, ou cherche-t-il simplement un retour au syst\u00e8me colonial de peuplement, mais sans Netanyahu \u00e0 sa t\u00eate\u00a0?<\/span><\/span><\/span><\/p>\n<p><span style=\"color: #000000;\"><span style=\"font-family: Verdana, sans-serif;\"><span style=\"font-size: small;\">Jusqu&rsquo;\u00e0 pr\u00e9sent, tout indique qu&rsquo;ils pr\u00e9f\u00e8rent cette derni\u00e8re voie, non seulement parce qu&rsquo;ils pensent que c&rsquo;est politiquement opportun, mais aussi parce que, id\u00e9ologiquement, ils sont eux aussi attach\u00e9s au syst\u00e8me du privil\u00e8ge juif. Mais c&rsquo;est l&rsquo;engagement m\u00eame envers ce privil\u00e8ge qui les a emp\u00each\u00e9s de <a href=\"https:\/\/www.972mag.com\/palestinian-citizens-israel-government-protests\/\">construire<\/a> de v\u00e9ritables partenariats avec les citoyens palestiniens d&rsquo;Isra\u00ebl qui pourraient r\u00e9ellement apporter le soutien essentiel n\u00e9cessaire pour un changement des priorit\u00e9s politiques. Pour tous les Palestiniens, y compris ceux qui ont la citoyennet\u00e9 isra\u00e9lienne, il n&rsquo;y a aucune urgence \u00e0 essayer de \u00ab sauver \u00bb la d\u00e9mocratie isra\u00e9lienne, principalement parce que pour eux, elle n&rsquo;a jamais exist\u00e9. Non seulement un syst\u00e8me politique construit pour \u00eatre d\u00e9mocratique pour certains mais pas pour tous n&rsquo;est pas une d\u00e9mocratie, mais de plus ceux qu&rsquo;il d\u00e9savantage ne vont pas voir l&rsquo;utilit\u00e9 de le sauver.<\/span><\/span><\/span><\/p>\n<p><em><span style=\"color: #000000;\"><span style=\"font-family: Verdana, sans-serif;\"><span style=\"font-size: small;\">Article original en anglais sur <a href=\"https:\/\/www.972mag.com\/israel-constitutional-crisis-settler-colonialism\/\">972mag.com<\/a> &#8211; Premi\u00e8re parution sur<\/span><\/span><\/span><span style=\"color: #2f2f2f;\"><span style=\"font-family: Verdana, sans-serif;\"><span style=\"font-size: small;\"> <a href=\"https:\/\/arabcenterdc.org\/about\/about-arab-center-washington-dc\/\">Arab Center Washington DC<\/a><\/span><\/span><\/span><span style=\"color: #000000;\"><span style=\"font-family: Verdana, sans-serif;\"><span style=\"font-size: small;\"> \/ <\/span><\/span><\/span><span style=\"color: #000000;\"><span style=\"font-family: Verdana, sans-serif;\"><span style=\"font-size: small;\">Traduction MR<\/span><\/span><\/span><\/em><\/p>\n<p><span style=\"color: #000000;\"><span style=\"font-family: Verdana, sans-serif;\"><span style=\"font-size: small;\">[writers slug=yousef-munayyer]<\/span><\/span><\/span><\/p>\n","protected":false},"excerpt":{"rendered":"<p>Yousef Munayyer, 24 f\u00e9vrier 2023. Des dizaines de milliers d&rsquo;Isra\u00e9liens ont envahi les rues des grandes villes ces derni\u00e8res semaines pour protester contre les r\u00e9formes judiciaires importantes que le nouveau <a class=\"more-link\" href=\"https:\/\/ismfrance.org\/index.php\/2023\/02\/25\/les-origines-coloniales-de-la-crise-constitutionnelle-disrael\/\">Lire la suite &rarr;<\/a><\/p>\n","protected":false},"author":3,"featured_media":4844,"comment_status":"closed","ping_status":"closed","sticky":false,"template":"","format":"standard","meta":{"footnotes":""},"categories":[12,2],"tags":[158,58],"class_list":["post-4843","post","type-post","status-publish","format-standard","has-post-thumbnail","hentry","category-analyses","category-articles","tag-colonialisme-de-peuplement","tag-histoire"],"yoast_head":"<!-- This site is optimized with the Yoast SEO plugin v27.2 - https:\/\/yoast.com\/product\/yoast-seo-wordpress\/ -->\n<title>Les origines coloniales de la crise constitutionnelle d&#039;Isra\u00ebl - International Solidarity Movement - ISM-France<\/title>\n<meta name=\"robots\" content=\"index, follow, max-snippet:-1, max-image-preview:large, max-video-preview:-1\" \/>\n<link rel=\"canonical\" href=\"https:\/\/ismfrance.org\/index.php\/2023\/02\/25\/les-origines-coloniales-de-la-crise-constitutionnelle-disrael\/\" \/>\n<meta property=\"og:locale\" content=\"fr_FR\" \/>\n<meta property=\"og:type\" content=\"article\" \/>\n<meta property=\"og:title\" content=\"Les origines coloniales de la crise constitutionnelle d&#039;Isra\u00ebl - International Solidarity Movement - ISM-France\" \/>\n<meta property=\"og:description\" content=\"Yousef Munayyer, 24 f\u00e9vrier 2023. Des dizaines de milliers d&rsquo;Isra\u00e9liens ont envahi les rues des grandes villes ces derni\u00e8res semaines pour protester contre les r\u00e9formes judiciaires importantes que le nouveau Lire la suite &rarr;\" \/>\n<meta property=\"og:url\" content=\"https:\/\/ismfrance.org\/index.php\/2023\/02\/25\/les-origines-coloniales-de-la-crise-constitutionnelle-disrael\/\" \/>\n<meta property=\"og:site_name\" content=\"International Solidarity Movement - ISM-France\" \/>\n<meta property=\"article:published_time\" content=\"2023-02-25T10:01:29+00:00\" \/>\n<meta property=\"og:image\" content=\"https:\/\/ismfrance.org\/wp-content\/uploads\/2023\/02\/demolition-umm-al-fahm.webp\" \/>\n\t<meta property=\"og:image:width\" content=\"1200\" \/>\n\t<meta property=\"og:image:height\" content=\"800\" \/>\n\t<meta property=\"og:image:type\" content=\"image\/webp\" \/>\n<meta name=\"author\" content=\"mru_01\" \/>\n<meta name=\"twitter:card\" content=\"summary_large_image\" \/>\n<meta name=\"twitter:creator\" content=\"@ISMFRANCE\" \/>\n<meta name=\"twitter:site\" content=\"@ISMFRANCE\" \/>\n<meta name=\"twitter:label1\" content=\"\u00c9crit par\" \/>\n\t<meta name=\"twitter:data1\" content=\"mru_01\" \/>\n\t<meta name=\"twitter:label2\" content=\"Dur\u00e9e de lecture estim\u00e9e\" \/>\n\t<meta name=\"twitter:data2\" content=\"11 minutes\" \/>\n<script type=\"application\/ld+json\" class=\"yoast-schema-graph\">{\"@context\":\"https:\/\/schema.org\",\"@graph\":[{\"@type\":\"Article\",\"@id\":\"https:\/\/ismfrance.org\/index.php\/2023\/02\/25\/les-origines-coloniales-de-la-crise-constitutionnelle-disrael\/#article\",\"isPartOf\":{\"@id\":\"https:\/\/ismfrance.org\/index.php\/2023\/02\/25\/les-origines-coloniales-de-la-crise-constitutionnelle-disrael\/\"},\"author\":{\"name\":\"mru_01\",\"@id\":\"https:\/\/ismfrance.org\/#\/schema\/person\/3c411eb72adfaae19c0dca1f41fae01d\"},\"headline\":\"Les origines coloniales de la crise constitutionnelle d&rsquo;Isra\u00ebl\",\"datePublished\":\"2023-02-25T10:01:29+00:00\",\"mainEntityOfPage\":{\"@id\":\"https:\/\/ismfrance.org\/index.php\/2023\/02\/25\/les-origines-coloniales-de-la-crise-constitutionnelle-disrael\/\"},\"wordCount\":2475,\"publisher\":{\"@id\":\"https:\/\/ismfrance.org\/#organization\"},\"image\":{\"@id\":\"https:\/\/ismfrance.org\/index.php\/2023\/02\/25\/les-origines-coloniales-de-la-crise-constitutionnelle-disrael\/#primaryimage\"},\"thumbnailUrl\":\"https:\/\/ismfrance.org\/wp-content\/uploads\/2023\/02\/demolition-umm-al-fahm.webp\",\"keywords\":[\"Colonialisme de peuplement\",\"Histoire\"],\"articleSection\":[\"Analyses\",\"Articles\"],\"inLanguage\":\"fr-FR\"},{\"@type\":\"WebPage\",\"@id\":\"https:\/\/ismfrance.org\/index.php\/2023\/02\/25\/les-origines-coloniales-de-la-crise-constitutionnelle-disrael\/\",\"url\":\"https:\/\/ismfrance.org\/index.php\/2023\/02\/25\/les-origines-coloniales-de-la-crise-constitutionnelle-disrael\/\",\"name\":\"Les origines coloniales de la crise constitutionnelle d'Isra\u00ebl - International Solidarity Movement - ISM-France\",\"isPartOf\":{\"@id\":\"https:\/\/ismfrance.org\/#website\"},\"primaryImageOfPage\":{\"@id\":\"https:\/\/ismfrance.org\/index.php\/2023\/02\/25\/les-origines-coloniales-de-la-crise-constitutionnelle-disrael\/#primaryimage\"},\"image\":{\"@id\":\"https:\/\/ismfrance.org\/index.php\/2023\/02\/25\/les-origines-coloniales-de-la-crise-constitutionnelle-disrael\/#primaryimage\"},\"thumbnailUrl\":\"https:\/\/ismfrance.org\/wp-content\/uploads\/2023\/02\/demolition-umm-al-fahm.webp\",\"datePublished\":\"2023-02-25T10:01:29+00:00\",\"breadcrumb\":{\"@id\":\"https:\/\/ismfrance.org\/index.php\/2023\/02\/25\/les-origines-coloniales-de-la-crise-constitutionnelle-disrael\/#breadcrumb\"},\"inLanguage\":\"fr-FR\",\"potentialAction\":[{\"@type\":\"ReadAction\",\"target\":[\"https:\/\/ismfrance.org\/index.php\/2023\/02\/25\/les-origines-coloniales-de-la-crise-constitutionnelle-disrael\/\"]}]},{\"@type\":\"ImageObject\",\"inLanguage\":\"fr-FR\",\"@id\":\"https:\/\/ismfrance.org\/index.php\/2023\/02\/25\/les-origines-coloniales-de-la-crise-constitutionnelle-disrael\/#primaryimage\",\"url\":\"https:\/\/ismfrance.org\/wp-content\/uploads\/2023\/02\/demolition-umm-al-fahm.webp\",\"contentUrl\":\"https:\/\/ismfrance.org\/wp-content\/uploads\/2023\/02\/demolition-umm-al-fahm.webp\",\"width\":1200,\"height\":800,\"caption\":\"La d\u00e9mocratie \u00e0 l'Isra\u00e9lienne\u00a0: d\u00e9molition d'une maison appartenant \u00e0 des Palestiniens le 26 ao\u00fbt 2019 \u00e0 Umm al-Fahm, en Palestine 48 [Wisam Hashlamoun\/Agence Anadolu]\"},{\"@type\":\"BreadcrumbList\",\"@id\":\"https:\/\/ismfrance.org\/index.php\/2023\/02\/25\/les-origines-coloniales-de-la-crise-constitutionnelle-disrael\/#breadcrumb\",\"itemListElement\":[{\"@type\":\"ListItem\",\"position\":1,\"name\":\"Accueil\",\"item\":\"https:\/\/ismfrance.org\/\"},{\"@type\":\"ListItem\",\"position\":2,\"name\":\"Les origines coloniales de la crise constitutionnelle d&#8217;Isra\u00ebl\"}]},{\"@type\":\"WebSite\",\"@id\":\"https:\/\/ismfrance.org\/#website\",\"url\":\"https:\/\/ismfrance.org\/\",\"name\":\"ISM Palestine France\",\"description\":\"Soutien aux luttes de lib\u00e9ration du peuple palestinien\",\"publisher\":{\"@id\":\"https:\/\/ismfrance.org\/#organization\"},\"potentialAction\":[{\"@type\":\"SearchAction\",\"target\":{\"@type\":\"EntryPoint\",\"urlTemplate\":\"https:\/\/ismfrance.org\/?s={search_term_string}\"},\"query-input\":{\"@type\":\"PropertyValueSpecification\",\"valueRequired\":true,\"valueName\":\"search_term_string\"}}],\"inLanguage\":\"fr-FR\"},{\"@type\":\"Organization\",\"@id\":\"https:\/\/ismfrance.org\/#organization\",\"name\":\"International Solidarity Movement\",\"url\":\"https:\/\/ismfrance.org\/\",\"logo\":{\"@type\":\"ImageObject\",\"inLanguage\":\"fr-FR\",\"@id\":\"https:\/\/ismfrance.org\/#\/schema\/logo\/image\/\",\"url\":\"https:\/\/ismfrance.org\/wp-content\/uploads\/2020\/12\/00.png\",\"contentUrl\":\"https:\/\/ismfrance.org\/wp-content\/uploads\/2020\/12\/00.png\",\"width\":400,\"height\":400,\"caption\":\"International Solidarity Movement\"},\"image\":{\"@id\":\"https:\/\/ismfrance.org\/#\/schema\/logo\/image\/\"},\"sameAs\":[\"https:\/\/x.com\/ISMFRANCE\"]},{\"@type\":\"Person\",\"@id\":\"https:\/\/ismfrance.org\/#\/schema\/person\/3c411eb72adfaae19c0dca1f41fae01d\",\"name\":\"mru_01\",\"image\":{\"@type\":\"ImageObject\",\"inLanguage\":\"fr-FR\",\"@id\":\"https:\/\/secure.gravatar.com\/avatar\/3a0be343b445d2ccc79e87444a294fad2b232e90d2051d0e3cc219e1ecd6a330?s=96&d=mm&r=g\",\"url\":\"https:\/\/secure.gravatar.com\/avatar\/3a0be343b445d2ccc79e87444a294fad2b232e90d2051d0e3cc219e1ecd6a330?s=96&d=mm&r=g\",\"contentUrl\":\"https:\/\/secure.gravatar.com\/avatar\/3a0be343b445d2ccc79e87444a294fad2b232e90d2051d0e3cc219e1ecd6a330?s=96&d=mm&r=g\",\"caption\":\"mru_01\"},\"url\":\"https:\/\/ismfrance.org\/index.php\/author\/admin02\/\"}]}<\/script>\n<!-- \/ Yoast SEO plugin. -->","yoast_head_json":{"title":"Les origines coloniales de la crise constitutionnelle d'Isra\u00ebl - International Solidarity Movement - ISM-France","robots":{"index":"index","follow":"follow","max-snippet":"max-snippet:-1","max-image-preview":"max-image-preview:large","max-video-preview":"max-video-preview:-1"},"canonical":"https:\/\/ismfrance.org\/index.php\/2023\/02\/25\/les-origines-coloniales-de-la-crise-constitutionnelle-disrael\/","og_locale":"fr_FR","og_type":"article","og_title":"Les origines coloniales de la crise constitutionnelle d'Isra\u00ebl - International Solidarity Movement - ISM-France","og_description":"Yousef Munayyer, 24 f\u00e9vrier 2023. Des dizaines de milliers d&rsquo;Isra\u00e9liens ont envahi les rues des grandes villes ces derni\u00e8res semaines pour protester contre les r\u00e9formes judiciaires importantes que le nouveau Lire la suite &rarr;","og_url":"https:\/\/ismfrance.org\/index.php\/2023\/02\/25\/les-origines-coloniales-de-la-crise-constitutionnelle-disrael\/","og_site_name":"International Solidarity Movement - ISM-France","article_published_time":"2023-02-25T10:01:29+00:00","og_image":[{"width":1200,"height":800,"url":"https:\/\/ismfrance.org\/wp-content\/uploads\/2023\/02\/demolition-umm-al-fahm.webp","type":"image\/webp"}],"author":"mru_01","twitter_card":"summary_large_image","twitter_creator":"@ISMFRANCE","twitter_site":"@ISMFRANCE","twitter_misc":{"\u00c9crit par":"mru_01","Dur\u00e9e de lecture estim\u00e9e":"11 minutes"},"schema":{"@context":"https:\/\/schema.org","@graph":[{"@type":"Article","@id":"https:\/\/ismfrance.org\/index.php\/2023\/02\/25\/les-origines-coloniales-de-la-crise-constitutionnelle-disrael\/#article","isPartOf":{"@id":"https:\/\/ismfrance.org\/index.php\/2023\/02\/25\/les-origines-coloniales-de-la-crise-constitutionnelle-disrael\/"},"author":{"name":"mru_01","@id":"https:\/\/ismfrance.org\/#\/schema\/person\/3c411eb72adfaae19c0dca1f41fae01d"},"headline":"Les origines coloniales de la crise constitutionnelle d&rsquo;Isra\u00ebl","datePublished":"2023-02-25T10:01:29+00:00","mainEntityOfPage":{"@id":"https:\/\/ismfrance.org\/index.php\/2023\/02\/25\/les-origines-coloniales-de-la-crise-constitutionnelle-disrael\/"},"wordCount":2475,"publisher":{"@id":"https:\/\/ismfrance.org\/#organization"},"image":{"@id":"https:\/\/ismfrance.org\/index.php\/2023\/02\/25\/les-origines-coloniales-de-la-crise-constitutionnelle-disrael\/#primaryimage"},"thumbnailUrl":"https:\/\/ismfrance.org\/wp-content\/uploads\/2023\/02\/demolition-umm-al-fahm.webp","keywords":["Colonialisme de peuplement","Histoire"],"articleSection":["Analyses","Articles"],"inLanguage":"fr-FR"},{"@type":"WebPage","@id":"https:\/\/ismfrance.org\/index.php\/2023\/02\/25\/les-origines-coloniales-de-la-crise-constitutionnelle-disrael\/","url":"https:\/\/ismfrance.org\/index.php\/2023\/02\/25\/les-origines-coloniales-de-la-crise-constitutionnelle-disrael\/","name":"Les origines coloniales de la crise constitutionnelle d'Isra\u00ebl - International Solidarity Movement - ISM-France","isPartOf":{"@id":"https:\/\/ismfrance.org\/#website"},"primaryImageOfPage":{"@id":"https:\/\/ismfrance.org\/index.php\/2023\/02\/25\/les-origines-coloniales-de-la-crise-constitutionnelle-disrael\/#primaryimage"},"image":{"@id":"https:\/\/ismfrance.org\/index.php\/2023\/02\/25\/les-origines-coloniales-de-la-crise-constitutionnelle-disrael\/#primaryimage"},"thumbnailUrl":"https:\/\/ismfrance.org\/wp-content\/uploads\/2023\/02\/demolition-umm-al-fahm.webp","datePublished":"2023-02-25T10:01:29+00:00","breadcrumb":{"@id":"https:\/\/ismfrance.org\/index.php\/2023\/02\/25\/les-origines-coloniales-de-la-crise-constitutionnelle-disrael\/#breadcrumb"},"inLanguage":"fr-FR","potentialAction":[{"@type":"ReadAction","target":["https:\/\/ismfrance.org\/index.php\/2023\/02\/25\/les-origines-coloniales-de-la-crise-constitutionnelle-disrael\/"]}]},{"@type":"ImageObject","inLanguage":"fr-FR","@id":"https:\/\/ismfrance.org\/index.php\/2023\/02\/25\/les-origines-coloniales-de-la-crise-constitutionnelle-disrael\/#primaryimage","url":"https:\/\/ismfrance.org\/wp-content\/uploads\/2023\/02\/demolition-umm-al-fahm.webp","contentUrl":"https:\/\/ismfrance.org\/wp-content\/uploads\/2023\/02\/demolition-umm-al-fahm.webp","width":1200,"height":800,"caption":"La d\u00e9mocratie \u00e0 l'Isra\u00e9lienne\u00a0: d\u00e9molition d'une maison appartenant \u00e0 des Palestiniens le 26 ao\u00fbt 2019 \u00e0 Umm al-Fahm, en Palestine 48 [Wisam Hashlamoun\/Agence Anadolu]"},{"@type":"BreadcrumbList","@id":"https:\/\/ismfrance.org\/index.php\/2023\/02\/25\/les-origines-coloniales-de-la-crise-constitutionnelle-disrael\/#breadcrumb","itemListElement":[{"@type":"ListItem","position":1,"name":"Accueil","item":"https:\/\/ismfrance.org\/"},{"@type":"ListItem","position":2,"name":"Les origines coloniales de la crise constitutionnelle d&#8217;Isra\u00ebl"}]},{"@type":"WebSite","@id":"https:\/\/ismfrance.org\/#website","url":"https:\/\/ismfrance.org\/","name":"ISM Palestine France","description":"Soutien aux luttes de lib\u00e9ration du peuple palestinien","publisher":{"@id":"https:\/\/ismfrance.org\/#organization"},"potentialAction":[{"@type":"SearchAction","target":{"@type":"EntryPoint","urlTemplate":"https:\/\/ismfrance.org\/?s={search_term_string}"},"query-input":{"@type":"PropertyValueSpecification","valueRequired":true,"valueName":"search_term_string"}}],"inLanguage":"fr-FR"},{"@type":"Organization","@id":"https:\/\/ismfrance.org\/#organization","name":"International Solidarity Movement","url":"https:\/\/ismfrance.org\/","logo":{"@type":"ImageObject","inLanguage":"fr-FR","@id":"https:\/\/ismfrance.org\/#\/schema\/logo\/image\/","url":"https:\/\/ismfrance.org\/wp-content\/uploads\/2020\/12\/00.png","contentUrl":"https:\/\/ismfrance.org\/wp-content\/uploads\/2020\/12\/00.png","width":400,"height":400,"caption":"International Solidarity Movement"},"image":{"@id":"https:\/\/ismfrance.org\/#\/schema\/logo\/image\/"},"sameAs":["https:\/\/x.com\/ISMFRANCE"]},{"@type":"Person","@id":"https:\/\/ismfrance.org\/#\/schema\/person\/3c411eb72adfaae19c0dca1f41fae01d","name":"mru_01","image":{"@type":"ImageObject","inLanguage":"fr-FR","@id":"https:\/\/secure.gravatar.com\/avatar\/3a0be343b445d2ccc79e87444a294fad2b232e90d2051d0e3cc219e1ecd6a330?s=96&d=mm&r=g","url":"https:\/\/secure.gravatar.com\/avatar\/3a0be343b445d2ccc79e87444a294fad2b232e90d2051d0e3cc219e1ecd6a330?s=96&d=mm&r=g","contentUrl":"https:\/\/secure.gravatar.com\/avatar\/3a0be343b445d2ccc79e87444a294fad2b232e90d2051d0e3cc219e1ecd6a330?s=96&d=mm&r=g","caption":"mru_01"},"url":"https:\/\/ismfrance.org\/index.php\/author\/admin02\/"}]}},"_links":{"self":[{"href":"https:\/\/ismfrance.org\/index.php\/wp-json\/wp\/v2\/posts\/4843","targetHints":{"allow":["GET"]}}],"collection":[{"href":"https:\/\/ismfrance.org\/index.php\/wp-json\/wp\/v2\/posts"}],"about":[{"href":"https:\/\/ismfrance.org\/index.php\/wp-json\/wp\/v2\/types\/post"}],"author":[{"embeddable":true,"href":"https:\/\/ismfrance.org\/index.php\/wp-json\/wp\/v2\/users\/3"}],"replies":[{"embeddable":true,"href":"https:\/\/ismfrance.org\/index.php\/wp-json\/wp\/v2\/comments?post=4843"}],"version-history":[{"count":0,"href":"https:\/\/ismfrance.org\/index.php\/wp-json\/wp\/v2\/posts\/4843\/revisions"}],"wp:featuredmedia":[{"embeddable":true,"href":"https:\/\/ismfrance.org\/index.php\/wp-json\/wp\/v2\/media\/4844"}],"wp:attachment":[{"href":"https:\/\/ismfrance.org\/index.php\/wp-json\/wp\/v2\/media?parent=4843"}],"wp:term":[{"taxonomy":"category","embeddable":true,"href":"https:\/\/ismfrance.org\/index.php\/wp-json\/wp\/v2\/categories?post=4843"},{"taxonomy":"post_tag","embeddable":true,"href":"https:\/\/ismfrance.org\/index.php\/wp-json\/wp\/v2\/tags?post=4843"}],"curies":[{"name":"wp","href":"https:\/\/api.w.org\/{rel}","templated":true}]}}