{"id":4492,"date":"2023-01-11T19:42:38","date_gmt":"2023-01-11T18:42:38","guid":{"rendered":"https:\/\/ismfrance.org\/?p=4492"},"modified":"2023-01-12T10:03:24","modified_gmt":"2023-01-12T09:03:24","slug":"lheritage-de-mahmoud-abbas","status":"publish","type":"post","link":"https:\/\/ismfrance.org\/index.php\/2023\/01\/11\/lheritage-de-mahmoud-abbas\/","title":{"rendered":"L&rsquo;h\u00e9ritage de Mahmoud Abbas"},"content":{"rendered":"<p><span style=\"color: #000000;\"><span style=\"font-family: Tahoma, sans-serif;\"><span style=\"font-size: medium;\"><b>Tareq Baconi<\/b><\/span><\/span><\/span><span style=\"color: #000000;\"><span style=\"font-family: Tahoma, sans-serif;\"><span style=\"font-size: medium;\"><b>,\u00a0<\/b><\/span><\/span><\/span><span style=\"color: #000000;\"><span style=\"font-family: Tahoma, sans-serif;\"><span style=\"font-size: medium;\"><b>Yara Hawari<\/b><\/span><\/span><\/span><span style=\"color: #000000;\"><span style=\"font-family: Tahoma, sans-serif;\"><span style=\"font-size: medium;\"><b>,\u00a0<\/b><\/span><\/span><\/span><span style=\"color: #000000;\"><span style=\"font-family: Tahoma, sans-serif;\"><span style=\"font-size: medium;\"><b>Tariq Kenney-Shawa<\/b><\/span><\/span><\/span><span style=\"color: #000000;\"><span style=\"font-family: Tahoma, sans-serif;\"><span style=\"font-size: medium;\"><b>,\u00a0<\/b><\/span><\/span><\/span><span style=\"color: #000000;\"><span style=\"font-family: Tahoma, sans-serif;\"><span style=\"font-size: medium;\"><b>Alaa Tartir, 9 janvier 2023<\/b><\/span><\/span><\/span><span style=\"color: #000000;\"><span style=\"font-family: Tahoma, sans-serif;\"><span style=\"font-size: medium;\">. <\/span><\/span><\/span><i><span style=\"color: #000000;\"><span style=\"font-family: Tahoma, sans-serif;\"><span style=\"font-size: medium;\">Le chef de l\u2019Autorit\u00e9 palestinienne (AP) Mahmoud Abbas, est l\u2019un des plus anciens dirigeants au monde, et alors que sa pr\u00e9sidence d\u00e9passe cette ann\u00e9e son mandat d\u2019\u00e9lu de 14 ann\u00e9es, les analystes politiques d\u2019Al-Shabaka r\u00e9fl\u00e9chissent \u00e0 son h\u00e9ritage.<\/span><\/span><\/span><\/i><\/p>\n<div id=\"attachment_4493\" style=\"width: 610px\" class=\"wp-caption aligncenter\"><a href=\"https:\/\/ismfrance.org\/wp-content\/uploads\/2023\/01\/abbas-legacy.jpeg\"><img loading=\"lazy\" decoding=\"async\" aria-describedby=\"caption-attachment-4493\" class=\"wp-image-4493 size-large\" src=\"https:\/\/ismfrance.org\/wp-content\/uploads\/2023\/01\/abbas-legacy-700x467.jpeg\" alt=\"\" width=\"600\" height=\"400\" srcset=\"https:\/\/ismfrance.org\/wp-content\/uploads\/2023\/01\/abbas-legacy-700x467.jpeg 700w, https:\/\/ismfrance.org\/wp-content\/uploads\/2023\/01\/abbas-legacy-300x200.jpeg 300w, https:\/\/ismfrance.org\/wp-content\/uploads\/2023\/01\/abbas-legacy-768x512.jpeg 768w, https:\/\/ismfrance.org\/wp-content\/uploads\/2023\/01\/abbas-legacy.jpeg 1200w\" sizes=\"auto, (max-width: 600px) 100vw, 600px\" \/><\/a><p id=\"caption-attachment-4493\" class=\"wp-caption-text\">30 avril 2021 &#8211; Les partisans du Hamas manifestent contre le report des \u00e9lections parlementaires et pr\u00e9sidentielles palestiniennes pr\u00e9vues le 22 mai. Photo Mohamed Salem<\/p><\/div>\n<p><i><span style=\"color: #000000;\"><span style=\"font-family: Tahoma, sans-serif;\"><span style=\"font-size: medium;\">En plus d\u2019avoir orchestr\u00e9 les accords d\u2019Oslo de 1993, qui ont r\u00e9duit le mouvement de lib\u00e9ration palestinien \u00e0 un projet national au sein de la Cisjordanie et de la bande de Gaza occup\u00e9es, Abbas a r\u00e9duit l\u2019\u00e9conomie palestinienne \u00e0 la d\u00e9pendance de l\u2019aide des donateurs et a enfonc\u00e9 les institutions s\u00e9curitaires dans la collaboration avec le r\u00e9gime isra\u00e9lien. <\/span><\/span><\/span><\/i><\/p>\n<p><i><span style=\"color: #000000;\"><span style=\"font-family: Tahoma, sans-serif;\"><span style=\"font-size: medium;\">De nombreux Palestiniens se souviendront donc certainement de Mahmoud Abbas comme du dirigeant qui a p\u00e9r\u00e9nis\u00e9 leur r\u00e9alit\u00e9 sous l\u2019occupation isra\u00e9lienne.<\/span><\/span><\/span><\/i><\/p>\n<p><i><span style=\"color: #000000;\"><span style=\"font-family: Tahoma, sans-serif;\"><span style=\"font-size: medium;\">Dans cette table ronde, Tareq Baconi, Yara Hawari, Alaa Tartir et Tariq Kenney-Shawa formulent des critiques incisives du leadership palestinien. Ensemble, ils montrent clairement qu\u2019Abbas a pr\u00e9sid\u00e9 \u00e0 la poursuite du statu quo de l\u2019occupation et de l\u2019apartheid isra\u00e9liens, \u00e0 la criminalisation de la r\u00e9sistance palestinienne, \u00e0 la suppression de tout processus d\u00e9mocratique et \u00e0 l\u2019abandon d\u2019une vision globale pour un avenir palestinien d\u00e9colonis\u00e9.<\/span><\/span><\/span><\/i><\/p>\n<p><span style=\"font-family: Tahoma, sans-serif;\"><span style=\"font-size: large;\"><b>Une direction sans vision de la lib\u00e9ration<\/b><\/span><\/span><\/p>\n<p><span style=\"font-family: Tahoma, sans-serif;\"><span style=\"font-size: large;\"><b>Tareq Baconi<\/b><\/span><\/span><\/p>\n<p><span style=\"color: #000000;\"><span style=\"font-family: Tahoma, sans-serif;\"><span style=\"font-size: medium;\">Au d\u00e9but du mois de juin 2022, Mahmoud Abbas a fait une rare apparition dans les rues de Ramallah et s\u2019est m\u00eal\u00e9 aux passants pour dissiper les <\/span><\/span><\/span><a href=\"https:\/\/www.economist.com\/middle-east-and-africa\/2022\/08\/23\/the-ageing-ailing-palestinian-leader-does-not-do-much-governing\"><span style=\"color: #000000;\">rumeurs sur une attaque c\u00e9r\u00e9brale<\/span><\/a><span style=\"color: #000000;\"><span style=\"font-family: Tahoma, sans-serif;\"><span style=\"font-size: medium;\">. <\/span><\/span><\/span><\/p>\n<p><span style=\"color: #000000;\"><span style=\"font-family: Tahoma, sans-serif;\"><span style=\"font-size: medium;\">Si ce type d\u2019apparition avait \u00e9t\u00e9 plus fr\u00e9quent, motiv\u00e9 non pas par la n\u00e9cessit\u00e9 de prouver sa long\u00e9vit\u00e9 mais par le d\u00e9sir d\u2019entrer en contact avec son peuple, Mahmoud Abbas aurait peut-\u00eatre r\u00e9alis\u00e9 le ressentiment et le d\u00e9sespoir que les Palestiniens \u00e9prouvent \u00e0 l\u2019\u00e9gard de son <\/span><\/span><\/span><i><span style=\"color: #000000;\"><span style=\"font-family: Tahoma, sans-serif;\"><span style=\"font-size: medium;\">leadership<\/span><\/span><\/span><\/i><span style=\"color: #000000;\"><span style=\"font-family: Tahoma, sans-serif;\"><span style=\"font-size: medium;\"> autoritaire et moribond, qui a maintenant d\u00e9pass\u00e9 de plus d\u2019une d\u00e9cennie son mandat d\u00e9mocratique.<\/span><\/span><\/span><\/p>\n<p><span style=\"color: #000000;\"><span style=\"font-family: Tahoma, sans-serif;\"><span style=\"font-size: medium;\">Personnage cl\u00e9 des coulisses des accords d\u2019Oslo, Abbas laissera le souvenir d\u2019un bureaucrate qui a soutenu l\u2019architecture de l\u2019autonomie instaur\u00e9e par ces n\u00e9gociations \u2013 une forme de gouvernance limit\u00e9e qui n\u2019est jamais parvenu <\/span><\/span><\/span><a href=\"https:\/\/charleroi-pourlapalestine.be\/index.php\/2021\/08\/01\/lidee-coloniale-qui-a-mis-sur-pied-lautorite-palestinienne-ap\/\"><span style=\"color: #000000;\">\u00e0 l\u2019autod\u00e9termination ou au statut d\u2019\u00c9tat<\/span><\/a><span style=\"color: #000000;\"><span style=\"font-family: Tahoma, sans-serif;\"><span style=\"font-size: medium;\">. <\/span><\/span><\/span><\/p>\n<p><span style=\"color: #000000;\"><span style=\"font-family: Tahoma, sans-serif;\"><span style=\"font-size: medium;\">D\u00e9pourvu de vision de la lib\u00e9ration et de capacit\u00e9s strat\u00e9giques, Abbas a excell\u00e9 \u00e0 exaucer le souhait du r\u00e9gime isra\u00e9lien d\u2019un <\/span><\/span><\/span><a href=\"https:\/\/al-shabaka.org\/scenario-matrix\/\"><span style=\"color: #000000;\">maintien du <\/span><\/a><i><a href=\"https:\/\/al-shabaka.org\/scenario-matrix\/\"><span style=\"color: #000000;\"><span style=\"font-family: Tahoma, sans-serif;\"><span style=\"font-size: medium;\">statu quo<\/span><\/span><\/span><\/a><\/i><span style=\"color: #000000;\"><span style=\"font-family: Tahoma, sans-serif;\"><span style=\"font-size: medium;\"> en restant attach\u00e9 \u00e0 une vaste <\/span><\/span><\/span><a href=\"https:\/\/www.chroniquepalestine.com\/neo-patrimonialisme-corruption-autorite-palestinienne-voies-reforme\/\"><span style=\"color: #000000;\">infrastructure de collaboration r\u00e9pressive<\/span><\/a><span style=\"color: #000000;\"><span style=\"font-family: Tahoma, sans-serif;\"><span style=\"font-size: medium;\"> \u2013 emp\u00eachant <\/span><\/span><\/span><a href=\"https:\/\/agencemediapalestine.fr\/blog\/2021\/11\/19\/le-secteur-palestinien-de-la-securite-renforcement-de-la-repression-etatique\/\"><span style=\"color: #000000;\">toute forme de r\u00e9sistance palestinienne<\/span><\/a><span style=\"color: #000000;\"><span style=\"font-family: Tahoma, sans-serif;\"><span style=\"font-size: medium;\"> \u00e0 la domination ininterrompue d\u2019Isra\u00ebl \u2013 et en appliquant les politiques isra\u00e9liennes de division et de domination entre les <\/span><\/span><\/span><a href=\"https:\/\/www.middleeasteye.net\/fr\/opinionfr\/palestine-factionnalisme-detruit-mouvement-national-resistance-occupation\"><span style=\"color: #000000;\">factions palestiniennes<\/span><\/a><span style=\"color: #000000;\"><span style=\"font-family: Tahoma, sans-serif;\"><span style=\"font-size: medium;\"> en <\/span><\/span><\/span><a href=\"https:\/\/www.chroniquepalestine.com\/medias-sociaux-expression-personnelle-et-autodetermination-a-gaza\/\"><span style=\"color: #000000;\">Cisjordanie et \u00e0 Gaza<\/span><\/a><span style=\"color: #000000;\"><span style=\"font-family: Tahoma, sans-serif;\"><span style=\"font-size: medium;\">.<\/span><\/span><\/span><\/p>\n<p><span style=\"color: #000000;\"><span style=\"font-family: Tahoma, sans-serif;\"><span style=\"font-size: medium;\">Pour ses homologues occidentaux, Abbas est souvent d\u00e9crit comme un homme de paix, une figure qui choisit la stabilit\u00e9 plut\u00f4t que la r\u00e9sistance, et un acteur actif dans une \u00ab <\/span><\/span><\/span><a href=\"https:\/\/www.chroniquepalestine.com\/processus-de-paix-escroquerie-vieille-30-ans\/\"><span style=\"color: #000000;\">industrie de la paix<\/span><\/a><span style=\"color: #000000;\"><span style=\"font-family: Tahoma, sans-serif;\"><span style=\"font-size: medium;\"> \u00bb qui, de l\u2019avis g\u00e9n\u00e9ral, vise \u00e0 maintenir l\u2019assujettissement des Palestiniens plut\u00f4t qu\u2019\u00e0 les doter d\u2019un \u00c9tat. <\/span><\/span><\/span><\/p>\n<p><span style=\"color: #000000;\"><span style=\"font-family: Tahoma, sans-serif;\"><span style=\"font-size: medium;\">Pour de nombreux Palestiniens, son id\u00e9e de la paix se traduit par <\/span><\/span><\/span><a href=\"https:\/\/www.middleeastmonitor.com\/20220719-abbas-is-endorsing-an-altered-status-quo-after-bidens-visit\/\"><span style=\"color: #000000;\">l\u2019acceptation de l\u2019apartheid colonial isra\u00e9lien de peuplement<\/span><\/a><span style=\"color: #000000;\"><span style=\"font-family: Tahoma, sans-serif;\"><span style=\"font-size: medium;\">. Abbas a institutionnalis\u00e9 cette vision dans les institutions m\u00eames qu\u2019il pr\u00e9side. <\/span><\/span><\/span><\/p>\n<p><span style=\"color: #000000;\"><span style=\"font-family: Tahoma, sans-serif;\"><span style=\"font-size: medium;\">En effet, sous son mandat, l\u2019Organisation de lib\u00e9ration de la Palestine (OLP) a \u00e9t\u00e9 vid\u00e9e de sa substance et transform\u00e9e en une organisation insignifiante. Cela a non seulement affaibli la capacit\u00e9 de cet unique repr\u00e9sentant du peuple palestinien \u00e0 formuler <\/span><\/span><\/span><a href=\"https:\/\/www.chroniquepalestine.com\/wp-content\/uploads\/2020\/10\/Al-Shabaka_Reapproprier_Olp_Engager_Jeunesse-3.pdf\"><span style=\"color: #000000;\">une strat\u00e9gie efficace de lib\u00e9ration<\/span><\/a><span style=\"color: #000000;\"><span style=\"font-family: Tahoma, sans-serif;\"><span style=\"font-size: medium;\">, mais a \u00e9galement fragment\u00e9 davantage le peuple palestinien. <\/span><\/span><\/span><\/p>\n<p><span style=\"color: #000000;\"><span style=\"font-family: Tahoma, sans-serif;\"><span style=\"font-size: medium;\">En faisant de l\u2019OLP une des pi\u00e8ces de la bureaucratie de l\u2019AP, Abbas a de fait exclu la diaspora palestinienne, qui forme la majorit\u00e9 du peuple palestinien, et a r\u00e9duit <\/span><\/span><\/span><a href=\"https:\/\/www.chroniquepalestine.com\/faire-revivre-force-palestinienne-la-diaspora-et-corps-diplomatique\/\"><span style=\"color: #000000;\">cette repr\u00e9sentation<\/span><\/a><span style=\"color: #000000;\"><span style=\"font-family: Tahoma, sans-serif;\"><span style=\"font-size: medium;\"> \u00e9tendue et puissante du peuple palestinien \u00e0 une bureaucratie inefficace et divis\u00e9e en Cisjordanie et \u00e0 Gaza, et engag\u00e9e dans <\/span><\/span><\/span><a href=\"https:\/\/www.chroniquepalestine.com\/hamas-sortir-du-faux-dilemme-entre-gouvernance-et-resistance\/\"><span style=\"color: #000000;\">l\u2019auto-gouvernance sous l\u2019occupation<\/span><\/a><span style=\"color: #000000;\"><span style=\"font-family: Tahoma, sans-serif;\"><span style=\"font-size: medium;\">. <\/span><\/span><\/span><\/p>\n<p><span style=\"color: #000000;\"><span style=\"font-family: Tahoma, sans-serif;\">L\u2019ineptie de la direction d\u2019Abbas a non seulement sap\u00e9 la qu\u00eate palestinienne pour la lib\u00e9ration, mais aussi \u00e9tendu et renforc\u00e9 le r\u00e9gime autoritaire, d\u00e9truisant toutes les normes d\u00e9mocratiques. <\/span><\/span><\/p>\n<p><span style=\"color: #000000;\"><span style=\"font-family: Tahoma, sans-serif;\"><span style=\"font-size: medium;\">Son rempla\u00e7ant, dont on s\u2019attend \u00e0 ce qu\u2019<\/span><\/span><\/span><a href=\"https:\/\/al-shabaka.org\/labs\/palestinian-succession-crisis-or-opportunity\/\"><span style=\"color: #000000;\">il soit Hussein al-Sheikh<\/span><\/a><span style=\"color: #000000;\"><span style=\"font-family: Tahoma, sans-serif;\"><span style=\"font-size: medium;\">, secr\u00e9taire g\u00e9n\u00e9ral du comit\u00e9 ex\u00e9cutif de l\u2019OLP, est susceptible de renforcer la soumission des Palestiniens au r\u00e9gime isra\u00e9lien en \u00e9tendant le syst\u00e8me de coordination r\u00e9pressive qui reste cher \u00e0 Abbas et qui est au c\u0153ur des accords d\u2019Oslo. <\/span><\/span><\/span><\/p>\n<p><span style=\"color: #000000;\"><span style=\"font-family: Tahoma, sans-serif;\">Al-Sheikh tentera probablement d\u2019inscrire ces politiques dans un discours de d\u00e9fi, de r\u00e9sistance et de d\u00e9fense des droits des Palestiniens, \u00e0 l\u2019instar de son pr\u00e9d\u00e9cesseur. S\u2019il commence \u00e0 s\u2019aventurer dans les rues en quittant un moment ses bureaux, il apprendra rapidement combien ses mots sonnent creux. <\/span><\/span><\/p>\n<p><span style=\"color: #000000;\"><span style=\"font-family: Tahoma, sans-serif;\"><span style=\"font-size: medium;\">L\u2019ascension attendue d\u2019al-Sheikh \u00e0 la succession r\u00e9sume l\u2019h\u00e9ritage d\u2019Abbas : la mise en place et le maintien d\u2019une <\/span><\/span><\/span><a href=\"https:\/\/al-shabaka.org\/focuses\/focus-on-palestinian-political-leadership\/\"><span style=\"color: #000000;\">bureaucratie de la gouvernance palestinienne<\/span><\/a><span style=\"color: #000000;\"><span style=\"font-family: Tahoma, sans-serif;\"><span style=\"font-size: medium;\"> qui n\u2019a aucune vision de la lib\u00e9ration palestinienne, et qui permet au syst\u00e8me d\u2019apartheid d\u2019Isra\u00ebl de se poursuivre \u00e0 peu de frais. <\/span><\/span><\/span><\/p>\n<p><span style=\"font-family: Tahoma, sans-serif;\"><span style=\"font-size: large;\"><b>Cimenter l\u2019autoritarisme et d\u00e9truire la d\u00e9mocratie<\/b><\/span><\/span><\/p>\n<p><span style=\"font-family: Tahoma, sans-serif;\"><span style=\"font-size: large;\"><b>Yara Hawari<\/b><\/span><\/span><\/p>\n<p><a href=\"https:\/\/www.chroniquepalestine.com\/abbas-et-la-farce-de-la-democratie-palestinienne\/\"><span style=\"color: #000000;\">Tout au long de son r\u00e8gne<\/span><\/a><span style=\"color: #000000;\"><span style=\"font-family: Tahoma, sans-serif;\"><span style=\"font-size: medium;\">, Abbas a multipli\u00e9 les appels trompeurs \u00e0 la tenue d\u2019\u00e9lections, dont le dernier remonte \u00e0 janvier 2021, lorsqu\u2019il a publi\u00e9 un d\u00e9cret pr\u00e9sidentiel appelant \u00e0 la tenue d\u2019\u00e9lections l\u00e9gislatives au mois de mai suivant.<\/span><\/span><\/span><\/p>\n<p><span style=\"color: #000000;\"><span style=\"font-family: Tahoma, sans-serif;\"><span style=\"font-size: medium;\">Si l\u2019AP a pris des mesures indiquant que les \u00e9lections pourraient effectivement avoir lieu \u2013 allant jusqu\u2019\u00e0 mettre en place un <\/span><\/span><\/span><a href=\"https:\/\/www.elections.ps\/tabid\/1137\/language\/en-US\/Default.aspx\"><span style=\"color: #000000;\">syst\u00e8me d\u2019inscription en ligne des \u00e9lecteurs<\/span><\/a><span style=\"color: #000000;\"><span style=\"font-family: Tahoma, sans-serif;\"><span style=\"font-size: medium;\"> \u2013 Abbas les a finalement <\/span><\/span><\/span><a href=\"https:\/\/www.reuters.com\/world\/middle-east\/palestinian-elections-delayed-says-president-mahmoud-abbas-2021-04-29\/\"><span style=\"color: #000000;\">annul\u00e9es<\/span><\/a><span style=\"color: #000000;\"><span style=\"font-family: Tahoma, sans-serif;\"><span style=\"font-size: medium;\"> en avril 2021, invoquant le refus du r\u00e9gime isra\u00e9lien de permettre aux Palestiniens de J\u00e9rusalem-Est de participer au vote. <\/span><\/span><\/span><\/p>\n<p><span style=\"color: #000000;\"><span style=\"font-family: Tahoma, sans-serif;\">L\u2019AP n\u2019avait jamais \u00e9t\u00e9 aussi pr\u00e8s d\u2019organiser des \u00e9lections depuis 2006, et ce geste a temporairement satisfait la communaut\u00e9 internationale, qui souhaitait que des mesures soient prises pour d\u00e9mocratiser l\u2019AP, un organisme qu\u2019elle soutient \u00e0 bout de bras depuis trois d\u00e9cennies.<\/span><\/span><\/p>\n<p><span style=\"color: #000000;\"><span style=\"font-family: Tahoma, sans-serif;\"><span style=\"font-size: medium;\">N\u00e9anmoins, pour les Palestiniens, l\u2019exigence par la communaut\u00e9 internationale d\u2019une d\u00e9mocratisation reste empreinte de doutes, \u00e9tant donn\u00e9 son rejet <\/span><\/span><\/span><a href=\"https:\/\/al-shabaka.org\/roundtables\/palestinian-democracy-denied\/\"><span style=\"color: #000000;\">des r\u00e9sultats des \u00e9lections palestiniennes d\u00e9mocratiques<\/span><\/a><span style=\"color: #000000;\"><span style=\"font-family: Tahoma, sans-serif;\"><span style=\"font-size: medium;\"> de 2006 et son indiff\u00e9rence manifest\u00e9e face au si\u00e8ge de Gaza impos\u00e9 par la suite par le r\u00e9gime isra\u00e9lien. <\/span><\/span><\/span><\/p>\n<p><span style=\"color: #000000;\"><span style=\"font-family: Tahoma, sans-serif;\"><span style=\"font-size: medium;\">En outre, la r\u00e9duction par l\u2019Occident d\u2019une soci\u00e9t\u00e9 d\u00e9mocratique \u00e0 la simple tenue d\u2019\u00e9lections d\u00e9montre son manque de sinc\u00e9rit\u00e9. Si les \u00e9lections peuvent \u00eatre le produit d\u2019un processus et d\u2019une culture d\u00e9mocratiques significatifs, elles peuvent n\u00e9anmoins avoir lieu dans un cadre o\u00f9 d\u2019autres \u00e9l\u00e9ments cl\u00e9s d\u2019une d\u00e9mocratie font d\u00e9faut ou sont totalement absents, et elles servent alors plut\u00f4t \u00e0 renforcer le <\/span><\/span><\/span><i><span style=\"color: #000000;\"><span style=\"font-family: Tahoma, sans-serif;\"><span style=\"font-size: medium;\">statu quo<\/span><\/span><\/span><\/i><span style=\"color: #000000;\"><span style=\"font-family: Tahoma, sans-serif;\"><span style=\"font-size: medium;\">. <\/span><\/span><\/span><\/p>\n<p><span style=\"color: #000000;\"><span style=\"font-family: Tahoma, sans-serif;\"><span style=\"font-size: medium;\">C\u2019est le cas en Cisjordanie et \u00e0 Gaza, o\u00f9 toute \u00e9lection <\/span><\/span><\/span><a href=\"https:\/\/al-shabaka.org\/scenario-matrix\/\"><span style=\"color: #000000;\">se traduirait in\u00e9vitablement<\/span><\/a><span style=\"color: #000000;\"><span style=\"font-family: Tahoma, sans-serif;\"><span style=\"font-size: medium;\"> par le maintien des structures de pouvoir existantes ou par la reproduction pure et simple d\u2019un autre <\/span><\/span><\/span><i><span style=\"color: #000000;\"><span style=\"font-family: Tahoma, sans-serif;\"><span style=\"font-size: medium;\">leadership<\/span><\/span><\/span><\/i><span style=\"color: #000000;\"><span style=\"font-family: Tahoma, sans-serif;\"><span style=\"font-size: medium;\"> autoritaire. <\/span><\/span><\/span><\/p>\n<p><span style=\"color: #000000;\"><span style=\"font-family: Tahoma, sans-serif;\"><span style=\"font-size: medium;\">En effet, une <\/span><\/span><\/span><a href=\"https:\/\/www.rosalux.ps\/democracy-in-the-west-bank-and-gaza-much-more-than-elections-2-2923\/\"><span style=\"color: #000000;\">compr\u00e9hension plus globale<\/span><\/a><span style=\"color: #000000;\"><span style=\"font-family: Tahoma, sans-serif;\"><span style=\"font-size: medium;\"> de la d\u00e9mocratie reconna\u00eet que les \u00e9lections doivent faire partie d\u2019un ensemble dans lequel la d\u00e9mocratie existe dans toute la soci\u00e9t\u00e9 et o\u00f9 la pluralit\u00e9 politique est accept\u00e9e et encourag\u00e9e. <\/span><\/span><\/span><\/p>\n<p><span style=\"color: #000000;\"><span style=\"font-family: Tahoma, sans-serif;\">C\u2019est loin d\u2019\u00eatre le cas au sein des institutions politiques palestiniennes en Cisjordanie, o\u00f9 Abbas a ciment\u00e9 un syst\u00e8me qui tourne autour de sa personne avec peu de place pour la responsabilit\u00e9 ou la transparence. <\/span><\/span><\/p>\n<p><span style=\"color: #000000;\"><span style=\"font-family: Tahoma, sans-serif;\"><span style=\"font-size: medium;\">Les postes de haut niveau sont attribu\u00e9s sur la base du <\/span><\/span><\/span><a href=\"https:\/\/www.chroniquepalestine.com\/neo-patrimonialisme-corruption-autorite-palestinienne-voies-reforme\/\"><span style=\"color: #000000;\">client\u00e9lisme et du n\u00e9potisme<\/span><\/a><span style=\"color: #000000;\"><span style=\"font-family: Tahoma, sans-serif;\"><span style=\"font-size: medium;\">, formant une chambre d\u2019\u00e9cho \u2013 exclusivement masculine \u2013 qui reprend en coeur les positions du pr\u00e9sident. <\/span><\/span><\/span><\/p>\n<p><span style=\"color: #000000;\"><span style=\"font-family: Tahoma, sans-serif;\"><span style=\"font-size: medium;\">En outre, Abbas a fusionn\u00e9 les trois branches du gouvernement \u2013 le l\u00e9gislatif, l\u2019ex\u00e9cutif et le judiciaire \u2013 de sorte qu\u2019il n\u2019existe aucune s\u00e9paration ou contr\u00f4le du pouvoir au sein des institutions politiques palestiniennes. Son dernier geste \u00e0 cet \u00e9gard a \u00e9t\u00e9 de cr\u00e9er un <\/span><\/span><\/span><a href=\"https:\/\/www.middleeastmonitor.com\/20221029-abbas-forms-new-high-judicial-council-appoints-himself-head\/\"><span style=\"color: #000000;\">Haut Conseil judiciaire<\/span><\/a><span style=\"color: #000000;\"><span style=\"font-family: Tahoma, sans-serif;\"><span style=\"font-size: medium;\"> et de se nommer lui-m\u00eame \u00e0 sa t\u00eate\u2026<\/span><\/span><\/span><\/p>\n<p><span style=\"color: #000000;\"><span style=\"font-family: Tahoma, sans-serif;\"><span style=\"font-size: medium;\">Pendant ce temps, les voix critiques sont rel\u00e9gu\u00e9es \u00e0 la marge, les journalistes et les militants \u00e9tant r\u00e9guli\u00e8rement <\/span><\/span><\/span><a href=\"https:\/\/www.hrw.org\/report\/2018\/10\/23\/two-authorities-one-way-zero-dissent\/arbitrary-arrest-and-torture-under\"><span style=\"color: #000000;\">arr\u00eat\u00e9s et menac\u00e9s<\/span><\/a><span style=\"color: #000000;\"><span style=\"font-family: Tahoma, sans-serif;\"><span style=\"font-size: medium;\"> pour avoir critiqu\u00e9 Abbas dans les m\u00e9dias et sur les plateformes de m\u00e9dias sociaux. <\/span><\/span><\/span><\/p>\n<p><span style=\"color: #000000;\"><span style=\"font-family: Tahoma, sans-serif;\"><span style=\"font-size: medium;\">\u00c0 Ramallah, <\/span><\/span><\/span><a href=\"https:\/\/agencemediapalestine.fr\/blog\/2020\/05\/04\/la-reification-de-ramallah-saper-lobjectif-dune-capitale-palestinienne-a-jerusalem\/\"><span style=\"color: #000000;\">la capitale <\/span><\/a><i><a href=\"https:\/\/agencemediapalestine.fr\/blog\/2020\/05\/04\/la-reification-de-ramallah-saper-lobjectif-dune-capitale-palestinienne-a-jerusalem\/\"><span style=\"color: #000000;\"><span style=\"font-family: Tahoma, sans-serif;\"><span style=\"font-size: medium;\">de facto<\/span><\/span><\/span><\/a><\/i><span style=\"color: #000000;\"><span style=\"font-family: Tahoma, sans-serif;\"><span style=\"font-size: medium;\"><a href=\"https:\/\/agencemediapalestine.fr\/blog\/2020\/05\/04\/la-reification-de-ramallah-saper-lobjectif-dune-capitale-palestinienne-a-jerusalem\/\"> de l\u2019AP<\/a>, des photos d\u2019Abbas dominent les employ\u00e9s des b\u00e2timents gouvernementaux et les \u00e9l\u00e8ves des \u00e9coles ; elles ornent m\u00eame les murs des entreprises priv\u00e9es. Il ne faut cependant pas confondre cela avec une quelconque popularit\u00e9, car un <\/span><\/span><\/span><a href=\"https:\/\/www.middleeastmonitor.com\/20220922-poll-74-of-palestinians-do-not-want-abbas-as-president\/\"><span style=\"color: #000000;\">sondage<\/span><\/a><span style=\"color: #000000;\"><span style=\"font-family: Tahoma, sans-serif;\"><span style=\"font-size: medium;\"> r\u00e9alis\u00e9 en septembre 2022 a r\u00e9v\u00e9l\u00e9 qu\u2019au moins 74 % des Palestiniens ne souhaitaient pas qu\u2019Abbas reste pr\u00e9sident. <\/span><\/span><\/span><\/p>\n<p><span style=\"color: #000000;\"><span style=\"font-family: Tahoma, sans-serif;\">En outre, son cercle intime est continuellement contraint d\u2019organiser des conf\u00e9rences de presse ou des apparitions publiques comme s\u2019il fallait prouver qu\u2019Abbas est encore en vie pour faire taire les rumeurs sur sa mort. <\/span><\/span><\/p>\n<p><span style=\"color: #000000;\"><span style=\"font-family: Tahoma, sans-serif;\">\u00c0 cet \u00e9gard, il est en passe de se conformer au moule de la quintessence du dirigeant despotique arabe. <\/span><\/span><\/p>\n<p><span style=\"color: #000000;\"><span style=\"font-family: Tahoma, sans-serif;\">Ce type de r\u00e9gime autoritaire est directement issu du r\u00e9gime isra\u00e9lien, qui, en plus de soutenir l\u2019AP, a \u00e9galement impos\u00e9 de mani\u00e8re active et constante des mesures r\u00e9pressives contre la politique et les expressions d\u00e9mocratiques palestiniennes. <\/span><\/span><\/p>\n<p><span style=\"color: #000000;\"><span style=\"font-family: Tahoma, sans-serif;\"><span style=\"font-size: medium;\">En effet, une direction palestinienne autoritaire et docile <\/span><\/span><\/span><a href=\"https:\/\/charleroi-pourlapalestine.be\/index.php\/2021\/08\/01\/lidee-coloniale-qui-a-mis-sur-pied-lautorite-palestinienne-ap\/\"><span style=\"color: #000000;\">sert parfaitement les objectifs du r\u00e9gime isra\u00e9lien<\/span><\/a><span style=\"color: #000000;\"><span style=\"font-family: Tahoma, sans-serif;\"><span style=\"font-size: medium;\">. Pourtant, l\u2019autoritarisme n\u2019est ni inh\u00e9rent au peuple palestinien ni le r\u00e9sultat in\u00e9vitable de la domination coloniale. <\/span><\/span><\/span><\/p>\n<p><span style=\"color: #000000;\"><span style=\"font-family: Tahoma, sans-serif;\"><span style=\"font-size: medium;\">Abbas peut laisser un h\u00e9ritage d\u2019autoritarisme bien ancr\u00e9, mais le peuple palestinien a lui aussi son propre h\u00e9ritage : la r\u00e9sistance et <\/span><\/span><\/span><a href=\"https:\/\/www.chroniquepalestine.com\/wp-content\/uploads\/2021\/09\/dossier_al_shabaka_repression_resistance.pdf\"><span style=\"color: #000000;\">le d\u00e9fi, contre vents et mar\u00e9es<\/span><\/a><span style=\"color: #000000;\"><span style=\"font-family: Tahoma, sans-serif;\"><span style=\"font-size: medium;\">. <\/span><\/span><\/span><\/p>\n<p><span style=\"font-family: Tahoma, sans-serif;\"><span style=\"font-size: large;\"><b>Criminaliser la r\u00e9sistance et renforcer la s\u00e9curisation<\/b><\/span><\/span><\/p>\n<p><span style=\"font-family: Tahoma, sans-serif;\"><span style=\"font-size: large;\"><b>Alaa Tartir<\/b><\/span><\/span><\/p>\n<p><span style=\"color: #000000;\"><span style=\"font-family: Tahoma, sans-serif;\">Sous Abbas, l&rsquo;AP a trouv\u00e9 le moyen d&rsquo;approfondir davantage sa coordination s\u00e9curitaire avec le r\u00e9gime isra\u00e9lien, ancrant d&rsquo;une main de fer une politique institutionnelle de gouvernement. En effet, au cours de la derni\u00e8re d\u00e9cennie, l&rsquo;establishment de la s\u00e9curit\u00e9 de l&rsquo;AP a <a href=\"https:\/\/al-shabaka.org\/focuses\/focus-on-palestinian-political-leadership\/\">plus que jamais renforc\u00e9 son pouvoir<\/a> et a re\u00e7u la plus grande partie de son budget, lui permettant ainsi de consolider son r\u00e9gime autoritaire et r\u00e9pressif sur le peuple palestinien. En cons\u00e9quence, une transition politique participative, inclusive et d\u00e9mocratique continue d&rsquo;\u00eatre \u00e9cart\u00e9e, et la r\u00e9sistance palestinienne \u00e0 l&rsquo;oppression isra\u00e9lienne &#8211; arm\u00e9e et autre &#8211; est\u00a0<a href=\"https:\/\/www.hrw.org\/news\/2022\/11\/28\/palestinian-authority-muzzles-call-reform-elections\">continuellement r\u00e9prim\u00e9e<\/a>\u00a0afin de donner la priorit\u00e9 \u00e0 la s\u00e9curit\u00e9 et \u00e0 la perp\u00e9tuation du <\/span><\/span><span style=\"color: #000000;\"><span style=\"font-family: Tahoma, sans-serif;\"><i>statu quo<\/i><\/span><\/span><span style=\"color: #000000;\"><span style=\"font-family: Tahoma, sans-serif;\">.<\/span><\/span><\/p>\n<p><span style=\"color: #000000;\"><span style=\"font-family: Tahoma, sans-serif;\">Ces pratiques se sont inflitr\u00e9es partout sous Abbas et font partie int\u00e9grante de l&rsquo;architecture de la gouvernance en Cisjordanie et \u00e0 Gaza. En cons\u00e9quence, il est plus que probable que\u00a0l&rsquo;<a href=\"https:\/\/agencemediapalestine.fr\/blog\/2021\/11\/19\/le-secteur-palestinien-de-la-securite-renforcement-de-la-repression-etatique\/\">autoritarisme structurel<\/a>\u00a0se poursuive apr\u00e8s la fin de son r\u00e8gne. En effet, apr\u00e8s Abbas, une\u00a0<a href=\"https:\/\/al-shabaka.org\/labs\/palestinian-succession-crisis-or-opportunity\/\">nouvelle direction du Fatah<\/a>\u00a0ne sera ni int\u00e9ress\u00e9e ni capable de d\u00e9vier des pratiques profond\u00e9ment enracin\u00e9es de l&rsquo;AP au cours des derni\u00e8res d\u00e9cennies. Le successeur possible d&rsquo;Abbas, Hussein al-Sheikh, supervise actuellement la coordination de la s\u00e9curit\u00e9 avec le r\u00e9gime isra\u00e9lien &#8211; un arrangement qu&rsquo;Abbas a qualifi\u00e9 de \u00ab<a href=\"https:\/\/www.middleeastmonitor.com\/20140529-abbas-security-cooperation-with-israel-is-sacred\/\">\u00a0sacr\u00e9\u00a0<\/a>\u00bb &#8211; et ne montre aucun signe d&rsquo;alt\u00e9ration des relations de l&rsquo;AP avec lui. Tant que cet arrangement est en place, servant les int\u00e9r\u00eats du r\u00e9gime isra\u00e9lien et de l&rsquo;\u00e9lite palestinienne au pouvoir, l&rsquo;espoir d&rsquo;un changement d\u00e9mocratique reste inaccessible.<\/span><\/span><\/p>\n<p><span style=\"color: #000000;\"><span style=\"font-family: Tahoma, sans-serif;\"><span style=\"font-size: medium;\">D&rsquo;autres hauts responsables du Fatah et de l&rsquo;establishment de la s\u00e9curit\u00e9 de l&rsquo;Autorit\u00e9 palestinienne <\/span><\/span><\/span><a href=\"https:\/\/alaatartir.com\/2019\/08\/19\/outsourcing-repression-israeli-palestinian-security-coordination\/\"><span style=\"color: #000000;\"><span style=\"font-family: Tahoma, sans-serif;\"><span style=\"font-size: medium;\">d\u00e9crivent la coordination de la s\u00e9curit\u00e9<\/span><\/span><\/span><\/a><span style=\"color: #000000;\"><span style=\"font-family: Tahoma, sans-serif;\"><span style=\"font-size: medium;\"> comme une \u00ab\u00a0voie vers l&rsquo;ind\u00e9pendance\u00a0\u00bb et comme \u00ab\u00a0une partie int\u00e9grante de la strat\u00e9gie de lib\u00e9ration\u00a0\u00bb. Pourtant, dans la r\u00e9alit\u00e9 du colonialisme de peuplement, la coordination ne peut \u00eatre comprise que comme domination. Il n&rsquo;est donc pas \u00e9tonnant que la grande majorit\u00e9 du peuple palestinien <\/span><\/span><\/span><a href=\"https:\/\/www.arabnews.com\/node\/2213121\/middle-east\"><span style=\"color: #000000;\"><span style=\"font-family: Tahoma, sans-serif;\"><span style=\"font-size: medium;\">rejette la coordination s\u00e9curitaire<\/span><\/span><\/span><\/a><span style=\"color: #000000;\"><span style=\"font-family: Tahoma, sans-serif;\"><span style=\"font-size: medium;\">\u00a0; ils le comprennent \u00e0 juste raison comme une strate suppl\u00e9mentaire de d\u00e9ni de leurs droits humains, civils et politiques fondamentaux.<\/span><\/span><\/span><\/p>\n<p><span style=\"color: #000000;\"><span style=\"font-family: Tahoma, sans-serif;\"><span style=\"font-size: medium;\">L&rsquo;\u00e9lite dirigeante ne cherche rien de moins que <\/span><\/span><\/span><a href=\"https:\/\/www.maannews.net\/news\/2082836.html\"><span style=\"color: #000000;\"><span style=\"font-family: Tahoma, sans-serif;\"><span style=\"font-size: medium;\">le maintien de l&rsquo;AP<\/span><\/span><\/span><\/a><span style=\"color: #000000;\"><span style=\"font-family: Tahoma, sans-serif;\"><span style=\"font-size: medium;\"> afin de pr\u00e9server son pouvoir et son influence ill\u00e9gitimes, au m\u00e9pris total de la volont\u00e9 du peuple palestinien. Apr\u00e8s Abbas,\u00a0l&rsquo;autoritarisme continuera donc d&rsquo;\u00eatre justifi\u00e9\u00a0sous pr\u00e9texte d&rsquo;assurer la stabilit\u00e9 et d&#8217;emp\u00eacher le chaos.<\/span><\/span><\/span><\/p>\n<p><span style=\"color: #000000;\"><span style=\"font-family: Tahoma, sans-serif;\"><span style=\"font-size: medium;\">Cette r\u00e9alit\u00e9 n&rsquo;est pas nouvelle pour les Palestiniens qui l&rsquo;ont v\u00e9cue avec chacun des mandats successifs et antid\u00e9mocratiques d&rsquo;Abbas au cours des 14 derni\u00e8res ann\u00e9es. De cette mani\u00e8re, son h\u00e9ritage le plus durable sera la <\/span><\/span><\/span><a href=\"https:\/\/al-shabaka.org\/scenario-matrix\/\"><span style=\"color: #000000;\"><span style=\"font-family: Tahoma, sans-serif;\"><span style=\"font-size: medium;\">continuation du <\/span><\/span><\/span><\/a><a href=\"https:\/\/al-shabaka.org\/scenario-matrix\/\"><span style=\"color: #000000;\"><span style=\"font-family: Tahoma, sans-serif;\"><span style=\"font-size: medium;\"><i>statu quo<\/i><\/span><\/span><\/span><\/a><a href=\"https:\/\/al-shabaka.org\/scenario-matrix\/\"><span style=\"color: #000000;\"> autoritaire<\/span><\/a><span style=\"color: #000000;\"><span style=\"font-family: Tahoma, sans-serif;\"><span style=\"font-size: medium;\"> qu&rsquo;il a cr\u00e9\u00e9 &#8211; celui qui refuse d\u00e9lib\u00e9r\u00e9ment de mettre le peuple au centre du projet politique en construisant des <\/span><\/span><\/span><a href=\"https:\/\/www.chroniquepalestine.com\/wp-content\/uploads\/2020\/10\/Al-Shabaka_Reapproprier_Olp_Engager_Jeunesse-3.pdf\"><span style=\"color: #000000;\"><span style=\"font-family: Tahoma, sans-serif;\"><span style=\"font-size: medium;\">institutions responsables<\/span><\/span><\/span><\/a><span style=\"color: #000000;\"><span style=\"font-family: Tahoma, sans-serif;\"><span style=\"font-size: medium;\">, l\u00e9gitimes, d\u00e9mocratiques et repr\u00e9sentatives.<\/span><\/span><\/span><\/p>\n<p><span style=\"color: #000000;\"><span style=\"font-family: Tahoma, sans-serif;\"><span style=\"font-size: medium;\">Mettre le peuple palestinien au centre et garantir son droit de r\u00e9sister sous l&rsquo;occupation coloniale, ainsi que lui donner les moyens de s&rsquo;unifier dans le cadre d&rsquo;un projet national malgr\u00e9 la <\/span><\/span><\/span><a href=\"https:\/\/www.chroniquepalestine.com\/wp-content\/uploads\/2021\/09\/dossier_al_shabaka_repression_resistance.pdf\"><span style=\"color: #000000;\"><span style=\"font-family: Tahoma, sans-serif;\"><span style=\"font-size: medium;\">fragmentation forc\u00e9e<\/span><\/span><\/span><\/a><span style=\"color: #000000;\"><span style=\"font-family: Tahoma, sans-serif;\"><span style=\"font-size: medium;\">, sont les piliers essentiels pour rompre avec le <\/span><\/span><\/span><span style=\"color: #000000;\"><span style=\"font-family: Tahoma, sans-serif;\"><span style=\"font-size: medium;\"><i>statu quo<\/i><\/span><\/span><\/span><span style=\"color: #000000;\"><span style=\"font-family: Tahoma, sans-serif;\"><span style=\"font-size: medium;\">. Cependant, gr\u00e2ce \u00e0 Abbas, toute \u00ab nouvelle \u00bb direction de l&rsquo;AP apr\u00e8s son d\u00e9part percevra ces piliers comme des menaces \u00e0 son r\u00e9gime autoritaire, et utilisera donc toutes les ressources et voies disponibles pour les nier et les r\u00e9primer. En d&rsquo;autres termes, ces piliers ne sont pas temporaires ou circonstanciels au r\u00e8gne d&rsquo;Abbas ; son h\u00e9ritage sera plut\u00f4t leur r\u00e9pression continue dans le cadre d&rsquo;une composante strat\u00e9gique et fondamentale de la gouvernance, laissant les Palestiniens de plus en plus en d\u00e9saccord avec leur leadership.<\/span><\/span><\/span><\/p>\n<p><span style=\"font-family: Tahoma, sans-serif;\"><span style=\"font-size: large;\"><b>Un leader au service de la d\u00e9pendance<\/b><\/span><\/span><\/p>\n<p><span style=\"font-family: Tahoma, sans-serif;\"><span style=\"font-size: large;\"><b>Tariq Kenney-Shawa<\/b><\/span><\/span><\/p>\n<p><span style=\"color: #000000;\"><span style=\"font-family: Tahoma, sans-serif;\"><span style=\"font-size: medium;\">En tant que pr\u00e9sident de l&rsquo;AP, Abbas a pr\u00e9sid\u00e9 \u00e0 l&rsquo;enracinement de l&rsquo;occupation et de l&rsquo;apartheid isra\u00e9liens, \u00e0 l&rsquo;aggravation de la corruption interne et \u00e0 la mort effective de la\u00a0<\/span><\/span><\/span><a href=\"https:\/\/agencemediapalestine.fr\/blog\/2022\/05\/06\/la-palestine-au-dela-de-la-partition-et-de-letat-nation\/\"><span style=\"color: #000000;\"><span style=\"font-family: Tahoma, sans-serif;\"><span style=\"font-size: medium;\">solution \u00e0 deux \u00c9tats<\/span><\/span><\/span><\/a><span style=\"color: #000000;\"><span style=\"font-family: Tahoma, sans-serif;\"><span style=\"font-size: medium;\">. Cependant, malgr\u00e9 son incomp\u00e9tence, il serait inexact de bl\u00e2mer enti\u00e8rement Abbas pour la situation d\u00e9sastreuse dans laquelle se trouvent les Palestiniens. Cela lui donnerait m\u00eame trop de reconnaissance. On peut dire que tout dirigeant qui d\u00e9pend enti\u00e8rement de l&rsquo;aide \u00e9trang\u00e8re et qui n&rsquo;a pas le contr\u00f4le de ses propres fronti\u00e8res est vou\u00e9 \u00e0 l&rsquo;\u00e9chec.<\/span><\/span><\/span><\/p>\n<p><span style=\"color: #000000;\"><span style=\"font-family: Tahoma, sans-serif;\"><span style=\"font-size: medium;\">C&rsquo;est \u00e0 travers le prisme de la d\u00e9pendance que l&rsquo;h\u00e9ritage d&rsquo;Abbas doit \u00eatre compris. Dans sa qu\u00eate de plus en plus parano\u00efaque pour maintenir le pouvoir au sein des bantoustans fragment\u00e9s qui lui sont attribu\u00e9s par le r\u00e9gime isra\u00e9lien, Abbas est rest\u00e9 fid\u00e8le au \u00ab\u00a0<\/span><\/span><\/span><a href=\"https:\/\/www.chroniquepalestine.com\/processus-de-paix-escroquerie-vieille-30-ans\/\"><span style=\"color: #000000;\"><span style=\"font-family: Tahoma, sans-serif;\"><span style=\"font-size: medium;\">processus de paix<\/span><\/span><\/span><\/a><span style=\"color: #000000;\"><span style=\"font-family: Tahoma, sans-serif;\"><span style=\"font-size: medium;\">\u00a0\u00bb parrain\u00e9 par les \u00c9tats-Unis. Il a esp\u00e9r\u00e9 que, gr\u00e2ce aux n\u00e9gociations et \u00e0 l&rsquo;apaisement, il gagnerait la confiance des dirigeants isra\u00e9liens et de leurs partisans am\u00e9ricains ; la survie de son parti et sa vision politique continuent d&rsquo;en d\u00e9pendre. Ce faisant, ses forces ont r\u00e9duit au silence tous ceux qui ont os\u00e9 proposer des visions alternatives, ont r\u00e9prim\u00e9 la soci\u00e9t\u00e9 civile palestinienne et ont finalement servi de\u00a0<\/span><\/span><\/span><a href=\"https:\/\/archives-ism-france.org\/analyses\/Les-Forces-de-securite-de-l-Autorite-Palestinienne-la-securite-de-qui--article-20313\"><span style=\"color: #000000;\"><span style=\"font-family: Tahoma, sans-serif;\"><span style=\"font-size: medium;\">sous-traitants de l&rsquo;occupation isra\u00e9lienne<\/span><\/span><\/span><\/a><span style=\"color: #000000;\"><span style=\"font-family: Tahoma, sans-serif;\"><span style=\"font-size: medium;\">.<\/span><\/span><\/span><\/p>\n<p><span style=\"color: #000000;\"><span style=\"font-family: Tahoma, sans-serif;\"><span style=\"font-size: medium;\">M\u00eame dans ses rares tentatives pour tenir t\u00eate au r\u00e9gime isra\u00e9lien et \u00e0 ses bienfaiteurs am\u00e9ricains, par exemple en promouvant l&rsquo;<\/span><\/span><\/span><a href=\"https:\/\/www.axios.com\/2022\/09\/07\/palestinian-authority-us-un-membership-abbas-israel\"><span style=\"color: #000000;\"><span style=\"font-family: Tahoma, sans-serif;\"><span style=\"font-size: medium;\">adh\u00e9sion\u00a0de la Palestine \u00e0 l&rsquo;ONU<\/span><\/span><\/span><\/a><span style=\"color: #000000;\"><span style=\"font-family: Tahoma, sans-serif;\"><span style=\"font-size: medium;\">\u00a0et en mena\u00e7ant de faire pression pour des enqu\u00eates sur les\u00a0<\/span><\/span><\/span><a href=\"https:\/\/www.newarab.com\/news\/palestinians-taking-shireen-abu-akleh-killing-icc-abbas\"><span style=\"color: #000000;\"><span style=\"font-family: Tahoma, sans-serif;\"><span style=\"font-size: medium;\">crimes de guerre isra\u00e9liens<\/span><\/span><\/span><\/a><span style=\"color: #000000;\"><span style=\"font-family: Tahoma, sans-serif;\"><span style=\"font-size: medium;\">\u00a0\u00e0 la Cour p\u00e9nale internationale, Abbas a h\u00e9sit\u00e9 \u00e0 plusieurs reprises face aux pressions isra\u00e9liennes et am\u00e9ricaines. Ses\u00a0<\/span><\/span><\/span><a href=\"https:\/\/www.axios.com\/2022\/06\/01\/abbas-blinken-call-al-aqsa-mosque-jerusalem-israel\"><span style=\"color: #000000;\"><span style=\"font-family: Tahoma, sans-serif;\"><span style=\"font-size: medium;\">derni\u00e8res tentatives<\/span><\/span><\/span><\/a><span style=\"color: #000000;\"><span style=\"font-family: Tahoma, sans-serif;\"><span style=\"font-size: medium;\">\u00a0pour montrer son irritation face \u00e0 l&rsquo;intransigeance am\u00e9ricaine apparaissent comme des affres de plus en plus d\u00e9sesp\u00e9r\u00e9es. Pendant ce temps, ses <\/span><\/span><\/span><a href=\"https:\/\/edition.cnn.com\/2022\/08\/17\/middleeast\/abbas-holocaust-comments-berlin-mime-intl\/index.html\"><span style=\"color: #000000;\"><span style=\"font-family: Tahoma, sans-serif;\"><span style=\"font-size: medium;\">\u00e9clats inintelligibles<\/span><\/span><\/span><\/a><span style=\"color: #000000;\"><span style=\"font-family: Tahoma, sans-serif;\"><span style=\"font-size: medium;\">\u00a0ont emp\u00each\u00e9 la diaspora palestinienne de traduire le soutien international croissant aux Palestiniens en un v\u00e9ritable changement de politique.<\/span><\/span><\/span><\/p>\n<p><span style=\"color: #000000;\"><span style=\"font-family: Tahoma, sans-serif;\"><span style=\"font-size: medium;\">Nul ne sait <\/span><\/span><\/span><a href=\"https:\/\/al-shabaka.org\/scenario-matrix\/\"><span style=\"color: #000000;\"><span style=\"font-family: Tahoma, sans-serif;\"><span style=\"font-size: medium;\">ce qui se passera<\/span><\/span><\/span><\/a><span style=\"color: #000000;\"><span style=\"font-family: Tahoma, sans-serif;\"><span style=\"font-size: medium;\"> apr\u00e8s Abbas, ni ce qu&rsquo;il adviendra d&rsquo;un leadership qui n&rsquo;a ni mandat ni vision d&rsquo;un avenir lib\u00e9r\u00e9. Et sans processus officiel pour les \u00e9lections, les manoeuvres pour assurer son remplacement sont en marche. Le candidat actuel le plus susceptible de lui succ\u00e9der, Hussein al-Sheikh, repr\u00e9senterait une continuation de l&rsquo;h\u00e9ritage lamentable d&rsquo;Abbas, mais beaucoup craignent \u00e9galement une <\/span><\/span><\/span><a href=\"https:\/\/carnegieendowment.org\/2022\/12\/09\/pacification-without-political-horizon-why-israel-s-strategy-to-control-palestinians-is-failing-pub-88589\"><span style=\"color: #000000;\"><span style=\"font-family: Tahoma, sans-serif;\"><span style=\"font-size: medium;\">nouvelle r\u00e9pression politique<\/span><\/span><\/span><\/a><span style=\"color: #000000;\"><span style=\"font-family: Tahoma, sans-serif;\"><span style=\"font-size: medium;\"> par les forces d&rsquo;occupation isra\u00e9liennes.<\/span><\/span><\/span><\/p>\n<p><span style=\"color: #000000;\"><span style=\"font-family: Tahoma, sans-serif;\"><span style=\"font-size: medium;\">Indiff\u00e9remment de qui succ\u00e8de \u00e0 Abbas, les \u00c9tats-Unis appr\u00e9cieront probablement l&rsquo;opportunit\u00e9 de renforcer symboliquement leurs relations avec l&rsquo;AP dans ce qui sera pr\u00e9sent\u00e9 comme un effort pour relancer la solution \u00e0 deux \u00c9tats et maintenir le <\/span><\/span><\/span><span style=\"color: #000000;\"><span style=\"font-family: Tahoma, sans-serif;\"><span style=\"font-size: medium;\"><i>statu quo<\/i><\/span><\/span><\/span><span style=\"color: #000000;\"><span style=\"font-family: Tahoma, sans-serif;\"><span style=\"font-size: medium;\">, fond\u00e9 sur la priorit\u00e9 accord\u00e9e aux int\u00e9r\u00eats d&rsquo;Isra\u00ebl par rapport aux droits des Palestiniens. En effet, les \u00c9tats-Unis r\u00e9it\u00e9reront leur soutien \u00e0 une Autorit\u00e9 palestinienne capable de maintenir la stabilit\u00e9 interne, m\u00eame si elle n&rsquo;est pas assez forte pour d\u00e9fier le r\u00e9gime isra\u00e9lien. Les \u00c9tats-Unis pourraient m\u00eame <\/span><\/span><\/span><a href=\"https:\/\/www.chroniquepalestine.com\/bedouins-palestiniens-critique-aide-donateurs\/\"><span style=\"color: #000000;\"><span style=\"font-family: Tahoma, sans-serif;\"><span style=\"font-size: medium;\">augmenter leur soutien financier<\/span><\/span><\/span><\/a><span style=\"color: #000000;\"><span style=\"font-family: Tahoma, sans-serif;\"><span style=\"font-size: medium;\"> \u00e0 l&rsquo;Autorit\u00e9 palestinienne en signe de bonne volont\u00e9 et en incitant \u00e0 une coop\u00e9ration plus pouss\u00e9e. \u00c0 la lumi\u00e8re du <\/span><\/span><\/span><a href=\"https:\/\/www.chroniquepalestine.com\/israel-meurtre-et-expulsion-comme-politique\/\"><span style=\"color: #000000;\"><span style=\"font-family: Tahoma, sans-serif;\"><span style=\"font-size: medium;\">nouveau gouvernement<\/span><\/span><\/span><\/a><span style=\"color: #000000;\"><span style=\"font-family: Tahoma, sans-serif;\"><span style=\"font-size: medium;\"> extr\u00e9miste d&rsquo;extr\u00eame-droite du r\u00e9gime isra\u00e9lien, l&rsquo;approche am\u00e9ricaine continuera d&rsquo;\u00eatre celle de la \u00ab\u00a0gestion des conflits\u00a0\u00bb et du maintien de la s\u00e9curit\u00e9, pendant qu&rsquo;Isra\u00ebl resserre son emprise sur les Palestiniens.<\/span><\/span><\/span><\/p>\n<p><span style=\"color: #000000;\"><span style=\"font-family: Tahoma, sans-serif;\">En v\u00e9rit\u00e9, peu importe <i><b>qui<\/b><\/i> \u00e9mergera \u00e0 la t\u00eate de l&rsquo;AP. La nature m\u00eame de ses relations avec le r\u00e9gime isra\u00e9lien et les \u00c9tats-Unis est ce qui assure sa perte. Tant que les dirigeants palestiniens resteront impliqu\u00e9s dans la d\u00e9pendance et soumis au r\u00e9gime isra\u00e9lien et \u00e0 la communaut\u00e9 des donateurs, ils ne chercheront jamais la lib\u00e9ration et le peuple palestinien continuera \u00e0 prendre en main la r\u00e9sistance.<\/span><\/span><\/p>\n<pre><span style=\"color: #000000;\"><span style=\"font-family: Tahoma, sans-serif;\">Article original en anglais sur <a href=\"ttps:\/\/al-shabaka.org\/roundtables\/the-legacy-of-mahmoud-abbas\/\">Al-Shabaka<\/a>\u00a0 \/ <\/span><\/span><span style=\"color: #000000;\"><span style=\"font-family: Tahoma, sans-serif;\">Traduction <a href=\"https:\/\/www.chroniquepalestine.com\/quel-bilan-mahmoud-abbas-peut-il-presenter\/\">Chronique de Palestine<\/a> \u2013 ISM-France<\/span><\/span><\/pre>\n<p><span style=\"color: #000000;\"><span style=\"font-family: Vrinda, serif;\"><span style=\"font-size: medium;\">[writers slug=tareq-baconi]<\/span><\/span><\/span><\/p>\n<p><span style=\"color: #000000;\"><span style=\"font-family: Vrinda, serif;\"><span style=\"font-size: medium;\">[writers slug=yara-hawari]<\/span><\/span><\/span><\/p>\n<p><span style=\"color: #000000;\"><span style=\"font-family: Vrinda, serif;\"><span style=\"font-size: medium;\">[writers slug=tariq-kenney-shawa]<\/span><\/span><\/span><\/p>\n<p><span style=\"color: #000000;\"><span style=\"font-family: Vrinda, serif;\"><span style=\"font-size: medium;\">[writers slug=alaa-tartir]<\/span><\/span><\/span><\/p>\n","protected":false},"excerpt":{"rendered":"<p>Tareq Baconi,\u00a0Yara Hawari,\u00a0Tariq Kenney-Shawa,\u00a0Alaa Tartir, 9 janvier 2023. Le chef de l\u2019Autorit\u00e9 palestinienne (AP) Mahmoud Abbas, est l\u2019un des plus anciens dirigeants au monde, et alors que sa pr\u00e9sidence d\u00e9passe <a class=\"more-link\" href=\"https:\/\/ismfrance.org\/index.php\/2023\/01\/11\/lheritage-de-mahmoud-abbas\/\">Lire la suite &rarr;<\/a><\/p>\n","protected":false},"author":3,"featured_media":4493,"comment_status":"closed","ping_status":"closed","sticky":false,"template":"","format":"standard","meta":{"footnotes":""},"categories":[12,2],"tags":[53,91],"class_list":["post-4492","post","type-post","status-publish","format-standard","has-post-thumbnail","hentry","category-analyses","category-articles","tag-collabos","tag-politique-interieure"],"yoast_head":"<!-- This site is optimized with the Yoast SEO plugin v27.2 - https:\/\/yoast.com\/product\/yoast-seo-wordpress\/ -->\n<title>L&#039;h\u00e9ritage de Mahmoud Abbas - International Solidarity Movement - ISM-France<\/title>\n<meta name=\"robots\" content=\"index, follow, max-snippet:-1, max-image-preview:large, max-video-preview:-1\" \/>\n<link rel=\"canonical\" href=\"https:\/\/ismfrance.org\/index.php\/2023\/01\/11\/lheritage-de-mahmoud-abbas\/\" \/>\n<meta property=\"og:locale\" content=\"fr_FR\" \/>\n<meta property=\"og:type\" content=\"article\" \/>\n<meta property=\"og:title\" content=\"L&#039;h\u00e9ritage de Mahmoud Abbas - International Solidarity Movement - ISM-France\" \/>\n<meta property=\"og:description\" content=\"Tareq Baconi,\u00a0Yara Hawari,\u00a0Tariq Kenney-Shawa,\u00a0Alaa Tartir, 9 janvier 2023. Le chef de l\u2019Autorit\u00e9 palestinienne (AP) Mahmoud Abbas, est l\u2019un des plus anciens dirigeants au monde, et alors que sa pr\u00e9sidence d\u00e9passe Lire la suite &rarr;\" \/>\n<meta property=\"og:url\" content=\"https:\/\/ismfrance.org\/index.php\/2023\/01\/11\/lheritage-de-mahmoud-abbas\/\" \/>\n<meta property=\"og:site_name\" content=\"International Solidarity Movement - ISM-France\" \/>\n<meta property=\"article:published_time\" content=\"2023-01-11T18:42:38+00:00\" \/>\n<meta property=\"article:modified_time\" content=\"2023-01-12T09:03:24+00:00\" \/>\n<meta property=\"og:image\" content=\"https:\/\/ismfrance.org\/wp-content\/uploads\/2023\/01\/abbas-legacy.jpeg\" \/>\n\t<meta property=\"og:image:width\" content=\"1200\" \/>\n\t<meta property=\"og:image:height\" content=\"800\" \/>\n\t<meta property=\"og:image:type\" content=\"image\/jpeg\" \/>\n<meta name=\"author\" content=\"mru_01\" \/>\n<meta name=\"twitter:card\" content=\"summary_large_image\" \/>\n<meta name=\"twitter:creator\" content=\"@ISMFRANCE\" \/>\n<meta name=\"twitter:site\" content=\"@ISMFRANCE\" \/>\n<meta name=\"twitter:label1\" content=\"\u00c9crit par\" \/>\n\t<meta name=\"twitter:data1\" content=\"mru_01\" \/>\n\t<meta name=\"twitter:label2\" content=\"Dur\u00e9e de lecture estim\u00e9e\" \/>\n\t<meta name=\"twitter:data2\" content=\"14 minutes\" \/>\n<script type=\"application\/ld+json\" class=\"yoast-schema-graph\">{\"@context\":\"https:\/\/schema.org\",\"@graph\":[{\"@type\":\"Article\",\"@id\":\"https:\/\/ismfrance.org\/index.php\/2023\/01\/11\/lheritage-de-mahmoud-abbas\/#article\",\"isPartOf\":{\"@id\":\"https:\/\/ismfrance.org\/index.php\/2023\/01\/11\/lheritage-de-mahmoud-abbas\/\"},\"author\":{\"name\":\"mru_01\",\"@id\":\"https:\/\/ismfrance.org\/#\/schema\/person\/3c411eb72adfaae19c0dca1f41fae01d\"},\"headline\":\"L&rsquo;h\u00e9ritage de Mahmoud Abbas\",\"datePublished\":\"2023-01-11T18:42:38+00:00\",\"dateModified\":\"2023-01-12T09:03:24+00:00\",\"mainEntityOfPage\":{\"@id\":\"https:\/\/ismfrance.org\/index.php\/2023\/01\/11\/lheritage-de-mahmoud-abbas\/\"},\"wordCount\":3117,\"publisher\":{\"@id\":\"https:\/\/ismfrance.org\/#organization\"},\"image\":{\"@id\":\"https:\/\/ismfrance.org\/index.php\/2023\/01\/11\/lheritage-de-mahmoud-abbas\/#primaryimage\"},\"thumbnailUrl\":\"https:\/\/ismfrance.org\/wp-content\/uploads\/2023\/01\/abbas-legacy.jpeg\",\"keywords\":[\"Collabos\",\"Politique int\u00e9rieure\"],\"articleSection\":[\"Analyses\",\"Articles\"],\"inLanguage\":\"fr-FR\"},{\"@type\":\"WebPage\",\"@id\":\"https:\/\/ismfrance.org\/index.php\/2023\/01\/11\/lheritage-de-mahmoud-abbas\/\",\"url\":\"https:\/\/ismfrance.org\/index.php\/2023\/01\/11\/lheritage-de-mahmoud-abbas\/\",\"name\":\"L'h\u00e9ritage de Mahmoud Abbas - International Solidarity Movement - ISM-France\",\"isPartOf\":{\"@id\":\"https:\/\/ismfrance.org\/#website\"},\"primaryImageOfPage\":{\"@id\":\"https:\/\/ismfrance.org\/index.php\/2023\/01\/11\/lheritage-de-mahmoud-abbas\/#primaryimage\"},\"image\":{\"@id\":\"https:\/\/ismfrance.org\/index.php\/2023\/01\/11\/lheritage-de-mahmoud-abbas\/#primaryimage\"},\"thumbnailUrl\":\"https:\/\/ismfrance.org\/wp-content\/uploads\/2023\/01\/abbas-legacy.jpeg\",\"datePublished\":\"2023-01-11T18:42:38+00:00\",\"dateModified\":\"2023-01-12T09:03:24+00:00\",\"breadcrumb\":{\"@id\":\"https:\/\/ismfrance.org\/index.php\/2023\/01\/11\/lheritage-de-mahmoud-abbas\/#breadcrumb\"},\"inLanguage\":\"fr-FR\",\"potentialAction\":[{\"@type\":\"ReadAction\",\"target\":[\"https:\/\/ismfrance.org\/index.php\/2023\/01\/11\/lheritage-de-mahmoud-abbas\/\"]}]},{\"@type\":\"ImageObject\",\"inLanguage\":\"fr-FR\",\"@id\":\"https:\/\/ismfrance.org\/index.php\/2023\/01\/11\/lheritage-de-mahmoud-abbas\/#primaryimage\",\"url\":\"https:\/\/ismfrance.org\/wp-content\/uploads\/2023\/01\/abbas-legacy.jpeg\",\"contentUrl\":\"https:\/\/ismfrance.org\/wp-content\/uploads\/2023\/01\/abbas-legacy.jpeg\",\"width\":1200,\"height\":800,\"caption\":\"Palestinian supporters of Hamas movement demonstrate against postponement of the Palestinian parliamentary and presidential elections, calling for holding elections on planned date in Gaza City on April 30, 2021. Palestinian President Mahmoud Abbas announced early Friday that the legislative elections scheduled for May 22 will be postponed until further notice. Photo by Mohammed Salem\"},{\"@type\":\"BreadcrumbList\",\"@id\":\"https:\/\/ismfrance.org\/index.php\/2023\/01\/11\/lheritage-de-mahmoud-abbas\/#breadcrumb\",\"itemListElement\":[{\"@type\":\"ListItem\",\"position\":1,\"name\":\"Accueil\",\"item\":\"https:\/\/ismfrance.org\/\"},{\"@type\":\"ListItem\",\"position\":2,\"name\":\"L&#8217;h\u00e9ritage de Mahmoud Abbas\"}]},{\"@type\":\"WebSite\",\"@id\":\"https:\/\/ismfrance.org\/#website\",\"url\":\"https:\/\/ismfrance.org\/\",\"name\":\"ISM Palestine France\",\"description\":\"Soutien aux luttes de lib\u00e9ration du peuple palestinien\",\"publisher\":{\"@id\":\"https:\/\/ismfrance.org\/#organization\"},\"potentialAction\":[{\"@type\":\"SearchAction\",\"target\":{\"@type\":\"EntryPoint\",\"urlTemplate\":\"https:\/\/ismfrance.org\/?s={search_term_string}\"},\"query-input\":{\"@type\":\"PropertyValueSpecification\",\"valueRequired\":true,\"valueName\":\"search_term_string\"}}],\"inLanguage\":\"fr-FR\"},{\"@type\":\"Organization\",\"@id\":\"https:\/\/ismfrance.org\/#organization\",\"name\":\"International Solidarity Movement\",\"url\":\"https:\/\/ismfrance.org\/\",\"logo\":{\"@type\":\"ImageObject\",\"inLanguage\":\"fr-FR\",\"@id\":\"https:\/\/ismfrance.org\/#\/schema\/logo\/image\/\",\"url\":\"https:\/\/ismfrance.org\/wp-content\/uploads\/2020\/12\/00.png\",\"contentUrl\":\"https:\/\/ismfrance.org\/wp-content\/uploads\/2020\/12\/00.png\",\"width\":400,\"height\":400,\"caption\":\"International Solidarity Movement\"},\"image\":{\"@id\":\"https:\/\/ismfrance.org\/#\/schema\/logo\/image\/\"},\"sameAs\":[\"https:\/\/x.com\/ISMFRANCE\"]},{\"@type\":\"Person\",\"@id\":\"https:\/\/ismfrance.org\/#\/schema\/person\/3c411eb72adfaae19c0dca1f41fae01d\",\"name\":\"mru_01\",\"image\":{\"@type\":\"ImageObject\",\"inLanguage\":\"fr-FR\",\"@id\":\"https:\/\/secure.gravatar.com\/avatar\/3a0be343b445d2ccc79e87444a294fad2b232e90d2051d0e3cc219e1ecd6a330?s=96&d=mm&r=g\",\"url\":\"https:\/\/secure.gravatar.com\/avatar\/3a0be343b445d2ccc79e87444a294fad2b232e90d2051d0e3cc219e1ecd6a330?s=96&d=mm&r=g\",\"contentUrl\":\"https:\/\/secure.gravatar.com\/avatar\/3a0be343b445d2ccc79e87444a294fad2b232e90d2051d0e3cc219e1ecd6a330?s=96&d=mm&r=g\",\"caption\":\"mru_01\"},\"url\":\"https:\/\/ismfrance.org\/index.php\/author\/admin02\/\"}]}<\/script>\n<!-- \/ Yoast SEO plugin. -->","yoast_head_json":{"title":"L'h\u00e9ritage de Mahmoud Abbas - International Solidarity Movement - ISM-France","robots":{"index":"index","follow":"follow","max-snippet":"max-snippet:-1","max-image-preview":"max-image-preview:large","max-video-preview":"max-video-preview:-1"},"canonical":"https:\/\/ismfrance.org\/index.php\/2023\/01\/11\/lheritage-de-mahmoud-abbas\/","og_locale":"fr_FR","og_type":"article","og_title":"L'h\u00e9ritage de Mahmoud Abbas - International Solidarity Movement - ISM-France","og_description":"Tareq Baconi,\u00a0Yara Hawari,\u00a0Tariq Kenney-Shawa,\u00a0Alaa Tartir, 9 janvier 2023. Le chef de l\u2019Autorit\u00e9 palestinienne (AP) Mahmoud Abbas, est l\u2019un des plus anciens dirigeants au monde, et alors que sa pr\u00e9sidence d\u00e9passe Lire la suite &rarr;","og_url":"https:\/\/ismfrance.org\/index.php\/2023\/01\/11\/lheritage-de-mahmoud-abbas\/","og_site_name":"International Solidarity Movement - ISM-France","article_published_time":"2023-01-11T18:42:38+00:00","article_modified_time":"2023-01-12T09:03:24+00:00","og_image":[{"width":1200,"height":800,"url":"https:\/\/ismfrance.org\/wp-content\/uploads\/2023\/01\/abbas-legacy.jpeg","type":"image\/jpeg"}],"author":"mru_01","twitter_card":"summary_large_image","twitter_creator":"@ISMFRANCE","twitter_site":"@ISMFRANCE","twitter_misc":{"\u00c9crit par":"mru_01","Dur\u00e9e de lecture estim\u00e9e":"14 minutes"},"schema":{"@context":"https:\/\/schema.org","@graph":[{"@type":"Article","@id":"https:\/\/ismfrance.org\/index.php\/2023\/01\/11\/lheritage-de-mahmoud-abbas\/#article","isPartOf":{"@id":"https:\/\/ismfrance.org\/index.php\/2023\/01\/11\/lheritage-de-mahmoud-abbas\/"},"author":{"name":"mru_01","@id":"https:\/\/ismfrance.org\/#\/schema\/person\/3c411eb72adfaae19c0dca1f41fae01d"},"headline":"L&rsquo;h\u00e9ritage de Mahmoud Abbas","datePublished":"2023-01-11T18:42:38+00:00","dateModified":"2023-01-12T09:03:24+00:00","mainEntityOfPage":{"@id":"https:\/\/ismfrance.org\/index.php\/2023\/01\/11\/lheritage-de-mahmoud-abbas\/"},"wordCount":3117,"publisher":{"@id":"https:\/\/ismfrance.org\/#organization"},"image":{"@id":"https:\/\/ismfrance.org\/index.php\/2023\/01\/11\/lheritage-de-mahmoud-abbas\/#primaryimage"},"thumbnailUrl":"https:\/\/ismfrance.org\/wp-content\/uploads\/2023\/01\/abbas-legacy.jpeg","keywords":["Collabos","Politique int\u00e9rieure"],"articleSection":["Analyses","Articles"],"inLanguage":"fr-FR"},{"@type":"WebPage","@id":"https:\/\/ismfrance.org\/index.php\/2023\/01\/11\/lheritage-de-mahmoud-abbas\/","url":"https:\/\/ismfrance.org\/index.php\/2023\/01\/11\/lheritage-de-mahmoud-abbas\/","name":"L'h\u00e9ritage de Mahmoud Abbas - International Solidarity Movement - ISM-France","isPartOf":{"@id":"https:\/\/ismfrance.org\/#website"},"primaryImageOfPage":{"@id":"https:\/\/ismfrance.org\/index.php\/2023\/01\/11\/lheritage-de-mahmoud-abbas\/#primaryimage"},"image":{"@id":"https:\/\/ismfrance.org\/index.php\/2023\/01\/11\/lheritage-de-mahmoud-abbas\/#primaryimage"},"thumbnailUrl":"https:\/\/ismfrance.org\/wp-content\/uploads\/2023\/01\/abbas-legacy.jpeg","datePublished":"2023-01-11T18:42:38+00:00","dateModified":"2023-01-12T09:03:24+00:00","breadcrumb":{"@id":"https:\/\/ismfrance.org\/index.php\/2023\/01\/11\/lheritage-de-mahmoud-abbas\/#breadcrumb"},"inLanguage":"fr-FR","potentialAction":[{"@type":"ReadAction","target":["https:\/\/ismfrance.org\/index.php\/2023\/01\/11\/lheritage-de-mahmoud-abbas\/"]}]},{"@type":"ImageObject","inLanguage":"fr-FR","@id":"https:\/\/ismfrance.org\/index.php\/2023\/01\/11\/lheritage-de-mahmoud-abbas\/#primaryimage","url":"https:\/\/ismfrance.org\/wp-content\/uploads\/2023\/01\/abbas-legacy.jpeg","contentUrl":"https:\/\/ismfrance.org\/wp-content\/uploads\/2023\/01\/abbas-legacy.jpeg","width":1200,"height":800,"caption":"Palestinian supporters of Hamas movement demonstrate against postponement of the Palestinian parliamentary and presidential elections, calling for holding elections on planned date in Gaza City on April 30, 2021. Palestinian President Mahmoud Abbas announced early Friday that the legislative elections scheduled for May 22 will be postponed until further notice. Photo by Mohammed Salem"},{"@type":"BreadcrumbList","@id":"https:\/\/ismfrance.org\/index.php\/2023\/01\/11\/lheritage-de-mahmoud-abbas\/#breadcrumb","itemListElement":[{"@type":"ListItem","position":1,"name":"Accueil","item":"https:\/\/ismfrance.org\/"},{"@type":"ListItem","position":2,"name":"L&#8217;h\u00e9ritage de Mahmoud Abbas"}]},{"@type":"WebSite","@id":"https:\/\/ismfrance.org\/#website","url":"https:\/\/ismfrance.org\/","name":"ISM Palestine France","description":"Soutien aux luttes de lib\u00e9ration du peuple palestinien","publisher":{"@id":"https:\/\/ismfrance.org\/#organization"},"potentialAction":[{"@type":"SearchAction","target":{"@type":"EntryPoint","urlTemplate":"https:\/\/ismfrance.org\/?s={search_term_string}"},"query-input":{"@type":"PropertyValueSpecification","valueRequired":true,"valueName":"search_term_string"}}],"inLanguage":"fr-FR"},{"@type":"Organization","@id":"https:\/\/ismfrance.org\/#organization","name":"International Solidarity Movement","url":"https:\/\/ismfrance.org\/","logo":{"@type":"ImageObject","inLanguage":"fr-FR","@id":"https:\/\/ismfrance.org\/#\/schema\/logo\/image\/","url":"https:\/\/ismfrance.org\/wp-content\/uploads\/2020\/12\/00.png","contentUrl":"https:\/\/ismfrance.org\/wp-content\/uploads\/2020\/12\/00.png","width":400,"height":400,"caption":"International Solidarity Movement"},"image":{"@id":"https:\/\/ismfrance.org\/#\/schema\/logo\/image\/"},"sameAs":["https:\/\/x.com\/ISMFRANCE"]},{"@type":"Person","@id":"https:\/\/ismfrance.org\/#\/schema\/person\/3c411eb72adfaae19c0dca1f41fae01d","name":"mru_01","image":{"@type":"ImageObject","inLanguage":"fr-FR","@id":"https:\/\/secure.gravatar.com\/avatar\/3a0be343b445d2ccc79e87444a294fad2b232e90d2051d0e3cc219e1ecd6a330?s=96&d=mm&r=g","url":"https:\/\/secure.gravatar.com\/avatar\/3a0be343b445d2ccc79e87444a294fad2b232e90d2051d0e3cc219e1ecd6a330?s=96&d=mm&r=g","contentUrl":"https:\/\/secure.gravatar.com\/avatar\/3a0be343b445d2ccc79e87444a294fad2b232e90d2051d0e3cc219e1ecd6a330?s=96&d=mm&r=g","caption":"mru_01"},"url":"https:\/\/ismfrance.org\/index.php\/author\/admin02\/"}]}},"_links":{"self":[{"href":"https:\/\/ismfrance.org\/index.php\/wp-json\/wp\/v2\/posts\/4492","targetHints":{"allow":["GET"]}}],"collection":[{"href":"https:\/\/ismfrance.org\/index.php\/wp-json\/wp\/v2\/posts"}],"about":[{"href":"https:\/\/ismfrance.org\/index.php\/wp-json\/wp\/v2\/types\/post"}],"author":[{"embeddable":true,"href":"https:\/\/ismfrance.org\/index.php\/wp-json\/wp\/v2\/users\/3"}],"replies":[{"embeddable":true,"href":"https:\/\/ismfrance.org\/index.php\/wp-json\/wp\/v2\/comments?post=4492"}],"version-history":[{"count":0,"href":"https:\/\/ismfrance.org\/index.php\/wp-json\/wp\/v2\/posts\/4492\/revisions"}],"wp:featuredmedia":[{"embeddable":true,"href":"https:\/\/ismfrance.org\/index.php\/wp-json\/wp\/v2\/media\/4493"}],"wp:attachment":[{"href":"https:\/\/ismfrance.org\/index.php\/wp-json\/wp\/v2\/media?parent=4492"}],"wp:term":[{"taxonomy":"category","embeddable":true,"href":"https:\/\/ismfrance.org\/index.php\/wp-json\/wp\/v2\/categories?post=4492"},{"taxonomy":"post_tag","embeddable":true,"href":"https:\/\/ismfrance.org\/index.php\/wp-json\/wp\/v2\/tags?post=4492"}],"curies":[{"name":"wp","href":"https:\/\/api.w.org\/{rel}","templated":true}]}}