{"id":4479,"date":"2023-01-09T11:50:18","date_gmt":"2023-01-09T10:50:18","guid":{"rendered":"https:\/\/ismfrance.org\/?p=4479"},"modified":"2023-01-09T11:50:18","modified_gmt":"2023-01-09T10:50:18","slug":"karim-younis-entre-statut-unitaire-de-la-lutte-palestinienne-et-mise-a-lepreuve-de-la-credibilite-des-politiques","status":"publish","type":"post","link":"https:\/\/ismfrance.org\/index.php\/2023\/01\/09\/karim-younis-entre-statut-unitaire-de-la-lutte-palestinienne-et-mise-a-lepreuve-de-la-credibilite-des-politiques\/","title":{"rendered":"Karim Younis entre statut unitaire de la lutte palestinienne et mise \u00e0 l\u2019\u00e9preuve de la cr\u00e9dibilit\u00e9 des politiques"},"content":{"rendered":"<p><span style=\"color: #000000;\"><span style=\"font-family: Tahoma, sans-serif;\"><b>Makram Khoury-Machool, 7 janvier 2023<\/b>. Le fait que le prisonnier palestinien, Karim Younis, ait bris\u00e9 le carcan des prisons de l&rsquo;occupation isra\u00e9lienne apr\u00e8s quatre d\u00e9cennies pass\u00e9es dans les conditions les plus dures non seulement alimente, avec la plus grande sinc\u00e9rit\u00e9, le dossier des souffrances des prisonniers palestiniens dans les prisons de l&rsquo;occupation isra\u00e9lienne, mais met \u00e9galement en lumi\u00e8re une grande partie des Palestiniens qui, d\u00e9mographiquement, repr\u00e9sentent environ 2 millions de personnes qui ont des \u00ab identit\u00e9s isra\u00e9liennes \u00bb.<\/span><\/span><\/p>\n<p><a href=\"https:\/\/ismfrance.org\/wp-content\/uploads\/2023\/01\/karim-younis.png\"><img loading=\"lazy\" decoding=\"async\" class=\"size-large wp-image-4480 aligncenter\" src=\"https:\/\/ismfrance.org\/wp-content\/uploads\/2023\/01\/karim-younis-700x595.png\" alt=\"\" width=\"600\" height=\"510\" srcset=\"https:\/\/ismfrance.org\/wp-content\/uploads\/2023\/01\/karim-younis-700x595.png 700w, https:\/\/ismfrance.org\/wp-content\/uploads\/2023\/01\/karim-younis-300x255.png 300w, https:\/\/ismfrance.org\/wp-content\/uploads\/2023\/01\/karim-younis-768x653.png 768w, https:\/\/ismfrance.org\/wp-content\/uploads\/2023\/01\/karim-younis.png 800w\" sizes=\"auto, (max-width: 600px) 100vw, 600px\" \/><\/a><\/p>\n<p><span style=\"color: #000000;\"><span style=\"font-family: Tahoma, sans-serif;\">La grande majorit\u00e9 ne sait peut-\u00eatre pas que Karim Younis est l&rsquo;un d&rsquo;entre eux, et il n&rsquo;est en effet pas le seul. L&rsquo;un des objectifs du sionisme \u00e9tait de d\u00e9raciner ce segment de Palestiniens du reste du peuple palestinien et de les transformer en \u00ab\u00a0b\u00fbcherons et porteurs d&rsquo;eau\u00a0\u00bb d\u00e9pouill\u00e9s de leur sentiment d&rsquo;appartenance \u00e0 leur patrie et \u00e0 leur peuple et en \u00ab\u00a0citoyens\u00a0\u00bb de quatri\u00e8me classe. qui sont soumis et int\u00e9gr\u00e9s selon les besoins du colonialisme de peuplement.<\/span><\/span><\/p>\n<p><span style=\"color: #000000;\"><span style=\"font-family: Tahoma, sans-serif;\">Cependant, nous rappelons aux colonialistes sionistes et \u00e0 leurs coll\u00e8gues collaborateurs arabes qui ont tent\u00e9 de d\u00e9chiqueter la conscience du peuple palestinien depuis la Nakba, puis con\u00e7u des plans pour fragmenter, ignorer et effacer l&rsquo;identit\u00e9 palestinienne, consid\u00e9rant que la moiti\u00e9 d&rsquo;entre eux sont devenus des r\u00e9fugi\u00e9s dans la diaspora et l&rsquo;autre moiti\u00e9 a \u00e9t\u00e9 occup\u00e9e en \u00ab Palestine occidentale en 1948 et en Palestine orientale en 1967 \u00bb en adoptant et en promouvant des r\u00e9solutions \u00ab internationales \u00bb incompl\u00e8tes (depuis la d\u00e9cision de partition, etc.), nous leur rappelons que Karim Younis, le prisonnier le plus ancien au monde (lib\u00e9r\u00e9 le 5 janvier 2023), vient de Wadi &lsquo;Ara dans le soi-disant \u00ab\u00a0Triangle du Nord\u00a0\u00bb \u00e0 l&rsquo;est de la Palestine occidentale qui a \u00e9t\u00e9 occup\u00e9e pendant la Nakba de 1948 &#8211; litt\u00e9ralement la catastrophe, et qui a diff\u00e9rentes nomenclatures erron\u00e9es et vient avec divers \u00ab ajouts \u00bb au nombre 48.<\/span><\/span><\/p>\n<p><span style=\"color: #000000;\"><span style=\"font-family: Tahoma, sans-serif;\">Nous leur rappelons \u00e9galement que le parcours de Karim Younis et de dizaines de prisonniers palestiniens (d&rsquo;Al-Jalil, d&rsquo;Al-Naqab, du \u00ab\u00a0Triangle Nord\u00a0\u00bb, ou des villes de la c\u00f4te palestinienne) doit \u00eatre une source de honte et une occasion de repentance et demande de pardon de tous les autres collaborateurs arabes (dont certains Palestiniens, bien qu&rsquo;ils soient peu nombreux) qui ont accept\u00e9 d&rsquo;\u00eatre transform\u00e9s en outils ou (peut-\u00eatre victimes ?) de la guerre psychologique de l&rsquo;occupation qui a class\u00e9 ceux qu&rsquo;elle appelle \u00ab Arabes isra\u00e9liens \u00bb comme cinqui\u00e8me colonne, tra\u00eetres, etc. (comme si se cramponner \u00e0 son propre peuple pouvait jamais \u00eatre assimil\u00e9 \u00e0 trahir l&rsquo;occupation ?!) et les a mis sur des listes noires apr\u00e8s s&rsquo;\u00eatre empar\u00e9s de leurs terres et leur avoir impos\u00e9 un r\u00e9gime militaire en plus de \u00ab l&rsquo;\u00e9tat d&rsquo;urgence \u00bb&#8230; Ceci d&rsquo;une part.<\/span><\/span><\/p>\n<p><span style=\"color: #000000;\"><span style=\"font-family: Tahoma, sans-serif;\">D&rsquo;autre part, et dans le cadre de campagnes syst\u00e9matiques et de plans \u00e0 long terme, on a implant\u00e9 des termes p\u00e9joratifs, dans le \u00ab\u00a0monde arabe\u00a0\u00bb, \u00e0 l&rsquo;\u00e9gard de ce segment particulier de Palestiniens\u00a0; ils ont en fait \u00e9t\u00e9 repris et adopt\u00e9s par certains ignorants, traitant ces Palestiniens \u2013 c&rsquo;est-\u00e0-dire ceux qui ont surv\u00e9cu \u00e0 la Nakba (les Palestiniens qui ont r\u00e9ussi \u00e0 rester dans leur patrie au sommet de la Nakba de 1948) de collaborateurs et de tra\u00eetres, alors que les vrais tra\u00eetres \u00e9taient au c\u0153ur de certaines capitales arabes&#8230; et le sont toujours !<\/span><\/span><\/p>\n<p><span style=\"color: #000000;\"><span style=\"font-family: Tahoma, sans-serif;\">En effet, pour ne pas parler de certains \u00ab\u00a0r\u00e9gimes arabes\u00a0\u00bb (du pass\u00e9 ?) et de quelques \u00ab\u00a0\u00e9lites\u00a0\u00bb seulement&#8230; il faut faire la lumi\u00e8re sur le cercle palestinien int\u00e9rieur : si vous voulez conna\u00eetre la v\u00e9rit\u00e9 et l&rsquo;essence et les principes auxquels tout \u00ab\u00a0dirigeant politique\u00a0\u00bb palestinien croit et selon lesquels il agit, tout ce que vous avez \u00e0 faire est de lui demander ce qui suit\u00a0: soutiendrez-vous et travaillerez-vous s\u00e9rieusement pour que Karim Younis et ses semblables (et les Palestiniens de l&rsquo;ouest de la Palestine en g\u00e9n\u00e9ral ) rejoignent les instances officielles de l&rsquo;Organisation de Lib\u00e9ration de la Palestine (Conseil National et Conseil Central notamment&#8230; sachant qu&rsquo;il s&rsquo;agit l\u00e0 de quelque chose de diff\u00e9rent de l&rsquo;appartenance \u00e0 d&rsquo;autres mouvements ou factions car cela peut n&rsquo;\u00eatre que formel et symbolique) puisque que l&rsquo;OLP est la seule et l\u00e9gitime repr\u00e9sentante du peuple palestinien dans tous les lieux de sa pr\u00e9sence, o\u00f9 qu&rsquo;il se trouve (quelle que soit sa nationalit\u00e9)\u00a0?<\/span><\/span><\/p>\n<p><span style=\"color: #000000;\"><span style=\"font-family: Tahoma, sans-serif;\">S&rsquo;il est possible pour un Allemand-Palestinien ou un Jordanien-Palestinien d&rsquo;\u00eatre membre des organes de l&rsquo;Organisation de lib\u00e9ration de la Palestine, qu&rsquo;est-ce qui peut emp\u00eacher un Palestinien de l&rsquo;ouest de la Palestine (d\u00e9tenteur du soi-disant document d&rsquo;identit\u00e9 \u00ab\u00a0bleu\u00a0\u00bb) de devenir membre lui aussi\u00a0?<\/span><\/span><\/p>\n<p><span style=\"color: #000000;\"><span style=\"font-family: Tahoma, sans-serif;\">Les choses ne peuvent pas \u00eatre plus claires en jetant simplement un coup d&rsquo;\u0153il sur le <i>modus operandi<\/i> du mouvement sioniste et sur la mani\u00e8re dont il utilise la pr\u00e9sence juive partout.<\/span><\/span><\/p>\n<p><span style=\"color: #000000;\"><span style=\"font-family: Tahoma, sans-serif;\">Article original en anglais sur <a href=\"https:\/\/english.almayadeen.net\/articles\/opinion\/karim-younis-between-the-unitary-status-of-palestinian-strug\">Al-Mayadeen<\/a> \/ Traduction MR<\/span><\/span><\/p>\n<p><span style=\"color: #201f1e;\"><span style=\"font-family: Vrinda, serif;\"><span style=\"font-size: medium;\">[writers slug=makram-khoury-machool]<\/span><\/span><\/span><\/p>\n","protected":false},"excerpt":{"rendered":"<p>Makram Khoury-Machool, 7 janvier 2023. Le fait que le prisonnier palestinien, Karim Younis, ait bris\u00e9 le carcan des prisons de l&rsquo;occupation isra\u00e9lienne apr\u00e8s quatre d\u00e9cennies pass\u00e9es dans les conditions les <a class=\"more-link\" href=\"https:\/\/ismfrance.org\/index.php\/2023\/01\/09\/karim-younis-entre-statut-unitaire-de-la-lutte-palestinienne-et-mise-a-lepreuve-de-la-credibilite-des-politiques\/\">Lire la suite &rarr;<\/a><\/p>\n","protected":false},"author":3,"featured_media":4480,"comment_status":"closed","ping_status":"closed","sticky":false,"template":"","format":"standard","meta":{"footnotes":""},"categories":[12,2],"tags":[274,21,29],"class_list":["post-4479","post","type-post","status-publish","format-standard","has-post-thumbnail","hentry","category-analyses","category-articles","tag-olp","tag-prisonniers","tag-refugies"],"yoast_head":"<!-- This site is optimized with the Yoast SEO plugin v27.2 - https:\/\/yoast.com\/product\/yoast-seo-wordpress\/ -->\n<title>Karim Younis entre statut unitaire de la lutte palestinienne et mise \u00e0 l\u2019\u00e9preuve de la cr\u00e9dibilit\u00e9 des politiques - International Solidarity Movement - ISM-France<\/title>\n<meta name=\"robots\" content=\"index, follow, max-snippet:-1, max-image-preview:large, max-video-preview:-1\" \/>\n<link rel=\"canonical\" href=\"https:\/\/ismfrance.org\/index.php\/2023\/01\/09\/karim-younis-entre-statut-unitaire-de-la-lutte-palestinienne-et-mise-a-lepreuve-de-la-credibilite-des-politiques\/\" \/>\n<meta property=\"og:locale\" content=\"fr_FR\" \/>\n<meta property=\"og:type\" content=\"article\" \/>\n<meta property=\"og:title\" content=\"Karim Younis entre statut unitaire de la lutte palestinienne et mise \u00e0 l\u2019\u00e9preuve de la cr\u00e9dibilit\u00e9 des politiques - International Solidarity Movement - ISM-France\" \/>\n<meta property=\"og:description\" content=\"Makram Khoury-Machool, 7 janvier 2023. Le fait que le prisonnier palestinien, Karim Younis, ait bris\u00e9 le carcan des prisons de l&rsquo;occupation isra\u00e9lienne apr\u00e8s quatre d\u00e9cennies pass\u00e9es dans les conditions les Lire la suite &rarr;\" \/>\n<meta property=\"og:url\" content=\"https:\/\/ismfrance.org\/index.php\/2023\/01\/09\/karim-younis-entre-statut-unitaire-de-la-lutte-palestinienne-et-mise-a-lepreuve-de-la-credibilite-des-politiques\/\" \/>\n<meta property=\"og:site_name\" content=\"International Solidarity Movement - ISM-France\" \/>\n<meta property=\"article:published_time\" content=\"2023-01-09T10:50:18+00:00\" \/>\n<meta property=\"og:image\" content=\"https:\/\/ismfrance.org\/wp-content\/uploads\/2023\/01\/karim-younis.png\" \/>\n\t<meta property=\"og:image:width\" content=\"800\" \/>\n\t<meta property=\"og:image:height\" content=\"680\" \/>\n\t<meta property=\"og:image:type\" content=\"image\/png\" \/>\n<meta name=\"author\" content=\"mru_01\" \/>\n<meta name=\"twitter:card\" content=\"summary_large_image\" \/>\n<meta name=\"twitter:creator\" content=\"@ISMFRANCE\" \/>\n<meta name=\"twitter:site\" content=\"@ISMFRANCE\" \/>\n<meta name=\"twitter:label1\" content=\"\u00c9crit par\" \/>\n\t<meta name=\"twitter:data1\" content=\"mru_01\" \/>\n\t<meta name=\"twitter:label2\" content=\"Dur\u00e9e de lecture estim\u00e9e\" \/>\n\t<meta name=\"twitter:data2\" content=\"5 minutes\" \/>\n<script type=\"application\/ld+json\" class=\"yoast-schema-graph\">{\"@context\":\"https:\/\/schema.org\",\"@graph\":[{\"@type\":\"Article\",\"@id\":\"https:\/\/ismfrance.org\/index.php\/2023\/01\/09\/karim-younis-entre-statut-unitaire-de-la-lutte-palestinienne-et-mise-a-lepreuve-de-la-credibilite-des-politiques\/#article\",\"isPartOf\":{\"@id\":\"https:\/\/ismfrance.org\/index.php\/2023\/01\/09\/karim-younis-entre-statut-unitaire-de-la-lutte-palestinienne-et-mise-a-lepreuve-de-la-credibilite-des-politiques\/\"},\"author\":{\"name\":\"mru_01\",\"@id\":\"https:\/\/ismfrance.org\/#\/schema\/person\/3c411eb72adfaae19c0dca1f41fae01d\"},\"headline\":\"Karim Younis entre statut unitaire de la lutte palestinienne et mise \u00e0 l\u2019\u00e9preuve de la cr\u00e9dibilit\u00e9 des politiques\",\"datePublished\":\"2023-01-09T10:50:18+00:00\",\"mainEntityOfPage\":{\"@id\":\"https:\/\/ismfrance.org\/index.php\/2023\/01\/09\/karim-younis-entre-statut-unitaire-de-la-lutte-palestinienne-et-mise-a-lepreuve-de-la-credibilite-des-politiques\/\"},\"wordCount\":867,\"publisher\":{\"@id\":\"https:\/\/ismfrance.org\/#organization\"},\"image\":{\"@id\":\"https:\/\/ismfrance.org\/index.php\/2023\/01\/09\/karim-younis-entre-statut-unitaire-de-la-lutte-palestinienne-et-mise-a-lepreuve-de-la-credibilite-des-politiques\/#primaryimage\"},\"thumbnailUrl\":\"https:\/\/ismfrance.org\/wp-content\/uploads\/2023\/01\/karim-younis.png\",\"keywords\":[\"OLP\",\"Prisonniers\",\"r\u00e9fugi\u00e9s\"],\"articleSection\":[\"Analyses\",\"Articles\"],\"inLanguage\":\"fr-FR\"},{\"@type\":\"WebPage\",\"@id\":\"https:\/\/ismfrance.org\/index.php\/2023\/01\/09\/karim-younis-entre-statut-unitaire-de-la-lutte-palestinienne-et-mise-a-lepreuve-de-la-credibilite-des-politiques\/\",\"url\":\"https:\/\/ismfrance.org\/index.php\/2023\/01\/09\/karim-younis-entre-statut-unitaire-de-la-lutte-palestinienne-et-mise-a-lepreuve-de-la-credibilite-des-politiques\/\",\"name\":\"Karim Younis entre statut unitaire de la lutte palestinienne et mise \u00e0 l\u2019\u00e9preuve de la cr\u00e9dibilit\u00e9 des politiques - International Solidarity Movement - ISM-France\",\"isPartOf\":{\"@id\":\"https:\/\/ismfrance.org\/#website\"},\"primaryImageOfPage\":{\"@id\":\"https:\/\/ismfrance.org\/index.php\/2023\/01\/09\/karim-younis-entre-statut-unitaire-de-la-lutte-palestinienne-et-mise-a-lepreuve-de-la-credibilite-des-politiques\/#primaryimage\"},\"image\":{\"@id\":\"https:\/\/ismfrance.org\/index.php\/2023\/01\/09\/karim-younis-entre-statut-unitaire-de-la-lutte-palestinienne-et-mise-a-lepreuve-de-la-credibilite-des-politiques\/#primaryimage\"},\"thumbnailUrl\":\"https:\/\/ismfrance.org\/wp-content\/uploads\/2023\/01\/karim-younis.png\",\"datePublished\":\"2023-01-09T10:50:18+00:00\",\"breadcrumb\":{\"@id\":\"https:\/\/ismfrance.org\/index.php\/2023\/01\/09\/karim-younis-entre-statut-unitaire-de-la-lutte-palestinienne-et-mise-a-lepreuve-de-la-credibilite-des-politiques\/#breadcrumb\"},\"inLanguage\":\"fr-FR\",\"potentialAction\":[{\"@type\":\"ReadAction\",\"target\":[\"https:\/\/ismfrance.org\/index.php\/2023\/01\/09\/karim-younis-entre-statut-unitaire-de-la-lutte-palestinienne-et-mise-a-lepreuve-de-la-credibilite-des-politiques\/\"]}]},{\"@type\":\"ImageObject\",\"inLanguage\":\"fr-FR\",\"@id\":\"https:\/\/ismfrance.org\/index.php\/2023\/01\/09\/karim-younis-entre-statut-unitaire-de-la-lutte-palestinienne-et-mise-a-lepreuve-de-la-credibilite-des-politiques\/#primaryimage\",\"url\":\"https:\/\/ismfrance.org\/wp-content\/uploads\/2023\/01\/karim-younis.png\",\"contentUrl\":\"https:\/\/ismfrance.org\/wp-content\/uploads\/2023\/01\/karim-younis.png\",\"width\":800,\"height\":680},{\"@type\":\"BreadcrumbList\",\"@id\":\"https:\/\/ismfrance.org\/index.php\/2023\/01\/09\/karim-younis-entre-statut-unitaire-de-la-lutte-palestinienne-et-mise-a-lepreuve-de-la-credibilite-des-politiques\/#breadcrumb\",\"itemListElement\":[{\"@type\":\"ListItem\",\"position\":1,\"name\":\"Accueil\",\"item\":\"https:\/\/ismfrance.org\/\"},{\"@type\":\"ListItem\",\"position\":2,\"name\":\"Karim Younis entre statut unitaire de la lutte palestinienne et mise \u00e0 l\u2019\u00e9preuve de la cr\u00e9dibilit\u00e9 des politiques\"}]},{\"@type\":\"WebSite\",\"@id\":\"https:\/\/ismfrance.org\/#website\",\"url\":\"https:\/\/ismfrance.org\/\",\"name\":\"ISM Palestine France\",\"description\":\"Soutien aux luttes de lib\u00e9ration du peuple palestinien\",\"publisher\":{\"@id\":\"https:\/\/ismfrance.org\/#organization\"},\"potentialAction\":[{\"@type\":\"SearchAction\",\"target\":{\"@type\":\"EntryPoint\",\"urlTemplate\":\"https:\/\/ismfrance.org\/?s={search_term_string}\"},\"query-input\":{\"@type\":\"PropertyValueSpecification\",\"valueRequired\":true,\"valueName\":\"search_term_string\"}}],\"inLanguage\":\"fr-FR\"},{\"@type\":\"Organization\",\"@id\":\"https:\/\/ismfrance.org\/#organization\",\"name\":\"International Solidarity Movement\",\"url\":\"https:\/\/ismfrance.org\/\",\"logo\":{\"@type\":\"ImageObject\",\"inLanguage\":\"fr-FR\",\"@id\":\"https:\/\/ismfrance.org\/#\/schema\/logo\/image\/\",\"url\":\"https:\/\/ismfrance.org\/wp-content\/uploads\/2020\/12\/00.png\",\"contentUrl\":\"https:\/\/ismfrance.org\/wp-content\/uploads\/2020\/12\/00.png\",\"width\":400,\"height\":400,\"caption\":\"International Solidarity Movement\"},\"image\":{\"@id\":\"https:\/\/ismfrance.org\/#\/schema\/logo\/image\/\"},\"sameAs\":[\"https:\/\/x.com\/ISMFRANCE\"]},{\"@type\":\"Person\",\"@id\":\"https:\/\/ismfrance.org\/#\/schema\/person\/3c411eb72adfaae19c0dca1f41fae01d\",\"name\":\"mru_01\",\"image\":{\"@type\":\"ImageObject\",\"inLanguage\":\"fr-FR\",\"@id\":\"https:\/\/secure.gravatar.com\/avatar\/3a0be343b445d2ccc79e87444a294fad2b232e90d2051d0e3cc219e1ecd6a330?s=96&d=mm&r=g\",\"url\":\"https:\/\/secure.gravatar.com\/avatar\/3a0be343b445d2ccc79e87444a294fad2b232e90d2051d0e3cc219e1ecd6a330?s=96&d=mm&r=g\",\"contentUrl\":\"https:\/\/secure.gravatar.com\/avatar\/3a0be343b445d2ccc79e87444a294fad2b232e90d2051d0e3cc219e1ecd6a330?s=96&d=mm&r=g\",\"caption\":\"mru_01\"},\"url\":\"https:\/\/ismfrance.org\/index.php\/author\/admin02\/\"}]}<\/script>\n<!-- \/ Yoast SEO plugin. -->","yoast_head_json":{"title":"Karim Younis entre statut unitaire de la lutte palestinienne et mise \u00e0 l\u2019\u00e9preuve de la cr\u00e9dibilit\u00e9 des politiques - International Solidarity Movement - ISM-France","robots":{"index":"index","follow":"follow","max-snippet":"max-snippet:-1","max-image-preview":"max-image-preview:large","max-video-preview":"max-video-preview:-1"},"canonical":"https:\/\/ismfrance.org\/index.php\/2023\/01\/09\/karim-younis-entre-statut-unitaire-de-la-lutte-palestinienne-et-mise-a-lepreuve-de-la-credibilite-des-politiques\/","og_locale":"fr_FR","og_type":"article","og_title":"Karim Younis entre statut unitaire de la lutte palestinienne et mise \u00e0 l\u2019\u00e9preuve de la cr\u00e9dibilit\u00e9 des politiques - International Solidarity Movement - ISM-France","og_description":"Makram Khoury-Machool, 7 janvier 2023. Le fait que le prisonnier palestinien, Karim Younis, ait bris\u00e9 le carcan des prisons de l&rsquo;occupation isra\u00e9lienne apr\u00e8s quatre d\u00e9cennies pass\u00e9es dans les conditions les Lire la suite &rarr;","og_url":"https:\/\/ismfrance.org\/index.php\/2023\/01\/09\/karim-younis-entre-statut-unitaire-de-la-lutte-palestinienne-et-mise-a-lepreuve-de-la-credibilite-des-politiques\/","og_site_name":"International Solidarity Movement - ISM-France","article_published_time":"2023-01-09T10:50:18+00:00","og_image":[{"width":800,"height":680,"url":"https:\/\/ismfrance.org\/wp-content\/uploads\/2023\/01\/karim-younis.png","type":"image\/png"}],"author":"mru_01","twitter_card":"summary_large_image","twitter_creator":"@ISMFRANCE","twitter_site":"@ISMFRANCE","twitter_misc":{"\u00c9crit par":"mru_01","Dur\u00e9e de lecture estim\u00e9e":"5 minutes"},"schema":{"@context":"https:\/\/schema.org","@graph":[{"@type":"Article","@id":"https:\/\/ismfrance.org\/index.php\/2023\/01\/09\/karim-younis-entre-statut-unitaire-de-la-lutte-palestinienne-et-mise-a-lepreuve-de-la-credibilite-des-politiques\/#article","isPartOf":{"@id":"https:\/\/ismfrance.org\/index.php\/2023\/01\/09\/karim-younis-entre-statut-unitaire-de-la-lutte-palestinienne-et-mise-a-lepreuve-de-la-credibilite-des-politiques\/"},"author":{"name":"mru_01","@id":"https:\/\/ismfrance.org\/#\/schema\/person\/3c411eb72adfaae19c0dca1f41fae01d"},"headline":"Karim Younis entre statut unitaire de la lutte palestinienne et mise \u00e0 l\u2019\u00e9preuve de la cr\u00e9dibilit\u00e9 des politiques","datePublished":"2023-01-09T10:50:18+00:00","mainEntityOfPage":{"@id":"https:\/\/ismfrance.org\/index.php\/2023\/01\/09\/karim-younis-entre-statut-unitaire-de-la-lutte-palestinienne-et-mise-a-lepreuve-de-la-credibilite-des-politiques\/"},"wordCount":867,"publisher":{"@id":"https:\/\/ismfrance.org\/#organization"},"image":{"@id":"https:\/\/ismfrance.org\/index.php\/2023\/01\/09\/karim-younis-entre-statut-unitaire-de-la-lutte-palestinienne-et-mise-a-lepreuve-de-la-credibilite-des-politiques\/#primaryimage"},"thumbnailUrl":"https:\/\/ismfrance.org\/wp-content\/uploads\/2023\/01\/karim-younis.png","keywords":["OLP","Prisonniers","r\u00e9fugi\u00e9s"],"articleSection":["Analyses","Articles"],"inLanguage":"fr-FR"},{"@type":"WebPage","@id":"https:\/\/ismfrance.org\/index.php\/2023\/01\/09\/karim-younis-entre-statut-unitaire-de-la-lutte-palestinienne-et-mise-a-lepreuve-de-la-credibilite-des-politiques\/","url":"https:\/\/ismfrance.org\/index.php\/2023\/01\/09\/karim-younis-entre-statut-unitaire-de-la-lutte-palestinienne-et-mise-a-lepreuve-de-la-credibilite-des-politiques\/","name":"Karim Younis entre statut unitaire de la lutte palestinienne et mise \u00e0 l\u2019\u00e9preuve de la cr\u00e9dibilit\u00e9 des politiques - International Solidarity Movement - ISM-France","isPartOf":{"@id":"https:\/\/ismfrance.org\/#website"},"primaryImageOfPage":{"@id":"https:\/\/ismfrance.org\/index.php\/2023\/01\/09\/karim-younis-entre-statut-unitaire-de-la-lutte-palestinienne-et-mise-a-lepreuve-de-la-credibilite-des-politiques\/#primaryimage"},"image":{"@id":"https:\/\/ismfrance.org\/index.php\/2023\/01\/09\/karim-younis-entre-statut-unitaire-de-la-lutte-palestinienne-et-mise-a-lepreuve-de-la-credibilite-des-politiques\/#primaryimage"},"thumbnailUrl":"https:\/\/ismfrance.org\/wp-content\/uploads\/2023\/01\/karim-younis.png","datePublished":"2023-01-09T10:50:18+00:00","breadcrumb":{"@id":"https:\/\/ismfrance.org\/index.php\/2023\/01\/09\/karim-younis-entre-statut-unitaire-de-la-lutte-palestinienne-et-mise-a-lepreuve-de-la-credibilite-des-politiques\/#breadcrumb"},"inLanguage":"fr-FR","potentialAction":[{"@type":"ReadAction","target":["https:\/\/ismfrance.org\/index.php\/2023\/01\/09\/karim-younis-entre-statut-unitaire-de-la-lutte-palestinienne-et-mise-a-lepreuve-de-la-credibilite-des-politiques\/"]}]},{"@type":"ImageObject","inLanguage":"fr-FR","@id":"https:\/\/ismfrance.org\/index.php\/2023\/01\/09\/karim-younis-entre-statut-unitaire-de-la-lutte-palestinienne-et-mise-a-lepreuve-de-la-credibilite-des-politiques\/#primaryimage","url":"https:\/\/ismfrance.org\/wp-content\/uploads\/2023\/01\/karim-younis.png","contentUrl":"https:\/\/ismfrance.org\/wp-content\/uploads\/2023\/01\/karim-younis.png","width":800,"height":680},{"@type":"BreadcrumbList","@id":"https:\/\/ismfrance.org\/index.php\/2023\/01\/09\/karim-younis-entre-statut-unitaire-de-la-lutte-palestinienne-et-mise-a-lepreuve-de-la-credibilite-des-politiques\/#breadcrumb","itemListElement":[{"@type":"ListItem","position":1,"name":"Accueil","item":"https:\/\/ismfrance.org\/"},{"@type":"ListItem","position":2,"name":"Karim Younis entre statut unitaire de la lutte palestinienne et mise \u00e0 l\u2019\u00e9preuve de la cr\u00e9dibilit\u00e9 des politiques"}]},{"@type":"WebSite","@id":"https:\/\/ismfrance.org\/#website","url":"https:\/\/ismfrance.org\/","name":"ISM Palestine France","description":"Soutien aux luttes de lib\u00e9ration du peuple palestinien","publisher":{"@id":"https:\/\/ismfrance.org\/#organization"},"potentialAction":[{"@type":"SearchAction","target":{"@type":"EntryPoint","urlTemplate":"https:\/\/ismfrance.org\/?s={search_term_string}"},"query-input":{"@type":"PropertyValueSpecification","valueRequired":true,"valueName":"search_term_string"}}],"inLanguage":"fr-FR"},{"@type":"Organization","@id":"https:\/\/ismfrance.org\/#organization","name":"International Solidarity Movement","url":"https:\/\/ismfrance.org\/","logo":{"@type":"ImageObject","inLanguage":"fr-FR","@id":"https:\/\/ismfrance.org\/#\/schema\/logo\/image\/","url":"https:\/\/ismfrance.org\/wp-content\/uploads\/2020\/12\/00.png","contentUrl":"https:\/\/ismfrance.org\/wp-content\/uploads\/2020\/12\/00.png","width":400,"height":400,"caption":"International Solidarity Movement"},"image":{"@id":"https:\/\/ismfrance.org\/#\/schema\/logo\/image\/"},"sameAs":["https:\/\/x.com\/ISMFRANCE"]},{"@type":"Person","@id":"https:\/\/ismfrance.org\/#\/schema\/person\/3c411eb72adfaae19c0dca1f41fae01d","name":"mru_01","image":{"@type":"ImageObject","inLanguage":"fr-FR","@id":"https:\/\/secure.gravatar.com\/avatar\/3a0be343b445d2ccc79e87444a294fad2b232e90d2051d0e3cc219e1ecd6a330?s=96&d=mm&r=g","url":"https:\/\/secure.gravatar.com\/avatar\/3a0be343b445d2ccc79e87444a294fad2b232e90d2051d0e3cc219e1ecd6a330?s=96&d=mm&r=g","contentUrl":"https:\/\/secure.gravatar.com\/avatar\/3a0be343b445d2ccc79e87444a294fad2b232e90d2051d0e3cc219e1ecd6a330?s=96&d=mm&r=g","caption":"mru_01"},"url":"https:\/\/ismfrance.org\/index.php\/author\/admin02\/"}]}},"_links":{"self":[{"href":"https:\/\/ismfrance.org\/index.php\/wp-json\/wp\/v2\/posts\/4479","targetHints":{"allow":["GET"]}}],"collection":[{"href":"https:\/\/ismfrance.org\/index.php\/wp-json\/wp\/v2\/posts"}],"about":[{"href":"https:\/\/ismfrance.org\/index.php\/wp-json\/wp\/v2\/types\/post"}],"author":[{"embeddable":true,"href":"https:\/\/ismfrance.org\/index.php\/wp-json\/wp\/v2\/users\/3"}],"replies":[{"embeddable":true,"href":"https:\/\/ismfrance.org\/index.php\/wp-json\/wp\/v2\/comments?post=4479"}],"version-history":[{"count":0,"href":"https:\/\/ismfrance.org\/index.php\/wp-json\/wp\/v2\/posts\/4479\/revisions"}],"wp:featuredmedia":[{"embeddable":true,"href":"https:\/\/ismfrance.org\/index.php\/wp-json\/wp\/v2\/media\/4480"}],"wp:attachment":[{"href":"https:\/\/ismfrance.org\/index.php\/wp-json\/wp\/v2\/media?parent=4479"}],"wp:term":[{"taxonomy":"category","embeddable":true,"href":"https:\/\/ismfrance.org\/index.php\/wp-json\/wp\/v2\/categories?post=4479"},{"taxonomy":"post_tag","embeddable":true,"href":"https:\/\/ismfrance.org\/index.php\/wp-json\/wp\/v2\/tags?post=4479"}],"curies":[{"name":"wp","href":"https:\/\/api.w.org\/{rel}","templated":true}]}}