{"id":4473,"date":"2023-01-09T09:11:41","date_gmt":"2023-01-09T08:11:41","guid":{"rendered":"https:\/\/ismfrance.org\/?p=4473"},"modified":"2023-01-12T10:04:33","modified_gmt":"2023-01-12T09:04:33","slug":"israel-palestine-comment-le-gouvernement-dextreme-droite-sattaquera-t-il-au-probleme-demographique","status":"publish","type":"post","link":"https:\/\/ismfrance.org\/index.php\/2023\/01\/09\/israel-palestine-comment-le-gouvernement-dextreme-droite-sattaquera-t-il-au-probleme-demographique\/","title":{"rendered":"Isra\u00ebl-Palestine : comment le gouvernement d&rsquo;extr\u00eame droite s&rsquo;attaquera-t-il au \u00ab probl\u00e8me d\u00e9mographique \u00bb ?"},"content":{"rendered":"<p><span style=\"color: #000000;\"><span style=\"font-family: Tahoma, sans-serif;\"><span style=\"font-size: medium;\"><b>Feras Abu Helal, 6 janvier 2023. <\/b>Le mois dernier, le Premier ministre Benjamin Netanyahu a install\u00e9 le gouvernement le plus extr\u00e9miste qu&rsquo;Isra\u00ebl ait jamais connu. Il comprend deux ultra-nationalistes,\u00a0Itamar Ben-Gvir\u00a0du parti du pouvoir juif et Bezalel Smotrich du parti du sionisme religieux, tous deux consid\u00e9r\u00e9s comme des\u00a0disciples\u00a0de feu le rabbin Meir Kahane, dont le parti a \u00e9t\u00e9 banni de la Knesset dans les ann\u00e9es 1980 et d\u00e9sign\u00e9 comme groupe terroriste par les \u00c9tats-Unis.<\/span><\/span><\/span><\/p>\n<p><a href=\"https:\/\/ismfrance.org\/wp-content\/uploads\/2023\/01\/latuff.jpg\"><img loading=\"lazy\" decoding=\"async\" class=\"size-large wp-image-4477 aligncenter\" src=\"https:\/\/ismfrance.org\/wp-content\/uploads\/2023\/01\/latuff-700x428.jpg\" alt=\"\" width=\"600\" height=\"367\" srcset=\"https:\/\/ismfrance.org\/wp-content\/uploads\/2023\/01\/latuff-700x428.jpg 700w, https:\/\/ismfrance.org\/wp-content\/uploads\/2023\/01\/latuff-300x183.jpg 300w, https:\/\/ismfrance.org\/wp-content\/uploads\/2023\/01\/latuff-768x469.jpg 768w, https:\/\/ismfrance.org\/wp-content\/uploads\/2023\/01\/latuff.jpg 1080w\" sizes=\"auto, (max-width: 600px) 100vw, 600px\" \/><\/a><span style=\"color: #000000;\"><span style=\"font-family: Tahoma, sans-serif;\"><span style=\"font-size: medium;\">Selon l&rsquo;ancien Premier ministre isra\u00e9lien Yair Lapid,\u00a0Ben-Gvir\u00a0est \u00ab\u00a0l&rsquo;homme le plus irresponsable du Moyen-Orient\u00a0\u00bb &#8211; des commentaires qu&rsquo;il a faits apr\u00e8s la derni\u00e8re visite provocatrice de ce dernier sur l&rsquo;esplanade de la mosqu\u00e9e Al-Aqsa. Smotrich\u00a0a \u00e9galement \u00e9t\u00e9 critiqu\u00e9 pour cultiver une\u00a0id\u00e9ologie\u00a0fasciste\u00a0et a \u00e9t\u00e9 accus\u00e9 d&rsquo;avoir complot\u00e9 pour attaquer une autoroute lors du d\u00e9sengagement de Gaza en 2005, accusations qu&rsquo;il a\u00a0ni\u00e9es.<\/span><\/span><\/span><\/p>\n<p><span style=\"color: #000000;\"><span style=\"font-family: Tahoma, sans-serif;\"><span style=\"font-size: medium;\">L&rsquo;aspect le plus explosif de leur id\u00e9ologie consiste cependant\u00a0\u00e0 vouloir pousser les Palestiniens \u00e0 quitter leur patrie. En 2021, Smotrich a d\u00e9clar\u00e9 \u00e0 la Knesset que David\u00a0Ben-Gourion, le premier Premier ministre d&rsquo;Isra\u00ebl, aurait d\u00fb \u00ab\u00a0terminer le travail\u00a0\u00bb et expulser tous les Arabes du pays en 1948. Il a \u00e9galement d\u00e9clar\u00e9 que d&rsquo;\u00e9minents hommes politiques arabes et d&rsquo;autres musulmans qui ne reconna\u00eessent pas la domination juive ne devrait pas rester en Isra\u00ebl. Ben-Gvir, quant \u00e0 lui, a d\u00e9clar\u00e9 dans une\u00a0interview t\u00e9l\u00e9vis\u00e9e qu&rsquo;Isra\u00ebl devrait \u00ab\u00a0encourager\u00a0\u00bb les Palestiniens qui \u00ab\u00a0ha\u00efssent ou ne croient pas en Isra\u00ebl\u00a0\u00bb \u00e0 quitter leur patrie.<\/span><\/span><\/span><\/p>\n<p><span style=\"color: #000000;\"><span style=\"font-family: Tahoma, sans-serif;\"><span style=\"font-size: medium;\">Isra\u00ebl compte environ 9,7\u00a0millions d&rsquo;habitants, dont environ 74\u00a0% sont juifs et 21\u00a0% sont arabes, selon le Bureau central isra\u00e9lien des statistiques. La part de la population juive a progressivement diminu\u00e9 depuis 2009, lorsqu&rsquo;elle s&rsquo;\u00e9levait \u00e0\u00a080\u00a0%, tandis que le pourcentage d&rsquo;Arabes a l\u00e9g\u00e8rement augment\u00e9 au cours de cette p\u00e9riode.<\/span><\/span><\/span><\/p>\n<p><span style=\"color: #000000;\"><span style=\"font-family: Tahoma, sans-serif;\"><span style=\"font-size: medium;\"><b>Dilemme d\u00e9mocratique<\/b><\/span><\/span><\/span><\/p>\n<p><span style=\"color: #000000;\"><span style=\"font-family: Tahoma, sans-serif;\"><span style=\"font-size: medium;\">Pour de nombreux Isra\u00e9liens de droite, l&rsquo;\u00e9volution d\u00e9mographique pose une pr\u00e9occupation majeure &#8211; en particulier la majorit\u00e9 d\u00e9croissante des Juifs dans la Palestine historique, qui comprend la Cisjordanie occup\u00e9e par Isra\u00ebl et la bande de Gaza assi\u00e9g\u00e9e, o\u00f9 la majorit\u00e9 juive \u00ab\u00a0tombe \u00e0 peine \u00e0 la moiti\u00e9\u00a0\u00bb, selon l&rsquo;\u00e9conomiste.<\/span><\/span><\/span><\/p>\n<p><span style=\"color: #000000;\"><span style=\"font-family: Tahoma, sans-serif;\"><span style=\"font-size: medium;\">La\u00a0parit\u00e9 de population est depuis longtemps une question centrale dans la politique isra\u00e9lienne. Pour certains, cela repr\u00e9sente un dilemme pour la soi-disant d\u00e9mocratie du pays, car une v\u00e9ritable d\u00e9mocratie ne peut pas exclure un groupe de personnes en raison de leur race ou de leur appartenance ethnique. Pourtant, si les Palestiniens devenaient majoritaires et obtenaient le droit de vote dans toute la Palestine historique, alors le statut d&rsquo;Isra\u00ebl en tant que \u00ab\u00a0\u00c9tat juif\u00a0\u00bb serait menac\u00e9.<\/span><\/span><\/span><\/p>\n<p><span style=\"color: #000000;\"><span style=\"font-family: Tahoma, sans-serif;\"><span style=\"font-size: medium;\">La\u00a0solution \u00e0 deux \u00c9tats\u00a0a \u00e9t\u00e9 propos\u00e9e comme le seul moyen de r\u00e9soudre ce dilemme, mais les hommes politiques d&rsquo;extr\u00eame droite qui ont domin\u00e9 la politique isra\u00e9lienne ces derni\u00e8res ann\u00e9es n&rsquo;acceptent pas cette strat\u00e9gie. Ainsi, la notion d&rsquo;expulsion des Palestiniens de leur patrie a pris de l&rsquo;importance dans le discours politique du pays.<\/span><\/span><\/span><\/p>\n<p><span style=\"color: #000000;\"><span style=\"font-family: Tahoma, sans-serif;\"><span style=\"font-size: medium;\">De tels concepts ne visent pas exclusivement les Palestiniens. Ben-Gvir a d\u00e9clar\u00e9 qu&rsquo;il souhaitait \u00e9galement expulser vers l&rsquo;Europe les hommes politiques juifs \u00ab\u00a0d\u00e9loyaux envers l&rsquo;\u00c9tat d&rsquo;Isra\u00ebl\u00a0\u00bb. Et Smotrich a pr\u00e9conis\u00e9 l&rsquo;annulation de la \u00ab\u00a0clause des petits-enfants\u00a0\u00bb dans la loi isra\u00e9lienne du retour, qui permet aux Juifs de troisi\u00e8me g\u00e9n\u00e9ration d&rsquo;immigrer en Isra\u00ebl. Il a r\u00e9cemment d\u00e9clar\u00e9 que 70\u00a0% des immigrants des anciens pays sovi\u00e9tiques n&rsquo;\u00e9taient pas juifs, qualifiant cela de menace importante pour la majorit\u00e9 juive du pays &#8211; une \u00ab\u00a0bombe \u00e0 retardement juive\u00a0dont il faut s&rsquo;occuper\u00a0\u00bb.<\/span><\/span><\/span><\/p>\n<p><span style=\"color: #000000;\"><span style=\"font-family: Tahoma, sans-serif;\"><span style=\"font-size: medium;\"><b>\u00c9tat d&rsquo;apartheid<\/b><\/span><\/span><\/span><\/p>\n<p><span style=\"color: #000000;\"><span style=\"font-family: Tahoma, sans-serif;\"><span style=\"font-size: medium;\">Dans le m\u00eame temps, Isra\u00ebl a emp\u00each\u00e9 les Palestiniens de revenir dans leur patrie, malgr\u00e9 de nombreuses\u00a0r\u00e9solutions de l&rsquo;ONU\u00a0qui statuaient l&rsquo;inverse. Les Isra\u00e9liens de tous les horizons politiques se sont oppos\u00e9s au droit au retour des Palestiniens, et pourtant, m\u00eame eux courent maintenant le risque d&rsquo;\u00eatre chass\u00e9s de l&rsquo;\u00c9tat d&rsquo;apartheid qu&rsquo;ils soutenaient.<\/span><\/span><\/span><\/p>\n<p><span style=\"color: #000000;\"><span style=\"font-family: Tahoma, sans-serif;\"><span style=\"font-size: medium;\">Une chose est certaine : toute tentative d&rsquo;expulsion des Palestiniens de leur patrie pour r\u00e9soudre le \u00ab probl\u00e8me d\u00e9mographique \u00bb \u00e9chouera. Pendant plus de sept d\u00e9cennies, des g\u00e9n\u00e9rations successives de Palestiniens ont continu\u00e9 \u00e0 croire en leur droit au retour. Le symbole \u00ab\u00a0cl\u00e9 de retour\u00a0\u00bb est pr\u00e9sent dans les maisons palestiniennes des camps de r\u00e9fugi\u00e9s en Cisjordanie occup\u00e9e, \u00e0 Gaza, en Jordanie, au Liban et m\u00eame dans le monde entier. Les pays arabes ont d\u00e9j\u00e0 accueilli de nombreux\u00a0r\u00e9fugi\u00e9s palestiniens, ce qui entra\u00eene d&rsquo;importantes pressions \u00e9conomiques.<\/span><\/span><\/span><\/p>\n<p><span style=\"color: #000000;\"><span style=\"font-family: Tahoma, sans-serif;\"><span style=\"font-size: medium;\">L&rsquo;\u00e9minent \u00e9rudit juif\u00a0<a href=\"https:\/\/www.jadaliyya.com\/Details\/34642\">Avi Shlaim<\/a>\u00a0a dit un jour\u00a0: \u00ab\u00a0L&rsquo;antis\u00e9mitisme\u00a0n&rsquo;est pas un ph\u00e9nom\u00e8ne arabe, l&rsquo;antis\u00e9mitisme est un ph\u00e9nom\u00e8ne europ\u00e9en. Le sionisme n&rsquo;est pas un ph\u00e9nom\u00e8ne oriental, c&rsquo;est un ph\u00e9nom\u00e8ne europ\u00e9en ; c&rsquo;est une solution au probl\u00e8me des Juifs en Europe [apr\u00e8s l&rsquo;Holocauste] \u00bb. Pourtant, \u00e0 travers la cr\u00e9ation d&rsquo;Isra\u00ebl, les Europ\u00e9ens ont aussi cr\u00e9\u00e9 ce qu&rsquo;on appelle aujourd&rsquo;hui le \u00ab probl\u00e8me palestinien \u00bb. Ironiquement, les Kahanistes au pouvoir veulent exporter ce probl\u00e8me\u00a0en Europe.<\/span><\/span><\/span><\/p>\n<p><span style=\"color: #000000;\"><span style=\"font-family: Tahoma, sans-serif;\"><span style=\"font-size: medium;\">Les pays europ\u00e9ens ne peuvent pas accepter de tels plans, en particulier au milieu de la mont\u00e9e d&rsquo;hommes politiques d&rsquo;extr\u00eame droite anti-immigration. Au contraire, la seule solution viable est de donner aux Palestiniens qui r\u00eavent encore de leur patrie le droit d&rsquo;y revenir.<\/span><\/span><\/span><\/p>\n<pre><span style=\"color: #000000;\"><span style=\"font-family: Tahoma, sans-serif;\"><span style=\"font-size: medium;\">Article original en anglais sur <a href=\"https:\/\/www.middleeasteye.net\/opinion\/israel-palestine-far-right-government-demographic-problem-tackle-how\">Middle East Eye<\/a> \/ Traduction MR<\/span><\/span><\/span><\/pre>\n<p><span style=\"color: #201f1e;\"><span style=\"font-family: Vrinda, serif;\"><span style=\"font-size: medium;\">[writers slug=feras-abu-helal]<\/span><\/span><\/span><\/p>\n","protected":false},"excerpt":{"rendered":"<p>Feras Abu Helal, 6 janvier 2023. Le mois dernier, le Premier ministre Benjamin Netanyahu a install\u00e9 le gouvernement le plus extr\u00e9miste qu&rsquo;Isra\u00ebl ait jamais connu. Il comprend deux ultra-nationalistes,\u00a0Itamar Ben-Gvir\u00a0du <a class=\"more-link\" href=\"https:\/\/ismfrance.org\/index.php\/2023\/01\/09\/israel-palestine-comment-le-gouvernement-dextreme-droite-sattaquera-t-il-au-probleme-demographique\/\">Lire la suite &rarr;<\/a><\/p>\n","protected":false},"author":3,"featured_media":4477,"comment_status":"closed","ping_status":"closed","sticky":false,"template":"","format":"standard","meta":{"footnotes":""},"categories":[12,2],"tags":[146],"class_list":["post-4473","post","type-post","status-publish","format-standard","has-post-thumbnail","hentry","category-analyses","category-articles","tag-demographie"],"yoast_head":"<!-- This site is optimized with the Yoast SEO plugin v27.2 - https:\/\/yoast.com\/product\/yoast-seo-wordpress\/ -->\n<title>Isra\u00ebl-Palestine : comment le gouvernement d&#039;extr\u00eame droite s&#039;attaquera-t-il au \u00ab probl\u00e8me d\u00e9mographique \u00bb ? - International Solidarity Movement - ISM-France<\/title>\n<meta name=\"robots\" content=\"index, follow, max-snippet:-1, max-image-preview:large, max-video-preview:-1\" \/>\n<link rel=\"canonical\" href=\"https:\/\/ismfrance.org\/index.php\/2023\/01\/09\/israel-palestine-comment-le-gouvernement-dextreme-droite-sattaquera-t-il-au-probleme-demographique\/\" \/>\n<meta property=\"og:locale\" content=\"fr_FR\" \/>\n<meta property=\"og:type\" content=\"article\" \/>\n<meta property=\"og:title\" content=\"Isra\u00ebl-Palestine : comment le gouvernement d&#039;extr\u00eame droite s&#039;attaquera-t-il au \u00ab probl\u00e8me d\u00e9mographique \u00bb ? - International Solidarity Movement - ISM-France\" \/>\n<meta property=\"og:description\" content=\"Feras Abu Helal, 6 janvier 2023. Le mois dernier, le Premier ministre Benjamin Netanyahu a install\u00e9 le gouvernement le plus extr\u00e9miste qu&rsquo;Isra\u00ebl ait jamais connu. Il comprend deux ultra-nationalistes,\u00a0Itamar Ben-Gvir\u00a0du Lire la suite &rarr;\" \/>\n<meta property=\"og:url\" content=\"https:\/\/ismfrance.org\/index.php\/2023\/01\/09\/israel-palestine-comment-le-gouvernement-dextreme-droite-sattaquera-t-il-au-probleme-demographique\/\" \/>\n<meta property=\"og:site_name\" content=\"International Solidarity Movement - ISM-France\" \/>\n<meta property=\"article:published_time\" content=\"2023-01-09T08:11:41+00:00\" \/>\n<meta property=\"article:modified_time\" content=\"2023-01-12T09:04:33+00:00\" \/>\n<meta property=\"og:image\" content=\"https:\/\/ismfrance.org\/wp-content\/uploads\/2023\/01\/latuff.jpg\" \/>\n\t<meta property=\"og:image:width\" content=\"1080\" \/>\n\t<meta property=\"og:image:height\" content=\"660\" \/>\n\t<meta property=\"og:image:type\" content=\"image\/jpeg\" \/>\n<meta name=\"author\" content=\"mru_01\" \/>\n<meta name=\"twitter:card\" content=\"summary_large_image\" \/>\n<meta name=\"twitter:creator\" content=\"@ISMFRANCE\" \/>\n<meta name=\"twitter:site\" content=\"@ISMFRANCE\" \/>\n<meta name=\"twitter:label1\" content=\"\u00c9crit par\" \/>\n\t<meta name=\"twitter:data1\" content=\"mru_01\" \/>\n\t<meta name=\"twitter:label2\" content=\"Dur\u00e9e de lecture estim\u00e9e\" \/>\n\t<meta name=\"twitter:data2\" content=\"5 minutes\" \/>\n<script type=\"application\/ld+json\" class=\"yoast-schema-graph\">{\"@context\":\"https:\/\/schema.org\",\"@graph\":[{\"@type\":\"Article\",\"@id\":\"https:\/\/ismfrance.org\/index.php\/2023\/01\/09\/israel-palestine-comment-le-gouvernement-dextreme-droite-sattaquera-t-il-au-probleme-demographique\/#article\",\"isPartOf\":{\"@id\":\"https:\/\/ismfrance.org\/index.php\/2023\/01\/09\/israel-palestine-comment-le-gouvernement-dextreme-droite-sattaquera-t-il-au-probleme-demographique\/\"},\"author\":{\"name\":\"mru_01\",\"@id\":\"https:\/\/ismfrance.org\/#\/schema\/person\/3c411eb72adfaae19c0dca1f41fae01d\"},\"headline\":\"Isra\u00ebl-Palestine : comment le gouvernement d&rsquo;extr\u00eame droite s&rsquo;attaquera-t-il au \u00ab probl\u00e8me d\u00e9mographique \u00bb ?\",\"datePublished\":\"2023-01-09T08:11:41+00:00\",\"dateModified\":\"2023-01-12T09:04:33+00:00\",\"mainEntityOfPage\":{\"@id\":\"https:\/\/ismfrance.org\/index.php\/2023\/01\/09\/israel-palestine-comment-le-gouvernement-dextreme-droite-sattaquera-t-il-au-probleme-demographique\/\"},\"wordCount\":974,\"publisher\":{\"@id\":\"https:\/\/ismfrance.org\/#organization\"},\"image\":{\"@id\":\"https:\/\/ismfrance.org\/index.php\/2023\/01\/09\/israel-palestine-comment-le-gouvernement-dextreme-droite-sattaquera-t-il-au-probleme-demographique\/#primaryimage\"},\"thumbnailUrl\":\"https:\/\/ismfrance.org\/wp-content\/uploads\/2023\/01\/latuff.jpg\",\"keywords\":[\"D\u00e9mographie\"],\"articleSection\":[\"Analyses\",\"Articles\"],\"inLanguage\":\"fr-FR\"},{\"@type\":\"WebPage\",\"@id\":\"https:\/\/ismfrance.org\/index.php\/2023\/01\/09\/israel-palestine-comment-le-gouvernement-dextreme-droite-sattaquera-t-il-au-probleme-demographique\/\",\"url\":\"https:\/\/ismfrance.org\/index.php\/2023\/01\/09\/israel-palestine-comment-le-gouvernement-dextreme-droite-sattaquera-t-il-au-probleme-demographique\/\",\"name\":\"Isra\u00ebl-Palestine : comment le gouvernement d'extr\u00eame droite s'attaquera-t-il au \u00ab probl\u00e8me d\u00e9mographique \u00bb ? - International Solidarity Movement - ISM-France\",\"isPartOf\":{\"@id\":\"https:\/\/ismfrance.org\/#website\"},\"primaryImageOfPage\":{\"@id\":\"https:\/\/ismfrance.org\/index.php\/2023\/01\/09\/israel-palestine-comment-le-gouvernement-dextreme-droite-sattaquera-t-il-au-probleme-demographique\/#primaryimage\"},\"image\":{\"@id\":\"https:\/\/ismfrance.org\/index.php\/2023\/01\/09\/israel-palestine-comment-le-gouvernement-dextreme-droite-sattaquera-t-il-au-probleme-demographique\/#primaryimage\"},\"thumbnailUrl\":\"https:\/\/ismfrance.org\/wp-content\/uploads\/2023\/01\/latuff.jpg\",\"datePublished\":\"2023-01-09T08:11:41+00:00\",\"dateModified\":\"2023-01-12T09:04:33+00:00\",\"breadcrumb\":{\"@id\":\"https:\/\/ismfrance.org\/index.php\/2023\/01\/09\/israel-palestine-comment-le-gouvernement-dextreme-droite-sattaquera-t-il-au-probleme-demographique\/#breadcrumb\"},\"inLanguage\":\"fr-FR\",\"potentialAction\":[{\"@type\":\"ReadAction\",\"target\":[\"https:\/\/ismfrance.org\/index.php\/2023\/01\/09\/israel-palestine-comment-le-gouvernement-dextreme-droite-sattaquera-t-il-au-probleme-demographique\/\"]}]},{\"@type\":\"ImageObject\",\"inLanguage\":\"fr-FR\",\"@id\":\"https:\/\/ismfrance.org\/index.php\/2023\/01\/09\/israel-palestine-comment-le-gouvernement-dextreme-droite-sattaquera-t-il-au-probleme-demographique\/#primaryimage\",\"url\":\"https:\/\/ismfrance.org\/wp-content\/uploads\/2023\/01\/latuff.jpg\",\"contentUrl\":\"https:\/\/ismfrance.org\/wp-content\/uploads\/2023\/01\/latuff.jpg\",\"width\":1080,\"height\":660},{\"@type\":\"BreadcrumbList\",\"@id\":\"https:\/\/ismfrance.org\/index.php\/2023\/01\/09\/israel-palestine-comment-le-gouvernement-dextreme-droite-sattaquera-t-il-au-probleme-demographique\/#breadcrumb\",\"itemListElement\":[{\"@type\":\"ListItem\",\"position\":1,\"name\":\"Accueil\",\"item\":\"https:\/\/ismfrance.org\/\"},{\"@type\":\"ListItem\",\"position\":2,\"name\":\"Isra\u00ebl-Palestine : comment le gouvernement d&#8217;extr\u00eame droite s&#8217;attaquera-t-il au \u00ab probl\u00e8me d\u00e9mographique \u00bb ?\"}]},{\"@type\":\"WebSite\",\"@id\":\"https:\/\/ismfrance.org\/#website\",\"url\":\"https:\/\/ismfrance.org\/\",\"name\":\"ISM Palestine France\",\"description\":\"Soutien aux luttes de lib\u00e9ration du peuple palestinien\",\"publisher\":{\"@id\":\"https:\/\/ismfrance.org\/#organization\"},\"potentialAction\":[{\"@type\":\"SearchAction\",\"target\":{\"@type\":\"EntryPoint\",\"urlTemplate\":\"https:\/\/ismfrance.org\/?s={search_term_string}\"},\"query-input\":{\"@type\":\"PropertyValueSpecification\",\"valueRequired\":true,\"valueName\":\"search_term_string\"}}],\"inLanguage\":\"fr-FR\"},{\"@type\":\"Organization\",\"@id\":\"https:\/\/ismfrance.org\/#organization\",\"name\":\"International Solidarity Movement\",\"url\":\"https:\/\/ismfrance.org\/\",\"logo\":{\"@type\":\"ImageObject\",\"inLanguage\":\"fr-FR\",\"@id\":\"https:\/\/ismfrance.org\/#\/schema\/logo\/image\/\",\"url\":\"https:\/\/ismfrance.org\/wp-content\/uploads\/2020\/12\/00.png\",\"contentUrl\":\"https:\/\/ismfrance.org\/wp-content\/uploads\/2020\/12\/00.png\",\"width\":400,\"height\":400,\"caption\":\"International Solidarity Movement\"},\"image\":{\"@id\":\"https:\/\/ismfrance.org\/#\/schema\/logo\/image\/\"},\"sameAs\":[\"https:\/\/x.com\/ISMFRANCE\"]},{\"@type\":\"Person\",\"@id\":\"https:\/\/ismfrance.org\/#\/schema\/person\/3c411eb72adfaae19c0dca1f41fae01d\",\"name\":\"mru_01\",\"image\":{\"@type\":\"ImageObject\",\"inLanguage\":\"fr-FR\",\"@id\":\"https:\/\/secure.gravatar.com\/avatar\/3a0be343b445d2ccc79e87444a294fad2b232e90d2051d0e3cc219e1ecd6a330?s=96&d=mm&r=g\",\"url\":\"https:\/\/secure.gravatar.com\/avatar\/3a0be343b445d2ccc79e87444a294fad2b232e90d2051d0e3cc219e1ecd6a330?s=96&d=mm&r=g\",\"contentUrl\":\"https:\/\/secure.gravatar.com\/avatar\/3a0be343b445d2ccc79e87444a294fad2b232e90d2051d0e3cc219e1ecd6a330?s=96&d=mm&r=g\",\"caption\":\"mru_01\"},\"url\":\"https:\/\/ismfrance.org\/index.php\/author\/admin02\/\"}]}<\/script>\n<!-- \/ Yoast SEO plugin. -->","yoast_head_json":{"title":"Isra\u00ebl-Palestine : comment le gouvernement d'extr\u00eame droite s'attaquera-t-il au \u00ab probl\u00e8me d\u00e9mographique \u00bb ? - International Solidarity Movement - ISM-France","robots":{"index":"index","follow":"follow","max-snippet":"max-snippet:-1","max-image-preview":"max-image-preview:large","max-video-preview":"max-video-preview:-1"},"canonical":"https:\/\/ismfrance.org\/index.php\/2023\/01\/09\/israel-palestine-comment-le-gouvernement-dextreme-droite-sattaquera-t-il-au-probleme-demographique\/","og_locale":"fr_FR","og_type":"article","og_title":"Isra\u00ebl-Palestine : comment le gouvernement d'extr\u00eame droite s'attaquera-t-il au \u00ab probl\u00e8me d\u00e9mographique \u00bb ? - International Solidarity Movement - ISM-France","og_description":"Feras Abu Helal, 6 janvier 2023. Le mois dernier, le Premier ministre Benjamin Netanyahu a install\u00e9 le gouvernement le plus extr\u00e9miste qu&rsquo;Isra\u00ebl ait jamais connu. Il comprend deux ultra-nationalistes,\u00a0Itamar Ben-Gvir\u00a0du Lire la suite &rarr;","og_url":"https:\/\/ismfrance.org\/index.php\/2023\/01\/09\/israel-palestine-comment-le-gouvernement-dextreme-droite-sattaquera-t-il-au-probleme-demographique\/","og_site_name":"International Solidarity Movement - ISM-France","article_published_time":"2023-01-09T08:11:41+00:00","article_modified_time":"2023-01-12T09:04:33+00:00","og_image":[{"width":1080,"height":660,"url":"https:\/\/ismfrance.org\/wp-content\/uploads\/2023\/01\/latuff.jpg","type":"image\/jpeg"}],"author":"mru_01","twitter_card":"summary_large_image","twitter_creator":"@ISMFRANCE","twitter_site":"@ISMFRANCE","twitter_misc":{"\u00c9crit par":"mru_01","Dur\u00e9e de lecture estim\u00e9e":"5 minutes"},"schema":{"@context":"https:\/\/schema.org","@graph":[{"@type":"Article","@id":"https:\/\/ismfrance.org\/index.php\/2023\/01\/09\/israel-palestine-comment-le-gouvernement-dextreme-droite-sattaquera-t-il-au-probleme-demographique\/#article","isPartOf":{"@id":"https:\/\/ismfrance.org\/index.php\/2023\/01\/09\/israel-palestine-comment-le-gouvernement-dextreme-droite-sattaquera-t-il-au-probleme-demographique\/"},"author":{"name":"mru_01","@id":"https:\/\/ismfrance.org\/#\/schema\/person\/3c411eb72adfaae19c0dca1f41fae01d"},"headline":"Isra\u00ebl-Palestine : comment le gouvernement d&rsquo;extr\u00eame droite s&rsquo;attaquera-t-il au \u00ab probl\u00e8me d\u00e9mographique \u00bb ?","datePublished":"2023-01-09T08:11:41+00:00","dateModified":"2023-01-12T09:04:33+00:00","mainEntityOfPage":{"@id":"https:\/\/ismfrance.org\/index.php\/2023\/01\/09\/israel-palestine-comment-le-gouvernement-dextreme-droite-sattaquera-t-il-au-probleme-demographique\/"},"wordCount":974,"publisher":{"@id":"https:\/\/ismfrance.org\/#organization"},"image":{"@id":"https:\/\/ismfrance.org\/index.php\/2023\/01\/09\/israel-palestine-comment-le-gouvernement-dextreme-droite-sattaquera-t-il-au-probleme-demographique\/#primaryimage"},"thumbnailUrl":"https:\/\/ismfrance.org\/wp-content\/uploads\/2023\/01\/latuff.jpg","keywords":["D\u00e9mographie"],"articleSection":["Analyses","Articles"],"inLanguage":"fr-FR"},{"@type":"WebPage","@id":"https:\/\/ismfrance.org\/index.php\/2023\/01\/09\/israel-palestine-comment-le-gouvernement-dextreme-droite-sattaquera-t-il-au-probleme-demographique\/","url":"https:\/\/ismfrance.org\/index.php\/2023\/01\/09\/israel-palestine-comment-le-gouvernement-dextreme-droite-sattaquera-t-il-au-probleme-demographique\/","name":"Isra\u00ebl-Palestine : comment le gouvernement d'extr\u00eame droite s'attaquera-t-il au \u00ab probl\u00e8me d\u00e9mographique \u00bb ? - International Solidarity Movement - ISM-France","isPartOf":{"@id":"https:\/\/ismfrance.org\/#website"},"primaryImageOfPage":{"@id":"https:\/\/ismfrance.org\/index.php\/2023\/01\/09\/israel-palestine-comment-le-gouvernement-dextreme-droite-sattaquera-t-il-au-probleme-demographique\/#primaryimage"},"image":{"@id":"https:\/\/ismfrance.org\/index.php\/2023\/01\/09\/israel-palestine-comment-le-gouvernement-dextreme-droite-sattaquera-t-il-au-probleme-demographique\/#primaryimage"},"thumbnailUrl":"https:\/\/ismfrance.org\/wp-content\/uploads\/2023\/01\/latuff.jpg","datePublished":"2023-01-09T08:11:41+00:00","dateModified":"2023-01-12T09:04:33+00:00","breadcrumb":{"@id":"https:\/\/ismfrance.org\/index.php\/2023\/01\/09\/israel-palestine-comment-le-gouvernement-dextreme-droite-sattaquera-t-il-au-probleme-demographique\/#breadcrumb"},"inLanguage":"fr-FR","potentialAction":[{"@type":"ReadAction","target":["https:\/\/ismfrance.org\/index.php\/2023\/01\/09\/israel-palestine-comment-le-gouvernement-dextreme-droite-sattaquera-t-il-au-probleme-demographique\/"]}]},{"@type":"ImageObject","inLanguage":"fr-FR","@id":"https:\/\/ismfrance.org\/index.php\/2023\/01\/09\/israel-palestine-comment-le-gouvernement-dextreme-droite-sattaquera-t-il-au-probleme-demographique\/#primaryimage","url":"https:\/\/ismfrance.org\/wp-content\/uploads\/2023\/01\/latuff.jpg","contentUrl":"https:\/\/ismfrance.org\/wp-content\/uploads\/2023\/01\/latuff.jpg","width":1080,"height":660},{"@type":"BreadcrumbList","@id":"https:\/\/ismfrance.org\/index.php\/2023\/01\/09\/israel-palestine-comment-le-gouvernement-dextreme-droite-sattaquera-t-il-au-probleme-demographique\/#breadcrumb","itemListElement":[{"@type":"ListItem","position":1,"name":"Accueil","item":"https:\/\/ismfrance.org\/"},{"@type":"ListItem","position":2,"name":"Isra\u00ebl-Palestine : comment le gouvernement d&#8217;extr\u00eame droite s&#8217;attaquera-t-il au \u00ab probl\u00e8me d\u00e9mographique \u00bb ?"}]},{"@type":"WebSite","@id":"https:\/\/ismfrance.org\/#website","url":"https:\/\/ismfrance.org\/","name":"ISM Palestine France","description":"Soutien aux luttes de lib\u00e9ration du peuple palestinien","publisher":{"@id":"https:\/\/ismfrance.org\/#organization"},"potentialAction":[{"@type":"SearchAction","target":{"@type":"EntryPoint","urlTemplate":"https:\/\/ismfrance.org\/?s={search_term_string}"},"query-input":{"@type":"PropertyValueSpecification","valueRequired":true,"valueName":"search_term_string"}}],"inLanguage":"fr-FR"},{"@type":"Organization","@id":"https:\/\/ismfrance.org\/#organization","name":"International Solidarity Movement","url":"https:\/\/ismfrance.org\/","logo":{"@type":"ImageObject","inLanguage":"fr-FR","@id":"https:\/\/ismfrance.org\/#\/schema\/logo\/image\/","url":"https:\/\/ismfrance.org\/wp-content\/uploads\/2020\/12\/00.png","contentUrl":"https:\/\/ismfrance.org\/wp-content\/uploads\/2020\/12\/00.png","width":400,"height":400,"caption":"International Solidarity Movement"},"image":{"@id":"https:\/\/ismfrance.org\/#\/schema\/logo\/image\/"},"sameAs":["https:\/\/x.com\/ISMFRANCE"]},{"@type":"Person","@id":"https:\/\/ismfrance.org\/#\/schema\/person\/3c411eb72adfaae19c0dca1f41fae01d","name":"mru_01","image":{"@type":"ImageObject","inLanguage":"fr-FR","@id":"https:\/\/secure.gravatar.com\/avatar\/3a0be343b445d2ccc79e87444a294fad2b232e90d2051d0e3cc219e1ecd6a330?s=96&d=mm&r=g","url":"https:\/\/secure.gravatar.com\/avatar\/3a0be343b445d2ccc79e87444a294fad2b232e90d2051d0e3cc219e1ecd6a330?s=96&d=mm&r=g","contentUrl":"https:\/\/secure.gravatar.com\/avatar\/3a0be343b445d2ccc79e87444a294fad2b232e90d2051d0e3cc219e1ecd6a330?s=96&d=mm&r=g","caption":"mru_01"},"url":"https:\/\/ismfrance.org\/index.php\/author\/admin02\/"}]}},"_links":{"self":[{"href":"https:\/\/ismfrance.org\/index.php\/wp-json\/wp\/v2\/posts\/4473","targetHints":{"allow":["GET"]}}],"collection":[{"href":"https:\/\/ismfrance.org\/index.php\/wp-json\/wp\/v2\/posts"}],"about":[{"href":"https:\/\/ismfrance.org\/index.php\/wp-json\/wp\/v2\/types\/post"}],"author":[{"embeddable":true,"href":"https:\/\/ismfrance.org\/index.php\/wp-json\/wp\/v2\/users\/3"}],"replies":[{"embeddable":true,"href":"https:\/\/ismfrance.org\/index.php\/wp-json\/wp\/v2\/comments?post=4473"}],"version-history":[{"count":0,"href":"https:\/\/ismfrance.org\/index.php\/wp-json\/wp\/v2\/posts\/4473\/revisions"}],"wp:featuredmedia":[{"embeddable":true,"href":"https:\/\/ismfrance.org\/index.php\/wp-json\/wp\/v2\/media\/4477"}],"wp:attachment":[{"href":"https:\/\/ismfrance.org\/index.php\/wp-json\/wp\/v2\/media?parent=4473"}],"wp:term":[{"taxonomy":"category","embeddable":true,"href":"https:\/\/ismfrance.org\/index.php\/wp-json\/wp\/v2\/categories?post=4473"},{"taxonomy":"post_tag","embeddable":true,"href":"https:\/\/ismfrance.org\/index.php\/wp-json\/wp\/v2\/tags?post=4473"}],"curies":[{"name":"wp","href":"https:\/\/api.w.org\/{rel}","templated":true}]}}