{"id":4233,"date":"2022-12-14T10:00:04","date_gmt":"2022-12-14T09:00:04","guid":{"rendered":"https:\/\/ismfrance.org\/?p=4233"},"modified":"2022-12-14T10:00:04","modified_gmt":"2022-12-14T09:00:04","slug":"comment-israel-cible-la-societe-palestinienne-par-la-separation-des-familles","status":"publish","type":"post","link":"https:\/\/ismfrance.org\/index.php\/2022\/12\/14\/comment-israel-cible-la-societe-palestinienne-par-la-separation-des-familles\/","title":{"rendered":"Comment Isra\u00ebl cible la soci\u00e9t\u00e9 palestinienne par la s\u00e9paration des familles"},"content":{"rendered":"<p><span style=\"font-family: Verdana, sans-serif;\"><span style=\"font-size: medium;\"><b>Wafa Aludaini, 13 d\u00e9cembre 2022. <\/b>L&rsquo;\u00c9tat d&rsquo;occupation isra\u00e9lien fait tout son possible pour perturber et briser le tissu social des communaut\u00e9s palestiniennes, ce qui entra\u00eene des probl\u00e8mes domestiques. Il a mis en \u0153uvre diverses proc\u00e9dures pour limiter la capacit\u00e9 des familles palestiniennes s\u00e9par\u00e9es \u00e0 se r\u00e9unir. Malgr\u00e9 cela, Isra\u00ebl ne parvient pas \u00e0 briser l&rsquo;esprit des Palestiniens in\u00e9branlables d\u00e9termin\u00e9s \u00e0 d\u00e9fendre leurs droits inali\u00e9nables.<\/span><\/span><\/p>\n<div id=\"attachment_4234\" style=\"width: 650px\" class=\"wp-caption aligncenter\"><a href=\"https:\/\/ismfrance.org\/wp-content\/uploads\/2022\/12\/reunification.jpg\"><img loading=\"lazy\" decoding=\"async\" aria-describedby=\"caption-attachment-4234\" class=\"size-full wp-image-4234\" src=\"https:\/\/ismfrance.org\/wp-content\/uploads\/2022\/12\/reunification.jpg\" alt=\"\" width=\"640\" height=\"400\" srcset=\"https:\/\/ismfrance.org\/wp-content\/uploads\/2022\/12\/reunification.jpg 640w, https:\/\/ismfrance.org\/wp-content\/uploads\/2022\/12\/reunification-300x188.jpg 300w\" sizes=\"auto, (max-width: 640px) 100vw, 640px\" \/><\/a><p id=\"caption-attachment-4234\" class=\"wp-caption-text\">Manifestation contre la \u00ab\u00a0loi sur la citoyennet\u00e9\u00a0\u00bb, qui interdit l&rsquo;unification des familles palestiniennes, devant la Knesset, le 29 juin 2021. (Yonatan Sindel\/Flash90)<\/p><\/div>\n<p><span style=\"font-family: Verdana, sans-serif;\"><span style=\"font-size: medium;\">L&rsquo;\u00c9tat d&rsquo;occupation s&rsquo;immisce souvent dans la vie des conjoints des personnes qu&rsquo;il prend pour cible pour une raison ou une autre. Forcer les couples \u00e0 divorcer est une violation courante du droit international. Pourtant, malgr\u00e9 la gravit\u00e9 d&rsquo;une telle mesure et ses effets sur la soci\u00e9t\u00e9 palestinienne, les m\u00e9dias n&rsquo;en parlent que rarement, voire jamais.<\/span><\/span><\/p>\n<p><span style=\"font-family: Verdana, sans-serif;\"><span style=\"font-size: medium;\">L&rsquo;ancien prisonnier palestinien Shu&rsquo;aib Abu Snaineh a \u00e9t\u00e9 contraint par les autorit\u00e9s d&rsquo;occupation isra\u00e9liennes \u00e0 divorcer de sa femme afin qu&rsquo;elle puisse profiter de sa vie \u00e0 J\u00e9rusalem occup\u00e9e sans \u00eatre harcel\u00e9e en permanence. Abu Snaineh, 55 ans, a \u00e9t\u00e9 lib\u00e9r\u00e9 de prison et bien qu&rsquo;il soit originaire de J\u00e9rusalem occup\u00e9e, il a \u00e9t\u00e9 \u00ab\u00a0d\u00e9port\u00e9\u00a0\u00bb dans la bande de Gaza. On a emp\u00each\u00e9 sa femme de le rejoindre l\u00e0-bas. L&rsquo;\u00c9tat d&rsquo;occupation, dit-il, a fait de sa vie un \u00ab\u00a0enfer\u00a0\u00bb depuis sa lib\u00e9ration.<\/span><\/span><\/p>\n<p><span style=\"font-family: Verdana, sans-serif;\"><span style=\"font-size: medium;\">\u00ab\u00a0Ma femme n&rsquo;a pas \u00e9t\u00e9 autoris\u00e9e \u00e0 rester plus de trois mois avec moi \u00e0 Gaza, car si elle restait plus longtemps, elle perdrait ses droits de citoyenne de J\u00e9rusalem\u00a0\u00bb, explique-t-il. Chaque fois qu&rsquo;elle est rentr\u00e9e de Gaza \u00e0 J\u00e9rusalem, elle a d\u00fb faire face \u00e0 des trajets humiliants et difficiles \u00e0 travers les postes de contr\u00f4le isra\u00e9liens. Lorsqu&rsquo;elle a accouch\u00e9 dans un h\u00f4pital de J\u00e9rusalem, les autorit\u00e9s isra\u00e9liennes ont refus\u00e9 de d\u00e9livrer un certificat de naissance pour son petit gar\u00e7on. La famille a d\u00fb passer 13 mois dans une action en justice co\u00fbteuse avant qu&rsquo;un certificat ne soit d\u00e9livr\u00e9.<\/span><\/span><\/p>\n<p><span style=\"font-family: Verdana, sans-serif;\"><span style=\"font-size: medium;\">Les autorit\u00e9s d&rsquo;occupation isra\u00e9liennes sont all\u00e9es jusqu&rsquo;\u00e0 emp\u00eacher la famille d&rsquo;Abu Snaineh de lui rendre visite. Elles ont fini par dire \u00e0 sa femme qu&rsquo;elles ne traiteraient pas avec elle et ses enfants en tant que citoyens ayant le droit de vivre \u00e0 J\u00e9rusalem tant qu&rsquo;elle resterait mari\u00e9e \u00e0 Abu Snaineh.<\/span><\/span><\/p>\n<p><span style=\"font-family: Verdana, sans-serif;\"><span style=\"font-size: medium;\">\u00ab\u00a0J&rsquo;ai divorc\u00e9 de ma femme parce que je l&rsquo;aime et que je veux que ma famille profite de sa vie\u00a0\u00bb, a d\u00e9clar\u00e9 Abu Snaineh, \u00ab\u00a0mais je sais que l&rsquo;occupation ne les laissera jamais tranquilles tant que tous les Palestiniens n&rsquo;auront pas \u00e9t\u00e9 expuls\u00e9s de J\u00e9rusalem.\u00a0\u00bb La d\u00e9cision a caus\u00e9 beaucoup de chagrin \u00e0 toute la famille. \u00ab\u00a0C&rsquo;\u00e9tait une d\u00e9cision tr\u00e8s dure, tr\u00e8s difficile, mais je n&rsquo;avais pas le choix. Mais quoi qu&rsquo;Isra\u00ebl brise ou d\u00e9truise, cela ne tuera jamais l&rsquo;amour dans nos c\u0153urs et l&rsquo;attachement \u00e0 notre patrie.\u00a0\u00bb<\/span><\/span><\/p>\n<p><span style=\"font-family: Verdana, sans-serif;\"><span style=\"font-size: medium;\">L&rsquo;histoire d&rsquo;Abu Snaineh n&rsquo;est pas unique. Un autre ancien prisonnier de Gaza, Hasan Nattat, et sa femme originaire de Cisjordanie ont v\u00e9cu une situation tout aussi difficile en 2016 et elle n&rsquo;a pas \u00e9t\u00e9 relat\u00e9e \u00e0 l&rsquo;\u00e9poque. Lorsque l&rsquo;\u00e9pouse de Nattat est all\u00e9e rendre visite \u00e0 sa famille en 2009, les autorit\u00e9s isra\u00e9liennes l&rsquo;ont emp\u00each\u00e9e de revenir \u00e0 Gaza. Toutes les tentatives pour la faire revenir ont \u00e9chou\u00e9. On lui a alors diagnostiqu\u00e9 un cancer et lui a \u00e9tait d\u00e9tenu par Isra\u00ebl. Ce fut le d\u00e9but d&rsquo;une p\u00e9riode particuli\u00e8rement difficile. \u00c0 chaque poste de contr\u00f4le isra\u00e9lien &#8211; il y en a plus de 600 rien qu&rsquo;en Cisjordanie occup\u00e9e &#8211; elle a \u00e9t\u00e9 soumise \u00e0 des interrogatoires humiliants par des soldats isra\u00e9liens. Lorsqu&rsquo;elle a cherch\u00e9 \u00e0 obtenir un traitement susceptible de lui sauver la vie dans un h\u00f4pital de J\u00e9rusalem, les autorit\u00e9s d&rsquo;occupation lui ont refus\u00e9 l&rsquo;autorisation, et ont insinu\u00e9 que divorcer de son mari lui permettrait d&rsquo;\u00eatre soign\u00e9e \u00e0 J\u00e9rusalem.<\/span><\/span><\/p>\n<p><span style=\"font-family: Verdana, sans-serif;\"><span style=\"font-size: medium;\">\u00ab\u00a0J&rsquo;\u00e9tais abasourdi, mais j&rsquo;ai divorc\u00e9 pour qu&rsquo;elle puisse se faire soigner et survivre\u00a0\u00bb, a d\u00e9clar\u00e9 Nattat. Cependant, le traitement n&rsquo;a pas aid\u00e9. \u00ab\u00a0Je n&rsquo;ai m\u00eame pas \u00e9t\u00e9 autoris\u00e9 \u00e0 la voir une derni\u00e8re fois avant sa mort\u00a0\u00bb. La douleur ne l&rsquo;a jamais quitt\u00e9. \u00ab\u00a0Chaque fois que je pense \u00e0 elle, je meurs mille fois int\u00e9rieurement. Les Isra\u00e9liens pensent qu&rsquo;ils peuvent nous disperser physiquement mais ils ne disperseront jamais la Palestine de nos c\u0153urs et de nos esprits.\u00a0\u00bb<\/span><\/span><\/p>\n<p><span style=\"font-family: Verdana, sans-serif;\"><span style=\"font-size: medium;\">En 2003, le gouvernement d&rsquo;occupation isra\u00e9lien a adopt\u00e9 la r\u00e9solution 1813 interdisant aux Palestiniens de Cisjordanie et de la bande de Gaza d&rsquo;obtenir un statut r\u00e9sidentiel dans l&rsquo;\u00c9tat sioniste ou \u00e0 J\u00e9rusalem-Est occup\u00e9e par le biais du mariage, emp\u00eachant ainsi les membres d&rsquo;une famille de vivre ensemble si l&rsquo;un des conjoints venait d&rsquo;ailleurs.<\/span><\/span><\/p>\n<p><span style=\"font-family: Verdana, sans-serif;\"><span style=\"font-size: medium;\">En fait, la s\u00e9paration des membres d&rsquo;une famille semble \u00eatre un stratag\u00e8me retors d&rsquo;Isra\u00ebl pour d\u00e9truire le tissu social des familles palestiniennes au-del\u00e0 de J\u00e9rusalem et de Gaza. Suzan Owaiwi est une ancienne d\u00e9tenue palestinienne d&rsquo;Al-Khalil (H\u00e9bron) et m\u00e8re de trois enfants. Les Isra\u00e9liens ont d\u00e9tenu son mari et lui ont demand\u00e9 de divorcer de sa femme et de l&#8217;emp\u00eacher de militer en politique ; elle \u00e9tait candidate aux \u00e9lections municipales de 2016.<\/span><\/span><\/p>\n<p><span style=\"font-family: Verdana, sans-serif;\"><span style=\"font-size: medium;\">\u00ab\u00a0Les Isra\u00e9liens m&rsquo;ont menac\u00e9e \u00e0 plusieurs reprises pour que je cesse mes activit\u00e9s politiques\u00a0\u00bb, a-t-elle d\u00e9clar\u00e9. \u00ab\u00a0Ensuite, ils ont d\u00e9tenu mon mari pour faire pression sur moi. Mon mari leur a dit que c&rsquo;\u00e9tait mon souhait de m&rsquo;engager politiquement et qu&rsquo;il ne pouvait pas m&rsquo;en emp\u00eacher.\u00a0\u00bb Elle raconte qu&rsquo;un fonctionnaire isra\u00e9lien a dit \u00e0 son mari : \u00ab\u00a0Comment peux-tu, en tant qu&rsquo;homme arabe musulman, laisser ta femme faire \u00e7a ? Tu devrais divorcer.\u00a0\u00bb Son mari a refus\u00e9 de le faire, et elle a remport\u00e9 l&rsquo;\u00e9lection. Apr\u00e8s un an \u00e0 son nouveau poste, elle a \u00e9t\u00e9 d\u00e9tenue par les Isra\u00e9liens pendant 12 mois. Elle a \u00e9t\u00e9 lib\u00e9r\u00e9e en 2019.<\/span><\/span><\/p>\n<p><span style=\"font-family: Verdana, sans-serif;\"><span style=\"font-size: medium;\">L&rsquo;interminable occupation isra\u00e9lienne de la Palestine est une sombre histoire de s\u00e9paration des membres d&rsquo;une famille par le r\u00e9gime. La s\u00e9paration physique a \u00e9t\u00e9 une fa\u00e7on de le faire ; tuer les conjoints en a \u00e9t\u00e9 une autre.<\/span><\/span><\/p>\n<p><span style=\"font-family: Verdana, sans-serif;\"><span style=\"font-size: medium;\">Le premier Premier ministre isra\u00e9lien, David Ben-Gourion, a d\u00e9clar\u00e9 \u00e0 propos des Palestiniens apr\u00e8s le nettoyage ethnique de la Nakba en 1948 : \u00ab\u00a0Les vieux mourront [et leur m\u00e9moire de ce qui s&rsquo;est pass\u00e9] et les jeunes oublieront\u00a0\u00bb. Isra\u00ebl a utilis\u00e9 ce concept dans sa strat\u00e9gie consistant \u00e0 \u00e9loigner les a\u00een\u00e9s des jeunes au sein des familles et de la soci\u00e9t\u00e9 palestiniennes. Il utilise la s\u00e9paration familiale comme une tactique cynique et cruelle pour tenter de d\u00e9chirer la soci\u00e9t\u00e9 palestinienne.<\/span><\/span><\/p>\n<p><em>Article original en anglais sur <a href=\"https:\/\/www.middleeastmonitor.com\/20221213-how-israel-targets-palestinian-society-through-family-separation\/\">Middle East Monitor<\/a> \/ Traduction MR<\/em><\/p>\n","protected":false},"excerpt":{"rendered":"<p>Wafa Aludaini, 13 d\u00e9cembre 2022. L&rsquo;\u00c9tat d&rsquo;occupation isra\u00e9lien fait tout son possible pour perturber et briser le tissu social des communaut\u00e9s palestiniennes, ce qui entra\u00eene des probl\u00e8mes domestiques. Il a <a class=\"more-link\" href=\"https:\/\/ismfrance.org\/index.php\/2022\/12\/14\/comment-israel-cible-la-societe-palestinienne-par-la-separation-des-familles\/\">Lire la suite &rarr;<\/a><\/p>\n","protected":false},"author":3,"featured_media":4234,"comment_status":"closed","ping_status":"closed","sticky":false,"template":"","format":"standard","meta":{"footnotes":""},"categories":[12,2],"tags":[45,74],"class_list":["post-4233","post","type-post","status-publish","format-standard","has-post-thumbnail","hentry","category-analyses","category-articles","tag-nettoyage-ethnique","tag-sionisme"],"yoast_head":"<!-- This site is optimized with the Yoast SEO plugin v27.2 - https:\/\/yoast.com\/product\/yoast-seo-wordpress\/ -->\n<title>Comment Isra\u00ebl cible la soci\u00e9t\u00e9 palestinienne par la s\u00e9paration des familles - International Solidarity Movement - ISM-France<\/title>\n<meta name=\"robots\" content=\"index, follow, max-snippet:-1, max-image-preview:large, max-video-preview:-1\" \/>\n<link rel=\"canonical\" href=\"https:\/\/ismfrance.org\/index.php\/2022\/12\/14\/comment-israel-cible-la-societe-palestinienne-par-la-separation-des-familles\/\" \/>\n<meta property=\"og:locale\" content=\"fr_FR\" \/>\n<meta property=\"og:type\" content=\"article\" \/>\n<meta property=\"og:title\" content=\"Comment Isra\u00ebl cible la soci\u00e9t\u00e9 palestinienne par la s\u00e9paration des familles - International Solidarity Movement - ISM-France\" \/>\n<meta property=\"og:description\" content=\"Wafa Aludaini, 13 d\u00e9cembre 2022. L&rsquo;\u00c9tat d&rsquo;occupation isra\u00e9lien fait tout son possible pour perturber et briser le tissu social des communaut\u00e9s palestiniennes, ce qui entra\u00eene des probl\u00e8mes domestiques. Il a Lire la suite &rarr;\" \/>\n<meta property=\"og:url\" content=\"https:\/\/ismfrance.org\/index.php\/2022\/12\/14\/comment-israel-cible-la-societe-palestinienne-par-la-separation-des-familles\/\" \/>\n<meta property=\"og:site_name\" content=\"International Solidarity Movement - ISM-France\" \/>\n<meta property=\"article:published_time\" content=\"2022-12-14T09:00:04+00:00\" \/>\n<meta property=\"og:image\" content=\"https:\/\/ismfrance.org\/wp-content\/uploads\/2022\/12\/reunification.jpg\" \/>\n\t<meta property=\"og:image:width\" content=\"640\" \/>\n\t<meta property=\"og:image:height\" content=\"400\" \/>\n\t<meta property=\"og:image:type\" content=\"image\/jpeg\" \/>\n<meta name=\"author\" content=\"mru_01\" \/>\n<meta name=\"twitter:card\" content=\"summary_large_image\" \/>\n<meta name=\"twitter:creator\" content=\"@ISMFRANCE\" \/>\n<meta name=\"twitter:site\" content=\"@ISMFRANCE\" \/>\n<meta name=\"twitter:label1\" content=\"\u00c9crit par\" \/>\n\t<meta name=\"twitter:data1\" content=\"mru_01\" \/>\n\t<meta name=\"twitter:label2\" content=\"Dur\u00e9e de lecture estim\u00e9e\" \/>\n\t<meta name=\"twitter:data2\" content=\"6 minutes\" \/>\n<script type=\"application\/ld+json\" class=\"yoast-schema-graph\">{\"@context\":\"https:\/\/schema.org\",\"@graph\":[{\"@type\":\"Article\",\"@id\":\"https:\/\/ismfrance.org\/index.php\/2022\/12\/14\/comment-israel-cible-la-societe-palestinienne-par-la-separation-des-familles\/#article\",\"isPartOf\":{\"@id\":\"https:\/\/ismfrance.org\/index.php\/2022\/12\/14\/comment-israel-cible-la-societe-palestinienne-par-la-separation-des-familles\/\"},\"author\":{\"name\":\"mru_01\",\"@id\":\"https:\/\/ismfrance.org\/#\/schema\/person\/3c411eb72adfaae19c0dca1f41fae01d\"},\"headline\":\"Comment Isra\u00ebl cible la soci\u00e9t\u00e9 palestinienne par la s\u00e9paration des familles\",\"datePublished\":\"2022-12-14T09:00:04+00:00\",\"mainEntityOfPage\":{\"@id\":\"https:\/\/ismfrance.org\/index.php\/2022\/12\/14\/comment-israel-cible-la-societe-palestinienne-par-la-separation-des-familles\/\"},\"wordCount\":1239,\"publisher\":{\"@id\":\"https:\/\/ismfrance.org\/#organization\"},\"image\":{\"@id\":\"https:\/\/ismfrance.org\/index.php\/2022\/12\/14\/comment-israel-cible-la-societe-palestinienne-par-la-separation-des-familles\/#primaryimage\"},\"thumbnailUrl\":\"https:\/\/ismfrance.org\/wp-content\/uploads\/2022\/12\/reunification.jpg\",\"keywords\":[\"nettoyage ethnique\",\"Sionisme\"],\"articleSection\":[\"Analyses\",\"Articles\"],\"inLanguage\":\"fr-FR\"},{\"@type\":\"WebPage\",\"@id\":\"https:\/\/ismfrance.org\/index.php\/2022\/12\/14\/comment-israel-cible-la-societe-palestinienne-par-la-separation-des-familles\/\",\"url\":\"https:\/\/ismfrance.org\/index.php\/2022\/12\/14\/comment-israel-cible-la-societe-palestinienne-par-la-separation-des-familles\/\",\"name\":\"Comment Isra\u00ebl cible la soci\u00e9t\u00e9 palestinienne par la s\u00e9paration des familles - International Solidarity Movement - ISM-France\",\"isPartOf\":{\"@id\":\"https:\/\/ismfrance.org\/#website\"},\"primaryImageOfPage\":{\"@id\":\"https:\/\/ismfrance.org\/index.php\/2022\/12\/14\/comment-israel-cible-la-societe-palestinienne-par-la-separation-des-familles\/#primaryimage\"},\"image\":{\"@id\":\"https:\/\/ismfrance.org\/index.php\/2022\/12\/14\/comment-israel-cible-la-societe-palestinienne-par-la-separation-des-familles\/#primaryimage\"},\"thumbnailUrl\":\"https:\/\/ismfrance.org\/wp-content\/uploads\/2022\/12\/reunification.jpg\",\"datePublished\":\"2022-12-14T09:00:04+00:00\",\"breadcrumb\":{\"@id\":\"https:\/\/ismfrance.org\/index.php\/2022\/12\/14\/comment-israel-cible-la-societe-palestinienne-par-la-separation-des-familles\/#breadcrumb\"},\"inLanguage\":\"fr-FR\",\"potentialAction\":[{\"@type\":\"ReadAction\",\"target\":[\"https:\/\/ismfrance.org\/index.php\/2022\/12\/14\/comment-israel-cible-la-societe-palestinienne-par-la-separation-des-familles\/\"]}]},{\"@type\":\"ImageObject\",\"inLanguage\":\"fr-FR\",\"@id\":\"https:\/\/ismfrance.org\/index.php\/2022\/12\/14\/comment-israel-cible-la-societe-palestinienne-par-la-separation-des-familles\/#primaryimage\",\"url\":\"https:\/\/ismfrance.org\/wp-content\/uploads\/2022\/12\/reunification.jpg\",\"contentUrl\":\"https:\/\/ismfrance.org\/wp-content\/uploads\/2022\/12\/reunification.jpg\",\"width\":640,\"height\":400,\"caption\":\"Manifestation contre la \\\"loi sur la citoyennet\u00e9\\\", qui interdit l'unification des familles palestiniennes, devant la Knesset, le 29 juin 2021. (Yonatan Sindel\/Flash90)\"},{\"@type\":\"BreadcrumbList\",\"@id\":\"https:\/\/ismfrance.org\/index.php\/2022\/12\/14\/comment-israel-cible-la-societe-palestinienne-par-la-separation-des-familles\/#breadcrumb\",\"itemListElement\":[{\"@type\":\"ListItem\",\"position\":1,\"name\":\"Accueil\",\"item\":\"https:\/\/ismfrance.org\/\"},{\"@type\":\"ListItem\",\"position\":2,\"name\":\"Comment Isra\u00ebl cible la soci\u00e9t\u00e9 palestinienne par la s\u00e9paration des familles\"}]},{\"@type\":\"WebSite\",\"@id\":\"https:\/\/ismfrance.org\/#website\",\"url\":\"https:\/\/ismfrance.org\/\",\"name\":\"ISM Palestine France\",\"description\":\"Soutien aux luttes de lib\u00e9ration du peuple palestinien\",\"publisher\":{\"@id\":\"https:\/\/ismfrance.org\/#organization\"},\"potentialAction\":[{\"@type\":\"SearchAction\",\"target\":{\"@type\":\"EntryPoint\",\"urlTemplate\":\"https:\/\/ismfrance.org\/?s={search_term_string}\"},\"query-input\":{\"@type\":\"PropertyValueSpecification\",\"valueRequired\":true,\"valueName\":\"search_term_string\"}}],\"inLanguage\":\"fr-FR\"},{\"@type\":\"Organization\",\"@id\":\"https:\/\/ismfrance.org\/#organization\",\"name\":\"International Solidarity Movement\",\"url\":\"https:\/\/ismfrance.org\/\",\"logo\":{\"@type\":\"ImageObject\",\"inLanguage\":\"fr-FR\",\"@id\":\"https:\/\/ismfrance.org\/#\/schema\/logo\/image\/\",\"url\":\"https:\/\/ismfrance.org\/wp-content\/uploads\/2020\/12\/00.png\",\"contentUrl\":\"https:\/\/ismfrance.org\/wp-content\/uploads\/2020\/12\/00.png\",\"width\":400,\"height\":400,\"caption\":\"International Solidarity Movement\"},\"image\":{\"@id\":\"https:\/\/ismfrance.org\/#\/schema\/logo\/image\/\"},\"sameAs\":[\"https:\/\/x.com\/ISMFRANCE\"]},{\"@type\":\"Person\",\"@id\":\"https:\/\/ismfrance.org\/#\/schema\/person\/3c411eb72adfaae19c0dca1f41fae01d\",\"name\":\"mru_01\",\"image\":{\"@type\":\"ImageObject\",\"inLanguage\":\"fr-FR\",\"@id\":\"https:\/\/secure.gravatar.com\/avatar\/3a0be343b445d2ccc79e87444a294fad2b232e90d2051d0e3cc219e1ecd6a330?s=96&d=mm&r=g\",\"url\":\"https:\/\/secure.gravatar.com\/avatar\/3a0be343b445d2ccc79e87444a294fad2b232e90d2051d0e3cc219e1ecd6a330?s=96&d=mm&r=g\",\"contentUrl\":\"https:\/\/secure.gravatar.com\/avatar\/3a0be343b445d2ccc79e87444a294fad2b232e90d2051d0e3cc219e1ecd6a330?s=96&d=mm&r=g\",\"caption\":\"mru_01\"},\"url\":\"https:\/\/ismfrance.org\/index.php\/author\/admin02\/\"}]}<\/script>\n<!-- \/ Yoast SEO plugin. -->","yoast_head_json":{"title":"Comment Isra\u00ebl cible la soci\u00e9t\u00e9 palestinienne par la s\u00e9paration des familles - International Solidarity Movement - ISM-France","robots":{"index":"index","follow":"follow","max-snippet":"max-snippet:-1","max-image-preview":"max-image-preview:large","max-video-preview":"max-video-preview:-1"},"canonical":"https:\/\/ismfrance.org\/index.php\/2022\/12\/14\/comment-israel-cible-la-societe-palestinienne-par-la-separation-des-familles\/","og_locale":"fr_FR","og_type":"article","og_title":"Comment Isra\u00ebl cible la soci\u00e9t\u00e9 palestinienne par la s\u00e9paration des familles - International Solidarity Movement - ISM-France","og_description":"Wafa Aludaini, 13 d\u00e9cembre 2022. L&rsquo;\u00c9tat d&rsquo;occupation isra\u00e9lien fait tout son possible pour perturber et briser le tissu social des communaut\u00e9s palestiniennes, ce qui entra\u00eene des probl\u00e8mes domestiques. Il a Lire la suite &rarr;","og_url":"https:\/\/ismfrance.org\/index.php\/2022\/12\/14\/comment-israel-cible-la-societe-palestinienne-par-la-separation-des-familles\/","og_site_name":"International Solidarity Movement - ISM-France","article_published_time":"2022-12-14T09:00:04+00:00","og_image":[{"width":640,"height":400,"url":"https:\/\/ismfrance.org\/wp-content\/uploads\/2022\/12\/reunification.jpg","type":"image\/jpeg"}],"author":"mru_01","twitter_card":"summary_large_image","twitter_creator":"@ISMFRANCE","twitter_site":"@ISMFRANCE","twitter_misc":{"\u00c9crit par":"mru_01","Dur\u00e9e de lecture estim\u00e9e":"6 minutes"},"schema":{"@context":"https:\/\/schema.org","@graph":[{"@type":"Article","@id":"https:\/\/ismfrance.org\/index.php\/2022\/12\/14\/comment-israel-cible-la-societe-palestinienne-par-la-separation-des-familles\/#article","isPartOf":{"@id":"https:\/\/ismfrance.org\/index.php\/2022\/12\/14\/comment-israel-cible-la-societe-palestinienne-par-la-separation-des-familles\/"},"author":{"name":"mru_01","@id":"https:\/\/ismfrance.org\/#\/schema\/person\/3c411eb72adfaae19c0dca1f41fae01d"},"headline":"Comment Isra\u00ebl cible la soci\u00e9t\u00e9 palestinienne par la s\u00e9paration des familles","datePublished":"2022-12-14T09:00:04+00:00","mainEntityOfPage":{"@id":"https:\/\/ismfrance.org\/index.php\/2022\/12\/14\/comment-israel-cible-la-societe-palestinienne-par-la-separation-des-familles\/"},"wordCount":1239,"publisher":{"@id":"https:\/\/ismfrance.org\/#organization"},"image":{"@id":"https:\/\/ismfrance.org\/index.php\/2022\/12\/14\/comment-israel-cible-la-societe-palestinienne-par-la-separation-des-familles\/#primaryimage"},"thumbnailUrl":"https:\/\/ismfrance.org\/wp-content\/uploads\/2022\/12\/reunification.jpg","keywords":["nettoyage ethnique","Sionisme"],"articleSection":["Analyses","Articles"],"inLanguage":"fr-FR"},{"@type":"WebPage","@id":"https:\/\/ismfrance.org\/index.php\/2022\/12\/14\/comment-israel-cible-la-societe-palestinienne-par-la-separation-des-familles\/","url":"https:\/\/ismfrance.org\/index.php\/2022\/12\/14\/comment-israel-cible-la-societe-palestinienne-par-la-separation-des-familles\/","name":"Comment Isra\u00ebl cible la soci\u00e9t\u00e9 palestinienne par la s\u00e9paration des familles - International Solidarity Movement - ISM-France","isPartOf":{"@id":"https:\/\/ismfrance.org\/#website"},"primaryImageOfPage":{"@id":"https:\/\/ismfrance.org\/index.php\/2022\/12\/14\/comment-israel-cible-la-societe-palestinienne-par-la-separation-des-familles\/#primaryimage"},"image":{"@id":"https:\/\/ismfrance.org\/index.php\/2022\/12\/14\/comment-israel-cible-la-societe-palestinienne-par-la-separation-des-familles\/#primaryimage"},"thumbnailUrl":"https:\/\/ismfrance.org\/wp-content\/uploads\/2022\/12\/reunification.jpg","datePublished":"2022-12-14T09:00:04+00:00","breadcrumb":{"@id":"https:\/\/ismfrance.org\/index.php\/2022\/12\/14\/comment-israel-cible-la-societe-palestinienne-par-la-separation-des-familles\/#breadcrumb"},"inLanguage":"fr-FR","potentialAction":[{"@type":"ReadAction","target":["https:\/\/ismfrance.org\/index.php\/2022\/12\/14\/comment-israel-cible-la-societe-palestinienne-par-la-separation-des-familles\/"]}]},{"@type":"ImageObject","inLanguage":"fr-FR","@id":"https:\/\/ismfrance.org\/index.php\/2022\/12\/14\/comment-israel-cible-la-societe-palestinienne-par-la-separation-des-familles\/#primaryimage","url":"https:\/\/ismfrance.org\/wp-content\/uploads\/2022\/12\/reunification.jpg","contentUrl":"https:\/\/ismfrance.org\/wp-content\/uploads\/2022\/12\/reunification.jpg","width":640,"height":400,"caption":"Manifestation contre la \"loi sur la citoyennet\u00e9\", qui interdit l'unification des familles palestiniennes, devant la Knesset, le 29 juin 2021. (Yonatan Sindel\/Flash90)"},{"@type":"BreadcrumbList","@id":"https:\/\/ismfrance.org\/index.php\/2022\/12\/14\/comment-israel-cible-la-societe-palestinienne-par-la-separation-des-familles\/#breadcrumb","itemListElement":[{"@type":"ListItem","position":1,"name":"Accueil","item":"https:\/\/ismfrance.org\/"},{"@type":"ListItem","position":2,"name":"Comment Isra\u00ebl cible la soci\u00e9t\u00e9 palestinienne par la s\u00e9paration des familles"}]},{"@type":"WebSite","@id":"https:\/\/ismfrance.org\/#website","url":"https:\/\/ismfrance.org\/","name":"ISM Palestine France","description":"Soutien aux luttes de lib\u00e9ration du peuple palestinien","publisher":{"@id":"https:\/\/ismfrance.org\/#organization"},"potentialAction":[{"@type":"SearchAction","target":{"@type":"EntryPoint","urlTemplate":"https:\/\/ismfrance.org\/?s={search_term_string}"},"query-input":{"@type":"PropertyValueSpecification","valueRequired":true,"valueName":"search_term_string"}}],"inLanguage":"fr-FR"},{"@type":"Organization","@id":"https:\/\/ismfrance.org\/#organization","name":"International Solidarity Movement","url":"https:\/\/ismfrance.org\/","logo":{"@type":"ImageObject","inLanguage":"fr-FR","@id":"https:\/\/ismfrance.org\/#\/schema\/logo\/image\/","url":"https:\/\/ismfrance.org\/wp-content\/uploads\/2020\/12\/00.png","contentUrl":"https:\/\/ismfrance.org\/wp-content\/uploads\/2020\/12\/00.png","width":400,"height":400,"caption":"International Solidarity Movement"},"image":{"@id":"https:\/\/ismfrance.org\/#\/schema\/logo\/image\/"},"sameAs":["https:\/\/x.com\/ISMFRANCE"]},{"@type":"Person","@id":"https:\/\/ismfrance.org\/#\/schema\/person\/3c411eb72adfaae19c0dca1f41fae01d","name":"mru_01","image":{"@type":"ImageObject","inLanguage":"fr-FR","@id":"https:\/\/secure.gravatar.com\/avatar\/3a0be343b445d2ccc79e87444a294fad2b232e90d2051d0e3cc219e1ecd6a330?s=96&d=mm&r=g","url":"https:\/\/secure.gravatar.com\/avatar\/3a0be343b445d2ccc79e87444a294fad2b232e90d2051d0e3cc219e1ecd6a330?s=96&d=mm&r=g","contentUrl":"https:\/\/secure.gravatar.com\/avatar\/3a0be343b445d2ccc79e87444a294fad2b232e90d2051d0e3cc219e1ecd6a330?s=96&d=mm&r=g","caption":"mru_01"},"url":"https:\/\/ismfrance.org\/index.php\/author\/admin02\/"}]}},"_links":{"self":[{"href":"https:\/\/ismfrance.org\/index.php\/wp-json\/wp\/v2\/posts\/4233","targetHints":{"allow":["GET"]}}],"collection":[{"href":"https:\/\/ismfrance.org\/index.php\/wp-json\/wp\/v2\/posts"}],"about":[{"href":"https:\/\/ismfrance.org\/index.php\/wp-json\/wp\/v2\/types\/post"}],"author":[{"embeddable":true,"href":"https:\/\/ismfrance.org\/index.php\/wp-json\/wp\/v2\/users\/3"}],"replies":[{"embeddable":true,"href":"https:\/\/ismfrance.org\/index.php\/wp-json\/wp\/v2\/comments?post=4233"}],"version-history":[{"count":0,"href":"https:\/\/ismfrance.org\/index.php\/wp-json\/wp\/v2\/posts\/4233\/revisions"}],"wp:featuredmedia":[{"embeddable":true,"href":"https:\/\/ismfrance.org\/index.php\/wp-json\/wp\/v2\/media\/4234"}],"wp:attachment":[{"href":"https:\/\/ismfrance.org\/index.php\/wp-json\/wp\/v2\/media?parent=4233"}],"wp:term":[{"taxonomy":"category","embeddable":true,"href":"https:\/\/ismfrance.org\/index.php\/wp-json\/wp\/v2\/categories?post=4233"},{"taxonomy":"post_tag","embeddable":true,"href":"https:\/\/ismfrance.org\/index.php\/wp-json\/wp\/v2\/tags?post=4233"}],"curies":[{"name":"wp","href":"https:\/\/api.w.org\/{rel}","templated":true}]}}