{"id":4077,"date":"2022-11-20T11:43:58","date_gmt":"2022-11-20T10:43:58","guid":{"rendered":"https:\/\/ismfrance.org\/?p=4077"},"modified":"2022-11-20T11:43:58","modified_gmt":"2022-11-20T10:43:58","slug":"le-cas-de-salah-hamouri-est-un-exemple-de-la-politique-israelienne-envers-les-palestiniens-de-jerusalem","status":"publish","type":"post","link":"https:\/\/ismfrance.org\/index.php\/2022\/11\/20\/le-cas-de-salah-hamouri-est-un-exemple-de-la-politique-israelienne-envers-les-palestiniens-de-jerusalem\/","title":{"rendered":"Le cas de Salah Hamouri est \u00ab\u00a0un exemple de la politique isra\u00e9lienne envers les Palestiniens de J\u00e9rusalem\u00a0\u00bb"},"content":{"rendered":"<p align=\"LEFT\"><span style=\"color: #000000;\"><span style=\"font-family: Arial, sans-serif;\"><span style=\"font-size: medium;\"><b>Qassam Muaddi, 17 novembre 2022<\/b><\/span><\/span><\/span><span style=\"color: #000000;\"><span style=\"font-family: Arial, sans-serif;\"><span style=\"font-size: medium;\">. La pr\u00e9sence palestinienne \u00e0 J\u00e9rusalem est en danger, ont d\u00e9clar\u00e9 mercredi des militants palestiniens des droits de l&rsquo;homme lors d&rsquo;une conf\u00e9rence de presse organis\u00e9e \u00e0 Ramallah par une coalition d&rsquo;organisations de d\u00e9fense des droits de l&rsquo;homme.<\/span><\/span><\/span><\/p>\n<p align=\"LEFT\"><a href=\"https:\/\/ismfrance.org\/wp-content\/uploads\/2022\/11\/ConfPress.jpg\"><img loading=\"lazy\" decoding=\"async\" class=\"size-large wp-image-4078 aligncenter\" src=\"https:\/\/ismfrance.org\/wp-content\/uploads\/2022\/11\/ConfPress-700x394.jpg\" alt=\"\" width=\"600\" height=\"338\" srcset=\"https:\/\/ismfrance.org\/wp-content\/uploads\/2022\/11\/ConfPress-700x394.jpg 700w, https:\/\/ismfrance.org\/wp-content\/uploads\/2022\/11\/ConfPress-300x169.jpg 300w, https:\/\/ismfrance.org\/wp-content\/uploads\/2022\/11\/ConfPress-768x432.jpg 768w, https:\/\/ismfrance.org\/wp-content\/uploads\/2022\/11\/ConfPress.jpg 1155w\" sizes=\"auto, (max-width: 600px) 100vw, 600px\" \/><\/a><span style=\"color: #000000;\"><span style=\"font-family: Arial, sans-serif;\"><span style=\"font-size: medium;\">La conf\u00e9rence de presse (photo ci-dessus), qui portait sur les droits de r\u00e9sidence des Palestiniens \u00e0 J\u00e9rusalem, a mis en lumi\u00e8re le cas de l&rsquo;avocat franco-palestinien des droits de l&rsquo;homme, Salah Hamouri, d\u00e9tenu sans charges par les forces isra\u00e9liennes depuis mars.<\/span><\/span><\/span><\/p>\n<p align=\"LEFT\"><span style=\"color: #000000;\"><span style=\"font-family: Arial, sans-serif;\"><span style=\"font-size: medium;\">\u00ab\u00a0L&rsquo;ordre de d\u00e9tention actuel de Salah Hamouri expirera d\u00e9but d\u00e9cembre, apr\u00e8s quoi il sera confront\u00e9 \u00e0 une r\u00e9elle possibilit\u00e9 d&rsquo;expulsion\u00a0\u00bb, a d\u00e9clar\u00e9 Saha Francis, directeur de l&rsquo;association Addameer de soutien aux prisonniers, lors de la conf\u00e9rence.<\/span><\/span><\/span><\/p>\n<p align=\"LEFT\"><span style=\"color: #000000;\"><span style=\"font-family: Arial, sans-serif;\"><span style=\"font-size: medium;\">\u00ab\u00a0Les autorit\u00e9s isra\u00e9liennes ont retir\u00e9 \u00e0 Hamouri ses droits de r\u00e9sidence \u00e0 J\u00e9rusalem en octobre 2021, puis l&rsquo;ont arr\u00eat\u00e9 en vertu du syst\u00e8me de d\u00e9tention administrative qui n&rsquo;est utilis\u00e9 que pour les Palestiniens de Cisjordanie, ce qui est une fa\u00e7on pour les autorit\u00e9s isra\u00e9liennes de dire qu&rsquo;elles d\u00e9cident qui est un J\u00e9rusal\u00e9mite et qui ne l&rsquo;est pas\u00a0\u00bb, a soulign\u00e9 Francis.<\/span><\/span><\/span><\/p>\n<p align=\"LEFT\"><span style=\"color: #000000;\"><span style=\"font-family: Arial, sans-serif;\"><span style=\"font-size: medium;\">\u00ab\u00a0L&rsquo;expulsion de Hamouri ouvrirait la voie \u00e0 l&rsquo;expulsion ult\u00e9rieure de Palestiniens j\u00e9rusal\u00e9mites, ce qui menacerait encore davantage la pr\u00e9sence palestinienne dans la ville\u00a0\u00bb, a ajout\u00e9 Francis.<\/span><\/span><\/span><\/p>\n<p align=\"LEFT\"><span style=\"color: #000000;\"><span style=\"font-family: Arial, sans-serif;\"><span style=\"font-size: medium;\">Le cas de Salah Hamouri est \u00ab\u00a0un exemple de la politique isra\u00e9lienne envers les Palestiniens de J\u00e9rusalem\u00a0\u00bb, selon Munir Nseibeh, directeur du Centre d&rsquo;action communautaire de J\u00e9rusalem.<\/span><\/span><\/span><\/p>\n<p align=\"LEFT\"><span style=\"color: #000000;\"><span style=\"font-family: Arial, sans-serif;\"><span style=\"font-size: medium;\">\u00ab\u00a0Depuis son occupation de la partie orientale de J\u00e9rusalem en 1967, Isra\u00ebl a donn\u00e9 \u00e0 tous les Palestiniens de la ville un statut de r\u00e9sident\u00a0\u00bb, a d\u00e9clar\u00e9 Nseibeh. \u00ab\u00a0Au fil des ann\u00e9es d&rsquo;occupation, l&rsquo;\u00c9tat occupant n&rsquo;a cess\u00e9 d&rsquo;\u00e9tendre ses lois pour d\u00e9pouiller encore davantage les Palestiniens de leurs droits de r\u00e9sidence \u00e0 J\u00e9rusalem, en r\u00e9am\u00e9nageant leur statut juridique.\u00a0\u00bb<\/span><\/span><\/span><\/p>\n<p align=\"LEFT\"><span style=\"color: #000000;\"><span style=\"font-family: Arial, sans-serif;\"><span style=\"font-size: medium;\">\u00ab\u00a0Dans les ann\u00e9es 1970, Isra\u00ebl a commenc\u00e9 \u00e0 priver les Palestiniens de leur droit de r\u00e9sidence \u00e0 J\u00e9rusalem s&rsquo;ils quittaient le pays pendant sept ans ou obtenaient des droits de r\u00e9sidence dans un autre pays\u00a0\u00bb, a d\u00e9taill\u00e9 Nseibeh.<\/span><\/span><\/span><\/p>\n<p align=\"LEFT\"><span style=\"color: #000000;\"><span style=\"font-family: Arial, sans-serif;\"><span style=\"font-size: medium;\">\u00ab\u00a0Ces derni\u00e8res ann\u00e9es, Isra\u00ebl a adopt\u00e9 la loi &lsquo;Centre de vie&rsquo;, permettant de r\u00e9voquer les r\u00e9sidences des Palestiniens \u00e0 J\u00e9rusalem uniquement pour avoir v\u00e9cu en dehors de J\u00e9rusalem, sans avoir quitt\u00e9 le pays\u00a0\u00bb, a-t-il soulign\u00e9.<\/span><\/span><\/span><\/p>\n<p align=\"LEFT\"><span style=\"color: #000000;\"><span style=\"font-family: Arial, sans-serif;\"><span style=\"font-size: medium;\">\u00ab\u00a0Depuis 2018, Isra\u00ebl a rendu possible, par la loi, de r\u00e9voquer les droits de r\u00e9sidence des Palestiniens \u00e0 J\u00e9rusalem pour &lsquo;manque d&rsquo;all\u00e9geance \u00e0 l&rsquo;\u00c9tat d&rsquo;Isra\u00ebl&rsquo;, ce qui est le crit\u00e8re vaste et peu clair sur lequel la r\u00e9sidence de Hamouri a \u00e9t\u00e9 r\u00e9voqu\u00e9e\u00a0\u00bb, a encore not\u00e9 Nseibeh.<\/span><\/span><\/span><\/p>\n<p align=\"LEFT\"><span style=\"color: #000000;\"><span style=\"font-family: Arial, sans-serif;\"><span style=\"font-size: medium;\">\u00ab\u00a0Si nous ne nous opposons pas \u00e0 cette politique, davantage de Palestiniens perdront leur droit de vivre dans leur ville\u00a0\u00bb, a-t-il ajout\u00e9.<\/span><\/span><\/span><\/p>\n<p align=\"LEFT\"><span style=\"color: #000000;\"><span style=\"font-family: Arial, sans-serif;\"><span style=\"font-size: medium;\">\u00ab\u00a0Tous les efforts doivent se conjuguer pour soutenir Salah Hamouri et les droits des Palestiniens \u00e0 vivre \u00e0 J\u00e9rusalem, car ils sont les v\u00e9ritables habitants de la ville et les garants de son identit\u00e9 historique et culturelle\u00a0\u00bb, a d\u00e9clar\u00e9 Atallah Hanna, archev\u00eaque grec-orthodoxe et figure chr\u00e9tienne palestinienne renomm\u00e9e, lors de la conf\u00e9rence de presse.<\/span><\/span><\/span><\/p>\n<p align=\"LEFT\"><span style=\"color: #000000;\"><span style=\"font-family: Arial, sans-serif;\"><span style=\"font-size: medium;\">\u00ab\u00a0Nous voulons que Salah soit libre, et nous le voulons \u00e0 J\u00e9rusalem, sa ville\u00a0\u00bb, a soulign\u00e9 Atallah Hanna.<\/span><\/span><\/span><\/p>\n<p><a href=\"https:\/\/ismfrance.org\/wp-content\/uploads\/2022\/11\/salah.jpg\"><img loading=\"lazy\" decoding=\"async\" class=\"size-full wp-image-4079\" src=\"https:\/\/ismfrance.org\/wp-content\/uploads\/2022\/11\/salah.jpg\" alt=\"\" width=\"664\" height=\"443\" srcset=\"https:\/\/ismfrance.org\/wp-content\/uploads\/2022\/11\/salah.jpg 664w, https:\/\/ismfrance.org\/wp-content\/uploads\/2022\/11\/salah-300x200.jpg 300w\" sizes=\"auto, (max-width: 664px) 100vw, 664px\" \/><\/a><\/p>\n<p align=\"LEFT\"><span style=\"font-size: medium; font-family: Arial, sans-serif; color: #000000; background-color: #ffffff;\">La prochaine audience de Salah Hamouri pour la r\u00e9vocation de sa r\u00e9sidence est pr\u00e9vue en f\u00e9vrier. En attendant, il reste en isolement \u00e0 la prison isra\u00e9lienne de Hadarim.<\/span><\/p>\n<p align=\"LEFT\"><span style=\"color: #000000;\"><span style=\"font-family: Arial, sans-serif;\"><span style=\"font-size: medium;\">Le mois dernier, Salah Hamouri et quelque 200 d\u00e9tenus administratifs palestiniens dans les prisons isra\u00e9liennes ont mis fin \u00e0 une gr\u00e8ve de la faim de 19 jours, pour protester contre l&rsquo;augmentation du recours d&rsquo;Isra\u00ebl \u00e0 la politique de d\u00e9tention administrative contre les Palestiniens.<\/span><\/span><\/span><\/p>\n<p align=\"LEFT\"><span style=\"color: #000000;\"><span style=\"font-family: Arial, sans-serif;\"><span style=\"font-size: medium;\">Selon Addameer, plus de 800 Palestiniens sont actuellement d\u00e9tenus dans des prisons isra\u00e9liennes sans inculpation en vertu d&rsquo;ordonnances de d\u00e9tention administrative.<\/span><\/span><\/span><\/p>\n<p align=\"LEFT\"><span style=\"color: #000000;\"><span style=\"font-family: Arial, sans-serif;\"><span style=\"font-size: medium;\">\u00ab\u00a0Nous attendons de voir ce qui se passera \u00e0 la fin de la d\u00e9tention actuelle de Salah\u00a0\u00bb, a d\u00e9clar\u00e9 la m\u00e8re de Hamouri, pr\u00e9sente \u00e0 la conf\u00e9rence de presse, au <i>New Arab<\/i>.<\/span><\/span><\/span><\/p>\n<p align=\"LEFT\"><span style=\"color: #000000;\"><span style=\"font-family: Arial, sans-serif;\"><span style=\"font-size: medium;\">\u00ab\u00a0Il pourrait \u00eatre lib\u00e9r\u00e9, sa d\u00e9tention pourrait \u00eatre renouvel\u00e9e comme cela a d\u00e9j\u00e0 \u00e9t\u00e9 le cas plusieurs fois, et il pourrait \u00eatre envoy\u00e9 hors du pays\u00a0\u00bb, a-t-elle ajout\u00e9.<\/span><\/span><\/span><\/p>\n<p align=\"LEFT\"><span style=\"color: #000000;\"><span style=\"font-family: Arial, sans-serif;\"><span style=\"font-size: medium;\">\u00ab\u00a0Nous lui avons rendu visite il y a dix jours et nous avons vu que son moral est bon\u00a0\u00bb, a ajout\u00e9 la m\u00e8re de Hamouri. \u00ab\u00a0En fait, c&rsquo;est lui qui nous a remont\u00e9 le moral\u00a0\u00bb.<\/span><\/span><\/span><\/p>\n<p align=\"LEFT\"><span style=\"color: #000000;\"><span style=\"font-family: Arial, sans-serif;\"><span style=\"font-size: medium;\">Depuis 1967, Isra\u00ebl a r\u00e9voqu\u00e9 les droits de r\u00e9sidence \u00e0 J\u00e9rusalem de plus de 14 000 Palestiniens, selon les groupes de d\u00e9fense des droits de l&rsquo;homme.<\/span><\/span><\/span><\/p>\n<p align=\"LEFT\"><span style=\"color: #000000;\"><span style=\"font-family: Arial, sans-serif;\"><span style=\"font-size: medium;\">\u00ab\u00a0Ce nombre est bien plus important si l&rsquo;on prend en compte les enfants de ces Palestiniens et leurs descendants\u00a0\u00bb, a d\u00e9clar\u00e9 Munir Nseibeh au <i>New Arab<\/i>. \u00ab\u00a0Il s&rsquo;agit d&rsquo;une r\u00e9duction effective et \u00e0 long terme de la population palestinienne de la ville.\u00a0\u00bb<\/span><\/span><\/span><\/p>\n<p align=\"LEFT\"><span style=\"color: #000000;\"><span style=\"font-family: Arial, sans-serif;\"><span style=\"font-size: medium;\"><span style=\"font-size: small;\"><i>Article original en anglais sur <a href=\"https:\/\/www.newarab.com\/news\/palestinian-presence-jerusalem-threatened-hr-groups\">The New Arab<\/a> \/ Traduction MR<\/i><\/span><\/span><\/span><\/span><\/p>\n<p align=\"LEFT\"><span style=\"color: #201f1e;\"><span style=\"font-family: Vrinda, serif;\"><span style=\"font-size: medium;\">[writers slug=qassam-muaddi]<\/span><\/span><\/span><\/p>\n","protected":false},"excerpt":{"rendered":"<p>Qassam Muaddi, 17 novembre 2022. La pr\u00e9sence palestinienne \u00e0 J\u00e9rusalem est en danger, ont d\u00e9clar\u00e9 mercredi des militants palestiniens des droits de l&rsquo;homme lors d&rsquo;une conf\u00e9rence de presse organis\u00e9e \u00e0 <a class=\"more-link\" href=\"https:\/\/ismfrance.org\/index.php\/2022\/11\/20\/le-cas-de-salah-hamouri-est-un-exemple-de-la-politique-israelienne-envers-les-palestiniens-de-jerusalem\/\">Lire la suite &rarr;<\/a><\/p>\n","protected":false},"author":3,"featured_media":4078,"comment_status":"closed","ping_status":"closed","sticky":false,"template":"","format":"standard","meta":{"footnotes":""},"categories":[12,2],"tags":[203,45,21,151],"class_list":["post-4077","post","type-post","status-publish","format-standard","has-post-thumbnail","hentry","category-analyses","category-articles","tag-jerusalem","tag-nettoyage-ethnique","tag-prisonniers","tag-salah-hamouri"],"yoast_head":"<!-- This site is optimized with the Yoast SEO plugin v27.2 - https:\/\/yoast.com\/product\/yoast-seo-wordpress\/ -->\n<title>Le cas de Salah Hamouri est \u00ab\u00a0un exemple de la politique isra\u00e9lienne envers les Palestiniens de J\u00e9rusalem\u00a0\u00bb - International Solidarity Movement - ISM-France<\/title>\n<meta name=\"robots\" content=\"index, follow, max-snippet:-1, max-image-preview:large, max-video-preview:-1\" \/>\n<link rel=\"canonical\" href=\"https:\/\/ismfrance.org\/index.php\/2022\/11\/20\/le-cas-de-salah-hamouri-est-un-exemple-de-la-politique-israelienne-envers-les-palestiniens-de-jerusalem\/\" \/>\n<meta property=\"og:locale\" content=\"fr_FR\" \/>\n<meta property=\"og:type\" content=\"article\" \/>\n<meta property=\"og:title\" content=\"Le cas de Salah Hamouri est \u00ab\u00a0un exemple de la politique isra\u00e9lienne envers les Palestiniens de J\u00e9rusalem\u00a0\u00bb - International Solidarity Movement - ISM-France\" \/>\n<meta property=\"og:description\" content=\"Qassam Muaddi, 17 novembre 2022. La pr\u00e9sence palestinienne \u00e0 J\u00e9rusalem est en danger, ont d\u00e9clar\u00e9 mercredi des militants palestiniens des droits de l&rsquo;homme lors d&rsquo;une conf\u00e9rence de presse organis\u00e9e \u00e0 Lire la suite &rarr;\" \/>\n<meta property=\"og:url\" content=\"https:\/\/ismfrance.org\/index.php\/2022\/11\/20\/le-cas-de-salah-hamouri-est-un-exemple-de-la-politique-israelienne-envers-les-palestiniens-de-jerusalem\/\" \/>\n<meta property=\"og:site_name\" content=\"International Solidarity Movement - ISM-France\" \/>\n<meta property=\"article:published_time\" content=\"2022-11-20T10:43:58+00:00\" \/>\n<meta property=\"og:image\" content=\"https:\/\/ismfrance.org\/wp-content\/uploads\/2022\/11\/ConfPress.jpg\" \/>\n\t<meta property=\"og:image:width\" content=\"1155\" \/>\n\t<meta property=\"og:image:height\" content=\"650\" \/>\n\t<meta property=\"og:image:type\" content=\"image\/jpeg\" \/>\n<meta name=\"author\" content=\"mru_01\" \/>\n<meta name=\"twitter:card\" content=\"summary_large_image\" \/>\n<meta name=\"twitter:creator\" content=\"@ISMFRANCE\" \/>\n<meta name=\"twitter:site\" content=\"@ISMFRANCE\" \/>\n<meta name=\"twitter:label1\" content=\"\u00c9crit par\" \/>\n\t<meta name=\"twitter:data1\" content=\"mru_01\" \/>\n\t<meta name=\"twitter:label2\" content=\"Dur\u00e9e de lecture estim\u00e9e\" \/>\n\t<meta name=\"twitter:data2\" content=\"5 minutes\" \/>\n<script type=\"application\/ld+json\" class=\"yoast-schema-graph\">{\"@context\":\"https:\/\/schema.org\",\"@graph\":[{\"@type\":\"Article\",\"@id\":\"https:\/\/ismfrance.org\/index.php\/2022\/11\/20\/le-cas-de-salah-hamouri-est-un-exemple-de-la-politique-israelienne-envers-les-palestiniens-de-jerusalem\/#article\",\"isPartOf\":{\"@id\":\"https:\/\/ismfrance.org\/index.php\/2022\/11\/20\/le-cas-de-salah-hamouri-est-un-exemple-de-la-politique-israelienne-envers-les-palestiniens-de-jerusalem\/\"},\"author\":{\"name\":\"mru_01\",\"@id\":\"https:\/\/ismfrance.org\/#\/schema\/person\/3c411eb72adfaae19c0dca1f41fae01d\"},\"headline\":\"Le cas de Salah Hamouri est \u00ab\u00a0un exemple de la politique isra\u00e9lienne envers les Palestiniens de J\u00e9rusalem\u00a0\u00bb\",\"datePublished\":\"2022-11-20T10:43:58+00:00\",\"mainEntityOfPage\":{\"@id\":\"https:\/\/ismfrance.org\/index.php\/2022\/11\/20\/le-cas-de-salah-hamouri-est-un-exemple-de-la-politique-israelienne-envers-les-palestiniens-de-jerusalem\/\"},\"wordCount\":896,\"publisher\":{\"@id\":\"https:\/\/ismfrance.org\/#organization\"},\"image\":{\"@id\":\"https:\/\/ismfrance.org\/index.php\/2022\/11\/20\/le-cas-de-salah-hamouri-est-un-exemple-de-la-politique-israelienne-envers-les-palestiniens-de-jerusalem\/#primaryimage\"},\"thumbnailUrl\":\"https:\/\/ismfrance.org\/wp-content\/uploads\/2022\/11\/ConfPress.jpg\",\"keywords\":[\"Jerusalem\",\"nettoyage ethnique\",\"Prisonniers\",\"Salah Hamouri\"],\"articleSection\":[\"Analyses\",\"Articles\"],\"inLanguage\":\"fr-FR\"},{\"@type\":\"WebPage\",\"@id\":\"https:\/\/ismfrance.org\/index.php\/2022\/11\/20\/le-cas-de-salah-hamouri-est-un-exemple-de-la-politique-israelienne-envers-les-palestiniens-de-jerusalem\/\",\"url\":\"https:\/\/ismfrance.org\/index.php\/2022\/11\/20\/le-cas-de-salah-hamouri-est-un-exemple-de-la-politique-israelienne-envers-les-palestiniens-de-jerusalem\/\",\"name\":\"Le cas de Salah Hamouri est \u00ab\u00a0un exemple de la politique isra\u00e9lienne envers les Palestiniens de J\u00e9rusalem\u00a0\u00bb - International Solidarity Movement - ISM-France\",\"isPartOf\":{\"@id\":\"https:\/\/ismfrance.org\/#website\"},\"primaryImageOfPage\":{\"@id\":\"https:\/\/ismfrance.org\/index.php\/2022\/11\/20\/le-cas-de-salah-hamouri-est-un-exemple-de-la-politique-israelienne-envers-les-palestiniens-de-jerusalem\/#primaryimage\"},\"image\":{\"@id\":\"https:\/\/ismfrance.org\/index.php\/2022\/11\/20\/le-cas-de-salah-hamouri-est-un-exemple-de-la-politique-israelienne-envers-les-palestiniens-de-jerusalem\/#primaryimage\"},\"thumbnailUrl\":\"https:\/\/ismfrance.org\/wp-content\/uploads\/2022\/11\/ConfPress.jpg\",\"datePublished\":\"2022-11-20T10:43:58+00:00\",\"breadcrumb\":{\"@id\":\"https:\/\/ismfrance.org\/index.php\/2022\/11\/20\/le-cas-de-salah-hamouri-est-un-exemple-de-la-politique-israelienne-envers-les-palestiniens-de-jerusalem\/#breadcrumb\"},\"inLanguage\":\"fr-FR\",\"potentialAction\":[{\"@type\":\"ReadAction\",\"target\":[\"https:\/\/ismfrance.org\/index.php\/2022\/11\/20\/le-cas-de-salah-hamouri-est-un-exemple-de-la-politique-israelienne-envers-les-palestiniens-de-jerusalem\/\"]}]},{\"@type\":\"ImageObject\",\"inLanguage\":\"fr-FR\",\"@id\":\"https:\/\/ismfrance.org\/index.php\/2022\/11\/20\/le-cas-de-salah-hamouri-est-un-exemple-de-la-politique-israelienne-envers-les-palestiniens-de-jerusalem\/#primaryimage\",\"url\":\"https:\/\/ismfrance.org\/wp-content\/uploads\/2022\/11\/ConfPress.jpg\",\"contentUrl\":\"https:\/\/ismfrance.org\/wp-content\/uploads\/2022\/11\/ConfPress.jpg\",\"width\":1155,\"height\":650},{\"@type\":\"BreadcrumbList\",\"@id\":\"https:\/\/ismfrance.org\/index.php\/2022\/11\/20\/le-cas-de-salah-hamouri-est-un-exemple-de-la-politique-israelienne-envers-les-palestiniens-de-jerusalem\/#breadcrumb\",\"itemListElement\":[{\"@type\":\"ListItem\",\"position\":1,\"name\":\"Accueil\",\"item\":\"https:\/\/ismfrance.org\/\"},{\"@type\":\"ListItem\",\"position\":2,\"name\":\"Le cas de Salah Hamouri est \u00ab\u00a0un exemple de la politique isra\u00e9lienne envers les Palestiniens de J\u00e9rusalem\u00a0\u00bb\"}]},{\"@type\":\"WebSite\",\"@id\":\"https:\/\/ismfrance.org\/#website\",\"url\":\"https:\/\/ismfrance.org\/\",\"name\":\"ISM Palestine France\",\"description\":\"Soutien aux luttes de lib\u00e9ration du peuple palestinien\",\"publisher\":{\"@id\":\"https:\/\/ismfrance.org\/#organization\"},\"potentialAction\":[{\"@type\":\"SearchAction\",\"target\":{\"@type\":\"EntryPoint\",\"urlTemplate\":\"https:\/\/ismfrance.org\/?s={search_term_string}\"},\"query-input\":{\"@type\":\"PropertyValueSpecification\",\"valueRequired\":true,\"valueName\":\"search_term_string\"}}],\"inLanguage\":\"fr-FR\"},{\"@type\":\"Organization\",\"@id\":\"https:\/\/ismfrance.org\/#organization\",\"name\":\"International Solidarity Movement\",\"url\":\"https:\/\/ismfrance.org\/\",\"logo\":{\"@type\":\"ImageObject\",\"inLanguage\":\"fr-FR\",\"@id\":\"https:\/\/ismfrance.org\/#\/schema\/logo\/image\/\",\"url\":\"https:\/\/ismfrance.org\/wp-content\/uploads\/2020\/12\/00.png\",\"contentUrl\":\"https:\/\/ismfrance.org\/wp-content\/uploads\/2020\/12\/00.png\",\"width\":400,\"height\":400,\"caption\":\"International Solidarity Movement\"},\"image\":{\"@id\":\"https:\/\/ismfrance.org\/#\/schema\/logo\/image\/\"},\"sameAs\":[\"https:\/\/x.com\/ISMFRANCE\"]},{\"@type\":\"Person\",\"@id\":\"https:\/\/ismfrance.org\/#\/schema\/person\/3c411eb72adfaae19c0dca1f41fae01d\",\"name\":\"mru_01\",\"image\":{\"@type\":\"ImageObject\",\"inLanguage\":\"fr-FR\",\"@id\":\"https:\/\/secure.gravatar.com\/avatar\/3a0be343b445d2ccc79e87444a294fad2b232e90d2051d0e3cc219e1ecd6a330?s=96&d=mm&r=g\",\"url\":\"https:\/\/secure.gravatar.com\/avatar\/3a0be343b445d2ccc79e87444a294fad2b232e90d2051d0e3cc219e1ecd6a330?s=96&d=mm&r=g\",\"contentUrl\":\"https:\/\/secure.gravatar.com\/avatar\/3a0be343b445d2ccc79e87444a294fad2b232e90d2051d0e3cc219e1ecd6a330?s=96&d=mm&r=g\",\"caption\":\"mru_01\"},\"url\":\"https:\/\/ismfrance.org\/index.php\/author\/admin02\/\"}]}<\/script>\n<!-- \/ Yoast SEO plugin. -->","yoast_head_json":{"title":"Le cas de Salah Hamouri est \u00ab\u00a0un exemple de la politique isra\u00e9lienne envers les Palestiniens de J\u00e9rusalem\u00a0\u00bb - International Solidarity Movement - ISM-France","robots":{"index":"index","follow":"follow","max-snippet":"max-snippet:-1","max-image-preview":"max-image-preview:large","max-video-preview":"max-video-preview:-1"},"canonical":"https:\/\/ismfrance.org\/index.php\/2022\/11\/20\/le-cas-de-salah-hamouri-est-un-exemple-de-la-politique-israelienne-envers-les-palestiniens-de-jerusalem\/","og_locale":"fr_FR","og_type":"article","og_title":"Le cas de Salah Hamouri est \u00ab\u00a0un exemple de la politique isra\u00e9lienne envers les Palestiniens de J\u00e9rusalem\u00a0\u00bb - International Solidarity Movement - ISM-France","og_description":"Qassam Muaddi, 17 novembre 2022. La pr\u00e9sence palestinienne \u00e0 J\u00e9rusalem est en danger, ont d\u00e9clar\u00e9 mercredi des militants palestiniens des droits de l&rsquo;homme lors d&rsquo;une conf\u00e9rence de presse organis\u00e9e \u00e0 Lire la suite &rarr;","og_url":"https:\/\/ismfrance.org\/index.php\/2022\/11\/20\/le-cas-de-salah-hamouri-est-un-exemple-de-la-politique-israelienne-envers-les-palestiniens-de-jerusalem\/","og_site_name":"International Solidarity Movement - ISM-France","article_published_time":"2022-11-20T10:43:58+00:00","og_image":[{"width":1155,"height":650,"url":"https:\/\/ismfrance.org\/wp-content\/uploads\/2022\/11\/ConfPress.jpg","type":"image\/jpeg"}],"author":"mru_01","twitter_card":"summary_large_image","twitter_creator":"@ISMFRANCE","twitter_site":"@ISMFRANCE","twitter_misc":{"\u00c9crit par":"mru_01","Dur\u00e9e de lecture estim\u00e9e":"5 minutes"},"schema":{"@context":"https:\/\/schema.org","@graph":[{"@type":"Article","@id":"https:\/\/ismfrance.org\/index.php\/2022\/11\/20\/le-cas-de-salah-hamouri-est-un-exemple-de-la-politique-israelienne-envers-les-palestiniens-de-jerusalem\/#article","isPartOf":{"@id":"https:\/\/ismfrance.org\/index.php\/2022\/11\/20\/le-cas-de-salah-hamouri-est-un-exemple-de-la-politique-israelienne-envers-les-palestiniens-de-jerusalem\/"},"author":{"name":"mru_01","@id":"https:\/\/ismfrance.org\/#\/schema\/person\/3c411eb72adfaae19c0dca1f41fae01d"},"headline":"Le cas de Salah Hamouri est \u00ab\u00a0un exemple de la politique isra\u00e9lienne envers les Palestiniens de J\u00e9rusalem\u00a0\u00bb","datePublished":"2022-11-20T10:43:58+00:00","mainEntityOfPage":{"@id":"https:\/\/ismfrance.org\/index.php\/2022\/11\/20\/le-cas-de-salah-hamouri-est-un-exemple-de-la-politique-israelienne-envers-les-palestiniens-de-jerusalem\/"},"wordCount":896,"publisher":{"@id":"https:\/\/ismfrance.org\/#organization"},"image":{"@id":"https:\/\/ismfrance.org\/index.php\/2022\/11\/20\/le-cas-de-salah-hamouri-est-un-exemple-de-la-politique-israelienne-envers-les-palestiniens-de-jerusalem\/#primaryimage"},"thumbnailUrl":"https:\/\/ismfrance.org\/wp-content\/uploads\/2022\/11\/ConfPress.jpg","keywords":["Jerusalem","nettoyage ethnique","Prisonniers","Salah Hamouri"],"articleSection":["Analyses","Articles"],"inLanguage":"fr-FR"},{"@type":"WebPage","@id":"https:\/\/ismfrance.org\/index.php\/2022\/11\/20\/le-cas-de-salah-hamouri-est-un-exemple-de-la-politique-israelienne-envers-les-palestiniens-de-jerusalem\/","url":"https:\/\/ismfrance.org\/index.php\/2022\/11\/20\/le-cas-de-salah-hamouri-est-un-exemple-de-la-politique-israelienne-envers-les-palestiniens-de-jerusalem\/","name":"Le cas de Salah Hamouri est \u00ab\u00a0un exemple de la politique isra\u00e9lienne envers les Palestiniens de J\u00e9rusalem\u00a0\u00bb - International Solidarity Movement - ISM-France","isPartOf":{"@id":"https:\/\/ismfrance.org\/#website"},"primaryImageOfPage":{"@id":"https:\/\/ismfrance.org\/index.php\/2022\/11\/20\/le-cas-de-salah-hamouri-est-un-exemple-de-la-politique-israelienne-envers-les-palestiniens-de-jerusalem\/#primaryimage"},"image":{"@id":"https:\/\/ismfrance.org\/index.php\/2022\/11\/20\/le-cas-de-salah-hamouri-est-un-exemple-de-la-politique-israelienne-envers-les-palestiniens-de-jerusalem\/#primaryimage"},"thumbnailUrl":"https:\/\/ismfrance.org\/wp-content\/uploads\/2022\/11\/ConfPress.jpg","datePublished":"2022-11-20T10:43:58+00:00","breadcrumb":{"@id":"https:\/\/ismfrance.org\/index.php\/2022\/11\/20\/le-cas-de-salah-hamouri-est-un-exemple-de-la-politique-israelienne-envers-les-palestiniens-de-jerusalem\/#breadcrumb"},"inLanguage":"fr-FR","potentialAction":[{"@type":"ReadAction","target":["https:\/\/ismfrance.org\/index.php\/2022\/11\/20\/le-cas-de-salah-hamouri-est-un-exemple-de-la-politique-israelienne-envers-les-palestiniens-de-jerusalem\/"]}]},{"@type":"ImageObject","inLanguage":"fr-FR","@id":"https:\/\/ismfrance.org\/index.php\/2022\/11\/20\/le-cas-de-salah-hamouri-est-un-exemple-de-la-politique-israelienne-envers-les-palestiniens-de-jerusalem\/#primaryimage","url":"https:\/\/ismfrance.org\/wp-content\/uploads\/2022\/11\/ConfPress.jpg","contentUrl":"https:\/\/ismfrance.org\/wp-content\/uploads\/2022\/11\/ConfPress.jpg","width":1155,"height":650},{"@type":"BreadcrumbList","@id":"https:\/\/ismfrance.org\/index.php\/2022\/11\/20\/le-cas-de-salah-hamouri-est-un-exemple-de-la-politique-israelienne-envers-les-palestiniens-de-jerusalem\/#breadcrumb","itemListElement":[{"@type":"ListItem","position":1,"name":"Accueil","item":"https:\/\/ismfrance.org\/"},{"@type":"ListItem","position":2,"name":"Le cas de Salah Hamouri est \u00ab\u00a0un exemple de la politique isra\u00e9lienne envers les Palestiniens de J\u00e9rusalem\u00a0\u00bb"}]},{"@type":"WebSite","@id":"https:\/\/ismfrance.org\/#website","url":"https:\/\/ismfrance.org\/","name":"ISM Palestine France","description":"Soutien aux luttes de lib\u00e9ration du peuple palestinien","publisher":{"@id":"https:\/\/ismfrance.org\/#organization"},"potentialAction":[{"@type":"SearchAction","target":{"@type":"EntryPoint","urlTemplate":"https:\/\/ismfrance.org\/?s={search_term_string}"},"query-input":{"@type":"PropertyValueSpecification","valueRequired":true,"valueName":"search_term_string"}}],"inLanguage":"fr-FR"},{"@type":"Organization","@id":"https:\/\/ismfrance.org\/#organization","name":"International Solidarity Movement","url":"https:\/\/ismfrance.org\/","logo":{"@type":"ImageObject","inLanguage":"fr-FR","@id":"https:\/\/ismfrance.org\/#\/schema\/logo\/image\/","url":"https:\/\/ismfrance.org\/wp-content\/uploads\/2020\/12\/00.png","contentUrl":"https:\/\/ismfrance.org\/wp-content\/uploads\/2020\/12\/00.png","width":400,"height":400,"caption":"International Solidarity Movement"},"image":{"@id":"https:\/\/ismfrance.org\/#\/schema\/logo\/image\/"},"sameAs":["https:\/\/x.com\/ISMFRANCE"]},{"@type":"Person","@id":"https:\/\/ismfrance.org\/#\/schema\/person\/3c411eb72adfaae19c0dca1f41fae01d","name":"mru_01","image":{"@type":"ImageObject","inLanguage":"fr-FR","@id":"https:\/\/secure.gravatar.com\/avatar\/3a0be343b445d2ccc79e87444a294fad2b232e90d2051d0e3cc219e1ecd6a330?s=96&d=mm&r=g","url":"https:\/\/secure.gravatar.com\/avatar\/3a0be343b445d2ccc79e87444a294fad2b232e90d2051d0e3cc219e1ecd6a330?s=96&d=mm&r=g","contentUrl":"https:\/\/secure.gravatar.com\/avatar\/3a0be343b445d2ccc79e87444a294fad2b232e90d2051d0e3cc219e1ecd6a330?s=96&d=mm&r=g","caption":"mru_01"},"url":"https:\/\/ismfrance.org\/index.php\/author\/admin02\/"}]}},"_links":{"self":[{"href":"https:\/\/ismfrance.org\/index.php\/wp-json\/wp\/v2\/posts\/4077","targetHints":{"allow":["GET"]}}],"collection":[{"href":"https:\/\/ismfrance.org\/index.php\/wp-json\/wp\/v2\/posts"}],"about":[{"href":"https:\/\/ismfrance.org\/index.php\/wp-json\/wp\/v2\/types\/post"}],"author":[{"embeddable":true,"href":"https:\/\/ismfrance.org\/index.php\/wp-json\/wp\/v2\/users\/3"}],"replies":[{"embeddable":true,"href":"https:\/\/ismfrance.org\/index.php\/wp-json\/wp\/v2\/comments?post=4077"}],"version-history":[{"count":0,"href":"https:\/\/ismfrance.org\/index.php\/wp-json\/wp\/v2\/posts\/4077\/revisions"}],"wp:featuredmedia":[{"embeddable":true,"href":"https:\/\/ismfrance.org\/index.php\/wp-json\/wp\/v2\/media\/4078"}],"wp:attachment":[{"href":"https:\/\/ismfrance.org\/index.php\/wp-json\/wp\/v2\/media?parent=4077"}],"wp:term":[{"taxonomy":"category","embeddable":true,"href":"https:\/\/ismfrance.org\/index.php\/wp-json\/wp\/v2\/categories?post=4077"},{"taxonomy":"post_tag","embeddable":true,"href":"https:\/\/ismfrance.org\/index.php\/wp-json\/wp\/v2\/tags?post=4077"}],"curies":[{"name":"wp","href":"https:\/\/api.w.org\/{rel}","templated":true}]}}