{"id":4018,"date":"2022-11-13T10:57:11","date_gmt":"2022-11-13T09:57:11","guid":{"rendered":"https:\/\/ismfrance.org\/?p=4018"},"modified":"2022-11-13T10:57:11","modified_gmt":"2022-11-13T09:57:11","slug":"la-fuite-de-documents-concernant-la-mort-darafat-revele-lanimosite-du-defunt-leader-palestinien-envers-mahmoud-abbas","status":"publish","type":"post","link":"https:\/\/ismfrance.org\/index.php\/2022\/11\/13\/la-fuite-de-documents-concernant-la-mort-darafat-revele-lanimosite-du-defunt-leader-palestinien-envers-mahmoud-abbas\/","title":{"rendered":"La fuite de documents concernant la mort d&rsquo;Arafat \u00ab\u00a0r\u00e9v\u00e8le\u00a0\u00bb l&rsquo;animosit\u00e9 du d\u00e9funt leader palestinien envers Mahmoud Abbas"},"content":{"rendered":"<p><span style=\"color: #000000;\"><span style=\"font-family: Verdana, sans-serif;\"><span style=\"font-size: medium;\"><b>The New Arab, 12 novembre 2022.<\/b> Des centaines de documents relatifs \u00e0 la mort du d\u00e9funt pr\u00e9sident palestinien Yasser Arafat ont \u00e9t\u00e9 divulgu\u00e9s au cours de la semaine \u00e9coul\u00e9e, suscitant la controverse en Palestine et entra\u00eenant des discussions entre les responsables palestiniens.<\/span><\/span><\/span><\/p>\n<p><a href=\"https:\/\/ismfrance.org\/wp-content\/uploads\/2022\/11\/abbas-arafat.jpg\"><img loading=\"lazy\" decoding=\"async\" class=\"size-large wp-image-4019 aligncenter\" src=\"https:\/\/ismfrance.org\/wp-content\/uploads\/2022\/11\/abbas-arafat-700x394.jpg\" alt=\"\" width=\"600\" height=\"338\" srcset=\"https:\/\/ismfrance.org\/wp-content\/uploads\/2022\/11\/abbas-arafat-700x394.jpg 700w, https:\/\/ismfrance.org\/wp-content\/uploads\/2022\/11\/abbas-arafat-300x169.jpg 300w, https:\/\/ismfrance.org\/wp-content\/uploads\/2022\/11\/abbas-arafat-768x432.jpg 768w, https:\/\/ismfrance.org\/wp-content\/uploads\/2022\/11\/abbas-arafat.jpg 1155w\" sizes=\"auto, (max-width: 600px) 100vw, 600px\" \/><\/a><\/p>\n<p><span style=\"color: #000000;\"><span style=\"font-family: Verdana, sans-serif;\"><span style=\"font-size: medium;\">Selon les m\u00e9dias isra\u00e9liens, les documents divulgu\u00e9s affirment qu&rsquo;Arafat n&rsquo;appr\u00e9ciait gu\u00e8re l&rsquo;actuel pr\u00e9sident palestinien Mahmoud Abbas et pensait que ce dernier complotait pour le renverser.<\/span><\/span><\/span><\/p>\n<p><span style=\"color: #000000;\"><span style=\"font-family: Verdana, sans-serif;\"><span style=\"font-size: medium;\">La source de ces fuites est encore inconnue. Les m\u00e9dias isra\u00e9liens ont rapport\u00e9 qu&rsquo;ils affirment qu&rsquo;Arafat \u00e9tait convaincu que le pr\u00e9sident palestinien Abbas conspirait contre lui en collaboration avec Isra\u00ebl et les \u00c9tats-Unis.<\/span><\/span><\/span><\/p>\n<p><span style=\"color: #000000;\"><span style=\"font-family: Verdana, sans-serif;\"><span style=\"font-size: medium;\">Arafat est mort dans un h\u00f4pital fran\u00e7ais en 2004 et les Palestiniens ont marqu\u00e9 le 18e anniversaire de sa mort cette semaine.<\/span><\/span><\/span><\/p>\n<p><span style=\"color: #000000;\"><span style=\"font-family: Verdana, sans-serif;\"><span style=\"font-size: medium;\">Les Palestiniens sont largement convaincus qu&rsquo;il a \u00e9t\u00e9 empoisonn\u00e9, bien que cela n&rsquo;ait jamais \u00e9t\u00e9 prouv\u00e9 de mani\u00e8re concluante.<\/span><\/span><\/span><\/p>\n<p><span style=\"color: #000000;\"><span style=\"font-family: Verdana, sans-serif;\"><span style=\"font-size: medium;\">Les responsables palestiniens ont refus\u00e9 de confirmer ou d&rsquo;infirmer l&rsquo;authenticit\u00e9 des documents, qui consistent principalement en des t\u00e9moignages donn\u00e9s devant une commission sp\u00e9ciale mise en place par l&rsquo;Autorit\u00e9 palestinienne pour enqu\u00eater sur la mort d&rsquo;Arafat il y a 18 ans.<\/span><\/span><\/span><\/p>\n<p><span style=\"color: #000000;\"><span style=\"font-family: Verdana, sans-serif;\"><span style=\"font-size: medium;\">La commission essaierait de d\u00e9couvrir qui les a divulgu\u00e9s.<\/span><\/span><\/span><\/p>\n<p><span style=\"color: #000000;\"><span style=\"font-family: Verdana, sans-serif;\"><span style=\"font-size: medium;\">Selon certaines informations, des opposants \u00e0 M. Abbas au sein du mouvement palestinien Fatah, qu&rsquo;il dirige, auraient d\u00e9lib\u00e9r\u00e9ment divulgu\u00e9 ces documents pour nuire au pr\u00e9sident.<\/span><\/span><\/span><\/p>\n<p><span style=\"color: #000000;\"><span style=\"font-family: Verdana, sans-serif;\"><span style=\"font-size: medium;\">La commission d&rsquo;enqu\u00eate, qui n&rsquo;a jamais publi\u00e9 ses conclusions sur la mort d&rsquo;Arafat, est dirig\u00e9e par Tawfik al-Tirawi, un critique virulent d&rsquo;Abbas.<\/span><\/span><\/span><\/p>\n<p><span style=\"color: #000000;\"><span style=\"font-family: Verdana, sans-serif;\"><span style=\"font-size: medium;\">\u00ab\u00a0Je suis absolument convaincu que les fuites ont plus \u00e0 voir avec le conflit interne [au Fatah] qu&rsquo;avec l&rsquo;assassinat de Yasser Arafat\u00a0\u00bb, a d\u00e9clar\u00e9 Nasser al-Kidwa, neveu du d\u00e9funt leader et responsable du Fatah, au site fr\u00e8re du <i>New Arab<\/i>, <i>Al-Araby Al-Jadeed<\/i>.<\/span><\/span><\/span><\/p>\n<p><span style=\"color: #000000;\"><span style=\"font-family: Verdana, sans-serif;\"><span style=\"font-size: medium;\">\u00ab\u00a0Ma position depuis le d\u00e9but concernant l&rsquo;assassinat de Yasser Arafat n&rsquo;a pas chang\u00e9, et c&rsquo;est l&rsquo;enti\u00e8re responsabilit\u00e9 de l&rsquo;occupation isra\u00e9lienne, et toute autre parole est une corruption de ce fait\u00a0\u00bb, a-t-il ajout\u00e9.<\/span><\/span><\/span><\/p>\n<p><span style=\"color: #000000;\"><span style=\"font-family: Verdana, sans-serif;\"><span style=\"font-size: medium;\">Al-Kidwa a reproch\u00e9 \u00e0 Abbas de ne pas avoir mis en place un comit\u00e9 d&rsquo;enqu\u00eate appropri\u00e9 pour examiner la mort d&rsquo;Arafat apr\u00e8s toutes ces ann\u00e9es.<\/span><\/span><\/span><\/p>\n<p><span style=\"color: #000000;\"><span style=\"font-family: Verdana, sans-serif;\"><span style=\"font-size: medium;\"><i>Article original en anglais sur <a href=\"https:\/\/english.alaraby.co.uk\/news\/leaked-documents-reveal-enmity-between-arafat-abbas\">The New Arab<\/a> \/ Traduction MR<\/i><\/span><\/span><\/span><\/p>\n","protected":false},"excerpt":{"rendered":"<p>The New Arab, 12 novembre 2022. Des centaines de documents relatifs \u00e0 la mort du d\u00e9funt pr\u00e9sident palestinien Yasser Arafat ont \u00e9t\u00e9 divulgu\u00e9s au cours de la semaine \u00e9coul\u00e9e, suscitant <a class=\"more-link\" href=\"https:\/\/ismfrance.org\/index.php\/2022\/11\/13\/la-fuite-de-documents-concernant-la-mort-darafat-revele-lanimosite-du-defunt-leader-palestinien-envers-mahmoud-abbas\/\">Lire la suite &rarr;<\/a><\/p>\n","protected":false},"author":3,"featured_media":4019,"comment_status":"closed","ping_status":"closed","sticky":false,"template":"","format":"standard","meta":{"footnotes":""},"categories":[12,2],"tags":[155,58],"class_list":["post-4018","post","type-post","status-publish","format-standard","has-post-thumbnail","hentry","category-analyses","category-articles","tag-assassinats-cibles","tag-histoire"],"yoast_head":"<!-- This site is optimized with the Yoast SEO plugin v27.2 - https:\/\/yoast.com\/product\/yoast-seo-wordpress\/ -->\n<title>La fuite de documents concernant la mort d&#039;Arafat &quot;r\u00e9v\u00e8le&quot; l&#039;animosit\u00e9 du d\u00e9funt leader palestinien envers Mahmoud Abbas - International Solidarity Movement - ISM-France<\/title>\n<meta name=\"robots\" content=\"index, follow, max-snippet:-1, max-image-preview:large, max-video-preview:-1\" \/>\n<link rel=\"canonical\" href=\"https:\/\/ismfrance.org\/index.php\/2022\/11\/13\/la-fuite-de-documents-concernant-la-mort-darafat-revele-lanimosite-du-defunt-leader-palestinien-envers-mahmoud-abbas\/\" \/>\n<meta property=\"og:locale\" content=\"fr_FR\" \/>\n<meta property=\"og:type\" content=\"article\" \/>\n<meta property=\"og:title\" content=\"La fuite de documents concernant la mort d&#039;Arafat &quot;r\u00e9v\u00e8le&quot; l&#039;animosit\u00e9 du d\u00e9funt leader palestinien envers Mahmoud Abbas - International Solidarity Movement - ISM-France\" \/>\n<meta property=\"og:description\" content=\"The New Arab, 12 novembre 2022. Des centaines de documents relatifs \u00e0 la mort du d\u00e9funt pr\u00e9sident palestinien Yasser Arafat ont \u00e9t\u00e9 divulgu\u00e9s au cours de la semaine \u00e9coul\u00e9e, suscitant Lire la suite &rarr;\" \/>\n<meta property=\"og:url\" content=\"https:\/\/ismfrance.org\/index.php\/2022\/11\/13\/la-fuite-de-documents-concernant-la-mort-darafat-revele-lanimosite-du-defunt-leader-palestinien-envers-mahmoud-abbas\/\" \/>\n<meta property=\"og:site_name\" content=\"International Solidarity Movement - ISM-France\" \/>\n<meta property=\"article:published_time\" content=\"2022-11-13T09:57:11+00:00\" \/>\n<meta property=\"og:image\" content=\"https:\/\/ismfrance.org\/wp-content\/uploads\/2022\/11\/abbas-arafat.jpg\" \/>\n\t<meta property=\"og:image:width\" content=\"1155\" \/>\n\t<meta property=\"og:image:height\" content=\"650\" \/>\n\t<meta property=\"og:image:type\" content=\"image\/jpeg\" \/>\n<meta name=\"author\" content=\"mru_01\" \/>\n<meta name=\"twitter:card\" content=\"summary_large_image\" \/>\n<meta name=\"twitter:creator\" content=\"@ISMFRANCE\" \/>\n<meta name=\"twitter:site\" content=\"@ISMFRANCE\" \/>\n<meta name=\"twitter:label1\" content=\"\u00c9crit par\" \/>\n\t<meta name=\"twitter:data1\" content=\"mru_01\" \/>\n\t<meta name=\"twitter:label2\" content=\"Dur\u00e9e de lecture estim\u00e9e\" \/>\n\t<meta name=\"twitter:data2\" content=\"2 minutes\" \/>\n<script type=\"application\/ld+json\" class=\"yoast-schema-graph\">{\"@context\":\"https:\/\/schema.org\",\"@graph\":[{\"@type\":\"Article\",\"@id\":\"https:\/\/ismfrance.org\/index.php\/2022\/11\/13\/la-fuite-de-documents-concernant-la-mort-darafat-revele-lanimosite-du-defunt-leader-palestinien-envers-mahmoud-abbas\/#article\",\"isPartOf\":{\"@id\":\"https:\/\/ismfrance.org\/index.php\/2022\/11\/13\/la-fuite-de-documents-concernant-la-mort-darafat-revele-lanimosite-du-defunt-leader-palestinien-envers-mahmoud-abbas\/\"},\"author\":{\"name\":\"mru_01\",\"@id\":\"https:\/\/ismfrance.org\/#\/schema\/person\/3c411eb72adfaae19c0dca1f41fae01d\"},\"headline\":\"La fuite de documents concernant la mort d&rsquo;Arafat \u00ab\u00a0r\u00e9v\u00e8le\u00a0\u00bb l&rsquo;animosit\u00e9 du d\u00e9funt leader palestinien envers Mahmoud Abbas\",\"datePublished\":\"2022-11-13T09:57:11+00:00\",\"mainEntityOfPage\":{\"@id\":\"https:\/\/ismfrance.org\/index.php\/2022\/11\/13\/la-fuite-de-documents-concernant-la-mort-darafat-revele-lanimosite-du-defunt-leader-palestinien-envers-mahmoud-abbas\/\"},\"wordCount\":424,\"publisher\":{\"@id\":\"https:\/\/ismfrance.org\/#organization\"},\"image\":{\"@id\":\"https:\/\/ismfrance.org\/index.php\/2022\/11\/13\/la-fuite-de-documents-concernant-la-mort-darafat-revele-lanimosite-du-defunt-leader-palestinien-envers-mahmoud-abbas\/#primaryimage\"},\"thumbnailUrl\":\"https:\/\/ismfrance.org\/wp-content\/uploads\/2022\/11\/abbas-arafat.jpg\",\"keywords\":[\"Assassinats cibl\u00e9s\",\"Histoire\"],\"articleSection\":[\"Analyses\",\"Articles\"],\"inLanguage\":\"fr-FR\"},{\"@type\":\"WebPage\",\"@id\":\"https:\/\/ismfrance.org\/index.php\/2022\/11\/13\/la-fuite-de-documents-concernant-la-mort-darafat-revele-lanimosite-du-defunt-leader-palestinien-envers-mahmoud-abbas\/\",\"url\":\"https:\/\/ismfrance.org\/index.php\/2022\/11\/13\/la-fuite-de-documents-concernant-la-mort-darafat-revele-lanimosite-du-defunt-leader-palestinien-envers-mahmoud-abbas\/\",\"name\":\"La fuite de documents concernant la mort d'Arafat \\\"r\u00e9v\u00e8le\\\" l'animosit\u00e9 du d\u00e9funt leader palestinien envers Mahmoud Abbas - International Solidarity Movement - ISM-France\",\"isPartOf\":{\"@id\":\"https:\/\/ismfrance.org\/#website\"},\"primaryImageOfPage\":{\"@id\":\"https:\/\/ismfrance.org\/index.php\/2022\/11\/13\/la-fuite-de-documents-concernant-la-mort-darafat-revele-lanimosite-du-defunt-leader-palestinien-envers-mahmoud-abbas\/#primaryimage\"},\"image\":{\"@id\":\"https:\/\/ismfrance.org\/index.php\/2022\/11\/13\/la-fuite-de-documents-concernant-la-mort-darafat-revele-lanimosite-du-defunt-leader-palestinien-envers-mahmoud-abbas\/#primaryimage\"},\"thumbnailUrl\":\"https:\/\/ismfrance.org\/wp-content\/uploads\/2022\/11\/abbas-arafat.jpg\",\"datePublished\":\"2022-11-13T09:57:11+00:00\",\"breadcrumb\":{\"@id\":\"https:\/\/ismfrance.org\/index.php\/2022\/11\/13\/la-fuite-de-documents-concernant-la-mort-darafat-revele-lanimosite-du-defunt-leader-palestinien-envers-mahmoud-abbas\/#breadcrumb\"},\"inLanguage\":\"fr-FR\",\"potentialAction\":[{\"@type\":\"ReadAction\",\"target\":[\"https:\/\/ismfrance.org\/index.php\/2022\/11\/13\/la-fuite-de-documents-concernant-la-mort-darafat-revele-lanimosite-du-defunt-leader-palestinien-envers-mahmoud-abbas\/\"]}]},{\"@type\":\"ImageObject\",\"inLanguage\":\"fr-FR\",\"@id\":\"https:\/\/ismfrance.org\/index.php\/2022\/11\/13\/la-fuite-de-documents-concernant-la-mort-darafat-revele-lanimosite-du-defunt-leader-palestinien-envers-mahmoud-abbas\/#primaryimage\",\"url\":\"https:\/\/ismfrance.org\/wp-content\/uploads\/2022\/11\/abbas-arafat.jpg\",\"contentUrl\":\"https:\/\/ismfrance.org\/wp-content\/uploads\/2022\/11\/abbas-arafat.jpg\",\"width\":1155,\"height\":650},{\"@type\":\"BreadcrumbList\",\"@id\":\"https:\/\/ismfrance.org\/index.php\/2022\/11\/13\/la-fuite-de-documents-concernant-la-mort-darafat-revele-lanimosite-du-defunt-leader-palestinien-envers-mahmoud-abbas\/#breadcrumb\",\"itemListElement\":[{\"@type\":\"ListItem\",\"position\":1,\"name\":\"Accueil\",\"item\":\"https:\/\/ismfrance.org\/\"},{\"@type\":\"ListItem\",\"position\":2,\"name\":\"La fuite de documents concernant la mort d&#8217;Arafat &#8220;r\u00e9v\u00e8le&#8221; l&#8217;animosit\u00e9 du d\u00e9funt leader palestinien envers Mahmoud Abbas\"}]},{\"@type\":\"WebSite\",\"@id\":\"https:\/\/ismfrance.org\/#website\",\"url\":\"https:\/\/ismfrance.org\/\",\"name\":\"ISM Palestine France\",\"description\":\"Soutien aux luttes de lib\u00e9ration du peuple palestinien\",\"publisher\":{\"@id\":\"https:\/\/ismfrance.org\/#organization\"},\"potentialAction\":[{\"@type\":\"SearchAction\",\"target\":{\"@type\":\"EntryPoint\",\"urlTemplate\":\"https:\/\/ismfrance.org\/?s={search_term_string}\"},\"query-input\":{\"@type\":\"PropertyValueSpecification\",\"valueRequired\":true,\"valueName\":\"search_term_string\"}}],\"inLanguage\":\"fr-FR\"},{\"@type\":\"Organization\",\"@id\":\"https:\/\/ismfrance.org\/#organization\",\"name\":\"International Solidarity Movement\",\"url\":\"https:\/\/ismfrance.org\/\",\"logo\":{\"@type\":\"ImageObject\",\"inLanguage\":\"fr-FR\",\"@id\":\"https:\/\/ismfrance.org\/#\/schema\/logo\/image\/\",\"url\":\"https:\/\/ismfrance.org\/wp-content\/uploads\/2020\/12\/00.png\",\"contentUrl\":\"https:\/\/ismfrance.org\/wp-content\/uploads\/2020\/12\/00.png\",\"width\":400,\"height\":400,\"caption\":\"International Solidarity Movement\"},\"image\":{\"@id\":\"https:\/\/ismfrance.org\/#\/schema\/logo\/image\/\"},\"sameAs\":[\"https:\/\/x.com\/ISMFRANCE\"]},{\"@type\":\"Person\",\"@id\":\"https:\/\/ismfrance.org\/#\/schema\/person\/3c411eb72adfaae19c0dca1f41fae01d\",\"name\":\"mru_01\",\"image\":{\"@type\":\"ImageObject\",\"inLanguage\":\"fr-FR\",\"@id\":\"https:\/\/secure.gravatar.com\/avatar\/3a0be343b445d2ccc79e87444a294fad2b232e90d2051d0e3cc219e1ecd6a330?s=96&d=mm&r=g\",\"url\":\"https:\/\/secure.gravatar.com\/avatar\/3a0be343b445d2ccc79e87444a294fad2b232e90d2051d0e3cc219e1ecd6a330?s=96&d=mm&r=g\",\"contentUrl\":\"https:\/\/secure.gravatar.com\/avatar\/3a0be343b445d2ccc79e87444a294fad2b232e90d2051d0e3cc219e1ecd6a330?s=96&d=mm&r=g\",\"caption\":\"mru_01\"},\"url\":\"https:\/\/ismfrance.org\/index.php\/author\/admin02\/\"}]}<\/script>\n<!-- \/ Yoast SEO plugin. -->","yoast_head_json":{"title":"La fuite de documents concernant la mort d'Arafat \"r\u00e9v\u00e8le\" l'animosit\u00e9 du d\u00e9funt leader palestinien envers Mahmoud Abbas - International Solidarity Movement - ISM-France","robots":{"index":"index","follow":"follow","max-snippet":"max-snippet:-1","max-image-preview":"max-image-preview:large","max-video-preview":"max-video-preview:-1"},"canonical":"https:\/\/ismfrance.org\/index.php\/2022\/11\/13\/la-fuite-de-documents-concernant-la-mort-darafat-revele-lanimosite-du-defunt-leader-palestinien-envers-mahmoud-abbas\/","og_locale":"fr_FR","og_type":"article","og_title":"La fuite de documents concernant la mort d'Arafat \"r\u00e9v\u00e8le\" l'animosit\u00e9 du d\u00e9funt leader palestinien envers Mahmoud Abbas - International Solidarity Movement - ISM-France","og_description":"The New Arab, 12 novembre 2022. Des centaines de documents relatifs \u00e0 la mort du d\u00e9funt pr\u00e9sident palestinien Yasser Arafat ont \u00e9t\u00e9 divulgu\u00e9s au cours de la semaine \u00e9coul\u00e9e, suscitant Lire la suite &rarr;","og_url":"https:\/\/ismfrance.org\/index.php\/2022\/11\/13\/la-fuite-de-documents-concernant-la-mort-darafat-revele-lanimosite-du-defunt-leader-palestinien-envers-mahmoud-abbas\/","og_site_name":"International Solidarity Movement - ISM-France","article_published_time":"2022-11-13T09:57:11+00:00","og_image":[{"width":1155,"height":650,"url":"https:\/\/ismfrance.org\/wp-content\/uploads\/2022\/11\/abbas-arafat.jpg","type":"image\/jpeg"}],"author":"mru_01","twitter_card":"summary_large_image","twitter_creator":"@ISMFRANCE","twitter_site":"@ISMFRANCE","twitter_misc":{"\u00c9crit par":"mru_01","Dur\u00e9e de lecture estim\u00e9e":"2 minutes"},"schema":{"@context":"https:\/\/schema.org","@graph":[{"@type":"Article","@id":"https:\/\/ismfrance.org\/index.php\/2022\/11\/13\/la-fuite-de-documents-concernant-la-mort-darafat-revele-lanimosite-du-defunt-leader-palestinien-envers-mahmoud-abbas\/#article","isPartOf":{"@id":"https:\/\/ismfrance.org\/index.php\/2022\/11\/13\/la-fuite-de-documents-concernant-la-mort-darafat-revele-lanimosite-du-defunt-leader-palestinien-envers-mahmoud-abbas\/"},"author":{"name":"mru_01","@id":"https:\/\/ismfrance.org\/#\/schema\/person\/3c411eb72adfaae19c0dca1f41fae01d"},"headline":"La fuite de documents concernant la mort d&rsquo;Arafat \u00ab\u00a0r\u00e9v\u00e8le\u00a0\u00bb l&rsquo;animosit\u00e9 du d\u00e9funt leader palestinien envers Mahmoud Abbas","datePublished":"2022-11-13T09:57:11+00:00","mainEntityOfPage":{"@id":"https:\/\/ismfrance.org\/index.php\/2022\/11\/13\/la-fuite-de-documents-concernant-la-mort-darafat-revele-lanimosite-du-defunt-leader-palestinien-envers-mahmoud-abbas\/"},"wordCount":424,"publisher":{"@id":"https:\/\/ismfrance.org\/#organization"},"image":{"@id":"https:\/\/ismfrance.org\/index.php\/2022\/11\/13\/la-fuite-de-documents-concernant-la-mort-darafat-revele-lanimosite-du-defunt-leader-palestinien-envers-mahmoud-abbas\/#primaryimage"},"thumbnailUrl":"https:\/\/ismfrance.org\/wp-content\/uploads\/2022\/11\/abbas-arafat.jpg","keywords":["Assassinats cibl\u00e9s","Histoire"],"articleSection":["Analyses","Articles"],"inLanguage":"fr-FR"},{"@type":"WebPage","@id":"https:\/\/ismfrance.org\/index.php\/2022\/11\/13\/la-fuite-de-documents-concernant-la-mort-darafat-revele-lanimosite-du-defunt-leader-palestinien-envers-mahmoud-abbas\/","url":"https:\/\/ismfrance.org\/index.php\/2022\/11\/13\/la-fuite-de-documents-concernant-la-mort-darafat-revele-lanimosite-du-defunt-leader-palestinien-envers-mahmoud-abbas\/","name":"La fuite de documents concernant la mort d'Arafat \"r\u00e9v\u00e8le\" l'animosit\u00e9 du d\u00e9funt leader palestinien envers Mahmoud Abbas - International Solidarity Movement - ISM-France","isPartOf":{"@id":"https:\/\/ismfrance.org\/#website"},"primaryImageOfPage":{"@id":"https:\/\/ismfrance.org\/index.php\/2022\/11\/13\/la-fuite-de-documents-concernant-la-mort-darafat-revele-lanimosite-du-defunt-leader-palestinien-envers-mahmoud-abbas\/#primaryimage"},"image":{"@id":"https:\/\/ismfrance.org\/index.php\/2022\/11\/13\/la-fuite-de-documents-concernant-la-mort-darafat-revele-lanimosite-du-defunt-leader-palestinien-envers-mahmoud-abbas\/#primaryimage"},"thumbnailUrl":"https:\/\/ismfrance.org\/wp-content\/uploads\/2022\/11\/abbas-arafat.jpg","datePublished":"2022-11-13T09:57:11+00:00","breadcrumb":{"@id":"https:\/\/ismfrance.org\/index.php\/2022\/11\/13\/la-fuite-de-documents-concernant-la-mort-darafat-revele-lanimosite-du-defunt-leader-palestinien-envers-mahmoud-abbas\/#breadcrumb"},"inLanguage":"fr-FR","potentialAction":[{"@type":"ReadAction","target":["https:\/\/ismfrance.org\/index.php\/2022\/11\/13\/la-fuite-de-documents-concernant-la-mort-darafat-revele-lanimosite-du-defunt-leader-palestinien-envers-mahmoud-abbas\/"]}]},{"@type":"ImageObject","inLanguage":"fr-FR","@id":"https:\/\/ismfrance.org\/index.php\/2022\/11\/13\/la-fuite-de-documents-concernant-la-mort-darafat-revele-lanimosite-du-defunt-leader-palestinien-envers-mahmoud-abbas\/#primaryimage","url":"https:\/\/ismfrance.org\/wp-content\/uploads\/2022\/11\/abbas-arafat.jpg","contentUrl":"https:\/\/ismfrance.org\/wp-content\/uploads\/2022\/11\/abbas-arafat.jpg","width":1155,"height":650},{"@type":"BreadcrumbList","@id":"https:\/\/ismfrance.org\/index.php\/2022\/11\/13\/la-fuite-de-documents-concernant-la-mort-darafat-revele-lanimosite-du-defunt-leader-palestinien-envers-mahmoud-abbas\/#breadcrumb","itemListElement":[{"@type":"ListItem","position":1,"name":"Accueil","item":"https:\/\/ismfrance.org\/"},{"@type":"ListItem","position":2,"name":"La fuite de documents concernant la mort d&#8217;Arafat &#8220;r\u00e9v\u00e8le&#8221; l&#8217;animosit\u00e9 du d\u00e9funt leader palestinien envers Mahmoud Abbas"}]},{"@type":"WebSite","@id":"https:\/\/ismfrance.org\/#website","url":"https:\/\/ismfrance.org\/","name":"ISM Palestine France","description":"Soutien aux luttes de lib\u00e9ration du peuple palestinien","publisher":{"@id":"https:\/\/ismfrance.org\/#organization"},"potentialAction":[{"@type":"SearchAction","target":{"@type":"EntryPoint","urlTemplate":"https:\/\/ismfrance.org\/?s={search_term_string}"},"query-input":{"@type":"PropertyValueSpecification","valueRequired":true,"valueName":"search_term_string"}}],"inLanguage":"fr-FR"},{"@type":"Organization","@id":"https:\/\/ismfrance.org\/#organization","name":"International Solidarity Movement","url":"https:\/\/ismfrance.org\/","logo":{"@type":"ImageObject","inLanguage":"fr-FR","@id":"https:\/\/ismfrance.org\/#\/schema\/logo\/image\/","url":"https:\/\/ismfrance.org\/wp-content\/uploads\/2020\/12\/00.png","contentUrl":"https:\/\/ismfrance.org\/wp-content\/uploads\/2020\/12\/00.png","width":400,"height":400,"caption":"International Solidarity Movement"},"image":{"@id":"https:\/\/ismfrance.org\/#\/schema\/logo\/image\/"},"sameAs":["https:\/\/x.com\/ISMFRANCE"]},{"@type":"Person","@id":"https:\/\/ismfrance.org\/#\/schema\/person\/3c411eb72adfaae19c0dca1f41fae01d","name":"mru_01","image":{"@type":"ImageObject","inLanguage":"fr-FR","@id":"https:\/\/secure.gravatar.com\/avatar\/3a0be343b445d2ccc79e87444a294fad2b232e90d2051d0e3cc219e1ecd6a330?s=96&d=mm&r=g","url":"https:\/\/secure.gravatar.com\/avatar\/3a0be343b445d2ccc79e87444a294fad2b232e90d2051d0e3cc219e1ecd6a330?s=96&d=mm&r=g","contentUrl":"https:\/\/secure.gravatar.com\/avatar\/3a0be343b445d2ccc79e87444a294fad2b232e90d2051d0e3cc219e1ecd6a330?s=96&d=mm&r=g","caption":"mru_01"},"url":"https:\/\/ismfrance.org\/index.php\/author\/admin02\/"}]}},"_links":{"self":[{"href":"https:\/\/ismfrance.org\/index.php\/wp-json\/wp\/v2\/posts\/4018","targetHints":{"allow":["GET"]}}],"collection":[{"href":"https:\/\/ismfrance.org\/index.php\/wp-json\/wp\/v2\/posts"}],"about":[{"href":"https:\/\/ismfrance.org\/index.php\/wp-json\/wp\/v2\/types\/post"}],"author":[{"embeddable":true,"href":"https:\/\/ismfrance.org\/index.php\/wp-json\/wp\/v2\/users\/3"}],"replies":[{"embeddable":true,"href":"https:\/\/ismfrance.org\/index.php\/wp-json\/wp\/v2\/comments?post=4018"}],"version-history":[{"count":0,"href":"https:\/\/ismfrance.org\/index.php\/wp-json\/wp\/v2\/posts\/4018\/revisions"}],"wp:featuredmedia":[{"embeddable":true,"href":"https:\/\/ismfrance.org\/index.php\/wp-json\/wp\/v2\/media\/4019"}],"wp:attachment":[{"href":"https:\/\/ismfrance.org\/index.php\/wp-json\/wp\/v2\/media?parent=4018"}],"wp:term":[{"taxonomy":"category","embeddable":true,"href":"https:\/\/ismfrance.org\/index.php\/wp-json\/wp\/v2\/categories?post=4018"},{"taxonomy":"post_tag","embeddable":true,"href":"https:\/\/ismfrance.org\/index.php\/wp-json\/wp\/v2\/tags?post=4018"}],"curies":[{"name":"wp","href":"https:\/\/api.w.org\/{rel}","templated":true}]}}