{"id":386,"date":"2021-07-27T19:09:18","date_gmt":"2021-07-27T17:09:18","guid":{"rendered":"https:\/\/ismfrance.org\/?p=386"},"modified":"2021-11-12T11:25:27","modified_gmt":"2021-11-12T10:25:27","slug":"pourquoi-israel-redoute-t-il-le-boycott-dun-marchand-de-glaces","status":"publish","type":"post","link":"https:\/\/ismfrance.org\/index.php\/2021\/07\/27\/pourquoi-israel-redoute-t-il-le-boycott-dun-marchand-de-glaces\/","title":{"rendered":"Pourquoi Isra\u00ebl redoute-t-il le boycott d&rsquo;un marchand de glaces ?"},"content":{"rendered":"<p><strong>Motasem A Dalloul, 26 juillet 2021. <\/strong>Le g\u00e9ant am\u00e9ricain de glaces Ben &amp; Jerry&rsquo;s a <a href=\"https:\/\/www.benjerry.com\/about-us\/media-center\/palestine-statement\">annonc\u00e9<\/a>\u00a0la semaine derni\u00e8re qu&rsquo;il allait cesser de vendre ses produits dans les territoires palestiniens occup\u00e9s de Cisjordanie et de J\u00e9rusalem-Est. De telles ventes, estime-t-il, sont \u00ab\u00a0incompatibles\u00a0\u00bb avec ses valeurs, a indiqu\u00e9 l&rsquo;entreprise sur son site internet. \u00ab\u00a0Nous entendons et reconnaissons \u00e9galement les pr\u00e9occupations partag\u00e9es avec nous par nos fans et nos partenaires de confiance.\u00a0\u00bb<\/p>\n<div id=\"attachment_394\" style=\"width: 710px\" class=\"wp-caption aligncenter\"><img loading=\"lazy\" decoding=\"async\" aria-describedby=\"caption-attachment-394\" class=\"alignleft size-full wp-image-404\" src=\"https:\/\/ismfrance.org\/wp-content\/uploads\/2021\/07\/02-2.jpg\" alt=\"\" width=\"700\" height=\"394\" srcset=\"https:\/\/ismfrance.org\/wp-content\/uploads\/2021\/07\/02-2.jpg 700w, https:\/\/ismfrance.org\/wp-content\/uploads\/2021\/07\/02-2-300x169.jpg 300w\" sizes=\"auto, (max-width: 700px) 100vw, 700px\" \/><p id=\"caption-attachment-394\" class=\"wp-caption-text\">Illustration de l\u2019aArticle \u201cBDS impacts so far in 2021\u201d, sur le site <a href=\"https:\/\/bdsmovement.net\/news\/bds-impacts-so-far-2021\">bdsmovement.net<\/a>.<\/p><\/div>\n<p>Ben &amp; Jerry&rsquo;s est connue pour ses prises de position sur les questions sociales. Elle a par exemple pris une position historique en soutien au mouvement <em>Black Lives Matter<\/em> en 2016. M\u00eame si son usine dans le sud d&rsquo;Isra\u00ebl continuera \u00e0 fonctionner, elle cessera ses ventes dans les colonies juives isra\u00e9liennes, qui sont ill\u00e9gales au regard du droit international.<\/p>\n<p>La d\u00e9cision de la soci\u00e9t\u00e9 bas\u00e9e dans le Vermont, qui a \u00e9t\u00e9 fond\u00e9e par deux Am\u00e9ricains juifs, a transform\u00e9 le boycott des colonies isra\u00e9liennes ill\u00e9gales construites sur des terres palestiniennes vol\u00e9es en un nouveau front de la guerre d&rsquo;Isra\u00ebl contre le mouvement de Boycott, D\u00e9sinvestissement et Sanctions. BDS est une campagne populaire men\u00e9e par les Palestiniens contre les entreprises, les institutions culturelles et les universit\u00e9s isra\u00e9liennes ; elle b\u00e9n\u00e9ficie d&rsquo;un soutien mondial et est enti\u00e8rement pacifique.<\/p>\n<p>Selon le pr\u00e9sident Isaac Herzog, ancien chef du parti travailliste isra\u00e9lien, la d\u00e9cision de Ben &amp; Jerry est cependant \u00ab\u00a0<em>un acte de terrorisme \u00e9conomique dangereux, de type nazi, qui d\u00e9shumanise le peuple juif.<\/em>\u00a0\u00bb Le Premier ministre Naftali Bennett a accus\u00e9 l&rsquo;entreprise de se ranger du c\u00f4t\u00e9 des \u00ab\u00a0<em>terroristes<\/em>\u00a0\u00bb et a mis en garde la soci\u00e9t\u00e9 m\u00e8re du fabricant de glaces, Unilever, contre de \u00ab\u00a0<em>graves cons\u00e9quences<\/em>\u00ab\u00a0.<\/p>\n<p>L&rsquo;envoy\u00e9 isra\u00e9lien aux \u00c9tats-Unis et \u00e0 l&rsquo;ONU, Gilad Erdan, a d\u00e9clar\u00e9 que \u00ab\u00a0<em>les entreprises c\u00e8dent \u00e0 la pression de BDS et introduisent des consid\u00e9rations politiques anti-isra\u00e9liennes dans leurs d\u00e9cisions.<\/em>\u00a0\u00bb Pour le ministre des Affaires \u00e9trang\u00e8res Yair Lapid, cette d\u00e9cision est une \u00ab\u00a0<em>reddition honteuse \u00e0 l&rsquo;antis\u00e9mitisme, \u00e0 BDS et \u00e0 tout ce qui est mauvais dans le discours anti-isra\u00e9lien et anti-juif.<\/em>\u00a0\u00bb Erdan a envoy\u00e9 une lettre \u00e0 35 Etats am\u00e9ricains leur demandant d&rsquo;activer les lois anti-boycott contre Ben &amp; Jerry&rsquo;s, ce qui, paradoxalement, verrait l&rsquo;entreprise elle-m\u00eame \u00eatre boycott\u00e9e par les institutions \u00e9tatiques. Les boycotts sont un terrorisme antis\u00e9mite et honteux&#8230; sauf s&rsquo;ils profitent \u00e0 Isra\u00ebl. Quelle hypocrisie recuite.<\/p>\n<p>Cette r\u00e9ponse est typique de la propagande isra\u00e9lienne qui utilise l&rsquo;antis\u00e9mitisme comme arme pour limiter les critiques l\u00e9gitimes des politiques et des pratiques de l&rsquo;\u00c9tat sioniste. Le mouvement BDS est une forme de protestation enti\u00e8rement non-violente contre ces politiques qui ont trop souvent un impact mortel sur la vie des Palestiniens vivant sous occupation isra\u00e9lienne. Le message BDS trouve un \u00e9cho aupr\u00e8s des personnes \u00e9prises de justice dans le monde entier, en particulier parmi les jeunes sur les campus aux \u00c9tats-Unis et ailleurs.<\/p>\n<p>Cette fausse indignation, bien s\u00fbr, est destin\u00e9e \u00e0 intimider les gens pour qu&rsquo;ils \u00e9vitent de mener des actions BDS en faveur du peuple de la Palestine occup\u00e9e. Qui, apr\u00e8s tout, aime se faire traiter d&rsquo;antis\u00e9mite raciste ? Il s&rsquo;agit cependant d&rsquo;un \u00e9cran de fum\u00e9e destin\u00e9 \u00e0 d\u00e9tourner l&rsquo;attention de l&rsquo;oppression isra\u00e9lienne tr\u00e8s r\u00e9elle des Palestiniens. Le mouvement BDS demande que le droit international et les droits de l&rsquo;homme soient respect\u00e9s, et qu&rsquo;Isra\u00ebl soit tenu pour responsable de ses actions, qui ont \u00e9t\u00e9 d\u00e9crites &#8211; \u00e0 juste titre pour nombre de personnes &#8211; comme des crimes de guerre et des crimes contre l&rsquo;humanit\u00e9. Ben &amp; Jerry&rsquo;s cherche simplement \u00e0 se conformer au droit international. Pourquoi Isra\u00ebl le craint-il tant s&rsquo;il croit qu&rsquo;il n&rsquo;enfreint pas la loi ?<\/p>\n<p>Une rapide recherche sur Google suffit \u00e0 convaincre les gens raisonnables qu&rsquo;Isra\u00ebl ne respecte pas les droits de l&rsquo;homme des Palestiniens. L&rsquo;oppression de l&rsquo;\u00c9tat colonial d&rsquo;occupation comprend des ex\u00e9cutions extrajudiciaires, des d\u00e9tentions sans inculpation ni proc\u00e8s, des d\u00e9molitions de maisons, des vols de terres et la destruction de terres et de produits agricoles. Les Palestiniens de Cisjordanie et de J\u00e9rusalem occup\u00e9es doivent vivre avec des centaines de points de contr\u00f4le militaires qui les emp\u00eachent de se rendre dans les \u00e9coles, les h\u00f4pitaux, les commerces et les lieux de culte. Ceux de la bande de Gaza sont confront\u00e9s \u00e0 de fr\u00e9quentes incursions et offensives militaires des forces arm\u00e9es isra\u00e9liennes [et d\u2019un blocus meurtrier, ndt].<\/p>\n<p>Le groupe isra\u00e9lien de d\u00e9fense des droits de l&rsquo;homme B&rsquo;Tselem a <a href=\"https:\/\/www.btselem.org\/publications\/fulltext\/202101_this_is_apartheid\">d\u00e9crit <\/a>Isra\u00ebl comme un \u00c9tat d&rsquo;apartheid en janvier. Human Rights Watch <a href=\"https:\/\/www.hrw.org\/news\/2016\/01\/21\/occupation-inc\">a depuis dit <\/a>la m\u00eame chose. De plus, en 2016, HRW a appel\u00e9 les entreprises op\u00e9rant dans les colonies de Cisjordanie \u00ab\u00a0<em>\u00e0 \u00e9valuer leurs op\u00e9rations et \u00e0 comprendre comment elles peuvent b\u00e9n\u00e9ficier et contribuer aux violations des droits de l&rsquo;homme<\/em>.\u00a0\u00bb<\/p>\n<p>Les politiciens isra\u00e9liens sont en col\u00e8re contre la d\u00e9cision de Ben &amp; Jerry&rsquo;s car ils savent que les boycotts fonctionnent et peuvent avoir un effet domino. En effet, elle fait suite \u00e0 une d\u00e9cision similaire prise au d\u00e9but du mois par <a href=\"https:\/\/www.rfi.fr\/fr\/%C3%A9conomie\/20210705-le-fonds-de-pension-klp-se-retire-d-entreprises-op%C3%A9rant-dans-les-colonies-isra%C3%A9liennes\">le plus grand fonds de pension norv\u00e9gien <\/a>qui s&rsquo;est d\u00e9sengag\u00e9 de seize entreprises qui travaillent dans les colonies isra\u00e9liennes. S&rsquo;agit-il d&rsquo;une pente glissante qui verra d&rsquo;autres entreprises internationales suivre le mouvement ?<\/p>\n<p>Ben &amp; Jerry&rsquo;s continuera d&rsquo;exercer ses activit\u00e9s dans les territoires palestiniens occup\u00e9s jusqu&rsquo;\u00e0 l&rsquo;expiration de sa licence actuelle l&rsquo;ann\u00e9e prochaine, de sorte que la d\u00e9cision n&rsquo;aura pas d&rsquo;effet imm\u00e9diat et pourrait, en fait, \u00eatre annul\u00e9e, comme cela s&rsquo;est produit <a href=\"https:\/\/www.20minutes.fr\/monde\/2376199-20181120-airbnb-retire-colonies-cisjordanie-israel-menace-sanctions\">avec l\u2019entreprise Airbnb <\/a>en 2018. Cette derni\u00e8re a succomb\u00e9 \u00e0 la pression du lobby pro-isra\u00e9lien aux \u00c9tats-Unis et a \u00e9t\u00e9 accus\u00e9e de discrimination envers les Juifs. Elle est <a href=\"https:\/\/www.lepoint.fr\/monde\/cisjordanie-airbnb-revient-sur-sa-decision-de-quitter-les-colonies-10-04-2019-2306773_24.php\">revenue sur sa d\u00e9cision <\/a>seulement cinq mois apr\u00e8s. Selon Erdan, Ben &amp; Jerry&rsquo;s \u00ab\u00a0aura un prix \u00e0 payer\u00a0\u00bb, notamment des actions en justice.<\/p>\n<p>La d\u00e9cision du glacier a au moins permis de remettre la question palestinienne et l&rsquo;oppression isra\u00e9lienne \u00e0 l&rsquo;ordre du jour international. Elle a \u00e9galement fait la une des journaux. C&rsquo;est important, car cela met en \u00e9vidence l&rsquo;agression isra\u00e9lienne, m\u00eame contre une protestation non violente. C&rsquo;est pour cette raison que nous avons besoin que davantage, et non moins, d&rsquo;entreprises internationales fassent la m\u00eame chose que Ben &amp; Jerry&rsquo;s\u00a0\u00bb.<\/p>\n<p>\u00ab\u00a0Pour \u00eatre cynique\u00a0\u00bb, explique Hagit Ofran, directrice de l&rsquo;\u00e9quipe de surveillance des colonies de l&rsquo;organisation de gauche Peace Now, \u00ab\u00a0<em>si une entreprise dit qu&rsquo;elle ne fera plus d&rsquo;affaires dans les colonies, une autre se pr\u00e9sentera pour prendre sa place. Mais Ben &amp; Jerry&rsquo;s est un cas int\u00e9ressant parce qu&rsquo;elle est tr\u00e8s populaire : cette d\u00e9cision touche tous les foyers isra\u00e9liens. Si une autre entreprise cessait d&rsquo;importer des bulldozers, il est peu probable qu&rsquo;autant de personnes le remarqueraient<\/em>.\u00a0\u00bb<\/p>\n<p>Il existe un moyen simple pour MM. Herzog, Bennett, Lapid et Erdan de s&rsquo;assurer qu&rsquo;ils n&rsquo;auront pas \u00e0 faire face \u00e0 des boycotts \u00e0 l&rsquo;avenir : mettre fin \u00e0 l&rsquo;occupation de la Palestine et \u00e0 la brutalit\u00e9 syst\u00e9matique et institutionnalis\u00e9e qu&rsquo;elle implique. Pas d&rsquo;occupation signifie pas de r\u00e9sistance &#8211; de quelque nature que ce soit &#8211; \u00e0 l&rsquo;occupation. C&rsquo;est aussi simple que cela, mais les sionistes ne peuvent l&rsquo;accepter, car leur id\u00e9ologie raciste exige le plus de terres possible en Palestine, avec le moins de Palestiniens possible.<\/p>\n<p>Isra\u00ebl est un \u00c9tat raciste et colonial qui n&rsquo;a jamais d\u00e9clar\u00e9 ses fronti\u00e8res et qui ne le fera pas tant que son insatiable gloutonnerie de terres ne sera pas satisfaite. Il a besoin de l&rsquo;occupation, et ses hommes politiques ont besoin de leurs mensonges et de leur intimidation pour la maintenir. Alors bien jou\u00e9, Ben &amp; Jerry&rsquo;s\u00a0! Nous attendons avec impatience la prochaine annonce de boycott.<\/p>\n<p>&nbsp;<\/p>\n<p>[writers slug= motasem-a-dalloul]<\/p>\n<p><em>Article original en anglais sur <a href=\"https:\/\/www.middleeastmonitor.com\/20210726-why-does-israel-fear-a-boycott-by-an-ice-cream-company\/\">Middle East Monitor<\/a> \/\u00a0<\/em><em>\u00a0Traduction : MR pour ISM <\/em><\/p>\n","protected":false},"excerpt":{"rendered":"<p>Motasem A Dalloul, 26 juillet 2021. Le g\u00e9ant am\u00e9ricain de glaces Ben &amp; Jerry&rsquo;s a annonc\u00e9\u00a0la semaine derni\u00e8re qu&rsquo;il allait cesser de vendre ses produits dans les territoires palestiniens occup\u00e9s <a class=\"more-link\" href=\"https:\/\/ismfrance.org\/index.php\/2021\/07\/27\/pourquoi-israel-redoute-t-il-le-boycott-dun-marchand-de-glaces\/\">Lire la suite &rarr;<\/a><\/p>\n","protected":false},"author":3,"featured_media":404,"comment_status":"closed","ping_status":"open","sticky":false,"template":"","format":"standard","meta":{"footnotes":""},"categories":[12,2],"tags":[31],"class_list":["post-386","post","type-post","status-publish","format-standard","has-post-thumbnail","hentry","category-analyses","category-articles","tag-boycott"],"yoast_head":"<!-- This site is optimized with the Yoast SEO plugin v27.2 - https:\/\/yoast.com\/product\/yoast-seo-wordpress\/ -->\n<title>Pourquoi Isra\u00ebl redoute-t-il le boycott d&#039;un marchand de glaces ? - International Solidarity Movement - ISM-France<\/title>\n<meta name=\"robots\" content=\"index, follow, max-snippet:-1, max-image-preview:large, max-video-preview:-1\" \/>\n<link rel=\"canonical\" href=\"https:\/\/ismfrance.org\/index.php\/2021\/07\/27\/pourquoi-israel-redoute-t-il-le-boycott-dun-marchand-de-glaces\/\" \/>\n<meta property=\"og:locale\" content=\"fr_FR\" \/>\n<meta property=\"og:type\" content=\"article\" \/>\n<meta property=\"og:title\" content=\"Pourquoi Isra\u00ebl redoute-t-il le boycott d&#039;un marchand de glaces ? - International Solidarity Movement - ISM-France\" \/>\n<meta property=\"og:description\" content=\"Motasem A Dalloul, 26 juillet 2021. Le g\u00e9ant am\u00e9ricain de glaces Ben &amp; Jerry&rsquo;s a annonc\u00e9\u00a0la semaine derni\u00e8re qu&rsquo;il allait cesser de vendre ses produits dans les territoires palestiniens occup\u00e9s Lire la suite &rarr;\" \/>\n<meta property=\"og:url\" content=\"https:\/\/ismfrance.org\/index.php\/2021\/07\/27\/pourquoi-israel-redoute-t-il-le-boycott-dun-marchand-de-glaces\/\" \/>\n<meta property=\"og:site_name\" content=\"International Solidarity Movement - ISM-France\" \/>\n<meta property=\"article:published_time\" content=\"2021-07-27T17:09:18+00:00\" \/>\n<meta property=\"article:modified_time\" content=\"2021-11-12T10:25:27+00:00\" \/>\n<meta property=\"og:image\" content=\"https:\/\/ismfrance.org\/wp-content\/uploads\/2021\/07\/02-2.jpg\" \/>\n\t<meta property=\"og:image:width\" content=\"700\" \/>\n\t<meta property=\"og:image:height\" content=\"394\" \/>\n\t<meta property=\"og:image:type\" content=\"image\/jpeg\" \/>\n<meta name=\"author\" content=\"mru_01\" \/>\n<meta name=\"twitter:card\" content=\"summary_large_image\" \/>\n<meta name=\"twitter:creator\" content=\"@ISMFRANCE\" \/>\n<meta name=\"twitter:site\" content=\"@ISMFRANCE\" \/>\n<meta name=\"twitter:label1\" content=\"\u00c9crit par\" \/>\n\t<meta name=\"twitter:data1\" content=\"mru_01\" \/>\n\t<meta name=\"twitter:label2\" content=\"Dur\u00e9e de lecture estim\u00e9e\" \/>\n\t<meta name=\"twitter:data2\" content=\"6 minutes\" \/>\n<script type=\"application\/ld+json\" class=\"yoast-schema-graph\">{\"@context\":\"https:\/\/schema.org\",\"@graph\":[{\"@type\":\"Article\",\"@id\":\"https:\/\/ismfrance.org\/index.php\/2021\/07\/27\/pourquoi-israel-redoute-t-il-le-boycott-dun-marchand-de-glaces\/#article\",\"isPartOf\":{\"@id\":\"https:\/\/ismfrance.org\/index.php\/2021\/07\/27\/pourquoi-israel-redoute-t-il-le-boycott-dun-marchand-de-glaces\/\"},\"author\":{\"name\":\"mru_01\",\"@id\":\"https:\/\/ismfrance.org\/#\/schema\/person\/3c411eb72adfaae19c0dca1f41fae01d\"},\"headline\":\"Pourquoi Isra\u00ebl redoute-t-il le boycott d&rsquo;un marchand de glaces ?\",\"datePublished\":\"2021-07-27T17:09:18+00:00\",\"dateModified\":\"2021-11-12T10:25:27+00:00\",\"mainEntityOfPage\":{\"@id\":\"https:\/\/ismfrance.org\/index.php\/2021\/07\/27\/pourquoi-israel-redoute-t-il-le-boycott-dun-marchand-de-glaces\/\"},\"wordCount\":1443,\"publisher\":{\"@id\":\"https:\/\/ismfrance.org\/#organization\"},\"image\":{\"@id\":\"https:\/\/ismfrance.org\/index.php\/2021\/07\/27\/pourquoi-israel-redoute-t-il-le-boycott-dun-marchand-de-glaces\/#primaryimage\"},\"thumbnailUrl\":\"https:\/\/ismfrance.org\/wp-content\/uploads\/2021\/07\/02-2.jpg\",\"keywords\":[\"Boycott\"],\"articleSection\":[\"Analyses\",\"Articles\"],\"inLanguage\":\"fr-FR\"},{\"@type\":\"WebPage\",\"@id\":\"https:\/\/ismfrance.org\/index.php\/2021\/07\/27\/pourquoi-israel-redoute-t-il-le-boycott-dun-marchand-de-glaces\/\",\"url\":\"https:\/\/ismfrance.org\/index.php\/2021\/07\/27\/pourquoi-israel-redoute-t-il-le-boycott-dun-marchand-de-glaces\/\",\"name\":\"Pourquoi Isra\u00ebl redoute-t-il le boycott d'un marchand de glaces ? - International Solidarity Movement - ISM-France\",\"isPartOf\":{\"@id\":\"https:\/\/ismfrance.org\/#website\"},\"primaryImageOfPage\":{\"@id\":\"https:\/\/ismfrance.org\/index.php\/2021\/07\/27\/pourquoi-israel-redoute-t-il-le-boycott-dun-marchand-de-glaces\/#primaryimage\"},\"image\":{\"@id\":\"https:\/\/ismfrance.org\/index.php\/2021\/07\/27\/pourquoi-israel-redoute-t-il-le-boycott-dun-marchand-de-glaces\/#primaryimage\"},\"thumbnailUrl\":\"https:\/\/ismfrance.org\/wp-content\/uploads\/2021\/07\/02-2.jpg\",\"datePublished\":\"2021-07-27T17:09:18+00:00\",\"dateModified\":\"2021-11-12T10:25:27+00:00\",\"breadcrumb\":{\"@id\":\"https:\/\/ismfrance.org\/index.php\/2021\/07\/27\/pourquoi-israel-redoute-t-il-le-boycott-dun-marchand-de-glaces\/#breadcrumb\"},\"inLanguage\":\"fr-FR\",\"potentialAction\":[{\"@type\":\"ReadAction\",\"target\":[\"https:\/\/ismfrance.org\/index.php\/2021\/07\/27\/pourquoi-israel-redoute-t-il-le-boycott-dun-marchand-de-glaces\/\"]}]},{\"@type\":\"ImageObject\",\"inLanguage\":\"fr-FR\",\"@id\":\"https:\/\/ismfrance.org\/index.php\/2021\/07\/27\/pourquoi-israel-redoute-t-il-le-boycott-dun-marchand-de-glaces\/#primaryimage\",\"url\":\"https:\/\/ismfrance.org\/wp-content\/uploads\/2021\/07\/02-2.jpg\",\"contentUrl\":\"https:\/\/ismfrance.org\/wp-content\/uploads\/2021\/07\/02-2.jpg\",\"width\":700,\"height\":394},{\"@type\":\"BreadcrumbList\",\"@id\":\"https:\/\/ismfrance.org\/index.php\/2021\/07\/27\/pourquoi-israel-redoute-t-il-le-boycott-dun-marchand-de-glaces\/#breadcrumb\",\"itemListElement\":[{\"@type\":\"ListItem\",\"position\":1,\"name\":\"Accueil\",\"item\":\"https:\/\/ismfrance.org\/\"},{\"@type\":\"ListItem\",\"position\":2,\"name\":\"Pourquoi Isra\u00ebl redoute-t-il le boycott d&#8217;un marchand de glaces ?\"}]},{\"@type\":\"WebSite\",\"@id\":\"https:\/\/ismfrance.org\/#website\",\"url\":\"https:\/\/ismfrance.org\/\",\"name\":\"ISM Palestine France\",\"description\":\"Soutien aux luttes de lib\u00e9ration du peuple palestinien\",\"publisher\":{\"@id\":\"https:\/\/ismfrance.org\/#organization\"},\"potentialAction\":[{\"@type\":\"SearchAction\",\"target\":{\"@type\":\"EntryPoint\",\"urlTemplate\":\"https:\/\/ismfrance.org\/?s={search_term_string}\"},\"query-input\":{\"@type\":\"PropertyValueSpecification\",\"valueRequired\":true,\"valueName\":\"search_term_string\"}}],\"inLanguage\":\"fr-FR\"},{\"@type\":\"Organization\",\"@id\":\"https:\/\/ismfrance.org\/#organization\",\"name\":\"International Solidarity Movement\",\"url\":\"https:\/\/ismfrance.org\/\",\"logo\":{\"@type\":\"ImageObject\",\"inLanguage\":\"fr-FR\",\"@id\":\"https:\/\/ismfrance.org\/#\/schema\/logo\/image\/\",\"url\":\"https:\/\/ismfrance.org\/wp-content\/uploads\/2020\/12\/00.png\",\"contentUrl\":\"https:\/\/ismfrance.org\/wp-content\/uploads\/2020\/12\/00.png\",\"width\":400,\"height\":400,\"caption\":\"International Solidarity Movement\"},\"image\":{\"@id\":\"https:\/\/ismfrance.org\/#\/schema\/logo\/image\/\"},\"sameAs\":[\"https:\/\/x.com\/ISMFRANCE\"]},{\"@type\":\"Person\",\"@id\":\"https:\/\/ismfrance.org\/#\/schema\/person\/3c411eb72adfaae19c0dca1f41fae01d\",\"name\":\"mru_01\",\"image\":{\"@type\":\"ImageObject\",\"inLanguage\":\"fr-FR\",\"@id\":\"https:\/\/secure.gravatar.com\/avatar\/3a0be343b445d2ccc79e87444a294fad2b232e90d2051d0e3cc219e1ecd6a330?s=96&d=mm&r=g\",\"url\":\"https:\/\/secure.gravatar.com\/avatar\/3a0be343b445d2ccc79e87444a294fad2b232e90d2051d0e3cc219e1ecd6a330?s=96&d=mm&r=g\",\"contentUrl\":\"https:\/\/secure.gravatar.com\/avatar\/3a0be343b445d2ccc79e87444a294fad2b232e90d2051d0e3cc219e1ecd6a330?s=96&d=mm&r=g\",\"caption\":\"mru_01\"},\"url\":\"https:\/\/ismfrance.org\/index.php\/author\/admin02\/\"}]}<\/script>\n<!-- \/ Yoast SEO plugin. -->","yoast_head_json":{"title":"Pourquoi Isra\u00ebl redoute-t-il le boycott d'un marchand de glaces ? - International Solidarity Movement - ISM-France","robots":{"index":"index","follow":"follow","max-snippet":"max-snippet:-1","max-image-preview":"max-image-preview:large","max-video-preview":"max-video-preview:-1"},"canonical":"https:\/\/ismfrance.org\/index.php\/2021\/07\/27\/pourquoi-israel-redoute-t-il-le-boycott-dun-marchand-de-glaces\/","og_locale":"fr_FR","og_type":"article","og_title":"Pourquoi Isra\u00ebl redoute-t-il le boycott d'un marchand de glaces ? - International Solidarity Movement - ISM-France","og_description":"Motasem A Dalloul, 26 juillet 2021. Le g\u00e9ant am\u00e9ricain de glaces Ben &amp; Jerry&rsquo;s a annonc\u00e9\u00a0la semaine derni\u00e8re qu&rsquo;il allait cesser de vendre ses produits dans les territoires palestiniens occup\u00e9s Lire la suite &rarr;","og_url":"https:\/\/ismfrance.org\/index.php\/2021\/07\/27\/pourquoi-israel-redoute-t-il-le-boycott-dun-marchand-de-glaces\/","og_site_name":"International Solidarity Movement - ISM-France","article_published_time":"2021-07-27T17:09:18+00:00","article_modified_time":"2021-11-12T10:25:27+00:00","og_image":[{"width":700,"height":394,"url":"https:\/\/ismfrance.org\/wp-content\/uploads\/2021\/07\/02-2.jpg","type":"image\/jpeg"}],"author":"mru_01","twitter_card":"summary_large_image","twitter_creator":"@ISMFRANCE","twitter_site":"@ISMFRANCE","twitter_misc":{"\u00c9crit par":"mru_01","Dur\u00e9e de lecture estim\u00e9e":"6 minutes"},"schema":{"@context":"https:\/\/schema.org","@graph":[{"@type":"Article","@id":"https:\/\/ismfrance.org\/index.php\/2021\/07\/27\/pourquoi-israel-redoute-t-il-le-boycott-dun-marchand-de-glaces\/#article","isPartOf":{"@id":"https:\/\/ismfrance.org\/index.php\/2021\/07\/27\/pourquoi-israel-redoute-t-il-le-boycott-dun-marchand-de-glaces\/"},"author":{"name":"mru_01","@id":"https:\/\/ismfrance.org\/#\/schema\/person\/3c411eb72adfaae19c0dca1f41fae01d"},"headline":"Pourquoi Isra\u00ebl redoute-t-il le boycott d&rsquo;un marchand de glaces ?","datePublished":"2021-07-27T17:09:18+00:00","dateModified":"2021-11-12T10:25:27+00:00","mainEntityOfPage":{"@id":"https:\/\/ismfrance.org\/index.php\/2021\/07\/27\/pourquoi-israel-redoute-t-il-le-boycott-dun-marchand-de-glaces\/"},"wordCount":1443,"publisher":{"@id":"https:\/\/ismfrance.org\/#organization"},"image":{"@id":"https:\/\/ismfrance.org\/index.php\/2021\/07\/27\/pourquoi-israel-redoute-t-il-le-boycott-dun-marchand-de-glaces\/#primaryimage"},"thumbnailUrl":"https:\/\/ismfrance.org\/wp-content\/uploads\/2021\/07\/02-2.jpg","keywords":["Boycott"],"articleSection":["Analyses","Articles"],"inLanguage":"fr-FR"},{"@type":"WebPage","@id":"https:\/\/ismfrance.org\/index.php\/2021\/07\/27\/pourquoi-israel-redoute-t-il-le-boycott-dun-marchand-de-glaces\/","url":"https:\/\/ismfrance.org\/index.php\/2021\/07\/27\/pourquoi-israel-redoute-t-il-le-boycott-dun-marchand-de-glaces\/","name":"Pourquoi Isra\u00ebl redoute-t-il le boycott d'un marchand de glaces ? - International Solidarity Movement - ISM-France","isPartOf":{"@id":"https:\/\/ismfrance.org\/#website"},"primaryImageOfPage":{"@id":"https:\/\/ismfrance.org\/index.php\/2021\/07\/27\/pourquoi-israel-redoute-t-il-le-boycott-dun-marchand-de-glaces\/#primaryimage"},"image":{"@id":"https:\/\/ismfrance.org\/index.php\/2021\/07\/27\/pourquoi-israel-redoute-t-il-le-boycott-dun-marchand-de-glaces\/#primaryimage"},"thumbnailUrl":"https:\/\/ismfrance.org\/wp-content\/uploads\/2021\/07\/02-2.jpg","datePublished":"2021-07-27T17:09:18+00:00","dateModified":"2021-11-12T10:25:27+00:00","breadcrumb":{"@id":"https:\/\/ismfrance.org\/index.php\/2021\/07\/27\/pourquoi-israel-redoute-t-il-le-boycott-dun-marchand-de-glaces\/#breadcrumb"},"inLanguage":"fr-FR","potentialAction":[{"@type":"ReadAction","target":["https:\/\/ismfrance.org\/index.php\/2021\/07\/27\/pourquoi-israel-redoute-t-il-le-boycott-dun-marchand-de-glaces\/"]}]},{"@type":"ImageObject","inLanguage":"fr-FR","@id":"https:\/\/ismfrance.org\/index.php\/2021\/07\/27\/pourquoi-israel-redoute-t-il-le-boycott-dun-marchand-de-glaces\/#primaryimage","url":"https:\/\/ismfrance.org\/wp-content\/uploads\/2021\/07\/02-2.jpg","contentUrl":"https:\/\/ismfrance.org\/wp-content\/uploads\/2021\/07\/02-2.jpg","width":700,"height":394},{"@type":"BreadcrumbList","@id":"https:\/\/ismfrance.org\/index.php\/2021\/07\/27\/pourquoi-israel-redoute-t-il-le-boycott-dun-marchand-de-glaces\/#breadcrumb","itemListElement":[{"@type":"ListItem","position":1,"name":"Accueil","item":"https:\/\/ismfrance.org\/"},{"@type":"ListItem","position":2,"name":"Pourquoi Isra\u00ebl redoute-t-il le boycott d&#8217;un marchand de glaces ?"}]},{"@type":"WebSite","@id":"https:\/\/ismfrance.org\/#website","url":"https:\/\/ismfrance.org\/","name":"ISM Palestine France","description":"Soutien aux luttes de lib\u00e9ration du peuple palestinien","publisher":{"@id":"https:\/\/ismfrance.org\/#organization"},"potentialAction":[{"@type":"SearchAction","target":{"@type":"EntryPoint","urlTemplate":"https:\/\/ismfrance.org\/?s={search_term_string}"},"query-input":{"@type":"PropertyValueSpecification","valueRequired":true,"valueName":"search_term_string"}}],"inLanguage":"fr-FR"},{"@type":"Organization","@id":"https:\/\/ismfrance.org\/#organization","name":"International Solidarity Movement","url":"https:\/\/ismfrance.org\/","logo":{"@type":"ImageObject","inLanguage":"fr-FR","@id":"https:\/\/ismfrance.org\/#\/schema\/logo\/image\/","url":"https:\/\/ismfrance.org\/wp-content\/uploads\/2020\/12\/00.png","contentUrl":"https:\/\/ismfrance.org\/wp-content\/uploads\/2020\/12\/00.png","width":400,"height":400,"caption":"International Solidarity Movement"},"image":{"@id":"https:\/\/ismfrance.org\/#\/schema\/logo\/image\/"},"sameAs":["https:\/\/x.com\/ISMFRANCE"]},{"@type":"Person","@id":"https:\/\/ismfrance.org\/#\/schema\/person\/3c411eb72adfaae19c0dca1f41fae01d","name":"mru_01","image":{"@type":"ImageObject","inLanguage":"fr-FR","@id":"https:\/\/secure.gravatar.com\/avatar\/3a0be343b445d2ccc79e87444a294fad2b232e90d2051d0e3cc219e1ecd6a330?s=96&d=mm&r=g","url":"https:\/\/secure.gravatar.com\/avatar\/3a0be343b445d2ccc79e87444a294fad2b232e90d2051d0e3cc219e1ecd6a330?s=96&d=mm&r=g","contentUrl":"https:\/\/secure.gravatar.com\/avatar\/3a0be343b445d2ccc79e87444a294fad2b232e90d2051d0e3cc219e1ecd6a330?s=96&d=mm&r=g","caption":"mru_01"},"url":"https:\/\/ismfrance.org\/index.php\/author\/admin02\/"}]}},"_links":{"self":[{"href":"https:\/\/ismfrance.org\/index.php\/wp-json\/wp\/v2\/posts\/386","targetHints":{"allow":["GET"]}}],"collection":[{"href":"https:\/\/ismfrance.org\/index.php\/wp-json\/wp\/v2\/posts"}],"about":[{"href":"https:\/\/ismfrance.org\/index.php\/wp-json\/wp\/v2\/types\/post"}],"author":[{"embeddable":true,"href":"https:\/\/ismfrance.org\/index.php\/wp-json\/wp\/v2\/users\/3"}],"replies":[{"embeddable":true,"href":"https:\/\/ismfrance.org\/index.php\/wp-json\/wp\/v2\/comments?post=386"}],"version-history":[{"count":0,"href":"https:\/\/ismfrance.org\/index.php\/wp-json\/wp\/v2\/posts\/386\/revisions"}],"wp:featuredmedia":[{"embeddable":true,"href":"https:\/\/ismfrance.org\/index.php\/wp-json\/wp\/v2\/media\/404"}],"wp:attachment":[{"href":"https:\/\/ismfrance.org\/index.php\/wp-json\/wp\/v2\/media?parent=386"}],"wp:term":[{"taxonomy":"category","embeddable":true,"href":"https:\/\/ismfrance.org\/index.php\/wp-json\/wp\/v2\/categories?post=386"},{"taxonomy":"post_tag","embeddable":true,"href":"https:\/\/ismfrance.org\/index.php\/wp-json\/wp\/v2\/tags?post=386"}],"curies":[{"name":"wp","href":"https:\/\/api.w.org\/{rel}","templated":true}]}}