{"id":3748,"date":"2022-10-14T10:55:20","date_gmt":"2022-10-14T08:55:20","guid":{"rendered":"https:\/\/ismfrance.org\/?p=3748"},"modified":"2022-10-14T10:58:13","modified_gmt":"2022-10-14T08:58:13","slug":"le-nord-de-la-cisjordanie-prend-les-armes-le-sud-va-t-il-le-rejoindre","status":"publish","type":"post","link":"https:\/\/ismfrance.org\/index.php\/2022\/10\/14\/le-nord-de-la-cisjordanie-prend-les-armes-le-sud-va-t-il-le-rejoindre\/","title":{"rendered":"Le nord de la Cisjordanie prend les armes. Le sud va-t-il le rejoindre ?"},"content":{"rendered":"<p><span style=\"color: #000000;\"><span style=\"font-family: Tahoma, sans-serif;\"><span style=\"font-size: medium;\"><b>Basil Adra, 12 octobre 2022<\/b>. Malgr\u00e9 les incursions militaires isra\u00e9liennes quasi-quotidiennes dans les villes palestiniennes du nord de la Cisjordanie occup\u00e9e &#8211; en particulier J\u00e9nine et Naplouse \u2013 contr\u00e9es par les forces de r\u00e9sistance palestiniennes dans des combats intenses et souvent mortels, le sud de la Cisjordanie semble maintenir un calme tendu, du moins pour l&rsquo;instant.<\/span><\/span><\/span><\/p>\n<div id=\"attachment_3749\" style=\"width: 610px\" class=\"wp-caption aligncenter\"><a href=\"https:\/\/ismfrance.org\/wp-content\/uploads\/2022\/10\/F220921NI03-1000x668-1.jpg\"><img loading=\"lazy\" decoding=\"async\" aria-describedby=\"caption-attachment-3749\" class=\"size-large wp-image-3749\" src=\"https:\/\/ismfrance.org\/wp-content\/uploads\/2022\/10\/F220921NI03-1000x668-1-700x468.jpg\" alt=\"\" width=\"600\" height=\"401\" srcset=\"https:\/\/ismfrance.org\/wp-content\/uploads\/2022\/10\/F220921NI03-1000x668-1-700x468.jpg 700w, https:\/\/ismfrance.org\/wp-content\/uploads\/2022\/10\/F220921NI03-1000x668-1-300x200.jpg 300w, https:\/\/ismfrance.org\/wp-content\/uploads\/2022\/10\/F220921NI03-1000x668-1-768x513.jpg 768w, https:\/\/ismfrance.org\/wp-content\/uploads\/2022\/10\/F220921NI03-1000x668-1.jpg 1000w\" sizes=\"auto, (max-width: 600px) 100vw, 600px\" \/><\/a><p id=\"caption-attachment-3749\" class=\"wp-caption-text\">Des r\u00e9sistants palestiniens des Brigades des Martyrs d&rsquo;Al-Aqsa vus lors d&rsquo;une parade militaire dans le camp de r\u00e9fugi\u00e9s de Balata, pr\u00e8s de Naplouse, le 21 septembre 2022. (Nasser Ishtayeh\/Flash90)<\/p><\/div>\n<p><span style=\"color: #000000;\"><span style=\"font-family: Tahoma, sans-serif;\"><span style=\"font-size: medium;\">Pourquoi la r\u00e9sistance arm\u00e9e se d\u00e9veloppe-t-elle dans le nord de la Cisjordanie, mais pas dans le sud ? Va-t-elle s&rsquo;\u00e9tendre au-del\u00e0 du nord ? Va-t-elle se poursuivre ? Au fil des conversations avec des journalistes, des commentateurs et des militants politiques, il est apparu clairement qu&rsquo;il n&rsquo;y a pas de r\u00e9ponses simples \u00e0 ces questions. L&rsquo;une des raisons de cette difficult\u00e9 est que la r\u00e9sistance arm\u00e9e agit de mani\u00e8re relativement ind\u00e9pendante, sans qu&rsquo;aucun mouvement politique centralis\u00e9 ne propose un plan et sans qu&rsquo;aucun dirigeant ne trace une voie claire.<\/span><\/span><\/span><\/p>\n<p><span style=\"color: #000000;\"><span style=\"font-family: Tahoma, sans-serif;\"><span style=\"font-size: medium;\">\u00ab\u00a0Socialement parlant, il y a depuis longtemps un soutien public manifeste \u00e0 la r\u00e9sistance \u00e0 J\u00e9nine et Naplouse\u00a0\u00bb, a d\u00e9clar\u00e9 Akram Al-Natsha, un journaliste d&rsquo;H\u00e9bron qui tente d&rsquo;expliquer le ph\u00e9nom\u00e8ne. \u00ab\u00a0Pendant la deuxi\u00e8me Intifada, par exemple, tout le monde \u00e9tait au courant et pouvait clairement voir l&rsquo;action militaire dans ces villes, mais \u00e0 H\u00e9bron, tout se faisait en secret. C&rsquo;est pourquoi, aujourd&rsquo;hui encore, nous voyons moins d&rsquo;activit\u00e9s militaires \u00e0 H\u00e9bron, alors qu&rsquo;elles sont beaucoup plus fr\u00e9quentes dans le nord de la Cisjordanie. C&rsquo;est une question de tradition, les gens [du nord] sont favorables \u00e0 la r\u00e9sistance arm\u00e9e.\u00a0\u00bb<\/span><\/span><\/span><\/p>\n<p><span style=\"color: #000000;\"><span style=\"font-family: Tahoma, sans-serif;\"><span style=\"font-size: medium;\">L&rsquo;Autorit\u00e9 palestinienne (AP) joue \u00e9galement un r\u00f4le dans la division de la Cisjordanie entre le nord et le sud. Selon Al-Natsha, le soutien populaire non dissimul\u00e9 \u00e0 la r\u00e9sistance \u00e0 J\u00e9nine et \u00e0 Naplouse rend tr\u00e8s difficile pour l&rsquo;AP d&rsquo;y effectuer des arrestations. L&rsquo;AP est oblig\u00e9e d&rsquo;entrer dans Naplouse avec d&rsquo;importantes forces de s\u00e9curit\u00e9, et pourtant, elle se heurte \u00e0 une opposition f\u00e9roce, qui s&rsquo;est manifest\u00e9e lors de la r\u00e9cente arrestation de Musab Shtayyeh, un membre du Hamas. Les agents de s\u00e9curit\u00e9 <a href=\"https:\/\/www.972mag.com\/akram-rajoub-jenin-palestinian-authority\/\">n&rsquo;entrent jamais<\/a> dans le camp de r\u00e9fugi\u00e9s de J\u00e9nine.<\/span><\/span><\/span><\/p>\n<p><b><span style=\"color: #000000;\"><span style=\"font-family: Tahoma, sans-serif;\"><span style=\"font-size: medium;\">\u00ab\u00a0L&rsquo;AP est l&rsquo;un des principaux obstacles \u00e0 la r\u00e9sistance\u00a0\u00bb<\/span><\/span><\/span><\/b><\/p>\n<p><span style=\"color: #000000;\"><span style=\"font-family: Tahoma, sans-serif;\"><span style=\"font-size: medium;\">Un certain nombre de commentateurs qui ont parl\u00e9 \u00e0 <\/span><\/span><\/span><span style=\"color: #000000;\"><span style=\"font-family: Tahoma, sans-serif;\"><span style=\"font-size: medium;\"><i>+972<\/i><\/span><\/span><\/span><span style=\"color: #000000;\"><span style=\"font-family: Tahoma, sans-serif;\"><span style=\"font-size: medium;\"> ont d\u00e9clar\u00e9 que l&rsquo;AP consid\u00e8re chaque acte de r\u00e9sistance comme un acte d&rsquo;opposition \u00e0 son existence m\u00eame. \u00ab\u00a0Ils disent que l&rsquo;AP soutient la r\u00e9sistance populaire, mais ce n&rsquo;est pas vrai. L&rsquo;AP la r\u00e9prime \u00e9galement\u00a0\u00bb, a d\u00e9clar\u00e9 Al-Natsha.<\/span><\/span><\/span><\/p>\n<p><span style=\"color: #000000;\"><span style=\"font-family: Tahoma, sans-serif;\"><span style=\"font-size: medium;\">La disparit\u00e9 entre le niveau de contr\u00f4le que l&rsquo;AP maintient dans le nord et dans le sud est visible \u00e0 de nombreux \u00e9gards. Non seulement il est plus difficile pour l&rsquo;AP d&rsquo;agir dans le nord, mais il y a un \u00e9cart important dans le nombre d&rsquo;arrestations effectu\u00e9es dans chaque r\u00e9gion. \u00ab\u00a0Les forces de s\u00e9curit\u00e9 de l&rsquo;AP proc\u00e8dent \u00e0 beaucoup plus d&rsquo;arrestations \u00e0 H\u00e9bron que dans le nord\u00a0\u00bb, a d\u00e9clar\u00e9 Al-Natsha. \u00ab\u00a0L&rsquo;arm\u00e9e d&rsquo;occupation est \u00e9galement plus active dans le sud. Tout cela diminue la r\u00e9sistance dans le sud par rapport au nord.\u00a0\u00bb<\/span><\/span><\/span><\/p>\n<p><span style=\"color: #000000;\"><span style=\"font-family: Tahoma, sans-serif;\"><span style=\"font-size: medium;\">Ahmed Abu Hashash, un r\u00e9sident du camp de r\u00e9fugi\u00e9s d&rsquo;Al-Fawwar, pr\u00e8s d&rsquo;H\u00e9bron, dans le sud de la Cisjordanie, en a \u00e9t\u00e9 le t\u00e9moin direct. Quelques jours avant qu&rsquo;il ne parle \u00e0 <\/span><\/span><\/span><span style=\"color: #000000;\"><span style=\"font-family: Tahoma, sans-serif;\"><span style=\"font-size: medium;\"><i>+972<\/i><\/span><\/span><\/span><span style=\"color: #000000;\"><span style=\"font-family: Tahoma, sans-serif;\"><span style=\"font-size: medium;\">, il a \u00e9t\u00e9 lib\u00e9r\u00e9 d&rsquo;une br\u00e8ve d\u00e9tention dans une prison de l&rsquo;AP.<\/span><\/span><\/span><\/p>\n<p><span style=\"color: #000000;\"><span style=\"font-family: Tahoma, sans-serif;\"><span style=\"font-size: medium;\">\u00ab\u00a0On sent depuis un certain temps que l&rsquo;AP fait jouer ses muscles afin de maintenir le calme dans le sud de la Cisjordanie\u00a0\u00bb, a-t-il d\u00e9clar\u00e9. \u00ab\u00a0Je connais des dizaines de jeunes qui ont r\u00e9cemment re\u00e7u des convocations d&rsquo;officiers palestiniens exigeant qu&rsquo;ils viennent pour des interrogatoires et des discussions, mais ils ont refus\u00e9.\u00a0\u00bb<\/span><\/span><\/span><\/p>\n<p><span style=\"color: #000000;\"><span style=\"font-family: Tahoma, sans-serif;\"><span style=\"font-size: medium;\">Abu Hashash, dont deux fr\u00e8res sont en prison en Isra\u00ebl, a \u00e9t\u00e9 arr\u00eat\u00e9 par l&rsquo;AP parce qu&rsquo;il est soup\u00e7onn\u00e9 d&rsquo;avoir transf\u00e9r\u00e9 1.400 shekels sur le compte bancaire de l&rsquo;un de ses fr\u00e8res emprisonn\u00e9s depuis une entit\u00e9 que l&rsquo;AP consid\u00e8re comme un ennemi &#8211; le Jihad islamique palestinien (JIP). Abu Hashash nie compl\u00e8tement cette accusation et a d\u00e9clar\u00e9 lors de son proc\u00e8s qu&rsquo;il avait transf\u00e9r\u00e9 l&rsquo;argent \u00e0 partir d&rsquo;une source l\u00e9gale, \u00e0 savoir le comit\u00e9 de l&rsquo;AP pour les affaires des prisonniers. Bien qu&rsquo;il ait \u00e9t\u00e9 lib\u00e9r\u00e9 de prison, Abu Hashash consid\u00e8re que son arrestation s&rsquo;inscrit dans une tendance g\u00e9n\u00e9rale : l&rsquo;AP participe de plus en plus aux efforts visant \u00e0 r\u00e9primer les factions concurrentes dans le sud de la Cisjordanie, telles que le JIP, le Hamas et le Front populaire de lib\u00e9ration de la Palestine (FPLP).<\/span><\/span><\/span><\/p>\n<div id=\"attachment_3752\" style=\"width: 610px\" class=\"wp-caption aligncenter\"><a href=\"https:\/\/ismfrance.org\/wp-content\/uploads\/2022\/10\/F220920NI26-1000x668-1.jpg\"><img loading=\"lazy\" decoding=\"async\" aria-describedby=\"caption-attachment-3752\" class=\"size-large wp-image-3752\" src=\"https:\/\/ismfrance.org\/wp-content\/uploads\/2022\/10\/F220920NI26-1000x668-1-700x468.jpg\" alt=\"\" width=\"600\" height=\"401\" srcset=\"https:\/\/ismfrance.org\/wp-content\/uploads\/2022\/10\/F220920NI26-1000x668-1-700x468.jpg 700w, https:\/\/ismfrance.org\/wp-content\/uploads\/2022\/10\/F220920NI26-1000x668-1-300x200.jpg 300w, https:\/\/ismfrance.org\/wp-content\/uploads\/2022\/10\/F220920NI26-1000x668-1-768x513.jpg 768w, https:\/\/ismfrance.org\/wp-content\/uploads\/2022\/10\/F220920NI26-1000x668-1.jpg 1000w\" sizes=\"auto, (max-width: 600px) 100vw, 600px\" \/><\/a><p id=\"caption-attachment-3752\" class=\"wp-caption-text\">Des Palestiniens affrontent les forces de s\u00e9curit\u00e9 de l&rsquo;AP \u00e0 Naplouse, en Cisjordanie, le 20 septembre 2022, suite \u00e0 l&rsquo;arrestation de membres du Hamas par les forces de s\u00e9curit\u00e9 palestiniennes. (Nasser Ishtayeh\/Flash90)<\/p><\/div>\n<p><span style=\"color: #000000;\"><span style=\"font-family: Tahoma, sans-serif;\"><span style=\"font-size: medium;\">\u00ab\u00a0L&rsquo;Autorit\u00e9 palestinienne est l&rsquo;un des principaux obstacles \u00e0 la r\u00e9sistance, car elle pourchasse tous ceux qui sont arm\u00e9s et les arr\u00eate\u00a0\u00bb, a d\u00e9clar\u00e9 Al-Natsha. \u00ab\u00a0De plus, pendant la vague actuelle [de r\u00e9sistance], l&rsquo;Autorit\u00e9 palestinienne est, encore plus que d&rsquo;habitude, prise entre le marteau et l&rsquo;enclume : d&rsquo;un c\u00f4t\u00e9, les Palestiniens ordinaires reprochent aux forces de s\u00e9curit\u00e9 de l&rsquo;Autorit\u00e9 palestinienne de s&rsquo;opposer \u00e0 la r\u00e9sistance populaire et ils sont furieux des arrestations de r\u00e9sistants arm\u00e9s. D&rsquo;autre part, Isra\u00ebl accuse l&rsquo;AP apr\u00e8s chaque acte de r\u00e9sistance qu&rsquo;elle ne parvient pas \u00e0 d\u00e9jouer.\u00a0\u00bb<\/span><\/span><\/span><\/p>\n<p><b><span style=\"color: #000000;\"><span style=\"font-family: Tahoma, sans-serif;\"><span style=\"font-size: medium;\">Une r\u00e9sistance sans vision<\/span><\/span><\/span><\/b><\/p>\n<p><span style=\"color: #000000;\"><span style=\"font-family: Tahoma, sans-serif;\"><span style=\"font-size: medium;\">Un autre habitant du quartier, Ismail Abu Hashash, ne fonde pas ses espoirs sur la r\u00e9sistance actuelle dans le nord de la Cisjordanie. Militant du Front d\u00e9mocratique pour la lib\u00e9ration de la Palestine (FDLP), je lui ai demand\u00e9 pourquoi les Palestiniens prennent les armes dans le nord et pas dans le sud. Dans son esprit, la question n&rsquo;est pas pertinente.<\/span><\/span><\/span><\/p>\n<p><span style=\"color: #000000;\"><span style=\"font-family: Tahoma, sans-serif;\"><span style=\"font-size: medium;\">\u00ab\u00a0\u00c0 l&rsquo;heure actuelle, la r\u00e9sistance arm\u00e9e est sporadique et d\u00e9sorganis\u00e9e\u00a0\u00bb, a-t-il d\u00e9clar\u00e9. \u00ab\u00a0Ces vagues peuvent d\u00e9marrer tout d&rsquo;un coup, par surprise, et peuvent dispara\u00eetre tout aussi soudainement. C&rsquo;est de la r\u00e9sistance au nom de la r\u00e9sistance &#8211; sans vision politique. C&rsquo;est une fa\u00e7on de refuser l&rsquo;occupation, de refuser le <\/span><\/span><\/span><span style=\"color: #000000;\"><span style=\"font-family: Tahoma, sans-serif;\"><span style=\"font-size: medium;\"><i>statu quo<\/i><\/span><\/span><\/span><span style=\"color: #000000;\"><span style=\"font-family: Tahoma, sans-serif;\"><span style=\"font-size: medium;\">, qui est essentiellement un vide politique sans possibilit\u00e9 d&rsquo;\u00c9tat \u00e0 l&rsquo;horizon.\u00a0\u00bb<\/span><\/span><\/span><\/p>\n<p><span style=\"color: #000000;\"><span style=\"font-family: Tahoma, sans-serif;\"><span style=\"font-size: medium;\">Sa critique est profonde : \u00ab\u00a0Notre probl\u00e8me est que, depuis la fin de la deuxi\u00e8me Intifada, les factions palestiniennes n&rsquo;ont pas r\u00e9ussi \u00e0 se r\u00e9unir, de mani\u00e8re s\u00e9rieuse, pour construire un plan national uni. Quel est notre objectif ? Quelle est la solution politique, et comment pouvons-nous r\u00e9sister de mani\u00e8re coordonn\u00e9e afin d&rsquo;y parvenir ?\u00a0\u00bb<\/span><\/span><\/span><\/p>\n<p><span style=\"color: #000000;\"><span style=\"font-family: Tahoma, sans-serif;\"><span style=\"font-size: medium;\">\u00ab\u00a0Les factions palestiniennes se battent entre elles pour des objectifs partisans \u00e9troits et elles n&rsquo;ont aucune vision\u00a0\u00bb, a d\u00e9clar\u00e9 Abu Hashash. \u00ab\u00a0Une des raisons est que chaque faction d\u00e9pend d&rsquo;une source diff\u00e9rente de financement \u00e9tranger. Chaque faction doit alors agir en fonction des objectifs qui lui sont prescrits par le groupe \u00e9tranger qui la finance. Cet argent politique, malheureusement, d\u00e9truit &#8211; ou du moins affaiblit s\u00e9rieusement &#8211; les forces palestiniennes de gauche, comme le FDLP et le FPLP.\u00a0\u00bb Il est de notori\u00e9t\u00e9 publique que le JIP re\u00e7oit un soutien financier de l&rsquo;Iran, tandis que le Hamas est soutenu par le Qatar et la Turquie.<\/span><\/span><\/span><\/p>\n<p><span style=\"color: #000000;\"><span style=\"font-family: Tahoma, sans-serif;\"><span style=\"font-size: medium;\">\u00ab\u00a0Mais en d\u00e9pit de cette situation\u00a0\u00bb, poursuit Abu Hashash, \u00ab\u00a0les Palestiniens continuent de se soulever contre l&rsquo;occupation. Ils le font par eux-m\u00eames. Cette attitude n&rsquo;est pas venue facilement. Je ne pense pas qu&rsquo;il faille r\u00e9sister avec des armes et des pierres &#8211; on peut aussi r\u00e9sister par le <\/span><\/span><\/span><span style=\"color: #000000;\"><span style=\"font-family: Tahoma, sans-serif;\"><span style=\"font-size: medium;\"><i>sumud<\/i><\/span><\/span><\/span><span style=\"color: #000000;\"><span style=\"font-family: Tahoma, sans-serif;\"><span style=\"font-size: medium;\"> [constance]. Dans le nord de la vall\u00e9e du Jourdain, \u00e0 J\u00e9rusalem, \u00e0 Masafer Yatta, \u00e0 Beita, dans chaque endroit o\u00f9 ils chassent les Palestiniens, nous devons r\u00e9sister, nous devons rejoindre les rangs et construire une nouvelle vision nationale partag\u00e9e.\u00a0\u00bb<\/span><\/span><\/span><\/p>\n<div id=\"attachment_3754\" style=\"width: 610px\" class=\"wp-caption aligncenter\"><a href=\"https:\/\/ismfrance.org\/wp-content\/uploads\/2022\/10\/quartiers-jerusalem.jpg\"><img loading=\"lazy\" decoding=\"async\" aria-describedby=\"caption-attachment-3754\" class=\"size-large wp-image-3754\" src=\"https:\/\/ismfrance.org\/wp-content\/uploads\/2022\/10\/quartiers-jerusalem-700x700.jpg\" alt=\"\" width=\"600\" height=\"600\" srcset=\"https:\/\/ismfrance.org\/wp-content\/uploads\/2022\/10\/quartiers-jerusalem-700x700.jpg 700w, https:\/\/ismfrance.org\/wp-content\/uploads\/2022\/10\/quartiers-jerusalem-300x300.jpg 300w, https:\/\/ismfrance.org\/wp-content\/uploads\/2022\/10\/quartiers-jerusalem-150x150.jpg 150w, https:\/\/ismfrance.org\/wp-content\/uploads\/2022\/10\/quartiers-jerusalem-768x768.jpg 768w, https:\/\/ismfrance.org\/wp-content\/uploads\/2022\/10\/quartiers-jerusalem-144x144.jpg 144w, https:\/\/ismfrance.org\/wp-content\/uploads\/2022\/10\/quartiers-jerusalem.jpg 1080w\" sizes=\"auto, (max-width: 600px) 100vw, 600px\" \/><\/a><p id=\"caption-attachment-3754\" class=\"wp-caption-text\">La r\u00e9volte des quartiers de J\u00e9rusalem occup\u00e9e dans la nuit du 12 au 13 octobre 2022, en soutien au camp de Shu&rsquo;afat boucl\u00e9 par l&rsquo;occupation pendant 5 jours<\/p><\/div>\n<p><b><span style=\"color: #000000;\"><span style=\"font-family: Tahoma, sans-serif;\"><span style=\"font-size: medium;\">Aliment\u00e9e par la poursuite de l&rsquo;occupation<\/span><\/span><\/span><\/b><\/p>\n<p><span style=\"color: #000000;\"><span style=\"font-family: Tahoma, sans-serif;\"><span style=\"font-size: medium;\">Un journaliste et \u00e9crivain du camp de r\u00e9fugi\u00e9s de J\u00e9nine, qui a demand\u00e9 \u00e0 conserver l&rsquo;anonymat en raison de la tension croissante \u00e0 l&rsquo;int\u00e9rieur du camp, a \u00e9galement parl\u00e9 de la \u00ab\u00a0r\u00e9sistance des individus\u00a0\u00bb &#8211; qui pourrait bien s&rsquo;\u00e9tendre vers le sud, bien qu&rsquo;il juge impossible de le pr\u00e9voir &#8211; par opposition \u00e0 la \u00ab\u00a0r\u00e9sistance collective\u00a0\u00bb, qui \u00e9tait une caract\u00e9ristique des premi\u00e8re et deuxi\u00e8me Intifadas.<\/span><\/span><\/span><\/p>\n<p><span style=\"color: #000000;\"><span style=\"font-family: Tahoma, sans-serif;\"><span style=\"font-size: medium;\">\u00ab\u00a0La vague actuelle &#8211; la r\u00e9sistance des individus &#8211; n&rsquo;est pas sortie de nulle part\u00a0\u00bb, explique-t-il. \u00ab\u00a0Elle est enracin\u00e9e dans les suites de la deuxi\u00e8me Intifada et dans la division politique palestinienne qui s&rsquo;est produite apr\u00e8s. Pendant l&rsquo;Intifada, la r\u00e9sistance contre l&rsquo;occupation \u00e9tait \u00e0 la fois large et profonde, et toutes les factions palestiniennes y ont particip\u00e9, y compris l&rsquo;AP. Isra\u00ebl a cibl\u00e9 et r\u00e9prim\u00e9 toutes les factions et a assassin\u00e9 la majorit\u00e9 des dirigeants de l&rsquo;\u00e9poque.\u00a0\u00bb<\/span><\/span><\/span><\/p>\n<p><span style=\"color: #000000;\"><span style=\"font-family: Tahoma, sans-serif;\"><span style=\"font-size: medium;\">Mais ensuite, a-t-il expliqu\u00e9, la scission palestinienne a commenc\u00e9. Le Hamas a pris le contr\u00f4le de Gaza et a presque disparu de la Cisjordanie, tandis que le pr\u00e9sident de l&rsquo;Autorit\u00e9 palestinienne Mahmoud Abbas a dissous les bataillons arm\u00e9s du Fatah, afin de faciliter un accord avec Isra\u00ebl.<\/span><\/span><\/span><\/p>\n<p><span style=\"color: #000000;\"><span style=\"font-family: Tahoma, sans-serif;\"><span style=\"font-size: medium;\">\u00ab\u00a0C&rsquo;est l&rsquo;une des raisons pour lesquelles la Cisjordanie a connu une p\u00e9riode de calme et de stabilit\u00e9 pendant des ann\u00e9es\u00a0\u00bb, a d\u00e9clar\u00e9 le journaliste. \u00ab\u00a0Mais la pr\u00e9sence de l&rsquo;occupation, l&rsquo;oppression, le contr\u00f4le militaire continu &#8211; tout cela alimente constamment le besoin de r\u00e9sistance. C&rsquo;est ainsi que la gu\u00e9rilla, qui n&rsquo;est organis\u00e9e par aucune faction, a commenc\u00e9 en Cisjordanie. Les Palestiniens moyens comprennent qu&rsquo;ils doivent se d\u00e9fendre et qu&rsquo;ils doivent cr\u00e9er des mouvements populaires afin de combler le vide laiss\u00e9 par les diff\u00e9rentes factions politiques.\u00a0\u00bb<\/span><\/span><\/span><\/p>\n<p><span style=\"color: #000000;\"><span style=\"font-family: Tahoma, sans-serif;\"><span style=\"font-size: medium;\">Le journaliste rejette le postulat selon lequel la Cisjordanie pourrait \u00eatre divis\u00e9e en un \u00ab nord \u00bb et un \u00ab sud \u00bb. La p\u00e9riode de 2015 \u00e0 2016, a-t-il dit, a vu un certain nombre de Palestiniens commettre des attaques \u00e0 l&rsquo;arme blanche \u00e0 la fois contre les forces de s\u00e9curit\u00e9 isra\u00e9liennes et contre des civils. \u00ab La plupart de ces Palestiniens venaient des environs d&rsquo;H\u00e9bron, de Bethl\u00e9em et de J\u00e9rusalem, tandis que le nord n&rsquo;a notamment pas particip\u00e9. \u00bb En d&rsquo;autres termes, parfois le sud est le lieu de la r\u00e9sistance, et parfois le nord, et il n&rsquo;y a pas de diff\u00e9rence significative entre les deux.<\/span><\/span><\/span><\/p>\n<p><span style=\"color: #000000;\"><span style=\"font-family: Tahoma, sans-serif;\"><span style=\"font-size: medium;\">Au cours de cette p\u00e9riode, commun\u00e9ment appel\u00e9e \u00ab\u00a0Intifada des couteaux\u00a0\u00bb, qui a dur\u00e9 un peu plus d&rsquo;un an, 70 Palestiniens du district d&rsquo;H\u00e9bron ont \u00e9t\u00e9 tu\u00e9s, contre seulement 19 Palestiniens du district de J\u00e9nine, la plupart lors de tentatives d&rsquo;agression \u00e0 l&rsquo;arme blanche. Malgr\u00e9 les disparit\u00e9s, il ne s&rsquo;agissait pas d&rsquo;actes de r\u00e9sistance arm\u00e9e contre des soldats, mais plut\u00f4t d&rsquo;attaques \u00e0 l&rsquo;arme blanche, ce qui renforce l&rsquo;affirmation selon laquelle la r\u00e9sistance est d\u00e9clench\u00e9e par intermittence, \u00e0 diff\u00e9rents endroits.<\/span><\/span><\/span><\/p>\n<p><span style=\"color: #000000;\"><span style=\"font-family: Tahoma, sans-serif;\"><span style=\"font-size: medium;\">Et pourtant, comme l&rsquo;ont not\u00e9 plusieurs des personnes interrog\u00e9es, J\u00e9nine a une histoire unique en tant que centre de r\u00e9sistance palestinienne qui remonte \u00e0 un si\u00e8cle. Dans les ann\u00e9es 1920 et 1930, Izz ad-Din al-Qassam &#8211; qui a donn\u00e9 son nom \u00e0 la branche militaire du Hamas &#8211; a rassembl\u00e9 des groupes de Palestiniens arm\u00e9s, dont beaucoup de paysans du nord de la Palestine, pour lutter contre le sionisme et le colonialisme britannique. Lorsqu&rsquo;il a \u00e9t\u00e9 contraint d&rsquo;entrer dans la clandestinit\u00e9, il s&rsquo;est cach\u00e9 dans les collines entre J\u00e9nine et Naplouse. La police britannique a fini par le retrouver et l&rsquo;a tu\u00e9 en 1935, pr\u00e8s de J\u00e9nine.<\/span><\/span><\/span><\/p>\n<p><span style=\"color: #000000;\"><span style=\"font-family: Tahoma, sans-serif;\"><span style=\"font-size: medium;\">Le journaliste a cit\u00e9 un autre exemple : le groupe Al-Fahd al-Aswad (La Panth\u00e8re noire), affili\u00e9 au Fatah, qui a vu le jour \u00e0 J\u00e9nine et Naplouse pendant la premi\u00e8re Intifada. \u00ab\u00a0Des centaines de membres du groupe ont \u00e9t\u00e9 tu\u00e9s ou emprisonn\u00e9s, et certains d&rsquo;entre eux sont encore prisonniers en Isra\u00ebl \u00e0 ce jour\u00a0\u00bb, a-t-il expliqu\u00e9. \u00ab\u00a0La r\u00e9gion autour de J\u00e9nine a \u00e9t\u00e9 le berceau de la r\u00e9volution et des vagues de protestation tout au long de l&rsquo;histoire de la Palestine &#8211; d&rsquo;abord pendant l&rsquo;\u00e8re ottomane, puis sous les Britanniques, et encore maintenant sous l&rsquo;occupation isra\u00e9lienne. Adopter une vision historique large du ph\u00e9nom\u00e8ne nous aide \u00e0 comprendre ce qui se passe aujourd&rsquo;hui dans le nord de la Cisjordanie.\u00a0\u00bb<\/span><\/span><\/span><\/p>\n<p><span style=\"color: #000000;\"><span style=\"font-family: Tahoma, sans-serif;\"><span style=\"font-size: medium;\"><i>Article original en anglais sur <a href=\"https:\/\/www.972mag.com\/west-bank-hebron-armed-struggle\/\">972mag.com<\/a> \/ Traduction MR<\/i><\/span><\/span><\/span><\/p>\n<p><span style=\"color: #201f1e;\"><span style=\"font-family: Vrinda, serif;\"><span style=\"font-size: medium;\">[writers slug=basil-adraa]<\/span><\/span><\/span><\/p>\n","protected":false},"excerpt":{"rendered":"<p>Basil Adra, 12 octobre 2022. Malgr\u00e9 les incursions militaires isra\u00e9liennes quasi-quotidiennes dans les villes palestiniennes du nord de la Cisjordanie occup\u00e9e &#8211; en particulier J\u00e9nine et Naplouse \u2013 contr\u00e9es par <a class=\"more-link\" href=\"https:\/\/ismfrance.org\/index.php\/2022\/10\/14\/le-nord-de-la-cisjordanie-prend-les-armes-le-sud-va-t-il-le-rejoindre\/\">Lire la suite &rarr;<\/a><\/p>\n","protected":false},"author":3,"featured_media":3749,"comment_status":"closed","ping_status":"closed","sticky":false,"template":"","format":"standard","meta":{"footnotes":""},"categories":[12,2],"tags":[58,3],"class_list":["post-3748","post","type-post","status-publish","format-standard","has-post-thumbnail","hentry","category-analyses","category-articles","tag-histoire","tag-resistance"],"yoast_head":"<!-- This site is optimized with the Yoast SEO plugin v27.2 - https:\/\/yoast.com\/product\/yoast-seo-wordpress\/ -->\n<title>Le nord de la Cisjordanie prend les armes. Le sud va-t-il le rejoindre ? - International Solidarity Movement - ISM-France<\/title>\n<meta name=\"robots\" content=\"index, follow, max-snippet:-1, max-image-preview:large, max-video-preview:-1\" \/>\n<link rel=\"canonical\" href=\"https:\/\/ismfrance.org\/index.php\/2022\/10\/14\/le-nord-de-la-cisjordanie-prend-les-armes-le-sud-va-t-il-le-rejoindre\/\" \/>\n<meta property=\"og:locale\" content=\"fr_FR\" \/>\n<meta property=\"og:type\" content=\"article\" \/>\n<meta property=\"og:title\" content=\"Le nord de la Cisjordanie prend les armes. Le sud va-t-il le rejoindre ? - International Solidarity Movement - ISM-France\" \/>\n<meta property=\"og:description\" content=\"Basil Adra, 12 octobre 2022. Malgr\u00e9 les incursions militaires isra\u00e9liennes quasi-quotidiennes dans les villes palestiniennes du nord de la Cisjordanie occup\u00e9e &#8211; en particulier J\u00e9nine et Naplouse \u2013 contr\u00e9es par Lire la suite &rarr;\" \/>\n<meta property=\"og:url\" content=\"https:\/\/ismfrance.org\/index.php\/2022\/10\/14\/le-nord-de-la-cisjordanie-prend-les-armes-le-sud-va-t-il-le-rejoindre\/\" \/>\n<meta property=\"og:site_name\" content=\"International Solidarity Movement - ISM-France\" \/>\n<meta property=\"article:published_time\" content=\"2022-10-14T08:55:20+00:00\" \/>\n<meta property=\"article:modified_time\" content=\"2022-10-14T08:58:13+00:00\" \/>\n<meta property=\"og:image\" content=\"https:\/\/ismfrance.org\/wp-content\/uploads\/2022\/10\/F220921NI03-1000x668-1.jpg\" \/>\n\t<meta property=\"og:image:width\" content=\"1000\" \/>\n\t<meta property=\"og:image:height\" content=\"668\" \/>\n\t<meta property=\"og:image:type\" content=\"image\/jpeg\" \/>\n<meta name=\"author\" content=\"mru_01\" \/>\n<meta name=\"twitter:card\" content=\"summary_large_image\" \/>\n<meta name=\"twitter:creator\" content=\"@ISMFRANCE\" \/>\n<meta name=\"twitter:site\" content=\"@ISMFRANCE\" \/>\n<meta name=\"twitter:label1\" content=\"\u00c9crit par\" \/>\n\t<meta name=\"twitter:data1\" content=\"mru_01\" \/>\n\t<meta name=\"twitter:label2\" content=\"Dur\u00e9e de lecture estim\u00e9e\" \/>\n\t<meta name=\"twitter:data2\" content=\"11 minutes\" \/>\n<script type=\"application\/ld+json\" class=\"yoast-schema-graph\">{\"@context\":\"https:\/\/schema.org\",\"@graph\":[{\"@type\":\"Article\",\"@id\":\"https:\/\/ismfrance.org\/index.php\/2022\/10\/14\/le-nord-de-la-cisjordanie-prend-les-armes-le-sud-va-t-il-le-rejoindre\/#article\",\"isPartOf\":{\"@id\":\"https:\/\/ismfrance.org\/index.php\/2022\/10\/14\/le-nord-de-la-cisjordanie-prend-les-armes-le-sud-va-t-il-le-rejoindre\/\"},\"author\":{\"name\":\"mru_01\",\"@id\":\"https:\/\/ismfrance.org\/#\/schema\/person\/3c411eb72adfaae19c0dca1f41fae01d\"},\"headline\":\"Le nord de la Cisjordanie prend les armes. Le sud va-t-il le rejoindre ?\",\"datePublished\":\"2022-10-14T08:55:20+00:00\",\"dateModified\":\"2022-10-14T08:58:13+00:00\",\"mainEntityOfPage\":{\"@id\":\"https:\/\/ismfrance.org\/index.php\/2022\/10\/14\/le-nord-de-la-cisjordanie-prend-les-armes-le-sud-va-t-il-le-rejoindre\/\"},\"wordCount\":2280,\"publisher\":{\"@id\":\"https:\/\/ismfrance.org\/#organization\"},\"image\":{\"@id\":\"https:\/\/ismfrance.org\/index.php\/2022\/10\/14\/le-nord-de-la-cisjordanie-prend-les-armes-le-sud-va-t-il-le-rejoindre\/#primaryimage\"},\"thumbnailUrl\":\"https:\/\/ismfrance.org\/wp-content\/uploads\/2022\/10\/F220921NI03-1000x668-1.jpg\",\"keywords\":[\"Histoire\",\"R\u00e9sistance\"],\"articleSection\":[\"Analyses\",\"Articles\"],\"inLanguage\":\"fr-FR\"},{\"@type\":\"WebPage\",\"@id\":\"https:\/\/ismfrance.org\/index.php\/2022\/10\/14\/le-nord-de-la-cisjordanie-prend-les-armes-le-sud-va-t-il-le-rejoindre\/\",\"url\":\"https:\/\/ismfrance.org\/index.php\/2022\/10\/14\/le-nord-de-la-cisjordanie-prend-les-armes-le-sud-va-t-il-le-rejoindre\/\",\"name\":\"Le nord de la Cisjordanie prend les armes. Le sud va-t-il le rejoindre ? - International Solidarity Movement - ISM-France\",\"isPartOf\":{\"@id\":\"https:\/\/ismfrance.org\/#website\"},\"primaryImageOfPage\":{\"@id\":\"https:\/\/ismfrance.org\/index.php\/2022\/10\/14\/le-nord-de-la-cisjordanie-prend-les-armes-le-sud-va-t-il-le-rejoindre\/#primaryimage\"},\"image\":{\"@id\":\"https:\/\/ismfrance.org\/index.php\/2022\/10\/14\/le-nord-de-la-cisjordanie-prend-les-armes-le-sud-va-t-il-le-rejoindre\/#primaryimage\"},\"thumbnailUrl\":\"https:\/\/ismfrance.org\/wp-content\/uploads\/2022\/10\/F220921NI03-1000x668-1.jpg\",\"datePublished\":\"2022-10-14T08:55:20+00:00\",\"dateModified\":\"2022-10-14T08:58:13+00:00\",\"breadcrumb\":{\"@id\":\"https:\/\/ismfrance.org\/index.php\/2022\/10\/14\/le-nord-de-la-cisjordanie-prend-les-armes-le-sud-va-t-il-le-rejoindre\/#breadcrumb\"},\"inLanguage\":\"fr-FR\",\"potentialAction\":[{\"@type\":\"ReadAction\",\"target\":[\"https:\/\/ismfrance.org\/index.php\/2022\/10\/14\/le-nord-de-la-cisjordanie-prend-les-armes-le-sud-va-t-il-le-rejoindre\/\"]}]},{\"@type\":\"ImageObject\",\"inLanguage\":\"fr-FR\",\"@id\":\"https:\/\/ismfrance.org\/index.php\/2022\/10\/14\/le-nord-de-la-cisjordanie-prend-les-armes-le-sud-va-t-il-le-rejoindre\/#primaryimage\",\"url\":\"https:\/\/ismfrance.org\/wp-content\/uploads\/2022\/10\/F220921NI03-1000x668-1.jpg\",\"contentUrl\":\"https:\/\/ismfrance.org\/wp-content\/uploads\/2022\/10\/F220921NI03-1000x668-1.jpg\",\"width\":1000,\"height\":668,\"caption\":\"Des r\u00e9sistants palestiniens des Brigades des Martyrs d'Al-Aqsa vus lors d'une parade militaire dans le camp de r\u00e9fugi\u00e9s de Balata, pr\u00e8s de Naplouse, le 21 septembre 2022. (Nasser Ishtayeh\/Flash90)\"},{\"@type\":\"BreadcrumbList\",\"@id\":\"https:\/\/ismfrance.org\/index.php\/2022\/10\/14\/le-nord-de-la-cisjordanie-prend-les-armes-le-sud-va-t-il-le-rejoindre\/#breadcrumb\",\"itemListElement\":[{\"@type\":\"ListItem\",\"position\":1,\"name\":\"Accueil\",\"item\":\"https:\/\/ismfrance.org\/\"},{\"@type\":\"ListItem\",\"position\":2,\"name\":\"Le nord de la Cisjordanie prend les armes. Le sud va-t-il le rejoindre ?\"}]},{\"@type\":\"WebSite\",\"@id\":\"https:\/\/ismfrance.org\/#website\",\"url\":\"https:\/\/ismfrance.org\/\",\"name\":\"ISM Palestine France\",\"description\":\"Soutien aux luttes de lib\u00e9ration du peuple palestinien\",\"publisher\":{\"@id\":\"https:\/\/ismfrance.org\/#organization\"},\"potentialAction\":[{\"@type\":\"SearchAction\",\"target\":{\"@type\":\"EntryPoint\",\"urlTemplate\":\"https:\/\/ismfrance.org\/?s={search_term_string}\"},\"query-input\":{\"@type\":\"PropertyValueSpecification\",\"valueRequired\":true,\"valueName\":\"search_term_string\"}}],\"inLanguage\":\"fr-FR\"},{\"@type\":\"Organization\",\"@id\":\"https:\/\/ismfrance.org\/#organization\",\"name\":\"International Solidarity Movement\",\"url\":\"https:\/\/ismfrance.org\/\",\"logo\":{\"@type\":\"ImageObject\",\"inLanguage\":\"fr-FR\",\"@id\":\"https:\/\/ismfrance.org\/#\/schema\/logo\/image\/\",\"url\":\"https:\/\/ismfrance.org\/wp-content\/uploads\/2020\/12\/00.png\",\"contentUrl\":\"https:\/\/ismfrance.org\/wp-content\/uploads\/2020\/12\/00.png\",\"width\":400,\"height\":400,\"caption\":\"International Solidarity Movement\"},\"image\":{\"@id\":\"https:\/\/ismfrance.org\/#\/schema\/logo\/image\/\"},\"sameAs\":[\"https:\/\/x.com\/ISMFRANCE\"]},{\"@type\":\"Person\",\"@id\":\"https:\/\/ismfrance.org\/#\/schema\/person\/3c411eb72adfaae19c0dca1f41fae01d\",\"name\":\"mru_01\",\"image\":{\"@type\":\"ImageObject\",\"inLanguage\":\"fr-FR\",\"@id\":\"https:\/\/secure.gravatar.com\/avatar\/3a0be343b445d2ccc79e87444a294fad2b232e90d2051d0e3cc219e1ecd6a330?s=96&d=mm&r=g\",\"url\":\"https:\/\/secure.gravatar.com\/avatar\/3a0be343b445d2ccc79e87444a294fad2b232e90d2051d0e3cc219e1ecd6a330?s=96&d=mm&r=g\",\"contentUrl\":\"https:\/\/secure.gravatar.com\/avatar\/3a0be343b445d2ccc79e87444a294fad2b232e90d2051d0e3cc219e1ecd6a330?s=96&d=mm&r=g\",\"caption\":\"mru_01\"},\"url\":\"https:\/\/ismfrance.org\/index.php\/author\/admin02\/\"}]}<\/script>\n<!-- \/ Yoast SEO plugin. -->","yoast_head_json":{"title":"Le nord de la Cisjordanie prend les armes. Le sud va-t-il le rejoindre ? - International Solidarity Movement - ISM-France","robots":{"index":"index","follow":"follow","max-snippet":"max-snippet:-1","max-image-preview":"max-image-preview:large","max-video-preview":"max-video-preview:-1"},"canonical":"https:\/\/ismfrance.org\/index.php\/2022\/10\/14\/le-nord-de-la-cisjordanie-prend-les-armes-le-sud-va-t-il-le-rejoindre\/","og_locale":"fr_FR","og_type":"article","og_title":"Le nord de la Cisjordanie prend les armes. Le sud va-t-il le rejoindre ? - International Solidarity Movement - ISM-France","og_description":"Basil Adra, 12 octobre 2022. Malgr\u00e9 les incursions militaires isra\u00e9liennes quasi-quotidiennes dans les villes palestiniennes du nord de la Cisjordanie occup\u00e9e &#8211; en particulier J\u00e9nine et Naplouse \u2013 contr\u00e9es par Lire la suite &rarr;","og_url":"https:\/\/ismfrance.org\/index.php\/2022\/10\/14\/le-nord-de-la-cisjordanie-prend-les-armes-le-sud-va-t-il-le-rejoindre\/","og_site_name":"International Solidarity Movement - ISM-France","article_published_time":"2022-10-14T08:55:20+00:00","article_modified_time":"2022-10-14T08:58:13+00:00","og_image":[{"width":1000,"height":668,"url":"https:\/\/ismfrance.org\/wp-content\/uploads\/2022\/10\/F220921NI03-1000x668-1.jpg","type":"image\/jpeg"}],"author":"mru_01","twitter_card":"summary_large_image","twitter_creator":"@ISMFRANCE","twitter_site":"@ISMFRANCE","twitter_misc":{"\u00c9crit par":"mru_01","Dur\u00e9e de lecture estim\u00e9e":"11 minutes"},"schema":{"@context":"https:\/\/schema.org","@graph":[{"@type":"Article","@id":"https:\/\/ismfrance.org\/index.php\/2022\/10\/14\/le-nord-de-la-cisjordanie-prend-les-armes-le-sud-va-t-il-le-rejoindre\/#article","isPartOf":{"@id":"https:\/\/ismfrance.org\/index.php\/2022\/10\/14\/le-nord-de-la-cisjordanie-prend-les-armes-le-sud-va-t-il-le-rejoindre\/"},"author":{"name":"mru_01","@id":"https:\/\/ismfrance.org\/#\/schema\/person\/3c411eb72adfaae19c0dca1f41fae01d"},"headline":"Le nord de la Cisjordanie prend les armes. Le sud va-t-il le rejoindre ?","datePublished":"2022-10-14T08:55:20+00:00","dateModified":"2022-10-14T08:58:13+00:00","mainEntityOfPage":{"@id":"https:\/\/ismfrance.org\/index.php\/2022\/10\/14\/le-nord-de-la-cisjordanie-prend-les-armes-le-sud-va-t-il-le-rejoindre\/"},"wordCount":2280,"publisher":{"@id":"https:\/\/ismfrance.org\/#organization"},"image":{"@id":"https:\/\/ismfrance.org\/index.php\/2022\/10\/14\/le-nord-de-la-cisjordanie-prend-les-armes-le-sud-va-t-il-le-rejoindre\/#primaryimage"},"thumbnailUrl":"https:\/\/ismfrance.org\/wp-content\/uploads\/2022\/10\/F220921NI03-1000x668-1.jpg","keywords":["Histoire","R\u00e9sistance"],"articleSection":["Analyses","Articles"],"inLanguage":"fr-FR"},{"@type":"WebPage","@id":"https:\/\/ismfrance.org\/index.php\/2022\/10\/14\/le-nord-de-la-cisjordanie-prend-les-armes-le-sud-va-t-il-le-rejoindre\/","url":"https:\/\/ismfrance.org\/index.php\/2022\/10\/14\/le-nord-de-la-cisjordanie-prend-les-armes-le-sud-va-t-il-le-rejoindre\/","name":"Le nord de la Cisjordanie prend les armes. Le sud va-t-il le rejoindre ? - International Solidarity Movement - ISM-France","isPartOf":{"@id":"https:\/\/ismfrance.org\/#website"},"primaryImageOfPage":{"@id":"https:\/\/ismfrance.org\/index.php\/2022\/10\/14\/le-nord-de-la-cisjordanie-prend-les-armes-le-sud-va-t-il-le-rejoindre\/#primaryimage"},"image":{"@id":"https:\/\/ismfrance.org\/index.php\/2022\/10\/14\/le-nord-de-la-cisjordanie-prend-les-armes-le-sud-va-t-il-le-rejoindre\/#primaryimage"},"thumbnailUrl":"https:\/\/ismfrance.org\/wp-content\/uploads\/2022\/10\/F220921NI03-1000x668-1.jpg","datePublished":"2022-10-14T08:55:20+00:00","dateModified":"2022-10-14T08:58:13+00:00","breadcrumb":{"@id":"https:\/\/ismfrance.org\/index.php\/2022\/10\/14\/le-nord-de-la-cisjordanie-prend-les-armes-le-sud-va-t-il-le-rejoindre\/#breadcrumb"},"inLanguage":"fr-FR","potentialAction":[{"@type":"ReadAction","target":["https:\/\/ismfrance.org\/index.php\/2022\/10\/14\/le-nord-de-la-cisjordanie-prend-les-armes-le-sud-va-t-il-le-rejoindre\/"]}]},{"@type":"ImageObject","inLanguage":"fr-FR","@id":"https:\/\/ismfrance.org\/index.php\/2022\/10\/14\/le-nord-de-la-cisjordanie-prend-les-armes-le-sud-va-t-il-le-rejoindre\/#primaryimage","url":"https:\/\/ismfrance.org\/wp-content\/uploads\/2022\/10\/F220921NI03-1000x668-1.jpg","contentUrl":"https:\/\/ismfrance.org\/wp-content\/uploads\/2022\/10\/F220921NI03-1000x668-1.jpg","width":1000,"height":668,"caption":"Des r\u00e9sistants palestiniens des Brigades des Martyrs d'Al-Aqsa vus lors d'une parade militaire dans le camp de r\u00e9fugi\u00e9s de Balata, pr\u00e8s de Naplouse, le 21 septembre 2022. (Nasser Ishtayeh\/Flash90)"},{"@type":"BreadcrumbList","@id":"https:\/\/ismfrance.org\/index.php\/2022\/10\/14\/le-nord-de-la-cisjordanie-prend-les-armes-le-sud-va-t-il-le-rejoindre\/#breadcrumb","itemListElement":[{"@type":"ListItem","position":1,"name":"Accueil","item":"https:\/\/ismfrance.org\/"},{"@type":"ListItem","position":2,"name":"Le nord de la Cisjordanie prend les armes. Le sud va-t-il le rejoindre ?"}]},{"@type":"WebSite","@id":"https:\/\/ismfrance.org\/#website","url":"https:\/\/ismfrance.org\/","name":"ISM Palestine France","description":"Soutien aux luttes de lib\u00e9ration du peuple palestinien","publisher":{"@id":"https:\/\/ismfrance.org\/#organization"},"potentialAction":[{"@type":"SearchAction","target":{"@type":"EntryPoint","urlTemplate":"https:\/\/ismfrance.org\/?s={search_term_string}"},"query-input":{"@type":"PropertyValueSpecification","valueRequired":true,"valueName":"search_term_string"}}],"inLanguage":"fr-FR"},{"@type":"Organization","@id":"https:\/\/ismfrance.org\/#organization","name":"International Solidarity Movement","url":"https:\/\/ismfrance.org\/","logo":{"@type":"ImageObject","inLanguage":"fr-FR","@id":"https:\/\/ismfrance.org\/#\/schema\/logo\/image\/","url":"https:\/\/ismfrance.org\/wp-content\/uploads\/2020\/12\/00.png","contentUrl":"https:\/\/ismfrance.org\/wp-content\/uploads\/2020\/12\/00.png","width":400,"height":400,"caption":"International Solidarity Movement"},"image":{"@id":"https:\/\/ismfrance.org\/#\/schema\/logo\/image\/"},"sameAs":["https:\/\/x.com\/ISMFRANCE"]},{"@type":"Person","@id":"https:\/\/ismfrance.org\/#\/schema\/person\/3c411eb72adfaae19c0dca1f41fae01d","name":"mru_01","image":{"@type":"ImageObject","inLanguage":"fr-FR","@id":"https:\/\/secure.gravatar.com\/avatar\/3a0be343b445d2ccc79e87444a294fad2b232e90d2051d0e3cc219e1ecd6a330?s=96&d=mm&r=g","url":"https:\/\/secure.gravatar.com\/avatar\/3a0be343b445d2ccc79e87444a294fad2b232e90d2051d0e3cc219e1ecd6a330?s=96&d=mm&r=g","contentUrl":"https:\/\/secure.gravatar.com\/avatar\/3a0be343b445d2ccc79e87444a294fad2b232e90d2051d0e3cc219e1ecd6a330?s=96&d=mm&r=g","caption":"mru_01"},"url":"https:\/\/ismfrance.org\/index.php\/author\/admin02\/"}]}},"_links":{"self":[{"href":"https:\/\/ismfrance.org\/index.php\/wp-json\/wp\/v2\/posts\/3748","targetHints":{"allow":["GET"]}}],"collection":[{"href":"https:\/\/ismfrance.org\/index.php\/wp-json\/wp\/v2\/posts"}],"about":[{"href":"https:\/\/ismfrance.org\/index.php\/wp-json\/wp\/v2\/types\/post"}],"author":[{"embeddable":true,"href":"https:\/\/ismfrance.org\/index.php\/wp-json\/wp\/v2\/users\/3"}],"replies":[{"embeddable":true,"href":"https:\/\/ismfrance.org\/index.php\/wp-json\/wp\/v2\/comments?post=3748"}],"version-history":[{"count":0,"href":"https:\/\/ismfrance.org\/index.php\/wp-json\/wp\/v2\/posts\/3748\/revisions"}],"wp:featuredmedia":[{"embeddable":true,"href":"https:\/\/ismfrance.org\/index.php\/wp-json\/wp\/v2\/media\/3749"}],"wp:attachment":[{"href":"https:\/\/ismfrance.org\/index.php\/wp-json\/wp\/v2\/media?parent=3748"}],"wp:term":[{"taxonomy":"category","embeddable":true,"href":"https:\/\/ismfrance.org\/index.php\/wp-json\/wp\/v2\/categories?post=3748"},{"taxonomy":"post_tag","embeddable":true,"href":"https:\/\/ismfrance.org\/index.php\/wp-json\/wp\/v2\/tags?post=3748"}],"curies":[{"name":"wp","href":"https:\/\/api.w.org\/{rel}","templated":true}]}}