{"id":3709,"date":"2022-10-11T18:24:14","date_gmt":"2022-10-11T16:24:14","guid":{"rendered":"https:\/\/ismfrance.org\/?p=3709"},"modified":"2022-10-11T18:35:40","modified_gmt":"2022-10-11T16:35:40","slug":"demarcation-des-frontieres-maritimes-laccord-serait-conclu-au-plus-tot-selon-aoun-cest-un-accord-historique-selon-lapid","status":"publish","type":"post","link":"https:\/\/ismfrance.org\/index.php\/2022\/10\/11\/demarcation-des-frontieres-maritimes-laccord-serait-conclu-au-plus-tot-selon-aoun-cest-un-accord-historique-selon-lapid\/","title":{"rendered":"D\u00e9marcation des fronti\u00e8res maritimes : l\u2019accord serait conclu au plus t\u00f4t, selon Aoun. C\u2019est un accord historique, selon Lapid"},"content":{"rendered":"<p><strong>Al-Manar, 11 octobre 2022<\/strong>. Apr\u00e8s d\u2019intenses n\u00e9gociations sous l\u2019\u00e9gide des Etats-Unis, la pr\u00e9sidence libanaise a annonc\u00e9 ce mardi 11 octobre que l\u2019accord avec l\u2019entit\u00e9 sioniste sur la d\u00e9marcation des fronti\u00e8res maritimes entre le Liban et la Palestine occup\u00e9e \u00ab sera conclu au plus t\u00f4t \u00bb. Alors que du c\u00f4t\u00e9 isra\u00e9lien, le Premier ministre parle d\u00e9j\u00e0 \u00ab d\u2019un accord historique \u00bb.<\/p>\n<div id=\"attachment_3711\" style=\"width: 610px\" class=\"wp-caption aligncenter\"><a href=\"https:\/\/ismfrance.org\/wp-content\/uploads\/2022\/10\/manar-07669020016655004422.png\"><img loading=\"lazy\" decoding=\"async\" aria-describedby=\"caption-attachment-3711\" class=\"size-large wp-image-3711\" src=\"https:\/\/ismfrance.org\/wp-content\/uploads\/2022\/10\/manar-07669020016655004422-700x408.png\" alt=\"\" width=\"600\" height=\"350\" srcset=\"https:\/\/ismfrance.org\/wp-content\/uploads\/2022\/10\/manar-07669020016655004422-700x408.png 700w, https:\/\/ismfrance.org\/wp-content\/uploads\/2022\/10\/manar-07669020016655004422-300x175.png 300w, https:\/\/ismfrance.org\/wp-content\/uploads\/2022\/10\/manar-07669020016655004422.png 750w\" sizes=\"auto, (max-width: 600px) 100vw, 600px\" \/><\/a><p id=\"caption-attachment-3711\" class=\"wp-caption-text\"><strong>Le pr\u00e9sident libanais Aoun, \u00e0 droite, et Elias Bou Saab, vice-pr\u00e9sident du parlement libanais, \u00e0 gauche<\/strong>. Il est pr\u00e9vu que sayed Nasrallah \u00e9voque cet accord ce mardi soir, dans son discours qui sera diffus\u00e9 en direct sur al-Manar vers 20:30 (heure de Beyrouth\/al-Qods occup\u00e9e)<\/p><\/div>\n<p><strong>\u00ab\u00a0Un accord satisfaisant\u00a0\u00bb<\/strong><\/p>\n<p>Sur Twitter, le bureau m\u00e9diatique du chef de l\u2019Etat Michel Aoun a indiqu\u00e9 que ce dernier a re\u00e7u la version finale de la proposition du m\u00e9diateur am\u00e9ricain Amos Hochstein, charg\u00e9 depuis pr\u00e8s de deux ans de suivre les pourparlers sur ce dossier, pr\u00e9cisant qu\u2019elle est \u00ab satisfaisante et r\u00e9pond aux exigences libanaises \u00bb et qu\u2019elle \u00ab a pr\u00e9serv\u00e9 les droits du Liban sur ses richesses naturelles \u00bb.<\/p>\n<p>Et d\u2019assurer que le pr\u00e9sident Aoun m\u00e8nera les consultations n\u00e9cessaires sur cette question nationale, en vue de l\u2019annonce officielle de la position nationale unifi\u00e9e. Cette annonce survient \u00e0 20 jours de la fin de son mandat, qui expire le 31 octobre.<\/p>\n<p>La version de Hochstein avait \u00e9t\u00e9 livr\u00e9e dans la soir\u00e9e de lundi, au vice-pr\u00e9sident du Parlement Elias Bou Saab, qui l\u2019a remise au matin de ce mardi au chef de l\u2019Etat libanais, au chef du Parlement Nabih Berri et au Premier ministre Najib Mikati.<\/p>\n<p>Bou Saab, qui a repr\u00e9sent\u00e9 le chef de l\u2019Etat pour mener les n\u00e9gociations, avait alors estim\u00e9 que \u00ab l\u2019accord est juste et satisfait les deux protagonistes \u00bb<\/p>\n<p>\u00ab Le projet d\u2019accord sur la fronti\u00e8re maritime prend en compte toutes les exigences libanaises \u00bb, a-t-il indiqu\u00e9 pour l\u2019agence <em>Reuters<\/em>, ajoutant qu&rsquo; \u00abun accord historique pourrait \u00eatre imminent \u00bb.<\/p>\n<p><strong>\u00ab\u00a0Une manoeuvre de neutralisation\u00a0\u00bb<\/strong><\/p>\n<p>D\u00e9but octobre, ayant exprim\u00e9 leur satisfaction \u00e0 un projet d\u2019accord du m\u00e9diateur am\u00e9ricain, les responsables libanais ont toutefois fait part de quelques remarques et demandes d\u2019amendements.<br \/>\nEnvoy\u00e9es aux Isra\u00e9liens, elles ont \u00e9t\u00e9 rejet\u00e9es par le Premier ministre Ya\u00efr Lapid, indirectement, via un responsable sous l\u2019anonymat, puis par le cabinet restreint isra\u00e9lien, mais sans que celui-ci ne publie de communiqu\u00e9 allant dans ce sens.<\/p>\n<p>Dimanche les autorit\u00e9s isra\u00e9liennes avaient donn\u00e9 l\u2019autorisation \u00e0 la compagnie Energean de proc\u00e9der au dernier test de pompage vers la plage du gaz du gisement de Karish, tout en prenant soin d\u2019envoyer au Liban un message, via les m\u00e9dias, pour \u00eatre transmis au num\u00e9ro un du Hezbollah, sayed Hassan Nasrallah que ce test ne veut pas dire que l\u2019extraction a \u00e9t\u00e9 entam\u00e9e.<\/p>\n<p>Le secr\u00e9taire g\u00e9n\u00e9ral du Hezbollah avait, dans ses discours ant\u00e9rieurs, menac\u00e9 de riposte militaire, au cas o\u00f9 les travaux d\u2019extraction de gaz de Karish sont entam\u00e9s sans accord avec le Liban sur la d\u00e9marcation des fronti\u00e8res maritimes. Il est pr\u00e9vu qu\u2019il \u00e9voque cet accord ce mardi soir, dans son discours qui sera diffus\u00e9 en direct sur al-Manar vers 20:30 (heure de Beyrouth\/al-Qods occup\u00e9e)<\/p>\n<p>Selon le chroniqueur des questions isra\u00e9liens de la t\u00e9l\u00e9vision al-Manar, Hassan Hijazi, le refus isra\u00e9lien des amendements libanais n\u2019est qu\u2019une man\u0153uvre destin\u00e9e \u00e0 neutraliser les voix hostiles \u00e0 l\u2019accord, dont celle de la droite isra\u00e9lienne, sur fond de l\u2019\u00e9ch\u00e9ance \u00e9lectorale fix\u00e9e pour le 1er novembre.<br \/>\nPour la 5\u00e8me fois en trois ans et demi, des l\u00e9gislatives doivent se tenir et pourraient consacrer, selon l\u2019AFP,\u00a0 le retour au pouvoir de Benjamin Netanyahu avec ses alli\u00e9s des partis ultra-orthodoxes et de l\u2019extr\u00eame droite.<\/p>\n<p>La semaine derni\u00e8re, l\u2019ex-Premier ministre isra\u00e9lien avait fustig\u00e9 ce projet, accusant l\u2019actuel Premier ministre de \u00ab\u00a0donner\u00a0\u00bb au Liban un \u00ab\u00a0territoire souverain d\u2019Isra\u00ebl\u00a0\u00bb, de \u00ab\u00a0capituler\u00a0\u00bb face au Hezbollah libanais et mena\u00e7ant de ne pas respecter l\u2019accord en cas de retour aux affaires.<\/p>\n<p><strong>\u00ab\u00a0Un accord historique\u00a0\u00bb<\/strong><\/p>\n<p>Evoquant ce mardi l\u2019accord qui devrait \u00eatre conclu, M. Lapid parlait dans un communiqu\u00e9 d\u2019un accord \u00ab\u00a0historique\u00a0\u00bb.<br \/>\nIl \u00ab\u00a0va renforcer la s\u00e9curit\u00e9 d\u2019Isra\u00ebl, injecter des milliards (d\u2019euros) dans l\u2019\u00e9conomie isra\u00e9lienne et assurer la stabilit\u00e9 de notre fronti\u00e8re nord (avec le Liban)\u00a0\u00bb, a-t-il ajout\u00e9, selon l\u2019AFP, pr\u00e9cisant qu\u2019une r\u00e9union de son cabinet de s\u00e9curit\u00e9 \u00e9tait pr\u00e9vue mercredi sur cet \u00ab\u00a0accord conclu\u00a0\u00bb \u00e0 l\u2019issue d\u2019une m\u00e9diation am\u00e9ricaine.<\/p>\n<p>Le gaz de Karish est destin\u00e9 \u00e0 se substituer au gaz russe et \u00e0 approvisionner l\u2019Europe qui souffre d\u00e9j\u00e0 de p\u00e9nuries et craint le pire avec l\u2019arriv\u00e9e de l\u2019hiver, en raison des sanctions que les Occidentaux ont d\u00e9cr\u00e9t\u00e9es contre la Russie afin de la punir pour son op\u00e9ration militaire en Ukraine.<\/p>\n<p>\u00ab\u00a0Toutes nos demandes ont \u00e9t\u00e9 accept\u00e9es\u00a0\u00bb, avait d\u00e9clar\u00e9 plus t\u00f4t Eyal Hulata, conseiller \u00e0 la s\u00e9curit\u00e9 nationale du Premier ministre.<br \/>\n\u00ab\u00a0Le Hezbollah, qui fait partie du Parlement libanais, est conscient de la situation \u00e9conomique catastrophique du Liban et il a un int\u00e9r\u00eat \u00e0 ce que le Liban puisse exploiter du gaz\u00a0\u00bb, a comment\u00e9 mardi le ministre isra\u00e9lien de la S\u00e9curit\u00e9 publique Omer Bar Lev.<br \/>\nMardi, des responsables isra\u00e9liens ont indiqu\u00e9 que l\u2019accord allait \u00eatre pr\u00e9sent\u00e9 au Parlement, sans fournir de date pr\u00e9cise.<\/p>\n<p><strong>Gisements Karish et Qana<\/strong><\/p>\n<p>Selon des informations de presse et des responsables isra\u00e9liens, cit\u00e9s par l\u2019AFP, le texte pr\u00e9voit que le gisement offshore de Karish soit sous contr\u00f4le de l\u2019entit\u00e9 sioniste et que les r\u00e9serves de Qana, situ\u00e9es plus au nord-est, soient octroy\u00e9es au pays du c\u00e8dre.<br \/>\nMais comme une partie de ce gisement d\u00e9passe la future ligne de d\u00e9marcation, la 23, l\u2019entit\u00e9 sioniste toucherait une part des futurs revenus de l\u2019exploitation gazi\u00e8re de Cana, d\u2019apr\u00e8s ces sources.<br \/>\nBou Saab, a assur\u00e9 mardi qu\u2019il y avait eu \u00ab\u00a0un accord entre Total et les Isra\u00e9liens\u00a0\u00bb en vertu duquel ces derniers pourraient \u00ab\u00a0recevoir des compensations\u00a0\u00bb du g\u00e9ant \u00e9nerg\u00e9tique et non du Liban.<\/p>\n<p>Mais contrairement \u00e0 Karish, le gisement de Qana est encore loin de pouvoir \u00eatre activ\u00e9 et doit faire l\u2019objet de plus de prospection pour en d\u00e9terminer les ressources gazi\u00e8res r\u00e9cup\u00e9rables.<br \/>\nDans ce cadre, le directeur Moyen-Orient et Afrique du Nord de la branche Exploration-Production de TotalEnergies, Laurent Vivier, est arriv\u00e9 ce mardi au Liban, d\u2019apr\u00e8s l\u2019agence officielle libanaise ANI.<\/p>\n<p><strong>Le r\u00f4le de la France<\/strong><\/p>\n<p>En juillet, le Premier ministre isra\u00e9lien Ya\u00efr Lapid avait \u00e9voqu\u00e9 ce dossier avec le pr\u00e9sident fran\u00e7ais Emmanuel Macron, esp\u00e9rant voir Paris user de son influence pour faciliter un accord avec Beyrouth, d\u2019autant que le fran\u00e7ais Total est pressenti pour explorer le gisement de Qana.<\/p>\n<p>La semaine pass\u00e9e, l\u2019ambassadrice de France au Liban Anne Grillo s\u2019\u00e9tait rendue en personne \u00e0 la banlieue sud de Beyrouth pour rencontrer dans un t\u00eate \u00e0 t\u00eate le chef du bloc parlementaire Fid\u00e9lit\u00e9 \u00e0 la r\u00e9sistance, Mohamad Raad avec lequel elle a \u00e9voqu\u00e9, entre autres, le dossier de la d\u00e9marcation des fronti\u00e8res maritimes.<\/p>\n<p>Elle aurait selon des sources ayant contact\u00e9 des parlementaires du Hezbollah rendu compte \u00ab\u00a0des conseils et des points de vue de ceux qui veulent aider la renaissance du Liban sinistr\u00e9 \u00bb, selon le journal libanais an-Nahar. Lui faisant part qu\u2019elle est enti\u00e8rement consciente de la situation libanaise embarrassante, elle lui aurait fait part \u00ab de la n\u00e9cessit\u00e9 de traiter avec le plus haut degr\u00e9 de positivit\u00e9 et de flexibilit\u00e9 les offres de d\u00e9marcation maritime que la partie am\u00e9ricaine a r\u00e9cemment transmises aux responsables \u00e0 Beyrouth comme une rare opportunit\u00e9 pour la stabilit\u00e9 future du Liban \u00bb. Et de ne pas louper cette opportunit\u00e9 comme \u00ab une issue parmi les issues de secours pour l\u2019\u00e9conomie libanaise \u00bb.<\/p>\n<p><strong>\u00ab\u00a0Pas de pr\u00e9sident de d\u00e9fi\u00a0\u00bb<\/strong><\/p>\n<p>Selon le quotidien libanais, la diplomate fran\u00e7aise a longuement \u00e9voqu\u00e9 avec le d\u00e9put\u00e9 du Hezbollah l\u2019\u00e9ch\u00e9ance de le formation d\u2019un nouveau gouvernement libanais. Le repres\u00e9ntant du parti de la R\u00e9sistance lui aurait fait part qu\u2019il la classe en t\u00eate de ses priorit\u00e9s, car une vacance pr\u00e9sidentielle pr\u00e9vue\u00a0 serait plus probl\u00e9matique du fait que le gouvernement actuel est int\u00e9rimaire.<\/p>\n<p>S\u2019agissant de l\u2019\u00e9lection pr\u00e9sidentielle, M. Raad a rappel\u00e9 \u00e0 Mme Grillo que le Hezbollah insiste sur une personnalit\u00e9 \u00ab\u00a0qui ne constitue pas de provocation pour aucune composante politique du pays\u00a0\u00bb, et qu\u2019il est hostile \u00e0 un \u00ab\u00a0pr\u00e9sident de d\u00e9fi\u00a0\u00bb.<\/p>\n<p>Source de l&rsquo;article : <a href=\"https:\/\/french.almanar.com.lb\/2453101\">Al-Manar en fran\u00e7ais<\/a><\/p>\n","protected":false},"excerpt":{"rendered":"<p>Al-Manar, 11 octobre 2022. Apr\u00e8s d\u2019intenses n\u00e9gociations sous l\u2019\u00e9gide des Etats-Unis, la pr\u00e9sidence libanaise a annonc\u00e9 ce mardi 11 octobre que l\u2019accord avec l\u2019entit\u00e9 sioniste sur la d\u00e9marcation des fronti\u00e8res <a class=\"more-link\" href=\"https:\/\/ismfrance.org\/index.php\/2022\/10\/11\/demarcation-des-frontieres-maritimes-laccord-serait-conclu-au-plus-tot-selon-aoun-cest-un-accord-historique-selon-lapid\/\">Lire la suite &rarr;<\/a><\/p>\n","protected":false},"author":3,"featured_media":3711,"comment_status":"closed","ping_status":"closed","sticky":false,"template":"","format":"standard","meta":{"footnotes":""},"categories":[2,14],"tags":[230,76,240],"class_list":["post-3709","post","type-post","status-publish","format-standard","has-post-thumbnail","hentry","category-articles","category-communiques","tag-energie","tag-liban","tag-ressources-naturelles"],"yoast_head":"<!-- This site is optimized with the Yoast SEO plugin v27.2 - https:\/\/yoast.com\/product\/yoast-seo-wordpress\/ -->\n<title>D\u00e9marcation des fronti\u00e8res maritimes : l\u2019accord serait conclu au plus t\u00f4t, selon Aoun. C\u2019est un accord historique, selon Lapid - International Solidarity Movement - ISM-France<\/title>\n<meta name=\"robots\" content=\"index, follow, max-snippet:-1, max-image-preview:large, max-video-preview:-1\" \/>\n<link rel=\"canonical\" href=\"https:\/\/ismfrance.org\/index.php\/2022\/10\/11\/demarcation-des-frontieres-maritimes-laccord-serait-conclu-au-plus-tot-selon-aoun-cest-un-accord-historique-selon-lapid\/\" \/>\n<meta property=\"og:locale\" content=\"fr_FR\" \/>\n<meta property=\"og:type\" content=\"article\" \/>\n<meta property=\"og:title\" content=\"D\u00e9marcation des fronti\u00e8res maritimes : l\u2019accord serait conclu au plus t\u00f4t, selon Aoun. C\u2019est un accord historique, selon Lapid - International Solidarity Movement - ISM-France\" \/>\n<meta property=\"og:description\" content=\"Al-Manar, 11 octobre 2022. Apr\u00e8s d\u2019intenses n\u00e9gociations sous l\u2019\u00e9gide des Etats-Unis, la pr\u00e9sidence libanaise a annonc\u00e9 ce mardi 11 octobre que l\u2019accord avec l\u2019entit\u00e9 sioniste sur la d\u00e9marcation des fronti\u00e8res Lire la suite &rarr;\" \/>\n<meta property=\"og:url\" content=\"https:\/\/ismfrance.org\/index.php\/2022\/10\/11\/demarcation-des-frontieres-maritimes-laccord-serait-conclu-au-plus-tot-selon-aoun-cest-un-accord-historique-selon-lapid\/\" \/>\n<meta property=\"og:site_name\" content=\"International Solidarity Movement - ISM-France\" \/>\n<meta property=\"article:published_time\" content=\"2022-10-11T16:24:14+00:00\" \/>\n<meta property=\"article:modified_time\" content=\"2022-10-11T16:35:40+00:00\" \/>\n<meta property=\"og:image\" content=\"https:\/\/ismfrance.org\/wp-content\/uploads\/2022\/10\/manar-07669020016655004422.png\" \/>\n\t<meta property=\"og:image:width\" content=\"750\" \/>\n\t<meta property=\"og:image:height\" content=\"437\" \/>\n\t<meta property=\"og:image:type\" content=\"image\/png\" \/>\n<meta name=\"author\" content=\"mru_01\" \/>\n<meta name=\"twitter:card\" content=\"summary_large_image\" \/>\n<meta name=\"twitter:creator\" content=\"@ISMFRANCE\" \/>\n<meta name=\"twitter:site\" content=\"@ISMFRANCE\" \/>\n<meta name=\"twitter:label1\" content=\"\u00c9crit par\" \/>\n\t<meta name=\"twitter:data1\" content=\"mru_01\" \/>\n\t<meta name=\"twitter:label2\" content=\"Dur\u00e9e de lecture estim\u00e9e\" \/>\n\t<meta name=\"twitter:data2\" content=\"7 minutes\" \/>\n<script type=\"application\/ld+json\" class=\"yoast-schema-graph\">{\"@context\":\"https:\/\/schema.org\",\"@graph\":[{\"@type\":\"Article\",\"@id\":\"https:\/\/ismfrance.org\/index.php\/2022\/10\/11\/demarcation-des-frontieres-maritimes-laccord-serait-conclu-au-plus-tot-selon-aoun-cest-un-accord-historique-selon-lapid\/#article\",\"isPartOf\":{\"@id\":\"https:\/\/ismfrance.org\/index.php\/2022\/10\/11\/demarcation-des-frontieres-maritimes-laccord-serait-conclu-au-plus-tot-selon-aoun-cest-un-accord-historique-selon-lapid\/\"},\"author\":{\"name\":\"mru_01\",\"@id\":\"https:\/\/ismfrance.org\/#\/schema\/person\/3c411eb72adfaae19c0dca1f41fae01d\"},\"headline\":\"D\u00e9marcation des fronti\u00e8res maritimes : l\u2019accord serait conclu au plus t\u00f4t, selon Aoun. C\u2019est un accord historique, selon Lapid\",\"datePublished\":\"2022-10-11T16:24:14+00:00\",\"dateModified\":\"2022-10-11T16:35:40+00:00\",\"mainEntityOfPage\":{\"@id\":\"https:\/\/ismfrance.org\/index.php\/2022\/10\/11\/demarcation-des-frontieres-maritimes-laccord-serait-conclu-au-plus-tot-selon-aoun-cest-un-accord-historique-selon-lapid\/\"},\"wordCount\":1536,\"publisher\":{\"@id\":\"https:\/\/ismfrance.org\/#organization\"},\"image\":{\"@id\":\"https:\/\/ismfrance.org\/index.php\/2022\/10\/11\/demarcation-des-frontieres-maritimes-laccord-serait-conclu-au-plus-tot-selon-aoun-cest-un-accord-historique-selon-lapid\/#primaryimage\"},\"thumbnailUrl\":\"https:\/\/ismfrance.org\/wp-content\/uploads\/2022\/10\/manar-07669020016655004422.png\",\"keywords\":[\"Energie\",\"Liban\",\"Ressources naturelles\"],\"articleSection\":[\"Articles\",\"Communiqu\u00e9s\"],\"inLanguage\":\"fr-FR\"},{\"@type\":\"WebPage\",\"@id\":\"https:\/\/ismfrance.org\/index.php\/2022\/10\/11\/demarcation-des-frontieres-maritimes-laccord-serait-conclu-au-plus-tot-selon-aoun-cest-un-accord-historique-selon-lapid\/\",\"url\":\"https:\/\/ismfrance.org\/index.php\/2022\/10\/11\/demarcation-des-frontieres-maritimes-laccord-serait-conclu-au-plus-tot-selon-aoun-cest-un-accord-historique-selon-lapid\/\",\"name\":\"D\u00e9marcation des fronti\u00e8res maritimes : l\u2019accord serait conclu au plus t\u00f4t, selon Aoun. C\u2019est un accord historique, selon Lapid - International Solidarity Movement - ISM-France\",\"isPartOf\":{\"@id\":\"https:\/\/ismfrance.org\/#website\"},\"primaryImageOfPage\":{\"@id\":\"https:\/\/ismfrance.org\/index.php\/2022\/10\/11\/demarcation-des-frontieres-maritimes-laccord-serait-conclu-au-plus-tot-selon-aoun-cest-un-accord-historique-selon-lapid\/#primaryimage\"},\"image\":{\"@id\":\"https:\/\/ismfrance.org\/index.php\/2022\/10\/11\/demarcation-des-frontieres-maritimes-laccord-serait-conclu-au-plus-tot-selon-aoun-cest-un-accord-historique-selon-lapid\/#primaryimage\"},\"thumbnailUrl\":\"https:\/\/ismfrance.org\/wp-content\/uploads\/2022\/10\/manar-07669020016655004422.png\",\"datePublished\":\"2022-10-11T16:24:14+00:00\",\"dateModified\":\"2022-10-11T16:35:40+00:00\",\"breadcrumb\":{\"@id\":\"https:\/\/ismfrance.org\/index.php\/2022\/10\/11\/demarcation-des-frontieres-maritimes-laccord-serait-conclu-au-plus-tot-selon-aoun-cest-un-accord-historique-selon-lapid\/#breadcrumb\"},\"inLanguage\":\"fr-FR\",\"potentialAction\":[{\"@type\":\"ReadAction\",\"target\":[\"https:\/\/ismfrance.org\/index.php\/2022\/10\/11\/demarcation-des-frontieres-maritimes-laccord-serait-conclu-au-plus-tot-selon-aoun-cest-un-accord-historique-selon-lapid\/\"]}]},{\"@type\":\"ImageObject\",\"inLanguage\":\"fr-FR\",\"@id\":\"https:\/\/ismfrance.org\/index.php\/2022\/10\/11\/demarcation-des-frontieres-maritimes-laccord-serait-conclu-au-plus-tot-selon-aoun-cest-un-accord-historique-selon-lapid\/#primaryimage\",\"url\":\"https:\/\/ismfrance.org\/wp-content\/uploads\/2022\/10\/manar-07669020016655004422.png\",\"contentUrl\":\"https:\/\/ismfrance.org\/wp-content\/uploads\/2022\/10\/manar-07669020016655004422.png\",\"width\":750,\"height\":437,\"caption\":\"Il est pr\u00e9vu que sayed Nasrallah \u00e9voque cet accord ce mardi soir, dans son discours qui sera diffus\u00e9 en direct sur al-Manar vers 20:30 (heure de Beyrouth\/al-Qods occup\u00e9e)\"},{\"@type\":\"BreadcrumbList\",\"@id\":\"https:\/\/ismfrance.org\/index.php\/2022\/10\/11\/demarcation-des-frontieres-maritimes-laccord-serait-conclu-au-plus-tot-selon-aoun-cest-un-accord-historique-selon-lapid\/#breadcrumb\",\"itemListElement\":[{\"@type\":\"ListItem\",\"position\":1,\"name\":\"Accueil\",\"item\":\"https:\/\/ismfrance.org\/\"},{\"@type\":\"ListItem\",\"position\":2,\"name\":\"D\u00e9marcation des fronti\u00e8res maritimes : l\u2019accord serait conclu au plus t\u00f4t, selon Aoun. C\u2019est un accord historique, selon Lapid\"}]},{\"@type\":\"WebSite\",\"@id\":\"https:\/\/ismfrance.org\/#website\",\"url\":\"https:\/\/ismfrance.org\/\",\"name\":\"ISM Palestine France\",\"description\":\"Soutien aux luttes de lib\u00e9ration du peuple palestinien\",\"publisher\":{\"@id\":\"https:\/\/ismfrance.org\/#organization\"},\"potentialAction\":[{\"@type\":\"SearchAction\",\"target\":{\"@type\":\"EntryPoint\",\"urlTemplate\":\"https:\/\/ismfrance.org\/?s={search_term_string}\"},\"query-input\":{\"@type\":\"PropertyValueSpecification\",\"valueRequired\":true,\"valueName\":\"search_term_string\"}}],\"inLanguage\":\"fr-FR\"},{\"@type\":\"Organization\",\"@id\":\"https:\/\/ismfrance.org\/#organization\",\"name\":\"International Solidarity Movement\",\"url\":\"https:\/\/ismfrance.org\/\",\"logo\":{\"@type\":\"ImageObject\",\"inLanguage\":\"fr-FR\",\"@id\":\"https:\/\/ismfrance.org\/#\/schema\/logo\/image\/\",\"url\":\"https:\/\/ismfrance.org\/wp-content\/uploads\/2020\/12\/00.png\",\"contentUrl\":\"https:\/\/ismfrance.org\/wp-content\/uploads\/2020\/12\/00.png\",\"width\":400,\"height\":400,\"caption\":\"International Solidarity Movement\"},\"image\":{\"@id\":\"https:\/\/ismfrance.org\/#\/schema\/logo\/image\/\"},\"sameAs\":[\"https:\/\/x.com\/ISMFRANCE\"]},{\"@type\":\"Person\",\"@id\":\"https:\/\/ismfrance.org\/#\/schema\/person\/3c411eb72adfaae19c0dca1f41fae01d\",\"name\":\"mru_01\",\"image\":{\"@type\":\"ImageObject\",\"inLanguage\":\"fr-FR\",\"@id\":\"https:\/\/secure.gravatar.com\/avatar\/3a0be343b445d2ccc79e87444a294fad2b232e90d2051d0e3cc219e1ecd6a330?s=96&d=mm&r=g\",\"url\":\"https:\/\/secure.gravatar.com\/avatar\/3a0be343b445d2ccc79e87444a294fad2b232e90d2051d0e3cc219e1ecd6a330?s=96&d=mm&r=g\",\"contentUrl\":\"https:\/\/secure.gravatar.com\/avatar\/3a0be343b445d2ccc79e87444a294fad2b232e90d2051d0e3cc219e1ecd6a330?s=96&d=mm&r=g\",\"caption\":\"mru_01\"},\"url\":\"https:\/\/ismfrance.org\/index.php\/author\/admin02\/\"}]}<\/script>\n<!-- \/ Yoast SEO plugin. -->","yoast_head_json":{"title":"D\u00e9marcation des fronti\u00e8res maritimes : l\u2019accord serait conclu au plus t\u00f4t, selon Aoun. C\u2019est un accord historique, selon Lapid - International Solidarity Movement - ISM-France","robots":{"index":"index","follow":"follow","max-snippet":"max-snippet:-1","max-image-preview":"max-image-preview:large","max-video-preview":"max-video-preview:-1"},"canonical":"https:\/\/ismfrance.org\/index.php\/2022\/10\/11\/demarcation-des-frontieres-maritimes-laccord-serait-conclu-au-plus-tot-selon-aoun-cest-un-accord-historique-selon-lapid\/","og_locale":"fr_FR","og_type":"article","og_title":"D\u00e9marcation des fronti\u00e8res maritimes : l\u2019accord serait conclu au plus t\u00f4t, selon Aoun. C\u2019est un accord historique, selon Lapid - International Solidarity Movement - ISM-France","og_description":"Al-Manar, 11 octobre 2022. Apr\u00e8s d\u2019intenses n\u00e9gociations sous l\u2019\u00e9gide des Etats-Unis, la pr\u00e9sidence libanaise a annonc\u00e9 ce mardi 11 octobre que l\u2019accord avec l\u2019entit\u00e9 sioniste sur la d\u00e9marcation des fronti\u00e8res Lire la suite &rarr;","og_url":"https:\/\/ismfrance.org\/index.php\/2022\/10\/11\/demarcation-des-frontieres-maritimes-laccord-serait-conclu-au-plus-tot-selon-aoun-cest-un-accord-historique-selon-lapid\/","og_site_name":"International Solidarity Movement - ISM-France","article_published_time":"2022-10-11T16:24:14+00:00","article_modified_time":"2022-10-11T16:35:40+00:00","og_image":[{"width":750,"height":437,"url":"https:\/\/ismfrance.org\/wp-content\/uploads\/2022\/10\/manar-07669020016655004422.png","type":"image\/png"}],"author":"mru_01","twitter_card":"summary_large_image","twitter_creator":"@ISMFRANCE","twitter_site":"@ISMFRANCE","twitter_misc":{"\u00c9crit par":"mru_01","Dur\u00e9e de lecture estim\u00e9e":"7 minutes"},"schema":{"@context":"https:\/\/schema.org","@graph":[{"@type":"Article","@id":"https:\/\/ismfrance.org\/index.php\/2022\/10\/11\/demarcation-des-frontieres-maritimes-laccord-serait-conclu-au-plus-tot-selon-aoun-cest-un-accord-historique-selon-lapid\/#article","isPartOf":{"@id":"https:\/\/ismfrance.org\/index.php\/2022\/10\/11\/demarcation-des-frontieres-maritimes-laccord-serait-conclu-au-plus-tot-selon-aoun-cest-un-accord-historique-selon-lapid\/"},"author":{"name":"mru_01","@id":"https:\/\/ismfrance.org\/#\/schema\/person\/3c411eb72adfaae19c0dca1f41fae01d"},"headline":"D\u00e9marcation des fronti\u00e8res maritimes : l\u2019accord serait conclu au plus t\u00f4t, selon Aoun. C\u2019est un accord historique, selon Lapid","datePublished":"2022-10-11T16:24:14+00:00","dateModified":"2022-10-11T16:35:40+00:00","mainEntityOfPage":{"@id":"https:\/\/ismfrance.org\/index.php\/2022\/10\/11\/demarcation-des-frontieres-maritimes-laccord-serait-conclu-au-plus-tot-selon-aoun-cest-un-accord-historique-selon-lapid\/"},"wordCount":1536,"publisher":{"@id":"https:\/\/ismfrance.org\/#organization"},"image":{"@id":"https:\/\/ismfrance.org\/index.php\/2022\/10\/11\/demarcation-des-frontieres-maritimes-laccord-serait-conclu-au-plus-tot-selon-aoun-cest-un-accord-historique-selon-lapid\/#primaryimage"},"thumbnailUrl":"https:\/\/ismfrance.org\/wp-content\/uploads\/2022\/10\/manar-07669020016655004422.png","keywords":["Energie","Liban","Ressources naturelles"],"articleSection":["Articles","Communiqu\u00e9s"],"inLanguage":"fr-FR"},{"@type":"WebPage","@id":"https:\/\/ismfrance.org\/index.php\/2022\/10\/11\/demarcation-des-frontieres-maritimes-laccord-serait-conclu-au-plus-tot-selon-aoun-cest-un-accord-historique-selon-lapid\/","url":"https:\/\/ismfrance.org\/index.php\/2022\/10\/11\/demarcation-des-frontieres-maritimes-laccord-serait-conclu-au-plus-tot-selon-aoun-cest-un-accord-historique-selon-lapid\/","name":"D\u00e9marcation des fronti\u00e8res maritimes : l\u2019accord serait conclu au plus t\u00f4t, selon Aoun. C\u2019est un accord historique, selon Lapid - International Solidarity Movement - ISM-France","isPartOf":{"@id":"https:\/\/ismfrance.org\/#website"},"primaryImageOfPage":{"@id":"https:\/\/ismfrance.org\/index.php\/2022\/10\/11\/demarcation-des-frontieres-maritimes-laccord-serait-conclu-au-plus-tot-selon-aoun-cest-un-accord-historique-selon-lapid\/#primaryimage"},"image":{"@id":"https:\/\/ismfrance.org\/index.php\/2022\/10\/11\/demarcation-des-frontieres-maritimes-laccord-serait-conclu-au-plus-tot-selon-aoun-cest-un-accord-historique-selon-lapid\/#primaryimage"},"thumbnailUrl":"https:\/\/ismfrance.org\/wp-content\/uploads\/2022\/10\/manar-07669020016655004422.png","datePublished":"2022-10-11T16:24:14+00:00","dateModified":"2022-10-11T16:35:40+00:00","breadcrumb":{"@id":"https:\/\/ismfrance.org\/index.php\/2022\/10\/11\/demarcation-des-frontieres-maritimes-laccord-serait-conclu-au-plus-tot-selon-aoun-cest-un-accord-historique-selon-lapid\/#breadcrumb"},"inLanguage":"fr-FR","potentialAction":[{"@type":"ReadAction","target":["https:\/\/ismfrance.org\/index.php\/2022\/10\/11\/demarcation-des-frontieres-maritimes-laccord-serait-conclu-au-plus-tot-selon-aoun-cest-un-accord-historique-selon-lapid\/"]}]},{"@type":"ImageObject","inLanguage":"fr-FR","@id":"https:\/\/ismfrance.org\/index.php\/2022\/10\/11\/demarcation-des-frontieres-maritimes-laccord-serait-conclu-au-plus-tot-selon-aoun-cest-un-accord-historique-selon-lapid\/#primaryimage","url":"https:\/\/ismfrance.org\/wp-content\/uploads\/2022\/10\/manar-07669020016655004422.png","contentUrl":"https:\/\/ismfrance.org\/wp-content\/uploads\/2022\/10\/manar-07669020016655004422.png","width":750,"height":437,"caption":"Il est pr\u00e9vu que sayed Nasrallah \u00e9voque cet accord ce mardi soir, dans son discours qui sera diffus\u00e9 en direct sur al-Manar vers 20:30 (heure de Beyrouth\/al-Qods occup\u00e9e)"},{"@type":"BreadcrumbList","@id":"https:\/\/ismfrance.org\/index.php\/2022\/10\/11\/demarcation-des-frontieres-maritimes-laccord-serait-conclu-au-plus-tot-selon-aoun-cest-un-accord-historique-selon-lapid\/#breadcrumb","itemListElement":[{"@type":"ListItem","position":1,"name":"Accueil","item":"https:\/\/ismfrance.org\/"},{"@type":"ListItem","position":2,"name":"D\u00e9marcation des fronti\u00e8res maritimes : l\u2019accord serait conclu au plus t\u00f4t, selon Aoun. C\u2019est un accord historique, selon Lapid"}]},{"@type":"WebSite","@id":"https:\/\/ismfrance.org\/#website","url":"https:\/\/ismfrance.org\/","name":"ISM Palestine France","description":"Soutien aux luttes de lib\u00e9ration du peuple palestinien","publisher":{"@id":"https:\/\/ismfrance.org\/#organization"},"potentialAction":[{"@type":"SearchAction","target":{"@type":"EntryPoint","urlTemplate":"https:\/\/ismfrance.org\/?s={search_term_string}"},"query-input":{"@type":"PropertyValueSpecification","valueRequired":true,"valueName":"search_term_string"}}],"inLanguage":"fr-FR"},{"@type":"Organization","@id":"https:\/\/ismfrance.org\/#organization","name":"International Solidarity Movement","url":"https:\/\/ismfrance.org\/","logo":{"@type":"ImageObject","inLanguage":"fr-FR","@id":"https:\/\/ismfrance.org\/#\/schema\/logo\/image\/","url":"https:\/\/ismfrance.org\/wp-content\/uploads\/2020\/12\/00.png","contentUrl":"https:\/\/ismfrance.org\/wp-content\/uploads\/2020\/12\/00.png","width":400,"height":400,"caption":"International Solidarity Movement"},"image":{"@id":"https:\/\/ismfrance.org\/#\/schema\/logo\/image\/"},"sameAs":["https:\/\/x.com\/ISMFRANCE"]},{"@type":"Person","@id":"https:\/\/ismfrance.org\/#\/schema\/person\/3c411eb72adfaae19c0dca1f41fae01d","name":"mru_01","image":{"@type":"ImageObject","inLanguage":"fr-FR","@id":"https:\/\/secure.gravatar.com\/avatar\/3a0be343b445d2ccc79e87444a294fad2b232e90d2051d0e3cc219e1ecd6a330?s=96&d=mm&r=g","url":"https:\/\/secure.gravatar.com\/avatar\/3a0be343b445d2ccc79e87444a294fad2b232e90d2051d0e3cc219e1ecd6a330?s=96&d=mm&r=g","contentUrl":"https:\/\/secure.gravatar.com\/avatar\/3a0be343b445d2ccc79e87444a294fad2b232e90d2051d0e3cc219e1ecd6a330?s=96&d=mm&r=g","caption":"mru_01"},"url":"https:\/\/ismfrance.org\/index.php\/author\/admin02\/"}]}},"_links":{"self":[{"href":"https:\/\/ismfrance.org\/index.php\/wp-json\/wp\/v2\/posts\/3709","targetHints":{"allow":["GET"]}}],"collection":[{"href":"https:\/\/ismfrance.org\/index.php\/wp-json\/wp\/v2\/posts"}],"about":[{"href":"https:\/\/ismfrance.org\/index.php\/wp-json\/wp\/v2\/types\/post"}],"author":[{"embeddable":true,"href":"https:\/\/ismfrance.org\/index.php\/wp-json\/wp\/v2\/users\/3"}],"replies":[{"embeddable":true,"href":"https:\/\/ismfrance.org\/index.php\/wp-json\/wp\/v2\/comments?post=3709"}],"version-history":[{"count":0,"href":"https:\/\/ismfrance.org\/index.php\/wp-json\/wp\/v2\/posts\/3709\/revisions"}],"wp:featuredmedia":[{"embeddable":true,"href":"https:\/\/ismfrance.org\/index.php\/wp-json\/wp\/v2\/media\/3711"}],"wp:attachment":[{"href":"https:\/\/ismfrance.org\/index.php\/wp-json\/wp\/v2\/media?parent=3709"}],"wp:term":[{"taxonomy":"category","embeddable":true,"href":"https:\/\/ismfrance.org\/index.php\/wp-json\/wp\/v2\/categories?post=3709"},{"taxonomy":"post_tag","embeddable":true,"href":"https:\/\/ismfrance.org\/index.php\/wp-json\/wp\/v2\/tags?post=3709"}],"curies":[{"name":"wp","href":"https:\/\/api.w.org\/{rel}","templated":true}]}}