{"id":3634,"date":"2022-10-05T09:45:29","date_gmt":"2022-10-05T07:45:29","guid":{"rendered":"https:\/\/ismfrance.org\/?p=3634"},"modified":"2022-10-11T19:43:58","modified_gmt":"2022-10-11T17:43:58","slug":"campagne-de-solidarite-avec-la-jeunesse-et-les-journalistes-palestiniens","status":"publish","type":"post","link":"https:\/\/ismfrance.org\/index.php\/2022\/10\/05\/campagne-de-solidarite-avec-la-jeunesse-et-les-journalistes-palestiniens\/","title":{"rendered":"Campagne de solidarit\u00e9 avec la jeunesse et les journalistes palestiniens"},"content":{"rendered":"<p><span style=\"color: #000000;\"><span style=\"font-family: Verdana, sans-serif;\"><span style=\"font-size: medium;\">Depuis la cr\u00e9ation par l\u2019ONU de l&rsquo;Etat colonial et d&rsquo;Apartheid d\u2019Isra\u00ebl en 1948, l&rsquo;occupation, la colonisation, le nettoyage ethnique, les massacres, l&rsquo;expulsion, les ex\u00e9cutions, l&#8217;emprisonnement, la torture et le blocus de Gaza qui sont des crimes de guerre, sont le lot quotidien des Palestiniens. Parmi eux, beaucoup d\u2019enfants, de jeunes et des journalistes.<\/span><\/span><\/span><\/p>\n<div id=\"attachment_3635\" style=\"width: 610px\" class=\"wp-caption aligncenter\"><a href=\"https:\/\/ismfrance.org\/wp-content\/uploads\/2022\/10\/young-tamimi.webp\"><img loading=\"lazy\" decoding=\"async\" aria-describedby=\"caption-attachment-3635\" class=\"size-large wp-image-3635\" src=\"https:\/\/ismfrance.org\/wp-content\/uploads\/2022\/10\/young-tamimi-700x393.webp\" alt=\"\" width=\"600\" height=\"337\" srcset=\"https:\/\/ismfrance.org\/wp-content\/uploads\/2022\/10\/young-tamimi-700x393.webp 700w, https:\/\/ismfrance.org\/wp-content\/uploads\/2022\/10\/young-tamimi-300x168.webp 300w, https:\/\/ismfrance.org\/wp-content\/uploads\/2022\/10\/young-tamimi-768x431.webp 768w, https:\/\/ismfrance.org\/wp-content\/uploads\/2022\/10\/young-tamimi-1536x862.webp 1536w, https:\/\/ismfrance.org\/wp-content\/uploads\/2022\/10\/young-tamimi-1320x741.webp 1320w, https:\/\/ismfrance.org\/wp-content\/uploads\/2022\/10\/young-tamimi.webp 1900w\" sizes=\"auto, (max-width: 600px) 100vw, 600px\" \/><\/a><p id=\"caption-attachment-3635\" class=\"wp-caption-text\">Mohammed Bassem Tamimi, 12 ans, Nabi Saleh, 2014<\/p><\/div>\n<p><span style=\"color: #000000;\"><span style=\"font-family: Verdana, sans-serif;\"><span style=\"font-size: medium;\">Les enfants et la jeunesse palestinienne en g\u00e9n\u00e9ral, sont les plus expos\u00e9s aux cons\u00e9quences de l&rsquo;occupation en termes d&#8217;emprisonnement et de mauvais traitements.<\/span><\/span><\/span><\/p>\n<p><span style=\"color: #000000;\"><span style=\"font-family: Verdana, sans-serif;\"><span style=\"font-size: medium;\">L\u2019organisation non gouvernementale palestinienne \u00ab\u00a0Defense for Children International \u2013 Palestine\u00a0(D\u00e9fense des enfants International \u2013 Palestine, DCIP), d\u00e9clar\u00e9e terroriste par Isra\u00ebl en 2021 avec 6 autres ONG, pr\u00e9cise que \u00ab<em> Isra\u00ebl est le seul pays au monde \u00e0 d\u00e9tenir et \u00e0 poursuivre automatiquement et syst\u00e9matiquement les enfants dans des tribunaux militaires, o\u00f9 les droits \u00e0 un proc\u00e8s \u00e9quitable ne sont pas appliqu\u00e9s. Isra\u00ebl d\u00e9tient et poursuit entre 500 et 700 enfants palestiniens dans les tribunaux militaires chaque ann\u00e9e. Trois sur quatre enfants palestiniens d\u00e9tenus par les forces isra\u00e9liennes font l\u2019exp\u00e9rience d\u2019une forme ou une autre de violence physique. Depuis 1967, Isra\u00ebl a mis en oeuvre deux syst\u00e8mes judiciaires s\u00e9par\u00e9s sur le m\u00eame territoire. En Cisjordanie occup\u00e9e, les colons isra\u00e9liens sont soumis au syst\u00e8me judiciaire civil et p\u00e9nal alors que les Palestiniens vivent sous le droit militaire. Aucun enfant isra\u00e9lien n\u2019est jamais en contact avec les tribunaux militaires.\u00a0<\/em>\u00bb<\/span><\/span><\/span><\/p>\n<p><span style=\"color: #000000;\"><span style=\"font-family: Verdana, sans-serif;\"><span style=\"font-size: medium;\">Aussi, les journalistes sont r\u00e9guli\u00e8rement la cible de l&rsquo;arm\u00e9e d&rsquo;occupation isra\u00e9lienne. Selon Reporters Sans Fronti\u00e8res, 35 journalistes ont \u00e9t\u00e9 tu\u00e9s en exer\u00e7ant leur m\u00e9tier en Palestine occup\u00e9e depuis l\u2019ann\u00e9e 2000, dont Shireen Abu Akleh, c\u00e9l\u00e8bre journaliste d&rsquo;<em>Al-Jazira<\/em>.<\/span><\/span><\/span><\/p>\n<p><span style=\"color: #000000;\"><span style=\"font-family: Verdana, sans-serif;\"><span style=\"font-size: medium;\">Les associations et organisations signataires de cet appel ainsi que les \u00e9lus (maires, d\u00e9put\u00e9s, s\u00e9nateurs, conseillers\u2026) et simples citoyens, soutiennent sans r\u00e9serve la r\u00e9sistance du peuple palestinien dans sa lutte pour la lib\u00e9ration de sa terre, la Palestine, afin de recouvrer ses droits nationaux dont :<\/span><\/span><\/span><\/p>\n<p><strong><span style=\"color: #000000;\">\uf0b7 <span style=\"font-family: Verdana, sans-serif;\"><span style=\"font-size: medium;\">L&rsquo;instauration d&rsquo;un Etat ind\u00e9pendant avec J\u00e9rusalem pour capitale,<\/span><\/span><\/span><\/strong><\/p>\n<p><strong><span style=\"color: #000000;\">\uf0b7 <span style=\"font-family: Verdana, sans-serif;\"><span style=\"font-size: medium;\">Le droit au retour de tous les r\u00e9fugi\u00e9s expuls\u00e9s depuis 1948 sur leurs terres et dans leurs foyers d&rsquo;origines,<\/span><\/span><\/span><\/strong><\/p>\n<p><strong><span style=\"color: #000000;\">\uf0b7 <span style=\"font-family: Verdana, sans-serif;\"><span style=\"font-size: medium;\">La lib\u00e9ration de tous les prisonniers politiques palestiniens &#8211; Enfants &#8211; Femmes \u2013 Hommes, d\u00e9put\u00e9s\u2026.<\/span><\/span><\/span><\/strong><\/p>\n<p><span style=\"color: #000000;\"><span style=\"font-family: Verdana, sans-serif;\"><span style=\"font-size: medium;\">La France, dans ce contexte d\u2019occupation, soutient inconditionnellement l\u2019Etat colonial et d\u2019Apartheid alors qu\u2019elle peut sanctionner cet Etat \u00e0 son niveau et au niveau Europ\u00e9en. La France signataire de la 4\u00e8me\u00a0convention de Gen\u00e8ve a normalement l\u2019obligation morale et pratique d\u2019agir pour la protection de la population civile palestinienne et surtout les enfants et la jeunesse en g\u00e9n\u00e9ral ainsi que celle des d\u00e9fenseurs des droits de l\u2019Homme et des journalistes palestiniens.<\/span><\/span><\/span><\/p>\n<p><span style=\"color: #000000;\"><span style=\"font-family: Verdana, sans-serif;\"><span style=\"font-size: medium;\">Les signataires de cet appel &#8211; p\u00e9tition, soutiennent sans r\u00e9serve la campagne Boycott Sanctions D\u00e9sinvestissement &#8211; BDS &#8211; d&rsquo;Isra\u00ebl, comme au temps de l&rsquo;Apartheid en Afrique du Sud, jusqu&rsquo;\u00e0 la r\u00e9alisation des droits l\u00e9gitimes du peuple palestinien.<\/span><\/span><\/span><\/p>\n<p><span style=\"color: #000000;\"><span style=\"font-family: Verdana, sans-serif;\"><span style=\"font-size: medium;\">Pour signer l\u2019appel\u00a0<a href=\"mailto:resistancepalestine048@gmail.com\">resistancepalestine048@gmail.com<\/a><\/span><\/span><\/span><\/p>\n<p><span style=\"color: #000000;\"><span style=\"font-family: Verdana, sans-serif;\"><span style=\"font-size: small;\"><b>Premi\u00e8re signataires :<\/b><\/span><\/span><\/span><\/p>\n<p><span style=\"color: #000000;\"><span style=\"font-family: Verdana, sans-serif;\"><span style=\"font-size: small;\">Coordination de Soutien \u00e0 la R\u00e9sistance du Peuple Palestinien, Association de Palestiniens en Ile-de-France (APIDF), Front Uni des Immigrations et des Quartiers Populaires (FUIQP), BDS France, International Solidarity Movement (ISM-France), Collectif Palestine Vaincra (Toulouse), Comit\u00e9 Action Palestine (Bordeaux), Association Resistance Palestine (Lyon), Comit\u00e9 Ivryens Pour la Palestine, Collectif Villeneuve Palestine, Fan club One Peace 93, Association Femmes Plurielles, Association un Sourire une Aum\u00f4ne (Vigneux Sur Seine), Collectif des Musulmans V\u00e9g\u00e9tariens de France, Union syndicale Solidaires, Union Locale CGT Paris 18eme, Association Nationale des Communistes (ANC), P\u00f4le de renaissance communiste en France (PRCF), Campagne Unitaire pour la Lib\u00e9ration de Georges Abdallah,<\/span><\/span><\/span><\/p>\n<p><span style=\"color: #000000;\"><span style=\"font-family: Verdana, sans-serif;\"><span style=\"font-size: small;\">Sako des Chiens de Paille (Rappeur et membre du Parlement de la NUPES), Souleymane Boel (\u00e9crivain et sc\u00e9nariste), Walid Atallah (militant de l&rsquo;Association des Palestiniens d&rsquo;Ile de France), Abdelazziz Chaambi (activiste militant), Alima Boumedianne (avocate, ancienne s\u00e9natrice et eurodeput\u00e9e), Mohamed Ben Yakhlef (D\u00e9l\u00e9gu\u00e9 syndicale CGT, ancien \u00e9lu LFI), Charles Hoareau (Pr\u00e9sident de l&rsquo;ANC), Jean-Pierre Page (syndicaliste CGT, ancien responsable de la commission Internationale), Colin Champion (Pr\u00e9sident de La Voix Lyc\u00e9enne), Yasmine Kidani (Association des Musulmans V\u00e9g\u00e9tariens de France), Souleymane Boel (\u00e9crivain et sc\u00e9nariste), Bruno Drewski (Maitre de Conf\u00e9rences \u00e0 INALCO Paris), Ahmed Frassini (journaliste), Walid Sadaoui (simple citoyen), Hadama Traor\u00e9 (co-fondateur du mouvement LREEM),<\/span><\/span><\/span><\/p>\n","protected":false},"excerpt":{"rendered":"<p>Depuis la cr\u00e9ation par l\u2019ONU de l&rsquo;Etat colonial et d&rsquo;Apartheid d\u2019Isra\u00ebl en 1948, l&rsquo;occupation, la colonisation, le nettoyage ethnique, les massacres, l&rsquo;expulsion, les ex\u00e9cutions, l&#8217;emprisonnement, la torture et le blocus <a class=\"more-link\" href=\"https:\/\/ismfrance.org\/index.php\/2022\/10\/05\/campagne-de-solidarite-avec-la-jeunesse-et-les-journalistes-palestiniens\/\">Lire la suite &rarr;<\/a><\/p>\n","protected":false},"author":3,"featured_media":3635,"comment_status":"closed","ping_status":"closed","sticky":false,"template":"","format":"standard","meta":{"footnotes":""},"categories":[2,14],"tags":[61,108,44],"class_list":["post-3634","post","type-post","status-publish","format-standard","has-post-thumbnail","hentry","category-articles","category-communiques","tag-enfants","tag-journalistes","tag-materiel-militant"],"yoast_head":"<!-- This site is optimized with the Yoast SEO plugin v27.2 - https:\/\/yoast.com\/product\/yoast-seo-wordpress\/ -->\n<title>Campagne de solidarit\u00e9 avec la jeunesse et les journalistes palestiniens - International Solidarity Movement - ISM-France<\/title>\n<meta name=\"robots\" content=\"index, follow, max-snippet:-1, max-image-preview:large, max-video-preview:-1\" \/>\n<link rel=\"canonical\" href=\"https:\/\/ismfrance.org\/index.php\/2022\/10\/05\/campagne-de-solidarite-avec-la-jeunesse-et-les-journalistes-palestiniens\/\" \/>\n<meta property=\"og:locale\" content=\"fr_FR\" \/>\n<meta property=\"og:type\" content=\"article\" \/>\n<meta property=\"og:title\" content=\"Campagne de solidarit\u00e9 avec la jeunesse et les journalistes palestiniens - International Solidarity Movement - ISM-France\" \/>\n<meta property=\"og:description\" content=\"Depuis la cr\u00e9ation par l\u2019ONU de l&rsquo;Etat colonial et d&rsquo;Apartheid d\u2019Isra\u00ebl en 1948, l&rsquo;occupation, la colonisation, le nettoyage ethnique, les massacres, l&rsquo;expulsion, les ex\u00e9cutions, l&#8217;emprisonnement, la torture et le blocus Lire la suite &rarr;\" \/>\n<meta property=\"og:url\" content=\"https:\/\/ismfrance.org\/index.php\/2022\/10\/05\/campagne-de-solidarite-avec-la-jeunesse-et-les-journalistes-palestiniens\/\" \/>\n<meta property=\"og:site_name\" content=\"International Solidarity Movement - ISM-France\" \/>\n<meta property=\"article:published_time\" content=\"2022-10-05T07:45:29+00:00\" \/>\n<meta property=\"article:modified_time\" content=\"2022-10-11T17:43:58+00:00\" \/>\n<meta property=\"og:image\" content=\"https:\/\/ismfrance.org\/wp-content\/uploads\/2022\/10\/young-tamimi-700x393.webp\" \/>\n\t<meta property=\"og:image:width\" content=\"700\" \/>\n\t<meta property=\"og:image:height\" content=\"393\" \/>\n\t<meta property=\"og:image:type\" content=\"image\/webp\" \/>\n<meta name=\"author\" content=\"mru_01\" \/>\n<meta name=\"twitter:card\" content=\"summary_large_image\" \/>\n<meta name=\"twitter:creator\" content=\"@ISMFRANCE\" \/>\n<meta name=\"twitter:site\" content=\"@ISMFRANCE\" \/>\n<meta name=\"twitter:label1\" content=\"\u00c9crit par\" \/>\n\t<meta name=\"twitter:data1\" content=\"mru_01\" \/>\n\t<meta name=\"twitter:label2\" content=\"Dur\u00e9e de lecture estim\u00e9e\" \/>\n\t<meta name=\"twitter:data2\" content=\"4 minutes\" \/>\n<script type=\"application\/ld+json\" class=\"yoast-schema-graph\">{\"@context\":\"https:\/\/schema.org\",\"@graph\":[{\"@type\":\"Article\",\"@id\":\"https:\/\/ismfrance.org\/index.php\/2022\/10\/05\/campagne-de-solidarite-avec-la-jeunesse-et-les-journalistes-palestiniens\/#article\",\"isPartOf\":{\"@id\":\"https:\/\/ismfrance.org\/index.php\/2022\/10\/05\/campagne-de-solidarite-avec-la-jeunesse-et-les-journalistes-palestiniens\/\"},\"author\":{\"name\":\"mru_01\",\"@id\":\"https:\/\/ismfrance.org\/#\/schema\/person\/3c411eb72adfaae19c0dca1f41fae01d\"},\"headline\":\"Campagne de solidarit\u00e9 avec la jeunesse et les journalistes palestiniens\",\"datePublished\":\"2022-10-05T07:45:29+00:00\",\"dateModified\":\"2022-10-11T17:43:58+00:00\",\"mainEntityOfPage\":{\"@id\":\"https:\/\/ismfrance.org\/index.php\/2022\/10\/05\/campagne-de-solidarite-avec-la-jeunesse-et-les-journalistes-palestiniens\/\"},\"wordCount\":793,\"publisher\":{\"@id\":\"https:\/\/ismfrance.org\/#organization\"},\"image\":{\"@id\":\"https:\/\/ismfrance.org\/index.php\/2022\/10\/05\/campagne-de-solidarite-avec-la-jeunesse-et-les-journalistes-palestiniens\/#primaryimage\"},\"thumbnailUrl\":\"https:\/\/ismfrance.org\/wp-content\/uploads\/2022\/10\/young-tamimi.webp\",\"keywords\":[\"enfants\",\"Journalistes\",\"mat\u00e9riel militant\"],\"articleSection\":[\"Articles\",\"Communiqu\u00e9s\"],\"inLanguage\":\"fr-FR\"},{\"@type\":\"WebPage\",\"@id\":\"https:\/\/ismfrance.org\/index.php\/2022\/10\/05\/campagne-de-solidarite-avec-la-jeunesse-et-les-journalistes-palestiniens\/\",\"url\":\"https:\/\/ismfrance.org\/index.php\/2022\/10\/05\/campagne-de-solidarite-avec-la-jeunesse-et-les-journalistes-palestiniens\/\",\"name\":\"Campagne de solidarit\u00e9 avec la jeunesse et les journalistes palestiniens - International Solidarity Movement - ISM-France\",\"isPartOf\":{\"@id\":\"https:\/\/ismfrance.org\/#website\"},\"primaryImageOfPage\":{\"@id\":\"https:\/\/ismfrance.org\/index.php\/2022\/10\/05\/campagne-de-solidarite-avec-la-jeunesse-et-les-journalistes-palestiniens\/#primaryimage\"},\"image\":{\"@id\":\"https:\/\/ismfrance.org\/index.php\/2022\/10\/05\/campagne-de-solidarite-avec-la-jeunesse-et-les-journalistes-palestiniens\/#primaryimage\"},\"thumbnailUrl\":\"https:\/\/ismfrance.org\/wp-content\/uploads\/2022\/10\/young-tamimi.webp\",\"datePublished\":\"2022-10-05T07:45:29+00:00\",\"dateModified\":\"2022-10-11T17:43:58+00:00\",\"breadcrumb\":{\"@id\":\"https:\/\/ismfrance.org\/index.php\/2022\/10\/05\/campagne-de-solidarite-avec-la-jeunesse-et-les-journalistes-palestiniens\/#breadcrumb\"},\"inLanguage\":\"fr-FR\",\"potentialAction\":[{\"@type\":\"ReadAction\",\"target\":[\"https:\/\/ismfrance.org\/index.php\/2022\/10\/05\/campagne-de-solidarite-avec-la-jeunesse-et-les-journalistes-palestiniens\/\"]}]},{\"@type\":\"ImageObject\",\"inLanguage\":\"fr-FR\",\"@id\":\"https:\/\/ismfrance.org\/index.php\/2022\/10\/05\/campagne-de-solidarite-avec-la-jeunesse-et-les-journalistes-palestiniens\/#primaryimage\",\"url\":\"https:\/\/ismfrance.org\/wp-content\/uploads\/2022\/10\/young-tamimi.webp\",\"contentUrl\":\"https:\/\/ismfrance.org\/wp-content\/uploads\/2022\/10\/young-tamimi.webp\",\"width\":1900,\"height\":1066,\"caption\":\"Mohammed Bassem Tamimi, 12 ans, Nabi Saleh, 2014\"},{\"@type\":\"BreadcrumbList\",\"@id\":\"https:\/\/ismfrance.org\/index.php\/2022\/10\/05\/campagne-de-solidarite-avec-la-jeunesse-et-les-journalistes-palestiniens\/#breadcrumb\",\"itemListElement\":[{\"@type\":\"ListItem\",\"position\":1,\"name\":\"Accueil\",\"item\":\"https:\/\/ismfrance.org\/\"},{\"@type\":\"ListItem\",\"position\":2,\"name\":\"Campagne de solidarit\u00e9 avec la jeunesse et les journalistes palestiniens\"}]},{\"@type\":\"WebSite\",\"@id\":\"https:\/\/ismfrance.org\/#website\",\"url\":\"https:\/\/ismfrance.org\/\",\"name\":\"ISM Palestine France\",\"description\":\"Soutien aux luttes de lib\u00e9ration du peuple palestinien\",\"publisher\":{\"@id\":\"https:\/\/ismfrance.org\/#organization\"},\"potentialAction\":[{\"@type\":\"SearchAction\",\"target\":{\"@type\":\"EntryPoint\",\"urlTemplate\":\"https:\/\/ismfrance.org\/?s={search_term_string}\"},\"query-input\":{\"@type\":\"PropertyValueSpecification\",\"valueRequired\":true,\"valueName\":\"search_term_string\"}}],\"inLanguage\":\"fr-FR\"},{\"@type\":\"Organization\",\"@id\":\"https:\/\/ismfrance.org\/#organization\",\"name\":\"International Solidarity Movement\",\"url\":\"https:\/\/ismfrance.org\/\",\"logo\":{\"@type\":\"ImageObject\",\"inLanguage\":\"fr-FR\",\"@id\":\"https:\/\/ismfrance.org\/#\/schema\/logo\/image\/\",\"url\":\"https:\/\/ismfrance.org\/wp-content\/uploads\/2020\/12\/00.png\",\"contentUrl\":\"https:\/\/ismfrance.org\/wp-content\/uploads\/2020\/12\/00.png\",\"width\":400,\"height\":400,\"caption\":\"International Solidarity Movement\"},\"image\":{\"@id\":\"https:\/\/ismfrance.org\/#\/schema\/logo\/image\/\"},\"sameAs\":[\"https:\/\/x.com\/ISMFRANCE\"]},{\"@type\":\"Person\",\"@id\":\"https:\/\/ismfrance.org\/#\/schema\/person\/3c411eb72adfaae19c0dca1f41fae01d\",\"name\":\"mru_01\",\"image\":{\"@type\":\"ImageObject\",\"inLanguage\":\"fr-FR\",\"@id\":\"https:\/\/secure.gravatar.com\/avatar\/3a0be343b445d2ccc79e87444a294fad2b232e90d2051d0e3cc219e1ecd6a330?s=96&d=mm&r=g\",\"url\":\"https:\/\/secure.gravatar.com\/avatar\/3a0be343b445d2ccc79e87444a294fad2b232e90d2051d0e3cc219e1ecd6a330?s=96&d=mm&r=g\",\"contentUrl\":\"https:\/\/secure.gravatar.com\/avatar\/3a0be343b445d2ccc79e87444a294fad2b232e90d2051d0e3cc219e1ecd6a330?s=96&d=mm&r=g\",\"caption\":\"mru_01\"},\"url\":\"https:\/\/ismfrance.org\/index.php\/author\/admin02\/\"}]}<\/script>\n<!-- \/ Yoast SEO plugin. -->","yoast_head_json":{"title":"Campagne de solidarit\u00e9 avec la jeunesse et les journalistes palestiniens - International Solidarity Movement - ISM-France","robots":{"index":"index","follow":"follow","max-snippet":"max-snippet:-1","max-image-preview":"max-image-preview:large","max-video-preview":"max-video-preview:-1"},"canonical":"https:\/\/ismfrance.org\/index.php\/2022\/10\/05\/campagne-de-solidarite-avec-la-jeunesse-et-les-journalistes-palestiniens\/","og_locale":"fr_FR","og_type":"article","og_title":"Campagne de solidarit\u00e9 avec la jeunesse et les journalistes palestiniens - International Solidarity Movement - ISM-France","og_description":"Depuis la cr\u00e9ation par l\u2019ONU de l&rsquo;Etat colonial et d&rsquo;Apartheid d\u2019Isra\u00ebl en 1948, l&rsquo;occupation, la colonisation, le nettoyage ethnique, les massacres, l&rsquo;expulsion, les ex\u00e9cutions, l&#8217;emprisonnement, la torture et le blocus Lire la suite &rarr;","og_url":"https:\/\/ismfrance.org\/index.php\/2022\/10\/05\/campagne-de-solidarite-avec-la-jeunesse-et-les-journalistes-palestiniens\/","og_site_name":"International Solidarity Movement - ISM-France","article_published_time":"2022-10-05T07:45:29+00:00","article_modified_time":"2022-10-11T17:43:58+00:00","og_image":[{"width":700,"height":393,"url":"https:\/\/ismfrance.org\/wp-content\/uploads\/2022\/10\/young-tamimi-700x393.webp","type":"image\/webp"}],"author":"mru_01","twitter_card":"summary_large_image","twitter_creator":"@ISMFRANCE","twitter_site":"@ISMFRANCE","twitter_misc":{"\u00c9crit par":"mru_01","Dur\u00e9e de lecture estim\u00e9e":"4 minutes"},"schema":{"@context":"https:\/\/schema.org","@graph":[{"@type":"Article","@id":"https:\/\/ismfrance.org\/index.php\/2022\/10\/05\/campagne-de-solidarite-avec-la-jeunesse-et-les-journalistes-palestiniens\/#article","isPartOf":{"@id":"https:\/\/ismfrance.org\/index.php\/2022\/10\/05\/campagne-de-solidarite-avec-la-jeunesse-et-les-journalistes-palestiniens\/"},"author":{"name":"mru_01","@id":"https:\/\/ismfrance.org\/#\/schema\/person\/3c411eb72adfaae19c0dca1f41fae01d"},"headline":"Campagne de solidarit\u00e9 avec la jeunesse et les journalistes palestiniens","datePublished":"2022-10-05T07:45:29+00:00","dateModified":"2022-10-11T17:43:58+00:00","mainEntityOfPage":{"@id":"https:\/\/ismfrance.org\/index.php\/2022\/10\/05\/campagne-de-solidarite-avec-la-jeunesse-et-les-journalistes-palestiniens\/"},"wordCount":793,"publisher":{"@id":"https:\/\/ismfrance.org\/#organization"},"image":{"@id":"https:\/\/ismfrance.org\/index.php\/2022\/10\/05\/campagne-de-solidarite-avec-la-jeunesse-et-les-journalistes-palestiniens\/#primaryimage"},"thumbnailUrl":"https:\/\/ismfrance.org\/wp-content\/uploads\/2022\/10\/young-tamimi.webp","keywords":["enfants","Journalistes","mat\u00e9riel militant"],"articleSection":["Articles","Communiqu\u00e9s"],"inLanguage":"fr-FR"},{"@type":"WebPage","@id":"https:\/\/ismfrance.org\/index.php\/2022\/10\/05\/campagne-de-solidarite-avec-la-jeunesse-et-les-journalistes-palestiniens\/","url":"https:\/\/ismfrance.org\/index.php\/2022\/10\/05\/campagne-de-solidarite-avec-la-jeunesse-et-les-journalistes-palestiniens\/","name":"Campagne de solidarit\u00e9 avec la jeunesse et les journalistes palestiniens - International Solidarity Movement - ISM-France","isPartOf":{"@id":"https:\/\/ismfrance.org\/#website"},"primaryImageOfPage":{"@id":"https:\/\/ismfrance.org\/index.php\/2022\/10\/05\/campagne-de-solidarite-avec-la-jeunesse-et-les-journalistes-palestiniens\/#primaryimage"},"image":{"@id":"https:\/\/ismfrance.org\/index.php\/2022\/10\/05\/campagne-de-solidarite-avec-la-jeunesse-et-les-journalistes-palestiniens\/#primaryimage"},"thumbnailUrl":"https:\/\/ismfrance.org\/wp-content\/uploads\/2022\/10\/young-tamimi.webp","datePublished":"2022-10-05T07:45:29+00:00","dateModified":"2022-10-11T17:43:58+00:00","breadcrumb":{"@id":"https:\/\/ismfrance.org\/index.php\/2022\/10\/05\/campagne-de-solidarite-avec-la-jeunesse-et-les-journalistes-palestiniens\/#breadcrumb"},"inLanguage":"fr-FR","potentialAction":[{"@type":"ReadAction","target":["https:\/\/ismfrance.org\/index.php\/2022\/10\/05\/campagne-de-solidarite-avec-la-jeunesse-et-les-journalistes-palestiniens\/"]}]},{"@type":"ImageObject","inLanguage":"fr-FR","@id":"https:\/\/ismfrance.org\/index.php\/2022\/10\/05\/campagne-de-solidarite-avec-la-jeunesse-et-les-journalistes-palestiniens\/#primaryimage","url":"https:\/\/ismfrance.org\/wp-content\/uploads\/2022\/10\/young-tamimi.webp","contentUrl":"https:\/\/ismfrance.org\/wp-content\/uploads\/2022\/10\/young-tamimi.webp","width":1900,"height":1066,"caption":"Mohammed Bassem Tamimi, 12 ans, Nabi Saleh, 2014"},{"@type":"BreadcrumbList","@id":"https:\/\/ismfrance.org\/index.php\/2022\/10\/05\/campagne-de-solidarite-avec-la-jeunesse-et-les-journalistes-palestiniens\/#breadcrumb","itemListElement":[{"@type":"ListItem","position":1,"name":"Accueil","item":"https:\/\/ismfrance.org\/"},{"@type":"ListItem","position":2,"name":"Campagne de solidarit\u00e9 avec la jeunesse et les journalistes palestiniens"}]},{"@type":"WebSite","@id":"https:\/\/ismfrance.org\/#website","url":"https:\/\/ismfrance.org\/","name":"ISM Palestine France","description":"Soutien aux luttes de lib\u00e9ration du peuple palestinien","publisher":{"@id":"https:\/\/ismfrance.org\/#organization"},"potentialAction":[{"@type":"SearchAction","target":{"@type":"EntryPoint","urlTemplate":"https:\/\/ismfrance.org\/?s={search_term_string}"},"query-input":{"@type":"PropertyValueSpecification","valueRequired":true,"valueName":"search_term_string"}}],"inLanguage":"fr-FR"},{"@type":"Organization","@id":"https:\/\/ismfrance.org\/#organization","name":"International Solidarity Movement","url":"https:\/\/ismfrance.org\/","logo":{"@type":"ImageObject","inLanguage":"fr-FR","@id":"https:\/\/ismfrance.org\/#\/schema\/logo\/image\/","url":"https:\/\/ismfrance.org\/wp-content\/uploads\/2020\/12\/00.png","contentUrl":"https:\/\/ismfrance.org\/wp-content\/uploads\/2020\/12\/00.png","width":400,"height":400,"caption":"International Solidarity Movement"},"image":{"@id":"https:\/\/ismfrance.org\/#\/schema\/logo\/image\/"},"sameAs":["https:\/\/x.com\/ISMFRANCE"]},{"@type":"Person","@id":"https:\/\/ismfrance.org\/#\/schema\/person\/3c411eb72adfaae19c0dca1f41fae01d","name":"mru_01","image":{"@type":"ImageObject","inLanguage":"fr-FR","@id":"https:\/\/secure.gravatar.com\/avatar\/3a0be343b445d2ccc79e87444a294fad2b232e90d2051d0e3cc219e1ecd6a330?s=96&d=mm&r=g","url":"https:\/\/secure.gravatar.com\/avatar\/3a0be343b445d2ccc79e87444a294fad2b232e90d2051d0e3cc219e1ecd6a330?s=96&d=mm&r=g","contentUrl":"https:\/\/secure.gravatar.com\/avatar\/3a0be343b445d2ccc79e87444a294fad2b232e90d2051d0e3cc219e1ecd6a330?s=96&d=mm&r=g","caption":"mru_01"},"url":"https:\/\/ismfrance.org\/index.php\/author\/admin02\/"}]}},"_links":{"self":[{"href":"https:\/\/ismfrance.org\/index.php\/wp-json\/wp\/v2\/posts\/3634","targetHints":{"allow":["GET"]}}],"collection":[{"href":"https:\/\/ismfrance.org\/index.php\/wp-json\/wp\/v2\/posts"}],"about":[{"href":"https:\/\/ismfrance.org\/index.php\/wp-json\/wp\/v2\/types\/post"}],"author":[{"embeddable":true,"href":"https:\/\/ismfrance.org\/index.php\/wp-json\/wp\/v2\/users\/3"}],"replies":[{"embeddable":true,"href":"https:\/\/ismfrance.org\/index.php\/wp-json\/wp\/v2\/comments?post=3634"}],"version-history":[{"count":0,"href":"https:\/\/ismfrance.org\/index.php\/wp-json\/wp\/v2\/posts\/3634\/revisions"}],"wp:featuredmedia":[{"embeddable":true,"href":"https:\/\/ismfrance.org\/index.php\/wp-json\/wp\/v2\/media\/3635"}],"wp:attachment":[{"href":"https:\/\/ismfrance.org\/index.php\/wp-json\/wp\/v2\/media?parent=3634"}],"wp:term":[{"taxonomy":"category","embeddable":true,"href":"https:\/\/ismfrance.org\/index.php\/wp-json\/wp\/v2\/categories?post=3634"},{"taxonomy":"post_tag","embeddable":true,"href":"https:\/\/ismfrance.org\/index.php\/wp-json\/wp\/v2\/tags?post=3634"}],"curies":[{"name":"wp","href":"https:\/\/api.w.org\/{rel}","templated":true}]}}