{"id":3389,"date":"2022-08-24T11:22:32","date_gmt":"2022-08-24T09:22:32","guid":{"rendered":"https:\/\/ismfrance.org\/?p=3389"},"modified":"2022-08-24T11:22:32","modified_gmt":"2022-08-24T09:22:32","slug":"le-monde-reconnaitra-t-il-un-jour-les-tragedies-palestiniennes","status":"publish","type":"post","link":"https:\/\/ismfrance.org\/index.php\/2022\/08\/24\/le-monde-reconnaitra-t-il-un-jour-les-tragedies-palestiniennes\/","title":{"rendered":"Le monde reconna\u00eetra-t-il un jour les trag\u00e9dies palestiniennes ?"},"content":{"rendered":"<p><span style=\"font-family: Arial, sans-serif;\"><span style=\"font-size: medium;\"><b>Motasem A Dalloul, 22 ao\u00fbt 2022<\/b>. Lors d&rsquo;une conf\u00e9rence de presse conjointe \u00e0 Berlin du pr\u00e9sident de l&rsquo;Autorit\u00e9 palestinienne Mahmoud Abbas et du chancelier allemand Olaf Scholz la semaine derni\u00e8re, un journaliste allemand a demand\u00e9 \u00e0 Abbas s&rsquo;il \u00e9tait pr\u00eat \u00e0 pr\u00e9senter des excuses \u00e0 Isra\u00ebl pour l&rsquo;attaque des athl\u00e8tes olympiques isra\u00e9liens \u00e0 Munich en 1972.<\/span><\/span><\/p>\n<p><div id=\"attachment_3390\" style=\"width: 610px\" class=\"wp-caption aligncenter\"><a href=\"https:\/\/ismfrance.org\/wp-content\/uploads\/2022\/08\/mourning.png\"><img loading=\"lazy\" decoding=\"async\" aria-describedby=\"caption-attachment-3390\" class=\"size-large wp-image-3390\" src=\"https:\/\/ismfrance.org\/wp-content\/uploads\/2022\/08\/mourning-700x453.png\" alt=\"\" width=\"600\" height=\"388\" srcset=\"https:\/\/ismfrance.org\/wp-content\/uploads\/2022\/08\/mourning-700x453.png 700w, https:\/\/ismfrance.org\/wp-content\/uploads\/2022\/08\/mourning-300x194.png 300w, https:\/\/ismfrance.org\/wp-content\/uploads\/2022\/08\/mourning-768x497.png 768w, https:\/\/ismfrance.org\/wp-content\/uploads\/2022\/08\/mourning-1320x854.png 1320w, https:\/\/ismfrance.org\/wp-content\/uploads\/2022\/08\/mourning.png 1348w\" sizes=\"auto, (max-width: 600px) 100vw, 600px\" \/><\/a><p id=\"caption-attachment-3390\" class=\"wp-caption-text\">Des proches pleurent la mort d&rsquo;enfants palestiniens tu\u00e9s par des frappes a\u00e9riennes isra\u00e9liennes \u00e0 Gaza le 11 ao\u00fbt 2022 [Ali Jadallah\/Anadolu Agency].<\/p><\/div><span style=\"font-family: Arial, sans-serif;\"><span style=\"font-size: medium;\">\u00ab\u00a0Si nous voulons creuser davantage dans le pass\u00e9, oui, s&rsquo;il vous pla\u00eet, j&rsquo;ai 50 massacres qui ont \u00e9t\u00e9 commis par Isra\u00ebl\u00a0\u00bb, a r\u00e9pondu Abbas. \u00ab\u00a0Cinquante massacres, 50 holocaustes, et \u00e0 ce jour, chaque jour, nous avons des morts tu\u00e9s par l&rsquo;arm\u00e9e isra\u00e9lienne.\u00a0\u00bb Ses commentaires ont suscit\u00e9 une temp\u00eate de protestations.<\/span><\/span><\/p>\n<p><span style=\"font-family: Arial, sans-serif;\"><span style=\"font-size: medium;\">Le pr\u00e9sident de l&rsquo;Autorit\u00e9 palestinienne n&rsquo;avait pas l&rsquo;intention de manquer de respect \u00e0 l&rsquo;\u00e9gard de l&rsquo;Holocauste et de ce qui est arriv\u00e9 aux juifs aux mains des nazis pendant la Seconde Guerre mondiale. Il n&rsquo;avait pas l&rsquo;intention de minimiser leurs souffrances, que chacun dans le monde consid\u00e8re comme effroyables. Les musulmans en particulier consid\u00e8rent qu&rsquo;un tel traitement des \u00eatres humains est condomnable.<\/span><\/span><\/p>\n<p><span style=\"font-family: Arial, sans-serif;\"><span style=\"font-size: medium;\">Dans l&rsquo;Islam, infliger des souffrances aux personnes et m\u00eame aux animaux est un p\u00e9ch\u00e9 majeur. De m\u00eame, le fait de savoir ou de voir des personnes battues, opprim\u00e9es ou tu\u00e9es sans leur offrir la moindre aide est \u00e9galement un p\u00e9ch\u00e9. L&rsquo;islam est la religion pr\u00e9dominante chez les Palestiniens, et elle accorde une attention particuli\u00e8re aux autres \u00ab\u00a0Gens du Livre\u00a0\u00bb &#8211; juifs et chr\u00e9tiens -, \u00e0 leur caract\u00e8re sacr\u00e9 et \u00e0 leur proximit\u00e9 avec les musulmans.<\/span><\/span><\/p>\n<p><span style=\"font-family: Arial, sans-serif;\"><span style=\"font-size: medium;\">\u00ab\u00a0La d\u00e9claration du pr\u00e9sident ne visait pas \u00e0 nier la singularit\u00e9 de l&rsquo;Holocauste\u00a0\u00bb, a expliqu\u00e9 le bureau d&rsquo;Abbas. Il a r\u00e9affirm\u00e9 sa conviction qu&rsquo;il reste \u00ab\u00a0le crime le plus odieux de l&rsquo;histoire humaine moderne\u00a0\u00bb.<\/span><\/span><\/p>\n<p><span style=\"font-family: Arial, sans-serif;\"><span style=\"font-size: medium;\">La d\u00e9claration officielle poursuit : \u00ab\u00a0Ce qu&rsquo;il entend par les crimes dont il a parl\u00e9, ce sont les crimes et les massacres commis contre le peuple palestinien depuis la Nakba de 1948 aux mains des forces isra\u00e9liennes. Ces crimes n&rsquo;ont pas cess\u00e9 jusqu&rsquo;\u00e0 ce jour.\u00a0\u00bb<\/span><\/span><\/p>\n<p><span style=\"font-family: Arial, sans-serif;\"><span style=\"font-size: medium;\">Nous, les Palestiniens, et les musulmans en g\u00e9n\u00e9ral, ne prenons pas \u00e0 la l\u00e9g\u00e8re le fait de voir quelqu&rsquo;un souffrir ou de laisser quelqu&rsquo;un souffrir sans lui offrir l&rsquo;aide que nous pouvons lui apporter. Nous condamnons avec la plus grande fermet\u00e9 ce qui est arriv\u00e9 aux juifs d&rsquo;Europe, tout en rappelant \u00e0 ceux qui soutiennent l&rsquo;\u00c9tat sioniste d&rsquo;Isra\u00ebl qu&rsquo;\u00eatre victime d&rsquo;oppression sur un continent ne vous donne pas le droit d&rsquo;opprimer des gens sur un autre.<\/span><\/span><\/p>\n<p><span style=\"font-family: Arial, sans-serif;\"><span style=\"font-size: medium;\">Le Premier ministre isra\u00e9lien Yair Lapid a d\u00e9clar\u00e9 que l&rsquo;histoire ne pardonnera pas \u00e0 Abbas ce qu&rsquo;il a dit au sujet des juifs et son pr\u00e9tendu manque de respect pour leur histoire douloureuse. \u00c0 Lapid, je r\u00e9ponds ceci : l&rsquo;histoire ne vous pardonnera jamais le meurtre de Palestiniens innocents, pas plus tard qu&rsquo;il y a deux semaines, lorsque 17 enfants et quatre femmes figuraient parmi les 49 Palestiniens tu\u00e9s lors d&rsquo;une offensive militaire ordonn\u00e9e par vous contre ceux d&rsquo;entre nous qui vivent dans la bande de Gaza assi\u00e9g\u00e9e.<\/span><\/span><\/p>\n<p><span style=\"font-family: Arial, sans-serif;\"><span style=\"font-size: medium;\">Il en va de m\u00eame pour les autres responsables isra\u00e9liens que les remarques d&rsquo;Abbas ont irrit\u00e9s. L&rsquo;histoire ne leur pardonnera jamais d&rsquo;avoir tu\u00e9 des milliers de Palestiniens et d&rsquo;en avoir d\u00e9plac\u00e9 des centaines de milliers au fil des ans. L&rsquo;histoire ne leur pardonnera jamais l&rsquo;oppression continue et permanente des Palestiniens par Isra\u00ebl depuis 1948, notamment le blocus impos\u00e9 \u00e0 2,3 millions de civils dans la bande de Gaza occup\u00e9e depuis seize ans et plus.<\/span><\/span><\/p>\n<p><span style=\"font-family: Arial, sans-serif;\"><span style=\"font-size: medium;\">L&rsquo;histoire n&rsquo;oubliera pas non plus les crimes des fonctionnaires et les hommes politiques isra\u00e9liens qui ont \u00e9t\u00e9 honor\u00e9s en tant que \u00ab\u00a0hommes de paix\u00a0\u00bb, m\u00eame apr\u00e8s avoir tu\u00e9 des Palestiniens avant, pendant et depuis l&rsquo;occupation isra\u00e9lienne de la Palestine. Ils ont peut-\u00eatre \u00e9t\u00e9 blanchis par les dirigeants et les m\u00e9dias occidentaux, mais les Palestiniens n&rsquo;ont pas oubli\u00e9 ce qu&rsquo;ils ont fait.<\/span><\/span><\/p>\n<p><span style=\"font-family: Arial, sans-serif;\"><span style=\"font-size: medium;\">En m\u00eame temps, j&rsquo;envoie le m\u00eame message aux dirigeants mondiaux qui prot\u00e8gent l&rsquo;\u00c9tat d&rsquo;occupation d&rsquo;Isra\u00ebl et lui permettent d&rsquo;agir en toute impunit\u00e9. Ils sont du mauvais c\u00f4t\u00e9 de l&rsquo;histoire. Non seulement ils n&rsquo;obtiennent pas justice pour les juifs qui ont \u00e9t\u00e9 pers\u00e9cut\u00e9s par les nazis, mais ils sont \u00e9galement complices de l&rsquo;oppression d&rsquo;une nation qui souffre de l&rsquo;autoproclam\u00e9 \u00ab\u00a0\u00c9tat juif\u00a0\u00bb et de ses partisans depuis avant son \u00e9tablissement en Palestine en 1948.<\/span><\/span><\/p>\n<p><span style=\"font-family: Arial, sans-serif;\"><span style=\"font-size: medium;\">Je demande aux dirigeants mondiaux de mettre fin \u00e0 leur parti pris vicieux et inacceptable envers le r\u00e9gime d&rsquo;apartheid isra\u00e9lien et de commencer \u00e0 rechercher une solution juste au conflit qu&rsquo;ils ont contribu\u00e9 \u00e0 d\u00e9clencher. Le chancelier allemand Scholz est un exemple des dirigeants mondiaux auxquels on ne peut faire confiance \u00e0 cet \u00e9gard. Il a refus\u00e9 de qualifier d'\u00a0\u00bbapartheid\u00a0\u00bb le traitement des Palestiniens par les Isra\u00e9liens, alors que cette expression est utilis\u00e9e par les principaux groupes internationaux de d\u00e9fense des droits de l&rsquo;homme, dont Human Rights Watch, ainsi que par les Nations unies et le B&rsquo;Tselem isra\u00e9lien.<\/span><\/span><\/p>\n<p><span style=\"font-family: Arial, sans-serif;\"><span style=\"font-size: medium;\">L&rsquo;Allemagne a \u00e9t\u00e9 le premier \u00c9tat \u00e0 bloquer la comm\u00e9moration de la Nakba de 1948, et pourtant elle promeut l&rsquo;\u00c9tat issu de cette catastrophe, Isra\u00ebl, et continue \u00e0 prolonger la trag\u00e9die des Palestiniens. De nombreux dirigeants mondiaux sont dans le m\u00eame bateau que Scholz.<\/span><\/span><\/p>\n<p><span style=\"font-family: Arial, sans-serif;\"><span style=\"font-size: medium;\">Quand les institutions internationales prendront-elles leurs responsabilit\u00e9s quant \u00e0 l&rsquo;application des lois et conventions internationales qu&rsquo;elles pr\u00e9tendent d\u00e9fendre ? Regardez-vous derri\u00e8re le vernis et la fa\u00e7ade : votre r\u00f4le est limit\u00e9 et inefficace lorsqu&rsquo;il s&rsquo;agit de nations puissantes et tyranniques.<\/span><\/span><\/p>\n<p><span style=\"font-family: Arial, sans-serif;\"><span style=\"font-size: medium;\">Loin des dirigeants mondiaux et des institutions internationales, j&rsquo;adresse un autre message aux m\u00e9dias internationaux. Les journalistes traditionnels ignorent les principes de leur profession fond\u00e9s sur l&rsquo;engagement en faveur de la v\u00e9rit\u00e9 et sur le fait de se tenir aux c\u00f4t\u00e9s des opprim\u00e9s contre les oppresseurs. Ils prennent la t\u00eate de la campagne de blanchiment des crimes isra\u00e9liens contre les Palestiniens.<\/span><\/span><\/p>\n<p><span style=\"font-family: Arial, sans-serif;\"><span style=\"font-size: medium;\">Le monde reconna\u00eet \u00e0 juste titre la souffrance des juifs, et reconna\u00eet la souffrance des Ukrainiens et autres. Quand reconna\u00eetra-t-il la souffrance des Palestiniens et les trag\u00e9dies qui leur sont inflig\u00e9es par l&rsquo;\u00c9tat d&rsquo;apartheid d&rsquo;Isra\u00ebl ? Et quand le monde s&rsquo;efforcera-t-il de mettre fin \u00e0 l&rsquo;occupation militaire brutale d&rsquo;Isra\u00ebl ?<\/span><\/span><\/p>\n<p><span style=\"font-family: Arial, sans-serif;\"><span style=\"font-size: medium;\"><span style=\"color: #000000;\"><span style=\"font-size: small;\"><i>Article original en anglais sur <a href=\"https:\/\/www.middleeastmonitor.com\/20220822-will-the-world-ever-recognise-palestinian-tragedies\/\">Middle East Monitor<\/a> \/ Traduction MR<\/i><\/span><\/span><\/span><\/span><\/p>\n<p><span style=\"color: #201f1e;\"><span style=\"font-family: Vrinda, serif;\"><span style=\"font-size: medium;\">[writers slug=<\/span><\/span><\/span><span style=\"color: #50575e;\"><span style=\"font-family: apple-system, BlinkMacSystemFont, Segoe UI, Roboto, Oxygen-Sans, Ubuntu, Cantarell, Helvetica Neue, sans-serif;\"><span style=\"font-size: small;\">motasem-a-dalloul<\/span><\/span><\/span><span style=\"color: #201f1e;\"><span style=\"font-family: Vrinda, serif;\"><span style=\"font-size: medium;\">]<\/span><\/span><\/span><\/p>\n","protected":false},"excerpt":{"rendered":"<p>Motasem A Dalloul, 22 ao\u00fbt 2022. Lors d&rsquo;une conf\u00e9rence de presse conjointe \u00e0 Berlin du pr\u00e9sident de l&rsquo;Autorit\u00e9 palestinienne Mahmoud Abbas et du chancelier allemand Olaf Scholz la semaine derni\u00e8re, <a class=\"more-link\" href=\"https:\/\/ismfrance.org\/index.php\/2022\/08\/24\/le-monde-reconnaitra-t-il-un-jour-les-tragedies-palestiniennes\/\">Lire la suite &rarr;<\/a><\/p>\n","protected":false},"author":3,"featured_media":3390,"comment_status":"closed","ping_status":"closed","sticky":false,"template":"","format":"standard","meta":{"footnotes":""},"categories":[12,2],"tags":[238,94,66],"class_list":["post-3389","post","type-post","status-publish","format-standard","has-post-thumbnail","hentry","category-analyses","category-articles","tag-nakba","tag-normalisation","tag-racisme"],"yoast_head":"<!-- This site is optimized with the Yoast SEO plugin v27.2 - https:\/\/yoast.com\/product\/yoast-seo-wordpress\/ -->\n<title>Le monde reconna\u00eetra-t-il un jour les trag\u00e9dies palestiniennes ? - International Solidarity Movement - ISM-France<\/title>\n<meta name=\"robots\" content=\"index, follow, max-snippet:-1, max-image-preview:large, max-video-preview:-1\" \/>\n<link rel=\"canonical\" href=\"https:\/\/ismfrance.org\/index.php\/2022\/08\/24\/le-monde-reconnaitra-t-il-un-jour-les-tragedies-palestiniennes\/\" \/>\n<meta property=\"og:locale\" content=\"fr_FR\" \/>\n<meta property=\"og:type\" content=\"article\" \/>\n<meta property=\"og:title\" content=\"Le monde reconna\u00eetra-t-il un jour les trag\u00e9dies palestiniennes ? - International Solidarity Movement - ISM-France\" \/>\n<meta property=\"og:description\" content=\"Motasem A Dalloul, 22 ao\u00fbt 2022. Lors d&rsquo;une conf\u00e9rence de presse conjointe \u00e0 Berlin du pr\u00e9sident de l&rsquo;Autorit\u00e9 palestinienne Mahmoud Abbas et du chancelier allemand Olaf Scholz la semaine derni\u00e8re, Lire la suite &rarr;\" \/>\n<meta property=\"og:url\" content=\"https:\/\/ismfrance.org\/index.php\/2022\/08\/24\/le-monde-reconnaitra-t-il-un-jour-les-tragedies-palestiniennes\/\" \/>\n<meta property=\"og:site_name\" content=\"International Solidarity Movement - ISM-France\" \/>\n<meta property=\"article:published_time\" content=\"2022-08-24T09:22:32+00:00\" \/>\n<meta property=\"og:image\" content=\"https:\/\/ismfrance.org\/wp-content\/uploads\/2022\/08\/mourning.png\" \/>\n\t<meta property=\"og:image:width\" content=\"1348\" \/>\n\t<meta property=\"og:image:height\" content=\"872\" \/>\n\t<meta property=\"og:image:type\" content=\"image\/png\" \/>\n<meta name=\"author\" content=\"mru_01\" \/>\n<meta name=\"twitter:card\" content=\"summary_large_image\" \/>\n<meta name=\"twitter:creator\" content=\"@ISMFRANCE\" \/>\n<meta name=\"twitter:site\" content=\"@ISMFRANCE\" \/>\n<meta name=\"twitter:label1\" content=\"\u00c9crit par\" \/>\n\t<meta name=\"twitter:data1\" content=\"mru_01\" \/>\n\t<meta name=\"twitter:label2\" content=\"Dur\u00e9e de lecture estim\u00e9e\" \/>\n\t<meta name=\"twitter:data2\" content=\"6 minutes\" \/>\n<script type=\"application\/ld+json\" class=\"yoast-schema-graph\">{\"@context\":\"https:\/\/schema.org\",\"@graph\":[{\"@type\":\"Article\",\"@id\":\"https:\/\/ismfrance.org\/index.php\/2022\/08\/24\/le-monde-reconnaitra-t-il-un-jour-les-tragedies-palestiniennes\/#article\",\"isPartOf\":{\"@id\":\"https:\/\/ismfrance.org\/index.php\/2022\/08\/24\/le-monde-reconnaitra-t-il-un-jour-les-tragedies-palestiniennes\/\"},\"author\":{\"name\":\"mru_01\",\"@id\":\"https:\/\/ismfrance.org\/#\/schema\/person\/3c411eb72adfaae19c0dca1f41fae01d\"},\"headline\":\"Le monde reconna\u00eetra-t-il un jour les trag\u00e9dies palestiniennes ?\",\"datePublished\":\"2022-08-24T09:22:32+00:00\",\"mainEntityOfPage\":{\"@id\":\"https:\/\/ismfrance.org\/index.php\/2022\/08\/24\/le-monde-reconnaitra-t-il-un-jour-les-tragedies-palestiniennes\/\"},\"wordCount\":1176,\"publisher\":{\"@id\":\"https:\/\/ismfrance.org\/#organization\"},\"image\":{\"@id\":\"https:\/\/ismfrance.org\/index.php\/2022\/08\/24\/le-monde-reconnaitra-t-il-un-jour-les-tragedies-palestiniennes\/#primaryimage\"},\"thumbnailUrl\":\"https:\/\/ismfrance.org\/wp-content\/uploads\/2022\/08\/mourning.png\",\"keywords\":[\"Nakba\",\"Normalisation\",\"racisme\"],\"articleSection\":[\"Analyses\",\"Articles\"],\"inLanguage\":\"fr-FR\"},{\"@type\":\"WebPage\",\"@id\":\"https:\/\/ismfrance.org\/index.php\/2022\/08\/24\/le-monde-reconnaitra-t-il-un-jour-les-tragedies-palestiniennes\/\",\"url\":\"https:\/\/ismfrance.org\/index.php\/2022\/08\/24\/le-monde-reconnaitra-t-il-un-jour-les-tragedies-palestiniennes\/\",\"name\":\"Le monde reconna\u00eetra-t-il un jour les trag\u00e9dies palestiniennes ? - International Solidarity Movement - ISM-France\",\"isPartOf\":{\"@id\":\"https:\/\/ismfrance.org\/#website\"},\"primaryImageOfPage\":{\"@id\":\"https:\/\/ismfrance.org\/index.php\/2022\/08\/24\/le-monde-reconnaitra-t-il-un-jour-les-tragedies-palestiniennes\/#primaryimage\"},\"image\":{\"@id\":\"https:\/\/ismfrance.org\/index.php\/2022\/08\/24\/le-monde-reconnaitra-t-il-un-jour-les-tragedies-palestiniennes\/#primaryimage\"},\"thumbnailUrl\":\"https:\/\/ismfrance.org\/wp-content\/uploads\/2022\/08\/mourning.png\",\"datePublished\":\"2022-08-24T09:22:32+00:00\",\"breadcrumb\":{\"@id\":\"https:\/\/ismfrance.org\/index.php\/2022\/08\/24\/le-monde-reconnaitra-t-il-un-jour-les-tragedies-palestiniennes\/#breadcrumb\"},\"inLanguage\":\"fr-FR\",\"potentialAction\":[{\"@type\":\"ReadAction\",\"target\":[\"https:\/\/ismfrance.org\/index.php\/2022\/08\/24\/le-monde-reconnaitra-t-il-un-jour-les-tragedies-palestiniennes\/\"]}]},{\"@type\":\"ImageObject\",\"inLanguage\":\"fr-FR\",\"@id\":\"https:\/\/ismfrance.org\/index.php\/2022\/08\/24\/le-monde-reconnaitra-t-il-un-jour-les-tragedies-palestiniennes\/#primaryimage\",\"url\":\"https:\/\/ismfrance.org\/wp-content\/uploads\/2022\/08\/mourning.png\",\"contentUrl\":\"https:\/\/ismfrance.org\/wp-content\/uploads\/2022\/08\/mourning.png\",\"width\":1348,\"height\":872,\"caption\":\"Des proches pleurent la mort d'enfants palestiniens tu\u00e9s par des frappes a\u00e9riennes isra\u00e9liennes \u00e0 Gaza le 11 ao\u00fbt 2022 [Ali Jadallah\/Anadolu Agency].\"},{\"@type\":\"BreadcrumbList\",\"@id\":\"https:\/\/ismfrance.org\/index.php\/2022\/08\/24\/le-monde-reconnaitra-t-il-un-jour-les-tragedies-palestiniennes\/#breadcrumb\",\"itemListElement\":[{\"@type\":\"ListItem\",\"position\":1,\"name\":\"Accueil\",\"item\":\"https:\/\/ismfrance.org\/\"},{\"@type\":\"ListItem\",\"position\":2,\"name\":\"Le monde reconna\u00eetra-t-il un jour les trag\u00e9dies palestiniennes ?\"}]},{\"@type\":\"WebSite\",\"@id\":\"https:\/\/ismfrance.org\/#website\",\"url\":\"https:\/\/ismfrance.org\/\",\"name\":\"ISM Palestine France\",\"description\":\"Soutien aux luttes de lib\u00e9ration du peuple palestinien\",\"publisher\":{\"@id\":\"https:\/\/ismfrance.org\/#organization\"},\"potentialAction\":[{\"@type\":\"SearchAction\",\"target\":{\"@type\":\"EntryPoint\",\"urlTemplate\":\"https:\/\/ismfrance.org\/?s={search_term_string}\"},\"query-input\":{\"@type\":\"PropertyValueSpecification\",\"valueRequired\":true,\"valueName\":\"search_term_string\"}}],\"inLanguage\":\"fr-FR\"},{\"@type\":\"Organization\",\"@id\":\"https:\/\/ismfrance.org\/#organization\",\"name\":\"International Solidarity Movement\",\"url\":\"https:\/\/ismfrance.org\/\",\"logo\":{\"@type\":\"ImageObject\",\"inLanguage\":\"fr-FR\",\"@id\":\"https:\/\/ismfrance.org\/#\/schema\/logo\/image\/\",\"url\":\"https:\/\/ismfrance.org\/wp-content\/uploads\/2020\/12\/00.png\",\"contentUrl\":\"https:\/\/ismfrance.org\/wp-content\/uploads\/2020\/12\/00.png\",\"width\":400,\"height\":400,\"caption\":\"International Solidarity Movement\"},\"image\":{\"@id\":\"https:\/\/ismfrance.org\/#\/schema\/logo\/image\/\"},\"sameAs\":[\"https:\/\/x.com\/ISMFRANCE\"]},{\"@type\":\"Person\",\"@id\":\"https:\/\/ismfrance.org\/#\/schema\/person\/3c411eb72adfaae19c0dca1f41fae01d\",\"name\":\"mru_01\",\"image\":{\"@type\":\"ImageObject\",\"inLanguage\":\"fr-FR\",\"@id\":\"https:\/\/secure.gravatar.com\/avatar\/3a0be343b445d2ccc79e87444a294fad2b232e90d2051d0e3cc219e1ecd6a330?s=96&d=mm&r=g\",\"url\":\"https:\/\/secure.gravatar.com\/avatar\/3a0be343b445d2ccc79e87444a294fad2b232e90d2051d0e3cc219e1ecd6a330?s=96&d=mm&r=g\",\"contentUrl\":\"https:\/\/secure.gravatar.com\/avatar\/3a0be343b445d2ccc79e87444a294fad2b232e90d2051d0e3cc219e1ecd6a330?s=96&d=mm&r=g\",\"caption\":\"mru_01\"},\"url\":\"https:\/\/ismfrance.org\/index.php\/author\/admin02\/\"}]}<\/script>\n<!-- \/ Yoast SEO plugin. -->","yoast_head_json":{"title":"Le monde reconna\u00eetra-t-il un jour les trag\u00e9dies palestiniennes ? - International Solidarity Movement - ISM-France","robots":{"index":"index","follow":"follow","max-snippet":"max-snippet:-1","max-image-preview":"max-image-preview:large","max-video-preview":"max-video-preview:-1"},"canonical":"https:\/\/ismfrance.org\/index.php\/2022\/08\/24\/le-monde-reconnaitra-t-il-un-jour-les-tragedies-palestiniennes\/","og_locale":"fr_FR","og_type":"article","og_title":"Le monde reconna\u00eetra-t-il un jour les trag\u00e9dies palestiniennes ? - International Solidarity Movement - ISM-France","og_description":"Motasem A Dalloul, 22 ao\u00fbt 2022. Lors d&rsquo;une conf\u00e9rence de presse conjointe \u00e0 Berlin du pr\u00e9sident de l&rsquo;Autorit\u00e9 palestinienne Mahmoud Abbas et du chancelier allemand Olaf Scholz la semaine derni\u00e8re, Lire la suite &rarr;","og_url":"https:\/\/ismfrance.org\/index.php\/2022\/08\/24\/le-monde-reconnaitra-t-il-un-jour-les-tragedies-palestiniennes\/","og_site_name":"International Solidarity Movement - ISM-France","article_published_time":"2022-08-24T09:22:32+00:00","og_image":[{"width":1348,"height":872,"url":"https:\/\/ismfrance.org\/wp-content\/uploads\/2022\/08\/mourning.png","type":"image\/png"}],"author":"mru_01","twitter_card":"summary_large_image","twitter_creator":"@ISMFRANCE","twitter_site":"@ISMFRANCE","twitter_misc":{"\u00c9crit par":"mru_01","Dur\u00e9e de lecture estim\u00e9e":"6 minutes"},"schema":{"@context":"https:\/\/schema.org","@graph":[{"@type":"Article","@id":"https:\/\/ismfrance.org\/index.php\/2022\/08\/24\/le-monde-reconnaitra-t-il-un-jour-les-tragedies-palestiniennes\/#article","isPartOf":{"@id":"https:\/\/ismfrance.org\/index.php\/2022\/08\/24\/le-monde-reconnaitra-t-il-un-jour-les-tragedies-palestiniennes\/"},"author":{"name":"mru_01","@id":"https:\/\/ismfrance.org\/#\/schema\/person\/3c411eb72adfaae19c0dca1f41fae01d"},"headline":"Le monde reconna\u00eetra-t-il un jour les trag\u00e9dies palestiniennes ?","datePublished":"2022-08-24T09:22:32+00:00","mainEntityOfPage":{"@id":"https:\/\/ismfrance.org\/index.php\/2022\/08\/24\/le-monde-reconnaitra-t-il-un-jour-les-tragedies-palestiniennes\/"},"wordCount":1176,"publisher":{"@id":"https:\/\/ismfrance.org\/#organization"},"image":{"@id":"https:\/\/ismfrance.org\/index.php\/2022\/08\/24\/le-monde-reconnaitra-t-il-un-jour-les-tragedies-palestiniennes\/#primaryimage"},"thumbnailUrl":"https:\/\/ismfrance.org\/wp-content\/uploads\/2022\/08\/mourning.png","keywords":["Nakba","Normalisation","racisme"],"articleSection":["Analyses","Articles"],"inLanguage":"fr-FR"},{"@type":"WebPage","@id":"https:\/\/ismfrance.org\/index.php\/2022\/08\/24\/le-monde-reconnaitra-t-il-un-jour-les-tragedies-palestiniennes\/","url":"https:\/\/ismfrance.org\/index.php\/2022\/08\/24\/le-monde-reconnaitra-t-il-un-jour-les-tragedies-palestiniennes\/","name":"Le monde reconna\u00eetra-t-il un jour les trag\u00e9dies palestiniennes ? - International Solidarity Movement - ISM-France","isPartOf":{"@id":"https:\/\/ismfrance.org\/#website"},"primaryImageOfPage":{"@id":"https:\/\/ismfrance.org\/index.php\/2022\/08\/24\/le-monde-reconnaitra-t-il-un-jour-les-tragedies-palestiniennes\/#primaryimage"},"image":{"@id":"https:\/\/ismfrance.org\/index.php\/2022\/08\/24\/le-monde-reconnaitra-t-il-un-jour-les-tragedies-palestiniennes\/#primaryimage"},"thumbnailUrl":"https:\/\/ismfrance.org\/wp-content\/uploads\/2022\/08\/mourning.png","datePublished":"2022-08-24T09:22:32+00:00","breadcrumb":{"@id":"https:\/\/ismfrance.org\/index.php\/2022\/08\/24\/le-monde-reconnaitra-t-il-un-jour-les-tragedies-palestiniennes\/#breadcrumb"},"inLanguage":"fr-FR","potentialAction":[{"@type":"ReadAction","target":["https:\/\/ismfrance.org\/index.php\/2022\/08\/24\/le-monde-reconnaitra-t-il-un-jour-les-tragedies-palestiniennes\/"]}]},{"@type":"ImageObject","inLanguage":"fr-FR","@id":"https:\/\/ismfrance.org\/index.php\/2022\/08\/24\/le-monde-reconnaitra-t-il-un-jour-les-tragedies-palestiniennes\/#primaryimage","url":"https:\/\/ismfrance.org\/wp-content\/uploads\/2022\/08\/mourning.png","contentUrl":"https:\/\/ismfrance.org\/wp-content\/uploads\/2022\/08\/mourning.png","width":1348,"height":872,"caption":"Des proches pleurent la mort d'enfants palestiniens tu\u00e9s par des frappes a\u00e9riennes isra\u00e9liennes \u00e0 Gaza le 11 ao\u00fbt 2022 [Ali Jadallah\/Anadolu Agency]."},{"@type":"BreadcrumbList","@id":"https:\/\/ismfrance.org\/index.php\/2022\/08\/24\/le-monde-reconnaitra-t-il-un-jour-les-tragedies-palestiniennes\/#breadcrumb","itemListElement":[{"@type":"ListItem","position":1,"name":"Accueil","item":"https:\/\/ismfrance.org\/"},{"@type":"ListItem","position":2,"name":"Le monde reconna\u00eetra-t-il un jour les trag\u00e9dies palestiniennes ?"}]},{"@type":"WebSite","@id":"https:\/\/ismfrance.org\/#website","url":"https:\/\/ismfrance.org\/","name":"ISM Palestine France","description":"Soutien aux luttes de lib\u00e9ration du peuple palestinien","publisher":{"@id":"https:\/\/ismfrance.org\/#organization"},"potentialAction":[{"@type":"SearchAction","target":{"@type":"EntryPoint","urlTemplate":"https:\/\/ismfrance.org\/?s={search_term_string}"},"query-input":{"@type":"PropertyValueSpecification","valueRequired":true,"valueName":"search_term_string"}}],"inLanguage":"fr-FR"},{"@type":"Organization","@id":"https:\/\/ismfrance.org\/#organization","name":"International Solidarity Movement","url":"https:\/\/ismfrance.org\/","logo":{"@type":"ImageObject","inLanguage":"fr-FR","@id":"https:\/\/ismfrance.org\/#\/schema\/logo\/image\/","url":"https:\/\/ismfrance.org\/wp-content\/uploads\/2020\/12\/00.png","contentUrl":"https:\/\/ismfrance.org\/wp-content\/uploads\/2020\/12\/00.png","width":400,"height":400,"caption":"International Solidarity Movement"},"image":{"@id":"https:\/\/ismfrance.org\/#\/schema\/logo\/image\/"},"sameAs":["https:\/\/x.com\/ISMFRANCE"]},{"@type":"Person","@id":"https:\/\/ismfrance.org\/#\/schema\/person\/3c411eb72adfaae19c0dca1f41fae01d","name":"mru_01","image":{"@type":"ImageObject","inLanguage":"fr-FR","@id":"https:\/\/secure.gravatar.com\/avatar\/3a0be343b445d2ccc79e87444a294fad2b232e90d2051d0e3cc219e1ecd6a330?s=96&d=mm&r=g","url":"https:\/\/secure.gravatar.com\/avatar\/3a0be343b445d2ccc79e87444a294fad2b232e90d2051d0e3cc219e1ecd6a330?s=96&d=mm&r=g","contentUrl":"https:\/\/secure.gravatar.com\/avatar\/3a0be343b445d2ccc79e87444a294fad2b232e90d2051d0e3cc219e1ecd6a330?s=96&d=mm&r=g","caption":"mru_01"},"url":"https:\/\/ismfrance.org\/index.php\/author\/admin02\/"}]}},"_links":{"self":[{"href":"https:\/\/ismfrance.org\/index.php\/wp-json\/wp\/v2\/posts\/3389","targetHints":{"allow":["GET"]}}],"collection":[{"href":"https:\/\/ismfrance.org\/index.php\/wp-json\/wp\/v2\/posts"}],"about":[{"href":"https:\/\/ismfrance.org\/index.php\/wp-json\/wp\/v2\/types\/post"}],"author":[{"embeddable":true,"href":"https:\/\/ismfrance.org\/index.php\/wp-json\/wp\/v2\/users\/3"}],"replies":[{"embeddable":true,"href":"https:\/\/ismfrance.org\/index.php\/wp-json\/wp\/v2\/comments?post=3389"}],"version-history":[{"count":0,"href":"https:\/\/ismfrance.org\/index.php\/wp-json\/wp\/v2\/posts\/3389\/revisions"}],"wp:featuredmedia":[{"embeddable":true,"href":"https:\/\/ismfrance.org\/index.php\/wp-json\/wp\/v2\/media\/3390"}],"wp:attachment":[{"href":"https:\/\/ismfrance.org\/index.php\/wp-json\/wp\/v2\/media?parent=3389"}],"wp:term":[{"taxonomy":"category","embeddable":true,"href":"https:\/\/ismfrance.org\/index.php\/wp-json\/wp\/v2\/categories?post=3389"},{"taxonomy":"post_tag","embeddable":true,"href":"https:\/\/ismfrance.org\/index.php\/wp-json\/wp\/v2\/tags?post=3389"}],"curies":[{"name":"wp","href":"https:\/\/api.w.org\/{rel}","templated":true}]}}