{"id":3367,"date":"2022-08-13T09:04:37","date_gmt":"2022-08-13T07:04:37","guid":{"rendered":"https:\/\/ismfrance.org\/?p=3367"},"modified":"2022-08-13T09:04:37","modified_gmt":"2022-08-13T07:04:37","slug":"grace-au-processus-de-documentation-de-lhistoire-de-la-palestine-les-anciens-ne-meurent-pas-et-les-jeunes-noublient-pas","status":"publish","type":"post","link":"https:\/\/ismfrance.org\/index.php\/2022\/08\/13\/grace-au-processus-de-documentation-de-lhistoire-de-la-palestine-les-anciens-ne-meurent-pas-et-les-jeunes-noublient-pas\/","title":{"rendered":"\u00ab\u00a0Gr\u00e2ce au processus de documentation de l&rsquo;histoire de la Palestine, les anciens ne meurent pas et les jeunes n&rsquo;oublient pas (*)\u00a0\u00bb"},"content":{"rendered":"<p><span style=\"color: #000000;\"><span style=\"font-family: Verdana, sans-serif;\"><span style=\"font-size: small;\"><b>Ahmad Alzoubi, 11 ao\u00fbt 2022<\/b>. Nayef Mustafa Suleiman Turaani est un r\u00e9fugi\u00e9 palestinien originaire de la ville de <a href=\"https:\/\/en.wikipedia.org\/wiki\/Samakh,_Tiberias\">Samakh<\/a>, dans le district de Tib\u00e9riade, en Palestine. Il est n\u00e9 en 1955 \u00e0 <a href=\"https:\/\/en.wikipedia.org\/wiki\/Al-Hamma,_Tiberias\">Al-Hamma<\/a>, situ\u00e9 dans le triangle form\u00e9 par la fronti\u00e8re entre la Syrie, la Palestine et la Jordanie, apr\u00e8s que sa famille ait \u00e9t\u00e9 d\u00e9plac\u00e9e de Samakh pendant la Nakba de 1948. Sa famille a d\u00e9m\u00e9nag\u00e9 \u00e0 Jobar, \u00e0 cinq kilom\u00e8tres \u00e0 l&rsquo;est de la capitale syrienne, Damas, puis s&rsquo;est install\u00e9e dans le camp de r\u00e9fugi\u00e9s palestiniens de Yarmouk. Il a commenc\u00e9 ses \u00e9tudes dans les \u00e9coles de l&rsquo;UNRWA \u00e0 Yarmouk en 1962 et a poursuivi ses \u00e9tudes d&rsquo;ing\u00e9nieur civil \u00e0 l&rsquo;universit\u00e9, apr\u00e8s quoi il a rejoint les rangs du Front populaire de lib\u00e9ration de la Palestine (FPLP), combattant dans ses rangs face \u00e0 l&rsquo;invasion isra\u00e9lienne du Liban et pour d\u00e9fendre les peuples du Liban et de Palestine.<\/span><\/span><\/span><\/p>\n<div id=\"attachment_3368\" style=\"width: 584px\" class=\"wp-caption aligncenter\"><a href=\"https:\/\/ismfrance.org\/wp-content\/uploads\/2022\/08\/samakh.png\"><img loading=\"lazy\" decoding=\"async\" aria-describedby=\"caption-attachment-3368\" class=\"size-full wp-image-3368\" src=\"https:\/\/ismfrance.org\/wp-content\/uploads\/2022\/08\/samakh.png\" alt=\"\" width=\"574\" height=\"429\" srcset=\"https:\/\/ismfrance.org\/wp-content\/uploads\/2022\/08\/samakh.png 574w, https:\/\/ismfrance.org\/wp-content\/uploads\/2022\/08\/samakh-300x224.png 300w, https:\/\/ismfrance.org\/wp-content\/uploads\/2022\/08\/samakh-350x263.png 350w\" sizes=\"auto, (max-width: 574px) 100vw, 574px\" \/><\/a><p id=\"caption-attachment-3368\" class=\"wp-caption-text\">Samakh, dans le district de Tib\u00e9riade, en Palestine occup\u00e9e, enti\u00e8rement d\u00e9truite par les hordes terroristes de la Haganah en 1948<\/p><\/div>\n<p><span style=\"color: #000000;\"><span style=\"font-family: Verdana, sans-serif;\"><span style=\"font-size: small;\">Se souvenant de l&rsquo;expulsion de la r\u00e9sistance du Liban, Nayef raconte qu&rsquo;ils ont souffert des jours de si\u00e8ge dans la capitale libanaise, Beyrouth. \u00ab\u00a0Nous avons \u00e9t\u00e9 surpris par la d\u00e9cision de quitter le Liban, et c&rsquo;\u00e9tait un complot clair pour d\u00e9manteler la r\u00e9volution palestinienne. Les factions de la r\u00e9sistance sont parties dans plusieurs pays, alors je suis parti en Syrie, o\u00f9 vit ma famille.\u00a0\u00bb<\/span><\/span><\/span><\/p>\n<p><span style=\"color: #000000;\"><span style=\"font-family: Verdana, sans-serif;\"><span style=\"font-size: small;\">\u00ab\u00a0Nous avons quitt\u00e9 Beyrouth \u00e0 midi et sommes arriv\u00e9s \u00e0 Tartous \u00e0 l&rsquo;aube. Des milliers de familles nous ont accueillis sur la c\u00f4te \u00e0 Tartous ; beaucoup demandaient des nouvelles de leurs fils et de leurs familles. Certains avaient des photos et demandaient si quelqu&rsquo;un avait vu leurs proches\u00a0\u00bb, explique-t-il.<\/span><\/span><\/span><\/p>\n<p><span style=\"color: #000000;\"><span style=\"font-family: Verdana, sans-serif;\"><span style=\"font-size: small;\">\u00ab\u00a0Nous sommes mont\u00e9s dans les bus et nous nous sommes dirig\u00e9s vers la base militaire d&rsquo;Al-Dhanin, \u00e0 l&rsquo;est de Damas, et on nous a d\u00e9livr\u00e9 des papiers identit\u00e9s avec de nouveaux noms pour ceux qui le souhaitaient, et nous avons rendu les armes que nous avions.\u00a0\u00bb<\/span><\/span><\/span><\/p>\n<p><span style=\"color: #000000;\"><span style=\"font-family: Verdana, sans-serif;\"><span style=\"font-size: small;\">Au d\u00e9but, dit-il, \u00ab\u00a0nous \u00e9tions comme des gens perdus\u00a0\u00bb car ils ne portaient plus d&rsquo;armes comme ils en avaient l&rsquo;habitude depuis plus de 100 jours de combat. \u00ab\u00a0Notre vie consistait en une volont\u00e9 de sacrifice et de mort pour le bien de la patrie\u00a0\u00bb, explique-t-il.<\/span><\/span><\/span><\/p>\n<p><span style=\"color: #000000;\"><span style=\"font-family: Verdana, sans-serif;\"><span style=\"font-size: small;\">Apr\u00e8s avoir pass\u00e9 14 jours avec sa famille \u00e0 Yarmouk, Nayef a rejoint l&rsquo;a\u00e9roport militaire de Khalkhala, au sud de Damas, \u00e0 la demande du gouvernement syrien. En 1983, il s&rsquo;est install\u00e9 en Jordanie et a travaill\u00e9 comme ing\u00e9nieur.<\/span><\/span><\/span><\/p>\n<p><span style=\"color: #000000;\"><span style=\"font-family: Verdana, sans-serif;\"><span style=\"font-size: small;\">Depuis sa retraite, Nayef \u00e9crit l&rsquo;histoire de Samakh, la ville dont sa famille est originaire. Il dit que son exp\u00e9rience de l&rsquo;histoire a chang\u00e9 apr\u00e8s la mort de son p\u00e8re, lorsqu&rsquo;il a jou\u00e9 un r\u00f4le plus actif dans la famille et en a appris davantage sur son histoire.<\/span><\/span><\/span><\/p>\n<p><span style=\"color: #000000;\"><span style=\"font-family: Verdana, sans-serif;\"><span style=\"font-size: small;\">\u00ab\u00a0Nous avons rassembl\u00e9 des photos et des documents que moi et les habitants de Samakh poss\u00e9dons, comme la carte de mariage de mon p\u00e8re \u2013 qui date de 1936 -, les certificats de naissance des habitants de la ville et les documents d&rsquo;enregistrement foncier, tous conserv\u00e9s dans les <a href=\"https:\/\/www.palestineremembered.com\/Tiberias\/Samakh\/index.html\">archives\u00a0<\/a>\u00bb, dit-il.<\/span><\/span><\/span><\/p>\n<p><span style=\"color: #000000;\"><span style=\"font-family: Verdana, sans-serif;\"><span style=\"font-size: small;\">\u00ab\u00a0Mon d\u00e9sir d&rsquo;\u00e9crire et de documenter a augment\u00e9, et j&rsquo;ai commenc\u00e9 \u00e0 rechercher les personnes \u00e2g\u00e9es qui sont n\u00e9es dans le village et qui y vivaient avant la Nakba.\u00a0\u00bb<\/span><\/span><\/span><\/p>\n<p><span style=\"color: #000000;\"><span style=\"font-family: Verdana, sans-serif;\"><span style=\"font-size: small;\">La ville de Samakh a fait l&rsquo;objet d&rsquo;un nettoyage ethnique complet en 1950, et seuls trois points de rep\u00e8re de la base de basalte sont rest\u00e9s, dont les traces du chemin de fer et des wagons, en plus du b\u00e2timent de la gare et de celui de la boutique Hassan Saeed Al-Damwani. \u00ab\u00a0Les sionistes ont \u00e9tabli neuf colonies sur ses terres : Kinneret, Dajania Elif, Dajania B, Beit Zeira, Afokim, Ashdot Yaakov, Sa&rsquo;ar Hagolan, Masada et Memghan\u00a0\u00bb, pr\u00e9cise Nayef, ajoutant que la ville arabe de Samakh n&rsquo;existe plus.<\/span><\/span><\/span><\/p>\n<p><span style=\"color: #000000;\"><span style=\"font-family: Verdana, sans-serif;\"><span style=\"font-size: small;\">Environ 3.000 Palestiniens vivaient \u00e0 Samakh en 1946 et la ville compte parmi ses personnages les plus c\u00e9l\u00e8bres le regrett\u00e9 Fayez Qandil, le militant politique Khaled Al-Tar&rsquo;ani et l&rsquo;ancien directeur adjoint du barreau jordanien Falah Madi.<\/span><\/span><\/span><\/p>\n<p><span style=\"color: #000000;\"><span style=\"font-family: Verdana, sans-serif;\"><span style=\"font-size: small;\">En apprenant l&rsquo;histoire de sa ville, il a d\u00e9couvert que des bandes sionistes avaient essay\u00e9 d&rsquo;acheter des terres aux Palestiniens, mais que ceux-ci avaient refus\u00e9 de vendre. Afin de leur forcer la main, le fils du <i>mukhtar<\/i> (chef de la ville) de Samakh a \u00e9t\u00e9 enlev\u00e9. Lorsque les sionistes sont venus n\u00e9gocier sa lib\u00e9ration en \u00e9change de l&rsquo;achat de la terre, Suleiman Turaani a d\u00e9clar\u00e9 qu&rsquo;il consid\u00e9rait que son fils avait \u00e9t\u00e9 martyris\u00e9 et a refus\u00e9 leurs conditions.<\/span><\/span><\/span><\/p>\n<p><span style=\"color: #000000;\"><span style=\"font-family: Verdana, sans-serif;\"><span style=\"font-size: small;\">\u00ab\u00a0Ce qui a \u00e9galement attir\u00e9 mon attention, c&rsquo;est le respect des femmes ; leur donner tous leurs droits\u00a0\u00bb, dit Nayef. \u00ab\u00a0J&rsquo;ai \u00e9crit sur la r\u00e9volution des femmes et la marche aux flambeaux contre l&rsquo;occupation lors de l&rsquo;agression tripartite sur Port Sa\u00efd en \u00c9gypte\u00a0\u00bb.<\/span><\/span><\/span><\/p>\n<p><span style=\"color: #000000;\"><span style=\"font-family: Verdana, sans-serif;\"><span style=\"font-size: small;\">\u00ab\u00a0L&rsquo;ancienne puissance coloniale britannique et l&rsquo;occupation sioniste, autrefois et actuellement, ont essay\u00e9 de vaincre le peuple palestinien, de mettre fin \u00e0 sa cause et de voler ses terres, mais elles n&rsquo;ont pas r\u00e9ussi\u00a0\u00bb, dit Nayef.<\/span><\/span><\/span><\/p>\n<p><span style=\"color: #000000;\"><span style=\"font-family: Verdana, sans-serif;\"><span style=\"font-size: small;\">\u00ab\u00a0Les vagues de normalisation avec l&rsquo;ennemi sioniste par les r\u00e9gimes arabes et certains partis palestiniens n&rsquo;ont pas non plus r\u00e9ussi \u00e0 marginaliser la cause palestinienne. Nous avons trouv\u00e9 cette g\u00e9n\u00e9ration de survivants de la Nakba plus forte et plus f\u00e9roce que ses p\u00e8res et grands-p\u00e8res.\u00a0\u00bb<\/span><\/span><\/span><\/p>\n<p><span style=\"color: #000000;\"><span style=\"font-family: Verdana, sans-serif;\"><span style=\"font-size: small;\">Son travail de collationnement des souvenirs de sa ville et des Palestiniens dans leur ensemble fait partie de la r\u00e9sistance, explique-t-il. \u00ab\u00a0Gr\u00e2ce au processus d&rsquo;archivage, de documentation et de circulation de ces histoires, les anciens ne meurent pas et les jeunes n&rsquo;oublieront pas.(*)\u00a0\u00bb<\/span><\/span><\/span><\/p>\n<p><span style=\"color: #000000;\"><span style=\"font-family: Verdana, sans-serif;\"><span style=\"font-size: small;\"><i>Article original en anglais sur <a href=\"https:\/\/www.middleeastmonitor.com\/20220811-through-the-process-of-documenting-palestines-history-the-old-do-not-die-and-the-young-will-not-forget\/\">Middle East Monitor<\/a> o\u00f9 l&rsquo;on peut voir plusieurs photos d&rsquo;\u00e9poque, comme sur le remarquable et indispensable site <a href=\"https:\/\/www.palestineremembered.com\/\">Palestine Remembered<\/a> \/ Traduction MR.<\/i><\/span><\/span><\/span><\/p>\n<p><a name=\"page-title\"><\/a><span style=\"color: #000000;\"><span style=\"font-family: Verdana, sans-serif;\"><span style=\"font-size: small;\">(*) \u201cThe old will die and the young will forget\u201d &#8211; phrase attibu\u00e9e, <a href=\"https:\/\/electronicintifada.net\/blogs\/asa-winstanley\/old-will-die-and-young-will-forget-did-ben-gurion-say-it\">\u00e0 tort semble-t-il<\/a>, \u00e0 David Ben Gourion qui ne l&rsquo;aurait ni \u00e9crite ni exprim\u00e9e telle quelle. Son objectif de nettoyage ethnique des Palestiniens ne fait lui aucun doute. (ndt)<\/span><\/span><\/span><\/p>\n<p><span style=\"color: #201f1e;\"><span style=\"font-family: Vrinda, serif;\"><span style=\"font-size: large;\">[writers slug=ahmad-alzoubi]<\/span><\/span><\/span><\/p>\n","protected":false},"excerpt":{"rendered":"<p>Ahmad Alzoubi, 11 ao\u00fbt 2022. Nayef Mustafa Suleiman Turaani est un r\u00e9fugi\u00e9 palestinien originaire de la ville de Samakh, dans le district de Tib\u00e9riade, en Palestine. Il est n\u00e9 en <a class=\"more-link\" href=\"https:\/\/ismfrance.org\/index.php\/2022\/08\/13\/grace-au-processus-de-documentation-de-lhistoire-de-la-palestine-les-anciens-ne-meurent-pas-et-les-jeunes-noublient-pas\/\">Lire la suite &rarr;<\/a><\/p>\n","protected":false},"author":3,"featured_media":3368,"comment_status":"closed","ping_status":"closed","sticky":false,"template":"","format":"standard","meta":{"footnotes":""},"categories":[12,2],"tags":[45],"class_list":["post-3367","post","type-post","status-publish","format-standard","has-post-thumbnail","hentry","category-analyses","category-articles","tag-nettoyage-ethnique"],"yoast_head":"<!-- This site is optimized with the Yoast SEO plugin v27.5 - https:\/\/yoast.com\/product\/yoast-seo-wordpress\/ -->\n<title>\u00ab\u00a0Gr\u00e2ce au processus de documentation de l&#039;histoire de la Palestine, les anciens ne meurent pas et les jeunes n&#039;oublient pas (*)\u00a0\u00bb - International Solidarity Movement - ISM-France<\/title>\n<meta name=\"robots\" content=\"index, follow, max-snippet:-1, max-image-preview:large, max-video-preview:-1\" \/>\n<link rel=\"canonical\" href=\"https:\/\/ismfrance.org\/index.php\/2022\/08\/13\/grace-au-processus-de-documentation-de-lhistoire-de-la-palestine-les-anciens-ne-meurent-pas-et-les-jeunes-noublient-pas\/\" \/>\n<meta property=\"og:locale\" content=\"fr_FR\" \/>\n<meta property=\"og:type\" content=\"article\" \/>\n<meta property=\"og:title\" content=\"\u00ab\u00a0Gr\u00e2ce au processus de documentation de l&#039;histoire de la Palestine, les anciens ne meurent pas et les jeunes n&#039;oublient pas (*)\u00a0\u00bb - International Solidarity Movement - ISM-France\" \/>\n<meta property=\"og:description\" content=\"Ahmad Alzoubi, 11 ao\u00fbt 2022. Nayef Mustafa Suleiman Turaani est un r\u00e9fugi\u00e9 palestinien originaire de la ville de Samakh, dans le district de Tib\u00e9riade, en Palestine. Il est n\u00e9 en Lire la suite &rarr;\" \/>\n<meta property=\"og:url\" content=\"https:\/\/ismfrance.org\/index.php\/2022\/08\/13\/grace-au-processus-de-documentation-de-lhistoire-de-la-palestine-les-anciens-ne-meurent-pas-et-les-jeunes-noublient-pas\/\" \/>\n<meta property=\"og:site_name\" content=\"International Solidarity Movement - ISM-France\" \/>\n<meta property=\"article:published_time\" content=\"2022-08-13T07:04:37+00:00\" \/>\n<meta property=\"og:image\" content=\"https:\/\/ismfrance.org\/wp-content\/uploads\/2022\/08\/samakh.png\" \/>\n\t<meta property=\"og:image:width\" content=\"574\" \/>\n\t<meta property=\"og:image:height\" content=\"429\" \/>\n\t<meta property=\"og:image:type\" content=\"image\/png\" \/>\n<meta name=\"author\" content=\"mru_01\" \/>\n<meta name=\"twitter:card\" content=\"summary_large_image\" \/>\n<meta name=\"twitter:creator\" content=\"@ISMFRANCE\" \/>\n<meta name=\"twitter:site\" content=\"@ISMFRANCE\" \/>\n<meta name=\"twitter:label1\" content=\"\u00c9crit par\" \/>\n\t<meta name=\"twitter:data1\" content=\"mru_01\" \/>\n\t<meta name=\"twitter:label2\" content=\"Dur\u00e9e de lecture estim\u00e9e\" \/>\n\t<meta name=\"twitter:data2\" content=\"6 minutes\" \/>\n<script type=\"application\/ld+json\" class=\"yoast-schema-graph\">{\"@context\":\"https:\\\/\\\/schema.org\",\"@graph\":[{\"@type\":\"Article\",\"@id\":\"https:\\\/\\\/ismfrance.org\\\/index.php\\\/2022\\\/08\\\/13\\\/grace-au-processus-de-documentation-de-lhistoire-de-la-palestine-les-anciens-ne-meurent-pas-et-les-jeunes-noublient-pas\\\/#article\",\"isPartOf\":{\"@id\":\"https:\\\/\\\/ismfrance.org\\\/index.php\\\/2022\\\/08\\\/13\\\/grace-au-processus-de-documentation-de-lhistoire-de-la-palestine-les-anciens-ne-meurent-pas-et-les-jeunes-noublient-pas\\\/\"},\"author\":{\"name\":\"mru_01\",\"@id\":\"https:\\\/\\\/ismfrance.org\\\/#\\\/schema\\\/person\\\/3c411eb72adfaae19c0dca1f41fae01d\"},\"headline\":\"\u00ab\u00a0Gr\u00e2ce au processus de documentation de l&rsquo;histoire de la Palestine, les anciens ne meurent pas et les jeunes n&rsquo;oublient pas (*)\u00a0\u00bb\",\"datePublished\":\"2022-08-13T07:04:37+00:00\",\"mainEntityOfPage\":{\"@id\":\"https:\\\/\\\/ismfrance.org\\\/index.php\\\/2022\\\/08\\\/13\\\/grace-au-processus-de-documentation-de-lhistoire-de-la-palestine-les-anciens-ne-meurent-pas-et-les-jeunes-noublient-pas\\\/\"},\"wordCount\":1091,\"publisher\":{\"@id\":\"https:\\\/\\\/ismfrance.org\\\/#organization\"},\"image\":{\"@id\":\"https:\\\/\\\/ismfrance.org\\\/index.php\\\/2022\\\/08\\\/13\\\/grace-au-processus-de-documentation-de-lhistoire-de-la-palestine-les-anciens-ne-meurent-pas-et-les-jeunes-noublient-pas\\\/#primaryimage\"},\"thumbnailUrl\":\"https:\\\/\\\/ismfrance.org\\\/wp-content\\\/uploads\\\/2022\\\/08\\\/samakh.png\",\"keywords\":[\"nettoyage ethnique\"],\"articleSection\":[\"Analyses\",\"Articles\"],\"inLanguage\":\"fr-FR\"},{\"@type\":\"WebPage\",\"@id\":\"https:\\\/\\\/ismfrance.org\\\/index.php\\\/2022\\\/08\\\/13\\\/grace-au-processus-de-documentation-de-lhistoire-de-la-palestine-les-anciens-ne-meurent-pas-et-les-jeunes-noublient-pas\\\/\",\"url\":\"https:\\\/\\\/ismfrance.org\\\/index.php\\\/2022\\\/08\\\/13\\\/grace-au-processus-de-documentation-de-lhistoire-de-la-palestine-les-anciens-ne-meurent-pas-et-les-jeunes-noublient-pas\\\/\",\"name\":\"\u00ab\u00a0Gr\u00e2ce au processus de documentation de l'histoire de la Palestine, les anciens ne meurent pas et les jeunes n'oublient pas (*)\u00a0\u00bb - International Solidarity Movement - ISM-France\",\"isPartOf\":{\"@id\":\"https:\\\/\\\/ismfrance.org\\\/#website\"},\"primaryImageOfPage\":{\"@id\":\"https:\\\/\\\/ismfrance.org\\\/index.php\\\/2022\\\/08\\\/13\\\/grace-au-processus-de-documentation-de-lhistoire-de-la-palestine-les-anciens-ne-meurent-pas-et-les-jeunes-noublient-pas\\\/#primaryimage\"},\"image\":{\"@id\":\"https:\\\/\\\/ismfrance.org\\\/index.php\\\/2022\\\/08\\\/13\\\/grace-au-processus-de-documentation-de-lhistoire-de-la-palestine-les-anciens-ne-meurent-pas-et-les-jeunes-noublient-pas\\\/#primaryimage\"},\"thumbnailUrl\":\"https:\\\/\\\/ismfrance.org\\\/wp-content\\\/uploads\\\/2022\\\/08\\\/samakh.png\",\"datePublished\":\"2022-08-13T07:04:37+00:00\",\"breadcrumb\":{\"@id\":\"https:\\\/\\\/ismfrance.org\\\/index.php\\\/2022\\\/08\\\/13\\\/grace-au-processus-de-documentation-de-lhistoire-de-la-palestine-les-anciens-ne-meurent-pas-et-les-jeunes-noublient-pas\\\/#breadcrumb\"},\"inLanguage\":\"fr-FR\",\"potentialAction\":[{\"@type\":\"ReadAction\",\"target\":[\"https:\\\/\\\/ismfrance.org\\\/index.php\\\/2022\\\/08\\\/13\\\/grace-au-processus-de-documentation-de-lhistoire-de-la-palestine-les-anciens-ne-meurent-pas-et-les-jeunes-noublient-pas\\\/\"]}]},{\"@type\":\"ImageObject\",\"inLanguage\":\"fr-FR\",\"@id\":\"https:\\\/\\\/ismfrance.org\\\/index.php\\\/2022\\\/08\\\/13\\\/grace-au-processus-de-documentation-de-lhistoire-de-la-palestine-les-anciens-ne-meurent-pas-et-les-jeunes-noublient-pas\\\/#primaryimage\",\"url\":\"https:\\\/\\\/ismfrance.org\\\/wp-content\\\/uploads\\\/2022\\\/08\\\/samakh.png\",\"contentUrl\":\"https:\\\/\\\/ismfrance.org\\\/wp-content\\\/uploads\\\/2022\\\/08\\\/samakh.png\",\"width\":574,\"height\":429,\"caption\":\"Samakh, dans le district de Tib\u00e9riade, en Palestine occup\u00e9e, enti\u00e8rement d\u00e9truite par les hordes terroristes de la Haganah en 1948\"},{\"@type\":\"BreadcrumbList\",\"@id\":\"https:\\\/\\\/ismfrance.org\\\/index.php\\\/2022\\\/08\\\/13\\\/grace-au-processus-de-documentation-de-lhistoire-de-la-palestine-les-anciens-ne-meurent-pas-et-les-jeunes-noublient-pas\\\/#breadcrumb\",\"itemListElement\":[{\"@type\":\"ListItem\",\"position\":1,\"name\":\"Accueil\",\"item\":\"https:\\\/\\\/ismfrance.org\\\/\"},{\"@type\":\"ListItem\",\"position\":2,\"name\":\"\u00ab\u00a0Gr\u00e2ce au processus de documentation de l&#8217;histoire de la Palestine, les anciens ne meurent pas et les jeunes n&#8217;oublient pas (*)\u00a0\u00bb\"}]},{\"@type\":\"WebSite\",\"@id\":\"https:\\\/\\\/ismfrance.org\\\/#website\",\"url\":\"https:\\\/\\\/ismfrance.org\\\/\",\"name\":\"ISM Palestine France\",\"description\":\"Soutien aux luttes de lib\u00e9ration du peuple palestinien\",\"publisher\":{\"@id\":\"https:\\\/\\\/ismfrance.org\\\/#organization\"},\"potentialAction\":[{\"@type\":\"SearchAction\",\"target\":{\"@type\":\"EntryPoint\",\"urlTemplate\":\"https:\\\/\\\/ismfrance.org\\\/?s={search_term_string}\"},\"query-input\":{\"@type\":\"PropertyValueSpecification\",\"valueRequired\":true,\"valueName\":\"search_term_string\"}}],\"inLanguage\":\"fr-FR\"},{\"@type\":\"Organization\",\"@id\":\"https:\\\/\\\/ismfrance.org\\\/#organization\",\"name\":\"International Solidarity Movement\",\"url\":\"https:\\\/\\\/ismfrance.org\\\/\",\"logo\":{\"@type\":\"ImageObject\",\"inLanguage\":\"fr-FR\",\"@id\":\"https:\\\/\\\/ismfrance.org\\\/#\\\/schema\\\/logo\\\/image\\\/\",\"url\":\"https:\\\/\\\/ismfrance.org\\\/wp-content\\\/uploads\\\/2020\\\/12\\\/00.png\",\"contentUrl\":\"https:\\\/\\\/ismfrance.org\\\/wp-content\\\/uploads\\\/2020\\\/12\\\/00.png\",\"width\":400,\"height\":400,\"caption\":\"International Solidarity Movement\"},\"image\":{\"@id\":\"https:\\\/\\\/ismfrance.org\\\/#\\\/schema\\\/logo\\\/image\\\/\"},\"sameAs\":[\"https:\\\/\\\/x.com\\\/ISMFRANCE\"]},{\"@type\":\"Person\",\"@id\":\"https:\\\/\\\/ismfrance.org\\\/#\\\/schema\\\/person\\\/3c411eb72adfaae19c0dca1f41fae01d\",\"name\":\"mru_01\",\"image\":{\"@type\":\"ImageObject\",\"inLanguage\":\"fr-FR\",\"@id\":\"https:\\\/\\\/secure.gravatar.com\\\/avatar\\\/3a0be343b445d2ccc79e87444a294fad2b232e90d2051d0e3cc219e1ecd6a330?s=96&d=mm&r=g\",\"url\":\"https:\\\/\\\/secure.gravatar.com\\\/avatar\\\/3a0be343b445d2ccc79e87444a294fad2b232e90d2051d0e3cc219e1ecd6a330?s=96&d=mm&r=g\",\"contentUrl\":\"https:\\\/\\\/secure.gravatar.com\\\/avatar\\\/3a0be343b445d2ccc79e87444a294fad2b232e90d2051d0e3cc219e1ecd6a330?s=96&d=mm&r=g\",\"caption\":\"mru_01\"},\"url\":\"https:\\\/\\\/ismfrance.org\\\/index.php\\\/author\\\/admin02\\\/\"}]}<\/script>\n<!-- \/ Yoast SEO plugin. -->","yoast_head_json":{"title":"\u00ab\u00a0Gr\u00e2ce au processus de documentation de l'histoire de la Palestine, les anciens ne meurent pas et les jeunes n'oublient pas (*)\u00a0\u00bb - International Solidarity Movement - ISM-France","robots":{"index":"index","follow":"follow","max-snippet":"max-snippet:-1","max-image-preview":"max-image-preview:large","max-video-preview":"max-video-preview:-1"},"canonical":"https:\/\/ismfrance.org\/index.php\/2022\/08\/13\/grace-au-processus-de-documentation-de-lhistoire-de-la-palestine-les-anciens-ne-meurent-pas-et-les-jeunes-noublient-pas\/","og_locale":"fr_FR","og_type":"article","og_title":"\u00ab\u00a0Gr\u00e2ce au processus de documentation de l'histoire de la Palestine, les anciens ne meurent pas et les jeunes n'oublient pas (*)\u00a0\u00bb - International Solidarity Movement - ISM-France","og_description":"Ahmad Alzoubi, 11 ao\u00fbt 2022. Nayef Mustafa Suleiman Turaani est un r\u00e9fugi\u00e9 palestinien originaire de la ville de Samakh, dans le district de Tib\u00e9riade, en Palestine. Il est n\u00e9 en Lire la suite &rarr;","og_url":"https:\/\/ismfrance.org\/index.php\/2022\/08\/13\/grace-au-processus-de-documentation-de-lhistoire-de-la-palestine-les-anciens-ne-meurent-pas-et-les-jeunes-noublient-pas\/","og_site_name":"International Solidarity Movement - ISM-France","article_published_time":"2022-08-13T07:04:37+00:00","og_image":[{"width":574,"height":429,"url":"https:\/\/ismfrance.org\/wp-content\/uploads\/2022\/08\/samakh.png","type":"image\/png"}],"author":"mru_01","twitter_card":"summary_large_image","twitter_creator":"@ISMFRANCE","twitter_site":"@ISMFRANCE","twitter_misc":{"\u00c9crit par":"mru_01","Dur\u00e9e de lecture estim\u00e9e":"6 minutes"},"schema":{"@context":"https:\/\/schema.org","@graph":[{"@type":"Article","@id":"https:\/\/ismfrance.org\/index.php\/2022\/08\/13\/grace-au-processus-de-documentation-de-lhistoire-de-la-palestine-les-anciens-ne-meurent-pas-et-les-jeunes-noublient-pas\/#article","isPartOf":{"@id":"https:\/\/ismfrance.org\/index.php\/2022\/08\/13\/grace-au-processus-de-documentation-de-lhistoire-de-la-palestine-les-anciens-ne-meurent-pas-et-les-jeunes-noublient-pas\/"},"author":{"name":"mru_01","@id":"https:\/\/ismfrance.org\/#\/schema\/person\/3c411eb72adfaae19c0dca1f41fae01d"},"headline":"\u00ab\u00a0Gr\u00e2ce au processus de documentation de l&rsquo;histoire de la Palestine, les anciens ne meurent pas et les jeunes n&rsquo;oublient pas (*)\u00a0\u00bb","datePublished":"2022-08-13T07:04:37+00:00","mainEntityOfPage":{"@id":"https:\/\/ismfrance.org\/index.php\/2022\/08\/13\/grace-au-processus-de-documentation-de-lhistoire-de-la-palestine-les-anciens-ne-meurent-pas-et-les-jeunes-noublient-pas\/"},"wordCount":1091,"publisher":{"@id":"https:\/\/ismfrance.org\/#organization"},"image":{"@id":"https:\/\/ismfrance.org\/index.php\/2022\/08\/13\/grace-au-processus-de-documentation-de-lhistoire-de-la-palestine-les-anciens-ne-meurent-pas-et-les-jeunes-noublient-pas\/#primaryimage"},"thumbnailUrl":"https:\/\/ismfrance.org\/wp-content\/uploads\/2022\/08\/samakh.png","keywords":["nettoyage ethnique"],"articleSection":["Analyses","Articles"],"inLanguage":"fr-FR"},{"@type":"WebPage","@id":"https:\/\/ismfrance.org\/index.php\/2022\/08\/13\/grace-au-processus-de-documentation-de-lhistoire-de-la-palestine-les-anciens-ne-meurent-pas-et-les-jeunes-noublient-pas\/","url":"https:\/\/ismfrance.org\/index.php\/2022\/08\/13\/grace-au-processus-de-documentation-de-lhistoire-de-la-palestine-les-anciens-ne-meurent-pas-et-les-jeunes-noublient-pas\/","name":"\u00ab\u00a0Gr\u00e2ce au processus de documentation de l'histoire de la Palestine, les anciens ne meurent pas et les jeunes n'oublient pas (*)\u00a0\u00bb - International Solidarity Movement - ISM-France","isPartOf":{"@id":"https:\/\/ismfrance.org\/#website"},"primaryImageOfPage":{"@id":"https:\/\/ismfrance.org\/index.php\/2022\/08\/13\/grace-au-processus-de-documentation-de-lhistoire-de-la-palestine-les-anciens-ne-meurent-pas-et-les-jeunes-noublient-pas\/#primaryimage"},"image":{"@id":"https:\/\/ismfrance.org\/index.php\/2022\/08\/13\/grace-au-processus-de-documentation-de-lhistoire-de-la-palestine-les-anciens-ne-meurent-pas-et-les-jeunes-noublient-pas\/#primaryimage"},"thumbnailUrl":"https:\/\/ismfrance.org\/wp-content\/uploads\/2022\/08\/samakh.png","datePublished":"2022-08-13T07:04:37+00:00","breadcrumb":{"@id":"https:\/\/ismfrance.org\/index.php\/2022\/08\/13\/grace-au-processus-de-documentation-de-lhistoire-de-la-palestine-les-anciens-ne-meurent-pas-et-les-jeunes-noublient-pas\/#breadcrumb"},"inLanguage":"fr-FR","potentialAction":[{"@type":"ReadAction","target":["https:\/\/ismfrance.org\/index.php\/2022\/08\/13\/grace-au-processus-de-documentation-de-lhistoire-de-la-palestine-les-anciens-ne-meurent-pas-et-les-jeunes-noublient-pas\/"]}]},{"@type":"ImageObject","inLanguage":"fr-FR","@id":"https:\/\/ismfrance.org\/index.php\/2022\/08\/13\/grace-au-processus-de-documentation-de-lhistoire-de-la-palestine-les-anciens-ne-meurent-pas-et-les-jeunes-noublient-pas\/#primaryimage","url":"https:\/\/ismfrance.org\/wp-content\/uploads\/2022\/08\/samakh.png","contentUrl":"https:\/\/ismfrance.org\/wp-content\/uploads\/2022\/08\/samakh.png","width":574,"height":429,"caption":"Samakh, dans le district de Tib\u00e9riade, en Palestine occup\u00e9e, enti\u00e8rement d\u00e9truite par les hordes terroristes de la Haganah en 1948"},{"@type":"BreadcrumbList","@id":"https:\/\/ismfrance.org\/index.php\/2022\/08\/13\/grace-au-processus-de-documentation-de-lhistoire-de-la-palestine-les-anciens-ne-meurent-pas-et-les-jeunes-noublient-pas\/#breadcrumb","itemListElement":[{"@type":"ListItem","position":1,"name":"Accueil","item":"https:\/\/ismfrance.org\/"},{"@type":"ListItem","position":2,"name":"\u00ab\u00a0Gr\u00e2ce au processus de documentation de l&#8217;histoire de la Palestine, les anciens ne meurent pas et les jeunes n&#8217;oublient pas (*)\u00a0\u00bb"}]},{"@type":"WebSite","@id":"https:\/\/ismfrance.org\/#website","url":"https:\/\/ismfrance.org\/","name":"ISM Palestine France","description":"Soutien aux luttes de lib\u00e9ration du peuple palestinien","publisher":{"@id":"https:\/\/ismfrance.org\/#organization"},"potentialAction":[{"@type":"SearchAction","target":{"@type":"EntryPoint","urlTemplate":"https:\/\/ismfrance.org\/?s={search_term_string}"},"query-input":{"@type":"PropertyValueSpecification","valueRequired":true,"valueName":"search_term_string"}}],"inLanguage":"fr-FR"},{"@type":"Organization","@id":"https:\/\/ismfrance.org\/#organization","name":"International Solidarity Movement","url":"https:\/\/ismfrance.org\/","logo":{"@type":"ImageObject","inLanguage":"fr-FR","@id":"https:\/\/ismfrance.org\/#\/schema\/logo\/image\/","url":"https:\/\/ismfrance.org\/wp-content\/uploads\/2020\/12\/00.png","contentUrl":"https:\/\/ismfrance.org\/wp-content\/uploads\/2020\/12\/00.png","width":400,"height":400,"caption":"International Solidarity Movement"},"image":{"@id":"https:\/\/ismfrance.org\/#\/schema\/logo\/image\/"},"sameAs":["https:\/\/x.com\/ISMFRANCE"]},{"@type":"Person","@id":"https:\/\/ismfrance.org\/#\/schema\/person\/3c411eb72adfaae19c0dca1f41fae01d","name":"mru_01","image":{"@type":"ImageObject","inLanguage":"fr-FR","@id":"https:\/\/secure.gravatar.com\/avatar\/3a0be343b445d2ccc79e87444a294fad2b232e90d2051d0e3cc219e1ecd6a330?s=96&d=mm&r=g","url":"https:\/\/secure.gravatar.com\/avatar\/3a0be343b445d2ccc79e87444a294fad2b232e90d2051d0e3cc219e1ecd6a330?s=96&d=mm&r=g","contentUrl":"https:\/\/secure.gravatar.com\/avatar\/3a0be343b445d2ccc79e87444a294fad2b232e90d2051d0e3cc219e1ecd6a330?s=96&d=mm&r=g","caption":"mru_01"},"url":"https:\/\/ismfrance.org\/index.php\/author\/admin02\/"}]}},"_links":{"self":[{"href":"https:\/\/ismfrance.org\/index.php\/wp-json\/wp\/v2\/posts\/3367","targetHints":{"allow":["GET"]}}],"collection":[{"href":"https:\/\/ismfrance.org\/index.php\/wp-json\/wp\/v2\/posts"}],"about":[{"href":"https:\/\/ismfrance.org\/index.php\/wp-json\/wp\/v2\/types\/post"}],"author":[{"embeddable":true,"href":"https:\/\/ismfrance.org\/index.php\/wp-json\/wp\/v2\/users\/3"}],"replies":[{"embeddable":true,"href":"https:\/\/ismfrance.org\/index.php\/wp-json\/wp\/v2\/comments?post=3367"}],"version-history":[{"count":0,"href":"https:\/\/ismfrance.org\/index.php\/wp-json\/wp\/v2\/posts\/3367\/revisions"}],"wp:featuredmedia":[{"embeddable":true,"href":"https:\/\/ismfrance.org\/index.php\/wp-json\/wp\/v2\/media\/3368"}],"wp:attachment":[{"href":"https:\/\/ismfrance.org\/index.php\/wp-json\/wp\/v2\/media?parent=3367"}],"wp:term":[{"taxonomy":"category","embeddable":true,"href":"https:\/\/ismfrance.org\/index.php\/wp-json\/wp\/v2\/categories?post=3367"},{"taxonomy":"post_tag","embeddable":true,"href":"https:\/\/ismfrance.org\/index.php\/wp-json\/wp\/v2\/tags?post=3367"}],"curies":[{"name":"wp","href":"https:\/\/api.w.org\/{rel}","templated":true}]}}