{"id":3263,"date":"2022-07-31T11:05:11","date_gmt":"2022-07-31T09:05:11","guid":{"rendered":"https:\/\/ismfrance.org\/?p=3263"},"modified":"2022-07-31T11:06:13","modified_gmt":"2022-07-31T09:06:13","slug":"tous-a-bruxelles-le-29-octobre-prochain-pour-denoncer-le-mepris-de-lue-pour-les-droits-des-palestiniens","status":"publish","type":"post","link":"https:\/\/ismfrance.org\/index.php\/2022\/07\/31\/tous-a-bruxelles-le-29-octobre-prochain-pour-denoncer-le-mepris-de-lue-pour-les-droits-des-palestiniens\/","title":{"rendered":"Tous \u00e0 Bruxelles le 29 octobre prochain pour d\u00e9noncer le m\u00e9pris de l&rsquo;UE pour les droits des Palestiniens\u00a0!"},"content":{"rendered":"<p><span style=\"color: #000000;\"><span style=\"font-family: Verdana, sans-serif;\"><span style=\"font-size: medium;\">CAPJPO-EuroPalestine, 30 juillet 2022<\/span><\/span><\/span><span style=\"color: #000000;\"><span style=\"font-family: Verdana, sans-serif;\"><span style=\"font-size: medium;\">. Nous vous appelons \u00e0 vous joindre \u00e0 une initiative internationale visant \u00e0 aller demander des comptes \u00e0 l\u2019Union Europ\u00e9enne (UE) sur son soutien au colonialisme isra\u00e9lien et \u00e0 l\u2019ensemble des atrocit\u00e9s<\/span><\/span><\/span><span style=\"color: #000000;\"><span style=\"font-family: Verdana, sans-serif;\"><span style=\"font-size: medium;\">\u00a0<\/span><\/span><\/span><span style=\"color: #000000;\"><span style=\"font-family: Verdana, sans-serif;\"><span style=\"font-size: medium;\">de ce dernier.<\/span><\/span><\/span><a href=\"https:\/\/ismfrance.org\/wp-content\/uploads\/2022\/07\/call-UE.jpg\"><img loading=\"lazy\" decoding=\"async\" class=\"size-large wp-image-3264 aligncenter\" src=\"https:\/\/ismfrance.org\/wp-content\/uploads\/2022\/07\/call-UE-700x394.jpg\" alt=\"\" width=\"600\" height=\"338\" srcset=\"https:\/\/ismfrance.org\/wp-content\/uploads\/2022\/07\/call-UE-700x394.jpg 700w, https:\/\/ismfrance.org\/wp-content\/uploads\/2022\/07\/call-UE-300x169.jpg 300w, https:\/\/ismfrance.org\/wp-content\/uploads\/2022\/07\/call-UE-768x432.jpg 768w, https:\/\/ismfrance.org\/wp-content\/uploads\/2022\/07\/call-UE-1320x743.jpg 1320w, https:\/\/ismfrance.org\/wp-content\/uploads\/2022\/07\/call-UE.jpg 1440w\" sizes=\"auto, (max-width: 600px) 100vw, 600px\" \/><\/a><\/p>\n<p><span style=\"color: #000000;\"><span style=\"font-family: Verdana, sans-serif;\"><span style=\"font-size: medium;\">L\u2019Union Europ\u00e9enne vient de renforcer son soutien \u00e0 Isra\u00ebl : les 27 ministres des Affaires \u00e9trang\u00e8res du bloc ont annonc\u00e9 cette semaine la relance\u00a0des rencontres du Conseil associatif UE-Isra\u00ebl.<\/span><\/span><\/span><span style=\"color: #000000;\"><span style=\"font-family: Verdana, sans-serif;\"><span style=\"font-size: medium;\">\u00a0<\/span><\/span><\/span><\/p>\n<p><span style=\"color: #000000;\"><span style=\"font-family: Verdana, sans-serif;\"><span style=\"font-size: medium;\">Apr\u00e8s avoir attendu quelques mois pour tenter de faire oublier le meurtre<\/span><\/span><\/span><strong><span style=\"color: #000000;\"><span style=\"font-family: Verdana, sans-serif;\"><span style=\"font-size: medium;\">\u00a0<\/span><\/span><\/span><\/strong><span style=\"color: #000000;\"><span style=\"font-family: Verdana, sans-serif;\"><span style=\"font-size: medium;\">de la journaliste d\u2019<\/span><\/span><\/span><span style=\"color: #000000;\"><span style=\"font-family: Verdana, sans-serif;\"><span style=\"font-size: medium;\"><i>Al Jazeera<\/i><\/span><\/span><\/span><span style=\"color: #000000;\"><span style=\"font-family: Verdana, sans-serif;\"><span style=\"font-size: medium;\"> Shireen Abu Akleh\u00a0en mai dernier (comme l\u2019a avou\u00e9\u00a0Josep Borrell, le chef de la politique \u00e9trang\u00e8re de l\u2019UE) et faire passer la pilule des 4.000 logements suppl\u00e9mentaires pour colons programm\u00e9s par Isra\u00ebl, l\u2019UE affiche son soutien inconditionnel \u00e0 l\u2019Etat colonial.<\/span><\/span><\/span><\/p>\n<p><span style=\"color: #000000;\"><span style=\"font-family: Verdana, sans-serif;\"><span style=\"font-size: medium;\">Tout en continuant \u00e0 faire des d\u00e9clarations \u00ab\u00a0verbales\u00a0\u00bb sur son soutien \u00e0 une \u00ab\u00a0solution \u00e0 deux Etats\u00a0\u00bb (on se demande bien o\u00f9 serait situ\u00e9 l\u2019Etat Palestinien ?) l\u2019UE s\u2019asseoit all\u00e8grement sur le vol continu des terres palestiniennes, comme \u00e0 Masafar Yatta, sur les assassinats en s\u00e9rie de jeunes Palestiniens, sur la d\u00e9tention dite \u00ab\u00a0administrative\u00a0\u00bb de plus de 600 Palestiniens, sur les d\u00e9molitions en cha\u00eene de maisons palestiniennes, sur la torture des enfants, sur les attaques contre la mosqu\u00e9e Al-Aqsa et sur le ghetto de Gaza. <\/span><\/span><\/span><\/p>\n<p><span style=\"color: #000000;\"><span style=\"font-family: Verdana, sans-serif;\"><span style=\"font-size: medium;\">\u00ab<\/span><\/span><\/span><span style=\"color: #000000;\"><span style=\"font-family: Verdana, sans-serif;\"><span style=\"font-size: medium;\">\u00a0<\/span><\/span><\/span><span style=\"color: #000000;\"><span style=\"font-family: Verdana, sans-serif;\"><span style=\"font-size: medium;\"><i>L<\/i><\/span><\/span><\/span><em><span style=\"color: #000000;\"><span style=\"font-family: Verdana, sans-serif;\"><span style=\"font-size: medium;\"><i>e Conseil associatif UE-Isra\u00ebl devrait nous permettre de nous engager avec nos partenaires isra\u00e9liens et de r\u00e9fl\u00e9chir sur le processus de paix au Moyen-Orient \u00bb,<\/i><\/span><\/span><\/span><\/em> <span style=\"color: #000000;\"><span style=\"font-family: Verdana, sans-serif;\"><span style=\"font-size: medium;\">a os\u00e9 d\u00e9clarer\u00a0Dimiter Tzantchev, l\u2019ambassadeur de l\u2019UE \u00e0 Tel-Aviv. Vous avez bien lu : le \u00ab processus de paix\u00a0\u00bb ne se discute qu\u2019avec les \u00ab\u00a0partenaires isra\u00e9liens\u00a0\u00bb<\/span><\/span><\/span><span style=\"color: #000000;\"><span style=\"font-family: Verdana, sans-serif;\"><span style=\"font-size: medium;\">.<\/span><\/span><\/span><strong><span style=\"color: #000000;\"><span style=\"font-family: Verdana, sans-serif;\"><span style=\"font-size: medium;\">\u00a0Les Palestiniens n\u2019existent pas !<\/span><\/span><\/span><\/strong><\/p>\n<p><span style=\"color: #000000;\"><span style=\"font-family: Verdana, sans-serif;\"><span style=\"font-size: medium;\">\u00ab <\/span><\/span><\/span><span style=\"color: #000000;\"><span style=\"font-family: Verdana, sans-serif;\"><span style=\"font-size: medium;\"><i>Le fait que 27 ministres des Affaires \u00e9trang\u00e8res de l\u2019UE ont vot\u00e9 unanimement en faveur du renforcement des liens \u00e9conomiques et diplomatiques avec Isra\u00ebl est une preuve de la force diplomatique d\u2019Isra\u00ebl et de la capacit\u00e9 de son gouvernement \u00e0 cr\u00e9er de nouvelles opportunit\u00e9s avec la communaut\u00e9 internationale<\/i><\/span><\/span><\/span><span style=\"color: #000000;\"><span style=\"font-family: Verdana, sans-serif;\"><span style=\"font-size: medium;\"> \u00bb, s\u2019est vant\u00e9 le Premier ministre isra\u00e9lien<\/span><\/span><\/span><span style=\"color: #000000;\"><span style=\"font-family: Verdana, sans-serif;\"><span style=\"font-size: medium;\">Yair Lapid<\/span><\/span><\/span><span style=\"color: #000000;\"><span style=\"font-family: Verdana, sans-serif;\"><span style=\"font-size: medium;\">\u00a0apr\u00e8s cette d\u00e9cision de l\u2019UE, lundi dernier.<\/span><\/span><\/span><\/p>\n<p style=\"text-align: center;\"><strong><span style=\"color: #000000;\"><span style=\"font-family: Verdana, sans-serif;\"><span style=\"font-size: medium;\"><b>APPEL INTERNATIONAL A RASSEMBLEMENT DEVANT LE PARLEMENT EUROP\u00c9EN<\/b><\/span><\/span><\/span><\/strong><\/p>\n<p style=\"text-align: left;\"><strong><span style=\"color: #000000;\"><span style=\"font-family: Verdana, sans-serif;\"><span style=\"font-size: medium;\">Nous vous informons d\u00e8s maintenant, afin que vous puissiez prendre vos dispositions, \u2014mais nous y reviendrons, avec plus de d\u00e9tails dans les prochaines semaines\u2014 que de tr\u00e8s nombreuses associations europ\u00e9ennes ont d\u00e9cid\u00e9 de se joindre \u00e0 une initiative lanc\u00e9e par les Palestiniens <\/span><\/span><\/span><\/strong><strong><span style=\"color: #000000;\"><span style=\"font-family: Verdana, sans-serif;\"><span style=\"font-size: medium;\">du Mouvement Masar Badil.<br \/>\nUne marche dans Bruxelles le samedi 29 octobre, suivie d\u2019un rassemblement devant le parlement europ\u00e9en, pour d\u00e9fendre les droits des Palestiniens et exiger l\u2019ouverture imm\u00e9diate du Ghetto de Gaza !<\/span><\/span><\/span><\/strong><\/p>\n<p><em><span style=\"color: #000000;\"><span style=\"font-family: Verdana, sans-serif;\"><span style=\"font-size: medium;\"><i><b>Parmi les premiers participants \u00e0 cet \u00e9v\u00e9nement<\/b><\/i><\/span><\/span><\/span><\/em><em><span style=\"color: #000000;\"><span style=\"font-family: Verdana, sans-serif;\"><span style=\"font-size: medium;\"><i>\u00a0<\/i><\/span><\/span><\/span><\/em><span style=\"color: #000000;\"><span style=\"font-family: Verdana, sans-serif;\"><span style=\"font-size: medium;\">: Masar Badil, Samidoun International, CAPJPO-EuroPalestine, le Collectif 69 Palestine, Droits Devant ! L\u2019AFPS d\u2019Albertville, le Collectif Palestine Vaincra, Mouvement Citoyens Palestine (Belgique), Bruxelles Panth\u00e8res, Le Comit\u00e9 Boykot Danemark, Opposizione Studentesca d\u2019Alternativa (Italie), Rete dei Comunisti (Italie), Cambiare Rotta (Italie), Charleroi Pour la Palestine, Comit\u00e9 BDS ULB (Belgique)\u2026<\/span><\/span><\/span><\/p>\n<p><strong><span style=\"color: #000000;\"><span style=\"font-family: Verdana, sans-serif;\"><span style=\"font-size: medium;\">R\u00e9servez la date ! Des d\u00e9parts group\u00e9s sont pr\u00e9vus \u00e0 partir de Paris et de Lille, en ce qui concerne la France<\/span><\/span><\/span><\/strong><span style=\"color: #000000;\"><span style=\"font-family: Verdana, sans-serif;\"><span style=\"font-size: medium;\">.<\/span><\/span><\/span><\/p>\n<p><span style=\"color: #000000;\"><span style=\"font-family: Verdana, sans-serif;\"><span style=\"font-size: medium;\">Plus d\u2019informations \u00e0 la fin ao\u00fbt ! Mais vous pouvez d\u00e9j\u00e0 vous inscrire en nous \u00e9crivant \u00e0 i<\/span><\/span><\/span><a href=\"mailto:nfo@europalestince.com\" target=\"_blank\" rel=\"noopener\"><span style=\"color: #000000;\"><span style=\"font-family: Verdana, sans-serif;\"><span style=\"font-size: medium;\">nfo@europalestine.com<\/span><\/span><\/span><\/a><\/p>\n<p><span style=\"color: #000000;\"><span style=\"font-family: Verdana, sans-serif;\"><span style=\"font-size: medium;\">Contact t\u00e9l\u00e9phonique : 06 88 28 65 67<\/span><\/span><\/span><\/p>\n<p><span style=\"color: #000000;\"><span style=\"font-family: Verdana, sans-serif;\"><span style=\"font-size: medium;\">CAPJPO-EuroPalestine<\/span><\/span><\/span><\/p>\n<p><span style=\"color: #000000;\"><span style=\"font-family: Verdana, sans-serif;\"><span style=\"font-size: medium;\"><i>Source\u00a0: <a href=\"https:\/\/europalestine.com\/2022\/07\/30\/appel-a-aller-massivement-denoncer-le-mepris-de-lue-pour-les-droits-des-palestiniens\/\">europalestine.com<\/a><\/i><\/span><\/span><\/span><\/p>\n","protected":false},"excerpt":{"rendered":"<p>CAPJPO-EuroPalestine, 30 juillet 2022. Nous vous appelons \u00e0 vous joindre \u00e0 une initiative internationale visant \u00e0 aller demander des comptes \u00e0 l\u2019Union Europ\u00e9enne (UE) sur son soutien au colonialisme isra\u00e9lien <a class=\"more-link\" href=\"https:\/\/ismfrance.org\/index.php\/2022\/07\/31\/tous-a-bruxelles-le-29-octobre-prochain-pour-denoncer-le-mepris-de-lue-pour-les-droits-des-palestiniens\/\">Lire la suite &rarr;<\/a><\/p>\n","protected":false},"author":3,"featured_media":3264,"comment_status":"closed","ping_status":"closed","sticky":false,"template":"","format":"standard","meta":{"footnotes":""},"categories":[43,2],"tags":[],"class_list":["post-3263","post","type-post","status-publish","format-standard","has-post-thumbnail","hentry","category-actions-en-cours-ou-a-venir","category-articles"],"yoast_head":"<!-- This site is optimized with the Yoast SEO plugin v27.2 - https:\/\/yoast.com\/product\/yoast-seo-wordpress\/ -->\n<title>Tous \u00e0 Bruxelles le 29 octobre prochain pour d\u00e9noncer le m\u00e9pris de l&#039;UE pour les droits des Palestiniens\u00a0! - International Solidarity Movement - ISM-France<\/title>\n<meta name=\"robots\" content=\"index, follow, max-snippet:-1, max-image-preview:large, max-video-preview:-1\" \/>\n<link rel=\"canonical\" href=\"https:\/\/ismfrance.org\/index.php\/2022\/07\/31\/tous-a-bruxelles-le-29-octobre-prochain-pour-denoncer-le-mepris-de-lue-pour-les-droits-des-palestiniens\/\" \/>\n<meta property=\"og:locale\" content=\"fr_FR\" \/>\n<meta property=\"og:type\" content=\"article\" \/>\n<meta property=\"og:title\" content=\"Tous \u00e0 Bruxelles le 29 octobre prochain pour d\u00e9noncer le m\u00e9pris de l&#039;UE pour les droits des Palestiniens\u00a0! - International Solidarity Movement - ISM-France\" \/>\n<meta property=\"og:description\" content=\"CAPJPO-EuroPalestine, 30 juillet 2022. Nous vous appelons \u00e0 vous joindre \u00e0 une initiative internationale visant \u00e0 aller demander des comptes \u00e0 l\u2019Union Europ\u00e9enne (UE) sur son soutien au colonialisme isra\u00e9lien Lire la suite &rarr;\" \/>\n<meta property=\"og:url\" content=\"https:\/\/ismfrance.org\/index.php\/2022\/07\/31\/tous-a-bruxelles-le-29-octobre-prochain-pour-denoncer-le-mepris-de-lue-pour-les-droits-des-palestiniens\/\" \/>\n<meta property=\"og:site_name\" content=\"International Solidarity Movement - ISM-France\" \/>\n<meta property=\"article:published_time\" content=\"2022-07-31T09:05:11+00:00\" \/>\n<meta property=\"article:modified_time\" content=\"2022-07-31T09:06:13+00:00\" \/>\n<meta property=\"og:image\" content=\"https:\/\/ismfrance.org\/wp-content\/uploads\/2022\/07\/call-UE.jpg\" \/>\n\t<meta property=\"og:image:width\" content=\"1440\" \/>\n\t<meta property=\"og:image:height\" content=\"810\" \/>\n\t<meta property=\"og:image:type\" content=\"image\/jpeg\" \/>\n<meta name=\"author\" content=\"mru_01\" \/>\n<meta name=\"twitter:card\" content=\"summary_large_image\" \/>\n<meta name=\"twitter:creator\" content=\"@ISMFRANCE\" \/>\n<meta name=\"twitter:site\" content=\"@ISMFRANCE\" \/>\n<meta name=\"twitter:label1\" content=\"\u00c9crit par\" \/>\n\t<meta name=\"twitter:data1\" content=\"mru_01\" \/>\n\t<meta name=\"twitter:label2\" content=\"Dur\u00e9e de lecture estim\u00e9e\" \/>\n\t<meta name=\"twitter:data2\" content=\"3 minutes\" \/>\n<script type=\"application\/ld+json\" class=\"yoast-schema-graph\">{\"@context\":\"https:\/\/schema.org\",\"@graph\":[{\"@type\":\"Article\",\"@id\":\"https:\/\/ismfrance.org\/index.php\/2022\/07\/31\/tous-a-bruxelles-le-29-octobre-prochain-pour-denoncer-le-mepris-de-lue-pour-les-droits-des-palestiniens\/#article\",\"isPartOf\":{\"@id\":\"https:\/\/ismfrance.org\/index.php\/2022\/07\/31\/tous-a-bruxelles-le-29-octobre-prochain-pour-denoncer-le-mepris-de-lue-pour-les-droits-des-palestiniens\/\"},\"author\":{\"name\":\"mru_01\",\"@id\":\"https:\/\/ismfrance.org\/#\/schema\/person\/3c411eb72adfaae19c0dca1f41fae01d\"},\"headline\":\"Tous \u00e0 Bruxelles le 29 octobre prochain pour d\u00e9noncer le m\u00e9pris de l&rsquo;UE pour les droits des Palestiniens\u00a0!\",\"datePublished\":\"2022-07-31T09:05:11+00:00\",\"dateModified\":\"2022-07-31T09:06:13+00:00\",\"mainEntityOfPage\":{\"@id\":\"https:\/\/ismfrance.org\/index.php\/2022\/07\/31\/tous-a-bruxelles-le-29-octobre-prochain-pour-denoncer-le-mepris-de-lue-pour-les-droits-des-palestiniens\/\"},\"wordCount\":580,\"publisher\":{\"@id\":\"https:\/\/ismfrance.org\/#organization\"},\"image\":{\"@id\":\"https:\/\/ismfrance.org\/index.php\/2022\/07\/31\/tous-a-bruxelles-le-29-octobre-prochain-pour-denoncer-le-mepris-de-lue-pour-les-droits-des-palestiniens\/#primaryimage\"},\"thumbnailUrl\":\"https:\/\/ismfrance.org\/wp-content\/uploads\/2022\/07\/call-UE.jpg\",\"articleSection\":[\"Actions en cours ou \u00e0 venir\",\"Articles\"],\"inLanguage\":\"fr-FR\"},{\"@type\":\"WebPage\",\"@id\":\"https:\/\/ismfrance.org\/index.php\/2022\/07\/31\/tous-a-bruxelles-le-29-octobre-prochain-pour-denoncer-le-mepris-de-lue-pour-les-droits-des-palestiniens\/\",\"url\":\"https:\/\/ismfrance.org\/index.php\/2022\/07\/31\/tous-a-bruxelles-le-29-octobre-prochain-pour-denoncer-le-mepris-de-lue-pour-les-droits-des-palestiniens\/\",\"name\":\"Tous \u00e0 Bruxelles le 29 octobre prochain pour d\u00e9noncer le m\u00e9pris de l'UE pour les droits des Palestiniens\u00a0! - International Solidarity Movement - ISM-France\",\"isPartOf\":{\"@id\":\"https:\/\/ismfrance.org\/#website\"},\"primaryImageOfPage\":{\"@id\":\"https:\/\/ismfrance.org\/index.php\/2022\/07\/31\/tous-a-bruxelles-le-29-octobre-prochain-pour-denoncer-le-mepris-de-lue-pour-les-droits-des-palestiniens\/#primaryimage\"},\"image\":{\"@id\":\"https:\/\/ismfrance.org\/index.php\/2022\/07\/31\/tous-a-bruxelles-le-29-octobre-prochain-pour-denoncer-le-mepris-de-lue-pour-les-droits-des-palestiniens\/#primaryimage\"},\"thumbnailUrl\":\"https:\/\/ismfrance.org\/wp-content\/uploads\/2022\/07\/call-UE.jpg\",\"datePublished\":\"2022-07-31T09:05:11+00:00\",\"dateModified\":\"2022-07-31T09:06:13+00:00\",\"breadcrumb\":{\"@id\":\"https:\/\/ismfrance.org\/index.php\/2022\/07\/31\/tous-a-bruxelles-le-29-octobre-prochain-pour-denoncer-le-mepris-de-lue-pour-les-droits-des-palestiniens\/#breadcrumb\"},\"inLanguage\":\"fr-FR\",\"potentialAction\":[{\"@type\":\"ReadAction\",\"target\":[\"https:\/\/ismfrance.org\/index.php\/2022\/07\/31\/tous-a-bruxelles-le-29-octobre-prochain-pour-denoncer-le-mepris-de-lue-pour-les-droits-des-palestiniens\/\"]}]},{\"@type\":\"ImageObject\",\"inLanguage\":\"fr-FR\",\"@id\":\"https:\/\/ismfrance.org\/index.php\/2022\/07\/31\/tous-a-bruxelles-le-29-octobre-prochain-pour-denoncer-le-mepris-de-lue-pour-les-droits-des-palestiniens\/#primaryimage\",\"url\":\"https:\/\/ismfrance.org\/wp-content\/uploads\/2022\/07\/call-UE.jpg\",\"contentUrl\":\"https:\/\/ismfrance.org\/wp-content\/uploads\/2022\/07\/call-UE.jpg\",\"width\":1440,\"height\":810},{\"@type\":\"BreadcrumbList\",\"@id\":\"https:\/\/ismfrance.org\/index.php\/2022\/07\/31\/tous-a-bruxelles-le-29-octobre-prochain-pour-denoncer-le-mepris-de-lue-pour-les-droits-des-palestiniens\/#breadcrumb\",\"itemListElement\":[{\"@type\":\"ListItem\",\"position\":1,\"name\":\"Accueil\",\"item\":\"https:\/\/ismfrance.org\/\"},{\"@type\":\"ListItem\",\"position\":2,\"name\":\"Tous \u00e0 Bruxelles le 29 octobre prochain pour d\u00e9noncer le m\u00e9pris de l&#8217;UE pour les droits des Palestiniens\u00a0!\"}]},{\"@type\":\"WebSite\",\"@id\":\"https:\/\/ismfrance.org\/#website\",\"url\":\"https:\/\/ismfrance.org\/\",\"name\":\"ISM Palestine France\",\"description\":\"Soutien aux luttes de lib\u00e9ration du peuple palestinien\",\"publisher\":{\"@id\":\"https:\/\/ismfrance.org\/#organization\"},\"potentialAction\":[{\"@type\":\"SearchAction\",\"target\":{\"@type\":\"EntryPoint\",\"urlTemplate\":\"https:\/\/ismfrance.org\/?s={search_term_string}\"},\"query-input\":{\"@type\":\"PropertyValueSpecification\",\"valueRequired\":true,\"valueName\":\"search_term_string\"}}],\"inLanguage\":\"fr-FR\"},{\"@type\":\"Organization\",\"@id\":\"https:\/\/ismfrance.org\/#organization\",\"name\":\"International Solidarity Movement\",\"url\":\"https:\/\/ismfrance.org\/\",\"logo\":{\"@type\":\"ImageObject\",\"inLanguage\":\"fr-FR\",\"@id\":\"https:\/\/ismfrance.org\/#\/schema\/logo\/image\/\",\"url\":\"https:\/\/ismfrance.org\/wp-content\/uploads\/2020\/12\/00.png\",\"contentUrl\":\"https:\/\/ismfrance.org\/wp-content\/uploads\/2020\/12\/00.png\",\"width\":400,\"height\":400,\"caption\":\"International Solidarity Movement\"},\"image\":{\"@id\":\"https:\/\/ismfrance.org\/#\/schema\/logo\/image\/\"},\"sameAs\":[\"https:\/\/x.com\/ISMFRANCE\"]},{\"@type\":\"Person\",\"@id\":\"https:\/\/ismfrance.org\/#\/schema\/person\/3c411eb72adfaae19c0dca1f41fae01d\",\"name\":\"mru_01\",\"image\":{\"@type\":\"ImageObject\",\"inLanguage\":\"fr-FR\",\"@id\":\"https:\/\/secure.gravatar.com\/avatar\/3a0be343b445d2ccc79e87444a294fad2b232e90d2051d0e3cc219e1ecd6a330?s=96&d=mm&r=g\",\"url\":\"https:\/\/secure.gravatar.com\/avatar\/3a0be343b445d2ccc79e87444a294fad2b232e90d2051d0e3cc219e1ecd6a330?s=96&d=mm&r=g\",\"contentUrl\":\"https:\/\/secure.gravatar.com\/avatar\/3a0be343b445d2ccc79e87444a294fad2b232e90d2051d0e3cc219e1ecd6a330?s=96&d=mm&r=g\",\"caption\":\"mru_01\"},\"url\":\"https:\/\/ismfrance.org\/index.php\/author\/admin02\/\"}]}<\/script>\n<!-- \/ Yoast SEO plugin. -->","yoast_head_json":{"title":"Tous \u00e0 Bruxelles le 29 octobre prochain pour d\u00e9noncer le m\u00e9pris de l'UE pour les droits des Palestiniens\u00a0! - International Solidarity Movement - ISM-France","robots":{"index":"index","follow":"follow","max-snippet":"max-snippet:-1","max-image-preview":"max-image-preview:large","max-video-preview":"max-video-preview:-1"},"canonical":"https:\/\/ismfrance.org\/index.php\/2022\/07\/31\/tous-a-bruxelles-le-29-octobre-prochain-pour-denoncer-le-mepris-de-lue-pour-les-droits-des-palestiniens\/","og_locale":"fr_FR","og_type":"article","og_title":"Tous \u00e0 Bruxelles le 29 octobre prochain pour d\u00e9noncer le m\u00e9pris de l'UE pour les droits des Palestiniens\u00a0! - International Solidarity Movement - ISM-France","og_description":"CAPJPO-EuroPalestine, 30 juillet 2022. Nous vous appelons \u00e0 vous joindre \u00e0 une initiative internationale visant \u00e0 aller demander des comptes \u00e0 l\u2019Union Europ\u00e9enne (UE) sur son soutien au colonialisme isra\u00e9lien Lire la suite &rarr;","og_url":"https:\/\/ismfrance.org\/index.php\/2022\/07\/31\/tous-a-bruxelles-le-29-octobre-prochain-pour-denoncer-le-mepris-de-lue-pour-les-droits-des-palestiniens\/","og_site_name":"International Solidarity Movement - ISM-France","article_published_time":"2022-07-31T09:05:11+00:00","article_modified_time":"2022-07-31T09:06:13+00:00","og_image":[{"width":1440,"height":810,"url":"https:\/\/ismfrance.org\/wp-content\/uploads\/2022\/07\/call-UE.jpg","type":"image\/jpeg"}],"author":"mru_01","twitter_card":"summary_large_image","twitter_creator":"@ISMFRANCE","twitter_site":"@ISMFRANCE","twitter_misc":{"\u00c9crit par":"mru_01","Dur\u00e9e de lecture estim\u00e9e":"3 minutes"},"schema":{"@context":"https:\/\/schema.org","@graph":[{"@type":"Article","@id":"https:\/\/ismfrance.org\/index.php\/2022\/07\/31\/tous-a-bruxelles-le-29-octobre-prochain-pour-denoncer-le-mepris-de-lue-pour-les-droits-des-palestiniens\/#article","isPartOf":{"@id":"https:\/\/ismfrance.org\/index.php\/2022\/07\/31\/tous-a-bruxelles-le-29-octobre-prochain-pour-denoncer-le-mepris-de-lue-pour-les-droits-des-palestiniens\/"},"author":{"name":"mru_01","@id":"https:\/\/ismfrance.org\/#\/schema\/person\/3c411eb72adfaae19c0dca1f41fae01d"},"headline":"Tous \u00e0 Bruxelles le 29 octobre prochain pour d\u00e9noncer le m\u00e9pris de l&rsquo;UE pour les droits des Palestiniens\u00a0!","datePublished":"2022-07-31T09:05:11+00:00","dateModified":"2022-07-31T09:06:13+00:00","mainEntityOfPage":{"@id":"https:\/\/ismfrance.org\/index.php\/2022\/07\/31\/tous-a-bruxelles-le-29-octobre-prochain-pour-denoncer-le-mepris-de-lue-pour-les-droits-des-palestiniens\/"},"wordCount":580,"publisher":{"@id":"https:\/\/ismfrance.org\/#organization"},"image":{"@id":"https:\/\/ismfrance.org\/index.php\/2022\/07\/31\/tous-a-bruxelles-le-29-octobre-prochain-pour-denoncer-le-mepris-de-lue-pour-les-droits-des-palestiniens\/#primaryimage"},"thumbnailUrl":"https:\/\/ismfrance.org\/wp-content\/uploads\/2022\/07\/call-UE.jpg","articleSection":["Actions en cours ou \u00e0 venir","Articles"],"inLanguage":"fr-FR"},{"@type":"WebPage","@id":"https:\/\/ismfrance.org\/index.php\/2022\/07\/31\/tous-a-bruxelles-le-29-octobre-prochain-pour-denoncer-le-mepris-de-lue-pour-les-droits-des-palestiniens\/","url":"https:\/\/ismfrance.org\/index.php\/2022\/07\/31\/tous-a-bruxelles-le-29-octobre-prochain-pour-denoncer-le-mepris-de-lue-pour-les-droits-des-palestiniens\/","name":"Tous \u00e0 Bruxelles le 29 octobre prochain pour d\u00e9noncer le m\u00e9pris de l'UE pour les droits des Palestiniens\u00a0! - International Solidarity Movement - ISM-France","isPartOf":{"@id":"https:\/\/ismfrance.org\/#website"},"primaryImageOfPage":{"@id":"https:\/\/ismfrance.org\/index.php\/2022\/07\/31\/tous-a-bruxelles-le-29-octobre-prochain-pour-denoncer-le-mepris-de-lue-pour-les-droits-des-palestiniens\/#primaryimage"},"image":{"@id":"https:\/\/ismfrance.org\/index.php\/2022\/07\/31\/tous-a-bruxelles-le-29-octobre-prochain-pour-denoncer-le-mepris-de-lue-pour-les-droits-des-palestiniens\/#primaryimage"},"thumbnailUrl":"https:\/\/ismfrance.org\/wp-content\/uploads\/2022\/07\/call-UE.jpg","datePublished":"2022-07-31T09:05:11+00:00","dateModified":"2022-07-31T09:06:13+00:00","breadcrumb":{"@id":"https:\/\/ismfrance.org\/index.php\/2022\/07\/31\/tous-a-bruxelles-le-29-octobre-prochain-pour-denoncer-le-mepris-de-lue-pour-les-droits-des-palestiniens\/#breadcrumb"},"inLanguage":"fr-FR","potentialAction":[{"@type":"ReadAction","target":["https:\/\/ismfrance.org\/index.php\/2022\/07\/31\/tous-a-bruxelles-le-29-octobre-prochain-pour-denoncer-le-mepris-de-lue-pour-les-droits-des-palestiniens\/"]}]},{"@type":"ImageObject","inLanguage":"fr-FR","@id":"https:\/\/ismfrance.org\/index.php\/2022\/07\/31\/tous-a-bruxelles-le-29-octobre-prochain-pour-denoncer-le-mepris-de-lue-pour-les-droits-des-palestiniens\/#primaryimage","url":"https:\/\/ismfrance.org\/wp-content\/uploads\/2022\/07\/call-UE.jpg","contentUrl":"https:\/\/ismfrance.org\/wp-content\/uploads\/2022\/07\/call-UE.jpg","width":1440,"height":810},{"@type":"BreadcrumbList","@id":"https:\/\/ismfrance.org\/index.php\/2022\/07\/31\/tous-a-bruxelles-le-29-octobre-prochain-pour-denoncer-le-mepris-de-lue-pour-les-droits-des-palestiniens\/#breadcrumb","itemListElement":[{"@type":"ListItem","position":1,"name":"Accueil","item":"https:\/\/ismfrance.org\/"},{"@type":"ListItem","position":2,"name":"Tous \u00e0 Bruxelles le 29 octobre prochain pour d\u00e9noncer le m\u00e9pris de l&#8217;UE pour les droits des Palestiniens\u00a0!"}]},{"@type":"WebSite","@id":"https:\/\/ismfrance.org\/#website","url":"https:\/\/ismfrance.org\/","name":"ISM Palestine France","description":"Soutien aux luttes de lib\u00e9ration du peuple palestinien","publisher":{"@id":"https:\/\/ismfrance.org\/#organization"},"potentialAction":[{"@type":"SearchAction","target":{"@type":"EntryPoint","urlTemplate":"https:\/\/ismfrance.org\/?s={search_term_string}"},"query-input":{"@type":"PropertyValueSpecification","valueRequired":true,"valueName":"search_term_string"}}],"inLanguage":"fr-FR"},{"@type":"Organization","@id":"https:\/\/ismfrance.org\/#organization","name":"International Solidarity Movement","url":"https:\/\/ismfrance.org\/","logo":{"@type":"ImageObject","inLanguage":"fr-FR","@id":"https:\/\/ismfrance.org\/#\/schema\/logo\/image\/","url":"https:\/\/ismfrance.org\/wp-content\/uploads\/2020\/12\/00.png","contentUrl":"https:\/\/ismfrance.org\/wp-content\/uploads\/2020\/12\/00.png","width":400,"height":400,"caption":"International Solidarity Movement"},"image":{"@id":"https:\/\/ismfrance.org\/#\/schema\/logo\/image\/"},"sameAs":["https:\/\/x.com\/ISMFRANCE"]},{"@type":"Person","@id":"https:\/\/ismfrance.org\/#\/schema\/person\/3c411eb72adfaae19c0dca1f41fae01d","name":"mru_01","image":{"@type":"ImageObject","inLanguage":"fr-FR","@id":"https:\/\/secure.gravatar.com\/avatar\/3a0be343b445d2ccc79e87444a294fad2b232e90d2051d0e3cc219e1ecd6a330?s=96&d=mm&r=g","url":"https:\/\/secure.gravatar.com\/avatar\/3a0be343b445d2ccc79e87444a294fad2b232e90d2051d0e3cc219e1ecd6a330?s=96&d=mm&r=g","contentUrl":"https:\/\/secure.gravatar.com\/avatar\/3a0be343b445d2ccc79e87444a294fad2b232e90d2051d0e3cc219e1ecd6a330?s=96&d=mm&r=g","caption":"mru_01"},"url":"https:\/\/ismfrance.org\/index.php\/author\/admin02\/"}]}},"_links":{"self":[{"href":"https:\/\/ismfrance.org\/index.php\/wp-json\/wp\/v2\/posts\/3263","targetHints":{"allow":["GET"]}}],"collection":[{"href":"https:\/\/ismfrance.org\/index.php\/wp-json\/wp\/v2\/posts"}],"about":[{"href":"https:\/\/ismfrance.org\/index.php\/wp-json\/wp\/v2\/types\/post"}],"author":[{"embeddable":true,"href":"https:\/\/ismfrance.org\/index.php\/wp-json\/wp\/v2\/users\/3"}],"replies":[{"embeddable":true,"href":"https:\/\/ismfrance.org\/index.php\/wp-json\/wp\/v2\/comments?post=3263"}],"version-history":[{"count":0,"href":"https:\/\/ismfrance.org\/index.php\/wp-json\/wp\/v2\/posts\/3263\/revisions"}],"wp:featuredmedia":[{"embeddable":true,"href":"https:\/\/ismfrance.org\/index.php\/wp-json\/wp\/v2\/media\/3264"}],"wp:attachment":[{"href":"https:\/\/ismfrance.org\/index.php\/wp-json\/wp\/v2\/media?parent=3263"}],"wp:term":[{"taxonomy":"category","embeddable":true,"href":"https:\/\/ismfrance.org\/index.php\/wp-json\/wp\/v2\/categories?post=3263"},{"taxonomy":"post_tag","embeddable":true,"href":"https:\/\/ismfrance.org\/index.php\/wp-json\/wp\/v2\/tags?post=3263"}],"curies":[{"name":"wp","href":"https:\/\/api.w.org\/{rel}","templated":true}]}}