{"id":31199,"date":"2026-09-04T09:57:22","date_gmt":"2026-09-04T07:57:22","guid":{"rendered":"https:\/\/ismfrance.org\/?p=31199"},"modified":"2026-09-04T09:57:22","modified_gmt":"2026-09-04T07:57:22","slug":"comment-la-resistance-de-gaza-a-construit-ses-tunnels-podcast","status":"publish","type":"post","link":"https:\/\/ismfrance.org\/index.php\/2026\/09\/04\/comment-la-resistance-de-gaza-a-construit-ses-tunnels-podcast\/","title":{"rendered":"Comment la r\u00e9sistance de Gaza a construit ses tunnels &#8211; Podcast"},"content":{"rendered":"<p><span style=\"color: #000000;\"><span style=\"font-family: Arial, sans-serif;\"><span style=\"font-size: medium;\"><strong>Eli Gerzon, 1er septembre 2026.<\/strong>&#8211; Pourquoi lire un livre sur le sol et l\u2019architecture ?<\/span><\/span><\/span><\/p>\n<p><span style=\"font-family: Arial, sans-serif;\"><span style=\"font-size: medium;\"><span style=\"color: #000000;\">L\u2019une des raisons, ce sont les tunnels, a expliqu\u00e9 le co-animateur Ali Abunimah lors d\u2019un entretien avec Eyal Weizman, auteur de *<strong><span style=\"color: #0000ff;\"><a style=\"color: #0000ff;\" href=\"https:\/\/www.penguin.co.uk\/books\/463141\/ungrounding-by-weizman-eyal\/9781911717331\">Ungrounding: The Architecture of Genocide<\/a><\/span><\/strong>*, diffus\u00e9 sur la cha\u00eene Youtube de <strong><span style=\"color: #0000ff;\"><a style=\"color: #0000ff;\" href=\"https:\/\/www.youtube.com\/watch?v=-NR7Husbc94\">The Electronic Intifada<\/a><\/span><\/strong> le 27 ao\u00fbt. (de 0.38.38 \u00e0 1.45)<\/span><\/span><\/span><\/p>\n<p><span style=\"font-family: Arial, sans-serif;\"><span style=\"font-size: medium;\"><span style=\"color: #000000;\">Weizman est le fondateur et directeur de <strong><span style=\"color: #0000ff;\"><a style=\"color: #0000ff;\" href=\"https:\/\/forensic-architecture.org\/\">Forensic Architecture<\/a><\/span><\/strong> ainsi que professeur de cultures spatiales et visuelles \u00e0 Goldsmiths, Universit\u00e9 de Londres.<\/span><\/span><\/span><\/p>\n<p><iframe loading=\"lazy\" title=\"Day 1056 | The Architecture of Genocide\" width=\"600\" height=\"338\" src=\"https:\/\/www.youtube.com\/embed\/-NR7Husbc94?feature=oembed\" frameborder=\"0\" allow=\"accelerometer; autoplay; clipboard-write; encrypted-media; gyroscope; picture-in-picture; web-share\" referrerpolicy=\"strict-origin-when-cross-origin\" allowfullscreen><\/iframe><\/p>\n<p><span style=\"color: #000000;\"><span style=\"font-family: Arial, sans-serif;\"><span style=\"font-size: medium;\">Weizman a reconnu que les sujets qu\u2019il \u00e9tudie, tels que \u00ab la composition des sols ou les d\u00e9tails architecturaux \u00bb, peuvent sembler \u00ab un peu pointus \u00bb ou relever d\u2019une approche tr\u00e8s sp\u00e9cialis\u00e9e.<\/span><\/span><\/span><\/p>\n<p><span style=\"color: #000000;\"><span style=\"font-family: Arial, sans-serif;\"><span style=\"font-size: medium;\">\u00ab J\u2019observe la micro-mat\u00e9rialisation de la politique \u00bb, a-t-il d\u00e9clar\u00e9. Il utilise cette approche pour examiner \u00ab la longue dur\u00e9e de l\u2019histoire du colonialisme \u00bb et \u00ab raconter, peut-\u00eatre, une histoire famili\u00e8re sous un angle diff\u00e9rent \u00bb.<\/span><\/span><\/span><\/p>\n<p><span style=\"color: #000000;\"><span style=\"font-family: Arial, sans-serif;\"><span style=\"font-size: medium;\">\u00c0 Gaza, diff\u00e9rents types de sols convergent de mani\u00e8re complexe. Les Palestiniens ont d\u00e9velopp\u00e9 un savoir-faire local sophistiqu\u00e9 pour creuser des puits. Les combattants de la r\u00e9sistance se sont appuy\u00e9s sur ces connaissances pour construire des tunnels essentiels \u00e0 leurs op\u00e9rations.<\/span><\/span><\/span><\/p>\n<p><span style=\"color: #000000;\"><span style=\"font-family: Arial, sans-serif;\"><span style=\"font-size: medium;\">Ces tunnels \u00ab ont permis \u00e0 la r\u00e9sistance de se d\u00e9placer pour poser des explosifs sur les chars, toutes ces choses que notre coll\u00e8gue Jon Elmer nous a montr\u00e9es \u00bb, a pr\u00e9cis\u00e9 Abunimah.<\/span><\/span><\/span><\/p>\n<p><span style=\"color: #000000;\"><span style=\"font-family: Arial, sans-serif;\"><span style=\"font-size: medium;\">Weizman a indiqu\u00e9 avoir beaucoup appris des reportages du co-animateur Jon Elmer et en avoir int\u00e9gr\u00e9 certains \u00e9l\u00e9ments dans son livre.<\/span><\/span><\/span><\/p>\n<p><span style=\"color: #000000;\"><span style=\"font-family: Arial, sans-serif;\"><span style=\"font-size: medium;\">Selon Weizman, Isra\u00ebl a une vision fondamentalement erron\u00e9e de ces tunnels.<\/span><\/span><\/span><\/p>\n<p><span style=\"color: #000000;\"><span style=\"font-family: Arial, sans-serif;\"><span style=\"font-size: medium;\">Isra\u00ebl per\u00e7oit les tunnels de Gaza comme un m\u00e9tro \u2013 un \u00ab syst\u00e8me omnipr\u00e9sent et interconnect\u00e9 \u00bb. Or, pour Weizman, ils ressemblent davantage \u00e0 un r\u00e9seau social.<\/span><\/span><\/span><\/p>\n<p><span style=\"color: #000000;\"><span style=\"font-family: Arial, sans-serif;\"><span style=\"font-size: medium;\">\u00ab Ils relient des personnes de confiance, que ce soit au sein d\u2019une famille ou d\u2019une m\u00eame organisation. C\u2019est une sorte de manifestation mat\u00e9rielle d\u2019un r\u00e9seau social \u00bb, a-t-il expliqu\u00e9.<\/span><\/span><\/span><\/p>\n<p><span style=\"color: #000000;\"><span style=\"font-family: Arial, sans-serif;\"><span style=\"font-size: medium;\">Weizman a affirm\u00e9 que ces tunnels constituent l\u2019un des exemples les plus marquants de l\u2019utilisation de l\u2019architecture comme moyen de r\u00e9sistance au colonialisme.<\/span><\/span><\/span><\/p>\n<p><span style=\"color: #000000;\"><span style=\"font-family: Arial, sans-serif;\"><span style=\"font-size: medium;\"><i>*****<\/i><\/span><\/span><\/span><\/p>\n<div id=\"attachment_31203\" style=\"width: 610px\" class=\"wp-caption alignnone\"><a href=\"https:\/\/ismfrance.org\/wp-content\/uploads\/2026\/09\/hamacom.webp\"><img loading=\"lazy\" decoding=\"async\" aria-describedby=\"caption-attachment-31203\" class=\"wp-image-31203 size-large\" src=\"https:\/\/ismfrance.org\/wp-content\/uploads\/2026\/09\/hamacom-700x387.webp\" alt=\"\" width=\"600\" height=\"332\" srcset=\"https:\/\/ismfrance.org\/wp-content\/uploads\/2026\/09\/hamacom-700x387.webp 700w, https:\/\/ismfrance.org\/wp-content\/uploads\/2026\/09\/hamacom-300x166.webp 300w, https:\/\/ismfrance.org\/wp-content\/uploads\/2026\/09\/hamacom-768x425.webp 768w, https:\/\/ismfrance.org\/wp-content\/uploads\/2026\/09\/hamacom.webp 1456w\" sizes=\"auto, (max-width: 600px) 100vw, 600px\" \/><\/a><p id=\"caption-attachment-31203\" class=\"wp-caption-text\">Membres de l\u2019unit\u00e9 militaire isra\u00e9lienne 2640 \u2013 Uriah (une unit\u00e9 irr\u00e9guli\u00e8re op\u00e9rant sous le commandement de la division de Gaza et dont les missions sont ax\u00e9es sur la d\u00e9molition d\u2019habitations), bande de Gaza. 21 juillet 2025 (journal <a href=\"https:\/\/www.ha-makom.co.il\/\">Ha-Macom<\/a>)<\/p><\/div>\n<p><strong><span style=\"color: #000000;\"><span style=\"font-family: Arial, sans-serif;\"><span style=\"font-size: large;\">\u00ab Le sol de Gaza est d\u00e9sormais un charnier \u00bb<\/span><\/span><\/span><\/strong><\/p>\n<p><span style=\"color: #000000;\"><span style=\"font-family: Arial, sans-serif;\"><span style=\"font-size: medium;\">Pourquoi Isra\u00ebl \u00e9vacue-t-il chaque jour de Gaza des camions remplis de d\u00e9combres \u2014 et, vraisemblablement, de restes humains ?<\/span><\/span><\/span><\/p>\n<p><span style=\"color: #000000;\"><span style=\"font-family: Arial, sans-serif;\"><span style=\"font-size: medium;\">D\u00e9but ao\u00fbt, l\u2019organisation Euro-Med Human Rights Monitor a publi\u00e9 une <\/span><\/span><\/span><span style=\"color: #0000ff;\"><strong><a style=\"color: #0000ff;\" href=\"https:\/\/euromedmonitor.org\/en\/article\/7088\/Israel-wipes-genocide-evidence-in-Gaza,-carting-off-rubble-and-remains-in-100-trucks-daily\"><span style=\"font-family: Arial, sans-serif;\">enqu\u00eate<\/span><\/a><\/strong><\/span><span style=\"color: #000000;\"><span style=\"font-family: Arial, sans-serif;\"><span style=\"font-size: medium;\"> (en fran\u00e7ais sur <strong><span style=\"color: #0000ff;\"><a style=\"color: #0000ff;\" href=\"http:\/\/Isra\u00ebl efface les preuves du g\u00e9nocide \u00e0 Gaza, \u00e9vacuant gravats &amp; restes humains au rythme de 100 camions par jour\">Spirit of Free Speech<\/a><\/span><\/strong>) sur les op\u00e9rations d\u2019envergure et hautement organis\u00e9es men\u00e9es par Isra\u00ebl pour traiter et \u00e9vacuer les d\u00e9combres des quartiers et des installations d\u00e9truits \u00e0 Gaza, afin de les transporter hors du territoire.<\/span><\/span><\/span><\/p>\n<p><span style=\"color: #000000;\"><span style=\"font-family: Arial, sans-serif;\"><span style=\"font-size: medium;\">\u00ab La bande de Gaza occup\u00e9e subit actuellement une transformation radicale du terrain \u2014 ce qu\u2019on appelle le \u00ab\u00a0terraforming\u00a0\u00bb : modification du paysage et de la topographie, effacement des b\u00e2timents et suppression des preuves \u00bb, a d\u00e9clar\u00e9 Weizman.<\/span><\/span><\/span><\/p>\n<p><span style=\"color: #000000;\"><span style=\"font-family: Arial, sans-serif;\"><span style=\"font-size: medium;\">Isra\u00ebl d\u00e9mant\u00e8le des b\u00e2timents et d&rsquo;autres infrastructures tout en \u00e9rigeant des collines et des lev\u00e9es de terre.<\/span><\/span><\/span><\/p>\n<p><span style=\"color: #000000;\"><span style=\"font-family: Arial, sans-serif;\"><span style=\"font-size: medium;\">\u00ab Le sol de Gaza est d\u00e9sormais un charnier. Le terme \u00ab\u00a0preuve\u00a0\u00bb d\u00e9signe une r\u00e9alit\u00e9 bien plus grave : l&rsquo;enl\u00e8vement, le d\u00e9placement et le vol effectifs des corps palestiniens arrach\u00e9s \u00e0 leur terre. L&rsquo;effacement ne se limite pas \u00e0 la destruction d&rsquo;\u00e9l\u00e9ments de preuve destin\u00e9s \u00e0 la justice ; il s&rsquo;agit de d\u00e9truire \u2014 ou de tenter vainement de d\u00e9truire \u2014 la volont\u00e9 de retour. C&rsquo;est une m\u00e9thode utilis\u00e9e de tout temps \u00bb, a expliqu\u00e9 Weizman.<\/span><\/span><\/span><\/p>\n<p><span style=\"color: #000000;\"><span style=\"font-family: Arial, sans-serif;\"><span style=\"font-size: medium;\">Depuis le d\u00e9but de la Nakba en 1947, Isra\u00ebl modifie le paysage de la Palestine dans le cadre de sa politique de colonisation. Ces pratiques incluent notamment la plantation d&rsquo;arbres par le Fonds national juif sur les sites de villages palestiniens afin de les effacer.<\/span><\/span><\/span><\/p>\n<p><span style=\"color: #000000;\"><span style=\"font-family: Arial, sans-serif;\"><span style=\"font-size: medium;\">\u00ab Il s&rsquo;agit d&rsquo;\u00e9liminer les ancrages du retour \u00bb, a affirm\u00e9 Weizman.<\/span><\/span><\/span><\/p>\n<p><span style=\"color: #000000;\"><span style=\"font-family: Arial, sans-serif;\"><span style=\"font-size: medium;\">Il a pr\u00e9cis\u00e9 que certains Palestiniens de Gaza d\u00e9crivent comme une forme de torture le fait de retrouver un paysage familier totalement m\u00e9tamorphos\u00e9.<\/span><\/span><\/span><\/p>\n<p><span style=\"color: #000000;\"><span style=\"font-family: Arial, sans-serif;\"><span style=\"font-size: medium;\">Isra\u00ebl a eu recours \u00e0 de telles tactiques au d\u00e9but du g\u00e9nocide, esp\u00e9rant proc\u00e9der \u00e0 un nettoyage ethnique de l&rsquo;ensemble de Gaza \u00ab tr\u00e8s rapidement, en l&rsquo;espace d&rsquo;un mois \u00bb, a ajout\u00e9 Weizman.<\/span><\/span><\/span><\/p>\n<p><span style=\"color: #000000;\"><span style=\"font-family: Arial, sans-serif;\"><span style=\"font-size: medium;\">\u00ab La ville de Gaza survit gr\u00e2ce au <\/span><span style=\"font-size: medium;\"><i>sumud<\/i><\/span><span style=\"font-size: medium;\"> [d\u00e9termination in\u00e9branlable] h\u00e9ro\u00efque des Palestiniens qui y sont rest\u00e9s sans \u00e9vacuer. Certes, beaucoup sont partis, mais des centaines de milliers sont rest\u00e9s et ont sauv\u00e9 la ville. \u00bb<\/span><\/span><\/span><\/p>\n<p><span style=\"color: #000000;\"><span style=\"font-family: Arial, sans-serif;\"><span style=\"font-size: medium;\"><i>Vous pouvez regarder l&rsquo;\u00e9mission sur <\/i><\/span><\/span><\/span><span style=\"color: #0000ff;\"><strong><a style=\"color: #0000ff;\" href=\"https:\/\/www.youtube.com\/watch?v=-NR7Husbc94\"><span style=\"font-family: Arial, sans-serif;\"><i>YouTube<\/i><\/span><\/a><\/strong><\/span><span style=\"color: #000000;\"><span style=\"font-family: Arial, sans-serif;\"><span style=\"font-size: medium;\"><i>, <\/i><\/span><\/span><\/span><strong><span style=\"color: #0000ff;\"><a style=\"color: #0000ff;\" href=\"https:\/\/rumble.com\/v7eotym-day-1056-the-architecture-of-genocide.html\"><span style=\"font-family: Arial, sans-serif;\"><i>Rumble<\/i><\/span><\/a><\/span><\/strong><span style=\"color: #000000;\"><span style=\"font-family: Arial, sans-serif;\"><span style=\"font-size: medium;\"><i> ou <\/i><\/span><\/span><\/span><strong><span style=\"color: #0000ff;\"><a style=\"color: #0000ff;\" href=\"https:\/\/x.com\/intifada\/status\/2093005633423573393\"><span style=\"font-family: Arial, sans-serif;\"><i>Twitter\/X<\/i><\/span><\/a><\/span><\/strong><span style=\"color: #000000;\"><span style=\"font-family: Arial, sans-serif;\"><span style=\"font-size: medium;\"><i>.<\/i><\/span><\/span><\/span><\/p>\n<p><span style=\"color: #000000;\"><span style=\"font-family: Arial, sans-serif;\"><span style=\"font-size: medium;\"><i>Tamara Nassar a produit et r\u00e9alis\u00e9 l&rsquo;\u00e9mission. Michael F. Brown a apport\u00e9 son aide \u00e0 la pr\u00e9production, et l&rsquo;auteur de ces lignes a contribu\u00e9 \u00e0 la postproduction.<\/i><\/span><\/span><\/span><\/p>\n<p><em><span style=\"color: #000000;\"><span style=\"font-family: Arial, sans-serif;\"><span style=\"font-size: medium;\">Article original en anglais sur <\/span><\/span><\/span><\/em><strong><span style=\"color: #0000ff;\"><em><a style=\"color: #0000ff;\" href=\"https:\/\/electronicintifada.net\/blogs\/eli-gerzon\/livestream-how-gazas-resistance-built-its-tunnels\"><span style=\"font-family: Arial, sans-serif;\">The Electronic Intifada<\/span><\/a><\/em><\/span><\/strong><em><span style=\"color: #000000;\"><span style=\"font-family: Arial, sans-serif;\"><span style=\"font-size: medium;\"> \/ Traduction MR<\/span><\/span><\/span><\/em><\/p>\n","protected":false},"excerpt":{"rendered":"<p>Eli Gerzon, 1er septembre 2026.&#8211; Pourquoi lire un livre sur le sol et l\u2019architecture ? L\u2019une des raisons, ce sont les tunnels, a expliqu\u00e9 le co-animateur Ali Abunimah lors d\u2019un <a class=\"more-link\" href=\"https:\/\/ismfrance.org\/index.php\/2026\/09\/04\/comment-la-resistance-de-gaza-a-construit-ses-tunnels-podcast\/\">Lire la suite &rarr;<\/a><\/p>\n","protected":false},"author":3,"featured_media":31203,"comment_status":"closed","ping_status":"closed","sticky":false,"template":"","format":"standard","meta":{"footnotes":""},"categories":[12,2],"tags":[156,3],"class_list":["post-31199","post","type-post","status-publish","format-standard","has-post-thumbnail","hentry","category-analyses","category-articles","tag-genocide","tag-resistance"],"yoast_head":"<!-- This site is optimized with the Yoast SEO plugin v28.3 - https:\/\/yoast.com\/product\/yoast-seo-wordpress\/ -->\n<title>Comment la r\u00e9sistance de Gaza a construit ses tunnels - Podcast - International Solidarity Movement - ISM-France<\/title>\n<meta name=\"robots\" content=\"index, follow, max-snippet:-1, max-image-preview:large, max-video-preview:-1\" \/>\n<link rel=\"canonical\" href=\"https:\/\/ismfrance.org\/index.php\/2026\/09\/04\/comment-la-resistance-de-gaza-a-construit-ses-tunnels-podcast\/\" \/>\n<meta property=\"og:locale\" content=\"fr_FR\" \/>\n<meta property=\"og:type\" content=\"article\" \/>\n<meta property=\"og:title\" content=\"Comment la r\u00e9sistance de Gaza a construit ses tunnels - Podcast - International Solidarity Movement - ISM-France\" \/>\n<meta property=\"og:description\" content=\"Eli Gerzon, 1er septembre 2026.&#8211; Pourquoi lire un livre sur le sol et l\u2019architecture ? L\u2019une des raisons, ce sont les tunnels, a expliqu\u00e9 le co-animateur Ali Abunimah lors d\u2019un Lire la suite &rarr;\" \/>\n<meta property=\"og:url\" content=\"https:\/\/ismfrance.org\/index.php\/2026\/09\/04\/comment-la-resistance-de-gaza-a-construit-ses-tunnels-podcast\/\" \/>\n<meta property=\"og:site_name\" content=\"International Solidarity Movement - ISM-France\" \/>\n<meta property=\"article:published_time\" content=\"2026-09-04T07:57:22+00:00\" \/>\n<meta property=\"og:image\" content=\"https:\/\/ismfrance.org\/wp-content\/uploads\/2026\/09\/hamacom.webp\" \/>\n\t<meta property=\"og:image:width\" content=\"1456\" \/>\n\t<meta property=\"og:image:height\" content=\"805\" \/>\n\t<meta property=\"og:image:type\" content=\"image\/webp\" \/>\n<meta name=\"author\" content=\"mru_01\" \/>\n<meta name=\"twitter:card\" content=\"summary_large_image\" \/>\n<meta name=\"twitter:creator\" content=\"@ISMFRANCE\" \/>\n<meta name=\"twitter:site\" content=\"@ISMFRANCE\" \/>\n<meta name=\"twitter:label1\" content=\"\u00c9crit par\" \/>\n\t<meta name=\"twitter:data1\" content=\"mru_01\" \/>\n\t<meta name=\"twitter:label2\" content=\"Dur\u00e9e de lecture estim\u00e9e\" \/>\n\t<meta name=\"twitter:data2\" content=\"5 minutes\" \/>\n<script type=\"application\/ld+json\" class=\"yoast-schema-graph\">{\"@context\":\"https:\\\/\\\/schema.org\",\"@graph\":[{\"@type\":\"Article\",\"@id\":\"https:\\\/\\\/ismfrance.org\\\/index.php\\\/2026\\\/09\\\/04\\\/comment-la-resistance-de-gaza-a-construit-ses-tunnels-podcast\\\/#article\",\"isPartOf\":{\"@id\":\"https:\\\/\\\/ismfrance.org\\\/index.php\\\/2026\\\/09\\\/04\\\/comment-la-resistance-de-gaza-a-construit-ses-tunnels-podcast\\\/\"},\"author\":{\"name\":\"mru_01\",\"@id\":\"https:\\\/\\\/ismfrance.org\\\/#\\\/schema\\\/person\\\/3c411eb72adfaae19c0dca1f41fae01d\"},\"headline\":\"Comment la r\u00e9sistance de Gaza a construit ses tunnels &#8211; Podcast\",\"datePublished\":\"2026-09-04T07:57:22+00:00\",\"mainEntityOfPage\":{\"@id\":\"https:\\\/\\\/ismfrance.org\\\/index.php\\\/2026\\\/09\\\/04\\\/comment-la-resistance-de-gaza-a-construit-ses-tunnels-podcast\\\/\"},\"wordCount\":878,\"publisher\":{\"@id\":\"https:\\\/\\\/ismfrance.org\\\/#organization\"},\"image\":{\"@id\":\"https:\\\/\\\/ismfrance.org\\\/index.php\\\/2026\\\/09\\\/04\\\/comment-la-resistance-de-gaza-a-construit-ses-tunnels-podcast\\\/#primaryimage\"},\"thumbnailUrl\":\"https:\\\/\\\/ismfrance.org\\\/wp-content\\\/uploads\\\/2026\\\/09\\\/hamacom.webp\",\"keywords\":[\"G\u00e9nocide\",\"R\u00e9sistance\"],\"articleSection\":[\"Analyses\",\"Articles\"],\"inLanguage\":\"fr-FR\"},{\"@type\":\"WebPage\",\"@id\":\"https:\\\/\\\/ismfrance.org\\\/index.php\\\/2026\\\/09\\\/04\\\/comment-la-resistance-de-gaza-a-construit-ses-tunnels-podcast\\\/\",\"url\":\"https:\\\/\\\/ismfrance.org\\\/index.php\\\/2026\\\/09\\\/04\\\/comment-la-resistance-de-gaza-a-construit-ses-tunnels-podcast\\\/\",\"name\":\"Comment la r\u00e9sistance de Gaza a construit ses tunnels - Podcast - International Solidarity Movement - ISM-France\",\"isPartOf\":{\"@id\":\"https:\\\/\\\/ismfrance.org\\\/#website\"},\"primaryImageOfPage\":{\"@id\":\"https:\\\/\\\/ismfrance.org\\\/index.php\\\/2026\\\/09\\\/04\\\/comment-la-resistance-de-gaza-a-construit-ses-tunnels-podcast\\\/#primaryimage\"},\"image\":{\"@id\":\"https:\\\/\\\/ismfrance.org\\\/index.php\\\/2026\\\/09\\\/04\\\/comment-la-resistance-de-gaza-a-construit-ses-tunnels-podcast\\\/#primaryimage\"},\"thumbnailUrl\":\"https:\\\/\\\/ismfrance.org\\\/wp-content\\\/uploads\\\/2026\\\/09\\\/hamacom.webp\",\"datePublished\":\"2026-09-04T07:57:22+00:00\",\"breadcrumb\":{\"@id\":\"https:\\\/\\\/ismfrance.org\\\/index.php\\\/2026\\\/09\\\/04\\\/comment-la-resistance-de-gaza-a-construit-ses-tunnels-podcast\\\/#breadcrumb\"},\"inLanguage\":\"fr-FR\",\"potentialAction\":[{\"@type\":\"ReadAction\",\"target\":[\"https:\\\/\\\/ismfrance.org\\\/index.php\\\/2026\\\/09\\\/04\\\/comment-la-resistance-de-gaza-a-construit-ses-tunnels-podcast\\\/\"]}]},{\"@type\":\"ImageObject\",\"inLanguage\":\"fr-FR\",\"@id\":\"https:\\\/\\\/ismfrance.org\\\/index.php\\\/2026\\\/09\\\/04\\\/comment-la-resistance-de-gaza-a-construit-ses-tunnels-podcast\\\/#primaryimage\",\"url\":\"https:\\\/\\\/ismfrance.org\\\/wp-content\\\/uploads\\\/2026\\\/09\\\/hamacom.webp\",\"contentUrl\":\"https:\\\/\\\/ismfrance.org\\\/wp-content\\\/uploads\\\/2026\\\/09\\\/hamacom.webp\",\"width\":1456,\"height\":805},{\"@type\":\"BreadcrumbList\",\"@id\":\"https:\\\/\\\/ismfrance.org\\\/index.php\\\/2026\\\/09\\\/04\\\/comment-la-resistance-de-gaza-a-construit-ses-tunnels-podcast\\\/#breadcrumb\",\"itemListElement\":[{\"@type\":\"ListItem\",\"position\":1,\"name\":\"Accueil\",\"item\":\"https:\\\/\\\/ismfrance.org\\\/\"},{\"@type\":\"ListItem\",\"position\":2,\"name\":\"Comment la r\u00e9sistance de Gaza a construit ses tunnels &#8211; Podcast\"}]},{\"@type\":\"WebSite\",\"@id\":\"https:\\\/\\\/ismfrance.org\\\/#website\",\"url\":\"https:\\\/\\\/ismfrance.org\\\/\",\"name\":\"ISM Palestine France\",\"description\":\"Soutien aux luttes de lib\u00e9ration du peuple palestinien\",\"publisher\":{\"@id\":\"https:\\\/\\\/ismfrance.org\\\/#organization\"},\"potentialAction\":[{\"@type\":\"SearchAction\",\"target\":{\"@type\":\"EntryPoint\",\"urlTemplate\":\"https:\\\/\\\/ismfrance.org\\\/?s={search_term_string}\"},\"query-input\":{\"@type\":\"PropertyValueSpecification\",\"valueRequired\":true,\"valueName\":\"search_term_string\"}}],\"inLanguage\":\"fr-FR\"},{\"@type\":\"Organization\",\"@id\":\"https:\\\/\\\/ismfrance.org\\\/#organization\",\"name\":\"International Solidarity Movement\",\"url\":\"https:\\\/\\\/ismfrance.org\\\/\",\"logo\":{\"@type\":\"ImageObject\",\"inLanguage\":\"fr-FR\",\"@id\":\"https:\\\/\\\/ismfrance.org\\\/#\\\/schema\\\/logo\\\/image\\\/\",\"url\":\"https:\\\/\\\/ismfrance.org\\\/wp-content\\\/uploads\\\/2020\\\/12\\\/00.png\",\"contentUrl\":\"https:\\\/\\\/ismfrance.org\\\/wp-content\\\/uploads\\\/2020\\\/12\\\/00.png\",\"width\":400,\"height\":400,\"caption\":\"International Solidarity Movement\"},\"image\":{\"@id\":\"https:\\\/\\\/ismfrance.org\\\/#\\\/schema\\\/logo\\\/image\\\/\"},\"sameAs\":[\"https:\\\/\\\/x.com\\\/ISMFRANCE\"]},{\"@type\":\"Person\",\"@id\":\"https:\\\/\\\/ismfrance.org\\\/#\\\/schema\\\/person\\\/3c411eb72adfaae19c0dca1f41fae01d\",\"name\":\"mru_01\",\"image\":{\"@type\":\"ImageObject\",\"inLanguage\":\"fr-FR\",\"@id\":\"https:\\\/\\\/secure.gravatar.com\\\/avatar\\\/3a0be343b445d2ccc79e87444a294fad2b232e90d2051d0e3cc219e1ecd6a330?s=96&d=mm&r=g\",\"url\":\"https:\\\/\\\/secure.gravatar.com\\\/avatar\\\/3a0be343b445d2ccc79e87444a294fad2b232e90d2051d0e3cc219e1ecd6a330?s=96&d=mm&r=g\",\"contentUrl\":\"https:\\\/\\\/secure.gravatar.com\\\/avatar\\\/3a0be343b445d2ccc79e87444a294fad2b232e90d2051d0e3cc219e1ecd6a330?s=96&d=mm&r=g\",\"caption\":\"mru_01\"},\"url\":\"https:\\\/\\\/ismfrance.org\\\/index.php\\\/author\\\/admin02\\\/\"}]}<\/script>\n<!-- \/ Yoast SEO plugin. -->","yoast_head_json":{"title":"Comment la r\u00e9sistance de Gaza a construit ses tunnels - Podcast - International Solidarity Movement - ISM-France","robots":{"index":"index","follow":"follow","max-snippet":"max-snippet:-1","max-image-preview":"max-image-preview:large","max-video-preview":"max-video-preview:-1"},"canonical":"https:\/\/ismfrance.org\/index.php\/2026\/09\/04\/comment-la-resistance-de-gaza-a-construit-ses-tunnels-podcast\/","og_locale":"fr_FR","og_type":"article","og_title":"Comment la r\u00e9sistance de Gaza a construit ses tunnels - Podcast - International Solidarity Movement - ISM-France","og_description":"Eli Gerzon, 1er septembre 2026.&#8211; Pourquoi lire un livre sur le sol et l\u2019architecture ? L\u2019une des raisons, ce sont les tunnels, a expliqu\u00e9 le co-animateur Ali Abunimah lors d\u2019un Lire la suite &rarr;","og_url":"https:\/\/ismfrance.org\/index.php\/2026\/09\/04\/comment-la-resistance-de-gaza-a-construit-ses-tunnels-podcast\/","og_site_name":"International Solidarity Movement - ISM-France","article_published_time":"2026-09-04T07:57:22+00:00","og_image":[{"width":1456,"height":805,"url":"https:\/\/ismfrance.org\/wp-content\/uploads\/2026\/09\/hamacom.webp","type":"image\/webp"}],"author":"mru_01","twitter_card":"summary_large_image","twitter_creator":"@ISMFRANCE","twitter_site":"@ISMFRANCE","twitter_misc":{"\u00c9crit par":"mru_01","Dur\u00e9e de lecture estim\u00e9e":"5 minutes"},"schema":{"@context":"https:\/\/schema.org","@graph":[{"@type":"Article","@id":"https:\/\/ismfrance.org\/index.php\/2026\/09\/04\/comment-la-resistance-de-gaza-a-construit-ses-tunnels-podcast\/#article","isPartOf":{"@id":"https:\/\/ismfrance.org\/index.php\/2026\/09\/04\/comment-la-resistance-de-gaza-a-construit-ses-tunnels-podcast\/"},"author":{"name":"mru_01","@id":"https:\/\/ismfrance.org\/#\/schema\/person\/3c411eb72adfaae19c0dca1f41fae01d"},"headline":"Comment la r\u00e9sistance de Gaza a construit ses tunnels &#8211; Podcast","datePublished":"2026-09-04T07:57:22+00:00","mainEntityOfPage":{"@id":"https:\/\/ismfrance.org\/index.php\/2026\/09\/04\/comment-la-resistance-de-gaza-a-construit-ses-tunnels-podcast\/"},"wordCount":878,"publisher":{"@id":"https:\/\/ismfrance.org\/#organization"},"image":{"@id":"https:\/\/ismfrance.org\/index.php\/2026\/09\/04\/comment-la-resistance-de-gaza-a-construit-ses-tunnels-podcast\/#primaryimage"},"thumbnailUrl":"https:\/\/ismfrance.org\/wp-content\/uploads\/2026\/09\/hamacom.webp","keywords":["G\u00e9nocide","R\u00e9sistance"],"articleSection":["Analyses","Articles"],"inLanguage":"fr-FR"},{"@type":"WebPage","@id":"https:\/\/ismfrance.org\/index.php\/2026\/09\/04\/comment-la-resistance-de-gaza-a-construit-ses-tunnels-podcast\/","url":"https:\/\/ismfrance.org\/index.php\/2026\/09\/04\/comment-la-resistance-de-gaza-a-construit-ses-tunnels-podcast\/","name":"Comment la r\u00e9sistance de Gaza a construit ses tunnels - Podcast - International Solidarity Movement - ISM-France","isPartOf":{"@id":"https:\/\/ismfrance.org\/#website"},"primaryImageOfPage":{"@id":"https:\/\/ismfrance.org\/index.php\/2026\/09\/04\/comment-la-resistance-de-gaza-a-construit-ses-tunnels-podcast\/#primaryimage"},"image":{"@id":"https:\/\/ismfrance.org\/index.php\/2026\/09\/04\/comment-la-resistance-de-gaza-a-construit-ses-tunnels-podcast\/#primaryimage"},"thumbnailUrl":"https:\/\/ismfrance.org\/wp-content\/uploads\/2026\/09\/hamacom.webp","datePublished":"2026-09-04T07:57:22+00:00","breadcrumb":{"@id":"https:\/\/ismfrance.org\/index.php\/2026\/09\/04\/comment-la-resistance-de-gaza-a-construit-ses-tunnels-podcast\/#breadcrumb"},"inLanguage":"fr-FR","potentialAction":[{"@type":"ReadAction","target":["https:\/\/ismfrance.org\/index.php\/2026\/09\/04\/comment-la-resistance-de-gaza-a-construit-ses-tunnels-podcast\/"]}]},{"@type":"ImageObject","inLanguage":"fr-FR","@id":"https:\/\/ismfrance.org\/index.php\/2026\/09\/04\/comment-la-resistance-de-gaza-a-construit-ses-tunnels-podcast\/#primaryimage","url":"https:\/\/ismfrance.org\/wp-content\/uploads\/2026\/09\/hamacom.webp","contentUrl":"https:\/\/ismfrance.org\/wp-content\/uploads\/2026\/09\/hamacom.webp","width":1456,"height":805},{"@type":"BreadcrumbList","@id":"https:\/\/ismfrance.org\/index.php\/2026\/09\/04\/comment-la-resistance-de-gaza-a-construit-ses-tunnels-podcast\/#breadcrumb","itemListElement":[{"@type":"ListItem","position":1,"name":"Accueil","item":"https:\/\/ismfrance.org\/"},{"@type":"ListItem","position":2,"name":"Comment la r\u00e9sistance de Gaza a construit ses tunnels &#8211; Podcast"}]},{"@type":"WebSite","@id":"https:\/\/ismfrance.org\/#website","url":"https:\/\/ismfrance.org\/","name":"ISM Palestine France","description":"Soutien aux luttes de lib\u00e9ration du peuple palestinien","publisher":{"@id":"https:\/\/ismfrance.org\/#organization"},"potentialAction":[{"@type":"SearchAction","target":{"@type":"EntryPoint","urlTemplate":"https:\/\/ismfrance.org\/?s={search_term_string}"},"query-input":{"@type":"PropertyValueSpecification","valueRequired":true,"valueName":"search_term_string"}}],"inLanguage":"fr-FR"},{"@type":"Organization","@id":"https:\/\/ismfrance.org\/#organization","name":"International Solidarity Movement","url":"https:\/\/ismfrance.org\/","logo":{"@type":"ImageObject","inLanguage":"fr-FR","@id":"https:\/\/ismfrance.org\/#\/schema\/logo\/image\/","url":"https:\/\/ismfrance.org\/wp-content\/uploads\/2020\/12\/00.png","contentUrl":"https:\/\/ismfrance.org\/wp-content\/uploads\/2020\/12\/00.png","width":400,"height":400,"caption":"International Solidarity Movement"},"image":{"@id":"https:\/\/ismfrance.org\/#\/schema\/logo\/image\/"},"sameAs":["https:\/\/x.com\/ISMFRANCE"]},{"@type":"Person","@id":"https:\/\/ismfrance.org\/#\/schema\/person\/3c411eb72adfaae19c0dca1f41fae01d","name":"mru_01","image":{"@type":"ImageObject","inLanguage":"fr-FR","@id":"https:\/\/secure.gravatar.com\/avatar\/3a0be343b445d2ccc79e87444a294fad2b232e90d2051d0e3cc219e1ecd6a330?s=96&d=mm&r=g","url":"https:\/\/secure.gravatar.com\/avatar\/3a0be343b445d2ccc79e87444a294fad2b232e90d2051d0e3cc219e1ecd6a330?s=96&d=mm&r=g","contentUrl":"https:\/\/secure.gravatar.com\/avatar\/3a0be343b445d2ccc79e87444a294fad2b232e90d2051d0e3cc219e1ecd6a330?s=96&d=mm&r=g","caption":"mru_01"},"url":"https:\/\/ismfrance.org\/index.php\/author\/admin02\/"}]}},"_links":{"self":[{"href":"https:\/\/ismfrance.org\/index.php\/wp-json\/wp\/v2\/posts\/31199","targetHints":{"allow":["GET"]}}],"collection":[{"href":"https:\/\/ismfrance.org\/index.php\/wp-json\/wp\/v2\/posts"}],"about":[{"href":"https:\/\/ismfrance.org\/index.php\/wp-json\/wp\/v2\/types\/post"}],"author":[{"embeddable":true,"href":"https:\/\/ismfrance.org\/index.php\/wp-json\/wp\/v2\/users\/3"}],"replies":[{"embeddable":true,"href":"https:\/\/ismfrance.org\/index.php\/wp-json\/wp\/v2\/comments?post=31199"}],"version-history":[{"count":5,"href":"https:\/\/ismfrance.org\/index.php\/wp-json\/wp\/v2\/posts\/31199\/revisions"}],"predecessor-version":[{"id":31205,"href":"https:\/\/ismfrance.org\/index.php\/wp-json\/wp\/v2\/posts\/31199\/revisions\/31205"}],"wp:featuredmedia":[{"embeddable":true,"href":"https:\/\/ismfrance.org\/index.php\/wp-json\/wp\/v2\/media\/31203"}],"wp:attachment":[{"href":"https:\/\/ismfrance.org\/index.php\/wp-json\/wp\/v2\/media?parent=31199"}],"wp:term":[{"taxonomy":"category","embeddable":true,"href":"https:\/\/ismfrance.org\/index.php\/wp-json\/wp\/v2\/categories?post=31199"},{"taxonomy":"post_tag","embeddable":true,"href":"https:\/\/ismfrance.org\/index.php\/wp-json\/wp\/v2\/tags?post=31199"}],"curies":[{"name":"wp","href":"https:\/\/api.w.org\/{rel}","templated":true}]}}