{"id":31175,"date":"2026-09-03T09:43:54","date_gmt":"2026-09-03T07:43:54","guid":{"rendered":"https:\/\/ismfrance.org\/?p=31175"},"modified":"2026-09-03T09:49:21","modified_gmt":"2026-09-03T07:49:21","slug":"temoignages-de-gazaouis-la-survie-qui-sorganise-au-jour-le-jour-dans-lenfer-de-gaza-partie-742-2-9-prendre-soin-de-son-coeur-les-smartphones-entre-util","status":"publish","type":"post","link":"https:\/\/ismfrance.org\/index.php\/2026\/09\/03\/temoignages-de-gazaouis-la-survie-qui-sorganise-au-jour-le-jour-dans-lenfer-de-gaza-partie-742-2-9-prendre-soin-de-son-coeur-les-smartphones-entre-util\/","title":{"rendered":"T\u00e9moignages de Gazaouis : La survie qui s\u2019organise au jour le jour dans l\u2019enfer de Gaza \u2013 partie 742 \/ 2.9 \u2013\u00a0Prendre soin de son c\u0153ur \/ Les smartphones entre utilit\u00e9 et risques"},"content":{"rendered":"<p><span style=\"color: #000000;\"><span style=\"font-family: Arial, sans-serif;\"><span style=\"font-size: medium;\"><strong>Brigitte Challande, 3 septembre 2026<\/strong>. Compte rendu hebdomadaire du soutien psychologique pour les femmes, d\u00e9but septembre 2026.<\/span><\/span><\/span><\/p>\n<p><span style=\"color: #000000;\"><span style=\"font-family: Arial, sans-serif;\"><span style=\"font-size: medium;\">\u00ab\u00a0<strong><span style=\"font-size: large;\">Dans le camp d\u2019Al-Israa, 20 femmes d\u00e9plac\u00e9es trouvent un espace d\u2019espoir\u00a0: quand une femme prend soin de son c\u0153ur<\/span><\/strong><\/span><\/span><\/span><\/p>\n<p><span style=\"color: #000000;\"><span style=\"font-family: Arial, sans-serif;\"><span style=\"font-size: medium;\">Dans les camps de d\u00e9placement, les souffrances des femmes ne commencent pas par un seul \u00e9v\u00e9nement, mais s\u2019accumulent jour apr\u00e8s jour. Entre la gestion des affaires familiales, la prise en charge des enfants et la recherche des besoins essentiels, la femme d\u00e9plac\u00e9e vit sous une pression constante qui laisse des traces sur son corps, son esprit et ses \u00e9motions. Au milieu de toutes ces responsabilit\u00e9s, les femmes placent souvent leurs besoins personnels au dernier rang des priorit\u00e9s.<\/span><\/span><\/span><\/p>\n<p><a href=\"https:\/\/ismfrance.org\/wp-content\/uploads\/2026\/09\/al-israa1.jpg\"><img loading=\"lazy\" decoding=\"async\" class=\"alignnone size-large wp-image-31184\" src=\"https:\/\/ismfrance.org\/wp-content\/uploads\/2026\/09\/al-israa1-700x525.jpg\" alt=\"\" width=\"600\" height=\"450\" srcset=\"https:\/\/ismfrance.org\/wp-content\/uploads\/2026\/09\/al-israa1-700x525.jpg 700w, https:\/\/ismfrance.org\/wp-content\/uploads\/2026\/09\/al-israa1-300x225.jpg 300w, https:\/\/ismfrance.org\/wp-content\/uploads\/2026\/09\/al-israa1-768x576.jpg 768w, https:\/\/ismfrance.org\/wp-content\/uploads\/2026\/09\/al-israa1-1536x1152.jpg 1536w, https:\/\/ismfrance.org\/wp-content\/uploads\/2026\/09\/al-israa1-350x263.jpg 350w, https:\/\/ismfrance.org\/wp-content\/uploads\/2026\/09\/al-israa1.jpg 1600w\" sizes=\"auto, (max-width: 600px) 100vw, 600px\" \/><\/a><\/p>\n<p><span style=\"color: #000000;\"><span style=\"font-family: Arial, sans-serif;\"><span style=\"font-size: medium;\">Le repos devient quelque chose que l\u2019on remet \u00e0 plus tard, la fatigue s\u2019int\u00e8gre \u00e0 la routine quotidienne, les \u00e9motions refoul\u00e9es restent pr\u00e9sentes sans espace d\u2019expression. D\u2019o\u00f9l\u2019importance de cr\u00e9er des espaces s\u00fbrs o\u00f9 les femmes peuvent s\u2019arr\u00eater un moment, respirer, parler de ce qu\u2019elles ressentent et retrouver une partie de leur \u00e9nergie psychologique.<\/span><\/span><\/span><\/p>\n<p><span style=\"color: #000000;\"><span style=\"font-family: Arial, sans-serif;\"><span style=\"font-size: medium;\">La s\u00e9ance\u00a0<b>: <\/b><strong>Mon c\u0153ur m\u00e9rite d\u2019\u00eatre pris en charge : des femmes plus fortes, soutien et espoir<\/strong> a \u00e9t\u00e9 organis\u00e9 par l\u2019UJFP. Au d\u00e9but de la rencontre, les participantes ont \u00e9t\u00e9 invit\u00e9es \u00e0 parler de leur r\u00e9alit\u00e9 quotidienne et des responsabilit\u00e9s et pressions constantes qui l\u2019accompagnent. Les femmes ont parl\u00e9 de la fatigue qui s\u2019accumule au fil des jours et de la difficult\u00e9 \u00e0 trouver du temps pour elles-m\u00eames au milieu des besoins de la famille et des enfants. \u00c0 travers le dialogue, les participantes ont commenc\u00e9 \u00e0 revoir leur conception du <b>prendre soin de soi<\/b>, en s\u2019\u00e9loignant de l\u2019id\u00e9e selon laquelle il s\u2019agirait d\u2019une question secondaire ou d\u2019un luxe incompatible avec les circonstances difficiles. La s\u00e9ance a soulign\u00e9 qu\u2019une femme qui s\u2019accorde un espace pour se reposer, se lib\u00e9rer psychologiquement est capable de faire face \u00e0 ses responsabilit\u00e9s quotidiennes.<\/span><\/span><\/span><\/p>\n<p><span style=\"color: #000000;\"><span style=\"font-family: Arial, sans-serif;\"><span style=\"font-size: medium;\">Au cours de l\u2019atelier, les participantes sont pass\u00e9es \u00e0 la <b>premi\u00e8re activit\u00e9 de soutien psychologique et de d\u00e9compression<\/b>, qui leur a offert un espace calme pour exprimer leurs \u00e9motions et parler des pressions qu\u2019elles portent en elles. L\u2019activit\u00e9 a contribu\u00e9 \u00e0 briser la barri\u00e8re du silence et a encourag\u00e9 les femmes \u00e0 partager leurs \u00e9motions et leurs exp\u00e9riences dans une atmosph\u00e8re fond\u00e9e sur l\u2019\u00e9coute et l\u2019acceptation.<\/span><\/span><\/span><\/p>\n<p><span style=\"color: #000000;\"><span style=\"font-family: Arial, sans-serif;\"><span style=\"font-size: medium;\">Les femmes ont particip\u00e9 \u00e0 l\u2019activit\u00e9 en partageant des situations et des exp\u00e9riences li\u00e9es \u00e0 leur vie quotidienne et aux charges psychologiques accumul\u00e9es du fait des conditions de d\u00e9placement.<\/span><\/span><\/span><\/p>\n<p><span style=\"color: #000000;\"><span style=\"font-family: Arial, sans-serif;\"><span style=\"font-size: medium;\">Leurs \u00e9motions similaires, malgr\u00e9 les diff\u00e9rences entre leurs histoires personnelles a contribu\u00e9 \u00e0 att\u00e9nuer le sentiment d\u2019isolement\u00a0: demander du soutien ex,primer ses \u00e9motions ne constitue pas une faiblesse.<\/span><\/span><\/span><\/p>\n<p><span style=\"color: #000000;\"><span style=\"font-family: Arial, sans-serif;\"><span style=\"font-size: medium;\">L\u2019atelier s\u2019est ensuite concentr\u00e9 sur le concept de <b>soins personnels<\/b>, consid\u00e9r\u00e9s comme un ensemble de pratiques simples qui aident les femmes \u00e0 retrouver un certain \u00e9quilibre psychologique. L\u2019importance d\u2019\u00eatre attentive aux signaux envoy\u00e9s par le corps et l\u2019esprit lorsque la fatigue et le stress s\u2019accumulent a \u00e9galement \u00e9t\u00e9 soulign\u00e9e. Ne pas garder constamment ses \u00e9motions pour soi et disposer de personnes de confiance avec lesquelles il est possible de parler lorsqu\u2019on ressent de la pression ou de l\u2019\u00e9puisement.<\/span><\/span><\/span><\/p>\n<p><a href=\"https:\/\/ismfrance.org\/wp-content\/uploads\/2026\/09\/al-israa2.jpg\"><img loading=\"lazy\" decoding=\"async\" class=\"alignnone size-large wp-image-31185\" src=\"https:\/\/ismfrance.org\/wp-content\/uploads\/2026\/09\/al-israa2-700x525.jpg\" alt=\"\" width=\"600\" height=\"450\" srcset=\"https:\/\/ismfrance.org\/wp-content\/uploads\/2026\/09\/al-israa2-700x525.jpg 700w, https:\/\/ismfrance.org\/wp-content\/uploads\/2026\/09\/al-israa2-300x225.jpg 300w, https:\/\/ismfrance.org\/wp-content\/uploads\/2026\/09\/al-israa2-768x576.jpg 768w, https:\/\/ismfrance.org\/wp-content\/uploads\/2026\/09\/al-israa2-1536x1152.jpg 1536w, https:\/\/ismfrance.org\/wp-content\/uploads\/2026\/09\/al-israa2-350x263.jpg 350w, https:\/\/ismfrance.org\/wp-content\/uploads\/2026\/09\/al-israa2.jpg 2048w\" sizes=\"auto, (max-width: 600px) 100vw, 600px\" \/><\/a><\/p>\n<p><span style=\"color: #000000;\"><span style=\"font-family: Arial, sans-serif;\"><span style=\"font-size: medium;\">L\u2019atelier est ensuite pass\u00e9 \u00e0 la deuxi\u00e8me activit\u00e9 de soutien psychologique, qui s\u2019est concentr\u00e9e sur le <strong>renforcement des \u00e9motions positives et l\u2019identification des sources de force<\/strong> chez les participantes. Au cours de cette activit\u00e9, les femmes ont \u00e9voqu\u00e9 des situations et des exp\u00e9riences qui leur avaient permis de surmonter des moments difficiles, malgr\u00e9 la duret\u00e9 des circonstances qui les entouraient. Le fait de revenir sur ces exp\u00e9riences a permis de mettre en lumi\u00e8re les capacit\u00e9s des femmes, auxquelles elles ne pr\u00eatent parfois pas attention au milieu de leurs pr\u00e9occupations quotidiennes. \u00c0 travers cette activit\u00e9, la s\u00e9ance est pass\u00e9e d\u2019un espace consacr\u00e9 \u00e0 la discussion des pressions \u00e0 un espace permettant de d\u00e9couvrir les sources de force et d\u2019espoir.<\/span><\/span><\/span><\/p>\n<p><span style=\"color: #000000;\"><span style=\"font-family: Arial, sans-serif;\"><span style=\"font-size: medium;\">L\u2019atelier a \u00e9galement abord\u00e9 l\u2019importance des relations de soutien au sein de la communaut\u00e9 et le r\u00f4le des femmes dans le soutien qu\u2019elles peuvent s\u2019apporter les unes aux autres. La s\u00e9ance a encourag\u00e9 les femmes \u00e0 construire des relations fond\u00e9es sur l\u2019empathie, l\u2019\u00e9coute et le soutien mutuel. Dans ce contexte, l\u2019une des participantes a parl\u00e9 de son exp\u00e9rience en d\u00e9clarant qu\u2019en raison de la multitude des responsabilit\u00e9s quotidiennes, elle avait pris l\u2019habitude de se placer elle-m\u00eame et sa sant\u00e9 \u00e0 la fin de sa liste de priorit\u00e9s. Elle a expliqu\u00e9 que la s\u00e9ance lui avait rappel\u00e9 que prendre soin de la famille commence \u00e9galement par prendre soin de soi et que prendre soin de son c\u0153ur et de son bien-\u00eatre l\u2019aide \u00e0 continuer \u00e0 s\u2019occuper de ses enfants et de son foyer.<\/span><\/span><\/span><\/p>\n<p><span style=\"color: #000000;\"><span style=\"font-family: Arial, sans-serif;\"><span style=\"font-size: medium;\">Une autre participante a, exprim\u00e9 qu\u2019apr\u00e8s la fin de l\u2019atelier, elle avait le sentiment d\u2019avoir retrouv\u00e9 une part d\u2019espoir et d\u2019\u00e9nergie, qu\u2019\u00e0 travers les \u00e9changes avec les autres femmes, elle avait compris qu\u2019elle n\u2019\u00e9tait pas seule face \u00e0 ces \u00e9motions et que les femmes pouvaient puiser leur force les unes aupr\u00e8s des autres. L\u2019atelier a \u00e9galement soulign\u00e9 que le soutien psychologique ne devrait pas se limiter \u00e0 la gestion des crises apr\u00e8s leur apparition, mais qu\u2019il devrait \u00e9galement inclure le renforcement de la capacit\u00e9 \u00e0 s\u2019adapter et \u00e0 faire face aux pressions avant qu\u2019elles ne s\u2019aggravent.<\/span><\/span><\/span><\/p>\n<p><span style=\"color: #000000;\"><span style=\"font-family: Arial, sans-serif;\"><span style=\"font-size: medium;\">D\u2019un autre c\u00f4t\u00e9, la s\u00e9ance s\u2019est concentr\u00e9e sur l\u2019importance de l\u2019espoir en tant que source permettant aux femmes de poursuivre leur vie quotidienne. L\u2019espoir n\u2019a pas \u00e9t\u00e9 pr\u00e9sent\u00e9 comme une mani\u00e8re d\u2019ignorer la r\u00e9alit\u00e9 difficile, mais comme la capacit\u00e9 \u00e0 rechercher un sens et une motivation pour continuer malgr\u00e9 les circonstances. Les participantes ont \u00e9galement discut\u00e9 de l\u2019importance de c\u00e9l\u00e9brer les petites r\u00e9ussites et de ne pas minimiser la valeur des efforts quotidiens d\u00e9ploy\u00e9s par les femmes pour prendre soin de leur famille et pr\u00e9server sa coh\u00e9sion.<\/span><\/span><\/span><\/p>\n<p><span style=\"color: #000000;\"><span style=\"font-family: Arial, sans-serif;\"><span style=\"font-size: medium;\">Les participantes ont affirm\u00e9 que ces pratiques simples pouvaient leur offrir un espace pour retrouver leur \u00e9quilibre au milieu des pressions de la vie quotidienne.<\/span><\/span><\/span><\/p>\n<p><span style=\"color: #000000;\"><span style=\"font-family: Arial, sans-serif;\"><span style=\"font-size: medium;\">De son c\u00f4t\u00e9, l\u2019UJFP continue, \u00e0 travers l\u2019Unit\u00e9 de travail de terrain, \u00e0 mettre en \u0153uvre des activit\u00e9s qui r\u00e9pondent aux besoins psychologiques et sociaux des femmes dans ces contextes. Cette s\u00e9ance s\u2019inscrit dans l\u2019importance de fournir des espaces communautaires s\u00fbrs permettant aux femmes d\u2019exprimer leurs \u00e9motions, d\u2019\u00e9changer leurs exp\u00e9riences et de renforcer leur capacit\u00e9 \u00e0 faire face aux pressions.<\/span><\/span><\/span><\/p>\n<p><span style=\"color: #000000;\"><span style=\"font-family: Arial, sans-serif;\"><span style=\"font-size: medium;\">Dans le <b>camp d\u2019Al-Isra, \u00e0 l\u2019ouest de Gaza<\/b>, l\u2019atelier a r\u00e9uni <b>20 femmes d\u00e9plac\u00e9es<\/b> autour d\u2019une id\u00e9e simple : une femme qui prend soin d\u2019elle-m\u00eame n\u2019abandonne pas ses responsabilit\u00e9s, mais se donne plut\u00f4t la capacit\u00e9 de continuer \u00e0 les assumer.<\/span><\/span><\/span><\/p>\n<p><strong><span style=\"color: #000000;\"><span style=\"font-family: Arial, sans-serif;\"><span style=\"font-size: medium;\">Prendre soin de son c\u0153ur et de son bien-\u00eatre n\u2019est pas un luxe, et le soutien mutuel entre les femmes peut constituer une v\u00e9ritable source de force et d\u2019espoir.<\/span><\/span><\/span><\/strong><\/p>\n<p><span style=\"color: #000000;\"><span style=\"font-family: Arial, sans-serif;\"><span style=\"font-size: medium;\">Depuis le camp d\u2019Al-Isra, les femmes ont emport\u00e9 avec elles une id\u00e9e essentielle : prendre soin de soi n\u2019est pas de l\u2019\u00e9go\u00efsme, mais une premi\u00e8re \u00e9tape vers une femme plus forte et une famille mieux \u00e0 m\u00eame de faire face.\u00a0\u00bb<\/span><\/span><\/span><\/p>\n<p><span style=\"color: #000000;\"><span style=\"font-family: Arial, sans-serif;\"><span style=\"font-size: medium;\"><i><b>Photos et vid\u00e9os <a href=\"https:\/\/drive.google.com\/drive\/folders\/135HGciCsnkNYoJJLCG1Cla4zwludfF1g\">ICI<\/a>.<\/b><\/i><\/span><\/span><\/span><\/p>\n<p style=\"text-align: center;\"><span style=\"color: #000000;\"><span style=\"font-family: Arial, sans-serif;\"><span style=\"font-size: medium;\"><b>********<\/b><\/span><\/span><\/span><\/p>\n<p><span style=\"color: #000000;\"><span style=\"font-family: Arial, sans-serif;\"><span style=\"font-size: medium;\">\u00ab <strong><span style=\"font-size: large;\">Une s\u00e9ance de sensibilisation destin\u00e9e aux femmes d\u00e9plac\u00e9es dans le camp d\u2019Al-Durra\u00a0: l<\/span><span style=\"font-size: large;\">es smartphones entre utilit\u00e9 et risques<\/span>\u00a0<\/strong><\/span><\/span><\/span><\/p>\n<p><span style=\"color: #000000;\"><span style=\"font-family: Arial, sans-serif;\"><span style=\"font-size: medium;\">Dans le contexte du d\u00e9placement et des pressions psychologiques et sociales continues qui l\u2019accompagnent, les smartphones sont devenus une partie int\u00e9grante de la vie quotidienne des familles, ainsi qu\u2019un moyen essentiel pour communiquer, suivre l\u2019actualit\u00e9 et acc\u00e9der aux informations et aux services. Mais cette pr\u00e9sence croissante de la technologie soul\u00e8ve \u00e9galement des questions concernant l\u2019impact de l\u2019utilisation excessive des t\u00e9l\u00e9phones sur les relations familiales, la sant\u00e9 psychologique et le comportement des enfants.<\/span><\/span><\/span><\/p>\n<p><span style=\"color: #000000;\"><span style=\"font-family: Arial, sans-serif;\"><span style=\"font-size: medium;\">La s\u00e9ance intitul\u00e9e\u00a0: <strong>Les smartphones entre utilit\u00e9 et risques : le t\u00e9l\u00e9phone portable, une arme \u00e0 double tranchant<\/strong>, mise en \u0153uvre par l\u2019UJFP a r\u00e9uni vingt femmes d\u00e9plac\u00e9es du camp d\u2019Al-Durra. La s\u00e9ance a port\u00e9 sur la mani\u00e8re de tirer profit du smartphone sans tomber dans un usage excessif ou dangereux. Les participantes ont expliqu\u00e9 que le t\u00e9l\u00e9phone \u00e9tait devenu un outil indispensable pour prendre des nouvelles de leurs proches, communiquer avec les membres de leur famille et suivre les derni\u00e8res actualit\u00e9s, ainsi que pour rechercher des informations susceptibles de les aider \u00e0 g\u00e9rer les aspects de la vie quotidienne. Les femmes ont \u00e9galement parl\u00e9 de l\u2019utilisation du t\u00e9l\u00e9phone pour apprendre et acc\u00e9der \u00e0 des contenus de sensibilisation, estimant que la technologie leur avait fourni de nombreux moyens auxquels il \u00e9tait difficile de renoncer dans les circonstances actuelles. Cependant, la discussion a \u00e9galement fait ressortir un autre aspect de cette exp\u00e9rience d\u2019utilisation, li\u00e9 au temps prolong\u00e9 que les femmes et les enfants peuvent passer devant les \u00e9crans. Les participantes ont abord\u00e9 l\u2019impact de l\u2019utilisation excessive des t\u00e9l\u00e9phones sur la communication au sein de la famille, notamment lorsque le t\u00e9l\u00e9phone, au lieu d\u2019\u00eatre un moyen de communiquer avec les autres, devient un facteur qui r\u00e9duit les \u00e9changes directs entre les membres de la famille. Les femmes ont \u00e9galement discut\u00e9 des effets psychologiques li\u00e9s \u00e0 une utilisation continue, notamment le fait de suivre l\u2019actualit\u00e9 et les r\u00e9seaux sociaux pendant de longues p\u00e9riodes.<\/span><\/span><\/span><\/p>\n<p><a href=\"https:\/\/ismfrance.org\/wp-content\/uploads\/2026\/09\/0.jpg\"><img loading=\"lazy\" decoding=\"async\" class=\"alignnone size-large wp-image-31182\" src=\"https:\/\/ismfrance.org\/wp-content\/uploads\/2026\/09\/0-700x525.jpg\" alt=\"\" width=\"600\" height=\"450\" srcset=\"https:\/\/ismfrance.org\/wp-content\/uploads\/2026\/09\/0-700x525.jpg 700w, https:\/\/ismfrance.org\/wp-content\/uploads\/2026\/09\/0-300x225.jpg 300w, https:\/\/ismfrance.org\/wp-content\/uploads\/2026\/09\/0-768x576.jpg 768w, https:\/\/ismfrance.org\/wp-content\/uploads\/2026\/09\/0-1536x1152.jpg 1536w, https:\/\/ismfrance.org\/wp-content\/uploads\/2026\/09\/0-350x263.jpg 350w, https:\/\/ismfrance.org\/wp-content\/uploads\/2026\/09\/0.jpg 1600w\" sizes=\"auto, (max-width: 600px) 100vw, 600px\" \/><\/a><\/p>\n<p><span style=\"color: #000000;\"><span style=\"font-family: Arial, sans-serif;\"><span style=\"font-size: medium;\">Une activit\u00e9 comprenant de simples exercices de respiration et de relaxation, a aid\u00e9 les femmes \u00e0 apaiser leur tension et \u00e0 retrouver leur concentration, leur offrant un moment de calme au milieu des conditions de d\u00e9placement et des pressions accumul\u00e9es qu\u2019elles vivent. L\u2019activit\u00e9 de relaxation \u00e9tait directement li\u00e9e au th\u00e8me de la s\u00e9ance, puisqu\u2019une discussion a \u00e9t\u00e9 men\u00e9e sur le rapport entre une utilisation \u00e9quilibr\u00e9e du t\u00e9l\u00e9phone et la pr\u00e9servation du bien-\u00eatre psychologique. Les participantes ont soulign\u00e9 que le t\u00e9l\u00e9phone pouvait constituer un moyen de divertissement et une \u00e9chappatoire temporaire aux pressions, mais qu\u2019il pouvait, dans certains cas, devenir une source suppl\u00e9mentaire de stress lorsqu\u2019il \u00e9tait associ\u00e9 \u00e0 une utilisation continue et au suivi de l\u2019actualit\u00e9 et de contenus anxiog\u00e8nes.<\/span><\/span><\/span><\/p>\n<p><span style=\"color: #000000;\"><span style=\"font-family: Arial, sans-serif;\"><span style=\"font-size: medium;\">Le dialogue s\u2019est ensuite orient\u00e9 vers l\u2019impact de l\u2019utilisation des t\u00e9l\u00e9phones sur les enfants, ceux-ci \u00e9tant parmi les cat\u00e9gories les plus expos\u00e9es aux \u00e9crans et aux applications num\u00e9riques.<\/span><\/span><\/span><\/p>\n<p><span style=\"color: #000000;\"><span style=\"font-family: Arial, sans-serif;\"><span style=\"font-size: medium;\">Les femmes ont indiqu\u00e9 que certaines m\u00e8res avaient recours aux t\u00e9l\u00e9phones pour occuper leurs enfants, notamment en raison de l\u2019espace limit\u00e9 dans les lieux de d\u00e9placement et de la difficult\u00e9 \u00e0 leur offrir des alternatives de divertissement. Les participantes ont estim\u00e9 que le t\u00e9l\u00e9phone pouvait constituer une solution temporaire, mais qu\u2019il devenait probl\u00e9matique lorsqu\u2019il se transformait en principal moyen par lequel l\u2019enfant passe la majeure partie de son temps. La s\u00e9ance a abord\u00e9 l\u2019importance d\u2019organiser le temps que les enfants passent devant les \u00e9crans, tout en veillant \u00e0 conna\u00eetre la nature des contenus qu\u2019ils regardent et les applications qu\u2019ils utilisent.<\/span><\/span><\/span><\/p>\n<p><span style=\"color: #000000;\"><span style=\"font-family: Arial, sans-serif;\"><span style=\"font-size: medium;\">Elle a \u00e9galement soulign\u00e9 l\u2019importance du dialogue avec les enfants, plut\u00f4t que de se limiter \u00e0 l\u2019interdiction, et de les aider \u00e0 comprendre les risques pr\u00e9sents dans le monde num\u00e9rique d\u2019une mani\u00e8re adapt\u00e9e \u00e0 leur \u00e2ge. La s\u00e9ance a \u00e9galement abord\u00e9 le concept de contr\u00f4le parental, consid\u00e9r\u00e9 comme un moyen de prot\u00e9ger et d\u2019orienter les enfants, et non comme un simple dispositif visant \u00e0 imposer des restrictions \u00e0 l\u2019utilisation du t\u00e9l\u00e9phone. Les participantes ont \u00e9t\u00e9 sensibilis\u00e9es \u00e0 l\u2019importance de suivre les applications et les sites utilis\u00e9s par les enfants, ainsi qu\u2019\u00e0 la n\u00e9cessit\u00e9 de pr\u00eater attention aux contenus inappropri\u00e9s ou aux personnes qui pourraient tenter de communiquer avec eux en ligne.<\/span><\/span><\/span><\/p>\n<p><span style=\"color: #000000;\"><span style=\"font-family: Arial, sans-serif;\"><span style=\"font-size: medium;\">Dans un autre axe, la s\u00e9ance a abord\u00e9 l\u2019importance de prot\u00e9ger la vie priv\u00e9e et les donn\u00e9es personnelles lors de l\u2019utilisation des smartphones. Les femmes ont \u00e9t\u00e9 inform\u00e9es des risques li\u00e9s au partage d\u2019informations priv\u00e9es, de photos ou de donn\u00e9es avec des personnes qui ne sont pas dignes de confiance, ainsi que de la n\u00e9cessit\u00e9 de se m\u00e9fier des messages et des liens suspects.<\/span><\/span><\/span><\/p>\n<p><span style=\"color: #000000;\"><span style=\"font-family: Arial, sans-serif;\"><span style=\"font-size: medium;\">Une attention particuli\u00e8re a \u00e9galement \u00e9t\u00e9 accord\u00e9e aux <strong>m\u00e9thodes d\u2019escroquerie num\u00e9rique<\/strong> qui peuvent exploiter les besoins des personnes ou leurs conditions de vie afin d\u2019obtenir des informations personnelles ou de l\u2019argent. La s\u00e9ance a \u00e9galement abord\u00e9 le probl\u00e8me des rumeurs et des informations non fiables qui se propagent rapidement par l\u2019interm\u00e9diaire des t\u00e9l\u00e9phones et des r\u00e9seaux sociaux. Les participantes ont soulign\u00e9 que le partage d\u2019informations sans v\u00e9rifier leur source pouvait contribuer \u00e0 accro\u00eetre l\u2019anxi\u00e9t\u00e9 et le stress, en particulier dans les circonstances exceptionnelles que vivent les personnes d\u00e9plac\u00e9es.<\/span><\/span><\/span><\/p>\n<p><span style=\"color: #000000;\"><span style=\"font-family: Arial, sans-serif;\"><span style=\"font-size: medium;\">La s\u00e9ance a insist\u00e9 sur l\u2019importance de v\u00e9rifier la source des informations avant de les publier ou de les partager, et de ne pas consid\u00e9rer comme une v\u00e9rit\u00e9 confirm\u00e9e tout ce qui est re\u00e7u par t\u00e9l\u00e9phone.<\/span><\/span><\/span><\/p>\n<p><span style=\"color: #000000;\"><span style=\"font-family: Arial, sans-serif;\"><span style=\"font-size: medium;\">Au cours du dialogue, l\u2019une des participantes a expliqu\u00e9 que sa perception de l\u2019utilisation du t\u00e9l\u00e9phone avait chang\u00e9. Elle a indiqu\u00e9 qu\u2019auparavant, les femmes le consid\u00e9raient comme un moyen de communication ou comme une fa\u00e7on d\u2019occuper les enfants et d\u2019att\u00e9nuer certaines pressions \u00e0 l\u2019int\u00e9rieur de la tente. Elle a ajout\u00e9 que la discussion l\u2019avait aid\u00e9e \u00e0 comprendre que laisser les enfants devant les \u00e9crans pendant de longues p\u00e9riodes sans surveillance pouvait comporter des risques qui ne sont pas imm\u00e9diatement visibles. Elle a soulign\u00e9 que la protection de l\u2019enfant dans l\u2019environnement num\u00e9rique faisait d\u00e9sormais partie de la responsabilit\u00e9 de la famille, au m\u00eame titre que sa protection dans la vie quotidienne.<\/span><\/span><\/span><\/p>\n<p><span style=\"color: #000000;\"><span style=\"font-family: Arial, sans-serif;\"><span style=\"font-size: medium;\">Dans une autre intervention, l\u2019une des femmes a \u00e9voqu\u00e9 l\u2019importance de trouver un \u00e9quilibre entre tirer profit du t\u00e9l\u00e9phone et pr\u00e9server la communication directe au sein de la famille.<\/span><\/span><\/span><\/p>\n<p><a href=\"https:\/\/ismfrance.org\/wp-content\/uploads\/2026\/09\/3ddaee34-1e29-4b1b-8c1a-a9e51b915bad.jpg\"><img loading=\"lazy\" decoding=\"async\" class=\"alignnone size-large wp-image-31183\" src=\"https:\/\/ismfrance.org\/wp-content\/uploads\/2026\/09\/3ddaee34-1e29-4b1b-8c1a-a9e51b915bad-700x525.jpg\" alt=\"\" width=\"600\" height=\"450\" srcset=\"https:\/\/ismfrance.org\/wp-content\/uploads\/2026\/09\/3ddaee34-1e29-4b1b-8c1a-a9e51b915bad-700x525.jpg 700w, https:\/\/ismfrance.org\/wp-content\/uploads\/2026\/09\/3ddaee34-1e29-4b1b-8c1a-a9e51b915bad-300x225.jpg 300w, https:\/\/ismfrance.org\/wp-content\/uploads\/2026\/09\/3ddaee34-1e29-4b1b-8c1a-a9e51b915bad-768x576.jpg 768w, https:\/\/ismfrance.org\/wp-content\/uploads\/2026\/09\/3ddaee34-1e29-4b1b-8c1a-a9e51b915bad-1536x1153.jpg 1536w, https:\/\/ismfrance.org\/wp-content\/uploads\/2026\/09\/3ddaee34-1e29-4b1b-8c1a-a9e51b915bad-350x263.jpg 350w, https:\/\/ismfrance.org\/wp-content\/uploads\/2026\/09\/3ddaee34-1e29-4b1b-8c1a-a9e51b915bad.jpg 1600w\" sizes=\"auto, (max-width: 600px) 100vw, 600px\" \/><\/a><\/p>\n<p><span style=\"color: #000000;\"><span style=\"font-family: Arial, sans-serif;\"><span style=\"font-size: medium;\">Elle a d\u00e9clar\u00e9 avoir appris que le t\u00e9l\u00e9phone pouvait l\u2019aider \u00e0 acc\u00e9der \u00e0 des informations utiles et \u00e0 r\u00e9pondre aux besoins de sa famille, mais qu\u2019il ne devait pas entra\u00eener une diminution du dialogue et des interactions entre les membres de la famille. Elle a expliqu\u00e9 que le probl\u00e8me ne r\u00e9sidait pas dans le t\u00e9l\u00e9phone lui-m\u00eame, mais dans la mani\u00e8re dont il \u00e9tait utilis\u00e9 et dans le temps qui lui \u00e9tait consacr\u00e9.<\/span><\/span><\/span><\/p>\n<p><span style=\"color: #000000;\"><span style=\"font-family: Arial, sans-serif;\"><span style=\"font-size: medium;\">L\u2019activit\u00e9 a \u00e9galement constitu\u00e9 un espace permettant aux femmes d\u2019exprimer leurs pr\u00e9occupations et de poser des questions concernant les enfants, la vie priv\u00e9e et l\u2019utilisation s\u00fbre des t\u00e9l\u00e9phones.<\/span><\/span><\/span><\/p>\n<p><span style=\"color: #000000;\"><span style=\"font-family: Arial, sans-serif;\"><span style=\"font-size: medium;\">Les participantes ont soulign\u00e9 que l\u2019utilisation consciente de la technologie ne signifiait pas s\u2019\u00e9loigner du t\u00e9l\u00e9phone, mais plut\u00f4t <strong>tirer profit de ses possibilit\u00e9s<\/strong>.<\/span><\/span><\/span><\/p>\n<p><span style=\"color: #000000;\"><span style=\"font-family: Arial, sans-serif;\"><span style=\"font-size: medium;\">\u00c0 la fin de la s\u00e9ance, plusieurs messages essentiels\u00a0; la n\u00e9cessit\u00e9 d\u2019organiser le temps consacr\u00e9 \u00e0 l\u2019utilisation du t\u00e9l\u00e9phone, de surveiller les contenus auxquels les enfants ont acc\u00e8s, de prot\u00e9ger les informations personnelles et de v\u00e9rifier les informations avant de les partager.et ne pas permettre au t\u00e9l\u00e9phone d\u2019occuper la plus grande place dans la vie quotidienne.<\/span><\/span><\/span><\/p>\n<p><span style=\"color: #000000;\"><span style=\"font-family: Arial, sans-serif;\"><span style=\"font-size: medium;\">\u00c0 travers cette activit\u00e9, l\u2019UJFP a soulign\u00e9 l\u2019importance de renforcer la culture num\u00e9rique aupr\u00e8s des femmes d\u00e9plac\u00e9es et de leur fournir des comp\u00e9tences pratiques les aidant \u00e0 utiliser la technologie de mani\u00e8re plus s\u00fbre et plus \u00e9quilibr\u00e9e. La participation de 20 femmes du camp d\u2019Al-Durra, \u00e0 l\u2019ouest de Deir al-Balah, a constitu\u00e9 une occasion de dialoguer autour d\u2019un sujet d\u00e9sormais pr\u00e9sent dans les diff\u00e9rents aspects de la vie quotidienne, allant de la communication et de l\u2019apprentissage \u00e0 l\u2019\u00e9ducation, \u00e0 la sant\u00e9 psychologique et \u00e0 la vie priv\u00e9e.<\/span><\/span><\/span><\/p>\n<p><span style=\"color: #000000;\"><span style=\"font-family: Arial, sans-serif;\"><span style=\"font-size: medium;\">Entre sensibilisation, discussion et activit\u00e9 de relaxation, la s\u00e9ance a cherch\u00e9 \u00e0 proposer une vision plus globale de l\u2019utilisation du num\u00e9rique, fond\u00e9e sur la capacit\u00e9 \u00e0 tirer profit de la technologie sans lui permettre d\u2019affaiblir la communication familiale ou d\u2019accro\u00eetre les pressions psychologiques.<\/span><\/span><\/span><\/p>\n<p><span style=\"color: #000000;\"><span style=\"font-family: Arial, sans-serif;\"><span style=\"font-size: medium;\">Ainsi, la rencontre n\u2019a pas \u00e9t\u00e9 seulement une discussion sur les avantages et les risques du t\u00e9l\u00e9phone, mais \u00e9galement un espace permettant aux femmes de r\u00e9fl\u00e9chir \u00e0 leur relation quotidienne avec la technologie et \u00e0 <strong>la mani\u00e8re de transformer son utilisation<\/strong>, d\u2019une habitude qui consomme du temps, en un outil plus utile et plus s\u00fbr pour elles et leurs familles.\u00a0\u00bb<\/span><\/span><\/span><\/p>\n<p><span style=\"color: #000000;\"><span style=\"font-family: Arial, sans-serif;\"><span style=\"font-size: medium;\"><i><b>Photos et vid\u00e9os <a href=\"https:\/\/drive.google.com\/drive\/folders\/17Uwq-uIlVXvrkHg04anxZv_t0uUK465f\">ICI<\/a>.<\/b><\/i><\/span><\/span><\/span><\/p>\n<hr \/>\n<p align=\"LEFT\"><span style=\"color: #000000;\"><span style=\"font-family: Arial, sans-serif;\"><span style=\"font-size: medium;\"><strong><span style=\"font-family: Times New Roman, serif;\"><span style=\"font-size: small;\"><b>Retrouvez l\u2019ensemble des t\u00e9moignages d\u2019Abu Amir et Marsel :<\/b><\/span><\/span><\/strong><\/span><\/span><\/span><\/p>\n<pre class=\"western\"><span style=\"color: #000000;\"><span style=\"font-family: Times New Roman, serif;\"><span style=\"font-size: small;\">*<\/span><\/span><\/span><strong><span style=\"color: #000000;\"><span style=\"font-family: Times New Roman, serif;\"><span style=\"font-size: small;\"><b>Abu Amir Mutasem Ele\u00efwa<\/b><\/span><\/span><\/span><\/strong><span style=\"color: #000000;\"><span style=\"font-family: Times New Roman, serif;\"><span style=\"font-size: small;\"> est coordinateur des Projets paysans depuis 2016 au sud de la bande de Gaza et correspondant de l\u2019Union Juive Fran\u00e7aise pour la Paix.<\/span><\/span><\/span>\r\n<span style=\"color: #000000;\"><span style=\"font-family: Times New Roman, serif;\"><span style=\"font-size: small;\">*<\/span><\/span><\/span><strong><span style=\"color: #000000;\"><span style=\"font-family: Times New Roman, serif;\"><span style=\"font-size: small;\"><b>Marsel Alledawi<\/b><\/span><\/span><\/span><\/strong><span style=\"color: #000000;\"><span style=\"font-family: Times New Roman, serif;\"><span style=\"font-size: small;\"> est responsable du Centre Ibn Sina du nord de la bande de Gaza, centre qui se consacre au suivi \u00e9ducatif et psychologique de l\u2019enfance.<\/span><\/span><\/span>\r\n<span style=\"color: #000000;\"><span style=\"font-family: Times New Roman, serif;\"><span style=\"font-size: small;\">Tous les deux sont soutenus par l\u2019UJFP en France.<\/span><\/span><\/span><\/pre>\n<p align=\"JUSTIFY\"><strong><a href=\"https:\/\/ismfrance.org\/index.php\/2026\/01\/02\/temoignages-de-gazaouis-la-survie-qui-sorganise-au-jour-le-jour-dans-lenfer-de-gaza-partie-615-01-01-la-liberte-un-reve-differe-pour-les-habitants-de-ga\/\"><span style=\"color: #1982d1;\"><span style=\"font-family: Times New Roman, serif;\"><span style=\"font-size: small;\"><u><b>Partie 615<\/b><\/u><\/span><\/span><\/span><\/a><\/strong><strong><span style=\"color: #444444;\"><span style=\"font-family: Times New Roman, serif;\"><span style=\"font-size: small;\">\u00a0<\/span><\/span><\/span><\/strong><strong><span style=\"color: #444444;\"><span style=\"font-family: Times New Roman, serif;\"><span style=\"font-size: small;\"><b>: 1er janvier 2026.\u00a0<\/b><\/span><\/span><\/span><\/strong><strong><a href=\"https:\/\/ismfrance.org\/index.php\/2026\/01\/03\/temoignages-de-gazaouis-la-survie-qui-sorganise-au-jour-le-jour-dans-lenfer-de-gaza-partie-616-02-01-leau-contaminee-un-nouveau-risque-mortel\/\"><span style=\"color: #1982d1;\"><span style=\"font-family: Times New Roman, serif;\"><span style=\"font-size: small;\"><u><b>Partie 616<\/b><\/u><\/span><\/span><\/span><\/a><\/strong><strong><span style=\"color: #444444;\"><span style=\"font-family: Times New Roman, serif;\"><span style=\"font-size: small;\">\u00a0<\/span><\/span><\/span><\/strong><strong><span style=\"color: #444444;\"><span style=\"font-family: Times New Roman, serif;\"><span style=\"font-size: small;\"><b>: 2 janvier.\u00a0<\/b><\/span><\/span><\/span><\/strong><strong><a href=\"https:\/\/ismfrance.org\/index.php\/2026\/01\/05\/temoignages-de-gazaouis-la-survie-qui-sorganise-au-jour-le-jour-dans-lenfer-de-gaza-partie-617-04-01-avec-leducation-transformer-la-guerre-en-o\/\"><span style=\"color: #1982d1;\"><span style=\"font-family: Times New Roman, serif;\"><span style=\"font-size: small;\"><u><b>Partie 617<\/b><\/u><\/span><\/span><\/span><\/a><\/strong><strong><span style=\"color: #444444;\"><span style=\"font-family: Times New Roman, serif;\"><span style=\"font-size: small;\">\u00a0<\/span><\/span><\/span><\/strong><strong><span style=\"color: #444444;\"><span style=\"font-family: Times New Roman, serif;\"><span style=\"font-size: small;\"><b>: 4 janvier.\u00a0<\/b><\/span><\/span><\/span><\/strong><strong><a href=\"https:\/\/ismfrance.org\/index.php\/2026\/01\/06\/temoignages-de-gazaouis-la-survie-qui-sorganise-au-jour-le-jour-dans-lenfer-de-gaza-partie-618-05-01-un-plan-israelien-de-demantelement-methodique\/\"><span style=\"color: #1982d1;\"><span style=\"font-family: Times New Roman, serif;\"><span style=\"font-size: small;\"><u><b>Partie 618<\/b><\/u><\/span><\/span><\/span><\/a><\/strong><strong><span style=\"color: #444444;\"><span style=\"font-family: Times New Roman, serif;\"><span style=\"font-size: small;\">\u00a0<\/span><\/span><\/span><\/strong><strong><span style=\"color: #444444;\"><span style=\"font-family: Times New Roman, serif;\"><span style=\"font-size: small;\"><b>: 5 janvier.\u00a0<\/b><\/span><\/span><\/span><\/strong><strong><a href=\"https:\/\/ismfrance.org\/index.php\/2026\/01\/07\/temoignages-de-gazaouis-la-survie-qui-sorganise-au-jour-le-jour-dans-lenfer-de-gaza-partie-619-06-01-continuer-coute-que-coute-a-soutenir-la-population\/\"><span style=\"color: #1982d1;\"><span style=\"font-family: Times New Roman, serif;\"><span style=\"font-size: small;\"><u><b>Partie 619<\/b><\/u><\/span><\/span><\/span><\/a><\/strong><strong><span style=\"color: #444444;\"><span style=\"font-family: Times New Roman, serif;\"><span style=\"font-size: small;\">\u00a0<\/span><\/span><\/span><\/strong><strong><span style=\"color: #444444;\"><span style=\"font-family: Times New Roman, serif;\"><span style=\"font-size: small;\"><b>: 6 janvier.\u00a0<\/b><\/span><\/span><\/span><\/strong><strong><a href=\"https:\/\/ismfrance.org\/index.php\/2026\/01\/08\/temoignages-de-gazaouis-la-survie-qui-sorganise-au-jour-le-jour-dans-lenfer-de-gaza-partie-620-06-01-1-le-discours-cru-du-ministre-de-la-defense-israe\/\"><span style=\"color: #1982d1;\"><span style=\"font-family: Times New Roman, serif;\"><span style=\"font-size: small;\"><u><b>Partie 620<\/b><\/u><\/span><\/span><\/span><\/a><\/strong><strong><span style=\"color: #444444;\"><span style=\"font-family: Times New Roman, serif;\"><span style=\"font-size: small;\">\u00a0<\/span><\/span><\/span><\/strong><strong><span style=\"color: #444444;\"><span style=\"font-family: Times New Roman, serif;\"><span style=\"font-size: small;\"><b>: 6 janvier (1).\u00a0<\/b><\/span><\/span><\/span><\/strong><strong><a href=\"https:\/\/ismfrance.org\/index.php\/2026\/01\/08\/temoignages-de-gazaouis-la-survie-qui-sorganise-au-jour-le-jour-dans-lenfer-de-gaza-partie-621-07-01-comment-le-soutien-psychologique-peut-proteger-de-la\/\"><span style=\"color: #1982d1;\"><span style=\"font-family: Times New Roman, serif;\"><span style=\"font-size: small;\"><u><b>Partie 621<\/b><\/u><\/span><\/span><\/span><\/a><\/strong><strong><span style=\"color: #444444;\"><span style=\"font-family: Times New Roman, serif;\"><span style=\"font-size: small;\">\u00a0<\/span><\/span><\/span><\/strong><strong><span style=\"color: #444444;\"><span style=\"font-family: Times New Roman, serif;\"><span style=\"font-size: small;\"><b>: 7 janvier.\u00a0<\/b><\/span><\/span><\/span><\/strong><strong><a href=\"https:\/\/ismfrance.org\/index.php\/2026\/01\/09\/temoignages-de-gazaouis-la-survie-qui-sorganise-au-jour-le-jour-dans-lenfer-de-gaza-partie-622-08-01-entre-la-tente-et-lattente-redonner-une-c\/\"><span style=\"color: #1982d1;\"><span style=\"font-family: Times New Roman, serif;\"><span style=\"font-size: small;\"><u><b>Partie 622<\/b><\/u><\/span><\/span><\/span><\/a><\/strong><strong><span style=\"color: #444444;\"><span style=\"font-family: Times New Roman, serif;\"><span style=\"font-size: small;\">\u00a0<\/span><\/span><\/span><\/strong><strong><span style=\"color: #444444;\"><span style=\"font-family: Times New Roman, serif;\"><span style=\"font-size: small;\"><b>: 8 janvier.\u00a0<\/b><\/span><\/span><\/span><\/strong><strong><a href=\"https:\/\/ismfrance.org\/index.php\/2026\/01\/10\/26332\/\"><span style=\"color: #1982d1;\"><span style=\"font-family: Times New Roman, serif;\"><span style=\"font-size: small;\"><u><b>Partie 623<\/b><\/u><\/span><\/span><\/span><\/a><\/strong><strong><span style=\"color: #444444;\"><span style=\"font-family: Times New Roman, serif;\"><span style=\"font-size: small;\">\u00a0<\/span><\/span><\/span><\/strong><strong><span style=\"color: #444444;\"><span style=\"font-family: Times New Roman, serif;\"><span style=\"font-size: small;\"><b>: 9 janvier.\u00a0<\/b><\/span><\/span><\/span><\/strong><strong><a href=\"https:\/\/ismfrance.org\/index.php\/2026\/01\/11\/temoignages-de-gazaouis-la-survie-qui-sorganise-au-jour-le-jour-dans-lenfer-de-gaza-partie-624-09-01-1-violations-incessantes-funerailles-permanentes\/\"><span style=\"color: #1982d1;\"><span style=\"font-family: Times New Roman, serif;\"><span style=\"font-size: small;\"><u><b>Partie 624<\/b><\/u><\/span><\/span><\/span><\/a><\/strong><strong><span style=\"color: #444444;\"><span style=\"font-family: Times New Roman, serif;\"><span style=\"font-size: small;\">\u00a0<\/span><\/span><\/span><\/strong><strong><span style=\"color: #444444;\"><span style=\"font-family: Times New Roman, serif;\"><span style=\"font-size: small;\"><b>: 9 janvier (1).\u00a0<\/b><\/span><\/span><\/span><\/strong><strong><a href=\"https:\/\/ismfrance.org\/index.php\/2026\/01\/12\/26396\/\"><span style=\"color: #1982d1;\"><span style=\"font-family: Times New Roman, serif;\"><span style=\"font-size: small;\"><u><b>Partie 625<\/b><\/u><\/span><\/span><\/span><\/a><\/strong><strong><span style=\"color: #444444;\"><span style=\"font-family: Times New Roman, serif;\"><span style=\"font-size: small;\">\u00a0<\/span><\/span><\/span><\/strong><strong><span style=\"color: #444444;\"><span style=\"font-family: Times New Roman, serif;\"><span style=\"font-size: small;\"><b>: 10 janvier.\u00a0<\/b><\/span><\/span><\/span><\/strong><strong><a href=\"https:\/\/ismfrance.org\/index.php\/2026\/01\/12\/temoignages-de-gazaouis-la-survie-qui-sorganise-au-jour-le-jour-dans-lenfer-de-gaza-partie-626-11-01-role-des-centres-educatifs-et-de-lecole\/\"><span style=\"color: #1982d1;\"><span style=\"font-family: Times New Roman, serif;\"><span style=\"font-size: small;\"><u><b>Partie 626<\/b><\/u><\/span><\/span><\/span><\/a><\/strong><strong><span style=\"color: #444444;\"><span style=\"font-family: Times New Roman, serif;\"><span style=\"font-size: small;\">\u00a0<\/span><\/span><\/span><\/strong><strong><span style=\"color: #444444;\"><span style=\"font-family: Times New Roman, serif;\"><span style=\"font-size: small;\"><b>: 11 janvier.\u00a0<\/b><\/span><\/span><\/span><\/strong><strong><a href=\"https:\/\/ismfrance.org\/index.php\/2026\/01\/13\/temoignages-de-gazaouis-la-survie-qui-sorganise-au-jour-le-jour-dans-lenfer-de-gaza-partie-627-13-01-gaza-encore-au-coeur-dune-tempete-meteorolo\/\"><span style=\"color: #1982d1;\"><span style=\"font-family: Times New Roman, serif;\"><span style=\"font-size: small;\"><u><b>Partie 627<\/b><\/u><\/span><\/span><\/span><\/a><\/strong><strong><span style=\"color: #444444;\"><span style=\"font-family: Times New Roman, serif;\"><span style=\"font-size: small;\">\u00a0<\/span><\/span><\/span><\/strong><strong><span style=\"color: #444444;\"><span style=\"font-family: Times New Roman, serif;\"><span style=\"font-size: small;\"><b>: 13 janvier.\u00a0<\/b><\/span><\/span><\/span><\/strong><strong><a href=\"https:\/\/ismfrance.org\/index.php\/2026\/01\/16\/temoignages-de-gazaouis-la-survie-qui-sorganise-au-jour-le-jour-dans-lenfer-de-gaza-partie-628-14-01-une-crise-de-panique-des-interets-europeens\/\"><span style=\"color: #1982d1;\"><span style=\"font-family: Times New Roman, serif;\"><span style=\"font-size: small;\"><u><b>Partie 628<\/b><\/u><\/span><\/span><\/span><\/a><\/strong><strong><span style=\"color: #444444;\"><span style=\"font-family: Times New Roman, serif;\"><span style=\"font-size: small;\">\u00a0<\/span><\/span><\/span><\/strong><strong><span style=\"color: #444444;\"><span style=\"font-family: Times New Roman, serif;\"><span style=\"font-size: small;\"><b>: 14 janvier.\u00a0<\/b><\/span><\/span><\/span><\/strong><strong><a href=\"https:\/\/ismfrance.org\/index.php\/2026\/01\/18\/temoignages-de-gazaouis-la-survie-qui-sorganise-au-jour-le-jour-dans-lenfer-de-gaza-partie-629-17-01-un-atelier-pour-sauver-les-meres-et-leurs-enfants-au\/\"><span style=\"color: #1982d1;\"><span style=\"font-family: Times New Roman, serif;\"><span style=\"font-size: small;\"><u><b>Partie 629<\/b><\/u><\/span><\/span><\/span><\/a><\/strong><strong><span style=\"color: #444444;\"><span style=\"font-family: Times New Roman, serif;\"><span style=\"font-size: small;\">\u00a0<\/span><\/span><\/span><\/strong><strong><span style=\"color: #444444;\"><span style=\"font-family: Times New Roman, serif;\"><span style=\"font-size: small;\"><b>: 17 janvier.\u00a0<\/b><\/span><\/span><\/span><\/strong><strong><a href=\"https:\/\/ismfrance.org\/index.php\/2026\/01\/19\/temoignages-de-gazaouis-la-survie-qui-sorganise-au-jour-le-jour-dans-lenfer-de-gaza-partie-630-18-01-la-deuxieme-phase-du-cessez-le-feu-a-la-reingenier\/\"><span style=\"color: #1982d1;\"><span style=\"font-family: Times New Roman, serif;\"><span style=\"font-size: small;\"><u><b>Partie 630<\/b><\/u><\/span><\/span><\/span><\/a><\/strong><strong><span style=\"color: #444444;\"><span style=\"font-family: Times New Roman, serif;\"><span style=\"font-size: small;\">\u00a0<\/span><\/span><\/span><\/strong><strong><span style=\"color: #444444;\"><span style=\"font-family: Times New Roman, serif;\"><span style=\"font-size: small;\"><b>: 18 janvier.\u00a0<\/b><\/span><\/span><\/span><\/strong><strong><a href=\"https:\/\/ismfrance.org\/index.php\/2026\/01\/20\/temoignages-de-gazaouis-la-survie-qui-sorganise-au-jour-le-jour-dans-lenfer-de-gaza-partie-631-19-01-quand-la-voix-devient-une-patrie\/\"><span style=\"color: #1982d1;\"><span style=\"font-family: Times New Roman, serif;\"><span style=\"font-size: small;\"><u><b>Partie 631<\/b><\/u><\/span><\/span><\/span><\/a><\/strong><strong><span style=\"color: #444444;\"><span style=\"font-family: Times New Roman, serif;\"><span style=\"font-size: small;\">\u00a0<\/span><\/span><\/span><\/strong><strong><span style=\"color: #444444;\"><span style=\"font-family: Times New Roman, serif;\"><span style=\"font-size: small;\"><b>: 19 janvier.\u00a0<\/b><\/span><\/span><\/span><\/strong><strong><a href=\"https:\/\/ismfrance.org\/index.php\/2026\/01\/21\/temoignages-de-gazaouis-la-survie-qui-sorganise-au-jour-le-jour-dans-lenfer-de-gaza-partie-632-19-01-1-les-dechets-accumules-une-bombe-sanitaire-a-ret\/\"><span style=\"color: #1982d1;\"><span style=\"font-family: Times New Roman, serif;\"><span style=\"font-size: small;\"><u><b>Partie 632<\/b><\/u><\/span><\/span><\/span><\/a><\/strong><strong><span style=\"color: #444444;\"><span style=\"font-family: Times New Roman, serif;\"><span style=\"font-size: small;\">\u00a0<\/span><\/span><\/span><\/strong><strong><span style=\"color: #444444;\"><span style=\"font-family: Times New Roman, serif;\"><span style=\"font-size: small;\"><b>: 19 janvier (1).\u00a0<\/b><\/span><\/span><\/span><\/strong><strong><a href=\"https:\/\/ismfrance.org\/index.php\/2026\/01\/22\/temoignages-de-gazaouis-la-survie-qui-sorganise-au-jour-le-jour-dans-lenfer-de-gaza-partie-633-21-01-fabriquer-des-raisons-de-vivre\/\"><span style=\"color: #1982d1;\"><span style=\"font-family: Times New Roman, serif;\"><span style=\"font-size: small;\"><u><b>Partie 633<\/b><\/u><\/span><\/span><\/span><\/a><\/strong><strong><span style=\"color: #444444;\"><span style=\"font-family: Times New Roman, serif;\"><span style=\"font-size: small;\">\u00a0<\/span><\/span><\/span><\/strong><strong><span style=\"color: #444444;\"><span style=\"font-family: Times New Roman, serif;\"><span style=\"font-size: small;\"><b>: 20 janvier.\u00a0<\/b><\/span><\/span><\/span><\/strong><strong><a href=\"https:\/\/ismfrance.org\/index.php\/2026\/01\/23\/26710\/\"><span style=\"color: #1982d1;\"><span style=\"font-family: Times New Roman, serif;\"><span style=\"font-size: small;\"><u><b>Partie 634<\/b><\/u><\/span><\/span><\/span><\/a><\/strong><strong><span style=\"color: #444444;\"><span style=\"font-family: Times New Roman, serif;\"><span style=\"font-size: small;\">\u00a0<\/span><\/span><\/span><\/strong><strong><span style=\"color: #444444;\"><span style=\"font-family: Times New Roman, serif;\"><span style=\"font-size: small;\"><b>: 23 janvier.\u00a0<\/b><\/span><\/span><\/span><\/strong><strong><a href=\"https:\/\/ismfrance.org\/index.php\/2026\/01\/24\/temoignages-de-gazaouis-la-survie-qui-sorganise-au-jour-le-jour-dans-lenfer-de-gaza-partie-635-23-01-1-la-bataille-de-la-survie-dans-les-champs\/\"><span style=\"color: #1982d1;\"><span style=\"font-family: Times New Roman, serif;\"><span style=\"font-size: small;\"><u><b>Partie 635<\/b><\/u><\/span><\/span><\/span><\/a><\/strong><strong><span style=\"color: #444444;\"><span style=\"font-family: Times New Roman, serif;\"><span style=\"font-size: small;\">\u00a0<\/span><\/span><\/span><\/strong><strong><span style=\"color: #444444;\"><span style=\"font-family: Times New Roman, serif;\"><span style=\"font-size: small;\"><b>: 23 janvier (1).\u00a0<\/b><\/span><\/span><\/span><\/strong><strong><a href=\"https:\/\/ismfrance.org\/index.php\/2026\/01\/25\/temoignages-de-gazaouis-la-survie-qui-sorganise-au-jour-le-jour-dans-lenfer-de-gaza-partie-636-24-01-gaza-aux-encheres-politiques-ouvertes\/\"><span style=\"color: #1982d1;\"><span style=\"font-family: Times New Roman, serif;\"><span style=\"font-size: small;\"><u><b>Partie 636<\/b><\/u><\/span><\/span><\/span><\/a><\/strong><strong><span style=\"color: #444444;\"><span style=\"font-family: Times New Roman, serif;\"><span style=\"font-size: small;\">\u00a0<\/span><\/span><\/span><\/strong><strong><span style=\"color: #444444;\"><span style=\"font-family: Times New Roman, serif;\"><span style=\"font-size: small;\"><b>: 24 janvier.\u00a0<\/b><\/span><\/span><\/span><\/strong><strong><a href=\"https:\/\/ismfrance.org\/index.php\/2026\/01\/27\/temoignages-de-gazaouis-la-survie-qui-sorganise-au-jour-le-jour-dans-lenfer-de-gaza-partie-637-26-01-quand-la-vie-devient-un-combat-quotidien-pour-la-dig\/\"><span style=\"color: #1982d1;\"><span style=\"font-family: Times New Roman, serif;\"><span style=\"font-size: small;\"><u><b>Partie 637<\/b><\/u><\/span><\/span><\/span><\/a><\/strong><strong><span style=\"color: #444444;\"><span style=\"font-family: Times New Roman, serif;\"><span style=\"font-size: small;\">\u00a0<\/span><\/span><\/span><\/strong><strong><span style=\"color: #444444;\"><span style=\"font-family: Times New Roman, serif;\"><span style=\"font-size: small;\"><b>: 26 janvier.\u00a0<\/b><\/span><\/span><\/span><\/strong><strong><a href=\"https:\/\/ismfrance.org\/index.php\/2026\/01\/28\/temoignages-de-gazaouis-la-survie-qui-sorganise-au-jour-le-jour-dans-lenfer-de-gaza-partie-638-27-01-propagation-dun-virus-respiratoire\/\"><span style=\"color: #1982d1;\"><span style=\"font-family: Times New Roman, serif;\"><span style=\"font-size: small;\"><u><b>Partie 638<\/b><\/u><\/span><\/span><\/span><\/a><\/strong><strong><span style=\"color: #444444;\"><span style=\"font-family: Times New Roman, serif;\"><span style=\"font-size: small;\">\u00a0<\/span><\/span><\/span><\/strong><strong><span style=\"color: #444444;\"><span style=\"font-family: Times New Roman, serif;\"><span style=\"font-size: small;\"><b>: 27 janvier.\u00a0<\/b><\/span><\/span><\/span><\/strong><strong><a href=\"https:\/\/ismfrance.org\/index.php\/2026\/01\/29\/temoignages-de-gazaouis-la-survie-qui-sorganise-au-jour-le-jour-dans-lenfer-de-gaza-partie-639-28-01-un-hiver-au-chaud-des-manteaux-pour-les-enfants\/\"><span style=\"color: #1982d1;\"><span style=\"font-family: Times New Roman, serif;\"><span style=\"font-size: small;\"><u><b>Partie 639<\/b><\/u><\/span><\/span><\/span><\/a><\/strong><strong><span style=\"color: #444444;\"><span style=\"font-family: Times New Roman, serif;\"><span style=\"font-size: small;\">\u00a0<\/span><\/span><\/span><\/strong><strong><span style=\"color: #444444;\"><span style=\"font-family: Times New Roman, serif;\"><span style=\"font-size: small;\"><b>: 28 janvier 2026.\u00a0<\/b><\/span><\/span><\/span><\/strong><strong><a href=\"https:\/\/ismfrance.org\/index.php\/2026\/02\/01\/temoignages-de-gazaouis-la-survie-qui-sorganise-au-jour-le-jour-dans-lenfer-de-gaza-partie-640-31-01-laction-humanitaire-quotidienne-une-lutte\/\"><span style=\"color: #1982d1;\"><span style=\"font-family: Times New Roman, serif;\"><span style=\"font-size: small;\"><u><b>Partie 640<\/b><\/u><\/span><\/span><\/span><\/a><\/strong><strong><span style=\"color: #444444;\"><span style=\"font-family: Times New Roman, serif;\"><span style=\"font-size: small;\">\u00a0<\/span><\/span><\/span><\/strong><strong><span style=\"color: #444444;\"><span style=\"font-family: Times New Roman, serif;\"><span style=\"font-size: small;\"><b>: 31 janvier 2026.\u00a0<\/b><\/span><\/span><\/span><\/strong><strong><a href=\"https:\/\/ismfrance.org\/index.php\/2026\/02\/02\/temoignages-de-gazaouis-la-survie-qui-sorganise-au-jour-le-jour-dans-lenfer-de-gaza-partie-641-01-02-entre-le-feu-du-present-et-les-projets-de-laveni\/\"><span style=\"color: #1982d1;\"><span style=\"font-family: Times New Roman, serif;\"><span style=\"font-size: small;\"><u><b>Partie 641<\/b><\/u><\/span><\/span><\/span><\/a><\/strong><strong><span style=\"color: #444444;\"><span style=\"font-family: Times New Roman, serif;\"><span style=\"font-size: small;\">\u00a0<\/span><\/span><\/span><\/strong><strong><span style=\"color: #444444;\"><span style=\"font-family: Times New Roman, serif;\"><span style=\"font-size: small;\"><b>: 1er f\u00e9vrier.\u00a0<\/b><\/span><\/span><\/span><\/strong><strong><a href=\"https:\/\/ismfrance.org\/index.php\/2026\/02\/03\/temoignages-de-gazaouis-la-survie-qui-sorganise-au-jour-le-jour-dans-lenfer-de-gaza-partie-642-02-02-la-femme-retrouve-sa-presence-quand-elle-retrouve-sa\/\"><span style=\"color: #1982d1;\"><span style=\"font-family: Times New Roman, serif;\"><span style=\"font-size: small;\"><u><b>Partie 642<\/b><\/u><\/span><\/span><\/span><\/a><\/strong><strong><span style=\"color: #444444;\"><span style=\"font-family: Times New Roman, serif;\"><span style=\"font-size: small;\">\u00a0<\/span><\/span><\/span><\/strong><strong><span style=\"color: #444444;\"><span style=\"font-family: Times New Roman, serif;\"><span style=\"font-size: small;\"><b>: 2 f\u00e9vrier.\u00a0<\/b><\/span><\/span><\/span><\/strong><strong><a href=\"https:\/\/ismfrance.org\/index.php\/2026\/02\/04\/temoignages-de-gazaouis-la-survie-qui-sorganise-au-jour-le-jour-dans-lenfer-de-gaza-partie-643-03-02-dans-les-camps-assurer-un-hiver-au-chaud\/\"><span style=\"color: #1982d1;\"><span style=\"font-family: Times New Roman, serif;\"><span style=\"font-size: small;\"><u><b>Partie 643<\/b><\/u><\/span><\/span><\/span><\/a><\/strong><strong><span style=\"color: #444444;\"><span style=\"font-family: Times New Roman, serif;\"><span style=\"font-size: small;\">\u00a0<\/span><\/span><\/span><\/strong><strong><span style=\"color: #444444;\"><span style=\"font-family: Times New Roman, serif;\"><span style=\"font-size: small;\"><b>: 3 f\u00e9vrier.\u00a0<\/b><\/span><\/span><\/span><\/strong><strong><a href=\"https:\/\/ismfrance.org\/index.php\/2026\/02\/05\/temoignages-de-gazaouis-la-survie-qui-sorganise-au-jour-le-jour-dans-lenfer-de-gaza-partie-643-04-02-rafah-la-porte-du-retour-alourdie-par-lopp\/\"><span style=\"color: #1982d1;\"><span style=\"font-family: Times New Roman, serif;\"><span style=\"font-size: small;\"><u><b>Partie 643<\/b><\/u><\/span><\/span><\/span><\/a><\/strong><strong><span style=\"color: #444444;\"><span style=\"font-family: Times New Roman, serif;\"><span style=\"font-size: small;\">\u00a0<\/span><\/span><\/span><\/strong><strong><span style=\"color: #444444;\"><span style=\"font-family: Times New Roman, serif;\"><span style=\"font-size: small;\"><b>: 4 f\u00e9vrier.\u00a0<\/b><\/span><\/span><\/span><\/strong><strong><a href=\"https:\/\/ismfrance.org\/index.php\/2026\/02\/08\/temoignages-de-gazaouis-la-survie-qui-sorganise-au-jour-le-jour-dans-lenfer-de-gaza-partie-644-6-7-02-des-femmes-partagent-le-fardeau-pour-rester-debou\/\"><span style=\"color: #1982d1;\"><span style=\"font-family: Times New Roman, serif;\"><span style=\"font-size: small;\"><u><b>Partie 644<\/b><\/u><\/span><\/span><\/span><\/a><\/strong><strong><span style=\"color: #444444;\"><span style=\"font-family: Times New Roman, serif;\"><span style=\"font-size: small;\">\u00a0<\/span><\/span><\/span><\/strong><strong><span style=\"color: #444444;\"><span style=\"font-family: Times New Roman, serif;\"><span style=\"font-size: small;\"><b>: 6 &amp; 7 f\u00e9vrier.\u00a0<\/b><\/span><\/span><\/span><\/strong><strong><a href=\"https:\/\/ismfrance.org\/index.php\/2026\/02\/09\/temoignages-de-gazaouis-la-survie-qui-sorganise-au-jour-le-jour-dans-lenfer-de-gaza-partie-645-8-02-se-tenir-au-plus-pres-des-agriculteurs\/\"><span style=\"color: #1982d1;\"><span style=\"font-family: Times New Roman, serif;\"><span style=\"font-size: small;\"><u><b>Partie 645<\/b><\/u><\/span><\/span><\/span><\/a><\/strong><strong><span style=\"color: #444444;\"><span style=\"font-family: Times New Roman, serif;\"><span style=\"font-size: small;\">\u00a0<\/span><\/span><\/span><\/strong><strong><span style=\"color: #444444;\"><span style=\"font-family: Times New Roman, serif;\"><span style=\"font-size: small;\"><b>: 8 f\u00e9vrier.\u00a0<\/b><\/span><\/span><\/span><\/strong><strong><a href=\"https:\/\/ismfrance.org\/index.php\/2026\/02\/11\/27118\/\"><span style=\"color: #1982d1;\"><span style=\"font-family: Times New Roman, serif;\"><span style=\"font-size: small;\"><u><b>Partie 646<\/b><\/u><\/span><\/span><\/span><\/a><\/strong><strong><span style=\"color: #444444;\"><span style=\"font-family: Times New Roman, serif;\"><span style=\"font-size: small;\">\u00a0<\/span><\/span><\/span><\/strong><strong><span style=\"color: #444444;\"><span style=\"font-family: Times New Roman, serif;\"><span style=\"font-size: small;\"><b>: 9 f\u00e9vrier.\u00a0<\/b><\/span><\/span><\/span><\/strong><strong><a href=\"https:\/\/ismfrance.org\/index.php\/2026\/02\/12\/temoignages-de-gazaouis-la-survie-qui-sorganise-au-jour-le-jour-dans-lenfer-de-gaza-partie-647-11-02-une-image-falsifiee-et-une-realite-occupee\/\"><span style=\"color: #1982d1;\"><span style=\"font-family: Times New Roman, serif;\"><span style=\"font-size: small;\"><u><b>Partie 647<\/b><\/u><\/span><\/span><\/span><\/a><\/strong><strong><span style=\"color: #444444;\"><span style=\"font-family: Times New Roman, serif;\"><span style=\"font-size: small;\">\u00a0<\/span><\/span><\/span><\/strong><strong><span style=\"color: #444444;\"><span style=\"font-family: Times New Roman, serif;\"><span style=\"font-size: small;\"><b>: 11 f\u00e9vrier.\u00a0<\/b><\/span><\/span><\/span><\/strong><strong><a href=\"https:\/\/ismfrance.org\/index.php\/2026\/02\/15\/temoignages-de-gazaouis-la-survie-qui-sorganise-au-jour-le-jour-dans-lenfer-de-gaza-partie-648-14-02-renforcer-la-resistance-psychologique-et-les-competences\/\"><span style=\"color: #1982d1;\"><span style=\"font-family: Times New Roman, serif;\"><span style=\"font-size: small;\"><u><b>Partie 648<\/b><\/u><\/span><\/span><\/span><\/a><\/strong><strong><span style=\"color: #444444;\"><span style=\"font-family: Times New Roman, serif;\"><span style=\"font-size: small;\">\u00a0<\/span><\/span><\/span><\/strong><strong><span style=\"color: #444444;\"><span style=\"font-family: Times New Roman, serif;\"><span style=\"font-size: small;\"><b>: 14 f\u00e9vrier.\u00a0<\/b><\/span><\/span><\/span><\/strong><strong><a href=\"https:\/\/ismfrance.org\/index.php\/2026\/02\/16\/temoignages-de-gazaouis-la-survie-qui-sorganise-au-jour-le-jour-dans-lenfer-de-gaza-partie-649-15-02-la-realite-de-la-vie-quotidienne-pour-bien-comprendr\/\"><span style=\"color: #1982d1;\"><span style=\"font-family: Times New Roman, serif;\"><span style=\"font-size: small;\"><u><b>Partie 649<\/b><\/u><\/span><\/span><\/span><\/a><\/strong><strong><span style=\"color: #444444;\"><span style=\"font-family: Times New Roman, serif;\"><span style=\"font-size: small;\">\u00a0<\/span><\/span><\/span><\/strong><strong><span style=\"color: #444444;\"><span style=\"font-family: Times New Roman, serif;\"><span style=\"font-size: small;\"><b>: 15 f\u00e9vrier.\u00a0<\/b><\/span><\/span><\/span><\/strong><strong><a href=\"https:\/\/ismfrance.org\/index.php\/2026\/02\/18\/temoignages-de-gazaouis-la-survie-qui-sorganise-au-jour-le-jour-dans-lenfer-de-gaza-partie-650-16-02-entre-les-tentes-et-les-cahiers\/\"><span style=\"color: #1982d1;\"><span style=\"font-family: Times New Roman, serif;\"><span style=\"font-size: small;\"><u><b>Partie 650<\/b><\/u><\/span><\/span><\/span><\/a><\/strong><strong><span style=\"color: #444444;\"><span style=\"font-family: Times New Roman, serif;\"><span style=\"font-size: small;\">\u00a0<\/span><\/span><\/span><\/strong><strong><span style=\"color: #444444;\"><span style=\"font-family: Times New Roman, serif;\"><span style=\"font-size: small;\"><b>: 16 f\u00e9vrier.\u00a0<\/b><\/span><\/span><\/span><\/strong><strong><a href=\"https:\/\/ismfrance.org\/index.php\/2026\/02\/18\/temoignages-de-gazaouis-la-survie-qui-sorganise-au-jour-le-jour-dans-lenfer-de-gaza-partie-651-17-02-la-realite-de-la-bande-de-gaza-dans-son-environnemen\/\"><span style=\"color: #1982d1;\"><span style=\"font-family: Times New Roman, serif;\"><span style=\"font-size: small;\"><u><b>Partie 651<\/b><\/u><\/span><\/span><\/span><\/a><\/strong><strong><span style=\"color: #444444;\"><span style=\"font-family: Times New Roman, serif;\"><span style=\"font-size: small;\">\u00a0<\/span><\/span><\/span><\/strong><strong><span style=\"color: #444444;\"><span style=\"font-family: Times New Roman, serif;\"><span style=\"font-size: small;\"><b>: 17 f\u00e9vrier.\u00a0<\/b><\/span><\/span><\/span><\/strong><strong><a href=\"https:\/\/ismfrance.org\/index.php\/2026\/02\/18\/temoignages-de-gazaouis-la-survie-qui-sorganise-au-jour-le-jour-dans-lenfer-de-gaza-partie-652-17-02-1-continuite-de-linitiative-un-hiver-au-c\/\"><span style=\"color: #1982d1;\"><span style=\"font-family: Times New Roman, serif;\"><span style=\"font-size: small;\"><u><b>Partie 652<\/b><\/u><\/span><\/span><\/span><\/a><\/strong><strong><span style=\"color: #444444;\"><span style=\"font-family: Times New Roman, serif;\"><span style=\"font-size: small;\">\u00a0<\/span><\/span><\/span><\/strong><strong><span style=\"color: #444444;\"><span style=\"font-family: Times New Roman, serif;\"><span style=\"font-size: small;\"><b>: 17 f\u00e9vrier (1).\u00a0<\/b><\/span><\/span><\/span><\/strong><strong><a href=\"https:\/\/ismfrance.org\/index.php\/2026\/02\/20\/temoignages-de-gazaouis-la-survie-qui-sorganise-au-jour-le-jour-dans-lenfer-de-gaza-partie-653-19-02-pour-gaza-la-justice-internationale-est-selective\/\"><span style=\"color: #1982d1;\"><span style=\"font-family: Times New Roman, serif;\"><span style=\"font-size: small;\"><u><b>Partie 653<\/b><\/u><\/span><\/span><\/span><\/a><\/strong><strong><span style=\"color: #444444;\"><span style=\"font-family: Times New Roman, serif;\"><span style=\"font-size: small;\">\u00a0<\/span><\/span><\/span><\/strong><strong><span style=\"color: #444444;\"><span style=\"font-family: Times New Roman, serif;\"><span style=\"font-size: small;\"><b>: 19 f\u00e9vrier.\u00a0<\/b><\/span><\/span><\/span><\/strong><strong><a href=\"https:\/\/ismfrance.org\/index.php\/2026\/02\/21\/temoignages-de-gazaouis-la-survie-qui-sorganise-au-jour-le-jour-dans-lenfer-de-gaza-partie-654-20-02-vivre-le-ramadan-comme-un-espace-de-force\/\"><span style=\"color: #1982d1;\"><span style=\"font-family: Times New Roman, serif;\"><span style=\"font-size: small;\"><u><b>Partie 654<\/b><\/u><\/span><\/span><\/span><\/a><\/strong><strong><span style=\"color: #444444;\"><span style=\"font-family: Times New Roman, serif;\"><span style=\"font-size: small;\">\u00a0<\/span><\/span><\/span><\/strong><strong><span style=\"color: #444444;\"><span style=\"font-family: Times New Roman, serif;\"><span style=\"font-size: small;\"><b>: 20 f\u00e9vrier.\u00a0<\/b><\/span><\/span><\/span><\/strong><strong><a href=\"https:\/\/ismfrance.org\/index.php\/2026\/02\/22\/temoignages-de-gazaouis-la-survie-qui-sorganise-au-jour-le-jour-dans-lenfer-de-gaza-partie-655-21-02-laide-humanitaire-un-choix-politique-pour\/\"><span style=\"color: #1982d1;\"><span style=\"font-family: Times New Roman, serif;\"><span style=\"font-size: small;\"><u><b>Partie 655<\/b><\/u><\/span><\/span><\/span><\/a><\/strong><strong><span style=\"color: #444444;\"><span style=\"font-family: Times New Roman, serif;\"><span style=\"font-size: small;\">\u00a0<\/span><\/span><\/span><\/strong><strong><span style=\"color: #444444;\"><span style=\"font-family: Times New Roman, serif;\"><span style=\"font-size: small;\"><b>: 21 f\u00e9vrier.\u00a0<\/b><\/span><\/span><\/span><\/strong><strong><a href=\"https:\/\/ismfrance.org\/index.php\/2026\/02\/24\/temoignages-de-gazaouis-la-survie-qui-sorganise-au-jour-le-jour-dans-lenfer-de-gaza-partie-656-23-02-dans-une-tente-dressee-sur-le-sable-pendant-le-ramad\/\"><span style=\"color: #1982d1;\"><span style=\"font-family: Times New Roman, serif;\"><span style=\"font-size: small;\"><u><b>Partie 656<\/b><\/u><\/span><\/span><\/span><\/a><\/strong><strong><span style=\"color: #444444;\"><span style=\"font-family: Times New Roman, serif;\"><span style=\"font-size: small;\">\u00a0<\/span><\/span><\/span><\/strong><strong><span style=\"color: #444444;\"><span style=\"font-family: Times New Roman, serif;\"><span style=\"font-size: small;\"><b>: 23 f\u00e9vrier.\u00a0<\/b><\/span><\/span><\/span><\/strong><strong><a href=\"https:\/\/ismfrance.org\/index.php\/2026\/02\/26\/temoignages-de-gazaouis-la-survie-qui-sorganise-au-jour-le-jour-dans-lenfer-de-gaza-partie-657-24-02-leducation-comme-un-outil-de-resistance-a-l\/\"><span style=\"color: #1982d1;\"><span style=\"font-family: Times New Roman, serif;\"><span style=\"font-size: small;\"><u><b>Partie 657<\/b><\/u><\/span><\/span><\/span><\/a><\/strong><strong><span style=\"color: #444444;\"><span style=\"font-family: Times New Roman, serif;\"><span style=\"font-size: small;\">\u00a0<\/span><\/span><\/span><\/strong><strong><span style=\"color: #444444;\"><span style=\"font-family: Times New Roman, serif;\"><span style=\"font-size: small;\"><b>: 24 f\u00e9vrier.\u00a0<\/b><\/span><\/span><\/span><\/strong><strong><a href=\"https:\/\/ismfrance.org\/index.php\/2026\/02\/27\/temoignages-de-gazaouis-la-survie-qui-sorganise-au-jour-le-jour-dans-lenfer-de-gaza-partie-658-25-02-la-democratie-du-bulldozer\/\"><span style=\"color: #1982d1;\"><span style=\"font-family: Times New Roman, serif;\"><span style=\"font-size: small;\"><u><b>Partie 658<\/b><\/u><\/span><\/span><\/span><\/a><\/strong><strong><span style=\"color: #444444;\"><span style=\"font-family: Times New Roman, serif;\"><span style=\"font-size: small;\">\u00a0<\/span><\/span><\/span><\/strong><strong><span style=\"color: #444444;\"><span style=\"font-family: Times New Roman, serif;\"><span style=\"font-size: small;\"><b>: 25 f\u00e9vrier.\u00a0<\/b><\/span><\/span><\/span><\/strong><strong><a href=\"https:\/\/ismfrance.org\/index.php\/2026\/02\/27\/temoignages-de-gazaouis-la-survie-qui-sorganise-au-jour-le-jour-dans-lenfer-de-gaza-partie-659-26-02-quelle-boussole-ethique-pour-les-etats-occidentaux\/\"><span style=\"color: #1982d1;\"><span style=\"font-family: Times New Roman, serif;\"><span style=\"font-size: small;\"><u><b>Partie 659<\/b><\/u><\/span><\/span><\/span><\/a><\/strong><strong><span style=\"color: #444444;\"><span style=\"font-family: Times New Roman, serif;\"><span style=\"font-size: small;\">\u00a0<\/span><\/span><\/span><\/strong><strong><span style=\"color: #444444;\"><span style=\"font-family: Times New Roman, serif;\"><span style=\"font-size: small;\"><b>: 26 f\u00e9vrier.\u00a0<\/b><\/span><\/span><\/span><\/strong><strong><a href=\"https:\/\/ismfrance.org\/index.php\/2026\/03\/01\/temoignages-de-gazaouis-la-survie-qui-sorganise-au-jour-le-jour-dans-lenfer-de-gaza-partie-660-28-02-le-travail-humanitaire-un-droit-a-la-vie\/\"><span style=\"color: #1982d1;\"><span style=\"font-family: Times New Roman, serif;\"><span style=\"font-size: small;\"><u><b>Partie 660<\/b><\/u><\/span><\/span><\/span><\/a><\/strong><strong><span style=\"color: #444444;\"><span style=\"font-family: Times New Roman, serif;\"><span style=\"font-size: small;\">\u00a0<\/span><\/span><\/span><\/strong><strong><span style=\"color: #444444;\"><span style=\"font-family: Times New Roman, serif;\"><span style=\"font-size: small;\"><b>: 28 f\u00e9vrier.\u00a0<\/b><\/span><\/span><\/span><\/strong><strong><a href=\"https:\/\/ismfrance.org\/index.php\/2026\/03\/02\/temoignages-de-gazaouis-la-survie-qui-sorganise-au-jour-le-jour-dans-lenfer-de-gaza-partie-661-01-03-un-espace-et-un-temps-pour-reprendre-son-souffle\/\"><span style=\"color: #1982d1;\"><span style=\"font-family: Times New Roman, serif;\"><span style=\"font-size: small;\"><u><b>Partie 661<\/b><\/u><\/span><\/span><\/span><\/a><\/strong><strong><span style=\"color: #444444;\"><span style=\"font-family: Times New Roman, serif;\"><span style=\"font-size: small;\">\u00a0<\/span><\/span><\/span><\/strong><strong><span style=\"color: #444444;\"><span style=\"font-family: Times New Roman, serif;\"><span style=\"font-size: small;\"><b>: 1er mars.\u00a0<\/b><\/span><\/span><\/span><\/strong><strong><a href=\"https:\/\/ismfrance.org\/index.php\/2026\/03\/03\/temoignages-de-gazaouis-la-survie-qui-sorganise-au-jour-le-jour-dans-lenfer-de-gaza-partie-662-02-03-ramadan-les-femmes-fabriquent-la-securite-au-coeur\/\"><span style=\"color: #1982d1;\"><span style=\"font-family: Times New Roman, serif;\"><span style=\"font-size: small;\"><u><b>Partie 662<\/b><\/u><\/span><\/span><\/span><\/a><\/strong><strong><span style=\"color: #444444;\"><span style=\"font-family: Times New Roman, serif;\"><span style=\"font-size: small;\">\u00a0<\/span><\/span><\/span><\/strong><strong><span style=\"color: #444444;\"><span style=\"font-family: Times New Roman, serif;\"><span style=\"font-size: small;\"><b>: 2 mars.\u00a0<\/b><\/span><\/span><\/span><\/strong><strong><a href=\"https:\/\/ismfrance.org\/index.php\/2026\/03\/04\/temoignages-de-gazaouis-la-survie-qui-sorganise-au-jour-le-jour-dans-lenfer-de-gaza-partie-663-03-03-meme-dans-les-conditions-les-plus-difficiles-l\/\"><span style=\"color: #1982d1;\"><span style=\"font-family: Times New Roman, serif;\"><span style=\"font-size: small;\"><u><b>Partie 663<\/b><\/u><\/span><\/span><\/span><\/a><\/strong><strong><span style=\"color: #444444;\"><span style=\"font-family: Times New Roman, serif;\"><span style=\"font-size: small;\">\u00a0<\/span><\/span><\/span><\/strong><strong><span style=\"color: #444444;\"><span style=\"font-family: Times New Roman, serif;\"><span style=\"font-size: small;\"><b>: 3 mars.\u00a0<\/b><\/span><\/span><\/span><\/strong><strong><a href=\"https:\/\/ismfrance.org\/index.php\/2026\/03\/07\/temoignages-de-gazaouis-la-survie-qui-sorganise-au-jour-le-jour-dans-lenfer-de-gaza-partie-664-06-03-la-situation-quotidienne-dans-les-camps-de-deplace-e\/\"><span style=\"color: #1982d1;\"><span style=\"font-family: Times New Roman, serif;\"><span style=\"font-size: small;\"><u><b>Partie 664<\/b><\/u><\/span><\/span><\/span><\/a><\/strong><strong><span style=\"color: #444444;\"><span style=\"font-family: Times New Roman, serif;\"><span style=\"font-size: small;\">\u00a0<\/span><\/span><\/span><\/strong><strong><span style=\"color: #444444;\"><span style=\"font-family: Times New Roman, serif;\"><span style=\"font-size: small;\"><b>: 6 mars.\u00a0<\/b><\/span><\/span><\/span><\/strong><strong><a href=\"https:\/\/ismfrance.org\/index.php\/2026\/03\/09\/temoignages-de-gazaouis-la-survie-qui-sorganise-au-jour-le-jour-dans-lenfer-de-gaza-partie-665-07-03-quand-les-coeurs-parlent\/\"><span style=\"color: #1982d1;\"><span style=\"font-family: Times New Roman, serif;\"><span style=\"font-size: small;\"><u><b>Partie 665<\/b><\/u><\/span><\/span><\/span><\/a><\/strong><strong><span style=\"color: #444444;\"><span style=\"font-family: Times New Roman, serif;\"><span style=\"font-size: small;\">\u00a0<\/span><\/span><\/span><\/strong><strong><span style=\"color: #444444;\"><span style=\"font-family: Times New Roman, serif;\"><span style=\"font-size: small;\"><b>: 7 mars.\u00a0<\/b><\/span><\/span><\/span><\/strong><strong><a href=\"https:\/\/ismfrance.org\/index.php\/2026\/03\/10\/temoignages-de-gazaouis-la-survie-qui-sorganise-au-jour-le-jour-dans-lenfer-de-gaza-partie-666-08-10-03-soutien-humanitaire-et-education-a-gaza\/\"><span style=\"color: #1982d1;\"><span style=\"font-family: Times New Roman, serif;\"><span style=\"font-size: small;\"><u><b>Partie 666<\/b><\/u><\/span><\/span><\/span><\/a><\/strong><strong><span style=\"color: #444444;\"><span style=\"font-family: Times New Roman, serif;\"><span style=\"font-size: small;\">\u00a0<\/span><\/span><\/span><\/strong><strong><span style=\"color: #444444;\"><span style=\"font-family: Times New Roman, serif;\"><span style=\"font-size: small;\"><b>: 8-10 mars.\u00a0<\/b><\/span><\/span><\/span><\/strong><strong><a href=\"https:\/\/ismfrance.org\/index.php\/2026\/03\/15\/temoignages-de-gazaouis-la-survie-qui-sorganise-au-jour-le-jour-dans-lenfer-de-gaza-partie-667-11-15-03-les-femmes-sur-le-chemin-du-retablissement-souti\/\"><span style=\"color: #1982d1;\"><span style=\"font-family: Times New Roman, serif;\"><span style=\"font-size: small;\"><u><b>Partie 667<\/b><\/u><\/span><\/span><\/span><\/a><\/strong><strong><span style=\"color: #444444;\"><span style=\"font-family: Times New Roman, serif;\"><span style=\"font-size: small;\">\u00a0<\/span><\/span><\/span><\/strong><strong><span style=\"color: #444444;\"><span style=\"font-family: Times New Roman, serif;\"><span style=\"font-size: small;\"><b>: 11\u00a0 au 15 mars.\u00a0<\/b><\/span><\/span><\/span><\/strong><strong><a href=\"https:\/\/ismfrance.org\/index.php\/2026\/03\/19\/temoignages-de-gazaouis-la-survie-qui-sorganise-au-jour-le-jour-dans-lenfer-de-gaza-partie-668-16-03-quand-les-femmes-parlent-le-coeur-guerit-dans-les-t\/\"><span style=\"color: #1982d1;\"><span style=\"font-family: Times New Roman, serif;\"><span style=\"font-size: small;\"><u><b>Partie 668<\/b><\/u><\/span><\/span><\/span><\/a><\/strong><strong><span style=\"color: #444444;\"><span style=\"font-family: Times New Roman, serif;\"><span style=\"font-size: small;\">\u00a0<\/span><\/span><\/span><\/strong><strong><span style=\"color: #444444;\"><span style=\"font-family: Times New Roman, serif;\"><span style=\"font-size: small;\"><b>: 16 mars.\u00a0<\/b><\/span><\/span><\/span><\/strong><strong><a href=\"https:\/\/ismfrance.org\/index.php\/2026\/03\/19\/temoignages-de-gazaouis-la-survie-qui-sorganise-au-jour-le-jour-dans-lenfer-de-gaza-partie-669-17-18-03-circonvolutions-des-discours-autour-de-la-realite\/\"><span style=\"color: #1982d1;\"><span style=\"font-family: Times New Roman, serif;\"><span style=\"font-size: small;\"><u><b>Partie 669<\/b><\/u><\/span><\/span><\/span><\/a><\/strong><strong><span style=\"color: #444444;\"><span style=\"font-family: Times New Roman, serif;\"><span style=\"font-size: small;\">\u00a0<\/span><\/span><\/span><\/strong><strong><span style=\"color: #444444;\"><span style=\"font-family: Times New Roman, serif;\"><span style=\"font-size: small;\"><b>: 17 &amp; 18 mars.\u00a0<\/b><\/span><\/span><\/span><\/strong><strong><a href=\"https:\/\/ismfrance.org\/index.php\/2026\/03\/23\/temoignages-de-gazaouis-la-survie-qui-sorganise-au-jour-le-jour-dans-lenfer-de-gaza-partie-670-19-au-22-03-une-realite-humaine-de-plus-en-plus-dure-jour\/\"><span style=\"color: #1982d1;\"><span style=\"font-family: Times New Roman, serif;\"><span style=\"font-size: small;\"><u><b>Partie 670<\/b><\/u><\/span><\/span><\/span><\/a><\/strong><strong><span style=\"color: #444444;\"><span style=\"font-family: Times New Roman, serif;\"><span style=\"font-size: small;\">\u00a0<\/span><\/span><\/span><\/strong><strong><span style=\"color: #444444;\"><span style=\"font-family: Times New Roman, serif;\"><span style=\"font-size: small;\"><b>: 19 au 22 mars.\u00a0<\/b><\/span><\/span><\/span><\/strong><strong><a href=\"https:\/\/ismfrance.org\/index.php\/2026\/03\/24\/temoignages-de-gazaouis-la-survie-qui-sorganise-au-jour-le-jour-dans-lenfer-de-gaza-partie-671-23-03-etre-palestinien\/\"><span style=\"color: #1982d1;\"><span style=\"font-family: Times New Roman, serif;\"><span style=\"font-size: small;\"><u><b>Partie 671<\/b><\/u><\/span><\/span><\/span><\/a><\/strong><strong><span style=\"color: #444444;\"><span style=\"font-family: Times New Roman, serif;\"><span style=\"font-size: small;\">\u00a0<\/span><\/span><\/span><\/strong><strong><span style=\"color: #444444;\"><span style=\"font-family: Times New Roman, serif;\"><span style=\"font-size: small;\"><b>: 23 mars.\u00a0<\/b><\/span><\/span><\/span><\/strong><strong><a href=\"https:\/\/ismfrance.org\/index.php\/2026\/03\/29\/temoignages-de-gazaouis-la-survie-qui-sorganise-au-jour-le-jour-dans-lenfer-de-gaza-partie-672-27-28-03-khan-younes-et-rafah-deux-villes-detruites-a-raconter-et-a-reecrire\/\"><span style=\"color: #1982d1;\"><span style=\"font-family: Times New Roman, serif;\"><span style=\"font-size: small;\"><u><b>Partie 672<\/b><\/u><\/span><\/span><\/span><\/a><\/strong><strong><span style=\"color: #444444;\"><span style=\"font-family: Times New Roman, serif;\"><span style=\"font-size: small;\">\u00a0<\/span><\/span><\/span><\/strong><strong><span style=\"color: #444444;\"><span style=\"font-family: Times New Roman, serif;\"><span style=\"font-size: small;\"><b>: 27-28 mars.\u00a0<\/b><\/span><\/span><\/span><\/strong><strong><a href=\"https:\/\/ismfrance.org\/index.php\/2026\/04\/02\/temoignages-de-gazaouis-la-survie-qui-sorganise-au-jour-le-jour-dans-lenfer-de-gaza-partie-674-29-30-03-1er-avril-affirmer-le-droit-a-la-vie\/\"><span style=\"color: #1982d1;\"><span style=\"font-family: Times New Roman, serif;\"><span style=\"font-size: small;\"><u><b>Partie 673<\/b><\/u><\/span><\/span><\/span><\/a><\/strong><strong><span style=\"color: #444444;\"><span style=\"font-family: Times New Roman, serif;\"><span style=\"font-size: small;\">\u00a0<\/span><\/span><\/span><\/strong><strong><span style=\"color: #444444;\"><span style=\"font-family: Times New Roman, serif;\"><span style=\"font-size: small;\"><b>: 29 et 30 mars \/ 1er avril.\u00a0<\/b><\/span><\/span><\/span><\/strong><strong><a href=\"https:\/\/ismfrance.org\/index.php\/2026\/04\/07\/temoignages-de-gazaouis-la-survie-qui-sorganise-au-jour-le-jour-dans-lenfer-de-gaza-partie-674-2-6-04-quand-se-nourrir-est-une-question-de-survie-non-un\/\"><span style=\"color: #1982d1;\"><span style=\"font-family: Times New Roman, serif;\"><span style=\"font-size: small;\"><u><b>Partie 674<\/b><\/u><\/span><\/span><\/span><\/a><\/strong><strong><span style=\"color: #444444;\"><span style=\"font-family: Times New Roman, serif;\"><span style=\"font-size: small;\">\u00a0<\/span><\/span><\/span><\/strong><strong><span style=\"color: #444444;\"><span style=\"font-family: Times New Roman, serif;\"><span style=\"font-size: small;\"><b>: 2 au 6 avril.\u00a0<\/b><\/span><\/span><\/span><\/strong><strong><a href=\"https:\/\/ismfrance.org\/index.php\/2026\/04\/10\/temoignages-de-gazaouis-la-survie-qui-sorganise-au-jour-le-jour-dans-lenfer-de-gaza-partie-675-7-9-04-continuer-a-ouvrir-un-livre-construire-des-reseaux\/\"><span style=\"color: #1982d1;\"><span style=\"font-family: Times New Roman, serif;\"><span style=\"font-size: small;\"><u><b>Partie 675<\/b><\/u><\/span><\/span><\/span><\/a><\/strong><strong><span style=\"color: #444444;\"><span style=\"font-family: Times New Roman, serif;\"><span style=\"font-size: small;\">\u00a0<\/span><\/span><\/span><\/strong><strong><span style=\"color: #444444;\"><span style=\"font-family: Times New Roman, serif;\"><span style=\"font-size: small;\"><b>: 7-9 avril.\u00a0<\/b><\/span><\/span><\/span><\/strong><strong><a href=\"https:\/\/ismfrance.org\/index.php\/2026\/04\/11\/temoignages-de-gazaouis-la-survie-qui-sorganise-au-jour-le-jour-dans-lenfer-de-gaza-partie-676-10-04-cultiver-la-vie-redonner-souffle-a-la-terre\/\"><span style=\"color: #1982d1;\"><span style=\"font-family: Times New Roman, serif;\"><span style=\"font-size: small;\"><u><b>Partie 676<\/b><\/u><\/span><\/span><\/span><\/a><\/strong><strong><span style=\"color: #444444;\"><span style=\"font-family: Times New Roman, serif;\"><span style=\"font-size: small;\">\u00a0<\/span><\/span><\/span><\/strong><strong><span style=\"color: #444444;\"><span style=\"font-family: Times New Roman, serif;\"><span style=\"font-size: small;\"><b>: 10 avril.\u00a0<\/b><\/span><\/span><\/span><\/strong><strong><a href=\"https:\/\/ismfrance.org\/index.php\/2026\/04\/14\/temoignages-de-gazaouis-la-survie-qui-sorganise-au-jour-le-jour-dans-lenfer-de-gaza-partie-677-11-14-04-une-ligne-de-defense-contre-leffondremen\/\"><span style=\"color: #1982d1;\"><span style=\"font-family: Times New Roman, serif;\"><span style=\"font-size: small;\"><u><b>Partie 677<\/b><\/u><\/span><\/span><\/span><\/a><\/strong><strong><span style=\"color: #444444;\"><span style=\"font-family: Times New Roman, serif;\"><span style=\"font-size: small;\">\u00a0<\/span><\/span><\/span><\/strong><strong><span style=\"color: #444444;\"><span style=\"font-family: Times New Roman, serif;\"><span style=\"font-size: small;\"><b>: 11 au 14 avril.\u00a0<\/b><\/span><\/span><\/span><\/strong><strong><a href=\"https:\/\/ismfrance.org\/index.php\/2026\/04\/17\/temoignages-de-gazaouis-la-survie-qui-sorganise-au-jour-le-jour-dans-lenfer-de-gaza-partie-678-16-04-quel-avenir-pour-gaza\/\"><span style=\"color: #1982d1;\"><span style=\"font-family: Times New Roman, serif;\"><span style=\"font-size: small;\"><u><b>Partie 678<\/b><\/u><\/span><\/span><\/span><\/a><\/strong><strong><span style=\"color: #444444;\"><span style=\"font-family: Times New Roman, serif;\"><span style=\"font-size: small;\">\u00a0<\/span><\/span><\/span><\/strong><strong><span style=\"color: #444444;\"><span style=\"font-family: Times New Roman, serif;\"><span style=\"font-size: small;\"><b>: 16 avril.\u00a0<\/b><\/span><\/span><\/span><\/strong><strong><a href=\"https:\/\/ismfrance.org\/index.php\/2026\/04\/21\/temoignages-de-gazaouis-la-survie-qui-sorganise-au-jour-le-jour-dans-lenfer-de-gaza-partie-679-17-20-04-continuer-a-sur-vivre-seul-choix-possible\/\"><span style=\"color: #1982d1;\"><span style=\"font-family: Times New Roman, serif;\"><span style=\"font-size: small;\"><u><b>Partie 679<\/b><\/u><\/span><\/span><\/span><\/a><\/strong><strong><span style=\"color: #444444;\"><span style=\"font-family: Times New Roman, serif;\"><span style=\"font-size: small;\">\u00a0<\/span><\/span><\/span><\/strong><strong><span style=\"color: #444444;\"><span style=\"font-family: Times New Roman, serif;\"><span style=\"font-size: small;\"><b>: 17-20 avril.\u00a0<\/b><\/span><\/span><\/span><\/strong><strong><a href=\"https:\/\/ismfrance.org\/index.php\/2026\/04\/23\/temoignages-de-gazaouis-la-survie-qui-sorganise-au-jour-le-jour-dans-lenfer-de-gaza-partie-680-21-04-la-volonte-des-agriculteurs-redonne-vie-a-la-terre\/\"><span style=\"color: #1982d1;\"><span style=\"font-family: Times New Roman, serif;\"><span style=\"font-size: small;\"><u><b>Partie 680<\/b><\/u><\/span><\/span><\/span><\/a><\/strong><strong><span style=\"color: #444444;\"><span style=\"font-family: Times New Roman, serif;\"><span style=\"font-size: small;\">\u00a0<\/span><\/span><\/span><\/strong><strong><span style=\"color: #444444;\"><span style=\"font-family: Times New Roman, serif;\"><span style=\"font-size: small;\"><b>: 21 avril.\u00a0<\/b><\/span><\/span><\/span><\/strong><strong><a href=\"https:\/\/ismfrance.org\/index.php\/2026\/04\/24\/temoignages-de-gazaouis-la-survie-qui-sorganise-au-jour-le-jour-dans-lenfer-de-gaza-partie-681-22-04-ateliers-de-soutien-pour-les-femmes-camp-d\/\"><span style=\"color: #1982d1;\"><span style=\"font-family: Times New Roman, serif;\"><span style=\"font-size: small;\"><u><b>Partie 681<\/b><\/u><\/span><\/span><\/span><\/a><\/strong><strong><span style=\"color: #444444;\"><span style=\"font-family: Times New Roman, serif;\"><span style=\"font-size: small;\">\u00a0<\/span><\/span><\/span><\/strong><strong><span style=\"color: #444444;\"><span style=\"font-family: Times New Roman, serif;\"><span style=\"font-size: small;\"><b>: 22 avril.<\/b><\/span><\/span><\/span><\/strong><a href=\"https:\/\/ismfrance.org\/index.php\/2026\/04\/25\/temoignages-de-gazaouis-la-survie-qui-sorganise-au-jour-le-jour-dans-lenfer-de-gaza-partie-682-23-04-gaza-a-t-elle-ete-letincelle\/\"><strong><span style=\"color: #1982d1;\"><span style=\"font-family: Times New Roman, serif;\"><span style=\"font-size: small;\"><u>\u00a0<\/u><\/span><\/span><\/span><\/strong><strong><span style=\"color: #1982d1;\"><span style=\"font-family: Times New Roman, serif;\"><span style=\"font-size: small;\"><u><b>Partie 682<\/b><\/u><\/span><\/span><\/span><\/strong><\/a><strong><span style=\"color: #444444;\"><span style=\"font-family: Times New Roman, serif;\"><span style=\"font-size: small;\">\u00a0<\/span><\/span><\/span><\/strong><strong><span style=\"color: #444444;\"><span style=\"font-family: Times New Roman, serif;\"><span style=\"font-size: small;\"><b>: 23 avril.\u00a0<\/b><\/span><\/span><\/span><\/strong><strong><a href=\"https:\/\/ismfrance.org\/index.php\/2026\/04\/27\/temoignages-de-gazaouis-la-survie-qui-sorganise-au-jour-le-jour-dans-lenfer-de-gaza-partie-683-24-25-04-changement-ou-continuite-dans-l\/\"><span style=\"color: #1982d1;\"><span style=\"font-family: Times New Roman, serif;\"><span style=\"font-size: small;\"><u><b>Partie 683<\/b><\/u><\/span><\/span><\/span><\/a><\/strong><strong><span style=\"color: #444444;\"><span style=\"font-family: Times New Roman, serif;\"><span style=\"font-size: small;\">\u00a0<\/span><\/span><\/span><\/strong><strong><span style=\"color: #444444;\"><span style=\"font-family: Times New Roman, serif;\"><span style=\"font-size: small;\"><b>: 24-25 avril.\u00a0<\/b><\/span><\/span><\/span><\/strong><strong><a href=\"https:\/\/ismfrance.org\/index.php\/2026\/04\/28\/temoignages-de-gazaouis-la-survie-qui-sorganise-au-jour-le-jour-dans-lenfer-de-gaza-partie-684-26-04-contre-le-blocus-a-lhorizon-la-flottille\/\"><span style=\"color: #1982d1;\"><span style=\"font-family: Times New Roman, serif;\"><span style=\"font-size: small;\"><u><b>Partie 684<\/b><\/u><\/span><\/span><\/span><\/a><\/strong><strong><span style=\"color: #444444;\"><span style=\"font-family: Times New Roman, serif;\"><span style=\"font-size: small;\">\u00a0<\/span><\/span><\/span><\/strong><strong><span style=\"color: #444444;\"><span style=\"font-family: Times New Roman, serif;\"><span style=\"font-size: small;\"><b>: 26 avril.\u00a0<\/b><\/span><\/span><\/span><\/strong><strong><a href=\"https:\/\/ismfrance.org\/index.php\/2026\/04\/30\/temoignages-de-gazaouis-la-survie-qui-sorganise-au-jour-le-jour-dans-lenfer-de-gaza-partie-685-27-29-04-a-lere-de-lasphyxie-continuer\/\"><span style=\"color: #1982d1;\"><span style=\"font-family: Times New Roman, serif;\"><span style=\"font-size: small;\"><u><b>Partie 685<\/b><\/u><\/span><\/span><\/span><\/a><\/strong><strong><span style=\"color: #444444;\"><span style=\"font-family: Times New Roman, serif;\"><span style=\"font-size: small;\">\u00a0<\/span><\/span><\/span><\/strong><strong><span style=\"color: #444444;\"><span style=\"font-family: Times New Roman, serif;\"><span style=\"font-size: small;\"><b>: 27-29 avril.\u00a0<\/b><\/span><\/span><\/span><\/strong><strong><a href=\"https:\/\/ismfrance.org\/index.php\/2026\/04\/30\/temoignages-de-gazaouis-la-survie-qui-sorganise-au-jour-le-jour-dans-lenfer-de-gaza-partie-686-30-04-lettre-a-ceux-qui-ont-choisi-la-mer-comme-chemin-vers-la\/\"><span style=\"color: #1982d1;\"><span style=\"font-family: Times New Roman, serif;\"><span style=\"font-size: small;\"><u><b>Partie 686<\/b><\/u><\/span><\/span><\/span><\/a><\/strong><strong><span style=\"color: #444444;\"><span style=\"font-family: Times New Roman, serif;\"><span style=\"font-size: small;\">\u00a0<\/span><\/span><\/span><\/strong><strong><span style=\"color: #444444;\"><span style=\"font-family: Times New Roman, serif;\"><span style=\"font-size: small;\"><b>: 30 avril.\u00a0<\/b><\/span><\/span><\/span><\/strong><strong><a href=\"https:\/\/ismfrance.org\/index.php\/2026\/05\/04\/29023\/\"><span style=\"color: #1982d1;\"><span style=\"font-family: Times New Roman, serif;\"><span style=\"font-size: small;\"><u><b>Partie 687<\/b><\/u><\/span><\/span><\/span><\/a><\/strong><strong><span style=\"color: #444444;\"><span style=\"font-family: Times New Roman, serif;\"><span style=\"font-size: small;\">\u00a0<\/span><\/span><\/span><\/strong><strong><span style=\"color: #444444;\"><span style=\"font-family: Times New Roman, serif;\"><span style=\"font-size: small;\"><b>: 1-3 mai.\u00a0<\/b><\/span><\/span><\/span><\/strong><strong><a href=\"https:\/\/ismfrance.org\/index.php\/2026\/05\/06\/temoignages-de-gazaouis-la-survie-qui-sorganise-au-jour-le-jour-dans-lenfer-de-gaza-partie-688-05-05-leducation-en-temps-deffondrement\/\"><span style=\"color: #1982d1;\"><span style=\"font-family: Times New Roman, serif;\"><span style=\"font-size: small;\"><u><b>Partie 688<\/b><\/u><\/span><\/span><\/span><\/a><\/strong><strong><span style=\"color: #444444;\"><span style=\"font-family: Times New Roman, serif;\"><span style=\"font-size: small;\">\u00a0<\/span><\/span><\/span><\/strong><strong><span style=\"color: #444444;\"><span style=\"font-family: Times New Roman, serif;\"><span style=\"font-size: small;\"><b>: 5 mai.\u00a0<\/b><\/span><\/span><\/span><\/strong><strong><a href=\"https:\/\/ismfrance.org\/index.php\/2026\/05\/06\/temoignages-de-gazaouis-la-survie-qui-sorganise-au-jour-le-jour-dans-lenfer-de-gaza-partie-689-05-05-1-les-eleves-de-gaza-ecrivent-leur-message-a-la-liberte\/\"><span style=\"color: #1982d1;\"><span style=\"font-family: Times New Roman, serif;\"><span style=\"font-size: small;\"><u><b>Partie 689<\/b><\/u><\/span><\/span><\/span><\/a><\/strong><strong><span style=\"color: #444444;\"><span style=\"font-family: Times New Roman, serif;\"><span style=\"font-size: small;\">\u00a0<\/span><\/span><\/span><\/strong><strong><span style=\"color: #444444;\"><span style=\"font-family: Times New Roman, serif;\"><span style=\"font-size: small;\"><b>: 5 mai (1).\u00a0<\/b><\/span><\/span><\/span><\/strong><strong><a href=\"https:\/\/ismfrance.org\/index.php\/2026\/05\/11\/temoignages-de-gazaouis-la-survie-qui-sorganise-au-jour-le-jour-dans-lenfer-de-gaza-partie-690-10-05-la-vie-une-longue-file-dattente-pour-survivre\/\"><span style=\"color: #1982d1;\"><span style=\"font-family: Times New Roman, serif;\"><span style=\"font-size: small;\"><u><b>Partie 690<\/b><\/u><\/span><\/span><\/span><\/a><\/strong><strong><span style=\"color: #444444;\"><span style=\"font-family: Times New Roman, serif;\"><span style=\"font-size: small;\">\u00a0<\/span><\/span><\/span><\/strong><strong><span style=\"color: #444444;\"><span style=\"font-family: Times New Roman, serif;\"><span style=\"font-size: small;\"><b>: 10 mai.\u00a0<\/b><\/span><\/span><\/span><\/strong><strong><a href=\"https:\/\/ismfrance.org\/index.php\/2026\/05\/13\/temoignages-de-gazaouis-la-survie-qui-sorganise-au-jour-le-jour-dans-lenfer-de-gaza-partie-691-11-12-05-quand-la-tente-devient-une-epreuve-quotidienne-des-p\/\"><span style=\"color: #1982d1;\"><span style=\"font-family: Times New Roman, serif;\"><span style=\"font-size: small;\"><u><b>Partie 691<\/b><\/u><\/span><\/span><\/span><\/a><\/strong><strong><span style=\"color: #444444;\"><span style=\"font-family: Times New Roman, serif;\"><span style=\"font-size: small;\">\u00a0<\/span><\/span><\/span><\/strong><strong><span style=\"color: #444444;\"><span style=\"font-family: Times New Roman, serif;\"><span style=\"font-size: small;\"><b>: 11-12 mai.\u00a0<\/b><\/span><\/span><\/span><\/strong><strong><a href=\"https:\/\/ismfrance.org\/index.php\/2026\/05\/16\/temoignages-de-gazaouis-la-survie-qui-sorganise-au-jour-le-jour-dans-lenfer-de-gaza-partie-692-15-05-la-poursuite-de-lenseignement-malgre-la-guerre\/\"><span style=\"color: #1982d1;\"><span style=\"font-family: Times New Roman, serif;\"><span style=\"font-size: small;\"><u><b>Partie 692<\/b><\/u><\/span><\/span><\/span><\/a><\/strong><strong><span style=\"color: #444444;\"><span style=\"font-family: Times New Roman, serif;\"><span style=\"font-size: small;\">\u00a0<\/span><\/span><\/span><\/strong><strong><span style=\"color: #444444;\"><span style=\"font-family: Times New Roman, serif;\"><span style=\"font-size: small;\"><b>: 15 mai.\u00a0<\/b><\/span><\/span><\/span><\/strong><strong><a href=\"https:\/\/ismfrance.org\/index.php\/2026\/05\/18\/temoignages-de-gazaouis-la-survie-qui-sorganise-au-jour-le-jour-dans-lenfer-de-gaza-partie-693-17-05-un-espace-entier-depuisement-a-ciel-ouvert\/\"><span style=\"color: #1982d1;\"><span style=\"font-family: Times New Roman, serif;\"><span style=\"font-size: small;\"><u><b>Partie 693<\/b><\/u><\/span><\/span><\/span><\/a><\/strong><strong><span style=\"color: #444444;\"><span style=\"font-family: Times New Roman, serif;\"><span style=\"font-size: small;\">\u00a0<\/span><\/span><\/span><\/strong><strong><span style=\"color: #444444;\"><span style=\"font-family: Times New Roman, serif;\"><span style=\"font-size: small;\"><b>: 17 mai.\u00a0<\/b><\/span><\/span><\/span><\/strong><strong><a href=\"https:\/\/ismfrance.org\/index.php\/2026\/05\/22\/temoignages-de-gazaouis-la-survie-qui-sorganise-au-jour-le-jour-dans-lenfer-de-gaza-partie-694-20-21-05-faire-face-a-lexploitation-economique-et-renf\/\"><span style=\"color: #1982d1;\"><span style=\"font-family: Times New Roman, serif;\"><span style=\"font-size: small;\"><u><b>Partie 694<\/b><\/u><\/span><\/span><\/span><\/a><\/strong><strong><span style=\"color: #444444;\"><span style=\"font-family: Times New Roman, serif;\"><span style=\"font-size: small;\">\u00a0<\/span><\/span><\/span><\/strong><strong><span style=\"color: #444444;\"><span style=\"font-family: Times New Roman, serif;\"><span style=\"font-size: small;\"><b>: 21-22 mai.\u00a0<\/b><\/span><\/span><\/span><\/strong><strong><a href=\"https:\/\/ismfrance.org\/index.php\/2026\/05\/27\/temoignages-de-gazaouis-la-survie-qui-sorganise-au-jour-le-jour-dans-lenfer-de-gaza-partie-695-26-05-une-societe-en-etat-collectif-de-traumatisme-psychologiqu\/\"><span style=\"color: #1982d1;\"><span style=\"font-family: Times New Roman, serif;\"><span style=\"font-size: small;\"><u><b>Partie 695<\/b><\/u><\/span><\/span><\/span><\/a><\/strong><strong><span style=\"color: #444444;\"><span style=\"font-family: Times New Roman, serif;\"><span style=\"font-size: small;\">\u00a0<\/span><\/span><\/span><\/strong><strong><span style=\"color: #444444;\"><span style=\"font-family: Times New Roman, serif;\"><span style=\"font-size: small;\"><b>: 26 mai.\u00a0<\/b><\/span><\/span><\/span><\/strong><strong><a href=\"https:\/\/ismfrance.org\/index.php\/2026\/05\/27\/temoignages-de-gazaouis-la-survie-qui-sorganise-au-jour-le-jour-dans-lenfer-de-gaza-partie-696-27-05-sous-le-soleil-les-tentes-transformees-en-fours\/\"><span style=\"color: #1982d1;\"><span style=\"font-family: Times New Roman, serif;\"><span style=\"font-size: small;\"><u><b>Partie 696<\/b><\/u><\/span><\/span><\/span><\/a><\/strong><strong><span style=\"color: #444444;\"><span style=\"font-family: Times New Roman, serif;\"><span style=\"font-size: small;\">\u00a0<\/span><\/span><\/span><\/strong><strong><span style=\"color: #444444;\"><span style=\"font-family: Times New Roman, serif;\"><span style=\"font-size: small;\"><b>: 27 mai.\u00a0<\/b><\/span><\/span><\/span><\/strong><strong><a href=\"https:\/\/ismfrance.org\/index.php\/2026\/05\/28\/temoignages-de-gazaouis-la-survie-qui-sorganise-au-jour-le-jour-dans-lenfer-de-gaza-partie-697-28-05-les-flottilles-de-la-liberte-le-recit-dune-gaza\/\"><span style=\"color: #1982d1;\"><span style=\"font-family: Times New Roman, serif;\"><span style=\"font-size: small;\"><u><b>Partie 697<\/b><\/u><\/span><\/span><\/span><\/a><\/strong><strong><span style=\"color: #444444;\"><span style=\"font-family: Times New Roman, serif;\"><span style=\"font-size: small;\">\u00a0<\/span><\/span><\/span><\/strong><strong><span style=\"color: #444444;\"><span style=\"font-family: Times New Roman, serif;\"><span style=\"font-size: small;\"><b>: 28 mai.\u00a0<\/b><\/span><\/span><\/span><\/strong><strong><a href=\"https:\/\/ismfrance.org\/index.php\/2026\/05\/30\/temoignages-de-gazaouis-la-survie-qui-sorganise-au-jour-le-jour-dans-lenfer-de-gaza-partie-699-28-05-1-lueurs-de-resilience-voix-resilientes\/\"><span style=\"color: #1982d1;\"><span style=\"font-family: Times New Roman, serif;\"><span style=\"font-size: small;\"><u><b>Partie 698<\/b><\/u><\/span><\/span><\/span><\/a><\/strong><strong><span style=\"color: #444444;\"><span style=\"font-family: Times New Roman, serif;\"><span style=\"font-size: small;\">\u00a0<\/span><\/span><\/span><\/strong><strong><span style=\"color: #444444;\"><span style=\"font-family: Times New Roman, serif;\"><span style=\"font-size: small;\"><b>: 28 mai (1).\u00a0<\/b><\/span><\/span><\/span><\/strong><strong><a href=\"https:\/\/ismfrance.org\/index.php\/2026\/05\/31\/temoignages-de-gazaouis-la-survie-qui-sorganise-au-jour-le-jour-dans-lenfer-de-gaza-partie-699-30-05-entre-guerre-et-reconfiguration\/\"><span style=\"color: #1982d1;\"><span style=\"font-family: Times New Roman, serif;\"><span style=\"font-size: small;\"><u><b>Partie 699<\/b><\/u><\/span><\/span><\/span><\/a><\/strong><strong><span style=\"color: #444444;\"><span style=\"font-family: Times New Roman, serif;\"><span style=\"font-size: small;\">\u00a0<\/span><\/span><\/span><\/strong><strong><span style=\"color: #444444;\"><span style=\"font-family: Times New Roman, serif;\"><span style=\"font-size: small;\"><b>: 30 mai.\u00a0<\/b><\/span><\/span><\/span><\/strong><strong><a href=\"https:\/\/ismfrance.org\/index.php\/2026\/06\/02\/temoignages-de-gazaouis-la-survie-qui-sorganise-au-jour-le-jour-dans-lenfer-de-gaza-partie-700-31-05-un-repas-chaud-la-derniere-ligne-de-defense-de-la-v\/\"><span style=\"color: #1982d1;\"><span style=\"font-family: Times New Roman, serif;\"><span style=\"font-size: small;\"><u><b>Partie 700<\/b><\/u><\/span><\/span><\/span><\/a><\/strong><strong><span style=\"color: #444444;\"><span style=\"font-family: Times New Roman, serif;\"><span style=\"font-size: small;\">\u00a0<\/span><\/span><\/span><\/strong><strong><span style=\"color: #444444;\"><span style=\"font-family: Times New Roman, serif;\"><span style=\"font-size: small;\"><b>: 31 mai.\u00a0<\/b><\/span><\/span><\/span><\/strong><strong><a href=\"https:\/\/ismfrance.org\/index.php\/2026\/06\/04\/temoignages-de-gazaouis-la-survie-qui-sorganise-au-jour-le-jour-dans-lenfer-de-gaza-partie-701-2-3-06-joie-sous-les-decombres-pour-laid-al-adha\/\"><span style=\"color: #1982d1;\"><span style=\"font-family: Times New Roman, serif;\"><span style=\"font-size: small;\"><u><b>Partie 701<\/b><\/u><\/span><\/span><\/span><\/a><\/strong><strong><span style=\"color: #444444;\"><span style=\"font-family: Times New Roman, serif;\"><span style=\"font-size: small;\">\u00a0<\/span><\/span><\/span><\/strong><strong><span style=\"color: #444444;\"><span style=\"font-family: Times New Roman, serif;\"><span style=\"font-size: small;\"><b>: 2-3 juin.\u00a0<\/b><\/span><\/span><\/span><\/strong><strong><a href=\"https:\/\/ismfrance.org\/index.php\/2026\/06\/05\/temoignages-de-gazaouis-la-survie-qui-sorganise-au-jour-le-jour-dans-lenfer-de-gaza-partie-702-4-06-quand-les-tentes-deviennent-des-ecoles\/\"><span style=\"color: #1982d1;\"><span style=\"font-family: Times New Roman, serif;\"><span style=\"font-size: small;\"><u><b>Partie 702<\/b><\/u><\/span><\/span><\/span><\/a><\/strong><strong><span style=\"color: #444444;\"><span style=\"font-family: Times New Roman, serif;\"><span style=\"font-size: small;\">\u00a0<\/span><\/span><\/span><\/strong><strong><span style=\"color: #444444;\"><span style=\"font-family: Times New Roman, serif;\"><span style=\"font-size: small;\"><b>: 4 juin.\u00a0<\/b><\/span><\/span><\/span><\/strong><strong><a href=\"https:\/\/ismfrance.org\/index.php\/2026\/06\/06\/temoignages-de-gazaouis-la-survie-qui-sorganise-au-jour-le-jour-dans-lenfer-de-gaza-partie-703-5-06-temoin-dune-patrie-de-tentes\/\"><span style=\"color: #1982d1;\"><span style=\"font-family: Times New Roman, serif;\"><span style=\"font-size: small;\"><u><b>Partie 703<\/b><\/u><\/span><\/span><\/span><\/a><\/strong><strong><span style=\"color: #444444;\"><span style=\"font-family: Times New Roman, serif;\"><span style=\"font-size: small;\">\u00a0<\/span><\/span><\/span><\/strong><strong><span style=\"color: #444444;\"><span style=\"font-family: Times New Roman, serif;\"><span style=\"font-size: small;\"><b>: 5 juin.\u00a0<\/b><\/span><\/span><\/span><\/strong><strong><a href=\"https:\/\/ismfrance.org\/index.php\/2026\/06\/08\/temoignages-de-gazaouis-la-survie-qui-sorganise-au-jour-le-jour-dans-lenfer-de-gaza-partie-704-6-06-tout-est-identique-tout-est-provisoire\/\"><span style=\"color: #1982d1;\"><span style=\"font-family: Times New Roman, serif;\"><span style=\"font-size: small;\"><u><b>Partie 704<\/b><\/u><\/span><\/span><\/span><\/a><\/strong><strong><span style=\"color: #444444;\"><span style=\"font-family: Times New Roman, serif;\"><span style=\"font-size: small;\">\u00a0<\/span><\/span><\/span><\/strong><strong><span style=\"color: #444444;\"><span style=\"font-family: Times New Roman, serif;\"><span style=\"font-size: small;\"><b>: 6 juin.\u00a0<\/b><\/span><\/span><\/span><\/strong><strong><a href=\"https:\/\/ismfrance.org\/index.php\/2026\/06\/10\/temoignages-de-gazaouis-la-survie-qui-sorganise-au-jour-le-jour-dans-lenfer-de-gaza-partie-705-7-06-une-bataille-pour-la-survie-absente-des-ecrans\/\"><span style=\"color: #1982d1;\"><span style=\"font-family: Times New Roman, serif;\"><span style=\"font-size: small;\"><u><b>Partie 705<\/b><\/u><\/span><\/span><\/span><\/a><\/strong><strong><span style=\"color: #444444;\"><span style=\"font-family: Times New Roman, serif;\"><span style=\"font-size: small;\">\u00a0<\/span><\/span><\/span><\/strong><strong><span style=\"color: #444444;\"><span style=\"font-family: Times New Roman, serif;\"><span style=\"font-size: small;\"><b>: 7 juin.\u00a0<\/b><\/span><\/span><\/span><\/strong><strong><a href=\"https:\/\/ismfrance.org\/index.php\/2026\/06\/11\/temoignages-de-gazaouis-la-survie-qui-sorganise-au-jour-le-jour-dans-lenfer-de-gaza-partie-706-8-9-06-laid-son-ambiance-et-ses-journees\/\"><span style=\"color: #1982d1;\"><span style=\"font-family: Times New Roman, serif;\"><span style=\"font-size: small;\"><u><b>Partie 706<\/b><\/u><\/span><\/span><\/span><\/a><\/strong><strong><span style=\"color: #444444;\"><span style=\"font-family: Times New Roman, serif;\"><span style=\"font-size: small;\">\u00a0<\/span><\/span><\/span><\/strong><strong><span style=\"color: #444444;\"><span style=\"font-family: Times New Roman, serif;\"><span style=\"font-size: small;\"><b>: 8-9 juin.\u00a0<\/b><\/span><\/span><\/span><\/strong><strong><a href=\"https:\/\/ismfrance.org\/index.php\/2026\/06\/14\/temoignages-de-gazaouis-la-survie-qui-sorganise-au-jour-le-jour-dans-lenfer-de-gaza-partie-707-11-06-que-signifie-le-controle-israelien-sur-70-du-territ\/\"><span style=\"color: #1982d1;\"><span style=\"font-family: Times New Roman, serif;\"><span style=\"font-size: small;\"><u><b>Partie 707<\/b><\/u><\/span><\/span><\/span><\/a><\/strong><strong><span style=\"color: #444444;\"><span style=\"font-family: Times New Roman, serif;\"><span style=\"font-size: small;\">\u00a0<\/span><\/span><\/span><\/strong><strong><span style=\"color: #444444;\"><span style=\"font-family: Times New Roman, serif;\"><span style=\"font-size: small;\"><b>: 11 juin.\u00a0<\/b><\/span><\/span><\/span><\/strong><strong><a href=\"https:\/\/ismfrance.org\/index.php\/2026\/06\/15\/temoignages-de-gazaouis-la-survie-qui-sorganise-au-jour-le-jour-dans-lenfer-de-gaza-partie-708-14-06-entre-files-dattente-et-tables-de-survie\/\"><span style=\"color: #1982d1;\"><span style=\"font-family: Times New Roman, serif;\"><span style=\"font-size: small;\"><u><b>Partie 708<\/b><\/u><\/span><\/span><\/span><\/a><\/strong><strong><span style=\"color: #444444;\"><span style=\"font-family: Times New Roman, serif;\"><span style=\"font-size: small;\">\u00a0<\/span><\/span><\/span><\/strong><strong><span style=\"color: #444444;\"><span style=\"font-family: Times New Roman, serif;\"><span style=\"font-size: small;\"><b>: 14 juin.\u00a0<\/b><\/span><\/span><\/span><\/strong><strong><a href=\"https:\/\/ismfrance.org\/index.php\/2026\/06\/17\/temoignages-de-gazaouis-la-survie-qui-sorganise-au-jour-le-jour-dans-lenfer-de-gaza-partie-709-15-06-investir-dans-leducation-pour-lave\/\"><span style=\"color: #1982d1;\"><span style=\"font-family: Times New Roman, serif;\"><span style=\"font-size: small;\"><u><b>Partie 709<\/b><\/u><\/span><\/span><\/span><\/a><\/strong><strong><span style=\"color: #444444;\"><span style=\"font-family: Times New Roman, serif;\"><span style=\"font-size: small;\">\u00a0<\/span><\/span><\/span><\/strong><strong><span style=\"color: #444444;\"><span style=\"font-family: Times New Roman, serif;\"><span style=\"font-size: small;\"><b>: 15 juin.\u00a0<\/b><\/span><\/span><\/span><\/strong><strong><a href=\"https:\/\/ismfrance.org\/index.php\/2026\/06\/18\/temoignages-de-gazaouis-la-survie-qui-sorganise-au-jour-le-jour-dans-lenfer-de-gaza-partie-710-17-06-exposition-culturelle-a-gaza-deux-annees-de-creati\/\"><span style=\"color: #1982d1;\"><span style=\"font-family: Times New Roman, serif;\"><span style=\"font-size: small;\"><u><b>Partie 710<\/b><\/u><\/span><\/span><\/span><\/a><\/strong><strong><span style=\"color: #444444;\"><span style=\"font-family: Times New Roman, serif;\"><span style=\"font-size: small;\">\u00a0<\/span><\/span><\/span><\/strong><strong><span style=\"color: #444444;\"><span style=\"font-family: Times New Roman, serif;\"><span style=\"font-size: small;\"><b>: 17 juin.\u00a0<\/b><\/span><\/span><\/span><\/strong><strong><a href=\"https:\/\/ismfrance.org\/index.php\/2026\/06\/19\/temoignages-de-gazaouis-la-survie-qui-sorganise-au-jour-le-jour-dans-lenfer-de-gaza-partie-711-8-au-14-06-comment-sadapter-aux-fortes-temperatur\/\"><span style=\"color: #1982d1;\"><span style=\"font-family: Times New Roman, serif;\"><span style=\"font-size: small;\"><u><b>Partie 711<\/b><\/u><\/span><\/span><\/span><\/a><\/strong><strong><span style=\"color: #444444;\"><span style=\"font-family: Times New Roman, serif;\"><span style=\"font-size: small;\">\u00a0<\/span><\/span><\/span><\/strong><strong><span style=\"color: #444444;\"><span style=\"font-family: Times New Roman, serif;\"><span style=\"font-size: small;\"><b>: 8-14 juin.\u00a0<\/b><\/span><\/span><\/span><\/strong><strong><a href=\"https:\/\/ismfrance.org\/index.php\/2026\/06\/21\/temoignages-de-gazaouis-la-survie-qui-sorganise-au-jour-le-jour-dans-lenfer-de-gaza-partie-712-19-06-se-proteger-des-nuisibles-entre-les-pressions-et-l\/\"><span style=\"color: #1982d1;\"><span style=\"font-family: Times New Roman, serif;\"><span style=\"font-size: small;\"><u><b>Partie 712<\/b><\/u><\/span><\/span><\/span><\/a><\/strong><strong><span style=\"color: #444444;\"><span style=\"font-family: Times New Roman, serif;\"><span style=\"font-size: small;\">\u00a0<\/span><\/span><\/span><\/strong><strong><span style=\"color: #444444;\"><span style=\"font-family: Times New Roman, serif;\"><span style=\"font-size: small;\"><b>: 19 juin.\u00a0<\/b><\/span><\/span><\/span><\/strong><strong><a href=\"https:\/\/ismfrance.org\/index.php\/2026\/06\/25\/temoignages-de-gazaouis-la-survie-qui-sorganise-au-jour-le-jour-dans-lenfer-de-gaza-partie-713-20-06-les-conditions-de-vie-continuent-de-seffond\/\"><span style=\"color: #1982d1;\"><span style=\"font-family: Times New Roman, serif;\"><span style=\"font-size: small;\"><u><b>Partie 713<\/b><\/u><\/span><\/span><\/span><\/a><\/strong><strong><span style=\"color: #444444;\"><span style=\"font-family: Times New Roman, serif;\"><span style=\"font-size: small;\">\u00a0<\/span><\/span><\/span><\/strong><strong><span style=\"color: #444444;\"><span style=\"font-family: Times New Roman, serif;\"><span style=\"font-size: small;\"><b>: 20 juin.\u00a0<\/b><\/span><\/span><\/span><\/strong><strong><a href=\"https:\/\/ismfrance.org\/index.php\/2026\/06\/28\/temoignages-de-gazaouis-la-survie-qui-sorganise-au-jour-le-jour-dans-lenfer-de-gaza-partie-714-27-06-israel-reactive-son-projet-de-gaza-sans-gazaouis\/\"><span style=\"color: #1982d1;\"><span style=\"font-family: Times New Roman, serif;\"><span style=\"font-size: small;\"><u><b>Partie 714<\/b><\/u><\/span><\/span><\/span><\/a><\/strong><strong><span style=\"color: #444444;\"><span style=\"font-family: Times New Roman, serif;\"><span style=\"font-size: small;\">\u00a0<\/span><\/span><\/span><\/strong><strong><span style=\"color: #444444;\"><span style=\"font-family: Times New Roman, serif;\"><span style=\"font-size: small;\"><b>: 27 juin.\u00a0<\/b><\/span><\/span><\/span><\/strong><strong><a href=\"https:\/\/ismfrance.org\/index.php\/2026\/07\/01\/temoignages-de-gazaouis-la-survie-qui-sorganise-au-jour-le-jour-dans-lenfer-de-gaza-partie-715-29-06-l-action-humanitaire-partenaire-et-protectr\/\"><span style=\"color: #1982d1;\"><span style=\"font-family: Times New Roman, serif;\"><span style=\"font-size: small;\"><u><b>Partie 715<\/b><\/u><\/span><\/span><\/span><\/a><\/strong><strong><span style=\"color: #444444;\"><span style=\"font-family: Times New Roman, serif;\"><span style=\"font-size: small;\">\u00a0<\/span><\/span><\/span><\/strong><strong><span style=\"color: #444444;\"><span style=\"font-family: Times New Roman, serif;\"><span style=\"font-size: small;\"><b>: 29 juin.\u00a0<\/b><\/span><\/span><\/span><\/strong><strong><a href=\"https:\/\/ismfrance.org\/index.php\/2026\/07\/03\/temoignages-de-gazaouis-la-survie-qui-sorganise-au-jour-le-jour-dans-lenfer-de-gaza-partie-716-01-07-soif-et-cohesion-communautaire\/\"><span style=\"color: #1982d1;\"><span style=\"font-family: Times New Roman, serif;\"><span style=\"font-size: small;\"><u><b>Partie 716<\/b><\/u><\/span><\/span><\/span><\/a><\/strong><strong><span style=\"color: #444444;\"><span style=\"font-family: Times New Roman, serif;\"><span style=\"font-size: small;\">\u00a0<\/span><\/span><\/span><\/strong><strong><span style=\"color: #444444;\"><span style=\"font-family: Times New Roman, serif;\"><span style=\"font-size: small;\"><b>: 1er juillet.\u00a0<\/b><\/span><\/span><\/span><\/strong><strong><a href=\"https:\/\/ismfrance.org\/index.php\/2026\/07\/05\/temoignages-de-gazaouis-la-survie-qui-sorganise-au-jour-le-jour-dans-lenfer-de-gaza-partie-717-04-07-leducation-un-combat-pour-proteger-l\/\"><span style=\"color: #1982d1;\"><span style=\"font-family: Times New Roman, serif;\"><span style=\"font-size: small;\"><u><b>Partie 717<\/b><\/u><\/span><\/span><\/span><\/a><\/strong><strong><span style=\"color: #444444;\"><span style=\"font-family: Times New Roman, serif;\"><span style=\"font-size: small;\">\u00a0<\/span><\/span><\/span><\/strong><strong><span style=\"color: #444444;\"><span style=\"font-family: Times New Roman, serif;\"><span style=\"font-size: small;\"><b>: 5 juillet.\u00a0<\/b><\/span><\/span><\/span><\/strong><strong><a href=\"https:\/\/ismfrance.org\/index.php\/2026\/07\/06\/temoignages-de-gazaouis-la-survie-qui-sorganise-au-jour-le-jour-dans-lenfer-de-gaza-partie-718-04-07-1-de-leffacement-du-nom-a-la-reconstructi\/\"><span style=\"color: #1982d1;\"><span style=\"font-family: Times New Roman, serif;\"><span style=\"font-size: small;\"><u><b>Partie 718<\/b><\/u><\/span><\/span><\/span><\/a><\/strong><strong><span style=\"color: #444444;\"><span style=\"font-family: Times New Roman, serif;\"><span style=\"font-size: small;\">\u00a0<\/span><\/span><\/span><\/strong><strong><span style=\"color: #444444;\"><span style=\"font-family: Times New Roman, serif;\"><span style=\"font-size: small;\"><b>: 4 juillet (1).<\/b><\/span><\/span><\/span><\/strong><a href=\"https:\/\/ismfrance.org\/index.php\/2026\/07\/08\/temoignages-de-gazaouis-la-survie-qui-sorganise-au-jour-le-jour-dans-lenfer-de-gaza-partie-719-05-07-la-faim-preserver-la-dignite-humaine\/\"><strong><span style=\"color: #1982d1;\"><span style=\"font-family: Times New Roman, serif;\"><span style=\"font-size: small;\"><u>\u00a0<\/u><\/span><\/span><\/span><\/strong><strong><span style=\"color: #1982d1;\"><span style=\"font-family: Times New Roman, serif;\"><span style=\"font-size: small;\"><u><b>Partie 719<\/b><\/u><\/span><\/span><\/span><\/strong><\/a><strong><span style=\"color: #444444;\"><span style=\"font-family: Times New Roman, serif;\"><span style=\"font-size: small;\">\u00a0<\/span><\/span><\/span><\/strong><strong><span style=\"color: #444444;\"><span style=\"font-family: Times New Roman, serif;\"><span style=\"font-size: small;\"><b>: 5 juillet (1).\u00a0<\/b><\/span><\/span><\/span><\/strong><strong><a href=\"https:\/\/ismfrance.org\/index.php\/2026\/07\/09\/temoignages-de-gazaouis-la-survie-qui-sorganise-au-jour-le-jour-dans-lenfer-de-gaza-partie-720-6-7-7-faire-face-a-la-penurie-deau-et-a-la-chaleu\/\"><span style=\"color: #1982d1;\"><span style=\"font-family: Times New Roman, serif;\"><span style=\"font-size: small;\"><u><b>Partie 720<\/b><\/u><\/span><\/span><\/span><\/a><\/strong><strong><span style=\"color: #444444;\"><span style=\"font-family: Times New Roman, serif;\"><span style=\"font-size: small;\">\u00a0<\/span><\/span><\/span><\/strong><strong><span style=\"color: #444444;\"><span style=\"font-family: Times New Roman, serif;\"><span style=\"font-size: small;\"><b>: 6-7 juillet.\u00a0<\/b><\/span><\/span><\/span><\/strong><strong><a href=\"https:\/\/ismfrance.org\/index.php\/2026\/07\/10\/temoignages-de-gazaouis-la-survie-qui-sorganise-au-jour-le-jour-dans-lenfer-de-gaza-partie-721-8-7-leducation-entre-les-decombres-et-les-tentes\/\"><span style=\"color: #1982d1;\"><span style=\"font-family: Times New Roman, serif;\"><span style=\"font-size: small;\"><u><b>Partie 721<\/b><\/u><\/span><\/span><\/span><\/a><\/strong><strong><span style=\"color: #444444;\"><span style=\"font-family: Times New Roman, serif;\"><span style=\"font-size: small;\">\u00a0<\/span><\/span><\/span><\/strong><strong><span style=\"color: #444444;\"><span style=\"font-family: Times New Roman, serif;\"><span style=\"font-size: small;\"><b>: 8 juillet.\u00a0<\/b><\/span><\/span><\/span><\/strong><strong><a href=\"https:\/\/ismfrance.org\/index.php\/2026\/07\/14\/temoignages-de-gazaouis-la-survie-qui-sorganise-au-jour-le-jour-dans-lenfer-de-gaza-partie-722-11-7-autour-des-tables-de-lattente\/\"><span style=\"color: #1982d1;\"><span style=\"font-family: Times New Roman, serif;\"><span style=\"font-size: small;\"><u><b>Partie 722<\/b><\/u><\/span><\/span><\/span><\/a><\/strong><strong><span style=\"color: #444444;\"><span style=\"font-family: Times New Roman, serif;\"><span style=\"font-size: small;\">\u00a0<\/span><\/span><\/span><\/strong><strong><span style=\"color: #444444;\"><span style=\"font-family: Times New Roman, serif;\"><span style=\"font-size: small;\"><b>: 11 juillet.\u00a0<\/b><\/span><\/span><\/span><\/strong><strong><a href=\"https:\/\/ismfrance.org\/index.php\/2026\/07\/15\/temoignages-de-gazaouis-la-survie-qui-sorganise-au-jour-le-jour-dans-lenfer-de-gaza-partie-723-13-7-renforcer-la-gestion-de-la-colere-et-preserver-la-coh\/\"><span style=\"color: #1982d1;\"><span style=\"font-family: Times New Roman, serif;\"><span style=\"font-size: small;\"><u><b>Partie 723<\/b><\/u><\/span><\/span><\/span><\/a><\/strong><strong><span style=\"color: #444444;\"><span style=\"font-family: Times New Roman, serif;\"><span style=\"font-size: small;\">\u00a0<\/span><\/span><\/span><\/strong><strong><span style=\"color: #444444;\"><span style=\"font-family: Times New Roman, serif;\"><span style=\"font-size: small;\"><b>: 13 juillet.\u00a0<\/b><\/span><\/span><\/span><\/strong><strong><a href=\"https:\/\/ismfrance.org\/index.php\/2026\/07\/17\/temoignages-de-gazaouis-la-survie-qui-sorganise-au-jour-le-jour-dans-lenfer-de-gaza-partie-724-15-7-lecole-des-premiers-pas-dessine-une-nouvelle\/\"><span style=\"color: #1982d1;\"><span style=\"font-family: Times New Roman, serif;\"><span style=\"font-size: small;\"><u><b>Partie 724<\/b><\/u><\/span><\/span><\/span><\/a><\/strong><strong><span style=\"color: #444444;\"><span style=\"font-family: Times New Roman, serif;\"><span style=\"font-size: small;\"><b> : 15 juillet. <a href=\"https:\/\/ismfrance.org\/index.php\/2026\/07\/18\/temoignages-de-gazaouis-la-survie-qui-sorganise-au-jour-le-jour-dans-lenfer-de-gaza-partie-725-17-7-le-mariage-precoce-dans-les-camps-autre-consequence\/\">Partie 725<\/a> : 17 juillet. <a href=\"https:\/\/ismfrance.org\/index.php\/2026\/07\/20\/temoignages-de-gazaouis-la-survie-qui-sorganise-au-jour-le-jour-dans-lenfer-de-gaza-partie-726-18-7-nos-joies-sous-les-tentes-du-deplacement\/\">Partie 726<\/a> : 18 juillet.\u00a0 <a href=\"https:\/\/ismfrance.org\/index.php\/2026\/07\/22\/temoignages-de-gazaouis-la-survie-qui-sorganise-au-jour-le-jour-dans-lenfer-de-gaza-partie-727-19-7-une-economie-sous-les-decombres\/\">Partie 727<\/a> : 19 juillet. <a href=\"https:\/\/ismfrance.org\/index.php\/2026\/07\/24\/temoignages-de-gazaouis-la-survie-qui-sorganise-au-jour-le-jour-dans-lenfer-de-gaza-partie-728-23-7-une-generation-en-quete-davenir\/\">Partie 728<\/a> : 23 juillet. <a href=\"https:\/\/ismfrance.org\/index.php\/2026\/07\/27\/temoignages-de-gazaouis-la-survie-qui-sorganise-au-jour-le-jour-dans-lenfer-de-gaza-partie-729-25-7-le-voyage-des-agriculteurs-de-leurs-terres-aux-tentes-du\/\">Partie 729<\/a> : 25 juillet. <a href=\"https:\/\/ismfrance.org\/index.php\/2026\/07\/30\/temoignages-de-gazaouis-la-survie-qui-sorganise-au-jour-le-jour-dans-lenfer-de-gaza-partie-730-26-27-7-recreer-un-foyer-dans-la-tente\/\">Partie 730<\/a> : 26-27 juillet. <a href=\"https:\/\/ismfrance.org\/index.php\/2026\/07\/31\/temoignages-de-gazaouis-la-survie-qui-sorganise-au-jour-le-jour-dans-lenfer-de-gaza-partie-731-29-7-je-ne-sais-plus-quoi-ecrire\/\">Partie 731<\/a> : 29 juillet. <a href=\"https:\/\/ismfrance.org\/index.php\/2026\/08\/03\/temoignages-de-gazaouis-la-survie-qui-sorganise-au-jour-le-jour-dans-lenfer-de-gaza-partie-732-1er-8-gaza-na-pas-besoin-de-declarations-d\/\">Partie 732<\/a> : 1er ao\u00fbt. <a href=\"https:\/\/ismfrance.org\/index.php\/2026\/08\/06\/temoignages-de-gazaouis-la-survie-qui-sorganise-au-jour-le-jour-dans-lenfer-de-gaza-partie-733-3-8-un-sourire-au-coeur-du-deplacement\/\">Partie 733<\/a> : 3 ao\u00fbt. <a href=\"https:\/\/ismfrance.org\/index.php\/2026\/08\/10\/temoignages-de-gazaouis-la-survie-qui-sorganise-au-jour-le-jour-dans-lenfer-de-gaza-partie-734-8-9-8-droits-des-femmes-deplacees-force-communautaire\/\">Partie 734<\/a> : 8-9 ao\u00fbt. <a href=\"https:\/\/ismfrance.org\/index.php\/2026\/08\/13\/temoignages-de-gazaouis-la-survie-qui-sorganise-au-jour-le-jour-dans-lenfer-de-gaza-partie-735-11-8-le-repas-qui-protege-une-famille\/\">Partie 735<\/a> : 11 ao\u00fbt. <a href=\"https:\/\/ismfrance.org\/index.php\/2026\/08\/13\/temoignages-de-gazaouis-la-survie-qui-sorganise-au-jour-le-jour-dans-lenfer-de-gaza-partie-736-12-8-leducation-entre-guerre-et-tentative-de-retr\/\">Partie 736<\/a> : 12 ao\u00fbt. <a href=\"https:\/\/ismfrance.org\/index.php\/2026\/08\/19\/30969\/\">Partie 737<\/a> : 15-17 ao\u00fbt. <a href=\"https:\/\/ismfrance.org\/index.php\/2026\/08\/23\/temoignages-de-gazaouis-la-survie-qui-sorganise-au-jour-le-jour-dans-lenfer-de-gaza-partie-738-23-8-economie-souterraine-a-gaza\/\">Partie 738<\/a> : 23 ao\u00fbt. <a href=\"https:\/\/ismfrance.org\/index.php\/2026\/08\/26\/temoignages-de-gazaouis-la-survie-qui-sorganise-au-jour-le-jour-dans-lenfer-de-gaza-partie-739-25-8-protection-des-enfants-faire-face-a-la-chaleur-dans-les\/\">Partie 739<\/a> : 25 juillet. <a href=\"https:\/\/ismfrance.org\/index.php\/2026\/08\/29\/temoignages-de-gazaouis-la-survie-qui-sorganise-au-jour-le-jour-dans-lenfer-de-gaza-partie-740-28-8-colere-des-notables-et-des-mokhtars-de-lest-de-kh\/\">Partie 740<\/a> : 28 ao\u00fbt. <a href=\"https:\/\/ismfrance.org\/index.php\/2026\/09\/01\/temoignages-de-gazaouis-la-survie-qui-sorganise-au-jour-le-jour-dans-lenfer-de-gaza-partie-741-29-8-de-la-terre-a-lespoir-une-nouvelle-initiati\/\">Partie 741<\/a> : 29 ao\u00fbt.<\/b><\/span><\/span><\/span><\/strong><\/p>\n<pre class=\"western\"><em><span style=\"color: #444444;\"><span style=\"font-family: Times New Roman, serif;\"><span style=\"font-size: small;\"><i><b>* <\/b><\/i><\/span><\/span><\/span><\/em><em><a href=\"https:\/\/ismfrance.org\/index.php\/temoignages-gazaouis-survie-enfer-gaza-1\/\" target=\"_blank\" rel=\"noopener\"><span style=\"color: #1982d1;\"><span style=\"font-family: Times New Roman, serif;\"><span style=\"font-size: small;\"><i><u><b>T\u00e9moignages du 20 novembre 2023 au 5 janvier 2025 (partie 1 \u00e0 268)<\/b><\/u><\/i><\/span><\/span><\/span><\/a><\/em>\r\n<strong><span style=\"color: #444444;\"><span style=\"font-family: Times New Roman, serif;\"><span style=\"font-size: small;\"><i><b>* <\/b><\/i><\/span><\/span><\/span><\/strong><strong><a href=\"https:\/\/ismfrance.org\/index.php\/2025\/05\/11\/temoignages-de-gazaouis-la-survie-qui-sorganise-au-jour-le-jour-dans-lenfer-de-gaza-recapitulatif-du-5-janvier-au-9-mai-2025-partie-269-a-392\/\"><span style=\"color: #1982d1;\"><span style=\"font-family: Times New Roman, serif;\"><span style=\"font-size: small;\"><i><u><b>T\u00e9moignages du 5 janvier au 9 mai 2025 (partie 269 \u00e0 392)<\/b><\/u><\/i><\/span><\/span><\/span><\/a><\/strong>\r\n<strong><span style=\"color: #444444;\"><span style=\"font-family: Times New Roman, serif;\"><span style=\"font-size: small;\"><i><b>* <\/b><\/i><\/span><\/span><\/span><\/strong><strong><a href=\"https:\/\/ismfrance.org\/index.php\/2025\/10\/07\/temoignages-de-gazaouis-la-survie-qui-sorganise-au-jour-le-jour-dans-lenfer-de-gaza-recapitulatif-du-10-mai-au-5-octobre-2025-partie-393-a-540\/\"><span style=\"color: #1982d1;\"><span style=\"font-family: Times New Roman, serif;\"><span style=\"font-size: small;\"><i><u><b>T\u00e9moignages du 10 mai au 5 octobre 2025 (partie 393 \u00e0 540)<\/b><\/u><\/i><\/span><\/span><\/span><\/a><\/strong>\r\n<strong><span style=\"color: #444444;\"><span style=\"font-family: Times New Roman, serif;\"><span style=\"font-size: small;\"><b>* <\/b><\/span><\/span><\/span><\/strong><em><a href=\"https:\/\/ismfrance.org\/index.php\/2026\/01\/03\/temoignages-de-gazaouis-la-survie-qui-sorganise-au-jour-le-jour-dans-lenfer-de-gaza-recapitulatif-du-6-octobre-au-31-decembre-2025-partie-541-a-614\/\"><span style=\"color: #1982d1;\"><span style=\"font-family: Times New Roman, serif;\"><span style=\"font-size: small;\"><i><u><b>T\u00e9moignages du 6 octobre au 31 d\u00e9cembre 2025 (partie 541 \u00e0 614)<\/b><\/u><\/i><\/span><\/span><\/span><\/a><\/em>\r\n\r\n<strong><span style=\"color: #000000;\"><span style=\"font-family: Times New Roman, serif;\"><span style=\"font-size: small;\"><b>Pour participer \u00e0 la collecte \"Urgence Guerre \u00e0 Gaza\" : <\/b><\/span><\/span><\/span><\/strong><strong><a href=\"https:\/\/www.helloasso.com\/associations\/union-juive-francaise-pour-la-paix\/collectes\/urgence-guerre-a-gaza\"><span style=\"color: #000000;\"><span style=\"font-family: Times New Roman, serif;\"><span style=\"font-size: small;\"><u><b>HelloAsso.com<\/b><\/u><\/span><\/span><\/span><\/a><\/strong>\r\n<strong><span style=\"color: #000000;\"><span style=\"font-family: Times New Roman, serif;\"><span style=\"font-size: small;\"><b>Les t\u00e9moignages sont publi\u00e9s sur <\/b><\/span><\/span><\/span><\/strong><strong><a href=\"https:\/\/ujfp.org\/\"><span style=\"color: #000000;\"><span style=\"font-family: Times New Roman, serif;\"><span style=\"font-size: small;\"><u><b>UJFP<\/b><\/u><\/span><\/span><\/span><\/a><\/strong> <strong><span style=\"color: #000000;\"><span style=\"font-family: Times New Roman, serif;\"><span style=\"font-size: small;\"><b>\/\u00a0<\/b><\/span><\/span><\/span><\/strong><strong><a href=\"https:\/\/altermidi.org\/\"><span style=\"color: #000000;\"><span style=\"font-family: Times New Roman, serif;\"><span style=\"font-size: small;\"><u><b>Altermidi<\/b><\/u><\/span><\/span><\/span><\/a><\/strong> <strong><span style=\"color: #000000;\"><span style=\"font-family: Times New Roman, serif;\"><span style=\"font-size: small;\"><b>\/ <\/b><\/span><\/span><\/span><\/strong><strong><a href=\"https:\/\/lepoing.net\/\"><span style=\"color: #000000;\"><span style=\"font-family: Times New Roman, serif;\"><span style=\"font-size: small;\"><u><b>Le Poing<\/b><\/u><\/span><\/span><\/span><\/a><\/strong><\/pre>\n","protected":false},"excerpt":{"rendered":"<p>Brigitte Challande, 3 septembre 2026. Compte rendu hebdomadaire du soutien psychologique pour les femmes, d\u00e9but septembre 2026. \u00ab\u00a0Dans le camp d\u2019Al-Israa, 20 femmes d\u00e9plac\u00e9es trouvent un espace d\u2019espoir\u00a0: quand une <a class=\"more-link\" href=\"https:\/\/ismfrance.org\/index.php\/2026\/09\/03\/temoignages-de-gazaouis-la-survie-qui-sorganise-au-jour-le-jour-dans-lenfer-de-gaza-partie-742-2-9-prendre-soin-de-son-coeur-les-smartphones-entre-util\/\">Lire la suite &rarr;<\/a><\/p>\n","protected":false},"author":3,"featured_media":31183,"comment_status":"closed","ping_status":"closed","sticky":false,"template":"","format":"standard","meta":{"footnotes":""},"categories":[2,13],"tags":[156,46],"class_list":["post-31175","post","type-post","status-publish","format-standard","has-post-thumbnail","hentry","category-articles","category-temoignages","tag-genocide","tag-solidarite"],"yoast_head":"<!-- This site is optimized with the Yoast SEO plugin v28.3 - https:\/\/yoast.com\/product\/yoast-seo-wordpress\/ -->\n<title>T\u00e9moignages de Gazaouis : La survie qui s\u2019organise au jour le jour dans l\u2019enfer de Gaza \u2013 partie 742 \/ 2.9 \u2013\u00a0Prendre soin de son c\u0153ur \/ Les smartphones entre utilit\u00e9 et risques - International Solidarity Movement - ISM-France<\/title>\n<meta name=\"robots\" content=\"index, follow, max-snippet:-1, max-image-preview:large, max-video-preview:-1\" \/>\n<link rel=\"canonical\" href=\"https:\/\/ismfrance.org\/index.php\/2026\/09\/03\/temoignages-de-gazaouis-la-survie-qui-sorganise-au-jour-le-jour-dans-lenfer-de-gaza-partie-742-2-9-prendre-soin-de-son-coeur-les-smartphones-entre-util\/\" \/>\n<meta property=\"og:locale\" content=\"fr_FR\" \/>\n<meta property=\"og:type\" content=\"article\" \/>\n<meta property=\"og:title\" content=\"T\u00e9moignages de Gazaouis : La survie qui s\u2019organise au jour le jour dans l\u2019enfer de Gaza \u2013 partie 742 \/ 2.9 \u2013\u00a0Prendre soin de son c\u0153ur \/ Les smartphones entre utilit\u00e9 et risques - International Solidarity Movement - ISM-France\" \/>\n<meta property=\"og:description\" content=\"Brigitte Challande, 3 septembre 2026. Compte rendu hebdomadaire du soutien psychologique pour les femmes, d\u00e9but septembre 2026. \u00ab\u00a0Dans le camp d\u2019Al-Israa, 20 femmes d\u00e9plac\u00e9es trouvent un espace d\u2019espoir\u00a0: quand une Lire la suite &rarr;\" \/>\n<meta property=\"og:url\" content=\"https:\/\/ismfrance.org\/index.php\/2026\/09\/03\/temoignages-de-gazaouis-la-survie-qui-sorganise-au-jour-le-jour-dans-lenfer-de-gaza-partie-742-2-9-prendre-soin-de-son-coeur-les-smartphones-entre-util\/\" \/>\n<meta property=\"og:site_name\" content=\"International Solidarity Movement - ISM-France\" \/>\n<meta property=\"article:published_time\" content=\"2026-09-03T07:43:54+00:00\" \/>\n<meta property=\"article:modified_time\" content=\"2026-09-03T07:49:21+00:00\" \/>\n<meta property=\"og:image\" content=\"https:\/\/ismfrance.org\/wp-content\/uploads\/2026\/09\/3ddaee34-1e29-4b1b-8c1a-a9e51b915bad.jpg\" \/>\n\t<meta property=\"og:image:width\" content=\"1600\" \/>\n\t<meta property=\"og:image:height\" content=\"1201\" \/>\n\t<meta property=\"og:image:type\" content=\"image\/jpeg\" \/>\n<meta name=\"author\" content=\"mru_01\" \/>\n<meta name=\"twitter:card\" content=\"summary_large_image\" \/>\n<meta name=\"twitter:creator\" content=\"@ISMFRANCE\" \/>\n<meta name=\"twitter:site\" content=\"@ISMFRANCE\" \/>\n<meta name=\"twitter:label1\" content=\"\u00c9crit par\" \/>\n\t<meta name=\"twitter:data1\" content=\"mru_01\" \/>\n\t<meta name=\"twitter:label2\" content=\"Dur\u00e9e de lecture estim\u00e9e\" \/>\n\t<meta name=\"twitter:data2\" content=\"17 minutes\" \/>\n<script type=\"application\/ld+json\" class=\"yoast-schema-graph\">{\"@context\":\"https:\\\/\\\/schema.org\",\"@graph\":[{\"@type\":\"Article\",\"@id\":\"https:\\\/\\\/ismfrance.org\\\/index.php\\\/2026\\\/09\\\/03\\\/temoignages-de-gazaouis-la-survie-qui-sorganise-au-jour-le-jour-dans-lenfer-de-gaza-partie-742-2-9-prendre-soin-de-son-coeur-les-smartphones-entre-util\\\/#article\",\"isPartOf\":{\"@id\":\"https:\\\/\\\/ismfrance.org\\\/index.php\\\/2026\\\/09\\\/03\\\/temoignages-de-gazaouis-la-survie-qui-sorganise-au-jour-le-jour-dans-lenfer-de-gaza-partie-742-2-9-prendre-soin-de-son-coeur-les-smartphones-entre-util\\\/\"},\"author\":{\"name\":\"mru_01\",\"@id\":\"https:\\\/\\\/ismfrance.org\\\/#\\\/schema\\\/person\\\/3c411eb72adfaae19c0dca1f41fae01d\"},\"headline\":\"T\u00e9moignages de Gazaouis : La survie qui s\u2019organise au jour le jour dans l\u2019enfer de Gaza \u2013 partie 742 \\\/ 2.9 \u2013\u00a0Prendre soin de son c\u0153ur \\\/ Les smartphones entre utilit\u00e9 et risques\",\"datePublished\":\"2026-09-03T07:43:54+00:00\",\"dateModified\":\"2026-09-03T07:49:21+00:00\",\"mainEntityOfPage\":{\"@id\":\"https:\\\/\\\/ismfrance.org\\\/index.php\\\/2026\\\/09\\\/03\\\/temoignages-de-gazaouis-la-survie-qui-sorganise-au-jour-le-jour-dans-lenfer-de-gaza-partie-742-2-9-prendre-soin-de-son-coeur-les-smartphones-entre-util\\\/\"},\"wordCount\":3270,\"publisher\":{\"@id\":\"https:\\\/\\\/ismfrance.org\\\/#organization\"},\"image\":{\"@id\":\"https:\\\/\\\/ismfrance.org\\\/index.php\\\/2026\\\/09\\\/03\\\/temoignages-de-gazaouis-la-survie-qui-sorganise-au-jour-le-jour-dans-lenfer-de-gaza-partie-742-2-9-prendre-soin-de-son-coeur-les-smartphones-entre-util\\\/#primaryimage\"},\"thumbnailUrl\":\"https:\\\/\\\/ismfrance.org\\\/wp-content\\\/uploads\\\/2026\\\/09\\\/3ddaee34-1e29-4b1b-8c1a-a9e51b915bad.jpg\",\"keywords\":[\"G\u00e9nocide\",\"solidarit\u00e9\"],\"articleSection\":[\"Articles\",\"T\u00e9moignages\"],\"inLanguage\":\"fr-FR\"},{\"@type\":\"WebPage\",\"@id\":\"https:\\\/\\\/ismfrance.org\\\/index.php\\\/2026\\\/09\\\/03\\\/temoignages-de-gazaouis-la-survie-qui-sorganise-au-jour-le-jour-dans-lenfer-de-gaza-partie-742-2-9-prendre-soin-de-son-coeur-les-smartphones-entre-util\\\/\",\"url\":\"https:\\\/\\\/ismfrance.org\\\/index.php\\\/2026\\\/09\\\/03\\\/temoignages-de-gazaouis-la-survie-qui-sorganise-au-jour-le-jour-dans-lenfer-de-gaza-partie-742-2-9-prendre-soin-de-son-coeur-les-smartphones-entre-util\\\/\",\"name\":\"T\u00e9moignages de Gazaouis : La survie qui s\u2019organise au jour le jour dans l\u2019enfer de Gaza \u2013 partie 742 \\\/ 2.9 \u2013\u00a0Prendre soin de son c\u0153ur \\\/ Les smartphones entre utilit\u00e9 et risques - International Solidarity Movement - ISM-France\",\"isPartOf\":{\"@id\":\"https:\\\/\\\/ismfrance.org\\\/#website\"},\"primaryImageOfPage\":{\"@id\":\"https:\\\/\\\/ismfrance.org\\\/index.php\\\/2026\\\/09\\\/03\\\/temoignages-de-gazaouis-la-survie-qui-sorganise-au-jour-le-jour-dans-lenfer-de-gaza-partie-742-2-9-prendre-soin-de-son-coeur-les-smartphones-entre-util\\\/#primaryimage\"},\"image\":{\"@id\":\"https:\\\/\\\/ismfrance.org\\\/index.php\\\/2026\\\/09\\\/03\\\/temoignages-de-gazaouis-la-survie-qui-sorganise-au-jour-le-jour-dans-lenfer-de-gaza-partie-742-2-9-prendre-soin-de-son-coeur-les-smartphones-entre-util\\\/#primaryimage\"},\"thumbnailUrl\":\"https:\\\/\\\/ismfrance.org\\\/wp-content\\\/uploads\\\/2026\\\/09\\\/3ddaee34-1e29-4b1b-8c1a-a9e51b915bad.jpg\",\"datePublished\":\"2026-09-03T07:43:54+00:00\",\"dateModified\":\"2026-09-03T07:49:21+00:00\",\"breadcrumb\":{\"@id\":\"https:\\\/\\\/ismfrance.org\\\/index.php\\\/2026\\\/09\\\/03\\\/temoignages-de-gazaouis-la-survie-qui-sorganise-au-jour-le-jour-dans-lenfer-de-gaza-partie-742-2-9-prendre-soin-de-son-coeur-les-smartphones-entre-util\\\/#breadcrumb\"},\"inLanguage\":\"fr-FR\",\"potentialAction\":[{\"@type\":\"ReadAction\",\"target\":[\"https:\\\/\\\/ismfrance.org\\\/index.php\\\/2026\\\/09\\\/03\\\/temoignages-de-gazaouis-la-survie-qui-sorganise-au-jour-le-jour-dans-lenfer-de-gaza-partie-742-2-9-prendre-soin-de-son-coeur-les-smartphones-entre-util\\\/\"]}]},{\"@type\":\"ImageObject\",\"inLanguage\":\"fr-FR\",\"@id\":\"https:\\\/\\\/ismfrance.org\\\/index.php\\\/2026\\\/09\\\/03\\\/temoignages-de-gazaouis-la-survie-qui-sorganise-au-jour-le-jour-dans-lenfer-de-gaza-partie-742-2-9-prendre-soin-de-son-coeur-les-smartphones-entre-util\\\/#primaryimage\",\"url\":\"https:\\\/\\\/ismfrance.org\\\/wp-content\\\/uploads\\\/2026\\\/09\\\/3ddaee34-1e29-4b1b-8c1a-a9e51b915bad.jpg\",\"contentUrl\":\"https:\\\/\\\/ismfrance.org\\\/wp-content\\\/uploads\\\/2026\\\/09\\\/3ddaee34-1e29-4b1b-8c1a-a9e51b915bad.jpg\",\"width\":1600,\"height\":1201},{\"@type\":\"BreadcrumbList\",\"@id\":\"https:\\\/\\\/ismfrance.org\\\/index.php\\\/2026\\\/09\\\/03\\\/temoignages-de-gazaouis-la-survie-qui-sorganise-au-jour-le-jour-dans-lenfer-de-gaza-partie-742-2-9-prendre-soin-de-son-coeur-les-smartphones-entre-util\\\/#breadcrumb\",\"itemListElement\":[{\"@type\":\"ListItem\",\"position\":1,\"name\":\"Accueil\",\"item\":\"https:\\\/\\\/ismfrance.org\\\/\"},{\"@type\":\"ListItem\",\"position\":2,\"name\":\"T\u00e9moignages de Gazaouis : La survie qui s\u2019organise au jour le jour dans l\u2019enfer de Gaza \u2013 partie 742 \\\/ 2.9 \u2013\u00a0Prendre soin de son c\u0153ur \\\/ Les smartphones entre utilit\u00e9 et risques\"}]},{\"@type\":\"WebSite\",\"@id\":\"https:\\\/\\\/ismfrance.org\\\/#website\",\"url\":\"https:\\\/\\\/ismfrance.org\\\/\",\"name\":\"ISM Palestine France\",\"description\":\"Soutien aux luttes de lib\u00e9ration du peuple palestinien\",\"publisher\":{\"@id\":\"https:\\\/\\\/ismfrance.org\\\/#organization\"},\"potentialAction\":[{\"@type\":\"SearchAction\",\"target\":{\"@type\":\"EntryPoint\",\"urlTemplate\":\"https:\\\/\\\/ismfrance.org\\\/?s={search_term_string}\"},\"query-input\":{\"@type\":\"PropertyValueSpecification\",\"valueRequired\":true,\"valueName\":\"search_term_string\"}}],\"inLanguage\":\"fr-FR\"},{\"@type\":\"Organization\",\"@id\":\"https:\\\/\\\/ismfrance.org\\\/#organization\",\"name\":\"International Solidarity Movement\",\"url\":\"https:\\\/\\\/ismfrance.org\\\/\",\"logo\":{\"@type\":\"ImageObject\",\"inLanguage\":\"fr-FR\",\"@id\":\"https:\\\/\\\/ismfrance.org\\\/#\\\/schema\\\/logo\\\/image\\\/\",\"url\":\"https:\\\/\\\/ismfrance.org\\\/wp-content\\\/uploads\\\/2020\\\/12\\\/00.png\",\"contentUrl\":\"https:\\\/\\\/ismfrance.org\\\/wp-content\\\/uploads\\\/2020\\\/12\\\/00.png\",\"width\":400,\"height\":400,\"caption\":\"International Solidarity Movement\"},\"image\":{\"@id\":\"https:\\\/\\\/ismfrance.org\\\/#\\\/schema\\\/logo\\\/image\\\/\"},\"sameAs\":[\"https:\\\/\\\/x.com\\\/ISMFRANCE\"]},{\"@type\":\"Person\",\"@id\":\"https:\\\/\\\/ismfrance.org\\\/#\\\/schema\\\/person\\\/3c411eb72adfaae19c0dca1f41fae01d\",\"name\":\"mru_01\",\"image\":{\"@type\":\"ImageObject\",\"inLanguage\":\"fr-FR\",\"@id\":\"https:\\\/\\\/secure.gravatar.com\\\/avatar\\\/3a0be343b445d2ccc79e87444a294fad2b232e90d2051d0e3cc219e1ecd6a330?s=96&d=mm&r=g\",\"url\":\"https:\\\/\\\/secure.gravatar.com\\\/avatar\\\/3a0be343b445d2ccc79e87444a294fad2b232e90d2051d0e3cc219e1ecd6a330?s=96&d=mm&r=g\",\"contentUrl\":\"https:\\\/\\\/secure.gravatar.com\\\/avatar\\\/3a0be343b445d2ccc79e87444a294fad2b232e90d2051d0e3cc219e1ecd6a330?s=96&d=mm&r=g\",\"caption\":\"mru_01\"},\"url\":\"https:\\\/\\\/ismfrance.org\\\/index.php\\\/author\\\/admin02\\\/\"}]}<\/script>\n<!-- \/ Yoast SEO plugin. -->","yoast_head_json":{"title":"T\u00e9moignages de Gazaouis : La survie qui s\u2019organise au jour le jour dans l\u2019enfer de Gaza \u2013 partie 742 \/ 2.9 \u2013\u00a0Prendre soin de son c\u0153ur \/ Les smartphones entre utilit\u00e9 et risques - International Solidarity Movement - ISM-France","robots":{"index":"index","follow":"follow","max-snippet":"max-snippet:-1","max-image-preview":"max-image-preview:large","max-video-preview":"max-video-preview:-1"},"canonical":"https:\/\/ismfrance.org\/index.php\/2026\/09\/03\/temoignages-de-gazaouis-la-survie-qui-sorganise-au-jour-le-jour-dans-lenfer-de-gaza-partie-742-2-9-prendre-soin-de-son-coeur-les-smartphones-entre-util\/","og_locale":"fr_FR","og_type":"article","og_title":"T\u00e9moignages de Gazaouis : La survie qui s\u2019organise au jour le jour dans l\u2019enfer de Gaza \u2013 partie 742 \/ 2.9 \u2013\u00a0Prendre soin de son c\u0153ur \/ Les smartphones entre utilit\u00e9 et risques - International Solidarity Movement - ISM-France","og_description":"Brigitte Challande, 3 septembre 2026. Compte rendu hebdomadaire du soutien psychologique pour les femmes, d\u00e9but septembre 2026. \u00ab\u00a0Dans le camp d\u2019Al-Israa, 20 femmes d\u00e9plac\u00e9es trouvent un espace d\u2019espoir\u00a0: quand une Lire la suite &rarr;","og_url":"https:\/\/ismfrance.org\/index.php\/2026\/09\/03\/temoignages-de-gazaouis-la-survie-qui-sorganise-au-jour-le-jour-dans-lenfer-de-gaza-partie-742-2-9-prendre-soin-de-son-coeur-les-smartphones-entre-util\/","og_site_name":"International Solidarity Movement - ISM-France","article_published_time":"2026-09-03T07:43:54+00:00","article_modified_time":"2026-09-03T07:49:21+00:00","og_image":[{"width":1600,"height":1201,"url":"https:\/\/ismfrance.org\/wp-content\/uploads\/2026\/09\/3ddaee34-1e29-4b1b-8c1a-a9e51b915bad.jpg","type":"image\/jpeg"}],"author":"mru_01","twitter_card":"summary_large_image","twitter_creator":"@ISMFRANCE","twitter_site":"@ISMFRANCE","twitter_misc":{"\u00c9crit par":"mru_01","Dur\u00e9e de lecture estim\u00e9e":"17 minutes"},"schema":{"@context":"https:\/\/schema.org","@graph":[{"@type":"Article","@id":"https:\/\/ismfrance.org\/index.php\/2026\/09\/03\/temoignages-de-gazaouis-la-survie-qui-sorganise-au-jour-le-jour-dans-lenfer-de-gaza-partie-742-2-9-prendre-soin-de-son-coeur-les-smartphones-entre-util\/#article","isPartOf":{"@id":"https:\/\/ismfrance.org\/index.php\/2026\/09\/03\/temoignages-de-gazaouis-la-survie-qui-sorganise-au-jour-le-jour-dans-lenfer-de-gaza-partie-742-2-9-prendre-soin-de-son-coeur-les-smartphones-entre-util\/"},"author":{"name":"mru_01","@id":"https:\/\/ismfrance.org\/#\/schema\/person\/3c411eb72adfaae19c0dca1f41fae01d"},"headline":"T\u00e9moignages de Gazaouis : La survie qui s\u2019organise au jour le jour dans l\u2019enfer de Gaza \u2013 partie 742 \/ 2.9 \u2013\u00a0Prendre soin de son c\u0153ur \/ Les smartphones entre utilit\u00e9 et risques","datePublished":"2026-09-03T07:43:54+00:00","dateModified":"2026-09-03T07:49:21+00:00","mainEntityOfPage":{"@id":"https:\/\/ismfrance.org\/index.php\/2026\/09\/03\/temoignages-de-gazaouis-la-survie-qui-sorganise-au-jour-le-jour-dans-lenfer-de-gaza-partie-742-2-9-prendre-soin-de-son-coeur-les-smartphones-entre-util\/"},"wordCount":3270,"publisher":{"@id":"https:\/\/ismfrance.org\/#organization"},"image":{"@id":"https:\/\/ismfrance.org\/index.php\/2026\/09\/03\/temoignages-de-gazaouis-la-survie-qui-sorganise-au-jour-le-jour-dans-lenfer-de-gaza-partie-742-2-9-prendre-soin-de-son-coeur-les-smartphones-entre-util\/#primaryimage"},"thumbnailUrl":"https:\/\/ismfrance.org\/wp-content\/uploads\/2026\/09\/3ddaee34-1e29-4b1b-8c1a-a9e51b915bad.jpg","keywords":["G\u00e9nocide","solidarit\u00e9"],"articleSection":["Articles","T\u00e9moignages"],"inLanguage":"fr-FR"},{"@type":"WebPage","@id":"https:\/\/ismfrance.org\/index.php\/2026\/09\/03\/temoignages-de-gazaouis-la-survie-qui-sorganise-au-jour-le-jour-dans-lenfer-de-gaza-partie-742-2-9-prendre-soin-de-son-coeur-les-smartphones-entre-util\/","url":"https:\/\/ismfrance.org\/index.php\/2026\/09\/03\/temoignages-de-gazaouis-la-survie-qui-sorganise-au-jour-le-jour-dans-lenfer-de-gaza-partie-742-2-9-prendre-soin-de-son-coeur-les-smartphones-entre-util\/","name":"T\u00e9moignages de Gazaouis : La survie qui s\u2019organise au jour le jour dans l\u2019enfer de Gaza \u2013 partie 742 \/ 2.9 \u2013\u00a0Prendre soin de son c\u0153ur \/ Les smartphones entre utilit\u00e9 et risques - International Solidarity Movement - ISM-France","isPartOf":{"@id":"https:\/\/ismfrance.org\/#website"},"primaryImageOfPage":{"@id":"https:\/\/ismfrance.org\/index.php\/2026\/09\/03\/temoignages-de-gazaouis-la-survie-qui-sorganise-au-jour-le-jour-dans-lenfer-de-gaza-partie-742-2-9-prendre-soin-de-son-coeur-les-smartphones-entre-util\/#primaryimage"},"image":{"@id":"https:\/\/ismfrance.org\/index.php\/2026\/09\/03\/temoignages-de-gazaouis-la-survie-qui-sorganise-au-jour-le-jour-dans-lenfer-de-gaza-partie-742-2-9-prendre-soin-de-son-coeur-les-smartphones-entre-util\/#primaryimage"},"thumbnailUrl":"https:\/\/ismfrance.org\/wp-content\/uploads\/2026\/09\/3ddaee34-1e29-4b1b-8c1a-a9e51b915bad.jpg","datePublished":"2026-09-03T07:43:54+00:00","dateModified":"2026-09-03T07:49:21+00:00","breadcrumb":{"@id":"https:\/\/ismfrance.org\/index.php\/2026\/09\/03\/temoignages-de-gazaouis-la-survie-qui-sorganise-au-jour-le-jour-dans-lenfer-de-gaza-partie-742-2-9-prendre-soin-de-son-coeur-les-smartphones-entre-util\/#breadcrumb"},"inLanguage":"fr-FR","potentialAction":[{"@type":"ReadAction","target":["https:\/\/ismfrance.org\/index.php\/2026\/09\/03\/temoignages-de-gazaouis-la-survie-qui-sorganise-au-jour-le-jour-dans-lenfer-de-gaza-partie-742-2-9-prendre-soin-de-son-coeur-les-smartphones-entre-util\/"]}]},{"@type":"ImageObject","inLanguage":"fr-FR","@id":"https:\/\/ismfrance.org\/index.php\/2026\/09\/03\/temoignages-de-gazaouis-la-survie-qui-sorganise-au-jour-le-jour-dans-lenfer-de-gaza-partie-742-2-9-prendre-soin-de-son-coeur-les-smartphones-entre-util\/#primaryimage","url":"https:\/\/ismfrance.org\/wp-content\/uploads\/2026\/09\/3ddaee34-1e29-4b1b-8c1a-a9e51b915bad.jpg","contentUrl":"https:\/\/ismfrance.org\/wp-content\/uploads\/2026\/09\/3ddaee34-1e29-4b1b-8c1a-a9e51b915bad.jpg","width":1600,"height":1201},{"@type":"BreadcrumbList","@id":"https:\/\/ismfrance.org\/index.php\/2026\/09\/03\/temoignages-de-gazaouis-la-survie-qui-sorganise-au-jour-le-jour-dans-lenfer-de-gaza-partie-742-2-9-prendre-soin-de-son-coeur-les-smartphones-entre-util\/#breadcrumb","itemListElement":[{"@type":"ListItem","position":1,"name":"Accueil","item":"https:\/\/ismfrance.org\/"},{"@type":"ListItem","position":2,"name":"T\u00e9moignages de Gazaouis : La survie qui s\u2019organise au jour le jour dans l\u2019enfer de Gaza \u2013 partie 742 \/ 2.9 \u2013\u00a0Prendre soin de son c\u0153ur \/ Les smartphones entre utilit\u00e9 et risques"}]},{"@type":"WebSite","@id":"https:\/\/ismfrance.org\/#website","url":"https:\/\/ismfrance.org\/","name":"ISM Palestine France","description":"Soutien aux luttes de lib\u00e9ration du peuple palestinien","publisher":{"@id":"https:\/\/ismfrance.org\/#organization"},"potentialAction":[{"@type":"SearchAction","target":{"@type":"EntryPoint","urlTemplate":"https:\/\/ismfrance.org\/?s={search_term_string}"},"query-input":{"@type":"PropertyValueSpecification","valueRequired":true,"valueName":"search_term_string"}}],"inLanguage":"fr-FR"},{"@type":"Organization","@id":"https:\/\/ismfrance.org\/#organization","name":"International Solidarity Movement","url":"https:\/\/ismfrance.org\/","logo":{"@type":"ImageObject","inLanguage":"fr-FR","@id":"https:\/\/ismfrance.org\/#\/schema\/logo\/image\/","url":"https:\/\/ismfrance.org\/wp-content\/uploads\/2020\/12\/00.png","contentUrl":"https:\/\/ismfrance.org\/wp-content\/uploads\/2020\/12\/00.png","width":400,"height":400,"caption":"International Solidarity Movement"},"image":{"@id":"https:\/\/ismfrance.org\/#\/schema\/logo\/image\/"},"sameAs":["https:\/\/x.com\/ISMFRANCE"]},{"@type":"Person","@id":"https:\/\/ismfrance.org\/#\/schema\/person\/3c411eb72adfaae19c0dca1f41fae01d","name":"mru_01","image":{"@type":"ImageObject","inLanguage":"fr-FR","@id":"https:\/\/secure.gravatar.com\/avatar\/3a0be343b445d2ccc79e87444a294fad2b232e90d2051d0e3cc219e1ecd6a330?s=96&d=mm&r=g","url":"https:\/\/secure.gravatar.com\/avatar\/3a0be343b445d2ccc79e87444a294fad2b232e90d2051d0e3cc219e1ecd6a330?s=96&d=mm&r=g","contentUrl":"https:\/\/secure.gravatar.com\/avatar\/3a0be343b445d2ccc79e87444a294fad2b232e90d2051d0e3cc219e1ecd6a330?s=96&d=mm&r=g","caption":"mru_01"},"url":"https:\/\/ismfrance.org\/index.php\/author\/admin02\/"}]}},"_links":{"self":[{"href":"https:\/\/ismfrance.org\/index.php\/wp-json\/wp\/v2\/posts\/31175","targetHints":{"allow":["GET"]}}],"collection":[{"href":"https:\/\/ismfrance.org\/index.php\/wp-json\/wp\/v2\/posts"}],"about":[{"href":"https:\/\/ismfrance.org\/index.php\/wp-json\/wp\/v2\/types\/post"}],"author":[{"embeddable":true,"href":"https:\/\/ismfrance.org\/index.php\/wp-json\/wp\/v2\/users\/3"}],"replies":[{"embeddable":true,"href":"https:\/\/ismfrance.org\/index.php\/wp-json\/wp\/v2\/comments?post=31175"}],"version-history":[{"count":8,"href":"https:\/\/ismfrance.org\/index.php\/wp-json\/wp\/v2\/posts\/31175\/revisions"}],"predecessor-version":[{"id":31189,"href":"https:\/\/ismfrance.org\/index.php\/wp-json\/wp\/v2\/posts\/31175\/revisions\/31189"}],"wp:featuredmedia":[{"embeddable":true,"href":"https:\/\/ismfrance.org\/index.php\/wp-json\/wp\/v2\/media\/31183"}],"wp:attachment":[{"href":"https:\/\/ismfrance.org\/index.php\/wp-json\/wp\/v2\/media?parent=31175"}],"wp:term":[{"taxonomy":"category","embeddable":true,"href":"https:\/\/ismfrance.org\/index.php\/wp-json\/wp\/v2\/categories?post=31175"},{"taxonomy":"post_tag","embeddable":true,"href":"https:\/\/ismfrance.org\/index.php\/wp-json\/wp\/v2\/tags?post=31175"}],"curies":[{"name":"wp","href":"https:\/\/api.w.org\/{rel}","templated":true}]}}