{"id":31168,"date":"2026-09-02T12:09:37","date_gmt":"2026-09-02T10:09:37","guid":{"rendered":"https:\/\/ismfrance.org\/?p=31168"},"modified":"2026-09-02T12:09:37","modified_gmt":"2026-09-02T10:09:37","slug":"israel-ne-debat-pas-de-la-creation-dun-etat-palestinien-il-prepare-une-expulsion","status":"publish","type":"post","link":"https:\/\/ismfrance.org\/index.php\/2026\/09\/02\/israel-ne-debat-pas-de-la-creation-dun-etat-palestinien-il-prepare-une-expulsion\/","title":{"rendered":"Isra\u00ebl ne d\u00e9bat pas de la cr\u00e9ation d&rsquo;un \u00c9tat palestinien. Il pr\u00e9pare une expulsion."},"content":{"rendered":"<p><span style=\"color: #000000;\"><span style=\"font-family: Arial, sans-serif;\"><strong>Amira Hass, 1er septembre 2026.<\/strong>&#8211; La position de Gadi Eisenkot sur l&rsquo;\u00c9tat palestinien importe peu. \u00c0 Gaza, en Cisjordanie et en Isra\u00ebl m\u00eame, la machine destin\u00e9e \u00e0 rendre la vie des Palestiniens impossible est d\u00e9j\u00e0 en marche, pr\u00e9parant le terrain pour une expulsion massive.<\/span><\/span><\/p>\n<div id=\"attachment_31170\" style=\"width: 610px\" class=\"wp-caption alignnone\"><a href=\"https:\/\/ismfrance.org\/wp-content\/uploads\/2026\/09\/mohamad-safa-X.jpg\"><img loading=\"lazy\" decoding=\"async\" aria-describedby=\"caption-attachment-31170\" class=\"wp-image-31170 size-large\" src=\"https:\/\/ismfrance.org\/wp-content\/uploads\/2026\/09\/mohamad-safa-X-700x525.jpg\" alt=\"\" width=\"600\" height=\"450\" srcset=\"https:\/\/ismfrance.org\/wp-content\/uploads\/2026\/09\/mohamad-safa-X-700x525.jpg 700w, https:\/\/ismfrance.org\/wp-content\/uploads\/2026\/09\/mohamad-safa-X-300x225.jpg 300w, https:\/\/ismfrance.org\/wp-content\/uploads\/2026\/09\/mohamad-safa-X-768x576.jpg 768w, https:\/\/ismfrance.org\/wp-content\/uploads\/2026\/09\/mohamad-safa-X-350x263.jpg 350w, https:\/\/ismfrance.org\/wp-content\/uploads\/2026\/09\/mohamad-safa-X.jpg 1280w\" sizes=\"auto, (max-width: 600px) 100vw, 600px\" \/><\/a><p id=\"caption-attachment-31170\" class=\"wp-caption-text\">Gaza, fin a\u00f4ut 2026 (<a href=\"https:\/\/x.com\/mhdksafa\">Mohamad Safa sur X<\/a>)<\/p><\/div>\n<p><span style=\"color: #000000;\"><span style=\"font-family: Arial, sans-serif;\">La position de Gadi Eisenkot \u2014 favori des \u00e9lections et dirigeant du parti Yashar \u2014 concernant un \u00c9tat palestinien est, en fin de compte, sans importance. L&rsquo;enjeu actuel n&rsquo;est pas une \u00ab solution diplomatique \u00bb, mais l&rsquo;existence m\u00eame du peuple palestinien entre le Jourdain et la mer M\u00e9diterran\u00e9e. Les forces isra\u00e9liennes qui s&rsquo;efforcent de les \u00ab effacer \u00bb ne s&rsquo;imposent aucune limite ni aucune retenue. Leurs partisans sont trop nombreux pour que nous puissions compter uniquement sur la t\u00e9nacit\u00e9 et la r\u00e9silience d&rsquo;un peuple ayant d\u00e9j\u00e0 subi des plans d&rsquo;expulsion mis en \u0153uvre par Isra\u00ebl.<\/span><\/span><\/p>\n<p><span style=\"color: #000000;\"><span style=\"font-family: Arial, sans-serif;\">Le monde reste spectateur. La gauche est minuscule, affaiblie et a la voix bris\u00e9e \u00e0 force de multiplier les mises en garde. L&rsquo;opposition anti-Bibi oscille entre minimiser le danger, y rester indiff\u00e9rente et soutenir ouvertement l&rsquo;expulsion. Les condamnations sporadiques, suscit\u00e9es principalement par une publication de l&rsquo;ambassadeur am\u00e9ricain sur X, sont aussi utiles qu&rsquo;une passoire sous une averse. Les phalangistes juifs attaquent constamment et partout, et pas seulement \u00e0 Qusra.<\/span><\/span><\/p>\n<p><span style=\"color: #000000;\"><span style=\"font-family: Arial, sans-serif;\">Le d\u00e9bat sur l&rsquo;option d&rsquo;un seul \u00c9tat, de deux \u00c9tats ou d&rsquo;une f\u00e9d\u00e9ration est plus th\u00e9orique que jamais. Toute solution concert\u00e9e exige d&rsquo;abord de reconna\u00eetre le probl\u00e8me et de s&rsquo;entendre sur sa nature. Trop de juifs en Isra\u00ebl ont \u00e9t\u00e9 conditionn\u00e9s \u00e0 croire que le probl\u00e8me r\u00e9side dans la pr\u00e9sence m\u00eame, sur cette terre, d&rsquo;un peuple palestinien dot\u00e9 de racines, d&rsquo;une continuit\u00e9 historique et \u00e9conomique, d&rsquo;un capital culturel et de biens mat\u00e9riels, d&rsquo;un riche patrimoine agricole et d&rsquo;un amour profond pour sa patrie.<\/span><\/span><\/p>\n<p><span style=\"color: #000000;\"><span style=\"font-family: Arial, sans-serif;\">L&rsquo;\u00ab effacement \u00bb est cette solution cauchemardesque qui devient r\u00e9alit\u00e9 chaque jour. Les lois de la Knesset, les d\u00e9clarations des hommes politiques, les ordres militaires, les manuels scolaires et les \u00ab bataillons immobiliers \u00bb sacr\u00e9s qui op\u00e8rent \u00e0 Gaza, en Cisjordanie et dans le N\u00e9guev \u0153uvrent tous, ensemble et s\u00e9par\u00e9ment, \u00e0 faire avancer cette \u00ab solution \u00bb avec z\u00e8le et sans crainte de condamnation internationale. La politique isra\u00e9lienne vise \u00e0 rendre la vie insupportable aux Palestiniens, o\u00f9 qu&rsquo;ils vivent, afin que leur \u00e9migration puisse \u00eatre pr\u00e9sent\u00e9e comme un acte de libre arbitre. En Isra\u00ebl m\u00eame, les autorit\u00e9s laissent le champ libre aux organisations criminelles arabes pour s&rsquo;armer et tuer des citoyens palestiniens chez eux. En Cisjordanie, ces m\u00eames autorit\u00e9s isra\u00e9liennes laissent toute latitude aux \u00ab bataillons de Dieu \u00bb pour s&rsquo;armer, tuer et expulser, tandis que l&rsquo;arm\u00e9e r\u00e9guli\u00e8re poursuit ses raids jour et nuit. Dans une bande de Gaza d\u00e9vast\u00e9e et assoiff\u00e9e, le gouvernement et l&rsquo;arm\u00e9e entretiennent des milices arm\u00e9es compos\u00e9es de collaborateurs criminels, alors que les pilotes isra\u00e9liens continuent de lancer des missiles de vengeance et de repr\u00e9sailles qui fauchent la vie d&rsquo;encore plus d&rsquo;enfants. Toutes ces d\u00e9monstrations de testost\u00e9rone sont interconnect\u00e9es.<\/span><\/span><\/p>\n<p><span style=\"color: #000000;\"><span style=\"font-family: Arial, sans-serif;\">Parall\u00e8lement, Isra\u00ebl d\u00e9truit ou restreint consid\u00e9rablement la capacit\u00e9 des Palestiniens \u00e0 gagner leur vie. \u00c0 Gaza, cette mission est accomplie. Une population de \u00ab morts-vivants \u00bb d\u00e9pendants de l&rsquo;aide humanitaire \u2014 deux millions de personnes portant le poids de quelque 74.000 tombes r\u00e9centes, de familles et de souvenirs, de talents et de m\u00e9tiers, ainsi que d&rsquo;\u00e9conomies parties en fum\u00e9e \u2014 s&rsquo;entasse sur environ 150 kilom\u00e8tres carr\u00e9s de terre br\u00fbl\u00e9e. La cr\u00e9ativit\u00e9, l&rsquo;ing\u00e9niosit\u00e9 et l&rsquo;entraide sont \u00e9cras\u00e9es par l&rsquo;ampleur des destructions et par l&rsquo;interdiction impos\u00e9e par Isra\u00ebl de reconstruire et de se relever.<\/span><\/span><\/p>\n<div id=\"attachment_31171\" style=\"width: 610px\" class=\"wp-caption alignnone\"><a href=\"https:\/\/ismfrance.org\/wp-content\/uploads\/2026\/09\/en-cisjordanie.jpg\"><img loading=\"lazy\" decoding=\"async\" aria-describedby=\"caption-attachment-31171\" class=\"wp-image-31171 size-large\" src=\"https:\/\/ismfrance.org\/wp-content\/uploads\/2026\/09\/en-cisjordanie-700x394.jpg\" alt=\"\" width=\"600\" height=\"338\" srcset=\"https:\/\/ismfrance.org\/wp-content\/uploads\/2026\/09\/en-cisjordanie-700x394.jpg 700w, https:\/\/ismfrance.org\/wp-content\/uploads\/2026\/09\/en-cisjordanie-300x169.jpg 300w, https:\/\/ismfrance.org\/wp-content\/uploads\/2026\/09\/en-cisjordanie-768x432.jpg 768w, https:\/\/ismfrance.org\/wp-content\/uploads\/2026\/09\/en-cisjordanie.jpg 1500w\" sizes=\"auto, (max-width: 600px) 100vw, 600px\" \/><\/a><p id=\"caption-attachment-31171\" class=\"wp-caption-text\">En Cisjordanie, fin a\u00f4ut 2026, apr\u00e8s une attaque de colons (<a href=\"https:\/\/x.com\/mhdksafa\">Mohamad Safa sur X<\/a>)<\/p><\/div>\n<p><span style=\"color: #000000;\"><span style=\"font-family: Arial, sans-serif;\">En Cisjordanie, l&rsquo;\u00e9tau financier du minist\u00e8re des Finances se resserre autour de quelque trois millions de personnes et de l&rsquo;Autorit\u00e9 palestinienne. Le vol syst\u00e9matique des recettes fiscales s&rsquo;ajoute aux campagnes de destruction men\u00e9es par l&rsquo;arm\u00e9e dans les villes et les camps de r\u00e9fugi\u00e9s, ainsi qu&rsquo;aux autres m\u00e9thodes employ\u00e9es pour emp\u00eacher les Palestiniens de cultiver et de mettre en valeur leurs terres : points de contr\u00f4le, interdictions administratives, cl\u00f4tures et bergers juifs isra\u00e9liens.<\/span><\/span><\/p>\n<p><span style=\"color: #000000;\"><span style=\"font-family: Arial, sans-serif;\">En Isra\u00ebl m\u00eame, la \u00ab juda\u00efsation de la Galil\u00e9e et du N\u00e9guev \u00bb a \u00e9t\u00e9 et demeure un euph\u00e9misme pour d\u00e9signer le vol de terres et de ressources aux citoyens palestiniens d&rsquo;Isra\u00ebl. La discrimination dont ils font l&rsquo;objet en mati\u00e8re d&rsquo;allocations, de subventions et d&#8217;emploi, conjugu\u00e9e aux interdictions de construire et aux d\u00e9molitions, a toujours occup\u00e9 une place centrale dans la politique officielle men\u00e9e en de\u00e7\u00e0 de la Ligne verte.<\/span><\/span><\/p>\n<p><span style=\"color: #000000;\"><span style=\"font-family: Arial, sans-serif;\">Je le r\u00e9p\u00e8te : l&rsquo;existence m\u00eame du peuple palestinien, entre la mer et le fleuve, est aujourd&rsquo;hui menac\u00e9e. Trop de forces actives engendrent ce p\u00e9ril : la puissance et les capacit\u00e9s militaires d&rsquo;Isra\u00ebl ; le culte du service militaire, quelles que soient les circonstances ou le gouvernement ; l&rsquo;ob\u00e9issance \u00e9rig\u00e9e en valeur ; le recours syst\u00e9matique aux armes et aux attaques militaires ; la banalisation du syndrome de stress post-traumatique (SSPT) et des suicides chez les soldats ; l&rsquo;attrait d&rsquo;une carri\u00e8re militaire et des perspectives qu&rsquo;elle offre ; l&rsquo;app\u00e2t d&rsquo;une villa abordable dans une localit\u00e9 exclusive de Galil\u00e9e ou dans une banlieue de colons en Samarie ; les mensonges de la propagande, officielle ou non ; l&rsquo;indiff\u00e9rence face \u00e0 l&rsquo;enfer sur terre qu&rsquo;Isra\u00ebl a cr\u00e9\u00e9 dans la bande de Gaza ; le d\u00e9ni de soixante ann\u00e9es d&rsquo;occupation et de domination impos\u00e9e par la force ; le r\u00e9flexe pavlovien du \u00ab Mais&#8230; le 7 octobre \u00bb ; la synergie entre l&rsquo;arm\u00e9e, le gouvernement, les rabbins et les milices de colons en Cisjordanie ; l&rsquo;indiff\u00e9rence imperturbable face \u00e0 la destruction du Liban ; le m\u00e9pris pour l&rsquo;occupation de nouveaux territoires syriens ; la banalisation du discours pr\u00f4nant l&rsquo;expulsion ; des syst\u00e8mes judiciaire et \u00e9ducatif gangr\u00e9n\u00e9s par un racisme tant la\u00efc que religieux ; et cette arm\u00e9e de ge\u00f4liers qui maltraitent des milliers de prisonniers palestiniens, que ce soit sur ordre ou de leur propre chef.<\/span><\/span><\/p>\n<p><span style=\"color: #000000;\"><span style=\"font-family: Arial, sans-serif;\">Conjugu\u00e9es, ces forces \u2014 et d&rsquo;autres similaires \u2014 mettent en place, au sein de la soci\u00e9t\u00e9 juive isra\u00e9lienne, les infrastructures mat\u00e9rielles, id\u00e9ologiques et psychologiques propices \u00e0 une nouvelle expulsion massive de Palestiniens et \u00e0 ce qui pourrait l&rsquo;accompagner : un massacre de grande ampleur.<\/span><\/span><\/p>\n<p><span style=\"color: #000000;\"><span style=\"font-family: Arial, sans-serif;\">Les figures de proue des milices de colons affichent ouvertement leur objectif : l&rsquo;expulsion. Elles per\u00e7oivent clairement la disposition d&rsquo;une large part de la soci\u00e9t\u00e9 juive isra\u00e9lienne \u00e0 participer \u00e0 sa mise en \u0153uvre, que ce soit activement ou passivement, directement ou indirectement. Par leurs provocations et leurs crimes quotidiens \u2014 commis au grand jour et rendus possibles uniquement gr\u00e2ce \u00e0 un soutien institutionnel \u2014, ces \u00ab phalangistes \u00bb cherchent sans rel\u00e2che \u00e0 provoquer un acte palestinien de rage et de vengeance qui \u00ab r\u00e9ussisse \u00bb, afin de pouvoir l&rsquo;exploiter comme l&rsquo;\u00e9tincelle d\u00e9clenchant une nouvelle guerre sainte.<\/span><\/span><\/p>\n<p><span style=\"color: #000000;\"><span style=\"font-family: Arial, sans-serif;\">Ces phalangistes juifs et les organisations de droite qui les alimentent misent sur une vaste mobilisation \u2014 incluant les dirigeants, les \u00e9lecteurs et les sympathisants de \u00ab Yashar \u00bb et du parti des D\u00e9mocrates lib\u00e9raux \u2014 en faveur d&rsquo;une guerre que l&rsquo;on pourrait d&rsquo;ores et d\u00e9j\u00e0 r\u00e9sumer par ce slogan : \u00ab Un peuple, une arm\u00e9e, une terre purg\u00e9e de ses Arabes. \u00bb <\/span><\/span><\/p>\n<p><em><strong><span style=\"color: #000000;\"><span style=\"font-family: Arial, sans-serif;\">Article publi\u00e9 sur <\/span><\/span><\/strong><\/em><strong><span style=\"color: #000000;\"><span style=\"font-family: Arial, sans-serif;\">Ha&rsquo;aretz <\/span><\/span><\/strong><em><strong><span style=\"color: #000000;\"><span style=\"font-family: Arial, sans-serif;\">le 1er septembre 2026. Il a \u00e9t\u00e9 reproduit dans son int\u00e9gralit\u00e9 par Ami Dar, <a href=\"https:\/\/x.com\/AmiDar\/status\/2094782429235994979\">sur son compte X<\/a>, parce qu&rsquo;il l&rsquo;a trouv\u00e9 \u00ab\u00a0trop urgent et important pour \u00eatre r\u00e9serv\u00e9 aux abonn\u00e9s\u00a0\u00bb \/ Traduction MR<\/span><\/span><\/strong><\/em><\/p>\n","protected":false},"excerpt":{"rendered":"<p>Amira Hass, 1er septembre 2026.&#8211; La position de Gadi Eisenkot sur l&rsquo;\u00c9tat palestinien importe peu. \u00c0 Gaza, en Cisjordanie et en Isra\u00ebl m\u00eame, la machine destin\u00e9e \u00e0 rendre la vie <a class=\"more-link\" href=\"https:\/\/ismfrance.org\/index.php\/2026\/09\/02\/israel-ne-debat-pas-de-la-creation-dun-etat-palestinien-il-prepare-une-expulsion\/\">Lire la suite &rarr;<\/a><\/p>\n","protected":false},"author":3,"featured_media":31170,"comment_status":"closed","ping_status":"closed","sticky":false,"template":"","format":"standard","meta":{"footnotes":""},"categories":[12,2],"tags":[156,45,74],"class_list":["post-31168","post","type-post","status-publish","format-standard","has-post-thumbnail","hentry","category-analyses","category-articles","tag-genocide","tag-nettoyage-ethnique","tag-sionisme"],"yoast_head":"<!-- This site is optimized with the Yoast SEO plugin v28.3 - https:\/\/yoast.com\/product\/yoast-seo-wordpress\/ -->\n<title>Isra\u00ebl ne d\u00e9bat pas de la cr\u00e9ation d&#039;un \u00c9tat palestinien. Il pr\u00e9pare une expulsion. - International Solidarity Movement - ISM-France<\/title>\n<meta name=\"robots\" content=\"index, follow, max-snippet:-1, max-image-preview:large, max-video-preview:-1\" \/>\n<link rel=\"canonical\" href=\"https:\/\/ismfrance.org\/index.php\/2026\/09\/02\/israel-ne-debat-pas-de-la-creation-dun-etat-palestinien-il-prepare-une-expulsion\/\" \/>\n<meta property=\"og:locale\" content=\"fr_FR\" \/>\n<meta property=\"og:type\" content=\"article\" \/>\n<meta property=\"og:title\" content=\"Isra\u00ebl ne d\u00e9bat pas de la cr\u00e9ation d&#039;un \u00c9tat palestinien. Il pr\u00e9pare une expulsion. - International Solidarity Movement - ISM-France\" \/>\n<meta property=\"og:description\" content=\"Amira Hass, 1er septembre 2026.&#8211; La position de Gadi Eisenkot sur l&rsquo;\u00c9tat palestinien importe peu. \u00c0 Gaza, en Cisjordanie et en Isra\u00ebl m\u00eame, la machine destin\u00e9e \u00e0 rendre la vie Lire la suite &rarr;\" \/>\n<meta property=\"og:url\" content=\"https:\/\/ismfrance.org\/index.php\/2026\/09\/02\/israel-ne-debat-pas-de-la-creation-dun-etat-palestinien-il-prepare-une-expulsion\/\" \/>\n<meta property=\"og:site_name\" content=\"International Solidarity Movement - ISM-France\" \/>\n<meta property=\"article:published_time\" content=\"2026-09-02T10:09:37+00:00\" \/>\n<meta property=\"og:image\" content=\"https:\/\/ismfrance.org\/wp-content\/uploads\/2026\/09\/mohamad-safa-X.jpg\" \/>\n\t<meta property=\"og:image:width\" content=\"1280\" \/>\n\t<meta property=\"og:image:height\" content=\"960\" \/>\n\t<meta property=\"og:image:type\" content=\"image\/jpeg\" \/>\n<meta name=\"author\" content=\"mru_01\" \/>\n<meta name=\"twitter:card\" content=\"summary_large_image\" \/>\n<meta name=\"twitter:creator\" content=\"@ISMFRANCE\" \/>\n<meta name=\"twitter:site\" content=\"@ISMFRANCE\" \/>\n<meta name=\"twitter:label1\" content=\"\u00c9crit par\" \/>\n\t<meta name=\"twitter:data1\" content=\"mru_01\" \/>\n\t<meta name=\"twitter:label2\" content=\"Dur\u00e9e de lecture estim\u00e9e\" \/>\n\t<meta name=\"twitter:data2\" content=\"7 minutes\" \/>\n<script type=\"application\/ld+json\" class=\"yoast-schema-graph\">{\"@context\":\"https:\\\/\\\/schema.org\",\"@graph\":[{\"@type\":\"Article\",\"@id\":\"https:\\\/\\\/ismfrance.org\\\/index.php\\\/2026\\\/09\\\/02\\\/israel-ne-debat-pas-de-la-creation-dun-etat-palestinien-il-prepare-une-expulsion\\\/#article\",\"isPartOf\":{\"@id\":\"https:\\\/\\\/ismfrance.org\\\/index.php\\\/2026\\\/09\\\/02\\\/israel-ne-debat-pas-de-la-creation-dun-etat-palestinien-il-prepare-une-expulsion\\\/\"},\"author\":{\"name\":\"mru_01\",\"@id\":\"https:\\\/\\\/ismfrance.org\\\/#\\\/schema\\\/person\\\/3c411eb72adfaae19c0dca1f41fae01d\"},\"headline\":\"Isra\u00ebl ne d\u00e9bat pas de la cr\u00e9ation d&rsquo;un \u00c9tat palestinien. Il pr\u00e9pare une expulsion.\",\"datePublished\":\"2026-09-02T10:09:37+00:00\",\"mainEntityOfPage\":{\"@id\":\"https:\\\/\\\/ismfrance.org\\\/index.php\\\/2026\\\/09\\\/02\\\/israel-ne-debat-pas-de-la-creation-dun-etat-palestinien-il-prepare-une-expulsion\\\/\"},\"wordCount\":1396,\"publisher\":{\"@id\":\"https:\\\/\\\/ismfrance.org\\\/#organization\"},\"image\":{\"@id\":\"https:\\\/\\\/ismfrance.org\\\/index.php\\\/2026\\\/09\\\/02\\\/israel-ne-debat-pas-de-la-creation-dun-etat-palestinien-il-prepare-une-expulsion\\\/#primaryimage\"},\"thumbnailUrl\":\"https:\\\/\\\/ismfrance.org\\\/wp-content\\\/uploads\\\/2026\\\/09\\\/mohamad-safa-X.jpg\",\"keywords\":[\"G\u00e9nocide\",\"nettoyage ethnique\",\"Sionisme\"],\"articleSection\":[\"Analyses\",\"Articles\"],\"inLanguage\":\"fr-FR\"},{\"@type\":\"WebPage\",\"@id\":\"https:\\\/\\\/ismfrance.org\\\/index.php\\\/2026\\\/09\\\/02\\\/israel-ne-debat-pas-de-la-creation-dun-etat-palestinien-il-prepare-une-expulsion\\\/\",\"url\":\"https:\\\/\\\/ismfrance.org\\\/index.php\\\/2026\\\/09\\\/02\\\/israel-ne-debat-pas-de-la-creation-dun-etat-palestinien-il-prepare-une-expulsion\\\/\",\"name\":\"Isra\u00ebl ne d\u00e9bat pas de la cr\u00e9ation d'un \u00c9tat palestinien. Il pr\u00e9pare une expulsion. - International Solidarity Movement - ISM-France\",\"isPartOf\":{\"@id\":\"https:\\\/\\\/ismfrance.org\\\/#website\"},\"primaryImageOfPage\":{\"@id\":\"https:\\\/\\\/ismfrance.org\\\/index.php\\\/2026\\\/09\\\/02\\\/israel-ne-debat-pas-de-la-creation-dun-etat-palestinien-il-prepare-une-expulsion\\\/#primaryimage\"},\"image\":{\"@id\":\"https:\\\/\\\/ismfrance.org\\\/index.php\\\/2026\\\/09\\\/02\\\/israel-ne-debat-pas-de-la-creation-dun-etat-palestinien-il-prepare-une-expulsion\\\/#primaryimage\"},\"thumbnailUrl\":\"https:\\\/\\\/ismfrance.org\\\/wp-content\\\/uploads\\\/2026\\\/09\\\/mohamad-safa-X.jpg\",\"datePublished\":\"2026-09-02T10:09:37+00:00\",\"breadcrumb\":{\"@id\":\"https:\\\/\\\/ismfrance.org\\\/index.php\\\/2026\\\/09\\\/02\\\/israel-ne-debat-pas-de-la-creation-dun-etat-palestinien-il-prepare-une-expulsion\\\/#breadcrumb\"},\"inLanguage\":\"fr-FR\",\"potentialAction\":[{\"@type\":\"ReadAction\",\"target\":[\"https:\\\/\\\/ismfrance.org\\\/index.php\\\/2026\\\/09\\\/02\\\/israel-ne-debat-pas-de-la-creation-dun-etat-palestinien-il-prepare-une-expulsion\\\/\"]}]},{\"@type\":\"ImageObject\",\"inLanguage\":\"fr-FR\",\"@id\":\"https:\\\/\\\/ismfrance.org\\\/index.php\\\/2026\\\/09\\\/02\\\/israel-ne-debat-pas-de-la-creation-dun-etat-palestinien-il-prepare-une-expulsion\\\/#primaryimage\",\"url\":\"https:\\\/\\\/ismfrance.org\\\/wp-content\\\/uploads\\\/2026\\\/09\\\/mohamad-safa-X.jpg\",\"contentUrl\":\"https:\\\/\\\/ismfrance.org\\\/wp-content\\\/uploads\\\/2026\\\/09\\\/mohamad-safa-X.jpg\",\"width\":1280,\"height\":960},{\"@type\":\"BreadcrumbList\",\"@id\":\"https:\\\/\\\/ismfrance.org\\\/index.php\\\/2026\\\/09\\\/02\\\/israel-ne-debat-pas-de-la-creation-dun-etat-palestinien-il-prepare-une-expulsion\\\/#breadcrumb\",\"itemListElement\":[{\"@type\":\"ListItem\",\"position\":1,\"name\":\"Accueil\",\"item\":\"https:\\\/\\\/ismfrance.org\\\/\"},{\"@type\":\"ListItem\",\"position\":2,\"name\":\"Isra\u00ebl ne d\u00e9bat pas de la cr\u00e9ation d&rsquo;un \u00c9tat palestinien. Il pr\u00e9pare une expulsion.\"}]},{\"@type\":\"WebSite\",\"@id\":\"https:\\\/\\\/ismfrance.org\\\/#website\",\"url\":\"https:\\\/\\\/ismfrance.org\\\/\",\"name\":\"ISM Palestine France\",\"description\":\"Soutien aux luttes de lib\u00e9ration du peuple palestinien\",\"publisher\":{\"@id\":\"https:\\\/\\\/ismfrance.org\\\/#organization\"},\"potentialAction\":[{\"@type\":\"SearchAction\",\"target\":{\"@type\":\"EntryPoint\",\"urlTemplate\":\"https:\\\/\\\/ismfrance.org\\\/?s={search_term_string}\"},\"query-input\":{\"@type\":\"PropertyValueSpecification\",\"valueRequired\":true,\"valueName\":\"search_term_string\"}}],\"inLanguage\":\"fr-FR\"},{\"@type\":\"Organization\",\"@id\":\"https:\\\/\\\/ismfrance.org\\\/#organization\",\"name\":\"International Solidarity Movement\",\"url\":\"https:\\\/\\\/ismfrance.org\\\/\",\"logo\":{\"@type\":\"ImageObject\",\"inLanguage\":\"fr-FR\",\"@id\":\"https:\\\/\\\/ismfrance.org\\\/#\\\/schema\\\/logo\\\/image\\\/\",\"url\":\"https:\\\/\\\/ismfrance.org\\\/wp-content\\\/uploads\\\/2020\\\/12\\\/00.png\",\"contentUrl\":\"https:\\\/\\\/ismfrance.org\\\/wp-content\\\/uploads\\\/2020\\\/12\\\/00.png\",\"width\":400,\"height\":400,\"caption\":\"International Solidarity Movement\"},\"image\":{\"@id\":\"https:\\\/\\\/ismfrance.org\\\/#\\\/schema\\\/logo\\\/image\\\/\"},\"sameAs\":[\"https:\\\/\\\/x.com\\\/ISMFRANCE\"]},{\"@type\":\"Person\",\"@id\":\"https:\\\/\\\/ismfrance.org\\\/#\\\/schema\\\/person\\\/3c411eb72adfaae19c0dca1f41fae01d\",\"name\":\"mru_01\",\"image\":{\"@type\":\"ImageObject\",\"inLanguage\":\"fr-FR\",\"@id\":\"https:\\\/\\\/secure.gravatar.com\\\/avatar\\\/3a0be343b445d2ccc79e87444a294fad2b232e90d2051d0e3cc219e1ecd6a330?s=96&d=mm&r=g\",\"url\":\"https:\\\/\\\/secure.gravatar.com\\\/avatar\\\/3a0be343b445d2ccc79e87444a294fad2b232e90d2051d0e3cc219e1ecd6a330?s=96&d=mm&r=g\",\"contentUrl\":\"https:\\\/\\\/secure.gravatar.com\\\/avatar\\\/3a0be343b445d2ccc79e87444a294fad2b232e90d2051d0e3cc219e1ecd6a330?s=96&d=mm&r=g\",\"caption\":\"mru_01\"},\"url\":\"https:\\\/\\\/ismfrance.org\\\/index.php\\\/author\\\/admin02\\\/\"}]}<\/script>\n<!-- \/ Yoast SEO plugin. -->","yoast_head_json":{"title":"Isra\u00ebl ne d\u00e9bat pas de la cr\u00e9ation d'un \u00c9tat palestinien. Il pr\u00e9pare une expulsion. - International Solidarity Movement - ISM-France","robots":{"index":"index","follow":"follow","max-snippet":"max-snippet:-1","max-image-preview":"max-image-preview:large","max-video-preview":"max-video-preview:-1"},"canonical":"https:\/\/ismfrance.org\/index.php\/2026\/09\/02\/israel-ne-debat-pas-de-la-creation-dun-etat-palestinien-il-prepare-une-expulsion\/","og_locale":"fr_FR","og_type":"article","og_title":"Isra\u00ebl ne d\u00e9bat pas de la cr\u00e9ation d'un \u00c9tat palestinien. Il pr\u00e9pare une expulsion. - International Solidarity Movement - ISM-France","og_description":"Amira Hass, 1er septembre 2026.&#8211; La position de Gadi Eisenkot sur l&rsquo;\u00c9tat palestinien importe peu. \u00c0 Gaza, en Cisjordanie et en Isra\u00ebl m\u00eame, la machine destin\u00e9e \u00e0 rendre la vie Lire la suite &rarr;","og_url":"https:\/\/ismfrance.org\/index.php\/2026\/09\/02\/israel-ne-debat-pas-de-la-creation-dun-etat-palestinien-il-prepare-une-expulsion\/","og_site_name":"International Solidarity Movement - ISM-France","article_published_time":"2026-09-02T10:09:37+00:00","og_image":[{"width":1280,"height":960,"url":"https:\/\/ismfrance.org\/wp-content\/uploads\/2026\/09\/mohamad-safa-X.jpg","type":"image\/jpeg"}],"author":"mru_01","twitter_card":"summary_large_image","twitter_creator":"@ISMFRANCE","twitter_site":"@ISMFRANCE","twitter_misc":{"\u00c9crit par":"mru_01","Dur\u00e9e de lecture estim\u00e9e":"7 minutes"},"schema":{"@context":"https:\/\/schema.org","@graph":[{"@type":"Article","@id":"https:\/\/ismfrance.org\/index.php\/2026\/09\/02\/israel-ne-debat-pas-de-la-creation-dun-etat-palestinien-il-prepare-une-expulsion\/#article","isPartOf":{"@id":"https:\/\/ismfrance.org\/index.php\/2026\/09\/02\/israel-ne-debat-pas-de-la-creation-dun-etat-palestinien-il-prepare-une-expulsion\/"},"author":{"name":"mru_01","@id":"https:\/\/ismfrance.org\/#\/schema\/person\/3c411eb72adfaae19c0dca1f41fae01d"},"headline":"Isra\u00ebl ne d\u00e9bat pas de la cr\u00e9ation d&rsquo;un \u00c9tat palestinien. Il pr\u00e9pare une expulsion.","datePublished":"2026-09-02T10:09:37+00:00","mainEntityOfPage":{"@id":"https:\/\/ismfrance.org\/index.php\/2026\/09\/02\/israel-ne-debat-pas-de-la-creation-dun-etat-palestinien-il-prepare-une-expulsion\/"},"wordCount":1396,"publisher":{"@id":"https:\/\/ismfrance.org\/#organization"},"image":{"@id":"https:\/\/ismfrance.org\/index.php\/2026\/09\/02\/israel-ne-debat-pas-de-la-creation-dun-etat-palestinien-il-prepare-une-expulsion\/#primaryimage"},"thumbnailUrl":"https:\/\/ismfrance.org\/wp-content\/uploads\/2026\/09\/mohamad-safa-X.jpg","keywords":["G\u00e9nocide","nettoyage ethnique","Sionisme"],"articleSection":["Analyses","Articles"],"inLanguage":"fr-FR"},{"@type":"WebPage","@id":"https:\/\/ismfrance.org\/index.php\/2026\/09\/02\/israel-ne-debat-pas-de-la-creation-dun-etat-palestinien-il-prepare-une-expulsion\/","url":"https:\/\/ismfrance.org\/index.php\/2026\/09\/02\/israel-ne-debat-pas-de-la-creation-dun-etat-palestinien-il-prepare-une-expulsion\/","name":"Isra\u00ebl ne d\u00e9bat pas de la cr\u00e9ation d'un \u00c9tat palestinien. Il pr\u00e9pare une expulsion. - International Solidarity Movement - ISM-France","isPartOf":{"@id":"https:\/\/ismfrance.org\/#website"},"primaryImageOfPage":{"@id":"https:\/\/ismfrance.org\/index.php\/2026\/09\/02\/israel-ne-debat-pas-de-la-creation-dun-etat-palestinien-il-prepare-une-expulsion\/#primaryimage"},"image":{"@id":"https:\/\/ismfrance.org\/index.php\/2026\/09\/02\/israel-ne-debat-pas-de-la-creation-dun-etat-palestinien-il-prepare-une-expulsion\/#primaryimage"},"thumbnailUrl":"https:\/\/ismfrance.org\/wp-content\/uploads\/2026\/09\/mohamad-safa-X.jpg","datePublished":"2026-09-02T10:09:37+00:00","breadcrumb":{"@id":"https:\/\/ismfrance.org\/index.php\/2026\/09\/02\/israel-ne-debat-pas-de-la-creation-dun-etat-palestinien-il-prepare-une-expulsion\/#breadcrumb"},"inLanguage":"fr-FR","potentialAction":[{"@type":"ReadAction","target":["https:\/\/ismfrance.org\/index.php\/2026\/09\/02\/israel-ne-debat-pas-de-la-creation-dun-etat-palestinien-il-prepare-une-expulsion\/"]}]},{"@type":"ImageObject","inLanguage":"fr-FR","@id":"https:\/\/ismfrance.org\/index.php\/2026\/09\/02\/israel-ne-debat-pas-de-la-creation-dun-etat-palestinien-il-prepare-une-expulsion\/#primaryimage","url":"https:\/\/ismfrance.org\/wp-content\/uploads\/2026\/09\/mohamad-safa-X.jpg","contentUrl":"https:\/\/ismfrance.org\/wp-content\/uploads\/2026\/09\/mohamad-safa-X.jpg","width":1280,"height":960},{"@type":"BreadcrumbList","@id":"https:\/\/ismfrance.org\/index.php\/2026\/09\/02\/israel-ne-debat-pas-de-la-creation-dun-etat-palestinien-il-prepare-une-expulsion\/#breadcrumb","itemListElement":[{"@type":"ListItem","position":1,"name":"Accueil","item":"https:\/\/ismfrance.org\/"},{"@type":"ListItem","position":2,"name":"Isra\u00ebl ne d\u00e9bat pas de la cr\u00e9ation d&rsquo;un \u00c9tat palestinien. Il pr\u00e9pare une expulsion."}]},{"@type":"WebSite","@id":"https:\/\/ismfrance.org\/#website","url":"https:\/\/ismfrance.org\/","name":"ISM Palestine France","description":"Soutien aux luttes de lib\u00e9ration du peuple palestinien","publisher":{"@id":"https:\/\/ismfrance.org\/#organization"},"potentialAction":[{"@type":"SearchAction","target":{"@type":"EntryPoint","urlTemplate":"https:\/\/ismfrance.org\/?s={search_term_string}"},"query-input":{"@type":"PropertyValueSpecification","valueRequired":true,"valueName":"search_term_string"}}],"inLanguage":"fr-FR"},{"@type":"Organization","@id":"https:\/\/ismfrance.org\/#organization","name":"International Solidarity Movement","url":"https:\/\/ismfrance.org\/","logo":{"@type":"ImageObject","inLanguage":"fr-FR","@id":"https:\/\/ismfrance.org\/#\/schema\/logo\/image\/","url":"https:\/\/ismfrance.org\/wp-content\/uploads\/2020\/12\/00.png","contentUrl":"https:\/\/ismfrance.org\/wp-content\/uploads\/2020\/12\/00.png","width":400,"height":400,"caption":"International Solidarity Movement"},"image":{"@id":"https:\/\/ismfrance.org\/#\/schema\/logo\/image\/"},"sameAs":["https:\/\/x.com\/ISMFRANCE"]},{"@type":"Person","@id":"https:\/\/ismfrance.org\/#\/schema\/person\/3c411eb72adfaae19c0dca1f41fae01d","name":"mru_01","image":{"@type":"ImageObject","inLanguage":"fr-FR","@id":"https:\/\/secure.gravatar.com\/avatar\/3a0be343b445d2ccc79e87444a294fad2b232e90d2051d0e3cc219e1ecd6a330?s=96&d=mm&r=g","url":"https:\/\/secure.gravatar.com\/avatar\/3a0be343b445d2ccc79e87444a294fad2b232e90d2051d0e3cc219e1ecd6a330?s=96&d=mm&r=g","contentUrl":"https:\/\/secure.gravatar.com\/avatar\/3a0be343b445d2ccc79e87444a294fad2b232e90d2051d0e3cc219e1ecd6a330?s=96&d=mm&r=g","caption":"mru_01"},"url":"https:\/\/ismfrance.org\/index.php\/author\/admin02\/"}]}},"_links":{"self":[{"href":"https:\/\/ismfrance.org\/index.php\/wp-json\/wp\/v2\/posts\/31168","targetHints":{"allow":["GET"]}}],"collection":[{"href":"https:\/\/ismfrance.org\/index.php\/wp-json\/wp\/v2\/posts"}],"about":[{"href":"https:\/\/ismfrance.org\/index.php\/wp-json\/wp\/v2\/types\/post"}],"author":[{"embeddable":true,"href":"https:\/\/ismfrance.org\/index.php\/wp-json\/wp\/v2\/users\/3"}],"replies":[{"embeddable":true,"href":"https:\/\/ismfrance.org\/index.php\/wp-json\/wp\/v2\/comments?post=31168"}],"version-history":[{"count":2,"href":"https:\/\/ismfrance.org\/index.php\/wp-json\/wp\/v2\/posts\/31168\/revisions"}],"predecessor-version":[{"id":31172,"href":"https:\/\/ismfrance.org\/index.php\/wp-json\/wp\/v2\/posts\/31168\/revisions\/31172"}],"wp:featuredmedia":[{"embeddable":true,"href":"https:\/\/ismfrance.org\/index.php\/wp-json\/wp\/v2\/media\/31170"}],"wp:attachment":[{"href":"https:\/\/ismfrance.org\/index.php\/wp-json\/wp\/v2\/media?parent=31168"}],"wp:term":[{"taxonomy":"category","embeddable":true,"href":"https:\/\/ismfrance.org\/index.php\/wp-json\/wp\/v2\/categories?post=31168"},{"taxonomy":"post_tag","embeddable":true,"href":"https:\/\/ismfrance.org\/index.php\/wp-json\/wp\/v2\/tags?post=31168"}],"curies":[{"name":"wp","href":"https:\/\/api.w.org\/{rel}","templated":true}]}}