{"id":31162,"date":"2026-09-01T19:19:09","date_gmt":"2026-09-01T17:19:09","guid":{"rendered":"https:\/\/ismfrance.org\/?p=31162"},"modified":"2026-09-01T19:19:09","modified_gmt":"2026-09-01T17:19:09","slug":"la-revendication-renouvelee-du-maroc-sur-ceuta-et-melilla-ne-constitue-pas-une-demande-de-decolonisation","status":"publish","type":"post","link":"https:\/\/ismfrance.org\/index.php\/2026\/09\/01\/la-revendication-renouvelee-du-maroc-sur-ceuta-et-melilla-ne-constitue-pas-une-demande-de-decolonisation\/","title":{"rendered":"La revendication renouvel\u00e9e du Maroc sur Ceuta et Melilla ne constitue pas une demande de d\u00e9colonisation"},"content":{"rendered":"<p><span style=\"color: #000000;\"><span style=\"font-family: Arial, sans-serif;\"><i>Les ambitions territoriales de Rabat alimentent son ressentiment \u00e0 l&rsquo;\u00e9gard de Madrid au sujet du Sahara occidental, tout en s&rsquo;inscrivant dans la lign\u00e9e de l&rsquo;hostilit\u00e9 des \u00c9tats-Unis et d&rsquo;Isra\u00ebl envers l&rsquo;Espagne en raison de sa position sur Gaza.<\/i><\/span><\/span><\/p>\n<p><span style=\"color: #000000;\"><span style=\"font-family: Arial, sans-serif;\"><strong>Joseph Massad, 31 ao\u00fbt 2026. \u2013<\/strong> La r\u00e9cente <a href=\"https:\/\/x.com\/KARIMPRIM\/status\/2082755332439146929\/video\/1\">vague<\/a> de dizaines de milliers de r\u00e9fugi\u00e9s \u00e9conomiques marocains et d&rsquo;autres pays africains tentant de rejoindre la colonie de peuplement espagnole de Ceuta a relanc\u00e9 les revendications marocaines pour que l&rsquo;Espagne restitue au Maroc Ceuta et Melilla (connues en arabe sous les noms de Sabtah et Maliliah).<\/span><\/span><\/p>\n<p><span style=\"color: #000000;\"><span style=\"font-family: Arial, sans-serif;\">Au moins 141 personnes ont p\u00e9ri lors de la travers\u00e9e, tandis que la plupart de ceux qui ont r\u00e9ussi \u00e0 passer ont \u00e9t\u00e9 renvoy\u00e9s de force ou \u00ab volontairement \u00bb.<\/span><\/span><\/p>\n<p><span style=\"color: #000000;\"><span style=\"font-family: Arial, sans-serif;\">Se rendre de Ceuta ou de Melilla vers l&rsquo;Espagne continentale par voie a\u00e9rienne ou maritime implique de passer des contr\u00f4les espagnols de passeports et de documents de voyage ; par cons\u00e9quent, m\u00eame les r\u00e9fugi\u00e9s parvenant \u00e0 entrer dans ces deux colonies de peuplement ne peuvent aller plus loin.<\/span><\/span><\/p>\n<p><span style=\"color: #000000;\"><span style=\"font-family: Arial, sans-serif;\">Le gouvernement italien raciste de la Premi\u00e8re ministre Giorgia Meloni a n\u00e9anmoins r\u00e9agi en instaurant des contr\u00f4les frontaliers a\u00e9riens et maritimes cibl\u00e9s pour les ressortissants non europ\u00e9ens arrivant d&rsquo;Espagne, de peur qu&rsquo;ils ne comptent parmi eux des Arabes ou des Africains.<\/span><\/span><\/p>\n<p><span style=\"color: #000000;\"><span style=\"font-family: Arial, sans-serif;\">Furieuse, l&rsquo;Espagne a ripost\u00e9 en imposant des contr\u00f4les frontaliers temporaires \u00e9quivalents sur les vols et les liaisons maritimes en provenance d&rsquo;Italie. De son c\u00f4t\u00e9, le Maroc a propos\u00e9 \u00e0 l&rsquo;Espagne d&rsquo;ouvrir des pourparlers sur le statut futur des deux territoires, une proposition que les Espagnols ont rejet\u00e9e cat\u00e9goriquement.<\/span><\/span><\/p>\n<p><span style=\"color: #000000;\"><span style=\"font-family: Arial, sans-serif;\">Le fait que le Maroc ait agi ainsi alors qu&rsquo;il a renforc\u00e9 son alliance avec les \u00c9tats-Unis et Isra\u00ebl \u2014 deux acteurs hostiles au gouvernement socialiste de Madrid \u2014 soul\u00e8ve des questions quant \u00e0 ses motivations.<\/span><\/span><\/p>\n<p><strong><span style=\"color: #000000;\"><span style=\"font-family: Arial, sans-serif;\"><span style=\"font-size: large;\">Conqu\u00eate coloniale<\/span><\/span><\/span><\/strong><\/p>\n<p><span style=\"color: #000000;\"><span style=\"font-family: Arial, sans-serif;\">Le Maroc \u00e9tait le seul territoire d&rsquo;Afrique du Nord \u00e0 ne pas avoir \u00e9t\u00e9 sous domination ottomane, \u00e9tant gouvern\u00e9 par une dynastie locale depuis le XVIIe si\u00e8cle. En 1415, durant la \u00ab Reconquista \u00bb, le Portugal conquit l&rsquo;enclave marocaine de Sabtah ; celle-ci demeura espagnole apr\u00e8s la dissolution de l&rsquo;Union ib\u00e9rique en 1640 et fut officiellement c\u00e9d\u00e9e \u00e0 l&rsquo;Espagne par le trait\u00e9 de Lisbonne de 1668. L&rsquo;Espagne avait elle-m\u00eame conquis l&rsquo;enclave de Maliliah en 1497.<\/span><\/span><\/p>\n<p><span style=\"color: #000000;\"><span style=\"font-family: Arial, sans-serif;\">Ces deux villes coloniales de peuplement restent sous souverainet\u00e9 espagnole aujourd&rsquo;hui, malgr\u00e9 les tentatives r\u00e9p\u00e9t\u00e9es du Maroc pour les reconqu\u00e9rir entre le XVIIIe et le XXe si\u00e8cle.<\/span><\/span><\/p>\n<p><span style=\"color: #000000;\"><span style=\"font-family: Arial, sans-serif;\">Elles servirent de bagnes au XVIIIe si\u00e8cle avant d&rsquo;\u00eatre d\u00e9clar\u00e9es ports francs en 1906. L&rsquo;Espagne tenta \u00e9galement de conqu\u00e9rir la ville marocaine de T\u00e9touan pour \u00e9tendre son contr\u00f4le autour de Ceuta, d\u00e9clenchant ainsi la guerre hispano-marocaine de 1859-1860.<\/span><\/span><\/p>\n<p><span style=\"color: #000000;\"><span style=\"font-family: Arial, sans-serif;\">La d\u00e9faite de l&rsquo;Espagne lors de la guerre hispano-am\u00e9ricaine de 1898, ainsi que la perte des Philippines et de ses colonies des Cara\u00efbes, relanc\u00e8rent ses vis\u00e9es sur le territoire marocain. La France, qui empi\u00e9tait sur d&rsquo;autres colonies espagnoles en Afrique, nourrissait elle aussi des ambitions coloniales au Maroc.<\/span><\/span><\/p>\n<div id=\"attachment_31164\" style=\"width: 416px\" class=\"wp-caption aligncenter\"><a href=\"https:\/\/ismfrance.org\/wp-content\/uploads\/2026\/09\/Marrocoprotectorate.png\"><img loading=\"lazy\" decoding=\"async\" aria-describedby=\"caption-attachment-31164\" class=\"size-full wp-image-31164\" src=\"https:\/\/ismfrance.org\/wp-content\/uploads\/2026\/09\/Marrocoprotectorate.png\" alt=\"\" width=\"406\" height=\"388\" srcset=\"https:\/\/ismfrance.org\/wp-content\/uploads\/2026\/09\/Marrocoprotectorate.png 406w, https:\/\/ismfrance.org\/wp-content\/uploads\/2026\/09\/Marrocoprotectorate-300x287.png 300w\" sizes=\"auto, (max-width: 406px) 100vw, 406px\" \/><\/a><p id=\"caption-attachment-31164\" class=\"wp-caption-text\">Carte du R\u00edo de Oro au sein du Sahara espagnol (<a href=\"https:\/\/fr.wikipedia.org\/wiki\/Rio_de_Oro\">Wikipedia<\/a>)<\/p><\/div>\n<p><span style=\"color: #000000;\"><span style=\"font-family: Arial, sans-serif;\">Le trait\u00e9 de Paris de 1900 d\u00e9limita les colonies espagnoles du R\u00edo de Oro (devenu par la suite Sahara espagnol, puis Sahara occidental) et de l&rsquo;Afrique \u00e9quatoriale, ou Guin\u00e9e espagnole. Ces territoires, limitrophes de colonies fran\u00e7aises, constituaient une portion r\u00e9duite des conqu\u00eates africaines initiales de l&rsquo;Espagne..<\/span><\/span><\/p>\n<p><span style=\"color: #000000;\"><span style=\"font-family: Arial, sans-serif;\">Les zones d&rsquo;influence fran\u00e7aise et espagnole au Maroc furent ult\u00e9rieurement d\u00e9limit\u00e9es en 1904 dans le cadre de l&rsquo;Entente cordiale franco-britannique, qui reconnaissait leurs revendications coloniales respectives en Afrique du Nord \u2014 en \u00c9gypte et au Maroc \u2014 \u00e0 condition que la France c\u00e8de une partie du territoire marocain \u00e0 l&rsquo;Espagne.<\/span><\/span><\/p>\n<p><span style=\"color: #000000;\"><span style=\"font-family: Arial, sans-serif;\">\u00c0 la fin de l&rsquo;ann\u00e9e 1904, la France reconnut une zone espagnole englobant une bande du nord du Maroc (incluant Ceuta et Melilla) ; celle-ci s&rsquo;\u00e9tendait vers l&rsquo;ouest le long de toute la c\u00f4te m\u00e9diterran\u00e9enne, sans toutefois atteindre la fronti\u00e8re alg\u00e9rienne \u00e0 l&rsquo;est. Tanger, enclave c\u00f4ti\u00e8re situ\u00e9e au sein de cette zone, fut plac\u00e9e sous statut international. <\/span><\/span><\/p>\n<p><span style=\"color: #000000;\"><span style=\"font-family: Arial, sans-serif;\">La r\u00e9gion de al-Saqiyah al-Hamra (Seguia el Hamra sur la carte ci-dessus), au sud, adjacente au R\u00edo de Oro \u2014 ces deux territoires formant par la suite le \u00ab Sahara espagnol \u00bb \u2014 fut \u00e9galement exclue de l&rsquo;accord.<\/span><\/span><\/p>\n<p><span style=\"color: #000000;\"><span style=\"font-family: Arial, sans-serif;\">Ces dispositions furent suivies par le trait\u00e9 de F\u00e8s de 1912, qui instaura le protectorat fran\u00e7ais sur le territoire marocain. La m\u00eame ann\u00e9e, la France accorda \u00e0 l&rsquo;Espagne le droit d&rsquo;\u00e9tablir son propre protectorat dans la zone d\u00e9limit\u00e9e en 1904.<\/span><\/span><\/p>\n<p><strong><span style=\"color: #000000;\"><span style=\"font-family: Arial, sans-serif;\"><span style=\"font-size: large;\">La r\u00e9sistance rifaine<\/span><\/span><\/span><\/strong><\/p>\n<p><span style=\"color: #000000;\"><span style=\"font-family: Arial, sans-serif;\">Avant m\u00eame d&rsquo;\u00e9tablir son protectorat, l&rsquo;Espagne avait empi\u00e9t\u00e9 sur le territoire marocain depuis Melilla en 1909 et depuis Larache (al-Ara\u00efch), sur la c\u00f4te atlantique, en 1911.<\/span><\/span><\/p>\n<p><span style=\"color: #000000;\"><span style=\"font-family: Arial, sans-serif;\">L&rsquo;Espagne cherchait \u00e0 exploiter les gisements de fer des montagnes du Rif, dans le nord du Maroc, ce qui provoqua des repr\u00e9sailles de la part des Rifains, lesquels tu\u00e8rent sept ouvriers espagnols. Au moins 1.000 soldats espagnols p\u00e9rirent lors de l&rsquo;incursion et de l&rsquo;occupation de la r\u00e9gion montagneuse qui s&rsquo;ensuivirent.<\/span><\/span><\/p>\n<p><span style=\"color: #000000;\"><span style=\"font-family: Arial, sans-serif;\">En 1913, 40.000 soldats espagnols occup\u00e8rent T\u00e9touan, la capitale du protectorat. Les forces espagnoles commirent des atrocit\u00e9s \u00e0 grande \u00e9chelle, pillant des habitations et violant des femmes marocaines. Cette violence provoqua un exode massif de la ville vers les montagnes, o\u00f9 les r\u00e9fugi\u00e9s rejoignirent les rebelles.<\/span><\/span><\/p>\n<p><span style=\"color: #000000;\"><span style=\"font-family: Arial, sans-serif;\">La situation s&rsquo;aggrava apr\u00e8s la Premi\u00e8re Guerre mondiale, lorsque l&rsquo;Espagne entreprit une campagne de \u00ab pacification \u00bb dans le Rif. Entre 1919 et 1921, les forces espagnoles envahirent et occup\u00e8rent des territoires et des villes qui, bien que th\u00e9oriquement inclus dans le protectorat, \u00e9chappaient encore \u00e0 leur contr\u00f4le.<\/span><\/span><\/p>\n<p><span style=\"color: #000000;\"><span style=\"font-family: Arial, sans-serif;\">Ces incursions suscit\u00e8rent une r\u00e9sistance majeure men\u00e9e par Muhammad Abd el-Krim al-Khattabi, connu en Europe sous le nom d&rsquo;\u00ab Abd el-Krim \u00bb.<\/span><\/span><\/p>\n<div id=\"attachment_31165\" style=\"width: 706px\" class=\"wp-caption aligncenter\"><a href=\"https:\/\/ismfrance.org\/wp-content\/uploads\/2026\/09\/abdelkrim-el-khattabi.webp\"><img loading=\"lazy\" decoding=\"async\" aria-describedby=\"caption-attachment-31165\" class=\"wp-image-31165 size-full\" src=\"https:\/\/ismfrance.org\/wp-content\/uploads\/2026\/09\/abdelkrim-el-khattabi.webp\" alt=\"\" width=\"696\" height=\"392\" srcset=\"https:\/\/ismfrance.org\/wp-content\/uploads\/2026\/09\/abdelkrim-el-khattabi.webp 696w, https:\/\/ismfrance.org\/wp-content\/uploads\/2026\/09\/abdelkrim-el-khattabi-300x169.webp 300w\" sizes=\"auto, (max-width: 696px) 100vw, 696px\" \/><\/a><p id=\"caption-attachment-31165\" class=\"wp-caption-text\">Abdelkrim El Khattabi (1882 \u2013 1963). Sur le mur, la carte du Rif. (source <a href=\"https:\/\/www.afrik.com\/le-maroc-inventeur-de-la-guerilla\">Afrik.com<\/a>)<\/p><\/div>\n<p><span style=\"color: #000000;\"><span style=\"font-family: Arial, sans-serif;\">Alors que l&rsquo;Espagne se pr\u00e9parait \u00e0 envahir le Rif depuis la localit\u00e9 d&rsquo;Anoual (Annual) et par voie maritime depuis la baie d&rsquo;Al Hoceima, Abd el-Krim lan\u00e7a une attaque pr\u00e9ventive le 17 juillet 1921, tuant des centaines de soldats espagnols, dont plusieurs officiers sup\u00e9rieurs.<\/span><\/span><\/p>\n<p><span style=\"color: #000000;\"><span style=\"font-family: Arial, sans-serif;\">Apr\u00e8s douze ann\u00e9es de victoires sur le sol marocain, les Espagnols connurent la d\u00e9faite. Les Rifains lib\u00e9r\u00e8rent leur terre, s&rsquo;arr\u00eatant aux portes de Melilla. Lors de la retraite d&rsquo;Anoual, l&rsquo;Espagne perdit entre 13.000 et 19.000 hommes.<\/span><\/span><\/p>\n<p><span style=\"color: #000000;\"><span style=\"font-family: Arial, sans-serif;\">Bien que l&rsquo;Espagne ait r\u00e9ussi \u00e0 reconqu\u00e9rir certains territoires, toute tentative d&rsquo;approche maritime se heurtait \u00e0 la r\u00e9sistance rifaine qui coula le navire de guerre espagnol <i>Juan de Juanes<\/i> en mars 1922. Abd el-Krim refusa d&rsquo;acc\u00e9der aux exigences espagnoles de lib\u00e9ration des prisonniers de guerre, r\u00e9clamant en \u00e9change une compensation financi\u00e8re ainsi que la lib\u00e9ration des captifs marocains. Apr\u00e8s de longues h\u00e9sitations, l&rsquo;Espagne finit par accepter et lui versa quatre millions de pesetas, une somme \u00e9quivalant \u00e0 environ 11,6 millions de dollars actuels. Sur les 570 prisonniers espagnols d\u00e9tenus par les Rifains, 326 surv\u00e9curent ; les autres moururent du typhus, tout comme certains de leurs ge\u00f4liers.<\/span><\/span><\/p>\n<p><span style=\"color: #000000;\"><span style=\"font-family: Arial, sans-serif;\">En septembre 1921, Abd el-Krim proclama la R\u00e9publique du Rif, dont la capitale fut \u00e9tablie \u00e0 Ajdir, sur la c\u00f4te m\u00e9diterran\u00e9enne, pr\u00e8s de la baie d&rsquo;Al Hoceima.<\/span><\/span><\/p>\n<p><span style=\"color: #000000;\"><span style=\"font-family: Arial, sans-serif;\">La r\u00e9publique surv\u00e9cut jusqu&rsquo;en 1926, repoussant plusieurs incursions espagnoles. En 1924, alors qu&rsquo;ils se regroupaient, les Espagnols \u00e9vacu\u00e8rent la ville de Chefchaouen (Chaouen) ; ils y furent pris \u00e0 partie par les Rifains, qui leur inflig\u00e8rent entre 17.000 et 20.000 pertes.<\/span><\/span><\/p>\n<p><span style=\"color: #000000;\"><span style=\"font-family: Arial, sans-serif;\">Le g\u00e9n\u00e9ral Miguel Primo de Rivera, devenu dirigeant du protectorat \u00e0 l&rsquo;automne 1923, d\u00e9clara que malgr\u00e9 le \u00ab sang espagnol \u00bb marquant la \u00ab voie de la civilisation \u00bb, la vengeance contre les Marocains serait \u00ab rapide et s\u00e9v\u00e8re \u00bb. \u00c0 l&rsquo;\u00e9t\u00e9 1925, les forces d&rsquo;Abd el-Krim avaient progress\u00e9 vers le sud et submerg\u00e9 les troupes fran\u00e7aises au nord de F\u00e8s.<\/span><\/span><\/p>\n<p><span style=\"color: #000000;\"><span style=\"font-family: Arial, sans-serif;\">Les commandants fran\u00e7ais et espagnols se r\u00e9unirent \u00e0 Madrid en juin 1925 pour coordonner une invasion de la R\u00e9publique du Rif. Ils mobilis\u00e8rent 123.000 soldats \u2014 bien que certaines estimations avancent le chiffre d&rsquo;un demi-million \u2014 face \u00e0 12.000 combattants rifains. Les forces europ\u00e9ennes lanc\u00e8rent leur offensive en septembre, assi\u00e9geant la r\u00e9publique \u00e0 l&rsquo;approche de l&rsquo;hiver et restreignant ses approvisionnements en nourriture et en sel.<\/span><\/span><\/p>\n<p><span style=\"color: #000000;\"><span style=\"font-family: Arial, sans-serif;\">Les tentatives de n\u00e9gociation d&rsquo;Abd el-Krim \u00e9chou\u00e8rent. Au printemps 1926, l&rsquo;Espagne lan\u00e7a un assaut naval sur Al Hoceima. Elle utilisa quatre types de gaz toxiques, dont l&rsquo;yp\u00e9rite (gaz moutarde), contre les civils et les combattants afin de briser la r\u00e9sistance acharn\u00e9e des Rifains et de remporter la guerre. Les troupes espagnoles mutil\u00e8rent leurs victimes marocaines, empalant des parties de corps sur des broches. Abd el-Krim se rendit aux Fran\u00e7ais en mai 1926. Il fut exil\u00e9 avec sa famille et 150 autres Rifains \u00e0 La R\u00e9union, \u00eele de l&rsquo;oc\u00e9an Indien sous occupation fran\u00e7aise, avant de s&rsquo;enfuir au Caire en 1947.<\/span><\/span><\/p>\n<p><span style=\"color: #000000;\"><span style=\"font-family: Arial, sans-serif;\">Au total, 10.000 Rifains p\u00e9rirent en d\u00e9fendant leurs terres. Au cours des cinq ann\u00e9es de combats, quelque 43.500 soldats espagnols furent tu\u00e9s, bless\u00e9s ou port\u00e9s disparus.<\/span><\/span><\/p>\n<p><span style=\"color: #000000;\"><span style=\"font-family: Arial, sans-serif;\">Invoquant son incomp\u00e9tence en la mati\u00e8re, la Soci\u00e9t\u00e9 des Nations refusa d&rsquo;intervenir dans la guerre du Rif, m\u00eame apr\u00e8s l&rsquo;utilisation de gaz toxiques par l&rsquo;Espagne ; le racisme de ses membres europ\u00e9ens fut sans aucun doute un facteur d\u00e9terminant.<\/span><\/span><\/p>\n<p><span style=\"color: #000000;\"><span style=\"font-family: Arial, sans-serif;\">La R\u00e9publique du Rif ne fut que la deuxi\u00e8me r\u00e9publique ind\u00e9pendante proclam\u00e9e dans le monde arabe, apr\u00e8s la R\u00e9publique de Tripolitaine en 1918, et aucune autre ne vit le jour avant la Seconde Guerre mondiale.<\/span><\/span><\/p>\n<p><strong><span style=\"font-size: large;\"><span style=\"color: #000000;\"><span style=\"font-family: Arial, sans-serif;\">L&rsquo;exode des colons<\/span><\/span><\/span><\/strong><\/p>\n<p><span style=\"color: #000000;\"><span style=\"font-family: Arial, sans-serif;\"><span style=\"font-size: medium;\">\u00c0 la veille de l&rsquo;ind\u00e9pendance du Maroc en 1956, 350.000 colons fran\u00e7ais vivaient dans le pays. \u00c0 cette date, le protectorat espagnol comptait 91.000 colons espagnols, auxquels s&rsquo;ajoutaient 26.000 autres dans la zone fran\u00e7aise et 21.500 dans la zone internationale de Tanger.<\/span><\/span><\/span><\/p>\n<p><span style=\"color: #000000;\"><span style=\"font-family: Arial, sans-serif;\"><span style=\"font-size: medium;\">Au total, pr\u00e8s d&rsquo;un demi-million de colons europ\u00e9ens vivaient au Maroc au milieu des ann\u00e9es 1950, dont pr\u00e8s des trois quarts \u00e9taient fran\u00e7ais.<\/span><\/span><\/span><\/p>\n<p><span style=\"color: #000000;\"><span style=\"font-family: Arial, sans-serif;\"><span style=\"font-size: medium;\">Apr\u00e8s l&rsquo;\u00e9lection du gouvernement du Front populaire en Espagne en 1936, le leader nationaliste marocain en pleine ascension, Abdelkhalek Torres, fonda le Parti de la r\u00e9forme nationale dans la zone espagnole. La gauche espagnole ne soutenait pas l&rsquo;ind\u00e9pendance du Maroc.<\/span><\/span><\/span><\/p>\n<p><span style=\"color: #000000;\"><span style=\"font-family: Arial, sans-serif;\"><span style=\"font-size: medium;\">En revanche, les militaires de droite insurg\u00e9s, qui plong\u00e8rent l&rsquo;Espagne dans la guerre civile, cherch\u00e8rent \u00e0 rallier les nationalistes marocains \u00e0 leur cause, principalement pour recruter des Rifains afin qu&rsquo;ils combattent \u00e0 leurs c\u00f4t\u00e9s. Quelque 60.000 \u00e0 70.000 Marocains combattirent pour le g\u00e9n\u00e9ral Francisco Franco, dont les forces contr\u00f4laient la zone espagnole du Maroc.<\/span><\/span><\/span><\/p>\n<p><span style=\"color: #000000;\"><span style=\"font-family: Arial, sans-serif;\"><span style=\"font-size: medium;\">\u00c0 Ceuta et Melilla, les juifs autochtones c\u00f4toyaient ceux dont les anc\u00eatres avaient fui la Reconquista. \u00c0 la fin du XIXe si\u00e8cle, la population juive urbaine s&rsquo;\u00e9tait transform\u00e9e en un m\u00e9lange s\u00e9farade de juifs espagnols et marocains ; ces derniers qualifiaient de \u00ab Berb\u00e8res \u00bb les juifs vivant dans les zones rurales.<\/span><\/span><\/span><\/p>\n<p><span style=\"color: #000000;\"><span style=\"font-family: Arial, sans-serif;\"><span style=\"font-size: medium;\">Des vagues de juifs originaires de T\u00e9touan et des campagnes marocaines migr\u00e8rent vers les colonies entre les ann\u00e9es 1880 et la premi\u00e8re d\u00e9cennie du XXe si\u00e8cle.<\/span><\/span><\/span><\/p>\n<p><span style=\"color: #000000;\"><span style=\"font-family: Arial, sans-serif;\"><span style=\"font-size: medium;\">Les sionistes commenc\u00e8rent \u00e0 s&rsquo;int\u00e9resser \u00e0 eux en 1919, bien que les juifs locaux aient per\u00e7u le sionisme comme un mouvement ashk\u00e9naze d\u00e9nu\u00e9 de religiosit\u00e9. Toutefois, sous l&rsquo;impulsion de leur rabbin, de riches juifs de Ceuta r\u00e9unirent 100.000 francs au profit des sionistes en 1921.<\/span><\/span><\/span><\/p>\n<p><span style=\"color: #000000;\"><span style=\"font-family: Arial, sans-serif;\"><span style=\"font-size: medium;\">En 1922, la F\u00e9d\u00e9ration sioniste ib\u00e9ro-marocaine fut cr\u00e9\u00e9e \u00e0 Ceuta sous la direction d&rsquo;Ignacio Bauer-Landauer, dont la famille repr\u00e9sentait la maison Rothschild en Espagne depuis le milieu du XIXe si\u00e8cle. \u00c0 cette \u00e9poque, il n&rsquo;y avait pas encore d&rsquo;\u00e9migration juive vers la Palestine.<\/span><\/span><\/span><\/p>\n<p><span style=\"color: #000000;\"><span style=\"font-family: Arial, sans-serif;\"><span style=\"font-size: medium;\">Dans les ann\u00e9es 1950, les nationalistes marocains anticolonialistes de la zone espagnole, \u00e0 l&rsquo;instar de leurs compatriotes de la zone fran\u00e7aise, mobilis\u00e8rent la population en faveur de l&rsquo;ind\u00e9pendance.<\/span><\/span><\/span><\/p>\n<p><span style=\"color: #000000;\"><span style=\"font-family: Arial, sans-serif;\"><span style=\"font-size: medium;\">L&rsquo;Espagne r\u00e9sista \u00e0 leurs efforts avant de finir par y c\u00e9der. Le roi Mohammed V du Maroc se rendit en Espagne en avril 1956 pour finaliser les modalit\u00e9s. Le statut de zone internationale de Tanger fut aboli en juillet 1956, bien que la ville ait conserv\u00e9 un statut administratif particulier jusqu&rsquo;en juillet 1960.<\/span><\/span><\/span><\/p>\n<p><span style=\"color: #000000;\"><span style=\"font-family: Arial, sans-serif;\"><span style=\"font-size: medium;\">L&rsquo;ind\u00e9pendance vis-\u00e0-vis de l&rsquo;Espagne incita de nombreux colons espagnols \u2014 au nombre de 92.000, soit 9,4 % de la population du protectorat \u2014 \u00e0 partir. \u00c0 l&rsquo;\u00e9poque, on d\u00e9nombrait 21.500 colons espagnols \u00e0 Tanger et 25.698 dans le protectorat fran\u00e7ais. Ifni en comptait 3.500 autres, un chiffre qui augmenta avec l&rsquo;arriv\u00e9e de colons venus de territoires c\u00e9d\u00e9s par l&rsquo;Espagne ; en 1967, ils \u00e9taient 11.984, militaires compris.<\/span><\/span><\/span><\/p>\n<p><span style=\"color: #000000;\"><span style=\"font-family: Arial, sans-serif;\"><span style=\"font-size: medium;\">Au Sahara espagnol, 20.126 colons rest\u00e8rent sur place jusqu&rsquo;au retrait de l&rsquo;Espagne en 1975. De nombreux colons demeur\u00e8rent \u00e9galement dans l&rsquo;ancien protectorat espagnol apr\u00e8s l&rsquo;ind\u00e9pendance, tandis que d&rsquo;autres partirent progressivement, les d\u00e9parts s&rsquo;acc\u00e9l\u00e9rant nettement en 1957. L&rsquo;Espagne ne quitta Ifni qu&rsquo;en 1969 et a conserv\u00e9 ses colonies de Ceuta et Melilla depuis lors.<\/span><\/span><\/span><\/p>\n<p><span style=\"color: #000000;\"><span style=\"font-family: Arial, sans-serif;\"><span style=\"font-size: medium;\">En 1956, la Couronne marocaine ne consid\u00e9rait pas ces deux colonies comme faisant partie du royaume, contrairement aux nationalistes. En 1971, le minist\u00e8re espagnol du Travail recensait 43.498 Espagnols au Maroc : 8.082 dans l&rsquo;ancien protectorat espagnol, 26.668 dans l&rsquo;ancien protectorat fran\u00e7ais et 9.295 \u00e0 Tanger.<\/span><\/span><\/span><\/p>\n<p><span style=\"color: #000000;\"><span style=\"font-family: Arial, sans-serif;\"><span style=\"font-size: medium;\">Une nouvelle vague de rapatriements a suivi le d\u00e9cret de 1973 imposant la marocanisation des entreprises \u00e9trang\u00e8res, des emplois et des terres nationalis\u00e9es. Entre juin 1974 et d\u00e9cembre 1975, quelque 20.000 familles de colons espagnols sont rentr\u00e9es en Espagne.<\/span><\/span><\/span><\/p>\n<p><span style=\"color: #000000;\"><span style=\"font-family: Arial, sans-serif;\"><span style=\"font-size: medium;\">Au d\u00e9but de l&rsquo;ann\u00e9e 1980, les consulats espagnols ne d\u00e9nombraient plus que 8.094 travailleurs espagnols au Maroc, dont 80 % \u00e9taient concentr\u00e9s \u00e0 Tanger et \u00e0 Casablanca. L&rsquo;importante colonie espagnole de Casablanca, qui comptait 20.500 personnes avant la marocanisation des terres de 1973, \u00e9tait tomb\u00e9e \u00e0 environ 2.500 habitants en 1986.<\/span><\/span><\/span><\/p>\n<p><strong><span style=\"font-size: large;\"><span style=\"color: #000000;\"><span style=\"font-family: Arial, sans-serif;\">Une d\u00e9colonisation s\u00e9lective<\/span><\/span><\/span><\/strong><\/p>\n<p><span style=\"color: #000000;\"><span style=\"font-family: Arial, sans-serif;\"><span style=\"font-size: medium;\">Aujourd&rsquo;hui, les Espagnols repr\u00e9sentent pr\u00e8s de la moiti\u00e9 de la population des deux colonies de peuplement que sont Sabtah et Maliliah. Ils constituent une courte majorit\u00e9 \u00e0 Sabtah (Ceuta), tandis que les Marocains autochtones d\u00e9tiennent une courte majorit\u00e9 \u00e0 Maliliah (Melilla).<\/span><\/span><\/span><\/p>\n<p><span style=\"color: #000000;\"><span style=\"font-family: Arial, sans-serif;\"><span style=\"font-size: medium;\">Dans le sillage des r\u00e9cents mouvements migratoires vers Ceuta, les revendications marocaines concernant la restitution de Sabtah et Maliliah ont refait surface. Le 22 ao\u00fbt, le ministre marocain de la Justice, Abdellatif Ouahbi, a d\u00e9clar\u00e9 que le Maroc \u00ab maintiendrait son droit historique et g\u00e9ographique \u00bb sur ces deux villes, appelant \u00e0 la cr\u00e9ation d&rsquo;une commission de dialogue permanente pour n\u00e9gocier leur retour \u00ab au sein de la patrie \u00bb.<\/span><\/span><\/span><\/p>\n<p><span style=\"color: #000000;\"><span style=\"font-family: Arial, sans-serif;\"><span style=\"font-size: medium;\">Quelques jours plus tard, le ministre marocain des Habous et des Affaires islamiques, Ahmed Toufiq, a \u00e9voqu\u00e9 les \u00ab villes occup\u00e9es \u00bb d&rsquo;Afrique du Nord lors d&rsquo;une c\u00e9r\u00e9monie marquant l&rsquo;anniversaire du Proph\u00e8te au palais royal de Rabat, pr\u00e9sid\u00e9e par le roi Mohammed VI.<\/span><\/span><\/span><\/p>\n<p><span style=\"color: #000000;\"><span style=\"font-family: Arial, sans-serif;\"><span style=\"font-size: medium;\">L&rsquo;Espagne a r\u00e9agi avec intransigeance, affirmant qu&rsquo;elle ne renoncerait jamais \u00e0 sa souverainet\u00e9 sur ses colonies. \u00ab Ceuta et Melilla sont espagnoles \u00bb, a d\u00e9clar\u00e9 la porte-parole du gouvernement, Elma Saiz. \u00ab Ce sont nos fronti\u00e8res m\u00e9ridionales, ainsi que celles de l&rsquo;Europe. Il n&rsquo;y a rien \u00e0 ajouter. \u00bb<\/span><\/span><\/span><\/p>\n<p><span style=\"color: #000000;\"><span style=\"font-family: Arial, sans-serif;\"><span style=\"font-size: medium;\">L&rsquo;issue de ces revendications marocaines reste incertaine, surtout compte tenu du soutien de l&rsquo;administration Trump aux pr\u00e9tentions du Maroc sur le Sahara occidental \u2014 au d\u00e9triment des revendications autochtones du peuple sahraoui et de la R\u00e9publique arabe sahraouie d\u00e9mocratique (RASD), proclam\u00e9e par le Front Polisario en 1976 et reconnue par plus d&rsquo;une vingtaine de pays.<\/span><\/span><\/span><\/p>\n<p><span style=\"color: #000000;\"><span style=\"font-family: Arial, sans-serif;\"><span style=\"font-size: medium;\">Ces revendications ressurgissent dans un contexte d&rsquo;hostilit\u00e9 croissante des \u00c9tats-Unis et d&rsquo;Isra\u00ebl envers l&rsquo;Espagne, en raison de la condamnation par Madrid du g\u00e9nocide et des politiques coloniales d&rsquo;Isra\u00ebl \u00e0 l&rsquo;\u00e9gard des Palestiniens. Le Maroc, de son c\u00f4t\u00e9, nourrit ses propres griefs.<\/span><\/span><\/span><\/p>\n<p><span style=\"color: #000000;\"><span style=\"font-family: Arial, sans-serif;\"><span style=\"font-size: medium;\">Ses revendications territoriales pourraient moins d\u00e9couler d&rsquo;un sentiment national sinc\u00e8re que d&rsquo;une volont\u00e9 de punir l&rsquo;Espagne : d&rsquo;une part, pour avoir refus\u00e9 de reconna\u00eetre la pleine souverainet\u00e9 marocaine sur le Sahara occidental \u2014 bien qu&rsquo;elle ait soutenu le plan d&rsquo;autonomie marocain pour ce territoire \u2014 et, d&rsquo;autre part, pour avoir maintenu de bonnes relations avec l&rsquo;Alg\u00e9rie, qui soutient l&rsquo;ind\u00e9pendance sahraouie et est alli\u00e9e au Front Polisario. Bien que l&rsquo;administration Trump ait r\u00e9affirm\u00e9 son soutien \u00e0 la souverainet\u00e9 espagnole sur Ceuta et Melilla, un rapport du Congr\u00e8s am\u00e9ricain \u2014 d\u00e9crivant ces deux villes comme \u00e9tant situ\u00e9es en territoire marocain et encourageant un dialogue diplomatique entre Rabat et Madrid \u2014 a suscit\u00e9 l&rsquo;inqui\u00e9tude. L&rsquo;Espagne maintient que leur statut n&rsquo;est pas n\u00e9gociable.<\/span><\/span><\/span><\/p>\n<p><span style=\"color: #000000;\"><span style=\"font-family: Arial, sans-serif;\"><span style=\"font-size: medium;\">La p\u00e9rennit\u00e9 de la position espagnole reste incertaine, compte tenu de l&rsquo;alliance \u00e9troite entre le Maroc et Isra\u00ebl sous le gouvernement de Benjamin Netanyahu, ainsi que de l&rsquo;hostilit\u00e9 persistante de Trump envers le gouvernement socialiste espagnol. Madrid a refus\u00e9 \u00e0 Washington l&rsquo;utilisation de ses bases militaires pour une \u00e9ventuelle guerre contre l&rsquo;Iran et a rappel\u00e9 son ambassadeur en Isra\u00ebl en raison du g\u00e9nocide \u00e0 Gaza.<\/span><\/span><\/span><\/p>\n<p><span style=\"color: #000000;\"><span style=\"font-family: Arial, sans-serif;\"><span style=\"font-size: medium;\">En Espagne, beaucoup estiment que le pays paie aujourd&rsquo;hui le prix de cette d\u00e9fiance, hommes politiques et commentateurs accusant Isra\u00ebl et les \u00c9tats-Unis d&rsquo;avoir attis\u00e9 la crise de Ceuta en guise de repr\u00e9sailles.<\/span><\/span><\/span><\/p>\n<p><span style=\"color: #000000;\"><span style=\"font-family: Arial, sans-serif;\"><span style=\"font-size: medium;\">L&rsquo;ambassadeur d&rsquo;Isra\u00ebl aupr\u00e8s de l&rsquo;ONU, Danny Danon, a aliment\u00e9 ces soup\u00e7ons en publiant sur X qu&rsquo;il \u00e9tait temps pour l&rsquo;Espagne d&rsquo;expliquer pourquoi elle \u00ab conserve encore des enclaves coloniales en Afrique \u00bb. Le ministre espagnol des Transports, Oscar Puente, a relay\u00e9 ce message en commentant : \u00ab Eh bien, tout cela semble devenir tr\u00e8s clair. \u00bb<\/span><\/span><\/span><\/p>\n<p><span style=\"color: #000000;\"><span style=\"font-family: Arial, sans-serif;\"><span style=\"font-size: medium;\">L&rsquo;alliance du Maroc avec Trump et Isra\u00ebl, marqu\u00e9e par une position hostile aux Palestiniens, ne saurait d\u00e9terminer l&rsquo;avenir de ces deux colonies de peuplement. Cet avenir doit reposer sur une v\u00e9ritable volont\u00e9 de d\u00e9colonisation, appliqu\u00e9e de mani\u00e8re \u00e9gale \u00e0 Ceuta et Melilla, au Sahara occidental ainsi qu&rsquo;\u00e0 tous les territoires palestiniens, libanais et syriens colonis\u00e9s par Isra\u00ebl.<\/span><\/span><\/span><\/p>\n<p><em><strong><span style=\"color: #000000;\"><span style=\"font-family: Arial, sans-serif;\"><span style=\"font-size: medium;\">Article original en anglais sur <a href=\"https:\/\/www.middleeasteye.net\/opinion\/moroccos-revived-claim-ceuta-and-melilla-not-demand-decolonisation\">Middle East Eye<\/a> \/ Traduction MR<\/span><\/span><\/span><\/strong><\/em><\/p>\n","protected":false},"excerpt":{"rendered":"<p>Les ambitions territoriales de Rabat alimentent son ressentiment \u00e0 l&rsquo;\u00e9gard de Madrid au sujet du Sahara occidental, tout en s&rsquo;inscrivant dans la lign\u00e9e de l&rsquo;hostilit\u00e9 des \u00c9tats-Unis et d&rsquo;Isra\u00ebl envers <a class=\"more-link\" href=\"https:\/\/ismfrance.org\/index.php\/2026\/09\/01\/la-revendication-renouvelee-du-maroc-sur-ceuta-et-melilla-ne-constitue-pas-une-demande-de-decolonisation\/\">Lire la suite &rarr;<\/a><\/p>\n","protected":false},"author":3,"featured_media":31165,"comment_status":"closed","ping_status":"closed","sticky":false,"template":"","format":"standard","meta":{"footnotes":""},"categories":[12,2],"tags":[158,466,58,216],"class_list":["post-31162","post","type-post","status-publish","format-standard","has-post-thumbnail","hentry","category-analyses","category-articles","tag-colonialisme-de-peuplement","tag-espagne","tag-histoire","tag-maroc"],"yoast_head":"<!-- This site is optimized with the Yoast SEO plugin v28.3 - https:\/\/yoast.com\/product\/yoast-seo-wordpress\/ -->\n<title>La revendication renouvel\u00e9e du Maroc sur Ceuta et Melilla ne constitue pas une demande de d\u00e9colonisation - International Solidarity Movement - ISM-France<\/title>\n<meta name=\"robots\" content=\"index, follow, max-snippet:-1, max-image-preview:large, max-video-preview:-1\" \/>\n<link rel=\"canonical\" href=\"https:\/\/ismfrance.org\/index.php\/2026\/09\/01\/la-revendication-renouvelee-du-maroc-sur-ceuta-et-melilla-ne-constitue-pas-une-demande-de-decolonisation\/\" \/>\n<meta property=\"og:locale\" content=\"fr_FR\" \/>\n<meta property=\"og:type\" content=\"article\" \/>\n<meta property=\"og:title\" content=\"La revendication renouvel\u00e9e du Maroc sur Ceuta et Melilla ne constitue pas une demande de d\u00e9colonisation - International Solidarity Movement - ISM-France\" \/>\n<meta property=\"og:description\" content=\"Les ambitions territoriales de Rabat alimentent son ressentiment \u00e0 l&rsquo;\u00e9gard de Madrid au sujet du Sahara occidental, tout en s&rsquo;inscrivant dans la lign\u00e9e de l&rsquo;hostilit\u00e9 des \u00c9tats-Unis et d&rsquo;Isra\u00ebl envers Lire la suite &rarr;\" \/>\n<meta property=\"og:url\" content=\"https:\/\/ismfrance.org\/index.php\/2026\/09\/01\/la-revendication-renouvelee-du-maroc-sur-ceuta-et-melilla-ne-constitue-pas-une-demande-de-decolonisation\/\" \/>\n<meta property=\"og:site_name\" content=\"International Solidarity Movement - ISM-France\" \/>\n<meta property=\"article:published_time\" content=\"2026-09-01T17:19:09+00:00\" \/>\n<meta property=\"og:image\" content=\"https:\/\/ismfrance.org\/wp-content\/uploads\/2026\/09\/abdelkrim-el-khattabi.webp\" \/>\n\t<meta property=\"og:image:width\" content=\"696\" \/>\n\t<meta property=\"og:image:height\" content=\"392\" \/>\n\t<meta property=\"og:image:type\" content=\"image\/webp\" \/>\n<meta name=\"author\" content=\"mru_01\" \/>\n<meta name=\"twitter:card\" content=\"summary_large_image\" \/>\n<meta name=\"twitter:creator\" content=\"@ISMFRANCE\" \/>\n<meta name=\"twitter:site\" content=\"@ISMFRANCE\" \/>\n<meta name=\"twitter:label1\" content=\"\u00c9crit par\" \/>\n\t<meta name=\"twitter:data1\" content=\"mru_01\" \/>\n\t<meta name=\"twitter:label2\" content=\"Dur\u00e9e de lecture estim\u00e9e\" \/>\n\t<meta name=\"twitter:data2\" content=\"15 minutes\" \/>\n<script type=\"application\/ld+json\" class=\"yoast-schema-graph\">{\"@context\":\"https:\\\/\\\/schema.org\",\"@graph\":[{\"@type\":\"Article\",\"@id\":\"https:\\\/\\\/ismfrance.org\\\/index.php\\\/2026\\\/09\\\/01\\\/la-revendication-renouvelee-du-maroc-sur-ceuta-et-melilla-ne-constitue-pas-une-demande-de-decolonisation\\\/#article\",\"isPartOf\":{\"@id\":\"https:\\\/\\\/ismfrance.org\\\/index.php\\\/2026\\\/09\\\/01\\\/la-revendication-renouvelee-du-maroc-sur-ceuta-et-melilla-ne-constitue-pas-une-demande-de-decolonisation\\\/\"},\"author\":{\"name\":\"mru_01\",\"@id\":\"https:\\\/\\\/ismfrance.org\\\/#\\\/schema\\\/person\\\/3c411eb72adfaae19c0dca1f41fae01d\"},\"headline\":\"La revendication renouvel\u00e9e du Maroc sur Ceuta et Melilla ne constitue pas une demande de d\u00e9colonisation\",\"datePublished\":\"2026-09-01T17:19:09+00:00\",\"mainEntityOfPage\":{\"@id\":\"https:\\\/\\\/ismfrance.org\\\/index.php\\\/2026\\\/09\\\/01\\\/la-revendication-renouvelee-du-maroc-sur-ceuta-et-melilla-ne-constitue-pas-une-demande-de-decolonisation\\\/\"},\"wordCount\":3118,\"publisher\":{\"@id\":\"https:\\\/\\\/ismfrance.org\\\/#organization\"},\"image\":{\"@id\":\"https:\\\/\\\/ismfrance.org\\\/index.php\\\/2026\\\/09\\\/01\\\/la-revendication-renouvelee-du-maroc-sur-ceuta-et-melilla-ne-constitue-pas-une-demande-de-decolonisation\\\/#primaryimage\"},\"thumbnailUrl\":\"https:\\\/\\\/ismfrance.org\\\/wp-content\\\/uploads\\\/2026\\\/09\\\/abdelkrim-el-khattabi.webp\",\"keywords\":[\"Colonialisme de peuplement\",\"Espagne\",\"Histoire\",\"Maroc\"],\"articleSection\":[\"Analyses\",\"Articles\"],\"inLanguage\":\"fr-FR\"},{\"@type\":\"WebPage\",\"@id\":\"https:\\\/\\\/ismfrance.org\\\/index.php\\\/2026\\\/09\\\/01\\\/la-revendication-renouvelee-du-maroc-sur-ceuta-et-melilla-ne-constitue-pas-une-demande-de-decolonisation\\\/\",\"url\":\"https:\\\/\\\/ismfrance.org\\\/index.php\\\/2026\\\/09\\\/01\\\/la-revendication-renouvelee-du-maroc-sur-ceuta-et-melilla-ne-constitue-pas-une-demande-de-decolonisation\\\/\",\"name\":\"La revendication renouvel\u00e9e du Maroc sur Ceuta et Melilla ne constitue pas une demande de d\u00e9colonisation - International Solidarity Movement - ISM-France\",\"isPartOf\":{\"@id\":\"https:\\\/\\\/ismfrance.org\\\/#website\"},\"primaryImageOfPage\":{\"@id\":\"https:\\\/\\\/ismfrance.org\\\/index.php\\\/2026\\\/09\\\/01\\\/la-revendication-renouvelee-du-maroc-sur-ceuta-et-melilla-ne-constitue-pas-une-demande-de-decolonisation\\\/#primaryimage\"},\"image\":{\"@id\":\"https:\\\/\\\/ismfrance.org\\\/index.php\\\/2026\\\/09\\\/01\\\/la-revendication-renouvelee-du-maroc-sur-ceuta-et-melilla-ne-constitue-pas-une-demande-de-decolonisation\\\/#primaryimage\"},\"thumbnailUrl\":\"https:\\\/\\\/ismfrance.org\\\/wp-content\\\/uploads\\\/2026\\\/09\\\/abdelkrim-el-khattabi.webp\",\"datePublished\":\"2026-09-01T17:19:09+00:00\",\"breadcrumb\":{\"@id\":\"https:\\\/\\\/ismfrance.org\\\/index.php\\\/2026\\\/09\\\/01\\\/la-revendication-renouvelee-du-maroc-sur-ceuta-et-melilla-ne-constitue-pas-une-demande-de-decolonisation\\\/#breadcrumb\"},\"inLanguage\":\"fr-FR\",\"potentialAction\":[{\"@type\":\"ReadAction\",\"target\":[\"https:\\\/\\\/ismfrance.org\\\/index.php\\\/2026\\\/09\\\/01\\\/la-revendication-renouvelee-du-maroc-sur-ceuta-et-melilla-ne-constitue-pas-une-demande-de-decolonisation\\\/\"]}]},{\"@type\":\"ImageObject\",\"inLanguage\":\"fr-FR\",\"@id\":\"https:\\\/\\\/ismfrance.org\\\/index.php\\\/2026\\\/09\\\/01\\\/la-revendication-renouvelee-du-maroc-sur-ceuta-et-melilla-ne-constitue-pas-une-demande-de-decolonisation\\\/#primaryimage\",\"url\":\"https:\\\/\\\/ismfrance.org\\\/wp-content\\\/uploads\\\/2026\\\/09\\\/abdelkrim-el-khattabi.webp\",\"contentUrl\":\"https:\\\/\\\/ismfrance.org\\\/wp-content\\\/uploads\\\/2026\\\/09\\\/abdelkrim-el-khattabi.webp\",\"width\":696,\"height\":392},{\"@type\":\"BreadcrumbList\",\"@id\":\"https:\\\/\\\/ismfrance.org\\\/index.php\\\/2026\\\/09\\\/01\\\/la-revendication-renouvelee-du-maroc-sur-ceuta-et-melilla-ne-constitue-pas-une-demande-de-decolonisation\\\/#breadcrumb\",\"itemListElement\":[{\"@type\":\"ListItem\",\"position\":1,\"name\":\"Accueil\",\"item\":\"https:\\\/\\\/ismfrance.org\\\/\"},{\"@type\":\"ListItem\",\"position\":2,\"name\":\"La revendication renouvel\u00e9e du Maroc sur Ceuta et Melilla ne constitue pas une demande de d\u00e9colonisation\"}]},{\"@type\":\"WebSite\",\"@id\":\"https:\\\/\\\/ismfrance.org\\\/#website\",\"url\":\"https:\\\/\\\/ismfrance.org\\\/\",\"name\":\"ISM Palestine France\",\"description\":\"Soutien aux luttes de lib\u00e9ration du peuple palestinien\",\"publisher\":{\"@id\":\"https:\\\/\\\/ismfrance.org\\\/#organization\"},\"potentialAction\":[{\"@type\":\"SearchAction\",\"target\":{\"@type\":\"EntryPoint\",\"urlTemplate\":\"https:\\\/\\\/ismfrance.org\\\/?s={search_term_string}\"},\"query-input\":{\"@type\":\"PropertyValueSpecification\",\"valueRequired\":true,\"valueName\":\"search_term_string\"}}],\"inLanguage\":\"fr-FR\"},{\"@type\":\"Organization\",\"@id\":\"https:\\\/\\\/ismfrance.org\\\/#organization\",\"name\":\"International Solidarity Movement\",\"url\":\"https:\\\/\\\/ismfrance.org\\\/\",\"logo\":{\"@type\":\"ImageObject\",\"inLanguage\":\"fr-FR\",\"@id\":\"https:\\\/\\\/ismfrance.org\\\/#\\\/schema\\\/logo\\\/image\\\/\",\"url\":\"https:\\\/\\\/ismfrance.org\\\/wp-content\\\/uploads\\\/2020\\\/12\\\/00.png\",\"contentUrl\":\"https:\\\/\\\/ismfrance.org\\\/wp-content\\\/uploads\\\/2020\\\/12\\\/00.png\",\"width\":400,\"height\":400,\"caption\":\"International Solidarity Movement\"},\"image\":{\"@id\":\"https:\\\/\\\/ismfrance.org\\\/#\\\/schema\\\/logo\\\/image\\\/\"},\"sameAs\":[\"https:\\\/\\\/x.com\\\/ISMFRANCE\"]},{\"@type\":\"Person\",\"@id\":\"https:\\\/\\\/ismfrance.org\\\/#\\\/schema\\\/person\\\/3c411eb72adfaae19c0dca1f41fae01d\",\"name\":\"mru_01\",\"image\":{\"@type\":\"ImageObject\",\"inLanguage\":\"fr-FR\",\"@id\":\"https:\\\/\\\/secure.gravatar.com\\\/avatar\\\/3a0be343b445d2ccc79e87444a294fad2b232e90d2051d0e3cc219e1ecd6a330?s=96&d=mm&r=g\",\"url\":\"https:\\\/\\\/secure.gravatar.com\\\/avatar\\\/3a0be343b445d2ccc79e87444a294fad2b232e90d2051d0e3cc219e1ecd6a330?s=96&d=mm&r=g\",\"contentUrl\":\"https:\\\/\\\/secure.gravatar.com\\\/avatar\\\/3a0be343b445d2ccc79e87444a294fad2b232e90d2051d0e3cc219e1ecd6a330?s=96&d=mm&r=g\",\"caption\":\"mru_01\"},\"url\":\"https:\\\/\\\/ismfrance.org\\\/index.php\\\/author\\\/admin02\\\/\"}]}<\/script>\n<!-- \/ Yoast SEO plugin. -->","yoast_head_json":{"title":"La revendication renouvel\u00e9e du Maroc sur Ceuta et Melilla ne constitue pas une demande de d\u00e9colonisation - International Solidarity Movement - ISM-France","robots":{"index":"index","follow":"follow","max-snippet":"max-snippet:-1","max-image-preview":"max-image-preview:large","max-video-preview":"max-video-preview:-1"},"canonical":"https:\/\/ismfrance.org\/index.php\/2026\/09\/01\/la-revendication-renouvelee-du-maroc-sur-ceuta-et-melilla-ne-constitue-pas-une-demande-de-decolonisation\/","og_locale":"fr_FR","og_type":"article","og_title":"La revendication renouvel\u00e9e du Maroc sur Ceuta et Melilla ne constitue pas une demande de d\u00e9colonisation - International Solidarity Movement - ISM-France","og_description":"Les ambitions territoriales de Rabat alimentent son ressentiment \u00e0 l&rsquo;\u00e9gard de Madrid au sujet du Sahara occidental, tout en s&rsquo;inscrivant dans la lign\u00e9e de l&rsquo;hostilit\u00e9 des \u00c9tats-Unis et d&rsquo;Isra\u00ebl envers Lire la suite &rarr;","og_url":"https:\/\/ismfrance.org\/index.php\/2026\/09\/01\/la-revendication-renouvelee-du-maroc-sur-ceuta-et-melilla-ne-constitue-pas-une-demande-de-decolonisation\/","og_site_name":"International Solidarity Movement - ISM-France","article_published_time":"2026-09-01T17:19:09+00:00","og_image":[{"width":696,"height":392,"url":"https:\/\/ismfrance.org\/wp-content\/uploads\/2026\/09\/abdelkrim-el-khattabi.webp","type":"image\/webp"}],"author":"mru_01","twitter_card":"summary_large_image","twitter_creator":"@ISMFRANCE","twitter_site":"@ISMFRANCE","twitter_misc":{"\u00c9crit par":"mru_01","Dur\u00e9e de lecture estim\u00e9e":"15 minutes"},"schema":{"@context":"https:\/\/schema.org","@graph":[{"@type":"Article","@id":"https:\/\/ismfrance.org\/index.php\/2026\/09\/01\/la-revendication-renouvelee-du-maroc-sur-ceuta-et-melilla-ne-constitue-pas-une-demande-de-decolonisation\/#article","isPartOf":{"@id":"https:\/\/ismfrance.org\/index.php\/2026\/09\/01\/la-revendication-renouvelee-du-maroc-sur-ceuta-et-melilla-ne-constitue-pas-une-demande-de-decolonisation\/"},"author":{"name":"mru_01","@id":"https:\/\/ismfrance.org\/#\/schema\/person\/3c411eb72adfaae19c0dca1f41fae01d"},"headline":"La revendication renouvel\u00e9e du Maroc sur Ceuta et Melilla ne constitue pas une demande de d\u00e9colonisation","datePublished":"2026-09-01T17:19:09+00:00","mainEntityOfPage":{"@id":"https:\/\/ismfrance.org\/index.php\/2026\/09\/01\/la-revendication-renouvelee-du-maroc-sur-ceuta-et-melilla-ne-constitue-pas-une-demande-de-decolonisation\/"},"wordCount":3118,"publisher":{"@id":"https:\/\/ismfrance.org\/#organization"},"image":{"@id":"https:\/\/ismfrance.org\/index.php\/2026\/09\/01\/la-revendication-renouvelee-du-maroc-sur-ceuta-et-melilla-ne-constitue-pas-une-demande-de-decolonisation\/#primaryimage"},"thumbnailUrl":"https:\/\/ismfrance.org\/wp-content\/uploads\/2026\/09\/abdelkrim-el-khattabi.webp","keywords":["Colonialisme de peuplement","Espagne","Histoire","Maroc"],"articleSection":["Analyses","Articles"],"inLanguage":"fr-FR"},{"@type":"WebPage","@id":"https:\/\/ismfrance.org\/index.php\/2026\/09\/01\/la-revendication-renouvelee-du-maroc-sur-ceuta-et-melilla-ne-constitue-pas-une-demande-de-decolonisation\/","url":"https:\/\/ismfrance.org\/index.php\/2026\/09\/01\/la-revendication-renouvelee-du-maroc-sur-ceuta-et-melilla-ne-constitue-pas-une-demande-de-decolonisation\/","name":"La revendication renouvel\u00e9e du Maroc sur Ceuta et Melilla ne constitue pas une demande de d\u00e9colonisation - International Solidarity Movement - ISM-France","isPartOf":{"@id":"https:\/\/ismfrance.org\/#website"},"primaryImageOfPage":{"@id":"https:\/\/ismfrance.org\/index.php\/2026\/09\/01\/la-revendication-renouvelee-du-maroc-sur-ceuta-et-melilla-ne-constitue-pas-une-demande-de-decolonisation\/#primaryimage"},"image":{"@id":"https:\/\/ismfrance.org\/index.php\/2026\/09\/01\/la-revendication-renouvelee-du-maroc-sur-ceuta-et-melilla-ne-constitue-pas-une-demande-de-decolonisation\/#primaryimage"},"thumbnailUrl":"https:\/\/ismfrance.org\/wp-content\/uploads\/2026\/09\/abdelkrim-el-khattabi.webp","datePublished":"2026-09-01T17:19:09+00:00","breadcrumb":{"@id":"https:\/\/ismfrance.org\/index.php\/2026\/09\/01\/la-revendication-renouvelee-du-maroc-sur-ceuta-et-melilla-ne-constitue-pas-une-demande-de-decolonisation\/#breadcrumb"},"inLanguage":"fr-FR","potentialAction":[{"@type":"ReadAction","target":["https:\/\/ismfrance.org\/index.php\/2026\/09\/01\/la-revendication-renouvelee-du-maroc-sur-ceuta-et-melilla-ne-constitue-pas-une-demande-de-decolonisation\/"]}]},{"@type":"ImageObject","inLanguage":"fr-FR","@id":"https:\/\/ismfrance.org\/index.php\/2026\/09\/01\/la-revendication-renouvelee-du-maroc-sur-ceuta-et-melilla-ne-constitue-pas-une-demande-de-decolonisation\/#primaryimage","url":"https:\/\/ismfrance.org\/wp-content\/uploads\/2026\/09\/abdelkrim-el-khattabi.webp","contentUrl":"https:\/\/ismfrance.org\/wp-content\/uploads\/2026\/09\/abdelkrim-el-khattabi.webp","width":696,"height":392},{"@type":"BreadcrumbList","@id":"https:\/\/ismfrance.org\/index.php\/2026\/09\/01\/la-revendication-renouvelee-du-maroc-sur-ceuta-et-melilla-ne-constitue-pas-une-demande-de-decolonisation\/#breadcrumb","itemListElement":[{"@type":"ListItem","position":1,"name":"Accueil","item":"https:\/\/ismfrance.org\/"},{"@type":"ListItem","position":2,"name":"La revendication renouvel\u00e9e du Maroc sur Ceuta et Melilla ne constitue pas une demande de d\u00e9colonisation"}]},{"@type":"WebSite","@id":"https:\/\/ismfrance.org\/#website","url":"https:\/\/ismfrance.org\/","name":"ISM Palestine France","description":"Soutien aux luttes de lib\u00e9ration du peuple palestinien","publisher":{"@id":"https:\/\/ismfrance.org\/#organization"},"potentialAction":[{"@type":"SearchAction","target":{"@type":"EntryPoint","urlTemplate":"https:\/\/ismfrance.org\/?s={search_term_string}"},"query-input":{"@type":"PropertyValueSpecification","valueRequired":true,"valueName":"search_term_string"}}],"inLanguage":"fr-FR"},{"@type":"Organization","@id":"https:\/\/ismfrance.org\/#organization","name":"International Solidarity Movement","url":"https:\/\/ismfrance.org\/","logo":{"@type":"ImageObject","inLanguage":"fr-FR","@id":"https:\/\/ismfrance.org\/#\/schema\/logo\/image\/","url":"https:\/\/ismfrance.org\/wp-content\/uploads\/2020\/12\/00.png","contentUrl":"https:\/\/ismfrance.org\/wp-content\/uploads\/2020\/12\/00.png","width":400,"height":400,"caption":"International Solidarity Movement"},"image":{"@id":"https:\/\/ismfrance.org\/#\/schema\/logo\/image\/"},"sameAs":["https:\/\/x.com\/ISMFRANCE"]},{"@type":"Person","@id":"https:\/\/ismfrance.org\/#\/schema\/person\/3c411eb72adfaae19c0dca1f41fae01d","name":"mru_01","image":{"@type":"ImageObject","inLanguage":"fr-FR","@id":"https:\/\/secure.gravatar.com\/avatar\/3a0be343b445d2ccc79e87444a294fad2b232e90d2051d0e3cc219e1ecd6a330?s=96&d=mm&r=g","url":"https:\/\/secure.gravatar.com\/avatar\/3a0be343b445d2ccc79e87444a294fad2b232e90d2051d0e3cc219e1ecd6a330?s=96&d=mm&r=g","contentUrl":"https:\/\/secure.gravatar.com\/avatar\/3a0be343b445d2ccc79e87444a294fad2b232e90d2051d0e3cc219e1ecd6a330?s=96&d=mm&r=g","caption":"mru_01"},"url":"https:\/\/ismfrance.org\/index.php\/author\/admin02\/"}]}},"_links":{"self":[{"href":"https:\/\/ismfrance.org\/index.php\/wp-json\/wp\/v2\/posts\/31162","targetHints":{"allow":["GET"]}}],"collection":[{"href":"https:\/\/ismfrance.org\/index.php\/wp-json\/wp\/v2\/posts"}],"about":[{"href":"https:\/\/ismfrance.org\/index.php\/wp-json\/wp\/v2\/types\/post"}],"author":[{"embeddable":true,"href":"https:\/\/ismfrance.org\/index.php\/wp-json\/wp\/v2\/users\/3"}],"replies":[{"embeddable":true,"href":"https:\/\/ismfrance.org\/index.php\/wp-json\/wp\/v2\/comments?post=31162"}],"version-history":[{"count":3,"href":"https:\/\/ismfrance.org\/index.php\/wp-json\/wp\/v2\/posts\/31162\/revisions"}],"predecessor-version":[{"id":31167,"href":"https:\/\/ismfrance.org\/index.php\/wp-json\/wp\/v2\/posts\/31162\/revisions\/31167"}],"wp:featuredmedia":[{"embeddable":true,"href":"https:\/\/ismfrance.org\/index.php\/wp-json\/wp\/v2\/media\/31165"}],"wp:attachment":[{"href":"https:\/\/ismfrance.org\/index.php\/wp-json\/wp\/v2\/media?parent=31162"}],"wp:term":[{"taxonomy":"category","embeddable":true,"href":"https:\/\/ismfrance.org\/index.php\/wp-json\/wp\/v2\/categories?post=31162"},{"taxonomy":"post_tag","embeddable":true,"href":"https:\/\/ismfrance.org\/index.php\/wp-json\/wp\/v2\/tags?post=31162"}],"curies":[{"name":"wp","href":"https:\/\/api.w.org\/{rel}","templated":true}]}}