{"id":31158,"date":"2026-09-01T11:54:14","date_gmt":"2026-09-01T09:54:14","guid":{"rendered":"https:\/\/ismfrance.org\/?p=31158"},"modified":"2026-09-01T11:54:14","modified_gmt":"2026-09-01T09:54:14","slug":"lafrique-du-sud-soumet-a-la-cij-un-dossier-concernant-le-non-respect-par-israel-des-ordonnances-en-indication-de-mesures-conservatoires","status":"publish","type":"post","link":"https:\/\/ismfrance.org\/index.php\/2026\/09\/01\/lafrique-du-sud-soumet-a-la-cij-un-dossier-concernant-le-non-respect-par-israel-des-ordonnances-en-indication-de-mesures-conservatoires\/","title":{"rendered":"L\u2019Afrique du Sud soumet \u00e0 la CIJ un dossier concernant le non-respect par Isra\u00ebl des ordonnances en indication de mesures conservatoires"},"content":{"rendered":"<p><span style=\"color: #000000;\"><span style=\"font-family: Arial, sans-serif;\"><span style=\"font-size: medium;\"><strong>Dpt des Relations Internationales et de la Coop\u00e9ration, R\u00e9publique d&rsquo;Afrique du Sud, 28 ao\u00fbt 2026.<\/strong>&#8211; La Cour internationale de Justice (CIJ) a rendu trois ordonnances juridiquement contraignantes prescrivant des mesures conservatoires \u00e0 l\u2019encontre d\u2019Isra\u00ebl, visant \u00e0 prot\u00e9ger les droits du peuple palestinien en vertu de la Convention sur le g\u00e9nocide.<\/span><\/span><\/span><\/p>\n<p><a href=\"https:\/\/ismfrance.org\/wp-content\/uploads\/2026\/09\/DIRCO.jpg\"><img loading=\"lazy\" decoding=\"async\" class=\"alignnone size-large wp-image-31160\" src=\"https:\/\/ismfrance.org\/wp-content\/uploads\/2026\/09\/DIRCO-700x89.jpg\" alt=\"\" width=\"600\" height=\"76\" srcset=\"https:\/\/ismfrance.org\/wp-content\/uploads\/2026\/09\/DIRCO-700x89.jpg 700w, https:\/\/ismfrance.org\/wp-content\/uploads\/2026\/09\/DIRCO-300x38.jpg 300w, https:\/\/ismfrance.org\/wp-content\/uploads\/2026\/09\/DIRCO-768x97.jpg 768w, https:\/\/ismfrance.org\/wp-content\/uploads\/2026\/09\/DIRCO-1536x194.jpg 1536w, https:\/\/ismfrance.org\/wp-content\/uploads\/2026\/09\/DIRCO.jpg 2048w\" sizes=\"auto, (max-width: 600px) 100vw, 600px\" \/><\/a><\/p>\n<p><span style=\"color: #000000;\"><span style=\"font-family: Arial, sans-serif;\"><span style=\"font-size: medium;\">La CIJ a conclu qu\u2019il existe un risque r\u00e9el et imminent de pr\u00e9judice irr\u00e9parable port\u00e9 aux droits des Palestiniens de Gaza \u00e0 \u00eatre prot\u00e9g\u00e9s contre le g\u00e9nocide.<\/span><\/span><\/span><\/p>\n<p><span style=\"color: #000000;\"><span style=\"font-family: Arial, sans-serif;\"><span style=\"font-size: medium;\">Le 25 ao\u00fbt 2026, l\u2019Afrique du Sud a soumis un dossier d\u2019informations substantiel \u00e0 la CIJ afin d\u2019aider le conseil de juges charg\u00e9 de surveiller la mise en \u0153uvre des mesures conservatoires et de recommander d\u2019\u00e9ventuelles options \u00e0 la Cour. Ce dossier a \u00e9t\u00e9 transmis en application de l\u2019article 11 du R\u00e8glement int\u00e9rieur de la CIJ relatif \u00e0 la pratique judiciaire interne, qui pr\u00e9voit qu\u2019un tel comit\u00e9 \u00ab examine les informations fournies par les parties concernant les mesures conservatoires \u00bb. L\u2019Afrique du Sud a confiance dans la poursuite de l\u2019exercice diligent de ses fonctions par la Cour.<\/span><\/span><\/span><\/p>\n<p><span style=\"color: #000000;\"><span style=\"font-family: Arial, sans-serif;\"><span style=\"font-size: medium;\">En ao\u00fbt 2026, au moins 73.407 Palestiniens avaient \u00e9t\u00e9 tu\u00e9s et 174.335 bless\u00e9s \u00e0 Gaza depuis le 7 octobre 2023, soit plus de 10 % de la population palestinienne de Gaza. On estime que 46.000 Palestiniens survivants \u00e0 Gaza, dont des enfants, vivent avec des blessures graves li\u00e9es au conflit, notamment des amputations ainsi que des l\u00e9sions c\u00e9r\u00e9brales et m\u00e9dullaires traumatiques.<\/span><\/span><\/span><\/p>\n<p><span style=\"color: #000000;\"><span style=\"font-family: Arial, sans-serif;\"><span style=\"font-size: medium;\">Depuis l\u2019annonce du soi-disant \u00ab cessez-le-feu \u00bb, un enfant palestinien a \u00e9t\u00e9 tu\u00e9 en moyenne chaque jour par l\u2019arm\u00e9e isra\u00e9lienne. Le taux de fausses couches chez les Palestiniennes de Gaza a plus que tripl\u00e9 en 2026. Les Palestiniens survivants \u00e0 Gaza sont davantage traumatis\u00e9s ; ils sont parqu\u00e9s sur une bande de territoire qui ne cesse de se r\u00e9duire et soumis \u00e0 des conditions de vie insupportables. Ils sont priv\u00e9s d\u2019eau, de soins de sant\u00e9 et de m\u00e9dicaments ad\u00e9quats, ainsi que d\u2019autres ressources essentielles \u00e0 leur survie.<\/span><\/span><\/span><\/p>\n<p><span style=\"color: #000000;\"><span style=\"font-family: Arial, sans-serif;\"><span style=\"font-size: medium;\">Les ordonnances de la Cour s\u2019imposent \u00e0 Isra\u00ebl ; la communaut\u00e9 internationale a \u00e9galement l\u2019obligation de prot\u00e9ger le peuple palestinien contre le g\u00e9nocide, notamment en prenant toutes les mesures n\u00e9cessaires pour pr\u00e9venir et punir le g\u00e9nocide.<\/span><\/span><\/span><\/p>\n<p><span style=\"color: #000000;\"><span style=\"font-family: Arial, sans-serif;\"><span style=\"font-size: medium;\">Malheureusement, Isra\u00ebl ne s\u2019est pas conform\u00e9 \u00e0 ces ordonnances. L\u2019Afrique du Sud continue d\u2019explorer toutes les voies \u00e0 sa disposition pour obtenir d\u2019Isra\u00ebl qu\u2019il se conforme pleinement et imm\u00e9diatement aux ordonnances de la Cour. Les d\u00e9marches que l&rsquo;Afrique du Sud continue d&rsquo;entreprendre devant la Cour s&rsquo;inscrivent dans le prolongement de l&rsquo;envoi, au Conseil de s\u00e9curit\u00e9 des Nations Unies, de courriers accompagn\u00e9s de dossiers publics de preuves les 29 mai 2024, 27 f\u00e9vrier 2025 et 8 septembre 2025 ; par ces envois, elle exhortait tous les \u00c9tats \u00e0 agir d&rsquo;urgence pour pr\u00e9venir et punir le g\u00e9nocide et pour garantir le respect, par Isra\u00ebl, des ordonnances de la Cour prescrivant des mesures conservatoires. De m\u00eame, en octobre 2025, l&rsquo;Afrique du Sud a transmis \u00e0 l&rsquo;Assembl\u00e9e g\u00e9n\u00e9rale et au Conseil \u00e9conomique et social des Nations Unies des courriers accompagn\u00e9s de dossiers de preuves relatifs \u00e0 la famine, sollicitant une intervention urgente de leur part en vertu de l&rsquo;article VIII de la Convention sur le g\u00e9nocide.<\/span><\/span><\/span><\/p>\n<p><span style=\"color: #000000;\"><span style=\"font-family: Arial, sans-serif;\"><span style=\"font-size: medium;\">Depuis pr\u00e8s de trois ans, Isra\u00ebl bombarde Gaza, tuant et mutilant des dizaines de milliers d&rsquo;enfants, d&rsquo;hommes et de femmes. Ces violences ont provoqu\u00e9 le d\u00e9placement interne de Palestiniens et les privent de services essentiels. Isra\u00ebl a proc\u00e9d\u00e9 \u00e0 des d\u00e9tentions et des d\u00e9portations arbitraires de Palestiniens vers ses prisons et centres de d\u00e9tention, o\u00f9 ces derniers ont par la suite subi des actes de torture, des violences sexuelles et fond\u00e9es sur le genre, ainsi que des traitements cruels, inhumains et d\u00e9gradants.<\/span><\/span><\/span><\/p>\n<p><span style=\"color: #000000;\"><span style=\"font-family: Arial, sans-serif;\"><span style=\"font-size: medium;\">Afin d&#8217;emp\u00eacher toute documentation de ses crimes, Isra\u00ebl a tu\u00e9 des journalistes locaux, interdit l&rsquo;acc\u00e8s aux journalistes \u00e9trangers et emp\u00each\u00e9 les organes d&rsquo;enqu\u00eate mandat\u00e9s par l&rsquo;ONU de p\u00e9n\u00e9trer dans la bande de Gaza.<\/span><\/span><\/span><\/p>\n<p><span style=\"color: #000000;\"><span style=\"font-family: Arial, sans-serif;\"><span style=\"font-size: medium;\">Le non-respect par Isra\u00ebl des mesures conservatoires ordonn\u00e9es par la Cour compromet la fonction protectrice de ces derni\u00e8res et entra\u00eene la poursuite de la destruction du groupe palestinien. Ces mesures conservatoires n&rsquo;ont pas seulement \u00e9t\u00e9 ordonn\u00e9es pour prot\u00e9ger les droits du peuple palestinien au titre de la Convention sur le g\u00e9nocide ; elles visent \u00e9galement \u00e0 pr\u00e9server la bonne administration de la justice et la l\u00e9gitimit\u00e9 de la CIJ elle-m\u00eame, en garantissant que les droits que la Cour est appel\u00e9e \u00e0 faire valoir ne soient pas an\u00e9antis avant qu&rsquo;elle ne rende sa d\u00e9cision finale.<\/span><\/span><\/span><\/p>\n<p><span style=\"color: #000000;\"><span style=\"font-family: Arial, sans-serif;\"><span style=\"font-size: medium;\">Par cette d\u00e9marche, l&rsquo;Afrique du Sud r\u00e9affirme son engagement \u00e0 faire respecter et \u00e0 d\u00e9fendre le droit international ainsi que les institutions multilat\u00e9rales, y compris l&rsquo;organe judiciaire principal des Nations Unies.<\/span><\/span><\/span><\/p>\n<p><span style=\"color: #000000;\"><span style=\"font-family: Arial, sans-serif;\"><span style=\"font-size: medium;\">COMMUNIQU\u00c9 PAR LE D\u00c9PARTEMENT DES RELATIONS INTERNATIONALES ET DE LA COOP\u00c9RATION<\/span><\/span><\/span><\/p>\n<p><span style=\"color: #000000;\"><span style=\"font-family: Arial, sans-serif;\"><span style=\"font-size: medium;\">OR Tambo Building<br \/>\n460 Soutpansberg Road<br \/>\nRietondale<br \/>\nPretoria<br \/>\n0084<\/span><\/span><\/span><\/p>\n<p><em><strong><span style=\"color: #000000;\"><span style=\"font-family: Arial, sans-serif;\"><span style=\"font-size: medium;\">Article original en anglais sur <a href=\"https:\/\/dirco.gov.za\/south-africa-submits-dossier-to-the-icj-on-israels-non-compliance-with-provisional-measures-orders\/\">dirco.gob.za<\/a> \/ Traduction MR<\/span><\/span><\/span><\/strong><\/em><\/p>\n","protected":false},"excerpt":{"rendered":"<p>Dpt des Relations Internationales et de la Coop\u00e9ration, R\u00e9publique d&rsquo;Afrique du Sud, 28 ao\u00fbt 2026.&#8211; La Cour internationale de Justice (CIJ) a rendu trois ordonnances juridiquement contraignantes prescrivant des mesures <a class=\"more-link\" href=\"https:\/\/ismfrance.org\/index.php\/2026\/09\/01\/lafrique-du-sud-soumet-a-la-cij-un-dossier-concernant-le-non-respect-par-israel-des-ordonnances-en-indication-de-mesures-conservatoires\/\">Lire la suite &rarr;<\/a><\/p>\n","protected":false},"author":3,"featured_media":31160,"comment_status":"closed","ping_status":"closed","sticky":false,"template":"","format":"standard","meta":{"footnotes":""},"categories":[12,2],"tags":[415,156],"class_list":["post-31158","post","type-post","status-publish","format-standard","has-post-thumbnail","hentry","category-analyses","category-articles","tag-cpi-cij","tag-genocide"],"yoast_head":"<!-- This site is optimized with the Yoast SEO plugin v28.3 - https:\/\/yoast.com\/product\/yoast-seo-wordpress\/ -->\n<title>L\u2019Afrique du Sud soumet \u00e0 la CIJ un dossier concernant le non-respect par Isra\u00ebl des ordonnances en indication de mesures conservatoires - International Solidarity Movement - ISM-France<\/title>\n<meta name=\"robots\" content=\"index, follow, max-snippet:-1, max-image-preview:large, max-video-preview:-1\" \/>\n<link rel=\"canonical\" href=\"https:\/\/ismfrance.org\/index.php\/2026\/09\/01\/lafrique-du-sud-soumet-a-la-cij-un-dossier-concernant-le-non-respect-par-israel-des-ordonnances-en-indication-de-mesures-conservatoires\/\" \/>\n<meta property=\"og:locale\" content=\"fr_FR\" \/>\n<meta property=\"og:type\" content=\"article\" \/>\n<meta property=\"og:title\" content=\"L\u2019Afrique du Sud soumet \u00e0 la CIJ un dossier concernant le non-respect par Isra\u00ebl des ordonnances en indication de mesures conservatoires - International Solidarity Movement - ISM-France\" \/>\n<meta property=\"og:description\" content=\"Dpt des Relations Internationales et de la Coop\u00e9ration, R\u00e9publique d&rsquo;Afrique du Sud, 28 ao\u00fbt 2026.&#8211; La Cour internationale de Justice (CIJ) a rendu trois ordonnances juridiquement contraignantes prescrivant des mesures Lire la suite &rarr;\" \/>\n<meta property=\"og:url\" content=\"https:\/\/ismfrance.org\/index.php\/2026\/09\/01\/lafrique-du-sud-soumet-a-la-cij-un-dossier-concernant-le-non-respect-par-israel-des-ordonnances-en-indication-de-mesures-conservatoires\/\" \/>\n<meta property=\"og:site_name\" content=\"International Solidarity Movement - ISM-France\" \/>\n<meta property=\"article:published_time\" content=\"2026-09-01T09:54:14+00:00\" \/>\n<meta property=\"og:image\" content=\"https:\/\/ismfrance.org\/wp-content\/uploads\/2026\/09\/DIRCO.jpg\" \/>\n\t<meta property=\"og:image:width\" content=\"2048\" \/>\n\t<meta property=\"og:image:height\" content=\"259\" \/>\n\t<meta property=\"og:image:type\" content=\"image\/jpeg\" \/>\n<meta name=\"author\" content=\"mru_01\" \/>\n<meta name=\"twitter:card\" content=\"summary_large_image\" \/>\n<meta name=\"twitter:creator\" content=\"@ISMFRANCE\" \/>\n<meta name=\"twitter:site\" content=\"@ISMFRANCE\" \/>\n<meta name=\"twitter:label1\" content=\"\u00c9crit par\" \/>\n\t<meta name=\"twitter:data1\" content=\"mru_01\" \/>\n\t<meta name=\"twitter:label2\" content=\"Dur\u00e9e de lecture estim\u00e9e\" \/>\n\t<meta name=\"twitter:data2\" content=\"5 minutes\" \/>\n<script type=\"application\/ld+json\" class=\"yoast-schema-graph\">{\"@context\":\"https:\\\/\\\/schema.org\",\"@graph\":[{\"@type\":\"Article\",\"@id\":\"https:\\\/\\\/ismfrance.org\\\/index.php\\\/2026\\\/09\\\/01\\\/lafrique-du-sud-soumet-a-la-cij-un-dossier-concernant-le-non-respect-par-israel-des-ordonnances-en-indication-de-mesures-conservatoires\\\/#article\",\"isPartOf\":{\"@id\":\"https:\\\/\\\/ismfrance.org\\\/index.php\\\/2026\\\/09\\\/01\\\/lafrique-du-sud-soumet-a-la-cij-un-dossier-concernant-le-non-respect-par-israel-des-ordonnances-en-indication-de-mesures-conservatoires\\\/\"},\"author\":{\"name\":\"mru_01\",\"@id\":\"https:\\\/\\\/ismfrance.org\\\/#\\\/schema\\\/person\\\/3c411eb72adfaae19c0dca1f41fae01d\"},\"headline\":\"L\u2019Afrique du Sud soumet \u00e0 la CIJ un dossier concernant le non-respect par Isra\u00ebl des ordonnances en indication de mesures conservatoires\",\"datePublished\":\"2026-09-01T09:54:14+00:00\",\"mainEntityOfPage\":{\"@id\":\"https:\\\/\\\/ismfrance.org\\\/index.php\\\/2026\\\/09\\\/01\\\/lafrique-du-sud-soumet-a-la-cij-un-dossier-concernant-le-non-respect-par-israel-des-ordonnances-en-indication-de-mesures-conservatoires\\\/\"},\"wordCount\":892,\"publisher\":{\"@id\":\"https:\\\/\\\/ismfrance.org\\\/#organization\"},\"image\":{\"@id\":\"https:\\\/\\\/ismfrance.org\\\/index.php\\\/2026\\\/09\\\/01\\\/lafrique-du-sud-soumet-a-la-cij-un-dossier-concernant-le-non-respect-par-israel-des-ordonnances-en-indication-de-mesures-conservatoires\\\/#primaryimage\"},\"thumbnailUrl\":\"https:\\\/\\\/ismfrance.org\\\/wp-content\\\/uploads\\\/2026\\\/09\\\/DIRCO.jpg\",\"keywords\":[\"CPI \\\/ CIJ\",\"G\u00e9nocide\"],\"articleSection\":[\"Analyses\",\"Articles\"],\"inLanguage\":\"fr-FR\"},{\"@type\":\"WebPage\",\"@id\":\"https:\\\/\\\/ismfrance.org\\\/index.php\\\/2026\\\/09\\\/01\\\/lafrique-du-sud-soumet-a-la-cij-un-dossier-concernant-le-non-respect-par-israel-des-ordonnances-en-indication-de-mesures-conservatoires\\\/\",\"url\":\"https:\\\/\\\/ismfrance.org\\\/index.php\\\/2026\\\/09\\\/01\\\/lafrique-du-sud-soumet-a-la-cij-un-dossier-concernant-le-non-respect-par-israel-des-ordonnances-en-indication-de-mesures-conservatoires\\\/\",\"name\":\"L\u2019Afrique du Sud soumet \u00e0 la CIJ un dossier concernant le non-respect par Isra\u00ebl des ordonnances en indication de mesures conservatoires - International Solidarity Movement - ISM-France\",\"isPartOf\":{\"@id\":\"https:\\\/\\\/ismfrance.org\\\/#website\"},\"primaryImageOfPage\":{\"@id\":\"https:\\\/\\\/ismfrance.org\\\/index.php\\\/2026\\\/09\\\/01\\\/lafrique-du-sud-soumet-a-la-cij-un-dossier-concernant-le-non-respect-par-israel-des-ordonnances-en-indication-de-mesures-conservatoires\\\/#primaryimage\"},\"image\":{\"@id\":\"https:\\\/\\\/ismfrance.org\\\/index.php\\\/2026\\\/09\\\/01\\\/lafrique-du-sud-soumet-a-la-cij-un-dossier-concernant-le-non-respect-par-israel-des-ordonnances-en-indication-de-mesures-conservatoires\\\/#primaryimage\"},\"thumbnailUrl\":\"https:\\\/\\\/ismfrance.org\\\/wp-content\\\/uploads\\\/2026\\\/09\\\/DIRCO.jpg\",\"datePublished\":\"2026-09-01T09:54:14+00:00\",\"breadcrumb\":{\"@id\":\"https:\\\/\\\/ismfrance.org\\\/index.php\\\/2026\\\/09\\\/01\\\/lafrique-du-sud-soumet-a-la-cij-un-dossier-concernant-le-non-respect-par-israel-des-ordonnances-en-indication-de-mesures-conservatoires\\\/#breadcrumb\"},\"inLanguage\":\"fr-FR\",\"potentialAction\":[{\"@type\":\"ReadAction\",\"target\":[\"https:\\\/\\\/ismfrance.org\\\/index.php\\\/2026\\\/09\\\/01\\\/lafrique-du-sud-soumet-a-la-cij-un-dossier-concernant-le-non-respect-par-israel-des-ordonnances-en-indication-de-mesures-conservatoires\\\/\"]}]},{\"@type\":\"ImageObject\",\"inLanguage\":\"fr-FR\",\"@id\":\"https:\\\/\\\/ismfrance.org\\\/index.php\\\/2026\\\/09\\\/01\\\/lafrique-du-sud-soumet-a-la-cij-un-dossier-concernant-le-non-respect-par-israel-des-ordonnances-en-indication-de-mesures-conservatoires\\\/#primaryimage\",\"url\":\"https:\\\/\\\/ismfrance.org\\\/wp-content\\\/uploads\\\/2026\\\/09\\\/DIRCO.jpg\",\"contentUrl\":\"https:\\\/\\\/ismfrance.org\\\/wp-content\\\/uploads\\\/2026\\\/09\\\/DIRCO.jpg\",\"width\":2048,\"height\":259},{\"@type\":\"BreadcrumbList\",\"@id\":\"https:\\\/\\\/ismfrance.org\\\/index.php\\\/2026\\\/09\\\/01\\\/lafrique-du-sud-soumet-a-la-cij-un-dossier-concernant-le-non-respect-par-israel-des-ordonnances-en-indication-de-mesures-conservatoires\\\/#breadcrumb\",\"itemListElement\":[{\"@type\":\"ListItem\",\"position\":1,\"name\":\"Accueil\",\"item\":\"https:\\\/\\\/ismfrance.org\\\/\"},{\"@type\":\"ListItem\",\"position\":2,\"name\":\"L\u2019Afrique du Sud soumet \u00e0 la CIJ un dossier concernant le non-respect par Isra\u00ebl des ordonnances en indication de mesures conservatoires\"}]},{\"@type\":\"WebSite\",\"@id\":\"https:\\\/\\\/ismfrance.org\\\/#website\",\"url\":\"https:\\\/\\\/ismfrance.org\\\/\",\"name\":\"ISM Palestine France\",\"description\":\"Soutien aux luttes de lib\u00e9ration du peuple palestinien\",\"publisher\":{\"@id\":\"https:\\\/\\\/ismfrance.org\\\/#organization\"},\"potentialAction\":[{\"@type\":\"SearchAction\",\"target\":{\"@type\":\"EntryPoint\",\"urlTemplate\":\"https:\\\/\\\/ismfrance.org\\\/?s={search_term_string}\"},\"query-input\":{\"@type\":\"PropertyValueSpecification\",\"valueRequired\":true,\"valueName\":\"search_term_string\"}}],\"inLanguage\":\"fr-FR\"},{\"@type\":\"Organization\",\"@id\":\"https:\\\/\\\/ismfrance.org\\\/#organization\",\"name\":\"International Solidarity Movement\",\"url\":\"https:\\\/\\\/ismfrance.org\\\/\",\"logo\":{\"@type\":\"ImageObject\",\"inLanguage\":\"fr-FR\",\"@id\":\"https:\\\/\\\/ismfrance.org\\\/#\\\/schema\\\/logo\\\/image\\\/\",\"url\":\"https:\\\/\\\/ismfrance.org\\\/wp-content\\\/uploads\\\/2020\\\/12\\\/00.png\",\"contentUrl\":\"https:\\\/\\\/ismfrance.org\\\/wp-content\\\/uploads\\\/2020\\\/12\\\/00.png\",\"width\":400,\"height\":400,\"caption\":\"International Solidarity Movement\"},\"image\":{\"@id\":\"https:\\\/\\\/ismfrance.org\\\/#\\\/schema\\\/logo\\\/image\\\/\"},\"sameAs\":[\"https:\\\/\\\/x.com\\\/ISMFRANCE\"]},{\"@type\":\"Person\",\"@id\":\"https:\\\/\\\/ismfrance.org\\\/#\\\/schema\\\/person\\\/3c411eb72adfaae19c0dca1f41fae01d\",\"name\":\"mru_01\",\"image\":{\"@type\":\"ImageObject\",\"inLanguage\":\"fr-FR\",\"@id\":\"https:\\\/\\\/secure.gravatar.com\\\/avatar\\\/3a0be343b445d2ccc79e87444a294fad2b232e90d2051d0e3cc219e1ecd6a330?s=96&d=mm&r=g\",\"url\":\"https:\\\/\\\/secure.gravatar.com\\\/avatar\\\/3a0be343b445d2ccc79e87444a294fad2b232e90d2051d0e3cc219e1ecd6a330?s=96&d=mm&r=g\",\"contentUrl\":\"https:\\\/\\\/secure.gravatar.com\\\/avatar\\\/3a0be343b445d2ccc79e87444a294fad2b232e90d2051d0e3cc219e1ecd6a330?s=96&d=mm&r=g\",\"caption\":\"mru_01\"},\"url\":\"https:\\\/\\\/ismfrance.org\\\/index.php\\\/author\\\/admin02\\\/\"}]}<\/script>\n<!-- \/ Yoast SEO plugin. -->","yoast_head_json":{"title":"L\u2019Afrique du Sud soumet \u00e0 la CIJ un dossier concernant le non-respect par Isra\u00ebl des ordonnances en indication de mesures conservatoires - International Solidarity Movement - ISM-France","robots":{"index":"index","follow":"follow","max-snippet":"max-snippet:-1","max-image-preview":"max-image-preview:large","max-video-preview":"max-video-preview:-1"},"canonical":"https:\/\/ismfrance.org\/index.php\/2026\/09\/01\/lafrique-du-sud-soumet-a-la-cij-un-dossier-concernant-le-non-respect-par-israel-des-ordonnances-en-indication-de-mesures-conservatoires\/","og_locale":"fr_FR","og_type":"article","og_title":"L\u2019Afrique du Sud soumet \u00e0 la CIJ un dossier concernant le non-respect par Isra\u00ebl des ordonnances en indication de mesures conservatoires - International Solidarity Movement - ISM-France","og_description":"Dpt des Relations Internationales et de la Coop\u00e9ration, R\u00e9publique d&rsquo;Afrique du Sud, 28 ao\u00fbt 2026.&#8211; La Cour internationale de Justice (CIJ) a rendu trois ordonnances juridiquement contraignantes prescrivant des mesures Lire la suite &rarr;","og_url":"https:\/\/ismfrance.org\/index.php\/2026\/09\/01\/lafrique-du-sud-soumet-a-la-cij-un-dossier-concernant-le-non-respect-par-israel-des-ordonnances-en-indication-de-mesures-conservatoires\/","og_site_name":"International Solidarity Movement - ISM-France","article_published_time":"2026-09-01T09:54:14+00:00","og_image":[{"width":2048,"height":259,"url":"https:\/\/ismfrance.org\/wp-content\/uploads\/2026\/09\/DIRCO.jpg","type":"image\/jpeg"}],"author":"mru_01","twitter_card":"summary_large_image","twitter_creator":"@ISMFRANCE","twitter_site":"@ISMFRANCE","twitter_misc":{"\u00c9crit par":"mru_01","Dur\u00e9e de lecture estim\u00e9e":"5 minutes"},"schema":{"@context":"https:\/\/schema.org","@graph":[{"@type":"Article","@id":"https:\/\/ismfrance.org\/index.php\/2026\/09\/01\/lafrique-du-sud-soumet-a-la-cij-un-dossier-concernant-le-non-respect-par-israel-des-ordonnances-en-indication-de-mesures-conservatoires\/#article","isPartOf":{"@id":"https:\/\/ismfrance.org\/index.php\/2026\/09\/01\/lafrique-du-sud-soumet-a-la-cij-un-dossier-concernant-le-non-respect-par-israel-des-ordonnances-en-indication-de-mesures-conservatoires\/"},"author":{"name":"mru_01","@id":"https:\/\/ismfrance.org\/#\/schema\/person\/3c411eb72adfaae19c0dca1f41fae01d"},"headline":"L\u2019Afrique du Sud soumet \u00e0 la CIJ un dossier concernant le non-respect par Isra\u00ebl des ordonnances en indication de mesures conservatoires","datePublished":"2026-09-01T09:54:14+00:00","mainEntityOfPage":{"@id":"https:\/\/ismfrance.org\/index.php\/2026\/09\/01\/lafrique-du-sud-soumet-a-la-cij-un-dossier-concernant-le-non-respect-par-israel-des-ordonnances-en-indication-de-mesures-conservatoires\/"},"wordCount":892,"publisher":{"@id":"https:\/\/ismfrance.org\/#organization"},"image":{"@id":"https:\/\/ismfrance.org\/index.php\/2026\/09\/01\/lafrique-du-sud-soumet-a-la-cij-un-dossier-concernant-le-non-respect-par-israel-des-ordonnances-en-indication-de-mesures-conservatoires\/#primaryimage"},"thumbnailUrl":"https:\/\/ismfrance.org\/wp-content\/uploads\/2026\/09\/DIRCO.jpg","keywords":["CPI \/ CIJ","G\u00e9nocide"],"articleSection":["Analyses","Articles"],"inLanguage":"fr-FR"},{"@type":"WebPage","@id":"https:\/\/ismfrance.org\/index.php\/2026\/09\/01\/lafrique-du-sud-soumet-a-la-cij-un-dossier-concernant-le-non-respect-par-israel-des-ordonnances-en-indication-de-mesures-conservatoires\/","url":"https:\/\/ismfrance.org\/index.php\/2026\/09\/01\/lafrique-du-sud-soumet-a-la-cij-un-dossier-concernant-le-non-respect-par-israel-des-ordonnances-en-indication-de-mesures-conservatoires\/","name":"L\u2019Afrique du Sud soumet \u00e0 la CIJ un dossier concernant le non-respect par Isra\u00ebl des ordonnances en indication de mesures conservatoires - International Solidarity Movement - ISM-France","isPartOf":{"@id":"https:\/\/ismfrance.org\/#website"},"primaryImageOfPage":{"@id":"https:\/\/ismfrance.org\/index.php\/2026\/09\/01\/lafrique-du-sud-soumet-a-la-cij-un-dossier-concernant-le-non-respect-par-israel-des-ordonnances-en-indication-de-mesures-conservatoires\/#primaryimage"},"image":{"@id":"https:\/\/ismfrance.org\/index.php\/2026\/09\/01\/lafrique-du-sud-soumet-a-la-cij-un-dossier-concernant-le-non-respect-par-israel-des-ordonnances-en-indication-de-mesures-conservatoires\/#primaryimage"},"thumbnailUrl":"https:\/\/ismfrance.org\/wp-content\/uploads\/2026\/09\/DIRCO.jpg","datePublished":"2026-09-01T09:54:14+00:00","breadcrumb":{"@id":"https:\/\/ismfrance.org\/index.php\/2026\/09\/01\/lafrique-du-sud-soumet-a-la-cij-un-dossier-concernant-le-non-respect-par-israel-des-ordonnances-en-indication-de-mesures-conservatoires\/#breadcrumb"},"inLanguage":"fr-FR","potentialAction":[{"@type":"ReadAction","target":["https:\/\/ismfrance.org\/index.php\/2026\/09\/01\/lafrique-du-sud-soumet-a-la-cij-un-dossier-concernant-le-non-respect-par-israel-des-ordonnances-en-indication-de-mesures-conservatoires\/"]}]},{"@type":"ImageObject","inLanguage":"fr-FR","@id":"https:\/\/ismfrance.org\/index.php\/2026\/09\/01\/lafrique-du-sud-soumet-a-la-cij-un-dossier-concernant-le-non-respect-par-israel-des-ordonnances-en-indication-de-mesures-conservatoires\/#primaryimage","url":"https:\/\/ismfrance.org\/wp-content\/uploads\/2026\/09\/DIRCO.jpg","contentUrl":"https:\/\/ismfrance.org\/wp-content\/uploads\/2026\/09\/DIRCO.jpg","width":2048,"height":259},{"@type":"BreadcrumbList","@id":"https:\/\/ismfrance.org\/index.php\/2026\/09\/01\/lafrique-du-sud-soumet-a-la-cij-un-dossier-concernant-le-non-respect-par-israel-des-ordonnances-en-indication-de-mesures-conservatoires\/#breadcrumb","itemListElement":[{"@type":"ListItem","position":1,"name":"Accueil","item":"https:\/\/ismfrance.org\/"},{"@type":"ListItem","position":2,"name":"L\u2019Afrique du Sud soumet \u00e0 la CIJ un dossier concernant le non-respect par Isra\u00ebl des ordonnances en indication de mesures conservatoires"}]},{"@type":"WebSite","@id":"https:\/\/ismfrance.org\/#website","url":"https:\/\/ismfrance.org\/","name":"ISM Palestine France","description":"Soutien aux luttes de lib\u00e9ration du peuple palestinien","publisher":{"@id":"https:\/\/ismfrance.org\/#organization"},"potentialAction":[{"@type":"SearchAction","target":{"@type":"EntryPoint","urlTemplate":"https:\/\/ismfrance.org\/?s={search_term_string}"},"query-input":{"@type":"PropertyValueSpecification","valueRequired":true,"valueName":"search_term_string"}}],"inLanguage":"fr-FR"},{"@type":"Organization","@id":"https:\/\/ismfrance.org\/#organization","name":"International Solidarity Movement","url":"https:\/\/ismfrance.org\/","logo":{"@type":"ImageObject","inLanguage":"fr-FR","@id":"https:\/\/ismfrance.org\/#\/schema\/logo\/image\/","url":"https:\/\/ismfrance.org\/wp-content\/uploads\/2020\/12\/00.png","contentUrl":"https:\/\/ismfrance.org\/wp-content\/uploads\/2020\/12\/00.png","width":400,"height":400,"caption":"International Solidarity Movement"},"image":{"@id":"https:\/\/ismfrance.org\/#\/schema\/logo\/image\/"},"sameAs":["https:\/\/x.com\/ISMFRANCE"]},{"@type":"Person","@id":"https:\/\/ismfrance.org\/#\/schema\/person\/3c411eb72adfaae19c0dca1f41fae01d","name":"mru_01","image":{"@type":"ImageObject","inLanguage":"fr-FR","@id":"https:\/\/secure.gravatar.com\/avatar\/3a0be343b445d2ccc79e87444a294fad2b232e90d2051d0e3cc219e1ecd6a330?s=96&d=mm&r=g","url":"https:\/\/secure.gravatar.com\/avatar\/3a0be343b445d2ccc79e87444a294fad2b232e90d2051d0e3cc219e1ecd6a330?s=96&d=mm&r=g","contentUrl":"https:\/\/secure.gravatar.com\/avatar\/3a0be343b445d2ccc79e87444a294fad2b232e90d2051d0e3cc219e1ecd6a330?s=96&d=mm&r=g","caption":"mru_01"},"url":"https:\/\/ismfrance.org\/index.php\/author\/admin02\/"}]}},"_links":{"self":[{"href":"https:\/\/ismfrance.org\/index.php\/wp-json\/wp\/v2\/posts\/31158","targetHints":{"allow":["GET"]}}],"collection":[{"href":"https:\/\/ismfrance.org\/index.php\/wp-json\/wp\/v2\/posts"}],"about":[{"href":"https:\/\/ismfrance.org\/index.php\/wp-json\/wp\/v2\/types\/post"}],"author":[{"embeddable":true,"href":"https:\/\/ismfrance.org\/index.php\/wp-json\/wp\/v2\/users\/3"}],"replies":[{"embeddable":true,"href":"https:\/\/ismfrance.org\/index.php\/wp-json\/wp\/v2\/comments?post=31158"}],"version-history":[{"count":2,"href":"https:\/\/ismfrance.org\/index.php\/wp-json\/wp\/v2\/posts\/31158\/revisions"}],"predecessor-version":[{"id":31161,"href":"https:\/\/ismfrance.org\/index.php\/wp-json\/wp\/v2\/posts\/31158\/revisions\/31161"}],"wp:featuredmedia":[{"embeddable":true,"href":"https:\/\/ismfrance.org\/index.php\/wp-json\/wp\/v2\/media\/31160"}],"wp:attachment":[{"href":"https:\/\/ismfrance.org\/index.php\/wp-json\/wp\/v2\/media?parent=31158"}],"wp:term":[{"taxonomy":"category","embeddable":true,"href":"https:\/\/ismfrance.org\/index.php\/wp-json\/wp\/v2\/categories?post=31158"},{"taxonomy":"post_tag","embeddable":true,"href":"https:\/\/ismfrance.org\/index.php\/wp-json\/wp\/v2\/tags?post=31158"}],"curies":[{"name":"wp","href":"https:\/\/api.w.org\/{rel}","templated":true}]}}