{"id":31147,"date":"2026-09-01T11:03:26","date_gmt":"2026-09-01T09:03:26","guid":{"rendered":"https:\/\/ismfrance.org\/?p=31147"},"modified":"2026-09-01T11:09:32","modified_gmt":"2026-09-01T09:09:32","slug":"rajin-nous-reviendrons-bande-annonce","status":"publish","type":"post","link":"https:\/\/ismfrance.org\/index.php\/2026\/09\/01\/rajin-nous-reviendrons-bande-annonce\/","title":{"rendered":"Raj\u2019in &#8211; Nous reviendrons (bande-annonce)"},"content":{"rendered":"<p><span style=\"color: #000000;\"><span style=\"font-family: Arial, sans-serif;\"><strong>B&rsquo;Tselem, 31 ao\u00fbt 2026.- <\/strong><\/span><\/span><span style=\"color: #000000;\"><span style=\"font-family: Arial, sans-serif;\"><i><b>Raj&rsquo;in<\/b><\/i> (<strong>\u0631\u0627\u062c\u0639\u064a\u0646<\/strong> &#8211; \u00ab Nous reviendrons \u00bb) est un documentaire immersif qui t\u00e9moigne du nettoyage ethnique en cours des Palestiniens en Cisjordanie, perp\u00e9tr\u00e9 par les milices de colons isra\u00e9liens et l&rsquo;\u00c9tat.<\/span><\/span><\/p>\n<p><span style=\"color: #000000;\"><span style=\"font-family: Arial, sans-serif;\"><a href=\"https:\/\/ismfrance.org\/wp-content\/uploads\/2026\/09\/we-shall-return.jpg\"><img loading=\"lazy\" decoding=\"async\" class=\"wp-image-31149 alignleft\" src=\"https:\/\/ismfrance.org\/wp-content\/uploads\/2026\/09\/we-shall-return-496x700.jpg\" alt=\"\" width=\"328\" height=\"460\" \/><\/a>Tourn\u00e9 sur une p\u00e9riode de trois ans, le film documente ce nettoyage ethnique \u00e0 travers les r\u00e9cits de plus de onze communaut\u00e9s palestiniennes menac\u00e9es de transfert forc\u00e9. Il m\u00eale de mani\u00e8re visc\u00e9rale des images \u00e0 360\u00b0 \u00e0 des s\u00e9quences brutes film\u00e9es au t\u00e9l\u00e9phone ou \u00e0 la cam\u00e9ra portative par des r\u00e9sidents palestiniens et des militants de la \u00ab pr\u00e9sence protectrice \u00bb. <\/span><\/span><\/p>\n<p><span style=\"color: #000000;\"><span style=\"font-family: Arial, sans-serif;\">Le r\u00e9cit suit trois protagonistes \u00e0 diff\u00e9rents stades de la d\u00e9possession : Jaber, qui demeure sur ses terres malgr\u00e9 les attaques incessantes et les d\u00e9molitions de maisons ; &lsquo;Alya, qui a subi de multiples d\u00e9placements ; et la famille Hreizat, contrainte de d\u00e9monter son foyer et de partir. En juxtaposant le quotidien \u00e0 la violence des milices de colons et des forces isra\u00e9liennes, le film r\u00e9v\u00e8le un paysage et une population sous une menace constante, ainsi qu&rsquo;une politique visant \u00e0 effacer toute pr\u00e9sence palestinienne. C&rsquo;est un t\u00e9moignage poignant et sans filtre d&rsquo;un monde en voie d&rsquo;effacement, dont la narration est subtilement marqu\u00e9e par les intimidations auxquelles l&rsquo;\u00e9quipe de tournage a elle-m\u00eame d\u00fb faire face pour capturer cette r\u00e9alit\u00e9.<\/span><\/span><\/p>\n<p><span style=\"color: #000000;\"><span style=\"font-family: Arial, sans-serif;\">Le titre arabe du film, <i><b>Raj\u2019in<\/b><\/i> (<strong>\u0631\u0627\u062c\u0639\u064a\u0646<\/strong> \u2013 \u00ab Nous reviendrons \u00bb), provient d&rsquo;un graffiti trac\u00e9 par l&rsquo;une des protagonistes, &lsquo;Alya, sur sa maison avant qu&rsquo;elle ne soit forc\u00e9e de la quitter. Cette expression figure \u00e9galement dans un po\u00e8me qu&rsquo;elle a \u00e9crit, refl\u00e9tant le concept de <em>Sumud<\/em> \u2014 la fermet\u00e9 palestinienne et la d\u00e9termination \u00e0 rester sur sa terre malgr\u00e9 les d\u00e9placements incessants depuis la Nakba de 1948.<\/span><\/span><\/p>\n<p><span style=\"color: #000000;\"><span style=\"font-family: Arial, sans-serif;\">Nos partenaires de <a href=\"https:\/\/www.nowheremedia.net\/\">NowHere Media<\/a> ont rejoint le projet en tant que coproducteurs \u00e0 l&rsquo;automne 2025 et nous ont aid\u00e9s \u00e0 trier trois ann\u00e9es d&rsquo;images abondantes. Ils ont collabor\u00e9 \u00e0 l&rsquo;\u00e9laboration du r\u00e9cit, du storyboard initial jusqu&rsquo;au montage, \u00e0 la post-production et \u00e0 la conception sonore. Gr\u00e2ce \u00e0 leur expertise en narration immersive, ils ont contribu\u00e9 \u00e0 donner vie \u00e0 la r\u00e9alit\u00e9 v\u00e9cue par les communaut\u00e9s palestiniennes de Cisjordanie.<\/span><\/span><\/p>\n<p><iframe loading=\"lazy\" title=\"** Raj&amp;apos;in (We Shall Return) Trailer_English Subs\" width=\"600\" height=\"338\" src=\"https:\/\/www.youtube.com\/embed\/alQlV9xf52U?feature=oembed\" frameborder=\"0\" allow=\"accelerometer; autoplay; clipboard-write; encrypted-media; gyroscope; picture-in-picture; web-share\" referrerpolicy=\"strict-origin-when-cross-origin\" allowfullscreen><\/iframe><\/p>\n<p>&nbsp;<\/p>\n<p><span style=\"color: #000000;\"><span style=\"font-family: Arial, sans-serif;\">Nous exprimons notre profonde gratitude aux habitants des communaut\u00e9s que nous avons document\u00e9es ; ils nous ont accueillis chez eux et nous ont confi\u00e9 leurs histoires en des moments de grande incertitude et de peur. Nous remercions \u00e9galement les militants de la \u00ab pr\u00e9sence protectrice \u00bb qui consacrent leur vie \u00e0 soutenir ces communaut\u00e9s et \u00e0 documenter la r\u00e9alit\u00e9 d\u00e9vastatrice \u00e0 laquelle elles sont confront\u00e9es chaque jour.<\/span><\/span><\/p>\n<p><em><strong><span style=\"color: #000000;\"><span style=\"font-family: Arial, sans-serif;\">Article original en anglais sur <a href=\"https:\/\/www.btselem.org\/we-shall-return\/index.html\">B&rsquo;Tselem<\/a> \/ Traduction MR<\/span><\/span><\/strong><\/em><\/p>\n","protected":false},"excerpt":{"rendered":"<p>B&rsquo;Tselem, 31 ao\u00fbt 2026.- Raj&rsquo;in (\u0631\u0627\u062c\u0639\u064a\u0646 &#8211; \u00ab Nous reviendrons \u00bb) est un documentaire immersif qui t\u00e9moigne du nettoyage ethnique en cours des Palestiniens en Cisjordanie, perp\u00e9tr\u00e9 par les milices <a class=\"more-link\" href=\"https:\/\/ismfrance.org\/index.php\/2026\/09\/01\/rajin-nous-reviendrons-bande-annonce\/\">Lire la suite &rarr;<\/a><\/p>\n","protected":false},"author":3,"featured_media":31149,"comment_status":"closed","ping_status":"closed","sticky":false,"template":"","format":"standard","meta":{"footnotes":""},"categories":[12,2],"tags":[120,45],"class_list":["post-31147","post","type-post","status-publish","format-standard","has-post-thumbnail","hentry","category-analyses","category-articles","tag-art","tag-nettoyage-ethnique"],"yoast_head":"<!-- This site is optimized with the Yoast SEO plugin v28.3 - https:\/\/yoast.com\/product\/yoast-seo-wordpress\/ -->\n<title>Raj\u2019in - Nous reviendrons (bande-annonce) - International Solidarity Movement - ISM-France<\/title>\n<meta name=\"robots\" content=\"index, follow, max-snippet:-1, max-image-preview:large, max-video-preview:-1\" \/>\n<link rel=\"canonical\" href=\"https:\/\/ismfrance.org\/index.php\/2026\/09\/01\/rajin-nous-reviendrons-bande-annonce\/\" \/>\n<meta property=\"og:locale\" content=\"fr_FR\" \/>\n<meta property=\"og:type\" content=\"article\" \/>\n<meta property=\"og:title\" content=\"Raj\u2019in - Nous reviendrons (bande-annonce) - International Solidarity Movement - ISM-France\" \/>\n<meta property=\"og:description\" content=\"B&rsquo;Tselem, 31 ao\u00fbt 2026.- Raj&rsquo;in (\u0631\u0627\u062c\u0639\u064a\u0646 &#8211; \u00ab Nous reviendrons \u00bb) est un documentaire immersif qui t\u00e9moigne du nettoyage ethnique en cours des Palestiniens en Cisjordanie, perp\u00e9tr\u00e9 par les milices Lire la suite &rarr;\" \/>\n<meta property=\"og:url\" content=\"https:\/\/ismfrance.org\/index.php\/2026\/09\/01\/rajin-nous-reviendrons-bande-annonce\/\" \/>\n<meta property=\"og:site_name\" content=\"International Solidarity Movement - ISM-France\" \/>\n<meta property=\"article:published_time\" content=\"2026-09-01T09:03:26+00:00\" \/>\n<meta property=\"article:modified_time\" content=\"2026-09-01T09:09:32+00:00\" \/>\n<meta property=\"og:image\" content=\"https:\/\/ismfrance.org\/wp-content\/uploads\/2026\/09\/we-shall-return.jpg\" \/>\n\t<meta property=\"og:image:width\" content=\"1200\" \/>\n\t<meta property=\"og:image:height\" content=\"1694\" \/>\n\t<meta property=\"og:image:type\" content=\"image\/jpeg\" \/>\n<meta name=\"author\" content=\"mru_01\" \/>\n<meta name=\"twitter:card\" content=\"summary_large_image\" \/>\n<meta name=\"twitter:creator\" content=\"@ISMFRANCE\" \/>\n<meta name=\"twitter:site\" content=\"@ISMFRANCE\" \/>\n<meta name=\"twitter:label1\" content=\"\u00c9crit par\" \/>\n\t<meta name=\"twitter:data1\" content=\"mru_01\" \/>\n\t<meta name=\"twitter:label2\" content=\"Dur\u00e9e de lecture estim\u00e9e\" \/>\n\t<meta name=\"twitter:data2\" content=\"3 minutes\" \/>\n<script type=\"application\/ld+json\" class=\"yoast-schema-graph\">{\"@context\":\"https:\\\/\\\/schema.org\",\"@graph\":[{\"@type\":\"Article\",\"@id\":\"https:\\\/\\\/ismfrance.org\\\/index.php\\\/2026\\\/09\\\/01\\\/rajin-nous-reviendrons-bande-annonce\\\/#article\",\"isPartOf\":{\"@id\":\"https:\\\/\\\/ismfrance.org\\\/index.php\\\/2026\\\/09\\\/01\\\/rajin-nous-reviendrons-bande-annonce\\\/\"},\"author\":{\"name\":\"mru_01\",\"@id\":\"https:\\\/\\\/ismfrance.org\\\/#\\\/schema\\\/person\\\/3c411eb72adfaae19c0dca1f41fae01d\"},\"headline\":\"Raj\u2019in &#8211; Nous reviendrons (bande-annonce)\",\"datePublished\":\"2026-09-01T09:03:26+00:00\",\"dateModified\":\"2026-09-01T09:09:32+00:00\",\"mainEntityOfPage\":{\"@id\":\"https:\\\/\\\/ismfrance.org\\\/index.php\\\/2026\\\/09\\\/01\\\/rajin-nous-reviendrons-bande-annonce\\\/\"},\"wordCount\":474,\"publisher\":{\"@id\":\"https:\\\/\\\/ismfrance.org\\\/#organization\"},\"image\":{\"@id\":\"https:\\\/\\\/ismfrance.org\\\/index.php\\\/2026\\\/09\\\/01\\\/rajin-nous-reviendrons-bande-annonce\\\/#primaryimage\"},\"thumbnailUrl\":\"https:\\\/\\\/ismfrance.org\\\/wp-content\\\/uploads\\\/2026\\\/09\\\/we-shall-return.jpg\",\"keywords\":[\"Art\",\"nettoyage ethnique\"],\"articleSection\":[\"Analyses\",\"Articles\"],\"inLanguage\":\"fr-FR\"},{\"@type\":\"WebPage\",\"@id\":\"https:\\\/\\\/ismfrance.org\\\/index.php\\\/2026\\\/09\\\/01\\\/rajin-nous-reviendrons-bande-annonce\\\/\",\"url\":\"https:\\\/\\\/ismfrance.org\\\/index.php\\\/2026\\\/09\\\/01\\\/rajin-nous-reviendrons-bande-annonce\\\/\",\"name\":\"Raj\u2019in - Nous reviendrons (bande-annonce) - International Solidarity Movement - ISM-France\",\"isPartOf\":{\"@id\":\"https:\\\/\\\/ismfrance.org\\\/#website\"},\"primaryImageOfPage\":{\"@id\":\"https:\\\/\\\/ismfrance.org\\\/index.php\\\/2026\\\/09\\\/01\\\/rajin-nous-reviendrons-bande-annonce\\\/#primaryimage\"},\"image\":{\"@id\":\"https:\\\/\\\/ismfrance.org\\\/index.php\\\/2026\\\/09\\\/01\\\/rajin-nous-reviendrons-bande-annonce\\\/#primaryimage\"},\"thumbnailUrl\":\"https:\\\/\\\/ismfrance.org\\\/wp-content\\\/uploads\\\/2026\\\/09\\\/we-shall-return.jpg\",\"datePublished\":\"2026-09-01T09:03:26+00:00\",\"dateModified\":\"2026-09-01T09:09:32+00:00\",\"breadcrumb\":{\"@id\":\"https:\\\/\\\/ismfrance.org\\\/index.php\\\/2026\\\/09\\\/01\\\/rajin-nous-reviendrons-bande-annonce\\\/#breadcrumb\"},\"inLanguage\":\"fr-FR\",\"potentialAction\":[{\"@type\":\"ReadAction\",\"target\":[\"https:\\\/\\\/ismfrance.org\\\/index.php\\\/2026\\\/09\\\/01\\\/rajin-nous-reviendrons-bande-annonce\\\/\"]}]},{\"@type\":\"ImageObject\",\"inLanguage\":\"fr-FR\",\"@id\":\"https:\\\/\\\/ismfrance.org\\\/index.php\\\/2026\\\/09\\\/01\\\/rajin-nous-reviendrons-bande-annonce\\\/#primaryimage\",\"url\":\"https:\\\/\\\/ismfrance.org\\\/wp-content\\\/uploads\\\/2026\\\/09\\\/we-shall-return.jpg\",\"contentUrl\":\"https:\\\/\\\/ismfrance.org\\\/wp-content\\\/uploads\\\/2026\\\/09\\\/we-shall-return.jpg\",\"width\":1200,\"height\":1694},{\"@type\":\"BreadcrumbList\",\"@id\":\"https:\\\/\\\/ismfrance.org\\\/index.php\\\/2026\\\/09\\\/01\\\/rajin-nous-reviendrons-bande-annonce\\\/#breadcrumb\",\"itemListElement\":[{\"@type\":\"ListItem\",\"position\":1,\"name\":\"Accueil\",\"item\":\"https:\\\/\\\/ismfrance.org\\\/\"},{\"@type\":\"ListItem\",\"position\":2,\"name\":\"Raj\u2019in &#8211; Nous reviendrons (bande-annonce)\"}]},{\"@type\":\"WebSite\",\"@id\":\"https:\\\/\\\/ismfrance.org\\\/#website\",\"url\":\"https:\\\/\\\/ismfrance.org\\\/\",\"name\":\"ISM Palestine France\",\"description\":\"Soutien aux luttes de lib\u00e9ration du peuple palestinien\",\"publisher\":{\"@id\":\"https:\\\/\\\/ismfrance.org\\\/#organization\"},\"potentialAction\":[{\"@type\":\"SearchAction\",\"target\":{\"@type\":\"EntryPoint\",\"urlTemplate\":\"https:\\\/\\\/ismfrance.org\\\/?s={search_term_string}\"},\"query-input\":{\"@type\":\"PropertyValueSpecification\",\"valueRequired\":true,\"valueName\":\"search_term_string\"}}],\"inLanguage\":\"fr-FR\"},{\"@type\":\"Organization\",\"@id\":\"https:\\\/\\\/ismfrance.org\\\/#organization\",\"name\":\"International Solidarity Movement\",\"url\":\"https:\\\/\\\/ismfrance.org\\\/\",\"logo\":{\"@type\":\"ImageObject\",\"inLanguage\":\"fr-FR\",\"@id\":\"https:\\\/\\\/ismfrance.org\\\/#\\\/schema\\\/logo\\\/image\\\/\",\"url\":\"https:\\\/\\\/ismfrance.org\\\/wp-content\\\/uploads\\\/2020\\\/12\\\/00.png\",\"contentUrl\":\"https:\\\/\\\/ismfrance.org\\\/wp-content\\\/uploads\\\/2020\\\/12\\\/00.png\",\"width\":400,\"height\":400,\"caption\":\"International Solidarity Movement\"},\"image\":{\"@id\":\"https:\\\/\\\/ismfrance.org\\\/#\\\/schema\\\/logo\\\/image\\\/\"},\"sameAs\":[\"https:\\\/\\\/x.com\\\/ISMFRANCE\"]},{\"@type\":\"Person\",\"@id\":\"https:\\\/\\\/ismfrance.org\\\/#\\\/schema\\\/person\\\/3c411eb72adfaae19c0dca1f41fae01d\",\"name\":\"mru_01\",\"image\":{\"@type\":\"ImageObject\",\"inLanguage\":\"fr-FR\",\"@id\":\"https:\\\/\\\/secure.gravatar.com\\\/avatar\\\/3a0be343b445d2ccc79e87444a294fad2b232e90d2051d0e3cc219e1ecd6a330?s=96&d=mm&r=g\",\"url\":\"https:\\\/\\\/secure.gravatar.com\\\/avatar\\\/3a0be343b445d2ccc79e87444a294fad2b232e90d2051d0e3cc219e1ecd6a330?s=96&d=mm&r=g\",\"contentUrl\":\"https:\\\/\\\/secure.gravatar.com\\\/avatar\\\/3a0be343b445d2ccc79e87444a294fad2b232e90d2051d0e3cc219e1ecd6a330?s=96&d=mm&r=g\",\"caption\":\"mru_01\"},\"url\":\"https:\\\/\\\/ismfrance.org\\\/index.php\\\/author\\\/admin02\\\/\"}]}<\/script>\n<!-- \/ Yoast SEO plugin. -->","yoast_head_json":{"title":"Raj\u2019in - Nous reviendrons (bande-annonce) - International Solidarity Movement - ISM-France","robots":{"index":"index","follow":"follow","max-snippet":"max-snippet:-1","max-image-preview":"max-image-preview:large","max-video-preview":"max-video-preview:-1"},"canonical":"https:\/\/ismfrance.org\/index.php\/2026\/09\/01\/rajin-nous-reviendrons-bande-annonce\/","og_locale":"fr_FR","og_type":"article","og_title":"Raj\u2019in - Nous reviendrons (bande-annonce) - International Solidarity Movement - ISM-France","og_description":"B&rsquo;Tselem, 31 ao\u00fbt 2026.- Raj&rsquo;in (\u0631\u0627\u062c\u0639\u064a\u0646 &#8211; \u00ab Nous reviendrons \u00bb) est un documentaire immersif qui t\u00e9moigne du nettoyage ethnique en cours des Palestiniens en Cisjordanie, perp\u00e9tr\u00e9 par les milices Lire la suite &rarr;","og_url":"https:\/\/ismfrance.org\/index.php\/2026\/09\/01\/rajin-nous-reviendrons-bande-annonce\/","og_site_name":"International Solidarity Movement - ISM-France","article_published_time":"2026-09-01T09:03:26+00:00","article_modified_time":"2026-09-01T09:09:32+00:00","og_image":[{"width":1200,"height":1694,"url":"https:\/\/ismfrance.org\/wp-content\/uploads\/2026\/09\/we-shall-return.jpg","type":"image\/jpeg"}],"author":"mru_01","twitter_card":"summary_large_image","twitter_creator":"@ISMFRANCE","twitter_site":"@ISMFRANCE","twitter_misc":{"\u00c9crit par":"mru_01","Dur\u00e9e de lecture estim\u00e9e":"3 minutes"},"schema":{"@context":"https:\/\/schema.org","@graph":[{"@type":"Article","@id":"https:\/\/ismfrance.org\/index.php\/2026\/09\/01\/rajin-nous-reviendrons-bande-annonce\/#article","isPartOf":{"@id":"https:\/\/ismfrance.org\/index.php\/2026\/09\/01\/rajin-nous-reviendrons-bande-annonce\/"},"author":{"name":"mru_01","@id":"https:\/\/ismfrance.org\/#\/schema\/person\/3c411eb72adfaae19c0dca1f41fae01d"},"headline":"Raj\u2019in &#8211; Nous reviendrons (bande-annonce)","datePublished":"2026-09-01T09:03:26+00:00","dateModified":"2026-09-01T09:09:32+00:00","mainEntityOfPage":{"@id":"https:\/\/ismfrance.org\/index.php\/2026\/09\/01\/rajin-nous-reviendrons-bande-annonce\/"},"wordCount":474,"publisher":{"@id":"https:\/\/ismfrance.org\/#organization"},"image":{"@id":"https:\/\/ismfrance.org\/index.php\/2026\/09\/01\/rajin-nous-reviendrons-bande-annonce\/#primaryimage"},"thumbnailUrl":"https:\/\/ismfrance.org\/wp-content\/uploads\/2026\/09\/we-shall-return.jpg","keywords":["Art","nettoyage ethnique"],"articleSection":["Analyses","Articles"],"inLanguage":"fr-FR"},{"@type":"WebPage","@id":"https:\/\/ismfrance.org\/index.php\/2026\/09\/01\/rajin-nous-reviendrons-bande-annonce\/","url":"https:\/\/ismfrance.org\/index.php\/2026\/09\/01\/rajin-nous-reviendrons-bande-annonce\/","name":"Raj\u2019in - Nous reviendrons (bande-annonce) - International Solidarity Movement - ISM-France","isPartOf":{"@id":"https:\/\/ismfrance.org\/#website"},"primaryImageOfPage":{"@id":"https:\/\/ismfrance.org\/index.php\/2026\/09\/01\/rajin-nous-reviendrons-bande-annonce\/#primaryimage"},"image":{"@id":"https:\/\/ismfrance.org\/index.php\/2026\/09\/01\/rajin-nous-reviendrons-bande-annonce\/#primaryimage"},"thumbnailUrl":"https:\/\/ismfrance.org\/wp-content\/uploads\/2026\/09\/we-shall-return.jpg","datePublished":"2026-09-01T09:03:26+00:00","dateModified":"2026-09-01T09:09:32+00:00","breadcrumb":{"@id":"https:\/\/ismfrance.org\/index.php\/2026\/09\/01\/rajin-nous-reviendrons-bande-annonce\/#breadcrumb"},"inLanguage":"fr-FR","potentialAction":[{"@type":"ReadAction","target":["https:\/\/ismfrance.org\/index.php\/2026\/09\/01\/rajin-nous-reviendrons-bande-annonce\/"]}]},{"@type":"ImageObject","inLanguage":"fr-FR","@id":"https:\/\/ismfrance.org\/index.php\/2026\/09\/01\/rajin-nous-reviendrons-bande-annonce\/#primaryimage","url":"https:\/\/ismfrance.org\/wp-content\/uploads\/2026\/09\/we-shall-return.jpg","contentUrl":"https:\/\/ismfrance.org\/wp-content\/uploads\/2026\/09\/we-shall-return.jpg","width":1200,"height":1694},{"@type":"BreadcrumbList","@id":"https:\/\/ismfrance.org\/index.php\/2026\/09\/01\/rajin-nous-reviendrons-bande-annonce\/#breadcrumb","itemListElement":[{"@type":"ListItem","position":1,"name":"Accueil","item":"https:\/\/ismfrance.org\/"},{"@type":"ListItem","position":2,"name":"Raj\u2019in &#8211; Nous reviendrons (bande-annonce)"}]},{"@type":"WebSite","@id":"https:\/\/ismfrance.org\/#website","url":"https:\/\/ismfrance.org\/","name":"ISM Palestine France","description":"Soutien aux luttes de lib\u00e9ration du peuple palestinien","publisher":{"@id":"https:\/\/ismfrance.org\/#organization"},"potentialAction":[{"@type":"SearchAction","target":{"@type":"EntryPoint","urlTemplate":"https:\/\/ismfrance.org\/?s={search_term_string}"},"query-input":{"@type":"PropertyValueSpecification","valueRequired":true,"valueName":"search_term_string"}}],"inLanguage":"fr-FR"},{"@type":"Organization","@id":"https:\/\/ismfrance.org\/#organization","name":"International Solidarity Movement","url":"https:\/\/ismfrance.org\/","logo":{"@type":"ImageObject","inLanguage":"fr-FR","@id":"https:\/\/ismfrance.org\/#\/schema\/logo\/image\/","url":"https:\/\/ismfrance.org\/wp-content\/uploads\/2020\/12\/00.png","contentUrl":"https:\/\/ismfrance.org\/wp-content\/uploads\/2020\/12\/00.png","width":400,"height":400,"caption":"International Solidarity Movement"},"image":{"@id":"https:\/\/ismfrance.org\/#\/schema\/logo\/image\/"},"sameAs":["https:\/\/x.com\/ISMFRANCE"]},{"@type":"Person","@id":"https:\/\/ismfrance.org\/#\/schema\/person\/3c411eb72adfaae19c0dca1f41fae01d","name":"mru_01","image":{"@type":"ImageObject","inLanguage":"fr-FR","@id":"https:\/\/secure.gravatar.com\/avatar\/3a0be343b445d2ccc79e87444a294fad2b232e90d2051d0e3cc219e1ecd6a330?s=96&d=mm&r=g","url":"https:\/\/secure.gravatar.com\/avatar\/3a0be343b445d2ccc79e87444a294fad2b232e90d2051d0e3cc219e1ecd6a330?s=96&d=mm&r=g","contentUrl":"https:\/\/secure.gravatar.com\/avatar\/3a0be343b445d2ccc79e87444a294fad2b232e90d2051d0e3cc219e1ecd6a330?s=96&d=mm&r=g","caption":"mru_01"},"url":"https:\/\/ismfrance.org\/index.php\/author\/admin02\/"}]}},"_links":{"self":[{"href":"https:\/\/ismfrance.org\/index.php\/wp-json\/wp\/v2\/posts\/31147","targetHints":{"allow":["GET"]}}],"collection":[{"href":"https:\/\/ismfrance.org\/index.php\/wp-json\/wp\/v2\/posts"}],"about":[{"href":"https:\/\/ismfrance.org\/index.php\/wp-json\/wp\/v2\/types\/post"}],"author":[{"embeddable":true,"href":"https:\/\/ismfrance.org\/index.php\/wp-json\/wp\/v2\/users\/3"}],"replies":[{"embeddable":true,"href":"https:\/\/ismfrance.org\/index.php\/wp-json\/wp\/v2\/comments?post=31147"}],"version-history":[{"count":8,"href":"https:\/\/ismfrance.org\/index.php\/wp-json\/wp\/v2\/posts\/31147\/revisions"}],"predecessor-version":[{"id":31156,"href":"https:\/\/ismfrance.org\/index.php\/wp-json\/wp\/v2\/posts\/31147\/revisions\/31156"}],"wp:featuredmedia":[{"embeddable":true,"href":"https:\/\/ismfrance.org\/index.php\/wp-json\/wp\/v2\/media\/31149"}],"wp:attachment":[{"href":"https:\/\/ismfrance.org\/index.php\/wp-json\/wp\/v2\/media?parent=31147"}],"wp:term":[{"taxonomy":"category","embeddable":true,"href":"https:\/\/ismfrance.org\/index.php\/wp-json\/wp\/v2\/categories?post=31147"},{"taxonomy":"post_tag","embeddable":true,"href":"https:\/\/ismfrance.org\/index.php\/wp-json\/wp\/v2\/tags?post=31147"}],"curies":[{"name":"wp","href":"https:\/\/api.w.org\/{rel}","templated":true}]}}