{"id":31136,"date":"2026-09-01T10:03:24","date_gmt":"2026-09-01T08:03:24","guid":{"rendered":"https:\/\/ismfrance.org\/?p=31136"},"modified":"2026-09-01T10:03:24","modified_gmt":"2026-09-01T08:03:24","slug":"temoignages-de-gazaouis-la-survie-qui-sorganise-au-jour-le-jour-dans-lenfer-de-gaza-partie-741-29-8-de-la-terre-a-lespoir-une-nouvelle-initiati","status":"publish","type":"post","link":"https:\/\/ismfrance.org\/index.php\/2026\/09\/01\/temoignages-de-gazaouis-la-survie-qui-sorganise-au-jour-le-jour-dans-lenfer-de-gaza-partie-741-29-8-de-la-terre-a-lespoir-une-nouvelle-initiati\/","title":{"rendered":"T\u00e9moignages de Gazaouis : La survie qui s\u2019organise au jour le jour dans l\u2019enfer de Gaza \u2013 partie 741 \/ 29.8 \u2013\u00a0De la terre \u00e0 l\u2019espoir, une nouvelle initiative de l\u2019U.J.F.P \u00e0 Gaza"},"content":{"rendered":"<p align=\"LEFT\"><span style=\"font-family: Arial, sans-serif;\"><span style=\"font-size: medium;\"><b>Brigitte Challande, 1er septembre 2026.-<\/b> Un texte d\u2019Abu Amir, le 29 ao\u00fbt\u00a0: l\u2019UJFP soutient les agriculteurs de Deir al-Balah et permet aux enfants de renouer avec l\u2019agriculture.<\/span><\/span><\/p>\n<p align=\"LEFT\"><a href=\"https:\/\/ismfrance.org\/wp-content\/uploads\/2026\/09\/IMG_7292.jpg\"><img loading=\"lazy\" decoding=\"async\" class=\"alignnone size-large wp-image-31138\" src=\"https:\/\/ismfrance.org\/wp-content\/uploads\/2026\/09\/IMG_7292-700x467.jpg\" alt=\"\" width=\"600\" height=\"400\" srcset=\"https:\/\/ismfrance.org\/wp-content\/uploads\/2026\/09\/IMG_7292-700x467.jpg 700w, https:\/\/ismfrance.org\/wp-content\/uploads\/2026\/09\/IMG_7292-300x200.jpg 300w, https:\/\/ismfrance.org\/wp-content\/uploads\/2026\/09\/IMG_7292-768x512.jpg 768w, https:\/\/ismfrance.org\/wp-content\/uploads\/2026\/09\/IMG_7292-1536x1024.jpg 1536w, https:\/\/ismfrance.org\/wp-content\/uploads\/2026\/09\/IMG_7292-2048x1365.jpg 2048w\" sizes=\"auto, (max-width: 600px) 100vw, 600px\" \/><\/a><\/p>\n<p align=\"LEFT\"><span style=\"font-family: Arial, sans-serif;\"><span style=\"font-size: medium;\">\u00ab\u00a0Pendant des ann\u00e9es, le secteur agricole \u00e0 Gaza a constitu\u00e9 une source essentielle de nourriture et de revenus. La vie de milliers de familles \u00e9tait li\u00e9e \u00e0 l\u2019agriculture, qui repr\u00e9sentait pour elles un moyen de subsistance et de stabilit\u00e9. Cependant, la guerre a caus\u00e9 d\u2019importantes destructions qui ont touch\u00e9 les terres agricoles, les serres et les infrastructures li\u00e9es \u00e0 la production agricole. Par ailleurs, de vastes superficies de terres sont d\u00e9sormais class\u00e9es dans les zones \u00ab jaunes \u00bb, des zones auxquelles les agriculteurs ne peuvent pas acc\u00e9der, qu\u2019ils ne peuvent pas exploiter ni cultiver. En cons\u00e9quence, de nombreux agriculteurs ont perdu leurs terres et leur source de revenus, se retrouvant confront\u00e9s \u00e0 une r\u00e9alit\u00e9 \u00e9conomique et sociale encore plus difficile.<\/span><\/span><\/p>\n<p align=\"LEFT\"><span style=\"font-family: Arial, sans-serif;\"><span style=\"font-size: medium;\">Parall\u00e8lement, certaines superficies limit\u00e9es de terres agricoles sont rest\u00e9es disponibles dans les zones class\u00e9es \u00ab vertes \u00bb. Ces terres rev\u00eatent aujourd\u2019hui une importance accrue en raison de la r\u00e9duction des espaces disponibles pour l\u2019agriculture et de l\u2019augmentation du nombre d\u2019agriculteurs ayant perdu leurs terres.<\/span><\/span><\/p>\n<p align=\"LEFT\"><a href=\"https:\/\/ismfrance.org\/wp-content\/uploads\/2026\/09\/IMG_7320.jpg\"><img loading=\"lazy\" decoding=\"async\" class=\"alignnone size-large wp-image-31139\" src=\"https:\/\/ismfrance.org\/wp-content\/uploads\/2026\/09\/IMG_7320-700x467.jpg\" alt=\"\" width=\"600\" height=\"400\" srcset=\"https:\/\/ismfrance.org\/wp-content\/uploads\/2026\/09\/IMG_7320-700x467.jpg 700w, https:\/\/ismfrance.org\/wp-content\/uploads\/2026\/09\/IMG_7320-300x200.jpg 300w, https:\/\/ismfrance.org\/wp-content\/uploads\/2026\/09\/IMG_7320-768x512.jpg 768w, https:\/\/ismfrance.org\/wp-content\/uploads\/2026\/09\/IMG_7320-1536x1024.jpg 1536w, https:\/\/ismfrance.org\/wp-content\/uploads\/2026\/09\/IMG_7320-2048x1365.jpg 2048w\" sizes=\"auto, (max-width: 600px) 100vw, 600px\" \/><\/a><\/p>\n<p align=\"LEFT\"><span style=\"font-family: Arial, sans-serif;\"><span style=\"font-size: medium;\">Face \u00e0 cette r\u00e9alit\u00e9, les agriculteurs ont mis en place un m\u00e9canisme de coop\u00e9ration qui leur permet de poursuivre leur activit\u00e9 malgr\u00e9 la perte d\u2019une grande partie de leurs terres. Ainsi, un agriculteur ayant perdu sa terre situ\u00e9e dans les zones jaunes s\u2019associe \u00e0 un autre agriculteur qui poss\u00e8de une terre dans les zones vertes. Les deux collaborent pour cultiver cette terre et partager les d\u00e9penses, puis se r\u00e9partissent les b\u00e9n\u00e9fices apr\u00e8s la r\u00e9colte. Cette m\u00e9thode est devenue l\u2019un des m\u00e9canismes auxquels certains agriculteurs ont actuellement recours. Elle a contribu\u00e9 \u00e0 maintenir la production agricole malgr\u00e9 les conditions difficiles, nombre de ces partenariats sont \u00e9tablis entre des proches ou des membres d\u2019une m\u00eame famille, unis par la confiance et de solides liens sociaux.<\/span><\/span><\/p>\n<p align=\"LEFT\"><strong><span style=\"font-family: Arial, sans-serif;\"><span style=\"font-size: medium;\">Soutenir les agriculteurs commence par la terre<\/span><\/span><\/strong><\/p>\n<p align=\"LEFT\"><span style=\"font-family: Arial, sans-serif;\"><span style=\"font-size: medium;\">Dans ces circonstances, l\u2019UJFP poursuit son travail aux c\u00f4t\u00e9s des agriculteurs, dans le cadre d\u2019efforts continus visant \u00e0 soutenir le secteur agricole et \u00e0 fournir aux agriculteurs les \u00e9quipements et les intrants dont ils ont besoin pour continuer \u00e0 travailler sur les terres disponibles. Dans la r\u00e9gion de Deir al-Balah, l\u2019UJFP a commenc\u00e9 \u00e0 mettre en \u0153uvre un projet agricole int\u00e9gr\u00e9 destin\u00e9 aux agriculteurs des zones class\u00e9es vertes. Le projet se compose de quatre \u00e9tapes interd\u00e9pendantes : le labour des terres agricoles, la distribution de plants, la fourniture du nylon ou du plastique n\u00e9cessaire \u00e0 la r\u00e9paration des serres agricoles, ainsi que l\u2019organisation de sorties p\u00e9dagogiques pour les enfants vers les terres agricoles afin de leur faire d\u00e9couvrir les diff\u00e9rentes \u00e9tapes de l\u2019agriculture et de les faire participer \u00e0 certaines activit\u00e9s agricoles.<\/span><\/span><\/p>\n<p align=\"LEFT\"><a href=\"https:\/\/ismfrance.org\/wp-content\/uploads\/2026\/09\/IMG_7260.jpg\"><img loading=\"lazy\" decoding=\"async\" class=\"alignnone size-large wp-image-31140\" src=\"https:\/\/ismfrance.org\/wp-content\/uploads\/2026\/09\/IMG_7260-700x467.jpg\" alt=\"\" width=\"600\" height=\"400\" srcset=\"https:\/\/ismfrance.org\/wp-content\/uploads\/2026\/09\/IMG_7260-700x467.jpg 700w, https:\/\/ismfrance.org\/wp-content\/uploads\/2026\/09\/IMG_7260-300x200.jpg 300w, https:\/\/ismfrance.org\/wp-content\/uploads\/2026\/09\/IMG_7260-768x512.jpg 768w, https:\/\/ismfrance.org\/wp-content\/uploads\/2026\/09\/IMG_7260-1536x1024.jpg 1536w, https:\/\/ismfrance.org\/wp-content\/uploads\/2026\/09\/IMG_7260-2048x1365.jpg 2048w\" sizes=\"auto, (max-width: 600px) 100vw, 600px\" \/><\/a><\/p>\n<p align=\"LEFT\"><span style=\"font-family: Arial, sans-serif;\"><span style=\"font-size: medium;\">Jusqu\u2019\u00e0 pr\u00e9sent, seule la premi\u00e8re \u00e9tape du projet a \u00e9t\u00e9 mise en \u0153uvre : le labour des terres agricoles, tandis que les autres \u00e9tapes seront r\u00e9alis\u00e9es au cours de la p\u00e9riode \u00e0 venir.<\/span><\/span><\/p>\n<p align=\"LEFT\"><span style=\"font-family: Arial, sans-serif;\"><span style=\"font-size: medium;\">Dans le cadre de cette premi\u00e8re \u00e9tape, l\u2019UJFP a aid\u00e9 les agriculteurs \u00e0 labourer <strong>25 dunams de terres agricoles situ\u00e9es \u00e0 l\u2019int\u00e9rieur des serres \u00e0 Deir al-Balah<\/strong>, afin de les pr\u00e9parer pour la saison agricole et de les mettre en \u00e9tat de recevoir les plants lors de l\u2019\u00e9tape suivante.<\/span><\/span><\/p>\n<p align=\"LEFT\"><span style=\"font-family: Arial, sans-serif;\"><span style=\"font-size: medium;\">Le projet a b\u00e9n\u00e9fici\u00e9 \u00e0 <strong>25 agriculteurs vuln\u00e9rables dans la r\u00e9gion de Deir al-Balah.<\/strong><br \/>\n\u2022 Les b\u00e9n\u00e9ficiaires ont \u00e9t\u00e9 s\u00e9lectionn\u00e9s sur la base d\u2019une enqu\u00eate de terrain et d\u2019une \u00e9valuation des besoins.<br \/>\n\u2022 La priorit\u00e9 a \u00e9t\u00e9 accord\u00e9e aux agriculteurs qui n\u2019\u00e9taient pas en mesure de supporter eux-m\u00eames le co\u00fbt du labour.<br \/>\n\u2022 Les op\u00e9rations de labour ont \u00e9t\u00e9 r\u00e9alis\u00e9es en coordination avec les b\u00e9n\u00e9ficiaires et en fonction de l\u2019\u00e9tat de pr\u00e9paration des terres pour la saison agricole.<\/span><\/span><\/p>\n<p align=\"LEFT\"><span style=\"font-family: Arial, sans-serif;\"><span style=\"font-size: medium;\">L\u2019op\u00e9ration de labour a \u00e9galement \u00e9t\u00e9 l\u2019occasion pour les enfants participant aux sorties p\u00e9dagogiques d\u2019observer de pr\u00e8s le travail agricole. Les enfants se tenaient dans les terres agricoles, regardant le tracteur se d\u00e9placer entre les serres et retourner la terre, tandis que l\u2019animatrice leur expliquait l\u2019importance du labour et son r\u00f4le dans la pr\u00e9paration du sol pour la culture. Elle leur expliquait \u00e9galement comment le cycle de production agricole commence par cette \u00e9tape, avant de passer \u00e0 la plantation des plants.<\/span><\/span><\/p>\n<p align=\"LEFT\"><a href=\"https:\/\/ismfrance.org\/wp-content\/uploads\/2026\/09\/IMG_7332.jpg\"><img loading=\"lazy\" decoding=\"async\" class=\"alignnone size-large wp-image-31141\" src=\"https:\/\/ismfrance.org\/wp-content\/uploads\/2026\/09\/IMG_7332-700x467.jpg\" alt=\"\" width=\"600\" height=\"400\" srcset=\"https:\/\/ismfrance.org\/wp-content\/uploads\/2026\/09\/IMG_7332-700x467.jpg 700w, https:\/\/ismfrance.org\/wp-content\/uploads\/2026\/09\/IMG_7332-300x200.jpg 300w, https:\/\/ismfrance.org\/wp-content\/uploads\/2026\/09\/IMG_7332-768x512.jpg 768w, https:\/\/ismfrance.org\/wp-content\/uploads\/2026\/09\/IMG_7332-1536x1024.jpg 1536w, https:\/\/ismfrance.org\/wp-content\/uploads\/2026\/09\/IMG_7332-2048x1365.jpg 2048w\" sizes=\"auto, (max-width: 600px) 100vw, 600px\" \/><\/a><\/p>\n<p align=\"LEFT\"><span style=\"font-family: Arial, sans-serif;\"><span style=\"font-size: medium;\">Pour les enfants vivant dans les camps de d\u00e9placement, cette visite n\u2019\u00e9tait pas seulement une exp\u00e9rience \u00e9ducative. Elle leur a offert l\u2019occasion de sortir de l\u2019atmosph\u00e8re des camps, de se d\u00e9placer dans un espace ouvert, de profiter de l\u2019air frais et du calme, et de d\u00e9couvrir un univers diff\u00e9rent de l\u2019environnement que la guerre et le d\u00e9placement leur ont impos\u00e9.<\/span><\/span><\/p>\n<p align=\"LEFT\"><span style=\"font-family: Arial, sans-serif;\"><span style=\"font-size: medium;\">La joie des enfants \u00e9tait \u00e9vidente lorsqu\u2019ils regardaient le tracteur agricole travailler devant eux, suivaient les mouvements de la terre et posaient des questions sur l\u2019agriculture et la terre. Dans le m\u00eame temps, la visite a constitu\u00e9 une occasion de rapprocher les enfants de la terre et de leur faire d\u00e9couvrir un m\u00e9tier qui a longtemps occup\u00e9 une place essentielle dans la vie de la soci\u00e9t\u00e9 palestinienne.<\/span><\/span><\/p>\n<p align=\"LEFT\"><a href=\"https:\/\/ismfrance.org\/wp-content\/uploads\/2026\/09\/IMG_7114.jpg\"><img loading=\"lazy\" decoding=\"async\" class=\"alignnone size-large wp-image-31143\" src=\"https:\/\/ismfrance.org\/wp-content\/uploads\/2026\/09\/IMG_7114-700x467.jpg\" alt=\"\" width=\"600\" height=\"400\" srcset=\"https:\/\/ismfrance.org\/wp-content\/uploads\/2026\/09\/IMG_7114-700x467.jpg 700w, https:\/\/ismfrance.org\/wp-content\/uploads\/2026\/09\/IMG_7114-300x200.jpg 300w, https:\/\/ismfrance.org\/wp-content\/uploads\/2026\/09\/IMG_7114-768x512.jpg 768w, https:\/\/ismfrance.org\/wp-content\/uploads\/2026\/09\/IMG_7114-1536x1024.jpg 1536w, https:\/\/ismfrance.org\/wp-content\/uploads\/2026\/09\/IMG_7114-2048x1365.jpg 2048w\" sizes=\"auto, (max-width: 600px) 100vw, 600px\" \/><\/a><\/p>\n<p align=\"LEFT\"><strong><span style=\"font-family: Arial, sans-serif;\"><span style=\"font-size: medium;\">Un projet qui avance \u00e9tape par \u00e9tape<\/span><\/span><\/strong><\/p>\n<p align=\"LEFT\"><span style=\"font-family: Arial, sans-serif;\"><span style=\"font-size: medium;\">Ce qui a \u00e9t\u00e9 r\u00e9alis\u00e9 jusqu\u2019\u00e0 pr\u00e9sent repr\u00e9sente la premi\u00e8re \u00e9tape du projet de l\u2019UJFP. L\u2019\u00e9tape suivante comprendra la distribution de plants aux agriculteurs, suivie de la fourniture du nylon ou du plastique n\u00e9cessaire \u00e0 la r\u00e9paration des serres agricoles. Quant aux sorties p\u00e9dagogiques pour les enfants, elles se poursuivront parall\u00e8lement aux diff\u00e9rentes \u00e9tapes du projet, afin de leur permettre de suivre les diff\u00e9rentes phases de la culture et de les d\u00e9couvrir de mani\u00e8re pratique et directe.<\/span><\/span><\/p>\n<p align=\"LEFT\"><span style=\"font-family: Arial, sans-serif;\"><span style=\"font-size: medium;\">Cette initiative ne constitue pas une action isol\u00e9e du travail de l\u2019UJFP aupr\u00e8s des agriculteurs. L\u2019organisation continue de se tenir \u00e0 leurs c\u00f4t\u00e9s au cours des diff\u00e9rentes saisons agricoles et s\u2019efforce de fournir les intrants agricoles qui les aident \u00e0 poursuivre leur production, en particulier face aux nombreux d\u00e9fis auxquels le secteur agricole est aujourd\u2019hui confront\u00e9.<\/span><\/span><\/p>\n<p align=\"LEFT\"><span style=\"font-family: Arial, sans-serif;\"><span style=\"font-size: medium;\">\u00c0 Gaza, l\u2019agriculture est devenue bien plus qu\u2019une simple source de revenus. Elle est un moyen de r\u00e9silience, de pr\u00e9servation des moyens de subsistance et d\u2019attachement \u00e0 la terre. Avec chaque parcelle pr\u00e9par\u00e9e, chaque plant mis en terre et chaque enfant qui s\u2019approche du sol et d\u00e9couvre ses secrets, une nouvelle histoire de continuit\u00e9 commence.<\/span><\/span><\/p>\n<p align=\"LEFT\"><span style=\"font-family: Arial, sans-serif;\"><span style=\"font-size: medium;\"><strong>L\u2019UJFP a commenc\u00e9 par la premi\u00e8re \u00e9tape : labourer la terre. Les autres \u00e9tapes du projet suivront progressivement, avec pour objectif d\u2019aider les agriculteurs \u00e0 retrouver leur capacit\u00e9 \u00e0 cultiver et \u00e0 produire, tout en maintenant la terre au c\u0153ur de la vie d\u2019une nouvelle g\u00e9n\u00e9ration d\u2019enfants.\u00a0<\/strong><span style=\"font-family: Liberation Serif, serif;\"><b>\u00bb<\/b><\/span><\/span><\/span><\/p>\n<p align=\"LEFT\"><em><strong><span style=\"font-family: Arial, sans-serif;\"><span style=\"font-size: medium;\">Photos et vid\u00e9os <a href=\"https:\/\/drive.google.com\/drive\/folders\/10XKWoq4OF9NFu04XxhiEVxivHmQBX39N\">ICI<\/a>.<\/span><\/span><\/strong><\/em><\/p>\n<hr \/>\n<p align=\"LEFT\"><span style=\"color: #000000;\"><span style=\"font-family: Arial, sans-serif;\"><span style=\"font-size: medium;\"><strong><span style=\"font-family: Times New Roman, serif;\"><span style=\"font-size: small;\"><b>Retrouvez l\u2019ensemble des t\u00e9moignages d\u2019Abu Amir et Marsel :<\/b><\/span><\/span><\/strong><\/span><\/span><\/span><\/p>\n<pre class=\"western\"><span style=\"color: #000000;\"><span style=\"font-family: Times New Roman, serif;\"><span style=\"font-size: small;\">*<\/span><\/span><\/span><strong><span style=\"color: #000000;\"><span style=\"font-family: Times New Roman, serif;\"><span style=\"font-size: small;\"><b>Abu Amir Mutasem Ele\u00efwa<\/b><\/span><\/span><\/span><\/strong><span style=\"color: #000000;\"><span style=\"font-family: Times New Roman, serif;\"><span style=\"font-size: small;\"> est coordinateur des Projets paysans depuis 2016 au sud de la bande de Gaza et correspondant de l\u2019Union Juive Fran\u00e7aise pour la Paix.<\/span><\/span><\/span>\r\n<span style=\"color: #000000;\"><span style=\"font-family: Times New Roman, serif;\"><span style=\"font-size: small;\">*<\/span><\/span><\/span><strong><span style=\"color: #000000;\"><span style=\"font-family: Times New Roman, serif;\"><span style=\"font-size: small;\"><b>Marsel Alledawi<\/b><\/span><\/span><\/span><\/strong><span style=\"color: #000000;\"><span style=\"font-family: Times New Roman, serif;\"><span style=\"font-size: small;\"> est responsable du Centre Ibn Sina du nord de la bande de Gaza, centre qui se consacre au suivi \u00e9ducatif et psychologique de l\u2019enfance.<\/span><\/span><\/span>\r\n<span style=\"color: #000000;\"><span style=\"font-family: Times New Roman, serif;\"><span style=\"font-size: small;\">Tous les deux sont soutenus par l\u2019UJFP en France.<\/span><\/span><\/span><\/pre>\n<p align=\"JUSTIFY\"><strong><a href=\"https:\/\/ismfrance.org\/index.php\/2026\/01\/02\/temoignages-de-gazaouis-la-survie-qui-sorganise-au-jour-le-jour-dans-lenfer-de-gaza-partie-615-01-01-la-liberte-un-reve-differe-pour-les-habitants-de-ga\/\"><span style=\"color: #1982d1;\"><span style=\"font-family: Times New Roman, serif;\"><span style=\"font-size: small;\"><u><b>Partie 615<\/b><\/u><\/span><\/span><\/span><\/a><\/strong><strong><span style=\"color: #444444;\"><span style=\"font-family: Times New Roman, serif;\"><span style=\"font-size: small;\">\u00a0<\/span><\/span><\/span><\/strong><strong><span style=\"color: #444444;\"><span style=\"font-family: Times New Roman, serif;\"><span style=\"font-size: small;\"><b>: 1er janvier 2026.\u00a0<\/b><\/span><\/span><\/span><\/strong><strong><a href=\"https:\/\/ismfrance.org\/index.php\/2026\/01\/03\/temoignages-de-gazaouis-la-survie-qui-sorganise-au-jour-le-jour-dans-lenfer-de-gaza-partie-616-02-01-leau-contaminee-un-nouveau-risque-mortel\/\"><span style=\"color: #1982d1;\"><span style=\"font-family: Times New Roman, serif;\"><span style=\"font-size: small;\"><u><b>Partie 616<\/b><\/u><\/span><\/span><\/span><\/a><\/strong><strong><span style=\"color: #444444;\"><span style=\"font-family: Times New Roman, serif;\"><span style=\"font-size: small;\">\u00a0<\/span><\/span><\/span><\/strong><strong><span style=\"color: #444444;\"><span style=\"font-family: Times New Roman, serif;\"><span style=\"font-size: small;\"><b>: 2 janvier.\u00a0<\/b><\/span><\/span><\/span><\/strong><strong><a href=\"https:\/\/ismfrance.org\/index.php\/2026\/01\/05\/temoignages-de-gazaouis-la-survie-qui-sorganise-au-jour-le-jour-dans-lenfer-de-gaza-partie-617-04-01-avec-leducation-transformer-la-guerre-en-o\/\"><span style=\"color: #1982d1;\"><span style=\"font-family: Times New Roman, serif;\"><span style=\"font-size: small;\"><u><b>Partie 617<\/b><\/u><\/span><\/span><\/span><\/a><\/strong><strong><span style=\"color: #444444;\"><span style=\"font-family: Times New Roman, serif;\"><span style=\"font-size: small;\">\u00a0<\/span><\/span><\/span><\/strong><strong><span style=\"color: #444444;\"><span style=\"font-family: Times New Roman, serif;\"><span style=\"font-size: small;\"><b>: 4 janvier.\u00a0<\/b><\/span><\/span><\/span><\/strong><strong><a href=\"https:\/\/ismfrance.org\/index.php\/2026\/01\/06\/temoignages-de-gazaouis-la-survie-qui-sorganise-au-jour-le-jour-dans-lenfer-de-gaza-partie-618-05-01-un-plan-israelien-de-demantelement-methodique\/\"><span style=\"color: #1982d1;\"><span style=\"font-family: Times New Roman, serif;\"><span style=\"font-size: small;\"><u><b>Partie 618<\/b><\/u><\/span><\/span><\/span><\/a><\/strong><strong><span style=\"color: #444444;\"><span style=\"font-family: Times New Roman, serif;\"><span style=\"font-size: small;\">\u00a0<\/span><\/span><\/span><\/strong><strong><span style=\"color: #444444;\"><span style=\"font-family: Times New Roman, serif;\"><span style=\"font-size: small;\"><b>: 5 janvier.\u00a0<\/b><\/span><\/span><\/span><\/strong><strong><a href=\"https:\/\/ismfrance.org\/index.php\/2026\/01\/07\/temoignages-de-gazaouis-la-survie-qui-sorganise-au-jour-le-jour-dans-lenfer-de-gaza-partie-619-06-01-continuer-coute-que-coute-a-soutenir-la-population\/\"><span style=\"color: #1982d1;\"><span style=\"font-family: Times New Roman, serif;\"><span style=\"font-size: small;\"><u><b>Partie 619<\/b><\/u><\/span><\/span><\/span><\/a><\/strong><strong><span style=\"color: #444444;\"><span style=\"font-family: Times New Roman, serif;\"><span style=\"font-size: small;\">\u00a0<\/span><\/span><\/span><\/strong><strong><span style=\"color: #444444;\"><span style=\"font-family: Times New Roman, serif;\"><span style=\"font-size: small;\"><b>: 6 janvier.\u00a0<\/b><\/span><\/span><\/span><\/strong><strong><a href=\"https:\/\/ismfrance.org\/index.php\/2026\/01\/08\/temoignages-de-gazaouis-la-survie-qui-sorganise-au-jour-le-jour-dans-lenfer-de-gaza-partie-620-06-01-1-le-discours-cru-du-ministre-de-la-defense-israe\/\"><span style=\"color: #1982d1;\"><span style=\"font-family: Times New Roman, serif;\"><span style=\"font-size: small;\"><u><b>Partie 620<\/b><\/u><\/span><\/span><\/span><\/a><\/strong><strong><span style=\"color: #444444;\"><span style=\"font-family: Times New Roman, serif;\"><span style=\"font-size: small;\">\u00a0<\/span><\/span><\/span><\/strong><strong><span style=\"color: #444444;\"><span style=\"font-family: Times New Roman, serif;\"><span style=\"font-size: small;\"><b>: 6 janvier (1).\u00a0<\/b><\/span><\/span><\/span><\/strong><strong><a href=\"https:\/\/ismfrance.org\/index.php\/2026\/01\/08\/temoignages-de-gazaouis-la-survie-qui-sorganise-au-jour-le-jour-dans-lenfer-de-gaza-partie-621-07-01-comment-le-soutien-psychologique-peut-proteger-de-la\/\"><span style=\"color: #1982d1;\"><span style=\"font-family: Times New Roman, serif;\"><span style=\"font-size: small;\"><u><b>Partie 621<\/b><\/u><\/span><\/span><\/span><\/a><\/strong><strong><span style=\"color: #444444;\"><span style=\"font-family: Times New Roman, serif;\"><span style=\"font-size: small;\">\u00a0<\/span><\/span><\/span><\/strong><strong><span style=\"color: #444444;\"><span style=\"font-family: Times New Roman, serif;\"><span style=\"font-size: small;\"><b>: 7 janvier.\u00a0<\/b><\/span><\/span><\/span><\/strong><strong><a href=\"https:\/\/ismfrance.org\/index.php\/2026\/01\/09\/temoignages-de-gazaouis-la-survie-qui-sorganise-au-jour-le-jour-dans-lenfer-de-gaza-partie-622-08-01-entre-la-tente-et-lattente-redonner-une-c\/\"><span style=\"color: #1982d1;\"><span style=\"font-family: Times New Roman, serif;\"><span style=\"font-size: small;\"><u><b>Partie 622<\/b><\/u><\/span><\/span><\/span><\/a><\/strong><strong><span style=\"color: #444444;\"><span style=\"font-family: Times New Roman, serif;\"><span style=\"font-size: small;\">\u00a0<\/span><\/span><\/span><\/strong><strong><span style=\"color: #444444;\"><span style=\"font-family: Times New Roman, serif;\"><span style=\"font-size: small;\"><b>: 8 janvier.\u00a0<\/b><\/span><\/span><\/span><\/strong><strong><a href=\"https:\/\/ismfrance.org\/index.php\/2026\/01\/10\/26332\/\"><span style=\"color: #1982d1;\"><span style=\"font-family: Times New Roman, serif;\"><span style=\"font-size: small;\"><u><b>Partie 623<\/b><\/u><\/span><\/span><\/span><\/a><\/strong><strong><span style=\"color: #444444;\"><span style=\"font-family: Times New Roman, serif;\"><span style=\"font-size: small;\">\u00a0<\/span><\/span><\/span><\/strong><strong><span style=\"color: #444444;\"><span style=\"font-family: Times New Roman, serif;\"><span style=\"font-size: small;\"><b>: 9 janvier.\u00a0<\/b><\/span><\/span><\/span><\/strong><strong><a href=\"https:\/\/ismfrance.org\/index.php\/2026\/01\/11\/temoignages-de-gazaouis-la-survie-qui-sorganise-au-jour-le-jour-dans-lenfer-de-gaza-partie-624-09-01-1-violations-incessantes-funerailles-permanentes\/\"><span style=\"color: #1982d1;\"><span style=\"font-family: Times New Roman, serif;\"><span style=\"font-size: small;\"><u><b>Partie 624<\/b><\/u><\/span><\/span><\/span><\/a><\/strong><strong><span style=\"color: #444444;\"><span style=\"font-family: Times New Roman, serif;\"><span style=\"font-size: small;\">\u00a0<\/span><\/span><\/span><\/strong><strong><span style=\"color: #444444;\"><span style=\"font-family: Times New Roman, serif;\"><span style=\"font-size: small;\"><b>: 9 janvier (1).\u00a0<\/b><\/span><\/span><\/span><\/strong><strong><a href=\"https:\/\/ismfrance.org\/index.php\/2026\/01\/12\/26396\/\"><span style=\"color: #1982d1;\"><span style=\"font-family: Times New Roman, serif;\"><span style=\"font-size: small;\"><u><b>Partie 625<\/b><\/u><\/span><\/span><\/span><\/a><\/strong><strong><span style=\"color: #444444;\"><span style=\"font-family: Times New Roman, serif;\"><span style=\"font-size: small;\">\u00a0<\/span><\/span><\/span><\/strong><strong><span style=\"color: #444444;\"><span style=\"font-family: Times New Roman, serif;\"><span style=\"font-size: small;\"><b>: 10 janvier.\u00a0<\/b><\/span><\/span><\/span><\/strong><strong><a href=\"https:\/\/ismfrance.org\/index.php\/2026\/01\/12\/temoignages-de-gazaouis-la-survie-qui-sorganise-au-jour-le-jour-dans-lenfer-de-gaza-partie-626-11-01-role-des-centres-educatifs-et-de-lecole\/\"><span style=\"color: #1982d1;\"><span style=\"font-family: Times New Roman, serif;\"><span style=\"font-size: small;\"><u><b>Partie 626<\/b><\/u><\/span><\/span><\/span><\/a><\/strong><strong><span style=\"color: #444444;\"><span style=\"font-family: Times New Roman, serif;\"><span style=\"font-size: small;\">\u00a0<\/span><\/span><\/span><\/strong><strong><span style=\"color: #444444;\"><span style=\"font-family: Times New Roman, serif;\"><span style=\"font-size: small;\"><b>: 11 janvier.\u00a0<\/b><\/span><\/span><\/span><\/strong><strong><a href=\"https:\/\/ismfrance.org\/index.php\/2026\/01\/13\/temoignages-de-gazaouis-la-survie-qui-sorganise-au-jour-le-jour-dans-lenfer-de-gaza-partie-627-13-01-gaza-encore-au-coeur-dune-tempete-meteorolo\/\"><span style=\"color: #1982d1;\"><span style=\"font-family: Times New Roman, serif;\"><span style=\"font-size: small;\"><u><b>Partie 627<\/b><\/u><\/span><\/span><\/span><\/a><\/strong><strong><span style=\"color: #444444;\"><span style=\"font-family: Times New Roman, serif;\"><span style=\"font-size: small;\">\u00a0<\/span><\/span><\/span><\/strong><strong><span style=\"color: #444444;\"><span style=\"font-family: Times New Roman, serif;\"><span style=\"font-size: small;\"><b>: 13 janvier.\u00a0<\/b><\/span><\/span><\/span><\/strong><strong><a href=\"https:\/\/ismfrance.org\/index.php\/2026\/01\/16\/temoignages-de-gazaouis-la-survie-qui-sorganise-au-jour-le-jour-dans-lenfer-de-gaza-partie-628-14-01-une-crise-de-panique-des-interets-europeens\/\"><span style=\"color: #1982d1;\"><span style=\"font-family: Times New Roman, serif;\"><span style=\"font-size: small;\"><u><b>Partie 628<\/b><\/u><\/span><\/span><\/span><\/a><\/strong><strong><span style=\"color: #444444;\"><span style=\"font-family: Times New Roman, serif;\"><span style=\"font-size: small;\">\u00a0<\/span><\/span><\/span><\/strong><strong><span style=\"color: #444444;\"><span style=\"font-family: Times New Roman, serif;\"><span style=\"font-size: small;\"><b>: 14 janvier.\u00a0<\/b><\/span><\/span><\/span><\/strong><strong><a href=\"https:\/\/ismfrance.org\/index.php\/2026\/01\/18\/temoignages-de-gazaouis-la-survie-qui-sorganise-au-jour-le-jour-dans-lenfer-de-gaza-partie-629-17-01-un-atelier-pour-sauver-les-meres-et-leurs-enfants-au\/\"><span style=\"color: #1982d1;\"><span style=\"font-family: Times New Roman, serif;\"><span style=\"font-size: small;\"><u><b>Partie 629<\/b><\/u><\/span><\/span><\/span><\/a><\/strong><strong><span style=\"color: #444444;\"><span style=\"font-family: Times New Roman, serif;\"><span style=\"font-size: small;\">\u00a0<\/span><\/span><\/span><\/strong><strong><span style=\"color: #444444;\"><span style=\"font-family: Times New Roman, serif;\"><span style=\"font-size: small;\"><b>: 17 janvier.\u00a0<\/b><\/span><\/span><\/span><\/strong><strong><a href=\"https:\/\/ismfrance.org\/index.php\/2026\/01\/19\/temoignages-de-gazaouis-la-survie-qui-sorganise-au-jour-le-jour-dans-lenfer-de-gaza-partie-630-18-01-la-deuxieme-phase-du-cessez-le-feu-a-la-reingenier\/\"><span style=\"color: #1982d1;\"><span style=\"font-family: Times New Roman, serif;\"><span style=\"font-size: small;\"><u><b>Partie 630<\/b><\/u><\/span><\/span><\/span><\/a><\/strong><strong><span style=\"color: #444444;\"><span style=\"font-family: Times New Roman, serif;\"><span style=\"font-size: small;\">\u00a0<\/span><\/span><\/span><\/strong><strong><span style=\"color: #444444;\"><span style=\"font-family: Times New Roman, serif;\"><span style=\"font-size: small;\"><b>: 18 janvier.\u00a0<\/b><\/span><\/span><\/span><\/strong><strong><a href=\"https:\/\/ismfrance.org\/index.php\/2026\/01\/20\/temoignages-de-gazaouis-la-survie-qui-sorganise-au-jour-le-jour-dans-lenfer-de-gaza-partie-631-19-01-quand-la-voix-devient-une-patrie\/\"><span style=\"color: #1982d1;\"><span style=\"font-family: Times New Roman, serif;\"><span style=\"font-size: small;\"><u><b>Partie 631<\/b><\/u><\/span><\/span><\/span><\/a><\/strong><strong><span style=\"color: #444444;\"><span style=\"font-family: Times New Roman, serif;\"><span style=\"font-size: small;\">\u00a0<\/span><\/span><\/span><\/strong><strong><span style=\"color: #444444;\"><span style=\"font-family: Times New Roman, serif;\"><span style=\"font-size: small;\"><b>: 19 janvier.\u00a0<\/b><\/span><\/span><\/span><\/strong><strong><a href=\"https:\/\/ismfrance.org\/index.php\/2026\/01\/21\/temoignages-de-gazaouis-la-survie-qui-sorganise-au-jour-le-jour-dans-lenfer-de-gaza-partie-632-19-01-1-les-dechets-accumules-une-bombe-sanitaire-a-ret\/\"><span style=\"color: #1982d1;\"><span style=\"font-family: Times New Roman, serif;\"><span style=\"font-size: small;\"><u><b>Partie 632<\/b><\/u><\/span><\/span><\/span><\/a><\/strong><strong><span style=\"color: #444444;\"><span style=\"font-family: Times New Roman, serif;\"><span style=\"font-size: small;\">\u00a0<\/span><\/span><\/span><\/strong><strong><span style=\"color: #444444;\"><span style=\"font-family: Times New Roman, serif;\"><span style=\"font-size: small;\"><b>: 19 janvier (1).\u00a0<\/b><\/span><\/span><\/span><\/strong><strong><a href=\"https:\/\/ismfrance.org\/index.php\/2026\/01\/22\/temoignages-de-gazaouis-la-survie-qui-sorganise-au-jour-le-jour-dans-lenfer-de-gaza-partie-633-21-01-fabriquer-des-raisons-de-vivre\/\"><span style=\"color: #1982d1;\"><span style=\"font-family: Times New Roman, serif;\"><span style=\"font-size: small;\"><u><b>Partie 633<\/b><\/u><\/span><\/span><\/span><\/a><\/strong><strong><span style=\"color: #444444;\"><span style=\"font-family: Times New Roman, serif;\"><span style=\"font-size: small;\">\u00a0<\/span><\/span><\/span><\/strong><strong><span style=\"color: #444444;\"><span style=\"font-family: Times New Roman, serif;\"><span style=\"font-size: small;\"><b>: 20 janvier.\u00a0<\/b><\/span><\/span><\/span><\/strong><strong><a href=\"https:\/\/ismfrance.org\/index.php\/2026\/01\/23\/26710\/\"><span style=\"color: #1982d1;\"><span style=\"font-family: Times New Roman, serif;\"><span style=\"font-size: small;\"><u><b>Partie 634<\/b><\/u><\/span><\/span><\/span><\/a><\/strong><strong><span style=\"color: #444444;\"><span style=\"font-family: Times New Roman, serif;\"><span style=\"font-size: small;\">\u00a0<\/span><\/span><\/span><\/strong><strong><span style=\"color: #444444;\"><span style=\"font-family: Times New Roman, serif;\"><span style=\"font-size: small;\"><b>: 23 janvier.\u00a0<\/b><\/span><\/span><\/span><\/strong><strong><a href=\"https:\/\/ismfrance.org\/index.php\/2026\/01\/24\/temoignages-de-gazaouis-la-survie-qui-sorganise-au-jour-le-jour-dans-lenfer-de-gaza-partie-635-23-01-1-la-bataille-de-la-survie-dans-les-champs\/\"><span style=\"color: #1982d1;\"><span style=\"font-family: Times New Roman, serif;\"><span style=\"font-size: small;\"><u><b>Partie 635<\/b><\/u><\/span><\/span><\/span><\/a><\/strong><strong><span style=\"color: #444444;\"><span style=\"font-family: Times New Roman, serif;\"><span style=\"font-size: small;\">\u00a0<\/span><\/span><\/span><\/strong><strong><span style=\"color: #444444;\"><span style=\"font-family: Times New Roman, serif;\"><span style=\"font-size: small;\"><b>: 23 janvier (1).\u00a0<\/b><\/span><\/span><\/span><\/strong><strong><a href=\"https:\/\/ismfrance.org\/index.php\/2026\/01\/25\/temoignages-de-gazaouis-la-survie-qui-sorganise-au-jour-le-jour-dans-lenfer-de-gaza-partie-636-24-01-gaza-aux-encheres-politiques-ouvertes\/\"><span style=\"color: #1982d1;\"><span style=\"font-family: Times New Roman, serif;\"><span style=\"font-size: small;\"><u><b>Partie 636<\/b><\/u><\/span><\/span><\/span><\/a><\/strong><strong><span style=\"color: #444444;\"><span style=\"font-family: Times New Roman, serif;\"><span style=\"font-size: small;\">\u00a0<\/span><\/span><\/span><\/strong><strong><span style=\"color: #444444;\"><span style=\"font-family: Times New Roman, serif;\"><span style=\"font-size: small;\"><b>: 24 janvier.\u00a0<\/b><\/span><\/span><\/span><\/strong><strong><a href=\"https:\/\/ismfrance.org\/index.php\/2026\/01\/27\/temoignages-de-gazaouis-la-survie-qui-sorganise-au-jour-le-jour-dans-lenfer-de-gaza-partie-637-26-01-quand-la-vie-devient-un-combat-quotidien-pour-la-dig\/\"><span style=\"color: #1982d1;\"><span style=\"font-family: Times New Roman, serif;\"><span style=\"font-size: small;\"><u><b>Partie 637<\/b><\/u><\/span><\/span><\/span><\/a><\/strong><strong><span style=\"color: #444444;\"><span style=\"font-family: Times New Roman, serif;\"><span style=\"font-size: small;\">\u00a0<\/span><\/span><\/span><\/strong><strong><span style=\"color: #444444;\"><span style=\"font-family: Times New Roman, serif;\"><span style=\"font-size: small;\"><b>: 26 janvier.\u00a0<\/b><\/span><\/span><\/span><\/strong><strong><a href=\"https:\/\/ismfrance.org\/index.php\/2026\/01\/28\/temoignages-de-gazaouis-la-survie-qui-sorganise-au-jour-le-jour-dans-lenfer-de-gaza-partie-638-27-01-propagation-dun-virus-respiratoire\/\"><span style=\"color: #1982d1;\"><span style=\"font-family: Times New Roman, serif;\"><span style=\"font-size: small;\"><u><b>Partie 638<\/b><\/u><\/span><\/span><\/span><\/a><\/strong><strong><span style=\"color: #444444;\"><span style=\"font-family: Times New Roman, serif;\"><span style=\"font-size: small;\">\u00a0<\/span><\/span><\/span><\/strong><strong><span style=\"color: #444444;\"><span style=\"font-family: Times New Roman, serif;\"><span style=\"font-size: small;\"><b>: 27 janvier.\u00a0<\/b><\/span><\/span><\/span><\/strong><strong><a href=\"https:\/\/ismfrance.org\/index.php\/2026\/01\/29\/temoignages-de-gazaouis-la-survie-qui-sorganise-au-jour-le-jour-dans-lenfer-de-gaza-partie-639-28-01-un-hiver-au-chaud-des-manteaux-pour-les-enfants\/\"><span style=\"color: #1982d1;\"><span style=\"font-family: Times New Roman, serif;\"><span style=\"font-size: small;\"><u><b>Partie 639<\/b><\/u><\/span><\/span><\/span><\/a><\/strong><strong><span style=\"color: #444444;\"><span style=\"font-family: Times New Roman, serif;\"><span style=\"font-size: small;\">\u00a0<\/span><\/span><\/span><\/strong><strong><span style=\"color: #444444;\"><span style=\"font-family: Times New Roman, serif;\"><span style=\"font-size: small;\"><b>: 28 janvier 2026.\u00a0<\/b><\/span><\/span><\/span><\/strong><strong><a href=\"https:\/\/ismfrance.org\/index.php\/2026\/02\/01\/temoignages-de-gazaouis-la-survie-qui-sorganise-au-jour-le-jour-dans-lenfer-de-gaza-partie-640-31-01-laction-humanitaire-quotidienne-une-lutte\/\"><span style=\"color: #1982d1;\"><span style=\"font-family: Times New Roman, serif;\"><span style=\"font-size: small;\"><u><b>Partie 640<\/b><\/u><\/span><\/span><\/span><\/a><\/strong><strong><span style=\"color: #444444;\"><span style=\"font-family: Times New Roman, serif;\"><span style=\"font-size: small;\">\u00a0<\/span><\/span><\/span><\/strong><strong><span style=\"color: #444444;\"><span style=\"font-family: Times New Roman, serif;\"><span style=\"font-size: small;\"><b>: 31 janvier 2026.\u00a0<\/b><\/span><\/span><\/span><\/strong><strong><a href=\"https:\/\/ismfrance.org\/index.php\/2026\/02\/02\/temoignages-de-gazaouis-la-survie-qui-sorganise-au-jour-le-jour-dans-lenfer-de-gaza-partie-641-01-02-entre-le-feu-du-present-et-les-projets-de-laveni\/\"><span style=\"color: #1982d1;\"><span style=\"font-family: Times New Roman, serif;\"><span style=\"font-size: small;\"><u><b>Partie 641<\/b><\/u><\/span><\/span><\/span><\/a><\/strong><strong><span style=\"color: #444444;\"><span style=\"font-family: Times New Roman, serif;\"><span style=\"font-size: small;\">\u00a0<\/span><\/span><\/span><\/strong><strong><span style=\"color: #444444;\"><span style=\"font-family: Times New Roman, serif;\"><span style=\"font-size: small;\"><b>: 1er f\u00e9vrier.\u00a0<\/b><\/span><\/span><\/span><\/strong><strong><a href=\"https:\/\/ismfrance.org\/index.php\/2026\/02\/03\/temoignages-de-gazaouis-la-survie-qui-sorganise-au-jour-le-jour-dans-lenfer-de-gaza-partie-642-02-02-la-femme-retrouve-sa-presence-quand-elle-retrouve-sa\/\"><span style=\"color: #1982d1;\"><span style=\"font-family: Times New Roman, serif;\"><span style=\"font-size: small;\"><u><b>Partie 642<\/b><\/u><\/span><\/span><\/span><\/a><\/strong><strong><span style=\"color: #444444;\"><span style=\"font-family: Times New Roman, serif;\"><span style=\"font-size: small;\">\u00a0<\/span><\/span><\/span><\/strong><strong><span style=\"color: #444444;\"><span style=\"font-family: Times New Roman, serif;\"><span style=\"font-size: small;\"><b>: 2 f\u00e9vrier.\u00a0<\/b><\/span><\/span><\/span><\/strong><strong><a href=\"https:\/\/ismfrance.org\/index.php\/2026\/02\/04\/temoignages-de-gazaouis-la-survie-qui-sorganise-au-jour-le-jour-dans-lenfer-de-gaza-partie-643-03-02-dans-les-camps-assurer-un-hiver-au-chaud\/\"><span style=\"color: #1982d1;\"><span style=\"font-family: Times New Roman, serif;\"><span style=\"font-size: small;\"><u><b>Partie 643<\/b><\/u><\/span><\/span><\/span><\/a><\/strong><strong><span style=\"color: #444444;\"><span style=\"font-family: Times New Roman, serif;\"><span style=\"font-size: small;\">\u00a0<\/span><\/span><\/span><\/strong><strong><span style=\"color: #444444;\"><span style=\"font-family: Times New Roman, serif;\"><span style=\"font-size: small;\"><b>: 3 f\u00e9vrier.\u00a0<\/b><\/span><\/span><\/span><\/strong><strong><a href=\"https:\/\/ismfrance.org\/index.php\/2026\/02\/05\/temoignages-de-gazaouis-la-survie-qui-sorganise-au-jour-le-jour-dans-lenfer-de-gaza-partie-643-04-02-rafah-la-porte-du-retour-alourdie-par-lopp\/\"><span style=\"color: #1982d1;\"><span style=\"font-family: Times New Roman, serif;\"><span style=\"font-size: small;\"><u><b>Partie 643<\/b><\/u><\/span><\/span><\/span><\/a><\/strong><strong><span style=\"color: #444444;\"><span style=\"font-family: Times New Roman, serif;\"><span style=\"font-size: small;\">\u00a0<\/span><\/span><\/span><\/strong><strong><span style=\"color: #444444;\"><span style=\"font-family: Times New Roman, serif;\"><span style=\"font-size: small;\"><b>: 4 f\u00e9vrier.\u00a0<\/b><\/span><\/span><\/span><\/strong><strong><a href=\"https:\/\/ismfrance.org\/index.php\/2026\/02\/08\/temoignages-de-gazaouis-la-survie-qui-sorganise-au-jour-le-jour-dans-lenfer-de-gaza-partie-644-6-7-02-des-femmes-partagent-le-fardeau-pour-rester-debou\/\"><span style=\"color: #1982d1;\"><span style=\"font-family: Times New Roman, serif;\"><span style=\"font-size: small;\"><u><b>Partie 644<\/b><\/u><\/span><\/span><\/span><\/a><\/strong><strong><span style=\"color: #444444;\"><span style=\"font-family: Times New Roman, serif;\"><span style=\"font-size: small;\">\u00a0<\/span><\/span><\/span><\/strong><strong><span style=\"color: #444444;\"><span style=\"font-family: Times New Roman, serif;\"><span style=\"font-size: small;\"><b>: 6 &amp; 7 f\u00e9vrier.\u00a0<\/b><\/span><\/span><\/span><\/strong><strong><a href=\"https:\/\/ismfrance.org\/index.php\/2026\/02\/09\/temoignages-de-gazaouis-la-survie-qui-sorganise-au-jour-le-jour-dans-lenfer-de-gaza-partie-645-8-02-se-tenir-au-plus-pres-des-agriculteurs\/\"><span style=\"color: #1982d1;\"><span style=\"font-family: Times New Roman, serif;\"><span style=\"font-size: small;\"><u><b>Partie 645<\/b><\/u><\/span><\/span><\/span><\/a><\/strong><strong><span style=\"color: #444444;\"><span style=\"font-family: Times New Roman, serif;\"><span style=\"font-size: small;\">\u00a0<\/span><\/span><\/span><\/strong><strong><span style=\"color: #444444;\"><span style=\"font-family: Times New Roman, serif;\"><span style=\"font-size: small;\"><b>: 8 f\u00e9vrier.\u00a0<\/b><\/span><\/span><\/span><\/strong><strong><a href=\"https:\/\/ismfrance.org\/index.php\/2026\/02\/11\/27118\/\"><span style=\"color: #1982d1;\"><span style=\"font-family: Times New Roman, serif;\"><span style=\"font-size: small;\"><u><b>Partie 646<\/b><\/u><\/span><\/span><\/span><\/a><\/strong><strong><span style=\"color: #444444;\"><span style=\"font-family: Times New Roman, serif;\"><span style=\"font-size: small;\">\u00a0<\/span><\/span><\/span><\/strong><strong><span style=\"color: #444444;\"><span style=\"font-family: Times New Roman, serif;\"><span style=\"font-size: small;\"><b>: 9 f\u00e9vrier.\u00a0<\/b><\/span><\/span><\/span><\/strong><strong><a href=\"https:\/\/ismfrance.org\/index.php\/2026\/02\/12\/temoignages-de-gazaouis-la-survie-qui-sorganise-au-jour-le-jour-dans-lenfer-de-gaza-partie-647-11-02-une-image-falsifiee-et-une-realite-occupee\/\"><span style=\"color: #1982d1;\"><span style=\"font-family: Times New Roman, serif;\"><span style=\"font-size: small;\"><u><b>Partie 647<\/b><\/u><\/span><\/span><\/span><\/a><\/strong><strong><span style=\"color: #444444;\"><span style=\"font-family: Times New Roman, serif;\"><span style=\"font-size: small;\">\u00a0<\/span><\/span><\/span><\/strong><strong><span style=\"color: #444444;\"><span style=\"font-family: Times New Roman, serif;\"><span style=\"font-size: small;\"><b>: 11 f\u00e9vrier.\u00a0<\/b><\/span><\/span><\/span><\/strong><strong><a href=\"https:\/\/ismfrance.org\/index.php\/2026\/02\/15\/temoignages-de-gazaouis-la-survie-qui-sorganise-au-jour-le-jour-dans-lenfer-de-gaza-partie-648-14-02-renforcer-la-resistance-psychologique-et-les-competences\/\"><span style=\"color: #1982d1;\"><span style=\"font-family: Times New Roman, serif;\"><span style=\"font-size: small;\"><u><b>Partie 648<\/b><\/u><\/span><\/span><\/span><\/a><\/strong><strong><span style=\"color: #444444;\"><span style=\"font-family: Times New Roman, serif;\"><span style=\"font-size: small;\">\u00a0<\/span><\/span><\/span><\/strong><strong><span style=\"color: #444444;\"><span style=\"font-family: Times New Roman, serif;\"><span style=\"font-size: small;\"><b>: 14 f\u00e9vrier.\u00a0<\/b><\/span><\/span><\/span><\/strong><strong><a href=\"https:\/\/ismfrance.org\/index.php\/2026\/02\/16\/temoignages-de-gazaouis-la-survie-qui-sorganise-au-jour-le-jour-dans-lenfer-de-gaza-partie-649-15-02-la-realite-de-la-vie-quotidienne-pour-bien-comprendr\/\"><span style=\"color: #1982d1;\"><span style=\"font-family: Times New Roman, serif;\"><span style=\"font-size: small;\"><u><b>Partie 649<\/b><\/u><\/span><\/span><\/span><\/a><\/strong><strong><span style=\"color: #444444;\"><span style=\"font-family: Times New Roman, serif;\"><span style=\"font-size: small;\">\u00a0<\/span><\/span><\/span><\/strong><strong><span style=\"color: #444444;\"><span style=\"font-family: Times New Roman, serif;\"><span style=\"font-size: small;\"><b>: 15 f\u00e9vrier.\u00a0<\/b><\/span><\/span><\/span><\/strong><strong><a href=\"https:\/\/ismfrance.org\/index.php\/2026\/02\/18\/temoignages-de-gazaouis-la-survie-qui-sorganise-au-jour-le-jour-dans-lenfer-de-gaza-partie-650-16-02-entre-les-tentes-et-les-cahiers\/\"><span style=\"color: #1982d1;\"><span style=\"font-family: Times New Roman, serif;\"><span style=\"font-size: small;\"><u><b>Partie 650<\/b><\/u><\/span><\/span><\/span><\/a><\/strong><strong><span style=\"color: #444444;\"><span style=\"font-family: Times New Roman, serif;\"><span style=\"font-size: small;\">\u00a0<\/span><\/span><\/span><\/strong><strong><span style=\"color: #444444;\"><span style=\"font-family: Times New Roman, serif;\"><span style=\"font-size: small;\"><b>: 16 f\u00e9vrier.\u00a0<\/b><\/span><\/span><\/span><\/strong><strong><a href=\"https:\/\/ismfrance.org\/index.php\/2026\/02\/18\/temoignages-de-gazaouis-la-survie-qui-sorganise-au-jour-le-jour-dans-lenfer-de-gaza-partie-651-17-02-la-realite-de-la-bande-de-gaza-dans-son-environnemen\/\"><span style=\"color: #1982d1;\"><span style=\"font-family: Times New Roman, serif;\"><span style=\"font-size: small;\"><u><b>Partie 651<\/b><\/u><\/span><\/span><\/span><\/a><\/strong><strong><span style=\"color: #444444;\"><span style=\"font-family: Times New Roman, serif;\"><span style=\"font-size: small;\">\u00a0<\/span><\/span><\/span><\/strong><strong><span style=\"color: #444444;\"><span style=\"font-family: Times New Roman, serif;\"><span style=\"font-size: small;\"><b>: 17 f\u00e9vrier.\u00a0<\/b><\/span><\/span><\/span><\/strong><strong><a href=\"https:\/\/ismfrance.org\/index.php\/2026\/02\/18\/temoignages-de-gazaouis-la-survie-qui-sorganise-au-jour-le-jour-dans-lenfer-de-gaza-partie-652-17-02-1-continuite-de-linitiative-un-hiver-au-c\/\"><span style=\"color: #1982d1;\"><span style=\"font-family: Times New Roman, serif;\"><span style=\"font-size: small;\"><u><b>Partie 652<\/b><\/u><\/span><\/span><\/span><\/a><\/strong><strong><span style=\"color: #444444;\"><span style=\"font-family: Times New Roman, serif;\"><span style=\"font-size: small;\">\u00a0<\/span><\/span><\/span><\/strong><strong><span style=\"color: #444444;\"><span style=\"font-family: Times New Roman, serif;\"><span style=\"font-size: small;\"><b>: 17 f\u00e9vrier (1).\u00a0<\/b><\/span><\/span><\/span><\/strong><strong><a href=\"https:\/\/ismfrance.org\/index.php\/2026\/02\/20\/temoignages-de-gazaouis-la-survie-qui-sorganise-au-jour-le-jour-dans-lenfer-de-gaza-partie-653-19-02-pour-gaza-la-justice-internationale-est-selective\/\"><span style=\"color: #1982d1;\"><span style=\"font-family: Times New Roman, serif;\"><span style=\"font-size: small;\"><u><b>Partie 653<\/b><\/u><\/span><\/span><\/span><\/a><\/strong><strong><span style=\"color: #444444;\"><span style=\"font-family: Times New Roman, serif;\"><span style=\"font-size: small;\">\u00a0<\/span><\/span><\/span><\/strong><strong><span style=\"color: #444444;\"><span style=\"font-family: Times New Roman, serif;\"><span style=\"font-size: small;\"><b>: 19 f\u00e9vrier.\u00a0<\/b><\/span><\/span><\/span><\/strong><strong><a href=\"https:\/\/ismfrance.org\/index.php\/2026\/02\/21\/temoignages-de-gazaouis-la-survie-qui-sorganise-au-jour-le-jour-dans-lenfer-de-gaza-partie-654-20-02-vivre-le-ramadan-comme-un-espace-de-force\/\"><span style=\"color: #1982d1;\"><span style=\"font-family: Times New Roman, serif;\"><span style=\"font-size: small;\"><u><b>Partie 654<\/b><\/u><\/span><\/span><\/span><\/a><\/strong><strong><span style=\"color: #444444;\"><span style=\"font-family: Times New Roman, serif;\"><span style=\"font-size: small;\">\u00a0<\/span><\/span><\/span><\/strong><strong><span style=\"color: #444444;\"><span style=\"font-family: Times New Roman, serif;\"><span style=\"font-size: small;\"><b>: 20 f\u00e9vrier.\u00a0<\/b><\/span><\/span><\/span><\/strong><strong><a href=\"https:\/\/ismfrance.org\/index.php\/2026\/02\/22\/temoignages-de-gazaouis-la-survie-qui-sorganise-au-jour-le-jour-dans-lenfer-de-gaza-partie-655-21-02-laide-humanitaire-un-choix-politique-pour\/\"><span style=\"color: #1982d1;\"><span style=\"font-family: Times New Roman, serif;\"><span style=\"font-size: small;\"><u><b>Partie 655<\/b><\/u><\/span><\/span><\/span><\/a><\/strong><strong><span style=\"color: #444444;\"><span style=\"font-family: Times New Roman, serif;\"><span style=\"font-size: small;\">\u00a0<\/span><\/span><\/span><\/strong><strong><span style=\"color: #444444;\"><span style=\"font-family: Times New Roman, serif;\"><span style=\"font-size: small;\"><b>: 21 f\u00e9vrier.\u00a0<\/b><\/span><\/span><\/span><\/strong><strong><a href=\"https:\/\/ismfrance.org\/index.php\/2026\/02\/24\/temoignages-de-gazaouis-la-survie-qui-sorganise-au-jour-le-jour-dans-lenfer-de-gaza-partie-656-23-02-dans-une-tente-dressee-sur-le-sable-pendant-le-ramad\/\"><span style=\"color: #1982d1;\"><span style=\"font-family: Times New Roman, serif;\"><span style=\"font-size: small;\"><u><b>Partie 656<\/b><\/u><\/span><\/span><\/span><\/a><\/strong><strong><span style=\"color: #444444;\"><span style=\"font-family: Times New Roman, serif;\"><span style=\"font-size: small;\">\u00a0<\/span><\/span><\/span><\/strong><strong><span style=\"color: #444444;\"><span style=\"font-family: Times New Roman, serif;\"><span style=\"font-size: small;\"><b>: 23 f\u00e9vrier.\u00a0<\/b><\/span><\/span><\/span><\/strong><strong><a href=\"https:\/\/ismfrance.org\/index.php\/2026\/02\/26\/temoignages-de-gazaouis-la-survie-qui-sorganise-au-jour-le-jour-dans-lenfer-de-gaza-partie-657-24-02-leducation-comme-un-outil-de-resistance-a-l\/\"><span style=\"color: #1982d1;\"><span style=\"font-family: Times New Roman, serif;\"><span style=\"font-size: small;\"><u><b>Partie 657<\/b><\/u><\/span><\/span><\/span><\/a><\/strong><strong><span style=\"color: #444444;\"><span style=\"font-family: Times New Roman, serif;\"><span style=\"font-size: small;\">\u00a0<\/span><\/span><\/span><\/strong><strong><span style=\"color: #444444;\"><span style=\"font-family: Times New Roman, serif;\"><span style=\"font-size: small;\"><b>: 24 f\u00e9vrier.\u00a0<\/b><\/span><\/span><\/span><\/strong><strong><a href=\"https:\/\/ismfrance.org\/index.php\/2026\/02\/27\/temoignages-de-gazaouis-la-survie-qui-sorganise-au-jour-le-jour-dans-lenfer-de-gaza-partie-658-25-02-la-democratie-du-bulldozer\/\"><span style=\"color: #1982d1;\"><span style=\"font-family: Times New Roman, serif;\"><span style=\"font-size: small;\"><u><b>Partie 658<\/b><\/u><\/span><\/span><\/span><\/a><\/strong><strong><span style=\"color: #444444;\"><span style=\"font-family: Times New Roman, serif;\"><span style=\"font-size: small;\">\u00a0<\/span><\/span><\/span><\/strong><strong><span style=\"color: #444444;\"><span style=\"font-family: Times New Roman, serif;\"><span style=\"font-size: small;\"><b>: 25 f\u00e9vrier.\u00a0<\/b><\/span><\/span><\/span><\/strong><strong><a href=\"https:\/\/ismfrance.org\/index.php\/2026\/02\/27\/temoignages-de-gazaouis-la-survie-qui-sorganise-au-jour-le-jour-dans-lenfer-de-gaza-partie-659-26-02-quelle-boussole-ethique-pour-les-etats-occidentaux\/\"><span style=\"color: #1982d1;\"><span style=\"font-family: Times New Roman, serif;\"><span style=\"font-size: small;\"><u><b>Partie 659<\/b><\/u><\/span><\/span><\/span><\/a><\/strong><strong><span style=\"color: #444444;\"><span style=\"font-family: Times New Roman, serif;\"><span style=\"font-size: small;\">\u00a0<\/span><\/span><\/span><\/strong><strong><span style=\"color: #444444;\"><span style=\"font-family: Times New Roman, serif;\"><span style=\"font-size: small;\"><b>: 26 f\u00e9vrier.\u00a0<\/b><\/span><\/span><\/span><\/strong><strong><a href=\"https:\/\/ismfrance.org\/index.php\/2026\/03\/01\/temoignages-de-gazaouis-la-survie-qui-sorganise-au-jour-le-jour-dans-lenfer-de-gaza-partie-660-28-02-le-travail-humanitaire-un-droit-a-la-vie\/\"><span style=\"color: #1982d1;\"><span style=\"font-family: Times New Roman, serif;\"><span style=\"font-size: small;\"><u><b>Partie 660<\/b><\/u><\/span><\/span><\/span><\/a><\/strong><strong><span style=\"color: #444444;\"><span style=\"font-family: Times New Roman, serif;\"><span style=\"font-size: small;\">\u00a0<\/span><\/span><\/span><\/strong><strong><span style=\"color: #444444;\"><span style=\"font-family: Times New Roman, serif;\"><span style=\"font-size: small;\"><b>: 28 f\u00e9vrier.\u00a0<\/b><\/span><\/span><\/span><\/strong><strong><a href=\"https:\/\/ismfrance.org\/index.php\/2026\/03\/02\/temoignages-de-gazaouis-la-survie-qui-sorganise-au-jour-le-jour-dans-lenfer-de-gaza-partie-661-01-03-un-espace-et-un-temps-pour-reprendre-son-souffle\/\"><span style=\"color: #1982d1;\"><span style=\"font-family: Times New Roman, serif;\"><span style=\"font-size: small;\"><u><b>Partie 661<\/b><\/u><\/span><\/span><\/span><\/a><\/strong><strong><span style=\"color: #444444;\"><span style=\"font-family: Times New Roman, serif;\"><span style=\"font-size: small;\">\u00a0<\/span><\/span><\/span><\/strong><strong><span style=\"color: #444444;\"><span style=\"font-family: Times New Roman, serif;\"><span style=\"font-size: small;\"><b>: 1er mars.\u00a0<\/b><\/span><\/span><\/span><\/strong><strong><a href=\"https:\/\/ismfrance.org\/index.php\/2026\/03\/03\/temoignages-de-gazaouis-la-survie-qui-sorganise-au-jour-le-jour-dans-lenfer-de-gaza-partie-662-02-03-ramadan-les-femmes-fabriquent-la-securite-au-coeur\/\"><span style=\"color: #1982d1;\"><span style=\"font-family: Times New Roman, serif;\"><span style=\"font-size: small;\"><u><b>Partie 662<\/b><\/u><\/span><\/span><\/span><\/a><\/strong><strong><span style=\"color: #444444;\"><span style=\"font-family: Times New Roman, serif;\"><span style=\"font-size: small;\">\u00a0<\/span><\/span><\/span><\/strong><strong><span style=\"color: #444444;\"><span style=\"font-family: Times New Roman, serif;\"><span style=\"font-size: small;\"><b>: 2 mars.\u00a0<\/b><\/span><\/span><\/span><\/strong><strong><a href=\"https:\/\/ismfrance.org\/index.php\/2026\/03\/04\/temoignages-de-gazaouis-la-survie-qui-sorganise-au-jour-le-jour-dans-lenfer-de-gaza-partie-663-03-03-meme-dans-les-conditions-les-plus-difficiles-l\/\"><span style=\"color: #1982d1;\"><span style=\"font-family: Times New Roman, serif;\"><span style=\"font-size: small;\"><u><b>Partie 663<\/b><\/u><\/span><\/span><\/span><\/a><\/strong><strong><span style=\"color: #444444;\"><span style=\"font-family: Times New Roman, serif;\"><span style=\"font-size: small;\">\u00a0<\/span><\/span><\/span><\/strong><strong><span style=\"color: #444444;\"><span style=\"font-family: Times New Roman, serif;\"><span style=\"font-size: small;\"><b>: 3 mars.\u00a0<\/b><\/span><\/span><\/span><\/strong><strong><a href=\"https:\/\/ismfrance.org\/index.php\/2026\/03\/07\/temoignages-de-gazaouis-la-survie-qui-sorganise-au-jour-le-jour-dans-lenfer-de-gaza-partie-664-06-03-la-situation-quotidienne-dans-les-camps-de-deplace-e\/\"><span style=\"color: #1982d1;\"><span style=\"font-family: Times New Roman, serif;\"><span style=\"font-size: small;\"><u><b>Partie 664<\/b><\/u><\/span><\/span><\/span><\/a><\/strong><strong><span style=\"color: #444444;\"><span style=\"font-family: Times New Roman, serif;\"><span style=\"font-size: small;\">\u00a0<\/span><\/span><\/span><\/strong><strong><span style=\"color: #444444;\"><span style=\"font-family: Times New Roman, serif;\"><span style=\"font-size: small;\"><b>: 6 mars.\u00a0<\/b><\/span><\/span><\/span><\/strong><strong><a href=\"https:\/\/ismfrance.org\/index.php\/2026\/03\/09\/temoignages-de-gazaouis-la-survie-qui-sorganise-au-jour-le-jour-dans-lenfer-de-gaza-partie-665-07-03-quand-les-coeurs-parlent\/\"><span style=\"color: #1982d1;\"><span style=\"font-family: Times New Roman, serif;\"><span style=\"font-size: small;\"><u><b>Partie 665<\/b><\/u><\/span><\/span><\/span><\/a><\/strong><strong><span style=\"color: #444444;\"><span style=\"font-family: Times New Roman, serif;\"><span style=\"font-size: small;\">\u00a0<\/span><\/span><\/span><\/strong><strong><span style=\"color: #444444;\"><span style=\"font-family: Times New Roman, serif;\"><span style=\"font-size: small;\"><b>: 7 mars.\u00a0<\/b><\/span><\/span><\/span><\/strong><strong><a href=\"https:\/\/ismfrance.org\/index.php\/2026\/03\/10\/temoignages-de-gazaouis-la-survie-qui-sorganise-au-jour-le-jour-dans-lenfer-de-gaza-partie-666-08-10-03-soutien-humanitaire-et-education-a-gaza\/\"><span style=\"color: #1982d1;\"><span style=\"font-family: Times New Roman, serif;\"><span style=\"font-size: small;\"><u><b>Partie 666<\/b><\/u><\/span><\/span><\/span><\/a><\/strong><strong><span style=\"color: #444444;\"><span style=\"font-family: Times New Roman, serif;\"><span style=\"font-size: small;\">\u00a0<\/span><\/span><\/span><\/strong><strong><span style=\"color: #444444;\"><span style=\"font-family: Times New Roman, serif;\"><span style=\"font-size: small;\"><b>: 8-10 mars.\u00a0<\/b><\/span><\/span><\/span><\/strong><strong><a href=\"https:\/\/ismfrance.org\/index.php\/2026\/03\/15\/temoignages-de-gazaouis-la-survie-qui-sorganise-au-jour-le-jour-dans-lenfer-de-gaza-partie-667-11-15-03-les-femmes-sur-le-chemin-du-retablissement-souti\/\"><span style=\"color: #1982d1;\"><span style=\"font-family: Times New Roman, serif;\"><span style=\"font-size: small;\"><u><b>Partie 667<\/b><\/u><\/span><\/span><\/span><\/a><\/strong><strong><span style=\"color: #444444;\"><span style=\"font-family: Times New Roman, serif;\"><span style=\"font-size: small;\">\u00a0<\/span><\/span><\/span><\/strong><strong><span style=\"color: #444444;\"><span style=\"font-family: Times New Roman, serif;\"><span style=\"font-size: small;\"><b>: 11\u00a0 au 15 mars.\u00a0<\/b><\/span><\/span><\/span><\/strong><strong><a href=\"https:\/\/ismfrance.org\/index.php\/2026\/03\/19\/temoignages-de-gazaouis-la-survie-qui-sorganise-au-jour-le-jour-dans-lenfer-de-gaza-partie-668-16-03-quand-les-femmes-parlent-le-coeur-guerit-dans-les-t\/\"><span style=\"color: #1982d1;\"><span style=\"font-family: Times New Roman, serif;\"><span style=\"font-size: small;\"><u><b>Partie 668<\/b><\/u><\/span><\/span><\/span><\/a><\/strong><strong><span style=\"color: #444444;\"><span style=\"font-family: Times New Roman, serif;\"><span style=\"font-size: small;\">\u00a0<\/span><\/span><\/span><\/strong><strong><span style=\"color: #444444;\"><span style=\"font-family: Times New Roman, serif;\"><span style=\"font-size: small;\"><b>: 16 mars.\u00a0<\/b><\/span><\/span><\/span><\/strong><strong><a href=\"https:\/\/ismfrance.org\/index.php\/2026\/03\/19\/temoignages-de-gazaouis-la-survie-qui-sorganise-au-jour-le-jour-dans-lenfer-de-gaza-partie-669-17-18-03-circonvolutions-des-discours-autour-de-la-realite\/\"><span style=\"color: #1982d1;\"><span style=\"font-family: Times New Roman, serif;\"><span style=\"font-size: small;\"><u><b>Partie 669<\/b><\/u><\/span><\/span><\/span><\/a><\/strong><strong><span style=\"color: #444444;\"><span style=\"font-family: Times New Roman, serif;\"><span style=\"font-size: small;\">\u00a0<\/span><\/span><\/span><\/strong><strong><span style=\"color: #444444;\"><span style=\"font-family: Times New Roman, serif;\"><span style=\"font-size: small;\"><b>: 17 &amp; 18 mars.\u00a0<\/b><\/span><\/span><\/span><\/strong><strong><a href=\"https:\/\/ismfrance.org\/index.php\/2026\/03\/23\/temoignages-de-gazaouis-la-survie-qui-sorganise-au-jour-le-jour-dans-lenfer-de-gaza-partie-670-19-au-22-03-une-realite-humaine-de-plus-en-plus-dure-jour\/\"><span style=\"color: #1982d1;\"><span style=\"font-family: Times New Roman, serif;\"><span style=\"font-size: small;\"><u><b>Partie 670<\/b><\/u><\/span><\/span><\/span><\/a><\/strong><strong><span style=\"color: #444444;\"><span style=\"font-family: Times New Roman, serif;\"><span style=\"font-size: small;\">\u00a0<\/span><\/span><\/span><\/strong><strong><span style=\"color: #444444;\"><span style=\"font-family: Times New Roman, serif;\"><span style=\"font-size: small;\"><b>: 19 au 22 mars.\u00a0<\/b><\/span><\/span><\/span><\/strong><strong><a href=\"https:\/\/ismfrance.org\/index.php\/2026\/03\/24\/temoignages-de-gazaouis-la-survie-qui-sorganise-au-jour-le-jour-dans-lenfer-de-gaza-partie-671-23-03-etre-palestinien\/\"><span style=\"color: #1982d1;\"><span style=\"font-family: Times New Roman, serif;\"><span style=\"font-size: small;\"><u><b>Partie 671<\/b><\/u><\/span><\/span><\/span><\/a><\/strong><strong><span style=\"color: #444444;\"><span style=\"font-family: Times New Roman, serif;\"><span style=\"font-size: small;\">\u00a0<\/span><\/span><\/span><\/strong><strong><span style=\"color: #444444;\"><span style=\"font-family: Times New Roman, serif;\"><span style=\"font-size: small;\"><b>: 23 mars.\u00a0<\/b><\/span><\/span><\/span><\/strong><strong><a href=\"https:\/\/ismfrance.org\/index.php\/2026\/03\/29\/temoignages-de-gazaouis-la-survie-qui-sorganise-au-jour-le-jour-dans-lenfer-de-gaza-partie-672-27-28-03-khan-younes-et-rafah-deux-villes-detruites-a-raconter-et-a-reecrire\/\"><span style=\"color: #1982d1;\"><span style=\"font-family: Times New Roman, serif;\"><span style=\"font-size: small;\"><u><b>Partie 672<\/b><\/u><\/span><\/span><\/span><\/a><\/strong><strong><span style=\"color: #444444;\"><span style=\"font-family: Times New Roman, serif;\"><span style=\"font-size: small;\">\u00a0<\/span><\/span><\/span><\/strong><strong><span style=\"color: #444444;\"><span style=\"font-family: Times New Roman, serif;\"><span style=\"font-size: small;\"><b>: 27-28 mars.\u00a0<\/b><\/span><\/span><\/span><\/strong><strong><a href=\"https:\/\/ismfrance.org\/index.php\/2026\/04\/02\/temoignages-de-gazaouis-la-survie-qui-sorganise-au-jour-le-jour-dans-lenfer-de-gaza-partie-674-29-30-03-1er-avril-affirmer-le-droit-a-la-vie\/\"><span style=\"color: #1982d1;\"><span style=\"font-family: Times New Roman, serif;\"><span style=\"font-size: small;\"><u><b>Partie 673<\/b><\/u><\/span><\/span><\/span><\/a><\/strong><strong><span style=\"color: #444444;\"><span style=\"font-family: Times New Roman, serif;\"><span style=\"font-size: small;\">\u00a0<\/span><\/span><\/span><\/strong><strong><span style=\"color: #444444;\"><span style=\"font-family: Times New Roman, serif;\"><span style=\"font-size: small;\"><b>: 29 et 30 mars \/ 1er avril.\u00a0<\/b><\/span><\/span><\/span><\/strong><strong><a href=\"https:\/\/ismfrance.org\/index.php\/2026\/04\/07\/temoignages-de-gazaouis-la-survie-qui-sorganise-au-jour-le-jour-dans-lenfer-de-gaza-partie-674-2-6-04-quand-se-nourrir-est-une-question-de-survie-non-un\/\"><span style=\"color: #1982d1;\"><span style=\"font-family: Times New Roman, serif;\"><span style=\"font-size: small;\"><u><b>Partie 674<\/b><\/u><\/span><\/span><\/span><\/a><\/strong><strong><span style=\"color: #444444;\"><span style=\"font-family: Times New Roman, serif;\"><span style=\"font-size: small;\">\u00a0<\/span><\/span><\/span><\/strong><strong><span style=\"color: #444444;\"><span style=\"font-family: Times New Roman, serif;\"><span style=\"font-size: small;\"><b>: 2 au 6 avril.\u00a0<\/b><\/span><\/span><\/span><\/strong><strong><a href=\"https:\/\/ismfrance.org\/index.php\/2026\/04\/10\/temoignages-de-gazaouis-la-survie-qui-sorganise-au-jour-le-jour-dans-lenfer-de-gaza-partie-675-7-9-04-continuer-a-ouvrir-un-livre-construire-des-reseaux\/\"><span style=\"color: #1982d1;\"><span style=\"font-family: Times New Roman, serif;\"><span style=\"font-size: small;\"><u><b>Partie 675<\/b><\/u><\/span><\/span><\/span><\/a><\/strong><strong><span style=\"color: #444444;\"><span style=\"font-family: Times New Roman, serif;\"><span style=\"font-size: small;\">\u00a0<\/span><\/span><\/span><\/strong><strong><span style=\"color: #444444;\"><span style=\"font-family: Times New Roman, serif;\"><span style=\"font-size: small;\"><b>: 7-9 avril.\u00a0<\/b><\/span><\/span><\/span><\/strong><strong><a href=\"https:\/\/ismfrance.org\/index.php\/2026\/04\/11\/temoignages-de-gazaouis-la-survie-qui-sorganise-au-jour-le-jour-dans-lenfer-de-gaza-partie-676-10-04-cultiver-la-vie-redonner-souffle-a-la-terre\/\"><span style=\"color: #1982d1;\"><span style=\"font-family: Times New Roman, serif;\"><span style=\"font-size: small;\"><u><b>Partie 676<\/b><\/u><\/span><\/span><\/span><\/a><\/strong><strong><span style=\"color: #444444;\"><span style=\"font-family: Times New Roman, serif;\"><span style=\"font-size: small;\">\u00a0<\/span><\/span><\/span><\/strong><strong><span style=\"color: #444444;\"><span style=\"font-family: Times New Roman, serif;\"><span style=\"font-size: small;\"><b>: 10 avril.\u00a0<\/b><\/span><\/span><\/span><\/strong><strong><a href=\"https:\/\/ismfrance.org\/index.php\/2026\/04\/14\/temoignages-de-gazaouis-la-survie-qui-sorganise-au-jour-le-jour-dans-lenfer-de-gaza-partie-677-11-14-04-une-ligne-de-defense-contre-leffondremen\/\"><span style=\"color: #1982d1;\"><span style=\"font-family: Times New Roman, serif;\"><span style=\"font-size: small;\"><u><b>Partie 677<\/b><\/u><\/span><\/span><\/span><\/a><\/strong><strong><span style=\"color: #444444;\"><span style=\"font-family: Times New Roman, serif;\"><span style=\"font-size: small;\">\u00a0<\/span><\/span><\/span><\/strong><strong><span style=\"color: #444444;\"><span style=\"font-family: Times New Roman, serif;\"><span style=\"font-size: small;\"><b>: 11 au 14 avril.\u00a0<\/b><\/span><\/span><\/span><\/strong><strong><a href=\"https:\/\/ismfrance.org\/index.php\/2026\/04\/17\/temoignages-de-gazaouis-la-survie-qui-sorganise-au-jour-le-jour-dans-lenfer-de-gaza-partie-678-16-04-quel-avenir-pour-gaza\/\"><span style=\"color: #1982d1;\"><span style=\"font-family: Times New Roman, serif;\"><span style=\"font-size: small;\"><u><b>Partie 678<\/b><\/u><\/span><\/span><\/span><\/a><\/strong><strong><span style=\"color: #444444;\"><span style=\"font-family: Times New Roman, serif;\"><span style=\"font-size: small;\">\u00a0<\/span><\/span><\/span><\/strong><strong><span style=\"color: #444444;\"><span style=\"font-family: Times New Roman, serif;\"><span style=\"font-size: small;\"><b>: 16 avril.\u00a0<\/b><\/span><\/span><\/span><\/strong><strong><a href=\"https:\/\/ismfrance.org\/index.php\/2026\/04\/21\/temoignages-de-gazaouis-la-survie-qui-sorganise-au-jour-le-jour-dans-lenfer-de-gaza-partie-679-17-20-04-continuer-a-sur-vivre-seul-choix-possible\/\"><span style=\"color: #1982d1;\"><span style=\"font-family: Times New Roman, serif;\"><span style=\"font-size: small;\"><u><b>Partie 679<\/b><\/u><\/span><\/span><\/span><\/a><\/strong><strong><span style=\"color: #444444;\"><span style=\"font-family: Times New Roman, serif;\"><span style=\"font-size: small;\">\u00a0<\/span><\/span><\/span><\/strong><strong><span style=\"color: #444444;\"><span style=\"font-family: Times New Roman, serif;\"><span style=\"font-size: small;\"><b>: 17-20 avril.\u00a0<\/b><\/span><\/span><\/span><\/strong><strong><a href=\"https:\/\/ismfrance.org\/index.php\/2026\/04\/23\/temoignages-de-gazaouis-la-survie-qui-sorganise-au-jour-le-jour-dans-lenfer-de-gaza-partie-680-21-04-la-volonte-des-agriculteurs-redonne-vie-a-la-terre\/\"><span style=\"color: #1982d1;\"><span style=\"font-family: Times New Roman, serif;\"><span style=\"font-size: small;\"><u><b>Partie 680<\/b><\/u><\/span><\/span><\/span><\/a><\/strong><strong><span style=\"color: #444444;\"><span style=\"font-family: Times New Roman, serif;\"><span style=\"font-size: small;\">\u00a0<\/span><\/span><\/span><\/strong><strong><span style=\"color: #444444;\"><span style=\"font-family: Times New Roman, serif;\"><span style=\"font-size: small;\"><b>: 21 avril.\u00a0<\/b><\/span><\/span><\/span><\/strong><strong><a href=\"https:\/\/ismfrance.org\/index.php\/2026\/04\/24\/temoignages-de-gazaouis-la-survie-qui-sorganise-au-jour-le-jour-dans-lenfer-de-gaza-partie-681-22-04-ateliers-de-soutien-pour-les-femmes-camp-d\/\"><span style=\"color: #1982d1;\"><span style=\"font-family: Times New Roman, serif;\"><span style=\"font-size: small;\"><u><b>Partie 681<\/b><\/u><\/span><\/span><\/span><\/a><\/strong><strong><span style=\"color: #444444;\"><span style=\"font-family: Times New Roman, serif;\"><span style=\"font-size: small;\">\u00a0<\/span><\/span><\/span><\/strong><strong><span style=\"color: #444444;\"><span style=\"font-family: Times New Roman, serif;\"><span style=\"font-size: small;\"><b>: 22 avril.<\/b><\/span><\/span><\/span><\/strong><a href=\"https:\/\/ismfrance.org\/index.php\/2026\/04\/25\/temoignages-de-gazaouis-la-survie-qui-sorganise-au-jour-le-jour-dans-lenfer-de-gaza-partie-682-23-04-gaza-a-t-elle-ete-letincelle\/\"><strong><span style=\"color: #1982d1;\"><span style=\"font-family: Times New Roman, serif;\"><span style=\"font-size: small;\"><u>\u00a0<\/u><\/span><\/span><\/span><\/strong><strong><span style=\"color: #1982d1;\"><span style=\"font-family: Times New Roman, serif;\"><span style=\"font-size: small;\"><u><b>Partie 682<\/b><\/u><\/span><\/span><\/span><\/strong><\/a><strong><span style=\"color: #444444;\"><span style=\"font-family: Times New Roman, serif;\"><span style=\"font-size: small;\">\u00a0<\/span><\/span><\/span><\/strong><strong><span style=\"color: #444444;\"><span style=\"font-family: Times New Roman, serif;\"><span style=\"font-size: small;\"><b>: 23 avril.\u00a0<\/b><\/span><\/span><\/span><\/strong><strong><a href=\"https:\/\/ismfrance.org\/index.php\/2026\/04\/27\/temoignages-de-gazaouis-la-survie-qui-sorganise-au-jour-le-jour-dans-lenfer-de-gaza-partie-683-24-25-04-changement-ou-continuite-dans-l\/\"><span style=\"color: #1982d1;\"><span style=\"font-family: Times New Roman, serif;\"><span style=\"font-size: small;\"><u><b>Partie 683<\/b><\/u><\/span><\/span><\/span><\/a><\/strong><strong><span style=\"color: #444444;\"><span style=\"font-family: Times New Roman, serif;\"><span style=\"font-size: small;\">\u00a0<\/span><\/span><\/span><\/strong><strong><span style=\"color: #444444;\"><span style=\"font-family: Times New Roman, serif;\"><span style=\"font-size: small;\"><b>: 24-25 avril.\u00a0<\/b><\/span><\/span><\/span><\/strong><strong><a href=\"https:\/\/ismfrance.org\/index.php\/2026\/04\/28\/temoignages-de-gazaouis-la-survie-qui-sorganise-au-jour-le-jour-dans-lenfer-de-gaza-partie-684-26-04-contre-le-blocus-a-lhorizon-la-flottille\/\"><span style=\"color: #1982d1;\"><span style=\"font-family: Times New Roman, serif;\"><span style=\"font-size: small;\"><u><b>Partie 684<\/b><\/u><\/span><\/span><\/span><\/a><\/strong><strong><span style=\"color: #444444;\"><span style=\"font-family: Times New Roman, serif;\"><span style=\"font-size: small;\">\u00a0<\/span><\/span><\/span><\/strong><strong><span style=\"color: #444444;\"><span style=\"font-family: Times New Roman, serif;\"><span style=\"font-size: small;\"><b>: 26 avril.\u00a0<\/b><\/span><\/span><\/span><\/strong><strong><a href=\"https:\/\/ismfrance.org\/index.php\/2026\/04\/30\/temoignages-de-gazaouis-la-survie-qui-sorganise-au-jour-le-jour-dans-lenfer-de-gaza-partie-685-27-29-04-a-lere-de-lasphyxie-continuer\/\"><span style=\"color: #1982d1;\"><span style=\"font-family: Times New Roman, serif;\"><span style=\"font-size: small;\"><u><b>Partie 685<\/b><\/u><\/span><\/span><\/span><\/a><\/strong><strong><span style=\"color: #444444;\"><span style=\"font-family: Times New Roman, serif;\"><span style=\"font-size: small;\">\u00a0<\/span><\/span><\/span><\/strong><strong><span style=\"color: #444444;\"><span style=\"font-family: Times New Roman, serif;\"><span style=\"font-size: small;\"><b>: 27-29 avril.\u00a0<\/b><\/span><\/span><\/span><\/strong><strong><a href=\"https:\/\/ismfrance.org\/index.php\/2026\/04\/30\/temoignages-de-gazaouis-la-survie-qui-sorganise-au-jour-le-jour-dans-lenfer-de-gaza-partie-686-30-04-lettre-a-ceux-qui-ont-choisi-la-mer-comme-chemin-vers-la\/\"><span style=\"color: #1982d1;\"><span style=\"font-family: Times New Roman, serif;\"><span style=\"font-size: small;\"><u><b>Partie 686<\/b><\/u><\/span><\/span><\/span><\/a><\/strong><strong><span style=\"color: #444444;\"><span style=\"font-family: Times New Roman, serif;\"><span style=\"font-size: small;\">\u00a0<\/span><\/span><\/span><\/strong><strong><span style=\"color: #444444;\"><span style=\"font-family: Times New Roman, serif;\"><span style=\"font-size: small;\"><b>: 30 avril.\u00a0<\/b><\/span><\/span><\/span><\/strong><strong><a href=\"https:\/\/ismfrance.org\/index.php\/2026\/05\/04\/29023\/\"><span style=\"color: #1982d1;\"><span style=\"font-family: Times New Roman, serif;\"><span style=\"font-size: small;\"><u><b>Partie 687<\/b><\/u><\/span><\/span><\/span><\/a><\/strong><strong><span style=\"color: #444444;\"><span style=\"font-family: Times New Roman, serif;\"><span style=\"font-size: small;\">\u00a0<\/span><\/span><\/span><\/strong><strong><span style=\"color: #444444;\"><span style=\"font-family: Times New Roman, serif;\"><span style=\"font-size: small;\"><b>: 1-3 mai.\u00a0<\/b><\/span><\/span><\/span><\/strong><strong><a href=\"https:\/\/ismfrance.org\/index.php\/2026\/05\/06\/temoignages-de-gazaouis-la-survie-qui-sorganise-au-jour-le-jour-dans-lenfer-de-gaza-partie-688-05-05-leducation-en-temps-deffondrement\/\"><span style=\"color: #1982d1;\"><span style=\"font-family: Times New Roman, serif;\"><span style=\"font-size: small;\"><u><b>Partie 688<\/b><\/u><\/span><\/span><\/span><\/a><\/strong><strong><span style=\"color: #444444;\"><span style=\"font-family: Times New Roman, serif;\"><span style=\"font-size: small;\">\u00a0<\/span><\/span><\/span><\/strong><strong><span style=\"color: #444444;\"><span style=\"font-family: Times New Roman, serif;\"><span style=\"font-size: small;\"><b>: 5 mai.\u00a0<\/b><\/span><\/span><\/span><\/strong><strong><a href=\"https:\/\/ismfrance.org\/index.php\/2026\/05\/06\/temoignages-de-gazaouis-la-survie-qui-sorganise-au-jour-le-jour-dans-lenfer-de-gaza-partie-689-05-05-1-les-eleves-de-gaza-ecrivent-leur-message-a-la-liberte\/\"><span style=\"color: #1982d1;\"><span style=\"font-family: Times New Roman, serif;\"><span style=\"font-size: small;\"><u><b>Partie 689<\/b><\/u><\/span><\/span><\/span><\/a><\/strong><strong><span style=\"color: #444444;\"><span style=\"font-family: Times New Roman, serif;\"><span style=\"font-size: small;\">\u00a0<\/span><\/span><\/span><\/strong><strong><span style=\"color: #444444;\"><span style=\"font-family: Times New Roman, serif;\"><span style=\"font-size: small;\"><b>: 5 mai (1).\u00a0<\/b><\/span><\/span><\/span><\/strong><strong><a href=\"https:\/\/ismfrance.org\/index.php\/2026\/05\/11\/temoignages-de-gazaouis-la-survie-qui-sorganise-au-jour-le-jour-dans-lenfer-de-gaza-partie-690-10-05-la-vie-une-longue-file-dattente-pour-survivre\/\"><span style=\"color: #1982d1;\"><span style=\"font-family: Times New Roman, serif;\"><span style=\"font-size: small;\"><u><b>Partie 690<\/b><\/u><\/span><\/span><\/span><\/a><\/strong><strong><span style=\"color: #444444;\"><span style=\"font-family: Times New Roman, serif;\"><span style=\"font-size: small;\">\u00a0<\/span><\/span><\/span><\/strong><strong><span style=\"color: #444444;\"><span style=\"font-family: Times New Roman, serif;\"><span style=\"font-size: small;\"><b>: 10 mai.\u00a0<\/b><\/span><\/span><\/span><\/strong><strong><a href=\"https:\/\/ismfrance.org\/index.php\/2026\/05\/13\/temoignages-de-gazaouis-la-survie-qui-sorganise-au-jour-le-jour-dans-lenfer-de-gaza-partie-691-11-12-05-quand-la-tente-devient-une-epreuve-quotidienne-des-p\/\"><span style=\"color: #1982d1;\"><span style=\"font-family: Times New Roman, serif;\"><span style=\"font-size: small;\"><u><b>Partie 691<\/b><\/u><\/span><\/span><\/span><\/a><\/strong><strong><span style=\"color: #444444;\"><span style=\"font-family: Times New Roman, serif;\"><span style=\"font-size: small;\">\u00a0<\/span><\/span><\/span><\/strong><strong><span style=\"color: #444444;\"><span style=\"font-family: Times New Roman, serif;\"><span style=\"font-size: small;\"><b>: 11-12 mai.\u00a0<\/b><\/span><\/span><\/span><\/strong><strong><a href=\"https:\/\/ismfrance.org\/index.php\/2026\/05\/16\/temoignages-de-gazaouis-la-survie-qui-sorganise-au-jour-le-jour-dans-lenfer-de-gaza-partie-692-15-05-la-poursuite-de-lenseignement-malgre-la-guerre\/\"><span style=\"color: #1982d1;\"><span style=\"font-family: Times New Roman, serif;\"><span style=\"font-size: small;\"><u><b>Partie 692<\/b><\/u><\/span><\/span><\/span><\/a><\/strong><strong><span style=\"color: #444444;\"><span style=\"font-family: Times New Roman, serif;\"><span style=\"font-size: small;\">\u00a0<\/span><\/span><\/span><\/strong><strong><span style=\"color: #444444;\"><span style=\"font-family: Times New Roman, serif;\"><span style=\"font-size: small;\"><b>: 15 mai.\u00a0<\/b><\/span><\/span><\/span><\/strong><strong><a href=\"https:\/\/ismfrance.org\/index.php\/2026\/05\/18\/temoignages-de-gazaouis-la-survie-qui-sorganise-au-jour-le-jour-dans-lenfer-de-gaza-partie-693-17-05-un-espace-entier-depuisement-a-ciel-ouvert\/\"><span style=\"color: #1982d1;\"><span style=\"font-family: Times New Roman, serif;\"><span style=\"font-size: small;\"><u><b>Partie 693<\/b><\/u><\/span><\/span><\/span><\/a><\/strong><strong><span style=\"color: #444444;\"><span style=\"font-family: Times New Roman, serif;\"><span style=\"font-size: small;\">\u00a0<\/span><\/span><\/span><\/strong><strong><span style=\"color: #444444;\"><span style=\"font-family: Times New Roman, serif;\"><span style=\"font-size: small;\"><b>: 17 mai.\u00a0<\/b><\/span><\/span><\/span><\/strong><strong><a href=\"https:\/\/ismfrance.org\/index.php\/2026\/05\/22\/temoignages-de-gazaouis-la-survie-qui-sorganise-au-jour-le-jour-dans-lenfer-de-gaza-partie-694-20-21-05-faire-face-a-lexploitation-economique-et-renf\/\"><span style=\"color: #1982d1;\"><span style=\"font-family: Times New Roman, serif;\"><span style=\"font-size: small;\"><u><b>Partie 694<\/b><\/u><\/span><\/span><\/span><\/a><\/strong><strong><span style=\"color: #444444;\"><span style=\"font-family: Times New Roman, serif;\"><span style=\"font-size: small;\">\u00a0<\/span><\/span><\/span><\/strong><strong><span style=\"color: #444444;\"><span style=\"font-family: Times New Roman, serif;\"><span style=\"font-size: small;\"><b>: 21-22 mai.\u00a0<\/b><\/span><\/span><\/span><\/strong><strong><a href=\"https:\/\/ismfrance.org\/index.php\/2026\/05\/27\/temoignages-de-gazaouis-la-survie-qui-sorganise-au-jour-le-jour-dans-lenfer-de-gaza-partie-695-26-05-une-societe-en-etat-collectif-de-traumatisme-psychologiqu\/\"><span style=\"color: #1982d1;\"><span style=\"font-family: Times New Roman, serif;\"><span style=\"font-size: small;\"><u><b>Partie 695<\/b><\/u><\/span><\/span><\/span><\/a><\/strong><strong><span style=\"color: #444444;\"><span style=\"font-family: Times New Roman, serif;\"><span style=\"font-size: small;\">\u00a0<\/span><\/span><\/span><\/strong><strong><span style=\"color: #444444;\"><span style=\"font-family: Times New Roman, serif;\"><span style=\"font-size: small;\"><b>: 26 mai.\u00a0<\/b><\/span><\/span><\/span><\/strong><strong><a href=\"https:\/\/ismfrance.org\/index.php\/2026\/05\/27\/temoignages-de-gazaouis-la-survie-qui-sorganise-au-jour-le-jour-dans-lenfer-de-gaza-partie-696-27-05-sous-le-soleil-les-tentes-transformees-en-fours\/\"><span style=\"color: #1982d1;\"><span style=\"font-family: Times New Roman, serif;\"><span style=\"font-size: small;\"><u><b>Partie 696<\/b><\/u><\/span><\/span><\/span><\/a><\/strong><strong><span style=\"color: #444444;\"><span style=\"font-family: Times New Roman, serif;\"><span style=\"font-size: small;\">\u00a0<\/span><\/span><\/span><\/strong><strong><span style=\"color: #444444;\"><span style=\"font-family: Times New Roman, serif;\"><span style=\"font-size: small;\"><b>: 27 mai.\u00a0<\/b><\/span><\/span><\/span><\/strong><strong><a href=\"https:\/\/ismfrance.org\/index.php\/2026\/05\/28\/temoignages-de-gazaouis-la-survie-qui-sorganise-au-jour-le-jour-dans-lenfer-de-gaza-partie-697-28-05-les-flottilles-de-la-liberte-le-recit-dune-gaza\/\"><span style=\"color: #1982d1;\"><span style=\"font-family: Times New Roman, serif;\"><span style=\"font-size: small;\"><u><b>Partie 697<\/b><\/u><\/span><\/span><\/span><\/a><\/strong><strong><span style=\"color: #444444;\"><span style=\"font-family: Times New Roman, serif;\"><span style=\"font-size: small;\">\u00a0<\/span><\/span><\/span><\/strong><strong><span style=\"color: #444444;\"><span style=\"font-family: Times New Roman, serif;\"><span style=\"font-size: small;\"><b>: 28 mai.\u00a0<\/b><\/span><\/span><\/span><\/strong><strong><a href=\"https:\/\/ismfrance.org\/index.php\/2026\/05\/30\/temoignages-de-gazaouis-la-survie-qui-sorganise-au-jour-le-jour-dans-lenfer-de-gaza-partie-699-28-05-1-lueurs-de-resilience-voix-resilientes\/\"><span style=\"color: #1982d1;\"><span style=\"font-family: Times New Roman, serif;\"><span style=\"font-size: small;\"><u><b>Partie 698<\/b><\/u><\/span><\/span><\/span><\/a><\/strong><strong><span style=\"color: #444444;\"><span style=\"font-family: Times New Roman, serif;\"><span style=\"font-size: small;\">\u00a0<\/span><\/span><\/span><\/strong><strong><span style=\"color: #444444;\"><span style=\"font-family: Times New Roman, serif;\"><span style=\"font-size: small;\"><b>: 28 mai (1).\u00a0<\/b><\/span><\/span><\/span><\/strong><strong><a href=\"https:\/\/ismfrance.org\/index.php\/2026\/05\/31\/temoignages-de-gazaouis-la-survie-qui-sorganise-au-jour-le-jour-dans-lenfer-de-gaza-partie-699-30-05-entre-guerre-et-reconfiguration\/\"><span style=\"color: #1982d1;\"><span style=\"font-family: Times New Roman, serif;\"><span style=\"font-size: small;\"><u><b>Partie 699<\/b><\/u><\/span><\/span><\/span><\/a><\/strong><strong><span style=\"color: #444444;\"><span style=\"font-family: Times New Roman, serif;\"><span style=\"font-size: small;\">\u00a0<\/span><\/span><\/span><\/strong><strong><span style=\"color: #444444;\"><span style=\"font-family: Times New Roman, serif;\"><span style=\"font-size: small;\"><b>: 30 mai.\u00a0<\/b><\/span><\/span><\/span><\/strong><strong><a href=\"https:\/\/ismfrance.org\/index.php\/2026\/06\/02\/temoignages-de-gazaouis-la-survie-qui-sorganise-au-jour-le-jour-dans-lenfer-de-gaza-partie-700-31-05-un-repas-chaud-la-derniere-ligne-de-defense-de-la-v\/\"><span style=\"color: #1982d1;\"><span style=\"font-family: Times New Roman, serif;\"><span style=\"font-size: small;\"><u><b>Partie 700<\/b><\/u><\/span><\/span><\/span><\/a><\/strong><strong><span style=\"color: #444444;\"><span style=\"font-family: Times New Roman, serif;\"><span style=\"font-size: small;\">\u00a0<\/span><\/span><\/span><\/strong><strong><span style=\"color: #444444;\"><span style=\"font-family: Times New Roman, serif;\"><span style=\"font-size: small;\"><b>: 31 mai.\u00a0<\/b><\/span><\/span><\/span><\/strong><strong><a href=\"https:\/\/ismfrance.org\/index.php\/2026\/06\/04\/temoignages-de-gazaouis-la-survie-qui-sorganise-au-jour-le-jour-dans-lenfer-de-gaza-partie-701-2-3-06-joie-sous-les-decombres-pour-laid-al-adha\/\"><span style=\"color: #1982d1;\"><span style=\"font-family: Times New Roman, serif;\"><span style=\"font-size: small;\"><u><b>Partie 701<\/b><\/u><\/span><\/span><\/span><\/a><\/strong><strong><span style=\"color: #444444;\"><span style=\"font-family: Times New Roman, serif;\"><span style=\"font-size: small;\">\u00a0<\/span><\/span><\/span><\/strong><strong><span style=\"color: #444444;\"><span style=\"font-family: Times New Roman, serif;\"><span style=\"font-size: small;\"><b>: 2-3 juin.\u00a0<\/b><\/span><\/span><\/span><\/strong><strong><a href=\"https:\/\/ismfrance.org\/index.php\/2026\/06\/05\/temoignages-de-gazaouis-la-survie-qui-sorganise-au-jour-le-jour-dans-lenfer-de-gaza-partie-702-4-06-quand-les-tentes-deviennent-des-ecoles\/\"><span style=\"color: #1982d1;\"><span style=\"font-family: Times New Roman, serif;\"><span style=\"font-size: small;\"><u><b>Partie 702<\/b><\/u><\/span><\/span><\/span><\/a><\/strong><strong><span style=\"color: #444444;\"><span style=\"font-family: Times New Roman, serif;\"><span style=\"font-size: small;\">\u00a0<\/span><\/span><\/span><\/strong><strong><span style=\"color: #444444;\"><span style=\"font-family: Times New Roman, serif;\"><span style=\"font-size: small;\"><b>: 4 juin.\u00a0<\/b><\/span><\/span><\/span><\/strong><strong><a href=\"https:\/\/ismfrance.org\/index.php\/2026\/06\/06\/temoignages-de-gazaouis-la-survie-qui-sorganise-au-jour-le-jour-dans-lenfer-de-gaza-partie-703-5-06-temoin-dune-patrie-de-tentes\/\"><span style=\"color: #1982d1;\"><span style=\"font-family: Times New Roman, serif;\"><span style=\"font-size: small;\"><u><b>Partie 703<\/b><\/u><\/span><\/span><\/span><\/a><\/strong><strong><span style=\"color: #444444;\"><span style=\"font-family: Times New Roman, serif;\"><span style=\"font-size: small;\">\u00a0<\/span><\/span><\/span><\/strong><strong><span style=\"color: #444444;\"><span style=\"font-family: Times New Roman, serif;\"><span style=\"font-size: small;\"><b>: 5 juin.\u00a0<\/b><\/span><\/span><\/span><\/strong><strong><a href=\"https:\/\/ismfrance.org\/index.php\/2026\/06\/08\/temoignages-de-gazaouis-la-survie-qui-sorganise-au-jour-le-jour-dans-lenfer-de-gaza-partie-704-6-06-tout-est-identique-tout-est-provisoire\/\"><span style=\"color: #1982d1;\"><span style=\"font-family: Times New Roman, serif;\"><span style=\"font-size: small;\"><u><b>Partie 704<\/b><\/u><\/span><\/span><\/span><\/a><\/strong><strong><span style=\"color: #444444;\"><span style=\"font-family: Times New Roman, serif;\"><span style=\"font-size: small;\">\u00a0<\/span><\/span><\/span><\/strong><strong><span style=\"color: #444444;\"><span style=\"font-family: Times New Roman, serif;\"><span style=\"font-size: small;\"><b>: 6 juin.\u00a0<\/b><\/span><\/span><\/span><\/strong><strong><a href=\"https:\/\/ismfrance.org\/index.php\/2026\/06\/10\/temoignages-de-gazaouis-la-survie-qui-sorganise-au-jour-le-jour-dans-lenfer-de-gaza-partie-705-7-06-une-bataille-pour-la-survie-absente-des-ecrans\/\"><span style=\"color: #1982d1;\"><span style=\"font-family: Times New Roman, serif;\"><span style=\"font-size: small;\"><u><b>Partie 705<\/b><\/u><\/span><\/span><\/span><\/a><\/strong><strong><span style=\"color: #444444;\"><span style=\"font-family: Times New Roman, serif;\"><span style=\"font-size: small;\">\u00a0<\/span><\/span><\/span><\/strong><strong><span style=\"color: #444444;\"><span style=\"font-family: Times New Roman, serif;\"><span style=\"font-size: small;\"><b>: 7 juin.\u00a0<\/b><\/span><\/span><\/span><\/strong><strong><a href=\"https:\/\/ismfrance.org\/index.php\/2026\/06\/11\/temoignages-de-gazaouis-la-survie-qui-sorganise-au-jour-le-jour-dans-lenfer-de-gaza-partie-706-8-9-06-laid-son-ambiance-et-ses-journees\/\"><span style=\"color: #1982d1;\"><span style=\"font-family: Times New Roman, serif;\"><span style=\"font-size: small;\"><u><b>Partie 706<\/b><\/u><\/span><\/span><\/span><\/a><\/strong><strong><span style=\"color: #444444;\"><span style=\"font-family: Times New Roman, serif;\"><span style=\"font-size: small;\">\u00a0<\/span><\/span><\/span><\/strong><strong><span style=\"color: #444444;\"><span style=\"font-family: Times New Roman, serif;\"><span style=\"font-size: small;\"><b>: 8-9 juin.\u00a0<\/b><\/span><\/span><\/span><\/strong><strong><a href=\"https:\/\/ismfrance.org\/index.php\/2026\/06\/14\/temoignages-de-gazaouis-la-survie-qui-sorganise-au-jour-le-jour-dans-lenfer-de-gaza-partie-707-11-06-que-signifie-le-controle-israelien-sur-70-du-territ\/\"><span style=\"color: #1982d1;\"><span style=\"font-family: Times New Roman, serif;\"><span style=\"font-size: small;\"><u><b>Partie 707<\/b><\/u><\/span><\/span><\/span><\/a><\/strong><strong><span style=\"color: #444444;\"><span style=\"font-family: Times New Roman, serif;\"><span style=\"font-size: small;\">\u00a0<\/span><\/span><\/span><\/strong><strong><span style=\"color: #444444;\"><span style=\"font-family: Times New Roman, serif;\"><span style=\"font-size: small;\"><b>: 11 juin.\u00a0<\/b><\/span><\/span><\/span><\/strong><strong><a href=\"https:\/\/ismfrance.org\/index.php\/2026\/06\/15\/temoignages-de-gazaouis-la-survie-qui-sorganise-au-jour-le-jour-dans-lenfer-de-gaza-partie-708-14-06-entre-files-dattente-et-tables-de-survie\/\"><span style=\"color: #1982d1;\"><span style=\"font-family: Times New Roman, serif;\"><span style=\"font-size: small;\"><u><b>Partie 708<\/b><\/u><\/span><\/span><\/span><\/a><\/strong><strong><span style=\"color: #444444;\"><span style=\"font-family: Times New Roman, serif;\"><span style=\"font-size: small;\">\u00a0<\/span><\/span><\/span><\/strong><strong><span style=\"color: #444444;\"><span style=\"font-family: Times New Roman, serif;\"><span style=\"font-size: small;\"><b>: 14 juin.\u00a0<\/b><\/span><\/span><\/span><\/strong><strong><a href=\"https:\/\/ismfrance.org\/index.php\/2026\/06\/17\/temoignages-de-gazaouis-la-survie-qui-sorganise-au-jour-le-jour-dans-lenfer-de-gaza-partie-709-15-06-investir-dans-leducation-pour-lave\/\"><span style=\"color: #1982d1;\"><span style=\"font-family: Times New Roman, serif;\"><span style=\"font-size: small;\"><u><b>Partie 709<\/b><\/u><\/span><\/span><\/span><\/a><\/strong><strong><span style=\"color: #444444;\"><span style=\"font-family: Times New Roman, serif;\"><span style=\"font-size: small;\">\u00a0<\/span><\/span><\/span><\/strong><strong><span style=\"color: #444444;\"><span style=\"font-family: Times New Roman, serif;\"><span style=\"font-size: small;\"><b>: 15 juin.\u00a0<\/b><\/span><\/span><\/span><\/strong><strong><a href=\"https:\/\/ismfrance.org\/index.php\/2026\/06\/18\/temoignages-de-gazaouis-la-survie-qui-sorganise-au-jour-le-jour-dans-lenfer-de-gaza-partie-710-17-06-exposition-culturelle-a-gaza-deux-annees-de-creati\/\"><span style=\"color: #1982d1;\"><span style=\"font-family: Times New Roman, serif;\"><span style=\"font-size: small;\"><u><b>Partie 710<\/b><\/u><\/span><\/span><\/span><\/a><\/strong><strong><span style=\"color: #444444;\"><span style=\"font-family: Times New Roman, serif;\"><span style=\"font-size: small;\">\u00a0<\/span><\/span><\/span><\/strong><strong><span style=\"color: #444444;\"><span style=\"font-family: Times New Roman, serif;\"><span style=\"font-size: small;\"><b>: 17 juin.\u00a0<\/b><\/span><\/span><\/span><\/strong><strong><a href=\"https:\/\/ismfrance.org\/index.php\/2026\/06\/19\/temoignages-de-gazaouis-la-survie-qui-sorganise-au-jour-le-jour-dans-lenfer-de-gaza-partie-711-8-au-14-06-comment-sadapter-aux-fortes-temperatur\/\"><span style=\"color: #1982d1;\"><span style=\"font-family: Times New Roman, serif;\"><span style=\"font-size: small;\"><u><b>Partie 711<\/b><\/u><\/span><\/span><\/span><\/a><\/strong><strong><span style=\"color: #444444;\"><span style=\"font-family: Times New Roman, serif;\"><span style=\"font-size: small;\">\u00a0<\/span><\/span><\/span><\/strong><strong><span style=\"color: #444444;\"><span style=\"font-family: Times New Roman, serif;\"><span style=\"font-size: small;\"><b>: 8-14 juin.\u00a0<\/b><\/span><\/span><\/span><\/strong><strong><a href=\"https:\/\/ismfrance.org\/index.php\/2026\/06\/21\/temoignages-de-gazaouis-la-survie-qui-sorganise-au-jour-le-jour-dans-lenfer-de-gaza-partie-712-19-06-se-proteger-des-nuisibles-entre-les-pressions-et-l\/\"><span style=\"color: #1982d1;\"><span style=\"font-family: Times New Roman, serif;\"><span style=\"font-size: small;\"><u><b>Partie 712<\/b><\/u><\/span><\/span><\/span><\/a><\/strong><strong><span style=\"color: #444444;\"><span style=\"font-family: Times New Roman, serif;\"><span style=\"font-size: small;\">\u00a0<\/span><\/span><\/span><\/strong><strong><span style=\"color: #444444;\"><span style=\"font-family: Times New Roman, serif;\"><span style=\"font-size: small;\"><b>: 19 juin.\u00a0<\/b><\/span><\/span><\/span><\/strong><strong><a href=\"https:\/\/ismfrance.org\/index.php\/2026\/06\/25\/temoignages-de-gazaouis-la-survie-qui-sorganise-au-jour-le-jour-dans-lenfer-de-gaza-partie-713-20-06-les-conditions-de-vie-continuent-de-seffond\/\"><span style=\"color: #1982d1;\"><span style=\"font-family: Times New Roman, serif;\"><span style=\"font-size: small;\"><u><b>Partie 713<\/b><\/u><\/span><\/span><\/span><\/a><\/strong><strong><span style=\"color: #444444;\"><span style=\"font-family: Times New Roman, serif;\"><span style=\"font-size: small;\">\u00a0<\/span><\/span><\/span><\/strong><strong><span style=\"color: #444444;\"><span style=\"font-family: Times New Roman, serif;\"><span style=\"font-size: small;\"><b>: 20 juin.\u00a0<\/b><\/span><\/span><\/span><\/strong><strong><a href=\"https:\/\/ismfrance.org\/index.php\/2026\/06\/28\/temoignages-de-gazaouis-la-survie-qui-sorganise-au-jour-le-jour-dans-lenfer-de-gaza-partie-714-27-06-israel-reactive-son-projet-de-gaza-sans-gazaouis\/\"><span style=\"color: #1982d1;\"><span style=\"font-family: Times New Roman, serif;\"><span style=\"font-size: small;\"><u><b>Partie 714<\/b><\/u><\/span><\/span><\/span><\/a><\/strong><strong><span style=\"color: #444444;\"><span style=\"font-family: Times New Roman, serif;\"><span style=\"font-size: small;\">\u00a0<\/span><\/span><\/span><\/strong><strong><span style=\"color: #444444;\"><span style=\"font-family: Times New Roman, serif;\"><span style=\"font-size: small;\"><b>: 27 juin.\u00a0<\/b><\/span><\/span><\/span><\/strong><strong><a href=\"https:\/\/ismfrance.org\/index.php\/2026\/07\/01\/temoignages-de-gazaouis-la-survie-qui-sorganise-au-jour-le-jour-dans-lenfer-de-gaza-partie-715-29-06-l-action-humanitaire-partenaire-et-protectr\/\"><span style=\"color: #1982d1;\"><span style=\"font-family: Times New Roman, serif;\"><span style=\"font-size: small;\"><u><b>Partie 715<\/b><\/u><\/span><\/span><\/span><\/a><\/strong><strong><span style=\"color: #444444;\"><span style=\"font-family: Times New Roman, serif;\"><span style=\"font-size: small;\">\u00a0<\/span><\/span><\/span><\/strong><strong><span style=\"color: #444444;\"><span style=\"font-family: Times New Roman, serif;\"><span style=\"font-size: small;\"><b>: 29 juin.\u00a0<\/b><\/span><\/span><\/span><\/strong><strong><a href=\"https:\/\/ismfrance.org\/index.php\/2026\/07\/03\/temoignages-de-gazaouis-la-survie-qui-sorganise-au-jour-le-jour-dans-lenfer-de-gaza-partie-716-01-07-soif-et-cohesion-communautaire\/\"><span style=\"color: #1982d1;\"><span style=\"font-family: Times New Roman, serif;\"><span style=\"font-size: small;\"><u><b>Partie 716<\/b><\/u><\/span><\/span><\/span><\/a><\/strong><strong><span style=\"color: #444444;\"><span style=\"font-family: Times New Roman, serif;\"><span style=\"font-size: small;\">\u00a0<\/span><\/span><\/span><\/strong><strong><span style=\"color: #444444;\"><span style=\"font-family: Times New Roman, serif;\"><span style=\"font-size: small;\"><b>: 1er juillet.\u00a0<\/b><\/span><\/span><\/span><\/strong><strong><a href=\"https:\/\/ismfrance.org\/index.php\/2026\/07\/05\/temoignages-de-gazaouis-la-survie-qui-sorganise-au-jour-le-jour-dans-lenfer-de-gaza-partie-717-04-07-leducation-un-combat-pour-proteger-l\/\"><span style=\"color: #1982d1;\"><span style=\"font-family: Times New Roman, serif;\"><span style=\"font-size: small;\"><u><b>Partie 717<\/b><\/u><\/span><\/span><\/span><\/a><\/strong><strong><span style=\"color: #444444;\"><span style=\"font-family: Times New Roman, serif;\"><span style=\"font-size: small;\">\u00a0<\/span><\/span><\/span><\/strong><strong><span style=\"color: #444444;\"><span style=\"font-family: Times New Roman, serif;\"><span style=\"font-size: small;\"><b>: 5 juillet.\u00a0<\/b><\/span><\/span><\/span><\/strong><strong><a href=\"https:\/\/ismfrance.org\/index.php\/2026\/07\/06\/temoignages-de-gazaouis-la-survie-qui-sorganise-au-jour-le-jour-dans-lenfer-de-gaza-partie-718-04-07-1-de-leffacement-du-nom-a-la-reconstructi\/\"><span style=\"color: #1982d1;\"><span style=\"font-family: Times New Roman, serif;\"><span style=\"font-size: small;\"><u><b>Partie 718<\/b><\/u><\/span><\/span><\/span><\/a><\/strong><strong><span style=\"color: #444444;\"><span style=\"font-family: Times New Roman, serif;\"><span style=\"font-size: small;\">\u00a0<\/span><\/span><\/span><\/strong><strong><span style=\"color: #444444;\"><span style=\"font-family: Times New Roman, serif;\"><span style=\"font-size: small;\"><b>: 4 juillet (1).<\/b><\/span><\/span><\/span><\/strong><a href=\"https:\/\/ismfrance.org\/index.php\/2026\/07\/08\/temoignages-de-gazaouis-la-survie-qui-sorganise-au-jour-le-jour-dans-lenfer-de-gaza-partie-719-05-07-la-faim-preserver-la-dignite-humaine\/\"><strong><span style=\"color: #1982d1;\"><span style=\"font-family: Times New Roman, serif;\"><span style=\"font-size: small;\"><u>\u00a0<\/u><\/span><\/span><\/span><\/strong><strong><span style=\"color: #1982d1;\"><span style=\"font-family: Times New Roman, serif;\"><span style=\"font-size: small;\"><u><b>Partie 719<\/b><\/u><\/span><\/span><\/span><\/strong><\/a><strong><span style=\"color: #444444;\"><span style=\"font-family: Times New Roman, serif;\"><span style=\"font-size: small;\">\u00a0<\/span><\/span><\/span><\/strong><strong><span style=\"color: #444444;\"><span style=\"font-family: Times New Roman, serif;\"><span style=\"font-size: small;\"><b>: 5 juillet (1).\u00a0<\/b><\/span><\/span><\/span><\/strong><strong><a href=\"https:\/\/ismfrance.org\/index.php\/2026\/07\/09\/temoignages-de-gazaouis-la-survie-qui-sorganise-au-jour-le-jour-dans-lenfer-de-gaza-partie-720-6-7-7-faire-face-a-la-penurie-deau-et-a-la-chaleu\/\"><span style=\"color: #1982d1;\"><span style=\"font-family: Times New Roman, serif;\"><span style=\"font-size: small;\"><u><b>Partie 720<\/b><\/u><\/span><\/span><\/span><\/a><\/strong><strong><span style=\"color: #444444;\"><span style=\"font-family: Times New Roman, serif;\"><span style=\"font-size: small;\">\u00a0<\/span><\/span><\/span><\/strong><strong><span style=\"color: #444444;\"><span style=\"font-family: Times New Roman, serif;\"><span style=\"font-size: small;\"><b>: 6-7 juillet.\u00a0<\/b><\/span><\/span><\/span><\/strong><strong><a href=\"https:\/\/ismfrance.org\/index.php\/2026\/07\/10\/temoignages-de-gazaouis-la-survie-qui-sorganise-au-jour-le-jour-dans-lenfer-de-gaza-partie-721-8-7-leducation-entre-les-decombres-et-les-tentes\/\"><span style=\"color: #1982d1;\"><span style=\"font-family: Times New Roman, serif;\"><span style=\"font-size: small;\"><u><b>Partie 721<\/b><\/u><\/span><\/span><\/span><\/a><\/strong><strong><span style=\"color: #444444;\"><span style=\"font-family: Times New Roman, serif;\"><span style=\"font-size: small;\">\u00a0<\/span><\/span><\/span><\/strong><strong><span style=\"color: #444444;\"><span style=\"font-family: Times New Roman, serif;\"><span style=\"font-size: small;\"><b>: 8 juillet.\u00a0<\/b><\/span><\/span><\/span><\/strong><strong><a href=\"https:\/\/ismfrance.org\/index.php\/2026\/07\/14\/temoignages-de-gazaouis-la-survie-qui-sorganise-au-jour-le-jour-dans-lenfer-de-gaza-partie-722-11-7-autour-des-tables-de-lattente\/\"><span style=\"color: #1982d1;\"><span style=\"font-family: Times New Roman, serif;\"><span style=\"font-size: small;\"><u><b>Partie 722<\/b><\/u><\/span><\/span><\/span><\/a><\/strong><strong><span style=\"color: #444444;\"><span style=\"font-family: Times New Roman, serif;\"><span style=\"font-size: small;\">\u00a0<\/span><\/span><\/span><\/strong><strong><span style=\"color: #444444;\"><span style=\"font-family: Times New Roman, serif;\"><span style=\"font-size: small;\"><b>: 11 juillet.\u00a0<\/b><\/span><\/span><\/span><\/strong><strong><a href=\"https:\/\/ismfrance.org\/index.php\/2026\/07\/15\/temoignages-de-gazaouis-la-survie-qui-sorganise-au-jour-le-jour-dans-lenfer-de-gaza-partie-723-13-7-renforcer-la-gestion-de-la-colere-et-preserver-la-coh\/\"><span style=\"color: #1982d1;\"><span style=\"font-family: Times New Roman, serif;\"><span style=\"font-size: small;\"><u><b>Partie 723<\/b><\/u><\/span><\/span><\/span><\/a><\/strong><strong><span style=\"color: #444444;\"><span style=\"font-family: Times New Roman, serif;\"><span style=\"font-size: small;\">\u00a0<\/span><\/span><\/span><\/strong><strong><span style=\"color: #444444;\"><span style=\"font-family: Times New Roman, serif;\"><span style=\"font-size: small;\"><b>: 13 juillet.\u00a0<\/b><\/span><\/span><\/span><\/strong><strong><a href=\"https:\/\/ismfrance.org\/index.php\/2026\/07\/17\/temoignages-de-gazaouis-la-survie-qui-sorganise-au-jour-le-jour-dans-lenfer-de-gaza-partie-724-15-7-lecole-des-premiers-pas-dessine-une-nouvelle\/\"><span style=\"color: #1982d1;\"><span style=\"font-family: Times New Roman, serif;\"><span style=\"font-size: small;\"><u><b>Partie 724<\/b><\/u><\/span><\/span><\/span><\/a><\/strong><strong><span style=\"color: #444444;\"><span style=\"font-family: Times New Roman, serif;\"><span style=\"font-size: small;\"><b> : 15 juillet. <a href=\"https:\/\/ismfrance.org\/index.php\/2026\/07\/18\/temoignages-de-gazaouis-la-survie-qui-sorganise-au-jour-le-jour-dans-lenfer-de-gaza-partie-725-17-7-le-mariage-precoce-dans-les-camps-autre-consequence\/\">Partie 725<\/a> : 17 juillet. <a href=\"https:\/\/ismfrance.org\/index.php\/2026\/07\/20\/temoignages-de-gazaouis-la-survie-qui-sorganise-au-jour-le-jour-dans-lenfer-de-gaza-partie-726-18-7-nos-joies-sous-les-tentes-du-deplacement\/\">Partie 726<\/a> : 18 juillet.\u00a0 <a href=\"https:\/\/ismfrance.org\/index.php\/2026\/07\/22\/temoignages-de-gazaouis-la-survie-qui-sorganise-au-jour-le-jour-dans-lenfer-de-gaza-partie-727-19-7-une-economie-sous-les-decombres\/\">Partie 727<\/a> : 19 juillet. <a href=\"https:\/\/ismfrance.org\/index.php\/2026\/07\/24\/temoignages-de-gazaouis-la-survie-qui-sorganise-au-jour-le-jour-dans-lenfer-de-gaza-partie-728-23-7-une-generation-en-quete-davenir\/\">Partie 728<\/a> : 23 juillet. <a href=\"https:\/\/ismfrance.org\/index.php\/2026\/07\/27\/temoignages-de-gazaouis-la-survie-qui-sorganise-au-jour-le-jour-dans-lenfer-de-gaza-partie-729-25-7-le-voyage-des-agriculteurs-de-leurs-terres-aux-tentes-du\/\">Partie 729<\/a> : 25 juillet. <a href=\"https:\/\/ismfrance.org\/index.php\/2026\/07\/30\/temoignages-de-gazaouis-la-survie-qui-sorganise-au-jour-le-jour-dans-lenfer-de-gaza-partie-730-26-27-7-recreer-un-foyer-dans-la-tente\/\">Partie 730<\/a> : 26-27 juillet. <a href=\"https:\/\/ismfrance.org\/index.php\/2026\/07\/31\/temoignages-de-gazaouis-la-survie-qui-sorganise-au-jour-le-jour-dans-lenfer-de-gaza-partie-731-29-7-je-ne-sais-plus-quoi-ecrire\/\">Partie 731<\/a> : 29 juillet. <a href=\"https:\/\/ismfrance.org\/index.php\/2026\/08\/03\/temoignages-de-gazaouis-la-survie-qui-sorganise-au-jour-le-jour-dans-lenfer-de-gaza-partie-732-1er-8-gaza-na-pas-besoin-de-declarations-d\/\">Partie 732<\/a> : 1er ao\u00fbt. <a href=\"https:\/\/ismfrance.org\/index.php\/2026\/08\/06\/temoignages-de-gazaouis-la-survie-qui-sorganise-au-jour-le-jour-dans-lenfer-de-gaza-partie-733-3-8-un-sourire-au-coeur-du-deplacement\/\">Partie 733<\/a> : 3 ao\u00fbt. <a href=\"https:\/\/ismfrance.org\/index.php\/2026\/08\/10\/temoignages-de-gazaouis-la-survie-qui-sorganise-au-jour-le-jour-dans-lenfer-de-gaza-partie-734-8-9-8-droits-des-femmes-deplacees-force-communautaire\/\">Partie 734<\/a> : 8-9 ao\u00fbt. <a href=\"https:\/\/ismfrance.org\/index.php\/2026\/08\/13\/temoignages-de-gazaouis-la-survie-qui-sorganise-au-jour-le-jour-dans-lenfer-de-gaza-partie-735-11-8-le-repas-qui-protege-une-famille\/\">Partie 735<\/a> : 11 ao\u00fbt. <a href=\"https:\/\/ismfrance.org\/index.php\/2026\/08\/13\/temoignages-de-gazaouis-la-survie-qui-sorganise-au-jour-le-jour-dans-lenfer-de-gaza-partie-736-12-8-leducation-entre-guerre-et-tentative-de-retr\/\">Partie 736<\/a> : 12 ao\u00fbt. <a href=\"https:\/\/ismfrance.org\/index.php\/2026\/08\/19\/30969\/\">Partie 737<\/a> : 15-17 ao\u00fbt. <a href=\"https:\/\/ismfrance.org\/index.php\/2026\/08\/23\/temoignages-de-gazaouis-la-survie-qui-sorganise-au-jour-le-jour-dans-lenfer-de-gaza-partie-738-23-8-economie-souterraine-a-gaza\/\">Partie 738<\/a> : 23 ao\u00fbt. <a href=\"https:\/\/ismfrance.org\/index.php\/2026\/08\/26\/temoignages-de-gazaouis-la-survie-qui-sorganise-au-jour-le-jour-dans-lenfer-de-gaza-partie-739-25-8-protection-des-enfants-faire-face-a-la-chaleur-dans-les\/\">Partie 739<\/a> : 25 juillet. <a href=\"https:\/\/ismfrance.org\/index.php\/2026\/08\/29\/temoignages-de-gazaouis-la-survie-qui-sorganise-au-jour-le-jour-dans-lenfer-de-gaza-partie-740-28-8-colere-des-notables-et-des-mokhtars-de-lest-de-kh\/\">Partie 740<\/a> : 28 ao\u00fbt.<\/b><\/span><\/span><\/span><\/strong><\/p>\n<pre class=\"western\"><em><span style=\"color: #444444;\"><span style=\"font-family: Times New Roman, serif;\"><span style=\"font-size: small;\"><i><b>* <\/b><\/i><\/span><\/span><\/span><\/em><em><a href=\"https:\/\/ismfrance.org\/index.php\/temoignages-gazaouis-survie-enfer-gaza-1\/\" target=\"_blank\" rel=\"noopener\"><span style=\"color: #1982d1;\"><span style=\"font-family: Times New Roman, serif;\"><span style=\"font-size: small;\"><i><u><b>T\u00e9moignages du 20 novembre 2023 au 5 janvier 2025 (partie 1 \u00e0 268)<\/b><\/u><\/i><\/span><\/span><\/span><\/a><\/em>\r\n<strong><span style=\"color: #444444;\"><span style=\"font-family: Times New Roman, serif;\"><span style=\"font-size: small;\"><i><b>* <\/b><\/i><\/span><\/span><\/span><\/strong><strong><a href=\"https:\/\/ismfrance.org\/index.php\/2025\/05\/11\/temoignages-de-gazaouis-la-survie-qui-sorganise-au-jour-le-jour-dans-lenfer-de-gaza-recapitulatif-du-5-janvier-au-9-mai-2025-partie-269-a-392\/\"><span style=\"color: #1982d1;\"><span style=\"font-family: Times New Roman, serif;\"><span style=\"font-size: small;\"><i><u><b>T\u00e9moignages du 5 janvier au 9 mai 2025 (partie 269 \u00e0 392)<\/b><\/u><\/i><\/span><\/span><\/span><\/a><\/strong>\r\n<strong><span style=\"color: #444444;\"><span style=\"font-family: Times New Roman, serif;\"><span style=\"font-size: small;\"><i><b>* <\/b><\/i><\/span><\/span><\/span><\/strong><strong><a href=\"https:\/\/ismfrance.org\/index.php\/2025\/10\/07\/temoignages-de-gazaouis-la-survie-qui-sorganise-au-jour-le-jour-dans-lenfer-de-gaza-recapitulatif-du-10-mai-au-5-octobre-2025-partie-393-a-540\/\"><span style=\"color: #1982d1;\"><span style=\"font-family: Times New Roman, serif;\"><span style=\"font-size: small;\"><i><u><b>T\u00e9moignages du 10 mai au 5 octobre 2025 (partie 393 \u00e0 540)<\/b><\/u><\/i><\/span><\/span><\/span><\/a><\/strong>\r\n<strong><span style=\"color: #444444;\"><span style=\"font-family: Times New Roman, serif;\"><span style=\"font-size: small;\"><b>* <\/b><\/span><\/span><\/span><\/strong><em><a href=\"https:\/\/ismfrance.org\/index.php\/2026\/01\/03\/temoignages-de-gazaouis-la-survie-qui-sorganise-au-jour-le-jour-dans-lenfer-de-gaza-recapitulatif-du-6-octobre-au-31-decembre-2025-partie-541-a-614\/\"><span style=\"color: #1982d1;\"><span style=\"font-family: Times New Roman, serif;\"><span style=\"font-size: small;\"><i><u><b>T\u00e9moignages du 6 octobre au 31 d\u00e9cembre 2025 (partie 541 \u00e0 614)<\/b><\/u><\/i><\/span><\/span><\/span><\/a><\/em>\r\n\r\n<strong><span style=\"color: #000000;\"><span style=\"font-family: Times New Roman, serif;\"><span style=\"font-size: small;\"><b>Pour participer \u00e0 la collecte \"Urgence Guerre \u00e0 Gaza\" : <\/b><\/span><\/span><\/span><\/strong><strong><a href=\"https:\/\/www.helloasso.com\/associations\/union-juive-francaise-pour-la-paix\/collectes\/urgence-guerre-a-gaza\"><span style=\"color: #000000;\"><span style=\"font-family: Times New Roman, serif;\"><span style=\"font-size: small;\"><u><b>HelloAsso.com<\/b><\/u><\/span><\/span><\/span><\/a><\/strong>\r\n<strong><span style=\"color: #000000;\"><span style=\"font-family: Times New Roman, serif;\"><span style=\"font-size: small;\"><b>Les t\u00e9moignages sont publi\u00e9s sur <\/b><\/span><\/span><\/span><\/strong><strong><a href=\"https:\/\/ujfp.org\/\"><span style=\"color: #000000;\"><span style=\"font-family: Times New Roman, serif;\"><span style=\"font-size: small;\"><u><b>UJFP<\/b><\/u><\/span><\/span><\/span><\/a><\/strong> <strong><span style=\"color: #000000;\"><span style=\"font-family: Times New Roman, serif;\"><span style=\"font-size: small;\"><b>\/\u00a0<\/b><\/span><\/span><\/span><\/strong><strong><a href=\"https:\/\/altermidi.org\/\"><span style=\"color: #000000;\"><span style=\"font-family: Times New Roman, serif;\"><span style=\"font-size: small;\"><u><b>Altermidi<\/b><\/u><\/span><\/span><\/span><\/a><\/strong> <strong><span style=\"color: #000000;\"><span style=\"font-family: Times New Roman, serif;\"><span style=\"font-size: small;\"><b>\/ <\/b><\/span><\/span><\/span><\/strong><strong><a href=\"https:\/\/lepoing.net\/\"><span style=\"color: #000000;\"><span style=\"font-family: Times New Roman, serif;\"><span style=\"font-size: small;\"><u><b>Le Poing<\/b><\/u><\/span><\/span><\/span><\/a><\/strong><\/pre>\n","protected":false},"excerpt":{"rendered":"<p>Brigitte Challande, 1er septembre 2026.- Un texte d\u2019Abu Amir, le 29 ao\u00fbt\u00a0: l\u2019UJFP soutient les agriculteurs de Deir al-Balah et permet aux enfants de renouer avec l\u2019agriculture. \u00ab\u00a0Pendant des ann\u00e9es, <a class=\"more-link\" href=\"https:\/\/ismfrance.org\/index.php\/2026\/09\/01\/temoignages-de-gazaouis-la-survie-qui-sorganise-au-jour-le-jour-dans-lenfer-de-gaza-partie-741-29-8-de-la-terre-a-lespoir-une-nouvelle-initiati\/\">Lire la suite &rarr;<\/a><\/p>\n","protected":false},"author":3,"featured_media":31139,"comment_status":"closed","ping_status":"closed","sticky":false,"template":"","format":"standard","meta":{"footnotes":""},"categories":[2,13],"tags":[139,156],"class_list":["post-31136","post","type-post","status-publish","format-standard","has-post-thumbnail","hentry","category-articles","category-temoignages","tag-agriculture","tag-genocide"],"yoast_head":"<!-- This site is optimized with the Yoast SEO plugin v28.3 - https:\/\/yoast.com\/product\/yoast-seo-wordpress\/ -->\n<title>T\u00e9moignages de Gazaouis : La survie qui s\u2019organise au jour le jour dans l\u2019enfer de Gaza \u2013 partie 741 \/ 29.8 \u2013\u00a0De la terre \u00e0 l\u2019espoir, une nouvelle initiative de l\u2019U.J.F.P \u00e0 Gaza - International Solidarity Movement - ISM-France<\/title>\n<meta name=\"robots\" content=\"index, follow, max-snippet:-1, max-image-preview:large, max-video-preview:-1\" \/>\n<link rel=\"canonical\" href=\"https:\/\/ismfrance.org\/index.php\/2026\/09\/01\/temoignages-de-gazaouis-la-survie-qui-sorganise-au-jour-le-jour-dans-lenfer-de-gaza-partie-741-29-8-de-la-terre-a-lespoir-une-nouvelle-initiati\/\" \/>\n<meta property=\"og:locale\" content=\"fr_FR\" \/>\n<meta property=\"og:type\" content=\"article\" \/>\n<meta property=\"og:title\" content=\"T\u00e9moignages de Gazaouis : La survie qui s\u2019organise au jour le jour dans l\u2019enfer de Gaza \u2013 partie 741 \/ 29.8 \u2013\u00a0De la terre \u00e0 l\u2019espoir, une nouvelle initiative de l\u2019U.J.F.P \u00e0 Gaza - International Solidarity Movement - ISM-France\" \/>\n<meta property=\"og:description\" content=\"Brigitte Challande, 1er septembre 2026.- Un texte d\u2019Abu Amir, le 29 ao\u00fbt\u00a0: l\u2019UJFP soutient les agriculteurs de Deir al-Balah et permet aux enfants de renouer avec l\u2019agriculture. \u00ab\u00a0Pendant des ann\u00e9es, Lire la suite &rarr;\" \/>\n<meta property=\"og:url\" content=\"https:\/\/ismfrance.org\/index.php\/2026\/09\/01\/temoignages-de-gazaouis-la-survie-qui-sorganise-au-jour-le-jour-dans-lenfer-de-gaza-partie-741-29-8-de-la-terre-a-lespoir-une-nouvelle-initiati\/\" \/>\n<meta property=\"og:site_name\" content=\"International Solidarity Movement - ISM-France\" \/>\n<meta property=\"article:published_time\" content=\"2026-09-01T08:03:24+00:00\" \/>\n<meta property=\"og:image\" content=\"https:\/\/ismfrance.org\/wp-content\/uploads\/2026\/09\/IMG_7320-700x467.jpg\" \/>\n\t<meta property=\"og:image:width\" content=\"700\" \/>\n\t<meta property=\"og:image:height\" content=\"467\" \/>\n\t<meta property=\"og:image:type\" content=\"image\/jpeg\" \/>\n<meta name=\"author\" content=\"mru_01\" \/>\n<meta name=\"twitter:card\" content=\"summary_large_image\" \/>\n<meta name=\"twitter:creator\" content=\"@ISMFRANCE\" \/>\n<meta name=\"twitter:site\" content=\"@ISMFRANCE\" \/>\n<meta name=\"twitter:label1\" content=\"\u00c9crit par\" \/>\n\t<meta name=\"twitter:data1\" content=\"mru_01\" \/>\n\t<meta name=\"twitter:label2\" content=\"Dur\u00e9e de lecture estim\u00e9e\" \/>\n\t<meta name=\"twitter:data2\" content=\"10 minutes\" \/>\n<script type=\"application\/ld+json\" class=\"yoast-schema-graph\">{\"@context\":\"https:\\\/\\\/schema.org\",\"@graph\":[{\"@type\":\"Article\",\"@id\":\"https:\\\/\\\/ismfrance.org\\\/index.php\\\/2026\\\/09\\\/01\\\/temoignages-de-gazaouis-la-survie-qui-sorganise-au-jour-le-jour-dans-lenfer-de-gaza-partie-741-29-8-de-la-terre-a-lespoir-une-nouvelle-initiati\\\/#article\",\"isPartOf\":{\"@id\":\"https:\\\/\\\/ismfrance.org\\\/index.php\\\/2026\\\/09\\\/01\\\/temoignages-de-gazaouis-la-survie-qui-sorganise-au-jour-le-jour-dans-lenfer-de-gaza-partie-741-29-8-de-la-terre-a-lespoir-une-nouvelle-initiati\\\/\"},\"author\":{\"name\":\"mru_01\",\"@id\":\"https:\\\/\\\/ismfrance.org\\\/#\\\/schema\\\/person\\\/3c411eb72adfaae19c0dca1f41fae01d\"},\"headline\":\"T\u00e9moignages de Gazaouis : La survie qui s\u2019organise au jour le jour dans l\u2019enfer de Gaza \u2013 partie 741 \\\/ 29.8 \u2013\u00a0De la terre \u00e0 l\u2019espoir, une nouvelle initiative de l\u2019U.J.F.P \u00e0 Gaza\",\"datePublished\":\"2026-09-01T08:03:24+00:00\",\"mainEntityOfPage\":{\"@id\":\"https:\\\/\\\/ismfrance.org\\\/index.php\\\/2026\\\/09\\\/01\\\/temoignages-de-gazaouis-la-survie-qui-sorganise-au-jour-le-jour-dans-lenfer-de-gaza-partie-741-29-8-de-la-terre-a-lespoir-une-nouvelle-initiati\\\/\"},\"wordCount\":1552,\"publisher\":{\"@id\":\"https:\\\/\\\/ismfrance.org\\\/#organization\"},\"image\":{\"@id\":\"https:\\\/\\\/ismfrance.org\\\/index.php\\\/2026\\\/09\\\/01\\\/temoignages-de-gazaouis-la-survie-qui-sorganise-au-jour-le-jour-dans-lenfer-de-gaza-partie-741-29-8-de-la-terre-a-lespoir-une-nouvelle-initiati\\\/#primaryimage\"},\"thumbnailUrl\":\"https:\\\/\\\/ismfrance.org\\\/wp-content\\\/uploads\\\/2026\\\/09\\\/IMG_7320.jpg\",\"keywords\":[\"Agriculture\",\"G\u00e9nocide\"],\"articleSection\":[\"Articles\",\"T\u00e9moignages\"],\"inLanguage\":\"fr-FR\"},{\"@type\":\"WebPage\",\"@id\":\"https:\\\/\\\/ismfrance.org\\\/index.php\\\/2026\\\/09\\\/01\\\/temoignages-de-gazaouis-la-survie-qui-sorganise-au-jour-le-jour-dans-lenfer-de-gaza-partie-741-29-8-de-la-terre-a-lespoir-une-nouvelle-initiati\\\/\",\"url\":\"https:\\\/\\\/ismfrance.org\\\/index.php\\\/2026\\\/09\\\/01\\\/temoignages-de-gazaouis-la-survie-qui-sorganise-au-jour-le-jour-dans-lenfer-de-gaza-partie-741-29-8-de-la-terre-a-lespoir-une-nouvelle-initiati\\\/\",\"name\":\"T\u00e9moignages de Gazaouis : La survie qui s\u2019organise au jour le jour dans l\u2019enfer de Gaza \u2013 partie 741 \\\/ 29.8 \u2013\u00a0De la terre \u00e0 l\u2019espoir, une nouvelle initiative de l\u2019U.J.F.P \u00e0 Gaza - International Solidarity Movement - ISM-France\",\"isPartOf\":{\"@id\":\"https:\\\/\\\/ismfrance.org\\\/#website\"},\"primaryImageOfPage\":{\"@id\":\"https:\\\/\\\/ismfrance.org\\\/index.php\\\/2026\\\/09\\\/01\\\/temoignages-de-gazaouis-la-survie-qui-sorganise-au-jour-le-jour-dans-lenfer-de-gaza-partie-741-29-8-de-la-terre-a-lespoir-une-nouvelle-initiati\\\/#primaryimage\"},\"image\":{\"@id\":\"https:\\\/\\\/ismfrance.org\\\/index.php\\\/2026\\\/09\\\/01\\\/temoignages-de-gazaouis-la-survie-qui-sorganise-au-jour-le-jour-dans-lenfer-de-gaza-partie-741-29-8-de-la-terre-a-lespoir-une-nouvelle-initiati\\\/#primaryimage\"},\"thumbnailUrl\":\"https:\\\/\\\/ismfrance.org\\\/wp-content\\\/uploads\\\/2026\\\/09\\\/IMG_7320.jpg\",\"datePublished\":\"2026-09-01T08:03:24+00:00\",\"breadcrumb\":{\"@id\":\"https:\\\/\\\/ismfrance.org\\\/index.php\\\/2026\\\/09\\\/01\\\/temoignages-de-gazaouis-la-survie-qui-sorganise-au-jour-le-jour-dans-lenfer-de-gaza-partie-741-29-8-de-la-terre-a-lespoir-une-nouvelle-initiati\\\/#breadcrumb\"},\"inLanguage\":\"fr-FR\",\"potentialAction\":[{\"@type\":\"ReadAction\",\"target\":[\"https:\\\/\\\/ismfrance.org\\\/index.php\\\/2026\\\/09\\\/01\\\/temoignages-de-gazaouis-la-survie-qui-sorganise-au-jour-le-jour-dans-lenfer-de-gaza-partie-741-29-8-de-la-terre-a-lespoir-une-nouvelle-initiati\\\/\"]}]},{\"@type\":\"ImageObject\",\"inLanguage\":\"fr-FR\",\"@id\":\"https:\\\/\\\/ismfrance.org\\\/index.php\\\/2026\\\/09\\\/01\\\/temoignages-de-gazaouis-la-survie-qui-sorganise-au-jour-le-jour-dans-lenfer-de-gaza-partie-741-29-8-de-la-terre-a-lespoir-une-nouvelle-initiati\\\/#primaryimage\",\"url\":\"https:\\\/\\\/ismfrance.org\\\/wp-content\\\/uploads\\\/2026\\\/09\\\/IMG_7320.jpg\",\"contentUrl\":\"https:\\\/\\\/ismfrance.org\\\/wp-content\\\/uploads\\\/2026\\\/09\\\/IMG_7320.jpg\",\"width\":2400,\"height\":1600},{\"@type\":\"BreadcrumbList\",\"@id\":\"https:\\\/\\\/ismfrance.org\\\/index.php\\\/2026\\\/09\\\/01\\\/temoignages-de-gazaouis-la-survie-qui-sorganise-au-jour-le-jour-dans-lenfer-de-gaza-partie-741-29-8-de-la-terre-a-lespoir-une-nouvelle-initiati\\\/#breadcrumb\",\"itemListElement\":[{\"@type\":\"ListItem\",\"position\":1,\"name\":\"Accueil\",\"item\":\"https:\\\/\\\/ismfrance.org\\\/\"},{\"@type\":\"ListItem\",\"position\":2,\"name\":\"T\u00e9moignages de Gazaouis : La survie qui s\u2019organise au jour le jour dans l\u2019enfer de Gaza \u2013 partie 741 \\\/ 29.8 \u2013\u00a0De la terre \u00e0 l\u2019espoir, une nouvelle initiative de l\u2019U.J.F.P \u00e0 Gaza\"}]},{\"@type\":\"WebSite\",\"@id\":\"https:\\\/\\\/ismfrance.org\\\/#website\",\"url\":\"https:\\\/\\\/ismfrance.org\\\/\",\"name\":\"ISM Palestine France\",\"description\":\"Soutien aux luttes de lib\u00e9ration du peuple palestinien\",\"publisher\":{\"@id\":\"https:\\\/\\\/ismfrance.org\\\/#organization\"},\"potentialAction\":[{\"@type\":\"SearchAction\",\"target\":{\"@type\":\"EntryPoint\",\"urlTemplate\":\"https:\\\/\\\/ismfrance.org\\\/?s={search_term_string}\"},\"query-input\":{\"@type\":\"PropertyValueSpecification\",\"valueRequired\":true,\"valueName\":\"search_term_string\"}}],\"inLanguage\":\"fr-FR\"},{\"@type\":\"Organization\",\"@id\":\"https:\\\/\\\/ismfrance.org\\\/#organization\",\"name\":\"International Solidarity Movement\",\"url\":\"https:\\\/\\\/ismfrance.org\\\/\",\"logo\":{\"@type\":\"ImageObject\",\"inLanguage\":\"fr-FR\",\"@id\":\"https:\\\/\\\/ismfrance.org\\\/#\\\/schema\\\/logo\\\/image\\\/\",\"url\":\"https:\\\/\\\/ismfrance.org\\\/wp-content\\\/uploads\\\/2020\\\/12\\\/00.png\",\"contentUrl\":\"https:\\\/\\\/ismfrance.org\\\/wp-content\\\/uploads\\\/2020\\\/12\\\/00.png\",\"width\":400,\"height\":400,\"caption\":\"International Solidarity Movement\"},\"image\":{\"@id\":\"https:\\\/\\\/ismfrance.org\\\/#\\\/schema\\\/logo\\\/image\\\/\"},\"sameAs\":[\"https:\\\/\\\/x.com\\\/ISMFRANCE\"]},{\"@type\":\"Person\",\"@id\":\"https:\\\/\\\/ismfrance.org\\\/#\\\/schema\\\/person\\\/3c411eb72adfaae19c0dca1f41fae01d\",\"name\":\"mru_01\",\"image\":{\"@type\":\"ImageObject\",\"inLanguage\":\"fr-FR\",\"@id\":\"https:\\\/\\\/secure.gravatar.com\\\/avatar\\\/3a0be343b445d2ccc79e87444a294fad2b232e90d2051d0e3cc219e1ecd6a330?s=96&d=mm&r=g\",\"url\":\"https:\\\/\\\/secure.gravatar.com\\\/avatar\\\/3a0be343b445d2ccc79e87444a294fad2b232e90d2051d0e3cc219e1ecd6a330?s=96&d=mm&r=g\",\"contentUrl\":\"https:\\\/\\\/secure.gravatar.com\\\/avatar\\\/3a0be343b445d2ccc79e87444a294fad2b232e90d2051d0e3cc219e1ecd6a330?s=96&d=mm&r=g\",\"caption\":\"mru_01\"},\"url\":\"https:\\\/\\\/ismfrance.org\\\/index.php\\\/author\\\/admin02\\\/\"}]}<\/script>\n<!-- \/ Yoast SEO plugin. -->","yoast_head_json":{"title":"T\u00e9moignages de Gazaouis : La survie qui s\u2019organise au jour le jour dans l\u2019enfer de Gaza \u2013 partie 741 \/ 29.8 \u2013\u00a0De la terre \u00e0 l\u2019espoir, une nouvelle initiative de l\u2019U.J.F.P \u00e0 Gaza - International Solidarity Movement - ISM-France","robots":{"index":"index","follow":"follow","max-snippet":"max-snippet:-1","max-image-preview":"max-image-preview:large","max-video-preview":"max-video-preview:-1"},"canonical":"https:\/\/ismfrance.org\/index.php\/2026\/09\/01\/temoignages-de-gazaouis-la-survie-qui-sorganise-au-jour-le-jour-dans-lenfer-de-gaza-partie-741-29-8-de-la-terre-a-lespoir-une-nouvelle-initiati\/","og_locale":"fr_FR","og_type":"article","og_title":"T\u00e9moignages de Gazaouis : La survie qui s\u2019organise au jour le jour dans l\u2019enfer de Gaza \u2013 partie 741 \/ 29.8 \u2013\u00a0De la terre \u00e0 l\u2019espoir, une nouvelle initiative de l\u2019U.J.F.P \u00e0 Gaza - International Solidarity Movement - ISM-France","og_description":"Brigitte Challande, 1er septembre 2026.- Un texte d\u2019Abu Amir, le 29 ao\u00fbt\u00a0: l\u2019UJFP soutient les agriculteurs de Deir al-Balah et permet aux enfants de renouer avec l\u2019agriculture. \u00ab\u00a0Pendant des ann\u00e9es, Lire la suite &rarr;","og_url":"https:\/\/ismfrance.org\/index.php\/2026\/09\/01\/temoignages-de-gazaouis-la-survie-qui-sorganise-au-jour-le-jour-dans-lenfer-de-gaza-partie-741-29-8-de-la-terre-a-lespoir-une-nouvelle-initiati\/","og_site_name":"International Solidarity Movement - ISM-France","article_published_time":"2026-09-01T08:03:24+00:00","og_image":[{"width":700,"height":467,"url":"https:\/\/ismfrance.org\/wp-content\/uploads\/2026\/09\/IMG_7320-700x467.jpg","type":"image\/jpeg"}],"author":"mru_01","twitter_card":"summary_large_image","twitter_creator":"@ISMFRANCE","twitter_site":"@ISMFRANCE","twitter_misc":{"\u00c9crit par":"mru_01","Dur\u00e9e de lecture estim\u00e9e":"10 minutes"},"schema":{"@context":"https:\/\/schema.org","@graph":[{"@type":"Article","@id":"https:\/\/ismfrance.org\/index.php\/2026\/09\/01\/temoignages-de-gazaouis-la-survie-qui-sorganise-au-jour-le-jour-dans-lenfer-de-gaza-partie-741-29-8-de-la-terre-a-lespoir-une-nouvelle-initiati\/#article","isPartOf":{"@id":"https:\/\/ismfrance.org\/index.php\/2026\/09\/01\/temoignages-de-gazaouis-la-survie-qui-sorganise-au-jour-le-jour-dans-lenfer-de-gaza-partie-741-29-8-de-la-terre-a-lespoir-une-nouvelle-initiati\/"},"author":{"name":"mru_01","@id":"https:\/\/ismfrance.org\/#\/schema\/person\/3c411eb72adfaae19c0dca1f41fae01d"},"headline":"T\u00e9moignages de Gazaouis : La survie qui s\u2019organise au jour le jour dans l\u2019enfer de Gaza \u2013 partie 741 \/ 29.8 \u2013\u00a0De la terre \u00e0 l\u2019espoir, une nouvelle initiative de l\u2019U.J.F.P \u00e0 Gaza","datePublished":"2026-09-01T08:03:24+00:00","mainEntityOfPage":{"@id":"https:\/\/ismfrance.org\/index.php\/2026\/09\/01\/temoignages-de-gazaouis-la-survie-qui-sorganise-au-jour-le-jour-dans-lenfer-de-gaza-partie-741-29-8-de-la-terre-a-lespoir-une-nouvelle-initiati\/"},"wordCount":1552,"publisher":{"@id":"https:\/\/ismfrance.org\/#organization"},"image":{"@id":"https:\/\/ismfrance.org\/index.php\/2026\/09\/01\/temoignages-de-gazaouis-la-survie-qui-sorganise-au-jour-le-jour-dans-lenfer-de-gaza-partie-741-29-8-de-la-terre-a-lespoir-une-nouvelle-initiati\/#primaryimage"},"thumbnailUrl":"https:\/\/ismfrance.org\/wp-content\/uploads\/2026\/09\/IMG_7320.jpg","keywords":["Agriculture","G\u00e9nocide"],"articleSection":["Articles","T\u00e9moignages"],"inLanguage":"fr-FR"},{"@type":"WebPage","@id":"https:\/\/ismfrance.org\/index.php\/2026\/09\/01\/temoignages-de-gazaouis-la-survie-qui-sorganise-au-jour-le-jour-dans-lenfer-de-gaza-partie-741-29-8-de-la-terre-a-lespoir-une-nouvelle-initiati\/","url":"https:\/\/ismfrance.org\/index.php\/2026\/09\/01\/temoignages-de-gazaouis-la-survie-qui-sorganise-au-jour-le-jour-dans-lenfer-de-gaza-partie-741-29-8-de-la-terre-a-lespoir-une-nouvelle-initiati\/","name":"T\u00e9moignages de Gazaouis : La survie qui s\u2019organise au jour le jour dans l\u2019enfer de Gaza \u2013 partie 741 \/ 29.8 \u2013\u00a0De la terre \u00e0 l\u2019espoir, une nouvelle initiative de l\u2019U.J.F.P \u00e0 Gaza - International Solidarity Movement - ISM-France","isPartOf":{"@id":"https:\/\/ismfrance.org\/#website"},"primaryImageOfPage":{"@id":"https:\/\/ismfrance.org\/index.php\/2026\/09\/01\/temoignages-de-gazaouis-la-survie-qui-sorganise-au-jour-le-jour-dans-lenfer-de-gaza-partie-741-29-8-de-la-terre-a-lespoir-une-nouvelle-initiati\/#primaryimage"},"image":{"@id":"https:\/\/ismfrance.org\/index.php\/2026\/09\/01\/temoignages-de-gazaouis-la-survie-qui-sorganise-au-jour-le-jour-dans-lenfer-de-gaza-partie-741-29-8-de-la-terre-a-lespoir-une-nouvelle-initiati\/#primaryimage"},"thumbnailUrl":"https:\/\/ismfrance.org\/wp-content\/uploads\/2026\/09\/IMG_7320.jpg","datePublished":"2026-09-01T08:03:24+00:00","breadcrumb":{"@id":"https:\/\/ismfrance.org\/index.php\/2026\/09\/01\/temoignages-de-gazaouis-la-survie-qui-sorganise-au-jour-le-jour-dans-lenfer-de-gaza-partie-741-29-8-de-la-terre-a-lespoir-une-nouvelle-initiati\/#breadcrumb"},"inLanguage":"fr-FR","potentialAction":[{"@type":"ReadAction","target":["https:\/\/ismfrance.org\/index.php\/2026\/09\/01\/temoignages-de-gazaouis-la-survie-qui-sorganise-au-jour-le-jour-dans-lenfer-de-gaza-partie-741-29-8-de-la-terre-a-lespoir-une-nouvelle-initiati\/"]}]},{"@type":"ImageObject","inLanguage":"fr-FR","@id":"https:\/\/ismfrance.org\/index.php\/2026\/09\/01\/temoignages-de-gazaouis-la-survie-qui-sorganise-au-jour-le-jour-dans-lenfer-de-gaza-partie-741-29-8-de-la-terre-a-lespoir-une-nouvelle-initiati\/#primaryimage","url":"https:\/\/ismfrance.org\/wp-content\/uploads\/2026\/09\/IMG_7320.jpg","contentUrl":"https:\/\/ismfrance.org\/wp-content\/uploads\/2026\/09\/IMG_7320.jpg","width":2400,"height":1600},{"@type":"BreadcrumbList","@id":"https:\/\/ismfrance.org\/index.php\/2026\/09\/01\/temoignages-de-gazaouis-la-survie-qui-sorganise-au-jour-le-jour-dans-lenfer-de-gaza-partie-741-29-8-de-la-terre-a-lespoir-une-nouvelle-initiati\/#breadcrumb","itemListElement":[{"@type":"ListItem","position":1,"name":"Accueil","item":"https:\/\/ismfrance.org\/"},{"@type":"ListItem","position":2,"name":"T\u00e9moignages de Gazaouis : La survie qui s\u2019organise au jour le jour dans l\u2019enfer de Gaza \u2013 partie 741 \/ 29.8 \u2013\u00a0De la terre \u00e0 l\u2019espoir, une nouvelle initiative de l\u2019U.J.F.P \u00e0 Gaza"}]},{"@type":"WebSite","@id":"https:\/\/ismfrance.org\/#website","url":"https:\/\/ismfrance.org\/","name":"ISM Palestine France","description":"Soutien aux luttes de lib\u00e9ration du peuple palestinien","publisher":{"@id":"https:\/\/ismfrance.org\/#organization"},"potentialAction":[{"@type":"SearchAction","target":{"@type":"EntryPoint","urlTemplate":"https:\/\/ismfrance.org\/?s={search_term_string}"},"query-input":{"@type":"PropertyValueSpecification","valueRequired":true,"valueName":"search_term_string"}}],"inLanguage":"fr-FR"},{"@type":"Organization","@id":"https:\/\/ismfrance.org\/#organization","name":"International Solidarity Movement","url":"https:\/\/ismfrance.org\/","logo":{"@type":"ImageObject","inLanguage":"fr-FR","@id":"https:\/\/ismfrance.org\/#\/schema\/logo\/image\/","url":"https:\/\/ismfrance.org\/wp-content\/uploads\/2020\/12\/00.png","contentUrl":"https:\/\/ismfrance.org\/wp-content\/uploads\/2020\/12\/00.png","width":400,"height":400,"caption":"International Solidarity Movement"},"image":{"@id":"https:\/\/ismfrance.org\/#\/schema\/logo\/image\/"},"sameAs":["https:\/\/x.com\/ISMFRANCE"]},{"@type":"Person","@id":"https:\/\/ismfrance.org\/#\/schema\/person\/3c411eb72adfaae19c0dca1f41fae01d","name":"mru_01","image":{"@type":"ImageObject","inLanguage":"fr-FR","@id":"https:\/\/secure.gravatar.com\/avatar\/3a0be343b445d2ccc79e87444a294fad2b232e90d2051d0e3cc219e1ecd6a330?s=96&d=mm&r=g","url":"https:\/\/secure.gravatar.com\/avatar\/3a0be343b445d2ccc79e87444a294fad2b232e90d2051d0e3cc219e1ecd6a330?s=96&d=mm&r=g","contentUrl":"https:\/\/secure.gravatar.com\/avatar\/3a0be343b445d2ccc79e87444a294fad2b232e90d2051d0e3cc219e1ecd6a330?s=96&d=mm&r=g","caption":"mru_01"},"url":"https:\/\/ismfrance.org\/index.php\/author\/admin02\/"}]}},"_links":{"self":[{"href":"https:\/\/ismfrance.org\/index.php\/wp-json\/wp\/v2\/posts\/31136","targetHints":{"allow":["GET"]}}],"collection":[{"href":"https:\/\/ismfrance.org\/index.php\/wp-json\/wp\/v2\/posts"}],"about":[{"href":"https:\/\/ismfrance.org\/index.php\/wp-json\/wp\/v2\/types\/post"}],"author":[{"embeddable":true,"href":"https:\/\/ismfrance.org\/index.php\/wp-json\/wp\/v2\/users\/3"}],"replies":[{"embeddable":true,"href":"https:\/\/ismfrance.org\/index.php\/wp-json\/wp\/v2\/comments?post=31136"}],"version-history":[{"count":5,"href":"https:\/\/ismfrance.org\/index.php\/wp-json\/wp\/v2\/posts\/31136\/revisions"}],"predecessor-version":[{"id":31146,"href":"https:\/\/ismfrance.org\/index.php\/wp-json\/wp\/v2\/posts\/31136\/revisions\/31146"}],"wp:featuredmedia":[{"embeddable":true,"href":"https:\/\/ismfrance.org\/index.php\/wp-json\/wp\/v2\/media\/31139"}],"wp:attachment":[{"href":"https:\/\/ismfrance.org\/index.php\/wp-json\/wp\/v2\/media?parent=31136"}],"wp:term":[{"taxonomy":"category","embeddable":true,"href":"https:\/\/ismfrance.org\/index.php\/wp-json\/wp\/v2\/categories?post=31136"},{"taxonomy":"post_tag","embeddable":true,"href":"https:\/\/ismfrance.org\/index.php\/wp-json\/wp\/v2\/tags?post=31136"}],"curies":[{"name":"wp","href":"https:\/\/api.w.org\/{rel}","templated":true}]}}