{"id":31124,"date":"2026-08-31T18:37:44","date_gmt":"2026-08-31T16:37:44","guid":{"rendered":"https:\/\/ismfrance.org\/?p=31124"},"modified":"2026-08-31T18:48:04","modified_gmt":"2026-08-31T16:48:04","slug":"gaza-et-cuba-ou-la-prehistoire-de-lhumanite","status":"publish","type":"post","link":"https:\/\/ismfrance.org\/index.php\/2026\/08\/31\/gaza-et-cuba-ou-la-prehistoire-de-lhumanite\/","title":{"rendered":"Gaza et Cuba, ou la pr\u00e9histoire de l\u2019humanit\u00e9"},"content":{"rendered":"<p><span style=\"color: #000000;\"><span style=\"font-family: Arial, sans-serif;\"><span style=\"font-size: medium;\"><strong>Pedro Monz\u00f3n Barata, 24 ao\u00fbt 2026.<\/strong> \u2013 <i>La solidarit\u00e9 de Cuba envers la Palestine, qui perdure depuis des d\u00e9cennies, refl\u00e8te une histoire commune de r\u00e9sistance \u00e0 l\u2019imp\u00e9rialisme, \u00e0 la d\u00e9possession et au si\u00e8ge, ancr\u00e9e dans la vision qu\u2019avait Fidel Castro de la lutte de l\u2019humanit\u00e9 pour sortir de la \u00ab pr\u00e9histoire \u00bb.<\/i><\/span><\/span><\/span><\/p>\n<div id=\"attachment_31126\" style=\"width: 610px\" class=\"wp-caption aligncenter\"><a href=\"https:\/\/ismfrance.org\/wp-content\/uploads\/2026\/08\/cuba-gaza.webp\"><img loading=\"lazy\" decoding=\"async\" aria-describedby=\"caption-attachment-31126\" class=\"wp-image-31126 size-large\" src=\"https:\/\/ismfrance.org\/wp-content\/uploads\/2026\/08\/cuba-gaza-700x551.webp\" alt=\"\" width=\"600\" height=\"472\" srcset=\"https:\/\/ismfrance.org\/wp-content\/uploads\/2026\/08\/cuba-gaza-700x551.webp 700w, https:\/\/ismfrance.org\/wp-content\/uploads\/2026\/08\/cuba-gaza-300x236.webp 300w, https:\/\/ismfrance.org\/wp-content\/uploads\/2026\/08\/cuba-gaza-768x604.webp 768w, https:\/\/ismfrance.org\/wp-content\/uploads\/2026\/08\/cuba-gaza.webp 1000w\" sizes=\"auto, (max-width: 600px) 100vw, 600px\" \/><\/a><p id=\"caption-attachment-31126\" class=\"wp-caption-text\">Illustration Batoul Chamas pour Al Mayadeen.<\/p><\/div>\n<p style=\"text-align: center;\"><strong><span style=\"color: #000000;\"><span style=\"font-family: Arial, sans-serif;\"><span style=\"font-size: large;\">I. La g\u00e9opolitique de la barbarie dans la pr\u00e9histoire<\/span><\/span><\/span><\/strong><\/p>\n<p><span style=\"color: #000000;\"><span style=\"font-family: Arial, sans-serif;\"><span style=\"font-size: medium;\">Il est des gestes, dans l\u2019histoire, qui transcendent l\u2019anecdote diplomatique pour s\u2019inscrire dans l\u2019\u00e9pop\u00e9e des peuples. L\u2019un d\u2019eux, peut-\u00eatre parmi les plus \u00e9loquents, a eu lieu en septembre 2014, lorsque des centaines de Palestiniens ont d\u00e9fil\u00e9 dans les rues de Gaza en brandissant des photographies de Fidel Castro aux c\u00f4t\u00e9s de celles de Hugo Ch\u00e1vez et de Nicol\u00e1s Maduro. Il ne s\u2019agissait pas d\u2019un acte de propagande \u00e9trang\u00e8re, mais d\u2019une reconnaissance populaire d\u2019une solidarit\u00e9 qui ne connaissait ni fronti\u00e8res ni calculs g\u00e9opolitiques. \u00c0 cet instant, la bande de Gaza et l\u2019\u00eele de Cuba se sont rejointes sur un plan d\u00e9passant la g\u00e9ographie, dans la sph\u00e8re d\u2019une histoire partag\u00e9e : celle de peuples d\u00e9poss\u00e9d\u00e9s, assi\u00e9g\u00e9s et attaqu\u00e9s, qui, malgr\u00e9 tout, r\u00e9sistent.<\/span><\/span><\/span><\/p>\n<p><span style=\"color: #000000;\"><span style=\"font-family: Arial, sans-serif;\"><span style=\"font-size: medium;\">Fidel Castro, lecteur assidu de l\u2019\u0153uvre de Karl Marx, rappelait souvent que l\u2019humanit\u00e9, malgr\u00e9 ses avanc\u00e9es technologiques, n\u2019est pas encore sortie de la pr\u00e9histoire. Pour Marx, la v\u00e9ritable histoire de l\u2019humanit\u00e9 devait commencer avec la fin de l\u2019exploitation de l\u2019homme par l\u2019homme ; avant cela, tout n\u2019est que pr\u00e9histoire, un long prologue sanglant fait de barbarie, de guerres et de d\u00e9possessions. Fidel a repris ce concept \u00e0 son compte, l\u2019appliquant aux dangers nucl\u00e9aires, \u00e0 la r\u00e9surgence du fascisme et, surtout, aux souffrances des peuples opprim\u00e9s. En 2010, il \u00e9crivait : \u00ab <i>Nous vivons un moment exceptionnel de l\u2019histoire humaine (&#8230;) que Karl Marx a brillamment qualifi\u00e9 de pr\u00e9histoire<\/i> \u00bb.<\/span><\/span><\/span><\/p>\n<p><span style=\"color: #000000;\"><span style=\"font-family: Arial, sans-serif;\"><span style=\"font-size: medium;\">L\u2019identification entre Cuba et la Palestine n\u2019est ni r\u00e9cente ni une concession au politiquement correct de la gauche internationale. C\u2019est un principe fondateur de la R\u00e9volution cubaine, une \u00e9thique de solidarit\u00e9 que Fidel Castro a \u00e9lev\u00e9e au rang de doctrine et que ses successeurs ont maintenue comme un pilier in\u00e9branlable de la politique \u00e9trang\u00e8re de l\u2019\u00eele. Comme l\u2019a r\u00e9affirm\u00e9 le pr\u00e9sident Miguel D\u00edaz-Canel, il s\u2019agit d\u2019une \u00ab <\/span><\/span><\/span><span style=\"color: #000000;\"><span style=\"font-family: Arial, sans-serif;\"><span style=\"font-size: medium;\"><i>position in\u00e9branlable de la R\u00e9volution, impuls\u00e9e par son leader Fidel <\/i><\/span><\/span><\/span><span style=\"color: #000000;\"><span style=\"font-family: Arial, sans-serif;\"><span style=\"font-size: medium;\">\u00bb.<\/span><\/span><\/span><\/p>\n<p><span style=\"color: #000000;\"><span style=\"font-family: Arial, sans-serif;\"><span style=\"font-size: medium;\">Le titre de cet article n\u2019a rien de rh\u00e9torique. Il soutient que tant qu&rsquo;il y aura des peuples soumis au g\u00e9nocide, tant que la communaut\u00e9 internationale assistera avec indiff\u00e9rence \u00e0 l&rsquo;an\u00e9antissement d&rsquo;une population enti\u00e8re, tant que le droit international sera viol\u00e9 en toute impunit\u00e9 avec le soutien de puissances h\u00e9g\u00e9moniques, l&rsquo;humanit\u00e9 ne sera pas sortie de sa pr\u00e9histoire. Elle n&rsquo;aura pas atteint ce stade de civilisation o\u00f9 la vie, la dignit\u00e9 et la justice sont v\u00e9ritablement prot\u00e9g\u00e9es en tant que valeurs universelles. Dans ce contexte, la solidarit\u00e9 de Cuba envers Gaza constitue une tentative consciente d&rsquo;acc\u00e9l\u00e9rer le passage de la pr\u00e9histoire \u00e0 l&rsquo;histoire.<\/span><\/span><\/span><\/p>\n<p style=\"text-align: center;\"><strong><span style=\"color: #000000;\"><span style=\"font-family: Arial, sans-serif;\"><span style=\"font-size: large;\">II. Un parall\u00e8le historique forg\u00e9 dans le creuset de l&rsquo;anti-imp\u00e9rialisme<\/span><\/span><\/span><\/strong><\/p>\n<p><span style=\"color: #000000;\"><span style=\"font-family: Arial, sans-serif;\"><span style=\"font-size: medium;\">Pour comprendre la racine de la solidarit\u00e9 cubaine envers la Palestine, il est n\u00e9cessaire de remonter aux origines m\u00eames de la R\u00e9volution cubaine et \u00e0 la vision du monde qui l&rsquo;a inspir\u00e9e. Depuis le triomphe de 1959, Cuba ne s&rsquo;est pas per\u00e7u comme une \u00eele isol\u00e9e, mais comme un maillon d&rsquo;une cha\u00eene mondiale de luttes anticoloniales et anti-imp\u00e9rialistes. L&rsquo;exp\u00e9rience de la domination US \u2014 l&rsquo;amendement Platt, l&rsquo;occupation militaire, le contr\u00f4le \u00e9conomique et politique \u00e9tranger \u2014 a forg\u00e9 chez les dirigeants r\u00e9volutionnaires une sensibilit\u00e9 particuli\u00e8re \u00e0 l&rsquo;\u00e9gard d&rsquo;autres peuples subissant des formes d&rsquo;oppression analogues.<\/span><\/span><\/span><\/p>\n<p><span style=\"color: #000000;\"><span style=\"font-family: Arial, sans-serif;\"><span style=\"font-size: medium;\">Fidel Castro a soulign\u00e9 ce parall\u00e8le de mani\u00e8re explicite et r\u00e9currente. Il voyait dans la lutte du monde arabe contre l&rsquo;imp\u00e9rialisme la m\u00eame nature que celle de Cuba contre l&rsquo;h\u00e9g\u00e9monie \u00e9tats-unienne : il s&rsquo;agissait, dans les deux cas, de guerres de lib\u00e9ration nationale contre une puissance oppressive. Cette vision n&rsquo;\u00e9tait pas un simple exercice de forme ; elle constituait le fondement d&rsquo;une politique \u00e9trang\u00e8re pla\u00e7ant la solidarit\u00e9 internationaliste au c\u0153ur de son action.<\/span><\/span><\/span><\/p>\n<p><span style=\"color: #000000;\"><span style=\"font-family: Arial, sans-serif;\"><span style=\"font-size: medium;\">La position de Cuba sur la question palestinienne trouve ses racines avant m\u00eame le triomphe de la R\u00e9volution. En novembre 1947, lorsque l&rsquo;Assembl\u00e9e g\u00e9n\u00e9rale des Nations unies a d\u00e9battu du plan de partage de la Palestine \u2014 qui allait donner naissance \u00e0 l&rsquo;\u00c9tat d'\u00a0\u00bbIsra\u00ebl\u00a0\u00bb \u2014, Cuba fut l&rsquo;un des treize pays \u00e0 voter contre. Le prestigieux docteur Ernesto Dihigo, repr\u00e9sentant cubain, a alors soutenu que la d\u00e9claration Balfour \u00e9tait \u00ab <i>totalement d\u00e9pourvue de valeur juridique, puisque le gouvernement britannique y offrait quelque chose dont il n&rsquo;avait pas le droit de disposer, car cela ne lui appartenait pas<\/i> \u00bb. Cette position, d\u00e9non\u00e7ant la violation du droit international et la spoliation d&rsquo;un peuple, pr\u00e9figurait de plus d&rsquo;une d\u00e9cennie la ligne que la R\u00e9volution cubaine allait adopter.<\/span><\/span><\/span><\/p>\n<p><span style=\"color: #000000;\"><span style=\"font-family: Arial, sans-serif;\"><span style=\"font-size: medium;\">Une fois la R\u00e9volution au pouvoir, Fidel a exprim\u00e9 cette vision avec une clart\u00e9 limpide lors de son discours devant l&rsquo;Assembl\u00e9e g\u00e9n\u00e9rale de l&rsquo;ONU, le 12 octobre 1979, en sa qualit\u00e9 de pr\u00e9sident de Cuba et du Mouvement des non-align\u00e9s. Il y a d\u00e9clar\u00e9 : \u00ab <i>Pour les pays non align\u00e9s, la question de la Palestine est au c\u0153ur du probl\u00e8me du Moyen-Orient. Les deux forment un tout indissociable qui ne peut \u00eatre r\u00e9solu s\u00e9par\u00e9ment. <\/i>\u00bb Et il a ajout\u00e9 : \u00ab <i>Le fondement d&rsquo;une paix juste dans la r\u00e9gion commence par le retrait total et inconditionnel d'\u00a0\u00bbIsra\u00ebl\u00a0\u00bb de tous les territoires arabes occup\u00e9s et implique, pour le peuple palestinien, la restitution de tous ses territoires occup\u00e9s ainsi que le recouvrement de ses droits nationaux inali\u00e9nables, notamment le droit au retour dans sa patrie, \u00e0 l&rsquo;autod\u00e9termination et \u00e0 l&rsquo;\u00e9tablissement d&rsquo;un \u00c9tat ind\u00e9pendant en Palestine.<\/i> \u00bb<\/span><\/span><\/span><\/p>\n<p><span style=\"color: #000000;\"><span style=\"font-family: Arial, sans-serif;\"><span style=\"font-size: medium;\">Il ne s&rsquo;agissait ni d&rsquo;une posture opportuniste ni d&rsquo;un calcul tactique. Comme Fidel lui-m\u00eame l&rsquo;a d\u00e9clar\u00e9, les r\u00e9volutionnaires \u00ab <i>se consacrent totalement \u00e0 une cause, \u00e0 leurs id\u00e9es, \u00e0 leurs nobles objectifs, sans rien attendre en retour <\/i>\u00bb. La cause palestinienne fut, d\u00e8s le d\u00e9but de la R\u00e9volution triomphante, \u00ab <i>une cause de Fidel et de Cuba <\/i>\u00bb. Ce n&rsquo;\u00e9tait pas un calcul g\u00e9opolitique, mais une conviction \u00e9thique voyant dans la lutte du peuple palestinien la m\u00eame justice que celle qui animait la lutte du peuple cubain.<\/span><\/span><\/span><\/p>\n<p style=\"text-align: center;\"><strong><span style=\"color: #000000;\"><span style=\"font-family: Arial, sans-serif;\"><span style=\"font-size: large;\">III. G\u00e9nocide, fascisme et pr\u00e9histoire<\/span><\/span><\/span><\/strong><\/p>\n<p><span style=\"color: #000000;\"><span style=\"font-family: Arial, sans-serif;\"><span style=\"font-size: medium;\">Fidel Castro fut l&rsquo;un des premiers dirigeants mondiaux \u00e0 qualifier de \u00ab <i>g\u00e9nocide<\/i> \u00bb la situation \u00e0 Gaza et dans les territoires occup\u00e9s. Son intervention devant l&rsquo;Assembl\u00e9e g\u00e9n\u00e9rale des Nations unies en 1979 marqua un moment historique, non seulement par son contenu, mais aussi par son audace et sa clart\u00e9. Dans un contexte o\u00f9 l&rsquo;Holocauste nazi restait une plaie ouverte dans la conscience de l&rsquo;humanit\u00e9, Castro \u00e9tablit une comparaison qui, pour beaucoup, s&rsquo;av\u00e9ra troublante :<\/span><\/span><\/span><\/p>\n<p><span style=\"color: #000000;\"><span style=\"font-family: Arial, sans-serif;\"><span style=\"font-size: medium;\">\u00ab <i>Nous r\u00e9pudions de toutes nos forces la pers\u00e9cution impitoyable et le g\u00e9nocide que le nazisme a d\u00e9cha\u00een\u00e9s en son temps contre le peuple h\u00e9breu. Mais je ne trouve rien de plus comparable dans notre histoire contemporaine que l&rsquo;expulsion, la pers\u00e9cution et le g\u00e9nocide que l&rsquo;imp\u00e9rialisme et le sionisme perp\u00e8trent aujourd&rsquo;hui contre le peuple palestinien.<\/i> \u00bb<\/span><\/span><\/span><\/p>\n<p><span style=\"color: #000000;\"><span style=\"font-family: Arial, sans-serif;\"><span style=\"font-size: medium;\">Fidel d\u00e9crivit les Palestiniens comme un peuple \u00ab <i>d\u00e9pouill\u00e9 de ses terres, expuls\u00e9 de sa propre patrie, dispers\u00e9 \u00e0 travers le monde, pers\u00e9cut\u00e9 et assassin\u00e9<\/i> \u00bb, les \u00e9rigeant en \u00ab <i>symbole vivant du plus grand crime de notre \u00e9poque<\/i> \u00bb. Cette d\u00e9claration, qui r\u00e9sonna avec force dans l&rsquo;enceinte de l&rsquo;ONU, suscita l&rsquo;indignation de la d\u00e9l\u00e9gation isra\u00e9lienne, pour qui elle constituait une violation grave de toutes les normes de conduite admises ainsi qu&rsquo;une comparaison obsc\u00e8ne. Le temps a donn\u00e9 raison au dirigeant cubain : ce qui, pour certains, relevait alors de l&rsquo;hyperbole rh\u00e9torique correspond aujourd&rsquo;hui, presque litt\u00e9ralement, \u00e0 la r\u00e9alit\u00e9 v\u00e9cue par Gaza.<\/span><\/span><\/span><\/p>\n<p><span style=\"color: #000000;\"><span style=\"font-family: Arial, sans-serif;\"><span style=\"font-size: medium;\">Les chiffres de l&rsquo;horreur sont \u00e9loquents. Depuis le 7 octobre 2023, le g\u00e9nocide \u00e0 Gaza a fait plus de 73.000 morts parmi les Palestiniens \u2014 en majorit\u00e9 des femmes et des enfants \u2014 et plus de 174.000 bless\u00e9s. Plus de 21.500 enfants ont perdu la vie sous les attaques isra\u00e9liennes. La destruction est quasi totale : environ 90 % des infrastructures civiles de Gaza ont \u00e9t\u00e9 ras\u00e9es, et les Nations unies estiment que la reconstruction co\u00fbtera pr\u00e8s de 70 milliards de dollars. La spoliation, le si\u00e8ge et la famine sont devenus le quotidien d&rsquo;une population prise au pi\u00e8ge entre la mer et la puissance militaire.<\/span><\/span><\/span><\/p>\n<p><span style=\"color: #000000;\"><span style=\"font-family: Arial, sans-serif;\"><span style=\"font-size: medium;\">Cependant, Fidel ne s&rsquo;est pas content\u00e9 d&rsquo;une d\u00e9nonciation morale. Il a identifi\u00e9 avec pr\u00e9cision les m\u00e9canismes g\u00e9opolitiques perp\u00e9tuant le conflit, d\u00e9signant les \u00c9tats-Unis comme le principal obstacle \u00e0 une paix juste et durable. Il a pos\u00e9 cette question rh\u00e9torique : \u00ab <i>Quelqu&rsquo;un peut-il s&rsquo;\u00e9tonner que la Conf\u00e9rence du Mouvement des non-align\u00e9s ait \u00e9t\u00e9 contrainte \u2014 non par parti pris politique, mais par une analyse objective des faits \u2014 de souligner que la politique des \u00c9tats-Unis joue un r\u00f4le fondamental pour emp\u00eacher l&rsquo;instauration d&rsquo;une paix juste et globale dans la r\u00e9gion, en s&rsquo;alignant sur \u00ab\u00a0Isra\u00ebl\u00a0\u00bb, en le soutenant et en \u0153uvrant \u00e0 l&rsquo;obtention de solutions partielles favorables aux objectifs sionistes ? <\/i>\u00bb<\/span><\/span><\/span><\/p>\n<p><span style=\"color: #000000;\"><span style=\"font-family: Arial, sans-serif;\"><span style=\"font-size: medium;\">Cette d\u00e9nonciation ne fut pas un \u00e9v\u00e9nement isol\u00e9. Au fil des ans, Fidel a suivi avec une vigilance constante la situation palestinienne. Lors de la Conf\u00e9rence mondiale contre le racisme \u00e0 Durban (Afrique du Sud) en 2001, j&rsquo;ai personnellement pu entendre sa d\u00e9nonciation v\u00e9h\u00e9mente de la mani\u00e8re dont le g\u00e9nocide du peuple palestinien se d\u00e9roulait \u00ab <i>sous les yeux stup\u00e9faits du monde<\/i> \u00bb. En 2014, alors qu&rsquo;il avait d\u00e9j\u00e0 pris sa retraite, il a \u00e9crit dans le journal <i>Granma<\/i> une tribune intitul\u00e9e \u00ab <i>Holocauste palestinien \u00e0 Gaza<\/i> \u00bb, dans laquelle il condamnait ce \u00ab <i>g\u00e9nocide macabre<\/i> \u00bb et avertissait qu&rsquo;\u00ab <i>une forme nouvelle et r\u00e9pugnante de fascisme \u00e9merge avec une force consid\u00e9rable <\/i>\u00bb. Dans ce texte, il demandait : \u00ab <i>Pourquoi le gouvernement de ce pays croit-il que le monde restera insensible \u00e0 ce g\u00e9nocide macabre perp\u00e9tr\u00e9 aujourd&rsquo;hui contre le peuple palestinien ?<\/i> \u00bb<\/span><\/span><\/span><\/p>\n<p><span style=\"color: #000000;\"><span style=\"font-family: Arial, sans-serif;\"><span style=\"font-size: medium;\">C&rsquo;est ici que le concept de \u00ab <i>pr\u00e9histoire<\/i> \u00bb rev\u00eat sa dimension la plus crue. Pour Fidel, le fascisme, le g\u00e9nocide et la guerre ne sont ni des anomalies ni des exc\u00e8s isol\u00e9s ; ils constituent l&rsquo;expression naturelle d&rsquo;une humanit\u00e9 qui n&rsquo;a pas encore surmont\u00e9 les logiques d&rsquo;exploitation et de domination. En 2010, r\u00e9fl\u00e9chissant aux dangers qui menacent l&rsquo;esp\u00e8ce, il \u00e9crivait que nous vivons \u00ab <i>dans la pr\u00e9histoire<\/i> \u00bb et que le d\u00e9fi consiste \u00e0 \u00ab <i>en sortir <\/i>\u00bb. Et en 2015, dans l&rsquo;une de ses derni\u00e8res r\u00e9flexions publiques, il a explicitement li\u00e9 la lutte contre le fascisme \u2014 qui, pour lui, prenait alors le visage contemporain de l&rsquo;agression sioniste \u2014 \u00e0 la n\u00e9cessit\u00e9 pour l&rsquo;humanit\u00e9 d&rsquo;abandonner ce stade de barbarie : \u00ab <i>Les 27 millions de Sovi\u00e9tiques morts durant la Grande Guerre patriotique<\/i>, \u00e9crivait-il, <i>ne sont pas morts pour le socialisme seul, mais pour le droit de sortir de la pr\u00e9histoire.<\/i> \u00bb<\/span><\/span><\/span><\/p>\n<p><span style=\"color: #000000;\"><span style=\"font-family: Arial, sans-serif;\"><span style=\"font-size: medium;\">Dans cette perspective, le g\u00e9nocide \u00e0 Gaza n&rsquo;est pas un simple conflit r\u00e9gional de plus ; c&rsquo;est le sympt\u00f4me d&rsquo;une humanit\u00e9 qui demeure ancr\u00e9e dans la pr\u00e9histoire. C&rsquo;est la preuve vivante que la civilisation, entendue comme le respect de la vie et de la dignit\u00e9 humaine, reste une promesse non tenue. Et la solidarit\u00e9 de Cuba avec la Palestine n\u2019est pas un geste sentimental, mais une contribution concr\u00e8te \u00e0 cette t\u00e2che : faire sortir l\u2019esp\u00e8ce humaine de sa pr\u00e9histoire.<\/span><\/span><\/span><\/p>\n<p style=\"text-align: center;\"><strong><span style=\"color: #000000;\"><span style=\"font-family: Arial, sans-serif;\"><span style=\"font-size: large;\">IV. Une solidarit\u00e9 active et tangible<\/span><\/span><\/span><\/strong><\/p>\n<p><span style=\"color: #000000;\"><span style=\"font-family: Arial, sans-serif;\"><span style=\"font-size: medium;\">La solidarit\u00e9 de Fidel Castro et de Cuba envers la cause palestinienne ne relevait pas de la simple rh\u00e9torique. Elle s&rsquo;est traduite par des actions concr\u00e8tes et soutenues dans la dur\u00e9e, allant de la reconnaissance diplomatique \u00e0 la formation professionnelle et \u00e0 l&rsquo;accueil de r\u00e9fugi\u00e9s. Cette dimension pratique distingue la solidarit\u00e9 cubaine d&rsquo;une simple d\u00e9claration de principes.<\/span><\/span><\/span><\/p>\n<p><div id=\"attachment_31133\" style=\"width: 580px\" class=\"wp-caption aligncenter\"><a href=\"https:\/\/ismfrance.org\/wp-content\/uploads\/2026\/08\/castro-arafat.webp\"><img loading=\"lazy\" decoding=\"async\" aria-describedby=\"caption-attachment-31133\" class=\"wp-image-31133 size-full\" src=\"https:\/\/ismfrance.org\/wp-content\/uploads\/2026\/08\/castro-arafat.webp\" alt=\"\" width=\"570\" height=\"380\" srcset=\"https:\/\/ismfrance.org\/wp-content\/uploads\/2026\/08\/castro-arafat.webp 570w, https:\/\/ismfrance.org\/wp-content\/uploads\/2026\/08\/castro-arafat-300x200.webp 300w\" sizes=\"auto, (max-width: 570px) 100vw, 570px\" \/><\/a><p id=\"caption-attachment-31133\" class=\"wp-caption-text\">Arafat a effectu\u00e9 jusqu&rsquo;\u00e0 huit visites officielles dans le Cuba de Castro [Fondation Arafat]<\/p><\/div><span style=\"color: #000000;\"><span style=\"font-family: Arial, sans-serif;\"><span style=\"font-size: medium;\"><b>Reconnaissance diplomatique, rupture avec \u00ab\u00a0Isra\u00ebl\u00a0\u00bb et relations avec l&rsquo;OLP<\/b><\/span><\/span><\/span><\/p>\n<p><span style=\"color: #000000;\"><span style=\"font-family: Arial, sans-serif;\"><span style=\"font-size: medium;\">Cuba fut l&rsquo;un des premiers pays \u00e0 reconna\u00eetre l&rsquo;Organisation de lib\u00e9ration de la Palestine (OLP) d\u00e8s sa fondation en 1964. En septembre 1973, lors du sommet des non-align\u00e9s \u00e0 Alger, Fidel Castro annon\u00e7a la rupture unilat\u00e9rale des relations diplomatiques avec \u00ab\u00a0Isra\u00ebl\u00a0\u00bb. Le mois suivant \u00e9clatait la guerre du Kippour ; Cuba envoya alors des conseillers militaires en Syrie. Cette d\u00e9cision de rompre avec \u00ab\u00a0Isra\u00ebl\u00a0\u00bb \u2014 faisant de Cuba l&rsquo;un des premiers pays \u00e0 adopter une telle mesure \u2014 a consolid\u00e9 son alignement sur la cause palestinienne et l&rsquo;a plac\u00e9e aux c\u00f4t\u00e9s des pays arabes dans le conflit du Proche-Orient.<\/span><\/span><\/span><\/p>\n<p><span style=\"color: #000000;\"><span style=\"font-family: Arial, sans-serif;\"><span style=\"font-size: medium;\">Les relations avec l&rsquo;OLP se sont renforc\u00e9es en novembre 1974, lors de la premi\u00e8re visite de Yasser Arafat \u00e0 Cuba. Il y fut accueilli \u00e0 l&rsquo;a\u00e9roport Jos\u00e9 Mart\u00ed avec les honneurs r\u00e9serv\u00e9s \u00e0 un chef d&rsquo;\u00c9tat, alors m\u00eame que la Palestine n&rsquo;\u00e9tait pas encore officiellement reconnue comme \u00c9tat. Arafat fut d\u00e9cor\u00e9 de l&rsquo;Ordre national de Playa Gir\u00f3n, l&rsquo;une des plus hautes distinctions cubaines, r\u00e9serv\u00e9e \u00e0 ceux qui se sont \u00ab <i>distingu\u00e9s dans la lutte contre l&rsquo;imp\u00e9rialisme, le colonialisme et le n\u00e9ocolonialisme <\/i>\u00bb.<\/span><\/span><\/span><\/p>\n<p><span style=\"color: #000000;\"><span style=\"font-family: Arial, sans-serif;\"><span style=\"font-size: medium;\">Cette visite a consolid\u00e9 les relations officielles entre la Palestine et Cuba et a abouti \u00e0 l&rsquo;ouverture du premier bureau de l&rsquo;OLP \u00e0 La Havane. Le 12 juin 1982, Cuba a \u00e9lev\u00e9 le statut de cette repr\u00e9sentation au rang d&rsquo;ambassade. Par la suite, le 16 novembre 1988 \u2014 au lendemain de la proclamation officielle de l&rsquo;\u00c9tat de Palestine \u2014, Cuba l&rsquo;a imm\u00e9diatement reconnu. Arafat s&rsquo;est rendu sur l&rsquo;\u00eele \u00e0 huit reprises, \u00e0 l&rsquo;invitation personnelle de Castro. Dans l&rsquo;une de ses lettres au Commandant en chef, Arafat \u00e9crivait : \u00ab <i>C&rsquo;est avec une profonde \u00e9motion que nous avons vu hier, dans les agences de presse internationales, l&rsquo;image de Votre Excellence portant le drapeau palestinien sur les \u00e9paules, \u00e0 la t\u00eate d&rsquo;une manifestation populaire de solidarit\u00e9 avec la lutte de notre peuple h\u00e9ro\u00efque.<\/i> \u00bb<\/span><\/span><\/span><\/p>\n<p><span style=\"color: #000000;\"><span style=\"font-family: Arial, sans-serif;\"><span style=\"font-size: medium;\"><b>Formation de cadres et bourses d&rsquo;\u00e9tudes<\/b><\/span><\/span><\/span><\/p>\n<p><span style=\"color: #000000;\"><span style=\"font-family: Arial, sans-serif;\"><span style=\"font-size: medium;\">L&rsquo;une des formes de solidarit\u00e9 les plus marquantes a \u00e9t\u00e9 la formation de cadres palestiniens \u00e0 Cuba. L&rsquo;\u00eele a form\u00e9 des membres de l&rsquo;OLP et a octroy\u00e9 des milliers de bourses \u00e0 de jeunes Palestiniens pour qu&rsquo;ils y poursuivent des \u00e9tudes sup\u00e9rieures. Cette coop\u00e9ration \u00e9ducative remonte \u00e0 1982 : apprenant que des milliers d&rsquo;enfants palestiniens \u00e9taient devenus orphelins lors d&rsquo;une autre guerre d\u00e9clench\u00e9e par \u00ab\u00a0Isra\u00ebl\u00a0\u00bb, Fidel Castro fit part \u00e0 Arafat de sa d\u00e9cision d&rsquo;en accueillir 500 pour qu&rsquo;ils \u00e9tudient \u00e0 Cuba.<\/span><\/span><\/span><\/p>\n<p><span style=\"color: #000000;\"><span style=\"font-family: Arial, sans-serif;\"><span style=\"font-size: medium;\">Cette tradition de solidarit\u00e9 perdure encore aujourd&rsquo;hui. En septembre 2024, le gouvernement cubain a offert 200 bourses permettant \u00e0 de jeunes Palestiniens d&rsquo;effectuer des \u00e9tudes de premier et de troisi\u00e8me cycle sur l&rsquo;\u00eele au cours des cinq prochaines ann\u00e9es. Actuellement, environ <a href=\"https:\/\/www.facebook.com\/GlobalSouthWorld\/videos\/around-240-palestinian-students-are-studying-medicine-in-cuba-through-a-scholars\/1609922036970483\/\">240 Palestiniens \u00e9tudient la m\u00e9decine \u00e0 Cuba<\/a>. R\u00e9cemment, l&rsquo;Universit\u00e9 des sciences m\u00e9dicales de La Havane a dipl\u00f4m\u00e9 53 m\u00e9decins palestiniens, aux c\u00f4t\u00e9s d&rsquo;autres professionnels issus de 73 nationalit\u00e9s. Le pr\u00e9sident Miguel D\u00edaz-Canel a rencontr\u00e9 ces jeunes, r\u00e9affirmant l&rsquo;engagement de l&rsquo;\u00eele envers leur formation.<\/span><\/span><\/span><\/p>\n<p><span style=\"color: #000000;\"><span style=\"font-family: Arial, sans-serif;\"><span style=\"font-size: medium;\">L&rsquo;\u00c9cole latino-am\u00e9ricaine de m\u00e9decine (ELAM), fond\u00e9e par Fidel Castro, a jou\u00e9 un r\u00f4le cl\u00e9 dans cette solidarit\u00e9. Des m\u00e9decins du monde entier y ont \u00e9t\u00e9 form\u00e9s, notamment de nombreux Palestiniens qui sont retourn\u00e9s sur leur terre pour soigner leurs compatriotes, victimes de la r\u00e9pression et du blocus. Comme en t\u00e9moigne le parcours d&rsquo;\u00e9tudiantes telles que Jenen Alzwarah \u2014 une jeune Palestinienne ayant r\u00e9ussi \u00e0 quitter Gaza gr\u00e2ce \u00e0 une bourse pour \u00e9tudier la m\u00e9decine \u00e0 Cuba \u2014, ces opportunit\u00e9s repr\u00e9sentent bien plus qu&rsquo;une simple formation professionnelle : elles constituent une v\u00e9ritable bou\u00e9e de sauvetage au c\u0153ur de la trag\u00e9die.<\/span><\/span><\/span><\/p>\n<p><span style=\"color: #000000;\"><span style=\"font-family: Arial, sans-serif;\"><span style=\"font-size: medium;\"><b>Une solidarit\u00e9 sans contrepartie<\/b><\/span><\/span><\/span><\/p>\n<p><span style=\"color: #000000;\"><span style=\"font-family: Arial, sans-serif;\"><span style=\"font-size: medium;\">Pour Fidel Castro, le soutien \u00e0 la cause palestinienne ne relevait ni d&rsquo;une concession tactique ni d&rsquo;une op\u00e9ration de propagande, mais constituait un principe fondamental de la R\u00e9volution cubaine. Ce principe reposait sur la conviction que les r\u00e9volutionnaires doivent soutenir les causes justes sans rien attendre en retour sur le plan mat\u00e9riel. Castro a clairement formul\u00e9 cette id\u00e9e en \u00e9voquant le soutien cubain \u00e0 l&rsquo;Angola, mais ce principe s&rsquo;appliquait \u00e0 toutes les luttes de lib\u00e9ration, y compris celle du peuple palestinien.<\/span><\/span><\/span><\/p>\n<p><span style=\"color: #000000;\"><span style=\"font-family: Arial, sans-serif;\"><span style=\"font-size: medium;\">Cette \u00e9thique de la solidarit\u00e9 constitue un pilier de la politique \u00e9trang\u00e8re cubaine. \u00c0 la suite de l&rsquo;escalade du conflit \u00e0 Gaza en octobre 2023, le gouvernement cubain a r\u00e9affirm\u00e9 la \u00ab <i>position in\u00e9branlable de la R\u00e9volution, impuls\u00e9e par son dirigeant Fidel <\/i>\u00bb. Le pr\u00e9sident Miguel D\u00edaz-Canel a rappel\u00e9 \u00e0 maintes reprises les paroles de Fidel sur la Palestine, soulignant leur pertinence face au \u00ab <i>massacre perp\u00e9tr\u00e9 par l&rsquo;arm\u00e9e sioniste \u00e0 Gaza <\/i>\u00bb. \u00c0 l&rsquo;occasion de la Journ\u00e9e de la Terre palestinienne, D\u00edaz-Canel a cit\u00e9 le leader de la R\u00e9volution cubaine : \u00ab <i>Jamais la cause palestinienne n&rsquo;a paru plus juste qu&rsquo;en contraste avec la brutalit\u00e9 r\u00e9pugnante de ses adversaires.<\/i> \u00bb<\/span><\/span><\/span><\/p>\n<p><span style=\"color: #000000;\"><span style=\"font-family: Arial, sans-serif;\"><span style=\"font-size: medium;\">Cette position n&rsquo;a vari\u00e9 ni avec le temps ni avec le changement de direction \u00e0 Cuba. Elle s&rsquo;inscrit dans un h\u00e9ritage qui d\u00e9passe la figure de Fidel Castro et est devenue un \u00e9l\u00e9ment constitutif de l&rsquo;identit\u00e9 r\u00e9volutionnaire cubaine. La solidarit\u00e9 avec la Palestine s&rsquo;inscrit dans un r\u00e9cit plus large de lutte contre l&rsquo;imp\u00e9rialisme et l&rsquo;oppression, un r\u00e9cit qui place Cuba aux c\u00f4t\u00e9s des \u00ab damn\u00e9s de la terre \u00bb et, par cons\u00e9quent, aux c\u00f4t\u00e9s de ceux qui luttent pour arracher l&rsquo;humanit\u00e9 \u00e0 sa pr\u00e9histoire.<\/span><\/span><\/span><\/p>\n<p style=\"text-align: center;\"><strong><span style=\"color: #000000;\"><span style=\"font-family: Arial, sans-serif;\"><span style=\"font-size: large;\">V. Gaza dans l&rsquo;imaginaire cubain : un miroir de sa propre histoire<\/span><\/span><\/span><\/strong><\/p>\n<p><span style=\"color: #000000;\"><span style=\"font-family: Arial, sans-serif;\"><span style=\"font-size: medium;\">L&rsquo;identification de Cuba \u00e0 Gaza n&rsquo;est pas seulement politique ou id\u00e9ologique ; elle rev\u00eat \u00e9galement une dimension profond\u00e9ment humaine et affective. Les Cubains, qui ont connu le blocus \u00e9conomique et l&rsquo;agression d&rsquo;une superpuissance voisine, voient dans la bande de Gaza un miroir de leur propre histoire. Ils y per\u00e7oivent un peuple h\u00e9ro\u00efque, assi\u00e9g\u00e9, accul\u00e9 et soumis \u00e0 une violence brutale, mais qui r\u00e9siste n\u00e9anmoins avec dignit\u00e9.<\/span><\/span><\/span><\/p>\n<p><span style=\"color: #000000;\"><span style=\"font-family: Arial, sans-serif;\"><span style=\"font-size: medium;\">Aujourd&rsquo;hui, ce miroir est devenu plus net et plus douloureux que jamais. En janvier 2026, le pr\u00e9sident Donald Trump a sign\u00e9 un d\u00e9cret d\u00e9clarant une \u00ab <i>urgence nationale<\/i> \u00bb et d\u00e9signant Cuba comme une \u00ab <i>menace inhabituelle et extraordinaire<\/i> \u00bb pour la s\u00e9curit\u00e9 nationale des \u00c9tats-Unis. Sur cette base, il a impos\u00e9 \u00e0 l&rsquo;\u00eele un \u00e9tranglement p\u00e9trolier sans pr\u00e9c\u00e9dent. Cette mesure, qui menace d&rsquo;imposer des droits de douane \u00e0 tout pays commer\u00e7ant du p\u00e9trole avec Cuba, a eu des cons\u00e9quences d\u00e9vastatrices. Le 1er mai 2026, un nouveau d\u00e9cret a instaur\u00e9 des sanctions secondaires dans le secteur \u00e9nerg\u00e9tique, accentuant encore cet \u00e9tranglement. En sept mois, \u00e0 peine un p\u00e9trolier a accost\u00e9 dans les ports cubains, et les autorit\u00e9s ont confirm\u00e9 qu&rsquo;il ne restait \u00ab <i>absolument rien <\/i>\u00bb de diesel ni de fioul sur l&rsquo;\u00eele. Les transports publics sont paralys\u00e9s, les camions de ravitaillement alimentaire cessent de circuler, les r\u00e9coltes pourrissent dans les champs, les h\u00f4pitaux et les stations de traitement des eaux sont priv\u00e9s d&rsquo;\u00e9lectricit\u00e9, et la population bascule dans un cycle de coupures de courant d\u00e9passant d\u00e9j\u00e0 les 20 heures par jour dans de nombreuses localit\u00e9s.<\/span><\/span><\/span><\/p>\n<p><span style=\"color: #000000;\"><span style=\"font-family: Arial, sans-serif;\"><span style=\"font-size: medium;\">En cette ann\u00e9e marquant le centenaire de la naissance de Fidel Castro (1926-2026), la pertinence de sa pens\u00e9e et de ses d\u00e9nonciations appara\u00eet plus \u00e9vidente que jamais. Le pr\u00e9sident Miguel D\u00edaz-Canel a d\u00e9nonc\u00e9 le fait que les \u00c9tats-Unis \u00ab <i>\u00e9touffent<\/i> \u00bb l&rsquo;\u00eele par ce \u00ab <i>blocus \u00e9nerg\u00e9tique g\u00e9nocidaire<\/i> \u00bb et a soulign\u00e9 la contradiction flagrante de ceux qui, comme le secr\u00e9taire d&rsquo;\u00c9tat Marco Rubio, nient l&rsquo;existence du blocus tout en ignorant les d\u00e9crets sign\u00e9s par leur propre pr\u00e9sident et les \u00ab <i>sanctions<\/i> \u00bb secondaires successives. \u00ab <i>Il est surprenant qu&rsquo;un haut responsable du gouvernement am\u00e9ricain d\u00e9clare publiquement que son gouvernement n&rsquo;applique pas de blocus \u00e9nerg\u00e9tique contre Cuba, et qu&rsquo;il ignore ce qui est stipul\u00e9 dans le d\u00e9cret de son propre pr\u00e9sident<\/i> \u00bb, a d\u00e9clar\u00e9 D\u00edaz-Canel. Le ministre des Affaires \u00e9trang\u00e8res, Bruno Rodr\u00edguez, a poursuivi en ces termes : \u00ab <i>Il a choisi de mentir. Il contredit le pr\u00e9sident et le porte-parole de la Maison Blanche<\/i> \u00bb, rappelant que Rubio conna\u00eet parfaitement les dommages caus\u00e9s au peuple cubain par l&rsquo;\u00e9tau p\u00e9trolier qu&rsquo;il a lui-m\u00eame propos\u00e9 \u00e0 son pr\u00e9sident.<\/span><\/span><\/span><\/p>\n<p><span style=\"color: #000000;\"><span style=\"font-family: Arial, sans-serif;\"><span style=\"font-size: medium;\">L&rsquo;offensive ne se limite pas au blocus \u00e9nerg\u00e9tique. Le 20 juillet 2026, le d\u00e9partement d&rsquo;\u00c9tat a publi\u00e9 un rapport d&rsquo;une centaine de pages intitul\u00e9 \u00ab<i> Cuba : la capitale du communisme du XXIe si\u00e8cle<\/i> \u00bb, accusant La Havane d&rsquo;\u00eatre le centre mondial de l&rsquo;extr\u00eame gauche et de l&rsquo;espionnage, ainsi que le foyer d&rsquo;une influence exerc\u00e9e depuis des d\u00e9cennies en Am\u00e9rique latine et aux \u00c9tats-Unis. Marco Rubio, secr\u00e9taire d&rsquo;\u00c9tat, a d\u00e9clar\u00e9 que Cuba repr\u00e9sentait une \u00ab<i> menace pour la s\u00e9curit\u00e9 nationale<\/i> \u00bb de son pays et a annonc\u00e9 que l&rsquo;administration Trump menait une \u00ab <i>guerre \u00e9conomique sans pr\u00e9c\u00e9dent<\/i> \u00bb contre l&rsquo;\u00eele. Dans un entretien accord\u00e9 \u00e0 <i>Axios<\/i>, Rubio a pr\u00e9venu qu&rsquo;il n&rsquo;y aurait pas de \u00ab <i>soupapes de s\u00e9curit\u00e9<\/i> \u00bb pour Cuba : \u00ab <i>Chaque fois qu&rsquo;ils cr\u00e9ent un nouveau m\u00e9canisme pour tenter d&rsquo;\u00e9chapper \u00e0 cet \u00e9tau, nous le bloquons tout simplement.<\/i> \u00bb Et sa menace la plus explicite, qui fait \u00e9cho aux heures les plus sombres de la guerre froide : \u00ab<i> Ils ne peuvent pas esp\u00e9rer que nous partions.<\/i> \u00bb \u00ab<i> Il ne fait aucun doute que cette situation ne dispara\u00eetra pas au cours des deux ann\u00e9es et demie \u00e0 venir<\/i> \u00bb, a-t-il affirm\u00e9, pr\u00e9disant qu&rsquo;au terme du mandat de cette administration, Cuba serait \u00ab <i>sur une trajectoire irr\u00e9versible vers un avenir diff\u00e9rent <\/i>\u00bb.<\/span><\/span><\/span><\/p>\n<p><span style=\"color: #000000;\"><span style=\"font-family: Arial, sans-serif;\"><span style=\"font-size: medium;\">En d&rsquo;autres termes, Marco Rubio a promis de poursuivre Cuba jusqu&rsquo;au bout. Il ne s&rsquo;agit pas d&rsquo;une m\u00e9taphore. C&rsquo;est l&rsquo;aveu explicite d&rsquo;un objectif : l&rsquo;asphyxie totale, la pers\u00e9cution implacable, le d\u00e9ni du droit \u00e0 l&rsquo;existence d&rsquo;un peuple qui a os\u00e9 d\u00e9fier l&#8217;empire. C&rsquo;est cette \u00ab <i>forme nouvelle et r\u00e9pugnante de fascisme <\/i>\u00bb contre laquelle Fidel Castro avait mis en garde en 2014, d\u00e9sormais appliqu\u00e9e dans toute sa brutalit\u00e9 \u00e0 l&rsquo;encontre de l&rsquo;\u00eele.<\/span><\/span><\/span><\/p>\n<p><span style=\"color: #000000;\"><span style=\"font-family: Arial, sans-serif;\"><span style=\"font-size: medium;\">La communaut\u00e9 internationale a commenc\u00e9 \u00e0 \u00e9lever la voix contre cette escalade. Des citoyens ont \u00e9galement exprim\u00e9 leur solidarit\u00e9 : sous toutes les latitudes, des organisations sociales, des mouvements politiques et de simples citoyens ont condamn\u00e9 l&rsquo;\u00e9tau impos\u00e9 \u00e0 Cuba et exig\u00e9 la lev\u00e9e des sanctions, tissant ainsi un lien de fraternit\u00e9 avec le peuple cubain en r\u00e9sistance. Le 6 ao\u00fbt 2026, des experts des Nations unies en mati\u00e8re de droits de l&rsquo;homme ont condamn\u00e9 les mesures prises par les \u00c9tats-Unis \u00e0 l&rsquo;encontre de Cuba et ont exhort\u00e9 la communaut\u00e9 internationale \u00e0 agir rapidement pour \u00e9viter que l&rsquo;\u00eele ne devienne une \u00ab <i>Gaza silencieuse<\/i> \u00bb.<\/span><\/span><\/span><\/p>\n<p><span style=\"color: #000000;\"><span style=\"font-family: Arial, sans-serif;\"><span style=\"font-size: medium;\">\u00ab <i>Les cons\u00e9quences humanitaires se transforment d\u00e9j\u00e0 en une crise majeure mena\u00e7ant les droits \u00e0 la sant\u00e9, \u00e0 la vie, \u00e0 l&rsquo;alimentation et au d\u00e9veloppement<\/i> \u00bb, ont-ils d\u00e9nonc\u00e9. Les rapporteurs sp\u00e9ciaux, dont George Katrougalos et Zaina Jallad, ont averti que \u00ab<i> la nourriture ne doit jamais servir d&rsquo;instrument de pression politique<\/i> \u00bb et que \u00ab <i>les mesures privant d\u00e9lib\u00e9r\u00e9ment une population de ses moyens de survie violent les garanties les plus fondamentales du droit \u00e0 la vie <\/i>\u00bb. Le Conseil de s\u00e9curit\u00e9 et l&rsquo;Assembl\u00e9e g\u00e9n\u00e9rale eux-m\u00eames devraient se saisir de ces menaces au nom de la paix et de la s\u00e9curit\u00e9 internationales, ont ajout\u00e9 les experts.<\/span><\/span><\/span><\/p>\n<p><span style=\"color: #000000;\"><span style=\"font-family: Arial, sans-serif;\"><span style=\"font-size: medium;\">Ce rapprochement entre les souffrances de Gaza et celles de Cuba \u2014 explicit\u00e9 par les experts de l&rsquo;ONU \u00e0 travers l&rsquo;expression \u00ab <i>Gaza silencieuse<\/i> \u00bb \u2014 s&rsquo;est \u00e9galement traduit par des gestes de solidarit\u00e9 populaire. \u00c0 Cuba, diverses organisations de masse, institutions et groupes d&rsquo;\u00e9tudiants ont sans rel\u00e2che exprim\u00e9 leur solidarit\u00e9 avec le peuple palestinien et exig\u00e9 la fin de l&rsquo;agression isra\u00e9lienne.<\/span><\/span><\/span><\/p>\n<p><span style=\"color: #000000;\"><span style=\"font-family: Arial, sans-serif;\"><span style=\"font-size: medium;\">Dans ses r\u00e9flexions sur Gaza, Fidel Castro d\u00e9crivait l&rsquo;enclave comme un lieu o\u00f9 pr\u00e8s de deux millions d&rsquo;\u00eatres humains vivent \u00ab <i>entre le d\u00e9sert, la mer et la puissance militaire d&rsquo;un pays du Moyen-Orient <\/i>\u00bb. Cette image d&rsquo;un peuple pris au pi\u00e8ge entre une g\u00e9ographie hostile et une puissance militaire a trouv\u00e9 un \u00e9cho dans la propre exp\u00e9rience de Cuba, vivant dans l&rsquo;ombre d&rsquo;un g\u00e9ant imp\u00e9rial. Aujourd&rsquo;hui, cette r\u00e9sonance est plus profonde que jamais : Cuba est aussi un peuple assi\u00e9g\u00e9, frapp\u00e9 par un blocus \u00e9nerg\u00e9tique visant \u00e0 l&rsquo;asphyxier et menac\u00e9 par un responsable politique ayant fait de la pers\u00e9cution de l&rsquo;\u00eele sa mission personnelle.<\/span><\/span><\/span><\/p>\n<p style=\"text-align: center;\"><strong><span style=\"color: #000000;\"><span style=\"font-family: Arial, sans-serif;\"><span style=\"font-size: large;\">VI. Sortir de la pr\u00e9histoire : le grand d\u00e9fi des peuples<\/span><\/span><\/span><\/strong><\/p>\n<p><span style=\"color: #000000;\"><span style=\"font-family: Arial, sans-serif;\"><span style=\"font-size: medium;\">Fidel Castro a inscrit la cause palestinienne dans le m\u00eame r\u00e9cit de lutte contre l&rsquo;imp\u00e9rialisme et l&rsquo;oppression que la R\u00e9volution cubaine, cr\u00e9ant un lien \u00e9thique et historique qui transcende la g\u00e9ographie. Ce lien ne se limite pas \u00e0 une d\u00e9nonciation rh\u00e9torique ; il se concr\u00e9tise par des actions de solidarit\u00e9 tangibles qui perdurent depuis plus de six d\u00e9cennies.<\/span><\/span><\/span><\/p>\n<p><span style=\"color: #000000;\"><span style=\"font-family: Arial, sans-serif;\"><span style=\"font-size: medium;\">Lorsque Fidel \u00e9voquait la pr\u00e9histoire, il ne faisait pas r\u00e9f\u00e9rence \u00e0 un pass\u00e9 lointain, mais au pr\u00e9sent lui-m\u00eame. Dans ses r\u00e9flexions de 2015, \u00e0 l&rsquo;occasion du centenaire de L\u00e9nine, il affirmait que l&rsquo;\u0153uvre de Marx et de L\u00e9nine marquerait \u00ab <i>le passage de la pr\u00e9histoire \u00e0 l&rsquo;histoire de l&rsquo;humanit\u00e9 <\/i>\u00bb. Cette m\u00eame ann\u00e9e, mettant en garde contre le p\u00e9ril nucl\u00e9aire, il d\u00e9clarait qu&rsquo;une guerre atomique serait \u00ab<i> la derni\u00e8re de la pr\u00e9histoire de notre esp\u00e8ce<\/i> \u00bb. Dans un autre discours adress\u00e9 \u00e0 des \u00e9tudiants, il affirmait, avec l&rsquo;ironie qui le caract\u00e9risait, que ce sont les \u00c9tats-Unis qui \u00ab <i>doivent passer de la pr\u00e9histoire \u00e0 l&rsquo;histoire et de l&#8217;empire \u00e0 la poubelle de l&rsquo;histoire<\/i> \u00bb.<\/span><\/span><\/span><\/p>\n<p><span style=\"color: #000000;\"><span style=\"font-family: Arial, sans-serif;\"><span style=\"font-size: medium;\">Que signifie tout cela lorsqu&rsquo;on l&rsquo;applique \u00e0 Gaza et \u00e0 Cuba ? Cela signifie que le g\u00e9nocide \u00e0 Gaza et l&rsquo;\u00e9tranglement \u00e9nerg\u00e9tique de Cuba ne sont ni des accidents, ni des conflits isol\u00e9s, ni m\u00eame de simples trag\u00e9dies parmi tant d&rsquo;autres qui jalonnent l&rsquo;histoire. Ils constituent la preuve tangible que l&rsquo;humanit\u00e9 reste prisonni\u00e8re de la pr\u00e9histoire : cette \u00e8re de spoliation, de guerre et de m\u00e9pris pour la vie d&rsquo;autrui. L&rsquo;indiff\u00e9rence de la communaut\u00e9 internationale, le silence complice des puissances occidentales, l&rsquo;impunit\u00e9 avec laquelle le droit international est bafou\u00e9 : autant de caract\u00e9ristiques de cette pr\u00e9histoire qu&rsquo;il faut, comme le disait Castro, surmonter. Et lorsqu&rsquo;un responsable politique comme Marco Rubio promet de poursuivre Cuba \u00ab<i> jusqu&rsquo;au bout<\/i> \u00bb, lorsqu&rsquo;il nie l&rsquo;existence d&rsquo;un blocus qu&rsquo;il a lui-m\u00eame con\u00e7u alors que le peuple cubain subit des coupures d&rsquo;\u00e9lectricit\u00e9 de 20 heures par jour ainsi que des p\u00e9nuries de nourriture et de m\u00e9dicaments, il \u00e9crit en lettres capitales le mot PR\u00c9HISTOIRE dans le pr\u00e9sent de notre nation. De m\u00eame, lorsque des experts de l&rsquo;ONU avertissent que Cuba est en train de devenir une \u00ab <i>Gaza silencieuse<\/i> \u00bb, ils confirment que la souffrance de ces deux peuples ne forme qu&rsquo;une seule et m\u00eame blessure au sein de l&rsquo;humanit\u00e9.<\/span><\/span><\/span><\/p>\n<p><span style=\"color: #000000;\"><span style=\"font-family: Arial, sans-serif;\"><span style=\"font-size: medium;\">La solidarit\u00e9 de Cuba envers Gaza n&rsquo;est donc pas un simple geste altruiste ou une prise de position politique mineure. C&rsquo;est un acte de r\u00e9sistance historique. C&rsquo;est le refus d&rsquo;accepter que la pr\u00e9histoire soit le destin \u00e9ternel de l&rsquo;humanit\u00e9. Chaque jeune Palestinien \u00e9tudiant la m\u00e9decine \u00e0 La Havane, chaque m\u00e9decin palestinien dipl\u00f4m\u00e9 \u00e0 Cuba qui soigne les victimes \u00e0 Gaza, chaque condamnation officielle du g\u00e9nocide \u00e0 l&rsquo;ONU, chaque marche de solidarit\u00e9 dans les rues de l&rsquo;\u00eele : tous ces gestes sont de modestes contributions \u00e0 la t\u00e2che titanesque consistant \u00e0 faire sortir l&rsquo;esp\u00e8ce humaine de sa pr\u00e9histoire. Il en va de m\u00eame pour la r\u00e9sistance quotidienne du peuple cubain assi\u00e9g\u00e9 : l&rsquo;ing\u00e9niosit\u00e9 pour survivre sans carburant, la solidarit\u00e9 de voisinage face aux coupures d&rsquo;\u00e9lectricit\u00e9, la dignit\u00e9 de ne pas c\u00e9der aux menaces d&rsquo;un empire qui nous a d\u00e9clar\u00e9 la guerre.<\/span><\/span><\/span><\/p>\n<p><span style=\"color: #000000;\"><span style=\"font-family: Arial, sans-serif;\"><span style=\"font-size: medium;\">L&rsquo;h\u00e9ritage de Fidel Castro en la mati\u00e8re nous rappelle que l&rsquo;histoire n&rsquo;est pas un destin inexorable, mais un champ de bataille o\u00f9 s&rsquo;affrontent les forces de l&rsquo;oppression et de la lib\u00e9ration. C&rsquo;est un appel \u00e0 ne pas se r\u00e9signer, \u00e0 ne pas rester indiff\u00e9rent, \u00e0 b\u00e2tir des ponts de solidarit\u00e9 l\u00e0 o\u00f9 l&rsquo;on cherche \u00e0 \u00e9riger des murs de haine et de spoliation. Comme le disait Fidel, et comme le r\u00e9p\u00e8te aujourd&rsquo;hui D\u00edaz-Canel : \u00ab <i>Jamais la cause palestinienne n&rsquo;a paru plus juste qu&rsquo;en contraste avec la brutalit\u00e9 r\u00e9pugnante de ses adversaires<\/i> \u00bb.<\/span><\/span><\/span><\/p>\n<p><span style=\"color: #000000;\"><span style=\"font-family: Arial, sans-serif;\"><span style=\"font-size: medium;\">Que cesse la philosophie de la spoliation, et la philosophie de la guerre cessera. Cette maxime, \u00e9nonc\u00e9e par Castro en 1960 et reprise par ses successeurs de nos jours, demeure la boussole \u00e9thique qui guide la solidarit\u00e9 cubaine. Et tant qu&rsquo;elle ne sera pas concr\u00e9tis\u00e9e, tant que Gaza continuera d&rsquo;\u00eatre ras\u00e9e, tant que Cuba sera \u00e9touff\u00e9e par un blocus \u00e9nerg\u00e9tique et poursuivie par des moyens pervers visant sa destruction, tant que l&rsquo;impunit\u00e9 perdurera, l&rsquo;humanit\u00e9 continuera d&rsquo;habiter sa pr\u00e9histoire. Mais, comme l&rsquo;a enseign\u00e9 Fidel, l&rsquo;histoire ne s&rsquo;\u00e9crit pas ; elle se construit chaque jour gr\u00e2ce \u00e0 la solidarit\u00e9 active des peuples. Et c&rsquo;est l\u00e0 le pari ultime de Cuba : contribuer, depuis sa petitesse g\u00e9ographique et sa grandeur \u00e9thique, \u00e0 ce que l&rsquo;humanit\u00e9 sorte enfin de la pr\u00e9histoire pour entrer dans l&rsquo;histoire.<\/span><\/span><\/span><\/p>\n<p><em><strong><span style=\"color: #000000;\"><span style=\"font-family: Arial, sans-serif;\"><span style=\"font-size: medium;\">Article original en anglais sur <a href=\"https:\/\/english.almayadeen.net\/articles\/opinion\/gaza-and-cuba--or-the-prehistory-of-humanity\">Al Mayadeen<\/a> \/ Traduction MR<\/span><\/span><\/span><\/strong><\/em><\/p>\n<hr \/>\n<p><a href=\"https:\/\/ismfrance.org\/wp-content\/uploads\/2026\/08\/pedro-monzon.jpg\"><img loading=\"lazy\" decoding=\"async\" class=\" wp-image-31131 alignleft\" src=\"https:\/\/ismfrance.org\/wp-content\/uploads\/2026\/08\/pedro-monzon.jpg\" alt=\"\" width=\"167\" height=\"167\" srcset=\"https:\/\/ismfrance.org\/wp-content\/uploads\/2026\/08\/pedro-monzon.jpg 240w, https:\/\/ismfrance.org\/wp-content\/uploads\/2026\/08\/pedro-monzon-150x150.jpg 150w, https:\/\/ismfrance.org\/wp-content\/uploads\/2026\/08\/pedro-monzon-144x144.jpg 144w\" sizes=\"auto, (max-width: 167px) 100vw, 167px\" \/><\/a><strong>L&rsquo;AUTEUR<\/strong> :<\/p>\n<p>Pedro Monz\u00f3n Barata est un ancien ambassadeur et consul g\u00e9n\u00e9ral de Cuba \u00e0 S\u00e3o Paulo ; chercheur au Centre de recherche sur la politique internationale.<\/p>\n<p>&nbsp;<\/p>\n","protected":false},"excerpt":{"rendered":"<p>Pedro Monz\u00f3n Barata, 24 ao\u00fbt 2026. \u2013 La solidarit\u00e9 de Cuba envers la Palestine, qui perdure depuis des d\u00e9cennies, refl\u00e8te une histoire commune de r\u00e9sistance \u00e0 l\u2019imp\u00e9rialisme, \u00e0 la d\u00e9possession <a class=\"more-link\" href=\"https:\/\/ismfrance.org\/index.php\/2026\/08\/31\/gaza-et-cuba-ou-la-prehistoire-de-lhumanite\/\">Lire la suite &rarr;<\/a><\/p>\n","protected":false},"author":3,"featured_media":31126,"comment_status":"closed","ping_status":"closed","sticky":false,"template":"","format":"standard","meta":{"footnotes":""},"categories":[12,2],"tags":[363,99],"class_list":["post-31124","post","type-post","status-publish","format-standard","has-post-thumbnail","hentry","category-analyses","category-articles","tag-cuba","tag-imperialisme"],"yoast_head":"<!-- This site is optimized with the Yoast SEO plugin v28.3 - https:\/\/yoast.com\/product\/yoast-seo-wordpress\/ -->\n<title>Gaza et Cuba, ou la pr\u00e9histoire de l\u2019humanit\u00e9 - International Solidarity Movement - ISM-France<\/title>\n<meta name=\"robots\" content=\"index, follow, max-snippet:-1, max-image-preview:large, max-video-preview:-1\" \/>\n<link rel=\"canonical\" href=\"https:\/\/ismfrance.org\/index.php\/2026\/08\/31\/gaza-et-cuba-ou-la-prehistoire-de-lhumanite\/\" \/>\n<meta property=\"og:locale\" content=\"fr_FR\" \/>\n<meta property=\"og:type\" content=\"article\" \/>\n<meta property=\"og:title\" content=\"Gaza et Cuba, ou la pr\u00e9histoire de l\u2019humanit\u00e9 - International Solidarity Movement - ISM-France\" \/>\n<meta property=\"og:description\" content=\"Pedro Monz\u00f3n Barata, 24 ao\u00fbt 2026. \u2013 La solidarit\u00e9 de Cuba envers la Palestine, qui perdure depuis des d\u00e9cennies, refl\u00e8te une histoire commune de r\u00e9sistance \u00e0 l\u2019imp\u00e9rialisme, \u00e0 la d\u00e9possession Lire la suite &rarr;\" \/>\n<meta property=\"og:url\" content=\"https:\/\/ismfrance.org\/index.php\/2026\/08\/31\/gaza-et-cuba-ou-la-prehistoire-de-lhumanite\/\" \/>\n<meta property=\"og:site_name\" content=\"International Solidarity Movement - ISM-France\" \/>\n<meta property=\"article:published_time\" content=\"2026-08-31T16:37:44+00:00\" \/>\n<meta property=\"article:modified_time\" content=\"2026-08-31T16:48:04+00:00\" \/>\n<meta property=\"og:image\" content=\"https:\/\/ismfrance.org\/wp-content\/uploads\/2026\/08\/cuba-gaza.webp\" \/>\n\t<meta property=\"og:image:width\" content=\"1000\" \/>\n\t<meta property=\"og:image:height\" content=\"787\" \/>\n\t<meta property=\"og:image:type\" content=\"image\/webp\" \/>\n<meta name=\"author\" content=\"mru_01\" \/>\n<meta name=\"twitter:card\" content=\"summary_large_image\" \/>\n<meta name=\"twitter:creator\" content=\"@ISMFRANCE\" \/>\n<meta name=\"twitter:site\" content=\"@ISMFRANCE\" \/>\n<meta name=\"twitter:label1\" content=\"\u00c9crit par\" \/>\n\t<meta name=\"twitter:data1\" content=\"mru_01\" \/>\n\t<meta name=\"twitter:label2\" content=\"Dur\u00e9e de lecture estim\u00e9e\" \/>\n\t<meta name=\"twitter:data2\" content=\"24 minutes\" \/>\n<script type=\"application\/ld+json\" class=\"yoast-schema-graph\">{\"@context\":\"https:\\\/\\\/schema.org\",\"@graph\":[{\"@type\":\"Article\",\"@id\":\"https:\\\/\\\/ismfrance.org\\\/index.php\\\/2026\\\/08\\\/31\\\/gaza-et-cuba-ou-la-prehistoire-de-lhumanite\\\/#article\",\"isPartOf\":{\"@id\":\"https:\\\/\\\/ismfrance.org\\\/index.php\\\/2026\\\/08\\\/31\\\/gaza-et-cuba-ou-la-prehistoire-de-lhumanite\\\/\"},\"author\":{\"name\":\"mru_01\",\"@id\":\"https:\\\/\\\/ismfrance.org\\\/#\\\/schema\\\/person\\\/3c411eb72adfaae19c0dca1f41fae01d\"},\"headline\":\"Gaza et Cuba, ou la pr\u00e9histoire de l\u2019humanit\u00e9\",\"datePublished\":\"2026-08-31T16:37:44+00:00\",\"dateModified\":\"2026-08-31T16:48:04+00:00\",\"mainEntityOfPage\":{\"@id\":\"https:\\\/\\\/ismfrance.org\\\/index.php\\\/2026\\\/08\\\/31\\\/gaza-et-cuba-ou-la-prehistoire-de-lhumanite\\\/\"},\"wordCount\":5235,\"publisher\":{\"@id\":\"https:\\\/\\\/ismfrance.org\\\/#organization\"},\"image\":{\"@id\":\"https:\\\/\\\/ismfrance.org\\\/index.php\\\/2026\\\/08\\\/31\\\/gaza-et-cuba-ou-la-prehistoire-de-lhumanite\\\/#primaryimage\"},\"thumbnailUrl\":\"https:\\\/\\\/ismfrance.org\\\/wp-content\\\/uploads\\\/2026\\\/08\\\/cuba-gaza.webp\",\"keywords\":[\"Cuba\",\"Imp\u00e9rialisme\"],\"articleSection\":[\"Analyses\",\"Articles\"],\"inLanguage\":\"fr-FR\"},{\"@type\":\"WebPage\",\"@id\":\"https:\\\/\\\/ismfrance.org\\\/index.php\\\/2026\\\/08\\\/31\\\/gaza-et-cuba-ou-la-prehistoire-de-lhumanite\\\/\",\"url\":\"https:\\\/\\\/ismfrance.org\\\/index.php\\\/2026\\\/08\\\/31\\\/gaza-et-cuba-ou-la-prehistoire-de-lhumanite\\\/\",\"name\":\"Gaza et Cuba, ou la pr\u00e9histoire de l\u2019humanit\u00e9 - International Solidarity Movement - ISM-France\",\"isPartOf\":{\"@id\":\"https:\\\/\\\/ismfrance.org\\\/#website\"},\"primaryImageOfPage\":{\"@id\":\"https:\\\/\\\/ismfrance.org\\\/index.php\\\/2026\\\/08\\\/31\\\/gaza-et-cuba-ou-la-prehistoire-de-lhumanite\\\/#primaryimage\"},\"image\":{\"@id\":\"https:\\\/\\\/ismfrance.org\\\/index.php\\\/2026\\\/08\\\/31\\\/gaza-et-cuba-ou-la-prehistoire-de-lhumanite\\\/#primaryimage\"},\"thumbnailUrl\":\"https:\\\/\\\/ismfrance.org\\\/wp-content\\\/uploads\\\/2026\\\/08\\\/cuba-gaza.webp\",\"datePublished\":\"2026-08-31T16:37:44+00:00\",\"dateModified\":\"2026-08-31T16:48:04+00:00\",\"breadcrumb\":{\"@id\":\"https:\\\/\\\/ismfrance.org\\\/index.php\\\/2026\\\/08\\\/31\\\/gaza-et-cuba-ou-la-prehistoire-de-lhumanite\\\/#breadcrumb\"},\"inLanguage\":\"fr-FR\",\"potentialAction\":[{\"@type\":\"ReadAction\",\"target\":[\"https:\\\/\\\/ismfrance.org\\\/index.php\\\/2026\\\/08\\\/31\\\/gaza-et-cuba-ou-la-prehistoire-de-lhumanite\\\/\"]}]},{\"@type\":\"ImageObject\",\"inLanguage\":\"fr-FR\",\"@id\":\"https:\\\/\\\/ismfrance.org\\\/index.php\\\/2026\\\/08\\\/31\\\/gaza-et-cuba-ou-la-prehistoire-de-lhumanite\\\/#primaryimage\",\"url\":\"https:\\\/\\\/ismfrance.org\\\/wp-content\\\/uploads\\\/2026\\\/08\\\/cuba-gaza.webp\",\"contentUrl\":\"https:\\\/\\\/ismfrance.org\\\/wp-content\\\/uploads\\\/2026\\\/08\\\/cuba-gaza.webp\",\"width\":1000,\"height\":787},{\"@type\":\"BreadcrumbList\",\"@id\":\"https:\\\/\\\/ismfrance.org\\\/index.php\\\/2026\\\/08\\\/31\\\/gaza-et-cuba-ou-la-prehistoire-de-lhumanite\\\/#breadcrumb\",\"itemListElement\":[{\"@type\":\"ListItem\",\"position\":1,\"name\":\"Accueil\",\"item\":\"https:\\\/\\\/ismfrance.org\\\/\"},{\"@type\":\"ListItem\",\"position\":2,\"name\":\"Gaza et Cuba, ou la pr\u00e9histoire de l\u2019humanit\u00e9\"}]},{\"@type\":\"WebSite\",\"@id\":\"https:\\\/\\\/ismfrance.org\\\/#website\",\"url\":\"https:\\\/\\\/ismfrance.org\\\/\",\"name\":\"ISM Palestine France\",\"description\":\"Soutien aux luttes de lib\u00e9ration du peuple palestinien\",\"publisher\":{\"@id\":\"https:\\\/\\\/ismfrance.org\\\/#organization\"},\"potentialAction\":[{\"@type\":\"SearchAction\",\"target\":{\"@type\":\"EntryPoint\",\"urlTemplate\":\"https:\\\/\\\/ismfrance.org\\\/?s={search_term_string}\"},\"query-input\":{\"@type\":\"PropertyValueSpecification\",\"valueRequired\":true,\"valueName\":\"search_term_string\"}}],\"inLanguage\":\"fr-FR\"},{\"@type\":\"Organization\",\"@id\":\"https:\\\/\\\/ismfrance.org\\\/#organization\",\"name\":\"International Solidarity Movement\",\"url\":\"https:\\\/\\\/ismfrance.org\\\/\",\"logo\":{\"@type\":\"ImageObject\",\"inLanguage\":\"fr-FR\",\"@id\":\"https:\\\/\\\/ismfrance.org\\\/#\\\/schema\\\/logo\\\/image\\\/\",\"url\":\"https:\\\/\\\/ismfrance.org\\\/wp-content\\\/uploads\\\/2020\\\/12\\\/00.png\",\"contentUrl\":\"https:\\\/\\\/ismfrance.org\\\/wp-content\\\/uploads\\\/2020\\\/12\\\/00.png\",\"width\":400,\"height\":400,\"caption\":\"International Solidarity Movement\"},\"image\":{\"@id\":\"https:\\\/\\\/ismfrance.org\\\/#\\\/schema\\\/logo\\\/image\\\/\"},\"sameAs\":[\"https:\\\/\\\/x.com\\\/ISMFRANCE\"]},{\"@type\":\"Person\",\"@id\":\"https:\\\/\\\/ismfrance.org\\\/#\\\/schema\\\/person\\\/3c411eb72adfaae19c0dca1f41fae01d\",\"name\":\"mru_01\",\"image\":{\"@type\":\"ImageObject\",\"inLanguage\":\"fr-FR\",\"@id\":\"https:\\\/\\\/secure.gravatar.com\\\/avatar\\\/3a0be343b445d2ccc79e87444a294fad2b232e90d2051d0e3cc219e1ecd6a330?s=96&d=mm&r=g\",\"url\":\"https:\\\/\\\/secure.gravatar.com\\\/avatar\\\/3a0be343b445d2ccc79e87444a294fad2b232e90d2051d0e3cc219e1ecd6a330?s=96&d=mm&r=g\",\"contentUrl\":\"https:\\\/\\\/secure.gravatar.com\\\/avatar\\\/3a0be343b445d2ccc79e87444a294fad2b232e90d2051d0e3cc219e1ecd6a330?s=96&d=mm&r=g\",\"caption\":\"mru_01\"},\"url\":\"https:\\\/\\\/ismfrance.org\\\/index.php\\\/author\\\/admin02\\\/\"}]}<\/script>\n<!-- \/ Yoast SEO plugin. -->","yoast_head_json":{"title":"Gaza et Cuba, ou la pr\u00e9histoire de l\u2019humanit\u00e9 - International Solidarity Movement - ISM-France","robots":{"index":"index","follow":"follow","max-snippet":"max-snippet:-1","max-image-preview":"max-image-preview:large","max-video-preview":"max-video-preview:-1"},"canonical":"https:\/\/ismfrance.org\/index.php\/2026\/08\/31\/gaza-et-cuba-ou-la-prehistoire-de-lhumanite\/","og_locale":"fr_FR","og_type":"article","og_title":"Gaza et Cuba, ou la pr\u00e9histoire de l\u2019humanit\u00e9 - International Solidarity Movement - ISM-France","og_description":"Pedro Monz\u00f3n Barata, 24 ao\u00fbt 2026. \u2013 La solidarit\u00e9 de Cuba envers la Palestine, qui perdure depuis des d\u00e9cennies, refl\u00e8te une histoire commune de r\u00e9sistance \u00e0 l\u2019imp\u00e9rialisme, \u00e0 la d\u00e9possession Lire la suite &rarr;","og_url":"https:\/\/ismfrance.org\/index.php\/2026\/08\/31\/gaza-et-cuba-ou-la-prehistoire-de-lhumanite\/","og_site_name":"International Solidarity Movement - ISM-France","article_published_time":"2026-08-31T16:37:44+00:00","article_modified_time":"2026-08-31T16:48:04+00:00","og_image":[{"width":1000,"height":787,"url":"https:\/\/ismfrance.org\/wp-content\/uploads\/2026\/08\/cuba-gaza.webp","type":"image\/webp"}],"author":"mru_01","twitter_card":"summary_large_image","twitter_creator":"@ISMFRANCE","twitter_site":"@ISMFRANCE","twitter_misc":{"\u00c9crit par":"mru_01","Dur\u00e9e de lecture estim\u00e9e":"24 minutes"},"schema":{"@context":"https:\/\/schema.org","@graph":[{"@type":"Article","@id":"https:\/\/ismfrance.org\/index.php\/2026\/08\/31\/gaza-et-cuba-ou-la-prehistoire-de-lhumanite\/#article","isPartOf":{"@id":"https:\/\/ismfrance.org\/index.php\/2026\/08\/31\/gaza-et-cuba-ou-la-prehistoire-de-lhumanite\/"},"author":{"name":"mru_01","@id":"https:\/\/ismfrance.org\/#\/schema\/person\/3c411eb72adfaae19c0dca1f41fae01d"},"headline":"Gaza et Cuba, ou la pr\u00e9histoire de l\u2019humanit\u00e9","datePublished":"2026-08-31T16:37:44+00:00","dateModified":"2026-08-31T16:48:04+00:00","mainEntityOfPage":{"@id":"https:\/\/ismfrance.org\/index.php\/2026\/08\/31\/gaza-et-cuba-ou-la-prehistoire-de-lhumanite\/"},"wordCount":5235,"publisher":{"@id":"https:\/\/ismfrance.org\/#organization"},"image":{"@id":"https:\/\/ismfrance.org\/index.php\/2026\/08\/31\/gaza-et-cuba-ou-la-prehistoire-de-lhumanite\/#primaryimage"},"thumbnailUrl":"https:\/\/ismfrance.org\/wp-content\/uploads\/2026\/08\/cuba-gaza.webp","keywords":["Cuba","Imp\u00e9rialisme"],"articleSection":["Analyses","Articles"],"inLanguage":"fr-FR"},{"@type":"WebPage","@id":"https:\/\/ismfrance.org\/index.php\/2026\/08\/31\/gaza-et-cuba-ou-la-prehistoire-de-lhumanite\/","url":"https:\/\/ismfrance.org\/index.php\/2026\/08\/31\/gaza-et-cuba-ou-la-prehistoire-de-lhumanite\/","name":"Gaza et Cuba, ou la pr\u00e9histoire de l\u2019humanit\u00e9 - International Solidarity Movement - ISM-France","isPartOf":{"@id":"https:\/\/ismfrance.org\/#website"},"primaryImageOfPage":{"@id":"https:\/\/ismfrance.org\/index.php\/2026\/08\/31\/gaza-et-cuba-ou-la-prehistoire-de-lhumanite\/#primaryimage"},"image":{"@id":"https:\/\/ismfrance.org\/index.php\/2026\/08\/31\/gaza-et-cuba-ou-la-prehistoire-de-lhumanite\/#primaryimage"},"thumbnailUrl":"https:\/\/ismfrance.org\/wp-content\/uploads\/2026\/08\/cuba-gaza.webp","datePublished":"2026-08-31T16:37:44+00:00","dateModified":"2026-08-31T16:48:04+00:00","breadcrumb":{"@id":"https:\/\/ismfrance.org\/index.php\/2026\/08\/31\/gaza-et-cuba-ou-la-prehistoire-de-lhumanite\/#breadcrumb"},"inLanguage":"fr-FR","potentialAction":[{"@type":"ReadAction","target":["https:\/\/ismfrance.org\/index.php\/2026\/08\/31\/gaza-et-cuba-ou-la-prehistoire-de-lhumanite\/"]}]},{"@type":"ImageObject","inLanguage":"fr-FR","@id":"https:\/\/ismfrance.org\/index.php\/2026\/08\/31\/gaza-et-cuba-ou-la-prehistoire-de-lhumanite\/#primaryimage","url":"https:\/\/ismfrance.org\/wp-content\/uploads\/2026\/08\/cuba-gaza.webp","contentUrl":"https:\/\/ismfrance.org\/wp-content\/uploads\/2026\/08\/cuba-gaza.webp","width":1000,"height":787},{"@type":"BreadcrumbList","@id":"https:\/\/ismfrance.org\/index.php\/2026\/08\/31\/gaza-et-cuba-ou-la-prehistoire-de-lhumanite\/#breadcrumb","itemListElement":[{"@type":"ListItem","position":1,"name":"Accueil","item":"https:\/\/ismfrance.org\/"},{"@type":"ListItem","position":2,"name":"Gaza et Cuba, ou la pr\u00e9histoire de l\u2019humanit\u00e9"}]},{"@type":"WebSite","@id":"https:\/\/ismfrance.org\/#website","url":"https:\/\/ismfrance.org\/","name":"ISM Palestine France","description":"Soutien aux luttes de lib\u00e9ration du peuple palestinien","publisher":{"@id":"https:\/\/ismfrance.org\/#organization"},"potentialAction":[{"@type":"SearchAction","target":{"@type":"EntryPoint","urlTemplate":"https:\/\/ismfrance.org\/?s={search_term_string}"},"query-input":{"@type":"PropertyValueSpecification","valueRequired":true,"valueName":"search_term_string"}}],"inLanguage":"fr-FR"},{"@type":"Organization","@id":"https:\/\/ismfrance.org\/#organization","name":"International Solidarity Movement","url":"https:\/\/ismfrance.org\/","logo":{"@type":"ImageObject","inLanguage":"fr-FR","@id":"https:\/\/ismfrance.org\/#\/schema\/logo\/image\/","url":"https:\/\/ismfrance.org\/wp-content\/uploads\/2020\/12\/00.png","contentUrl":"https:\/\/ismfrance.org\/wp-content\/uploads\/2020\/12\/00.png","width":400,"height":400,"caption":"International Solidarity Movement"},"image":{"@id":"https:\/\/ismfrance.org\/#\/schema\/logo\/image\/"},"sameAs":["https:\/\/x.com\/ISMFRANCE"]},{"@type":"Person","@id":"https:\/\/ismfrance.org\/#\/schema\/person\/3c411eb72adfaae19c0dca1f41fae01d","name":"mru_01","image":{"@type":"ImageObject","inLanguage":"fr-FR","@id":"https:\/\/secure.gravatar.com\/avatar\/3a0be343b445d2ccc79e87444a294fad2b232e90d2051d0e3cc219e1ecd6a330?s=96&d=mm&r=g","url":"https:\/\/secure.gravatar.com\/avatar\/3a0be343b445d2ccc79e87444a294fad2b232e90d2051d0e3cc219e1ecd6a330?s=96&d=mm&r=g","contentUrl":"https:\/\/secure.gravatar.com\/avatar\/3a0be343b445d2ccc79e87444a294fad2b232e90d2051d0e3cc219e1ecd6a330?s=96&d=mm&r=g","caption":"mru_01"},"url":"https:\/\/ismfrance.org\/index.php\/author\/admin02\/"}]}},"_links":{"self":[{"href":"https:\/\/ismfrance.org\/index.php\/wp-json\/wp\/v2\/posts\/31124","targetHints":{"allow":["GET"]}}],"collection":[{"href":"https:\/\/ismfrance.org\/index.php\/wp-json\/wp\/v2\/posts"}],"about":[{"href":"https:\/\/ismfrance.org\/index.php\/wp-json\/wp\/v2\/types\/post"}],"author":[{"embeddable":true,"href":"https:\/\/ismfrance.org\/index.php\/wp-json\/wp\/v2\/users\/3"}],"replies":[{"embeddable":true,"href":"https:\/\/ismfrance.org\/index.php\/wp-json\/wp\/v2\/comments?post=31124"}],"version-history":[{"count":7,"href":"https:\/\/ismfrance.org\/index.php\/wp-json\/wp\/v2\/posts\/31124\/revisions"}],"predecessor-version":[{"id":31135,"href":"https:\/\/ismfrance.org\/index.php\/wp-json\/wp\/v2\/posts\/31124\/revisions\/31135"}],"wp:featuredmedia":[{"embeddable":true,"href":"https:\/\/ismfrance.org\/index.php\/wp-json\/wp\/v2\/media\/31126"}],"wp:attachment":[{"href":"https:\/\/ismfrance.org\/index.php\/wp-json\/wp\/v2\/media?parent=31124"}],"wp:term":[{"taxonomy":"category","embeddable":true,"href":"https:\/\/ismfrance.org\/index.php\/wp-json\/wp\/v2\/categories?post=31124"},{"taxonomy":"post_tag","embeddable":true,"href":"https:\/\/ismfrance.org\/index.php\/wp-json\/wp\/v2\/tags?post=31124"}],"curies":[{"name":"wp","href":"https:\/\/api.w.org\/{rel}","templated":true}]}}