{"id":3041,"date":"2022-06-28T11:51:51","date_gmt":"2022-06-28T09:51:51","guid":{"rendered":"https:\/\/ismfrance.org\/?p=3041"},"modified":"2022-06-28T11:54:10","modified_gmt":"2022-06-28T09:54:10","slug":"declaration-internationale-israel-hors-du-tour-de-france","status":"publish","type":"post","link":"https:\/\/ismfrance.org\/index.php\/2022\/06\/28\/declaration-internationale-israel-hors-du-tour-de-france\/","title":{"rendered":"D\u00e9claration internationale : Isra\u00ebl hors du Tour de France !"},"content":{"rendered":"<p>Du 1er au 24 juillet 2022, la 109e \u00e9dition du Tour de France est organis\u00e9e au d\u00e9part de Copenhague au Danemark puis \u00e0 travers plusieurs villes de Belgique et de France. Pour la troisi\u00e8me ann\u00e9e cons\u00e9cutive, la plus grande comp\u00e9tition de cyclisme au monde accueille sur la ligne de d\u00e9part l\u2019\u00e9quipe Isra\u00ebl Premier Tech anciennement connu sous le nom d\u2019Isra\u00ebl Start-Up Nation.<\/p>\n<p><a href=\"https:\/\/ismfrance.org\/wp-content\/uploads\/2022\/06\/visuel-tour-de-france-1080x675-1.png\"><img loading=\"lazy\" decoding=\"async\" class=\"size-large wp-image-3042 aligncenter\" src=\"https:\/\/ismfrance.org\/wp-content\/uploads\/2022\/06\/visuel-tour-de-france-1080x675-1-700x438.png\" alt=\"\" width=\"600\" height=\"375\" srcset=\"https:\/\/ismfrance.org\/wp-content\/uploads\/2022\/06\/visuel-tour-de-france-1080x675-1-700x438.png 700w, https:\/\/ismfrance.org\/wp-content\/uploads\/2022\/06\/visuel-tour-de-france-1080x675-1-300x188.png 300w, https:\/\/ismfrance.org\/wp-content\/uploads\/2022\/06\/visuel-tour-de-france-1080x675-1-768x480.png 768w, https:\/\/ismfrance.org\/wp-content\/uploads\/2022\/06\/visuel-tour-de-france-1080x675-1-750x470.png 750w, https:\/\/ismfrance.org\/wp-content\/uploads\/2022\/06\/visuel-tour-de-france-1080x675-1-640x401.png 640w, https:\/\/ismfrance.org\/wp-content\/uploads\/2022\/06\/visuel-tour-de-france-1080x675-1.png 1080w\" sizes=\"auto, (max-width: 600px) 100vw, 600px\" \/><\/a>Fond\u00e9e par l\u2019homme d\u2019affaires isra\u00e9lo-canadien Sylvan Adams, cette \u00e9quipe a pour vocation de promouvoir l\u2019apartheid isra\u00e9lien. En effet, \u00ab les membres de l\u2019\u00e9quipe sont des ambassadeurs du pays d\u2019Isra\u00ebl, qui est la base de l\u2019\u00e9quipe. On utilise le sport pour cr\u00e9er des liens et porter l\u2019image du pays \u00bb comme ils le soulignent eux-m\u00eames dans un journal fran\u00e7ais.<\/p>\n<p>La pr\u00e9sence de cette \u00e9quipe aux ambitions ouvertement politiques est d\u2019autant plus scandaleuse quand on voit que l\u2019Union Cycliste Internationale est capable de sanctionner plusieurs \u00e9quipes russes et bi\u00e9lorusses en raison de la politique de leurs \u00c9tats respectifs mais en devient incapable quand il s\u2019agit de d\u00e9noncer la politique isra\u00e9lienne. Cela d\u00e9montre une nouvelle fois que ce qui est en cause n\u2019est pas la l\u00e9gitimit\u00e9 du boycott sportif mais bien les cibles qu\u2019il combat.<\/p>\n<p>Alors qu\u2019Isra\u00ebl continue sa politique coloniale, d\u2019apartheid et de nettoyage ethnique, nous appelons \u00e0 intensifier le boycott d\u2019Isra\u00ebl en tant qu\u2019outil anticolonialiste et antiraciste solidaire de la r\u00e9sistance palestinienne qui se bat pour la lib\u00e9ration de la Palestine de la mer au Jourdain. Dans ce cadre, nous appelons \u00e0 boycotter l\u2019\u00e9quipe Isra\u00ebl Premier Tech et \u00e0 multiplier les actions durant cette comp\u00e9tition. Les drapeaux de la Palestine doivent flotter partout afin de rappeler que nous n\u2019acceptons pas la pr\u00e9sence d\u2019une \u00e9quipe repr\u00e9sentante des bourreaux du peuple palestinien.<\/p>\n<h3 style=\"text-align: center;\"><strong>Boycott Isra\u00ebl \u2013 Free Palestine<\/strong><br \/>\n<strong>Isra\u00ebl hors du Tour de France !<\/strong><\/h3>\n<p><em>AFD International (FR)<\/em><br \/>\n<em>AFPS 14-6 (FR)<\/em><br \/>\n<em>AFPS 63 (FR)<br \/>\nAFPS Albertville (FR)<br \/>\nAFPS N\u00eemes (FR)<\/em><br \/>\n<em>AFPS Paris-Sud (FR)<\/em><br \/>\n<em>Africa 4 Palestine (ZA)<\/em><br \/>\n<em>Al Awda \u2013 The Palestine Right of Return Coalition (US)<\/em><br \/>\n<em>Al Yudur \u2013 Mouvement de la jeunesse palestinienne (ES)<\/em><br \/>\n<em>Alkarama \u2013 Mouvement des femmes palestiniennes (ES)<\/em><br \/>\n<em>Amis de la Palestine contre l\u2019imp\u00e9rialisme et le sionisme (TR)<br \/>\nAssociation Belgo-palestinienne \u2013 r\u00e9gional de Li\u00e8ge (BE)<\/em><br \/>\n<em>Association D\u00e9mocratique des Tunisiens en France \u2013 ADTF (FR)<br \/>\nBACBI \u2013 Belgian Academic and Cultural Boycott of Israel (BE)<\/em><br \/>\n<em>BDS Boston (US)<\/em><br \/>\n<em>BDS Vancouver \u2013 Coast Salish (CA)<\/em><br \/>\n<em>Bruxelles Panth\u00e8res (BE)<\/em><br \/>\n<em>Campagne de boycott des supporters d\u2019Isra\u00ebl au Liban (LB)<\/em><br \/>\n<em>Campagne tunisienne contre la normalisation avec l\u2019entit\u00e9 sioniste (TN)<\/em><br \/>\n<em>Campagne Unitaire pour la Lib\u00e9ration de Georges Abdallah (FR)<\/em><br \/>\n<em>Canada Palestine Association (CA)<\/em><br \/>\n<em>Canadian BDS Coalition (CA)<\/em><br \/>\n<em>CAPJPO-Europalestine (FR)<\/em><br \/>\n<em>Car t\u2019y es libre \u2013 Istres (FR)<\/em><br \/>\n<em>Centro Culturale Handala Ali (IT)<\/em><br \/>\n<em>Collectif 65 pour la lib\u00e9ration de Georges Abdallah (FR)<\/em><br \/>\n<em>Collectif 69 de soutien au peuple palestinien (FR)<br \/>\nCollectif BDS 45 (FR)<\/em><br \/>\n<em>Collectif Boycott Apartheid Isra\u00ebl \u2013 Paris Banlieue (FR)<\/em><br \/>\n<em>Collectif de soutien \u00e0 la r\u00e9sistance palestinienne 59 (FR)<\/em><br \/>\n<em>Collectif Palestine Vaincra (FR)<br \/>\nComit\u00e9 BDS ULB (BE)<\/em><br \/>\n<em>Comit\u00e9 tunisien pour la lib\u00e9ration de Georges Abdallah (TN)<br \/>\nComit\u00e9 Verviers Palestine (BE)<br \/>\nCommunaut\u00e9 palestinienne en Belgique et au Luxembourg (BE \u2013 LU)<br \/>\nCouserans-Palestine (FR)<br \/>\n<\/em><em>De-Colonizer (BE)<\/em><br \/>\n<em>EFVE (Entr\u2019Aide et Fraternit\u00e9 \/ Action Vivre Ensemble) Hainaut (BE)<\/em><br \/>\n<em>Eritrea Tour for Friendship (BE)<br \/>\nForum D\u00e9mocratique palestinien en Europe (EU)<\/em><br \/>\n<em>Free Palestine Maastricht (NL)<\/em><br \/>\n<em>Front Mahasiswa Nasional (ID)<\/em><br \/>\n<em>FUIQP \u2013 Paris Banlieue (FR)<br \/>\nGiovani e Palestina (IT)<br \/>\nGiovani Palestinesi d\u2019Italia (IT)<\/em><br \/>\n<em>IJAN \u2013 International Jewish Anti-Zionist Network (INT)<\/em><br \/>\n<em>Indonesian Palestine Alliance (ID)<br \/>\nInternational Solidarity Movement \u2013 ISM-France (FR)<\/em><br \/>\n<em>Jeunes pour la Palestine \u2013 Nantes (FR)<\/em><br \/>\n<em>Just Peace Advocates\/Mouvement Pour Une Paix Juste (CA)<br \/>\nLiga Argentina por los Derechos Humanos (AR)<\/em><br \/>\n<em>Marseille Gaza Palestine (FR)<\/em><br \/>\n<em>Masar Badil (INT)<\/em><br \/>\n<em>Mouvement Citoyen Palestine (BE)<br \/>\nNew Weapons Research Group (IT)<br \/>\nOrl\u00e9ans Loiret Palestine (FR)<\/em><br \/>\n<em>PAJU \u2013 Palestiniens et Juifs unis (CA)<\/em><br \/>\n<em>Plateforme Charleroi-Palestine (BE)<\/em><br \/>\n<em>Samidoun Palestinian Prisoner Solidarity Network (INT)<\/em><br \/>\n<em>Samidoun R\u00e9gion Parisienne (FR)<br \/>\nSLAI Cobas Marghera (IT)<\/em><br \/>\n<em>Soci\u00e9t\u00e9 bahre\u00efnite contre la normalisation avec l\u2019ennemi sioniste (BH)<br \/>\nUnione Democratica Arabo-Palestinese (IT)<\/em><br \/>\n<em>Union Juive Fran\u00e7aise pour la Paix (FR)<\/em><br \/>\n<em>Victory to the Intifada (GB)<br \/>\nVoci nel Silenzio Palermo (IT)<\/em><br \/>\n<em>Within our lifetime \u2013 United for Palestine (US)<\/em><\/p>\n<p><strong>Pour signer l\u2019appel :\u00a0<a href=\"mailto:collectifpalestinevaincra@gmail.com\">collectifpalestinevaincra@gmail.com<\/a><\/strong><\/p>\n<p>Source : <a href=\"https:\/\/palestinevaincra.com\/2022\/06\/declaration-internationale-israel-hors-du-tour-de-france\/\">Collectif Palestine Vaincra<\/a><\/p>\n","protected":false},"excerpt":{"rendered":"<p>Du 1er au 24 juillet 2022, la 109e \u00e9dition du Tour de France est organis\u00e9e au d\u00e9part de Copenhague au Danemark puis \u00e0 travers plusieurs villes de Belgique et de <a class=\"more-link\" href=\"https:\/\/ismfrance.org\/index.php\/2022\/06\/28\/declaration-internationale-israel-hors-du-tour-de-france\/\">Lire la suite &rarr;<\/a><\/p>\n","protected":false},"author":3,"featured_media":3042,"comment_status":"closed","ping_status":"closed","sticky":false,"template":"","format":"standard","meta":{"footnotes":""},"categories":[43,2],"tags":[31,44],"class_list":["post-3041","post","type-post","status-publish","format-standard","has-post-thumbnail","hentry","category-actions-en-cours-ou-a-venir","category-articles","tag-boycott","tag-materiel-militant"],"yoast_head":"<!-- This site is optimized with the Yoast SEO plugin v27.2 - https:\/\/yoast.com\/product\/yoast-seo-wordpress\/ -->\n<title>D\u00e9claration internationale : Isra\u00ebl hors du Tour de France ! - International Solidarity Movement - ISM-France<\/title>\n<meta name=\"robots\" content=\"index, follow, max-snippet:-1, max-image-preview:large, max-video-preview:-1\" \/>\n<link rel=\"canonical\" href=\"https:\/\/ismfrance.org\/index.php\/2022\/06\/28\/declaration-internationale-israel-hors-du-tour-de-france\/\" \/>\n<meta property=\"og:locale\" content=\"fr_FR\" \/>\n<meta property=\"og:type\" content=\"article\" \/>\n<meta property=\"og:title\" content=\"D\u00e9claration internationale : Isra\u00ebl hors du Tour de France ! - International Solidarity Movement - ISM-France\" \/>\n<meta property=\"og:description\" content=\"Du 1er au 24 juillet 2022, la 109e \u00e9dition du Tour de France est organis\u00e9e au d\u00e9part de Copenhague au Danemark puis \u00e0 travers plusieurs villes de Belgique et de Lire la suite &rarr;\" \/>\n<meta property=\"og:url\" content=\"https:\/\/ismfrance.org\/index.php\/2022\/06\/28\/declaration-internationale-israel-hors-du-tour-de-france\/\" \/>\n<meta property=\"og:site_name\" content=\"International Solidarity Movement - ISM-France\" \/>\n<meta property=\"article:published_time\" content=\"2022-06-28T09:51:51+00:00\" \/>\n<meta property=\"article:modified_time\" content=\"2022-06-28T09:54:10+00:00\" \/>\n<meta property=\"og:image\" content=\"https:\/\/ismfrance.org\/wp-content\/uploads\/2022\/06\/visuel-tour-de-france-1080x675-1.png\" \/>\n\t<meta property=\"og:image:width\" content=\"1080\" \/>\n\t<meta property=\"og:image:height\" content=\"675\" \/>\n\t<meta property=\"og:image:type\" content=\"image\/png\" \/>\n<meta name=\"author\" content=\"mru_01\" \/>\n<meta name=\"twitter:card\" content=\"summary_large_image\" \/>\n<meta name=\"twitter:creator\" content=\"@ISMFRANCE\" \/>\n<meta name=\"twitter:site\" content=\"@ISMFRANCE\" \/>\n<meta name=\"twitter:label1\" content=\"\u00c9crit par\" \/>\n\t<meta name=\"twitter:data1\" content=\"mru_01\" \/>\n\t<meta name=\"twitter:label2\" content=\"Dur\u00e9e de lecture estim\u00e9e\" \/>\n\t<meta name=\"twitter:data2\" content=\"4 minutes\" \/>\n<script type=\"application\/ld+json\" class=\"yoast-schema-graph\">{\"@context\":\"https:\/\/schema.org\",\"@graph\":[{\"@type\":\"Article\",\"@id\":\"https:\/\/ismfrance.org\/index.php\/2022\/06\/28\/declaration-internationale-israel-hors-du-tour-de-france\/#article\",\"isPartOf\":{\"@id\":\"https:\/\/ismfrance.org\/index.php\/2022\/06\/28\/declaration-internationale-israel-hors-du-tour-de-france\/\"},\"author\":{\"name\":\"mru_01\",\"@id\":\"https:\/\/ismfrance.org\/#\/schema\/person\/3c411eb72adfaae19c0dca1f41fae01d\"},\"headline\":\"D\u00e9claration internationale : Isra\u00ebl hors du Tour de France !\",\"datePublished\":\"2022-06-28T09:51:51+00:00\",\"dateModified\":\"2022-06-28T09:54:10+00:00\",\"mainEntityOfPage\":{\"@id\":\"https:\/\/ismfrance.org\/index.php\/2022\/06\/28\/declaration-internationale-israel-hors-du-tour-de-france\/\"},\"wordCount\":740,\"publisher\":{\"@id\":\"https:\/\/ismfrance.org\/#organization\"},\"image\":{\"@id\":\"https:\/\/ismfrance.org\/index.php\/2022\/06\/28\/declaration-internationale-israel-hors-du-tour-de-france\/#primaryimage\"},\"thumbnailUrl\":\"https:\/\/ismfrance.org\/wp-content\/uploads\/2022\/06\/visuel-tour-de-france-1080x675-1.png\",\"keywords\":[\"Boycott\",\"mat\u00e9riel militant\"],\"articleSection\":[\"Actions en cours ou \u00e0 venir\",\"Articles\"],\"inLanguage\":\"fr-FR\"},{\"@type\":\"WebPage\",\"@id\":\"https:\/\/ismfrance.org\/index.php\/2022\/06\/28\/declaration-internationale-israel-hors-du-tour-de-france\/\",\"url\":\"https:\/\/ismfrance.org\/index.php\/2022\/06\/28\/declaration-internationale-israel-hors-du-tour-de-france\/\",\"name\":\"D\u00e9claration internationale : Isra\u00ebl hors du Tour de France ! - International Solidarity Movement - ISM-France\",\"isPartOf\":{\"@id\":\"https:\/\/ismfrance.org\/#website\"},\"primaryImageOfPage\":{\"@id\":\"https:\/\/ismfrance.org\/index.php\/2022\/06\/28\/declaration-internationale-israel-hors-du-tour-de-france\/#primaryimage\"},\"image\":{\"@id\":\"https:\/\/ismfrance.org\/index.php\/2022\/06\/28\/declaration-internationale-israel-hors-du-tour-de-france\/#primaryimage\"},\"thumbnailUrl\":\"https:\/\/ismfrance.org\/wp-content\/uploads\/2022\/06\/visuel-tour-de-france-1080x675-1.png\",\"datePublished\":\"2022-06-28T09:51:51+00:00\",\"dateModified\":\"2022-06-28T09:54:10+00:00\",\"breadcrumb\":{\"@id\":\"https:\/\/ismfrance.org\/index.php\/2022\/06\/28\/declaration-internationale-israel-hors-du-tour-de-france\/#breadcrumb\"},\"inLanguage\":\"fr-FR\",\"potentialAction\":[{\"@type\":\"ReadAction\",\"target\":[\"https:\/\/ismfrance.org\/index.php\/2022\/06\/28\/declaration-internationale-israel-hors-du-tour-de-france\/\"]}]},{\"@type\":\"ImageObject\",\"inLanguage\":\"fr-FR\",\"@id\":\"https:\/\/ismfrance.org\/index.php\/2022\/06\/28\/declaration-internationale-israel-hors-du-tour-de-france\/#primaryimage\",\"url\":\"https:\/\/ismfrance.org\/wp-content\/uploads\/2022\/06\/visuel-tour-de-france-1080x675-1.png\",\"contentUrl\":\"https:\/\/ismfrance.org\/wp-content\/uploads\/2022\/06\/visuel-tour-de-france-1080x675-1.png\",\"width\":1080,\"height\":675},{\"@type\":\"BreadcrumbList\",\"@id\":\"https:\/\/ismfrance.org\/index.php\/2022\/06\/28\/declaration-internationale-israel-hors-du-tour-de-france\/#breadcrumb\",\"itemListElement\":[{\"@type\":\"ListItem\",\"position\":1,\"name\":\"Accueil\",\"item\":\"https:\/\/ismfrance.org\/\"},{\"@type\":\"ListItem\",\"position\":2,\"name\":\"D\u00e9claration internationale : Isra\u00ebl hors du Tour de France !\"}]},{\"@type\":\"WebSite\",\"@id\":\"https:\/\/ismfrance.org\/#website\",\"url\":\"https:\/\/ismfrance.org\/\",\"name\":\"ISM Palestine France\",\"description\":\"Soutien aux luttes de lib\u00e9ration du peuple palestinien\",\"publisher\":{\"@id\":\"https:\/\/ismfrance.org\/#organization\"},\"potentialAction\":[{\"@type\":\"SearchAction\",\"target\":{\"@type\":\"EntryPoint\",\"urlTemplate\":\"https:\/\/ismfrance.org\/?s={search_term_string}\"},\"query-input\":{\"@type\":\"PropertyValueSpecification\",\"valueRequired\":true,\"valueName\":\"search_term_string\"}}],\"inLanguage\":\"fr-FR\"},{\"@type\":\"Organization\",\"@id\":\"https:\/\/ismfrance.org\/#organization\",\"name\":\"International Solidarity Movement\",\"url\":\"https:\/\/ismfrance.org\/\",\"logo\":{\"@type\":\"ImageObject\",\"inLanguage\":\"fr-FR\",\"@id\":\"https:\/\/ismfrance.org\/#\/schema\/logo\/image\/\",\"url\":\"https:\/\/ismfrance.org\/wp-content\/uploads\/2020\/12\/00.png\",\"contentUrl\":\"https:\/\/ismfrance.org\/wp-content\/uploads\/2020\/12\/00.png\",\"width\":400,\"height\":400,\"caption\":\"International Solidarity Movement\"},\"image\":{\"@id\":\"https:\/\/ismfrance.org\/#\/schema\/logo\/image\/\"},\"sameAs\":[\"https:\/\/x.com\/ISMFRANCE\"]},{\"@type\":\"Person\",\"@id\":\"https:\/\/ismfrance.org\/#\/schema\/person\/3c411eb72adfaae19c0dca1f41fae01d\",\"name\":\"mru_01\",\"image\":{\"@type\":\"ImageObject\",\"inLanguage\":\"fr-FR\",\"@id\":\"https:\/\/secure.gravatar.com\/avatar\/3a0be343b445d2ccc79e87444a294fad2b232e90d2051d0e3cc219e1ecd6a330?s=96&d=mm&r=g\",\"url\":\"https:\/\/secure.gravatar.com\/avatar\/3a0be343b445d2ccc79e87444a294fad2b232e90d2051d0e3cc219e1ecd6a330?s=96&d=mm&r=g\",\"contentUrl\":\"https:\/\/secure.gravatar.com\/avatar\/3a0be343b445d2ccc79e87444a294fad2b232e90d2051d0e3cc219e1ecd6a330?s=96&d=mm&r=g\",\"caption\":\"mru_01\"},\"url\":\"https:\/\/ismfrance.org\/index.php\/author\/admin02\/\"}]}<\/script>\n<!-- \/ Yoast SEO plugin. -->","yoast_head_json":{"title":"D\u00e9claration internationale : Isra\u00ebl hors du Tour de France ! - International Solidarity Movement - ISM-France","robots":{"index":"index","follow":"follow","max-snippet":"max-snippet:-1","max-image-preview":"max-image-preview:large","max-video-preview":"max-video-preview:-1"},"canonical":"https:\/\/ismfrance.org\/index.php\/2022\/06\/28\/declaration-internationale-israel-hors-du-tour-de-france\/","og_locale":"fr_FR","og_type":"article","og_title":"D\u00e9claration internationale : Isra\u00ebl hors du Tour de France ! - International Solidarity Movement - ISM-France","og_description":"Du 1er au 24 juillet 2022, la 109e \u00e9dition du Tour de France est organis\u00e9e au d\u00e9part de Copenhague au Danemark puis \u00e0 travers plusieurs villes de Belgique et de Lire la suite &rarr;","og_url":"https:\/\/ismfrance.org\/index.php\/2022\/06\/28\/declaration-internationale-israel-hors-du-tour-de-france\/","og_site_name":"International Solidarity Movement - ISM-France","article_published_time":"2022-06-28T09:51:51+00:00","article_modified_time":"2022-06-28T09:54:10+00:00","og_image":[{"width":1080,"height":675,"url":"https:\/\/ismfrance.org\/wp-content\/uploads\/2022\/06\/visuel-tour-de-france-1080x675-1.png","type":"image\/png"}],"author":"mru_01","twitter_card":"summary_large_image","twitter_creator":"@ISMFRANCE","twitter_site":"@ISMFRANCE","twitter_misc":{"\u00c9crit par":"mru_01","Dur\u00e9e de lecture estim\u00e9e":"4 minutes"},"schema":{"@context":"https:\/\/schema.org","@graph":[{"@type":"Article","@id":"https:\/\/ismfrance.org\/index.php\/2022\/06\/28\/declaration-internationale-israel-hors-du-tour-de-france\/#article","isPartOf":{"@id":"https:\/\/ismfrance.org\/index.php\/2022\/06\/28\/declaration-internationale-israel-hors-du-tour-de-france\/"},"author":{"name":"mru_01","@id":"https:\/\/ismfrance.org\/#\/schema\/person\/3c411eb72adfaae19c0dca1f41fae01d"},"headline":"D\u00e9claration internationale : Isra\u00ebl hors du Tour de France !","datePublished":"2022-06-28T09:51:51+00:00","dateModified":"2022-06-28T09:54:10+00:00","mainEntityOfPage":{"@id":"https:\/\/ismfrance.org\/index.php\/2022\/06\/28\/declaration-internationale-israel-hors-du-tour-de-france\/"},"wordCount":740,"publisher":{"@id":"https:\/\/ismfrance.org\/#organization"},"image":{"@id":"https:\/\/ismfrance.org\/index.php\/2022\/06\/28\/declaration-internationale-israel-hors-du-tour-de-france\/#primaryimage"},"thumbnailUrl":"https:\/\/ismfrance.org\/wp-content\/uploads\/2022\/06\/visuel-tour-de-france-1080x675-1.png","keywords":["Boycott","mat\u00e9riel militant"],"articleSection":["Actions en cours ou \u00e0 venir","Articles"],"inLanguage":"fr-FR"},{"@type":"WebPage","@id":"https:\/\/ismfrance.org\/index.php\/2022\/06\/28\/declaration-internationale-israel-hors-du-tour-de-france\/","url":"https:\/\/ismfrance.org\/index.php\/2022\/06\/28\/declaration-internationale-israel-hors-du-tour-de-france\/","name":"D\u00e9claration internationale : Isra\u00ebl hors du Tour de France ! - International Solidarity Movement - ISM-France","isPartOf":{"@id":"https:\/\/ismfrance.org\/#website"},"primaryImageOfPage":{"@id":"https:\/\/ismfrance.org\/index.php\/2022\/06\/28\/declaration-internationale-israel-hors-du-tour-de-france\/#primaryimage"},"image":{"@id":"https:\/\/ismfrance.org\/index.php\/2022\/06\/28\/declaration-internationale-israel-hors-du-tour-de-france\/#primaryimage"},"thumbnailUrl":"https:\/\/ismfrance.org\/wp-content\/uploads\/2022\/06\/visuel-tour-de-france-1080x675-1.png","datePublished":"2022-06-28T09:51:51+00:00","dateModified":"2022-06-28T09:54:10+00:00","breadcrumb":{"@id":"https:\/\/ismfrance.org\/index.php\/2022\/06\/28\/declaration-internationale-israel-hors-du-tour-de-france\/#breadcrumb"},"inLanguage":"fr-FR","potentialAction":[{"@type":"ReadAction","target":["https:\/\/ismfrance.org\/index.php\/2022\/06\/28\/declaration-internationale-israel-hors-du-tour-de-france\/"]}]},{"@type":"ImageObject","inLanguage":"fr-FR","@id":"https:\/\/ismfrance.org\/index.php\/2022\/06\/28\/declaration-internationale-israel-hors-du-tour-de-france\/#primaryimage","url":"https:\/\/ismfrance.org\/wp-content\/uploads\/2022\/06\/visuel-tour-de-france-1080x675-1.png","contentUrl":"https:\/\/ismfrance.org\/wp-content\/uploads\/2022\/06\/visuel-tour-de-france-1080x675-1.png","width":1080,"height":675},{"@type":"BreadcrumbList","@id":"https:\/\/ismfrance.org\/index.php\/2022\/06\/28\/declaration-internationale-israel-hors-du-tour-de-france\/#breadcrumb","itemListElement":[{"@type":"ListItem","position":1,"name":"Accueil","item":"https:\/\/ismfrance.org\/"},{"@type":"ListItem","position":2,"name":"D\u00e9claration internationale : Isra\u00ebl hors du Tour de France !"}]},{"@type":"WebSite","@id":"https:\/\/ismfrance.org\/#website","url":"https:\/\/ismfrance.org\/","name":"ISM Palestine France","description":"Soutien aux luttes de lib\u00e9ration du peuple palestinien","publisher":{"@id":"https:\/\/ismfrance.org\/#organization"},"potentialAction":[{"@type":"SearchAction","target":{"@type":"EntryPoint","urlTemplate":"https:\/\/ismfrance.org\/?s={search_term_string}"},"query-input":{"@type":"PropertyValueSpecification","valueRequired":true,"valueName":"search_term_string"}}],"inLanguage":"fr-FR"},{"@type":"Organization","@id":"https:\/\/ismfrance.org\/#organization","name":"International Solidarity Movement","url":"https:\/\/ismfrance.org\/","logo":{"@type":"ImageObject","inLanguage":"fr-FR","@id":"https:\/\/ismfrance.org\/#\/schema\/logo\/image\/","url":"https:\/\/ismfrance.org\/wp-content\/uploads\/2020\/12\/00.png","contentUrl":"https:\/\/ismfrance.org\/wp-content\/uploads\/2020\/12\/00.png","width":400,"height":400,"caption":"International Solidarity Movement"},"image":{"@id":"https:\/\/ismfrance.org\/#\/schema\/logo\/image\/"},"sameAs":["https:\/\/x.com\/ISMFRANCE"]},{"@type":"Person","@id":"https:\/\/ismfrance.org\/#\/schema\/person\/3c411eb72adfaae19c0dca1f41fae01d","name":"mru_01","image":{"@type":"ImageObject","inLanguage":"fr-FR","@id":"https:\/\/secure.gravatar.com\/avatar\/3a0be343b445d2ccc79e87444a294fad2b232e90d2051d0e3cc219e1ecd6a330?s=96&d=mm&r=g","url":"https:\/\/secure.gravatar.com\/avatar\/3a0be343b445d2ccc79e87444a294fad2b232e90d2051d0e3cc219e1ecd6a330?s=96&d=mm&r=g","contentUrl":"https:\/\/secure.gravatar.com\/avatar\/3a0be343b445d2ccc79e87444a294fad2b232e90d2051d0e3cc219e1ecd6a330?s=96&d=mm&r=g","caption":"mru_01"},"url":"https:\/\/ismfrance.org\/index.php\/author\/admin02\/"}]}},"_links":{"self":[{"href":"https:\/\/ismfrance.org\/index.php\/wp-json\/wp\/v2\/posts\/3041","targetHints":{"allow":["GET"]}}],"collection":[{"href":"https:\/\/ismfrance.org\/index.php\/wp-json\/wp\/v2\/posts"}],"about":[{"href":"https:\/\/ismfrance.org\/index.php\/wp-json\/wp\/v2\/types\/post"}],"author":[{"embeddable":true,"href":"https:\/\/ismfrance.org\/index.php\/wp-json\/wp\/v2\/users\/3"}],"replies":[{"embeddable":true,"href":"https:\/\/ismfrance.org\/index.php\/wp-json\/wp\/v2\/comments?post=3041"}],"version-history":[{"count":0,"href":"https:\/\/ismfrance.org\/index.php\/wp-json\/wp\/v2\/posts\/3041\/revisions"}],"wp:featuredmedia":[{"embeddable":true,"href":"https:\/\/ismfrance.org\/index.php\/wp-json\/wp\/v2\/media\/3042"}],"wp:attachment":[{"href":"https:\/\/ismfrance.org\/index.php\/wp-json\/wp\/v2\/media?parent=3041"}],"wp:term":[{"taxonomy":"category","embeddable":true,"href":"https:\/\/ismfrance.org\/index.php\/wp-json\/wp\/v2\/categories?post=3041"},{"taxonomy":"post_tag","embeddable":true,"href":"https:\/\/ismfrance.org\/index.php\/wp-json\/wp\/v2\/tags?post=3041"}],"curies":[{"name":"wp","href":"https:\/\/api.w.org\/{rel}","templated":true}]}}