{"id":3031,"date":"2022-06-27T12:09:43","date_gmt":"2022-06-27T10:09:43","guid":{"rendered":"https:\/\/ismfrance.org\/?p=3031"},"modified":"2022-06-27T12:09:43","modified_gmt":"2022-06-27T10:09:43","slug":"les-diplomates-des-accords-dabraham-se-reunissent-a-bahrein-apres-la-reunion-avec-israel","status":"publish","type":"post","link":"https:\/\/ismfrance.org\/index.php\/2022\/06\/27\/les-diplomates-des-accords-dabraham-se-reunissent-a-bahrein-apres-la-reunion-avec-israel\/","title":{"rendered":"Les diplomates des \u00ab\u00a0Accords d&rsquo;Abraham\u00a0\u00bb se r\u00e9unissent \u00e0 Bahre\u00efn apr\u00e8s la r\u00e9union avec Isra\u00ebl"},"content":{"rendered":"<p align=\"LEFT\"><span style=\"color: #000000;\"><span style=\"font-family: Arial, sans-serif;\"><span style=\"font-size: medium;\"><b>The New Arab, 26 juin 2022<\/b>. Des diplomates des Etats-Unis, d&rsquo;Isra\u00ebl et de quatre pays arabes se r\u00e9uniront \u00e0 Bahre\u00efn lundi, ont d\u00e9clar\u00e9 des responsables isra\u00e9liens, trois mois apr\u00e8s avoir promis de renforcer leur coop\u00e9ration lors d&rsquo;une r\u00e9union en Isra\u00ebl.<\/span><\/span><\/span><\/p>\n<div id=\"attachment_3032\" style=\"width: 610px\" class=\"wp-caption aligncenter\"><a href=\"https:\/\/ismfrance.org\/wp-content\/uploads\/2022\/06\/accords-abraham.jpg\"><img loading=\"lazy\" decoding=\"async\" aria-describedby=\"caption-attachment-3032\" class=\"size-large wp-image-3032\" src=\"https:\/\/ismfrance.org\/wp-content\/uploads\/2022\/06\/accords-abraham-700x467.jpg\" alt=\"\" width=\"600\" height=\"400\" srcset=\"https:\/\/ismfrance.org\/wp-content\/uploads\/2022\/06\/accords-abraham-700x467.jpg 700w, https:\/\/ismfrance.org\/wp-content\/uploads\/2022\/06\/accords-abraham-300x200.jpg 300w, https:\/\/ismfrance.org\/wp-content\/uploads\/2022\/06\/accords-abraham-768x512.jpg 768w, https:\/\/ismfrance.org\/wp-content\/uploads\/2022\/06\/accords-abraham-1320x880.jpg 1320w, https:\/\/ismfrance.org\/wp-content\/uploads\/2022\/06\/accords-abraham.jpg 1536w\" sizes=\"auto, (max-width: 600px) 100vw, 600px\" \/><\/a><p id=\"caption-attachment-3032\" class=\"wp-caption-text\">Manifestation contre l&rsquo;accord des \u00c9tats du Golfe visant \u00e0 normaliser les liens avec Isra\u00ebl, sur la place Manarah \u00e0 Ramallah, en Cisjordanie, le 15 septembre 2020. Photo : AFP via Anadolu Agency \/ Issam Rimawi<\/p><\/div>\n<p align=\"LEFT\"><span style=\"color: #000000;\"><span style=\"font-family: Arial, sans-serif;\"><span style=\"font-size: medium;\">Cette r\u00e9union s&rsquo;\u00e9tait tenue en mars dans le kibboutz Sde Boker, dans le d\u00e9sert du Naqab (ou N\u00e9guev). Le secr\u00e9taire d&rsquo;\u00c9tat am\u00e9ricain Antony Blinken s&rsquo;\u00e9tait joint \u00e0 ses homologues d&rsquo;Isra\u00ebl, des \u00c9mirats arabes unis, d&rsquo;\u00c9gypte, de Bahre\u00efn et du Maroc.<\/span><\/span><\/span><\/p>\n<p align=\"LEFT\"><span style=\"color: #000000;\"><span style=\"font-family: Arial, sans-serif;\"><span style=\"font-size: medium;\">Les discussions qui se tiendront \u00e0 Manama, la capitale du Bahre\u00efn, r\u00e9uniront des responsables des minist\u00e8res des Affaires \u00e9trang\u00e8res des \u00c9mirats arabes unis, du Bahre\u00efn et du Maroc &#8211; qui ont tous normalis\u00e9 leurs relations avec Isra\u00ebl en 2020 &#8211; et de l&rsquo;\u00c9gypte, qui a fait la paix avec Isra\u00ebl en 1979.<\/span><\/span><\/span><\/p>\n<p align=\"LEFT\"><span style=\"color: #000000;\"><span style=\"font-family: Arial, sans-serif;\"><span style=\"font-size: medium;\">Les \u00c9mirats arabes unis et Bahre\u00efn ont normalis\u00e9 leurs relations avec Isra\u00ebl dans le cadre des accords d&rsquo;Abraham, n\u00e9goci\u00e9s par l&rsquo;ancien pr\u00e9sident am\u00e9ricain Donald Trump. Le Maroc a ensuite r\u00e9tabli ses relations avec Isra\u00ebl dans le cadre d&rsquo;un autre accord n\u00e9goci\u00e9 par Trump.<\/span><\/span><\/span><\/p>\n<p align=\"LEFT\"><span style=\"color: #000000;\"><span style=\"font-family: Arial, sans-serif;\"><span style=\"font-size: medium;\">Les Palestiniens ont consid\u00e9r\u00e9 les accords d&rsquo;Abraham comme une trahison de leur cause, soulignant qu&rsquo;ils r\u00e9compensaient Isra\u00ebl alors que celui-ci continuait d&rsquo;occuper la Cisjordanie et d&rsquo;assi\u00e9ger la bande de Gaza et violait r\u00e9guli\u00e8rement les droits humains des Palestiniens.\u00a0\u00a0<\/span><\/span><\/span><\/p>\n<p align=\"LEFT\"><span style=\"color: #000000;\"><span style=\"font-family: Arial, sans-serif;\"><span style=\"font-size: medium;\">Washington a d\u00e9clar\u00e9 qu&rsquo;il souhaitait que la r\u00e9union soit annuelle et qu&rsquo;elle inclue l&rsquo;Autorit\u00e9 palestinienne et la Jordanie &#8211; une autre nation arabe qui reconna\u00eet Isra\u00ebl, mais qui l&rsquo;a de plus en plus critiqu\u00e9 pour sa r\u00e9pression violente des Palestiniens \u00e0 J\u00e9rusalem.<\/span><\/span><\/span><\/p>\n<p align=\"LEFT\"><span style=\"color: #000000;\"><span style=\"font-family: Arial, sans-serif;\"><span style=\"font-size: medium;\">M. Blinken a exprim\u00e9 son ferme soutien aux accords d&rsquo;Abraham, mais a averti, lors de la r\u00e9union du N\u00e9guev, qu&rsquo;ils ne pouvaient remplacer la construction de la paix isra\u00e9lo-palestinienne.<\/span><\/span><\/span><\/p>\n<p align=\"LEFT\"><span style=\"color: #000000;\"><span style=\"font-family: Arial, sans-serif;\"><span style=\"font-size: medium;\">Les r\u00e9unions visent \u00e0 approfondir la coop\u00e9ration dans des domaines tels que l&rsquo;eau, le tourisme, la sant\u00e9, l&rsquo;\u00e9nergie, la s\u00e9curit\u00e9 alimentaire et la s\u00e9curit\u00e9 r\u00e9gionale.<\/span><\/span><\/span><\/p>\n<p align=\"LEFT\"><span style=\"color: #000000;\"><span style=\"font-family: Arial, sans-serif;\"><span style=\"font-size: medium;\">Isra\u00ebl a \u00e9galement trouv\u00e9 une cause commune avec les \u00c9tats arabes du Golfe dans leurs relations tendues avec l&rsquo;Iran.<\/span><\/span><\/span><\/p>\n<p align=\"LEFT\"><span style=\"color: #000000;\"><span style=\"font-family: Arial, sans-serif;\"><span style=\"font-size: medium;\">La r\u00e9union de lundi \u00ab\u00a0servira \u00e9galement de jalon avant la visite attendue du pr\u00e9sident am\u00e9ricain au Moyen-Orient\u00a0\u00bb, a d\u00e9clar\u00e9 le minist\u00e8re isra\u00e9lien des Affaires \u00e9trang\u00e8res dans un communiqu\u00e9.<\/span><\/span><\/span><\/p>\n<p align=\"LEFT\"><span style=\"color: #000000;\"><span style=\"font-family: Arial, sans-serif;\"><span style=\"font-size: medium;\">Le pr\u00e9sident Joe Biden se rendra en Isra\u00ebl, en Cisjordanie occup\u00e9e par Isra\u00ebl et en Arabie saoudite du 13 au 16 juillet &#8211; son premier voyage au Moyen-Orient depuis son entr\u00e9e en fonction.<\/span><\/span><\/span><\/p>\n<p align=\"LEFT\"><span style=\"color: #000000;\"><span style=\"font-family: Arial, sans-serif;\"><span style=\"font-size: medium;\">Une fois sur place, il participera \u00e0 un sommet du Conseil de coop\u00e9ration du Golfe avec les dirigeants de l&rsquo;Arabie saoudite, des \u00c9mirats arabes unis, du Qatar, de Bahre\u00efn, du Kowe\u00eft et d&rsquo;Oman, ainsi qu&rsquo;avec les dirigeants de l&rsquo;\u00c9gypte, de l&rsquo;Irak et de la Jordanie, a indiqu\u00e9 un responsable am\u00e9ricain.<\/span><\/span><\/span><\/p>\n<p align=\"LEFT\"><span style=\"color: #000000;\"><span style=\"font-family: Arial, sans-serif;\"><span style=\"font-size: medium;\"><span style=\"font-size: small;\"><i>Article original en anglais sur <a href=\"https:\/\/english.alaraby.co.uk\/news\/abraham-accords-diplomats-gather-bahrain\">The New Arab<\/a> \/ Traduction MR<\/i><\/span><\/span><\/span><\/span><\/p>\n","protected":false},"excerpt":{"rendered":"<p>The New Arab, 26 juin 2022. Des diplomates des Etats-Unis, d&rsquo;Isra\u00ebl et de quatre pays arabes se r\u00e9uniront \u00e0 Bahre\u00efn lundi, ont d\u00e9clar\u00e9 des responsables isra\u00e9liens, trois mois apr\u00e8s avoir <a class=\"more-link\" href=\"https:\/\/ismfrance.org\/index.php\/2022\/06\/27\/les-diplomates-des-accords-dabraham-se-reunissent-a-bahrein-apres-la-reunion-avec-israel\/\">Lire la suite &rarr;<\/a><\/p>\n","protected":false},"author":3,"featured_media":3032,"comment_status":"closed","ping_status":"closed","sticky":false,"template":"","format":"standard","meta":{"footnotes":""},"categories":[12,2],"tags":[53,94],"class_list":["post-3031","post","type-post","status-publish","format-standard","has-post-thumbnail","hentry","category-analyses","category-articles","tag-collabos","tag-normalisation"],"yoast_head":"<!-- This site is optimized with the Yoast SEO plugin v27.2 - https:\/\/yoast.com\/product\/yoast-seo-wordpress\/ -->\n<title>Les diplomates des &quot;Accords d&#039;Abraham&quot; se r\u00e9unissent \u00e0 Bahre\u00efn apr\u00e8s la r\u00e9union avec Isra\u00ebl - International Solidarity Movement - ISM-France<\/title>\n<meta name=\"robots\" content=\"index, follow, max-snippet:-1, max-image-preview:large, max-video-preview:-1\" \/>\n<link rel=\"canonical\" href=\"https:\/\/ismfrance.org\/index.php\/2022\/06\/27\/les-diplomates-des-accords-dabraham-se-reunissent-a-bahrein-apres-la-reunion-avec-israel\/\" \/>\n<meta property=\"og:locale\" content=\"fr_FR\" \/>\n<meta property=\"og:type\" content=\"article\" \/>\n<meta property=\"og:title\" content=\"Les diplomates des &quot;Accords d&#039;Abraham&quot; se r\u00e9unissent \u00e0 Bahre\u00efn apr\u00e8s la r\u00e9union avec Isra\u00ebl - International Solidarity Movement - ISM-France\" \/>\n<meta property=\"og:description\" content=\"The New Arab, 26 juin 2022. Des diplomates des Etats-Unis, d&rsquo;Isra\u00ebl et de quatre pays arabes se r\u00e9uniront \u00e0 Bahre\u00efn lundi, ont d\u00e9clar\u00e9 des responsables isra\u00e9liens, trois mois apr\u00e8s avoir Lire la suite &rarr;\" \/>\n<meta property=\"og:url\" content=\"https:\/\/ismfrance.org\/index.php\/2022\/06\/27\/les-diplomates-des-accords-dabraham-se-reunissent-a-bahrein-apres-la-reunion-avec-israel\/\" \/>\n<meta property=\"og:site_name\" content=\"International Solidarity Movement - ISM-France\" \/>\n<meta property=\"article:published_time\" content=\"2022-06-27T10:09:43+00:00\" \/>\n<meta property=\"og:image\" content=\"https:\/\/ismfrance.org\/wp-content\/uploads\/2022\/06\/accords-abraham.jpg\" \/>\n\t<meta property=\"og:image:width\" content=\"1536\" \/>\n\t<meta property=\"og:image:height\" content=\"1024\" \/>\n\t<meta property=\"og:image:type\" content=\"image\/jpeg\" \/>\n<meta name=\"author\" content=\"mru_01\" \/>\n<meta name=\"twitter:card\" content=\"summary_large_image\" \/>\n<meta name=\"twitter:creator\" content=\"@ISMFRANCE\" \/>\n<meta name=\"twitter:site\" content=\"@ISMFRANCE\" \/>\n<meta name=\"twitter:label1\" content=\"\u00c9crit par\" \/>\n\t<meta name=\"twitter:data1\" content=\"mru_01\" \/>\n\t<meta name=\"twitter:label2\" content=\"Dur\u00e9e de lecture estim\u00e9e\" \/>\n\t<meta name=\"twitter:data2\" content=\"3 minutes\" \/>\n<script type=\"application\/ld+json\" class=\"yoast-schema-graph\">{\"@context\":\"https:\/\/schema.org\",\"@graph\":[{\"@type\":\"Article\",\"@id\":\"https:\/\/ismfrance.org\/index.php\/2022\/06\/27\/les-diplomates-des-accords-dabraham-se-reunissent-a-bahrein-apres-la-reunion-avec-israel\/#article\",\"isPartOf\":{\"@id\":\"https:\/\/ismfrance.org\/index.php\/2022\/06\/27\/les-diplomates-des-accords-dabraham-se-reunissent-a-bahrein-apres-la-reunion-avec-israel\/\"},\"author\":{\"name\":\"mru_01\",\"@id\":\"https:\/\/ismfrance.org\/#\/schema\/person\/3c411eb72adfaae19c0dca1f41fae01d\"},\"headline\":\"Les diplomates des \u00ab\u00a0Accords d&rsquo;Abraham\u00a0\u00bb se r\u00e9unissent \u00e0 Bahre\u00efn apr\u00e8s la r\u00e9union avec Isra\u00ebl\",\"datePublished\":\"2022-06-27T10:09:43+00:00\",\"mainEntityOfPage\":{\"@id\":\"https:\/\/ismfrance.org\/index.php\/2022\/06\/27\/les-diplomates-des-accords-dabraham-se-reunissent-a-bahrein-apres-la-reunion-avec-israel\/\"},\"wordCount\":592,\"publisher\":{\"@id\":\"https:\/\/ismfrance.org\/#organization\"},\"image\":{\"@id\":\"https:\/\/ismfrance.org\/index.php\/2022\/06\/27\/les-diplomates-des-accords-dabraham-se-reunissent-a-bahrein-apres-la-reunion-avec-israel\/#primaryimage\"},\"thumbnailUrl\":\"https:\/\/ismfrance.org\/wp-content\/uploads\/2022\/06\/accords-abraham.jpg\",\"keywords\":[\"Collabos\",\"Normalisation\"],\"articleSection\":[\"Analyses\",\"Articles\"],\"inLanguage\":\"fr-FR\"},{\"@type\":\"WebPage\",\"@id\":\"https:\/\/ismfrance.org\/index.php\/2022\/06\/27\/les-diplomates-des-accords-dabraham-se-reunissent-a-bahrein-apres-la-reunion-avec-israel\/\",\"url\":\"https:\/\/ismfrance.org\/index.php\/2022\/06\/27\/les-diplomates-des-accords-dabraham-se-reunissent-a-bahrein-apres-la-reunion-avec-israel\/\",\"name\":\"Les diplomates des \\\"Accords d'Abraham\\\" se r\u00e9unissent \u00e0 Bahre\u00efn apr\u00e8s la r\u00e9union avec Isra\u00ebl - International Solidarity Movement - ISM-France\",\"isPartOf\":{\"@id\":\"https:\/\/ismfrance.org\/#website\"},\"primaryImageOfPage\":{\"@id\":\"https:\/\/ismfrance.org\/index.php\/2022\/06\/27\/les-diplomates-des-accords-dabraham-se-reunissent-a-bahrein-apres-la-reunion-avec-israel\/#primaryimage\"},\"image\":{\"@id\":\"https:\/\/ismfrance.org\/index.php\/2022\/06\/27\/les-diplomates-des-accords-dabraham-se-reunissent-a-bahrein-apres-la-reunion-avec-israel\/#primaryimage\"},\"thumbnailUrl\":\"https:\/\/ismfrance.org\/wp-content\/uploads\/2022\/06\/accords-abraham.jpg\",\"datePublished\":\"2022-06-27T10:09:43+00:00\",\"breadcrumb\":{\"@id\":\"https:\/\/ismfrance.org\/index.php\/2022\/06\/27\/les-diplomates-des-accords-dabraham-se-reunissent-a-bahrein-apres-la-reunion-avec-israel\/#breadcrumb\"},\"inLanguage\":\"fr-FR\",\"potentialAction\":[{\"@type\":\"ReadAction\",\"target\":[\"https:\/\/ismfrance.org\/index.php\/2022\/06\/27\/les-diplomates-des-accords-dabraham-se-reunissent-a-bahrein-apres-la-reunion-avec-israel\/\"]}]},{\"@type\":\"ImageObject\",\"inLanguage\":\"fr-FR\",\"@id\":\"https:\/\/ismfrance.org\/index.php\/2022\/06\/27\/les-diplomates-des-accords-dabraham-se-reunissent-a-bahrein-apres-la-reunion-avec-israel\/#primaryimage\",\"url\":\"https:\/\/ismfrance.org\/wp-content\/uploads\/2022\/06\/accords-abraham.jpg\",\"contentUrl\":\"https:\/\/ismfrance.org\/wp-content\/uploads\/2022\/06\/accords-abraham.jpg\",\"width\":1536,\"height\":1024,\"caption\":\"Manifestation contre l'accord des \u00c9tats du Golfe visant \u00e0 normaliser les liens avec Isra\u00ebl, sur la place Manarah \u00e0 Ramallah, en Cisjordanie, le 15 septembre 2020. Photo : AFP via Anadolu Agency \/ Issam Rimawi\"},{\"@type\":\"BreadcrumbList\",\"@id\":\"https:\/\/ismfrance.org\/index.php\/2022\/06\/27\/les-diplomates-des-accords-dabraham-se-reunissent-a-bahrein-apres-la-reunion-avec-israel\/#breadcrumb\",\"itemListElement\":[{\"@type\":\"ListItem\",\"position\":1,\"name\":\"Accueil\",\"item\":\"https:\/\/ismfrance.org\/\"},{\"@type\":\"ListItem\",\"position\":2,\"name\":\"Les diplomates des &#8220;Accords d&#8217;Abraham&#8221; se r\u00e9unissent \u00e0 Bahre\u00efn apr\u00e8s la r\u00e9union avec Isra\u00ebl\"}]},{\"@type\":\"WebSite\",\"@id\":\"https:\/\/ismfrance.org\/#website\",\"url\":\"https:\/\/ismfrance.org\/\",\"name\":\"ISM Palestine France\",\"description\":\"Soutien aux luttes de lib\u00e9ration du peuple palestinien\",\"publisher\":{\"@id\":\"https:\/\/ismfrance.org\/#organization\"},\"potentialAction\":[{\"@type\":\"SearchAction\",\"target\":{\"@type\":\"EntryPoint\",\"urlTemplate\":\"https:\/\/ismfrance.org\/?s={search_term_string}\"},\"query-input\":{\"@type\":\"PropertyValueSpecification\",\"valueRequired\":true,\"valueName\":\"search_term_string\"}}],\"inLanguage\":\"fr-FR\"},{\"@type\":\"Organization\",\"@id\":\"https:\/\/ismfrance.org\/#organization\",\"name\":\"International Solidarity Movement\",\"url\":\"https:\/\/ismfrance.org\/\",\"logo\":{\"@type\":\"ImageObject\",\"inLanguage\":\"fr-FR\",\"@id\":\"https:\/\/ismfrance.org\/#\/schema\/logo\/image\/\",\"url\":\"https:\/\/ismfrance.org\/wp-content\/uploads\/2020\/12\/00.png\",\"contentUrl\":\"https:\/\/ismfrance.org\/wp-content\/uploads\/2020\/12\/00.png\",\"width\":400,\"height\":400,\"caption\":\"International Solidarity Movement\"},\"image\":{\"@id\":\"https:\/\/ismfrance.org\/#\/schema\/logo\/image\/\"},\"sameAs\":[\"https:\/\/x.com\/ISMFRANCE\"]},{\"@type\":\"Person\",\"@id\":\"https:\/\/ismfrance.org\/#\/schema\/person\/3c411eb72adfaae19c0dca1f41fae01d\",\"name\":\"mru_01\",\"image\":{\"@type\":\"ImageObject\",\"inLanguage\":\"fr-FR\",\"@id\":\"https:\/\/secure.gravatar.com\/avatar\/3a0be343b445d2ccc79e87444a294fad2b232e90d2051d0e3cc219e1ecd6a330?s=96&d=mm&r=g\",\"url\":\"https:\/\/secure.gravatar.com\/avatar\/3a0be343b445d2ccc79e87444a294fad2b232e90d2051d0e3cc219e1ecd6a330?s=96&d=mm&r=g\",\"contentUrl\":\"https:\/\/secure.gravatar.com\/avatar\/3a0be343b445d2ccc79e87444a294fad2b232e90d2051d0e3cc219e1ecd6a330?s=96&d=mm&r=g\",\"caption\":\"mru_01\"},\"url\":\"https:\/\/ismfrance.org\/index.php\/author\/admin02\/\"}]}<\/script>\n<!-- \/ Yoast SEO plugin. -->","yoast_head_json":{"title":"Les diplomates des \"Accords d'Abraham\" se r\u00e9unissent \u00e0 Bahre\u00efn apr\u00e8s la r\u00e9union avec Isra\u00ebl - International Solidarity Movement - ISM-France","robots":{"index":"index","follow":"follow","max-snippet":"max-snippet:-1","max-image-preview":"max-image-preview:large","max-video-preview":"max-video-preview:-1"},"canonical":"https:\/\/ismfrance.org\/index.php\/2022\/06\/27\/les-diplomates-des-accords-dabraham-se-reunissent-a-bahrein-apres-la-reunion-avec-israel\/","og_locale":"fr_FR","og_type":"article","og_title":"Les diplomates des \"Accords d'Abraham\" se r\u00e9unissent \u00e0 Bahre\u00efn apr\u00e8s la r\u00e9union avec Isra\u00ebl - International Solidarity Movement - ISM-France","og_description":"The New Arab, 26 juin 2022. Des diplomates des Etats-Unis, d&rsquo;Isra\u00ebl et de quatre pays arabes se r\u00e9uniront \u00e0 Bahre\u00efn lundi, ont d\u00e9clar\u00e9 des responsables isra\u00e9liens, trois mois apr\u00e8s avoir Lire la suite &rarr;","og_url":"https:\/\/ismfrance.org\/index.php\/2022\/06\/27\/les-diplomates-des-accords-dabraham-se-reunissent-a-bahrein-apres-la-reunion-avec-israel\/","og_site_name":"International Solidarity Movement - ISM-France","article_published_time":"2022-06-27T10:09:43+00:00","og_image":[{"width":1536,"height":1024,"url":"https:\/\/ismfrance.org\/wp-content\/uploads\/2022\/06\/accords-abraham.jpg","type":"image\/jpeg"}],"author":"mru_01","twitter_card":"summary_large_image","twitter_creator":"@ISMFRANCE","twitter_site":"@ISMFRANCE","twitter_misc":{"\u00c9crit par":"mru_01","Dur\u00e9e de lecture estim\u00e9e":"3 minutes"},"schema":{"@context":"https:\/\/schema.org","@graph":[{"@type":"Article","@id":"https:\/\/ismfrance.org\/index.php\/2022\/06\/27\/les-diplomates-des-accords-dabraham-se-reunissent-a-bahrein-apres-la-reunion-avec-israel\/#article","isPartOf":{"@id":"https:\/\/ismfrance.org\/index.php\/2022\/06\/27\/les-diplomates-des-accords-dabraham-se-reunissent-a-bahrein-apres-la-reunion-avec-israel\/"},"author":{"name":"mru_01","@id":"https:\/\/ismfrance.org\/#\/schema\/person\/3c411eb72adfaae19c0dca1f41fae01d"},"headline":"Les diplomates des \u00ab\u00a0Accords d&rsquo;Abraham\u00a0\u00bb se r\u00e9unissent \u00e0 Bahre\u00efn apr\u00e8s la r\u00e9union avec Isra\u00ebl","datePublished":"2022-06-27T10:09:43+00:00","mainEntityOfPage":{"@id":"https:\/\/ismfrance.org\/index.php\/2022\/06\/27\/les-diplomates-des-accords-dabraham-se-reunissent-a-bahrein-apres-la-reunion-avec-israel\/"},"wordCount":592,"publisher":{"@id":"https:\/\/ismfrance.org\/#organization"},"image":{"@id":"https:\/\/ismfrance.org\/index.php\/2022\/06\/27\/les-diplomates-des-accords-dabraham-se-reunissent-a-bahrein-apres-la-reunion-avec-israel\/#primaryimage"},"thumbnailUrl":"https:\/\/ismfrance.org\/wp-content\/uploads\/2022\/06\/accords-abraham.jpg","keywords":["Collabos","Normalisation"],"articleSection":["Analyses","Articles"],"inLanguage":"fr-FR"},{"@type":"WebPage","@id":"https:\/\/ismfrance.org\/index.php\/2022\/06\/27\/les-diplomates-des-accords-dabraham-se-reunissent-a-bahrein-apres-la-reunion-avec-israel\/","url":"https:\/\/ismfrance.org\/index.php\/2022\/06\/27\/les-diplomates-des-accords-dabraham-se-reunissent-a-bahrein-apres-la-reunion-avec-israel\/","name":"Les diplomates des \"Accords d'Abraham\" se r\u00e9unissent \u00e0 Bahre\u00efn apr\u00e8s la r\u00e9union avec Isra\u00ebl - International Solidarity Movement - ISM-France","isPartOf":{"@id":"https:\/\/ismfrance.org\/#website"},"primaryImageOfPage":{"@id":"https:\/\/ismfrance.org\/index.php\/2022\/06\/27\/les-diplomates-des-accords-dabraham-se-reunissent-a-bahrein-apres-la-reunion-avec-israel\/#primaryimage"},"image":{"@id":"https:\/\/ismfrance.org\/index.php\/2022\/06\/27\/les-diplomates-des-accords-dabraham-se-reunissent-a-bahrein-apres-la-reunion-avec-israel\/#primaryimage"},"thumbnailUrl":"https:\/\/ismfrance.org\/wp-content\/uploads\/2022\/06\/accords-abraham.jpg","datePublished":"2022-06-27T10:09:43+00:00","breadcrumb":{"@id":"https:\/\/ismfrance.org\/index.php\/2022\/06\/27\/les-diplomates-des-accords-dabraham-se-reunissent-a-bahrein-apres-la-reunion-avec-israel\/#breadcrumb"},"inLanguage":"fr-FR","potentialAction":[{"@type":"ReadAction","target":["https:\/\/ismfrance.org\/index.php\/2022\/06\/27\/les-diplomates-des-accords-dabraham-se-reunissent-a-bahrein-apres-la-reunion-avec-israel\/"]}]},{"@type":"ImageObject","inLanguage":"fr-FR","@id":"https:\/\/ismfrance.org\/index.php\/2022\/06\/27\/les-diplomates-des-accords-dabraham-se-reunissent-a-bahrein-apres-la-reunion-avec-israel\/#primaryimage","url":"https:\/\/ismfrance.org\/wp-content\/uploads\/2022\/06\/accords-abraham.jpg","contentUrl":"https:\/\/ismfrance.org\/wp-content\/uploads\/2022\/06\/accords-abraham.jpg","width":1536,"height":1024,"caption":"Manifestation contre l'accord des \u00c9tats du Golfe visant \u00e0 normaliser les liens avec Isra\u00ebl, sur la place Manarah \u00e0 Ramallah, en Cisjordanie, le 15 septembre 2020. Photo : AFP via Anadolu Agency \/ Issam Rimawi"},{"@type":"BreadcrumbList","@id":"https:\/\/ismfrance.org\/index.php\/2022\/06\/27\/les-diplomates-des-accords-dabraham-se-reunissent-a-bahrein-apres-la-reunion-avec-israel\/#breadcrumb","itemListElement":[{"@type":"ListItem","position":1,"name":"Accueil","item":"https:\/\/ismfrance.org\/"},{"@type":"ListItem","position":2,"name":"Les diplomates des &#8220;Accords d&#8217;Abraham&#8221; se r\u00e9unissent \u00e0 Bahre\u00efn apr\u00e8s la r\u00e9union avec Isra\u00ebl"}]},{"@type":"WebSite","@id":"https:\/\/ismfrance.org\/#website","url":"https:\/\/ismfrance.org\/","name":"ISM Palestine France","description":"Soutien aux luttes de lib\u00e9ration du peuple palestinien","publisher":{"@id":"https:\/\/ismfrance.org\/#organization"},"potentialAction":[{"@type":"SearchAction","target":{"@type":"EntryPoint","urlTemplate":"https:\/\/ismfrance.org\/?s={search_term_string}"},"query-input":{"@type":"PropertyValueSpecification","valueRequired":true,"valueName":"search_term_string"}}],"inLanguage":"fr-FR"},{"@type":"Organization","@id":"https:\/\/ismfrance.org\/#organization","name":"International Solidarity Movement","url":"https:\/\/ismfrance.org\/","logo":{"@type":"ImageObject","inLanguage":"fr-FR","@id":"https:\/\/ismfrance.org\/#\/schema\/logo\/image\/","url":"https:\/\/ismfrance.org\/wp-content\/uploads\/2020\/12\/00.png","contentUrl":"https:\/\/ismfrance.org\/wp-content\/uploads\/2020\/12\/00.png","width":400,"height":400,"caption":"International Solidarity Movement"},"image":{"@id":"https:\/\/ismfrance.org\/#\/schema\/logo\/image\/"},"sameAs":["https:\/\/x.com\/ISMFRANCE"]},{"@type":"Person","@id":"https:\/\/ismfrance.org\/#\/schema\/person\/3c411eb72adfaae19c0dca1f41fae01d","name":"mru_01","image":{"@type":"ImageObject","inLanguage":"fr-FR","@id":"https:\/\/secure.gravatar.com\/avatar\/3a0be343b445d2ccc79e87444a294fad2b232e90d2051d0e3cc219e1ecd6a330?s=96&d=mm&r=g","url":"https:\/\/secure.gravatar.com\/avatar\/3a0be343b445d2ccc79e87444a294fad2b232e90d2051d0e3cc219e1ecd6a330?s=96&d=mm&r=g","contentUrl":"https:\/\/secure.gravatar.com\/avatar\/3a0be343b445d2ccc79e87444a294fad2b232e90d2051d0e3cc219e1ecd6a330?s=96&d=mm&r=g","caption":"mru_01"},"url":"https:\/\/ismfrance.org\/index.php\/author\/admin02\/"}]}},"_links":{"self":[{"href":"https:\/\/ismfrance.org\/index.php\/wp-json\/wp\/v2\/posts\/3031","targetHints":{"allow":["GET"]}}],"collection":[{"href":"https:\/\/ismfrance.org\/index.php\/wp-json\/wp\/v2\/posts"}],"about":[{"href":"https:\/\/ismfrance.org\/index.php\/wp-json\/wp\/v2\/types\/post"}],"author":[{"embeddable":true,"href":"https:\/\/ismfrance.org\/index.php\/wp-json\/wp\/v2\/users\/3"}],"replies":[{"embeddable":true,"href":"https:\/\/ismfrance.org\/index.php\/wp-json\/wp\/v2\/comments?post=3031"}],"version-history":[{"count":0,"href":"https:\/\/ismfrance.org\/index.php\/wp-json\/wp\/v2\/posts\/3031\/revisions"}],"wp:featuredmedia":[{"embeddable":true,"href":"https:\/\/ismfrance.org\/index.php\/wp-json\/wp\/v2\/media\/3032"}],"wp:attachment":[{"href":"https:\/\/ismfrance.org\/index.php\/wp-json\/wp\/v2\/media?parent=3031"}],"wp:term":[{"taxonomy":"category","embeddable":true,"href":"https:\/\/ismfrance.org\/index.php\/wp-json\/wp\/v2\/categories?post=3031"},{"taxonomy":"post_tag","embeddable":true,"href":"https:\/\/ismfrance.org\/index.php\/wp-json\/wp\/v2\/tags?post=3031"}],"curies":[{"name":"wp","href":"https:\/\/api.w.org\/{rel}","templated":true}]}}