{"id":28927,"date":"2026-04-29T19:34:22","date_gmt":"2026-04-29T17:34:22","guid":{"rendered":"https:\/\/ismfrance.org\/?p=28927"},"modified":"2026-04-29T19:34:22","modified_gmt":"2026-04-29T17:34:22","slug":"les-menaces-de-trump-de-voler-le-petrole-iranien-sinscrivent-dans-une-longue-tradition-de-pillage-etats-unien","status":"publish","type":"post","link":"https:\/\/ismfrance.org\/index.php\/2026\/04\/29\/les-menaces-de-trump-de-voler-le-petrole-iranien-sinscrivent-dans-une-longue-tradition-de-pillage-etats-unien\/","title":{"rendered":"Les menaces de Trump de voler le p\u00e9trole iranien s&rsquo;inscrivent dans une longue tradition de pillage \u00e9tats-unien"},"content":{"rendered":"<p><span style=\"color: #000000;\"><span style=\"font-family: Arial, sans-serif;\"><span style=\"font-size: medium;\"><strong>Joseph Massad, 28 avril 2026.<\/strong> Depuis le d\u00e9but de l&rsquo;offensive am\u00e9ricano-isra\u00e9lienne contre l&rsquo;Iran il y a deux mois, le pr\u00e9sident des Etats-Unis Donald Trump a multipli\u00e9 les d\u00e9clarations concernant le vol du p\u00e9trole iranien\u00a0: \u00ab\u00a0<em>Si cela ne tenait qu&rsquo;\u00e0 moi, je prendrais le p\u00e9trole, je le garderais, et cela me rapporterait beaucoup d&rsquo;argent.<\/em>\u00bb \u00c0 d\u00e9faut, il a menac\u00e9 de d\u00e9truire l&rsquo;infrastructure p\u00e9troli\u00e8re iranienne.<\/span><\/span><\/span><\/p>\n<div id=\"attachment_28929\" style=\"width: 610px\" class=\"wp-caption aligncenter\"><a href=\"https:\/\/ismfrance.org\/wp-content\/uploads\/2026\/04\/iran.jpg\"><img loading=\"lazy\" decoding=\"async\" aria-describedby=\"caption-attachment-28929\" class=\"wp-image-28929 size-large\" src=\"https:\/\/ismfrance.org\/wp-content\/uploads\/2026\/04\/iran-700x700.jpg\" alt=\"\" width=\"600\" height=\"600\" srcset=\"https:\/\/ismfrance.org\/wp-content\/uploads\/2026\/04\/iran-700x700.jpg 700w, https:\/\/ismfrance.org\/wp-content\/uploads\/2026\/04\/iran-300x300.jpg 300w, https:\/\/ismfrance.org\/wp-content\/uploads\/2026\/04\/iran-150x150.jpg 150w, https:\/\/ismfrance.org\/wp-content\/uploads\/2026\/04\/iran-768x768.jpg 768w, https:\/\/ismfrance.org\/wp-content\/uploads\/2026\/04\/iran-144x144.jpg 144w, https:\/\/ismfrance.org\/wp-content\/uploads\/2026\/04\/iran.jpg 1280w\" sizes=\"auto, (max-width: 600px) 100vw, 600px\" \/><\/a><p id=\"caption-attachment-28929\" class=\"wp-caption-text\">Caricature de Kamal Sharaf.<\/p><\/div>\n<p><span style=\"color: #000000;\"><span style=\"font-family: Arial, sans-serif;\"><span style=\"font-size: medium;\">Esp\u00e9rant r\u00e9\u00e9diter l&rsquo;enl\u00e8vement de Nicolas Maduro et le vol du p\u00e9trole v\u00e9n\u00e9zu\u00e9lien, la rh\u00e9torique triomphaliste de Trump s&rsquo;est av\u00e9r\u00e9e pr\u00e9matur\u00e9e.<\/span><\/span><\/span><\/p>\n<p><span style=\"color: #000000;\"><span style=\"font-family: Arial, sans-serif;\"><span style=\"font-size: medium;\">Les autorit\u00e9s iraniennes ont r\u00e9pondu aux menaces de Trump en lui rappelant \u00e0 plusieurs reprises que l&rsquo;Iran n&rsquo;est pas le Venezuela\u00a0: \u00ab\u00a0<em>Nous le disons clairement aux Am\u00e9ricains\u00a0: ici ce n&rsquo;est pas le Venezuela, o\u00f9 vous pouvez piller les ressources<\/em>\u00a0\u00bb, et que la R\u00e9publique islamique et la nation iranienne \u00ab\u00a0<em>s&rsquo;opposeront fermement \u00e0 de telles tentatives\u00a0<\/em>\u00bb.<\/span><\/span><\/span><\/p>\n<p><span style=\"color: #000000;\"><span style=\"font-family: Arial, sans-serif;\"><span style=\"font-size: medium;\">Si les Am\u00e9ricains et les Britanniques ont pu piller le p\u00e9trole iranien apr\u00e8s avoir renvers\u00e9 le Premier ministre Mohammad Mossadegh, qui l&rsquo;avait nationalis\u00e9 en 1953, la possibilit\u00e9 d&rsquo;une r\u00e9p\u00e9tition de cette performance aujourd&rsquo;hui semble beaucoup moins probable.<\/span><\/span><\/span><\/p>\n<p><span style=\"color: #000000;\"><span style=\"font-family: Arial, sans-serif;\"><span style=\"font-size: medium;\">Le pillage des ressources du tiers monde par les \u00c9tats-Unis n&rsquo;est pas un ph\u00e9nom\u00e8ne nouveau. Il s&rsquo;inscrit dans la continuit\u00e9 des politiques imp\u00e9rialistes US depuis la Seconde Guerre mondiale et est bien ant\u00e9rieur \u00e0 ce conflit, notamment en ce qui concerne le vol des ressources d&rsquo;Am\u00e9rique latine, sans parler de celles des peuples autochtones des \u00c9tats-Unis m\u00eame.<\/span><\/span><\/span><\/p>\n<p><span style=\"color: #000000;\"><span style=\"font-family: Arial, sans-serif;\"><span style=\"font-size: medium;\">En effet, les \u00c9tats-Unis et les anciens empires coloniaux europ\u00e9ens ont maintenu leur position apr\u00e8s la guerre et le d\u00e9but de l&rsquo;\u00e8re de la d\u00e9colonisation, insistant sur le fait que la fin du colonialisme direct europ\u00e9en et am\u00e9ricain n&rsquo;impliquait pas l&rsquo;octroi de la souverainet\u00e9 \u00e9conomique aux pays en cours de d\u00e9colonisation. <\/span><\/span><\/span><\/p>\n<p><span style=\"color: #000000;\"><span style=\"font-family: Arial, sans-serif;\"><span style=\"font-size: medium;\">C\u2019est ce que l\u2019ancien pr\u00e9sident ghan\u00e9en Kwame Nkrumah avait bien compris lorsqu\u2019il expliquait que l\u2019octroi de l\u2019ind\u00e9pendance politique aux pays anciennement colonis\u00e9s, tout en maintenant la m\u00eame structure \u00e9conomique coloniale mondiale de pillage des ressources du tiers monde, ne changeait que tr\u00e8s peu de choses dans la vie \u00e9conomique des colonis\u00e9s et leur refusait finalement toute souverainet\u00e9 \u00e9conomique et ind\u00e9pendance r\u00e9elle.<\/span><\/span><\/span><\/p>\n<p><strong><span style=\"font-size: large;\"><span style=\"color: #000000;\"><span style=\"font-family: Arial, sans-serif;\">D\u00e9fi postcolonial<\/span><\/span><\/span><\/strong><\/p>\n<p><span style=\"color: #000000;\"><span style=\"font-family: Arial, sans-serif;\"><span style=\"font-size: medium;\">Le premier grand d\u00e9fi collectif lanc\u00e9 par les pays anciennement colonis\u00e9s eut lieu en 1955 lors de la Conf\u00e9rence afro-asiatique de Bandung, en Indon\u00e9sie. Cette conf\u00e9rence affirma le droit \u00e0 l&rsquo;autod\u00e9termination des pays et des peuples encore colonis\u00e9s, ainsi que de ceux qui venaient d&rsquo;acc\u00e9der \u00e0 l&rsquo;ind\u00e9pendance.<\/span><\/span><\/span><\/p>\n<p><span style=\"color: #000000;\"><span style=\"font-family: Arial, sans-serif;\"><span style=\"font-size: medium;\">Ce qui se produisit \u00e0 Bandung marqua un renversement de l&rsquo;h\u00e9g\u00e9monie de l&rsquo;obstination occidentale sur le pillage \u00e9conomique. Les pays asiatiques et africains luttaient, en r\u00e9alit\u00e9, pour l&rsquo;inclusion de l&rsquo;autod\u00e9termination politique et \u00e9conomique aux Nations Unies depuis la fin de la Seconde Guerre mondiale.<\/span><\/span><\/span><\/p>\n<p><span style=\"color: #000000;\"><span style=\"font-family: Arial, sans-serif;\"><span style=\"font-size: medium;\">Quelques mois apr\u00e8s Bandung, en novembre 1955, la Troisi\u00e8me Commission de l&rsquo;Assembl\u00e9e g\u00e9n\u00e9rale de l&rsquo;ONU avait d\u00e9j\u00e0 approuv\u00e9 la formulation du droit \u00e0 l&rsquo;autod\u00e9termination en vue de son adoption dans la r\u00e9solution de 1960 et les Pactes de 1966 des Nations unies.<\/span><\/span><\/span><\/p>\n<p><span style=\"color: #000000;\"><span style=\"font-family: Arial, sans-serif;\"><span style=\"font-size: medium;\">Les d\u00e9bats au sein de la Troisi\u00e8me Commission faisaient rage depuis 1950, les pays colonisateurs insistant sur l&rsquo;inclusion d&rsquo;une clause d&rsquo;exemption coloniale dans la future r\u00e9solution. <\/span><\/span><\/span><\/p>\n<p><span style=\"color: #000000;\"><span style=\"font-family: Arial, sans-serif;\"><span style=\"font-size: medium;\">En 1952, les \u00c9tats-Unis ont vot\u00e9 contre une r\u00e9solution de l&rsquo;Assembl\u00e9e g\u00e9n\u00e9rale de l&rsquo;ONU d\u00e9clarant l&rsquo;autod\u00e9termination comme un droit humain et se sont \u00ab\u00a0<\/span><\/span><\/span><span style=\"color: #000000;\"><span style=\"font-family: Arial, sans-serif;\"><span style=\"font-size: medium;\"><i>farouchement oppos\u00e9s \u00e0 l&rsquo;obligation faite aux puissances coloniales de rendre compte des progr\u00e8s des territoires non autonomes vers l&rsquo;autonomie.\u00a0<\/i><\/span><\/span><\/span><span style=\"color: #000000;\"><span style=\"font-family: Arial, sans-serif;\"><span style=\"font-size: medium;\">\u00bb<\/span><\/span><\/span><\/p>\n<p><span style=\"color: #000000;\"><span style=\"font-family: Arial, sans-serif;\"><span style=\"font-size: medium;\">Les pays imp\u00e9rialistes ont rencontr\u00e9 une vive opposition de la part des d\u00e9l\u00e9gu\u00e9s asiatiques et africains, notamment des d\u00e9l\u00e9gu\u00e9s arabes de Syrie, d&rsquo;Irak et d&rsquo;Arabie saoudite, entre autres, qui ont jou\u00e9 un r\u00f4le crucial dans le rejet de la clause coloniale et dans la promotion de l&rsquo;autod\u00e9termination comme droit humain.<\/span><\/span><\/span><\/p>\n<p><span style=\"color: #000000;\"><span style=\"font-family: Arial, sans-serif;\"><span style=\"font-size: medium;\">Ceci faisait suite \u00e0 une forte agitation et \u00e0 l&rsquo;opposition des \u00c9tats-Unis et des entreprises am\u00e9ricaines \u00e0 toute notion d&rsquo;autod\u00e9termination \u00e9conomique \u00e0 l&rsquo;ONU, ces derni\u00e8res insistant sur le fait que ce droit ne concernait que l&rsquo;autod\u00e9termination politique.<\/span><\/span><\/span><\/p>\n<p><span style=\"color: #000000;\"><span style=\"font-family: Arial, sans-serif;\"><span style=\"font-size: medium;\">Les entreprises US ont \u00e9t\u00e9 furibondes lorsque le pr\u00e9sident guat\u00e9malt\u00e8que Jacobo Arbenz a introduit des mesures de r\u00e9forme agraire mena\u00e7ant les entreprises US et a fait r\u00e9f\u00e9rence \u00e0 une r\u00e9solution de l&rsquo;Assembl\u00e9e g\u00e9n\u00e9rale de l&rsquo;ONU de 1952 soutenant la nationalisation des ressources \u00e9conomiques. <\/span><\/span><\/span><\/p>\n<p><span style=\"color: #000000;\"><span style=\"font-family: Arial, sans-serif;\"><span style=\"font-size: medium;\">Le Chili, \u00e0 l&rsquo;instar du reste de l&rsquo;Am\u00e9rique latine, \u00e9conomiquement domin\u00e9e par les \u00c9tats-Unis imp\u00e9rialistes, chercha la m\u00eame ann\u00e9e \u00e0 modifier le projet de pacte relatif aux droits de l&rsquo;homme afin d&rsquo;y affirmer que \u00ab<\/span><\/span><\/span><span style=\"color: #000000;\"><span style=\"font-family: Arial, sans-serif;\"><span style=\"font-size: medium;\"><i> le droit des peuples \u00e0 l&rsquo;autod\u00e9termination inclut le droit \u00e9conomique de contr\u00f4ler toutes leurs ressources naturelles et de ne pas \u00eatre priv\u00e9 de leur usage ou de leurs moyens de subsistance par les actions d&rsquo;une puissance \u00e9trang\u00e8re<\/i><\/span><\/span><\/span><span style=\"color: #000000;\"><span style=\"font-family: Arial, sans-serif;\"><span style=\"font-size: medium;\"> \u00bb.<\/span><\/span><\/span><\/p>\n<p><span style=\"color: #000000;\"><span style=\"font-family: Arial, sans-serif;\"><span style=\"font-size: medium;\">Les Am\u00e9ricains furent si scandalis\u00e9s par ces initiatives visant \u00e0 instaurer l&rsquo;ind\u00e9pendance \u00e9conomique qu&rsquo;ils qualifi\u00e8rent de \u00ab\u00a0<\/span><\/span><\/span><span style=\"color: #000000;\"><span style=\"font-family: Arial, sans-serif;\"><span style=\"font-size: medium;\"><i>discours de haine <\/i><\/span><\/span><\/span><span style=\"color: #000000;\"><span style=\"font-family: Arial, sans-serif;\"><span style=\"font-size: medium;\">\u00bb les tentatives sovi\u00e9tiques et du tiers monde d&rsquo;institutionnaliser l&rsquo;autod\u00e9termination \u00e9conomique des \u00c9tats ind\u00e9pendants.<\/span><\/span><\/span><\/p>\n<p><strong><span style=\"color: #000000;\"><span style=\"font-family: Arial, sans-serif;\"><span style=\"font-size: large;\">Coercition imp\u00e9riale<\/span><\/span><\/span><\/strong><\/p>\n<p><span style=\"color: #000000;\"><span style=\"font-family: Arial, sans-serif;\"><span style=\"font-size: medium;\">En 1962, la r\u00e9solution 1803 de l&rsquo;Assembl\u00e9e g\u00e9n\u00e9rale des Nations Unies a consacr\u00e9 la souverainet\u00e9 permanente sur les ressources naturelles, affirmant ainsi le droit \u00e0 l&rsquo;autod\u00e9termination \u00e9conomique.<\/span><\/span><\/span><\/p>\n<p><span style=\"color: #000000;\"><span style=\"font-family: Arial, sans-serif;\"><span style=\"font-size: medium;\">Mais cela n&rsquo;a pas emp\u00each\u00e9 les \u00c9tats-Unis de financer des coups d&rsquo;\u00c9tat pour renverser des dirigeants attach\u00e9s \u00e0 la souverainet\u00e9 \u00e9conomique et les destituer \u2013 parmi lesquels Shukri al-Quwwatli en Syrie en 1949\u00a0; Mossadegh en 1953\u00a0; Jacobo Arbenz au Guatemala en 1954\u00a0; Patrice Lumumba au Congo en 1961\u00a0; Jo\u00e3o Goulart au Br\u00e9sil en 1964\u00a0; Ahmad Sukarno en Indon\u00e9sie en 1965\u00a0et Nkrumah au Ghana en 1966 \u2013 pour ne citer que les plus connus.<\/span><\/span><\/span><\/p>\n<p><span style=\"color: #000000;\"><span style=\"font-family: Arial, sans-serif;\"><span style=\"font-size: medium;\">Gamal Abdel Nasser fut la cible d&rsquo;une invasion tripartite men\u00e9e par les Europ\u00e9ens et Isra\u00ebl en 1956, suite \u00e0 la nationalisation de la Compagnie du canal de Suez, puis par Isra\u00ebl et les \u00c9tats-Unis en 1967 pour mettre fin \u00e0 l&rsquo;\u00c9tat-providence \u00e9gyptien et \u00e0 l&rsquo;exp\u00e9rience nasserienne d&rsquo;affirmation de la souverainet\u00e9 \u00e9conomique.<\/span><\/span><\/span><\/p>\n<p><span style=\"color: #000000;\"><span style=\"font-family: Arial, sans-serif;\"><span style=\"font-size: medium;\">Quant au Chilien Salvador Allende, renvers\u00e9 par les \u00c9tats-Unis en 1973, Henry Kissinger justifia son intervention par cette d\u00e9claration c\u00e9l\u00e8bre\u00a0: \u00ab\u00a0<i>Je ne vois pas pourquoi nous devrions rester les bras crois\u00e9s et regarder un pays sombrer dans le communisme \u00e0 cause de l&rsquo;irresponsabilit\u00e9 de son peuple.<\/i>\u00bb<\/span><\/span><\/span><\/p>\n<p><span style=\"color: #000000;\"><span style=\"font-family: Arial, sans-serif;\"><span style=\"font-size: medium;\">Malgr\u00e9 ces revers, les anciens colonis\u00e9s continu\u00e8rent de chercher des moyens de r\u00e9affirmer leur souverainet\u00e9 \u00e9conomique face \u00e0 l&rsquo;ordre \u00e9conomique imp\u00e9rialiste.<\/span><\/span><\/span><\/p>\n<p><span style=\"color: #000000;\"><span style=\"font-family: Arial, sans-serif;\"><span style=\"font-size: medium;\">La derni\u00e8re tentative collective eut lieu dans les ann\u00e9es 1970, alors que le monde \u00e9tait sur le point d&rsquo;\u00eatre conquis par le n\u00e9olib\u00e9ralisme \u00e9conomique et la \u00ab<i>\u00a0mondialisation\u00a0<\/i>\u00bb, c&rsquo;est-\u00e0-dire le projet d&rsquo;un Nouvel Ordre \u00c9conomique International (NOEI). <\/span><\/span><\/span><\/p>\n<p><span style=\"color: #000000;\"><span style=\"font-family: Arial, sans-serif;\"><span style=\"font-size: medium;\">Le NOEI \u00e9tait un ensemble de propositions formul\u00e9es par les pays du Tiers Monde dans le cadre de la Conf\u00e9rence des Nations Unies sur le commerce et le d\u00e9veloppement (CNUCED), cr\u00e9\u00e9e en 1964 par d&rsquo;anciens pays colonis\u00e9s et des pays d&rsquo;Am\u00e9rique latine ayant subi l&rsquo;imp\u00e9rialisme, et pr\u00e9sid\u00e9e par l&rsquo;\u00e9conomiste argentin Raul Prebisch. Son objectif \u00e9tait de promouvoir l&rsquo;\u00ab<i>\u00a0\u00e9galit\u00e9\u00a0<\/i>\u00bb \u00e9conomique et de rem\u00e9dier aux \u00ab<i>\u00a0injustices\u00a0<\/i>\u00bb \u00e9conomiques entre les \u00c9tats afin d&rsquo;acc\u00e9l\u00e9rer le \u00ab\u00a0<i>d\u00e9veloppement \u00e9conomique et social\u00a0<\/i>\u00bb. Ce programme n&rsquo;a abouti \u00e0 rien.<\/span><\/span><\/span><\/p>\n<p><span style=\"color: #000000;\"><span style=\"font-family: Arial, sans-serif;\"><span style=\"font-size: medium;\">De fait, le veto US sur la lib\u00e9ration des peuples d&rsquo;Afrique australe de l&rsquo;apartheid et du colonialisme de peuplement \u2013 \u200b\u200bAngola, Mozambique, Zimbabwe-Rhod\u00e9sie, Namibie, Afrique du Sud \u2013 s&rsquo;est maintenu jusqu&rsquo;\u00e0 ce que des garanties soient donn\u00e9es quant au maintien de la souverainet\u00e9 \u00e9conomique des \u00c9tats-Unis, de leurs alli\u00e9s imp\u00e9rialistes europ\u00e9ens et des colons blancs sur ces pays apr\u00e8s leur \u00ab<i>\u00a0ind\u00e9pendance\u00a0<\/i>\u00bb.<\/span><\/span><\/span><\/p>\n<p><span style=\"color: #000000;\"><span style=\"font-family: Arial, sans-serif;\"><span style=\"font-size: medium;\">C&rsquo;est \u00e9galement Kissinger qui a con\u00e7u <a href=\"https:\/\/www.erudit.org\/fr\/revues\/ei\/1981-v12-n4-ei3007\/701273ar.pdf\">l&rsquo;option \u00ab\u00a0<i>tar baby<\/i>\u00a0\u00bb<\/a>, consistant \u00e0 renforcer les liens am\u00e9ricains avec les colonies de peuplement supr\u00e9matistes blanches d&rsquo;Afrique du Sud, de Rhod\u00e9sie et des colonies portugaises du Mozambique et d&rsquo;Angola. Dans le cas tristement c\u00e9l\u00e8bre et r\u00e9v\u00e9lateur du Zimbabwe-Rhod\u00e9sie, cet arrangement \u00e9conomique a persist\u00e9 pendant pr\u00e8s de deux d\u00e9cennies apr\u00e8s l&rsquo;ind\u00e9pendance en 1980.<\/span><\/span><\/span><\/p>\n<p><strong><span style=\"color: #000000;\"><span style=\"font-family: Arial, sans-serif;\"><span style=\"font-size: large;\">Coercition n\u00e9olib\u00e9rale<\/span><\/span><\/span><\/strong><\/p>\n<p><span style=\"color: #000000;\"><span style=\"font-family: Arial, sans-serif;\"><span style=\"font-size: medium;\">En 1990, 100.000 colons blancs vivaient encore au Zimbabwe. Le secteur priv\u00e9 commercial restait contr\u00f4l\u00e9 par les Blancs. Les banlieues cossues demeuraient exclusivement blanches, tandis que les Africains vivaient dans des townships surpeupl\u00e9s. Les colons blancs conservaient leur sup\u00e9riorit\u00e9 et leurs privil\u00e8ges \u00e9conomiques et, de fait, politiques.<\/span><\/span><\/span><\/p>\n<p><span style=\"color: #000000;\"><span style=\"font-family: Arial, sans-serif;\"><span style=\"font-size: medium;\">Le refus du Royaume-Uni et des \u00c9tats-Unis de subventionner l\u2019achat de terres par les Blancs exacerba la soif de terres et la frustration \u00e9conomique.<\/span><\/span><\/span><\/p>\n<p><span style=\"color: #000000;\"><span style=\"font-family: Arial, sans-serif;\"><span style=\"font-size: medium;\">Lorsque le moratoire sur la nationalisation des propri\u00e9t\u00e9s blanches expira en 1990, le pr\u00e9sident Robert Mugabe recut le conseil de ne pas effrayer les Blancs d\u2019Afrique du Sud, surtout apr\u00e8s la lib\u00e9ration de Nelson Mandela en f\u00e9vrier 1990 et les n\u00e9gociations en cours pour mettre fin \u00e0 l\u2019apartheid tout en maintenant la souverainet\u00e9 imp\u00e9rialiste et blanche sur les ressources nationales sud-africaines.<\/span><\/span><\/span><\/p>\n<p><span style=\"color: #000000;\"><span style=\"font-family: Arial, sans-serif;\"><span style=\"font-size: medium;\">De ce fait, les meilleures terres arables du Zimbabwe rest\u00e8rent aux mains des colons blancs. Parall\u00e8lement, d\u00e8s les ann\u00e9es 1980, le FMI et la Banque mondiale avaient intensifi\u00e9 leurs politiques n\u00e9olib\u00e9rales en contraignant le Zimbabwe \u00e0 couper ses d\u00e9penses sociales, notamment en mati\u00e8re d&rsquo;\u00e9ducation et de subventions alimentaires pour mettre fin \u00e0 son syst\u00e8me d&rsquo;\u00c9tat-providence.<\/span><\/span><\/span><\/p>\n<p><span style=\"color: #000000;\"><span style=\"font-family: Arial, sans-serif;\"><span style=\"font-size: medium;\">Alors que la Namibie acc\u00e9dait finalement \u00e0 l&rsquo;ind\u00e9pendance en 1990 et que l&rsquo;apartheid sud-africain prenait fin en 1994, Mugabe conservait d&rsquo;excellentes relations avec les Britanniques, au point d&rsquo;\u00eatre fait chevalier honoraire la m\u00eame ann\u00e9e.<\/span><\/span><\/span><\/p>\n<p><span style=\"color: #000000;\"><span style=\"font-family: Arial, sans-serif;\"><span style=\"font-size: medium;\">Le triomphe de l&rsquo;imp\u00e9rialisme et du n\u00e9olib\u00e9ralisme US apr\u00e8s la chute de l&rsquo;URSS fut un mauvais pr\u00e9sage pour le peuple zimbabw\u00e9en, dont les services sociaux furent coup\u00e9s sur ordre du FMI et de la Banque mondiale lorsque le pays adopta un \u00ab\u00a0<em>programme d&rsquo;ajustement structurel<\/em>\u00a0\u00bb en 1991. L&rsquo;apartheid \u00e9conomique demeura la norme, les colons blancs continuant d&rsquo;en tirer profit financi\u00e8rement. Les progr\u00e8s r\u00e9alis\u00e9s dans les domaines de la sant\u00e9, de l&rsquo;\u00e9ducation et de l&#8217;emploi dans les ann\u00e9es 1980 furent rapidement an\u00e9antis dans les ann\u00e9es 1990, et la corruption du gouvernement par la classe d&rsquo;affaires noire \u00e9mergente devint monnaie courante.<\/span><\/span><\/span><\/p>\n<p><span style=\"color: #000000;\"><span style=\"font-family: Arial, sans-serif;\"><span style=\"font-size: medium;\">Dans ce contexte, le gouvernement se radicalisa face \u00e0 la population noire, priv\u00e9e de terres, notamment apr\u00e8s 1997. Il proposa d&rsquo;exproprier 800 fermes appartenant \u00e0 des Blancs et d&rsquo;imposer des taxes aux agriculteurs commerciaux pour renflouer le budget. Cette nouvelle politique \u00e9conomique radicalis\u00e9e entra\u00eena \u00e9galement la suspension des politiques d&rsquo;ajustement structurel impos\u00e9es par le FMI.<\/span><\/span><\/span><\/p>\n<p><span style=\"color: #000000;\"><span style=\"font-family: Arial, sans-serif;\"><span style=\"font-size: medium;\">Rien de ce qu&rsquo;avait fait Mugabe depuis 1980, ni m\u00eame avant, n&rsquo;avait suscit\u00e9 l&rsquo;hostilit\u00e9 des Britanniques comme l&rsquo;appropriation des propri\u00e9t\u00e9s des colons blancs par son gouvernement. Les relations avec le Royaume-Uni se d\u00e9t\u00e9rior\u00e8rent rapidement.<\/span><\/span><\/span><\/p>\n<p><span style=\"color: #000000;\"><span style=\"font-family: Arial, sans-serif;\"><span style=\"font-size: medium;\">Mugabe fit remarquer, \u00e0 juste titre, que les premiers colons, sous Cecil Rhodes, avaient vol\u00e9 des terres sans aucune compensation au titre du \u00ab\u00a0<i>droit de conqu\u00eate<\/i>\u00a0\u00bb, et que son gouvernement ne paierait donc rien pour les r\u00e9cup\u00e9rer. <\/span><\/span><\/span><\/p>\n<p><span style=\"color: #000000;\"><span style=\"font-family: Arial, sans-serif;\"><span style=\"font-size: medium;\">Au milieu des ann\u00e9es 1980, des paysans sans terre avaient d\u00e9j\u00e0 commenc\u00e9 \u00e0 s&#8217;emparer des fermes blanches abandonn\u00e9es, mais \u00e0 cette \u00e9poque, ils \u00e9taient de plus en plus nombreux \u00e0 s&rsquo;occuper non seulement des fermes appartenant majoritairement \u00e0 des Blancs, mais aussi de celles appartenant \u00e0 des Noirs.<\/span><\/span><\/span><\/p>\n<p><strong><span style=\"font-size: large;\"><span style=\"color: #000000;\"><span style=\"font-family: Arial, sans-serif;\">Indignation occidentale<\/span><\/span><\/span><\/strong><\/p>\n<p><span style=\"color: #000000;\"><span style=\"font-family: Arial, sans-serif;\"><span style=\"font-size: medium;\">En 2000, le renforcement des sanctions occidentales amorc\u00e9 en 1997, conjugu\u00e9 aux effets persistants des politiques d&rsquo;ajustement structurel, avait encore appauvri la population et l&rsquo;\u00c9tat.<\/span><\/span><\/span><\/p>\n<p><span style=\"color: #000000;\"><span style=\"font-family: Arial, sans-serif;\"><span style=\"font-size: medium;\">L&rsquo;arriv\u00e9e massive d&rsquo;organisations non gouvernementales financ\u00e9es par l&rsquo;Occident et la cr\u00e9ation d&rsquo;une opposition lib\u00e9rale \u00e9galement financ\u00e9e par l&rsquo;Occident \u2013 \u200b\u200bcomme le Mouvement pour le changement d\u00e9mocratique (MDC), fond\u00e9 en 1999 \u2013 \u00e9taient cens\u00e9es affaiblir le r\u00e9gime.<\/span><\/span><\/span><\/p>\n<p><span style=\"color: #000000;\"><span style=\"font-family: Arial, sans-serif;\"><span style=\"font-size: medium;\">L&rsquo;opposition lib\u00e9rale et pro-occidentale s&rsquo;opposait aux occupations des fermes des Blancs par les Zimbabw\u00e9ens autochtones, pauvres et avides de terres. Ils esp\u00e9raient renverser le gouvernement et mettre un terme \u00e0 sa tentative tardive de renverser enfin le colonialisme de peuplement blanc et d&rsquo;endiguer le pillage occidental.<\/span><\/span><\/span><\/p>\n<p><span style=\"color: #000000;\"><span style=\"font-family: Arial, sans-serif;\"><span style=\"font-size: medium;\">Les r\u00e9alisations de cette p\u00e9riode comprennent la redistribution de 80 % des terres agricoles sans compensation aux colons blancs, la \u00ab <\/span><\/span><\/span><span style=\"color: #000000;\"><span style=\"font-family: Arial, sans-serif;\"><span style=\"font-size: medium;\"><i>liquidation<\/i><\/span><\/span><\/span><span style=\"color: #000000;\"><span style=\"font-family: Arial, sans-serif;\"><span style=\"font-size: medium;\"> \u00bb de la politique coloniale, la fin des privil\u00e8ges coloniaux et raciaux des Blancs et l&rsquo;\u00e9largissement du r\u00e9gime foncier.<\/span><\/span><\/span><\/p>\n<p><span style=\"color: #000000;\"><span style=\"font-family: Arial, sans-serif;\"><span style=\"font-size: medium;\">Cependant, cela a facilit\u00e9 l&rsquo;enracinement d&rsquo;une bourgeoisie noire qui cherchait \u00e0 mettre fin \u00e0 la situation r\u00e9volutionnaire du pays en renouant des liens avec le capital international apr\u00e8s 2005, ce qui a abouti \u00e0 un accord de partage du pouvoir entre le MDC et le parti au pouvoir, la ZANU, en 2008.<\/span><\/span><\/span><\/p>\n<p><span style=\"color: #000000;\"><span style=\"font-family: Arial, sans-serif;\"><span style=\"font-size: medium;\">Les Britanniques s&rsquo;insurgeaient contre Mugabe, devenu la cible de l&rsquo;opprobre occidental \u2013 non pas pour avoir pr\u00e9sid\u00e9 au d\u00e9clin du pays dans la pauvret\u00e9 sous l&rsquo;influence des instruments de contr\u00f4le \u00e9conomique occidentaux, ni pour la corruption qui s&rsquo;est install\u00e9e au sein de l&rsquo;\u00e9lite africaine, au gouvernement comme en dehors, apr\u00e8s le tournant n\u00e9olib\u00e9ral, mais uniquement \u00e0 cause du sort r\u00e9serv\u00e9 aux biens mal acquis des colons blancs, car seuls ces derniers mena\u00e7aient les privil\u00e8ges des Blancs et le n\u00e9ocolonialisme occidental au Zimbabwe.<\/span><\/span><\/span><\/p>\n<p><span style=\"color: #000000;\"><span style=\"font-family: Arial, sans-serif;\"><span style=\"font-size: medium;\">Le capital international a commenc\u00e9 \u00e0 quitter le pays, puis vint la condamnation occidentale. La Banque mondiale a suspendu son \u00ab <\/span><\/span><\/span><span style=\"color: #000000;\"><span style=\"font-family: Arial, sans-serif;\"><span style=\"font-size: medium;\"><i>aide<\/i><\/span><\/span><\/span><span style=\"color: #000000;\"><span style=\"font-family: Arial, sans-serif;\"><span style=\"font-size: medium;\"> \u00bb, et des menaces de sanctions ont rapidement suivi. Les campagnes m\u00e9diatiques occidentales diabolisant Mugabe et son gouvernement, ainsi que les appels britanniques \u00e0 un changement de r\u00e9gime, \u00e9taient omnipr\u00e9sents. Des sanctions occidentales cibl\u00e9es ont suivi. Environ 20.000 Blancs sont rest\u00e9s dans le pays et ont utilis\u00e9 tous les moyens l\u00e9gaux et les r\u00e9seaux internationaux \u00e0 leur disposition pour r\u00e9cup\u00e9rer \u00ab<\/span><\/span><\/span><span style=\"color: #000000;\"><span style=\"font-family: Arial, sans-serif;\"><span style=\"font-size: medium;\"><i>\u00a0leurs\u00a0<\/i><\/span><\/span><\/span><span style=\"color: #000000;\"><span style=\"font-family: Arial, sans-serif;\"><span style=\"font-size: medium;\">\u00bb terres. Lorsqu\u2019un nouveau gouvernement, plus conciliant envers les Occidentaux et les colons, a acc\u00e9d\u00e9 au pouvoir \u00e0 la suite d\u2019un coup d\u2019\u00c9tat qui a renvers\u00e9 Mugabe en 2017, le premier fermier blanc a r\u00e9cup\u00e9r\u00e9 \u00ab<\/span><\/span><\/span><span style=\"color: #000000;\"><span style=\"font-family: Arial, sans-serif;\"><span style=\"font-size: medium;\"><i>\u00a0sa\u00a0<\/i><\/span><\/span><\/span><span style=\"color: #000000;\"><span style=\"font-family: Arial, sans-serif;\"><span style=\"font-size: medium;\">\u00bb terre.<\/span><\/span><\/span><\/p>\n<p><strong><span style=\"color: #000000;\"><span style=\"font-family: Arial, sans-serif;\"><span style=\"font-size: large;\">Pillage continu<\/span><\/span><\/span><\/strong><\/p>\n<p><span style=\"color: #000000;\"><span style=\"font-family: Arial, sans-serif;\"><span style=\"font-size: medium;\">Le sort de la Namibie ind\u00e9pendante et de l&rsquo;Afrique du Sud post-apartheid seront tout aussi funeste, car la fin de l&rsquo;apartheid dans les deux pays \u00e9tait conditionn\u00e9e par la poursuite du pillage de leurs terres et de leurs ressources par les colons et le capital imp\u00e9rialiste.<\/span><\/span><\/span><\/p>\n<p><span style=\"color: #000000;\"><span style=\"font-family: Arial, sans-serif;\"><span style=\"font-size: medium;\">Si le syst\u00e8me politique de l&rsquo;apartheid fut d\u00e9mantel\u00e9, l&rsquo;apartheid \u00e9conomique, lui, se consolida dans la nouvelle Afrique du Sud. D\u00e8s 1996, le gouvernement de l&rsquo;ANC s&rsquo;allia aux grandes entreprises pour soumettre l&rsquo;Afrique du Sud au n\u00e9olib\u00e9ralisme.<\/span><\/span><\/span><\/p>\n<p><span style=\"color: #000000;\"><span style=\"font-family: Arial, sans-serif;\"><span style=\"font-size: medium;\">Les \u00c9tats-Unis et les puissances imp\u00e9rialistes europ\u00e9ennes, par le biais de leurs instruments internationaux de contr\u00f4le \u00e9conomique, notamment le FMI, s&rsquo;assur\u00e8rent que la nouvelle Afrique du Sud ne nationalise pas les richesses des Blancs et ne les redistribue pas \u00e0 leurs propri\u00e9taires l\u00e9gitimes, sous peine de nouvelles sanctions \u00e9conomiques.<\/span><\/span><\/span><\/p>\n<p><span style=\"color: #000000;\"><span style=\"font-family: Arial, sans-serif;\"><span style=\"font-size: medium;\">L&rsquo;accord conclu par l&rsquo;ANC avec les puissances imp\u00e9rialistes et la classe dirigeante blanche locale \u00e9tait clair\u00a0: le prix \u00e0 payer pour mettre fin \u00e0 l&rsquo;apartheid politique racial \u00e9tait le maintien de l&rsquo;apartheid \u00e9conomique racial et le pillage imp\u00e9rialiste des ressources du pays. <\/span><\/span><\/span><\/p>\n<p><span style=\"color: #000000;\"><span style=\"font-family: Arial, sans-serif;\"><span style=\"font-size: medium;\">Quant \u00e0 l&rsquo;Iran, l&rsquo;insistance de ses dirigeants \u00e0 affirmer qu&rsquo;il n&rsquo;aura pas le m\u00eame sort que le Venezuela et Maduro fait r\u00e9f\u00e9rence au succ\u00e8s des \u00c9tats-Unis, de concert avec leurs alli\u00e9s europ\u00e9ens, dans la subversion du gouvernement v\u00e9n\u00e9zu\u00e9lien pendant au moins une d\u00e9cennie et la sape de sa l\u00e9gitimit\u00e9. En 2019, ils ont reconnu Juan Guaido, le successeur ill\u00e9gitime et exil\u00e9 de Maduro, nomm\u00e9 par les \u00c9tats-Unis, comme pr\u00e9sident l\u00e9gitime du pays.<\/span><\/span><\/span><\/p>\n<p><span style=\"color: #000000;\"><span style=\"font-family: Arial, sans-serif;\"><span style=\"font-size: medium;\">Les milieux d&rsquo;affaires et la classe moyenne sup\u00e9rieure v\u00e9n\u00e9zu\u00e9liens, hostiles \u00e0 l&rsquo;insistance de Maduro sur la souverainet\u00e9 \u00e9conomique et l&rsquo;\u00c9tat-providence, ont \u00e9galement constitu\u00e9 une cinqui\u00e8me colonne efficace \u2013 une alliance de classes qui n&rsquo;existe pas en Iran.<\/span><\/span><\/span><\/p>\n<p><span style=\"color: #000000;\"><span style=\"font-family: Arial, sans-serif;\"><span style=\"font-size: medium;\">Plus important encore, l&rsquo;Iran dispose de capacit\u00e9s militaires bien sup\u00e9rieures \u00e0 celles du Venezuela, ce qui lui a permis de r\u00e9sister aux bombardements massifs des Am\u00e9ricains et des Isra\u00e9liens. <\/span><\/span><\/span><\/p>\n<p><span style=\"color: #000000;\"><span style=\"font-family: Arial, sans-serif;\"><span style=\"font-size: medium;\">En Iran, la l\u00e9gitimit\u00e9 du r\u00e9gime r\u00e9volutionnaire n&rsquo;a jamais \u00e9t\u00e9 \u00e9branl\u00e9e, malgr\u00e9 les efforts hercul\u00e9ens d\u00e9ploy\u00e9s par Isra\u00ebl et les \u00c9tats-Unis pour trouver un autre dirigeant, notamment le grotesque fils du shah, et leur recrutement d&rsquo;Iraniens anti-r\u00e9gime \u00e0 l&rsquo;int\u00e9rieur comme \u00e0 l&rsquo;ext\u00e9rieur du pays.<\/span><\/span><\/span><\/p>\n<p><span style=\"color: #000000;\"><span style=\"font-family: Arial, sans-serif;\"><span style=\"font-size: medium;\">Le vol continu de p\u00e9trole v\u00e9n\u00e9zu\u00e9lien par les \u00c9tats-Unis et la tentative d&rsquo;assujettissement de l&rsquo;Iran, qui semblent contrarier certains lib\u00e9raux am\u00e9ricains, ne sont en rien des innovations de l&rsquo;administration Trump. Il s&rsquo;agit tout simplement de la pratique courante de l&rsquo;imp\u00e9rialisme am\u00e9ricain, sous les gouvernements d\u00e9mocrates comme r\u00e9publicains.<\/span><\/span><\/span><\/p>\n<p><em><strong><span style=\"color: #000000;\"><span style=\"font-family: Arial, sans-serif;\"><span style=\"font-size: medium;\">Article original en anglais sur <a href=\"https:\/\/www.middleeasteye.net\/opinion\/trumps-threats-steal-irans-oil-continue-long-history-us-pillage\">Middle East Eye<\/a> \/ Traduction MR<\/span><\/span><\/span><\/strong><\/em><\/p>\n","protected":false},"excerpt":{"rendered":"<p>Joseph Massad, 28 avril 2026. Depuis le d\u00e9but de l&rsquo;offensive am\u00e9ricano-isra\u00e9lienne contre l&rsquo;Iran il y a deux mois, le pr\u00e9sident des Etats-Unis Donald Trump a multipli\u00e9 les d\u00e9clarations concernant le <a class=\"more-link\" href=\"https:\/\/ismfrance.org\/index.php\/2026\/04\/29\/les-menaces-de-trump-de-voler-le-petrole-iranien-sinscrivent-dans-une-longue-tradition-de-pillage-etats-unien\/\">Lire la suite &rarr;<\/a><\/p>\n","protected":false},"author":3,"featured_media":28929,"comment_status":"closed","ping_status":"closed","sticky":false,"template":"","format":"standard","meta":{"footnotes":""},"categories":[12,2],"tags":[158,58,99],"class_list":["post-28927","post","type-post","status-publish","format-standard","has-post-thumbnail","hentry","category-analyses","category-articles","tag-colonialisme-de-peuplement","tag-histoire","tag-imperialisme"],"yoast_head":"<!-- This site is optimized with the Yoast SEO plugin v27.2 - https:\/\/yoast.com\/product\/yoast-seo-wordpress\/ -->\n<title>Les menaces de Trump de voler le p\u00e9trole iranien s&#039;inscrivent dans une longue tradition de pillage \u00e9tats-unien - International Solidarity Movement - ISM-France<\/title>\n<meta name=\"robots\" content=\"index, follow, max-snippet:-1, max-image-preview:large, max-video-preview:-1\" \/>\n<link rel=\"canonical\" href=\"https:\/\/ismfrance.org\/index.php\/2026\/04\/29\/les-menaces-de-trump-de-voler-le-petrole-iranien-sinscrivent-dans-une-longue-tradition-de-pillage-etats-unien\/\" \/>\n<meta property=\"og:locale\" content=\"fr_FR\" \/>\n<meta property=\"og:type\" content=\"article\" \/>\n<meta property=\"og:title\" content=\"Les menaces de Trump de voler le p\u00e9trole iranien s&#039;inscrivent dans une longue tradition de pillage \u00e9tats-unien - International Solidarity Movement - ISM-France\" \/>\n<meta property=\"og:description\" content=\"Joseph Massad, 28 avril 2026. Depuis le d\u00e9but de l&rsquo;offensive am\u00e9ricano-isra\u00e9lienne contre l&rsquo;Iran il y a deux mois, le pr\u00e9sident des Etats-Unis Donald Trump a multipli\u00e9 les d\u00e9clarations concernant le Lire la suite &rarr;\" \/>\n<meta property=\"og:url\" content=\"https:\/\/ismfrance.org\/index.php\/2026\/04\/29\/les-menaces-de-trump-de-voler-le-petrole-iranien-sinscrivent-dans-une-longue-tradition-de-pillage-etats-unien\/\" \/>\n<meta property=\"og:site_name\" content=\"International Solidarity Movement - ISM-France\" \/>\n<meta property=\"article:published_time\" content=\"2026-04-29T17:34:22+00:00\" \/>\n<meta property=\"og:image\" content=\"https:\/\/ismfrance.org\/wp-content\/uploads\/2026\/04\/iran.jpg\" \/>\n\t<meta property=\"og:image:width\" content=\"1280\" \/>\n\t<meta property=\"og:image:height\" content=\"1280\" \/>\n\t<meta property=\"og:image:type\" content=\"image\/jpeg\" \/>\n<meta name=\"author\" content=\"mru_01\" \/>\n<meta name=\"twitter:card\" content=\"summary_large_image\" \/>\n<meta name=\"twitter:creator\" content=\"@ISMFRANCE\" \/>\n<meta name=\"twitter:site\" content=\"@ISMFRANCE\" \/>\n<meta name=\"twitter:label1\" content=\"\u00c9crit par\" \/>\n\t<meta name=\"twitter:data1\" content=\"mru_01\" \/>\n\t<meta name=\"twitter:label2\" content=\"Dur\u00e9e de lecture estim\u00e9e\" \/>\n\t<meta name=\"twitter:data2\" content=\"14 minutes\" \/>\n<script type=\"application\/ld+json\" class=\"yoast-schema-graph\">{\"@context\":\"https:\/\/schema.org\",\"@graph\":[{\"@type\":\"Article\",\"@id\":\"https:\/\/ismfrance.org\/index.php\/2026\/04\/29\/les-menaces-de-trump-de-voler-le-petrole-iranien-sinscrivent-dans-une-longue-tradition-de-pillage-etats-unien\/#article\",\"isPartOf\":{\"@id\":\"https:\/\/ismfrance.org\/index.php\/2026\/04\/29\/les-menaces-de-trump-de-voler-le-petrole-iranien-sinscrivent-dans-une-longue-tradition-de-pillage-etats-unien\/\"},\"author\":{\"name\":\"mru_01\",\"@id\":\"https:\/\/ismfrance.org\/#\/schema\/person\/3c411eb72adfaae19c0dca1f41fae01d\"},\"headline\":\"Les menaces de Trump de voler le p\u00e9trole iranien s&rsquo;inscrivent dans une longue tradition de pillage \u00e9tats-unien\",\"datePublished\":\"2026-04-29T17:34:22+00:00\",\"mainEntityOfPage\":{\"@id\":\"https:\/\/ismfrance.org\/index.php\/2026\/04\/29\/les-menaces-de-trump-de-voler-le-petrole-iranien-sinscrivent-dans-une-longue-tradition-de-pillage-etats-unien\/\"},\"wordCount\":2973,\"publisher\":{\"@id\":\"https:\/\/ismfrance.org\/#organization\"},\"image\":{\"@id\":\"https:\/\/ismfrance.org\/index.php\/2026\/04\/29\/les-menaces-de-trump-de-voler-le-petrole-iranien-sinscrivent-dans-une-longue-tradition-de-pillage-etats-unien\/#primaryimage\"},\"thumbnailUrl\":\"https:\/\/ismfrance.org\/wp-content\/uploads\/2026\/04\/iran.jpg\",\"keywords\":[\"Colonialisme de peuplement\",\"Histoire\",\"Imp\u00e9rialisme\"],\"articleSection\":[\"Analyses\",\"Articles\"],\"inLanguage\":\"fr-FR\"},{\"@type\":\"WebPage\",\"@id\":\"https:\/\/ismfrance.org\/index.php\/2026\/04\/29\/les-menaces-de-trump-de-voler-le-petrole-iranien-sinscrivent-dans-une-longue-tradition-de-pillage-etats-unien\/\",\"url\":\"https:\/\/ismfrance.org\/index.php\/2026\/04\/29\/les-menaces-de-trump-de-voler-le-petrole-iranien-sinscrivent-dans-une-longue-tradition-de-pillage-etats-unien\/\",\"name\":\"Les menaces de Trump de voler le p\u00e9trole iranien s'inscrivent dans une longue tradition de pillage \u00e9tats-unien - International Solidarity Movement - ISM-France\",\"isPartOf\":{\"@id\":\"https:\/\/ismfrance.org\/#website\"},\"primaryImageOfPage\":{\"@id\":\"https:\/\/ismfrance.org\/index.php\/2026\/04\/29\/les-menaces-de-trump-de-voler-le-petrole-iranien-sinscrivent-dans-une-longue-tradition-de-pillage-etats-unien\/#primaryimage\"},\"image\":{\"@id\":\"https:\/\/ismfrance.org\/index.php\/2026\/04\/29\/les-menaces-de-trump-de-voler-le-petrole-iranien-sinscrivent-dans-une-longue-tradition-de-pillage-etats-unien\/#primaryimage\"},\"thumbnailUrl\":\"https:\/\/ismfrance.org\/wp-content\/uploads\/2026\/04\/iran.jpg\",\"datePublished\":\"2026-04-29T17:34:22+00:00\",\"breadcrumb\":{\"@id\":\"https:\/\/ismfrance.org\/index.php\/2026\/04\/29\/les-menaces-de-trump-de-voler-le-petrole-iranien-sinscrivent-dans-une-longue-tradition-de-pillage-etats-unien\/#breadcrumb\"},\"inLanguage\":\"fr-FR\",\"potentialAction\":[{\"@type\":\"ReadAction\",\"target\":[\"https:\/\/ismfrance.org\/index.php\/2026\/04\/29\/les-menaces-de-trump-de-voler-le-petrole-iranien-sinscrivent-dans-une-longue-tradition-de-pillage-etats-unien\/\"]}]},{\"@type\":\"ImageObject\",\"inLanguage\":\"fr-FR\",\"@id\":\"https:\/\/ismfrance.org\/index.php\/2026\/04\/29\/les-menaces-de-trump-de-voler-le-petrole-iranien-sinscrivent-dans-une-longue-tradition-de-pillage-etats-unien\/#primaryimage\",\"url\":\"https:\/\/ismfrance.org\/wp-content\/uploads\/2026\/04\/iran.jpg\",\"contentUrl\":\"https:\/\/ismfrance.org\/wp-content\/uploads\/2026\/04\/iran.jpg\",\"width\":1280,\"height\":1280},{\"@type\":\"BreadcrumbList\",\"@id\":\"https:\/\/ismfrance.org\/index.php\/2026\/04\/29\/les-menaces-de-trump-de-voler-le-petrole-iranien-sinscrivent-dans-une-longue-tradition-de-pillage-etats-unien\/#breadcrumb\",\"itemListElement\":[{\"@type\":\"ListItem\",\"position\":1,\"name\":\"Accueil\",\"item\":\"https:\/\/ismfrance.org\/\"},{\"@type\":\"ListItem\",\"position\":2,\"name\":\"Les menaces de Trump de voler le p\u00e9trole iranien s&rsquo;inscrivent dans une longue tradition de pillage \u00e9tats-unien\"}]},{\"@type\":\"WebSite\",\"@id\":\"https:\/\/ismfrance.org\/#website\",\"url\":\"https:\/\/ismfrance.org\/\",\"name\":\"ISM Palestine France\",\"description\":\"Soutien aux luttes de lib\u00e9ration du peuple palestinien\",\"publisher\":{\"@id\":\"https:\/\/ismfrance.org\/#organization\"},\"potentialAction\":[{\"@type\":\"SearchAction\",\"target\":{\"@type\":\"EntryPoint\",\"urlTemplate\":\"https:\/\/ismfrance.org\/?s={search_term_string}\"},\"query-input\":{\"@type\":\"PropertyValueSpecification\",\"valueRequired\":true,\"valueName\":\"search_term_string\"}}],\"inLanguage\":\"fr-FR\"},{\"@type\":\"Organization\",\"@id\":\"https:\/\/ismfrance.org\/#organization\",\"name\":\"International Solidarity Movement\",\"url\":\"https:\/\/ismfrance.org\/\",\"logo\":{\"@type\":\"ImageObject\",\"inLanguage\":\"fr-FR\",\"@id\":\"https:\/\/ismfrance.org\/#\/schema\/logo\/image\/\",\"url\":\"https:\/\/ismfrance.org\/wp-content\/uploads\/2020\/12\/00.png\",\"contentUrl\":\"https:\/\/ismfrance.org\/wp-content\/uploads\/2020\/12\/00.png\",\"width\":400,\"height\":400,\"caption\":\"International Solidarity Movement\"},\"image\":{\"@id\":\"https:\/\/ismfrance.org\/#\/schema\/logo\/image\/\"},\"sameAs\":[\"https:\/\/x.com\/ISMFRANCE\"]},{\"@type\":\"Person\",\"@id\":\"https:\/\/ismfrance.org\/#\/schema\/person\/3c411eb72adfaae19c0dca1f41fae01d\",\"name\":\"mru_01\",\"image\":{\"@type\":\"ImageObject\",\"inLanguage\":\"fr-FR\",\"@id\":\"https:\/\/secure.gravatar.com\/avatar\/3a0be343b445d2ccc79e87444a294fad2b232e90d2051d0e3cc219e1ecd6a330?s=96&d=mm&r=g\",\"url\":\"https:\/\/secure.gravatar.com\/avatar\/3a0be343b445d2ccc79e87444a294fad2b232e90d2051d0e3cc219e1ecd6a330?s=96&d=mm&r=g\",\"contentUrl\":\"https:\/\/secure.gravatar.com\/avatar\/3a0be343b445d2ccc79e87444a294fad2b232e90d2051d0e3cc219e1ecd6a330?s=96&d=mm&r=g\",\"caption\":\"mru_01\"},\"url\":\"https:\/\/ismfrance.org\/index.php\/author\/admin02\/\"}]}<\/script>\n<!-- \/ Yoast SEO plugin. -->","yoast_head_json":{"title":"Les menaces de Trump de voler le p\u00e9trole iranien s'inscrivent dans une longue tradition de pillage \u00e9tats-unien - International Solidarity Movement - ISM-France","robots":{"index":"index","follow":"follow","max-snippet":"max-snippet:-1","max-image-preview":"max-image-preview:large","max-video-preview":"max-video-preview:-1"},"canonical":"https:\/\/ismfrance.org\/index.php\/2026\/04\/29\/les-menaces-de-trump-de-voler-le-petrole-iranien-sinscrivent-dans-une-longue-tradition-de-pillage-etats-unien\/","og_locale":"fr_FR","og_type":"article","og_title":"Les menaces de Trump de voler le p\u00e9trole iranien s'inscrivent dans une longue tradition de pillage \u00e9tats-unien - International Solidarity Movement - ISM-France","og_description":"Joseph Massad, 28 avril 2026. Depuis le d\u00e9but de l&rsquo;offensive am\u00e9ricano-isra\u00e9lienne contre l&rsquo;Iran il y a deux mois, le pr\u00e9sident des Etats-Unis Donald Trump a multipli\u00e9 les d\u00e9clarations concernant le Lire la suite &rarr;","og_url":"https:\/\/ismfrance.org\/index.php\/2026\/04\/29\/les-menaces-de-trump-de-voler-le-petrole-iranien-sinscrivent-dans-une-longue-tradition-de-pillage-etats-unien\/","og_site_name":"International Solidarity Movement - ISM-France","article_published_time":"2026-04-29T17:34:22+00:00","og_image":[{"width":1280,"height":1280,"url":"https:\/\/ismfrance.org\/wp-content\/uploads\/2026\/04\/iran.jpg","type":"image\/jpeg"}],"author":"mru_01","twitter_card":"summary_large_image","twitter_creator":"@ISMFRANCE","twitter_site":"@ISMFRANCE","twitter_misc":{"\u00c9crit par":"mru_01","Dur\u00e9e de lecture estim\u00e9e":"14 minutes"},"schema":{"@context":"https:\/\/schema.org","@graph":[{"@type":"Article","@id":"https:\/\/ismfrance.org\/index.php\/2026\/04\/29\/les-menaces-de-trump-de-voler-le-petrole-iranien-sinscrivent-dans-une-longue-tradition-de-pillage-etats-unien\/#article","isPartOf":{"@id":"https:\/\/ismfrance.org\/index.php\/2026\/04\/29\/les-menaces-de-trump-de-voler-le-petrole-iranien-sinscrivent-dans-une-longue-tradition-de-pillage-etats-unien\/"},"author":{"name":"mru_01","@id":"https:\/\/ismfrance.org\/#\/schema\/person\/3c411eb72adfaae19c0dca1f41fae01d"},"headline":"Les menaces de Trump de voler le p\u00e9trole iranien s&rsquo;inscrivent dans une longue tradition de pillage \u00e9tats-unien","datePublished":"2026-04-29T17:34:22+00:00","mainEntityOfPage":{"@id":"https:\/\/ismfrance.org\/index.php\/2026\/04\/29\/les-menaces-de-trump-de-voler-le-petrole-iranien-sinscrivent-dans-une-longue-tradition-de-pillage-etats-unien\/"},"wordCount":2973,"publisher":{"@id":"https:\/\/ismfrance.org\/#organization"},"image":{"@id":"https:\/\/ismfrance.org\/index.php\/2026\/04\/29\/les-menaces-de-trump-de-voler-le-petrole-iranien-sinscrivent-dans-une-longue-tradition-de-pillage-etats-unien\/#primaryimage"},"thumbnailUrl":"https:\/\/ismfrance.org\/wp-content\/uploads\/2026\/04\/iran.jpg","keywords":["Colonialisme de peuplement","Histoire","Imp\u00e9rialisme"],"articleSection":["Analyses","Articles"],"inLanguage":"fr-FR"},{"@type":"WebPage","@id":"https:\/\/ismfrance.org\/index.php\/2026\/04\/29\/les-menaces-de-trump-de-voler-le-petrole-iranien-sinscrivent-dans-une-longue-tradition-de-pillage-etats-unien\/","url":"https:\/\/ismfrance.org\/index.php\/2026\/04\/29\/les-menaces-de-trump-de-voler-le-petrole-iranien-sinscrivent-dans-une-longue-tradition-de-pillage-etats-unien\/","name":"Les menaces de Trump de voler le p\u00e9trole iranien s'inscrivent dans une longue tradition de pillage \u00e9tats-unien - International Solidarity Movement - ISM-France","isPartOf":{"@id":"https:\/\/ismfrance.org\/#website"},"primaryImageOfPage":{"@id":"https:\/\/ismfrance.org\/index.php\/2026\/04\/29\/les-menaces-de-trump-de-voler-le-petrole-iranien-sinscrivent-dans-une-longue-tradition-de-pillage-etats-unien\/#primaryimage"},"image":{"@id":"https:\/\/ismfrance.org\/index.php\/2026\/04\/29\/les-menaces-de-trump-de-voler-le-petrole-iranien-sinscrivent-dans-une-longue-tradition-de-pillage-etats-unien\/#primaryimage"},"thumbnailUrl":"https:\/\/ismfrance.org\/wp-content\/uploads\/2026\/04\/iran.jpg","datePublished":"2026-04-29T17:34:22+00:00","breadcrumb":{"@id":"https:\/\/ismfrance.org\/index.php\/2026\/04\/29\/les-menaces-de-trump-de-voler-le-petrole-iranien-sinscrivent-dans-une-longue-tradition-de-pillage-etats-unien\/#breadcrumb"},"inLanguage":"fr-FR","potentialAction":[{"@type":"ReadAction","target":["https:\/\/ismfrance.org\/index.php\/2026\/04\/29\/les-menaces-de-trump-de-voler-le-petrole-iranien-sinscrivent-dans-une-longue-tradition-de-pillage-etats-unien\/"]}]},{"@type":"ImageObject","inLanguage":"fr-FR","@id":"https:\/\/ismfrance.org\/index.php\/2026\/04\/29\/les-menaces-de-trump-de-voler-le-petrole-iranien-sinscrivent-dans-une-longue-tradition-de-pillage-etats-unien\/#primaryimage","url":"https:\/\/ismfrance.org\/wp-content\/uploads\/2026\/04\/iran.jpg","contentUrl":"https:\/\/ismfrance.org\/wp-content\/uploads\/2026\/04\/iran.jpg","width":1280,"height":1280},{"@type":"BreadcrumbList","@id":"https:\/\/ismfrance.org\/index.php\/2026\/04\/29\/les-menaces-de-trump-de-voler-le-petrole-iranien-sinscrivent-dans-une-longue-tradition-de-pillage-etats-unien\/#breadcrumb","itemListElement":[{"@type":"ListItem","position":1,"name":"Accueil","item":"https:\/\/ismfrance.org\/"},{"@type":"ListItem","position":2,"name":"Les menaces de Trump de voler le p\u00e9trole iranien s&rsquo;inscrivent dans une longue tradition de pillage \u00e9tats-unien"}]},{"@type":"WebSite","@id":"https:\/\/ismfrance.org\/#website","url":"https:\/\/ismfrance.org\/","name":"ISM Palestine France","description":"Soutien aux luttes de lib\u00e9ration du peuple palestinien","publisher":{"@id":"https:\/\/ismfrance.org\/#organization"},"potentialAction":[{"@type":"SearchAction","target":{"@type":"EntryPoint","urlTemplate":"https:\/\/ismfrance.org\/?s={search_term_string}"},"query-input":{"@type":"PropertyValueSpecification","valueRequired":true,"valueName":"search_term_string"}}],"inLanguage":"fr-FR"},{"@type":"Organization","@id":"https:\/\/ismfrance.org\/#organization","name":"International Solidarity Movement","url":"https:\/\/ismfrance.org\/","logo":{"@type":"ImageObject","inLanguage":"fr-FR","@id":"https:\/\/ismfrance.org\/#\/schema\/logo\/image\/","url":"https:\/\/ismfrance.org\/wp-content\/uploads\/2020\/12\/00.png","contentUrl":"https:\/\/ismfrance.org\/wp-content\/uploads\/2020\/12\/00.png","width":400,"height":400,"caption":"International Solidarity Movement"},"image":{"@id":"https:\/\/ismfrance.org\/#\/schema\/logo\/image\/"},"sameAs":["https:\/\/x.com\/ISMFRANCE"]},{"@type":"Person","@id":"https:\/\/ismfrance.org\/#\/schema\/person\/3c411eb72adfaae19c0dca1f41fae01d","name":"mru_01","image":{"@type":"ImageObject","inLanguage":"fr-FR","@id":"https:\/\/secure.gravatar.com\/avatar\/3a0be343b445d2ccc79e87444a294fad2b232e90d2051d0e3cc219e1ecd6a330?s=96&d=mm&r=g","url":"https:\/\/secure.gravatar.com\/avatar\/3a0be343b445d2ccc79e87444a294fad2b232e90d2051d0e3cc219e1ecd6a330?s=96&d=mm&r=g","contentUrl":"https:\/\/secure.gravatar.com\/avatar\/3a0be343b445d2ccc79e87444a294fad2b232e90d2051d0e3cc219e1ecd6a330?s=96&d=mm&r=g","caption":"mru_01"},"url":"https:\/\/ismfrance.org\/index.php\/author\/admin02\/"}]}},"_links":{"self":[{"href":"https:\/\/ismfrance.org\/index.php\/wp-json\/wp\/v2\/posts\/28927","targetHints":{"allow":["GET"]}}],"collection":[{"href":"https:\/\/ismfrance.org\/index.php\/wp-json\/wp\/v2\/posts"}],"about":[{"href":"https:\/\/ismfrance.org\/index.php\/wp-json\/wp\/v2\/types\/post"}],"author":[{"embeddable":true,"href":"https:\/\/ismfrance.org\/index.php\/wp-json\/wp\/v2\/users\/3"}],"replies":[{"embeddable":true,"href":"https:\/\/ismfrance.org\/index.php\/wp-json\/wp\/v2\/comments?post=28927"}],"version-history":[{"count":2,"href":"https:\/\/ismfrance.org\/index.php\/wp-json\/wp\/v2\/posts\/28927\/revisions"}],"predecessor-version":[{"id":28930,"href":"https:\/\/ismfrance.org\/index.php\/wp-json\/wp\/v2\/posts\/28927\/revisions\/28930"}],"wp:featuredmedia":[{"embeddable":true,"href":"https:\/\/ismfrance.org\/index.php\/wp-json\/wp\/v2\/media\/28929"}],"wp:attachment":[{"href":"https:\/\/ismfrance.org\/index.php\/wp-json\/wp\/v2\/media?parent=28927"}],"wp:term":[{"taxonomy":"category","embeddable":true,"href":"https:\/\/ismfrance.org\/index.php\/wp-json\/wp\/v2\/categories?post=28927"},{"taxonomy":"post_tag","embeddable":true,"href":"https:\/\/ismfrance.org\/index.php\/wp-json\/wp\/v2\/tags?post=28927"}],"curies":[{"name":"wp","href":"https:\/\/api.w.org\/{rel}","templated":true}]}}