{"id":28921,"date":"2026-04-29T10:19:13","date_gmt":"2026-04-29T08:19:13","guid":{"rendered":"https:\/\/ismfrance.org\/?p=28921"},"modified":"2026-04-29T10:20:12","modified_gmt":"2026-04-29T08:20:12","slug":"lagriculture-a-gaza-en-difficulte-les-agriculteurs-se-tournent-vers-les-dechets-alimentaires-et-le-fumier-apres-la-guerre-israelienne","status":"publish","type":"post","link":"https:\/\/ismfrance.org\/index.php\/2026\/04\/29\/lagriculture-a-gaza-en-difficulte-les-agriculteurs-se-tournent-vers-les-dechets-alimentaires-et-le-fumier-apres-la-guerre-israelienne\/","title":{"rendered":"L&rsquo;agriculture \u00e0 Gaza en difficult\u00e9 : les agriculteurs se tournent vers les d\u00e9chets alimentaires et le fumier apr\u00e8s la guerre isra\u00e9lienne"},"content":{"rendered":"<p><span style=\"color: #000000;\"><span style=\"font-family: Arial, sans-serif;\"><span style=\"font-size: medium;\"><strong>Lina Altawell, 28 avril 2026.<\/strong> Dans le contexte des cons\u00e9quences de la guerre meurtri\u00e8re et du blocus impos\u00e9s par Isra\u00ebl \u00e0 la bande de Gaza, les agriculteurs palestiniens peinent \u00e0 maintenir une production agricole minimale avec des ressources limit\u00e9es, tandis que les fondements du secteur continuent de s&rsquo;\u00e9roder.<\/span><\/span><\/span><\/p>\n<div id=\"attachment_28919\" style=\"width: 610px\" class=\"wp-caption alignnone\"><a href=\"https:\/\/ismfrance.org\/wp-content\/uploads\/2026\/04\/IMG_0401-scaled.jpg\"><img loading=\"lazy\" decoding=\"async\" aria-describedby=\"caption-attachment-28919\" class=\"wp-image-28919 size-large\" src=\"https:\/\/ismfrance.org\/wp-content\/uploads\/2026\/04\/IMG_0401-700x394.jpg\" alt=\"\" width=\"600\" height=\"338\" srcset=\"https:\/\/ismfrance.org\/wp-content\/uploads\/2026\/04\/IMG_0401-700x394.jpg 700w, https:\/\/ismfrance.org\/wp-content\/uploads\/2026\/04\/IMG_0401-300x169.jpg 300w, https:\/\/ismfrance.org\/wp-content\/uploads\/2026\/04\/IMG_0401-768x432.jpg 768w, https:\/\/ismfrance.org\/wp-content\/uploads\/2026\/04\/IMG_0401-1536x864.jpg 1536w, https:\/\/ismfrance.org\/wp-content\/uploads\/2026\/04\/IMG_0401-2048x1152.jpg 2048w\" sizes=\"auto, (max-width: 600px) 100vw, 600px\" \/><\/a><p id=\"caption-attachment-28919\" class=\"wp-caption-text\">D\u00e9but mars 2026 dans les serres de Deir al-Balah, au centre de la bande de Gaza : les agriculteurs, soutenus par l&rsquo;UJFP, renouent avec l&rsquo;espoir de r\u00e9coltes (source <a href=\"https:\/\/ismfrance.org\/index.php\/2026\/03\/04\/temoignages-de-gazaouis-la-survie-qui-sorganise-au-jour-le-jour-dans-lenfer-de-gaza-partie-663-03-03-meme-dans-les-conditions-les-plus-difficiles-l\/\">ISM-France<\/a>).<\/p><\/div>\n<p><span style=\"color: #000000;\"><span style=\"font-family: Arial, sans-serif;\"><span style=\"font-size: medium;\">Face \u00e0 l&rsquo;aggravation de la situation, la disponibilit\u00e9 des engrais et des pesticides a fortement diminu\u00e9, parall\u00e8lement \u00e0 la hausse des co\u00fbts d&rsquo;exploitation et d&rsquo;\u00e9nergie, sans compter les restrictions isra\u00e9liennes strictes sur l&rsquo;entr\u00e9e des intrants agricoles dans le territoire assi\u00e9g\u00e9.<\/span><\/span><\/span><\/p>\n<p><span style=\"color: #000000;\"><span style=\"font-family: Arial, sans-serif;\"><span style=\"font-size: medium;\">Ces difficult\u00e9s ont contraint les agriculteurs \u00e0 recourir \u00e0 des solutions alternatives locales pour continuer \u00e0 cultiver ce qui reste de leurs terres.<\/span><\/span><\/span><\/p>\n<p><span style=\"color: #000000;\"><span style=\"font-family: Arial, sans-serif;\"><span style=\"font-size: medium;\">Selon les donn\u00e9es du Bureau des m\u00e9dias du gouvernement de Gaza, plus de 94 % des terres agricoles, soit 178.000 dounams (17.800 ha), ont \u00e9t\u00e9 d\u00e9truites, entra\u00eenant une chute de la production de 405.000 tonnes \u00e0 environ 28.000 tonnes.<\/span><\/span><\/span><\/p>\n<p><span style=\"color: #000000;\"><span style=\"font-family: Arial, sans-serif;\"><span style=\"font-size: medium;\">L&rsquo;Organisation des Nations Unies pour l&rsquo;alimentation et l&rsquo;agriculture (FAO) indique que la superficie des terres arables disponibles \u00e0 Gaza est tomb\u00e9e \u00e0 moins de 5 % apr\u00e8s la guerre.<\/span><\/span><\/span><\/p>\n<p><strong><span style=\"color: #000000;\"><span style=\"font-family: Arial, sans-serif;\"><span style=\"font-size: large;\">Fumier animal<\/span><\/span><\/span><\/strong><\/p>\n<p><span style=\"color: #000000;\"><span style=\"font-family: Arial, sans-serif;\"><span style=\"font-size: medium;\">Dans la r\u00e9gion de Mawasi, \u00e0 l&rsquo;ouest de Khan Younis, dans le sud de Gaza, l&rsquo;agriculteur Mahmoud al-Shaer utilise du fumier animal et des d\u00e9chets organiques pour remplacer les engrais chimiques.<\/span><\/span><\/span><\/p>\n<p><span style=\"color: #000000;\"><span style=\"font-family: Arial, sans-serif;\"><span style=\"font-size: medium;\">\u00ab <em>J&rsquo;utilise du fumier de pigeon, de poulet et de vache. Je le fais tremper, puis je le pompe \u00e0 travers les syst\u00e8mes d&rsquo;irrigation pour le r\u00e9partir sur les terres<\/em> \u00bb, a expliqu\u00e9 M. Shaer \u00e0 l&rsquo;agence Anadolu.<\/span><\/span><\/span><\/p>\n<p><span style=\"color: #000000;\"><span style=\"font-family: Arial, sans-serif;\"><span style=\"font-size: medium;\">Le secteur de l&rsquo;\u00e9levage a subi d&rsquo;importantes destructions en raison des bombardements isra\u00e9liens et du blocus. La plupart des \u00e9levages de volailles, de bovins et d&rsquo;ovins ont \u00e9t\u00e9 endommag\u00e9s, ce qui a rar\u00e9fi\u00e9 les sources de fumier et contraint les agriculteurs \u00e0 se d\u00e9brouiller avec les moyens du bord.<\/span><\/span><\/span><\/p>\n<p><span style=\"color: #000000;\"><span style=\"font-family: Arial, sans-serif;\"><span style=\"font-size: medium;\">Isra\u00ebl impose un blocus paralysant \u00e0 Gaza depuis juin 2007, suite \u00e0 la prise de contr\u00f4le de l&rsquo;enclave par le Hamas [suite au coup d&rsquo;Etat tent\u00e9 par le Fatah apr\u00e8s la victoire du Hamas aux \u00e9lections l\u00e9gislatives de 2006, ndt], l&rsquo;isolant de la Cisjordanie et du reste du monde. Le blocus est toujours en vigueur et la guerre aggrave encore la situation humanitaire.<\/span><\/span><\/span><\/p>\n<p><span style=\"color: #000000;\"><span style=\"font-family: Arial, sans-serif;\"><span style=\"font-size: medium;\">\u00ab <i>Il n&rsquo;y a ni engrais ni produits chimiques. Nous essayons tant bien que mal de maintenir les plantes en vie<\/i> \u00bb, a d\u00e9clar\u00e9 M. Shaer, pr\u00e9cisant que ces m\u00e9thodes \u00ab <i>permettent de renforcer l\u00e9g\u00e8rement les plantes, mais ne suffisent pas \u00e0 assurer une agriculture rentable<\/i> \u00bb. Il a expliqu\u00e9 que les agriculteurs utilisent \u00e9galement les restes alimentaires et les \u00e9pluchures de l\u00e9gumes, ainsi que les d\u00e9chets animaux, pour produire un engrais organique qui am\u00e9liore les sols et favorise les cultures.<\/span><\/span><\/span><\/p>\n<p><span style=\"color: #000000;\"><span style=\"font-family: Arial, sans-serif;\"><span style=\"font-size: medium;\">Shaer a averti que le maintien des restrictions sur les approvisionnements agricoles pourrait entra\u00eener un quasi-arr\u00eat total du secteur agricole \u00e0 Gaza dans les prochains mois.<\/span><\/span><\/span><\/p>\n<p><span style=\"color: #000000;\"><span style=\"font-family: Arial, sans-serif;\"><span style=\"font-size: medium;\">Il a indiqu\u00e9 que les pesticides disponibles sont soit inefficaces, soit p\u00e9rim\u00e9s, ce qui aggrave les pertes des agriculteurs, d\u00e9j\u00e0 fortement impact\u00e9es par la hausse des co\u00fbts d&rsquo;irrigation et d&rsquo;\u00e9nergie.<\/span><\/span><\/span><\/p>\n<p><span style=\"color: #000000;\"><span style=\"font-family: Arial, sans-serif;\"><span style=\"font-size: medium;\">L&rsquo;agriculteur palestinien a \u00e9galement fait \u00e9tat des graves d\u00e9g\u00e2ts subis par son exploitation suite aux bombardements, notamment la destruction de ses poulaillers et de ses sources d&rsquo;\u00e9nergie, dans un contexte de p\u00e9nurie quasi totale de produits agricoles de base.<\/span><\/span><\/span><\/p>\n<p><span style=\"color: #000000;\"><span style=\"font-family: Arial, sans-serif;\"><span style=\"font-size: medium;\">\u00ab <i>Si quelqu&rsquo;un vous dit qu&rsquo;il sera possible de cultiver la terre l&rsquo;ann\u00e9e prochaine dans ces conditions, il ment<\/i>. \u00bb<\/span><\/span><\/span><\/p>\n<p><strong><span style=\"color: #000000;\"><span style=\"font-family: Arial, sans-serif;\"><span style=\"font-size: large;\">Crise agricole<\/span><\/span><\/span><\/strong><\/p>\n<p><span style=\"color: #000000;\"><span style=\"font-family: Arial, sans-serif;\"><span style=\"font-size: medium;\">L\u2019expert agricole Nabil Abu Shamala a d\u00e9clar\u00e9 que le secteur agricole \u00e0 Gaza conna\u00eet un effondrement g\u00e9n\u00e9ralis\u00e9 en raison de la destruction des infrastructures.<\/span><\/span><\/span><\/p>\n<p><span style=\"color: #000000;\"><span style=\"font-family: Arial, sans-serif;\"><span style=\"font-size: medium;\">\u00ab <i>Seuls 7 % environ des terres agricoles restent cultiv\u00e9es <\/i>\u00bb, tandis qu\u2019Isra\u00ebl en contr\u00f4le pr\u00e8s de 60 %, ce qui limite consid\u00e9rablement la capacit\u00e9 des agriculteurs \u00e0 les exploiter, a-t-il indiqu\u00e9 \u00e0 l\u2019agence Anadolu.<\/span><\/span><\/span><\/p>\n<p><span style=\"color: #000000;\"><span style=\"font-family: Arial, sans-serif;\"><span style=\"font-size: medium;\">Il a ajout\u00e9 que la destruction des puits agricoles et des syst\u00e8mes d\u2019\u00e9nergie solaire, ainsi que les restrictions sur les intrants essentiels, ont fait exploser les co\u00fbts de production de plus de 1.000 %.<\/span><\/span><\/span><\/p>\n<p><span style=\"color: #000000;\"><span style=\"font-family: Arial, sans-serif;\"><span style=\"font-size: medium;\">M. Abu Shamala a pr\u00e9cis\u00e9 que ces conditions ont directement affect\u00e9 les prix agricoles et r\u00e9duit le pouvoir d\u2019achat, compromettant la s\u00e9curit\u00e9 alimentaire et le niveau de vie.<\/span><\/span><\/span><\/p>\n<p><span style=\"color: #000000;\"><span style=\"font-family: Arial, sans-serif;\"><span style=\"font-size: medium;\">Le 17 octobre 2025, l\u2019agence des Nations Unies pour les r\u00e9fugi\u00e9s de Palestine dans le Proche-Orient (UNRWA) a d\u00e9clar\u00e9 que la quasi-totalit\u00e9 des terres agricoles de Gaza \u00e9tait \u00ab <i>d\u00e9truite ou inaccessible<\/i> \u00bb, privant les familles de leurs principales sources de revenus et faisant grimper les prix des denr\u00e9es alimentaires \u00e0 des niveaux sans pr\u00e9c\u00e9dent apr\u00e8s deux ann\u00e9es de guerre.<\/span><\/span><\/span><\/p>\n<p><span style=\"color: #000000;\"><span style=\"font-family: Arial, sans-serif;\"><span style=\"font-size: medium;\">M. Abu Shamala a indiqu\u00e9 que l\u2019utilisation d\u2019engrais organiques est une tentative d\u2019adaptation \u00e0 la crise, mais que son impact \u00ab <i>reste limit\u00e9 et insuffisant pour sauver le secteur<\/i> \u00bb. D\u2019apr\u00e8s un rapport statistique publi\u00e9 le 6 octobre 2025 par le Bureau des m\u00e9dias du gouvernement de Gaza, le secteur agricole a subi des pertes d\u2019environ 2,8 milliards de dollars en raison de deux ann\u00e9es de guerre.<\/span><\/span><\/span><\/p>\n<p><span style=\"color: #000000;\"><span style=\"font-family: Arial, sans-serif;\"><span style=\"font-size: medium;\">L\u2019arm\u00e9e isra\u00e9lienne a \u00e9galement d\u00e9truit 1\u00a0233 puits agricoles, les rendant inutilisables, et plus de 85\u00a0% des serres, selon la m\u00eame source.<\/span><\/span><\/span><\/p>\n<p><span style=\"color: #000000;\"><span style=\"font-family: Arial, sans-serif;\"><span style=\"font-size: medium;\">Le 8 octobre 2023, Isra\u00ebl a lanc\u00e9 une guerre g\u00e9nocidaire qui a fait plus de 72\u00a0000 morts et plus de 172\u00a0000 bless\u00e9s palestiniens, principalement des femmes et des enfants, et a provoqu\u00e9 des destructions massives affectant environ 90\u00a0% des infrastructures civiles.<\/span><\/span><\/span><\/p>\n<p><em><strong><span style=\"color: #000000;\"><span style=\"font-family: Arial, sans-serif;\"><span style=\"font-size: medium;\">Article original en anglais sur <a href=\"https:\/\/www.aa.com.tr\/en\/middle-east\/gaza-agriculture-struggles-as-farmers-turn-to-food-waste-animal-manure-after-israeli-war\/3920491\">Anadolu Agency<\/a> \/ Traduction MR<\/span><\/span><\/span><\/strong><\/em><\/p>\n","protected":false},"excerpt":{"rendered":"<p>Lina Altawell, 28 avril 2026. Dans le contexte des cons\u00e9quences de la guerre meurtri\u00e8re et du blocus impos\u00e9s par Isra\u00ebl \u00e0 la bande de Gaza, les agriculteurs palestiniens peinent \u00e0 <a class=\"more-link\" href=\"https:\/\/ismfrance.org\/index.php\/2026\/04\/29\/lagriculture-a-gaza-en-difficulte-les-agriculteurs-se-tournent-vers-les-dechets-alimentaires-et-le-fumier-apres-la-guerre-israelienne\/\">Lire la suite &rarr;<\/a><\/p>\n","protected":false},"author":3,"featured_media":28919,"comment_status":"closed","ping_status":"closed","sticky":false,"template":"","format":"standard","meta":{"footnotes":""},"categories":[12,2],"tags":[139],"class_list":["post-28921","post","type-post","status-publish","format-standard","has-post-thumbnail","hentry","category-analyses","category-articles","tag-agriculture"],"yoast_head":"<!-- This site is optimized with the Yoast SEO plugin v27.2 - https:\/\/yoast.com\/product\/yoast-seo-wordpress\/ -->\n<title>L&#039;agriculture \u00e0 Gaza en difficult\u00e9 : les agriculteurs se tournent vers les d\u00e9chets alimentaires et le fumier apr\u00e8s la guerre isra\u00e9lienne - International Solidarity Movement - ISM-France<\/title>\n<meta name=\"robots\" content=\"index, follow, max-snippet:-1, max-image-preview:large, max-video-preview:-1\" \/>\n<link rel=\"canonical\" href=\"https:\/\/ismfrance.org\/index.php\/2026\/04\/29\/lagriculture-a-gaza-en-difficulte-les-agriculteurs-se-tournent-vers-les-dechets-alimentaires-et-le-fumier-apres-la-guerre-israelienne\/\" \/>\n<meta property=\"og:locale\" content=\"fr_FR\" \/>\n<meta property=\"og:type\" content=\"article\" \/>\n<meta property=\"og:title\" content=\"L&#039;agriculture \u00e0 Gaza en difficult\u00e9 : les agriculteurs se tournent vers les d\u00e9chets alimentaires et le fumier apr\u00e8s la guerre isra\u00e9lienne - International Solidarity Movement - ISM-France\" \/>\n<meta property=\"og:description\" content=\"Lina Altawell, 28 avril 2026. Dans le contexte des cons\u00e9quences de la guerre meurtri\u00e8re et du blocus impos\u00e9s par Isra\u00ebl \u00e0 la bande de Gaza, les agriculteurs palestiniens peinent \u00e0 Lire la suite &rarr;\" \/>\n<meta property=\"og:url\" content=\"https:\/\/ismfrance.org\/index.php\/2026\/04\/29\/lagriculture-a-gaza-en-difficulte-les-agriculteurs-se-tournent-vers-les-dechets-alimentaires-et-le-fumier-apres-la-guerre-israelienne\/\" \/>\n<meta property=\"og:site_name\" content=\"International Solidarity Movement - ISM-France\" \/>\n<meta property=\"article:published_time\" content=\"2026-04-29T08:19:13+00:00\" \/>\n<meta property=\"article:modified_time\" content=\"2026-04-29T08:20:12+00:00\" \/>\n<meta property=\"og:image\" content=\"https:\/\/ismfrance.org\/wp-content\/uploads\/2026\/04\/IMG_0401-scaled.jpg\" \/>\n\t<meta property=\"og:image:width\" content=\"2560\" \/>\n\t<meta property=\"og:image:height\" content=\"1440\" \/>\n\t<meta property=\"og:image:type\" content=\"image\/jpeg\" \/>\n<meta name=\"author\" content=\"mru_01\" \/>\n<meta name=\"twitter:card\" content=\"summary_large_image\" \/>\n<meta name=\"twitter:creator\" content=\"@ISMFRANCE\" \/>\n<meta name=\"twitter:site\" content=\"@ISMFRANCE\" \/>\n<meta name=\"twitter:label1\" content=\"\u00c9crit par\" \/>\n\t<meta name=\"twitter:data1\" content=\"mru_01\" \/>\n\t<meta name=\"twitter:label2\" content=\"Dur\u00e9e de lecture estim\u00e9e\" \/>\n\t<meta name=\"twitter:data2\" content=\"6 minutes\" \/>\n<script type=\"application\/ld+json\" class=\"yoast-schema-graph\">{\"@context\":\"https:\/\/schema.org\",\"@graph\":[{\"@type\":\"Article\",\"@id\":\"https:\/\/ismfrance.org\/index.php\/2026\/04\/29\/lagriculture-a-gaza-en-difficulte-les-agriculteurs-se-tournent-vers-les-dechets-alimentaires-et-le-fumier-apres-la-guerre-israelienne\/#article\",\"isPartOf\":{\"@id\":\"https:\/\/ismfrance.org\/index.php\/2026\/04\/29\/lagriculture-a-gaza-en-difficulte-les-agriculteurs-se-tournent-vers-les-dechets-alimentaires-et-le-fumier-apres-la-guerre-israelienne\/\"},\"author\":{\"name\":\"mru_01\",\"@id\":\"https:\/\/ismfrance.org\/#\/schema\/person\/3c411eb72adfaae19c0dca1f41fae01d\"},\"headline\":\"L&rsquo;agriculture \u00e0 Gaza en difficult\u00e9 : les agriculteurs se tournent vers les d\u00e9chets alimentaires et le fumier apr\u00e8s la guerre isra\u00e9lienne\",\"datePublished\":\"2026-04-29T08:19:13+00:00\",\"dateModified\":\"2026-04-29T08:20:12+00:00\",\"mainEntityOfPage\":{\"@id\":\"https:\/\/ismfrance.org\/index.php\/2026\/04\/29\/lagriculture-a-gaza-en-difficulte-les-agriculteurs-se-tournent-vers-les-dechets-alimentaires-et-le-fumier-apres-la-guerre-israelienne\/\"},\"wordCount\":993,\"publisher\":{\"@id\":\"https:\/\/ismfrance.org\/#organization\"},\"image\":{\"@id\":\"https:\/\/ismfrance.org\/index.php\/2026\/04\/29\/lagriculture-a-gaza-en-difficulte-les-agriculteurs-se-tournent-vers-les-dechets-alimentaires-et-le-fumier-apres-la-guerre-israelienne\/#primaryimage\"},\"thumbnailUrl\":\"https:\/\/ismfrance.org\/wp-content\/uploads\/2026\/04\/IMG_0401-scaled.jpg\",\"keywords\":[\"Agriculture\"],\"articleSection\":[\"Analyses\",\"Articles\"],\"inLanguage\":\"fr-FR\"},{\"@type\":\"WebPage\",\"@id\":\"https:\/\/ismfrance.org\/index.php\/2026\/04\/29\/lagriculture-a-gaza-en-difficulte-les-agriculteurs-se-tournent-vers-les-dechets-alimentaires-et-le-fumier-apres-la-guerre-israelienne\/\",\"url\":\"https:\/\/ismfrance.org\/index.php\/2026\/04\/29\/lagriculture-a-gaza-en-difficulte-les-agriculteurs-se-tournent-vers-les-dechets-alimentaires-et-le-fumier-apres-la-guerre-israelienne\/\",\"name\":\"L'agriculture \u00e0 Gaza en difficult\u00e9 : les agriculteurs se tournent vers les d\u00e9chets alimentaires et le fumier apr\u00e8s la guerre isra\u00e9lienne - International Solidarity Movement - ISM-France\",\"isPartOf\":{\"@id\":\"https:\/\/ismfrance.org\/#website\"},\"primaryImageOfPage\":{\"@id\":\"https:\/\/ismfrance.org\/index.php\/2026\/04\/29\/lagriculture-a-gaza-en-difficulte-les-agriculteurs-se-tournent-vers-les-dechets-alimentaires-et-le-fumier-apres-la-guerre-israelienne\/#primaryimage\"},\"image\":{\"@id\":\"https:\/\/ismfrance.org\/index.php\/2026\/04\/29\/lagriculture-a-gaza-en-difficulte-les-agriculteurs-se-tournent-vers-les-dechets-alimentaires-et-le-fumier-apres-la-guerre-israelienne\/#primaryimage\"},\"thumbnailUrl\":\"https:\/\/ismfrance.org\/wp-content\/uploads\/2026\/04\/IMG_0401-scaled.jpg\",\"datePublished\":\"2026-04-29T08:19:13+00:00\",\"dateModified\":\"2026-04-29T08:20:12+00:00\",\"breadcrumb\":{\"@id\":\"https:\/\/ismfrance.org\/index.php\/2026\/04\/29\/lagriculture-a-gaza-en-difficulte-les-agriculteurs-se-tournent-vers-les-dechets-alimentaires-et-le-fumier-apres-la-guerre-israelienne\/#breadcrumb\"},\"inLanguage\":\"fr-FR\",\"potentialAction\":[{\"@type\":\"ReadAction\",\"target\":[\"https:\/\/ismfrance.org\/index.php\/2026\/04\/29\/lagriculture-a-gaza-en-difficulte-les-agriculteurs-se-tournent-vers-les-dechets-alimentaires-et-le-fumier-apres-la-guerre-israelienne\/\"]}]},{\"@type\":\"ImageObject\",\"inLanguage\":\"fr-FR\",\"@id\":\"https:\/\/ismfrance.org\/index.php\/2026\/04\/29\/lagriculture-a-gaza-en-difficulte-les-agriculteurs-se-tournent-vers-les-dechets-alimentaires-et-le-fumier-apres-la-guerre-israelienne\/#primaryimage\",\"url\":\"https:\/\/ismfrance.org\/wp-content\/uploads\/2026\/04\/IMG_0401-scaled.jpg\",\"contentUrl\":\"https:\/\/ismfrance.org\/wp-content\/uploads\/2026\/04\/IMG_0401-scaled.jpg\",\"width\":2560,\"height\":1440},{\"@type\":\"BreadcrumbList\",\"@id\":\"https:\/\/ismfrance.org\/index.php\/2026\/04\/29\/lagriculture-a-gaza-en-difficulte-les-agriculteurs-se-tournent-vers-les-dechets-alimentaires-et-le-fumier-apres-la-guerre-israelienne\/#breadcrumb\",\"itemListElement\":[{\"@type\":\"ListItem\",\"position\":1,\"name\":\"Accueil\",\"item\":\"https:\/\/ismfrance.org\/\"},{\"@type\":\"ListItem\",\"position\":2,\"name\":\"L&rsquo;agriculture \u00e0 Gaza en difficult\u00e9 : les agriculteurs se tournent vers les d\u00e9chets alimentaires et le fumier apr\u00e8s la guerre isra\u00e9lienne\"}]},{\"@type\":\"WebSite\",\"@id\":\"https:\/\/ismfrance.org\/#website\",\"url\":\"https:\/\/ismfrance.org\/\",\"name\":\"ISM Palestine France\",\"description\":\"Soutien aux luttes de lib\u00e9ration du peuple palestinien\",\"publisher\":{\"@id\":\"https:\/\/ismfrance.org\/#organization\"},\"potentialAction\":[{\"@type\":\"SearchAction\",\"target\":{\"@type\":\"EntryPoint\",\"urlTemplate\":\"https:\/\/ismfrance.org\/?s={search_term_string}\"},\"query-input\":{\"@type\":\"PropertyValueSpecification\",\"valueRequired\":true,\"valueName\":\"search_term_string\"}}],\"inLanguage\":\"fr-FR\"},{\"@type\":\"Organization\",\"@id\":\"https:\/\/ismfrance.org\/#organization\",\"name\":\"International Solidarity Movement\",\"url\":\"https:\/\/ismfrance.org\/\",\"logo\":{\"@type\":\"ImageObject\",\"inLanguage\":\"fr-FR\",\"@id\":\"https:\/\/ismfrance.org\/#\/schema\/logo\/image\/\",\"url\":\"https:\/\/ismfrance.org\/wp-content\/uploads\/2020\/12\/00.png\",\"contentUrl\":\"https:\/\/ismfrance.org\/wp-content\/uploads\/2020\/12\/00.png\",\"width\":400,\"height\":400,\"caption\":\"International Solidarity Movement\"},\"image\":{\"@id\":\"https:\/\/ismfrance.org\/#\/schema\/logo\/image\/\"},\"sameAs\":[\"https:\/\/x.com\/ISMFRANCE\"]},{\"@type\":\"Person\",\"@id\":\"https:\/\/ismfrance.org\/#\/schema\/person\/3c411eb72adfaae19c0dca1f41fae01d\",\"name\":\"mru_01\",\"image\":{\"@type\":\"ImageObject\",\"inLanguage\":\"fr-FR\",\"@id\":\"https:\/\/secure.gravatar.com\/avatar\/3a0be343b445d2ccc79e87444a294fad2b232e90d2051d0e3cc219e1ecd6a330?s=96&d=mm&r=g\",\"url\":\"https:\/\/secure.gravatar.com\/avatar\/3a0be343b445d2ccc79e87444a294fad2b232e90d2051d0e3cc219e1ecd6a330?s=96&d=mm&r=g\",\"contentUrl\":\"https:\/\/secure.gravatar.com\/avatar\/3a0be343b445d2ccc79e87444a294fad2b232e90d2051d0e3cc219e1ecd6a330?s=96&d=mm&r=g\",\"caption\":\"mru_01\"},\"url\":\"https:\/\/ismfrance.org\/index.php\/author\/admin02\/\"}]}<\/script>\n<!-- \/ Yoast SEO plugin. -->","yoast_head_json":{"title":"L'agriculture \u00e0 Gaza en difficult\u00e9 : les agriculteurs se tournent vers les d\u00e9chets alimentaires et le fumier apr\u00e8s la guerre isra\u00e9lienne - International Solidarity Movement - ISM-France","robots":{"index":"index","follow":"follow","max-snippet":"max-snippet:-1","max-image-preview":"max-image-preview:large","max-video-preview":"max-video-preview:-1"},"canonical":"https:\/\/ismfrance.org\/index.php\/2026\/04\/29\/lagriculture-a-gaza-en-difficulte-les-agriculteurs-se-tournent-vers-les-dechets-alimentaires-et-le-fumier-apres-la-guerre-israelienne\/","og_locale":"fr_FR","og_type":"article","og_title":"L'agriculture \u00e0 Gaza en difficult\u00e9 : les agriculteurs se tournent vers les d\u00e9chets alimentaires et le fumier apr\u00e8s la guerre isra\u00e9lienne - International Solidarity Movement - ISM-France","og_description":"Lina Altawell, 28 avril 2026. Dans le contexte des cons\u00e9quences de la guerre meurtri\u00e8re et du blocus impos\u00e9s par Isra\u00ebl \u00e0 la bande de Gaza, les agriculteurs palestiniens peinent \u00e0 Lire la suite &rarr;","og_url":"https:\/\/ismfrance.org\/index.php\/2026\/04\/29\/lagriculture-a-gaza-en-difficulte-les-agriculteurs-se-tournent-vers-les-dechets-alimentaires-et-le-fumier-apres-la-guerre-israelienne\/","og_site_name":"International Solidarity Movement - ISM-France","article_published_time":"2026-04-29T08:19:13+00:00","article_modified_time":"2026-04-29T08:20:12+00:00","og_image":[{"width":2560,"height":1440,"url":"https:\/\/ismfrance.org\/wp-content\/uploads\/2026\/04\/IMG_0401-scaled.jpg","type":"image\/jpeg"}],"author":"mru_01","twitter_card":"summary_large_image","twitter_creator":"@ISMFRANCE","twitter_site":"@ISMFRANCE","twitter_misc":{"\u00c9crit par":"mru_01","Dur\u00e9e de lecture estim\u00e9e":"6 minutes"},"schema":{"@context":"https:\/\/schema.org","@graph":[{"@type":"Article","@id":"https:\/\/ismfrance.org\/index.php\/2026\/04\/29\/lagriculture-a-gaza-en-difficulte-les-agriculteurs-se-tournent-vers-les-dechets-alimentaires-et-le-fumier-apres-la-guerre-israelienne\/#article","isPartOf":{"@id":"https:\/\/ismfrance.org\/index.php\/2026\/04\/29\/lagriculture-a-gaza-en-difficulte-les-agriculteurs-se-tournent-vers-les-dechets-alimentaires-et-le-fumier-apres-la-guerre-israelienne\/"},"author":{"name":"mru_01","@id":"https:\/\/ismfrance.org\/#\/schema\/person\/3c411eb72adfaae19c0dca1f41fae01d"},"headline":"L&rsquo;agriculture \u00e0 Gaza en difficult\u00e9 : les agriculteurs se tournent vers les d\u00e9chets alimentaires et le fumier apr\u00e8s la guerre isra\u00e9lienne","datePublished":"2026-04-29T08:19:13+00:00","dateModified":"2026-04-29T08:20:12+00:00","mainEntityOfPage":{"@id":"https:\/\/ismfrance.org\/index.php\/2026\/04\/29\/lagriculture-a-gaza-en-difficulte-les-agriculteurs-se-tournent-vers-les-dechets-alimentaires-et-le-fumier-apres-la-guerre-israelienne\/"},"wordCount":993,"publisher":{"@id":"https:\/\/ismfrance.org\/#organization"},"image":{"@id":"https:\/\/ismfrance.org\/index.php\/2026\/04\/29\/lagriculture-a-gaza-en-difficulte-les-agriculteurs-se-tournent-vers-les-dechets-alimentaires-et-le-fumier-apres-la-guerre-israelienne\/#primaryimage"},"thumbnailUrl":"https:\/\/ismfrance.org\/wp-content\/uploads\/2026\/04\/IMG_0401-scaled.jpg","keywords":["Agriculture"],"articleSection":["Analyses","Articles"],"inLanguage":"fr-FR"},{"@type":"WebPage","@id":"https:\/\/ismfrance.org\/index.php\/2026\/04\/29\/lagriculture-a-gaza-en-difficulte-les-agriculteurs-se-tournent-vers-les-dechets-alimentaires-et-le-fumier-apres-la-guerre-israelienne\/","url":"https:\/\/ismfrance.org\/index.php\/2026\/04\/29\/lagriculture-a-gaza-en-difficulte-les-agriculteurs-se-tournent-vers-les-dechets-alimentaires-et-le-fumier-apres-la-guerre-israelienne\/","name":"L'agriculture \u00e0 Gaza en difficult\u00e9 : les agriculteurs se tournent vers les d\u00e9chets alimentaires et le fumier apr\u00e8s la guerre isra\u00e9lienne - International Solidarity Movement - ISM-France","isPartOf":{"@id":"https:\/\/ismfrance.org\/#website"},"primaryImageOfPage":{"@id":"https:\/\/ismfrance.org\/index.php\/2026\/04\/29\/lagriculture-a-gaza-en-difficulte-les-agriculteurs-se-tournent-vers-les-dechets-alimentaires-et-le-fumier-apres-la-guerre-israelienne\/#primaryimage"},"image":{"@id":"https:\/\/ismfrance.org\/index.php\/2026\/04\/29\/lagriculture-a-gaza-en-difficulte-les-agriculteurs-se-tournent-vers-les-dechets-alimentaires-et-le-fumier-apres-la-guerre-israelienne\/#primaryimage"},"thumbnailUrl":"https:\/\/ismfrance.org\/wp-content\/uploads\/2026\/04\/IMG_0401-scaled.jpg","datePublished":"2026-04-29T08:19:13+00:00","dateModified":"2026-04-29T08:20:12+00:00","breadcrumb":{"@id":"https:\/\/ismfrance.org\/index.php\/2026\/04\/29\/lagriculture-a-gaza-en-difficulte-les-agriculteurs-se-tournent-vers-les-dechets-alimentaires-et-le-fumier-apres-la-guerre-israelienne\/#breadcrumb"},"inLanguage":"fr-FR","potentialAction":[{"@type":"ReadAction","target":["https:\/\/ismfrance.org\/index.php\/2026\/04\/29\/lagriculture-a-gaza-en-difficulte-les-agriculteurs-se-tournent-vers-les-dechets-alimentaires-et-le-fumier-apres-la-guerre-israelienne\/"]}]},{"@type":"ImageObject","inLanguage":"fr-FR","@id":"https:\/\/ismfrance.org\/index.php\/2026\/04\/29\/lagriculture-a-gaza-en-difficulte-les-agriculteurs-se-tournent-vers-les-dechets-alimentaires-et-le-fumier-apres-la-guerre-israelienne\/#primaryimage","url":"https:\/\/ismfrance.org\/wp-content\/uploads\/2026\/04\/IMG_0401-scaled.jpg","contentUrl":"https:\/\/ismfrance.org\/wp-content\/uploads\/2026\/04\/IMG_0401-scaled.jpg","width":2560,"height":1440},{"@type":"BreadcrumbList","@id":"https:\/\/ismfrance.org\/index.php\/2026\/04\/29\/lagriculture-a-gaza-en-difficulte-les-agriculteurs-se-tournent-vers-les-dechets-alimentaires-et-le-fumier-apres-la-guerre-israelienne\/#breadcrumb","itemListElement":[{"@type":"ListItem","position":1,"name":"Accueil","item":"https:\/\/ismfrance.org\/"},{"@type":"ListItem","position":2,"name":"L&rsquo;agriculture \u00e0 Gaza en difficult\u00e9 : les agriculteurs se tournent vers les d\u00e9chets alimentaires et le fumier apr\u00e8s la guerre isra\u00e9lienne"}]},{"@type":"WebSite","@id":"https:\/\/ismfrance.org\/#website","url":"https:\/\/ismfrance.org\/","name":"ISM Palestine France","description":"Soutien aux luttes de lib\u00e9ration du peuple palestinien","publisher":{"@id":"https:\/\/ismfrance.org\/#organization"},"potentialAction":[{"@type":"SearchAction","target":{"@type":"EntryPoint","urlTemplate":"https:\/\/ismfrance.org\/?s={search_term_string}"},"query-input":{"@type":"PropertyValueSpecification","valueRequired":true,"valueName":"search_term_string"}}],"inLanguage":"fr-FR"},{"@type":"Organization","@id":"https:\/\/ismfrance.org\/#organization","name":"International Solidarity Movement","url":"https:\/\/ismfrance.org\/","logo":{"@type":"ImageObject","inLanguage":"fr-FR","@id":"https:\/\/ismfrance.org\/#\/schema\/logo\/image\/","url":"https:\/\/ismfrance.org\/wp-content\/uploads\/2020\/12\/00.png","contentUrl":"https:\/\/ismfrance.org\/wp-content\/uploads\/2020\/12\/00.png","width":400,"height":400,"caption":"International Solidarity Movement"},"image":{"@id":"https:\/\/ismfrance.org\/#\/schema\/logo\/image\/"},"sameAs":["https:\/\/x.com\/ISMFRANCE"]},{"@type":"Person","@id":"https:\/\/ismfrance.org\/#\/schema\/person\/3c411eb72adfaae19c0dca1f41fae01d","name":"mru_01","image":{"@type":"ImageObject","inLanguage":"fr-FR","@id":"https:\/\/secure.gravatar.com\/avatar\/3a0be343b445d2ccc79e87444a294fad2b232e90d2051d0e3cc219e1ecd6a330?s=96&d=mm&r=g","url":"https:\/\/secure.gravatar.com\/avatar\/3a0be343b445d2ccc79e87444a294fad2b232e90d2051d0e3cc219e1ecd6a330?s=96&d=mm&r=g","contentUrl":"https:\/\/secure.gravatar.com\/avatar\/3a0be343b445d2ccc79e87444a294fad2b232e90d2051d0e3cc219e1ecd6a330?s=96&d=mm&r=g","caption":"mru_01"},"url":"https:\/\/ismfrance.org\/index.php\/author\/admin02\/"}]}},"_links":{"self":[{"href":"https:\/\/ismfrance.org\/index.php\/wp-json\/wp\/v2\/posts\/28921","targetHints":{"allow":["GET"]}}],"collection":[{"href":"https:\/\/ismfrance.org\/index.php\/wp-json\/wp\/v2\/posts"}],"about":[{"href":"https:\/\/ismfrance.org\/index.php\/wp-json\/wp\/v2\/types\/post"}],"author":[{"embeddable":true,"href":"https:\/\/ismfrance.org\/index.php\/wp-json\/wp\/v2\/users\/3"}],"replies":[{"embeddable":true,"href":"https:\/\/ismfrance.org\/index.php\/wp-json\/wp\/v2\/comments?post=28921"}],"version-history":[{"count":5,"href":"https:\/\/ismfrance.org\/index.php\/wp-json\/wp\/v2\/posts\/28921\/revisions"}],"predecessor-version":[{"id":28926,"href":"https:\/\/ismfrance.org\/index.php\/wp-json\/wp\/v2\/posts\/28921\/revisions\/28926"}],"wp:featuredmedia":[{"embeddable":true,"href":"https:\/\/ismfrance.org\/index.php\/wp-json\/wp\/v2\/media\/28919"}],"wp:attachment":[{"href":"https:\/\/ismfrance.org\/index.php\/wp-json\/wp\/v2\/media?parent=28921"}],"wp:term":[{"taxonomy":"category","embeddable":true,"href":"https:\/\/ismfrance.org\/index.php\/wp-json\/wp\/v2\/categories?post=28921"},{"taxonomy":"post_tag","embeddable":true,"href":"https:\/\/ismfrance.org\/index.php\/wp-json\/wp\/v2\/tags?post=28921"}],"curies":[{"name":"wp","href":"https:\/\/api.w.org\/{rel}","templated":true}]}}