{"id":28890,"date":"2026-04-28T14:26:00","date_gmt":"2026-04-28T12:26:00","guid":{"rendered":"https:\/\/ismfrance.org\/?p=28890"},"modified":"2026-04-28T15:03:44","modified_gmt":"2026-04-28T13:03:44","slug":"cheikh-qassem-les-jours-de-lennemi-sur-notre-terre-sont-comptes-les-negociations-directes-sont-vaines","status":"publish","type":"post","link":"https:\/\/ismfrance.org\/index.php\/2026\/04\/28\/cheikh-qassem-les-jours-de-lennemi-sur-notre-terre-sont-comptes-les-negociations-directes-sont-vaines\/","title":{"rendered":"Cheikh Qassem\u00a0: \u00ab\u00a0Les jours de l&rsquo;ennemi sur notre terre sont compt\u00e9s ; les n\u00e9gociations directes sont vaines\u00a0\u00bb"},"content":{"rendered":"<p><span style=\"color: #000000;\"><span style=\"font-family: Arial, sans-serif;\"><span style=\"font-size: medium;\"><strong>Al Mayadeen, 27 avril 2026.<\/strong> Le secr\u00e9taire g\u00e9n\u00e9ral du Hezbollah, Cheikh Na\u00efm Qassem, a d\u00e9clar\u00e9 lundi que l&rsquo;occupation isra\u00e9lienne \u00ab <i>ne subsistera pas sur un seul pouce de notre terre occup\u00e9e, et notre peuple retournera sur ses terres<\/i> \u00bb.<\/span><\/span><\/span><\/p>\n<div id=\"attachment_28895\" style=\"width: 610px\" class=\"wp-caption aligncenter\"><a href=\"https:\/\/ismfrance.org\/wp-content\/uploads\/2026\/04\/notif.jpg\"><img loading=\"lazy\" decoding=\"async\" aria-describedby=\"caption-attachment-28895\" class=\"size-large wp-image-28895\" src=\"https:\/\/ismfrance.org\/wp-content\/uploads\/2026\/04\/notif-700x394.jpg\" alt=\"\" width=\"600\" height=\"338\" srcset=\"https:\/\/ismfrance.org\/wp-content\/uploads\/2026\/04\/notif-700x394.jpg 700w, https:\/\/ismfrance.org\/wp-content\/uploads\/2026\/04\/notif-300x169.jpg 300w, https:\/\/ismfrance.org\/wp-content\/uploads\/2026\/04\/notif-768x432.jpg 768w, https:\/\/ismfrance.org\/wp-content\/uploads\/2026\/04\/notif.jpg 1280w\" sizes=\"auto, (max-width: 600px) 100vw, 600px\" \/><\/a><p id=\"caption-attachment-28895\" class=\"wp-caption-text\">28 avril 2026, 11h30. L&rsquo;arm\u00e9e d&rsquo;occupation isra\u00e9lienne vient de publier cet avis en arabe ordonnant aux habitants de 16 villages et villes du sud du Liban de quitter imm\u00e9diatement leurs maisons et de se diriger vers la ville de Sa\u00efda, invoquant une pr\u00e9tendue violation du cessez-le-feu par le Hezbollah. Source <a href=\"https:\/\/x.com\/QudsNen\/status\/2049058415310229549\">Quds News Network<\/a>.<\/p><\/div>\n<p><span style=\"color: #000000;\"><span style=\"font-family: Arial, sans-serif;\"><span style=\"font-size: medium;\">S&rsquo;adressant \u00e0 la communaut\u00e9 de la r\u00e9sistance, il a d\u00e9clar\u00e9 : \u00ab <i>\u00d4 notre peuple, de m\u00eame que nous avons r\u00e9sist\u00e9 ensemble, nous reconstruirons ensemble<\/i>. \u00bb<\/span><\/span><\/span><\/p>\n<p><span style=\"color: #000000;\"><span style=\"font-family: Arial, sans-serif;\"><span style=\"font-size: medium;\">Cheikh Qassem a soulign\u00e9 que la cl\u00e9 de la solution \u00e0 la situation actuelle au Liban r\u00e9side dans l&rsquo;obtention des cinq points, avant toute autre chose.<\/span><\/span><\/span><\/p>\n<p><span style=\"color: #000000;\"><span style=\"font-family: Arial, sans-serif;\"><span style=\"font-size: medium;\">Les cinq revendications sont les suivantes\u00a0:<\/span><\/span><\/span><\/p>\n<p><span style=\"color: #000000;\">\u25ba<span style=\"font-family: Arial, sans-serif;\"><span style=\"font-size: medium;\">La fin de l\u2019agression isra\u00e9lienne par voie terrestre, maritime et a\u00e9rienne<\/span><\/span><\/span><\/p>\n<p><span style=\"color: #000000;\">\u25ba<span style=\"font-family: Arial, sans-serif;\"><span style=\"font-size: medium;\">Le retrait d\u2019\u00a0\u00bbIsra\u00ebl\u00a0\u00bb de tout le territoire libanais occup\u00e9<\/span><\/span><\/span><\/p>\n<p><span style=\"color: #000000;\">\u25ba<span style=\"font-family: Arial, sans-serif;\"><span style=\"font-size: medium;\">La lib\u00e9ration de tous les d\u00e9tenus<\/span><\/span><\/span><\/p>\n<p><span style=\"color: #000000;\">\u25ba<span style=\"font-family: Arial, sans-serif;\"><span style=\"font-size: medium;\">Le retour des personnes d\u00e9plac\u00e9es dans leurs villes et villages<\/span><\/span><\/span><\/p>\n<p><span style=\"color: #000000;\">\u25ba<span style=\"font-family: Arial, sans-serif;\"><span style=\"font-size: medium;\">La reconstruction.<\/span><\/span><\/span><\/p>\n<p><span style=\"color: #000000;\"><span style=\"font-family: Arial, sans-serif;\"><span style=\"font-size: medium;\">Il a dit que l\u2019ennemi isra\u00e9lien, \u00ab\u00a0<i>soutenu par le tyran am\u00e9ricain<\/i>\u00a0\u00bb, avait pari\u00e9 sur l\u2019\u00e9limination de la R\u00e9sistance islamique et de sa communaut\u00e9, mais que malgr\u00e9 le recours \u00e0 tous les moyens possibles, il avait \u00e9chou\u00e9 depuis le lancement de l\u2019op\u00e9ration \u00ab\u00a0Peuple Puissant\u00a0\u00bb le 23\u00a0septembre\u00a02024.<\/span><\/span><\/span><\/p>\n<p><span style=\"color: #000000;\"><span style=\"font-family: Arial, sans-serif;\"><span style=\"font-size: medium;\">Le cheikh Qassem a affirm\u00e9 que l\u2019ennemi avait fait un pari d\u00e9cisif le 2 mars 2026, mais que les combattants de la R\u00e9sistance l\u2019avaient affront\u00e9 lors de la bataille de la Paille M\u00e2ch\u00e9e, surprenant non seulement \u00ab\u00a0Isra\u00ebl\u00a0\u00bb et ses alli\u00e9s, mais aussi le monde entier par leur r\u00e9silience, leur courage et leur d\u00e9termination, ainsi que par des tactiques diversifi\u00e9es et efficaces, un commandement disciplin\u00e9 et une unit\u00e9 populaire in\u00e9branlable malgr\u00e9 les d\u00e9placements de population et les lourdes pertes.<\/span><\/span><\/span><\/p>\n<p><span style=\"color: #000000;\"><span style=\"font-family: Arial, sans-serif;\"><span style=\"font-size: medium;\">Cette d\u00e9termination, a-t-il conclu, a accul\u00e9 l\u2019ennemi dans une impasse. \u00ab <i>Cette r\u00e9sistance est tenace, puissante et invincible<\/i> \u00bb, a-t-il soulign\u00e9.<\/span><\/span><\/span><\/p>\n<p><strong><em><span style=\"color: #000000;\"><span style=\"font-family: Arial, sans-serif;\"><span style=\"font-size: large;\">\u00ab Une concession humiliante\u2026 l\u2019autorit\u00e9 doit retourner aupr\u00e8s de son peuple. \u00bb<\/span><\/span><\/span><\/em><\/strong><\/p>\n<p><span style=\"color: #000000;\"><span style=\"font-family: Arial, sans-serif;\"><span style=\"font-size: medium;\">Dans ce contexte de fermet\u00e9, le cheikh Qassem a critiqu\u00e9 les autorit\u00e9s libanaises pour s\u2019\u00eatre pr\u00e9cipit\u00e9es dans une \u00ab <i>concession gratuite et humiliante<\/i> \u00bb, inutile et qui \u00e9quivaut \u00e0 une \u00ab <i>soumission sans contrepartie<\/i> \u00bb.<\/span><\/span><\/span><\/p>\n<p><span style=\"color: #000000;\"><span style=\"font-family: Arial, sans-serif;\"><span style=\"font-size: medium;\">Il a r\u00e9it\u00e9r\u00e9 son rejet cat\u00e9gorique des n\u00e9gociations directes, avertissant que la conduite des autorit\u00e9s \u00ab <i>ne servira ni le Liban ni elles-m\u00eames<\/i> \u00bb, ajoutant que \u00ab <i>ce que l\u2019ennemi isra\u00e9lo-am\u00e9ricain veut d\u2019elles [les autorit\u00e9s libanaises] ne leur appartient pas, et ce qu\u2019elles [les autorit\u00e9s libanaises] recherchent aupr\u00e8s de [l\u2019ennemi isra\u00e9lo-am\u00e9ricain] ne leur sera pas accord\u00e9<\/i> \u00bb.<\/span><\/span><\/span><\/p>\n<p><span style=\"color: #000000;\"><span style=\"font-family: Arial, sans-serif;\"><span style=\"font-size: medium;\">Le cheikh Qassem a soulign\u00e9 que les dirigeants actuels \u00ab <i>ne peuvent continuer ainsi \u00e0 renoncer aux droits du Liban, \u00e0 c\u00e9der des terres et \u00e0 s&rsquo;opposer \u00e0 leur propre peuple <\/i>\u00bb, les exhortant \u00e0 revenir \u00e0 une gouvernance fond\u00e9e sur l&rsquo;ensemble de la nation et non sur une faction, en s&rsquo;appuyant sur le consensus qui sous-tend l&rsquo;Accord de Ta\u00ebf et la Constitution libanaise. Il a ajout\u00e9 que les autorit\u00e9s doivent corriger leurs \u00ab <i>graves erreurs<\/i> \u00bb, interrompre les pourparlers directs avec Isra\u00ebl au profit de n\u00e9gociations indirectes et abroger la d\u00e9cision du 2 mars criminalisant la r\u00e9sistance et ses partisans, qui repr\u00e9sentent plus de la moiti\u00e9 de la population libanaise, afin de permettre un v\u00e9ritable dialogue interne, libre de toute pression ext\u00e9rieure.<\/span><\/span><\/span><\/p>\n<p><strong><span style=\"color: #000000;\"><span style=\"font-family: Arial, sans-serif;\"><span style=\"font-size: large;\">\u00ab <em>Nous ne d\u00e9poserons pas les armes.<\/em> \u00bb<\/span><\/span><\/span><\/strong><\/p>\n<p><span style=\"color: #000000;\"><span style=\"font-family: Arial, sans-serif;\"><span style=\"font-size: medium;\">Le cheikh Qassem a expliqu\u00e9 que les armes de la r\u00e9sistance sont de nature d\u00e9fensive, destin\u00e9es \u00e0 repousser l&rsquo;agression, et non \u00e0 en \u00eatre la cause.<\/span><\/span><\/span><\/p>\n<p><span style=\"color: #000000;\"><span style=\"font-family: Arial, sans-serif;\"><span style=\"font-size: medium;\">Il a ajout\u00e9 que le v\u00e9ritable objectif de l&rsquo;agression est d\u00e9sormais clair pour tous\u00a0: \u00ab\u00a0<i>l&rsquo;occupation du Liban dans le cadre d&rsquo;un pr\u00e9tendu projet de \u00ab\u00a0Grand Isra\u00ebl\u00a0\u00bb<\/i>\u00a0\u00bb, et c&rsquo;est pr\u00e9cis\u00e9ment contre cet objectif que les armes de la r\u00e9sistance restent, \u00e0 ce stade, essentielles \u00e0 sa survie.<\/span><\/span><\/span><\/p>\n<p><span style=\"color: #000000;\"><span style=\"font-family: Arial, sans-serif;\"><span style=\"font-size: medium;\">Reconnaissant l&rsquo;ampleur du sacrifice, il a pr\u00e9sent\u00e9 le choix sans d\u00e9tour\u00a0: \u00ab\u00a0<i>La lib\u00e9ration et la dignit\u00e9, ou l&rsquo;occupation et l&rsquo;humiliation, et l&rsquo;humiliation n&rsquo;est pas une option pour nous<\/i>.\u00bb<\/span><\/span><\/span><\/p>\n<p><span style=\"color: #000000;\"><span style=\"font-family: Arial, sans-serif;\"><span style=\"font-size: medium;\">Il a r\u00e9affirm\u00e9 que la r\u00e9sistance ne d\u00e9sarmera pas, d\u00e9clarant que l&rsquo;\u00e9volution de la situation sur le terrain a d\u00e9montr\u00e9 sa disposition au sacrifice, ajoutant que de tels sacrifices sont \u00ab<i>\u00a0le prix de la lib\u00e9ration et d&rsquo;une vie digne\u00a0<\/i>\u00bb.<\/span><\/span><\/span><\/p>\n<p><strong><span style=\"color: #000000;\"><span style=\"font-family: Arial, sans-serif;\"><span style=\"font-size: large;\">\u00ab <em>Pas de cessez-le-feu sans l&rsquo;Iran<\/em> \u00bb<\/span><\/span><\/span><\/strong><\/p>\n<p><span style=\"color: #000000;\"><span style=\"font-family: Arial, sans-serif;\"><span style=\"font-size: medium;\">Le cheikh Qassem a critiqu\u00e9 les partisans de la capitulation, affirmant qu&rsquo;ils \u00ab <i>ne sont pas directement vis\u00e9s, mais profitent des souffrances d&rsquo;autrui <\/i>\u00bb, se contentant de \u00ab <i>miettes de pouvoir et de gains mineurs<\/i> \u00bb au prix de la destruction de leurs compatriotes et de l&rsquo;occupation d&rsquo;une partie de leur patrie. Il a appel\u00e9 au retour \u00e0 l&rsquo;unit\u00e9 nationale, arguant que c&rsquo;est la voie vers la victoire collective et la d\u00e9faite de l&rsquo;ennemi.<\/span><\/span><\/span><\/p>\n<p><span style=\"color: #000000;\"><span style=\"font-family: Arial, sans-serif;\"><span style=\"font-size: medium;\">Il a attribu\u00e9 le cessez-le-feu au r\u00f4le de l&rsquo;Iran lors des n\u00e9gociations \u00e0 Islamabad, suite \u00e0 la \u00ab <i>d\u00e9termination l\u00e9gendaire<\/i> \u00bb de la r\u00e9sistance et du peuple libanais.<\/span><\/span><\/span><\/p>\n<p><span style=\"color: #000000;\"><span style=\"font-family: Arial, sans-serif;\"><span style=\"font-size: medium;\">Il a remis en question la position des autorit\u00e9s, soutenant que toute proposition de cessez-le-feu, quel que soit le m\u00e9diateur, devrait \u00eatre accept\u00e9e, tout en insistant sur le fait que seul le Liban peut n\u00e9gocier ses propres conditions.<\/span><\/span><\/span><\/p>\n<p><strong><span style=\"color: #000000;\"><span style=\"font-family: Arial, sans-serif;\"><span style=\"font-size: large;\">\u00ab <em>Un jour de honte \u00e0 Washington<\/em> \u00bb<\/span><\/span><\/span><\/strong><\/p>\n<p><span style=\"color: #000000;\"><span style=\"font-family: Arial, sans-serif;\"><span style=\"font-size: medium;\">Le cheikh Qassem a \u00e9voqu\u00e9 le \u00ab Mercredi noir \u00bb, jour o\u00f9 l&rsquo;occupation isra\u00e9lienne a lanc\u00e9 200 frappes a\u00e9riennes sur Beyrouth et le Liban en dix minutes, tuant plus de 300 civils et en blessant plus de 1.200, sous pr\u00e9texte que les autorit\u00e9s libanaises ne respectaient pas le cessez-le-feu.<\/span><\/span><\/span><\/p>\n<p><span style=\"color: #000000;\"><span style=\"font-family: Arial, sans-serif;\"><span style=\"font-size: medium;\">Ce qui a suivi, a-t-il affirm\u00e9, fut pire encore. Des responsables libanais ont rencontr\u00e9 directement l&rsquo;ennemi \u00e0 Washington lors de ce qui fut \u00ab <i>un jour de honte<\/i> \u00bb, \u00e0 la suite duquel le d\u00e9partement d&rsquo;\u00c9tat am\u00e9ricain a annonc\u00e9 que les autorit\u00e9s libanaises avaient sign\u00e9 un accord, sans m\u00eame se r\u00e9unir.<\/span><\/span><\/span><\/p>\n<p><span style=\"color: #000000;\"><span style=\"font-family: Arial, sans-serif;\"><span style=\"font-size: medium;\">Les termes de cet accord imposaient un cessez-le-feu unilat\u00e9ral au Liban tout en autorisant Isra\u00ebl \u00e0 poursuivre son agression. L&rsquo;accord comprenait \u00e9galement la reconnaissance, par les deux gouvernements, de la n\u00e9cessit\u00e9 de contenir les activit\u00e9s de la r\u00e9sistance et celles d&rsquo;autres groupes qualifi\u00e9s de \u00ab <i>groupes dissidents<\/i> \u00bb.<\/span><\/span><\/span><\/p>\n<p><span style=\"color: #000000;\"><span style=\"font-family: Arial, sans-serif;\"><span style=\"font-size: medium;\">Le cheikh Qassem s&rsquo;est alors demand\u00e9 si le pouvoir en place avait choisi de s&rsquo;allier \u00e0 l&rsquo;ennemi isra\u00e9lien contre son propre peuple. Il a n\u00e9anmoins exprim\u00e9 l&rsquo;espoir qu&rsquo;ils changeraient de cap, r\u00e9v\u00e9lant que les n\u00e9gociations directes et leurs r\u00e9sultats sont \u00ab <i>nuls et non avenus pour nous et ne nous concernent en aucune fa\u00e7on<\/i> \u00bb.<\/span><\/span><\/span><\/p>\n<p><strong><span style=\"color: #000000;\"><span style=\"font-family: Arial, sans-serif;\"><span style=\"font-size: large;\">Cheikh Qassem r\u00e9affirme la fermet\u00e9 de la r\u00e9sistance<\/span><\/span><\/span><\/strong><\/p>\n<p><span style=\"color: #000000;\"><span style=\"font-family: Arial, sans-serif;\"><span style=\"font-size: medium;\">Cheikh Qassem a affirm\u00e9 que la r\u00e9sistance continuera de d\u00e9fendre le Liban et son peuple, promettant qu&rsquo;il n&rsquo;y aura \u00ab <i>aucun retour \u00e0 la situation d&rsquo;avant le 2 mars<\/i> \u00bb. Il a promis que la r\u00e9sistance continuera de \u00ab <i>r\u00e9pondre \u00e0 l&rsquo;agression isra\u00e9lienne et de la combattre. Quelles que soient les menaces, nous ne reculerons pas, nous ne plierons pas et nous ne serons pas vaincus. <\/i>\u00bb<\/span><\/span><\/span><\/p>\n<p><span style=\"color: #000000;\"><span style=\"font-family: Arial, sans-serif;\"><span style=\"font-size: medium;\">S&rsquo;adressant \u00e0 \u00ab\u00a0Isra\u00ebl\u00a0\u00bb, il a d\u00e9clar\u00e9 : \u00ab <i>Menacez autant que vous le souhaitez. Les hommes de Dieu sur le terrain ne plieront pas.<\/i> \u00bb<\/span><\/span><\/span><\/p>\n<p><span style=\"color: #000000;\"><span style=\"font-family: Arial, sans-serif;\"><span style=\"font-size: medium;\">Il a affirm\u00e9 son unit\u00e9 avec le Mouvement Amal, les forces politiques nationales et les personnalit\u00e9s de toutes les r\u00e9gions et confessions du Liban.<\/span><\/span><\/span><\/p>\n<p><span style=\"color: #000000;\"><span style=\"font-family: Arial, sans-serif;\"><span style=\"font-size: medium;\">Cheikh Qassem a jur\u00e9 que la r\u00e9sistance ne trahirait pas le sang de ses martyrs, \u00ab <i>au premier rang desquels le ma\u00eetre des martyrs de la nation, Sayyed Hassan Nasrallah, ainsi que Sayyed Hashem Safieddine et tous les martyrs<\/i> \u00bb, ni les blessures des bless\u00e9s, les souffrances des d\u00e9tenus, ni les sacrifices des d\u00e9plac\u00e9s. <\/span><\/span><\/span><\/p>\n<p><span style=\"color: #000000;\"><span style=\"font-family: Arial, sans-serif;\"><span style=\"font-size: medium;\">Concernant les capacit\u00e9s de la r\u00e9sistance, le cheikh Qassem a rejet\u00e9 toute mesure temporelle, pr\u00e9cisant\u00a0: \u00ab\u00a0<i>Elles ne se mesurent ni en mois ni en ann\u00e9es. Elles reposent sur trois piliers\u00a0: la foi, la volont\u00e9 et les capacit\u00e9s, et ces piliers sont in\u00e9puisables,<\/i>\u00bb citant \u00e0 la fois la r\u00e9silience des combattants et le soutien divin, avant de conclure en saluant tout soutien \u00e0 la lib\u00e9ration et \u00e0 la reconstruction du Liban, tout en rejetant ceux qui servent les int\u00e9r\u00eats de l\u2019ennemi.<\/span><\/span><\/span><\/p>\n<p><em><strong><span style=\"color: #000000;\"><span style=\"font-family: Arial, sans-serif;\"><span style=\"font-size: medium;\">Article original sur <a href=\"https:\/\/english.almayadeen.net\/news\/politics\/enemy-s-days-on-our-land-limited--direct-talks--null--void\">Al Mayadeen<\/a> \/ Traduction MR<\/span><\/span><\/span><\/strong><\/em><\/p>\n","protected":false},"excerpt":{"rendered":"<p>Al Mayadeen, 27 avril 2026. Le secr\u00e9taire g\u00e9n\u00e9ral du Hezbollah, Cheikh Na\u00efm Qassem, a d\u00e9clar\u00e9 lundi que l&rsquo;occupation isra\u00e9lienne \u00ab ne subsistera pas sur un seul pouce de notre terre <a class=\"more-link\" href=\"https:\/\/ismfrance.org\/index.php\/2026\/04\/28\/cheikh-qassem-les-jours-de-lennemi-sur-notre-terre-sont-comptes-les-negociations-directes-sont-vaines\/\">Lire la suite &rarr;<\/a><\/p>\n","protected":false},"author":3,"featured_media":28895,"comment_status":"closed","ping_status":"closed","sticky":false,"template":"","format":"standard","meta":{"footnotes":""},"categories":[12,2],"tags":[228,76],"class_list":["post-28890","post","type-post","status-publish","format-standard","has-post-thumbnail","hentry","category-analyses","category-articles","tag-axe-de-la-resistance","tag-liban"],"yoast_head":"<!-- This site is optimized with the Yoast SEO plugin v27.2 - https:\/\/yoast.com\/product\/yoast-seo-wordpress\/ -->\n<title>Cheikh Qassem\u00a0: \u00ab\u00a0Les jours de l&#039;ennemi sur notre terre sont compt\u00e9s ; les n\u00e9gociations directes sont vaines\u00a0\u00bb - International Solidarity Movement - ISM-France<\/title>\n<meta name=\"robots\" content=\"index, follow, max-snippet:-1, max-image-preview:large, max-video-preview:-1\" \/>\n<link rel=\"canonical\" href=\"https:\/\/ismfrance.org\/index.php\/2026\/04\/28\/cheikh-qassem-les-jours-de-lennemi-sur-notre-terre-sont-comptes-les-negociations-directes-sont-vaines\/\" \/>\n<meta property=\"og:locale\" content=\"fr_FR\" \/>\n<meta property=\"og:type\" content=\"article\" \/>\n<meta property=\"og:title\" content=\"Cheikh Qassem\u00a0: \u00ab\u00a0Les jours de l&#039;ennemi sur notre terre sont compt\u00e9s ; les n\u00e9gociations directes sont vaines\u00a0\u00bb - International Solidarity Movement - ISM-France\" \/>\n<meta property=\"og:description\" content=\"Al Mayadeen, 27 avril 2026. Le secr\u00e9taire g\u00e9n\u00e9ral du Hezbollah, Cheikh Na\u00efm Qassem, a d\u00e9clar\u00e9 lundi que l&rsquo;occupation isra\u00e9lienne \u00ab ne subsistera pas sur un seul pouce de notre terre Lire la suite &rarr;\" \/>\n<meta property=\"og:url\" content=\"https:\/\/ismfrance.org\/index.php\/2026\/04\/28\/cheikh-qassem-les-jours-de-lennemi-sur-notre-terre-sont-comptes-les-negociations-directes-sont-vaines\/\" \/>\n<meta property=\"og:site_name\" content=\"International Solidarity Movement - ISM-France\" \/>\n<meta property=\"article:published_time\" content=\"2026-04-28T12:26:00+00:00\" \/>\n<meta property=\"article:modified_time\" content=\"2026-04-28T13:03:44+00:00\" \/>\n<meta property=\"og:image\" content=\"https:\/\/ismfrance.org\/wp-content\/uploads\/2026\/04\/notif.jpg\" \/>\n\t<meta property=\"og:image:width\" content=\"1280\" \/>\n\t<meta property=\"og:image:height\" content=\"720\" \/>\n\t<meta property=\"og:image:type\" content=\"image\/jpeg\" \/>\n<meta name=\"author\" content=\"mru_01\" \/>\n<meta name=\"twitter:card\" content=\"summary_large_image\" \/>\n<meta name=\"twitter:creator\" content=\"@ISMFRANCE\" \/>\n<meta name=\"twitter:site\" content=\"@ISMFRANCE\" \/>\n<meta name=\"twitter:label1\" content=\"\u00c9crit par\" \/>\n\t<meta name=\"twitter:data1\" content=\"mru_01\" \/>\n\t<meta name=\"twitter:label2\" content=\"Dur\u00e9e de lecture estim\u00e9e\" \/>\n\t<meta name=\"twitter:data2\" content=\"8 minutes\" \/>\n<script type=\"application\/ld+json\" class=\"yoast-schema-graph\">{\"@context\":\"https:\/\/schema.org\",\"@graph\":[{\"@type\":\"Article\",\"@id\":\"https:\/\/ismfrance.org\/index.php\/2026\/04\/28\/cheikh-qassem-les-jours-de-lennemi-sur-notre-terre-sont-comptes-les-negociations-directes-sont-vaines\/#article\",\"isPartOf\":{\"@id\":\"https:\/\/ismfrance.org\/index.php\/2026\/04\/28\/cheikh-qassem-les-jours-de-lennemi-sur-notre-terre-sont-comptes-les-negociations-directes-sont-vaines\/\"},\"author\":{\"name\":\"mru_01\",\"@id\":\"https:\/\/ismfrance.org\/#\/schema\/person\/3c411eb72adfaae19c0dca1f41fae01d\"},\"headline\":\"Cheikh Qassem\u00a0: \u00ab\u00a0Les jours de l&rsquo;ennemi sur notre terre sont compt\u00e9s ; les n\u00e9gociations directes sont vaines\u00a0\u00bb\",\"datePublished\":\"2026-04-28T12:26:00+00:00\",\"dateModified\":\"2026-04-28T13:03:44+00:00\",\"mainEntityOfPage\":{\"@id\":\"https:\/\/ismfrance.org\/index.php\/2026\/04\/28\/cheikh-qassem-les-jours-de-lennemi-sur-notre-terre-sont-comptes-les-negociations-directes-sont-vaines\/\"},\"wordCount\":1473,\"publisher\":{\"@id\":\"https:\/\/ismfrance.org\/#organization\"},\"image\":{\"@id\":\"https:\/\/ismfrance.org\/index.php\/2026\/04\/28\/cheikh-qassem-les-jours-de-lennemi-sur-notre-terre-sont-comptes-les-negociations-directes-sont-vaines\/#primaryimage\"},\"thumbnailUrl\":\"https:\/\/ismfrance.org\/wp-content\/uploads\/2026\/04\/notif.jpg\",\"keywords\":[\"Axe de la R\u00e9sistance\",\"Liban\"],\"articleSection\":[\"Analyses\",\"Articles\"],\"inLanguage\":\"fr-FR\"},{\"@type\":\"WebPage\",\"@id\":\"https:\/\/ismfrance.org\/index.php\/2026\/04\/28\/cheikh-qassem-les-jours-de-lennemi-sur-notre-terre-sont-comptes-les-negociations-directes-sont-vaines\/\",\"url\":\"https:\/\/ismfrance.org\/index.php\/2026\/04\/28\/cheikh-qassem-les-jours-de-lennemi-sur-notre-terre-sont-comptes-les-negociations-directes-sont-vaines\/\",\"name\":\"Cheikh Qassem\u00a0: \u00ab\u00a0Les jours de l'ennemi sur notre terre sont compt\u00e9s ; les n\u00e9gociations directes sont vaines\u00a0\u00bb - International Solidarity Movement - ISM-France\",\"isPartOf\":{\"@id\":\"https:\/\/ismfrance.org\/#website\"},\"primaryImageOfPage\":{\"@id\":\"https:\/\/ismfrance.org\/index.php\/2026\/04\/28\/cheikh-qassem-les-jours-de-lennemi-sur-notre-terre-sont-comptes-les-negociations-directes-sont-vaines\/#primaryimage\"},\"image\":{\"@id\":\"https:\/\/ismfrance.org\/index.php\/2026\/04\/28\/cheikh-qassem-les-jours-de-lennemi-sur-notre-terre-sont-comptes-les-negociations-directes-sont-vaines\/#primaryimage\"},\"thumbnailUrl\":\"https:\/\/ismfrance.org\/wp-content\/uploads\/2026\/04\/notif.jpg\",\"datePublished\":\"2026-04-28T12:26:00+00:00\",\"dateModified\":\"2026-04-28T13:03:44+00:00\",\"breadcrumb\":{\"@id\":\"https:\/\/ismfrance.org\/index.php\/2026\/04\/28\/cheikh-qassem-les-jours-de-lennemi-sur-notre-terre-sont-comptes-les-negociations-directes-sont-vaines\/#breadcrumb\"},\"inLanguage\":\"fr-FR\",\"potentialAction\":[{\"@type\":\"ReadAction\",\"target\":[\"https:\/\/ismfrance.org\/index.php\/2026\/04\/28\/cheikh-qassem-les-jours-de-lennemi-sur-notre-terre-sont-comptes-les-negociations-directes-sont-vaines\/\"]}]},{\"@type\":\"ImageObject\",\"inLanguage\":\"fr-FR\",\"@id\":\"https:\/\/ismfrance.org\/index.php\/2026\/04\/28\/cheikh-qassem-les-jours-de-lennemi-sur-notre-terre-sont-comptes-les-negociations-directes-sont-vaines\/#primaryimage\",\"url\":\"https:\/\/ismfrance.org\/wp-content\/uploads\/2026\/04\/notif.jpg\",\"contentUrl\":\"https:\/\/ismfrance.org\/wp-content\/uploads\/2026\/04\/notif.jpg\",\"width\":1280,\"height\":720,\"caption\":\"L'arm\u00e9e d'occupation isra\u00e9lienne a publi\u00e9 un avis en arabe mena\u00e7ant la population de 16 villages et villes du sud du Liban de quitter imm\u00e9diatement leurs maisons et de se diriger vers la ville de Sa\u00efda, invoquant pr\u00e9tendument une violation du cessez-le-feu par le Hezbollah.\"},{\"@type\":\"BreadcrumbList\",\"@id\":\"https:\/\/ismfrance.org\/index.php\/2026\/04\/28\/cheikh-qassem-les-jours-de-lennemi-sur-notre-terre-sont-comptes-les-negociations-directes-sont-vaines\/#breadcrumb\",\"itemListElement\":[{\"@type\":\"ListItem\",\"position\":1,\"name\":\"Accueil\",\"item\":\"https:\/\/ismfrance.org\/\"},{\"@type\":\"ListItem\",\"position\":2,\"name\":\"Cheikh Qassem\u00a0: \u00ab\u00a0Les jours de l&rsquo;ennemi sur notre terre sont compt\u00e9s ; les n\u00e9gociations directes sont vaines\u00a0\u00bb\"}]},{\"@type\":\"WebSite\",\"@id\":\"https:\/\/ismfrance.org\/#website\",\"url\":\"https:\/\/ismfrance.org\/\",\"name\":\"ISM Palestine France\",\"description\":\"Soutien aux luttes de lib\u00e9ration du peuple palestinien\",\"publisher\":{\"@id\":\"https:\/\/ismfrance.org\/#organization\"},\"potentialAction\":[{\"@type\":\"SearchAction\",\"target\":{\"@type\":\"EntryPoint\",\"urlTemplate\":\"https:\/\/ismfrance.org\/?s={search_term_string}\"},\"query-input\":{\"@type\":\"PropertyValueSpecification\",\"valueRequired\":true,\"valueName\":\"search_term_string\"}}],\"inLanguage\":\"fr-FR\"},{\"@type\":\"Organization\",\"@id\":\"https:\/\/ismfrance.org\/#organization\",\"name\":\"International Solidarity Movement\",\"url\":\"https:\/\/ismfrance.org\/\",\"logo\":{\"@type\":\"ImageObject\",\"inLanguage\":\"fr-FR\",\"@id\":\"https:\/\/ismfrance.org\/#\/schema\/logo\/image\/\",\"url\":\"https:\/\/ismfrance.org\/wp-content\/uploads\/2020\/12\/00.png\",\"contentUrl\":\"https:\/\/ismfrance.org\/wp-content\/uploads\/2020\/12\/00.png\",\"width\":400,\"height\":400,\"caption\":\"International Solidarity Movement\"},\"image\":{\"@id\":\"https:\/\/ismfrance.org\/#\/schema\/logo\/image\/\"},\"sameAs\":[\"https:\/\/x.com\/ISMFRANCE\"]},{\"@type\":\"Person\",\"@id\":\"https:\/\/ismfrance.org\/#\/schema\/person\/3c411eb72adfaae19c0dca1f41fae01d\",\"name\":\"mru_01\",\"image\":{\"@type\":\"ImageObject\",\"inLanguage\":\"fr-FR\",\"@id\":\"https:\/\/secure.gravatar.com\/avatar\/3a0be343b445d2ccc79e87444a294fad2b232e90d2051d0e3cc219e1ecd6a330?s=96&d=mm&r=g\",\"url\":\"https:\/\/secure.gravatar.com\/avatar\/3a0be343b445d2ccc79e87444a294fad2b232e90d2051d0e3cc219e1ecd6a330?s=96&d=mm&r=g\",\"contentUrl\":\"https:\/\/secure.gravatar.com\/avatar\/3a0be343b445d2ccc79e87444a294fad2b232e90d2051d0e3cc219e1ecd6a330?s=96&d=mm&r=g\",\"caption\":\"mru_01\"},\"url\":\"https:\/\/ismfrance.org\/index.php\/author\/admin02\/\"}]}<\/script>\n<!-- \/ Yoast SEO plugin. -->","yoast_head_json":{"title":"Cheikh Qassem\u00a0: \u00ab\u00a0Les jours de l'ennemi sur notre terre sont compt\u00e9s ; les n\u00e9gociations directes sont vaines\u00a0\u00bb - International Solidarity Movement - ISM-France","robots":{"index":"index","follow":"follow","max-snippet":"max-snippet:-1","max-image-preview":"max-image-preview:large","max-video-preview":"max-video-preview:-1"},"canonical":"https:\/\/ismfrance.org\/index.php\/2026\/04\/28\/cheikh-qassem-les-jours-de-lennemi-sur-notre-terre-sont-comptes-les-negociations-directes-sont-vaines\/","og_locale":"fr_FR","og_type":"article","og_title":"Cheikh Qassem\u00a0: \u00ab\u00a0Les jours de l'ennemi sur notre terre sont compt\u00e9s ; les n\u00e9gociations directes sont vaines\u00a0\u00bb - International Solidarity Movement - ISM-France","og_description":"Al Mayadeen, 27 avril 2026. Le secr\u00e9taire g\u00e9n\u00e9ral du Hezbollah, Cheikh Na\u00efm Qassem, a d\u00e9clar\u00e9 lundi que l&rsquo;occupation isra\u00e9lienne \u00ab ne subsistera pas sur un seul pouce de notre terre Lire la suite &rarr;","og_url":"https:\/\/ismfrance.org\/index.php\/2026\/04\/28\/cheikh-qassem-les-jours-de-lennemi-sur-notre-terre-sont-comptes-les-negociations-directes-sont-vaines\/","og_site_name":"International Solidarity Movement - ISM-France","article_published_time":"2026-04-28T12:26:00+00:00","article_modified_time":"2026-04-28T13:03:44+00:00","og_image":[{"width":1280,"height":720,"url":"https:\/\/ismfrance.org\/wp-content\/uploads\/2026\/04\/notif.jpg","type":"image\/jpeg"}],"author":"mru_01","twitter_card":"summary_large_image","twitter_creator":"@ISMFRANCE","twitter_site":"@ISMFRANCE","twitter_misc":{"\u00c9crit par":"mru_01","Dur\u00e9e de lecture estim\u00e9e":"8 minutes"},"schema":{"@context":"https:\/\/schema.org","@graph":[{"@type":"Article","@id":"https:\/\/ismfrance.org\/index.php\/2026\/04\/28\/cheikh-qassem-les-jours-de-lennemi-sur-notre-terre-sont-comptes-les-negociations-directes-sont-vaines\/#article","isPartOf":{"@id":"https:\/\/ismfrance.org\/index.php\/2026\/04\/28\/cheikh-qassem-les-jours-de-lennemi-sur-notre-terre-sont-comptes-les-negociations-directes-sont-vaines\/"},"author":{"name":"mru_01","@id":"https:\/\/ismfrance.org\/#\/schema\/person\/3c411eb72adfaae19c0dca1f41fae01d"},"headline":"Cheikh Qassem\u00a0: \u00ab\u00a0Les jours de l&rsquo;ennemi sur notre terre sont compt\u00e9s ; les n\u00e9gociations directes sont vaines\u00a0\u00bb","datePublished":"2026-04-28T12:26:00+00:00","dateModified":"2026-04-28T13:03:44+00:00","mainEntityOfPage":{"@id":"https:\/\/ismfrance.org\/index.php\/2026\/04\/28\/cheikh-qassem-les-jours-de-lennemi-sur-notre-terre-sont-comptes-les-negociations-directes-sont-vaines\/"},"wordCount":1473,"publisher":{"@id":"https:\/\/ismfrance.org\/#organization"},"image":{"@id":"https:\/\/ismfrance.org\/index.php\/2026\/04\/28\/cheikh-qassem-les-jours-de-lennemi-sur-notre-terre-sont-comptes-les-negociations-directes-sont-vaines\/#primaryimage"},"thumbnailUrl":"https:\/\/ismfrance.org\/wp-content\/uploads\/2026\/04\/notif.jpg","keywords":["Axe de la R\u00e9sistance","Liban"],"articleSection":["Analyses","Articles"],"inLanguage":"fr-FR"},{"@type":"WebPage","@id":"https:\/\/ismfrance.org\/index.php\/2026\/04\/28\/cheikh-qassem-les-jours-de-lennemi-sur-notre-terre-sont-comptes-les-negociations-directes-sont-vaines\/","url":"https:\/\/ismfrance.org\/index.php\/2026\/04\/28\/cheikh-qassem-les-jours-de-lennemi-sur-notre-terre-sont-comptes-les-negociations-directes-sont-vaines\/","name":"Cheikh Qassem\u00a0: \u00ab\u00a0Les jours de l'ennemi sur notre terre sont compt\u00e9s ; les n\u00e9gociations directes sont vaines\u00a0\u00bb - International Solidarity Movement - ISM-France","isPartOf":{"@id":"https:\/\/ismfrance.org\/#website"},"primaryImageOfPage":{"@id":"https:\/\/ismfrance.org\/index.php\/2026\/04\/28\/cheikh-qassem-les-jours-de-lennemi-sur-notre-terre-sont-comptes-les-negociations-directes-sont-vaines\/#primaryimage"},"image":{"@id":"https:\/\/ismfrance.org\/index.php\/2026\/04\/28\/cheikh-qassem-les-jours-de-lennemi-sur-notre-terre-sont-comptes-les-negociations-directes-sont-vaines\/#primaryimage"},"thumbnailUrl":"https:\/\/ismfrance.org\/wp-content\/uploads\/2026\/04\/notif.jpg","datePublished":"2026-04-28T12:26:00+00:00","dateModified":"2026-04-28T13:03:44+00:00","breadcrumb":{"@id":"https:\/\/ismfrance.org\/index.php\/2026\/04\/28\/cheikh-qassem-les-jours-de-lennemi-sur-notre-terre-sont-comptes-les-negociations-directes-sont-vaines\/#breadcrumb"},"inLanguage":"fr-FR","potentialAction":[{"@type":"ReadAction","target":["https:\/\/ismfrance.org\/index.php\/2026\/04\/28\/cheikh-qassem-les-jours-de-lennemi-sur-notre-terre-sont-comptes-les-negociations-directes-sont-vaines\/"]}]},{"@type":"ImageObject","inLanguage":"fr-FR","@id":"https:\/\/ismfrance.org\/index.php\/2026\/04\/28\/cheikh-qassem-les-jours-de-lennemi-sur-notre-terre-sont-comptes-les-negociations-directes-sont-vaines\/#primaryimage","url":"https:\/\/ismfrance.org\/wp-content\/uploads\/2026\/04\/notif.jpg","contentUrl":"https:\/\/ismfrance.org\/wp-content\/uploads\/2026\/04\/notif.jpg","width":1280,"height":720,"caption":"L'arm\u00e9e d'occupation isra\u00e9lienne a publi\u00e9 un avis en arabe mena\u00e7ant la population de 16 villages et villes du sud du Liban de quitter imm\u00e9diatement leurs maisons et de se diriger vers la ville de Sa\u00efda, invoquant pr\u00e9tendument une violation du cessez-le-feu par le Hezbollah."},{"@type":"BreadcrumbList","@id":"https:\/\/ismfrance.org\/index.php\/2026\/04\/28\/cheikh-qassem-les-jours-de-lennemi-sur-notre-terre-sont-comptes-les-negociations-directes-sont-vaines\/#breadcrumb","itemListElement":[{"@type":"ListItem","position":1,"name":"Accueil","item":"https:\/\/ismfrance.org\/"},{"@type":"ListItem","position":2,"name":"Cheikh Qassem\u00a0: \u00ab\u00a0Les jours de l&rsquo;ennemi sur notre terre sont compt\u00e9s ; les n\u00e9gociations directes sont vaines\u00a0\u00bb"}]},{"@type":"WebSite","@id":"https:\/\/ismfrance.org\/#website","url":"https:\/\/ismfrance.org\/","name":"ISM Palestine France","description":"Soutien aux luttes de lib\u00e9ration du peuple palestinien","publisher":{"@id":"https:\/\/ismfrance.org\/#organization"},"potentialAction":[{"@type":"SearchAction","target":{"@type":"EntryPoint","urlTemplate":"https:\/\/ismfrance.org\/?s={search_term_string}"},"query-input":{"@type":"PropertyValueSpecification","valueRequired":true,"valueName":"search_term_string"}}],"inLanguage":"fr-FR"},{"@type":"Organization","@id":"https:\/\/ismfrance.org\/#organization","name":"International Solidarity Movement","url":"https:\/\/ismfrance.org\/","logo":{"@type":"ImageObject","inLanguage":"fr-FR","@id":"https:\/\/ismfrance.org\/#\/schema\/logo\/image\/","url":"https:\/\/ismfrance.org\/wp-content\/uploads\/2020\/12\/00.png","contentUrl":"https:\/\/ismfrance.org\/wp-content\/uploads\/2020\/12\/00.png","width":400,"height":400,"caption":"International Solidarity Movement"},"image":{"@id":"https:\/\/ismfrance.org\/#\/schema\/logo\/image\/"},"sameAs":["https:\/\/x.com\/ISMFRANCE"]},{"@type":"Person","@id":"https:\/\/ismfrance.org\/#\/schema\/person\/3c411eb72adfaae19c0dca1f41fae01d","name":"mru_01","image":{"@type":"ImageObject","inLanguage":"fr-FR","@id":"https:\/\/secure.gravatar.com\/avatar\/3a0be343b445d2ccc79e87444a294fad2b232e90d2051d0e3cc219e1ecd6a330?s=96&d=mm&r=g","url":"https:\/\/secure.gravatar.com\/avatar\/3a0be343b445d2ccc79e87444a294fad2b232e90d2051d0e3cc219e1ecd6a330?s=96&d=mm&r=g","contentUrl":"https:\/\/secure.gravatar.com\/avatar\/3a0be343b445d2ccc79e87444a294fad2b232e90d2051d0e3cc219e1ecd6a330?s=96&d=mm&r=g","caption":"mru_01"},"url":"https:\/\/ismfrance.org\/index.php\/author\/admin02\/"}]}},"_links":{"self":[{"href":"https:\/\/ismfrance.org\/index.php\/wp-json\/wp\/v2\/posts\/28890","targetHints":{"allow":["GET"]}}],"collection":[{"href":"https:\/\/ismfrance.org\/index.php\/wp-json\/wp\/v2\/posts"}],"about":[{"href":"https:\/\/ismfrance.org\/index.php\/wp-json\/wp\/v2\/types\/post"}],"author":[{"embeddable":true,"href":"https:\/\/ismfrance.org\/index.php\/wp-json\/wp\/v2\/users\/3"}],"replies":[{"embeddable":true,"href":"https:\/\/ismfrance.org\/index.php\/wp-json\/wp\/v2\/comments?post=28890"}],"version-history":[{"count":8,"href":"https:\/\/ismfrance.org\/index.php\/wp-json\/wp\/v2\/posts\/28890\/revisions"}],"predecessor-version":[{"id":28896,"href":"https:\/\/ismfrance.org\/index.php\/wp-json\/wp\/v2\/posts\/28890\/revisions\/28896"}],"wp:featuredmedia":[{"embeddable":true,"href":"https:\/\/ismfrance.org\/index.php\/wp-json\/wp\/v2\/media\/28895"}],"wp:attachment":[{"href":"https:\/\/ismfrance.org\/index.php\/wp-json\/wp\/v2\/media?parent=28890"}],"wp:term":[{"taxonomy":"category","embeddable":true,"href":"https:\/\/ismfrance.org\/index.php\/wp-json\/wp\/v2\/categories?post=28890"},{"taxonomy":"post_tag","embeddable":true,"href":"https:\/\/ismfrance.org\/index.php\/wp-json\/wp\/v2\/tags?post=28890"}],"curies":[{"name":"wp","href":"https:\/\/api.w.org\/{rel}","templated":true}]}}