{"id":28884,"date":"2026-04-27T16:21:37","date_gmt":"2026-04-27T14:21:37","guid":{"rendered":"https:\/\/ismfrance.org\/?p=28884"},"modified":"2026-04-27T16:21:37","modified_gmt":"2026-04-27T14:21:37","slug":"guerir-sous-occupation-le-dr-samah-jabr-face-aux-traumatismes-a-la-resilience-et-aux-limites-de-la-psychiatrie-en-palestine","status":"publish","type":"post","link":"https:\/\/ismfrance.org\/index.php\/2026\/04\/27\/guerir-sous-occupation-le-dr-samah-jabr-face-aux-traumatismes-a-la-resilience-et-aux-limites-de-la-psychiatrie-en-palestine\/","title":{"rendered":"Gu\u00e9rir sous occupation : Le Dr Samah Jabr face aux traumatismes, \u00e0 la r\u00e9silience et aux limites de la psychiatrie en Palestine"},"content":{"rendered":"<p><span style=\"color: #000000;\"><span style=\"font-family: Arial, sans-serif;\"><span style=\"font-size: medium;\"><a href=\"https:\/\/www.newarab.com\/author\/75791\/dr-christiana-boules\"><span style=\"color: #ff0000;\">Christiana Boules<\/span><\/a>, 23 avril 2026. \u2013 Si la psychiatrie est une construction occidentale, comment un psychiatre peut-il exercer hors du monde occidental ? Pour la psychiatre palestinienne Samah Jabr, la question n\u2019est pas th\u00e9orique. Son travail se d\u00e9roule dans un contexte de violence g\u00e9opolitique, o\u00f9 l\u2019occupation isra\u00e9lienne, le si\u00e8ge et l\u2019oppression syst\u00e9mique marquent profond\u00e9ment les vies qu\u2019elle soigne.<\/span><\/span><\/span><\/p>\n<p><a href=\"https:\/\/ismfrance.org\/wp-content\/uploads\/2026\/04\/Samah-Jabr.jpg\"><img loading=\"lazy\" decoding=\"async\" class=\"size-large wp-image-28887 aligncenter\" src=\"https:\/\/ismfrance.org\/wp-content\/uploads\/2026\/04\/Samah-Jabr-671x700.jpg\" alt=\"\" width=\"600\" height=\"626\" srcset=\"https:\/\/ismfrance.org\/wp-content\/uploads\/2026\/04\/Samah-Jabr-671x700.jpg 671w, https:\/\/ismfrance.org\/wp-content\/uploads\/2026\/04\/Samah-Jabr-288x300.jpg 288w, https:\/\/ismfrance.org\/wp-content\/uploads\/2026\/04\/Samah-Jabr-768x801.jpg 768w, https:\/\/ismfrance.org\/wp-content\/uploads\/2026\/04\/Samah-Jabr.jpg 1077w\" sizes=\"auto, (max-width: 600px) 100vw, 600px\" \/><\/a><span style=\"color: #000000;\"><span style=\"font-family: Arial, sans-serif;\"><span style=\"font-size: medium;\">Elle doit composer avec les tensions inh\u00e9rentes \u00e0 sa propre discipline\u00a0: si la psychiatrie repose sur des normes occidentales, comment peut-elle appr\u00e9hender les exp\u00e9riences traumatiques v\u00e9cues en Palestine\u00a0? Et en \u00e9largissant le champ de la pathologie, comment \u00e9viter de sous-pathologiser ce qui est v\u00e9ritablement anormal\u00a0?<\/span><\/span><\/span><\/p>\n<p><span style=\"color: #000000;\"><span style=\"font-family: Arial, sans-serif;\"><span style=\"font-size: medium;\">Dans son livre \u00ab <\/span><\/span><\/span><span style=\"color: #ff0000;\"><a style=\"color: #ff0000;\" href=\"https:\/\/drsamahjabr.com\/radiance\/\"><span style=\"font-family: Arial, sans-serif;\">Radiance in Pain and Resilience: The global reverberation of Palestinian historical trauma<\/span><\/a><\/span><span style=\"color: #000000;\"><span style=\"font-family: Arial, sans-serif;\"><span style=\"font-size: medium;\"> \u00bb <\/span><\/span><\/span><span style=\"color: #000000;\"><span style=\"font-family: Arial, sans-serif;\"><span style=\"font-size: medium;\">[Irradiation de la douleur et r\u00e9silience : La r\u00e9sonance mondiale du traumatisme historique palestinien], <\/span><\/span><\/span><span style=\"color: #000000;\"><span style=\"font-family: Arial, sans-serif;\"><span style=\"font-size: medium;\">la Dr Samah Jabr revient sur les s\u00e9quelles psychologiques du g\u00e9nocide isra\u00e9lien et de la guerre en cours \u00e0 Gaza, offrant une vision de la r\u00e9silience qui transcende les contextes. Le co\u00fbt psychologique des d\u00e9cennies de conflit et d&rsquo;occupation \u00e0 Gaza est immense. Adultes et enfants souffrent de d\u00e9pression, d&rsquo;anxi\u00e9t\u00e9, de stress post-traumatique et du stress chronique li\u00e9 \u00e0 la menace constante.<\/span><\/span><\/span><\/p>\n<p><span style=\"color: #000000;\"><span style=\"font-family: Arial, sans-serif;\"><span style=\"font-size: medium;\">Les experts qualifient le traumatisme de la r\u00e9gion de \u00ab stress traumatique continu \u00bb, un \u00e9tat fa\u00e7onn\u00e9 non pas par des \u00e9v\u00e9nements isol\u00e9s, mais par le rythme incessant de la violence, des d\u00e9placements de population et des pertes.<\/span><\/span><\/span><\/p>\n<p><span style=\"color: #000000;\"><span style=\"font-family: Arial, sans-serif;\"><span style=\"font-size: medium;\">\u00ab <i>La situation actuelle \u00e0 Gaza et en Cisjordanie repr\u00e9sente une intensification du stress traumatique colonial atteignant sa forme la plus extr\u00eame<\/i> \u00bb, explique la Dr Samah au New Arab.<\/span><\/span><\/span><\/p>\n<p><span style=\"color: #000000;\"><span style=\"font-family: Arial, sans-serif;\"><span style=\"font-size: medium;\">\u00ab <i>\u00c0 Gaza, o\u00f9 des familles enti\u00e8res sont an\u00e9anties par les frappes isra\u00e9liennes et o\u00f9 la survie est pr\u00e9caire, l&rsquo;impact psychologique ne peut \u00eatre appr\u00e9hend\u00e9 dans le cadre des mod\u00e8les de traumatismes conventionnels, con\u00e7us pour des \u00e9v\u00e9nements ponctuels. Il en r\u00e9sulte un \u00e9tat o\u00f9 l&rsquo;esprit est contraint de s&rsquo;adapter \u00e0 la possibilit\u00e9 permanente d&rsquo;an\u00e9antissement<\/i> \u00bb, explique-t-elle. <\/span><\/span><\/span><\/p>\n<p><span style=\"color: #000000;\"><span style=\"font-family: Arial, sans-serif;\"><span style=\"font-size: medium;\">Le g\u00e9nocide perp\u00e9tr\u00e9 par Isra\u00ebl \u00e0 Gaza a fait environ 10 % de morts et de bless\u00e9s parmi la population du territoire depuis octobre 2023 et a conduit \u00e0 la destruction de la majeure partie de la bande de Gaza. Selon les derniers chiffres du minist\u00e8re, au moins 72.562 personnes ont \u00e9t\u00e9 tu\u00e9es et 172.320 autres bless\u00e9es lors de ces offensives.<\/span><\/span><\/span><\/p>\n<p><span style=\"color: #000000;\"><span style=\"font-family: Arial, sans-serif;\"><span style=\"font-size: medium;\">Depuis un cessez-le-feu que les forces isra\u00e9liennes ont syst\u00e9matiquement viol\u00e9 depuis son entr\u00e9e en vigueur en octobre dernier, plus de 3.000 morts et bless\u00e9s ont \u00e9t\u00e9 tu\u00e9s.<\/span><\/span><\/span><\/p>\n<p><span style=\"color: #000000;\"><span style=\"font-family: Arial, sans-serif;\"><span style=\"font-size: medium;\">\u00ab\u00a0<i>La vie psychologique des Palestiniens est aujourd&rsquo;hui marqu\u00e9e par une oscillation constante entre le deuil, l&rsquo;appr\u00e9hension de la perte et l&rsquo;engourdissement \u00e9motionnel\u00a0\u2014 un ensemble d&rsquo;\u00e9tats psychiques qui ne sont pas le signe d&rsquo;un effondrement individuel, mais d&rsquo;une exposition prolong\u00e9e \u00e0 une menace existentielle. Dans ce contexte, m\u00eame des fonctions psychologiques fondamentales telles que le deuil, le sommeil et la continuit\u00e9 \u00e9motionnelle sont perturb\u00e9es par l&rsquo;ampleur et la constance de la violence.<\/i>\u00a0\u00bb <\/span><\/span><\/span><\/p>\n<p><span style=\"color: #000000;\"><span style=\"font-family: Arial, sans-serif;\"><span style=\"font-size: medium;\">Parall\u00e8lement, les op\u00e9rations militaires isra\u00e9liennes en Cisjordanie se sont intensifi\u00e9es, contraignant des milliers de Palestiniens \u00e0 fuir leurs foyers sous les frappes a\u00e9riennes, les raids et les d\u00e9molitions.<\/span><\/span><\/span><\/p>\n<p><span style=\"color: #000000;\"><span style=\"font-family: Arial, sans-serif;\"><span style=\"font-size: medium;\">\u00ab <i>En Cisjordanie, o\u00f9 les incursions militaires, les arrestations, les restrictions de circulation et les violences des colons structurent le quotidien, les effets plus discrets, mais tout aussi destructeurs, de l&rsquo;humiliation et de l&rsquo;impr\u00e9visibilit\u00e9 chroniques se manifestent. Ces conditions \u00e9rodent le sentiment de s\u00e9curit\u00e9 et de continuit\u00e9 n\u00e9cessaire \u00e0 l&rsquo;int\u00e9gration psychologique, engendrant une population contrainte de se r\u00e9organiser constamment face aux bouleversements<\/i> \u00bb, explique la Dr Samah.<\/span><\/span><\/span><\/p>\n<p><span style=\"color: #000000;\"><span style=\"font-family: Arial, sans-serif;\"><span style=\"font-size: medium;\">\u00ab\u00a0<i>Il ne faut pas appr\u00e9hender cette souffrance uniquement sous l\u2019angle clinique de la pathologie. Ce serait risquer d\u2019occulter sa dimension politique. La d\u00e9tresse palestinienne est une r\u00e9ponse psychologique normale \u00e0 une violence structurelle persistante, et il ne faut pas pour autant r\u00e9duire les Palestiniens \u00e0 leur traumatisme. Le r\u00f4le des professionnels de la sant\u00e9 mentale est de prendre en compte ces deux r\u00e9alit\u00e9s simultan\u00e9ment\u00a0: \u00eatre t\u00e9moins de la profondeur de la blessure psychique sans r\u00e9duire le sujet \u00e0 une simple victime, et reconna\u00eetre la survie elle-m\u00eame comme une forme active et collective de r\u00e9sistance.<\/i>\u00a0\u00bb<\/span><\/span><\/span><\/p>\n<p align=\"LEFT\"><span style=\"color: #000000;\"><span style=\"font-family: Arial, sans-serif;\"><span style=\"font-size: medium;\">Le 30 mars, le Parlement isra\u00e9lien a adopt\u00e9 une loi instaurant la peine de mort pour les Palestiniens, provoquant une vague d&rsquo;indignation internationale.<\/span><\/span><\/span><\/p>\n<p align=\"LEFT\"><span style=\"color: #000000;\"><span style=\"font-family: Arial, sans-serif;\"><span style=\"font-size: medium;\">Ce texte, approuv\u00e9 par 62 des 120 membres de la Knesset, avec 48 voix contre et une abstention, autorise les tribunaux militaires \u00e0 prononcer la peine capitale contre les Palestiniens reconnus coupables d&rsquo;avoir tu\u00e9 des Isra\u00e9liens dans des actes qualifi\u00e9s de \u00ab\u00a0terrorisme\u00a0\u00bb, mais ne s&rsquo;applique pas aux Isra\u00e9liens juifs condamn\u00e9s pour le m\u00eame crime.<\/span><\/span><\/span><\/p>\n<p align=\"LEFT\"><span style=\"color: #000000;\"><span style=\"font-family: Arial, sans-serif;\"><span style=\"font-size: medium;\">\u00c0 propos de la peine de mort, la Dr Samah a d\u00e9clar\u00e9 : \u00ab <em>Cette loi ne cr\u00e9e pas une nouvelle r\u00e9alit\u00e9\u00a0; elle officialise ce que beaucoup de Palestiniens ressentent d\u00e9j\u00e0\u00a0: que leurs vies sont sans protection et sans valeur.<\/em><\/span><\/span><\/span><\/p>\n<p align=\"LEFT\"><span style=\"color: #000000;\"><span style=\"font-family: Arial, sans-serif;\"><span style=\"font-size: medium;\"><em>L&rsquo;objectif de cette loi est d&rsquo;exacerber un sentiment collectif de peur et d&rsquo;impuissance. En inscrivant la mort dans la loi pour un groupe sp\u00e9cifique, on envoie un message d&rsquo;intimidation puissant\u00a0: la violence \u00e0 leur encontre est non seulement possible, mais l\u00e9gitime.\u00a0Cela engendre un climat d&rsquo;anxi\u00e9t\u00e9 chronique et de crainte anticip\u00e9e, incitant les gens \u00e0 abandonner leur lutte pour la libert\u00e9<\/em> \u00bb, explique-t-elle.<\/span><\/span><\/span><\/p>\n<p align=\"LEFT\"><span style=\"color: #000000;\"><span style=\"font-family: Arial, sans-serif;\"><span style=\"font-size: medium;\">\u00ab <em>Pourtant, l&rsquo;histoire nous rappelle que de telles mesures n&rsquo;\u00e9teignent pas la lutte d&rsquo;un peuple. Le recours \u00e0 la peine de mort durant le mandat britannique n&rsquo;a pas mis fin \u00e0 la r\u00e9sistance palestinienne. De m\u00eame que les traumatismes peuvent se transmettre de g\u00e9n\u00e9ration en g\u00e9n\u00e9ration, la r\u00e9silience aussi. Les Palestiniens h\u00e9ritent non seulement de blessures, mais aussi d&rsquo;une capacit\u00e9 de r\u00e9silience profond\u00e9ment enracin\u00e9e.<\/em> \u00bb<\/span><\/span><\/span><\/p>\n<p><strong><span style=\"color: #000000;\"><span style=\"font-family: Arial, sans-serif;\"><span style=\"font-size: large;\">Exposition aux traumatismes<\/span><\/span><\/span><\/strong><\/p>\n<p><span style=\"color: #000000;\"><span style=\"font-family: Arial, sans-serif;\"><span style=\"font-size: medium;\">Dans <span style=\"color: #ff0000;\"><a style=\"color: #ff0000;\" href=\"https:\/\/www.chroniquepalestine.com\/comment-gerer-les-images-traumatisantes-en-provenance-de-palestine\/\">un article de 2021 <\/a><\/span>[<strong>1<\/strong>], la docteure Samah a critiqu\u00e9 la diffusion massive d&rsquo;images traumatisantes, arguant qu&rsquo;elle contribue \u00e0 la guerre psychologique men\u00e9e contre les Palestiniens en induisant un engourdissement et un traitement \u00e9motionnel inauthentique.<\/span><\/span><\/span><\/p>\n<p><span style=\"color: #000000;\"><span style=\"font-family: Arial, sans-serif;\"><span style=\"font-size: medium;\">\u00ab <em>Je travaille beaucoup avec des victimes de d\u00e9tention politique et de torture. Si on leur demande directement : \u201cAvez-vous \u00e9t\u00e9 soumis \u00e0 la torture ?\u201d, elles r\u00e9pondent \u201cnon\u201d<\/em> \u00bb, explique la docteure Samah.<\/span><\/span><\/span><\/p>\n<p><span style=\"color: #000000;\"><span style=\"font-family: Arial, sans-serif;\"><span style=\"font-size: medium;\">Ayant vu d&rsquo;autres personnes endurer pire, \u00ab <em>elles ne consid\u00e8rent pas ce qu&rsquo;elles ont v\u00e9cu comme de la torture ; la souffrance individuelle est absorb\u00e9e par l&rsquo;identification au collectif<\/em>, \u00bb ajoute-t-elle.<\/span><\/span><\/span><\/p>\n<p><span style=\"color: #000000;\"><span style=\"font-family: Arial, sans-serif;\"><span style=\"font-size: medium;\">Depuis octobre 2023, le traumatisme collectif subi par les Palestiniens est omnipr\u00e9sent et int\u00e9gr\u00e9 aux microtraumatismes quotidiens sur nos \u00e9crans.<\/span><\/span><\/span><\/p>\n<p><span style=\"color: #000000;\"><span style=\"font-family: Arial, sans-serif;\"><span style=\"font-size: medium;\">Dans des soci\u00e9t\u00e9s individualistes et \u00e9loign\u00e9es les unes des autres, le co\u00fbt de l&rsquo;exposition \u00e0 des images traumatisantes est devenu un prix relativement faible pour la progression de la cause palestinienne \u2013 et peut-\u00eatre aussi pour notre propre sentiment d&rsquo;identit\u00e9 en tant que citoyens du monde. En Palestine, les individus ont d\u00e9j\u00e0 beaucoup sacrifi\u00e9 pour le bien de la communaut\u00e9, et cette situation continue d&rsquo;\u00eatre exploit\u00e9e jusqu&rsquo;\u00e0 provoquer un effondrement psychique.<\/span><\/span><\/span><\/p>\n<p><span style=\"color: #000000;\"><span style=\"font-family: Arial, sans-serif;\"><span style=\"font-size: medium;\">Dans son livre, la Dr Samah d\u00e9crit le cas d&rsquo;un patient ayant subi des actes de torture. Son diagnostic, une psychose, est parfois interpr\u00e9t\u00e9 comme la cons\u00e9quence d&rsquo;une perm\u00e9abilit\u00e9 excessive des limites de l&rsquo;ego, et le r\u00e9cit qu&rsquo;elle pr\u00e9sente montre une atteinte d\u00e9lib\u00e9r\u00e9e \u00e0 ces limites.<\/span><\/span><\/span><\/p>\n<p><span style=\"color: #000000;\"><span style=\"font-family: Arial, sans-serif;\"><span style=\"font-size: medium;\">En enfreignant violemment ses limites physiques, un mod\u00e8le d&rsquo;atteinte aux fortifications du moi est \u00e9tabli, et un homme se retrouve \u00e9tranger \u00e0 son propre esprit.<\/span><\/span><\/span><\/p>\n<p><strong><span style=\"color: #000000;\"><span style=\"font-family: Arial, sans-serif;\"><span style=\"font-size: large;\">Structures fractur\u00e9es<\/span><\/span><\/span><\/strong><\/p>\n<p><span style=\"color: #000000;\"><span style=\"font-family: Arial, sans-serif;\"><span style=\"font-size: medium;\">D&rsquo;apr\u00e8s les travaux du Dr Samah, la sant\u00e9 psychologique semble \u00eatre attaqu\u00e9e \u00e0 tous les niveaux de la structure psychosociale.<\/span><\/span><\/span><\/p>\n<p><span style=\"color: #000000;\"><span style=\"font-family: Arial, sans-serif;\"><span style=\"font-size: medium;\">Les limites intrapsychiques sont bafou\u00e9es, l&rsquo;identit\u00e9 collective est vilipend\u00e9e et la cellule familiale est d\u00e9mantel\u00e9e. Les enfants deviennent orphelins, en qu\u00eate d\u00e9sesp\u00e9r\u00e9e de la pr\u00e9sence d&rsquo;un parent.<\/span><\/span><\/span><\/p>\n<p><span style=\"color: #000000;\"><span style=\"font-family: Arial, sans-serif;\"><span style=\"font-size: medium;\">Les gar\u00e7ons sont particuli\u00e8rement vuln\u00e9rables et ont tendance \u00e0 percevoir l&rsquo;autorit\u00e9 comme du paternalisme.<\/span><\/span><\/span><\/p>\n<p><span style=\"color: #000000;\"><span style=\"font-family: Arial, sans-serif;\"><span style=\"font-size: medium;\">Apr\u00e8s avoir discut\u00e9 avec d&rsquo;anciens soldats isra\u00e9liens, elle a appris qu&rsquo;ils avaient re\u00e7u l&rsquo;ordre d&rsquo;humilier les p\u00e8res devant leurs enfants. Un de ses patients, un jeune homme pr\u00e9c\u00e9demment d\u00e9tenu, \u00e9tait l&rsquo;illustration des cons\u00e9quences am\u00e8res de tels ordres.<\/span><\/span><\/span><\/p>\n<p><span style=\"color: #000000;\"><span style=\"font-family: Arial, sans-serif;\"><span style=\"font-size: medium;\">\u00ab <em>Je pense que l&rsquo;occupation isra\u00e9lienne cible la figure paternelle<\/em> \u00bb, observe le Dr Samah, ce qui entra\u00eene une distorsion g\u00e9n\u00e9ralis\u00e9e des r\u00f4les sociaux\u00a0: l\u00e0 o\u00f9 l&rsquo;on s&rsquo;attendrait \u00e0 ce que les parents prot\u00e8gent, guident ou r\u00e9sistent, on trouve plut\u00f4t les enfants.<\/span><\/span><\/span><\/p>\n<p><span style=\"color: #000000;\"><span style=\"font-family: Arial, sans-serif;\"><span style=\"font-size: medium;\">Dans leurs travaux, la Dr Samah et ses coll\u00e8gues s&rsquo;appuient fortement sur les structures sociales qui soutiennent leur communaut\u00e9. \u00ab<em> Il est illusoire de vouloir aider toutes les personnes qui souffrent en Palestine, compte tenu du faible nombre de professionnels capables de dispenser des th\u00e9rapies individuelles<\/em> \u00bb, explique-t-elle.<\/span><\/span><\/span><\/p>\n<p><span style=\"color: #000000;\"><span style=\"font-family: Arial, sans-serif;\"><span style=\"font-size: medium;\">D\u00e9but 2026, l&rsquo;Organisation mondiale de la Sant\u00e9 (OMS) et d&rsquo;autres organismes signalent qu&rsquo;au moins 94 % des h\u00f4pitaux de Gaza ont \u00e9t\u00e9 endommag\u00e9s ou d\u00e9truits, et qu&rsquo;une infime partie seulement, environ 10 \u00e0 17 des 36 h\u00f4pitaux d&rsquo;origine, fonctionne partiellement.<\/span><\/span><\/span><\/p>\n<p><span style=\"color: #000000;\"><span style=\"font-family: Arial, sans-serif;\"><span style=\"font-size: medium;\">Plus de 1.400 agents de sant\u00e9 ont \u00e9t\u00e9 tu\u00e9s depuis octobre 2023, des centaines sont d\u00e9tenus et des centaines d&rsquo;\u00e9tablissements m\u00e9dicaux ont \u00e9t\u00e9 attaqu\u00e9s.<\/span><\/span><\/span><\/p>\n<p><span style=\"color: #000000;\"><span style=\"font-family: Arial, sans-serif;\"><span style=\"font-size: medium;\">Parfois, elle dispense des soins en groupe par n\u00e9cessit\u00e9 pratique \u2013 co\u00fbt, p\u00e9nurie de ressources \u2013 et parfois parce que c&rsquo;est l&rsquo;approche th\u00e9rapeutique la plus appropri\u00e9e.<\/span><\/span><\/span><\/p>\n<p><span style=\"color: #000000;\"><span style=\"font-family: Arial, sans-serif;\"><span style=\"font-size: medium;\">\u00ab <em>Les orienter vers un groupe de personnes ayant v\u00e9cu la m\u00eame chose peut \u00eatre lib\u00e9rateur, car une grande partie des souffrances caus\u00e9es par la violence politique alt\u00e8re leur sentiment d&rsquo;autonomie<\/em> \u00bb, ajoute la Dr Samah. <\/span><\/span><\/span><\/p>\n<p><span style=\"color: #000000;\"><span style=\"font-family: Arial, sans-serif;\"><span style=\"font-size: medium;\">La Dr Samah et les praticiens comme elle ont beaucoup \u00e0 nous apprendre, et le principe selon lequel \u00ab <em>prendre soin de soi, c\u2019est prendre soin de la communaut\u00e9\u00a0<\/em>\u00bb devrait \u00eatre prioritaire dans les soins de sant\u00e9 mentale \u00e0 travers le monde.<\/span><\/span><\/span><\/p>\n<p><em><strong><span style=\"color: #000000;\"><span style=\"font-family: Arial, sans-serif;\"><span style=\"font-size: medium;\">Article original en anglais sur <span style=\"color: #ff0000;\"><a style=\"color: #ff0000;\" href=\"https:\/\/www.newarab.com\/features\/dr-samah-jabr-what-palestinian-psyche-can-teach-world\">The New Arab<\/a><\/span> \/ Traduction MR<\/span><\/span><\/span><\/strong><\/em><\/p>\n<p><span style=\"color: #000000;\"><span style=\"font-family: Arial, sans-serif;\"><span style=\"font-size: medium;\">[<strong>1<\/strong>] \u00ab\u00a0<\/span><\/span><\/span><span style=\"color: #000000;\"><span style=\"font-family: Arial, sans-serif;\"><span style=\"font-size: medium;\"><i>Comment g\u00e9rer les images traumatisantes en provenance de Palestine ?<\/i><\/span><\/span><\/span><span style=\"color: #000000;\"><span style=\"font-family: Arial, sans-serif;\"><span style=\"font-size: medium;\">\u00a0\u00bb, Samah Jabr, 25 mai 2021, <\/span><\/span><\/span><span style=\"color: #ff0000;\"><a style=\"color: #ff0000;\" href=\"https:\/\/www.chroniquepalestine.com\/comment-gerer-les-images-traumatisantes-en-provenance-de-palestine\/\"><span style=\"font-family: Arial, sans-serif;\">Chronique de Palestine<\/span><\/a><span style=\"font-family: Arial, sans-serif;\"><span style=\"font-size: medium;\">.<\/span><\/span><\/span><\/p>\n<p><em><strong><span style=\"color: #000000;\"><span style=\"font-family: Arial, sans-serif;\"><span style=\"font-size: medium;\">Compte Instagram de Samah Jabr <span style=\"color: #ff0000;\"><a style=\"color: #ff0000;\" href=\"https:\/\/www.instagram.com\/drsamahjabr\/\">ICI<\/a><\/span>.<\/span><\/span><\/span><\/strong><\/em><\/p>\n","protected":false},"excerpt":{"rendered":"<p>Christiana Boules, 23 avril 2026. \u2013 Si la psychiatrie est une construction occidentale, comment un psychiatre peut-il exercer hors du monde occidental ? Pour la psychiatre palestinienne Samah Jabr, la <a class=\"more-link\" href=\"https:\/\/ismfrance.org\/index.php\/2026\/04\/27\/guerir-sous-occupation-le-dr-samah-jabr-face-aux-traumatismes-a-la-resilience-et-aux-limites-de-la-psychiatrie-en-palestine\/\">Lire la suite &rarr;<\/a><\/p>\n","protected":false},"author":3,"featured_media":28887,"comment_status":"closed","ping_status":"closed","sticky":false,"template":"","format":"standard","meta":{"footnotes":""},"categories":[12,2],"tags":[156,207],"class_list":["post-28884","post","type-post","status-publish","format-standard","has-post-thumbnail","hentry","category-analyses","category-articles","tag-genocide","tag-sante-mentale"],"yoast_head":"<!-- This site is optimized with the Yoast SEO plugin v27.2 - https:\/\/yoast.com\/product\/yoast-seo-wordpress\/ -->\n<title>Gu\u00e9rir sous occupation : Le Dr Samah Jabr face aux traumatismes, \u00e0 la r\u00e9silience et aux limites de la psychiatrie en Palestine - International Solidarity Movement - ISM-France<\/title>\n<meta name=\"robots\" content=\"index, follow, max-snippet:-1, max-image-preview:large, max-video-preview:-1\" \/>\n<link rel=\"canonical\" href=\"https:\/\/ismfrance.org\/index.php\/2026\/04\/27\/guerir-sous-occupation-le-dr-samah-jabr-face-aux-traumatismes-a-la-resilience-et-aux-limites-de-la-psychiatrie-en-palestine\/\" \/>\n<meta property=\"og:locale\" content=\"fr_FR\" \/>\n<meta property=\"og:type\" content=\"article\" \/>\n<meta property=\"og:title\" content=\"Gu\u00e9rir sous occupation : Le Dr Samah Jabr face aux traumatismes, \u00e0 la r\u00e9silience et aux limites de la psychiatrie en Palestine - International Solidarity Movement - ISM-France\" \/>\n<meta property=\"og:description\" content=\"Christiana Boules, 23 avril 2026. \u2013 Si la psychiatrie est une construction occidentale, comment un psychiatre peut-il exercer hors du monde occidental ? Pour la psychiatre palestinienne Samah Jabr, la Lire la suite &rarr;\" \/>\n<meta property=\"og:url\" content=\"https:\/\/ismfrance.org\/index.php\/2026\/04\/27\/guerir-sous-occupation-le-dr-samah-jabr-face-aux-traumatismes-a-la-resilience-et-aux-limites-de-la-psychiatrie-en-palestine\/\" \/>\n<meta property=\"og:site_name\" content=\"International Solidarity Movement - ISM-France\" \/>\n<meta property=\"article:published_time\" content=\"2026-04-27T14:21:37+00:00\" \/>\n<meta property=\"og:image\" content=\"https:\/\/ismfrance.org\/wp-content\/uploads\/2026\/04\/Samah-Jabr.jpg\" \/>\n\t<meta property=\"og:image:width\" content=\"1077\" \/>\n\t<meta property=\"og:image:height\" content=\"1123\" \/>\n\t<meta property=\"og:image:type\" content=\"image\/jpeg\" \/>\n<meta name=\"author\" content=\"mru_01\" \/>\n<meta name=\"twitter:card\" content=\"summary_large_image\" \/>\n<meta name=\"twitter:creator\" content=\"@ISMFRANCE\" \/>\n<meta name=\"twitter:site\" content=\"@ISMFRANCE\" \/>\n<meta name=\"twitter:label1\" content=\"\u00c9crit par\" \/>\n\t<meta name=\"twitter:data1\" content=\"mru_01\" \/>\n\t<meta name=\"twitter:label2\" content=\"Dur\u00e9e de lecture estim\u00e9e\" \/>\n\t<meta name=\"twitter:data2\" content=\"9 minutes\" \/>\n<script type=\"application\/ld+json\" class=\"yoast-schema-graph\">{\"@context\":\"https:\/\/schema.org\",\"@graph\":[{\"@type\":\"Article\",\"@id\":\"https:\/\/ismfrance.org\/index.php\/2026\/04\/27\/guerir-sous-occupation-le-dr-samah-jabr-face-aux-traumatismes-a-la-resilience-et-aux-limites-de-la-psychiatrie-en-palestine\/#article\",\"isPartOf\":{\"@id\":\"https:\/\/ismfrance.org\/index.php\/2026\/04\/27\/guerir-sous-occupation-le-dr-samah-jabr-face-aux-traumatismes-a-la-resilience-et-aux-limites-de-la-psychiatrie-en-palestine\/\"},\"author\":{\"name\":\"mru_01\",\"@id\":\"https:\/\/ismfrance.org\/#\/schema\/person\/3c411eb72adfaae19c0dca1f41fae01d\"},\"headline\":\"Gu\u00e9rir sous occupation : Le Dr Samah Jabr face aux traumatismes, \u00e0 la r\u00e9silience et aux limites de la psychiatrie en Palestine\",\"datePublished\":\"2026-04-27T14:21:37+00:00\",\"mainEntityOfPage\":{\"@id\":\"https:\/\/ismfrance.org\/index.php\/2026\/04\/27\/guerir-sous-occupation-le-dr-samah-jabr-face-aux-traumatismes-a-la-resilience-et-aux-limites-de-la-psychiatrie-en-palestine\/\"},\"wordCount\":1756,\"publisher\":{\"@id\":\"https:\/\/ismfrance.org\/#organization\"},\"image\":{\"@id\":\"https:\/\/ismfrance.org\/index.php\/2026\/04\/27\/guerir-sous-occupation-le-dr-samah-jabr-face-aux-traumatismes-a-la-resilience-et-aux-limites-de-la-psychiatrie-en-palestine\/#primaryimage\"},\"thumbnailUrl\":\"https:\/\/ismfrance.org\/wp-content\/uploads\/2026\/04\/Samah-Jabr.jpg\",\"keywords\":[\"G\u00e9nocide\",\"Sant\u00e9 mentale\"],\"articleSection\":[\"Analyses\",\"Articles\"],\"inLanguage\":\"fr-FR\"},{\"@type\":\"WebPage\",\"@id\":\"https:\/\/ismfrance.org\/index.php\/2026\/04\/27\/guerir-sous-occupation-le-dr-samah-jabr-face-aux-traumatismes-a-la-resilience-et-aux-limites-de-la-psychiatrie-en-palestine\/\",\"url\":\"https:\/\/ismfrance.org\/index.php\/2026\/04\/27\/guerir-sous-occupation-le-dr-samah-jabr-face-aux-traumatismes-a-la-resilience-et-aux-limites-de-la-psychiatrie-en-palestine\/\",\"name\":\"Gu\u00e9rir sous occupation : Le Dr Samah Jabr face aux traumatismes, \u00e0 la r\u00e9silience et aux limites de la psychiatrie en Palestine - International Solidarity Movement - ISM-France\",\"isPartOf\":{\"@id\":\"https:\/\/ismfrance.org\/#website\"},\"primaryImageOfPage\":{\"@id\":\"https:\/\/ismfrance.org\/index.php\/2026\/04\/27\/guerir-sous-occupation-le-dr-samah-jabr-face-aux-traumatismes-a-la-resilience-et-aux-limites-de-la-psychiatrie-en-palestine\/#primaryimage\"},\"image\":{\"@id\":\"https:\/\/ismfrance.org\/index.php\/2026\/04\/27\/guerir-sous-occupation-le-dr-samah-jabr-face-aux-traumatismes-a-la-resilience-et-aux-limites-de-la-psychiatrie-en-palestine\/#primaryimage\"},\"thumbnailUrl\":\"https:\/\/ismfrance.org\/wp-content\/uploads\/2026\/04\/Samah-Jabr.jpg\",\"datePublished\":\"2026-04-27T14:21:37+00:00\",\"breadcrumb\":{\"@id\":\"https:\/\/ismfrance.org\/index.php\/2026\/04\/27\/guerir-sous-occupation-le-dr-samah-jabr-face-aux-traumatismes-a-la-resilience-et-aux-limites-de-la-psychiatrie-en-palestine\/#breadcrumb\"},\"inLanguage\":\"fr-FR\",\"potentialAction\":[{\"@type\":\"ReadAction\",\"target\":[\"https:\/\/ismfrance.org\/index.php\/2026\/04\/27\/guerir-sous-occupation-le-dr-samah-jabr-face-aux-traumatismes-a-la-resilience-et-aux-limites-de-la-psychiatrie-en-palestine\/\"]}]},{\"@type\":\"ImageObject\",\"inLanguage\":\"fr-FR\",\"@id\":\"https:\/\/ismfrance.org\/index.php\/2026\/04\/27\/guerir-sous-occupation-le-dr-samah-jabr-face-aux-traumatismes-a-la-resilience-et-aux-limites-de-la-psychiatrie-en-palestine\/#primaryimage\",\"url\":\"https:\/\/ismfrance.org\/wp-content\/uploads\/2026\/04\/Samah-Jabr.jpg\",\"contentUrl\":\"https:\/\/ismfrance.org\/wp-content\/uploads\/2026\/04\/Samah-Jabr.jpg\",\"width\":1077,\"height\":1123},{\"@type\":\"BreadcrumbList\",\"@id\":\"https:\/\/ismfrance.org\/index.php\/2026\/04\/27\/guerir-sous-occupation-le-dr-samah-jabr-face-aux-traumatismes-a-la-resilience-et-aux-limites-de-la-psychiatrie-en-palestine\/#breadcrumb\",\"itemListElement\":[{\"@type\":\"ListItem\",\"position\":1,\"name\":\"Accueil\",\"item\":\"https:\/\/ismfrance.org\/\"},{\"@type\":\"ListItem\",\"position\":2,\"name\":\"Gu\u00e9rir sous occupation : Le Dr Samah Jabr face aux traumatismes, \u00e0 la r\u00e9silience et aux limites de la psychiatrie en Palestine\"}]},{\"@type\":\"WebSite\",\"@id\":\"https:\/\/ismfrance.org\/#website\",\"url\":\"https:\/\/ismfrance.org\/\",\"name\":\"ISM Palestine France\",\"description\":\"Soutien aux luttes de lib\u00e9ration du peuple palestinien\",\"publisher\":{\"@id\":\"https:\/\/ismfrance.org\/#organization\"},\"potentialAction\":[{\"@type\":\"SearchAction\",\"target\":{\"@type\":\"EntryPoint\",\"urlTemplate\":\"https:\/\/ismfrance.org\/?s={search_term_string}\"},\"query-input\":{\"@type\":\"PropertyValueSpecification\",\"valueRequired\":true,\"valueName\":\"search_term_string\"}}],\"inLanguage\":\"fr-FR\"},{\"@type\":\"Organization\",\"@id\":\"https:\/\/ismfrance.org\/#organization\",\"name\":\"International Solidarity Movement\",\"url\":\"https:\/\/ismfrance.org\/\",\"logo\":{\"@type\":\"ImageObject\",\"inLanguage\":\"fr-FR\",\"@id\":\"https:\/\/ismfrance.org\/#\/schema\/logo\/image\/\",\"url\":\"https:\/\/ismfrance.org\/wp-content\/uploads\/2020\/12\/00.png\",\"contentUrl\":\"https:\/\/ismfrance.org\/wp-content\/uploads\/2020\/12\/00.png\",\"width\":400,\"height\":400,\"caption\":\"International Solidarity Movement\"},\"image\":{\"@id\":\"https:\/\/ismfrance.org\/#\/schema\/logo\/image\/\"},\"sameAs\":[\"https:\/\/x.com\/ISMFRANCE\"]},{\"@type\":\"Person\",\"@id\":\"https:\/\/ismfrance.org\/#\/schema\/person\/3c411eb72adfaae19c0dca1f41fae01d\",\"name\":\"mru_01\",\"image\":{\"@type\":\"ImageObject\",\"inLanguage\":\"fr-FR\",\"@id\":\"https:\/\/secure.gravatar.com\/avatar\/3a0be343b445d2ccc79e87444a294fad2b232e90d2051d0e3cc219e1ecd6a330?s=96&d=mm&r=g\",\"url\":\"https:\/\/secure.gravatar.com\/avatar\/3a0be343b445d2ccc79e87444a294fad2b232e90d2051d0e3cc219e1ecd6a330?s=96&d=mm&r=g\",\"contentUrl\":\"https:\/\/secure.gravatar.com\/avatar\/3a0be343b445d2ccc79e87444a294fad2b232e90d2051d0e3cc219e1ecd6a330?s=96&d=mm&r=g\",\"caption\":\"mru_01\"},\"url\":\"https:\/\/ismfrance.org\/index.php\/author\/admin02\/\"}]}<\/script>\n<!-- \/ Yoast SEO plugin. -->","yoast_head_json":{"title":"Gu\u00e9rir sous occupation : Le Dr Samah Jabr face aux traumatismes, \u00e0 la r\u00e9silience et aux limites de la psychiatrie en Palestine - International Solidarity Movement - ISM-France","robots":{"index":"index","follow":"follow","max-snippet":"max-snippet:-1","max-image-preview":"max-image-preview:large","max-video-preview":"max-video-preview:-1"},"canonical":"https:\/\/ismfrance.org\/index.php\/2026\/04\/27\/guerir-sous-occupation-le-dr-samah-jabr-face-aux-traumatismes-a-la-resilience-et-aux-limites-de-la-psychiatrie-en-palestine\/","og_locale":"fr_FR","og_type":"article","og_title":"Gu\u00e9rir sous occupation : Le Dr Samah Jabr face aux traumatismes, \u00e0 la r\u00e9silience et aux limites de la psychiatrie en Palestine - International Solidarity Movement - ISM-France","og_description":"Christiana Boules, 23 avril 2026. \u2013 Si la psychiatrie est une construction occidentale, comment un psychiatre peut-il exercer hors du monde occidental ? Pour la psychiatre palestinienne Samah Jabr, la Lire la suite &rarr;","og_url":"https:\/\/ismfrance.org\/index.php\/2026\/04\/27\/guerir-sous-occupation-le-dr-samah-jabr-face-aux-traumatismes-a-la-resilience-et-aux-limites-de-la-psychiatrie-en-palestine\/","og_site_name":"International Solidarity Movement - ISM-France","article_published_time":"2026-04-27T14:21:37+00:00","og_image":[{"width":1077,"height":1123,"url":"https:\/\/ismfrance.org\/wp-content\/uploads\/2026\/04\/Samah-Jabr.jpg","type":"image\/jpeg"}],"author":"mru_01","twitter_card":"summary_large_image","twitter_creator":"@ISMFRANCE","twitter_site":"@ISMFRANCE","twitter_misc":{"\u00c9crit par":"mru_01","Dur\u00e9e de lecture estim\u00e9e":"9 minutes"},"schema":{"@context":"https:\/\/schema.org","@graph":[{"@type":"Article","@id":"https:\/\/ismfrance.org\/index.php\/2026\/04\/27\/guerir-sous-occupation-le-dr-samah-jabr-face-aux-traumatismes-a-la-resilience-et-aux-limites-de-la-psychiatrie-en-palestine\/#article","isPartOf":{"@id":"https:\/\/ismfrance.org\/index.php\/2026\/04\/27\/guerir-sous-occupation-le-dr-samah-jabr-face-aux-traumatismes-a-la-resilience-et-aux-limites-de-la-psychiatrie-en-palestine\/"},"author":{"name":"mru_01","@id":"https:\/\/ismfrance.org\/#\/schema\/person\/3c411eb72adfaae19c0dca1f41fae01d"},"headline":"Gu\u00e9rir sous occupation : Le Dr Samah Jabr face aux traumatismes, \u00e0 la r\u00e9silience et aux limites de la psychiatrie en Palestine","datePublished":"2026-04-27T14:21:37+00:00","mainEntityOfPage":{"@id":"https:\/\/ismfrance.org\/index.php\/2026\/04\/27\/guerir-sous-occupation-le-dr-samah-jabr-face-aux-traumatismes-a-la-resilience-et-aux-limites-de-la-psychiatrie-en-palestine\/"},"wordCount":1756,"publisher":{"@id":"https:\/\/ismfrance.org\/#organization"},"image":{"@id":"https:\/\/ismfrance.org\/index.php\/2026\/04\/27\/guerir-sous-occupation-le-dr-samah-jabr-face-aux-traumatismes-a-la-resilience-et-aux-limites-de-la-psychiatrie-en-palestine\/#primaryimage"},"thumbnailUrl":"https:\/\/ismfrance.org\/wp-content\/uploads\/2026\/04\/Samah-Jabr.jpg","keywords":["G\u00e9nocide","Sant\u00e9 mentale"],"articleSection":["Analyses","Articles"],"inLanguage":"fr-FR"},{"@type":"WebPage","@id":"https:\/\/ismfrance.org\/index.php\/2026\/04\/27\/guerir-sous-occupation-le-dr-samah-jabr-face-aux-traumatismes-a-la-resilience-et-aux-limites-de-la-psychiatrie-en-palestine\/","url":"https:\/\/ismfrance.org\/index.php\/2026\/04\/27\/guerir-sous-occupation-le-dr-samah-jabr-face-aux-traumatismes-a-la-resilience-et-aux-limites-de-la-psychiatrie-en-palestine\/","name":"Gu\u00e9rir sous occupation : Le Dr Samah Jabr face aux traumatismes, \u00e0 la r\u00e9silience et aux limites de la psychiatrie en Palestine - International Solidarity Movement - ISM-France","isPartOf":{"@id":"https:\/\/ismfrance.org\/#website"},"primaryImageOfPage":{"@id":"https:\/\/ismfrance.org\/index.php\/2026\/04\/27\/guerir-sous-occupation-le-dr-samah-jabr-face-aux-traumatismes-a-la-resilience-et-aux-limites-de-la-psychiatrie-en-palestine\/#primaryimage"},"image":{"@id":"https:\/\/ismfrance.org\/index.php\/2026\/04\/27\/guerir-sous-occupation-le-dr-samah-jabr-face-aux-traumatismes-a-la-resilience-et-aux-limites-de-la-psychiatrie-en-palestine\/#primaryimage"},"thumbnailUrl":"https:\/\/ismfrance.org\/wp-content\/uploads\/2026\/04\/Samah-Jabr.jpg","datePublished":"2026-04-27T14:21:37+00:00","breadcrumb":{"@id":"https:\/\/ismfrance.org\/index.php\/2026\/04\/27\/guerir-sous-occupation-le-dr-samah-jabr-face-aux-traumatismes-a-la-resilience-et-aux-limites-de-la-psychiatrie-en-palestine\/#breadcrumb"},"inLanguage":"fr-FR","potentialAction":[{"@type":"ReadAction","target":["https:\/\/ismfrance.org\/index.php\/2026\/04\/27\/guerir-sous-occupation-le-dr-samah-jabr-face-aux-traumatismes-a-la-resilience-et-aux-limites-de-la-psychiatrie-en-palestine\/"]}]},{"@type":"ImageObject","inLanguage":"fr-FR","@id":"https:\/\/ismfrance.org\/index.php\/2026\/04\/27\/guerir-sous-occupation-le-dr-samah-jabr-face-aux-traumatismes-a-la-resilience-et-aux-limites-de-la-psychiatrie-en-palestine\/#primaryimage","url":"https:\/\/ismfrance.org\/wp-content\/uploads\/2026\/04\/Samah-Jabr.jpg","contentUrl":"https:\/\/ismfrance.org\/wp-content\/uploads\/2026\/04\/Samah-Jabr.jpg","width":1077,"height":1123},{"@type":"BreadcrumbList","@id":"https:\/\/ismfrance.org\/index.php\/2026\/04\/27\/guerir-sous-occupation-le-dr-samah-jabr-face-aux-traumatismes-a-la-resilience-et-aux-limites-de-la-psychiatrie-en-palestine\/#breadcrumb","itemListElement":[{"@type":"ListItem","position":1,"name":"Accueil","item":"https:\/\/ismfrance.org\/"},{"@type":"ListItem","position":2,"name":"Gu\u00e9rir sous occupation : Le Dr Samah Jabr face aux traumatismes, \u00e0 la r\u00e9silience et aux limites de la psychiatrie en Palestine"}]},{"@type":"WebSite","@id":"https:\/\/ismfrance.org\/#website","url":"https:\/\/ismfrance.org\/","name":"ISM Palestine France","description":"Soutien aux luttes de lib\u00e9ration du peuple palestinien","publisher":{"@id":"https:\/\/ismfrance.org\/#organization"},"potentialAction":[{"@type":"SearchAction","target":{"@type":"EntryPoint","urlTemplate":"https:\/\/ismfrance.org\/?s={search_term_string}"},"query-input":{"@type":"PropertyValueSpecification","valueRequired":true,"valueName":"search_term_string"}}],"inLanguage":"fr-FR"},{"@type":"Organization","@id":"https:\/\/ismfrance.org\/#organization","name":"International Solidarity Movement","url":"https:\/\/ismfrance.org\/","logo":{"@type":"ImageObject","inLanguage":"fr-FR","@id":"https:\/\/ismfrance.org\/#\/schema\/logo\/image\/","url":"https:\/\/ismfrance.org\/wp-content\/uploads\/2020\/12\/00.png","contentUrl":"https:\/\/ismfrance.org\/wp-content\/uploads\/2020\/12\/00.png","width":400,"height":400,"caption":"International Solidarity Movement"},"image":{"@id":"https:\/\/ismfrance.org\/#\/schema\/logo\/image\/"},"sameAs":["https:\/\/x.com\/ISMFRANCE"]},{"@type":"Person","@id":"https:\/\/ismfrance.org\/#\/schema\/person\/3c411eb72adfaae19c0dca1f41fae01d","name":"mru_01","image":{"@type":"ImageObject","inLanguage":"fr-FR","@id":"https:\/\/secure.gravatar.com\/avatar\/3a0be343b445d2ccc79e87444a294fad2b232e90d2051d0e3cc219e1ecd6a330?s=96&d=mm&r=g","url":"https:\/\/secure.gravatar.com\/avatar\/3a0be343b445d2ccc79e87444a294fad2b232e90d2051d0e3cc219e1ecd6a330?s=96&d=mm&r=g","contentUrl":"https:\/\/secure.gravatar.com\/avatar\/3a0be343b445d2ccc79e87444a294fad2b232e90d2051d0e3cc219e1ecd6a330?s=96&d=mm&r=g","caption":"mru_01"},"url":"https:\/\/ismfrance.org\/index.php\/author\/admin02\/"}]}},"_links":{"self":[{"href":"https:\/\/ismfrance.org\/index.php\/wp-json\/wp\/v2\/posts\/28884","targetHints":{"allow":["GET"]}}],"collection":[{"href":"https:\/\/ismfrance.org\/index.php\/wp-json\/wp\/v2\/posts"}],"about":[{"href":"https:\/\/ismfrance.org\/index.php\/wp-json\/wp\/v2\/types\/post"}],"author":[{"embeddable":true,"href":"https:\/\/ismfrance.org\/index.php\/wp-json\/wp\/v2\/users\/3"}],"replies":[{"embeddable":true,"href":"https:\/\/ismfrance.org\/index.php\/wp-json\/wp\/v2\/comments?post=28884"}],"version-history":[{"count":4,"href":"https:\/\/ismfrance.org\/index.php\/wp-json\/wp\/v2\/posts\/28884\/revisions"}],"predecessor-version":[{"id":28889,"href":"https:\/\/ismfrance.org\/index.php\/wp-json\/wp\/v2\/posts\/28884\/revisions\/28889"}],"wp:featuredmedia":[{"embeddable":true,"href":"https:\/\/ismfrance.org\/index.php\/wp-json\/wp\/v2\/media\/28887"}],"wp:attachment":[{"href":"https:\/\/ismfrance.org\/index.php\/wp-json\/wp\/v2\/media?parent=28884"}],"wp:term":[{"taxonomy":"category","embeddable":true,"href":"https:\/\/ismfrance.org\/index.php\/wp-json\/wp\/v2\/categories?post=28884"},{"taxonomy":"post_tag","embeddable":true,"href":"https:\/\/ismfrance.org\/index.php\/wp-json\/wp\/v2\/tags?post=28884"}],"curies":[{"name":"wp","href":"https:\/\/api.w.org\/{rel}","templated":true}]}}