{"id":28873,"date":"2026-04-27T10:53:06","date_gmt":"2026-04-27T08:53:06","guid":{"rendered":"https:\/\/ismfrance.org\/?p=28873"},"modified":"2026-04-27T12:23:34","modified_gmt":"2026-04-27T10:23:34","slug":"temoignages-de-gazaouis-la-survie-qui-sorganise-au-jour-le-jour-dans-lenfer-de-gaza-partie-683-24-25-04-changement-ou-continuite-dans-l","status":"publish","type":"post","link":"https:\/\/ismfrance.org\/index.php\/2026\/04\/27\/temoignages-de-gazaouis-la-survie-qui-sorganise-au-jour-le-jour-dans-lenfer-de-gaza-partie-683-24-25-04-changement-ou-continuite-dans-l\/","title":{"rendered":"T\u00e9moignages de Gazaouis : La survie qui s\u2019organise au jour le jour dans l\u2019enfer de Gaza \u2013 partie 683 \/ 24-25.04 \u2013\u00a0Changement ou Continuit\u00e9 dans \u00ab\u00a0l\u2019apr\u00e8s-guerre \u00e0 Gaza\u00a0\u00bb ? \/ Avec la peur, les villes ne dorment plus"},"content":{"rendered":"<p align=\"LEFT\"><span style=\"color: #000000;\"><span style=\"font-family: Arial, sans-serif;\"><span style=\"font-size: medium;\"><strong>Brigitte Challande, 27 avril 2026.<\/strong>&#8211; Deux articles de r\u00e9flexion envoy\u00e9s par Abu Amir, les 24 et 25 avril, sur les suites de la guerre g\u00e9nocidaire d&rsquo;Isra\u00ebl. <strong>Qu\u2019est-ce qui a chang\u00e9 et qui n\u2019a pas encore chang\u00e9 apr\u00e8s la guerre ? &amp; Les villes sans sommeil.<\/strong><\/span><\/span><\/span><\/p>\n<div id=\"attachment_28877\" style=\"width: 610px\" class=\"wp-caption aligncenter\"><a href=\"https:\/\/ismfrance.org\/wp-content\/uploads\/2026\/04\/HG2L3xwbwAA21FO.jpg\"><img loading=\"lazy\" decoding=\"async\" aria-describedby=\"caption-attachment-28877\" class=\"wp-image-28877 size-large\" src=\"https:\/\/ismfrance.org\/wp-content\/uploads\/2026\/04\/HG2L3xwbwAA21FO-700x411.jpg\" alt=\"\" width=\"600\" height=\"352\" srcset=\"https:\/\/ismfrance.org\/wp-content\/uploads\/2026\/04\/HG2L3xwbwAA21FO-700x411.jpg 700w, https:\/\/ismfrance.org\/wp-content\/uploads\/2026\/04\/HG2L3xwbwAA21FO-300x176.jpg 300w, https:\/\/ismfrance.org\/wp-content\/uploads\/2026\/04\/HG2L3xwbwAA21FO-768x451.jpg 768w, https:\/\/ismfrance.org\/wp-content\/uploads\/2026\/04\/HG2L3xwbwAA21FO-1536x902.jpg 1536w, https:\/\/ismfrance.org\/wp-content\/uploads\/2026\/04\/HG2L3xwbwAA21FO.jpg 1988w\" sizes=\"auto, (max-width: 600px) 100vw, 600px\" \/><\/a><p id=\"caption-attachment-28877\" class=\"wp-caption-text\">Photo extraite du film \u00ab\u00a02 ans en immersion dans l&rsquo;enfer de Gaza\u00a0\u00bb, r\u00e9alis\u00e9 par Charles Villa \u00e0 partir du vlog du reporter Palestinien Suhail Nassar, qui a film\u00e9 son quotidien et celui de deux enfants dans le g\u00e9nocide de la bande de Gaza. Le film est disponible sur la chaine Youtube de Charles Villa, <span style=\"color: #ff0000;\"><strong><a style=\"color: #ff0000;\" href=\"https:\/\/www.youtube.com\/watch?v=xYj-XMIjHGo&amp;t=1s\">ICI<\/a><\/strong><\/span>.<\/p><\/div>\n<p align=\"LEFT\"><span style=\"color: #000000;\"><span style=\"font-family: Arial, sans-serif;\"><span style=\"font-size: medium;\">\u00ab\u00a0Dans les moments qui suivent la fin des guerres, les discours sur les transformations se multiplient, tout comme les r\u00e9f\u00e9rences \u00e0 une \u00ab nouvelle phase \u00bb suppos\u00e9e avoir commenc\u00e9, et \u00e0 une r\u00e9alit\u00e9 diff\u00e9rente fa\u00e7onn\u00e9e sous la pression du feu et de la fum\u00e9e. Mais la question la plus honn\u00eate ne porte pas seulement sur ce qui a chang\u00e9, mais aussi sur ce qui est rest\u00e9 tel quel, voire s\u2019est renforc\u00e9. Car les guerres, malgr\u00e9 leur capacit\u00e9 \u00e0 remodeler le paysage, ne parviennent pas toujours \u00e0 en d\u00e9manteler les racines ; elles les reproduisent souvent sous des formes plus complexes. <\/span><\/span><\/span><\/p>\n<p align=\"LEFT\"><span style=\"color: #000000;\"><span style=\"font-family: Arial, sans-serif;\"><span style=\"font-size: medium;\">Dans le contexte de l\u2019apr\u00e8s-guerre \u00e0 Gaza, cette contradiction appara\u00eet clairement : les signes de transformation coexistent avec des constantes demeur\u00e9es intactes, comme si le temps avait avanc\u00e9 dans deux directions parall\u00e8les: l\u2019une vers le changement, l\u2019autre vers la continuit\u00e9.<\/span><\/span><\/span><\/p>\n<p align=\"LEFT\"><span style=\"color: #000000;\"><span style=\"font-family: Arial, sans-serif;\"><span style=\"font-size: medium;\">Au niveau de la r\u00e9alit\u00e9 mat\u00e9rielle, il est ind\u00e9niable que les changements sont vastes et visibles. Le lieu lui-m\u00eame n\u2019est plus ce qu\u2019il \u00e9tait. Les infrastructures, qui constituent la base de la vie quotidienne, ont subi de profondes atteintes. Le paysage g\u00e9n\u00e9ral porte d\u00e9sormais des traces tangibles de la guerre : b\u00e2timents d\u00e9truits, routes endommag\u00e9es, services essentiels perturb\u00e9s. Ces transformations ne repr\u00e9sentent pas seulement des pertes imm\u00e9diates ; elles signifient aussi que le point de d\u00e9part vers l\u2019avenir est devenu plus difficile, car la reconstruction ne commence pas \u00e0 partir d\u2019une situation stable, mais d\u2019une r\u00e9alit\u00e9 \u00e9puis\u00e9e n\u00e9cessitant des efforts redoubl\u00e9s pour retrouver un minimum d\u2019\u00e9quilibre. <\/span><\/span><\/span><\/p>\n<p align=\"LEFT\"><span style=\"color: #000000;\"><span style=\"font-family: Arial, sans-serif;\"><span style=\"font-size: medium;\">En m\u00eame temps, le rythme de la vie au sein de la soci\u00e9t\u00e9 a chang\u00e9. Le sentiment d\u2019incertitude est devenu plus pr\u00e9sent, et la capacit\u00e9 de planification \u00e0 long terme a recul\u00e9, car l\u2019avenir semble ouvert \u00e0 des possibilit\u00e9s floues. Cette transformation dans la perception du temps n\u2019est pas moins importante que les changements mat\u00e9riels, car elle influence la mani\u00e8re de penser des individus, leurs d\u00e9cisions et leur capacit\u00e9 \u00e0 investir dans leur vie, tant au niveau personnel que collectif. <\/span><\/span><\/span><\/p>\n<p align=\"LEFT\"><span style=\"color: #000000;\"><span style=\"font-family: Arial, sans-serif;\"><span style=\"font-size: medium;\">Cependant, face \u00e0 ces transformations, certains \u00e9l\u00e9ments n\u2019ont pas chang\u00e9, voire se sont renforc\u00e9s. En premier lieu, la nature m\u00eame du \u00ab\u00a0conflit\u00a0\u00bb demeure, avec ses causes fondamentales intactes. Aucune solution radicale n\u2019a \u00e9t\u00e9 trouv\u00e9e pour traiter les questions au c\u0153ur du \u00ab\u00a0conflit\u00a0\u00bb ; celles-ci restent en suspens, attendant un autre moment pour r\u00e9appara\u00eetre. Cela limite la port\u00e9e de l\u2019id\u00e9e d\u2019une \u00ab nouvelle phase \u00bb, car la nouveaut\u00e9 ne peut \u00eatre compl\u00e8te sans un changement des bases sur lesquelles repose la r\u00e9alit\u00e9.<\/span><\/span><\/span><\/p>\n<p align=\"LEFT\"><span style=\"color: #000000;\"><span style=\"font-family: Arial, sans-serif;\"><span style=\"font-size: medium;\">Dans ce contexte, les \u00e9quilibres politiques restent relativement stables, malgr\u00e9 des changements apparents dans les d\u00e9tails. Il n\u2019y a pas eu de transformation radicale des rapports de force ; les parties ont plut\u00f4t r\u00e9organis\u00e9 leurs positions dans le m\u00eame cadre g\u00e9n\u00e9ral. Cela signifie que les r\u00e8gles du jeu n\u2019ont pas profond\u00e9ment chang\u00e9 et que les risques de r\u00e9p\u00e9tition demeurent, puisque les conditions ayant conduit \u00e0 l\u2019escalade sont toujours pr\u00e9sentes, m\u00eame sous des formes diff\u00e9rentes. <\/span><\/span><\/span><\/p>\n<p align=\"LEFT\"><span style=\"color: #000000;\"><span style=\"font-family: Arial, sans-serif;\"><span style=\"font-size: medium;\">Parmi les \u00e9l\u00e9ments qui n\u2019ont pas chang\u00e9 figure \u00e9galement le discours dominant autour du \u00ab\u00a0conflit\u00a0\u00bb, qui continue de porter de fortes dimensions de division. Le langage qui met l\u2019accent sur les diff\u00e9rences persiste, nourrissant les tensions et limitant la possibilit\u00e9 de construire un r\u00e9cit commun pouvant servir de base \u00e0 un rapprochement futur. Cette stabilit\u00e9 du discours refl\u00e8te la profondeur du probl\u00e8me, car le changement de langage est souvent le signe d\u2019une transformation plus profonde de la pens\u00e9e \u2014 ce qui ne s\u2019est pas encore produit de mani\u00e8re \u00e9vidente.<\/span><\/span><\/span><\/p>\n<p align=\"LEFT\"><span style=\"color: #000000;\"><span style=\"font-family: Arial, sans-serif;\"><span style=\"font-size: medium;\">Au sein de la soci\u00e9t\u00e9, les transformations s\u2019entrem\u00ealent avec la continuit\u00e9 de mani\u00e8re complexe. D\u2019une part, un sentiment croissant d\u2019\u00e9puisement r\u00e9sulte de la r\u00e9p\u00e9tition des crises ; d\u2019autre part, une capacit\u00e9 persistante d\u2019adaptation \u00e0 la r\u00e9alit\u00e9 subsiste. La soci\u00e9t\u00e9 semble ainsi vivre dans un \u00e9tat double, entre le d\u00e9sir de changement et l\u2019habitude de ce qui existe d\u00e9j\u00e0. Cette situation rend difficile la pr\u00e9vision de son orientation future, car elle contient \u00e0 la fois des \u00e9l\u00e9ments favorisant la stabilit\u00e9 et d\u2019autres pouvant mener \u00e0 l\u2019explosion. <\/span><\/span><\/span><\/p>\n<p align=\"LEFT\"><span style=\"color: #000000;\"><span style=\"font-family: Arial, sans-serif;\"><span style=\"font-size: medium;\">Sur le plan humain, ce qui a chang\u00e9 n\u2019est pas moins important que ce qui est rest\u00e9 inchang\u00e9. La guerre a laiss\u00e9 des traces profondes dans les esprits \u2014 sous forme de traumatismes, de pertes ou d\u2019un sentiment accru d\u2019ins\u00e9curit\u00e9. Ces effets ne disparaissent pas avec la fin des combats ; ils persistent et deviennent partie int\u00e9grante de l\u2019exp\u00e9rience quotidienne. Cela influence les relations au sein de la soci\u00e9t\u00e9 et la mani\u00e8re dont les individus interagissent entre eux et avec le monde qui les entoure. En parall\u00e8le, la d\u00e9termination \u00e0 continuer constitue l\u2019une des constantes qui n\u2019ont pas chang\u00e9. Les gens poursuivent leur vie malgr\u00e9 les d\u00e9fis et cherchent des moyens de reconstruire ce qui peut l\u2019\u00eatre. Cette capacit\u00e9 \u00e0 continuer, malgr\u00e9 son importance, refl\u00e8te aussi un manque de choix, car l\u2019adaptation est souvent une n\u00e9cessit\u00e9 plut\u00f4t qu\u2019un choix. Cela ajoute une dimension suppl\u00e9mentaire \u00e0 la compr\u00e9hension de la r\u00e9alit\u00e9, o\u00f9 la r\u00e9silience ne peut \u00eatre dissoci\u00e9e des conditions qui l\u2019imposent.<\/span><\/span><\/span><\/p>\n<p align=\"LEFT\"><span style=\"color: #000000;\"><span style=\"font-family: Arial, sans-serif;\"><span style=\"font-size: medium;\">En se tournant vers l\u2019avenir, la question devient plus complexe. Ce qui a chang\u00e9 et ce qui n\u2019a pas chang\u00e9 interagissent pour former une trajectoire incertaine. Les transformations mat\u00e9rielles et humaines ouvrent la voie \u00e0 une reconsid\u00e9ration, mais elles ne suffisent pas \u00e0 produire un v\u00e9ritable changement. <\/span><\/span><\/span><\/p>\n<p align=\"LEFT\"><span style=\"color: #000000;\"><span style=\"font-family: Arial, sans-serif;\"><span style=\"font-size: medium;\">En revanche, les constantes politiques et discursives reproduisent les m\u00eames d\u00e9fis, pla\u00e7ant la r\u00e9gion face \u00e0 un carrefour entre la possibilit\u00e9 de transformation et le risque de r\u00e9p\u00e9tition. Dans ce cadre, il est impossible de dissocier ce qui se passe du contexte r\u00e9gional et international. Les facteurs externes jouent un r\u00f4le dans l\u2019orientation des \u00e9v\u00e9nements, que ce soit par le soutien ou par la pression. Toutefois, malgr\u00e9 leur influence, ils ne peuvent se substituer \u00e0 un changement interne, car toute solution durable n\u00e9cessite un consensus local et une volont\u00e9 de r\u00e9\u00e9valuer les trajectoires existantes \u2014 ce qui ne semble pas encore pleinement disponible.<\/span><\/span><\/span><\/p>\n<p align=\"LEFT\"><span style=\"color: #000000;\"><span style=\"font-family: Arial, sans-serif;\"><span style=\"font-size: medium;\">En conclusion, l\u2019apr\u00e8s-guerre ne peut \u00eatre r\u00e9duit \u00e0 une simple liste de changements ou de constantes. Il s\u2019agit d\u2019un \u00e9tat complexe qui refl\u00e8te l\u2019entrelacement du pass\u00e9 et du pr\u00e9sent, tout en ouvrant la voie \u00e0 un avenir encore ind\u00e9termin\u00e9. Entre ce qui a chang\u00e9 et ce qui n\u2019a pas chang\u00e9, l\u2019\u00e9l\u00e9ment d\u00e9cisif reste le choix de la direction \u00e0 suivre : vers un traitement des causes profondes ou vers une gestion temporaire de la crise. Ce choix, malgr\u00e9 sa difficult\u00e9, d\u00e9terminera si cette guerre n\u2019est qu\u2019un nouvel \u00e9pisode d\u2019une longue s\u00e9rie, ou le d\u00e9but d\u2019une v\u00e9ritable transformation, m\u00eame si celle-ci semble encore lointaine \u00e0 l\u2019heure actuelle.\u00a0\u00bb<\/span><\/span><\/span><\/p>\n<hr \/>\n<p align=\"LEFT\"><strong><span style=\"color: #000000;\"><span style=\"font-family: Arial, sans-serif;\"><span style=\"font-size: medium;\">Dans les villes sans sommeil, comment la peur poursuit leurs habitants m\u00eame apr\u00e8s la guerre. <\/span><\/span><\/span><\/strong><\/p>\n<p align=\"LEFT\"><span style=\"color: #000000;\"><span style=\"font-family: Arial, sans-serif;\"><span style=\"font-size: medium;\">\u00ab\u00a0Dans les villes qui viennent \u00e0 peine de sortir de la guerre, le silence ne signifie pas que tout est revenu \u00e0 la normale. Au contraire, ce silence peut \u00eatre plus angoissant que le vacarme qui l\u2019a pr\u00e9c\u00e9d\u00e9. La peur ne dispara\u00eet pas avec le dernier bruit d\u2019explosion ; elle reste suspendue dans les d\u00e9tails du quotidien, dans les regards des gens, dans leur mani\u00e8re de marcher dans les rues, dans leur h\u00e9sitation avant de dormir. Comme si la guerre ne s\u2019\u00e9tait pas r\u00e9ellement termin\u00e9e, mais avait simplement chang\u00e9 de forme, passant d\u2019un \u00e9v\u00e9nement visible \u00e0 une sensation permanente qui accompagne la vie sans se d\u00e9clarer ouvertement.<\/span><\/span><\/span><\/p>\n<div id=\"attachment_28880\" style=\"width: 610px\" class=\"wp-caption aligncenter\"><a href=\"https:\/\/ismfrance.org\/wp-content\/uploads\/2026\/04\/car.jpg\"><img loading=\"lazy\" decoding=\"async\" aria-describedby=\"caption-attachment-28880\" class=\"wp-image-28880 size-large\" src=\"https:\/\/ismfrance.org\/wp-content\/uploads\/2026\/04\/car-700x383.jpg\" alt=\"\" width=\"600\" height=\"328\" srcset=\"https:\/\/ismfrance.org\/wp-content\/uploads\/2026\/04\/car-700x383.jpg 700w, https:\/\/ismfrance.org\/wp-content\/uploads\/2026\/04\/car-300x164.jpg 300w, https:\/\/ismfrance.org\/wp-content\/uploads\/2026\/04\/car-768x420.jpg 768w, https:\/\/ismfrance.org\/wp-content\/uploads\/2026\/04\/car.jpg 1275w\" sizes=\"auto, (max-width: 600px) 100vw, 600px\" \/><\/a><p id=\"caption-attachment-28880\" class=\"wp-caption-text\">24 avril 2026.| Trois Palestiniens tu\u00e9s apr\u00e8s qu&rsquo;un avion isra\u00e9lien a bombard\u00e9 un v\u00e9hicule de police \u00e0 Khan Younis, dans le sud de la bande de Gaza. Source <a href=\"https:\/\/x.com\/QudsNen\/status\/2047717617998192954\">Quds News Network<\/a>.<\/p><\/div>\n<p align=\"LEFT\"><span style=\"color: #000000;\"><span style=\"font-family: Arial, sans-serif;\"><span style=\"font-size: medium;\">Dans ces villes, habitu\u00e9es \u00e0 \u00eatre le th\u00e9\u00e2tre de la violence, la nuit devient une \u00e9preuve psychologique \u00e0 part enti\u00e8re. Elle n\u2019apporte pas tant le repos qu\u2019elle ravive la m\u00e9moire. L\u2019obscurit\u00e9 se transforme en un espace o\u00f9 resurgissent tout ce qui n\u2019a pas \u00e9t\u00e9 gu\u00e9ri, toutes les images rest\u00e9es grav\u00e9es dans l\u2019esprit. L\u2019insomnie n\u2019y est pas une simple phase passag\u00e8re, mais l\u2019expression d\u2019une r\u00e9alit\u00e9 plus profonde, qui emp\u00eache les habitants de ressentir une s\u00e9curit\u00e9 totale, m\u00eame en l\u2019absence de danger imm\u00e9diat.<\/span><\/span><\/span><\/p>\n<p align=\"LEFT\"><span style=\"color: #000000;\"><span style=\"font-family: Arial, sans-serif;\"><span style=\"font-size: medium;\">Gaza, en tant que l\u2019une des villes les plus expos\u00e9es \u00e0 des cycles r\u00e9p\u00e9t\u00e9s d\u2019escalade, offre un exemple clair de cette situation. La guerre n\u2019y prend pas fin avec l\u2019arr\u00eat des op\u00e9rations militaires ; elle se poursuit sous une autre forme, visible dans l\u2019anxi\u00e9t\u00e9 constante et dans la sensation que ce qui s\u2019est produit peut se reproduire \u00e0 tout moment. Ce sentiment, bien qu\u2019intangible, influence profond\u00e9ment la mani\u00e8re dont les gens vivent, prennent leurs d\u00e9cisions et envisagent leur avenir.<\/span><\/span><\/span><\/p>\n<p align=\"LEFT\"><span style=\"color: #000000;\"><span style=\"font-family: Arial, sans-serif;\"><span style=\"font-size: medium;\">Dans ce contexte, la peur devient une composante du quotidien. Elle n\u2019est pas toujours exprim\u00e9e directement, mais elle reste en arri\u00e8re-plan, guidant les comportements, d\u00e9terminant les priorit\u00e9s et influen\u00e7ant les relations. Les gens peuvent donner l\u2019impression d\u2019avoir repris leur vie, mais ce retour reste conditionnel, limit\u00e9 et temporaire. Le sentiment de stabilit\u00e9 demeure incomplet, comme s\u2019il \u00e9tait repouss\u00e9 \u00e0 un moment ind\u00e9termin\u00e9.<\/span><\/span><\/span><\/p>\n<p align=\"LEFT\"><span style=\"color: #000000;\"><span style=\"font-family: Arial, sans-serif;\"><span style=\"font-size: medium;\">Sur le plan politique, cette r\u00e9alit\u00e9 ne peut \u00eatre dissoci\u00e9e de la nature de l\u2019apr\u00e8s-guerre, souvent marqu\u00e9e par des solutions provisoires, des accords fragiles et des garanties insuffisantes. Cela renforce le sentiment d\u2019incertitude, car les habitants comprennent, m\u00eame sans le dire, que ce qu\u2019ils vivent n\u2019est pas la fin du conflit, mais une pause qui pourrait \u00eatre de courte dur\u00e9e. Cette conscience ajoute une couche suppl\u00e9mentaire d\u2019angoisse, rendant le pr\u00e9sent instable et difficile \u00e0 consid\u00e9rer comme fiable.<\/span><\/span><\/span><\/p>\n<p align=\"LEFT\"><span style=\"color: #000000;\"><span style=\"font-family: Arial, sans-serif;\"><span style=\"font-size: medium;\">Dans de telles conditions, une forme particuli\u00e8re d\u2019adaptation \u00e9merge. Les gens apprennent \u00e0 vivre avec la peur plut\u00f4t qu\u2019\u00e0 s\u2019en lib\u00e9rer. C\u2019est une adaptation complexe, qui exige un \u00e9quilibre constant entre continuer \u00e0 vivre et rester pr\u00eat \u00e0 une interruption soudaine. Ce mode de vie laisse des traces profondes, surtout chez les enfants et les jeunes, qui grandissent dans un environnement instable, apprenant d\u00e8s le d\u00e9part que tout peut basculer \u00e0 tout moment. Avec le temps, cet impact d\u00e9passe l\u2019exp\u00e9rience individuelle pour devenir une part de la conscience collective. Une v\u00e9ritable culture se d\u00e9veloppe autour de la gestion du danger, de la notion de s\u00e9curit\u00e9 et des limites du possible. Si cette culture aide \u00e0 survivre, elle impose aussi des contraintes, car elle rend difficile l\u2019imagination d\u2019une r\u00e9alit\u00e9 diff\u00e9rente, o\u00f9 la peur ne serait pas omnipr\u00e9sente.<\/span><\/span><\/span><\/p>\n<p align=\"LEFT\"><span style=\"color: #000000;\"><span style=\"font-family: Arial, sans-serif;\"><span style=\"font-size: medium;\">Dans ce cadre, la question de l\u2019apr\u00e8s-guerre devient plus complexe. Elle ne concerne pas seulement la reconstruction ou la restauration des services, mais aussi la red\u00e9finition du lien entre l\u2019individu et son environnement, ainsi qu\u2019entre l\u2019individu et son avenir. Ce processus demande du temps, un environnement propice \u00e0 la gu\u00e9rison et une v\u00e9ritable conviction que ce qui s\u2019est produit ne se reproduira pas de la m\u00eame mani\u00e8re. Or, ce sentiment fait souvent d\u00e9faut. Les causes profondes de la guerre restent pr\u00e9sentes ou n\u2019ont pas \u00e9t\u00e9 trait\u00e9es de mani\u00e8re radicale, ce qui rend la peur en grande partie rationnelle. Elle ne repose pas uniquement sur la m\u00e9moire, mais sur une lecture r\u00e9aliste des conditions actuelles. Cette contradiction rend son apaisement difficile : il ne s\u2019agit pas d\u2019une simple \u00e9motion, mais d\u2019une cons\u00e9quence directe d\u2019une r\u00e9alit\u00e9 inchang\u00e9e. Au c\u0153ur de ce paysage, des tentatives individuelles et collectives \u00e9mergent pour remettre la vie sur les rails. Les habitants cherchent \u00e0 cr\u00e9er des espaces de stabilit\u00e9, m\u00eame limit\u00e9s, \u00e0 travers le travail, l\u2019\u00e9ducation, les relations sociales. Ces efforts, modestes, constituent une forme de r\u00e9sistance quotidienne, exprimant un refus de c\u00e9der totalement \u00e0 la peur et une volont\u00e9 de continuer malgr\u00e9 tout.<\/span><\/span><\/span><\/p>\n<p align=\"LEFT\"><span style=\"color: #000000;\"><span style=\"font-family: Arial, sans-serif;\"><span style=\"font-size: medium;\">Cependant, le v\u00e9ritable d\u00e9fi r\u00e9side dans la transformation de ces efforts en une dynamique plus large, capable de r\u00e9duire l\u2019emprise de la peur, et pas seulement de coexister avec elle. Cela n\u00e9cessite bien plus que des initiatives individuelles : un environnement politique, \u00e9conomique et social stable est indispensable pour offrir aux habitants des raisons concr\u00e8tes de se sentir en s\u00e9curit\u00e9, au-del\u00e0 de promesses temporaires.<\/span><\/span><\/span><\/p>\n<p align=\"LEFT\"><span style=\"color: #000000;\"><span style=\"font-family: Arial, sans-serif;\"><span style=\"font-size: medium;\">Les villes qui ne dorment pas apr\u00e8s la guerre souffrent non seulement d\u2019insomnie, mais aussi d\u2019une m\u00e9moire qui n\u2019a pas trouv\u00e9 l\u2019apaisement, d\u2019un pr\u00e9sent inachev\u00e9 et d\u2019un avenir incertain. Entre ces trois dimensions, les habitants vivent dans un \u00e9tat d\u2019attente permanente. Ils tentent de poursuivre leur vie, tout en portant en eux cette question silencieuse : tout est-il vraiment termin\u00e9, ou ce que nous vivons aujourd\u2019hui n\u2019est-il que le d\u00e9but de quelque chose d\u2019autre, encore invisible ? Et cette question, \u00e0 elle seule, suffit \u00e0 maintenir la peur pr\u00e9sente, m\u00eame dans les moments les plus calmes.\u00a0\u00bb<\/span><\/span><\/span><\/p>\n<hr \/>\n<p align=\"LEFT\"><strong>Retrouvez l\u2019ensemble des t\u00e9moignages d\u2019Abu Amir et Marsel :<\/strong><\/p>\n<pre>*<strong>Abu Amir Mutasem Ele\u00efwa<\/strong> est coordinateur des Projets paysans depuis 2016 au sud de la bande de Gaza et correspondant de l\u2019Union Juive Fran\u00e7aise pour la Paix.\r\n*<strong>Marsel Alledawi<\/strong> est responsable du Centre Ibn Sina du nord de la bande de Gaza, centre qui se consacre au suivi \u00e9ducatif et psychologique de l\u2019enfance.\r\nTous les deux sont soutenus par l\u2019UJFP en France.<\/pre>\n<p><strong>\u00a0<a href=\"https:\/\/ismfrance.org\/index.php\/2026\/01\/02\/temoignages-de-gazaouis-la-survie-qui-sorganise-au-jour-le-jour-dans-lenfer-de-gaza-partie-615-01-01-la-liberte-un-reve-differe-pour-les-habitants-de-ga\/\">Partie 615<\/a>\u00a0: 1er janvier 2026.\u00a0<a href=\"https:\/\/ismfrance.org\/index.php\/2026\/01\/03\/temoignages-de-gazaouis-la-survie-qui-sorganise-au-jour-le-jour-dans-lenfer-de-gaza-partie-616-02-01-leau-contaminee-un-nouveau-risque-mortel\/\">Partie 616<\/a>\u00a0: 2 janvier.\u00a0<a href=\"https:\/\/ismfrance.org\/index.php\/2026\/01\/05\/temoignages-de-gazaouis-la-survie-qui-sorganise-au-jour-le-jour-dans-lenfer-de-gaza-partie-617-04-01-avec-leducation-transformer-la-guerre-en-o\/\">Partie 617<\/a>\u00a0: 4 janvier.\u00a0<a href=\"https:\/\/ismfrance.org\/index.php\/2026\/01\/06\/temoignages-de-gazaouis-la-survie-qui-sorganise-au-jour-le-jour-dans-lenfer-de-gaza-partie-618-05-01-un-plan-israelien-de-demantelement-methodique\/\">Partie 618<\/a>\u00a0: 5 janvier.\u00a0<a href=\"https:\/\/ismfrance.org\/index.php\/2026\/01\/07\/temoignages-de-gazaouis-la-survie-qui-sorganise-au-jour-le-jour-dans-lenfer-de-gaza-partie-619-06-01-continuer-coute-que-coute-a-soutenir-la-population\/\">Partie 619<\/a>\u00a0: 6 janvier.\u00a0<a href=\"https:\/\/ismfrance.org\/index.php\/2026\/01\/08\/temoignages-de-gazaouis-la-survie-qui-sorganise-au-jour-le-jour-dans-lenfer-de-gaza-partie-620-06-01-1-le-discours-cru-du-ministre-de-la-defense-israe\/\">Partie 620<\/a>\u00a0: 6 janvier (1).\u00a0<a href=\"https:\/\/ismfrance.org\/index.php\/2026\/01\/08\/temoignages-de-gazaouis-la-survie-qui-sorganise-au-jour-le-jour-dans-lenfer-de-gaza-partie-621-07-01-comment-le-soutien-psychologique-peut-proteger-de-la\/\">Partie 621<\/a>\u00a0: 7 janvier.\u00a0<a href=\"https:\/\/ismfrance.org\/index.php\/2026\/01\/09\/temoignages-de-gazaouis-la-survie-qui-sorganise-au-jour-le-jour-dans-lenfer-de-gaza-partie-622-08-01-entre-la-tente-et-lattente-redonner-une-c\/\">Partie 622<\/a>\u00a0: 8 janvier.\u00a0<a href=\"https:\/\/ismfrance.org\/index.php\/2026\/01\/10\/26332\/\">Partie 623<\/a>\u00a0: 9 janvier.\u00a0<a href=\"https:\/\/ismfrance.org\/index.php\/2026\/01\/11\/temoignages-de-gazaouis-la-survie-qui-sorganise-au-jour-le-jour-dans-lenfer-de-gaza-partie-624-09-01-1-violations-incessantes-funerailles-permanentes\/\">Partie 624<\/a>\u00a0: 9 janvier (1).\u00a0<a href=\"https:\/\/ismfrance.org\/index.php\/2026\/01\/12\/26396\/\">Partie 625<\/a>\u00a0: 10 janvier.\u00a0<a href=\"https:\/\/ismfrance.org\/index.php\/2026\/01\/12\/temoignages-de-gazaouis-la-survie-qui-sorganise-au-jour-le-jour-dans-lenfer-de-gaza-partie-626-11-01-role-des-centres-educatifs-et-de-lecole\/\">Partie 626<\/a>\u00a0: 11 janvier.\u00a0<a href=\"https:\/\/ismfrance.org\/index.php\/2026\/01\/13\/temoignages-de-gazaouis-la-survie-qui-sorganise-au-jour-le-jour-dans-lenfer-de-gaza-partie-627-13-01-gaza-encore-au-coeur-dune-tempete-meteorolo\/\">Partie 627<\/a>\u00a0: 13 janvier.\u00a0<a href=\"https:\/\/ismfrance.org\/index.php\/2026\/01\/16\/temoignages-de-gazaouis-la-survie-qui-sorganise-au-jour-le-jour-dans-lenfer-de-gaza-partie-628-14-01-une-crise-de-panique-des-interets-europeens\/\">Partie 628<\/a>\u00a0: 14 janvier.\u00a0<a href=\"https:\/\/ismfrance.org\/index.php\/2026\/01\/18\/temoignages-de-gazaouis-la-survie-qui-sorganise-au-jour-le-jour-dans-lenfer-de-gaza-partie-629-17-01-un-atelier-pour-sauver-les-meres-et-leurs-enfants-au\/\">Partie 629<\/a>\u00a0: 17 janvier.\u00a0<a href=\"https:\/\/ismfrance.org\/index.php\/2026\/01\/19\/temoignages-de-gazaouis-la-survie-qui-sorganise-au-jour-le-jour-dans-lenfer-de-gaza-partie-630-18-01-la-deuxieme-phase-du-cessez-le-feu-a-la-reingenier\/\">Partie 630<\/a>\u00a0: 18 janvier.\u00a0<a href=\"https:\/\/ismfrance.org\/index.php\/2026\/01\/20\/temoignages-de-gazaouis-la-survie-qui-sorganise-au-jour-le-jour-dans-lenfer-de-gaza-partie-631-19-01-quand-la-voix-devient-une-patrie\/\">Partie 631<\/a>\u00a0: 19 janvier.\u00a0<a href=\"https:\/\/ismfrance.org\/index.php\/2026\/01\/21\/temoignages-de-gazaouis-la-survie-qui-sorganise-au-jour-le-jour-dans-lenfer-de-gaza-partie-632-19-01-1-les-dechets-accumules-une-bombe-sanitaire-a-ret\/\">Partie 632<\/a>\u00a0: 19 janvier (1).\u00a0<a href=\"https:\/\/ismfrance.org\/index.php\/2026\/01\/22\/temoignages-de-gazaouis-la-survie-qui-sorganise-au-jour-le-jour-dans-lenfer-de-gaza-partie-633-21-01-fabriquer-des-raisons-de-vivre\/\">Partie 633<\/a>\u00a0: 20 janvier.\u00a0<a href=\"https:\/\/ismfrance.org\/index.php\/2026\/01\/23\/26710\/\">Partie 634<\/a>\u00a0: 23 janvier.\u00a0<a href=\"https:\/\/ismfrance.org\/index.php\/2026\/01\/24\/temoignages-de-gazaouis-la-survie-qui-sorganise-au-jour-le-jour-dans-lenfer-de-gaza-partie-635-23-01-1-la-bataille-de-la-survie-dans-les-champs\/\">Partie 635<\/a>\u00a0: 23 janvier (1).\u00a0<a href=\"https:\/\/ismfrance.org\/index.php\/2026\/01\/25\/temoignages-de-gazaouis-la-survie-qui-sorganise-au-jour-le-jour-dans-lenfer-de-gaza-partie-636-24-01-gaza-aux-encheres-politiques-ouvertes\/\">Partie 636<\/a>\u00a0: 24 janvier.\u00a0<a href=\"https:\/\/ismfrance.org\/index.php\/2026\/01\/27\/temoignages-de-gazaouis-la-survie-qui-sorganise-au-jour-le-jour-dans-lenfer-de-gaza-partie-637-26-01-quand-la-vie-devient-un-combat-quotidien-pour-la-dig\/\">Partie 637<\/a>\u00a0: 26 janvier.\u00a0<a href=\"https:\/\/ismfrance.org\/index.php\/2026\/01\/28\/temoignages-de-gazaouis-la-survie-qui-sorganise-au-jour-le-jour-dans-lenfer-de-gaza-partie-638-27-01-propagation-dun-virus-respiratoire\/\">Partie 638<\/a>\u00a0: 27 janvier.\u00a0<a href=\"https:\/\/ismfrance.org\/index.php\/2026\/01\/29\/temoignages-de-gazaouis-la-survie-qui-sorganise-au-jour-le-jour-dans-lenfer-de-gaza-partie-639-28-01-un-hiver-au-chaud-des-manteaux-pour-les-enfants\/\">Partie 639<\/a>\u00a0: 28 janvier 2026.\u00a0<a href=\"https:\/\/ismfrance.org\/index.php\/2026\/02\/01\/temoignages-de-gazaouis-la-survie-qui-sorganise-au-jour-le-jour-dans-lenfer-de-gaza-partie-640-31-01-laction-humanitaire-quotidienne-une-lutte\/\">Partie 640<\/a>\u00a0: 31 janvier 2026.\u00a0<a href=\"https:\/\/ismfrance.org\/index.php\/2026\/02\/02\/temoignages-de-gazaouis-la-survie-qui-sorganise-au-jour-le-jour-dans-lenfer-de-gaza-partie-641-01-02-entre-le-feu-du-present-et-les-projets-de-laveni\/\">Partie 641<\/a>\u00a0: 1er f\u00e9vrier.\u00a0<a href=\"https:\/\/ismfrance.org\/index.php\/2026\/02\/03\/temoignages-de-gazaouis-la-survie-qui-sorganise-au-jour-le-jour-dans-lenfer-de-gaza-partie-642-02-02-la-femme-retrouve-sa-presence-quand-elle-retrouve-sa\/\">Partie 642<\/a>\u00a0: 2 f\u00e9vrier.\u00a0<a href=\"https:\/\/ismfrance.org\/index.php\/2026\/02\/04\/temoignages-de-gazaouis-la-survie-qui-sorganise-au-jour-le-jour-dans-lenfer-de-gaza-partie-643-03-02-dans-les-camps-assurer-un-hiver-au-chaud\/\">Partie 643<\/a>\u00a0: 3 f\u00e9vrier.\u00a0<a href=\"https:\/\/ismfrance.org\/index.php\/2026\/02\/05\/temoignages-de-gazaouis-la-survie-qui-sorganise-au-jour-le-jour-dans-lenfer-de-gaza-partie-643-04-02-rafah-la-porte-du-retour-alourdie-par-lopp\/\">Partie 643<\/a>\u00a0: 4 f\u00e9vrier.\u00a0<a href=\"https:\/\/ismfrance.org\/index.php\/2026\/02\/08\/temoignages-de-gazaouis-la-survie-qui-sorganise-au-jour-le-jour-dans-lenfer-de-gaza-partie-644-6-7-02-des-femmes-partagent-le-fardeau-pour-rester-debou\/\">Partie 644<\/a>\u00a0: 6 &amp; 7 f\u00e9vrier.\u00a0<a href=\"https:\/\/ismfrance.org\/index.php\/2026\/02\/09\/temoignages-de-gazaouis-la-survie-qui-sorganise-au-jour-le-jour-dans-lenfer-de-gaza-partie-645-8-02-se-tenir-au-plus-pres-des-agriculteurs\/\">Partie 645<\/a>\u00a0: 8 f\u00e9vrier.\u00a0<a href=\"https:\/\/ismfrance.org\/index.php\/2026\/02\/11\/27118\/\">Partie 646<\/a>\u00a0: 9 f\u00e9vrier.\u00a0<a href=\"https:\/\/ismfrance.org\/index.php\/2026\/02\/12\/temoignages-de-gazaouis-la-survie-qui-sorganise-au-jour-le-jour-dans-lenfer-de-gaza-partie-647-11-02-une-image-falsifiee-et-une-realite-occupee\/\">Partie 647<\/a>\u00a0: 11 f\u00e9vrier.\u00a0<a href=\"https:\/\/ismfrance.org\/index.php\/2026\/02\/15\/temoignages-de-gazaouis-la-survie-qui-sorganise-au-jour-le-jour-dans-lenfer-de-gaza-partie-648-14-02-renforcer-la-resistance-psychologique-et-les-competences\/\">Partie 648<\/a>\u00a0: 14 f\u00e9vrier.\u00a0<a href=\"https:\/\/ismfrance.org\/index.php\/2026\/02\/16\/temoignages-de-gazaouis-la-survie-qui-sorganise-au-jour-le-jour-dans-lenfer-de-gaza-partie-649-15-02-la-realite-de-la-vie-quotidienne-pour-bien-comprendr\/\">Partie 649<\/a>\u00a0: 15 f\u00e9vrier.\u00a0<a href=\"https:\/\/ismfrance.org\/index.php\/2026\/02\/18\/temoignages-de-gazaouis-la-survie-qui-sorganise-au-jour-le-jour-dans-lenfer-de-gaza-partie-650-16-02-entre-les-tentes-et-les-cahiers\/\">Partie 650<\/a>\u00a0: 16 f\u00e9vrier.\u00a0<a href=\"https:\/\/ismfrance.org\/index.php\/2026\/02\/18\/temoignages-de-gazaouis-la-survie-qui-sorganise-au-jour-le-jour-dans-lenfer-de-gaza-partie-651-17-02-la-realite-de-la-bande-de-gaza-dans-son-environnemen\/\">Partie 651<\/a>\u00a0: 17 f\u00e9vrier.\u00a0<a href=\"https:\/\/ismfrance.org\/index.php\/2026\/02\/18\/temoignages-de-gazaouis-la-survie-qui-sorganise-au-jour-le-jour-dans-lenfer-de-gaza-partie-652-17-02-1-continuite-de-linitiative-un-hiver-au-c\/\">Partie 652<\/a>\u00a0: 17 f\u00e9vrier (1).\u00a0<a href=\"https:\/\/ismfrance.org\/index.php\/2026\/02\/20\/temoignages-de-gazaouis-la-survie-qui-sorganise-au-jour-le-jour-dans-lenfer-de-gaza-partie-653-19-02-pour-gaza-la-justice-internationale-est-selective\/\">Partie 653<\/a>\u00a0: 19 f\u00e9vrier.\u00a0<a href=\"https:\/\/ismfrance.org\/index.php\/2026\/02\/21\/temoignages-de-gazaouis-la-survie-qui-sorganise-au-jour-le-jour-dans-lenfer-de-gaza-partie-654-20-02-vivre-le-ramadan-comme-un-espace-de-force\/\">Partie 654<\/a>\u00a0: 20 f\u00e9vrier.\u00a0<a href=\"https:\/\/ismfrance.org\/index.php\/2026\/02\/22\/temoignages-de-gazaouis-la-survie-qui-sorganise-au-jour-le-jour-dans-lenfer-de-gaza-partie-655-21-02-laide-humanitaire-un-choix-politique-pour\/\">Partie 655<\/a>\u00a0: 21 f\u00e9vrier.\u00a0<a href=\"https:\/\/ismfrance.org\/index.php\/2026\/02\/24\/temoignages-de-gazaouis-la-survie-qui-sorganise-au-jour-le-jour-dans-lenfer-de-gaza-partie-656-23-02-dans-une-tente-dressee-sur-le-sable-pendant-le-ramad\/\">Partie 656<\/a>\u00a0: 23 f\u00e9vrier.\u00a0<a href=\"https:\/\/ismfrance.org\/index.php\/2026\/02\/26\/temoignages-de-gazaouis-la-survie-qui-sorganise-au-jour-le-jour-dans-lenfer-de-gaza-partie-657-24-02-leducation-comme-un-outil-de-resistance-a-l\/\">Partie 657<\/a>\u00a0: 24 f\u00e9vrier.\u00a0<a href=\"https:\/\/ismfrance.org\/index.php\/2026\/02\/27\/temoignages-de-gazaouis-la-survie-qui-sorganise-au-jour-le-jour-dans-lenfer-de-gaza-partie-658-25-02-la-democratie-du-bulldozer\/\">Partie 658<\/a>\u00a0: 25 f\u00e9vrier.\u00a0<a href=\"https:\/\/ismfrance.org\/index.php\/2026\/02\/27\/temoignages-de-gazaouis-la-survie-qui-sorganise-au-jour-le-jour-dans-lenfer-de-gaza-partie-659-26-02-quelle-boussole-ethique-pour-les-etats-occidentaux\/\">Partie 659<\/a>\u00a0: 26 f\u00e9vrier.\u00a0<a href=\"https:\/\/ismfrance.org\/index.php\/2026\/03\/01\/temoignages-de-gazaouis-la-survie-qui-sorganise-au-jour-le-jour-dans-lenfer-de-gaza-partie-660-28-02-le-travail-humanitaire-un-droit-a-la-vie\/\">Partie 660<\/a>\u00a0: 28 f\u00e9vrier.\u00a0<a href=\"https:\/\/ismfrance.org\/index.php\/2026\/03\/02\/temoignages-de-gazaouis-la-survie-qui-sorganise-au-jour-le-jour-dans-lenfer-de-gaza-partie-661-01-03-un-espace-et-un-temps-pour-reprendre-son-souffle\/\">Partie 661<\/a>\u00a0: 1er mars.\u00a0<a href=\"https:\/\/ismfrance.org\/index.php\/2026\/03\/03\/temoignages-de-gazaouis-la-survie-qui-sorganise-au-jour-le-jour-dans-lenfer-de-gaza-partie-662-02-03-ramadan-les-femmes-fabriquent-la-securite-au-coeur\/\">Partie 662<\/a>\u00a0: 2 mars.\u00a0<a href=\"https:\/\/ismfrance.org\/index.php\/2026\/03\/04\/temoignages-de-gazaouis-la-survie-qui-sorganise-au-jour-le-jour-dans-lenfer-de-gaza-partie-663-03-03-meme-dans-les-conditions-les-plus-difficiles-l\/\">Partie 663<\/a>\u00a0: 3 mars. Partie 664 : 6 mars.\u00a0<a href=\"https:\/\/ismfrance.org\/index.php\/2026\/03\/09\/temoignages-de-gazaouis-la-survie-qui-sorganise-au-jour-le-jour-dans-lenfer-de-gaza-partie-665-07-03-quand-les-coeurs-parlent\/\">Partie 665<\/a>\u00a0: 7 mars.\u00a0<a href=\"https:\/\/ismfrance.org\/index.php\/2026\/03\/10\/temoignages-de-gazaouis-la-survie-qui-sorganise-au-jour-le-jour-dans-lenfer-de-gaza-partie-666-08-10-03-soutien-humanitaire-et-education-a-gaza\/\">Partie 666<\/a>\u00a0: 8-10 mars.\u00a0<a href=\"https:\/\/ismfrance.org\/index.php\/2026\/03\/15\/temoignages-de-gazaouis-la-survie-qui-sorganise-au-jour-le-jour-dans-lenfer-de-gaza-partie-667-11-15-03-les-femmes-sur-le-chemin-du-retablissement-souti\/\">Partie 667<\/a>\u00a0: 11\u00a0 au 15 mars.\u00a0<a href=\"https:\/\/ismfrance.org\/index.php\/2026\/03\/19\/temoignages-de-gazaouis-la-survie-qui-sorganise-au-jour-le-jour-dans-lenfer-de-gaza-partie-668-16-03-quand-les-femmes-parlent-le-coeur-guerit-dans-les-t\/\">Partie 668<\/a>\u00a0: 16 mars.\u00a0<a href=\"https:\/\/ismfrance.org\/index.php\/2026\/03\/19\/temoignages-de-gazaouis-la-survie-qui-sorganise-au-jour-le-jour-dans-lenfer-de-gaza-partie-669-17-18-03-circonvolutions-des-discours-autour-de-la-realite\/\">Partie 669<\/a>\u00a0: 17 &amp; 18 mars.\u00a0<a href=\"https:\/\/ismfrance.org\/index.php\/2026\/03\/23\/temoignages-de-gazaouis-la-survie-qui-sorganise-au-jour-le-jour-dans-lenfer-de-gaza-partie-670-19-au-22-03-une-realite-humaine-de-plus-en-plus-dure-jour\/\">Partie 670<\/a>\u00a0: 19 au 22 mars.\u00a0<a href=\"https:\/\/ismfrance.org\/index.php\/2026\/03\/24\/temoignages-de-gazaouis-la-survie-qui-sorganise-au-jour-le-jour-dans-lenfer-de-gaza-partie-671-23-03-etre-palestinien\/\">Partie 671<\/a>\u00a0: 23 mars.\u00a0<a href=\"https:\/\/ismfrance.org\/index.php\/2026\/03\/29\/temoignages-de-gazaouis-la-survie-qui-sorganise-au-jour-le-jour-dans-lenfer-de-gaza-partie-672-27-28-03-khan-younes-et-rafah-deux-villes-detruites-a-raconter-et-a-reecrire\/\">Partie 672<\/a>\u00a0: 27-28 mars.\u00a0<a href=\"https:\/\/ismfrance.org\/index.php\/2026\/04\/02\/temoignages-de-gazaouis-la-survie-qui-sorganise-au-jour-le-jour-dans-lenfer-de-gaza-partie-674-29-30-03-1er-avril-affirmer-le-droit-a-la-vie\/\">Partie 673<\/a>\u00a0: 29 et 30 mars \/ 1er avril.\u00a0<a href=\"https:\/\/ismfrance.org\/index.php\/2026\/04\/07\/temoignages-de-gazaouis-la-survie-qui-sorganise-au-jour-le-jour-dans-lenfer-de-gaza-partie-674-2-6-04-quand-se-nourrir-est-une-question-de-survie-non-un\/\">Partie 674<\/a>\u00a0: 2 au 6 avril.\u00a0<a href=\"https:\/\/ismfrance.org\/index.php\/2026\/04\/10\/temoignages-de-gazaouis-la-survie-qui-sorganise-au-jour-le-jour-dans-lenfer-de-gaza-partie-675-7-9-04-continuer-a-ouvrir-un-livre-construire-des-reseaux\/\">Partie 675<\/a>\u00a0: 7-9 avril.\u00a0<a href=\"https:\/\/ismfrance.org\/index.php\/2026\/04\/11\/temoignages-de-gazaouis-la-survie-qui-sorganise-au-jour-le-jour-dans-lenfer-de-gaza-partie-676-10-04-cultiver-la-vie-redonner-souffle-a-la-terre\/\">Partie 676<\/a>\u00a0: 10 avril.\u00a0<a href=\"https:\/\/ismfrance.org\/index.php\/2026\/04\/14\/temoignages-de-gazaouis-la-survie-qui-sorganise-au-jour-le-jour-dans-lenfer-de-gaza-partie-677-11-14-04-une-ligne-de-defense-contre-leffondremen\/\">Partie 677<\/a>\u00a0: 11 au 14 avril.\u00a0<a href=\"https:\/\/ismfrance.org\/index.php\/2026\/04\/17\/temoignages-de-gazaouis-la-survie-qui-sorganise-au-jour-le-jour-dans-lenfer-de-gaza-partie-678-16-04-quel-avenir-pour-gaza\/\">Partie 678<\/a>\u00a0: 16 avril.\u00a0<a href=\"https:\/\/ismfrance.org\/index.php\/2026\/04\/21\/temoignages-de-gazaouis-la-survie-qui-sorganise-au-jour-le-jour-dans-lenfer-de-gaza-partie-679-17-20-04-continuer-a-sur-vivre-seul-choix-possible\/\">Partie 679<\/a>\u00a0: 17-20 avril.\u00a0<a href=\"https:\/\/ismfrance.org\/index.php\/2026\/04\/23\/temoignages-de-gazaouis-la-survie-qui-sorganise-au-jour-le-jour-dans-lenfer-de-gaza-partie-680-21-04-la-volonte-des-agriculteurs-redonne-vie-a-la-terre\/\">Partie 680<\/a>\u00a0: 21 avril.\u00a0<a href=\"https:\/\/ismfrance.org\/index.php\/2026\/04\/24\/temoignages-de-gazaouis-la-survie-qui-sorganise-au-jour-le-jour-dans-lenfer-de-gaza-partie-681-22-04-ateliers-de-soutien-pour-les-femmes-camp-d\/\">Partie 681<\/a> : 22 avril.<a href=\"https:\/\/ismfrance.org\/index.php\/2026\/04\/25\/temoignages-de-gazaouis-la-survie-qui-sorganise-au-jour-le-jour-dans-lenfer-de-gaza-partie-682-23-04-gaza-a-t-elle-ete-letincelle\/\"> Partie 682<\/a> : 23 avril.<\/strong><\/p>\n<pre class=\"western\"><strong><em><i>* <\/i><\/em><em><a href=\"https:\/\/ismfrance.org\/index.php\/temoignages-gazaouis-survie-enfer-gaza-1\/\" target=\"_blank\" rel=\"noopener\"><i>T\u00e9moignages du 20 novembre 2023 au 5 janvier 2025 (partie 1 \u00e0 268)<\/i><\/a><\/em>\r\n<i>* <\/i><\/strong><strong><a href=\"https:\/\/ismfrance.org\/index.php\/2025\/05\/11\/temoignages-de-gazaouis-la-survie-qui-sorganise-au-jour-le-jour-dans-lenfer-de-gaza-recapitulatif-du-5-janvier-au-9-mai-2025-partie-269-a-392\/\"><i>T\u00e9moignages du 5 janvier au 9 mai 2025 (partie 269 \u00e0 392)<\/i><\/a><\/strong>\r\n<strong><i>*<\/i><\/strong><i> <\/i><strong><a href=\"https:\/\/ismfrance.org\/index.php\/2025\/10\/07\/temoignages-de-gazaouis-la-survie-qui-sorganise-au-jour-le-jour-dans-lenfer-de-gaza-recapitulatif-du-10-mai-au-5-octobre-2025-partie-393-a-540\/\"><i>T\u00e9moignages du 10 mai au 5 octobre 2025 (partie 393 \u00e0 540)<\/i><\/a>\r\n* <em><a href=\"https:\/\/ismfrance.org\/index.php\/2026\/01\/03\/temoignages-de-gazaouis-la-survie-qui-sorganise-au-jour-le-jour-dans-lenfer-de-gaza-recapitulatif-du-6-octobre-au-31-decembre-2025-partie-541-a-614\/\">T\u00e9moignages du 6 octobre au 31 d\u00e9cembre 2025 (partie 541 \u00e0 614)<\/a><\/em><\/strong><\/pre>\n<pre><strong>Pour participer \u00e0 la collecte \"Urgence Guerre \u00e0 Gaza\" : <\/strong><strong><a href=\"https:\/\/www.helloasso.com\/associations\/union-juive-francaise-pour-la-paix\/collectes\/urgence-guerre-a-gaza\">HelloAsso.com<\/a><\/strong>\r\n<strong>Les t\u00e9moignages sont publi\u00e9s sur <\/strong><strong><a href=\"https:\/\/ujfp.org\/\">UJFP<\/a> \/<\/strong><strong>\u00a0<a href=\"https:\/\/altermidi.org\/\">Altermidi<\/a> \/ <a href=\"https:\/\/lepoing.net\/\">Le Poing<\/a><\/strong><\/pre>\n","protected":false},"excerpt":{"rendered":"<p>Brigitte Challande, 27 avril 2026.&#8211; Deux articles de r\u00e9flexion envoy\u00e9s par Abu Amir, les 24 et 25 avril, sur les suites de la guerre g\u00e9nocidaire d&rsquo;Isra\u00ebl. Qu\u2019est-ce qui a chang\u00e9 <a class=\"more-link\" href=\"https:\/\/ismfrance.org\/index.php\/2026\/04\/27\/temoignages-de-gazaouis-la-survie-qui-sorganise-au-jour-le-jour-dans-lenfer-de-gaza-partie-683-24-25-04-changement-ou-continuite-dans-l\/\">Lire la suite &rarr;<\/a><\/p>\n","protected":false},"author":3,"featured_media":28877,"comment_status":"closed","ping_status":"closed","sticky":false,"template":"","format":"standard","meta":{"footnotes":""},"categories":[12,2],"tags":[156],"class_list":["post-28873","post","type-post","status-publish","format-standard","has-post-thumbnail","hentry","category-analyses","category-articles","tag-genocide"],"yoast_head":"<!-- This site is optimized with the Yoast SEO plugin v27.2 - https:\/\/yoast.com\/product\/yoast-seo-wordpress\/ -->\n<title>T\u00e9moignages de Gazaouis : La survie qui s\u2019organise au jour le jour dans l\u2019enfer de Gaza \u2013 partie 683 \/ 24-25.04 \u2013\u00a0Changement ou Continuit\u00e9 dans \u00ab\u00a0l\u2019apr\u00e8s-guerre \u00e0 Gaza\u00a0\u00bb ? \/ Avec la peur, les villes ne dorment plus - International Solidarity Movement - ISM-France<\/title>\n<meta name=\"robots\" content=\"index, follow, max-snippet:-1, max-image-preview:large, max-video-preview:-1\" \/>\n<link rel=\"canonical\" href=\"https:\/\/ismfrance.org\/index.php\/2026\/04\/27\/temoignages-de-gazaouis-la-survie-qui-sorganise-au-jour-le-jour-dans-lenfer-de-gaza-partie-683-24-25-04-changement-ou-continuite-dans-l\/\" \/>\n<meta property=\"og:locale\" content=\"fr_FR\" \/>\n<meta property=\"og:type\" content=\"article\" \/>\n<meta property=\"og:title\" content=\"T\u00e9moignages de Gazaouis : La survie qui s\u2019organise au jour le jour dans l\u2019enfer de Gaza \u2013 partie 683 \/ 24-25.04 \u2013\u00a0Changement ou Continuit\u00e9 dans \u00ab\u00a0l\u2019apr\u00e8s-guerre \u00e0 Gaza\u00a0\u00bb ? \/ Avec la peur, les villes ne dorment plus - International Solidarity Movement - ISM-France\" \/>\n<meta property=\"og:description\" content=\"Brigitte Challande, 27 avril 2026.&#8211; Deux articles de r\u00e9flexion envoy\u00e9s par Abu Amir, les 24 et 25 avril, sur les suites de la guerre g\u00e9nocidaire d&rsquo;Isra\u00ebl. Qu\u2019est-ce qui a chang\u00e9 Lire la suite &rarr;\" \/>\n<meta property=\"og:url\" content=\"https:\/\/ismfrance.org\/index.php\/2026\/04\/27\/temoignages-de-gazaouis-la-survie-qui-sorganise-au-jour-le-jour-dans-lenfer-de-gaza-partie-683-24-25-04-changement-ou-continuite-dans-l\/\" \/>\n<meta property=\"og:site_name\" content=\"International Solidarity Movement - ISM-France\" \/>\n<meta property=\"article:published_time\" content=\"2026-04-27T08:53:06+00:00\" \/>\n<meta property=\"article:modified_time\" content=\"2026-04-27T10:23:34+00:00\" \/>\n<meta property=\"og:image\" content=\"https:\/\/ismfrance.org\/wp-content\/uploads\/2026\/04\/HG2L3xwbwAA21FO.jpg\" \/>\n\t<meta property=\"og:image:width\" content=\"1988\" \/>\n\t<meta property=\"og:image:height\" content=\"1167\" \/>\n\t<meta property=\"og:image:type\" content=\"image\/jpeg\" \/>\n<meta name=\"author\" content=\"mru_01\" \/>\n<meta name=\"twitter:card\" content=\"summary_large_image\" \/>\n<meta name=\"twitter:creator\" content=\"@ISMFRANCE\" \/>\n<meta name=\"twitter:site\" content=\"@ISMFRANCE\" \/>\n<meta name=\"twitter:label1\" content=\"\u00c9crit par\" \/>\n\t<meta name=\"twitter:data1\" content=\"mru_01\" \/>\n\t<meta name=\"twitter:label2\" content=\"Dur\u00e9e de lecture estim\u00e9e\" \/>\n\t<meta name=\"twitter:data2\" content=\"13 minutes\" \/>\n<script type=\"application\/ld+json\" class=\"yoast-schema-graph\">{\"@context\":\"https:\/\/schema.org\",\"@graph\":[{\"@type\":\"Article\",\"@id\":\"https:\/\/ismfrance.org\/index.php\/2026\/04\/27\/temoignages-de-gazaouis-la-survie-qui-sorganise-au-jour-le-jour-dans-lenfer-de-gaza-partie-683-24-25-04-changement-ou-continuite-dans-l\/#article\",\"isPartOf\":{\"@id\":\"https:\/\/ismfrance.org\/index.php\/2026\/04\/27\/temoignages-de-gazaouis-la-survie-qui-sorganise-au-jour-le-jour-dans-lenfer-de-gaza-partie-683-24-25-04-changement-ou-continuite-dans-l\/\"},\"author\":{\"name\":\"mru_01\",\"@id\":\"https:\/\/ismfrance.org\/#\/schema\/person\/3c411eb72adfaae19c0dca1f41fae01d\"},\"headline\":\"T\u00e9moignages de Gazaouis : La survie qui s\u2019organise au jour le jour dans l\u2019enfer de Gaza \u2013 partie 683 \/ 24-25.04 \u2013\u00a0Changement ou Continuit\u00e9 dans \u00ab\u00a0l\u2019apr\u00e8s-guerre \u00e0 Gaza\u00a0\u00bb ? \/ Avec la peur, les villes ne dorment plus\",\"datePublished\":\"2026-04-27T08:53:06+00:00\",\"dateModified\":\"2026-04-27T10:23:34+00:00\",\"mainEntityOfPage\":{\"@id\":\"https:\/\/ismfrance.org\/index.php\/2026\/04\/27\/temoignages-de-gazaouis-la-survie-qui-sorganise-au-jour-le-jour-dans-lenfer-de-gaza-partie-683-24-25-04-changement-ou-continuite-dans-l\/\"},\"wordCount\":2628,\"publisher\":{\"@id\":\"https:\/\/ismfrance.org\/#organization\"},\"image\":{\"@id\":\"https:\/\/ismfrance.org\/index.php\/2026\/04\/27\/temoignages-de-gazaouis-la-survie-qui-sorganise-au-jour-le-jour-dans-lenfer-de-gaza-partie-683-24-25-04-changement-ou-continuite-dans-l\/#primaryimage\"},\"thumbnailUrl\":\"https:\/\/ismfrance.org\/wp-content\/uploads\/2026\/04\/HG2L3xwbwAA21FO.jpg\",\"keywords\":[\"G\u00e9nocide\"],\"articleSection\":[\"Analyses\",\"Articles\"],\"inLanguage\":\"fr-FR\"},{\"@type\":\"WebPage\",\"@id\":\"https:\/\/ismfrance.org\/index.php\/2026\/04\/27\/temoignages-de-gazaouis-la-survie-qui-sorganise-au-jour-le-jour-dans-lenfer-de-gaza-partie-683-24-25-04-changement-ou-continuite-dans-l\/\",\"url\":\"https:\/\/ismfrance.org\/index.php\/2026\/04\/27\/temoignages-de-gazaouis-la-survie-qui-sorganise-au-jour-le-jour-dans-lenfer-de-gaza-partie-683-24-25-04-changement-ou-continuite-dans-l\/\",\"name\":\"T\u00e9moignages de Gazaouis : La survie qui s\u2019organise au jour le jour dans l\u2019enfer de Gaza \u2013 partie 683 \/ 24-25.04 \u2013\u00a0Changement ou Continuit\u00e9 dans \u00ab\u00a0l\u2019apr\u00e8s-guerre \u00e0 Gaza\u00a0\u00bb ? \/ Avec la peur, les villes ne dorment plus - International Solidarity Movement - ISM-France\",\"isPartOf\":{\"@id\":\"https:\/\/ismfrance.org\/#website\"},\"primaryImageOfPage\":{\"@id\":\"https:\/\/ismfrance.org\/index.php\/2026\/04\/27\/temoignages-de-gazaouis-la-survie-qui-sorganise-au-jour-le-jour-dans-lenfer-de-gaza-partie-683-24-25-04-changement-ou-continuite-dans-l\/#primaryimage\"},\"image\":{\"@id\":\"https:\/\/ismfrance.org\/index.php\/2026\/04\/27\/temoignages-de-gazaouis-la-survie-qui-sorganise-au-jour-le-jour-dans-lenfer-de-gaza-partie-683-24-25-04-changement-ou-continuite-dans-l\/#primaryimage\"},\"thumbnailUrl\":\"https:\/\/ismfrance.org\/wp-content\/uploads\/2026\/04\/HG2L3xwbwAA21FO.jpg\",\"datePublished\":\"2026-04-27T08:53:06+00:00\",\"dateModified\":\"2026-04-27T10:23:34+00:00\",\"breadcrumb\":{\"@id\":\"https:\/\/ismfrance.org\/index.php\/2026\/04\/27\/temoignages-de-gazaouis-la-survie-qui-sorganise-au-jour-le-jour-dans-lenfer-de-gaza-partie-683-24-25-04-changement-ou-continuite-dans-l\/#breadcrumb\"},\"inLanguage\":\"fr-FR\",\"potentialAction\":[{\"@type\":\"ReadAction\",\"target\":[\"https:\/\/ismfrance.org\/index.php\/2026\/04\/27\/temoignages-de-gazaouis-la-survie-qui-sorganise-au-jour-le-jour-dans-lenfer-de-gaza-partie-683-24-25-04-changement-ou-continuite-dans-l\/\"]}]},{\"@type\":\"ImageObject\",\"inLanguage\":\"fr-FR\",\"@id\":\"https:\/\/ismfrance.org\/index.php\/2026\/04\/27\/temoignages-de-gazaouis-la-survie-qui-sorganise-au-jour-le-jour-dans-lenfer-de-gaza-partie-683-24-25-04-changement-ou-continuite-dans-l\/#primaryimage\",\"url\":\"https:\/\/ismfrance.org\/wp-content\/uploads\/2026\/04\/HG2L3xwbwAA21FO.jpg\",\"contentUrl\":\"https:\/\/ismfrance.org\/wp-content\/uploads\/2026\/04\/HG2L3xwbwAA21FO.jpg\",\"width\":1988,\"height\":1167},{\"@type\":\"BreadcrumbList\",\"@id\":\"https:\/\/ismfrance.org\/index.php\/2026\/04\/27\/temoignages-de-gazaouis-la-survie-qui-sorganise-au-jour-le-jour-dans-lenfer-de-gaza-partie-683-24-25-04-changement-ou-continuite-dans-l\/#breadcrumb\",\"itemListElement\":[{\"@type\":\"ListItem\",\"position\":1,\"name\":\"Accueil\",\"item\":\"https:\/\/ismfrance.org\/\"},{\"@type\":\"ListItem\",\"position\":2,\"name\":\"T\u00e9moignages de Gazaouis : La survie qui s\u2019organise au jour le jour dans l\u2019enfer de Gaza \u2013 partie 683 \/ 24-25.04 \u2013\u00a0Changement ou Continuit\u00e9 dans \u00ab\u00a0l\u2019apr\u00e8s-guerre \u00e0 Gaza\u00a0\u00bb ? \/ Avec la peur, les villes ne dorment plus\"}]},{\"@type\":\"WebSite\",\"@id\":\"https:\/\/ismfrance.org\/#website\",\"url\":\"https:\/\/ismfrance.org\/\",\"name\":\"ISM Palestine France\",\"description\":\"Soutien aux luttes de lib\u00e9ration du peuple palestinien\",\"publisher\":{\"@id\":\"https:\/\/ismfrance.org\/#organization\"},\"potentialAction\":[{\"@type\":\"SearchAction\",\"target\":{\"@type\":\"EntryPoint\",\"urlTemplate\":\"https:\/\/ismfrance.org\/?s={search_term_string}\"},\"query-input\":{\"@type\":\"PropertyValueSpecification\",\"valueRequired\":true,\"valueName\":\"search_term_string\"}}],\"inLanguage\":\"fr-FR\"},{\"@type\":\"Organization\",\"@id\":\"https:\/\/ismfrance.org\/#organization\",\"name\":\"International Solidarity Movement\",\"url\":\"https:\/\/ismfrance.org\/\",\"logo\":{\"@type\":\"ImageObject\",\"inLanguage\":\"fr-FR\",\"@id\":\"https:\/\/ismfrance.org\/#\/schema\/logo\/image\/\",\"url\":\"https:\/\/ismfrance.org\/wp-content\/uploads\/2020\/12\/00.png\",\"contentUrl\":\"https:\/\/ismfrance.org\/wp-content\/uploads\/2020\/12\/00.png\",\"width\":400,\"height\":400,\"caption\":\"International Solidarity Movement\"},\"image\":{\"@id\":\"https:\/\/ismfrance.org\/#\/schema\/logo\/image\/\"},\"sameAs\":[\"https:\/\/x.com\/ISMFRANCE\"]},{\"@type\":\"Person\",\"@id\":\"https:\/\/ismfrance.org\/#\/schema\/person\/3c411eb72adfaae19c0dca1f41fae01d\",\"name\":\"mru_01\",\"image\":{\"@type\":\"ImageObject\",\"inLanguage\":\"fr-FR\",\"@id\":\"https:\/\/secure.gravatar.com\/avatar\/3a0be343b445d2ccc79e87444a294fad2b232e90d2051d0e3cc219e1ecd6a330?s=96&d=mm&r=g\",\"url\":\"https:\/\/secure.gravatar.com\/avatar\/3a0be343b445d2ccc79e87444a294fad2b232e90d2051d0e3cc219e1ecd6a330?s=96&d=mm&r=g\",\"contentUrl\":\"https:\/\/secure.gravatar.com\/avatar\/3a0be343b445d2ccc79e87444a294fad2b232e90d2051d0e3cc219e1ecd6a330?s=96&d=mm&r=g\",\"caption\":\"mru_01\"},\"url\":\"https:\/\/ismfrance.org\/index.php\/author\/admin02\/\"}]}<\/script>\n<!-- \/ Yoast SEO plugin. -->","yoast_head_json":{"title":"T\u00e9moignages de Gazaouis : La survie qui s\u2019organise au jour le jour dans l\u2019enfer de Gaza \u2013 partie 683 \/ 24-25.04 \u2013\u00a0Changement ou Continuit\u00e9 dans \u00ab\u00a0l\u2019apr\u00e8s-guerre \u00e0 Gaza\u00a0\u00bb ? \/ Avec la peur, les villes ne dorment plus - International Solidarity Movement - ISM-France","robots":{"index":"index","follow":"follow","max-snippet":"max-snippet:-1","max-image-preview":"max-image-preview:large","max-video-preview":"max-video-preview:-1"},"canonical":"https:\/\/ismfrance.org\/index.php\/2026\/04\/27\/temoignages-de-gazaouis-la-survie-qui-sorganise-au-jour-le-jour-dans-lenfer-de-gaza-partie-683-24-25-04-changement-ou-continuite-dans-l\/","og_locale":"fr_FR","og_type":"article","og_title":"T\u00e9moignages de Gazaouis : La survie qui s\u2019organise au jour le jour dans l\u2019enfer de Gaza \u2013 partie 683 \/ 24-25.04 \u2013\u00a0Changement ou Continuit\u00e9 dans \u00ab\u00a0l\u2019apr\u00e8s-guerre \u00e0 Gaza\u00a0\u00bb ? \/ Avec la peur, les villes ne dorment plus - International Solidarity Movement - ISM-France","og_description":"Brigitte Challande, 27 avril 2026.&#8211; Deux articles de r\u00e9flexion envoy\u00e9s par Abu Amir, les 24 et 25 avril, sur les suites de la guerre g\u00e9nocidaire d&rsquo;Isra\u00ebl. Qu\u2019est-ce qui a chang\u00e9 Lire la suite &rarr;","og_url":"https:\/\/ismfrance.org\/index.php\/2026\/04\/27\/temoignages-de-gazaouis-la-survie-qui-sorganise-au-jour-le-jour-dans-lenfer-de-gaza-partie-683-24-25-04-changement-ou-continuite-dans-l\/","og_site_name":"International Solidarity Movement - ISM-France","article_published_time":"2026-04-27T08:53:06+00:00","article_modified_time":"2026-04-27T10:23:34+00:00","og_image":[{"width":1988,"height":1167,"url":"https:\/\/ismfrance.org\/wp-content\/uploads\/2026\/04\/HG2L3xwbwAA21FO.jpg","type":"image\/jpeg"}],"author":"mru_01","twitter_card":"summary_large_image","twitter_creator":"@ISMFRANCE","twitter_site":"@ISMFRANCE","twitter_misc":{"\u00c9crit par":"mru_01","Dur\u00e9e de lecture estim\u00e9e":"13 minutes"},"schema":{"@context":"https:\/\/schema.org","@graph":[{"@type":"Article","@id":"https:\/\/ismfrance.org\/index.php\/2026\/04\/27\/temoignages-de-gazaouis-la-survie-qui-sorganise-au-jour-le-jour-dans-lenfer-de-gaza-partie-683-24-25-04-changement-ou-continuite-dans-l\/#article","isPartOf":{"@id":"https:\/\/ismfrance.org\/index.php\/2026\/04\/27\/temoignages-de-gazaouis-la-survie-qui-sorganise-au-jour-le-jour-dans-lenfer-de-gaza-partie-683-24-25-04-changement-ou-continuite-dans-l\/"},"author":{"name":"mru_01","@id":"https:\/\/ismfrance.org\/#\/schema\/person\/3c411eb72adfaae19c0dca1f41fae01d"},"headline":"T\u00e9moignages de Gazaouis : La survie qui s\u2019organise au jour le jour dans l\u2019enfer de Gaza \u2013 partie 683 \/ 24-25.04 \u2013\u00a0Changement ou Continuit\u00e9 dans \u00ab\u00a0l\u2019apr\u00e8s-guerre \u00e0 Gaza\u00a0\u00bb ? \/ Avec la peur, les villes ne dorment plus","datePublished":"2026-04-27T08:53:06+00:00","dateModified":"2026-04-27T10:23:34+00:00","mainEntityOfPage":{"@id":"https:\/\/ismfrance.org\/index.php\/2026\/04\/27\/temoignages-de-gazaouis-la-survie-qui-sorganise-au-jour-le-jour-dans-lenfer-de-gaza-partie-683-24-25-04-changement-ou-continuite-dans-l\/"},"wordCount":2628,"publisher":{"@id":"https:\/\/ismfrance.org\/#organization"},"image":{"@id":"https:\/\/ismfrance.org\/index.php\/2026\/04\/27\/temoignages-de-gazaouis-la-survie-qui-sorganise-au-jour-le-jour-dans-lenfer-de-gaza-partie-683-24-25-04-changement-ou-continuite-dans-l\/#primaryimage"},"thumbnailUrl":"https:\/\/ismfrance.org\/wp-content\/uploads\/2026\/04\/HG2L3xwbwAA21FO.jpg","keywords":["G\u00e9nocide"],"articleSection":["Analyses","Articles"],"inLanguage":"fr-FR"},{"@type":"WebPage","@id":"https:\/\/ismfrance.org\/index.php\/2026\/04\/27\/temoignages-de-gazaouis-la-survie-qui-sorganise-au-jour-le-jour-dans-lenfer-de-gaza-partie-683-24-25-04-changement-ou-continuite-dans-l\/","url":"https:\/\/ismfrance.org\/index.php\/2026\/04\/27\/temoignages-de-gazaouis-la-survie-qui-sorganise-au-jour-le-jour-dans-lenfer-de-gaza-partie-683-24-25-04-changement-ou-continuite-dans-l\/","name":"T\u00e9moignages de Gazaouis : La survie qui s\u2019organise au jour le jour dans l\u2019enfer de Gaza \u2013 partie 683 \/ 24-25.04 \u2013\u00a0Changement ou Continuit\u00e9 dans \u00ab\u00a0l\u2019apr\u00e8s-guerre \u00e0 Gaza\u00a0\u00bb ? \/ Avec la peur, les villes ne dorment plus - International Solidarity Movement - ISM-France","isPartOf":{"@id":"https:\/\/ismfrance.org\/#website"},"primaryImageOfPage":{"@id":"https:\/\/ismfrance.org\/index.php\/2026\/04\/27\/temoignages-de-gazaouis-la-survie-qui-sorganise-au-jour-le-jour-dans-lenfer-de-gaza-partie-683-24-25-04-changement-ou-continuite-dans-l\/#primaryimage"},"image":{"@id":"https:\/\/ismfrance.org\/index.php\/2026\/04\/27\/temoignages-de-gazaouis-la-survie-qui-sorganise-au-jour-le-jour-dans-lenfer-de-gaza-partie-683-24-25-04-changement-ou-continuite-dans-l\/#primaryimage"},"thumbnailUrl":"https:\/\/ismfrance.org\/wp-content\/uploads\/2026\/04\/HG2L3xwbwAA21FO.jpg","datePublished":"2026-04-27T08:53:06+00:00","dateModified":"2026-04-27T10:23:34+00:00","breadcrumb":{"@id":"https:\/\/ismfrance.org\/index.php\/2026\/04\/27\/temoignages-de-gazaouis-la-survie-qui-sorganise-au-jour-le-jour-dans-lenfer-de-gaza-partie-683-24-25-04-changement-ou-continuite-dans-l\/#breadcrumb"},"inLanguage":"fr-FR","potentialAction":[{"@type":"ReadAction","target":["https:\/\/ismfrance.org\/index.php\/2026\/04\/27\/temoignages-de-gazaouis-la-survie-qui-sorganise-au-jour-le-jour-dans-lenfer-de-gaza-partie-683-24-25-04-changement-ou-continuite-dans-l\/"]}]},{"@type":"ImageObject","inLanguage":"fr-FR","@id":"https:\/\/ismfrance.org\/index.php\/2026\/04\/27\/temoignages-de-gazaouis-la-survie-qui-sorganise-au-jour-le-jour-dans-lenfer-de-gaza-partie-683-24-25-04-changement-ou-continuite-dans-l\/#primaryimage","url":"https:\/\/ismfrance.org\/wp-content\/uploads\/2026\/04\/HG2L3xwbwAA21FO.jpg","contentUrl":"https:\/\/ismfrance.org\/wp-content\/uploads\/2026\/04\/HG2L3xwbwAA21FO.jpg","width":1988,"height":1167},{"@type":"BreadcrumbList","@id":"https:\/\/ismfrance.org\/index.php\/2026\/04\/27\/temoignages-de-gazaouis-la-survie-qui-sorganise-au-jour-le-jour-dans-lenfer-de-gaza-partie-683-24-25-04-changement-ou-continuite-dans-l\/#breadcrumb","itemListElement":[{"@type":"ListItem","position":1,"name":"Accueil","item":"https:\/\/ismfrance.org\/"},{"@type":"ListItem","position":2,"name":"T\u00e9moignages de Gazaouis : La survie qui s\u2019organise au jour le jour dans l\u2019enfer de Gaza \u2013 partie 683 \/ 24-25.04 \u2013\u00a0Changement ou Continuit\u00e9 dans \u00ab\u00a0l\u2019apr\u00e8s-guerre \u00e0 Gaza\u00a0\u00bb ? \/ Avec la peur, les villes ne dorment plus"}]},{"@type":"WebSite","@id":"https:\/\/ismfrance.org\/#website","url":"https:\/\/ismfrance.org\/","name":"ISM Palestine France","description":"Soutien aux luttes de lib\u00e9ration du peuple palestinien","publisher":{"@id":"https:\/\/ismfrance.org\/#organization"},"potentialAction":[{"@type":"SearchAction","target":{"@type":"EntryPoint","urlTemplate":"https:\/\/ismfrance.org\/?s={search_term_string}"},"query-input":{"@type":"PropertyValueSpecification","valueRequired":true,"valueName":"search_term_string"}}],"inLanguage":"fr-FR"},{"@type":"Organization","@id":"https:\/\/ismfrance.org\/#organization","name":"International Solidarity Movement","url":"https:\/\/ismfrance.org\/","logo":{"@type":"ImageObject","inLanguage":"fr-FR","@id":"https:\/\/ismfrance.org\/#\/schema\/logo\/image\/","url":"https:\/\/ismfrance.org\/wp-content\/uploads\/2020\/12\/00.png","contentUrl":"https:\/\/ismfrance.org\/wp-content\/uploads\/2020\/12\/00.png","width":400,"height":400,"caption":"International Solidarity Movement"},"image":{"@id":"https:\/\/ismfrance.org\/#\/schema\/logo\/image\/"},"sameAs":["https:\/\/x.com\/ISMFRANCE"]},{"@type":"Person","@id":"https:\/\/ismfrance.org\/#\/schema\/person\/3c411eb72adfaae19c0dca1f41fae01d","name":"mru_01","image":{"@type":"ImageObject","inLanguage":"fr-FR","@id":"https:\/\/secure.gravatar.com\/avatar\/3a0be343b445d2ccc79e87444a294fad2b232e90d2051d0e3cc219e1ecd6a330?s=96&d=mm&r=g","url":"https:\/\/secure.gravatar.com\/avatar\/3a0be343b445d2ccc79e87444a294fad2b232e90d2051d0e3cc219e1ecd6a330?s=96&d=mm&r=g","contentUrl":"https:\/\/secure.gravatar.com\/avatar\/3a0be343b445d2ccc79e87444a294fad2b232e90d2051d0e3cc219e1ecd6a330?s=96&d=mm&r=g","caption":"mru_01"},"url":"https:\/\/ismfrance.org\/index.php\/author\/admin02\/"}]}},"_links":{"self":[{"href":"https:\/\/ismfrance.org\/index.php\/wp-json\/wp\/v2\/posts\/28873","targetHints":{"allow":["GET"]}}],"collection":[{"href":"https:\/\/ismfrance.org\/index.php\/wp-json\/wp\/v2\/posts"}],"about":[{"href":"https:\/\/ismfrance.org\/index.php\/wp-json\/wp\/v2\/types\/post"}],"author":[{"embeddable":true,"href":"https:\/\/ismfrance.org\/index.php\/wp-json\/wp\/v2\/users\/3"}],"replies":[{"embeddable":true,"href":"https:\/\/ismfrance.org\/index.php\/wp-json\/wp\/v2\/comments?post=28873"}],"version-history":[{"count":7,"href":"https:\/\/ismfrance.org\/index.php\/wp-json\/wp\/v2\/posts\/28873\/revisions"}],"predecessor-version":[{"id":28883,"href":"https:\/\/ismfrance.org\/index.php\/wp-json\/wp\/v2\/posts\/28873\/revisions\/28883"}],"wp:featuredmedia":[{"embeddable":true,"href":"https:\/\/ismfrance.org\/index.php\/wp-json\/wp\/v2\/media\/28877"}],"wp:attachment":[{"href":"https:\/\/ismfrance.org\/index.php\/wp-json\/wp\/v2\/media?parent=28873"}],"wp:term":[{"taxonomy":"category","embeddable":true,"href":"https:\/\/ismfrance.org\/index.php\/wp-json\/wp\/v2\/categories?post=28873"},{"taxonomy":"post_tag","embeddable":true,"href":"https:\/\/ismfrance.org\/index.php\/wp-json\/wp\/v2\/tags?post=28873"}],"curies":[{"name":"wp","href":"https:\/\/api.w.org\/{rel}","templated":true}]}}