{"id":28863,"date":"2026-04-26T12:14:46","date_gmt":"2026-04-26T10:14:46","guid":{"rendered":"https:\/\/ismfrance.org\/?p=28863"},"modified":"2026-04-26T12:15:04","modified_gmt":"2026-04-26T10:15:04","slug":"2-ans-en-immersion-dans-lenfer-de-gaza-video-1h50","status":"publish","type":"post","link":"https:\/\/ismfrance.org\/index.php\/2026\/04\/26\/2-ans-en-immersion-dans-lenfer-de-gaza-video-1h50\/","title":{"rendered":"\u00ab 2 ans en immersion dans l\u2019enfer de Gaza \u00bb VIDEO 1h50"},"content":{"rendered":"<p><span style=\"color: #000000;\"><span style=\"font-family: Arial, sans-serif;\"><span style=\"font-size: medium;\">25 avril 2026. Le journaliste <strong>Charles Villa<\/strong> vient de sortir, avec le journaliste palestinien <strong>Suhail Nassar<\/strong>, un documentaire tourn\u00e9 sous forme de vlog qui suit le quotidien infernal des Gazaouis pendant deux ans.<br \/>\n<\/span><\/span><\/span><\/p>\n<div id=\"attachment_28867\" style=\"width: 510px\" class=\"wp-caption aligncenter\"><a href=\"https:\/\/ismfrance.org\/wp-content\/uploads\/2026\/04\/film-gaza.png\"><img loading=\"lazy\" decoding=\"async\" aria-describedby=\"caption-attachment-28867\" class=\"wp-image-28867 size-full\" src=\"https:\/\/ismfrance.org\/wp-content\/uploads\/2026\/04\/film-gaza.png\" alt=\"\" width=\"500\" height=\"280\" srcset=\"https:\/\/ismfrance.org\/wp-content\/uploads\/2026\/04\/film-gaza.png 500w, https:\/\/ismfrance.org\/wp-content\/uploads\/2026\/04\/film-gaza-300x168.png 300w\" sizes=\"auto, (max-width: 500px) 100vw, 500px\" \/><\/a><p id=\"caption-attachment-28867\" class=\"wp-caption-text\">Capture d&rsquo;\u00e9cran du film ci-dessous.<\/p><\/div>\n<p><strong><span style=\"color: #000000;\"><span style=\"font-family: Arial, sans-serif;\"><span style=\"font-size: medium;\">Le message de Charles Villa qui accompagne le film sur Youtube :<\/span><\/span><\/span><\/strong><\/p>\n<p><span style=\"color: #000000;\"><span style=\"font-family: Arial, sans-serif;\"><span style=\"font-size: medium;\">\u00ab\u00a0<em>Salut tout le monde,<\/em><\/span><\/span><\/span><\/p>\n<p><em><span style=\"color: #000000;\"><span style=\"font-family: Arial, sans-serif;\"><span style=\"font-size: medium;\">Je voulais juste prendre le temps de vous \u00e9crire quelques lignes pour la sortie du documentaire. <\/span><\/span><\/span><\/em><\/p>\n<p><em><span style=\"color: #000000;\"><span style=\"font-family: Arial, sans-serif;\"><span style=\"font-size: medium;\">Ce film est sans doute le projet le plus important auquel j&rsquo;ai particip\u00e9 de toute ma vie. Et on n&rsquo;aurait jamais pu le faire sans votre soutien et sans le courage extraordinaire de Suhail. Vous \u00eates des milliers \u00e0 avoir fait un don, des milliers \u00e0 \u00eatre venus dans les cin\u00e9mas ind\u00e9pendants pour nos projections. Donc, vraiment, merci du fond du c\u0153ur. Merci d&rsquo;avoir rendu ce film possible et merci pour vos messages tout au long de cette derni\u00e8re ann\u00e9e. <\/span><\/span><\/span><\/em><\/p>\n<p><em><span style=\"color: #000000;\"><span style=\"font-family: Arial, sans-serif;\"><span style=\"font-size: medium;\">C&rsquo;est en voyant les images des bless\u00e9s en provenance de la bande de Gaza que je me suis lanc\u00e9 \u00e0 corps perdu dans ce projet. En dix ans de travail dans les h\u00f4pitaux humanitaires au c\u0153ur des zones de conflit, j&rsquo;avais d\u00e9j\u00e0 \u00e9t\u00e9 confront\u00e9 \u00e0 de telles sc\u00e8nes, mais jamais \u00e0 une telle \u00e9chelle, jamais d&rsquo;une telle ampleur. Aucune nation dans l&rsquo;histoire r\u00e9cente n&rsquo;a autant cibl\u00e9 et attaqu\u00e9 les sauveteurs, les soignants, les journalistes, les civils et particuli\u00e8rement les enfants. <\/span><\/span><\/span><\/em><\/p>\n<p><em><span style=\"color: #000000;\"><span style=\"font-family: Arial, sans-serif;\"><span style=\"font-size: medium;\">Le r\u00e9gime isra\u00e9lien emp\u00eache toujours les reporters du monde entier de se rendre sur place parce qu&rsquo;ils savent tr\u00e8s bien qu&rsquo;on aurait pu mettre une pression m\u00e9diatique \u00e9norme sur les gouvernements qui ont soutenu ce g\u00e9nocide ou qui ont d\u00e9tourn\u00e9 le regard. Ils savaient aussi qu&rsquo;ils pourraient plus facilement contr\u00f4ler le narratif m\u00e9diatique en nous emp\u00eachant de documenter tous leurs crimes de guerre. <\/span><\/span><\/span><\/em><\/p>\n<p><em><span style=\"color: #000000;\"><span style=\"font-family: Arial, sans-serif;\"><span style=\"font-size: medium;\">C&rsquo;est uniquement gr\u00e2ce aux reporters et aux civils palestiniens qui diffusaient des images sur les r\u00e9seaux sociaux qu&rsquo;on a pu voir l&rsquo;\u00e9tendue des massacres dans la bande de Gaza. Notre dette envers les plus de 250 journalistes assassin\u00e9s par l&rsquo;arm\u00e9e isra\u00e9lienne est immense. Leur sacrifice aura un \u00e9cho \u00e9ternel dans notre profession. <\/span><\/span><\/span><\/em><\/p>\n<p><em><span style=\"color: #000000;\"><span style=\"font-family: Arial, sans-serif;\"><span style=\"font-size: medium;\">Ce film vous appartient d\u00e9sormais, si vous pensez qu&rsquo;il est important, partagez-le autour de vous, montrez-le \u00e0 vos amis, vos parents, vos familles. N&rsquo;h\u00e9sitez pas non plus \u00e0 \u00e9crire \u00e0 Suhail sur Instagram (@suhailnssar). Il a failli mourir \u00e0 plusieurs reprises avant et pendant le tournage. Il est encore sur le terrain en ce moment et vos messages lui donnent une force immense. <\/span><\/span><\/span><\/em><\/p>\n<p><em><span style=\"color: #000000;\"><span style=\"font-family: Arial, sans-serif;\"><span style=\"font-size: medium;\">Je tenais enfin \u00e0 vous dire que ce film n&rsquo;est qu&rsquo;une premi\u00e8re \u00e9tape. Le g\u00e9nocide des Palestiniens par l&rsquo;\u00c9tat d&rsquo;Isra\u00ebl se poursuit et la colonisation des territoires occup\u00e9s s&rsquo;acc\u00e9l\u00e8re. Je vous tiens au courant dans les semaines qui viennent mais on va continuer \u00e0 documenter et d\u00e9noncer l&rsquo;enfer que vivent les Palestiniens. <\/span><\/span><\/span><\/em><\/p>\n<p><em><span style=\"color: #000000;\"><span style=\"font-family: Arial, sans-serif;\"><span style=\"font-size: medium;\">Merci, <\/span><\/span><\/span><\/em><\/p>\n<p><span style=\"color: #000000;\"><span style=\"font-family: Arial, sans-serif;\"><span style=\"font-size: medium;\"><em>Charles<\/em>\u00ab\u00a0<\/span><\/span><\/span><\/p>\n<p><iframe loading=\"lazy\" title=\"2 ans en immersion dans l&#039;enfer de Gaza\" width=\"600\" height=\"338\" src=\"https:\/\/www.youtube.com\/embed\/xYj-XMIjHGo?feature=oembed\" frameborder=\"0\" allow=\"accelerometer; autoplay; clipboard-write; encrypted-media; gyroscope; picture-in-picture; web-share\" referrerpolicy=\"strict-origin-when-cross-origin\" allowfullscreen><\/iframe><\/p>\n<pre><span style=\"color: #000000;\"><span style=\"font-family: Arial, sans-serif;\"><span style=\"font-size: small;\">\r\n<strong>\"2 ans en immersion dans l'enfer de Gaza\"<\/strong>\r\n\r\nUn film de Suhail Nassar et Charles Villa <\/span><\/span><\/span>\r\n<span style=\"color: #000000;\"><span style=\"font-family: Arial, sans-serif;\"><span style=\"font-size: small;\">R\u00e9alisation : Elie Dupont &amp; Mathias Hillion <\/span><\/span><\/span>\r\n<span style=\"color: #000000;\"><span style=\"font-family: Arial, sans-serif;\"><span style=\"font-size: small;\">Production \u00e9ditoriale : Mathias Hillion &amp; Karim Laudanski <\/span><\/span><\/span>\r\n<span style=\"color: #000000;\"><span style=\"font-family: Arial, sans-serif;\"><span style=\"font-size: small;\">Montage : Elie Dupont <\/span><\/span><\/span>\r\n<span style=\"color: #000000;\"><span style=\"font-family: Arial, sans-serif;\"><span style=\"font-size: small;\">Direction artistique : Nicolas Dumond, Uncut Studio <\/span><\/span><\/span>\r\n<span style=\"color: #000000;\"><span style=\"font-family: Arial, sans-serif;\"><span style=\"font-size: small;\">Graphismes : Guillaume Gaudart <\/span><\/span><\/span>\r\n<span style=\"color: #000000;\"><span style=\"font-family: Arial, sans-serif;\"><span style=\"font-size: small;\">Charg\u00e9e de post-production : Emma Rage <\/span><\/span><\/span>\r\n<span style=\"color: #000000;\"><span style=\"font-family: Arial, sans-serif;\"><span style=\"font-size: small;\">Images : Suhail Nassar, Belal Al-Hams, Charles Villa, Christophe Astruc, Camille Courcy, Nicolas Grisel, Th\u00e9otime Massard <\/span><\/span><\/span>\r\n<span style=\"font-family: Arial, sans-serif;\"><span style=\"font-size: medium;\"><span style=\"color: #000000;\"><span style=\"font-size: small;\">Journaliste : <\/span><\/span><a href=\"https:\/\/www.youtube.com\/@justinereixx\"><span style=\"color: #000000;\"><span style=\"font-size: small;\">\u202a<\/span><\/span><span style=\"color: #000000;\"><span style=\"font-size: small;\">@justinereixx\u202c<\/span><\/span><\/a> <\/span><\/span>\r\n<span style=\"color: #000000;\"><span style=\"font-family: Arial, sans-serif;\"><span style=\"font-size: small;\">\u00c9talonnage : MilleDollars - Samir Farhi <\/span><\/span><\/span>\r\n<span style=\"color: #000000;\"><span style=\"font-family: Arial, sans-serif;\"><span style=\"font-size: small;\">Mixage : Mathieu Genet <\/span><\/span><\/span>\r\n<span style=\"color: #000000;\"><span style=\"font-family: Arial, sans-serif;\"><span style=\"font-size: small;\">Traductions : Nadia Agamawy, Nabil Ajan, Rita Abou Khalil, Nouha Abd-El-Baset <\/span><\/span><\/span>\r\n<span style=\"color: #000000;\"><span style=\"font-family: Arial, sans-serif;\"><span style=\"font-size: small;\">Sous-titres : L'\u00e9quipe de tryhards Karim Laudanski, Th\u00e9otime Massard et Casquette noire <\/span><\/span><\/span>\r\n<span style=\"color: #000000;\"><span style=\"font-family: Arial, sans-serif;\"><span style=\"font-size: small;\">Dubbing Anglais\/Fran\u00e7ais\/Arabe : YouDubStudio <\/span><\/span><\/span>\r\n<span style=\"color: #000000;\"><span style=\"font-family: Arial, sans-serif;\"><span style=\"font-size: small;\">Musique : PNL - Gaza, un jour de paix - QLF records <\/span><\/span><\/span><\/pre>\n","protected":false},"excerpt":{"rendered":"<p>25 avril 2026. Le journaliste Charles Villa vient de sortir, avec le journaliste palestinien Suhail Nassar, un documentaire tourn\u00e9 sous forme de vlog qui suit le quotidien infernal des Gazaouis <a class=\"more-link\" href=\"https:\/\/ismfrance.org\/index.php\/2026\/04\/26\/2-ans-en-immersion-dans-lenfer-de-gaza-video-1h50\/\">Lire la suite &rarr;<\/a><\/p>\n","protected":false},"author":3,"featured_media":28867,"comment_status":"closed","ping_status":"closed","sticky":false,"template":"","format":"standard","meta":{"footnotes":""},"categories":[2,13],"tags":[25,156,108],"class_list":["post-28863","post","type-post","status-publish","format-standard","has-post-thumbnail","hentry","category-articles","category-temoignages","tag-gaza","tag-genocide","tag-journalistes"],"yoast_head":"<!-- This site is optimized with the Yoast SEO plugin v27.2 - https:\/\/yoast.com\/product\/yoast-seo-wordpress\/ -->\n<title>\u00ab 2 ans en immersion dans l\u2019enfer de Gaza \u00bb VIDEO 1h50 - International Solidarity Movement - ISM-France<\/title>\n<meta name=\"robots\" content=\"index, follow, max-snippet:-1, max-image-preview:large, max-video-preview:-1\" \/>\n<link rel=\"canonical\" href=\"https:\/\/ismfrance.org\/index.php\/2026\/04\/26\/2-ans-en-immersion-dans-lenfer-de-gaza-video-1h50\/\" \/>\n<meta property=\"og:locale\" content=\"fr_FR\" \/>\n<meta property=\"og:type\" content=\"article\" \/>\n<meta property=\"og:title\" content=\"\u00ab 2 ans en immersion dans l\u2019enfer de Gaza \u00bb VIDEO 1h50 - International Solidarity Movement - ISM-France\" \/>\n<meta property=\"og:description\" content=\"25 avril 2026. Le journaliste Charles Villa vient de sortir, avec le journaliste palestinien Suhail Nassar, un documentaire tourn\u00e9 sous forme de vlog qui suit le quotidien infernal des Gazaouis Lire la suite &rarr;\" \/>\n<meta property=\"og:url\" content=\"https:\/\/ismfrance.org\/index.php\/2026\/04\/26\/2-ans-en-immersion-dans-lenfer-de-gaza-video-1h50\/\" \/>\n<meta property=\"og:site_name\" content=\"International Solidarity Movement - ISM-France\" \/>\n<meta property=\"article:published_time\" content=\"2026-04-26T10:14:46+00:00\" \/>\n<meta property=\"article:modified_time\" content=\"2026-04-26T10:15:04+00:00\" \/>\n<meta property=\"og:image\" content=\"https:\/\/ismfrance.org\/wp-content\/uploads\/2026\/04\/film-gaza.png\" \/>\n\t<meta property=\"og:image:width\" content=\"500\" \/>\n\t<meta property=\"og:image:height\" content=\"280\" \/>\n\t<meta property=\"og:image:type\" content=\"image\/png\" \/>\n<meta name=\"author\" content=\"mru_01\" \/>\n<meta name=\"twitter:card\" content=\"summary_large_image\" \/>\n<meta name=\"twitter:creator\" content=\"@ISMFRANCE\" \/>\n<meta name=\"twitter:site\" content=\"@ISMFRANCE\" \/>\n<meta name=\"twitter:label1\" content=\"\u00c9crit par\" \/>\n\t<meta name=\"twitter:data1\" content=\"mru_01\" \/>\n\t<meta name=\"twitter:label2\" content=\"Dur\u00e9e de lecture estim\u00e9e\" \/>\n\t<meta name=\"twitter:data2\" content=\"3 minutes\" \/>\n<script type=\"application\/ld+json\" class=\"yoast-schema-graph\">{\"@context\":\"https:\/\/schema.org\",\"@graph\":[{\"@type\":\"Article\",\"@id\":\"https:\/\/ismfrance.org\/index.php\/2026\/04\/26\/2-ans-en-immersion-dans-lenfer-de-gaza-video-1h50\/#article\",\"isPartOf\":{\"@id\":\"https:\/\/ismfrance.org\/index.php\/2026\/04\/26\/2-ans-en-immersion-dans-lenfer-de-gaza-video-1h50\/\"},\"author\":{\"name\":\"mru_01\",\"@id\":\"https:\/\/ismfrance.org\/#\/schema\/person\/3c411eb72adfaae19c0dca1f41fae01d\"},\"headline\":\"\u00ab 2 ans en immersion dans l\u2019enfer de Gaza \u00bb VIDEO 1h50\",\"datePublished\":\"2026-04-26T10:14:46+00:00\",\"dateModified\":\"2026-04-26T10:15:04+00:00\",\"mainEntityOfPage\":{\"@id\":\"https:\/\/ismfrance.org\/index.php\/2026\/04\/26\/2-ans-en-immersion-dans-lenfer-de-gaza-video-1h50\/\"},\"wordCount\":532,\"publisher\":{\"@id\":\"https:\/\/ismfrance.org\/#organization\"},\"image\":{\"@id\":\"https:\/\/ismfrance.org\/index.php\/2026\/04\/26\/2-ans-en-immersion-dans-lenfer-de-gaza-video-1h50\/#primaryimage\"},\"thumbnailUrl\":\"https:\/\/ismfrance.org\/wp-content\/uploads\/2026\/04\/film-gaza.png\",\"keywords\":[\"Gaza\",\"G\u00e9nocide\",\"Journalistes\"],\"articleSection\":[\"Articles\",\"T\u00e9moignages\"],\"inLanguage\":\"fr-FR\"},{\"@type\":\"WebPage\",\"@id\":\"https:\/\/ismfrance.org\/index.php\/2026\/04\/26\/2-ans-en-immersion-dans-lenfer-de-gaza-video-1h50\/\",\"url\":\"https:\/\/ismfrance.org\/index.php\/2026\/04\/26\/2-ans-en-immersion-dans-lenfer-de-gaza-video-1h50\/\",\"name\":\"\u00ab 2 ans en immersion dans l\u2019enfer de Gaza \u00bb VIDEO 1h50 - International Solidarity Movement - ISM-France\",\"isPartOf\":{\"@id\":\"https:\/\/ismfrance.org\/#website\"},\"primaryImageOfPage\":{\"@id\":\"https:\/\/ismfrance.org\/index.php\/2026\/04\/26\/2-ans-en-immersion-dans-lenfer-de-gaza-video-1h50\/#primaryimage\"},\"image\":{\"@id\":\"https:\/\/ismfrance.org\/index.php\/2026\/04\/26\/2-ans-en-immersion-dans-lenfer-de-gaza-video-1h50\/#primaryimage\"},\"thumbnailUrl\":\"https:\/\/ismfrance.org\/wp-content\/uploads\/2026\/04\/film-gaza.png\",\"datePublished\":\"2026-04-26T10:14:46+00:00\",\"dateModified\":\"2026-04-26T10:15:04+00:00\",\"breadcrumb\":{\"@id\":\"https:\/\/ismfrance.org\/index.php\/2026\/04\/26\/2-ans-en-immersion-dans-lenfer-de-gaza-video-1h50\/#breadcrumb\"},\"inLanguage\":\"fr-FR\",\"potentialAction\":[{\"@type\":\"ReadAction\",\"target\":[\"https:\/\/ismfrance.org\/index.php\/2026\/04\/26\/2-ans-en-immersion-dans-lenfer-de-gaza-video-1h50\/\"]}]},{\"@type\":\"ImageObject\",\"inLanguage\":\"fr-FR\",\"@id\":\"https:\/\/ismfrance.org\/index.php\/2026\/04\/26\/2-ans-en-immersion-dans-lenfer-de-gaza-video-1h50\/#primaryimage\",\"url\":\"https:\/\/ismfrance.org\/wp-content\/uploads\/2026\/04\/film-gaza.png\",\"contentUrl\":\"https:\/\/ismfrance.org\/wp-content\/uploads\/2026\/04\/film-gaza.png\",\"width\":500,\"height\":280},{\"@type\":\"BreadcrumbList\",\"@id\":\"https:\/\/ismfrance.org\/index.php\/2026\/04\/26\/2-ans-en-immersion-dans-lenfer-de-gaza-video-1h50\/#breadcrumb\",\"itemListElement\":[{\"@type\":\"ListItem\",\"position\":1,\"name\":\"Accueil\",\"item\":\"https:\/\/ismfrance.org\/\"},{\"@type\":\"ListItem\",\"position\":2,\"name\":\"\u00ab 2 ans en immersion dans l\u2019enfer de Gaza \u00bb VIDEO 1h50\"}]},{\"@type\":\"WebSite\",\"@id\":\"https:\/\/ismfrance.org\/#website\",\"url\":\"https:\/\/ismfrance.org\/\",\"name\":\"ISM Palestine France\",\"description\":\"Soutien aux luttes de lib\u00e9ration du peuple palestinien\",\"publisher\":{\"@id\":\"https:\/\/ismfrance.org\/#organization\"},\"potentialAction\":[{\"@type\":\"SearchAction\",\"target\":{\"@type\":\"EntryPoint\",\"urlTemplate\":\"https:\/\/ismfrance.org\/?s={search_term_string}\"},\"query-input\":{\"@type\":\"PropertyValueSpecification\",\"valueRequired\":true,\"valueName\":\"search_term_string\"}}],\"inLanguage\":\"fr-FR\"},{\"@type\":\"Organization\",\"@id\":\"https:\/\/ismfrance.org\/#organization\",\"name\":\"International Solidarity Movement\",\"url\":\"https:\/\/ismfrance.org\/\",\"logo\":{\"@type\":\"ImageObject\",\"inLanguage\":\"fr-FR\",\"@id\":\"https:\/\/ismfrance.org\/#\/schema\/logo\/image\/\",\"url\":\"https:\/\/ismfrance.org\/wp-content\/uploads\/2020\/12\/00.png\",\"contentUrl\":\"https:\/\/ismfrance.org\/wp-content\/uploads\/2020\/12\/00.png\",\"width\":400,\"height\":400,\"caption\":\"International Solidarity Movement\"},\"image\":{\"@id\":\"https:\/\/ismfrance.org\/#\/schema\/logo\/image\/\"},\"sameAs\":[\"https:\/\/x.com\/ISMFRANCE\"]},{\"@type\":\"Person\",\"@id\":\"https:\/\/ismfrance.org\/#\/schema\/person\/3c411eb72adfaae19c0dca1f41fae01d\",\"name\":\"mru_01\",\"image\":{\"@type\":\"ImageObject\",\"inLanguage\":\"fr-FR\",\"@id\":\"https:\/\/secure.gravatar.com\/avatar\/3a0be343b445d2ccc79e87444a294fad2b232e90d2051d0e3cc219e1ecd6a330?s=96&d=mm&r=g\",\"url\":\"https:\/\/secure.gravatar.com\/avatar\/3a0be343b445d2ccc79e87444a294fad2b232e90d2051d0e3cc219e1ecd6a330?s=96&d=mm&r=g\",\"contentUrl\":\"https:\/\/secure.gravatar.com\/avatar\/3a0be343b445d2ccc79e87444a294fad2b232e90d2051d0e3cc219e1ecd6a330?s=96&d=mm&r=g\",\"caption\":\"mru_01\"},\"url\":\"https:\/\/ismfrance.org\/index.php\/author\/admin02\/\"}]}<\/script>\n<!-- \/ Yoast SEO plugin. -->","yoast_head_json":{"title":"\u00ab 2 ans en immersion dans l\u2019enfer de Gaza \u00bb VIDEO 1h50 - International Solidarity Movement - ISM-France","robots":{"index":"index","follow":"follow","max-snippet":"max-snippet:-1","max-image-preview":"max-image-preview:large","max-video-preview":"max-video-preview:-1"},"canonical":"https:\/\/ismfrance.org\/index.php\/2026\/04\/26\/2-ans-en-immersion-dans-lenfer-de-gaza-video-1h50\/","og_locale":"fr_FR","og_type":"article","og_title":"\u00ab 2 ans en immersion dans l\u2019enfer de Gaza \u00bb VIDEO 1h50 - International Solidarity Movement - ISM-France","og_description":"25 avril 2026. Le journaliste Charles Villa vient de sortir, avec le journaliste palestinien Suhail Nassar, un documentaire tourn\u00e9 sous forme de vlog qui suit le quotidien infernal des Gazaouis Lire la suite &rarr;","og_url":"https:\/\/ismfrance.org\/index.php\/2026\/04\/26\/2-ans-en-immersion-dans-lenfer-de-gaza-video-1h50\/","og_site_name":"International Solidarity Movement - ISM-France","article_published_time":"2026-04-26T10:14:46+00:00","article_modified_time":"2026-04-26T10:15:04+00:00","og_image":[{"width":500,"height":280,"url":"https:\/\/ismfrance.org\/wp-content\/uploads\/2026\/04\/film-gaza.png","type":"image\/png"}],"author":"mru_01","twitter_card":"summary_large_image","twitter_creator":"@ISMFRANCE","twitter_site":"@ISMFRANCE","twitter_misc":{"\u00c9crit par":"mru_01","Dur\u00e9e de lecture estim\u00e9e":"3 minutes"},"schema":{"@context":"https:\/\/schema.org","@graph":[{"@type":"Article","@id":"https:\/\/ismfrance.org\/index.php\/2026\/04\/26\/2-ans-en-immersion-dans-lenfer-de-gaza-video-1h50\/#article","isPartOf":{"@id":"https:\/\/ismfrance.org\/index.php\/2026\/04\/26\/2-ans-en-immersion-dans-lenfer-de-gaza-video-1h50\/"},"author":{"name":"mru_01","@id":"https:\/\/ismfrance.org\/#\/schema\/person\/3c411eb72adfaae19c0dca1f41fae01d"},"headline":"\u00ab 2 ans en immersion dans l\u2019enfer de Gaza \u00bb VIDEO 1h50","datePublished":"2026-04-26T10:14:46+00:00","dateModified":"2026-04-26T10:15:04+00:00","mainEntityOfPage":{"@id":"https:\/\/ismfrance.org\/index.php\/2026\/04\/26\/2-ans-en-immersion-dans-lenfer-de-gaza-video-1h50\/"},"wordCount":532,"publisher":{"@id":"https:\/\/ismfrance.org\/#organization"},"image":{"@id":"https:\/\/ismfrance.org\/index.php\/2026\/04\/26\/2-ans-en-immersion-dans-lenfer-de-gaza-video-1h50\/#primaryimage"},"thumbnailUrl":"https:\/\/ismfrance.org\/wp-content\/uploads\/2026\/04\/film-gaza.png","keywords":["Gaza","G\u00e9nocide","Journalistes"],"articleSection":["Articles","T\u00e9moignages"],"inLanguage":"fr-FR"},{"@type":"WebPage","@id":"https:\/\/ismfrance.org\/index.php\/2026\/04\/26\/2-ans-en-immersion-dans-lenfer-de-gaza-video-1h50\/","url":"https:\/\/ismfrance.org\/index.php\/2026\/04\/26\/2-ans-en-immersion-dans-lenfer-de-gaza-video-1h50\/","name":"\u00ab 2 ans en immersion dans l\u2019enfer de Gaza \u00bb VIDEO 1h50 - International Solidarity Movement - ISM-France","isPartOf":{"@id":"https:\/\/ismfrance.org\/#website"},"primaryImageOfPage":{"@id":"https:\/\/ismfrance.org\/index.php\/2026\/04\/26\/2-ans-en-immersion-dans-lenfer-de-gaza-video-1h50\/#primaryimage"},"image":{"@id":"https:\/\/ismfrance.org\/index.php\/2026\/04\/26\/2-ans-en-immersion-dans-lenfer-de-gaza-video-1h50\/#primaryimage"},"thumbnailUrl":"https:\/\/ismfrance.org\/wp-content\/uploads\/2026\/04\/film-gaza.png","datePublished":"2026-04-26T10:14:46+00:00","dateModified":"2026-04-26T10:15:04+00:00","breadcrumb":{"@id":"https:\/\/ismfrance.org\/index.php\/2026\/04\/26\/2-ans-en-immersion-dans-lenfer-de-gaza-video-1h50\/#breadcrumb"},"inLanguage":"fr-FR","potentialAction":[{"@type":"ReadAction","target":["https:\/\/ismfrance.org\/index.php\/2026\/04\/26\/2-ans-en-immersion-dans-lenfer-de-gaza-video-1h50\/"]}]},{"@type":"ImageObject","inLanguage":"fr-FR","@id":"https:\/\/ismfrance.org\/index.php\/2026\/04\/26\/2-ans-en-immersion-dans-lenfer-de-gaza-video-1h50\/#primaryimage","url":"https:\/\/ismfrance.org\/wp-content\/uploads\/2026\/04\/film-gaza.png","contentUrl":"https:\/\/ismfrance.org\/wp-content\/uploads\/2026\/04\/film-gaza.png","width":500,"height":280},{"@type":"BreadcrumbList","@id":"https:\/\/ismfrance.org\/index.php\/2026\/04\/26\/2-ans-en-immersion-dans-lenfer-de-gaza-video-1h50\/#breadcrumb","itemListElement":[{"@type":"ListItem","position":1,"name":"Accueil","item":"https:\/\/ismfrance.org\/"},{"@type":"ListItem","position":2,"name":"\u00ab 2 ans en immersion dans l\u2019enfer de Gaza \u00bb VIDEO 1h50"}]},{"@type":"WebSite","@id":"https:\/\/ismfrance.org\/#website","url":"https:\/\/ismfrance.org\/","name":"ISM Palestine France","description":"Soutien aux luttes de lib\u00e9ration du peuple palestinien","publisher":{"@id":"https:\/\/ismfrance.org\/#organization"},"potentialAction":[{"@type":"SearchAction","target":{"@type":"EntryPoint","urlTemplate":"https:\/\/ismfrance.org\/?s={search_term_string}"},"query-input":{"@type":"PropertyValueSpecification","valueRequired":true,"valueName":"search_term_string"}}],"inLanguage":"fr-FR"},{"@type":"Organization","@id":"https:\/\/ismfrance.org\/#organization","name":"International Solidarity Movement","url":"https:\/\/ismfrance.org\/","logo":{"@type":"ImageObject","inLanguage":"fr-FR","@id":"https:\/\/ismfrance.org\/#\/schema\/logo\/image\/","url":"https:\/\/ismfrance.org\/wp-content\/uploads\/2020\/12\/00.png","contentUrl":"https:\/\/ismfrance.org\/wp-content\/uploads\/2020\/12\/00.png","width":400,"height":400,"caption":"International Solidarity Movement"},"image":{"@id":"https:\/\/ismfrance.org\/#\/schema\/logo\/image\/"},"sameAs":["https:\/\/x.com\/ISMFRANCE"]},{"@type":"Person","@id":"https:\/\/ismfrance.org\/#\/schema\/person\/3c411eb72adfaae19c0dca1f41fae01d","name":"mru_01","image":{"@type":"ImageObject","inLanguage":"fr-FR","@id":"https:\/\/secure.gravatar.com\/avatar\/3a0be343b445d2ccc79e87444a294fad2b232e90d2051d0e3cc219e1ecd6a330?s=96&d=mm&r=g","url":"https:\/\/secure.gravatar.com\/avatar\/3a0be343b445d2ccc79e87444a294fad2b232e90d2051d0e3cc219e1ecd6a330?s=96&d=mm&r=g","contentUrl":"https:\/\/secure.gravatar.com\/avatar\/3a0be343b445d2ccc79e87444a294fad2b232e90d2051d0e3cc219e1ecd6a330?s=96&d=mm&r=g","caption":"mru_01"},"url":"https:\/\/ismfrance.org\/index.php\/author\/admin02\/"}]}},"_links":{"self":[{"href":"https:\/\/ismfrance.org\/index.php\/wp-json\/wp\/v2\/posts\/28863","targetHints":{"allow":["GET"]}}],"collection":[{"href":"https:\/\/ismfrance.org\/index.php\/wp-json\/wp\/v2\/posts"}],"about":[{"href":"https:\/\/ismfrance.org\/index.php\/wp-json\/wp\/v2\/types\/post"}],"author":[{"embeddable":true,"href":"https:\/\/ismfrance.org\/index.php\/wp-json\/wp\/v2\/users\/3"}],"replies":[{"embeddable":true,"href":"https:\/\/ismfrance.org\/index.php\/wp-json\/wp\/v2\/comments?post=28863"}],"version-history":[{"count":6,"href":"https:\/\/ismfrance.org\/index.php\/wp-json\/wp\/v2\/posts\/28863\/revisions"}],"predecessor-version":[{"id":28870,"href":"https:\/\/ismfrance.org\/index.php\/wp-json\/wp\/v2\/posts\/28863\/revisions\/28870"}],"wp:featuredmedia":[{"embeddable":true,"href":"https:\/\/ismfrance.org\/index.php\/wp-json\/wp\/v2\/media\/28867"}],"wp:attachment":[{"href":"https:\/\/ismfrance.org\/index.php\/wp-json\/wp\/v2\/media?parent=28863"}],"wp:term":[{"taxonomy":"category","embeddable":true,"href":"https:\/\/ismfrance.org\/index.php\/wp-json\/wp\/v2\/categories?post=28863"},{"taxonomy":"post_tag","embeddable":true,"href":"https:\/\/ismfrance.org\/index.php\/wp-json\/wp\/v2\/tags?post=28863"}],"curies":[{"name":"wp","href":"https:\/\/api.w.org\/{rel}","templated":true}]}}