{"id":2854,"date":"2022-06-04T10:42:16","date_gmt":"2022-06-04T08:42:16","guid":{"rendered":"https:\/\/ismfrance.org\/?p=2854"},"modified":"2022-06-04T10:45:16","modified_gmt":"2022-06-04T08:45:16","slug":"pourquoi-israel-a-t-il-si-peur-du-drapeau-palestinien","status":"publish","type":"post","link":"https:\/\/ismfrance.org\/index.php\/2022\/06\/04\/pourquoi-israel-a-t-il-si-peur-du-drapeau-palestinien\/","title":{"rendered":"Pourquoi Isra\u00ebl a-t-il si peur du drapeau palestinien ?"},"content":{"rendered":"<p><span style=\"font-family: Rockwell, serif;\"><span style=\"font-size: medium;\"><b>Ameer Makhoul, 3 juin 2022. <\/b><\/span><\/span><span style=\"font-family: Rockwell, serif;\"><span style=\"font-size: medium;\">Par un vote de 63 \u00e0 16, la Knesset isra\u00e9lienne a donn\u00e9 cette semaine son accord pr\u00e9alable \u00e0 un <a href=\"https:\/\/www.timesofisrael.com\/liveblog-june-1-2022\/\">projet de loi<\/a> qui interdirait aux drapeaux palestiniens de flotter dans les institutions financ\u00e9es par l&rsquo;\u00c9tat. Propos\u00e9 par le parti Likoud et soutenu par le Premier ministre isra\u00e9lien Naftali Bennett, ce projet de loi est une d\u00e9monstration claire de la faiblesse de l&rsquo;\u00c9tat face \u00e0 la solidarit\u00e9 palestinienne, montrant qu&rsquo;Isra\u00ebl &#8211; plus de sept d\u00e9cennies apr\u00e8s sa cr\u00e9ation sur les ruines de la Palestine historique &#8211; est dans un \u00e9tat de panique.<\/span><\/span><\/p>\n<p><a href=\"https:\/\/ismfrance.org\/wp-content\/uploads\/2022\/06\/drapeau.jpg\"><img loading=\"lazy\" decoding=\"async\" class=\"size-full wp-image-2855 aligncenter\" src=\"https:\/\/ismfrance.org\/wp-content\/uploads\/2022\/06\/drapeau.jpg\" alt=\"\" width=\"680\" height=\"453\" srcset=\"https:\/\/ismfrance.org\/wp-content\/uploads\/2022\/06\/drapeau.jpg 680w, https:\/\/ismfrance.org\/wp-content\/uploads\/2022\/06\/drapeau-300x200.jpg 300w\" sizes=\"auto, (max-width: 680px) 100vw, 680px\" \/><\/a><span style=\"font-family: Rockwell, serif;\"><span style=\"font-size: medium;\">Le vote a montr\u00e9 une fois de plus que lorsque la coalition au pouvoir est incapable de <a href=\"https:\/\/www.middleeasteye.net\/news\/israel-palestinian-occupation-ban-flag-state-funded-institutions-initial-knesset-approval\">faire passer un projet de loi<\/a>, elle a recours \u00e0 l&rsquo;opposition parlementaire sioniste d&rsquo;ultra-droite. La question remarquable ici n&rsquo;est pas la fragilit\u00e9 de la coalition au pouvoir, mais plut\u00f4t le consensus national sioniste et la domination de l&rsquo;extr\u00eame droite, en particulier le mouvement des colons religieux, sur la vie politique isra\u00e9lienne.<\/span><\/span><\/p>\n<p><span style=\"font-family: Rockwell, serif;\"><span style=\"font-size: medium;\">Le fait que des \u00e9tudiants arabes brandissent le drapeau palestinien lors de manifestations sur les campus isra\u00e9liens n&rsquo;a rien de nouveau. Il est utilis\u00e9 depuis longtemps comme symbole national dans les mouvements populaires, et il a \u00e9t\u00e9 hiss\u00e9 une fois de plus le 29 mai 2022 en r\u00e9action spontan\u00e9e \u00e0 la \u00ab\u00a0<a href=\"https:\/\/www.middleeasteye.net\/news\/israel-flag-march-youth-reveal-vision-far-right-future\">marche du drapeau<\/a>\u00a0\u00bb de J\u00e9rusalem, qui a vu des dizaines de milliers de Juifs envahir la vieille ville.<\/span><\/span><\/p>\n<p><span style=\"font-family: Rockwell, serif;\"><span style=\"font-size: medium;\">Pendant l&rsquo;\u00e9v\u00e9nement, les marcheurs brandissant le drapeau isra\u00e9lien \u00e9taient prot\u00e9g\u00e9s par les forces isra\u00e9liennes qui occupaient la ville. Le v\u00e9ritable d\u00e9fi consistait \u00e0 hisser le drapeau palestinien pour qu&rsquo;il flotte au-dessus de la mer de drapeaux bleus et blancs.<\/span><\/span><\/p>\n<p><span style=\"font-family: Rockwell, serif;\"><span style=\"font-size: medium;\">Isra\u00ebl accorde une importance particuli\u00e8re \u00e0 la question du lever du drapeau palestinien \u00e0 J\u00e9rusalem, qu&rsquo;il pr\u00e9sente comme une violation de la souverainet\u00e9 isra\u00e9lienne, bien qu&rsquo;il soit une puissance occupante. Il s&rsquo;appuie sur les accords d&rsquo;Oslo, et en particulier sur le protocole de Paris de 1994, pour confirmer que l&rsquo;Autorit\u00e9 palestinienne ne peut pas s&rsquo;ing\u00e9rer dans les affaires int\u00e9rieures isra\u00e9liennes. Isra\u00ebl d\u00e9crit ainsi J\u00e9rusalem comme une affaire isra\u00e9lienne et le lever du drapeau palestinien comme une ing\u00e9rence.<\/span><\/span><\/p>\n<p><b><span style=\"font-family: Rockwell, serif;\"><span style=\"font-size: medium;\">Campagne d&rsquo;incitation<\/span><\/span><\/b><\/p>\n<p><span style=\"font-family: Rockwell, serif;\"><span style=\"font-size: medium;\">Le mois dernier, pour marquer le 74e anniversaire de la Nakba, des \u00e9tudiants palestiniens ont organis\u00e9 des manifestations sur des campus universitaires. \u00c0 l&rsquo;universit\u00e9 Ben-Gourion de Beersheba, des manifestants <a href=\"https:\/\/www.haaretz.com\/israel-news\/2022-05-23\/ty-article\/.premium\/nakba-day-rally-in-southern-israeli-draws-mayors-ire\/00000180-f6be-d18b-a787-f7ff9e360000\">ont brandi des drapeaux palestiniens<\/a> lors d&rsquo;un \u00e9v\u00e9nement autoris\u00e9 par l&rsquo;universit\u00e9, d\u00e9clenchant une contre-manifestation sioniste et une plainte du maire de la ville.<\/span><\/span><\/p>\n<p><span style=\"font-family: Rockwell, serif;\"><span style=\"font-size: medium;\">Des militants d&rsquo;extr\u00eame-droite ont \u00e9galement d\u00e9tourn\u00e9 une manifestation organis\u00e9e par des \u00e9tudiants arabes \u00e0 <a href=\"https:\/\/www.haaretz.com\/israel-news\/2022-05-15\/ty-article\/.premium\/amid-tensions-israel-police-bolsters-forces-as-palestinians-mark-nakba\/00000180-d631-d452-a1fa-d7ff6f140000\">l&rsquo;universit\u00e9 de Tel Aviv<\/a> \u00e0 l&rsquo;occasion du Jour de la Nakba, ce qui a donn\u00e9 lieu \u00e0 une violente confrontation. Si les protestations et contre-protestations de divers groupes s&rsquo;inscrivent dans le cadre acceptable des libert\u00e9s acad\u00e9miques, l&rsquo;affaire ne s&rsquo;est pas limit\u00e9e \u00e0 ce cadre, se transformant en une campagne d&rsquo;incitation par les m\u00e9dias et l&rsquo;establishment politique isra\u00e9liens.<\/span><\/span><\/p>\n<p><span style=\"font-family: Rockwell, serif;\"><span style=\"font-size: medium;\">L&rsquo;exemple le plus scandaleux en a \u00e9t\u00e9 donn\u00e9 le 24 mai, lorsque le membre de la Knesset Israel Katz a <a href=\"https:\/\/twitter.com\/i\/status\/1528996496468844546\">tweet\u00e9<\/a> : \u00ab\u00a0<\/span><\/span><span style=\"font-family: Rockwell, serif;\"><span style=\"font-size: medium;\"><i>J&rsquo;ai mis en garde les \u00e9tudiants arabes qui agitent des drapeaux palestiniens dans les universit\u00e9s hier : Souvenez-vous de 1948. Souvenez-vous de notre guerre d&rsquo;ind\u00e9pendance et de votre Nakba&#8230; Assez du terrorisme interne des Arabes isra\u00e9liens. Assez de violence contre les Juifs dans les villes concern\u00e9es. Si vous ne vous calmez pas, nous vous donnerons une le\u00e7on que vous n&rsquo;oublierez pas.<\/i><\/span><\/span><span style=\"font-family: Rockwell, serif;\"><span style=\"font-size: medium;\">\u00a0\u00bb<\/span><\/span><\/p>\n<p><span style=\"font-family: Rockwell, serif;\"><span style=\"font-size: medium;\">Cette campagne d&rsquo;incitation se distingue par une interd\u00e9pendance \u00e9troite entre les m\u00e9dias isra\u00e9liens, les hommes politiques, les membres du public et les milices locales qui cherchent \u00e0 intimider les Palestiniens, tandis que la police ferme les yeux. Si ce type d&rsquo;interd\u00e9pendance n&rsquo;est pas nouveau, il a atteint des niveaux sans pr\u00e9c\u00e9dent. La d\u00e9claration de Bennett en mars dernier, qui <a href=\"https:\/\/www.middleeasteye.net\/news\/israel-bennett-calls-citizens-carry-guns-saying-time-do-so\">exhortait les Isra\u00e9liens \u00e0 porter des armes<\/a>, en est un bon exemple.<\/span><\/span><\/p>\n<p><b><span style=\"font-family: Rockwell, serif;\"><span style=\"font-size: medium;\">R\u00e9primer la cause palestinienne<\/span><\/span><\/b><\/p>\n<p><span style=\"font-family: Rockwell, serif;\"><span style=\"font-size: medium;\">La <a href=\"https:\/\/www.haaretz.com\/israel-news\/2022-01-04\/ty-article\/.premium\/applications-for-gun-licenses-in-israel-soared-after-may-jewish-arab-violence\/0000017f-def3-df9c-a17f-fefb08020000\">forte augmentation<\/a> du nombre de Juifs isra\u00e9liens demandant un permis de port d&rsquo;arme est extr\u00eamement pr\u00e9occupante dans le contexte de cette atmosph\u00e8re d&rsquo;incitation croissante contre les citoyens palestiniens d&rsquo;Isra\u00ebl, parall\u00e8lement \u00e0 la d\u00e9l\u00e9gitimation de leur r\u00f4le politique.<\/span><\/span><\/p>\n<p>https:\/\/twitter.com\/i\/status\/1533004882986270721<\/p>\n<p><span style=\"font-family: Rockwell, serif;\"><span style=\"font-size: medium;\">Isra\u00ebl s&rsquo;efforce de faire dispara\u00eetre la question palestinienne de l&rsquo;agenda national, tout en \u00e9touffant sa pr\u00e9sence sur la sc\u00e8ne internationale par le biais d&rsquo;accords de <a href=\"https:\/\/www.middleeasteye.net\/topics\/israel-normalisation-deals\">normalisation<\/a> qui \u00e9tendent l&rsquo;influence r\u00e9gionale d&rsquo;Isra\u00ebl et \u00e9tablissent des programmes de coop\u00e9ration en mati\u00e8re de s\u00e9curit\u00e9 avec les \u00c9tats arabes voisins.<\/span><\/span><\/p>\n<p><span style=\"font-family: Rockwell, serif;\"><span style=\"font-size: medium;\">Tout cela fait partie d&rsquo;une strat\u00e9gie isra\u00e9lienne int\u00e9gr\u00e9e, dans laquelle la question du drapeau palestinien fait l&rsquo;objet d&rsquo;une attention particuli\u00e8re, car il s&rsquo;agit d&rsquo;un symbole fondamental de la cause palestinienne. C&rsquo;est la raison pour laquelle nous assistons \u00e0 une pression pour interdire le drapeau palestinien, et c&rsquo;est pourquoi la police isra\u00e9lienne est all\u00e9e jusqu&rsquo;\u00e0 <a href=\"https:\/\/www.aljazeera.com\/news\/2022\/5\/14\/israeli-police-attack-on-shireen-abu-akleh-mourners-sparks-outcry\">attaquer les porteurs du cercueil<\/a> de la journaliste d&rsquo;<\/span><\/span><span style=\"font-family: Rockwell, serif;\"><span style=\"font-size: medium;\"><i>Al Jazeera<\/i><\/span><\/span><span style=\"font-family: Rockwell, serif;\"><span style=\"font-size: medium;\"> Shireen Abu Akleh le mois dernier.<\/span><\/span><\/p>\n<p><span style=\"font-family: Rockwell, serif;\"><span style=\"font-size: medium;\">La proposition de loi anti-drapeau s&rsquo;inscrit dans la volont\u00e9 d&rsquo;Isra\u00ebl d&rsquo;intensifier son occupation et d&rsquo;affaiblir le r\u00f4le des Palestiniens de 48, en supprimant tout lien avec la cause palestinienne. Le projet de loi, qui a \u00e9t\u00e9 adopt\u00e9 en premi\u00e8re lecture cette semaine, <a href=\"https:\/\/www.middleeasteye.net\/news\/israel-palestinian-occupation-ban-flag-state-funded-institutions-initial-knesset-approval\">interdirait<\/a> \u00ab<\/span><\/span><span style=\"font-family: Rockwell, serif;\"><span style=\"font-size: medium;\"><i>\u00a0le d\u00e9ploiement des drapeaux d&rsquo;un \u00c9tat ennemi ou de l&rsquo;Autorit\u00e9 palestinienne<\/i><\/span><\/span><span style=\"font-family: Rockwell, serif;\"><span style=\"font-size: medium;\">\u00a0\u00bb dans toutes les institutions financ\u00e9es par l&rsquo;\u00c9tat, et pas seulement dans les universit\u00e9s.<\/span><\/span><\/p>\n<p><span style=\"font-family: Rockwell, serif;\"><span style=\"font-size: medium;\">Cela renforcerait le contr\u00f4le d&rsquo;Isra\u00ebl dans tout le pays et pousserait les institutions \u00e0 s&rsquo;autocensurer afin de pr\u00e9server leur financement public &#8211; m\u00eame si, dans un contexte de discrimination et de racisme structurels, les organisations culturelles palestiniennes en Isra\u00ebl ne re\u00e7oivent de toute fa\u00e7on qu&rsquo;une fraction des fonds disponibles.<\/span><\/span><\/p>\n<p><span style=\"font-family: Rockwell, serif;\"><span style=\"font-size: medium;\">En fin de compte, la bataille du drapeau ne porte pas sur le drapeau en soi, mais sur l&rsquo;existence l\u00e9gitime des Palestiniens dans leur patrie &#8211; et leur droit d&rsquo;utiliser leur voix politique.<\/span><\/span><\/p>\n<p><span style=\"font-family: Rockwell, serif;\"><span style=\"font-size: medium;\"><i>Article original en anglais sur <a href=\"https:\/\/www.middleeasteye.net\/opinion\/israel-palestine-flag-afraid-why\">Middle East Ey<\/a>e \/ Traduction MR<\/i><\/span><\/span><\/p>\n<p><span style=\"font-family: Vrinda, serif;\"><span style=\"font-size: medium;\"><span style=\"color: #201f1e;\">[writers slug=ameer-makhoul]<\/span><\/span><\/span><\/p>\n","protected":false},"excerpt":{"rendered":"<p>Ameer Makhoul, 3 juin 2022. Par un vote de 63 \u00e0 16, la Knesset isra\u00e9lienne a donn\u00e9 cette semaine son accord pr\u00e9alable \u00e0 un projet de loi qui interdirait aux <a class=\"more-link\" href=\"https:\/\/ismfrance.org\/index.php\/2022\/06\/04\/pourquoi-israel-a-t-il-si-peur-du-drapeau-palestinien\/\">Lire la suite &rarr;<\/a><\/p>\n","protected":false},"author":3,"featured_media":2855,"comment_status":"closed","ping_status":"closed","sticky":false,"template":"","format":"standard","meta":{"footnotes":""},"categories":[12,2],"tags":[70,74],"class_list":["post-2854","post","type-post","status-publish","format-standard","has-post-thumbnail","hentry","category-analyses","category-articles","tag-repression","tag-sionisme"],"yoast_head":"<!-- This site is optimized with the Yoast SEO plugin v27.2 - https:\/\/yoast.com\/product\/yoast-seo-wordpress\/ -->\n<title>Pourquoi Isra\u00ebl a-t-il si peur du drapeau palestinien ? - International Solidarity Movement - ISM-France<\/title>\n<meta name=\"robots\" content=\"index, follow, max-snippet:-1, max-image-preview:large, max-video-preview:-1\" \/>\n<link rel=\"canonical\" href=\"https:\/\/ismfrance.org\/index.php\/2022\/06\/04\/pourquoi-israel-a-t-il-si-peur-du-drapeau-palestinien\/\" \/>\n<meta property=\"og:locale\" content=\"fr_FR\" \/>\n<meta property=\"og:type\" content=\"article\" \/>\n<meta property=\"og:title\" content=\"Pourquoi Isra\u00ebl a-t-il si peur du drapeau palestinien ? - International Solidarity Movement - ISM-France\" \/>\n<meta property=\"og:description\" content=\"Ameer Makhoul, 3 juin 2022. Par un vote de 63 \u00e0 16, la Knesset isra\u00e9lienne a donn\u00e9 cette semaine son accord pr\u00e9alable \u00e0 un projet de loi qui interdirait aux Lire la suite &rarr;\" \/>\n<meta property=\"og:url\" content=\"https:\/\/ismfrance.org\/index.php\/2022\/06\/04\/pourquoi-israel-a-t-il-si-peur-du-drapeau-palestinien\/\" \/>\n<meta property=\"og:site_name\" content=\"International Solidarity Movement - ISM-France\" \/>\n<meta property=\"article:published_time\" content=\"2022-06-04T08:42:16+00:00\" \/>\n<meta property=\"article:modified_time\" content=\"2022-06-04T08:45:16+00:00\" \/>\n<meta property=\"og:image\" content=\"https:\/\/ismfrance.org\/wp-content\/uploads\/2022\/06\/drapeau.jpg\" \/>\n\t<meta property=\"og:image:width\" content=\"680\" \/>\n\t<meta property=\"og:image:height\" content=\"453\" \/>\n\t<meta property=\"og:image:type\" content=\"image\/jpeg\" \/>\n<meta name=\"author\" content=\"mru_01\" \/>\n<meta name=\"twitter:card\" content=\"summary_large_image\" \/>\n<meta name=\"twitter:creator\" content=\"@ISMFRANCE\" \/>\n<meta name=\"twitter:site\" content=\"@ISMFRANCE\" \/>\n<meta name=\"twitter:label1\" content=\"\u00c9crit par\" \/>\n\t<meta name=\"twitter:data1\" content=\"mru_01\" \/>\n\t<meta name=\"twitter:label2\" content=\"Dur\u00e9e de lecture estim\u00e9e\" \/>\n\t<meta name=\"twitter:data2\" content=\"5 minutes\" \/>\n<script type=\"application\/ld+json\" class=\"yoast-schema-graph\">{\"@context\":\"https:\/\/schema.org\",\"@graph\":[{\"@type\":\"Article\",\"@id\":\"https:\/\/ismfrance.org\/index.php\/2022\/06\/04\/pourquoi-israel-a-t-il-si-peur-du-drapeau-palestinien\/#article\",\"isPartOf\":{\"@id\":\"https:\/\/ismfrance.org\/index.php\/2022\/06\/04\/pourquoi-israel-a-t-il-si-peur-du-drapeau-palestinien\/\"},\"author\":{\"name\":\"mru_01\",\"@id\":\"https:\/\/ismfrance.org\/#\/schema\/person\/3c411eb72adfaae19c0dca1f41fae01d\"},\"headline\":\"Pourquoi Isra\u00ebl a-t-il si peur du drapeau palestinien ?\",\"datePublished\":\"2022-06-04T08:42:16+00:00\",\"dateModified\":\"2022-06-04T08:45:16+00:00\",\"mainEntityOfPage\":{\"@id\":\"https:\/\/ismfrance.org\/index.php\/2022\/06\/04\/pourquoi-israel-a-t-il-si-peur-du-drapeau-palestinien\/\"},\"wordCount\":1094,\"publisher\":{\"@id\":\"https:\/\/ismfrance.org\/#organization\"},\"image\":{\"@id\":\"https:\/\/ismfrance.org\/index.php\/2022\/06\/04\/pourquoi-israel-a-t-il-si-peur-du-drapeau-palestinien\/#primaryimage\"},\"thumbnailUrl\":\"https:\/\/ismfrance.org\/wp-content\/uploads\/2022\/06\/drapeau.jpg\",\"keywords\":[\"R\u00e9pression\",\"Sionisme\"],\"articleSection\":[\"Analyses\",\"Articles\"],\"inLanguage\":\"fr-FR\"},{\"@type\":\"WebPage\",\"@id\":\"https:\/\/ismfrance.org\/index.php\/2022\/06\/04\/pourquoi-israel-a-t-il-si-peur-du-drapeau-palestinien\/\",\"url\":\"https:\/\/ismfrance.org\/index.php\/2022\/06\/04\/pourquoi-israel-a-t-il-si-peur-du-drapeau-palestinien\/\",\"name\":\"Pourquoi Isra\u00ebl a-t-il si peur du drapeau palestinien ? - International Solidarity Movement - ISM-France\",\"isPartOf\":{\"@id\":\"https:\/\/ismfrance.org\/#website\"},\"primaryImageOfPage\":{\"@id\":\"https:\/\/ismfrance.org\/index.php\/2022\/06\/04\/pourquoi-israel-a-t-il-si-peur-du-drapeau-palestinien\/#primaryimage\"},\"image\":{\"@id\":\"https:\/\/ismfrance.org\/index.php\/2022\/06\/04\/pourquoi-israel-a-t-il-si-peur-du-drapeau-palestinien\/#primaryimage\"},\"thumbnailUrl\":\"https:\/\/ismfrance.org\/wp-content\/uploads\/2022\/06\/drapeau.jpg\",\"datePublished\":\"2022-06-04T08:42:16+00:00\",\"dateModified\":\"2022-06-04T08:45:16+00:00\",\"breadcrumb\":{\"@id\":\"https:\/\/ismfrance.org\/index.php\/2022\/06\/04\/pourquoi-israel-a-t-il-si-peur-du-drapeau-palestinien\/#breadcrumb\"},\"inLanguage\":\"fr-FR\",\"potentialAction\":[{\"@type\":\"ReadAction\",\"target\":[\"https:\/\/ismfrance.org\/index.php\/2022\/06\/04\/pourquoi-israel-a-t-il-si-peur-du-drapeau-palestinien\/\"]}]},{\"@type\":\"ImageObject\",\"inLanguage\":\"fr-FR\",\"@id\":\"https:\/\/ismfrance.org\/index.php\/2022\/06\/04\/pourquoi-israel-a-t-il-si-peur-du-drapeau-palestinien\/#primaryimage\",\"url\":\"https:\/\/ismfrance.org\/wp-content\/uploads\/2022\/06\/drapeau.jpg\",\"contentUrl\":\"https:\/\/ismfrance.org\/wp-content\/uploads\/2022\/06\/drapeau.jpg\",\"width\":680,\"height\":453},{\"@type\":\"BreadcrumbList\",\"@id\":\"https:\/\/ismfrance.org\/index.php\/2022\/06\/04\/pourquoi-israel-a-t-il-si-peur-du-drapeau-palestinien\/#breadcrumb\",\"itemListElement\":[{\"@type\":\"ListItem\",\"position\":1,\"name\":\"Accueil\",\"item\":\"https:\/\/ismfrance.org\/\"},{\"@type\":\"ListItem\",\"position\":2,\"name\":\"Pourquoi Isra\u00ebl a-t-il si peur du drapeau palestinien ?\"}]},{\"@type\":\"WebSite\",\"@id\":\"https:\/\/ismfrance.org\/#website\",\"url\":\"https:\/\/ismfrance.org\/\",\"name\":\"ISM Palestine France\",\"description\":\"Soutien aux luttes de lib\u00e9ration du peuple palestinien\",\"publisher\":{\"@id\":\"https:\/\/ismfrance.org\/#organization\"},\"potentialAction\":[{\"@type\":\"SearchAction\",\"target\":{\"@type\":\"EntryPoint\",\"urlTemplate\":\"https:\/\/ismfrance.org\/?s={search_term_string}\"},\"query-input\":{\"@type\":\"PropertyValueSpecification\",\"valueRequired\":true,\"valueName\":\"search_term_string\"}}],\"inLanguage\":\"fr-FR\"},{\"@type\":\"Organization\",\"@id\":\"https:\/\/ismfrance.org\/#organization\",\"name\":\"International Solidarity Movement\",\"url\":\"https:\/\/ismfrance.org\/\",\"logo\":{\"@type\":\"ImageObject\",\"inLanguage\":\"fr-FR\",\"@id\":\"https:\/\/ismfrance.org\/#\/schema\/logo\/image\/\",\"url\":\"https:\/\/ismfrance.org\/wp-content\/uploads\/2020\/12\/00.png\",\"contentUrl\":\"https:\/\/ismfrance.org\/wp-content\/uploads\/2020\/12\/00.png\",\"width\":400,\"height\":400,\"caption\":\"International Solidarity Movement\"},\"image\":{\"@id\":\"https:\/\/ismfrance.org\/#\/schema\/logo\/image\/\"},\"sameAs\":[\"https:\/\/x.com\/ISMFRANCE\"]},{\"@type\":\"Person\",\"@id\":\"https:\/\/ismfrance.org\/#\/schema\/person\/3c411eb72adfaae19c0dca1f41fae01d\",\"name\":\"mru_01\",\"image\":{\"@type\":\"ImageObject\",\"inLanguage\":\"fr-FR\",\"@id\":\"https:\/\/secure.gravatar.com\/avatar\/3a0be343b445d2ccc79e87444a294fad2b232e90d2051d0e3cc219e1ecd6a330?s=96&d=mm&r=g\",\"url\":\"https:\/\/secure.gravatar.com\/avatar\/3a0be343b445d2ccc79e87444a294fad2b232e90d2051d0e3cc219e1ecd6a330?s=96&d=mm&r=g\",\"contentUrl\":\"https:\/\/secure.gravatar.com\/avatar\/3a0be343b445d2ccc79e87444a294fad2b232e90d2051d0e3cc219e1ecd6a330?s=96&d=mm&r=g\",\"caption\":\"mru_01\"},\"url\":\"https:\/\/ismfrance.org\/index.php\/author\/admin02\/\"}]}<\/script>\n<!-- \/ Yoast SEO plugin. -->","yoast_head_json":{"title":"Pourquoi Isra\u00ebl a-t-il si peur du drapeau palestinien ? - International Solidarity Movement - ISM-France","robots":{"index":"index","follow":"follow","max-snippet":"max-snippet:-1","max-image-preview":"max-image-preview:large","max-video-preview":"max-video-preview:-1"},"canonical":"https:\/\/ismfrance.org\/index.php\/2022\/06\/04\/pourquoi-israel-a-t-il-si-peur-du-drapeau-palestinien\/","og_locale":"fr_FR","og_type":"article","og_title":"Pourquoi Isra\u00ebl a-t-il si peur du drapeau palestinien ? - International Solidarity Movement - ISM-France","og_description":"Ameer Makhoul, 3 juin 2022. Par un vote de 63 \u00e0 16, la Knesset isra\u00e9lienne a donn\u00e9 cette semaine son accord pr\u00e9alable \u00e0 un projet de loi qui interdirait aux Lire la suite &rarr;","og_url":"https:\/\/ismfrance.org\/index.php\/2022\/06\/04\/pourquoi-israel-a-t-il-si-peur-du-drapeau-palestinien\/","og_site_name":"International Solidarity Movement - ISM-France","article_published_time":"2022-06-04T08:42:16+00:00","article_modified_time":"2022-06-04T08:45:16+00:00","og_image":[{"width":680,"height":453,"url":"https:\/\/ismfrance.org\/wp-content\/uploads\/2022\/06\/drapeau.jpg","type":"image\/jpeg"}],"author":"mru_01","twitter_card":"summary_large_image","twitter_creator":"@ISMFRANCE","twitter_site":"@ISMFRANCE","twitter_misc":{"\u00c9crit par":"mru_01","Dur\u00e9e de lecture estim\u00e9e":"5 minutes"},"schema":{"@context":"https:\/\/schema.org","@graph":[{"@type":"Article","@id":"https:\/\/ismfrance.org\/index.php\/2022\/06\/04\/pourquoi-israel-a-t-il-si-peur-du-drapeau-palestinien\/#article","isPartOf":{"@id":"https:\/\/ismfrance.org\/index.php\/2022\/06\/04\/pourquoi-israel-a-t-il-si-peur-du-drapeau-palestinien\/"},"author":{"name":"mru_01","@id":"https:\/\/ismfrance.org\/#\/schema\/person\/3c411eb72adfaae19c0dca1f41fae01d"},"headline":"Pourquoi Isra\u00ebl a-t-il si peur du drapeau palestinien ?","datePublished":"2022-06-04T08:42:16+00:00","dateModified":"2022-06-04T08:45:16+00:00","mainEntityOfPage":{"@id":"https:\/\/ismfrance.org\/index.php\/2022\/06\/04\/pourquoi-israel-a-t-il-si-peur-du-drapeau-palestinien\/"},"wordCount":1094,"publisher":{"@id":"https:\/\/ismfrance.org\/#organization"},"image":{"@id":"https:\/\/ismfrance.org\/index.php\/2022\/06\/04\/pourquoi-israel-a-t-il-si-peur-du-drapeau-palestinien\/#primaryimage"},"thumbnailUrl":"https:\/\/ismfrance.org\/wp-content\/uploads\/2022\/06\/drapeau.jpg","keywords":["R\u00e9pression","Sionisme"],"articleSection":["Analyses","Articles"],"inLanguage":"fr-FR"},{"@type":"WebPage","@id":"https:\/\/ismfrance.org\/index.php\/2022\/06\/04\/pourquoi-israel-a-t-il-si-peur-du-drapeau-palestinien\/","url":"https:\/\/ismfrance.org\/index.php\/2022\/06\/04\/pourquoi-israel-a-t-il-si-peur-du-drapeau-palestinien\/","name":"Pourquoi Isra\u00ebl a-t-il si peur du drapeau palestinien ? - International Solidarity Movement - ISM-France","isPartOf":{"@id":"https:\/\/ismfrance.org\/#website"},"primaryImageOfPage":{"@id":"https:\/\/ismfrance.org\/index.php\/2022\/06\/04\/pourquoi-israel-a-t-il-si-peur-du-drapeau-palestinien\/#primaryimage"},"image":{"@id":"https:\/\/ismfrance.org\/index.php\/2022\/06\/04\/pourquoi-israel-a-t-il-si-peur-du-drapeau-palestinien\/#primaryimage"},"thumbnailUrl":"https:\/\/ismfrance.org\/wp-content\/uploads\/2022\/06\/drapeau.jpg","datePublished":"2022-06-04T08:42:16+00:00","dateModified":"2022-06-04T08:45:16+00:00","breadcrumb":{"@id":"https:\/\/ismfrance.org\/index.php\/2022\/06\/04\/pourquoi-israel-a-t-il-si-peur-du-drapeau-palestinien\/#breadcrumb"},"inLanguage":"fr-FR","potentialAction":[{"@type":"ReadAction","target":["https:\/\/ismfrance.org\/index.php\/2022\/06\/04\/pourquoi-israel-a-t-il-si-peur-du-drapeau-palestinien\/"]}]},{"@type":"ImageObject","inLanguage":"fr-FR","@id":"https:\/\/ismfrance.org\/index.php\/2022\/06\/04\/pourquoi-israel-a-t-il-si-peur-du-drapeau-palestinien\/#primaryimage","url":"https:\/\/ismfrance.org\/wp-content\/uploads\/2022\/06\/drapeau.jpg","contentUrl":"https:\/\/ismfrance.org\/wp-content\/uploads\/2022\/06\/drapeau.jpg","width":680,"height":453},{"@type":"BreadcrumbList","@id":"https:\/\/ismfrance.org\/index.php\/2022\/06\/04\/pourquoi-israel-a-t-il-si-peur-du-drapeau-palestinien\/#breadcrumb","itemListElement":[{"@type":"ListItem","position":1,"name":"Accueil","item":"https:\/\/ismfrance.org\/"},{"@type":"ListItem","position":2,"name":"Pourquoi Isra\u00ebl a-t-il si peur du drapeau palestinien ?"}]},{"@type":"WebSite","@id":"https:\/\/ismfrance.org\/#website","url":"https:\/\/ismfrance.org\/","name":"ISM Palestine France","description":"Soutien aux luttes de lib\u00e9ration du peuple palestinien","publisher":{"@id":"https:\/\/ismfrance.org\/#organization"},"potentialAction":[{"@type":"SearchAction","target":{"@type":"EntryPoint","urlTemplate":"https:\/\/ismfrance.org\/?s={search_term_string}"},"query-input":{"@type":"PropertyValueSpecification","valueRequired":true,"valueName":"search_term_string"}}],"inLanguage":"fr-FR"},{"@type":"Organization","@id":"https:\/\/ismfrance.org\/#organization","name":"International Solidarity Movement","url":"https:\/\/ismfrance.org\/","logo":{"@type":"ImageObject","inLanguage":"fr-FR","@id":"https:\/\/ismfrance.org\/#\/schema\/logo\/image\/","url":"https:\/\/ismfrance.org\/wp-content\/uploads\/2020\/12\/00.png","contentUrl":"https:\/\/ismfrance.org\/wp-content\/uploads\/2020\/12\/00.png","width":400,"height":400,"caption":"International Solidarity Movement"},"image":{"@id":"https:\/\/ismfrance.org\/#\/schema\/logo\/image\/"},"sameAs":["https:\/\/x.com\/ISMFRANCE"]},{"@type":"Person","@id":"https:\/\/ismfrance.org\/#\/schema\/person\/3c411eb72adfaae19c0dca1f41fae01d","name":"mru_01","image":{"@type":"ImageObject","inLanguage":"fr-FR","@id":"https:\/\/secure.gravatar.com\/avatar\/3a0be343b445d2ccc79e87444a294fad2b232e90d2051d0e3cc219e1ecd6a330?s=96&d=mm&r=g","url":"https:\/\/secure.gravatar.com\/avatar\/3a0be343b445d2ccc79e87444a294fad2b232e90d2051d0e3cc219e1ecd6a330?s=96&d=mm&r=g","contentUrl":"https:\/\/secure.gravatar.com\/avatar\/3a0be343b445d2ccc79e87444a294fad2b232e90d2051d0e3cc219e1ecd6a330?s=96&d=mm&r=g","caption":"mru_01"},"url":"https:\/\/ismfrance.org\/index.php\/author\/admin02\/"}]}},"_links":{"self":[{"href":"https:\/\/ismfrance.org\/index.php\/wp-json\/wp\/v2\/posts\/2854","targetHints":{"allow":["GET"]}}],"collection":[{"href":"https:\/\/ismfrance.org\/index.php\/wp-json\/wp\/v2\/posts"}],"about":[{"href":"https:\/\/ismfrance.org\/index.php\/wp-json\/wp\/v2\/types\/post"}],"author":[{"embeddable":true,"href":"https:\/\/ismfrance.org\/index.php\/wp-json\/wp\/v2\/users\/3"}],"replies":[{"embeddable":true,"href":"https:\/\/ismfrance.org\/index.php\/wp-json\/wp\/v2\/comments?post=2854"}],"version-history":[{"count":0,"href":"https:\/\/ismfrance.org\/index.php\/wp-json\/wp\/v2\/posts\/2854\/revisions"}],"wp:featuredmedia":[{"embeddable":true,"href":"https:\/\/ismfrance.org\/index.php\/wp-json\/wp\/v2\/media\/2855"}],"wp:attachment":[{"href":"https:\/\/ismfrance.org\/index.php\/wp-json\/wp\/v2\/media?parent=2854"}],"wp:term":[{"taxonomy":"category","embeddable":true,"href":"https:\/\/ismfrance.org\/index.php\/wp-json\/wp\/v2\/categories?post=2854"},{"taxonomy":"post_tag","embeddable":true,"href":"https:\/\/ismfrance.org\/index.php\/wp-json\/wp\/v2\/tags?post=2854"}],"curies":[{"name":"wp","href":"https:\/\/api.w.org\/{rel}","templated":true}]}}