{"id":2833,"date":"2022-06-03T17:09:25","date_gmt":"2022-06-03T15:09:25","guid":{"rendered":"https:\/\/ismfrance.org\/?p=2833"},"modified":"2022-06-03T17:11:59","modified_gmt":"2022-06-03T15:11:59","slug":"cinq-martyrs-abattus-par-loccupation-en-moins-de-48-heures","status":"publish","type":"post","link":"https:\/\/ismfrance.org\/index.php\/2022\/06\/03\/cinq-martyrs-abattus-par-loccupation-en-moins-de-48-heures\/","title":{"rendered":"Cinq martyrs abattus par l&rsquo;occupation en moins de 48 heures"},"content":{"rendered":"<p><span style=\"color: #000000;\"><span style=\"font-family: Arial, sans-serif;\">Un gar\u00e7on palestinien a \u00e9t\u00e9 tu\u00e9 jeudi soir apr\u00e8s que les forces d&rsquo;occupation isra\u00e9liennes ont tir\u00e9 \u00e0 balles r\u00e9elles sur plusieurs jeunes pr\u00e8s du mur d&rsquo;apartheid, sur le territoire du village de Medea, \u00e0 l&rsquo;ouest de Ramallah, dans le centre de la Cisjordanie.<\/span><\/span><\/p>\n<div id=\"attachment_2840\" style=\"width: 610px\" class=\"wp-caption aligncenter\"><a href=\"https:\/\/ismfrance.org\/wp-content\/uploads\/2022\/06\/funerailles-odeh.jpg\"><img loading=\"lazy\" decoding=\"async\" aria-describedby=\"caption-attachment-2840\" class=\"size-large wp-image-2840\" src=\"https:\/\/ismfrance.org\/wp-content\/uploads\/2022\/06\/funerailles-odeh-700x504.jpg\" alt=\"\" width=\"600\" height=\"432\" srcset=\"https:\/\/ismfrance.org\/wp-content\/uploads\/2022\/06\/funerailles-odeh-700x504.jpg 700w, https:\/\/ismfrance.org\/wp-content\/uploads\/2022\/06\/funerailles-odeh-300x216.jpg 300w, https:\/\/ismfrance.org\/wp-content\/uploads\/2022\/06\/funerailles-odeh-768x553.jpg 768w, https:\/\/ismfrance.org\/wp-content\/uploads\/2022\/06\/funerailles-odeh.jpg 1170w\" sizes=\"auto, (max-width: 600px) 100vw, 600px\" \/><\/a><p id=\"caption-attachment-2840\" class=\"wp-caption-text\">Fun\u00e9railles d&rsquo;Odeh Sadaqa, 17 ans, assassin\u00e9 jeudi soir par les forces d&rsquo;occupation isra\u00e9liennes alors qu&rsquo;il jouait avec un groupe de copains dans le village de Medea et ne repr\u00e9sentait aucun danger.<\/p><\/div>\n<p><span style=\"color: #000000;\"><span style=\"font-family: Arial, sans-serif;\">Avec le martyre de ce gar\u00e7on, le nombre de martyrs, dont la plupart ont \u00e9t\u00e9 assassin\u00e9s lors d&rsquo;ex\u00e9cutions sur le terrain men\u00e9es par les forces d&rsquo;occupation en Cisjordanie occup\u00e9e en moins de 48 heures, passe \u00e0 quatre, tandis qu&rsquo;un cinqui\u00e8me jeune homme \u00e0 Gaza est mort de ses blessures subies lors de la derni\u00e8re agression contre Gaza en mai 2021.<\/span><\/span><\/p>\n<p><span style=\"color: #000000;\"><span style=\"font-family: Arial, sans-serif;\">Le minist\u00e8re de la Sant\u00e9 a rapport\u00e9 hier soir le martyre d&rsquo;<\/span><\/span><span style=\"color: #222222;\"><span style=\"font-family: Work Sans, sans-serif;\"><span style=\"font-size: medium;\"><b>Odah Mohammad Odah Sadaqa <\/b>(ci-dessous)<\/span><\/span><\/span><span style=\"color: #000000;\"><span style=\"font-family: Arial, sans-serif;\">, 17 ans, apr\u00e8s son arriv\u00e9e au complexe m\u00e9dical palestinien avec une balle dans la poitrine tir\u00e9e par les soldats isra\u00e9liens dans le village de Medea, pr\u00e8s du mur de s\u00e9paration, \u00e0 l&rsquo;ouest de Ramallah, soulignant que les m\u00e9decins ont tent\u00e9 de sauver la vie de l&rsquo;enfant mais qu&rsquo;il a succomb\u00e9 \u00e0 sa tr\u00e8s grave blessure.<\/span><\/span><a href=\"https:\/\/ismfrance.org\/wp-content\/uploads\/2022\/06\/OdahSadaqa.jpg\"><img loading=\"lazy\" decoding=\"async\" class=\"size-medium wp-image-2834 aligncenter\" src=\"https:\/\/ismfrance.org\/wp-content\/uploads\/2022\/06\/OdahSadaqa-300x278.jpg\" alt=\"\" width=\"300\" height=\"278\" srcset=\"https:\/\/ismfrance.org\/wp-content\/uploads\/2022\/06\/OdahSadaqa-300x278.jpg 300w, https:\/\/ismfrance.org\/wp-content\/uploads\/2022\/06\/OdahSadaqa.jpg 400w\" sizes=\"auto, (max-width: 300px) 100vw, 300px\" \/><\/a><span style=\"color: #000000;\"><span style=\"font-family: Arial, sans-serif;\">Des t\u00e9moins oculaires ont confirm\u00e9 que le martyr Odeh a \u00e9t\u00e9 abattu par une patrouille de l&rsquo;occupation pr\u00e8s du mur de s\u00e9paration sur les terres du village de Medea, sans qu&rsquo;il y ait eu de confrontation, tandis que l&rsquo;arm\u00e9e d&rsquo;occupation a affirm\u00e9 que ses forces avaient tir\u00e9 sur trois jeunes qui avaient \u00ab\u00a0jet\u00e9 un cocktail Molotov\u00a0\u00bb sur les soldats.<\/span><\/span><\/p>\n<p><a href=\"https:\/\/ismfrance.org\/wp-content\/uploads\/2022\/06\/Ayman_Mheisin.jpg\"><img loading=\"lazy\" decoding=\"async\" class=\"size-medium wp-image-2835 aligncenter\" src=\"https:\/\/ismfrance.org\/wp-content\/uploads\/2022\/06\/Ayman_Mheisin-300x280.jpg\" alt=\"\" width=\"300\" height=\"280\" srcset=\"https:\/\/ismfrance.org\/wp-content\/uploads\/2022\/06\/Ayman_Mheisin-300x280.jpg 300w, https:\/\/ismfrance.org\/wp-content\/uploads\/2022\/06\/Ayman_Mheisin.jpg 380w\" sizes=\"auto, (max-width: 300px) 100vw, 300px\" \/><\/a><span style=\"color: #000000;\"><span style=\"font-family: Arial, sans-serif;\"><b>Ayman Mohisin <\/b>(ci-dessus), 29 ans, a \u00e9t\u00e9 tu\u00e9 t\u00f4t jeudi lorsque les forces isra\u00e9liennes ont pris d&rsquo;assaut le camp de r\u00e9fugi\u00e9s de Dheisheh, au sud de Bethl\u00e9em et ont ouvert le feu sur les jeunes palestiniens qui tentaient de repousser l&rsquo;invasion.<\/span><\/span><\/p>\n<p><a href=\"https:\/\/ismfrance.org\/wp-content\/uploads\/2022\/06\/BilalKabaha.jpg\"><img loading=\"lazy\" decoding=\"async\" class=\"size-medium wp-image-2836 aligncenter\" src=\"https:\/\/ismfrance.org\/wp-content\/uploads\/2022\/06\/BilalKabaha-300x288.jpg\" alt=\"\" width=\"300\" height=\"288\" srcset=\"https:\/\/ismfrance.org\/wp-content\/uploads\/2022\/06\/BilalKabaha-300x288.jpg 300w, https:\/\/ismfrance.org\/wp-content\/uploads\/2022\/06\/BilalKabaha.jpg 400w\" sizes=\"auto, (max-width: 300px) 100vw, 300px\" \/><\/a><span style=\"color: #000000;\"><span style=\"font-family: Arial, sans-serif;\">Mercredi soir, <b>Bilal Awad Tawfiq Kabbah<\/b>\u00a0(ci-dessus), 24 ans, a \u00e9t\u00e9 tu\u00e9 et d&rsquo;autres personnes bless\u00e9es lors de la prise d&rsquo;assaut de la ville de Ya&rsquo;ad, au sud-ouest de la ville de J\u00e9nine, au nord de la Cisjordanie, par les forces d&rsquo;occupation.<\/span><\/span><a href=\"https:\/\/ismfrance.org\/wp-content\/uploads\/2022\/06\/Ghofran-Warasna.jpg\"><img loading=\"lazy\" decoding=\"async\" class=\"size-medium wp-image-2838 aligncenter\" src=\"https:\/\/ismfrance.org\/wp-content\/uploads\/2022\/06\/Ghofran-Warasna-300x272.jpg\" alt=\"\" width=\"300\" height=\"272\" srcset=\"https:\/\/ismfrance.org\/wp-content\/uploads\/2022\/06\/Ghofran-Warasna-300x272.jpg 300w, https:\/\/ismfrance.org\/wp-content\/uploads\/2022\/06\/Ghofran-Warasna.jpg 400w\" sizes=\"auto, (max-width: 300px) 100vw, 300px\" \/><\/a><span style=\"color: #000000;\"><span style=\"font-family: Arial, sans-serif;\">Mercredi matin, les forces d&rsquo;occupation isra\u00e9liennes ont ex\u00e9cut\u00e9 <b>Gfran Haroun Hamed el Rassana<\/b> (ci-dessus), 31 ans, pr\u00e8s du camp de r\u00e9fugi\u00e9s d&rsquo;al-Aroub \u00e0 H\u00e9bron, pour avoir pr\u00e9tendument tent\u00e9 de mener une attaque \u00e0 l&rsquo;arme blanche contre des \u00e9l\u00e9ments de l&rsquo;occupation isra\u00e9lienne.<\/span><\/span><\/p>\n<p><a href=\"https:\/\/ismfrance.org\/wp-content\/uploads\/2022\/06\/YasserMasri.jpg\"><img loading=\"lazy\" decoding=\"async\" class=\"size-medium wp-image-2837 aligncenter\" src=\"https:\/\/ismfrance.org\/wp-content\/uploads\/2022\/06\/YasserMasri-300x210.jpg\" alt=\"\" width=\"300\" height=\"210\" srcset=\"https:\/\/ismfrance.org\/wp-content\/uploads\/2022\/06\/YasserMasri-300x210.jpg 300w, https:\/\/ismfrance.org\/wp-content\/uploads\/2022\/06\/YasserMasri.jpg 380w\" sizes=\"auto, (max-width: 300px) 100vw, 300px\" \/><\/a><\/p>\n<p><span style=\"color: #000000;\"><span style=\"font-family: Arial, sans-serif;\">Mercredi soir, <\/span><\/span><span style=\"color: #222222;\"><span style=\"font-family: Work Sans, sans-serif;\"><span style=\"font-size: medium;\"><b>Yasser Atiya al-Masri<\/b><\/span><\/span><\/span><span style=\"color: #222222;\"><span style=\"font-family: Work Sans, sans-serif;\"><span style=\"font-size: medium;\">\u00a0(ci-dessus), 41 ans, de Deir al-Balah au centre de la Bande de Gaza, a succomb\u00e9 \u00e0 ses blessures dans un h\u00f4pital \u00e9gyptien. Il avait \u00e9t\u00e9 bless\u00e9 dans l&rsquo;attaque de l&rsquo;arm\u00e9e d&rsquo;occupation en mai 2021.<\/span><\/span><\/span><\/p>\n<p><span style=\"color: #222222;\"><span style=\"font-family: Work Sans, sans-serif;\"><span style=\"font-size: medium;\">Avec son martyr, le nombre de Palestiniens abattus par les forces d&rsquo;occupation isra\u00e9liennes depuis le d\u00e9but de l&rsquo;ann\u00e9e 2022 s&rsquo;\u00e9l\u00e8ve \u00e0 70.<\/span><\/span><\/span><\/p>\n<p>&nbsp;<\/p>\n<p><i>Article original en arabe sur <a href=\"https:\/\/paltoday.ps\/ar\/post\/446403\/\u062e\u0645\u0633\u0629-\u0634\u0647\u062f\u0627\u0621-\u0628\u0631\u0635\u0627\u0635-\u0627\u0644\u0627\u062d\u062a\u0644\u0627\u0644-\u062e\u0644\u0627\u0644-\u0623\u0642\u0644-\u0645\u0646-48-\u0633\u0627\u0639\u0629\">Paltoday.ps<\/a> \/ Traduction ISM<\/i><\/p>\n<p>&nbsp;<\/p>\n<p>&nbsp;<\/p>\n<p>&nbsp;<\/p>\n<p>&nbsp;<\/p>\n","protected":false},"excerpt":{"rendered":"<p>Un gar\u00e7on palestinien a \u00e9t\u00e9 tu\u00e9 jeudi soir apr\u00e8s que les forces d&rsquo;occupation isra\u00e9liennes ont tir\u00e9 \u00e0 balles r\u00e9elles sur plusieurs jeunes pr\u00e8s du mur d&rsquo;apartheid, sur le territoire du <a class=\"more-link\" href=\"https:\/\/ismfrance.org\/index.php\/2022\/06\/03\/cinq-martyrs-abattus-par-loccupation-en-moins-de-48-heures\/\">Lire la suite &rarr;<\/a><\/p>\n","protected":false},"author":3,"featured_media":2840,"comment_status":"closed","ping_status":"closed","sticky":false,"template":"","format":"standard","meta":{"footnotes":""},"categories":[2,14],"tags":[111],"class_list":["post-2833","post","type-post","status-publish","format-standard","has-post-thumbnail","hentry","category-articles","category-communiques","tag-martyrs"],"yoast_head":"<!-- This site is optimized with the Yoast SEO plugin v27.2 - https:\/\/yoast.com\/product\/yoast-seo-wordpress\/ -->\n<title>Cinq martyrs abattus par l&#039;occupation en moins de 48 heures - International Solidarity Movement - ISM-France<\/title>\n<meta name=\"robots\" content=\"index, follow, max-snippet:-1, max-image-preview:large, max-video-preview:-1\" \/>\n<link rel=\"canonical\" href=\"https:\/\/ismfrance.org\/index.php\/2022\/06\/03\/cinq-martyrs-abattus-par-loccupation-en-moins-de-48-heures\/\" \/>\n<meta property=\"og:locale\" content=\"fr_FR\" \/>\n<meta property=\"og:type\" content=\"article\" \/>\n<meta property=\"og:title\" content=\"Cinq martyrs abattus par l&#039;occupation en moins de 48 heures - International Solidarity Movement - ISM-France\" \/>\n<meta property=\"og:description\" content=\"Un gar\u00e7on palestinien a \u00e9t\u00e9 tu\u00e9 jeudi soir apr\u00e8s que les forces d&rsquo;occupation isra\u00e9liennes ont tir\u00e9 \u00e0 balles r\u00e9elles sur plusieurs jeunes pr\u00e8s du mur d&rsquo;apartheid, sur le territoire du Lire la suite &rarr;\" \/>\n<meta property=\"og:url\" content=\"https:\/\/ismfrance.org\/index.php\/2022\/06\/03\/cinq-martyrs-abattus-par-loccupation-en-moins-de-48-heures\/\" \/>\n<meta property=\"og:site_name\" content=\"International Solidarity Movement - ISM-France\" \/>\n<meta property=\"article:published_time\" content=\"2022-06-03T15:09:25+00:00\" \/>\n<meta property=\"article:modified_time\" content=\"2022-06-03T15:11:59+00:00\" \/>\n<meta property=\"og:image\" content=\"https:\/\/ismfrance.org\/wp-content\/uploads\/2022\/06\/funerailles-odeh.jpg\" \/>\n\t<meta property=\"og:image:width\" content=\"1170\" \/>\n\t<meta property=\"og:image:height\" content=\"842\" \/>\n\t<meta property=\"og:image:type\" content=\"image\/jpeg\" \/>\n<meta name=\"author\" content=\"mru_01\" \/>\n<meta name=\"twitter:card\" content=\"summary_large_image\" \/>\n<meta name=\"twitter:creator\" content=\"@ISMFRANCE\" \/>\n<meta name=\"twitter:site\" content=\"@ISMFRANCE\" \/>\n<meta name=\"twitter:label1\" content=\"\u00c9crit par\" \/>\n\t<meta name=\"twitter:data1\" content=\"mru_01\" \/>\n\t<meta name=\"twitter:label2\" content=\"Dur\u00e9e de lecture estim\u00e9e\" \/>\n\t<meta name=\"twitter:data2\" content=\"3 minutes\" \/>\n<script type=\"application\/ld+json\" class=\"yoast-schema-graph\">{\"@context\":\"https:\/\/schema.org\",\"@graph\":[{\"@type\":\"Article\",\"@id\":\"https:\/\/ismfrance.org\/index.php\/2022\/06\/03\/cinq-martyrs-abattus-par-loccupation-en-moins-de-48-heures\/#article\",\"isPartOf\":{\"@id\":\"https:\/\/ismfrance.org\/index.php\/2022\/06\/03\/cinq-martyrs-abattus-par-loccupation-en-moins-de-48-heures\/\"},\"author\":{\"name\":\"mru_01\",\"@id\":\"https:\/\/ismfrance.org\/#\/schema\/person\/3c411eb72adfaae19c0dca1f41fae01d\"},\"headline\":\"Cinq martyrs abattus par l&rsquo;occupation en moins de 48 heures\",\"datePublished\":\"2022-06-03T15:09:25+00:00\",\"dateModified\":\"2022-06-03T15:11:59+00:00\",\"mainEntityOfPage\":{\"@id\":\"https:\/\/ismfrance.org\/index.php\/2022\/06\/03\/cinq-martyrs-abattus-par-loccupation-en-moins-de-48-heures\/\"},\"wordCount\":543,\"publisher\":{\"@id\":\"https:\/\/ismfrance.org\/#organization\"},\"image\":{\"@id\":\"https:\/\/ismfrance.org\/index.php\/2022\/06\/03\/cinq-martyrs-abattus-par-loccupation-en-moins-de-48-heures\/#primaryimage\"},\"thumbnailUrl\":\"https:\/\/ismfrance.org\/wp-content\/uploads\/2022\/06\/funerailles-odeh.jpg\",\"keywords\":[\"Martyrs\"],\"articleSection\":[\"Articles\",\"Communiqu\u00e9s\"],\"inLanguage\":\"fr-FR\"},{\"@type\":\"WebPage\",\"@id\":\"https:\/\/ismfrance.org\/index.php\/2022\/06\/03\/cinq-martyrs-abattus-par-loccupation-en-moins-de-48-heures\/\",\"url\":\"https:\/\/ismfrance.org\/index.php\/2022\/06\/03\/cinq-martyrs-abattus-par-loccupation-en-moins-de-48-heures\/\",\"name\":\"Cinq martyrs abattus par l'occupation en moins de 48 heures - International Solidarity Movement - ISM-France\",\"isPartOf\":{\"@id\":\"https:\/\/ismfrance.org\/#website\"},\"primaryImageOfPage\":{\"@id\":\"https:\/\/ismfrance.org\/index.php\/2022\/06\/03\/cinq-martyrs-abattus-par-loccupation-en-moins-de-48-heures\/#primaryimage\"},\"image\":{\"@id\":\"https:\/\/ismfrance.org\/index.php\/2022\/06\/03\/cinq-martyrs-abattus-par-loccupation-en-moins-de-48-heures\/#primaryimage\"},\"thumbnailUrl\":\"https:\/\/ismfrance.org\/wp-content\/uploads\/2022\/06\/funerailles-odeh.jpg\",\"datePublished\":\"2022-06-03T15:09:25+00:00\",\"dateModified\":\"2022-06-03T15:11:59+00:00\",\"breadcrumb\":{\"@id\":\"https:\/\/ismfrance.org\/index.php\/2022\/06\/03\/cinq-martyrs-abattus-par-loccupation-en-moins-de-48-heures\/#breadcrumb\"},\"inLanguage\":\"fr-FR\",\"potentialAction\":[{\"@type\":\"ReadAction\",\"target\":[\"https:\/\/ismfrance.org\/index.php\/2022\/06\/03\/cinq-martyrs-abattus-par-loccupation-en-moins-de-48-heures\/\"]}]},{\"@type\":\"ImageObject\",\"inLanguage\":\"fr-FR\",\"@id\":\"https:\/\/ismfrance.org\/index.php\/2022\/06\/03\/cinq-martyrs-abattus-par-loccupation-en-moins-de-48-heures\/#primaryimage\",\"url\":\"https:\/\/ismfrance.org\/wp-content\/uploads\/2022\/06\/funerailles-odeh.jpg\",\"contentUrl\":\"https:\/\/ismfrance.org\/wp-content\/uploads\/2022\/06\/funerailles-odeh.jpg\",\"width\":1170,\"height\":842,\"caption\":\"Fun\u00e9railles d'Odeh Sadaqa, 17 ans, assassin\u00e9 jeudi soir par les forces d'occupation isra\u00e9liennes alors qu'il jouait avec un groupe de copains dans le village de Medea et ne repr\u00e9sentait aucun danger.\"},{\"@type\":\"BreadcrumbList\",\"@id\":\"https:\/\/ismfrance.org\/index.php\/2022\/06\/03\/cinq-martyrs-abattus-par-loccupation-en-moins-de-48-heures\/#breadcrumb\",\"itemListElement\":[{\"@type\":\"ListItem\",\"position\":1,\"name\":\"Accueil\",\"item\":\"https:\/\/ismfrance.org\/\"},{\"@type\":\"ListItem\",\"position\":2,\"name\":\"Cinq martyrs abattus par l&#8217;occupation en moins de 48 heures\"}]},{\"@type\":\"WebSite\",\"@id\":\"https:\/\/ismfrance.org\/#website\",\"url\":\"https:\/\/ismfrance.org\/\",\"name\":\"ISM Palestine France\",\"description\":\"Soutien aux luttes de lib\u00e9ration du peuple palestinien\",\"publisher\":{\"@id\":\"https:\/\/ismfrance.org\/#organization\"},\"potentialAction\":[{\"@type\":\"SearchAction\",\"target\":{\"@type\":\"EntryPoint\",\"urlTemplate\":\"https:\/\/ismfrance.org\/?s={search_term_string}\"},\"query-input\":{\"@type\":\"PropertyValueSpecification\",\"valueRequired\":true,\"valueName\":\"search_term_string\"}}],\"inLanguage\":\"fr-FR\"},{\"@type\":\"Organization\",\"@id\":\"https:\/\/ismfrance.org\/#organization\",\"name\":\"International Solidarity Movement\",\"url\":\"https:\/\/ismfrance.org\/\",\"logo\":{\"@type\":\"ImageObject\",\"inLanguage\":\"fr-FR\",\"@id\":\"https:\/\/ismfrance.org\/#\/schema\/logo\/image\/\",\"url\":\"https:\/\/ismfrance.org\/wp-content\/uploads\/2020\/12\/00.png\",\"contentUrl\":\"https:\/\/ismfrance.org\/wp-content\/uploads\/2020\/12\/00.png\",\"width\":400,\"height\":400,\"caption\":\"International Solidarity Movement\"},\"image\":{\"@id\":\"https:\/\/ismfrance.org\/#\/schema\/logo\/image\/\"},\"sameAs\":[\"https:\/\/x.com\/ISMFRANCE\"]},{\"@type\":\"Person\",\"@id\":\"https:\/\/ismfrance.org\/#\/schema\/person\/3c411eb72adfaae19c0dca1f41fae01d\",\"name\":\"mru_01\",\"image\":{\"@type\":\"ImageObject\",\"inLanguage\":\"fr-FR\",\"@id\":\"https:\/\/secure.gravatar.com\/avatar\/3a0be343b445d2ccc79e87444a294fad2b232e90d2051d0e3cc219e1ecd6a330?s=96&d=mm&r=g\",\"url\":\"https:\/\/secure.gravatar.com\/avatar\/3a0be343b445d2ccc79e87444a294fad2b232e90d2051d0e3cc219e1ecd6a330?s=96&d=mm&r=g\",\"contentUrl\":\"https:\/\/secure.gravatar.com\/avatar\/3a0be343b445d2ccc79e87444a294fad2b232e90d2051d0e3cc219e1ecd6a330?s=96&d=mm&r=g\",\"caption\":\"mru_01\"},\"url\":\"https:\/\/ismfrance.org\/index.php\/author\/admin02\/\"}]}<\/script>\n<!-- \/ Yoast SEO plugin. -->","yoast_head_json":{"title":"Cinq martyrs abattus par l'occupation en moins de 48 heures - International Solidarity Movement - ISM-France","robots":{"index":"index","follow":"follow","max-snippet":"max-snippet:-1","max-image-preview":"max-image-preview:large","max-video-preview":"max-video-preview:-1"},"canonical":"https:\/\/ismfrance.org\/index.php\/2022\/06\/03\/cinq-martyrs-abattus-par-loccupation-en-moins-de-48-heures\/","og_locale":"fr_FR","og_type":"article","og_title":"Cinq martyrs abattus par l'occupation en moins de 48 heures - International Solidarity Movement - ISM-France","og_description":"Un gar\u00e7on palestinien a \u00e9t\u00e9 tu\u00e9 jeudi soir apr\u00e8s que les forces d&rsquo;occupation isra\u00e9liennes ont tir\u00e9 \u00e0 balles r\u00e9elles sur plusieurs jeunes pr\u00e8s du mur d&rsquo;apartheid, sur le territoire du Lire la suite &rarr;","og_url":"https:\/\/ismfrance.org\/index.php\/2022\/06\/03\/cinq-martyrs-abattus-par-loccupation-en-moins-de-48-heures\/","og_site_name":"International Solidarity Movement - ISM-France","article_published_time":"2022-06-03T15:09:25+00:00","article_modified_time":"2022-06-03T15:11:59+00:00","og_image":[{"width":1170,"height":842,"url":"https:\/\/ismfrance.org\/wp-content\/uploads\/2022\/06\/funerailles-odeh.jpg","type":"image\/jpeg"}],"author":"mru_01","twitter_card":"summary_large_image","twitter_creator":"@ISMFRANCE","twitter_site":"@ISMFRANCE","twitter_misc":{"\u00c9crit par":"mru_01","Dur\u00e9e de lecture estim\u00e9e":"3 minutes"},"schema":{"@context":"https:\/\/schema.org","@graph":[{"@type":"Article","@id":"https:\/\/ismfrance.org\/index.php\/2022\/06\/03\/cinq-martyrs-abattus-par-loccupation-en-moins-de-48-heures\/#article","isPartOf":{"@id":"https:\/\/ismfrance.org\/index.php\/2022\/06\/03\/cinq-martyrs-abattus-par-loccupation-en-moins-de-48-heures\/"},"author":{"name":"mru_01","@id":"https:\/\/ismfrance.org\/#\/schema\/person\/3c411eb72adfaae19c0dca1f41fae01d"},"headline":"Cinq martyrs abattus par l&rsquo;occupation en moins de 48 heures","datePublished":"2022-06-03T15:09:25+00:00","dateModified":"2022-06-03T15:11:59+00:00","mainEntityOfPage":{"@id":"https:\/\/ismfrance.org\/index.php\/2022\/06\/03\/cinq-martyrs-abattus-par-loccupation-en-moins-de-48-heures\/"},"wordCount":543,"publisher":{"@id":"https:\/\/ismfrance.org\/#organization"},"image":{"@id":"https:\/\/ismfrance.org\/index.php\/2022\/06\/03\/cinq-martyrs-abattus-par-loccupation-en-moins-de-48-heures\/#primaryimage"},"thumbnailUrl":"https:\/\/ismfrance.org\/wp-content\/uploads\/2022\/06\/funerailles-odeh.jpg","keywords":["Martyrs"],"articleSection":["Articles","Communiqu\u00e9s"],"inLanguage":"fr-FR"},{"@type":"WebPage","@id":"https:\/\/ismfrance.org\/index.php\/2022\/06\/03\/cinq-martyrs-abattus-par-loccupation-en-moins-de-48-heures\/","url":"https:\/\/ismfrance.org\/index.php\/2022\/06\/03\/cinq-martyrs-abattus-par-loccupation-en-moins-de-48-heures\/","name":"Cinq martyrs abattus par l'occupation en moins de 48 heures - International Solidarity Movement - ISM-France","isPartOf":{"@id":"https:\/\/ismfrance.org\/#website"},"primaryImageOfPage":{"@id":"https:\/\/ismfrance.org\/index.php\/2022\/06\/03\/cinq-martyrs-abattus-par-loccupation-en-moins-de-48-heures\/#primaryimage"},"image":{"@id":"https:\/\/ismfrance.org\/index.php\/2022\/06\/03\/cinq-martyrs-abattus-par-loccupation-en-moins-de-48-heures\/#primaryimage"},"thumbnailUrl":"https:\/\/ismfrance.org\/wp-content\/uploads\/2022\/06\/funerailles-odeh.jpg","datePublished":"2022-06-03T15:09:25+00:00","dateModified":"2022-06-03T15:11:59+00:00","breadcrumb":{"@id":"https:\/\/ismfrance.org\/index.php\/2022\/06\/03\/cinq-martyrs-abattus-par-loccupation-en-moins-de-48-heures\/#breadcrumb"},"inLanguage":"fr-FR","potentialAction":[{"@type":"ReadAction","target":["https:\/\/ismfrance.org\/index.php\/2022\/06\/03\/cinq-martyrs-abattus-par-loccupation-en-moins-de-48-heures\/"]}]},{"@type":"ImageObject","inLanguage":"fr-FR","@id":"https:\/\/ismfrance.org\/index.php\/2022\/06\/03\/cinq-martyrs-abattus-par-loccupation-en-moins-de-48-heures\/#primaryimage","url":"https:\/\/ismfrance.org\/wp-content\/uploads\/2022\/06\/funerailles-odeh.jpg","contentUrl":"https:\/\/ismfrance.org\/wp-content\/uploads\/2022\/06\/funerailles-odeh.jpg","width":1170,"height":842,"caption":"Fun\u00e9railles d'Odeh Sadaqa, 17 ans, assassin\u00e9 jeudi soir par les forces d'occupation isra\u00e9liennes alors qu'il jouait avec un groupe de copains dans le village de Medea et ne repr\u00e9sentait aucun danger."},{"@type":"BreadcrumbList","@id":"https:\/\/ismfrance.org\/index.php\/2022\/06\/03\/cinq-martyrs-abattus-par-loccupation-en-moins-de-48-heures\/#breadcrumb","itemListElement":[{"@type":"ListItem","position":1,"name":"Accueil","item":"https:\/\/ismfrance.org\/"},{"@type":"ListItem","position":2,"name":"Cinq martyrs abattus par l&#8217;occupation en moins de 48 heures"}]},{"@type":"WebSite","@id":"https:\/\/ismfrance.org\/#website","url":"https:\/\/ismfrance.org\/","name":"ISM Palestine France","description":"Soutien aux luttes de lib\u00e9ration du peuple palestinien","publisher":{"@id":"https:\/\/ismfrance.org\/#organization"},"potentialAction":[{"@type":"SearchAction","target":{"@type":"EntryPoint","urlTemplate":"https:\/\/ismfrance.org\/?s={search_term_string}"},"query-input":{"@type":"PropertyValueSpecification","valueRequired":true,"valueName":"search_term_string"}}],"inLanguage":"fr-FR"},{"@type":"Organization","@id":"https:\/\/ismfrance.org\/#organization","name":"International Solidarity Movement","url":"https:\/\/ismfrance.org\/","logo":{"@type":"ImageObject","inLanguage":"fr-FR","@id":"https:\/\/ismfrance.org\/#\/schema\/logo\/image\/","url":"https:\/\/ismfrance.org\/wp-content\/uploads\/2020\/12\/00.png","contentUrl":"https:\/\/ismfrance.org\/wp-content\/uploads\/2020\/12\/00.png","width":400,"height":400,"caption":"International Solidarity Movement"},"image":{"@id":"https:\/\/ismfrance.org\/#\/schema\/logo\/image\/"},"sameAs":["https:\/\/x.com\/ISMFRANCE"]},{"@type":"Person","@id":"https:\/\/ismfrance.org\/#\/schema\/person\/3c411eb72adfaae19c0dca1f41fae01d","name":"mru_01","image":{"@type":"ImageObject","inLanguage":"fr-FR","@id":"https:\/\/secure.gravatar.com\/avatar\/3a0be343b445d2ccc79e87444a294fad2b232e90d2051d0e3cc219e1ecd6a330?s=96&d=mm&r=g","url":"https:\/\/secure.gravatar.com\/avatar\/3a0be343b445d2ccc79e87444a294fad2b232e90d2051d0e3cc219e1ecd6a330?s=96&d=mm&r=g","contentUrl":"https:\/\/secure.gravatar.com\/avatar\/3a0be343b445d2ccc79e87444a294fad2b232e90d2051d0e3cc219e1ecd6a330?s=96&d=mm&r=g","caption":"mru_01"},"url":"https:\/\/ismfrance.org\/index.php\/author\/admin02\/"}]}},"_links":{"self":[{"href":"https:\/\/ismfrance.org\/index.php\/wp-json\/wp\/v2\/posts\/2833","targetHints":{"allow":["GET"]}}],"collection":[{"href":"https:\/\/ismfrance.org\/index.php\/wp-json\/wp\/v2\/posts"}],"about":[{"href":"https:\/\/ismfrance.org\/index.php\/wp-json\/wp\/v2\/types\/post"}],"author":[{"embeddable":true,"href":"https:\/\/ismfrance.org\/index.php\/wp-json\/wp\/v2\/users\/3"}],"replies":[{"embeddable":true,"href":"https:\/\/ismfrance.org\/index.php\/wp-json\/wp\/v2\/comments?post=2833"}],"version-history":[{"count":0,"href":"https:\/\/ismfrance.org\/index.php\/wp-json\/wp\/v2\/posts\/2833\/revisions"}],"wp:featuredmedia":[{"embeddable":true,"href":"https:\/\/ismfrance.org\/index.php\/wp-json\/wp\/v2\/media\/2840"}],"wp:attachment":[{"href":"https:\/\/ismfrance.org\/index.php\/wp-json\/wp\/v2\/media?parent=2833"}],"wp:term":[{"taxonomy":"category","embeddable":true,"href":"https:\/\/ismfrance.org\/index.php\/wp-json\/wp\/v2\/categories?post=2833"},{"taxonomy":"post_tag","embeddable":true,"href":"https:\/\/ismfrance.org\/index.php\/wp-json\/wp\/v2\/tags?post=2833"}],"curies":[{"name":"wp","href":"https:\/\/api.w.org\/{rel}","templated":true}]}}