{"id":27959,"date":"2026-03-15T22:06:37","date_gmt":"2026-03-15T21:06:37","guid":{"rendered":"https:\/\/ismfrance.org\/?p=27959"},"modified":"2026-03-15T22:06:37","modified_gmt":"2026-03-15T21:06:37","slug":"une-guerre-qui-se-retourne-contre-ses-auteurs-pourquoi-la-campagne-us-israelienne-renforce-liran","status":"publish","type":"post","link":"https:\/\/ismfrance.org\/index.php\/2026\/03\/15\/une-guerre-qui-se-retourne-contre-ses-auteurs-pourquoi-la-campagne-us-israelienne-renforce-liran\/","title":{"rendered":"Une guerre qui se retourne contre ses auteurs : Pourquoi la campagne US-isra\u00e9lienne renforce l&rsquo;Iran"},"content":{"rendered":"<p><span style=\"color: #000000;\"><span style=\"font-family: Arial, sans-serif;\"><span style=\"font-size: medium;\"><strong>Robert Inlakesh, 13 mars 2026. \u2013 <\/strong>Contrairement aux d\u00e9clarations du pr\u00e9sident des Etats-Unis Donald Trump et du Premier ministre isra\u00e9lien Benjamin Netanyahu, la R\u00e9publique islamique d&rsquo;Iran n&rsquo;est pas au bord de l&rsquo;effondrement. En r\u00e9alit\u00e9, il semble que cette guerre contre elle puisse finalement renforcer et consolider la position du gouvernement, non seulement au niveau r\u00e9gional, mais aussi aupr\u00e8s de sa propre population.<\/span><\/span><\/span><\/p>\n<div id=\"attachment_27961\" style=\"width: 610px\" class=\"wp-caption alignnone\"><a href=\"https:\/\/ismfrance.org\/wp-content\/uploads\/2026\/03\/selfie.jpg\"><img loading=\"lazy\" decoding=\"async\" aria-describedby=\"caption-attachment-27961\" class=\"wp-image-27961 size-large\" src=\"https:\/\/ismfrance.org\/wp-content\/uploads\/2026\/03\/selfie-700x525.jpg\" alt=\"\" width=\"600\" height=\"450\" srcset=\"https:\/\/ismfrance.org\/wp-content\/uploads\/2026\/03\/selfie-700x525.jpg 700w, https:\/\/ismfrance.org\/wp-content\/uploads\/2026\/03\/selfie-300x225.jpg 300w, https:\/\/ismfrance.org\/wp-content\/uploads\/2026\/03\/selfie-768x576.jpg 768w, https:\/\/ismfrance.org\/wp-content\/uploads\/2026\/03\/selfie-350x263.jpg 350w, https:\/\/ismfrance.org\/wp-content\/uploads\/2026\/03\/selfie.jpg 1020w\" sizes=\"auto, (max-width: 600px) 100vw, 600px\" \/><\/a><p id=\"caption-attachment-27961\" class=\"wp-caption-text\"><em><strong>Massoud Pezechkian, pr\u00e9sident de la R\u00e9publique islamique d&rsquo;Iran, dans les rues de T\u00e9h\u00e9ran lors de la Journ\u00e9e internationale d&rsquo;Al Qods, le 13 mars 2026. Source <a href=\"https:\/\/x.com\/iribnews_irib\/status\/2033159527454163377\">IRIB<\/a>.<\/strong><\/em><\/p><\/div>\n<p><span style=\"color: #000000;\"><span style=\"font-family: Arial, sans-serif;\"><span style=\"font-size: medium;\">Alors que la guerre r\u00e9gionale fait rage en Asie occidentale, il devient de plus en plus \u00e9vident que l&rsquo;Iran est capable d&rsquo;imposer son rythme au conflit. Les \u00c9tats-Unis, sans objectifs clairs, n&rsquo;ont pas r\u00e9ussi \u00e0 dominer l&rsquo;escalade. L&rsquo;administration Trump a donc cherch\u00e9 des strat\u00e9gies alternatives pour tenter d&rsquo;inverser cette dynamique.<\/span><\/span><\/span><\/p>\n<p><span style=\"color: #000000;\"><span style=\"font-family: Arial, sans-serif;\"><span style=\"font-size: medium;\">La plupart des analystes occidentaux, qui ont une vision d\u00e9form\u00e9e de l&rsquo;Iran, peinent actuellement \u00e0 comprendre ce qui se passe r\u00e9ellement. Il semble que des d\u00e9cennies de discours repli\u00e9s sur eux-m\u00eames les aient enferm\u00e9s dans leur bulle. Les seuls Iraniens avec lesquels ils s&rsquo;adressent sont des individus farouchement antigouvernementaux, dont la plupart n&rsquo;ont aucune id\u00e9e de ce qui se passe en Iran, sont membres de groupes id\u00e9ologiques et ignorent tout de l&rsquo;histoire du pays.<\/span><\/span><\/span><\/p>\n<p><span style=\"color: #000000;\"><span style=\"font-family: Arial, sans-serif;\"><span style=\"font-size: medium;\">Le consensus occidental sur l&rsquo;Iran est que la R\u00e9publique islamique est un r\u00e9gime monstrueux et malveillant, une image v\u00e9hicul\u00e9e par les st\u00e9r\u00e9otypes orientalistes de la r\u00e9gion, diffus\u00e9s depuis des d\u00e9cennies.<\/span><\/span><\/span><\/p>\n<p><span style=\"color: #000000;\"><span style=\"font-family: Arial, sans-serif;\"><span style=\"font-size: medium;\">Certains Iraniens, adh\u00e9rant \u00e0 des mouvements id\u00e9ologiques comme les partisans de Reza Pahlavi, estiment \u00eatre, en tant que Perses, exempt\u00e9s du racisme occidental. Nombre d&rsquo;entre eux, impr\u00e9gn\u00e9s d&rsquo;id\u00e9ologie supr\u00e9matiste perse, h\u00e9rit\u00e9e du p\u00e8re de leur leader fantoche soutenu par Isra\u00ebl, pensent \u00eatre, \u00e0 leurs yeux, les \u00ab\u00a0v\u00e9ritables Aryens\u00a0\u00bb, et donc intouchables.<\/span><\/span><\/span><\/p>\n<p><span style=\"color: #000000;\"><span style=\"font-family: Arial, sans-serif;\"><span style=\"font-size: medium;\">Ce point de vue des pahlaviens est relativement m\u00e9connu des Occidentaux, mais beaucoup d&rsquo;entre eux font preuve d&rsquo;un racisme extr\u00eame envers les minorit\u00e9s iraniennes. Curieusement, ils persistent \u00e0 croire, \u00e0 tort, qu&rsquo;ils seront mieux trait\u00e9s par les \u00c9tats-Unis que par leurs voisins. En r\u00e9alit\u00e9, les \u00c9tats-Unis et Isra\u00ebl prennent ces illusions tout aussi au s\u00e9rieux que le nationalisme pachtoune des talibans, qui les a \u00e9galement conduits \u00e0 se pr\u00e9tendre \u00ab\u00a0les Aryens originels\u00a0\u00bb.<\/span><\/span><\/span><\/p>\n<p><span style=\"color: #000000;\"><span style=\"font-family: Arial, sans-serif;\"><span style=\"font-size: medium;\">L\u2019Am\u00e9ricain ou le Britannique moyen ne fait pas la diff\u00e9rence entre Arabes et Perses\u00a0; il sait simplement qu\u2019il existe un Moyen-Orient o\u00f9 vivent des populations musulmanes \u00e0 la peau fonc\u00e9e. Les Isra\u00e9liens, en moyenne, en savent peut-\u00eatre un peu plus, mais ils ha\u00efssent tout le monde de la m\u00eame mani\u00e8re.<\/span><\/span><\/span><\/p>\n<p><span style=\"color: #000000;\"><span style=\"font-family: Arial, sans-serif;\"><span style=\"font-size: medium;\">Ceci \u00e9tant dit, c\u2019est ce genre de pens\u00e9e orientaliste, d\u00e9nu\u00e9e de toute nuance, qui a conduit \u00e0 l\u2019erreur historique de la guerre US-isra\u00e9lienne contre l\u2019Iran. L\u2019id\u00e9e qu\u2019en menant une guerre d\u2019agression, en tuant l\u2019ayatollah Khamenei et un groupe de hauts responsables, tout le syst\u00e8me s\u2019effondrerait comme un ch\u00e2teau de cartes. Rien n\u2019est plus faux.<\/span><\/span><\/span><\/p>\n<p><span style=\"color: #000000;\"><span style=\"font-family: Arial, sans-serif;\"><span style=\"font-size: medium;\">Tous les deux ou trois ans, on entend parler de \u00ab\u00a0l\u2019effondrement imminent du r\u00e9gime\u00a0\u00bb, mais il n\u2019arrive jamais. Le seul moyen d\u2019obtenir un changement de r\u00e9gime est une action sur le terrain, et non une campagne de bombardements, et m\u00eame pas une invasion US, comme je l\u2019expliquerai plus loin. Bien que l\u2019Iran soit un pays incroyablement complexe et qu\u2019aucune analyse de cet article ne puisse aborder tous les \u00e9l\u00e9ments en jeu, quelques points cl\u00e9s de l\u2019histoire de la R\u00e9publique islamique sont essentiels pour la comprendre aujourd\u2019hui.<\/span><\/span><\/span><\/p>\n<p><span style=\"color: #000000;\"><span style=\"font-family: Arial, sans-serif;\"><span style=\"font-size: medium;\">Le premier point \u00e0 comprendre est ce qui s&rsquo;est pass\u00e9 lors de la R\u00e9volution islamique de 1979, qui a donn\u00e9 naissance au mouvement r\u00e9volutionnaire qui gouverne aujourd&rsquo;hui le pays. La r\u00e9volution contre le Shah ne s&rsquo;est pas d\u00e9roul\u00e9e du jour au lendemain\u00a0; ce fut un processus qui a n\u00e9cessit\u00e9 des ann\u00e9es d&rsquo;action collective, de gr\u00e8ves g\u00e9n\u00e9rales massives, de sit-in et a vu la participation de toutes les composantes de la soci\u00e9t\u00e9.<\/span><\/span><\/span><\/p>\n<p><span style=\"color: #000000;\"><span style=\"font-family: Arial, sans-serif;\"><span style=\"font-size: medium;\">En fin de compte, la r\u00e9volution de 1979 est devenue une r\u00e9volution islamique. Sous le r\u00e8gne de Mohammed Reza Shah Pahlavi, le dictateur pro-occidental a men\u00e9 ce que l&rsquo;on a appel\u00e9 la R\u00e9volution blanche, une campagne de r\u00e9formes visant \u00e0 \u00ab\u00a0occidentaliser\u00a0\u00bb le pays, tout en sapant le clerg\u00e9 islamique et en conduisant \u00e0 la r\u00e9pression de l&rsquo;islam de mani\u00e8re plus g\u00e9n\u00e9rale. Par cons\u00e9quent, la r\u00e9volte contre le Shah comprenait un \u00e9l\u00e9ment qui cherchait \u00e0 r\u00e9tablir la place ant\u00e9rieure de l&rsquo;islam dans le pays, ce qui signifie que le peuple a utilis\u00e9 l&rsquo;islam comme moyen de r\u00e9sistance.<\/span><\/span><\/span><\/p>\n<p><span style=\"color: #000000;\"><span style=\"font-family: Arial, sans-serif;\"><span style=\"font-size: medium;\">Il ne faut cependant pas oublier que les militants de gauche ont \u00e9galement jou\u00e9 un r\u00f4le important dans la r\u00e9volution elle-m\u00eame et que le soul\u00e8vement contre le Shah n&rsquo;\u00e9tait pas simplement un mouvement islamique dirig\u00e9 par le seul ayatollah Khomeini. Par cons\u00e9quent, suite au renversement du Shah, le nouveau r\u00e9gime en place dut relever le d\u00e9fi de former un gouvernement acceptable pour le peuple. Des groupes, comme les Moudjahidine du peuple (MEK), s&rsquo;oppos\u00e8rent \u00e0 la nouvelle direction, parmi d&rsquo;autres.<\/span><\/span><\/span><\/p>\n<p><span style=\"color: #000000;\"><span style=\"font-family: Arial, sans-serif;\"><span style=\"font-size: medium;\">La prise d&rsquo;assaut de l&rsquo;ambassade US \u00e0 T\u00e9h\u00e9ran, qui provoqua une crise imm\u00e9diate entre l&rsquo;Iran et les \u00c9tats-Unis, allait donner le ton des \u00e9v\u00e9nements \u00e0 venir. En septembre 1980, les Etats-Unis ont encourag\u00e9 le pr\u00e9sident irakien Saddam Hussein \u00e0 envahir l&rsquo;Iran voisin.<\/span><\/span><\/span><\/p>\n<p><span style=\"color: #000000;\"><span style=\"font-family: Arial, sans-serif;\"><span style=\"font-size: medium;\">La guerre Iran-Irak dura pr\u00e8s de huit ans, \u00e0 une \u00e9poque o\u00f9 les Iraniens \u00e9taient militairement bien moins pr\u00e9par\u00e9s et arm\u00e9s. Alors que beaucoup s&rsquo;attendaient \u00e0 ce que cette guerre entra\u00eene l&rsquo;effondrement de la R\u00e9publique islamique, elle produisit l&rsquo;effet inverse. Pour de nombreux Iraniens, qui n&rsquo;avaient m\u00eame pas connu deux ans de r\u00e8gne de leur nouveau gouvernement, la doctrine islamique au nom de laquelle ils combattaient constituait la principale motivation. Entre 500.000 et 1 million de personnes ont p\u00e9ri durant la guerre, et environ 2 millions ont \u00e9t\u00e9 bless\u00e9es. Une part importante de la population iranienne a ainsi \u00e9t\u00e9 an\u00e9antie ou bless\u00e9e, nombre de ces victimes subissant des morts atroces, notamment lors d&rsquo;attaques chimiques.<\/span><\/span><\/span><\/p>\n<p><span style=\"color: #000000;\"><span style=\"font-family: Arial, sans-serif;\"><span style=\"font-size: medium;\">Bien que meurtri\u00e8re et ayant \u00e9puis\u00e9 les ressources, cette guerre a mis \u00e0 rude \u00e9preuve la soci\u00e9t\u00e9 dans son ensemble, elle a paradoxalement renforc\u00e9 les convictions de beaucoup. Il n&rsquo;est pas rare d&rsquo;entendre des Iraniens affirmer que certains instrumentalisent les sacrifices consentis durant la guerre Iran-Irak pour justifier des politiques susceptibles d&rsquo;\u00eatre remises en question.<\/span><\/span><\/span><\/p>\n<p><span style=\"color: #000000;\"><span style=\"font-family: Arial, sans-serif;\"><span style=\"font-size: medium;\">La m\u00eame ann\u00e9e o\u00f9 la guerre Iran-Irak prit fin, la marine US abattit un avion de ligne civil iranien dans le golfe d&rsquo;Ormuz, tuant 290 Iraniens, dont 44 enfants. Ces \u00e9v\u00e9nements contribu\u00e8rent \u00e0 ancrer les id\u00e9aux de la R\u00e9publique islamique dans l&rsquo;esprit du peuple iranien.<\/span><\/span><\/span><\/p>\n<p><span style=\"color: #000000;\"><span style=\"font-family: Arial, sans-serif;\"><span style=\"font-size: medium;\">En 2009, l&rsquo;indignation publique suscit\u00e9e par la fraude \u00e9lectorale en Iran d\u00e9clencha le Mouvement vert, une mobilisation de masse \u00e0 travers le pays r\u00e9clamant des r\u00e9formes. Il est important de rappeler que le syst\u00e8me de gouvernance, relativement r\u00e9cent, \u00e9tait soumis \u00e0 des sanctions US constantes depuis 1979, exer\u00e7ant une pression permanente sur la population civile.<\/span><\/span><\/span><\/p>\n<p><span style=\"color: #000000;\"><span style=\"font-family: Arial, sans-serif;\"><span style=\"font-size: medium;\">Le Mouvement vert de 2009 a finalement permis au camp r\u00e9formiste iranien d&rsquo;accro\u00eetre son pouvoir, face aux conservateurs, qualifi\u00e9s en Occident de \u00ab radicaux \u00bb, qui repr\u00e9sentaient le camp r\u00e9volutionnaire islamique le plus pur. Pour rappel, les r\u00e9formistes incarnent davantage la classe capitaliste, ou classe d&rsquo;affaires, du pays. Historiquement, ils ont cherch\u00e9 \u00e0 renouer les liens avec l&rsquo;Occident, et c&rsquo;est sous la pr\u00e9sidence r\u00e9formiste d&rsquo;Hassan Rouhani que l&rsquo;accord nucl\u00e9aire iranien de 2015 a \u00e9t\u00e9 sign\u00e9.<\/span><\/span><\/span><\/p>\n<p><span style=\"color: #000000;\"><span style=\"font-family: Arial, sans-serif;\"><span style=\"font-size: medium;\">Tout ce temps s&rsquo;est \u00e9coul\u00e9 depuis la guerre Iran-Irak, durant laquelle la population a \u00e9t\u00e9 contrainte de vivre sous des sanctions de plus en plus s\u00e9v\u00e8res, engendrant des changements sociaux. Malgr\u00e9 cela, un noyau important de la base du mouvement r\u00e9volutionnaire islamique subsistait, mais nombre de ses membres, d\u00e9sabus\u00e9s, r\u00e9clamaient des r\u00e9formes du syst\u00e8me. Pr\u00e9cisons que ces r\u00e9formes n&rsquo;impliquaient pas un changement de r\u00e9gime\u00a0; ils aspiraient simplement \u00e0 des changements dans leur pays.<\/span><\/span><\/span><\/p>\n<p><span style=\"color: #000000;\"><span style=\"font-family: Arial, sans-serif;\"><span style=\"font-size: medium;\">Bien qu&rsquo;aucun sondage officiel ne le prouve, on estime g\u00e9n\u00e9ralement que la base de soutien \u00e0 la R\u00e9publique islamique se situe autour de 30 millions de personnes, sur une population de 93 millions, la majorit\u00e9 se d\u00e9clarant plut\u00f4t neutre\u00a0; elle exprime des griefs ou du scepticisme, mais ne souhaite pas la chute du gouvernement au profit d&rsquo;un dirigeant occidental fantoche. Vient ensuite le reste, qui se range du c\u00f4t\u00e9 des partisans d&rsquo;un changement de r\u00e9gime. L&rsquo;ampleur de ce mouvement est souvent exag\u00e9r\u00e9e, mais il existe bel et bien sous ses diff\u00e9rentes formes.<\/span><\/span><\/span><\/p>\n<p><span style=\"color: #000000;\"><span style=\"font-family: Arial, sans-serif;\"><span style=\"font-size: medium;\">Cette guerre semble avoir raviv\u00e9 le nationalisme iranien et la n\u00e9cessit\u00e9 du mouvement r\u00e9volutionnaire qui gouverne le pays, rappelant au peuple les raisons de la chute du Shah et de sa profonde hostilit\u00e9 envers le gouvernement am\u00e9ricain. Pour les jeunes, lass\u00e9s des slogans anti-imp\u00e9rialistes incessants, tout cela commence \u00e0 prendre sens. C&rsquo;est pourquoi leur gouvernement d\u00e9pense des sommes consid\u00e9rables pour soutenir ses alli\u00e9s r\u00e9gionaux (l&rsquo;Axe de la R\u00e9sistance).<\/span><\/span><\/span><\/p>\n<p><span style=\"color: #000000;\"><span style=\"font-family: Arial, sans-serif;\"><span style=\"font-size: medium;\">Pour le peuple iranien, c&rsquo;est la confirmation des th\u00e9ories qu&rsquo;il avait autrefois accueillies avec scepticisme. Les \u00c9tats-Unis et Isra\u00ebl tuent des milliers de leurs compatriotes, massacrent leurs enfants, bombardent leurs p\u00e9troliers et provoquent des pluies acides. D\u00e8s le premier jour de la guerre, les \u00c9tats-Unis ont perp\u00e9tr\u00e9 le pire massacre de civils qu&rsquo;ils aient commis depuis la guerre du Vietnam, tuant environ 180 \u00e9coli\u00e8res d&rsquo;une double frappe.<\/span><\/span><\/span><\/p>\n<p><span style=\"color: #000000;\"><span style=\"font-family: Arial, sans-serif;\"><span style=\"font-size: medium;\">Non seulement les Iraniens ont \u00e9t\u00e9 t\u00e9moins de la terreur que les \u00c9tats-Unis et Isra\u00ebl ont d\u00e9cha\u00een\u00e9e sur leur peuple, mais ils assistent \u00e9galement \u00e0 la destruction de leur patrimoine culturel.<\/span><\/span><\/span><\/p>\n<p><span style=\"color: #000000;\"><span style=\"font-family: Arial, sans-serif;\"><span style=\"font-size: medium;\">Durant la guerre Iran-Irak, le gouvernement avait peut-\u00eatre \u00e9t\u00e9 consolid\u00e9 au pouvoir, mais cette fois-ci, la situation est diff\u00e9rente\u00a0: l&rsquo;Iran est capable de riposter efficacement. Le peuple constate les succ\u00e8s de son arm\u00e9e et le fait que, malgr\u00e9 la perte de son dirigeant, il continue le combat. Au lieu de subir les coups, l&rsquo;Iran impose son rythme au conflit, pilonnant toutes les bases militaires am\u00e9ricaines et tenant t\u00eate \u00e0 toute la r\u00e9gion. M\u00eame les Iraniens les plus critiques envers leur gouvernement sont descendus en masse dans la rue et se sont unis \u00e0 ceux qu&rsquo;ils combattaient auparavant, car la guerre a engendr\u00e9 le plus grand ralliement nationaliste depuis des d\u00e9cennies. Tel est l&rsquo;effet de l&rsquo;agression US-isra\u00e9lienne\u00a0: elle a r\u00e9ussi \u00e0 unir les Iraniens comme on ne l&rsquo;avait pas vu de m\u00e9moire r\u00e9cente.<\/span><\/span><\/span><\/p>\n<p><span style=\"color: #000000;\"><span style=\"font-family: Arial, sans-serif;\"><span style=\"font-size: medium;\">Pour ceux qui \u00e9crivent sur ce sujet depuis un certain temps, ce r\u00e9sultat \u00e9tait pr\u00e9visible. Le gouvernement iranien n&rsquo;est pas aussi barbare et stupide que le d\u00e9peint la propagande occidentale. Dans les mois qui ont suivi la guerre des douze jours l&rsquo;an dernier, si vous avez suivi l&rsquo;actualit\u00e9, vous avez sans doute constat\u00e9 que le gouvernement s&rsquo;est davantage appuy\u00e9 sur le nationalisme et le symbolisme iraniens, car il avait compris que la prochaine guerre exigerait l&rsquo;unit\u00e9 de tous les partis.<\/span><\/span><\/span><\/p>\n<p><span style=\"color: #000000;\"><span style=\"font-family: Arial, sans-serif;\"><span style=\"font-size: medium;\">Ainsi, pour ceux qui pensaient que cette guerre renverserait le gouvernement, c&rsquo;est exactement l&rsquo;inverse qui semble se produire. Cette guerre d&rsquo;agression pourrait bien, \u00e0 l&rsquo;instar de la guerre Iran-Irak, consolider l&rsquo;existence de la R\u00e9publique islamique. Quant \u00e0 une invasion terrestre am\u00e9ricaine, si elle a lieu, elle se heurtera \u00e0 des millions d&rsquo;hommes qui se mobiliseront pour l&rsquo;\u00e9craser, comme ils l&rsquo;ont fait dans les ann\u00e9es 1980, mais avec un meilleur entra\u00eenement et des armes plus sophistiqu\u00e9es.<\/span><\/span><\/span><\/p>\n<p><em><strong><span style=\"color: #000000;\"><span style=\"font-family: Arial, sans-serif;\"><span style=\"font-size: medium;\">Article original en anglais sur <a href=\"https:\/\/palestinechronicle.substack.com\/p\/a-war-that-backfired-why-the-us-israeli\">The Palestine Chronicle<\/a> \/ Traduction MR<\/span><\/span><\/span><\/strong><\/em><\/p>\n","protected":false},"excerpt":{"rendered":"<p>Robert Inlakesh, 13 mars 2026. \u2013 Contrairement aux d\u00e9clarations du pr\u00e9sident des Etats-Unis Donald Trump et du Premier ministre isra\u00e9lien Benjamin Netanyahu, la R\u00e9publique islamique d&rsquo;Iran n&rsquo;est pas au bord <a class=\"more-link\" href=\"https:\/\/ismfrance.org\/index.php\/2026\/03\/15\/une-guerre-qui-se-retourne-contre-ses-auteurs-pourquoi-la-campagne-us-israelienne-renforce-liran\/\">Lire la suite &rarr;<\/a><\/p>\n","protected":false},"author":3,"featured_media":27961,"comment_status":"closed","ping_status":"closed","sticky":false,"template":"","format":"standard","meta":{"footnotes":""},"categories":[12,2],"tags":[138],"class_list":["post-27959","post","type-post","status-publish","format-standard","has-post-thumbnail","hentry","category-analyses","category-articles","tag-iran"],"yoast_head":"<!-- This site is optimized with the Yoast SEO plugin v27.2 - https:\/\/yoast.com\/product\/yoast-seo-wordpress\/ -->\n<title>Une guerre qui se retourne contre ses auteurs : Pourquoi la campagne US-isra\u00e9lienne renforce l&#039;Iran - International Solidarity Movement - ISM-France<\/title>\n<meta name=\"robots\" content=\"index, follow, max-snippet:-1, max-image-preview:large, max-video-preview:-1\" \/>\n<link rel=\"canonical\" href=\"https:\/\/ismfrance.org\/index.php\/2026\/03\/15\/une-guerre-qui-se-retourne-contre-ses-auteurs-pourquoi-la-campagne-us-israelienne-renforce-liran\/\" \/>\n<meta property=\"og:locale\" content=\"fr_FR\" \/>\n<meta property=\"og:type\" content=\"article\" \/>\n<meta property=\"og:title\" content=\"Une guerre qui se retourne contre ses auteurs : Pourquoi la campagne US-isra\u00e9lienne renforce l&#039;Iran - International Solidarity Movement - ISM-France\" \/>\n<meta property=\"og:description\" content=\"Robert Inlakesh, 13 mars 2026. \u2013 Contrairement aux d\u00e9clarations du pr\u00e9sident des Etats-Unis Donald Trump et du Premier ministre isra\u00e9lien Benjamin Netanyahu, la R\u00e9publique islamique d&rsquo;Iran n&rsquo;est pas au bord Lire la suite &rarr;\" \/>\n<meta property=\"og:url\" content=\"https:\/\/ismfrance.org\/index.php\/2026\/03\/15\/une-guerre-qui-se-retourne-contre-ses-auteurs-pourquoi-la-campagne-us-israelienne-renforce-liran\/\" \/>\n<meta property=\"og:site_name\" content=\"International Solidarity Movement - ISM-France\" \/>\n<meta property=\"article:published_time\" content=\"2026-03-15T21:06:37+00:00\" \/>\n<meta property=\"og:image\" content=\"https:\/\/ismfrance.org\/wp-content\/uploads\/2026\/03\/selfie.jpg\" \/>\n\t<meta property=\"og:image:width\" content=\"1020\" \/>\n\t<meta property=\"og:image:height\" content=\"765\" \/>\n\t<meta property=\"og:image:type\" content=\"image\/jpeg\" \/>\n<meta name=\"author\" content=\"mru_01\" \/>\n<meta name=\"twitter:card\" content=\"summary_large_image\" \/>\n<meta name=\"twitter:creator\" content=\"@ISMFRANCE\" \/>\n<meta name=\"twitter:site\" content=\"@ISMFRANCE\" \/>\n<meta name=\"twitter:label1\" content=\"\u00c9crit par\" \/>\n\t<meta name=\"twitter:data1\" content=\"mru_01\" \/>\n\t<meta name=\"twitter:label2\" content=\"Dur\u00e9e de lecture estim\u00e9e\" \/>\n\t<meta name=\"twitter:data2\" content=\"10 minutes\" \/>\n<script type=\"application\/ld+json\" class=\"yoast-schema-graph\">{\"@context\":\"https:\/\/schema.org\",\"@graph\":[{\"@type\":\"Article\",\"@id\":\"https:\/\/ismfrance.org\/index.php\/2026\/03\/15\/une-guerre-qui-se-retourne-contre-ses-auteurs-pourquoi-la-campagne-us-israelienne-renforce-liran\/#article\",\"isPartOf\":{\"@id\":\"https:\/\/ismfrance.org\/index.php\/2026\/03\/15\/une-guerre-qui-se-retourne-contre-ses-auteurs-pourquoi-la-campagne-us-israelienne-renforce-liran\/\"},\"author\":{\"name\":\"mru_01\",\"@id\":\"https:\/\/ismfrance.org\/#\/schema\/person\/3c411eb72adfaae19c0dca1f41fae01d\"},\"headline\":\"Une guerre qui se retourne contre ses auteurs : Pourquoi la campagne US-isra\u00e9lienne renforce l&rsquo;Iran\",\"datePublished\":\"2026-03-15T21:06:37+00:00\",\"mainEntityOfPage\":{\"@id\":\"https:\/\/ismfrance.org\/index.php\/2026\/03\/15\/une-guerre-qui-se-retourne-contre-ses-auteurs-pourquoi-la-campagne-us-israelienne-renforce-liran\/\"},\"wordCount\":2096,\"publisher\":{\"@id\":\"https:\/\/ismfrance.org\/#organization\"},\"image\":{\"@id\":\"https:\/\/ismfrance.org\/index.php\/2026\/03\/15\/une-guerre-qui-se-retourne-contre-ses-auteurs-pourquoi-la-campagne-us-israelienne-renforce-liran\/#primaryimage\"},\"thumbnailUrl\":\"https:\/\/ismfrance.org\/wp-content\/uploads\/2026\/03\/selfie.jpg\",\"keywords\":[\"Iran\"],\"articleSection\":[\"Analyses\",\"Articles\"],\"inLanguage\":\"fr-FR\"},{\"@type\":\"WebPage\",\"@id\":\"https:\/\/ismfrance.org\/index.php\/2026\/03\/15\/une-guerre-qui-se-retourne-contre-ses-auteurs-pourquoi-la-campagne-us-israelienne-renforce-liran\/\",\"url\":\"https:\/\/ismfrance.org\/index.php\/2026\/03\/15\/une-guerre-qui-se-retourne-contre-ses-auteurs-pourquoi-la-campagne-us-israelienne-renforce-liran\/\",\"name\":\"Une guerre qui se retourne contre ses auteurs : Pourquoi la campagne US-isra\u00e9lienne renforce l'Iran - International Solidarity Movement - ISM-France\",\"isPartOf\":{\"@id\":\"https:\/\/ismfrance.org\/#website\"},\"primaryImageOfPage\":{\"@id\":\"https:\/\/ismfrance.org\/index.php\/2026\/03\/15\/une-guerre-qui-se-retourne-contre-ses-auteurs-pourquoi-la-campagne-us-israelienne-renforce-liran\/#primaryimage\"},\"image\":{\"@id\":\"https:\/\/ismfrance.org\/index.php\/2026\/03\/15\/une-guerre-qui-se-retourne-contre-ses-auteurs-pourquoi-la-campagne-us-israelienne-renforce-liran\/#primaryimage\"},\"thumbnailUrl\":\"https:\/\/ismfrance.org\/wp-content\/uploads\/2026\/03\/selfie.jpg\",\"datePublished\":\"2026-03-15T21:06:37+00:00\",\"breadcrumb\":{\"@id\":\"https:\/\/ismfrance.org\/index.php\/2026\/03\/15\/une-guerre-qui-se-retourne-contre-ses-auteurs-pourquoi-la-campagne-us-israelienne-renforce-liran\/#breadcrumb\"},\"inLanguage\":\"fr-FR\",\"potentialAction\":[{\"@type\":\"ReadAction\",\"target\":[\"https:\/\/ismfrance.org\/index.php\/2026\/03\/15\/une-guerre-qui-se-retourne-contre-ses-auteurs-pourquoi-la-campagne-us-israelienne-renforce-liran\/\"]}]},{\"@type\":\"ImageObject\",\"inLanguage\":\"fr-FR\",\"@id\":\"https:\/\/ismfrance.org\/index.php\/2026\/03\/15\/une-guerre-qui-se-retourne-contre-ses-auteurs-pourquoi-la-campagne-us-israelienne-renforce-liran\/#primaryimage\",\"url\":\"https:\/\/ismfrance.org\/wp-content\/uploads\/2026\/03\/selfie.jpg\",\"contentUrl\":\"https:\/\/ismfrance.org\/wp-content\/uploads\/2026\/03\/selfie.jpg\",\"width\":1020,\"height\":765},{\"@type\":\"BreadcrumbList\",\"@id\":\"https:\/\/ismfrance.org\/index.php\/2026\/03\/15\/une-guerre-qui-se-retourne-contre-ses-auteurs-pourquoi-la-campagne-us-israelienne-renforce-liran\/#breadcrumb\",\"itemListElement\":[{\"@type\":\"ListItem\",\"position\":1,\"name\":\"Accueil\",\"item\":\"https:\/\/ismfrance.org\/\"},{\"@type\":\"ListItem\",\"position\":2,\"name\":\"Une guerre qui se retourne contre ses auteurs : Pourquoi la campagne US-isra\u00e9lienne renforce l&rsquo;Iran\"}]},{\"@type\":\"WebSite\",\"@id\":\"https:\/\/ismfrance.org\/#website\",\"url\":\"https:\/\/ismfrance.org\/\",\"name\":\"ISM Palestine France\",\"description\":\"Soutien aux luttes de lib\u00e9ration du peuple palestinien\",\"publisher\":{\"@id\":\"https:\/\/ismfrance.org\/#organization\"},\"potentialAction\":[{\"@type\":\"SearchAction\",\"target\":{\"@type\":\"EntryPoint\",\"urlTemplate\":\"https:\/\/ismfrance.org\/?s={search_term_string}\"},\"query-input\":{\"@type\":\"PropertyValueSpecification\",\"valueRequired\":true,\"valueName\":\"search_term_string\"}}],\"inLanguage\":\"fr-FR\"},{\"@type\":\"Organization\",\"@id\":\"https:\/\/ismfrance.org\/#organization\",\"name\":\"International Solidarity Movement\",\"url\":\"https:\/\/ismfrance.org\/\",\"logo\":{\"@type\":\"ImageObject\",\"inLanguage\":\"fr-FR\",\"@id\":\"https:\/\/ismfrance.org\/#\/schema\/logo\/image\/\",\"url\":\"https:\/\/ismfrance.org\/wp-content\/uploads\/2020\/12\/00.png\",\"contentUrl\":\"https:\/\/ismfrance.org\/wp-content\/uploads\/2020\/12\/00.png\",\"width\":400,\"height\":400,\"caption\":\"International Solidarity Movement\"},\"image\":{\"@id\":\"https:\/\/ismfrance.org\/#\/schema\/logo\/image\/\"},\"sameAs\":[\"https:\/\/x.com\/ISMFRANCE\"]},{\"@type\":\"Person\",\"@id\":\"https:\/\/ismfrance.org\/#\/schema\/person\/3c411eb72adfaae19c0dca1f41fae01d\",\"name\":\"mru_01\",\"image\":{\"@type\":\"ImageObject\",\"inLanguage\":\"fr-FR\",\"@id\":\"https:\/\/secure.gravatar.com\/avatar\/3a0be343b445d2ccc79e87444a294fad2b232e90d2051d0e3cc219e1ecd6a330?s=96&d=mm&r=g\",\"url\":\"https:\/\/secure.gravatar.com\/avatar\/3a0be343b445d2ccc79e87444a294fad2b232e90d2051d0e3cc219e1ecd6a330?s=96&d=mm&r=g\",\"contentUrl\":\"https:\/\/secure.gravatar.com\/avatar\/3a0be343b445d2ccc79e87444a294fad2b232e90d2051d0e3cc219e1ecd6a330?s=96&d=mm&r=g\",\"caption\":\"mru_01\"},\"url\":\"https:\/\/ismfrance.org\/index.php\/author\/admin02\/\"}]}<\/script>\n<!-- \/ Yoast SEO plugin. -->","yoast_head_json":{"title":"Une guerre qui se retourne contre ses auteurs : Pourquoi la campagne US-isra\u00e9lienne renforce l'Iran - International Solidarity Movement - ISM-France","robots":{"index":"index","follow":"follow","max-snippet":"max-snippet:-1","max-image-preview":"max-image-preview:large","max-video-preview":"max-video-preview:-1"},"canonical":"https:\/\/ismfrance.org\/index.php\/2026\/03\/15\/une-guerre-qui-se-retourne-contre-ses-auteurs-pourquoi-la-campagne-us-israelienne-renforce-liran\/","og_locale":"fr_FR","og_type":"article","og_title":"Une guerre qui se retourne contre ses auteurs : Pourquoi la campagne US-isra\u00e9lienne renforce l'Iran - International Solidarity Movement - ISM-France","og_description":"Robert Inlakesh, 13 mars 2026. \u2013 Contrairement aux d\u00e9clarations du pr\u00e9sident des Etats-Unis Donald Trump et du Premier ministre isra\u00e9lien Benjamin Netanyahu, la R\u00e9publique islamique d&rsquo;Iran n&rsquo;est pas au bord Lire la suite &rarr;","og_url":"https:\/\/ismfrance.org\/index.php\/2026\/03\/15\/une-guerre-qui-se-retourne-contre-ses-auteurs-pourquoi-la-campagne-us-israelienne-renforce-liran\/","og_site_name":"International Solidarity Movement - ISM-France","article_published_time":"2026-03-15T21:06:37+00:00","og_image":[{"width":1020,"height":765,"url":"https:\/\/ismfrance.org\/wp-content\/uploads\/2026\/03\/selfie.jpg","type":"image\/jpeg"}],"author":"mru_01","twitter_card":"summary_large_image","twitter_creator":"@ISMFRANCE","twitter_site":"@ISMFRANCE","twitter_misc":{"\u00c9crit par":"mru_01","Dur\u00e9e de lecture estim\u00e9e":"10 minutes"},"schema":{"@context":"https:\/\/schema.org","@graph":[{"@type":"Article","@id":"https:\/\/ismfrance.org\/index.php\/2026\/03\/15\/une-guerre-qui-se-retourne-contre-ses-auteurs-pourquoi-la-campagne-us-israelienne-renforce-liran\/#article","isPartOf":{"@id":"https:\/\/ismfrance.org\/index.php\/2026\/03\/15\/une-guerre-qui-se-retourne-contre-ses-auteurs-pourquoi-la-campagne-us-israelienne-renforce-liran\/"},"author":{"name":"mru_01","@id":"https:\/\/ismfrance.org\/#\/schema\/person\/3c411eb72adfaae19c0dca1f41fae01d"},"headline":"Une guerre qui se retourne contre ses auteurs : Pourquoi la campagne US-isra\u00e9lienne renforce l&rsquo;Iran","datePublished":"2026-03-15T21:06:37+00:00","mainEntityOfPage":{"@id":"https:\/\/ismfrance.org\/index.php\/2026\/03\/15\/une-guerre-qui-se-retourne-contre-ses-auteurs-pourquoi-la-campagne-us-israelienne-renforce-liran\/"},"wordCount":2096,"publisher":{"@id":"https:\/\/ismfrance.org\/#organization"},"image":{"@id":"https:\/\/ismfrance.org\/index.php\/2026\/03\/15\/une-guerre-qui-se-retourne-contre-ses-auteurs-pourquoi-la-campagne-us-israelienne-renforce-liran\/#primaryimage"},"thumbnailUrl":"https:\/\/ismfrance.org\/wp-content\/uploads\/2026\/03\/selfie.jpg","keywords":["Iran"],"articleSection":["Analyses","Articles"],"inLanguage":"fr-FR"},{"@type":"WebPage","@id":"https:\/\/ismfrance.org\/index.php\/2026\/03\/15\/une-guerre-qui-se-retourne-contre-ses-auteurs-pourquoi-la-campagne-us-israelienne-renforce-liran\/","url":"https:\/\/ismfrance.org\/index.php\/2026\/03\/15\/une-guerre-qui-se-retourne-contre-ses-auteurs-pourquoi-la-campagne-us-israelienne-renforce-liran\/","name":"Une guerre qui se retourne contre ses auteurs : Pourquoi la campagne US-isra\u00e9lienne renforce l'Iran - International Solidarity Movement - ISM-France","isPartOf":{"@id":"https:\/\/ismfrance.org\/#website"},"primaryImageOfPage":{"@id":"https:\/\/ismfrance.org\/index.php\/2026\/03\/15\/une-guerre-qui-se-retourne-contre-ses-auteurs-pourquoi-la-campagne-us-israelienne-renforce-liran\/#primaryimage"},"image":{"@id":"https:\/\/ismfrance.org\/index.php\/2026\/03\/15\/une-guerre-qui-se-retourne-contre-ses-auteurs-pourquoi-la-campagne-us-israelienne-renforce-liran\/#primaryimage"},"thumbnailUrl":"https:\/\/ismfrance.org\/wp-content\/uploads\/2026\/03\/selfie.jpg","datePublished":"2026-03-15T21:06:37+00:00","breadcrumb":{"@id":"https:\/\/ismfrance.org\/index.php\/2026\/03\/15\/une-guerre-qui-se-retourne-contre-ses-auteurs-pourquoi-la-campagne-us-israelienne-renforce-liran\/#breadcrumb"},"inLanguage":"fr-FR","potentialAction":[{"@type":"ReadAction","target":["https:\/\/ismfrance.org\/index.php\/2026\/03\/15\/une-guerre-qui-se-retourne-contre-ses-auteurs-pourquoi-la-campagne-us-israelienne-renforce-liran\/"]}]},{"@type":"ImageObject","inLanguage":"fr-FR","@id":"https:\/\/ismfrance.org\/index.php\/2026\/03\/15\/une-guerre-qui-se-retourne-contre-ses-auteurs-pourquoi-la-campagne-us-israelienne-renforce-liran\/#primaryimage","url":"https:\/\/ismfrance.org\/wp-content\/uploads\/2026\/03\/selfie.jpg","contentUrl":"https:\/\/ismfrance.org\/wp-content\/uploads\/2026\/03\/selfie.jpg","width":1020,"height":765},{"@type":"BreadcrumbList","@id":"https:\/\/ismfrance.org\/index.php\/2026\/03\/15\/une-guerre-qui-se-retourne-contre-ses-auteurs-pourquoi-la-campagne-us-israelienne-renforce-liran\/#breadcrumb","itemListElement":[{"@type":"ListItem","position":1,"name":"Accueil","item":"https:\/\/ismfrance.org\/"},{"@type":"ListItem","position":2,"name":"Une guerre qui se retourne contre ses auteurs : Pourquoi la campagne US-isra\u00e9lienne renforce l&rsquo;Iran"}]},{"@type":"WebSite","@id":"https:\/\/ismfrance.org\/#website","url":"https:\/\/ismfrance.org\/","name":"ISM Palestine France","description":"Soutien aux luttes de lib\u00e9ration du peuple palestinien","publisher":{"@id":"https:\/\/ismfrance.org\/#organization"},"potentialAction":[{"@type":"SearchAction","target":{"@type":"EntryPoint","urlTemplate":"https:\/\/ismfrance.org\/?s={search_term_string}"},"query-input":{"@type":"PropertyValueSpecification","valueRequired":true,"valueName":"search_term_string"}}],"inLanguage":"fr-FR"},{"@type":"Organization","@id":"https:\/\/ismfrance.org\/#organization","name":"International Solidarity Movement","url":"https:\/\/ismfrance.org\/","logo":{"@type":"ImageObject","inLanguage":"fr-FR","@id":"https:\/\/ismfrance.org\/#\/schema\/logo\/image\/","url":"https:\/\/ismfrance.org\/wp-content\/uploads\/2020\/12\/00.png","contentUrl":"https:\/\/ismfrance.org\/wp-content\/uploads\/2020\/12\/00.png","width":400,"height":400,"caption":"International Solidarity Movement"},"image":{"@id":"https:\/\/ismfrance.org\/#\/schema\/logo\/image\/"},"sameAs":["https:\/\/x.com\/ISMFRANCE"]},{"@type":"Person","@id":"https:\/\/ismfrance.org\/#\/schema\/person\/3c411eb72adfaae19c0dca1f41fae01d","name":"mru_01","image":{"@type":"ImageObject","inLanguage":"fr-FR","@id":"https:\/\/secure.gravatar.com\/avatar\/3a0be343b445d2ccc79e87444a294fad2b232e90d2051d0e3cc219e1ecd6a330?s=96&d=mm&r=g","url":"https:\/\/secure.gravatar.com\/avatar\/3a0be343b445d2ccc79e87444a294fad2b232e90d2051d0e3cc219e1ecd6a330?s=96&d=mm&r=g","contentUrl":"https:\/\/secure.gravatar.com\/avatar\/3a0be343b445d2ccc79e87444a294fad2b232e90d2051d0e3cc219e1ecd6a330?s=96&d=mm&r=g","caption":"mru_01"},"url":"https:\/\/ismfrance.org\/index.php\/author\/admin02\/"}]}},"_links":{"self":[{"href":"https:\/\/ismfrance.org\/index.php\/wp-json\/wp\/v2\/posts\/27959","targetHints":{"allow":["GET"]}}],"collection":[{"href":"https:\/\/ismfrance.org\/index.php\/wp-json\/wp\/v2\/posts"}],"about":[{"href":"https:\/\/ismfrance.org\/index.php\/wp-json\/wp\/v2\/types\/post"}],"author":[{"embeddable":true,"href":"https:\/\/ismfrance.org\/index.php\/wp-json\/wp\/v2\/users\/3"}],"replies":[{"embeddable":true,"href":"https:\/\/ismfrance.org\/index.php\/wp-json\/wp\/v2\/comments?post=27959"}],"version-history":[{"count":2,"href":"https:\/\/ismfrance.org\/index.php\/wp-json\/wp\/v2\/posts\/27959\/revisions"}],"predecessor-version":[{"id":27962,"href":"https:\/\/ismfrance.org\/index.php\/wp-json\/wp\/v2\/posts\/27959\/revisions\/27962"}],"wp:featuredmedia":[{"embeddable":true,"href":"https:\/\/ismfrance.org\/index.php\/wp-json\/wp\/v2\/media\/27961"}],"wp:attachment":[{"href":"https:\/\/ismfrance.org\/index.php\/wp-json\/wp\/v2\/media?parent=27959"}],"wp:term":[{"taxonomy":"category","embeddable":true,"href":"https:\/\/ismfrance.org\/index.php\/wp-json\/wp\/v2\/categories?post=27959"},{"taxonomy":"post_tag","embeddable":true,"href":"https:\/\/ismfrance.org\/index.php\/wp-json\/wp\/v2\/tags?post=27959"}],"curies":[{"name":"wp","href":"https:\/\/api.w.org\/{rel}","templated":true}]}}