{"id":27937,"date":"2026-03-15T16:26:01","date_gmt":"2026-03-15T15:26:01","guid":{"rendered":"https:\/\/ismfrance.org\/?p=27937"},"modified":"2026-03-15T16:26:01","modified_gmt":"2026-03-15T15:26:01","slug":"temoignages-de-gazaouis-la-survie-qui-sorganise-au-jour-le-jour-dans-lenfer-de-gaza-partie-667-11-15-03-les-femmes-sur-le-chemin-du-retablissement-souti","status":"publish","type":"post","link":"https:\/\/ismfrance.org\/index.php\/2026\/03\/15\/temoignages-de-gazaouis-la-survie-qui-sorganise-au-jour-le-jour-dans-lenfer-de-gaza-partie-667-11-15-03-les-femmes-sur-le-chemin-du-retablissement-souti\/","title":{"rendered":"T\u00e9moignages de Gazaouis : La survie qui s\u2019organise au jour le jour dans l\u2019enfer de Gaza \u2013 partie 667 \/ 11-15.03 \u2013\u00a0Les femmes sur le chemin du r\u00e9tablissement, soutien alimentaire et psychologique"},"content":{"rendered":"<p align=\"LEFT\"><span style=\"color: #000000;\"><span style=\"font-family: Arial, sans-serif;\"><span style=\"font-size: medium;\"><strong>Brigitte Challande, 15 mars 2026.<\/strong>&#8211; Chaque semaine, l\u2019UJFP \u00e9largit ses activit\u00e9s hebdomadaires \u00e0 d\u2019autres lieux, d\u2019autres personnes d\u00e9plac\u00e9.e.s. Comptes-rendus de la deuxi\u00e8me semaine de mars.<\/span><\/span><\/span><\/p>\n<p align=\"LEFT\"><strong><span style=\"color: #000000;\"><span style=\"font-family: Arial, sans-serif;\"><span style=\"font-size: medium;\">\u00ab\u00a0<span style=\"font-size: large;\">Atelier de soutien psychologique pour les femmes du camp d\u2019Al- Kane \u00e0 l\u2019ouest de la ville de Gaza : des pas vers la lumi\u00e8re<\/span><\/span><\/span><\/span><\/strong><\/p>\n<p align=\"LEFT\"><span style=\"color: #000000;\"><span style=\"font-family: Arial, sans-serif;\"><span style=\"font-size: medium;\">Dans la bande de Gaza, les crises ne passent pas comme de simples \u00e9v\u00e9nements temporaires dans la vie des gens. Elles se transforment plut\u00f4t en exp\u00e9riences profondes qui laissent leurs traces dans la m\u00e9moire et dans l\u2019\u00e2me. Dans les camps, la vie des femmes se construit entre des responsabilit\u00e9s quotidiennes interminables et des \u00e9motions accumul\u00e9es de peur, d\u2019anxi\u00e9t\u00e9 et de tristesse. Malgr\u00e9 cela, la femme palestinienne continue d\u2019assumer son r\u00f4le de pilier fondamental de la famille, essayant de pr\u00e9server son \u00e9quilibre psychologique malgr\u00e9 les pressions croissantes impos\u00e9es par les crises r\u00e9p\u00e9t\u00e9es.<\/span><\/span><\/span><\/p>\n<p align=\"LEFT\"><a href=\"https:\/\/ismfrance.org\/wp-content\/uploads\/2026\/03\/femmes.jpg\"><img loading=\"lazy\" decoding=\"async\" class=\"alignnone size-large wp-image-27943\" src=\"https:\/\/ismfrance.org\/wp-content\/uploads\/2026\/03\/femmes-700x525.jpg\" alt=\"\" width=\"600\" height=\"450\" srcset=\"https:\/\/ismfrance.org\/wp-content\/uploads\/2026\/03\/femmes-700x525.jpg 700w, https:\/\/ismfrance.org\/wp-content\/uploads\/2026\/03\/femmes-300x225.jpg 300w, https:\/\/ismfrance.org\/wp-content\/uploads\/2026\/03\/femmes-768x576.jpg 768w, https:\/\/ismfrance.org\/wp-content\/uploads\/2026\/03\/femmes-1536x1152.jpg 1536w, https:\/\/ismfrance.org\/wp-content\/uploads\/2026\/03\/femmes-350x263.jpg 350w, https:\/\/ismfrance.org\/wp-content\/uploads\/2026\/03\/femmes.jpg 2048w\" sizes=\"auto, (max-width: 600px) 100vw, 600px\" \/><\/a><\/p>\n<p align=\"LEFT\"><span style=\"color: #000000;\"><span style=\"font-family: Arial, sans-serif;\"><span style=\"font-size: medium;\">L\u2019\u00e9quipe de l&rsquo;UJFP a organis\u00e9 un atelier de soutien psychologique dans le camp Al-Kanz, \u00e0 l\u2019ouest de la ville de Gaza. Vingt-cinq femmes d\u00e9plac\u00e9es y ont particip\u00e9, dans le but d\u2019offrir un espace s\u00fbr o\u00f9 elles pourraient exprimer leurs sentiments, partager leurs exp\u00e9riences et all\u00e9ger les pressions psychologiques accumul\u00e9es \u00e0 la suite du d\u00e9placement et de la perte de stabilit\u00e9.<\/span><\/span><\/span><\/p>\n<p align=\"LEFT\"><span style=\"color: #000000;\"><span style=\"font-family: Arial, sans-serif;\"><span style=\"font-size: medium;\">L\u2019atelier a commenc\u00e9 par une simple s\u00e9ance de pr\u00e9sentation qui a permis aux participantes de faire connaissance. Au cours de la s\u00e9ance, il a \u00e9t\u00e9 question de l\u2019importance du soutien psychologique dans la vie humaine, en particulier durant les crises prolong\u00e9es. Les participantes ont \u00e9galement abord\u00e9 le r\u00e9tablissement psychologique comme un processus progressif qui peut prendre du temps, mais qui commence souvent par la reconnaissance et l\u2019expression des sentiments.<\/span><\/span><\/span><\/p>\n<p align=\"LEFT\"><span style=\"color: #000000;\"><span style=\"font-family: Arial, sans-serif;\"><span style=\"font-size: medium;\">Les participantes ont pratiqu\u00e9 des exercices de respiration profonde et de relaxation, elles ont \u00e9galement pris part \u00e0 une activit\u00e9 de discussion collective o\u00f9 chaque femme a \u00e9t\u00e9 encourag\u00e9e \u00e0 parler de ce qui occupe le plus ses pens\u00e9es durant cette p\u00e9riode.<\/span><\/span><\/span><\/p>\n<p align=\"LEFT\"><span style=\"color: #000000;\"><span style=\"font-family: Arial, sans-serif;\"><span style=\"font-size: medium;\">Les femmes ont parl\u00e9 de la peur qui les a accompagn\u00e9es tout au long de la guerre, des routes bond\u00e9es de personnes, et du sentiment d\u2019\u00e9garement ressenti lorsqu\u2019elles ont quitt\u00e9 leurs maisons sans savoir ce que les jours suivants leur r\u00e9serveraient. Certaines ont \u00e9voqu\u00e9 la perte de maisons construites au fil de longues ann\u00e9es, tandis que d\u2019autres ont parl\u00e9 de leur inqui\u00e9tude permanente pour leurs enfants.<\/span><\/span><\/span><\/p>\n<p align=\"LEFT\"><span style=\"color: #000000;\"><span style=\"font-family: Arial, sans-serif;\"><span style=\"font-size: medium;\">Lors d\u2019une des activit\u00e9s de l\u2019atelier, les participantes ont \u00e9t\u00e9 invit\u00e9es \u00e0 mentionner ce qui leur donne la force de continuer malgr\u00e9 les difficult\u00e9s. Certaines ont r\u00e9pondu que leurs enfants sont leur plus grande source de force, d\u2019autres ont affirm\u00e9 que la solidarit\u00e9 entre les femmes dans le camp leur donne le sentiment de ne pas \u00eatre seules face aux d\u00e9fis. L\u2019une des participantes a expliqu\u00e9 que ce qui l\u2019\u00e9puise le plus n\u2019est pas la fatigue physique, mais la pens\u00e9e constante d\u2019un avenir incertain. Chaque jour, elle essaie d\u2019appara\u00eetre forte devant ses enfants, alors qu\u2019au fond d\u2019elle elle porte un poids consid\u00e9rable d\u2019inqui\u00e9tude. Une autre participante, veuve ayant perdu le soutien principal de sa famille, a partag\u00e9 son exp\u00e9rience en disant que les premiers jours apr\u00e8s la perte de son mari ont \u00e9t\u00e9 remplis d\u2019un profond sentiment d\u2019\u00e9garement. Elle s\u2019est retrouv\u00e9e responsable de ses enfants dans une tente au c\u0153ur d\u2019une ville confront\u00e9e \u00e0 des conditions difficiles, et elle a d\u00fb \u00eatre forte malgr\u00e9 la douleur qu\u2019elle portait. Elle a ajout\u00e9 que le fait d\u2019entendre les histoires d\u2019autres femmes ayant v\u00e9cu des exp\u00e9riences similaires a all\u00e9g\u00e9 une partie de ce lourd fardeau. Une autre femme a expliqu\u00e9 que le d\u00e9placement a chang\u00e9 de nombreux aspects de sa vie quotidienne. Des choses qui semblaient autrefois simples \u2014 comme s\u2019asseoir avec les voisins ou organiser la maison \u2014 sont devenues des souvenirs lointains.<\/span><\/span><\/span><\/p>\n<p align=\"LEFT\"><a href=\"https:\/\/ismfrance.org\/wp-content\/uploads\/2026\/03\/femmes1.jpg\"><img loading=\"lazy\" decoding=\"async\" class=\"alignnone size-large wp-image-27944\" src=\"https:\/\/ismfrance.org\/wp-content\/uploads\/2026\/03\/femmes1-700x525.jpg\" alt=\"\" width=\"600\" height=\"450\" srcset=\"https:\/\/ismfrance.org\/wp-content\/uploads\/2026\/03\/femmes1-700x525.jpg 700w, https:\/\/ismfrance.org\/wp-content\/uploads\/2026\/03\/femmes1-300x225.jpg 300w, https:\/\/ismfrance.org\/wp-content\/uploads\/2026\/03\/femmes1-768x576.jpg 768w, https:\/\/ismfrance.org\/wp-content\/uploads\/2026\/03\/femmes1-1536x1152.jpg 1536w, https:\/\/ismfrance.org\/wp-content\/uploads\/2026\/03\/femmes1-350x263.jpg 350w, https:\/\/ismfrance.org\/wp-content\/uploads\/2026\/03\/femmes1.jpg 2048w\" sizes=\"auto, (max-width: 600px) 100vw, 600px\" \/><\/a><\/p>\n<p align=\"LEFT\"><span style=\"color: #000000;\"><span style=\"font-family: Arial, sans-serif;\"><span style=\"font-size: medium;\">La s\u00e9ance comprenait \u00e9galement une activit\u00e9 collective centr\u00e9e sur le renforcement de l\u2019espoir. Les participantes ont discut\u00e9 de moyens simples pour pr\u00e9server leur \u00e9quilibre psychologique dans le camp, comme l\u2019entraide entre les femmes, l\u2019organisation du temps des enfants \u00e0 travers de petites activit\u00e9s dans la tente, et la recherche de courts moments de repos malgr\u00e9 les pressions de la vie quotidienne.<\/span><\/span><\/span><\/p>\n<p align=\"LEFT\"><span style=\"color: #000000;\"><span style=\"font-family: Arial, sans-serif;\"><span style=\"font-size: medium;\">\u00c0 la fin de l\u2019atelier, beaucoup ont exprim\u00e9 leur soulagement apr\u00e8s avoir partag\u00e9 leurs histoires et \u00e9cout\u00e9 les exp\u00e9riences d\u2019autres femmes vivant des conditions similaires. L\u2019une des participantes a d\u00e9clar\u00e9 que parler de la douleur ne ram\u00e8ne pas ce qui a \u00e9t\u00e9 perdu, mais aide \u00e0 continuer le chemin. Elle a ajout\u00e9 que la rencontre avec les femmes du camp Al-Kanz lui a fait comprendre que la force peut r\u00e9sider en chacun, m\u00eame dans les moments les plus difficiles.<\/span><\/span><\/span><\/p>\n<p align=\"LEFT\"><span style=\"color: #000000;\"><span style=\"font-family: Arial, sans-serif;\"><span style=\"font-size: medium;\">Quant \u00e0 la participante qui a perdu son mari, elle a affirm\u00e9 que le sentiment de solidarit\u00e9 entre les femmes durant la s\u00e9ance lui a redonn\u00e9 une part d\u2019espoir. Partager la douleur avec les autres a rendu le chemin moins solitaire. Elle a soulign\u00e9 que le r\u00e9tablissement ne se produit pas d\u2019un seul coup, mais commence par de petits pas lorsque l\u2019on sent que quelqu\u2019un comprend sa souffrance et se tient \u00e0 ses c\u00f4t\u00e9s.<\/span><\/span><\/span><\/p>\n<p align=\"LEFT\"><span style=\"color: #000000;\"><span style=\"font-family: Arial, sans-serif;\"><span style=\"font-size: medium;\">De telles rencontres confirment que le soutien psychologique constitue un \u00e9l\u00e9ment essentiel de la r\u00e9ponse humanitaire dans les camps de d\u00e9placement. Tout comme l\u2019\u00eatre humain a besoin de nourriture et d\u2019un abri, il a aussi besoin d\u2019espaces s\u00fbrs pour exprimer ses \u00e9motions et retrouver son \u00e9quilibre psychologique. L\u2019organisation UJFP poursuit la mise en \u0153uvre de ce type d\u2019ateliers dans les camps. Ainsi, ces initiatives humaines demeurent une \u00e9tape importante pour cr\u00e9er de petits espaces d\u2019espoir au c\u0153ur d\u2019une r\u00e9alit\u00e9 pleine de d\u00e9fis.\u00a0\u00bb<\/span><\/span><\/span><\/p>\n<p align=\"LEFT\"><span style=\"color: #000000;\"><span style=\"font-family: Arial, sans-serif;\"><span style=\"font-size: medium;\"><i><b>Photos et vid\u00e9os <a href=\"https:\/\/drive.google.com\/drive\/folders\/1ru9j3cLnK6oFfkXJFJ_5n-7KQ1A0RM7C\">ICI<\/a><\/b><\/i><\/span><\/span><\/span><\/p>\n<p style=\"text-align: center;\" align=\"LEFT\"><strong>ooOOOoo<\/strong><\/p>\n<p align=\"LEFT\"><span style=\"font-size: large;\"><span style=\"color: #000000;\"><span style=\"font-family: Arial, sans-serif;\"><b>Des femmes qui fabriquent l\u2019espoir malgr\u00e9 le d\u00e9placement : des voix au c\u0153ur du camp<\/b><\/span><\/span><\/span><\/p>\n<p align=\"LEFT\"><span style=\"color: #000000;\"><span style=\"font-family: Arial, sans-serif;\"><span style=\"font-size: medium;\">\u00ab\u00a0\u00c0 Gaza, le temps n\u2019est plus mesur\u00e9 comme autrefois. Il ne se compte plus en journ\u00e9es ordinaires, mais en la capacit\u00e9 des gens \u00e0 tenir un jour de plus dans une r\u00e9alit\u00e9 qui ne ressemble plus \u00e0 la vie qu\u2019ils connaissaient auparavant. Dans les camps temporaires diss\u00e9min\u00e9s \u00e0 travers la ville, des milliers de familles tentent de r\u00e9organiser les d\u00e9tails de leur existence dans des conditions difficiles. Les tentes se serrent les unes contre les autres, les histoires s\u2019entrecroisent et les sentiments oscillent entre peur et espoir. Au c\u0153ur de cette sc\u00e8ne complexe, la femme palestinienne demeure le pilier qui maintient la famille unie : elle est la m\u00e8re qui rassure ses enfants, la fille qui soutient les personnes \u00e2g\u00e9es, et l\u2019\u00e9pouse qui essaie de pr\u00e9server le sens du foyer, m\u00eame lorsque ce foyer n\u2019est plus qu\u2019une tente.<\/span><\/span><\/span><\/p>\n<p align=\"LEFT\"><a href=\"https:\/\/ismfrance.org\/wp-content\/uploads\/2026\/03\/IMG_1335.jpg\"><img loading=\"lazy\" decoding=\"async\" class=\"alignnone size-large wp-image-27940\" src=\"https:\/\/ismfrance.org\/wp-content\/uploads\/2026\/03\/IMG_1335-700x525.jpg\" alt=\"\" width=\"600\" height=\"450\" srcset=\"https:\/\/ismfrance.org\/wp-content\/uploads\/2026\/03\/IMG_1335-700x525.jpg 700w, https:\/\/ismfrance.org\/wp-content\/uploads\/2026\/03\/IMG_1335-300x225.jpg 300w, https:\/\/ismfrance.org\/wp-content\/uploads\/2026\/03\/IMG_1335-768x576.jpg 768w, https:\/\/ismfrance.org\/wp-content\/uploads\/2026\/03\/IMG_1335-1536x1152.jpg 1536w, https:\/\/ismfrance.org\/wp-content\/uploads\/2026\/03\/IMG_1335-350x263.jpg 350w, https:\/\/ismfrance.org\/wp-content\/uploads\/2026\/03\/IMG_1335.jpg 1600w\" sizes=\"auto, (max-width: 600px) 100vw, 600px\" \/><\/a><\/p>\n<p align=\"LEFT\"><span style=\"color: #000000;\"><span style=\"font-family: Arial, sans-serif;\"><span style=\"font-size: medium;\">Dans la bande de Gaza, les femmes portent un fardeau encore plus lourd en p\u00e9riode de crise. En plus des pertes v\u00e9cues par tous, elles assument la responsabilit\u00e9 de pr\u00e9server l\u2019\u00e9quilibre psychologique et \u00e9motionnel de la famille, alors m\u00eame que leurs propres c\u0153urs sont charg\u00e9s d\u2019inqui\u00e9tude et de fatigue. Dans les camps, la vie quotidienne change compl\u00e8tement : l\u2019intimit\u00e9 est presque inexistante, les ressources sont limit\u00e9es et l\u2019incertitude face \u00e0 l\u2019avenir accompagne chacun. Malgr\u00e9 tout, les femmes continuent de chercher des moyens de maintenir l\u2019\u00e9quilibre au sein de leurs familles, comme si elles tissaient l\u2019espoir \u00e0 partir de petits gestes au milieu d\u2019une r\u00e9alit\u00e9 extr\u00eamement dure.<\/span><\/span><\/span><\/p>\n<p align=\"LEFT\"><span style=\"color: #000000;\"><span style=\"font-family: Arial, sans-serif;\"><span style=\"font-size: medium;\">Parmi ces camps, le camp d\u2019Al-Israa, situ\u00e9 \u00e0 l\u2019ouest de la ville de Gaza, est devenu l\u2019un des lieux qui ont accueilli des centaines de familles d\u00e9plac\u00e9es. L\u00e0-bas, de nombreuses histoires se croisent et les \u00e9motions se ressemblent, malgr\u00e9 la diversit\u00e9 des exp\u00e9riences. Entre les tentes du camp et les voix des enfants, le besoin d\u2019un espace s\u00fbr s\u2019est fait sentir : un lieu o\u00f9 les femmes pourraient parler librement de leurs sentiments et trouver un moment de calme, loin de la pression de la vie quotidienne.<\/span><\/span><\/span><\/p>\n<p align=\"LEFT\"><span style=\"color: #000000;\"><span style=\"font-family: Arial, sans-serif;\"><span style=\"font-size: medium;\">C\u2019est dans ce contexte que l\u2019\u00e9quipe de l&rsquo;UJFP a organis\u00e9 une s\u00e9ance de soutien psychologique et de lib\u00e9ration \u00e9motionnelle \u00e0 l\u2019occasion de la Journ\u00e9e internationale des femmes. Cette journ\u00e9e a ainsi pris un sens diff\u00e9rent des c\u00e9l\u00e9brations traditionnelles. Ici, il ne s\u2019agissait pas seulement d\u2019une date symbolique, mais d\u2019une v\u00e9ritable opportunit\u00e9 d\u2019\u00e9couter les voix des femmes qui vivent cette exp\u00e9rience dans toutes ses dimensions. Vingt-cinq femmes se sont r\u00e9unies sous l\u2019une des tentes du camp, transformant l\u2019espace, pendant quelques heures, en un lieu profond\u00e9ment humain rempli d\u2019histoires, de souvenirs et d\u2019espoirs.<\/span><\/span><\/span><\/p>\n<p align=\"LEFT\"><span style=\"color: #000000;\"><span style=\"font-family: Arial, sans-serif;\"><span style=\"font-size: medium;\">Avant le d\u00e9but des activit\u00e9s, l\u2019\u00e9quipe a accueilli les participantes avec des mots simples mais sinc\u00e8res. Ils ont soulign\u00e9 que cette s\u00e9ance visait \u00e0 honorer la force des femmes palestiniennes et \u00e0 rappeler que parler de ses \u00e9motions et de ses pressions n\u2019est pas un signe de faiblesse, mais une \u00e9tape importante vers le r\u00e9tablissement. L\u2019organisation et son r\u00f4le dans le soutien psychologique et social aux communaut\u00e9s touch\u00e9es ont \u00e9galement \u00e9t\u00e9 pr\u00e9sent\u00e9s, ainsi que ses efforts pour cr\u00e9er des espaces s\u00fbrs o\u00f9 chacun peut s\u2019exprimer et partager son exp\u00e9rience.<\/span><\/span><\/span><\/p>\n<p align=\"LEFT\"><span style=\"color: #000000;\"><span style=\"font-family: Arial, sans-serif;\"><span style=\"font-size: medium;\">Au d\u00e9but de la rencontre, certaines femmes semblaient h\u00e9sitantes. Parler de la douleur n\u2019est jamais facile, surtout dans un environnement o\u00f9 beaucoup ont appris \u00e0 taire leurs \u00e9motions. Mais peu \u00e0 peu, l\u2019atmosph\u00e8re a commenc\u00e9 \u00e0 changer. La s\u00e9ance avait \u00e9t\u00e9 con\u00e7ue de mani\u00e8re interactive afin d\u2019encourager la participation sans pression et de permettre \u00e0 chaque femme de parler lorsqu\u2019elle se sentirait pr\u00eate.<\/span><\/span><\/span><\/p>\n<p align=\"LEFT\"><span style=\"color: #000000;\"><span style=\"font-family: Arial, sans-serif;\"><span style=\"font-size: medium;\">Les activit\u00e9s ont commenc\u00e9 par des exercices simples visant \u00e0 r\u00e9duire la tension physique et psychologique. Les femmes se sont assises en cercle et ont pratiqu\u00e9 des exercices de respiration profonde qui les ont aid\u00e9es \u00e0 se d\u00e9tendre un peu apr\u00e8s de longues journ\u00e9es marqu\u00e9es par l\u2019inqui\u00e9tude et l\u2019\u00e9puisement. Ces instants pouvaient sembler modestes, mais pour beaucoup d\u2019entre elles, c\u2019\u00e9tait la premi\u00e8re fois depuis longtemps qu\u2019elles s\u2019accordaient une pause pour simplement respirer.<\/span><\/span><\/span><\/p>\n<p align=\"LEFT\"><span style=\"color: #000000;\"><span style=\"font-family: Arial, sans-serif;\"><span style=\"font-size: medium;\">La s\u00e9ance s\u2019est ensuite poursuivie par une activit\u00e9 de discussion fond\u00e9e sur le partage d\u2019histoires personnelles. Les participantes ont \u00e9t\u00e9 invit\u00e9es \u00e0 raconter un moment ou une exp\u00e9rience qui les avait profond\u00e9ment marqu\u00e9es depuis le d\u00e9but de leur d\u00e9placement. Au d\u00e9part, le silence s\u2019est install\u00e9, mais il n\u2019a pas dur\u00e9 longtemps.<\/span><\/span><\/span><\/p>\n<p align=\"LEFT\"><span style=\"color: #000000;\"><span style=\"font-family: Arial, sans-serif;\"><span style=\"font-size: medium;\">L\u2019une des femmes a commenc\u00e9 \u00e0 parler d\u2019une voix douce, choisissant ses mots avec soin. Elle a expliqu\u00e9 qu\u2019elle n\u2019aurait jamais imagin\u00e9 devoir un jour quitter la maison o\u00f9 elle avait v\u00e9cu pendant de nombreuses ann\u00e9es. Elle a \u00e9voqu\u00e9 le moment o\u00f9 elle est sortie avec ses enfants sans savoir o\u00f9 aller, ainsi que l\u2019\u00e9trange sensation qui envahit une personne lorsqu\u2019elle perd soudain tout ce qui lui \u00e9tait familier. Mais, a-t-elle ajout\u00e9, le plus difficile n\u2019\u00e9tait pas le d\u00e9placement lui-m\u00eame : c\u2019\u00e9tait de voir la peur dans les yeux de ses enfants et d\u2019essayer constamment de leur cacher sa propre inqui\u00e9tude.<\/span><\/span><\/span><\/p>\n<p align=\"LEFT\"><span style=\"color: #000000;\"><span style=\"font-family: Arial, sans-serif;\"><span style=\"font-size: medium;\">Une autre femme, assise \u00e0 c\u00f4t\u00e9 d\u2019elle, a poursuivi la discussion. Elle a racont\u00e9 que la vie dans le camp lui avait appris beaucoup de choses qu\u2019elle n\u2019aurait jamais imagin\u00e9 devoir apprendre. Elle a parl\u00e9 de la mani\u00e8re dont elle organise sa journ\u00e9e dans un espace tr\u00e8s r\u00e9duit et de ses efforts pour transformer la tente en un endroit o\u00f9 ses enfants pourraient ressentir un minimum de s\u00e9curit\u00e9. Elle a \u00e9galement expliqu\u00e9 que les moments les plus difficiles pour elle sont la nuit, lorsque le camp devient un peu plus calme et que les pens\u00e9es commencent \u00e0 revenir.<\/span><\/span><\/span><\/p>\n<p align=\"LEFT\"><span style=\"color: #000000;\"><span style=\"font-family: Arial, sans-serif;\"><span style=\"font-size: medium;\">Au fil de la s\u00e9ance, de nombreuses histoires ont \u00e9merg\u00e9, r\u00e9v\u00e9lant la profondeur de l\u2019exp\u00e9rience humaine v\u00e9cue par ces femmes. Certaines ont parl\u00e9 de la perte d\u2019\u00eatres chers, d\u2019autres de la peur de l\u2019avenir, et d\u2019autres encore de l\u2019\u00e9puisement permanent d\u00fb aux nombreuses responsabilit\u00e9s qu\u2019elles portent chaque jour.<\/span><\/span><\/span><\/p>\n<p align=\"LEFT\"><span style=\"color: #000000;\"><span style=\"font-family: Arial, sans-serif;\"><span style=\"font-size: medium;\">L\u2019une des participantes, une femme \u00e2g\u00e9e, s\u2019est exprim\u00e9e avec une voix empreinte de sagesse et d\u2019exp\u00e9rience. Elle a racont\u00e9 que sa vie avait connu de nombreuses crises, mais qu\u2019elle n\u2019avait jamais ressenti le poids des jours comme aujourd\u2019hui. Pourtant, elle a affirm\u00e9 que le fait d\u2019\u00eatre r\u00e9unie avec d\u2019autres femmes durant cette s\u00e9ance lui avait donn\u00e9 un sentiment de force. Elle a ajout\u00e9 que, tout au long de l\u2019histoire, la femme palestinienne a toujours \u00e9t\u00e9 une source de r\u00e9silience pour sa famille, et que ce r\u00f4le n\u2019a pas chang\u00e9 malgr\u00e9 les circonstances.<\/span><\/span><\/span><\/p>\n<p align=\"LEFT\"><span style=\"color: #000000;\"><span style=\"font-family: Arial, sans-serif;\"><span style=\"font-size: medium;\">L\u2019atelier ne s\u2019est pas limit\u00e9 \u00e0 la parole. Il comprenait \u00e9galement d\u2019autres activit\u00e9s destin\u00e9es \u00e0 favoriser l\u2019expression \u00e9motionnelle de diff\u00e9rentes mani\u00e8res. Dans l\u2019un des exercices, les femmes ont \u00e9t\u00e9 invit\u00e9es \u00e0 d\u00e9crire leur sentiment actuel en un seul mot. Les r\u00e9ponses \u00e9taient diverses mais proches dans leur sens : fatigue, patience, espoir, attente, force.<\/span><\/span><\/span><\/p>\n<p align=\"LEFT\"><span style=\"color: #000000;\"><span style=\"font-family: Arial, sans-serif;\"><span style=\"font-size: medium;\">Dans une autre activit\u00e9, les participantes ont \u00e9t\u00e9 invit\u00e9es \u00e0 imaginer la vie qu\u2019elles aimeraient voir apr\u00e8s la fin de ces circonstances difficiles. Certaines ont parl\u00e9 de retourner dans leurs maisons, tandis que d\u2019autres ont simplement exprim\u00e9 le souhait que leurs enfants puissent vivre une vie normale, sans peur. Ce moment \u00e9tait charg\u00e9 d\u2019\u00e9motions, car parler de l\u2019avenir porte toujours un m\u00e9lange d\u2019espoir et de nostalgie.<\/span><\/span><\/span><\/p>\n<p align=\"LEFT\"><span style=\"color: #000000;\"><span style=\"font-family: Arial, sans-serif;\"><span style=\"font-size: medium;\">Au fil du temps, les femmes se sont senties plus \u00e0 l\u2019aise pour s\u2019exprimer. Elles ont \u00e9chang\u00e9 des histoires, parfois m\u00eame des rires, et les larmes qui sont apparues \u00e0 certains moments faisaient partie du processus de lib\u00e9ration \u00e9motionnelle dont chaque \u00eatre humain a besoin.<\/span><\/span><\/span><\/p>\n<p align=\"LEFT\"><span style=\"color: #000000;\"><span style=\"font-family: Arial, sans-serif;\"><span style=\"font-size: medium;\">L\u2019une des participantes a d\u00e9clar\u00e9 que ce qu\u2019elle avait le plus appr\u00e9ci\u00e9 dans la s\u00e9ance \u00e9tait le sentiment que toutes se comprenaient sans avoir besoin de longues explications. Elle a ajout\u00e9 que parler avec des femmes vivant les m\u00eames conditions permet de sentir que l\u2019on n\u2019est pas seule dans cette exp\u00e9rience.<\/span><\/span><\/span><\/p>\n<p align=\"LEFT\"><span style=\"color: #000000;\"><span style=\"font-family: Arial, sans-serif;\"><span style=\"font-size: medium;\">Une autre participante a \u00e9voqu\u00e9 la Journ\u00e9e internationale des femmes d\u2019une mani\u00e8re diff\u00e9rente. Elle a expliqu\u00e9 que les femmes de Gaza n\u2019ont pas besoin d\u2019une c\u00e9l\u00e9bration traditionnelle pour reconna\u00eetre leur valeur, car chaque jour o\u00f9 elles parviennent \u00e0 prot\u00e9ger leurs familles est en soi un jour de force. Elle a \u00e9galement ajout\u00e9 que cette rencontre dans le camp lui avait donn\u00e9 le sentiment que les histoires des femmes m\u00e9ritent d\u2019\u00eatre entendues et racont\u00e9es.<\/span><\/span><\/span><\/p>\n<p align=\"LEFT\"><span style=\"color: #000000;\"><span style=\"font-family: Arial, sans-serif;\"><span style=\"font-size: medium;\">Au cours de la s\u00e9ance, l\u2019importance de poursuivre ce type de rencontres a \u00e9galement \u00e9t\u00e9 soulign\u00e9e, car elles offrent aux femmes l\u2019occasion de se connecter et de se soutenir mutuellement. La vie dans le camp peut \u00eatre remplie de pressions, mais l\u2019existence d\u2019espaces de dialogue peut all\u00e9ger une grande partie de ce poids.<\/span><\/span><\/span><\/p>\n<p align=\"LEFT\"><a href=\"https:\/\/ismfrance.org\/wp-content\/uploads\/2026\/03\/IMG_1339.jpg\"><img loading=\"lazy\" decoding=\"async\" class=\"alignnone size-large wp-image-27941\" src=\"https:\/\/ismfrance.org\/wp-content\/uploads\/2026\/03\/IMG_1339-700x394.jpg\" alt=\"\" width=\"600\" height=\"338\" srcset=\"https:\/\/ismfrance.org\/wp-content\/uploads\/2026\/03\/IMG_1339-700x394.jpg 700w, https:\/\/ismfrance.org\/wp-content\/uploads\/2026\/03\/IMG_1339-300x169.jpg 300w, https:\/\/ismfrance.org\/wp-content\/uploads\/2026\/03\/IMG_1339-768x432.jpg 768w, https:\/\/ismfrance.org\/wp-content\/uploads\/2026\/03\/IMG_1339-1536x864.jpg 1536w, https:\/\/ismfrance.org\/wp-content\/uploads\/2026\/03\/IMG_1339.jpg 1599w\" sizes=\"auto, (max-width: 600px) 100vw, 600px\" \/><\/a><\/p>\n<p align=\"LEFT\"><span style=\"color: #000000;\"><span style=\"font-family: Arial, sans-serif;\"><span style=\"font-size: medium;\">\u00c0 l\u2019approche de la fin de l\u2019atelier, la formatrice a demand\u00e9 aux participantes de partager une chose pour laquelle elles se sentent reconnaissantes malgr\u00e9 les circonstances. Certaines femmes ont mentionn\u00e9 leurs enfants, d\u2019autres la solidarit\u00e9 entre les habitants du camp. L\u2019une d\u2019entre elles a affirm\u00e9 que ce qui lui donne le plus de force est sa conviction que ces jours difficiles ne dureront pas \u00e9ternellement.<\/span><\/span><\/span><\/p>\n<p align=\"LEFT\"><span style=\"color: #000000;\"><span style=\"font-family: Arial, sans-serif;\"><span style=\"font-size: medium;\">Avant la cl\u00f4ture de la s\u00e9ance, les femmes se sont lev\u00e9es et ont form\u00e9 un petit cercle, \u00e9changeant des mots d\u2019encouragement et de simples souhaits pour un avenir meilleur. Cette sc\u00e8ne n\u2019\u00e9tait pas seulement la conclusion d\u2019une activit\u00e9, mais un moment profond\u00e9ment humain qui exprimait la solidarit\u00e9 pouvant na\u00eetre entre des personnes partageant la m\u00eame \u00e9preuve.<\/span><\/span><\/span><\/p>\n<p align=\"LEFT\"><span style=\"color: #000000;\"><span style=\"font-family: Arial, sans-serif;\"><span style=\"font-size: medium;\">Lorsque les femmes ont commenc\u00e9 \u00e0 quitter les lieux, il \u00e9tait \u00e9vident que la rencontre avait laiss\u00e9 une empreinte dans le c\u0153ur de beaucoup d\u2019entre elles. Certaines ont continu\u00e9 \u00e0 discuter entre elles, tandis que d\u2019autres ont exprim\u00e9 leur souhait de participer \u00e0 d\u2019autres s\u00e9ances similaires.<\/span><\/span><\/span><\/p>\n<p align=\"LEFT\"><span style=\"color: #000000;\"><span style=\"font-family: Arial, sans-serif;\"><span style=\"font-size: medium;\">En fin de compte, de telles initiatives montrent que le soutien psychologique n\u2019est pas un luxe en temps de crise, mais une n\u00e9cessit\u00e9 essentielle qui aide les gens \u00e0 continuer. Une femme qui trouve un espace pour exprimer ses \u00e9motions devient plus capable de soutenir sa famille et de faire face aux d\u00e9fis quotidiens.<\/span><\/span><\/span><\/p>\n<p align=\"LEFT\"><span style=\"color: #000000;\"><span style=\"font-family: Arial, sans-serif;\"><span style=\"font-size: medium;\">Ainsi, au milieu des tentes qui tentent d\u2019abriter des vies enti\u00e8res, les histoires des femmes de Gaza continuent de dessiner une image diff\u00e9rente de la force. Une force qui ne repose pas seulement sur l\u2019endurance, mais aussi sur la capacit\u00e9 de partager la douleur et de la transformer en \u00e9nergie pour avancer.<\/span><\/span><\/span><\/p>\n<p align=\"LEFT\"><span style=\"color: #000000;\"><span style=\"font-family: Arial, sans-serif;\"><span style=\"font-size: medium;\">Dans le camp d\u2019Al-Israa, la Journ\u00e9e internationale des femmes n\u2019a donc pas \u00e9t\u00e9 simplement une date inscrite dans le calendrier, mais un moment profond\u00e9ment humain o\u00f9 les voix des femmes se sont r\u00e9unies pour dire quelque chose de simple, mais de profond : l<\/span><\/span><\/span><span style=\"color: #000000;\"><span style=\"font-family: Arial, sans-serif;\"><span style=\"font-size: medium;\">\u2019espoir peut na\u00eetre m\u00eame dans les lieux les plus difficiles, tant qu\u2019il y a quelqu\u2019un pour croire que demain peut \u00eatre meilleur.\u00a0\u00bb<\/span><\/span><\/span><\/p>\n<p align=\"LEFT\"><em><strong><span style=\"color: #000000;\"><span style=\"font-family: Arial, sans-serif;\"><span style=\"font-size: medium;\">Photos et vid\u00e9os <a href=\"https:\/\/drive.google.com\/drive\/folders\/1U_Dd8u5ewTvCLutEDP-p5sUjhGGVuHGz\">ICI<\/a><\/span><\/span><\/span><\/strong><\/em><\/p>\n<p style=\"text-align: center;\" align=\"LEFT\"><strong>ooOOOoo<\/strong><\/p>\n<p align=\"LEFT\"><span style=\"color: #000000;\"><span style=\"font-family: Arial, sans-serif;\"><span style=\"font-size: medium;\"><b>\u00ab\u00a0<\/b><span style=\"font-size: large;\"><b>Au bord du feu r\u00e9gional : comment la guerre men\u00e9e par Isra\u00ebl et les USA a remodel\u00e9 le quotidien de survie \u00e0 Gaza<\/b><\/span><\/span><\/span><\/span><\/p>\n<p align=\"LEFT\"><span style=\"color: #000000;\"><span style=\"font-family: Arial, sans-serif;\"><span style=\"font-size: medium;\">Les habitants de Gaza n\u2019avaient pas besoin d\u2019une nouvelle guerre pour ressentir le poids de l\u2019isolement. Le blocus prolong\u00e9 et les guerres successives ont laiss\u00e9 le territoire dans un \u00e9tat d\u2019\u00e9puisement chronique. Pourtant, la guerre am\u00e9ricano-isra\u00e9lienne qui embrase la r\u00e9gion est venue ajouter une nouvelle couche de complexit\u00e9 \u00e0 une r\u00e9alit\u00e9 d\u00e9j\u00e0 fragile. Bien que cette confrontation apparaisse, \u00e0 premi\u00e8re vue, comme un conflit r\u00e9gional de grande ampleur s\u2019\u00e9tendant \u00e0 travers les cartes du Moyen-Orient, ses r\u00e9percussions quotidiennes atteignent clairement les ruelles \u00e9troites de Gaza, o\u00f9 les nouvelles politiques se transforment directement en changements dans les prix, dans la disponibilit\u00e9 du carburant et dans la capacit\u00e9 des familles \u00e0 assurer leurs besoins les plus \u00e9l\u00e9mentaires. D\u00e8s les premiers jours de l\u2019escalade des tensions r\u00e9gionales, les march\u00e9s locaux du territoire ont commenc\u00e9 \u00e0 conna\u00eetre des changements rapides. Les marchandises qui arrivaient d\u00e9j\u00e0 difficilement sont devenues encore plus rares, et les cha\u00eenes d\u2019approvisionnement, qui fonctionnaient d\u00e9j\u00e0 tr\u00e8s lentement, ont subi de nouvelles perturbations. Les commer\u00e7ants parlent de difficult\u00e9s de transport, de l\u2019augmentation des co\u00fbts d\u2019importation et d\u2019une incertitude g\u00e9n\u00e9ralis\u00e9e qui pousse chacun \u00e0 faire preuve d\u2019une extr\u00eame prudence dans les ventes et les achats. Cette inqui\u00e9tude commerciale se traduit rapidement par une hausse des prix. Les prix ont grimp\u00e9 en peu de temps \u00e0 des niveaux sans pr\u00e9c\u00e9dent, au point que de nombreux produits de base sont devenus hors de port\u00e9e pour les familles.<\/span><\/span><\/span><\/p>\n<p align=\"LEFT\"><a href=\"https:\/\/ismfrance.org\/wp-content\/uploads\/2026\/03\/prepa.jpg\"><img loading=\"lazy\" decoding=\"async\" class=\"alignnone size-large wp-image-27945\" src=\"https:\/\/ismfrance.org\/wp-content\/uploads\/2026\/03\/prepa-700x394.jpg\" alt=\"\" width=\"600\" height=\"338\" srcset=\"https:\/\/ismfrance.org\/wp-content\/uploads\/2026\/03\/prepa-700x394.jpg 700w, https:\/\/ismfrance.org\/wp-content\/uploads\/2026\/03\/prepa-300x169.jpg 300w, https:\/\/ismfrance.org\/wp-content\/uploads\/2026\/03\/prepa-768x432.jpg 768w, https:\/\/ismfrance.org\/wp-content\/uploads\/2026\/03\/prepa-1536x864.jpg 1536w, https:\/\/ismfrance.org\/wp-content\/uploads\/2026\/03\/prepa.jpg 1599w\" sizes=\"auto, (max-width: 600px) 100vw, 600px\" \/><\/a> <a href=\"https:\/\/ismfrance.org\/wp-content\/uploads\/2026\/03\/prepa1.jpg\"><img loading=\"lazy\" decoding=\"async\" class=\"alignnone size-large wp-image-27946\" src=\"https:\/\/ismfrance.org\/wp-content\/uploads\/2026\/03\/prepa1-700x394.jpg\" alt=\"\" width=\"600\" height=\"338\" srcset=\"https:\/\/ismfrance.org\/wp-content\/uploads\/2026\/03\/prepa1-700x394.jpg 700w, https:\/\/ismfrance.org\/wp-content\/uploads\/2026\/03\/prepa1-300x169.jpg 300w, https:\/\/ismfrance.org\/wp-content\/uploads\/2026\/03\/prepa1-768x432.jpg 768w, https:\/\/ismfrance.org\/wp-content\/uploads\/2026\/03\/prepa1-1536x864.jpg 1536w, https:\/\/ismfrance.org\/wp-content\/uploads\/2026\/03\/prepa1.jpg 1599w\" sizes=\"auto, (max-width: 600px) 100vw, 600px\" \/><\/a> <a href=\"https:\/\/ismfrance.org\/wp-content\/uploads\/2026\/03\/prepa2.jpg\"><img loading=\"lazy\" decoding=\"async\" class=\"alignnone size-large wp-image-27947\" src=\"https:\/\/ismfrance.org\/wp-content\/uploads\/2026\/03\/prepa2-700x525.jpg\" alt=\"\" width=\"600\" height=\"450\" srcset=\"https:\/\/ismfrance.org\/wp-content\/uploads\/2026\/03\/prepa2-700x525.jpg 700w, https:\/\/ismfrance.org\/wp-content\/uploads\/2026\/03\/prepa2-300x225.jpg 300w, https:\/\/ismfrance.org\/wp-content\/uploads\/2026\/03\/prepa2-768x576.jpg 768w, https:\/\/ismfrance.org\/wp-content\/uploads\/2026\/03\/prepa2-350x263.jpg 350w, https:\/\/ismfrance.org\/wp-content\/uploads\/2026\/03\/prepa2.jpg 1280w\" sizes=\"auto, (max-width: 600px) 100vw, 600px\" \/><\/a> <a href=\"https:\/\/ismfrance.org\/wp-content\/uploads\/2026\/03\/prepa3.jpg\"><img loading=\"lazy\" decoding=\"async\" class=\"alignnone size-large wp-image-27948\" src=\"https:\/\/ismfrance.org\/wp-content\/uploads\/2026\/03\/prepa3-700x394.jpg\" alt=\"\" width=\"600\" height=\"338\" srcset=\"https:\/\/ismfrance.org\/wp-content\/uploads\/2026\/03\/prepa3-700x394.jpg 700w, https:\/\/ismfrance.org\/wp-content\/uploads\/2026\/03\/prepa3-300x169.jpg 300w, https:\/\/ismfrance.org\/wp-content\/uploads\/2026\/03\/prepa3-768x432.jpg 768w, https:\/\/ismfrance.org\/wp-content\/uploads\/2026\/03\/prepa3.jpg 1280w\" sizes=\"auto, (max-width: 600px) 100vw, 600px\" \/><\/a><\/p>\n<p align=\"LEFT\"><span style=\"color: #000000;\"><span style=\"font-family: Arial, sans-serif;\"><span style=\"font-size: medium;\">Dans les camps, la question ne porte plus sur le type de nourriture que l\u2019on peut pr\u00e9parer, mais sur la possibilit\u00e9 m\u00eame de trouver de la nourriture. Le pain, qui constituait l\u2019\u00e9l\u00e9ment le plus simple de la table, est devenu plus co\u00fbteux qu\u2019auparavant. Les l\u00e9gumes, autrefois disponibles sur les march\u00e9s locaux, ont vu leurs prix atteindre des niveaux qui obligent les familles \u00e0 r\u00e9duire leur consommation au strict minimum. Quant \u00e0 la viande, elle est devenue pour beaucoup de familles un luxe inaccessible. Chaque jour qui passe r\u00e9duit davantage les options alimentaires, et le repas quotidien devient une \u00e9quation difficile.<\/span><\/span><\/span><\/p>\n<p align=\"LEFT\"><span style=\"color: #000000;\"><span style=\"font-family: Arial, sans-serif;\"><span style=\"font-size: medium;\">Cependant, l\u2019impact le plus visible de la guerre r\u00e9gionale s\u2019est manifest\u00e9 dans le secteur de l\u2019\u00e9nergie. \u00c0 Gaza, le carburant n\u2019est pas seulement une marchandise \u00e9conomique : c\u2019est un \u00e9l\u00e9ment essentiel qui d\u00e9termine la capacit\u00e9 de la soci\u00e9t\u00e9 \u00e0 fonctionner et \u00e0 continuer. Le fonctionnement des g\u00e9n\u00e9rateurs \u00e9lectriques, le transport des marchandises, l\u2019activit\u00e9 des boulangeries, les pompes qui fournissent l\u2019eau, et m\u00eame la circulation des ambulances d\u00e9pendent tous de la disponibilit\u00e9 du carburant. Avec les perturbations des march\u00e9s de l\u2019\u00e9nergie dans la r\u00e9gion \u00e0 la suite de la guerre, les effets ont rapidement commenc\u00e9 \u00e0 appara\u00eetre dans l\u2019enclave. Les quantit\u00e9s disponibles ont diminu\u00e9, les prix ont fortement augment\u00e9, et obtenir du carburant exige d\u00e9sormais des co\u00fbts bien plus \u00e9lev\u00e9s qu\u2019avant le d\u00e9clenchement de la guerre.<\/span><\/span><\/span><\/p>\n<p align=\"LEFT\"><a href=\"https:\/\/ismfrance.org\/wp-content\/uploads\/2026\/03\/assiettes.jpg\"><img loading=\"lazy\" decoding=\"async\" class=\"alignnone size-large wp-image-27949\" src=\"https:\/\/ismfrance.org\/wp-content\/uploads\/2026\/03\/assiettes-700x394.jpg\" alt=\"\" width=\"600\" height=\"338\" srcset=\"https:\/\/ismfrance.org\/wp-content\/uploads\/2026\/03\/assiettes-700x394.jpg 700w, https:\/\/ismfrance.org\/wp-content\/uploads\/2026\/03\/assiettes-300x169.jpg 300w, https:\/\/ismfrance.org\/wp-content\/uploads\/2026\/03\/assiettes-768x432.jpg 768w, https:\/\/ismfrance.org\/wp-content\/uploads\/2026\/03\/assiettes-1536x864.jpg 1536w, https:\/\/ismfrance.org\/wp-content\/uploads\/2026\/03\/assiettes.jpg 1599w\" sizes=\"auto, (max-width: 600px) 100vw, 600px\" \/><\/a><\/p>\n<p align=\"LEFT\"><span style=\"color: #000000;\"><span style=\"font-family: Arial, sans-serif;\"><span style=\"font-size: medium;\">Il en va de m\u00eame pour le gaz de cuisson, un \u00e9l\u00e9ment essentiel de la vie quotidienne des familles. Dans de nombreux camps et centres de d\u00e9placement, trouver une bouteille de gaz pleine est devenu un v\u00e9ritable d\u00e9fi. Les prix ont doubl\u00e9 et les longues files d\u2019attente font d\u00e9sormais partie de la routine quotidienne. Certaines familles ont \u00e9t\u00e9 contraintes de r\u00e9duire le nombre de repas chauds qu\u2019elles pr\u00e9parent chaque jour, d\u2019autres ont recours \u00e0 des m\u00e9thodes alternatives de cuisson, moins s\u00fbres.<\/span><\/span><\/span><\/p>\n<p align=\"LEFT\"><span style=\"color: #000000;\"><span style=\"font-family: Arial, sans-serif;\"><span style=\"font-size: medium;\">Dans cet environnement \u00e9conomique instable, la vie quotidienne ressemble \u00e0 une succession de d\u00e9fis accumul\u00e9s. Les familles qui ont perdu leurs sources de revenus pendant la guerre pr\u00e9c\u00e9dente se retrouvent aujourd\u2019hui confront\u00e9es \u00e0 une nouvelle vague de pressions \u00e9conomiques.<\/span><\/span><\/span><\/p>\n<p align=\"LEFT\"><a href=\"https:\/\/ismfrance.org\/wp-content\/uploads\/2026\/03\/distrib.jpg\"><img loading=\"lazy\" decoding=\"async\" class=\"alignnone size-large wp-image-27950\" src=\"https:\/\/ismfrance.org\/wp-content\/uploads\/2026\/03\/distrib-700x394.jpg\" alt=\"\" width=\"600\" height=\"338\" srcset=\"https:\/\/ismfrance.org\/wp-content\/uploads\/2026\/03\/distrib-700x394.jpg 700w, https:\/\/ismfrance.org\/wp-content\/uploads\/2026\/03\/distrib-300x169.jpg 300w, https:\/\/ismfrance.org\/wp-content\/uploads\/2026\/03\/distrib-768x432.jpg 768w, https:\/\/ismfrance.org\/wp-content\/uploads\/2026\/03\/distrib-1536x864.jpg 1536w, https:\/\/ismfrance.org\/wp-content\/uploads\/2026\/03\/distrib.jpg 1599w\" sizes=\"auto, (max-width: 600px) 100vw, 600px\" \/><\/a><\/p>\n<p align=\"LEFT\"><span style=\"color: #000000;\"><span style=\"font-family: Arial, sans-serif;\"><span style=\"font-size: medium;\">Dans les camps de d\u00e9placement diss\u00e9min\u00e9s \u00e0 travers le territoire, cette crise appara\u00eet encore plus clairement. Les tentes serr\u00e9es les unes contre les autres forment des villes temporaires o\u00f9 vivent des milliers de personnes contraintes de quitter leurs maisons pendant la guerre pr\u00e9c\u00e9dente. Dans ces espaces restreints, assurer la nourriture et le carburant devient un d\u00e9fi qui n\u00e9cessite une forte coop\u00e9ration entre les familles.<\/span><\/span><\/span><\/p>\n<p align=\"LEFT\"><span style=\"color: #000000;\"><span style=\"font-family: Arial, sans-serif;\"><span style=\"font-size: medium;\">La faim ici n\u2019est pas une sensation passag\u00e8re, mais une exp\u00e9rience quotidienne v\u00e9cue par des milliers de familles. Les m\u00e8res tentent de r\u00e9partir la nourriture limit\u00e9e de mani\u00e8re \u00e0 garantir que les enfants re\u00e7oivent la plus grande part, tandis que les p\u00e8res choisissent souvent de r\u00e9duire leurs propres portions pour permettre aux autres membres de la famille de manger suffisamment. Ces d\u00e9tails r\u00e9v\u00e8lent l\u2019ampleur des sacrifices que les familles consentent pour continuer \u00e0 vivre, mais ils mettent aussi en lumi\u00e8re la fragilit\u00e9 de la situation qui d\u00e9pend de plus en plus de l\u2019aide humanitaire.<\/span><\/span><\/span><\/p>\n<p align=\"LEFT\"><span style=\"color: #000000;\"><span style=\"font-family: Arial, sans-serif;\"><span style=\"font-size: medium;\">Au milieu de ce paysage complexe, les interventions des \u00e9quipes de l\u2019UJFP apparaissent comme un \u00e9l\u00e9ment essentiel des efforts visant \u00e0 att\u00e9nuer la gravit\u00e9 de la crise. Ces \u00e9quipes travaillent quotidiennement pour faire fonctionner des cuisines de campagne dans plusieurs sites accueillant un grand nombre de d\u00e9plac\u00e9s, notamment \u00e0 Al-Mawasi de Khan Youn\u00e8s dans les camps d\u2019Al-Fajr et d\u2019Al-Sumoud, qui accueillent de nombreux agriculteurs ayant fui leurs villages de l\u2019est de Khan Youn\u00e8s, ainsi que dans de vastes zones de Deir al-Balah, devenue un centre majeur d\u2019accueil pour les personnes d\u00e9plac\u00e9es provenant de diff\u00e9rentes r\u00e9gions de la bande de Gaza.<\/span><\/span><\/span><\/p>\n<p align=\"LEFT\"><a href=\"https:\/\/ismfrance.org\/wp-content\/uploads\/2026\/03\/distrib1.jpg\"><img loading=\"lazy\" decoding=\"async\" class=\"alignnone size-large wp-image-27951\" src=\"https:\/\/ismfrance.org\/wp-content\/uploads\/2026\/03\/distrib1-700x394.jpg\" alt=\"\" width=\"600\" height=\"338\" srcset=\"https:\/\/ismfrance.org\/wp-content\/uploads\/2026\/03\/distrib1-700x394.jpg 700w, https:\/\/ismfrance.org\/wp-content\/uploads\/2026\/03\/distrib1-300x169.jpg 300w, https:\/\/ismfrance.org\/wp-content\/uploads\/2026\/03\/distrib1-768x432.jpg 768w, https:\/\/ismfrance.org\/wp-content\/uploads\/2026\/03\/distrib1-1536x864.jpg 1536w, https:\/\/ismfrance.org\/wp-content\/uploads\/2026\/03\/distrib1.jpg 1599w\" sizes=\"auto, (max-width: 600px) 100vw, 600px\" \/><\/a><\/p>\n<p align=\"LEFT\"><span style=\"color: #000000;\"><span style=\"font-family: Arial, sans-serif;\"><span style=\"font-size: medium;\">D\u00e8s les premi\u00e8res heures du matin, les \u00e9quipes commencent leur travail, les denr\u00e9es alimentaires disponibles sont rassembl\u00e9es et pr\u00e9par\u00e9es en grandes quantit\u00e9s afin de fournir des repas chauds \u00e0 des milliers de personnes. La cuisinedevient une op\u00e9ration logistique complexe qui n\u00e9cessite une coordination pr\u00e9cise dans un contexte de p\u00e9nurie de carburant, de hausse des prix des denr\u00e9es et de difficult\u00e9s de transport des approvisionnements. Malgr\u00e9 ces d\u00e9fis, les cuisines continuent de fonctionner chaque jour, car le besoin n\u2019a jamais \u00e9t\u00e9 aussi grand. Les familles qui arrivent aux points de distribution ont souvent attendu de longues heures. Certaines viennent de tentes \u00e9loign\u00e9es dans les camps, tandis que d\u2019autres parcourent de longues distances \u00e0 pied. <\/span><\/span><\/span><\/p>\n<p align=\"LEFT\"><span style=\"color: #000000;\"><span style=\"font-family: Arial, sans-serif;\"><span style=\"font-size: medium;\">Dans les camps d\u2019Al-Fajr et d\u2019Al-Sumoud \u00e0 Al-Mawasi, pr\u00e8s de Khan Youn\u00e8s, des centaines de familles se rassemblent autour des points de distribution \u00e0 l\u2019approche de midi. Les enfants portent de petits r\u00e9cipients ou des sacs en plastique, tandis que les adultes attendent dans des files organis\u00e9es. La sc\u00e8ne se r\u00e9p\u00e8te chaque jour, pour de nombreuses familles, ces repas repr\u00e9sentent la source d\u2019alimentation de la journ\u00e9e. \u00c0 Deir al-Balah, o\u00f9 se concentrent de nombreux d\u00e9plac\u00e9s venus de la ville de Gaza et du nord du territoire, le besoin de ces cuisines de campagne appara\u00eet plus \u00e9vident. <\/span><\/span><\/span><\/p>\n<p align=\"LEFT\"><span style=\"color: #000000;\"><span style=\"font-family: Arial, sans-serif;\"><span style=\"font-size: medium;\">L\u2019action humanitaire dans ces conditions constitue aussi un moyen de pr\u00e9server la coh\u00e9sion sociale au sein des camps. Lorsque les ressources deviennent rares, les tensions entre les habitants peuvent s\u2019intensifier. Mais l\u2019existence d\u2019un syst\u00e8me r\u00e9gulier de distribution de repas contribue \u00e0 r\u00e9duire cette pression et donne aux familles le sentiment qu\u2019un soutien constant existe. Les enfants qui re\u00e7oivent chaque jour un repas chaud ont davantage de chances de maintenir une certaine stabilit\u00e9 sanitaire, et les m\u00e8res ressentent moins d\u2019inqui\u00e9tude en sachant que leurs enfants auront suffisamment \u00e0 manger. Quant aux personnes \u00e2g\u00e9es et aux malades, qui ont du mal \u00e0 chercher de la nourriture ou du carburant, ils d\u00e9pendent largement de cette aide qui leur parvient directement dans les camps.<\/span><\/span><\/span><\/p>\n<p align=\"LEFT\"><a href=\"https:\/\/ismfrance.org\/wp-content\/uploads\/2026\/03\/distrib2.jpg\"><img loading=\"lazy\" decoding=\"async\" class=\"alignnone size-large wp-image-27952\" src=\"https:\/\/ismfrance.org\/wp-content\/uploads\/2026\/03\/distrib2-700x394.jpg\" alt=\"\" width=\"600\" height=\"338\" srcset=\"https:\/\/ismfrance.org\/wp-content\/uploads\/2026\/03\/distrib2-700x394.jpg 700w, https:\/\/ismfrance.org\/wp-content\/uploads\/2026\/03\/distrib2-300x169.jpg 300w, https:\/\/ismfrance.org\/wp-content\/uploads\/2026\/03\/distrib2-768x432.jpg 768w, https:\/\/ismfrance.org\/wp-content\/uploads\/2026\/03\/distrib2.jpg 1280w\" sizes=\"auto, (max-width: 600px) 100vw, 600px\" \/><\/a><\/p>\n<p align=\"LEFT\"><span style=\"color: #000000;\"><span style=\"font-family: Arial, sans-serif;\"><span style=\"font-size: medium;\">Les dons apport\u00e9s par les soutiens de ces initiatives via l\u2019UJFP sont directement transform\u00e9s en denr\u00e9es alimentaires, en carburant et en \u00e9quipements n\u00e9cessaires pour maintenir les cuisines en fonctionnement. Ces contributions peuvent sembler modestes en termes de chiffres, mais pour les familles qui d\u00e9pendent de ces repas, elles repr\u00e9sentent une v\u00e9ritable diff\u00e9rence entre une journ\u00e9e remplie d\u2019inqui\u00e9tude et une journ\u00e9e o\u00f9 un certain sentiment de s\u00e9curit\u00e9 est possible. Gaza vit aujourd\u2019hui un moment historique extr\u00eamement complexe, o\u00f9 les effets du blocus prolong\u00e9 se m\u00ealent aux cons\u00e9quences des guerres pr\u00e9c\u00e9dentes et aux r\u00e9percussions du conflit r\u00e9gional en cours. Au c\u0153ur de cette r\u00e9alit\u00e9, les habitants continuent de chercher des moyens de pr\u00e9server leur vie quotidienne malgr\u00e9 toutes les difficult\u00e9s. D\u2019une tente \u00e0 l\u2019autre, d\u2019une file d\u2019attente \u00e0 l\u2019autre, les histoires humaines continuent d\u2019appara\u00eetre. Des m\u00e8res tentent de prot\u00e9ger leurs enfants de la faim, des p\u00e8res font leur possible pour assurer la subsistance de leurs familles, et des volontaires travaillent de longues heures dans les cuisines de campagne afin de pr\u00e9parer le plus grand nombre de repas.<\/span><\/span><\/span><\/p>\n<p align=\"LEFT\"><span style=\"color: #000000;\"><span style=\"font-family: Arial, sans-serif;\"><span style=\"font-size: medium;\">Le repas devient un acte de solidarit\u00e9, un outil de survie et un message affirmant que la soci\u00e9t\u00e9, malgr\u00e9 toutes les pressions qu\u2019elle subit, reste capable de prot\u00e9ger ses membres les plus vuln\u00e9rables. Ainsi, tandis que la guerre r\u00e9gionale continue de redessiner les contours d\u2019une nouvelle phase d\u2019instabilit\u00e9 au Moyen-Orient, les efforts humanitaires \u00e0 Gaza demeurent la derni\u00e8re ligne de d\u00e9fense pour maintenir la vie possible. Chaque assiette de nourriture distribu\u00e9e, chaque cuisine de campagne qui continue de fonctionner, repr\u00e9sente une tentative quotidienne de pr\u00e9server la dignit\u00e9 humaine dans un lieu confront\u00e9 \u00e0 l\u2019une des crises les plus difficiles de son histoire.\u00a0\u00bb<\/span><\/span><\/span><\/p>\n<p align=\"LEFT\"><em><strong><span style=\"color: #000000;\"><span style=\"font-family: Arial, sans-serif;\"><span style=\"font-size: medium;\">Photos et vid\u00e9os des distributions de repas\u00a0: <a href=\"https:\/\/drive.google.com\/drive\/folders\/1xjp3eS8uATE02Cc7KP0L4Wedkzgp3Tyu\">aux familles du camp d&rsquo;Al-Fajr<\/a> \/ <a href=\"https:\/\/drive.google.com\/drive\/folders\/1Z1DuQs1XjWJTQM5YXAM339VjrcrxRky5\">aux familles du camp d&rsquo;Al-Hilal<\/a><\/span><\/span><\/span><\/strong><\/em><\/p>\n<hr \/>\n<p align=\"LEFT\"><strong>Retrouvez l\u2019ensemble des t\u00e9moignages d\u2019Abu Amir et Marsel :<\/strong><\/p>\n<pre>*<strong>Abu Amir Mutasem Ele\u00efwa<\/strong> est coordinateur des Projets paysans depuis 2016 au sud de la bande de Gaza et correspondant de l\u2019Union Juive Fran\u00e7aise pour la Paix.\r\n*<strong>Marsel Alledawi<\/strong> est responsable du Centre Ibn Sina du nord de la bande de Gaza, centre qui se consacre au suivi \u00e9ducatif et psychologique de l\u2019enfance.\r\nTous les deux sont soutenus par l\u2019UJFP en France.<\/pre>\n<p><strong>\u00a0<a href=\"https:\/\/ismfrance.org\/index.php\/2026\/01\/02\/temoignages-de-gazaouis-la-survie-qui-sorganise-au-jour-le-jour-dans-lenfer-de-gaza-partie-615-01-01-la-liberte-un-reve-differe-pour-les-habitants-de-ga\/\">Partie 615<\/a>\u00a0: 1er janvier 2026.\u00a0<a href=\"https:\/\/ismfrance.org\/index.php\/2026\/01\/03\/temoignages-de-gazaouis-la-survie-qui-sorganise-au-jour-le-jour-dans-lenfer-de-gaza-partie-616-02-01-leau-contaminee-un-nouveau-risque-mortel\/\">Partie 616<\/a>\u00a0: 2 janvier.\u00a0<a href=\"https:\/\/ismfrance.org\/index.php\/2026\/01\/05\/temoignages-de-gazaouis-la-survie-qui-sorganise-au-jour-le-jour-dans-lenfer-de-gaza-partie-617-04-01-avec-leducation-transformer-la-guerre-en-o\/\">Partie 617<\/a>\u00a0: 4 janvier.\u00a0<a href=\"https:\/\/ismfrance.org\/index.php\/2026\/01\/06\/temoignages-de-gazaouis-la-survie-qui-sorganise-au-jour-le-jour-dans-lenfer-de-gaza-partie-618-05-01-un-plan-israelien-de-demantelement-methodique\/\">Partie 618<\/a>\u00a0: 5 janvier.\u00a0<a href=\"https:\/\/ismfrance.org\/index.php\/2026\/01\/07\/temoignages-de-gazaouis-la-survie-qui-sorganise-au-jour-le-jour-dans-lenfer-de-gaza-partie-619-06-01-continuer-coute-que-coute-a-soutenir-la-population\/\">Partie 619<\/a>\u00a0: 6 janvier.\u00a0<a href=\"https:\/\/ismfrance.org\/index.php\/2026\/01\/08\/temoignages-de-gazaouis-la-survie-qui-sorganise-au-jour-le-jour-dans-lenfer-de-gaza-partie-620-06-01-1-le-discours-cru-du-ministre-de-la-defense-israe\/\">Partie 620<\/a>\u00a0: 6 janvier (1).\u00a0<a href=\"https:\/\/ismfrance.org\/index.php\/2026\/01\/08\/temoignages-de-gazaouis-la-survie-qui-sorganise-au-jour-le-jour-dans-lenfer-de-gaza-partie-621-07-01-comment-le-soutien-psychologique-peut-proteger-de-la\/\">Partie 621<\/a>\u00a0: 7 janvier.\u00a0<a href=\"https:\/\/ismfrance.org\/index.php\/2026\/01\/09\/temoignages-de-gazaouis-la-survie-qui-sorganise-au-jour-le-jour-dans-lenfer-de-gaza-partie-622-08-01-entre-la-tente-et-lattente-redonner-une-c\/\">Partie 622<\/a>\u00a0: 8 janvier.\u00a0<a href=\"https:\/\/ismfrance.org\/index.php\/2026\/01\/10\/26332\/\">Partie 623<\/a>\u00a0: 9 janvier.\u00a0<a href=\"https:\/\/ismfrance.org\/index.php\/2026\/01\/11\/temoignages-de-gazaouis-la-survie-qui-sorganise-au-jour-le-jour-dans-lenfer-de-gaza-partie-624-09-01-1-violations-incessantes-funerailles-permanentes\/\">Partie 624<\/a>\u00a0: 9 janvier (1).\u00a0<a href=\"https:\/\/ismfrance.org\/index.php\/2026\/01\/12\/26396\/\">Partie 625<\/a>\u00a0: 10 janvier.\u00a0<a href=\"https:\/\/ismfrance.org\/index.php\/2026\/01\/12\/temoignages-de-gazaouis-la-survie-qui-sorganise-au-jour-le-jour-dans-lenfer-de-gaza-partie-626-11-01-role-des-centres-educatifs-et-de-lecole\/\">Partie 626<\/a>\u00a0: 11 janvier.\u00a0<a href=\"https:\/\/ismfrance.org\/index.php\/2026\/01\/13\/temoignages-de-gazaouis-la-survie-qui-sorganise-au-jour-le-jour-dans-lenfer-de-gaza-partie-627-13-01-gaza-encore-au-coeur-dune-tempete-meteorolo\/\">Partie 627<\/a>\u00a0: 13 janvier.\u00a0<a href=\"https:\/\/ismfrance.org\/index.php\/2026\/01\/16\/temoignages-de-gazaouis-la-survie-qui-sorganise-au-jour-le-jour-dans-lenfer-de-gaza-partie-628-14-01-une-crise-de-panique-des-interets-europeens\/\">Partie 628<\/a>\u00a0: 14 janvier.\u00a0<a href=\"https:\/\/ismfrance.org\/index.php\/2026\/01\/18\/temoignages-de-gazaouis-la-survie-qui-sorganise-au-jour-le-jour-dans-lenfer-de-gaza-partie-629-17-01-un-atelier-pour-sauver-les-meres-et-leurs-enfants-au\/\">Partie 629<\/a>\u00a0: 17 janvier.\u00a0<a href=\"https:\/\/ismfrance.org\/index.php\/2026\/01\/19\/temoignages-de-gazaouis-la-survie-qui-sorganise-au-jour-le-jour-dans-lenfer-de-gaza-partie-630-18-01-la-deuxieme-phase-du-cessez-le-feu-a-la-reingenier\/\">Partie 630<\/a>\u00a0: 18 janvier.\u00a0<a href=\"https:\/\/ismfrance.org\/index.php\/2026\/01\/20\/temoignages-de-gazaouis-la-survie-qui-sorganise-au-jour-le-jour-dans-lenfer-de-gaza-partie-631-19-01-quand-la-voix-devient-une-patrie\/\">Partie 631<\/a>\u00a0: 19 janvier.\u00a0<a href=\"https:\/\/ismfrance.org\/index.php\/2026\/01\/21\/temoignages-de-gazaouis-la-survie-qui-sorganise-au-jour-le-jour-dans-lenfer-de-gaza-partie-632-19-01-1-les-dechets-accumules-une-bombe-sanitaire-a-ret\/\">Partie 632<\/a>\u00a0: 19 janvier (1).\u00a0<a href=\"https:\/\/ismfrance.org\/index.php\/2026\/01\/22\/temoignages-de-gazaouis-la-survie-qui-sorganise-au-jour-le-jour-dans-lenfer-de-gaza-partie-633-21-01-fabriquer-des-raisons-de-vivre\/\">Partie 633<\/a>\u00a0: 20 janvier.\u00a0<a href=\"https:\/\/ismfrance.org\/index.php\/2026\/01\/23\/26710\/\">Partie 634<\/a>\u00a0: 23 janvier.\u00a0<a href=\"https:\/\/ismfrance.org\/index.php\/2026\/01\/24\/temoignages-de-gazaouis-la-survie-qui-sorganise-au-jour-le-jour-dans-lenfer-de-gaza-partie-635-23-01-1-la-bataille-de-la-survie-dans-les-champs\/\">Partie 635<\/a>\u00a0: 23 janvier (1).\u00a0<a href=\"https:\/\/ismfrance.org\/index.php\/2026\/01\/25\/temoignages-de-gazaouis-la-survie-qui-sorganise-au-jour-le-jour-dans-lenfer-de-gaza-partie-636-24-01-gaza-aux-encheres-politiques-ouvertes\/\">Partie 636<\/a>\u00a0: 24 janvier.\u00a0<a href=\"https:\/\/ismfrance.org\/index.php\/2026\/01\/27\/temoignages-de-gazaouis-la-survie-qui-sorganise-au-jour-le-jour-dans-lenfer-de-gaza-partie-637-26-01-quand-la-vie-devient-un-combat-quotidien-pour-la-dig\/\">Partie 637<\/a>\u00a0: 26 janvier.\u00a0<a href=\"https:\/\/ismfrance.org\/index.php\/2026\/01\/28\/temoignages-de-gazaouis-la-survie-qui-sorganise-au-jour-le-jour-dans-lenfer-de-gaza-partie-638-27-01-propagation-dun-virus-respiratoire\/\">Partie 638<\/a>\u00a0: 27 janvier.\u00a0<a href=\"https:\/\/ismfrance.org\/index.php\/2026\/01\/29\/temoignages-de-gazaouis-la-survie-qui-sorganise-au-jour-le-jour-dans-lenfer-de-gaza-partie-639-28-01-un-hiver-au-chaud-des-manteaux-pour-les-enfants\/\">Partie 639<\/a>\u00a0: 28 janvier 2026.\u00a0<a href=\"https:\/\/ismfrance.org\/index.php\/2026\/02\/01\/temoignages-de-gazaouis-la-survie-qui-sorganise-au-jour-le-jour-dans-lenfer-de-gaza-partie-640-31-01-laction-humanitaire-quotidienne-une-lutte\/\">Partie 640<\/a>\u00a0: 31 janvier 2026.\u00a0<a href=\"https:\/\/ismfrance.org\/index.php\/2026\/02\/02\/temoignages-de-gazaouis-la-survie-qui-sorganise-au-jour-le-jour-dans-lenfer-de-gaza-partie-641-01-02-entre-le-feu-du-present-et-les-projets-de-laveni\/\">Partie 641<\/a>\u00a0: 1er f\u00e9vrier.\u00a0<a href=\"https:\/\/ismfrance.org\/index.php\/2026\/02\/03\/temoignages-de-gazaouis-la-survie-qui-sorganise-au-jour-le-jour-dans-lenfer-de-gaza-partie-642-02-02-la-femme-retrouve-sa-presence-quand-elle-retrouve-sa\/\">Partie 642<\/a>\u00a0: 2 f\u00e9vrier.\u00a0<a href=\"https:\/\/ismfrance.org\/index.php\/2026\/02\/04\/temoignages-de-gazaouis-la-survie-qui-sorganise-au-jour-le-jour-dans-lenfer-de-gaza-partie-643-03-02-dans-les-camps-assurer-un-hiver-au-chaud\/\">Partie 643<\/a>\u00a0: 3 f\u00e9vrier.\u00a0<a href=\"https:\/\/ismfrance.org\/index.php\/2026\/02\/05\/temoignages-de-gazaouis-la-survie-qui-sorganise-au-jour-le-jour-dans-lenfer-de-gaza-partie-643-04-02-rafah-la-porte-du-retour-alourdie-par-lopp\/\">Partie 643<\/a>\u00a0: 4 f\u00e9vrier.\u00a0<a href=\"https:\/\/ismfrance.org\/index.php\/2026\/02\/08\/temoignages-de-gazaouis-la-survie-qui-sorganise-au-jour-le-jour-dans-lenfer-de-gaza-partie-644-6-7-02-des-femmes-partagent-le-fardeau-pour-rester-debou\/\">Partie 644<\/a>\u00a0: 6 &amp; 7 f\u00e9vrier.\u00a0<a href=\"https:\/\/ismfrance.org\/index.php\/2026\/02\/09\/temoignages-de-gazaouis-la-survie-qui-sorganise-au-jour-le-jour-dans-lenfer-de-gaza-partie-645-8-02-se-tenir-au-plus-pres-des-agriculteurs\/\">Partie 645<\/a>\u00a0: 8 f\u00e9vrier.\u00a0<a href=\"https:\/\/ismfrance.org\/index.php\/2026\/02\/11\/27118\/\">Partie 646<\/a>\u00a0: 9 f\u00e9vrier.\u00a0<a href=\"https:\/\/ismfrance.org\/index.php\/2026\/02\/12\/temoignages-de-gazaouis-la-survie-qui-sorganise-au-jour-le-jour-dans-lenfer-de-gaza-partie-647-11-02-une-image-falsifiee-et-une-realite-occupee\/\">Partie 647<\/a>\u00a0: 11 f\u00e9vrier.\u00a0<a href=\"https:\/\/ismfrance.org\/index.php\/2026\/02\/15\/temoignages-de-gazaouis-la-survie-qui-sorganise-au-jour-le-jour-dans-lenfer-de-gaza-partie-648-14-02-renforcer-la-resistance-psychologique-et-les-competences\/\">Partie 648<\/a>\u00a0: 14 f\u00e9vrier.\u00a0<a href=\"https:\/\/ismfrance.org\/index.php\/2026\/02\/16\/temoignages-de-gazaouis-la-survie-qui-sorganise-au-jour-le-jour-dans-lenfer-de-gaza-partie-649-15-02-la-realite-de-la-vie-quotidienne-pour-bien-comprendr\/\">Partie 649<\/a>\u00a0: 15 f\u00e9vrier.\u00a0<a href=\"https:\/\/ismfrance.org\/index.php\/2026\/02\/18\/temoignages-de-gazaouis-la-survie-qui-sorganise-au-jour-le-jour-dans-lenfer-de-gaza-partie-650-16-02-entre-les-tentes-et-les-cahiers\/\">Partie 650<\/a>\u00a0: 16 f\u00e9vrier.\u00a0<a href=\"https:\/\/ismfrance.org\/index.php\/2026\/02\/18\/temoignages-de-gazaouis-la-survie-qui-sorganise-au-jour-le-jour-dans-lenfer-de-gaza-partie-651-17-02-la-realite-de-la-bande-de-gaza-dans-son-environnemen\/\">Partie 651<\/a>\u00a0: 17 f\u00e9vrier.\u00a0<a href=\"https:\/\/ismfrance.org\/index.php\/2026\/02\/18\/temoignages-de-gazaouis-la-survie-qui-sorganise-au-jour-le-jour-dans-lenfer-de-gaza-partie-652-17-02-1-continuite-de-linitiative-un-hiver-au-c\/\">Partie 652<\/a>\u00a0: 17 f\u00e9vrier (1).\u00a0<a href=\"https:\/\/ismfrance.org\/index.php\/2026\/02\/20\/temoignages-de-gazaouis-la-survie-qui-sorganise-au-jour-le-jour-dans-lenfer-de-gaza-partie-653-19-02-pour-gaza-la-justice-internationale-est-selective\/\">Partie 653<\/a>\u00a0: 19 f\u00e9vrier.\u00a0<a href=\"https:\/\/ismfrance.org\/index.php\/2026\/02\/21\/temoignages-de-gazaouis-la-survie-qui-sorganise-au-jour-le-jour-dans-lenfer-de-gaza-partie-654-20-02-vivre-le-ramadan-comme-un-espace-de-force\/\">Partie 654<\/a>\u00a0: 20 f\u00e9vrier.\u00a0<a href=\"https:\/\/ismfrance.org\/index.php\/2026\/02\/22\/temoignages-de-gazaouis-la-survie-qui-sorganise-au-jour-le-jour-dans-lenfer-de-gaza-partie-655-21-02-laide-humanitaire-un-choix-politique-pour\/\">Partie 655<\/a>\u00a0: 21 f\u00e9vrier.\u00a0<a href=\"https:\/\/ismfrance.org\/index.php\/2026\/02\/24\/temoignages-de-gazaouis-la-survie-qui-sorganise-au-jour-le-jour-dans-lenfer-de-gaza-partie-656-23-02-dans-une-tente-dressee-sur-le-sable-pendant-le-ramad\/\">Partie 656<\/a>\u00a0: 23 f\u00e9vrier.\u00a0<a href=\"https:\/\/ismfrance.org\/index.php\/2026\/02\/26\/temoignages-de-gazaouis-la-survie-qui-sorganise-au-jour-le-jour-dans-lenfer-de-gaza-partie-657-24-02-leducation-comme-un-outil-de-resistance-a-l\/\">Partie 657<\/a>\u00a0: 24 f\u00e9vrier.\u00a0<a href=\"https:\/\/ismfrance.org\/index.php\/2026\/02\/27\/temoignages-de-gazaouis-la-survie-qui-sorganise-au-jour-le-jour-dans-lenfer-de-gaza-partie-658-25-02-la-democratie-du-bulldozer\/\">Partie 658<\/a>\u00a0: 25 f\u00e9vrier.\u00a0<a href=\"https:\/\/ismfrance.org\/index.php\/2026\/02\/27\/temoignages-de-gazaouis-la-survie-qui-sorganise-au-jour-le-jour-dans-lenfer-de-gaza-partie-659-26-02-quelle-boussole-ethique-pour-les-etats-occidentaux\/\">Partie 659<\/a>\u00a0: 26 f\u00e9vrier.\u00a0<a href=\"https:\/\/ismfrance.org\/index.php\/2026\/03\/01\/temoignages-de-gazaouis-la-survie-qui-sorganise-au-jour-le-jour-dans-lenfer-de-gaza-partie-660-28-02-le-travail-humanitaire-un-droit-a-la-vie\/\">Partie 660<\/a>\u00a0: 28 f\u00e9vrier.\u00a0<a href=\"https:\/\/ismfrance.org\/index.php\/2026\/03\/02\/temoignages-de-gazaouis-la-survie-qui-sorganise-au-jour-le-jour-dans-lenfer-de-gaza-partie-661-01-03-un-espace-et-un-temps-pour-reprendre-son-souffle\/\">Partie 661<\/a>\u00a0: 1er mars.\u00a0<a href=\"https:\/\/ismfrance.org\/index.php\/2026\/03\/03\/temoignages-de-gazaouis-la-survie-qui-sorganise-au-jour-le-jour-dans-lenfer-de-gaza-partie-662-02-03-ramadan-les-femmes-fabriquent-la-securite-au-coeur\/\">Partie 662<\/a>\u00a0: 2 mars.\u00a0<a href=\"https:\/\/ismfrance.org\/index.php\/2026\/03\/04\/temoignages-de-gazaouis-la-survie-qui-sorganise-au-jour-le-jour-dans-lenfer-de-gaza-partie-663-03-03-meme-dans-les-conditions-les-plus-difficiles-l\/\">Partie 663<\/a>\u00a0: 3 mars. Partie 664 : 6 mars.\u00a0<a href=\"https:\/\/ismfrance.org\/index.php\/2026\/03\/09\/temoignages-de-gazaouis-la-survie-qui-sorganise-au-jour-le-jour-dans-lenfer-de-gaza-partie-665-07-03-quand-les-coeurs-parlent\/\">Partie 665<\/a> : 7 mars. <a href=\"https:\/\/ismfrance.org\/index.php\/2026\/03\/10\/temoignages-de-gazaouis-la-survie-qui-sorganise-au-jour-le-jour-dans-lenfer-de-gaza-partie-666-08-10-03-soutien-humanitaire-et-education-a-gaza\/\">Partie 666<\/a> : 8-10 mars.<\/strong><\/p>\n<pre class=\"western\"><strong><em><i>* <\/i><\/em><em><a href=\"https:\/\/ismfrance.org\/index.php\/temoignages-gazaouis-survie-enfer-gaza-1\/\" target=\"_blank\" rel=\"noopener\"><i>T\u00e9moignages du 20 novembre 2023 au 5 janvier 2025 (partie 1 \u00e0 268)<\/i><\/a><\/em>\r\n<i>* <\/i><\/strong><strong><a href=\"https:\/\/ismfrance.org\/index.php\/2025\/05\/11\/temoignages-de-gazaouis-la-survie-qui-sorganise-au-jour-le-jour-dans-lenfer-de-gaza-recapitulatif-du-5-janvier-au-9-mai-2025-partie-269-a-392\/\"><i>T\u00e9moignages du 5 janvier au 9 mai 2025 (partie 269 \u00e0 392)<\/i><\/a><\/strong>\r\n<strong><i>*<\/i><\/strong><i> <\/i><strong><a href=\"https:\/\/ismfrance.org\/index.php\/2025\/10\/07\/temoignages-de-gazaouis-la-survie-qui-sorganise-au-jour-le-jour-dans-lenfer-de-gaza-recapitulatif-du-10-mai-au-5-octobre-2025-partie-393-a-540\/\"><i>T\u00e9moignages du 10 mai au 5 octobre 2025 (partie 393 \u00e0 540)<\/i><\/a>\r\n* <em><a href=\"https:\/\/ismfrance.org\/index.php\/2026\/01\/03\/temoignages-de-gazaouis-la-survie-qui-sorganise-au-jour-le-jour-dans-lenfer-de-gaza-recapitulatif-du-6-octobre-au-31-decembre-2025-partie-541-a-614\/\">T\u00e9moignages du 6 octobre au 31 d\u00e9cembre 2025 (partie 541 \u00e0 614)<\/a><\/em><\/strong><\/pre>\n<pre><strong>Pour participer \u00e0 la collecte \"Urgence Guerre \u00e0 Gaza\" : <\/strong><strong><a href=\"https:\/\/www.helloasso.com\/associations\/union-juive-francaise-pour-la-paix\/collectes\/urgence-guerre-a-gaza\">HelloAsso.com<\/a><\/strong>\r\n<strong>Les t\u00e9moignages sont publi\u00e9s sur <\/strong><strong><a href=\"https:\/\/ujfp.org\/\">UJFP<\/a> \/<\/strong><strong>\u00a0<a href=\"https:\/\/altermidi.org\/\">Altermidi<\/a> \/ <a href=\"https:\/\/lepoing.net\/\">Le Poing<\/a><\/strong><\/pre>\n","protected":false},"excerpt":{"rendered":"<p>Brigitte Challande, 15 mars 2026.&#8211; Chaque semaine, l\u2019UJFP \u00e9largit ses activit\u00e9s hebdomadaires \u00e0 d\u2019autres lieux, d\u2019autres personnes d\u00e9plac\u00e9.e.s. Comptes-rendus de la deuxi\u00e8me semaine de mars. \u00ab\u00a0Atelier de soutien psychologique pour <a class=\"more-link\" href=\"https:\/\/ismfrance.org\/index.php\/2026\/03\/15\/temoignages-de-gazaouis-la-survie-qui-sorganise-au-jour-le-jour-dans-lenfer-de-gaza-partie-667-11-15-03-les-femmes-sur-le-chemin-du-retablissement-souti\/\">Lire la suite &rarr;<\/a><\/p>\n","protected":false},"author":3,"featured_media":27944,"comment_status":"closed","ping_status":"closed","sticky":false,"template":"","format":"standard","meta":{"footnotes":""},"categories":[2,13],"tags":[156,46],"class_list":["post-27937","post","type-post","status-publish","format-standard","has-post-thumbnail","hentry","category-articles","category-temoignages","tag-genocide","tag-solidarite"],"yoast_head":"<!-- This site is optimized with the Yoast SEO plugin v27.2 - https:\/\/yoast.com\/product\/yoast-seo-wordpress\/ -->\n<title>T\u00e9moignages de Gazaouis : La survie qui s\u2019organise au jour le jour dans l\u2019enfer de Gaza \u2013 partie 667 \/ 11-15.03 \u2013\u00a0Les femmes sur le chemin du r\u00e9tablissement, soutien alimentaire et psychologique - International Solidarity Movement - ISM-France<\/title>\n<meta name=\"robots\" content=\"index, follow, max-snippet:-1, max-image-preview:large, max-video-preview:-1\" \/>\n<link rel=\"canonical\" href=\"https:\/\/ismfrance.org\/index.php\/2026\/03\/15\/temoignages-de-gazaouis-la-survie-qui-sorganise-au-jour-le-jour-dans-lenfer-de-gaza-partie-667-11-15-03-les-femmes-sur-le-chemin-du-retablissement-souti\/\" \/>\n<meta property=\"og:locale\" content=\"fr_FR\" \/>\n<meta property=\"og:type\" content=\"article\" \/>\n<meta property=\"og:title\" content=\"T\u00e9moignages de Gazaouis : La survie qui s\u2019organise au jour le jour dans l\u2019enfer de Gaza \u2013 partie 667 \/ 11-15.03 \u2013\u00a0Les femmes sur le chemin du r\u00e9tablissement, soutien alimentaire et psychologique - International Solidarity Movement - ISM-France\" \/>\n<meta property=\"og:description\" content=\"Brigitte Challande, 15 mars 2026.&#8211; Chaque semaine, l\u2019UJFP \u00e9largit ses activit\u00e9s hebdomadaires \u00e0 d\u2019autres lieux, d\u2019autres personnes d\u00e9plac\u00e9.e.s. Comptes-rendus de la deuxi\u00e8me semaine de mars. \u00ab\u00a0Atelier de soutien psychologique pour Lire la suite &rarr;\" \/>\n<meta property=\"og:url\" content=\"https:\/\/ismfrance.org\/index.php\/2026\/03\/15\/temoignages-de-gazaouis-la-survie-qui-sorganise-au-jour-le-jour-dans-lenfer-de-gaza-partie-667-11-15-03-les-femmes-sur-le-chemin-du-retablissement-souti\/\" \/>\n<meta property=\"og:site_name\" content=\"International Solidarity Movement - ISM-France\" \/>\n<meta property=\"article:published_time\" content=\"2026-03-15T15:26:01+00:00\" \/>\n<meta property=\"og:image\" content=\"https:\/\/ismfrance.org\/wp-content\/uploads\/2026\/03\/femmes1.jpg\" \/>\n\t<meta property=\"og:image:width\" content=\"2048\" \/>\n\t<meta property=\"og:image:height\" content=\"1536\" \/>\n\t<meta property=\"og:image:type\" content=\"image\/jpeg\" \/>\n<meta name=\"author\" content=\"mru_01\" \/>\n<meta name=\"twitter:card\" content=\"summary_large_image\" \/>\n<meta name=\"twitter:creator\" content=\"@ISMFRANCE\" \/>\n<meta name=\"twitter:site\" content=\"@ISMFRANCE\" \/>\n<meta name=\"twitter:label1\" content=\"\u00c9crit par\" \/>\n\t<meta name=\"twitter:data1\" content=\"mru_01\" \/>\n\t<meta name=\"twitter:label2\" content=\"Dur\u00e9e de lecture estim\u00e9e\" \/>\n\t<meta name=\"twitter:data2\" content=\"25 minutes\" \/>\n<script type=\"application\/ld+json\" class=\"yoast-schema-graph\">{\"@context\":\"https:\/\/schema.org\",\"@graph\":[{\"@type\":\"Article\",\"@id\":\"https:\/\/ismfrance.org\/index.php\/2026\/03\/15\/temoignages-de-gazaouis-la-survie-qui-sorganise-au-jour-le-jour-dans-lenfer-de-gaza-partie-667-11-15-03-les-femmes-sur-le-chemin-du-retablissement-souti\/#article\",\"isPartOf\":{\"@id\":\"https:\/\/ismfrance.org\/index.php\/2026\/03\/15\/temoignages-de-gazaouis-la-survie-qui-sorganise-au-jour-le-jour-dans-lenfer-de-gaza-partie-667-11-15-03-les-femmes-sur-le-chemin-du-retablissement-souti\/\"},\"author\":{\"name\":\"mru_01\",\"@id\":\"https:\/\/ismfrance.org\/#\/schema\/person\/3c411eb72adfaae19c0dca1f41fae01d\"},\"headline\":\"T\u00e9moignages de Gazaouis : La survie qui s\u2019organise au jour le jour dans l\u2019enfer de Gaza \u2013 partie 667 \/ 11-15.03 \u2013\u00a0Les femmes sur le chemin du r\u00e9tablissement, soutien alimentaire et psychologique\",\"datePublished\":\"2026-03-15T15:26:01+00:00\",\"mainEntityOfPage\":{\"@id\":\"https:\/\/ismfrance.org\/index.php\/2026\/03\/15\/temoignages-de-gazaouis-la-survie-qui-sorganise-au-jour-le-jour-dans-lenfer-de-gaza-partie-667-11-15-03-les-femmes-sur-le-chemin-du-retablissement-souti\/\"},\"wordCount\":4859,\"publisher\":{\"@id\":\"https:\/\/ismfrance.org\/#organization\"},\"image\":{\"@id\":\"https:\/\/ismfrance.org\/index.php\/2026\/03\/15\/temoignages-de-gazaouis-la-survie-qui-sorganise-au-jour-le-jour-dans-lenfer-de-gaza-partie-667-11-15-03-les-femmes-sur-le-chemin-du-retablissement-souti\/#primaryimage\"},\"thumbnailUrl\":\"https:\/\/ismfrance.org\/wp-content\/uploads\/2026\/03\/femmes1.jpg\",\"keywords\":[\"G\u00e9nocide\",\"solidarit\u00e9\"],\"articleSection\":[\"Articles\",\"T\u00e9moignages\"],\"inLanguage\":\"fr-FR\"},{\"@type\":\"WebPage\",\"@id\":\"https:\/\/ismfrance.org\/index.php\/2026\/03\/15\/temoignages-de-gazaouis-la-survie-qui-sorganise-au-jour-le-jour-dans-lenfer-de-gaza-partie-667-11-15-03-les-femmes-sur-le-chemin-du-retablissement-souti\/\",\"url\":\"https:\/\/ismfrance.org\/index.php\/2026\/03\/15\/temoignages-de-gazaouis-la-survie-qui-sorganise-au-jour-le-jour-dans-lenfer-de-gaza-partie-667-11-15-03-les-femmes-sur-le-chemin-du-retablissement-souti\/\",\"name\":\"T\u00e9moignages de Gazaouis : La survie qui s\u2019organise au jour le jour dans l\u2019enfer de Gaza \u2013 partie 667 \/ 11-15.03 \u2013\u00a0Les femmes sur le chemin du r\u00e9tablissement, soutien alimentaire et psychologique - International Solidarity Movement - ISM-France\",\"isPartOf\":{\"@id\":\"https:\/\/ismfrance.org\/#website\"},\"primaryImageOfPage\":{\"@id\":\"https:\/\/ismfrance.org\/index.php\/2026\/03\/15\/temoignages-de-gazaouis-la-survie-qui-sorganise-au-jour-le-jour-dans-lenfer-de-gaza-partie-667-11-15-03-les-femmes-sur-le-chemin-du-retablissement-souti\/#primaryimage\"},\"image\":{\"@id\":\"https:\/\/ismfrance.org\/index.php\/2026\/03\/15\/temoignages-de-gazaouis-la-survie-qui-sorganise-au-jour-le-jour-dans-lenfer-de-gaza-partie-667-11-15-03-les-femmes-sur-le-chemin-du-retablissement-souti\/#primaryimage\"},\"thumbnailUrl\":\"https:\/\/ismfrance.org\/wp-content\/uploads\/2026\/03\/femmes1.jpg\",\"datePublished\":\"2026-03-15T15:26:01+00:00\",\"breadcrumb\":{\"@id\":\"https:\/\/ismfrance.org\/index.php\/2026\/03\/15\/temoignages-de-gazaouis-la-survie-qui-sorganise-au-jour-le-jour-dans-lenfer-de-gaza-partie-667-11-15-03-les-femmes-sur-le-chemin-du-retablissement-souti\/#breadcrumb\"},\"inLanguage\":\"fr-FR\",\"potentialAction\":[{\"@type\":\"ReadAction\",\"target\":[\"https:\/\/ismfrance.org\/index.php\/2026\/03\/15\/temoignages-de-gazaouis-la-survie-qui-sorganise-au-jour-le-jour-dans-lenfer-de-gaza-partie-667-11-15-03-les-femmes-sur-le-chemin-du-retablissement-souti\/\"]}]},{\"@type\":\"ImageObject\",\"inLanguage\":\"fr-FR\",\"@id\":\"https:\/\/ismfrance.org\/index.php\/2026\/03\/15\/temoignages-de-gazaouis-la-survie-qui-sorganise-au-jour-le-jour-dans-lenfer-de-gaza-partie-667-11-15-03-les-femmes-sur-le-chemin-du-retablissement-souti\/#primaryimage\",\"url\":\"https:\/\/ismfrance.org\/wp-content\/uploads\/2026\/03\/femmes1.jpg\",\"contentUrl\":\"https:\/\/ismfrance.org\/wp-content\/uploads\/2026\/03\/femmes1.jpg\",\"width\":2048,\"height\":1536},{\"@type\":\"BreadcrumbList\",\"@id\":\"https:\/\/ismfrance.org\/index.php\/2026\/03\/15\/temoignages-de-gazaouis-la-survie-qui-sorganise-au-jour-le-jour-dans-lenfer-de-gaza-partie-667-11-15-03-les-femmes-sur-le-chemin-du-retablissement-souti\/#breadcrumb\",\"itemListElement\":[{\"@type\":\"ListItem\",\"position\":1,\"name\":\"Accueil\",\"item\":\"https:\/\/ismfrance.org\/\"},{\"@type\":\"ListItem\",\"position\":2,\"name\":\"T\u00e9moignages de Gazaouis : La survie qui s\u2019organise au jour le jour dans l\u2019enfer de Gaza \u2013 partie 667 \/ 11-15.03 \u2013\u00a0Les femmes sur le chemin du r\u00e9tablissement, soutien alimentaire et psychologique\"}]},{\"@type\":\"WebSite\",\"@id\":\"https:\/\/ismfrance.org\/#website\",\"url\":\"https:\/\/ismfrance.org\/\",\"name\":\"ISM Palestine France\",\"description\":\"Soutien aux luttes de lib\u00e9ration du peuple palestinien\",\"publisher\":{\"@id\":\"https:\/\/ismfrance.org\/#organization\"},\"potentialAction\":[{\"@type\":\"SearchAction\",\"target\":{\"@type\":\"EntryPoint\",\"urlTemplate\":\"https:\/\/ismfrance.org\/?s={search_term_string}\"},\"query-input\":{\"@type\":\"PropertyValueSpecification\",\"valueRequired\":true,\"valueName\":\"search_term_string\"}}],\"inLanguage\":\"fr-FR\"},{\"@type\":\"Organization\",\"@id\":\"https:\/\/ismfrance.org\/#organization\",\"name\":\"International Solidarity Movement\",\"url\":\"https:\/\/ismfrance.org\/\",\"logo\":{\"@type\":\"ImageObject\",\"inLanguage\":\"fr-FR\",\"@id\":\"https:\/\/ismfrance.org\/#\/schema\/logo\/image\/\",\"url\":\"https:\/\/ismfrance.org\/wp-content\/uploads\/2020\/12\/00.png\",\"contentUrl\":\"https:\/\/ismfrance.org\/wp-content\/uploads\/2020\/12\/00.png\",\"width\":400,\"height\":400,\"caption\":\"International Solidarity Movement\"},\"image\":{\"@id\":\"https:\/\/ismfrance.org\/#\/schema\/logo\/image\/\"},\"sameAs\":[\"https:\/\/x.com\/ISMFRANCE\"]},{\"@type\":\"Person\",\"@id\":\"https:\/\/ismfrance.org\/#\/schema\/person\/3c411eb72adfaae19c0dca1f41fae01d\",\"name\":\"mru_01\",\"image\":{\"@type\":\"ImageObject\",\"inLanguage\":\"fr-FR\",\"@id\":\"https:\/\/secure.gravatar.com\/avatar\/3a0be343b445d2ccc79e87444a294fad2b232e90d2051d0e3cc219e1ecd6a330?s=96&d=mm&r=g\",\"url\":\"https:\/\/secure.gravatar.com\/avatar\/3a0be343b445d2ccc79e87444a294fad2b232e90d2051d0e3cc219e1ecd6a330?s=96&d=mm&r=g\",\"contentUrl\":\"https:\/\/secure.gravatar.com\/avatar\/3a0be343b445d2ccc79e87444a294fad2b232e90d2051d0e3cc219e1ecd6a330?s=96&d=mm&r=g\",\"caption\":\"mru_01\"},\"url\":\"https:\/\/ismfrance.org\/index.php\/author\/admin02\/\"}]}<\/script>\n<!-- \/ Yoast SEO plugin. -->","yoast_head_json":{"title":"T\u00e9moignages de Gazaouis : La survie qui s\u2019organise au jour le jour dans l\u2019enfer de Gaza \u2013 partie 667 \/ 11-15.03 \u2013\u00a0Les femmes sur le chemin du r\u00e9tablissement, soutien alimentaire et psychologique - International Solidarity Movement - ISM-France","robots":{"index":"index","follow":"follow","max-snippet":"max-snippet:-1","max-image-preview":"max-image-preview:large","max-video-preview":"max-video-preview:-1"},"canonical":"https:\/\/ismfrance.org\/index.php\/2026\/03\/15\/temoignages-de-gazaouis-la-survie-qui-sorganise-au-jour-le-jour-dans-lenfer-de-gaza-partie-667-11-15-03-les-femmes-sur-le-chemin-du-retablissement-souti\/","og_locale":"fr_FR","og_type":"article","og_title":"T\u00e9moignages de Gazaouis : La survie qui s\u2019organise au jour le jour dans l\u2019enfer de Gaza \u2013 partie 667 \/ 11-15.03 \u2013\u00a0Les femmes sur le chemin du r\u00e9tablissement, soutien alimentaire et psychologique - International Solidarity Movement - ISM-France","og_description":"Brigitte Challande, 15 mars 2026.&#8211; Chaque semaine, l\u2019UJFP \u00e9largit ses activit\u00e9s hebdomadaires \u00e0 d\u2019autres lieux, d\u2019autres personnes d\u00e9plac\u00e9.e.s. Comptes-rendus de la deuxi\u00e8me semaine de mars. \u00ab\u00a0Atelier de soutien psychologique pour Lire la suite &rarr;","og_url":"https:\/\/ismfrance.org\/index.php\/2026\/03\/15\/temoignages-de-gazaouis-la-survie-qui-sorganise-au-jour-le-jour-dans-lenfer-de-gaza-partie-667-11-15-03-les-femmes-sur-le-chemin-du-retablissement-souti\/","og_site_name":"International Solidarity Movement - ISM-France","article_published_time":"2026-03-15T15:26:01+00:00","og_image":[{"width":2048,"height":1536,"url":"https:\/\/ismfrance.org\/wp-content\/uploads\/2026\/03\/femmes1.jpg","type":"image\/jpeg"}],"author":"mru_01","twitter_card":"summary_large_image","twitter_creator":"@ISMFRANCE","twitter_site":"@ISMFRANCE","twitter_misc":{"\u00c9crit par":"mru_01","Dur\u00e9e de lecture estim\u00e9e":"25 minutes"},"schema":{"@context":"https:\/\/schema.org","@graph":[{"@type":"Article","@id":"https:\/\/ismfrance.org\/index.php\/2026\/03\/15\/temoignages-de-gazaouis-la-survie-qui-sorganise-au-jour-le-jour-dans-lenfer-de-gaza-partie-667-11-15-03-les-femmes-sur-le-chemin-du-retablissement-souti\/#article","isPartOf":{"@id":"https:\/\/ismfrance.org\/index.php\/2026\/03\/15\/temoignages-de-gazaouis-la-survie-qui-sorganise-au-jour-le-jour-dans-lenfer-de-gaza-partie-667-11-15-03-les-femmes-sur-le-chemin-du-retablissement-souti\/"},"author":{"name":"mru_01","@id":"https:\/\/ismfrance.org\/#\/schema\/person\/3c411eb72adfaae19c0dca1f41fae01d"},"headline":"T\u00e9moignages de Gazaouis : La survie qui s\u2019organise au jour le jour dans l\u2019enfer de Gaza \u2013 partie 667 \/ 11-15.03 \u2013\u00a0Les femmes sur le chemin du r\u00e9tablissement, soutien alimentaire et psychologique","datePublished":"2026-03-15T15:26:01+00:00","mainEntityOfPage":{"@id":"https:\/\/ismfrance.org\/index.php\/2026\/03\/15\/temoignages-de-gazaouis-la-survie-qui-sorganise-au-jour-le-jour-dans-lenfer-de-gaza-partie-667-11-15-03-les-femmes-sur-le-chemin-du-retablissement-souti\/"},"wordCount":4859,"publisher":{"@id":"https:\/\/ismfrance.org\/#organization"},"image":{"@id":"https:\/\/ismfrance.org\/index.php\/2026\/03\/15\/temoignages-de-gazaouis-la-survie-qui-sorganise-au-jour-le-jour-dans-lenfer-de-gaza-partie-667-11-15-03-les-femmes-sur-le-chemin-du-retablissement-souti\/#primaryimage"},"thumbnailUrl":"https:\/\/ismfrance.org\/wp-content\/uploads\/2026\/03\/femmes1.jpg","keywords":["G\u00e9nocide","solidarit\u00e9"],"articleSection":["Articles","T\u00e9moignages"],"inLanguage":"fr-FR"},{"@type":"WebPage","@id":"https:\/\/ismfrance.org\/index.php\/2026\/03\/15\/temoignages-de-gazaouis-la-survie-qui-sorganise-au-jour-le-jour-dans-lenfer-de-gaza-partie-667-11-15-03-les-femmes-sur-le-chemin-du-retablissement-souti\/","url":"https:\/\/ismfrance.org\/index.php\/2026\/03\/15\/temoignages-de-gazaouis-la-survie-qui-sorganise-au-jour-le-jour-dans-lenfer-de-gaza-partie-667-11-15-03-les-femmes-sur-le-chemin-du-retablissement-souti\/","name":"T\u00e9moignages de Gazaouis : La survie qui s\u2019organise au jour le jour dans l\u2019enfer de Gaza \u2013 partie 667 \/ 11-15.03 \u2013\u00a0Les femmes sur le chemin du r\u00e9tablissement, soutien alimentaire et psychologique - International Solidarity Movement - ISM-France","isPartOf":{"@id":"https:\/\/ismfrance.org\/#website"},"primaryImageOfPage":{"@id":"https:\/\/ismfrance.org\/index.php\/2026\/03\/15\/temoignages-de-gazaouis-la-survie-qui-sorganise-au-jour-le-jour-dans-lenfer-de-gaza-partie-667-11-15-03-les-femmes-sur-le-chemin-du-retablissement-souti\/#primaryimage"},"image":{"@id":"https:\/\/ismfrance.org\/index.php\/2026\/03\/15\/temoignages-de-gazaouis-la-survie-qui-sorganise-au-jour-le-jour-dans-lenfer-de-gaza-partie-667-11-15-03-les-femmes-sur-le-chemin-du-retablissement-souti\/#primaryimage"},"thumbnailUrl":"https:\/\/ismfrance.org\/wp-content\/uploads\/2026\/03\/femmes1.jpg","datePublished":"2026-03-15T15:26:01+00:00","breadcrumb":{"@id":"https:\/\/ismfrance.org\/index.php\/2026\/03\/15\/temoignages-de-gazaouis-la-survie-qui-sorganise-au-jour-le-jour-dans-lenfer-de-gaza-partie-667-11-15-03-les-femmes-sur-le-chemin-du-retablissement-souti\/#breadcrumb"},"inLanguage":"fr-FR","potentialAction":[{"@type":"ReadAction","target":["https:\/\/ismfrance.org\/index.php\/2026\/03\/15\/temoignages-de-gazaouis-la-survie-qui-sorganise-au-jour-le-jour-dans-lenfer-de-gaza-partie-667-11-15-03-les-femmes-sur-le-chemin-du-retablissement-souti\/"]}]},{"@type":"ImageObject","inLanguage":"fr-FR","@id":"https:\/\/ismfrance.org\/index.php\/2026\/03\/15\/temoignages-de-gazaouis-la-survie-qui-sorganise-au-jour-le-jour-dans-lenfer-de-gaza-partie-667-11-15-03-les-femmes-sur-le-chemin-du-retablissement-souti\/#primaryimage","url":"https:\/\/ismfrance.org\/wp-content\/uploads\/2026\/03\/femmes1.jpg","contentUrl":"https:\/\/ismfrance.org\/wp-content\/uploads\/2026\/03\/femmes1.jpg","width":2048,"height":1536},{"@type":"BreadcrumbList","@id":"https:\/\/ismfrance.org\/index.php\/2026\/03\/15\/temoignages-de-gazaouis-la-survie-qui-sorganise-au-jour-le-jour-dans-lenfer-de-gaza-partie-667-11-15-03-les-femmes-sur-le-chemin-du-retablissement-souti\/#breadcrumb","itemListElement":[{"@type":"ListItem","position":1,"name":"Accueil","item":"https:\/\/ismfrance.org\/"},{"@type":"ListItem","position":2,"name":"T\u00e9moignages de Gazaouis : La survie qui s\u2019organise au jour le jour dans l\u2019enfer de Gaza \u2013 partie 667 \/ 11-15.03 \u2013\u00a0Les femmes sur le chemin du r\u00e9tablissement, soutien alimentaire et psychologique"}]},{"@type":"WebSite","@id":"https:\/\/ismfrance.org\/#website","url":"https:\/\/ismfrance.org\/","name":"ISM Palestine France","description":"Soutien aux luttes de lib\u00e9ration du peuple palestinien","publisher":{"@id":"https:\/\/ismfrance.org\/#organization"},"potentialAction":[{"@type":"SearchAction","target":{"@type":"EntryPoint","urlTemplate":"https:\/\/ismfrance.org\/?s={search_term_string}"},"query-input":{"@type":"PropertyValueSpecification","valueRequired":true,"valueName":"search_term_string"}}],"inLanguage":"fr-FR"},{"@type":"Organization","@id":"https:\/\/ismfrance.org\/#organization","name":"International Solidarity Movement","url":"https:\/\/ismfrance.org\/","logo":{"@type":"ImageObject","inLanguage":"fr-FR","@id":"https:\/\/ismfrance.org\/#\/schema\/logo\/image\/","url":"https:\/\/ismfrance.org\/wp-content\/uploads\/2020\/12\/00.png","contentUrl":"https:\/\/ismfrance.org\/wp-content\/uploads\/2020\/12\/00.png","width":400,"height":400,"caption":"International Solidarity Movement"},"image":{"@id":"https:\/\/ismfrance.org\/#\/schema\/logo\/image\/"},"sameAs":["https:\/\/x.com\/ISMFRANCE"]},{"@type":"Person","@id":"https:\/\/ismfrance.org\/#\/schema\/person\/3c411eb72adfaae19c0dca1f41fae01d","name":"mru_01","image":{"@type":"ImageObject","inLanguage":"fr-FR","@id":"https:\/\/secure.gravatar.com\/avatar\/3a0be343b445d2ccc79e87444a294fad2b232e90d2051d0e3cc219e1ecd6a330?s=96&d=mm&r=g","url":"https:\/\/secure.gravatar.com\/avatar\/3a0be343b445d2ccc79e87444a294fad2b232e90d2051d0e3cc219e1ecd6a330?s=96&d=mm&r=g","contentUrl":"https:\/\/secure.gravatar.com\/avatar\/3a0be343b445d2ccc79e87444a294fad2b232e90d2051d0e3cc219e1ecd6a330?s=96&d=mm&r=g","caption":"mru_01"},"url":"https:\/\/ismfrance.org\/index.php\/author\/admin02\/"}]}},"_links":{"self":[{"href":"https:\/\/ismfrance.org\/index.php\/wp-json\/wp\/v2\/posts\/27937","targetHints":{"allow":["GET"]}}],"collection":[{"href":"https:\/\/ismfrance.org\/index.php\/wp-json\/wp\/v2\/posts"}],"about":[{"href":"https:\/\/ismfrance.org\/index.php\/wp-json\/wp\/v2\/types\/post"}],"author":[{"embeddable":true,"href":"https:\/\/ismfrance.org\/index.php\/wp-json\/wp\/v2\/users\/3"}],"replies":[{"embeddable":true,"href":"https:\/\/ismfrance.org\/index.php\/wp-json\/wp\/v2\/comments?post=27937"}],"version-history":[{"count":4,"href":"https:\/\/ismfrance.org\/index.php\/wp-json\/wp\/v2\/posts\/27937\/revisions"}],"predecessor-version":[{"id":27953,"href":"https:\/\/ismfrance.org\/index.php\/wp-json\/wp\/v2\/posts\/27937\/revisions\/27953"}],"wp:featuredmedia":[{"embeddable":true,"href":"https:\/\/ismfrance.org\/index.php\/wp-json\/wp\/v2\/media\/27944"}],"wp:attachment":[{"href":"https:\/\/ismfrance.org\/index.php\/wp-json\/wp\/v2\/media?parent=27937"}],"wp:term":[{"taxonomy":"category","embeddable":true,"href":"https:\/\/ismfrance.org\/index.php\/wp-json\/wp\/v2\/categories?post=27937"},{"taxonomy":"post_tag","embeddable":true,"href":"https:\/\/ismfrance.org\/index.php\/wp-json\/wp\/v2\/tags?post=27937"}],"curies":[{"name":"wp","href":"https:\/\/api.w.org\/{rel}","templated":true}]}}