{"id":27921,"date":"2026-03-15T09:10:45","date_gmt":"2026-03-15T08:10:45","guid":{"rendered":"https:\/\/ismfrance.org\/?p=27921"},"modified":"2026-03-15T09:10:45","modified_gmt":"2026-03-15T08:10:45","slug":"une-guerre-existentielle-le-hamas-et-le-jihad-islamique-lient-lattaque-contre-liran-au-genocide-de-gaza","status":"publish","type":"post","link":"https:\/\/ismfrance.org\/index.php\/2026\/03\/15\/une-guerre-existentielle-le-hamas-et-le-jihad-islamique-lient-lattaque-contre-liran-au-genocide-de-gaza\/","title":{"rendered":"\u00ab Une guerre existentielle \u00bb \u2014 Le Hamas et le Jihad islamique lient l\u2019attaque contre l\u2019Iran au g\u00e9nocide de Gaza"},"content":{"rendered":"<p><span style=\"color: #000000;\"><span style=\"font-family: Arial, sans-serif;\"><span style=\"font-size: medium;\"><strong>The Palestine Chronicle, 13 mars 2026.<\/strong> Les factions de la r\u00e9sistance palestinienne se rallient \u00e0 l&rsquo;Iran \u00e0 l&rsquo;occasion de la Journ\u00e9e d&rsquo;Al-Qods et \u00e9tablissent un lien entre la guerre r\u00e9gionale et les \u00e9checs d&rsquo;Isra\u00ebl \u00e0 Gaza.<\/span><\/span><\/span><\/p>\n<div id=\"attachment_27923\" style=\"width: 610px\" class=\"wp-caption aligncenter\"><a href=\"https:\/\/ismfrance.org\/wp-content\/uploads\/2026\/03\/quds-day-teheran.jpg\"><img loading=\"lazy\" decoding=\"async\" aria-describedby=\"caption-attachment-27923\" class=\"wp-image-27923 size-large\" src=\"https:\/\/ismfrance.org\/wp-content\/uploads\/2026\/03\/quds-day-teheran-700x466.jpg\" alt=\"\" width=\"600\" height=\"399\" srcset=\"https:\/\/ismfrance.org\/wp-content\/uploads\/2026\/03\/quds-day-teheran-700x466.jpg 700w, https:\/\/ismfrance.org\/wp-content\/uploads\/2026\/03\/quds-day-teheran-300x200.jpg 300w, https:\/\/ismfrance.org\/wp-content\/uploads\/2026\/03\/quds-day-teheran-768x512.jpg 768w, https:\/\/ismfrance.org\/wp-content\/uploads\/2026\/03\/quds-day-teheran.jpg 1280w\" sizes=\"auto, (max-width: 600px) 100vw, 600px\" \/><\/a><p id=\"caption-attachment-27923\" class=\"wp-caption-text\"><em><strong>Journ\u00e9e Al-Qods \u00e0 T\u00e9h\u00e9ran, 13 mars 2026.<\/strong><\/em><\/p><\/div>\n<p><strong><span style=\"color: #000000;\"><span style=\"font-family: Arial, sans-serif;\"><span style=\"font-size: medium;\">Points cl\u00e9s<\/span><\/span><\/span><\/strong><\/p>\n<p><span style=\"color: #000000;\"><span style=\"font-family: Arial, sans-serif;\"><span style=\"font-size: medium;\">Le Hamas, le Jihad islamique et les Comit\u00e9s de r\u00e9sistance palestiniens ont publi\u00e9 des d\u00e9clarations \u00e0 l&rsquo;occasion de la Journ\u00e9e d&rsquo;Al-Qods, exprimant leur solidarit\u00e9 avec l&rsquo;Iran.<\/span><\/span><\/span><\/p>\n<p><span style=\"color: #000000;\"><span style=\"font-family: Arial, sans-serif;\"><span style=\"font-size: medium;\">Les factions de la r\u00e9sistance affirment que la guerre am\u00e9ricano-isra\u00e9lienne contre l&rsquo;Iran d\u00e9coule de l&rsquo;incapacit\u00e9 d&rsquo;Isra\u00ebl \u00e0 vaincre la r\u00e9sistance \u00e0 Gaza et au Liban.<\/span><\/span><\/span><\/p>\n<p><span style=\"color: #000000;\"><span style=\"font-family: Arial, sans-serif;\"><span style=\"font-size: medium;\">Les manifestations de la Journ\u00e9e d&rsquo;Al-Qods r\u00e9affirment la Palestine comme cause politique centrale unissant les mouvements de r\u00e9sistance \u00e0 travers la r\u00e9gion.<\/span><\/span><\/span><\/p>\n<p><strong><span style=\"color: #000000;\"><span style=\"font-family: Arial, sans-serif;\"><span style=\"font-size: medium;\">Message de la Journ\u00e9e d&rsquo;Al-Qods<\/span><\/span><\/span><\/strong><\/p>\n<p><span style=\"color: #000000;\"><span style=\"font-family: Arial, sans-serif;\"><span style=\"font-size: medium;\">Les mouvements de r\u00e9sistance palestiniens ont profit\u00e9 de la Journ\u00e9e internationale d&rsquo;Al-Qods, le 13 mars, pour d\u00e9livrer un message politique clair\u00a0: l&rsquo;extension du conflit r\u00e9gional est indissociable de la lutte palestinienne.<\/span><\/span><\/span><\/p>\n<p><span style=\"color: #000000;\"><span style=\"font-family: Arial, sans-serif;\"><span style=\"font-size: medium;\">Dans une d\u00e9claration marquant l&rsquo;occasion, le Hamas a soulign\u00e9 que J\u00e9rusalem demeure le point de r\u00e9f\u00e9rence central de la confrontation avec Isra\u00ebl.<\/span><\/span><\/span><\/p>\n<p><span style=\"color: #000000;\"><span style=\"font-family: Arial, sans-serif;\"><span style=\"font-size: medium;\">\u00ab\u00a0J\u00e9rusalem n&rsquo;est pas un d\u00e9tail politique, mais le guide de la v\u00e9rit\u00e9, et la Palestine restera l&rsquo;\u00e9talon de justice par lequel les volont\u00e9s seront mises \u00e0 l&rsquo;\u00e9preuve jusqu&rsquo;\u00e0 ce que la lib\u00e9ration et le retour soient atteints \u00bb, a d\u00e9clar\u00e9 le mouvement.<\/span><\/span><\/span><\/p>\n<p><span style=\"color: #000000;\"><span style=\"font-family: Arial, sans-serif;\"><span style=\"font-size: medium;\">Le Hamas a \u00e9galement soulign\u00e9 que la d\u00e9fense de J\u00e9rusalem et de la mosqu\u00e9e Al-Aqsa est une responsabilit\u00e9 partag\u00e9e par l&rsquo;ensemble du monde musulman.<\/span><\/span><\/span><\/p>\n<p><span style=\"color: #000000;\"><span style=\"font-family: Arial, sans-serif;\"><span style=\"font-size: medium;\">\u00ab Prot\u00e9ger Al-Aqsa et d\u00e9fendre J\u00e9rusalem est une responsabilit\u00e9 collective autour de laquelle la nation doit s&rsquo;unir \u2013 ses dirigeants, ses gouvernements, ses peuples et ses institutions \u00bb, indique le communiqu\u00e9.<\/span><\/span><\/span><\/p>\n<p><span style=\"color: #000000;\"><span style=\"font-family: Arial, sans-serif;\"><span style=\"font-size: medium;\">Le mouvement a d\u00e9clar\u00e9 que la Journ\u00e9e de Qods rev\u00eat cette ann\u00e9e une signification particuli\u00e8re, car elle intervient dans un contexte qu&rsquo;il qualifie de \u00ab guerre sioniste-am\u00e9ricaine \u00bb qui se d\u00e9roule dans toute la r\u00e9gion.<\/span><\/span><\/span><\/p>\n<p><span style=\"color: #000000;\"><span style=\"font-family: Arial, sans-serif;\"><span style=\"font-size: medium;\">\u00ab Cette ann\u00e9e, la Journ\u00e9e internationale de Qods est l&rsquo;occasion d&rsquo;unifier les efforts de la nation et de renforcer l&rsquo;action commune pour soutenir la fermet\u00e9 de J\u00e9rusalem et de ceux qui la d\u00e9fendent face \u00e0 la guerre sioniste-am\u00e9ricaine \u00bb, a d\u00e9clar\u00e9 le Hamas.<\/span><\/span><\/span><\/p>\n<p><span style=\"color: #000000;\"><span style=\"font-family: Arial, sans-serif;\"><span style=\"font-size: medium;\">Le groupe a averti que les \u00e9v\u00e9nements qui se d\u00e9roulent dans la r\u00e9gion ne sont pas des crises isol\u00e9es, mais font partie d&rsquo;une strat\u00e9gie plus vaste.<\/span><\/span><\/span><\/p>\n<p><span style=\"color: #000000;\"><span style=\"font-family: Arial, sans-serif;\"><span style=\"font-size: medium;\">\u00ab Ce qui se passe n&rsquo;est pas constitu\u00e9 d&rsquo;incidents isol\u00e9s, mais d&rsquo;\u00e9l\u00e9ments d&rsquo;un projet visant \u00e0 briser la volont\u00e9 des peuples de la r\u00e9gion et \u00e0 d\u00e9manteler les \u00e9l\u00e9ments de r\u00e9sistance et de contestation \u00bb, pr\u00e9cise le communiqu\u00e9.<\/span><\/span><\/span><\/p>\n<p><strong><span style=\"color: #000000;\"><span style=\"font-family: Arial, sans-serif;\"><span style=\"font-size: medium;\">Solidarit\u00e9 avec l&rsquo;Iran<\/span><\/span><\/span><\/strong><\/p>\n<p><span style=\"color: #000000;\"><span style=\"font-family: Arial, sans-serif;\"><span style=\"font-size: medium;\">D&rsquo;autres factions palestiniennes ont fait \u00e9cho \u00e0 cette position, exprimant ouvertement leur soutien \u00e0 l&rsquo;Iran dans le contexte du conflit en cours.<\/span><\/span><\/span><\/p>\n<p><span style=\"color: #000000;\"><span style=\"font-family: Arial, sans-serif;\"><span style=\"font-size: medium;\">Les Comit\u00e9s de la R\u00e9sistance palestinienne ont r\u00e9affirm\u00e9 leur soutien \u00e0 T\u00e9h\u00e9ran et aux autres forces qui s&rsquo;opposent \u00e0 Isra\u00ebl dans la r\u00e9gion.<\/span><\/span><\/span><\/p>\n<p><span style=\"color: #000000;\"><span style=\"font-family: Arial, sans-serif;\"><span style=\"font-size: medium;\">\u00ab Nous renouvelons notre pleine solidarit\u00e9 avec la R\u00e9publique islamique d&rsquo;Iran, avec le peuple libanais et sa r\u00e9sistance, ainsi qu&rsquo;avec la r\u00e9sistance islamique en Irak \u00bb, a d\u00e9clar\u00e9 le mouvement.<\/span><\/span><\/span><\/p>\n<p><span style=\"color: #000000;\"><span style=\"font-family: Arial, sans-serif;\"><span style=\"font-size: medium;\">Les Comit\u00e9s ont affirm\u00e9 que l&rsquo;Iran est pris pour cible pr\u00e9cis\u00e9ment en raison de sa position sur la Palestine.<\/span><\/span><\/span><\/p>\n<p><span style=\"color: #000000;\"><span style=\"font-family: Arial, sans-serif;\"><span style=\"font-size: medium;\">\u00ab Le ciblage de l&rsquo;Iran par les sionistes et les Am\u00e9ricains est la cons\u00e9quence de son engagement absolu en faveur de la lib\u00e9ration de la Palestine et de J\u00e9rusalem \u00bb, indique le communiqu\u00e9.<\/span><\/span><\/span><\/p>\n<p><span style=\"color: #000000;\"><span style=\"font-family: Arial, sans-serif;\"><span style=\"font-size: medium;\">Le mouvement a \u00e9galement salu\u00e9 le r\u00f4le de l&rsquo;Iran dans le soutien aux mouvements de r\u00e9sistance.<\/span><\/span><\/span><\/p>\n<p><span style=\"color: #000000;\"><span style=\"font-family: Arial, sans-serif;\"><span style=\"font-size: medium;\">\u00ab La voie r\u00e9volutionnaire emprunt\u00e9e par l&rsquo;Iran pour soutenir la r\u00e9sistance contre l&rsquo;arrogance mondiale est une source de fiert\u00e9 et de dignit\u00e9 pour la nation \u00bb, conclut le communiqu\u00e9.<\/span><\/span><\/span><\/p>\n<p><strong><span style=\"color: #000000;\"><span style=\"font-family: Arial, sans-serif;\"><span style=\"font-size: medium;\">Avertissement du Jihad islamique<\/span><\/span><\/span><\/strong><\/p>\n<p><span style=\"color: #000000;\"><span style=\"font-family: Arial, sans-serif;\"><span style=\"font-size: medium;\">Le Jihad islamique palestinien a \u00e9galement publi\u00e9 une d\u00e9claration \u00e0 l&rsquo;occasion de la Journ\u00e9e d&rsquo;Al-Qods, avertissant que la r\u00e9gion est entr\u00e9e dans ce qu&rsquo;il qualifie de confrontation historique.<\/span><\/span><\/span><\/p>\n<p><span style=\"color: #000000;\"><span style=\"font-family: Arial, sans-serif;\"><span style=\"font-size: medium;\">\u00ab Ce \u00e0 quoi la r\u00e9gion assiste aujourd&rsquo;hui est une guerre existentielle d\u00e9clench\u00e9e par les dirigeants de l&rsquo;entit\u00e9 sioniste, men\u00e9e par le criminel de guerre Netanyahu \u00bb, a d\u00e9clar\u00e9 le mouvement.<\/span><\/span><\/span><\/p>\n<p><span style=\"color: #000000;\"><span style=\"font-family: Arial, sans-serif;\"><span style=\"font-size: medium;\">Le Jihad islamique a affirm\u00e9 que la strat\u00e9gie d&rsquo;Isra\u00ebl vise \u00e0 imposer sa domination sur toute la r\u00e9gion.<\/span><\/span><\/span><\/p>\n<p><span style=\"color: #000000;\"><span style=\"font-family: Arial, sans-serif;\"><span style=\"font-size: medium;\">\u00ab Netanyahu a clairement d\u00e9clar\u00e9 une agression ouverte contre les musulmans afin d&rsquo;imposer son contr\u00f4le et son h\u00e9g\u00e9monie sur notre r\u00e9gion et notre nation \u00bb, indique la d\u00e9claration.<\/span><\/span><\/span><\/p>\n<p><span style=\"color: #000000;\"><span style=\"font-family: Arial, sans-serif;\"><span style=\"font-size: medium;\">Le groupe a appel\u00e9 \u00e0 l&rsquo;unit\u00e9 du monde arabe et musulman.<\/span><\/span><\/span><\/p>\n<p><span style=\"color: #000000;\"><span style=\"font-family: Arial, sans-serif;\"><span style=\"font-size: medium;\">\u00ab Nous appelons la nation arabe et islamique \u00e0 s&rsquo;unir et \u00e0 rester ferme pour contrer les objectifs de cette agression globale, afin de d\u00e9fendre notre terre, nos lieux saints et l&rsquo;avenir de nos g\u00e9n\u00e9rations \u00bb, a d\u00e9clar\u00e9 le mouvement.<\/span><\/span><\/span><\/p>\n<p><span style=\"color: #000000;\"><span style=\"font-family: Arial, sans-serif;\"><span style=\"font-size: medium;\">Le mouvement a \u00e9galement fait l&rsquo;\u00e9loge de l&rsquo;Iran.<\/span><\/span><\/span><\/p>\n<div id=\"attachment_27926\" style=\"width: 537px\" class=\"wp-caption aligncenter\"><a href=\"https:\/\/ismfrance.org\/wp-content\/uploads\/2026\/03\/a-moto.jpg\"><img loading=\"lazy\" decoding=\"async\" aria-describedby=\"caption-attachment-27926\" class=\"wp-image-27926 size-full\" src=\"https:\/\/ismfrance.org\/wp-content\/uploads\/2026\/03\/a-moto.jpg\" alt=\"\" width=\"527\" height=\"680\" srcset=\"https:\/\/ismfrance.org\/wp-content\/uploads\/2026\/03\/a-moto.jpg 527w, https:\/\/ismfrance.org\/wp-content\/uploads\/2026\/03\/a-moto-233x300.jpg 233w\" sizes=\"auto, (max-width: 527px) 100vw, 527px\" \/><\/a><p id=\"caption-attachment-27926\" class=\"wp-caption-text\"><em><strong>13 mars 2026. Le pr\u00e9sident iranien Massoud Pezeshkian a \u00e9t\u00e9 aper\u00e7u \u00e0 l&rsquo;arri\u00e8re d&rsquo;une moto \u00e0 T\u00e9h\u00e9ran \u00e0 l&rsquo;occasion de la Journ\u00e9e d&rsquo;Al-Qods.<\/strong><\/em><\/p><\/div>\n<p><span style=\"color: #000000;\"><span style=\"font-family: Arial, sans-serif;\"><span style=\"font-size: medium;\">\u00ab Nous saluons la R\u00e9publique islamique d\u2019Iran \u2013 ses dirigeants, son gouvernement et son peuple \u2013 pour son h\u00e9ro\u00efque fermet\u00e9 face \u00e0 l\u2019agression am\u00e9ricano-isra\u00e9lienne \u00bb, a d\u00e9clar\u00e9 le Jihad islamique.<\/span><\/span><\/span><\/p>\n<p><strong><span style=\"color: #000000;\"><span style=\"font-family: Arial, sans-serif;\"><span style=\"font-size: medium;\">La guerre au-del\u00e0 de Gaza<\/span><\/span><\/span><\/strong><\/p>\n<p><span style=\"color: #000000;\"><span style=\"font-family: Arial, sans-serif;\"><span style=\"font-size: medium;\">Pour les mouvements de r\u00e9sistance palestiniens, la guerre contre l\u2019Iran n\u2019est pas un conflit isol\u00e9, mais la derni\u00e8re \u00e9tape d\u2019une confrontation qui a d\u00e9but\u00e9 \u00e0 Gaza.<\/span><\/span><\/span><\/p>\n<p><span style=\"color: #000000;\"><span style=\"font-family: Arial, sans-serif;\"><span style=\"font-size: medium;\">Depuis le d\u00e9but de la guerre g\u00e9nocidaire men\u00e9e par Isra\u00ebl dans la bande de Gaza, l\u2019arm\u00e9e isra\u00e9lienne a d\u00e9clench\u00e9 l\u2019une des campagnes les plus destructrices de l\u2019histoire moderne du Moyen-Orient.<\/span><\/span><\/span><\/p>\n<p><span style=\"color: #000000;\"><span style=\"font-family: Arial, sans-serif;\"><span style=\"font-size: medium;\">Pourtant, malgr\u00e9 les destructions massives et les dizaines de milliers de victimes palestiniennes, Isra\u00ebl n\u2019est pas parvenu \u00e0 atteindre son principal objectif strat\u00e9gique\u00a0: vaincre la r\u00e9sistance et imposer un nouvel ordre politique \u00e0 Gaza.<\/span><\/span><\/span><\/p>\n<p><span style=\"color: #000000;\"><span style=\"font-family: Arial, sans-serif;\"><span style=\"font-size: medium;\">Des factions de la r\u00e9sistance continuent d\u2019op\u00e9rer dans l\u2019enclave malgr\u00e9 les attaques isra\u00e9liennes incessantes.<\/span><\/span><\/span><\/p>\n<p><span style=\"color: #000000;\"><span style=\"font-family: Arial, sans-serif;\"><span style=\"font-size: medium;\">Parall\u00e8lement, Isra\u00ebl peine \u00e0 obtenir des r\u00e9sultats d\u00e9cisifs sur d\u2019autres fronts.<\/span><\/span><\/span><\/p>\n<p><span style=\"color: #000000;\"><span style=\"font-family: Arial, sans-serif;\"><span style=\"font-size: medium;\">Le long de la fronti\u00e8re nord d\u2019Isra\u00ebl, le Hezbollah libanais maintient une pression militaire constante, obligeant Isra\u00ebl \u00e0 d\u00e9tourner des ressources et \u00e0 \u00e9tendre le conflit.<\/span><\/span><\/span><\/p>\n<p><span style=\"color: #000000;\"><span style=\"font-family: Arial, sans-serif;\"><span style=\"font-size: medium;\">Parall\u00e8lement, Ansarallah, au Y\u00e9men, a lanc\u00e9 des attaques contre les voies maritimes li\u00e9es \u00e0 Isra\u00ebl et \u00e0 ses alli\u00e9s, cr\u00e9ant ainsi un nouveau front r\u00e9gional.<\/span><\/span><\/span><\/p>\n<p><span style=\"color: #000000;\"><span style=\"font-family: Arial, sans-serif;\"><span style=\"font-size: medium;\">Du point de vue des groupes de r\u00e9sistance palestiniens, ces \u00e9v\u00e9nements r\u00e9v\u00e8lent les limites de la strat\u00e9gie militaire isra\u00e9lienne.<\/span><\/span><\/span><\/p>\n<p><span style=\"color: #000000;\"><span style=\"font-family: Arial, sans-serif;\"><span style=\"font-size: medium;\">L&rsquo;attaque contre l&rsquo;Iran, affirment-ils, repr\u00e9sente une tentative de modifier l&rsquo;\u00e9quilibre strat\u00e9gique apr\u00e8s l&rsquo;\u00e9chec des efforts pour vaincre les mouvements de r\u00e9sistance \u00e0 Gaza et ailleurs.<\/span><\/span><\/span><\/p>\n<p><span style=\"color: #000000;\"><span style=\"font-family: Arial, sans-serif;\"><span style=\"font-size: medium;\">Mais cette action risque au contraire de renforcer les alliances m\u00eames qu&rsquo;Isra\u00ebl esp\u00e9rait affaiblir.<\/span><\/span><\/span><\/p>\n<p><strong><span style=\"color: #000000;\"><span style=\"font-family: Arial, sans-serif;\"><span style=\"font-size: medium;\">Notre analyse strat\u00e9gique<\/span><\/span><\/span><\/strong><\/p>\n<p><span style=\"color: #000000;\"><span style=\"font-family: Arial, sans-serif;\"><span style=\"font-size: medium;\">La Journ\u00e9e internationale d&rsquo;Al-Qods refl\u00e8te elle-m\u00eame cette dynamique politique.<\/span><\/span><\/span><\/p>\n<p><span style=\"color: #000000;\"><span style=\"font-family: Arial, sans-serif;\"><span style=\"font-size: medium;\">Institu\u00e9e en 1979 suite \u00e0 la r\u00e9volution iranienne, la Journ\u00e9e d&rsquo;Al-Qods est c\u00e9l\u00e9br\u00e9e chaque ann\u00e9e le dernier vendredi du Ramadan pour exprimer la solidarit\u00e9 avec les Palestiniens et l&rsquo;opposition au contr\u00f4le isra\u00e9lien sur J\u00e9rusalem.<\/span><\/span><\/span><\/p>\n<p><span style=\"color: #000000;\"><span style=\"font-family: Arial, sans-serif;\"><span style=\"font-size: medium;\">Au fil des d\u00e9cennies, cet \u00e9v\u00e9nement est devenu un moment politique majeur au Moyen-Orient et au-del\u00e0.<\/span><\/span><\/span><\/p>\n<p><span style=\"color: #000000;\"><span style=\"font-family: Arial, sans-serif;\"><span style=\"font-size: medium;\">La Journ\u00e9e d&rsquo;Al-Qods de cette ann\u00e9e rev\u00eatait une signification particuli\u00e8re car elle s&rsquo;est d\u00e9roul\u00e9e dans un contexte de guerre r\u00e9gionale croissante impliquant l&rsquo;Iran, Isra\u00ebl et les \u00c9tats-Unis.<\/span><\/span><\/span><\/p>\n<p><span style=\"color: #000000;\"><span style=\"font-family: Arial, sans-serif;\"><span style=\"font-size: medium;\">Malgr\u00e9 les frappes a\u00e9riennes en cours, d&rsquo;importantes manifestations ont eu lieu \u00e0 travers l&rsquo;Iran. Les participants ont exprim\u00e9 leur solidarit\u00e9 avec la Palestine et condamn\u00e9 Isra\u00ebl et les \u00c9tats-Unis.<\/span><\/span><\/span><\/p>\n<p><span style=\"color: #000000;\"><span style=\"font-family: Arial, sans-serif;\"><span style=\"font-size: medium;\">Pour les mouvements de r\u00e9sistance palestiniens, la symbolique de cette journ\u00e9e demeure claire.<\/span><\/span><\/span><\/p>\n<p><span style=\"color: #000000;\"><span style=\"font-family: Arial, sans-serif;\"><span style=\"font-size: medium;\">La Palestine n&rsquo;est pas un simple probl\u00e8me parmi d&rsquo;autres dans la r\u00e9gion\u00a0; elle est la question politique centrale qui fa\u00e7onne le conflit plus large.<\/span><\/span><\/span><\/p>\n<p><span style=\"color: #000000;\"><span style=\"font-family: Arial, sans-serif;\"><span style=\"font-size: medium;\">Et \u00e0 mesure que le conflit r\u00e9gional s&rsquo;\u00e9tend, les groupes de r\u00e9sistance affirment que cette r\u00e9alit\u00e9 est plus criante que jamais.<\/span><\/span><\/span><\/p>\n<p><span style=\"color: #000000;\"><span style=\"font-family: Arial, sans-serif;\"><span style=\"font-size: medium;\">(PC, Al-Mayadeen, Al-Manar, D\u00e9clarations des mouvements de r\u00e9sistance) <\/span><\/span><\/span><\/p>\n<p><em><strong><span style=\"color: #000000;\"><span style=\"font-family: Arial, sans-serif;\"><span style=\"font-size: medium;\">Article original en anglais sur <a href=\"https:\/\/palestinechronicle.substack.com\/p\/an-existential-war-hamas-islamic\">The Palestine Chronicle<\/a> \/ Traduction MR<\/span><\/span><\/span><\/strong><\/em><\/p>\n","protected":false},"excerpt":{"rendered":"<p>The Palestine Chronicle, 13 mars 2026. Les factions de la r\u00e9sistance palestinienne se rallient \u00e0 l&rsquo;Iran \u00e0 l&rsquo;occasion de la Journ\u00e9e d&rsquo;Al-Qods et \u00e9tablissent un lien entre la guerre r\u00e9gionale <a class=\"more-link\" href=\"https:\/\/ismfrance.org\/index.php\/2026\/03\/15\/une-guerre-existentielle-le-hamas-et-le-jihad-islamique-lient-lattaque-contre-liran-au-genocide-de-gaza\/\">Lire la suite &rarr;<\/a><\/p>\n","protected":false},"author":3,"featured_media":27923,"comment_status":"closed","ping_status":"closed","sticky":false,"template":"","format":"standard","meta":{"footnotes":""},"categories":[12,2],"tags":[228,138],"class_list":["post-27921","post","type-post","status-publish","format-standard","has-post-thumbnail","hentry","category-analyses","category-articles","tag-axe-de-la-resistance","tag-iran"],"yoast_head":"<!-- This site is optimized with the Yoast SEO plugin v27.2 - https:\/\/yoast.com\/product\/yoast-seo-wordpress\/ -->\n<title>\u00ab Une guerre existentielle \u00bb \u2014 Le Hamas et le Jihad islamique lient l\u2019attaque contre l\u2019Iran au g\u00e9nocide de Gaza - International Solidarity Movement - ISM-France<\/title>\n<meta name=\"robots\" content=\"index, follow, max-snippet:-1, max-image-preview:large, max-video-preview:-1\" \/>\n<link rel=\"canonical\" href=\"https:\/\/ismfrance.org\/index.php\/2026\/03\/15\/une-guerre-existentielle-le-hamas-et-le-jihad-islamique-lient-lattaque-contre-liran-au-genocide-de-gaza\/\" \/>\n<meta property=\"og:locale\" content=\"fr_FR\" \/>\n<meta property=\"og:type\" content=\"article\" \/>\n<meta property=\"og:title\" content=\"\u00ab Une guerre existentielle \u00bb \u2014 Le Hamas et le Jihad islamique lient l\u2019attaque contre l\u2019Iran au g\u00e9nocide de Gaza - International Solidarity Movement - ISM-France\" \/>\n<meta property=\"og:description\" content=\"The Palestine Chronicle, 13 mars 2026. Les factions de la r\u00e9sistance palestinienne se rallient \u00e0 l&rsquo;Iran \u00e0 l&rsquo;occasion de la Journ\u00e9e d&rsquo;Al-Qods et \u00e9tablissent un lien entre la guerre r\u00e9gionale Lire la suite &rarr;\" \/>\n<meta property=\"og:url\" content=\"https:\/\/ismfrance.org\/index.php\/2026\/03\/15\/une-guerre-existentielle-le-hamas-et-le-jihad-islamique-lient-lattaque-contre-liran-au-genocide-de-gaza\/\" \/>\n<meta property=\"og:site_name\" content=\"International Solidarity Movement - ISM-France\" \/>\n<meta property=\"article:published_time\" content=\"2026-03-15T08:10:45+00:00\" \/>\n<meta property=\"og:image\" content=\"https:\/\/ismfrance.org\/wp-content\/uploads\/2026\/03\/quds-day-teheran.jpg\" \/>\n\t<meta property=\"og:image:width\" content=\"1280\" \/>\n\t<meta property=\"og:image:height\" content=\"853\" \/>\n\t<meta property=\"og:image:type\" content=\"image\/jpeg\" \/>\n<meta name=\"author\" content=\"mru_01\" \/>\n<meta name=\"twitter:card\" content=\"summary_large_image\" \/>\n<meta name=\"twitter:creator\" content=\"@ISMFRANCE\" \/>\n<meta name=\"twitter:site\" content=\"@ISMFRANCE\" \/>\n<meta name=\"twitter:label1\" content=\"\u00c9crit par\" \/>\n\t<meta name=\"twitter:data1\" content=\"mru_01\" \/>\n\t<meta name=\"twitter:label2\" content=\"Dur\u00e9e de lecture estim\u00e9e\" \/>\n\t<meta name=\"twitter:data2\" content=\"7 minutes\" \/>\n<script type=\"application\/ld+json\" class=\"yoast-schema-graph\">{\"@context\":\"https:\/\/schema.org\",\"@graph\":[{\"@type\":\"Article\",\"@id\":\"https:\/\/ismfrance.org\/index.php\/2026\/03\/15\/une-guerre-existentielle-le-hamas-et-le-jihad-islamique-lient-lattaque-contre-liran-au-genocide-de-gaza\/#article\",\"isPartOf\":{\"@id\":\"https:\/\/ismfrance.org\/index.php\/2026\/03\/15\/une-guerre-existentielle-le-hamas-et-le-jihad-islamique-lient-lattaque-contre-liran-au-genocide-de-gaza\/\"},\"author\":{\"name\":\"mru_01\",\"@id\":\"https:\/\/ismfrance.org\/#\/schema\/person\/3c411eb72adfaae19c0dca1f41fae01d\"},\"headline\":\"\u00ab Une guerre existentielle \u00bb \u2014 Le Hamas et le Jihad islamique lient l\u2019attaque contre l\u2019Iran au g\u00e9nocide de Gaza\",\"datePublished\":\"2026-03-15T08:10:45+00:00\",\"mainEntityOfPage\":{\"@id\":\"https:\/\/ismfrance.org\/index.php\/2026\/03\/15\/une-guerre-existentielle-le-hamas-et-le-jihad-islamique-lient-lattaque-contre-liran-au-genocide-de-gaza\/\"},\"wordCount\":1489,\"publisher\":{\"@id\":\"https:\/\/ismfrance.org\/#organization\"},\"image\":{\"@id\":\"https:\/\/ismfrance.org\/index.php\/2026\/03\/15\/une-guerre-existentielle-le-hamas-et-le-jihad-islamique-lient-lattaque-contre-liran-au-genocide-de-gaza\/#primaryimage\"},\"thumbnailUrl\":\"https:\/\/ismfrance.org\/wp-content\/uploads\/2026\/03\/quds-day-teheran.jpg\",\"keywords\":[\"Axe de la R\u00e9sistance\",\"Iran\"],\"articleSection\":[\"Analyses\",\"Articles\"],\"inLanguage\":\"fr-FR\"},{\"@type\":\"WebPage\",\"@id\":\"https:\/\/ismfrance.org\/index.php\/2026\/03\/15\/une-guerre-existentielle-le-hamas-et-le-jihad-islamique-lient-lattaque-contre-liran-au-genocide-de-gaza\/\",\"url\":\"https:\/\/ismfrance.org\/index.php\/2026\/03\/15\/une-guerre-existentielle-le-hamas-et-le-jihad-islamique-lient-lattaque-contre-liran-au-genocide-de-gaza\/\",\"name\":\"\u00ab Une guerre existentielle \u00bb \u2014 Le Hamas et le Jihad islamique lient l\u2019attaque contre l\u2019Iran au g\u00e9nocide de Gaza - International Solidarity Movement - ISM-France\",\"isPartOf\":{\"@id\":\"https:\/\/ismfrance.org\/#website\"},\"primaryImageOfPage\":{\"@id\":\"https:\/\/ismfrance.org\/index.php\/2026\/03\/15\/une-guerre-existentielle-le-hamas-et-le-jihad-islamique-lient-lattaque-contre-liran-au-genocide-de-gaza\/#primaryimage\"},\"image\":{\"@id\":\"https:\/\/ismfrance.org\/index.php\/2026\/03\/15\/une-guerre-existentielle-le-hamas-et-le-jihad-islamique-lient-lattaque-contre-liran-au-genocide-de-gaza\/#primaryimage\"},\"thumbnailUrl\":\"https:\/\/ismfrance.org\/wp-content\/uploads\/2026\/03\/quds-day-teheran.jpg\",\"datePublished\":\"2026-03-15T08:10:45+00:00\",\"breadcrumb\":{\"@id\":\"https:\/\/ismfrance.org\/index.php\/2026\/03\/15\/une-guerre-existentielle-le-hamas-et-le-jihad-islamique-lient-lattaque-contre-liran-au-genocide-de-gaza\/#breadcrumb\"},\"inLanguage\":\"fr-FR\",\"potentialAction\":[{\"@type\":\"ReadAction\",\"target\":[\"https:\/\/ismfrance.org\/index.php\/2026\/03\/15\/une-guerre-existentielle-le-hamas-et-le-jihad-islamique-lient-lattaque-contre-liran-au-genocide-de-gaza\/\"]}]},{\"@type\":\"ImageObject\",\"inLanguage\":\"fr-FR\",\"@id\":\"https:\/\/ismfrance.org\/index.php\/2026\/03\/15\/une-guerre-existentielle-le-hamas-et-le-jihad-islamique-lient-lattaque-contre-liran-au-genocide-de-gaza\/#primaryimage\",\"url\":\"https:\/\/ismfrance.org\/wp-content\/uploads\/2026\/03\/quds-day-teheran.jpg\",\"contentUrl\":\"https:\/\/ismfrance.org\/wp-content\/uploads\/2026\/03\/quds-day-teheran.jpg\",\"width\":1280,\"height\":853},{\"@type\":\"BreadcrumbList\",\"@id\":\"https:\/\/ismfrance.org\/index.php\/2026\/03\/15\/une-guerre-existentielle-le-hamas-et-le-jihad-islamique-lient-lattaque-contre-liran-au-genocide-de-gaza\/#breadcrumb\",\"itemListElement\":[{\"@type\":\"ListItem\",\"position\":1,\"name\":\"Accueil\",\"item\":\"https:\/\/ismfrance.org\/\"},{\"@type\":\"ListItem\",\"position\":2,\"name\":\"\u00ab Une guerre existentielle \u00bb \u2014 Le Hamas et le Jihad islamique lient l\u2019attaque contre l\u2019Iran au g\u00e9nocide de Gaza\"}]},{\"@type\":\"WebSite\",\"@id\":\"https:\/\/ismfrance.org\/#website\",\"url\":\"https:\/\/ismfrance.org\/\",\"name\":\"ISM Palestine France\",\"description\":\"Soutien aux luttes de lib\u00e9ration du peuple palestinien\",\"publisher\":{\"@id\":\"https:\/\/ismfrance.org\/#organization\"},\"potentialAction\":[{\"@type\":\"SearchAction\",\"target\":{\"@type\":\"EntryPoint\",\"urlTemplate\":\"https:\/\/ismfrance.org\/?s={search_term_string}\"},\"query-input\":{\"@type\":\"PropertyValueSpecification\",\"valueRequired\":true,\"valueName\":\"search_term_string\"}}],\"inLanguage\":\"fr-FR\"},{\"@type\":\"Organization\",\"@id\":\"https:\/\/ismfrance.org\/#organization\",\"name\":\"International Solidarity Movement\",\"url\":\"https:\/\/ismfrance.org\/\",\"logo\":{\"@type\":\"ImageObject\",\"inLanguage\":\"fr-FR\",\"@id\":\"https:\/\/ismfrance.org\/#\/schema\/logo\/image\/\",\"url\":\"https:\/\/ismfrance.org\/wp-content\/uploads\/2020\/12\/00.png\",\"contentUrl\":\"https:\/\/ismfrance.org\/wp-content\/uploads\/2020\/12\/00.png\",\"width\":400,\"height\":400,\"caption\":\"International Solidarity Movement\"},\"image\":{\"@id\":\"https:\/\/ismfrance.org\/#\/schema\/logo\/image\/\"},\"sameAs\":[\"https:\/\/x.com\/ISMFRANCE\"]},{\"@type\":\"Person\",\"@id\":\"https:\/\/ismfrance.org\/#\/schema\/person\/3c411eb72adfaae19c0dca1f41fae01d\",\"name\":\"mru_01\",\"image\":{\"@type\":\"ImageObject\",\"inLanguage\":\"fr-FR\",\"@id\":\"https:\/\/secure.gravatar.com\/avatar\/3a0be343b445d2ccc79e87444a294fad2b232e90d2051d0e3cc219e1ecd6a330?s=96&d=mm&r=g\",\"url\":\"https:\/\/secure.gravatar.com\/avatar\/3a0be343b445d2ccc79e87444a294fad2b232e90d2051d0e3cc219e1ecd6a330?s=96&d=mm&r=g\",\"contentUrl\":\"https:\/\/secure.gravatar.com\/avatar\/3a0be343b445d2ccc79e87444a294fad2b232e90d2051d0e3cc219e1ecd6a330?s=96&d=mm&r=g\",\"caption\":\"mru_01\"},\"url\":\"https:\/\/ismfrance.org\/index.php\/author\/admin02\/\"}]}<\/script>\n<!-- \/ Yoast SEO plugin. -->","yoast_head_json":{"title":"\u00ab Une guerre existentielle \u00bb \u2014 Le Hamas et le Jihad islamique lient l\u2019attaque contre l\u2019Iran au g\u00e9nocide de Gaza - International Solidarity Movement - ISM-France","robots":{"index":"index","follow":"follow","max-snippet":"max-snippet:-1","max-image-preview":"max-image-preview:large","max-video-preview":"max-video-preview:-1"},"canonical":"https:\/\/ismfrance.org\/index.php\/2026\/03\/15\/une-guerre-existentielle-le-hamas-et-le-jihad-islamique-lient-lattaque-contre-liran-au-genocide-de-gaza\/","og_locale":"fr_FR","og_type":"article","og_title":"\u00ab Une guerre existentielle \u00bb \u2014 Le Hamas et le Jihad islamique lient l\u2019attaque contre l\u2019Iran au g\u00e9nocide de Gaza - International Solidarity Movement - ISM-France","og_description":"The Palestine Chronicle, 13 mars 2026. Les factions de la r\u00e9sistance palestinienne se rallient \u00e0 l&rsquo;Iran \u00e0 l&rsquo;occasion de la Journ\u00e9e d&rsquo;Al-Qods et \u00e9tablissent un lien entre la guerre r\u00e9gionale Lire la suite &rarr;","og_url":"https:\/\/ismfrance.org\/index.php\/2026\/03\/15\/une-guerre-existentielle-le-hamas-et-le-jihad-islamique-lient-lattaque-contre-liran-au-genocide-de-gaza\/","og_site_name":"International Solidarity Movement - ISM-France","article_published_time":"2026-03-15T08:10:45+00:00","og_image":[{"width":1280,"height":853,"url":"https:\/\/ismfrance.org\/wp-content\/uploads\/2026\/03\/quds-day-teheran.jpg","type":"image\/jpeg"}],"author":"mru_01","twitter_card":"summary_large_image","twitter_creator":"@ISMFRANCE","twitter_site":"@ISMFRANCE","twitter_misc":{"\u00c9crit par":"mru_01","Dur\u00e9e de lecture estim\u00e9e":"7 minutes"},"schema":{"@context":"https:\/\/schema.org","@graph":[{"@type":"Article","@id":"https:\/\/ismfrance.org\/index.php\/2026\/03\/15\/une-guerre-existentielle-le-hamas-et-le-jihad-islamique-lient-lattaque-contre-liran-au-genocide-de-gaza\/#article","isPartOf":{"@id":"https:\/\/ismfrance.org\/index.php\/2026\/03\/15\/une-guerre-existentielle-le-hamas-et-le-jihad-islamique-lient-lattaque-contre-liran-au-genocide-de-gaza\/"},"author":{"name":"mru_01","@id":"https:\/\/ismfrance.org\/#\/schema\/person\/3c411eb72adfaae19c0dca1f41fae01d"},"headline":"\u00ab Une guerre existentielle \u00bb \u2014 Le Hamas et le Jihad islamique lient l\u2019attaque contre l\u2019Iran au g\u00e9nocide de Gaza","datePublished":"2026-03-15T08:10:45+00:00","mainEntityOfPage":{"@id":"https:\/\/ismfrance.org\/index.php\/2026\/03\/15\/une-guerre-existentielle-le-hamas-et-le-jihad-islamique-lient-lattaque-contre-liran-au-genocide-de-gaza\/"},"wordCount":1489,"publisher":{"@id":"https:\/\/ismfrance.org\/#organization"},"image":{"@id":"https:\/\/ismfrance.org\/index.php\/2026\/03\/15\/une-guerre-existentielle-le-hamas-et-le-jihad-islamique-lient-lattaque-contre-liran-au-genocide-de-gaza\/#primaryimage"},"thumbnailUrl":"https:\/\/ismfrance.org\/wp-content\/uploads\/2026\/03\/quds-day-teheran.jpg","keywords":["Axe de la R\u00e9sistance","Iran"],"articleSection":["Analyses","Articles"],"inLanguage":"fr-FR"},{"@type":"WebPage","@id":"https:\/\/ismfrance.org\/index.php\/2026\/03\/15\/une-guerre-existentielle-le-hamas-et-le-jihad-islamique-lient-lattaque-contre-liran-au-genocide-de-gaza\/","url":"https:\/\/ismfrance.org\/index.php\/2026\/03\/15\/une-guerre-existentielle-le-hamas-et-le-jihad-islamique-lient-lattaque-contre-liran-au-genocide-de-gaza\/","name":"\u00ab Une guerre existentielle \u00bb \u2014 Le Hamas et le Jihad islamique lient l\u2019attaque contre l\u2019Iran au g\u00e9nocide de Gaza - International Solidarity Movement - ISM-France","isPartOf":{"@id":"https:\/\/ismfrance.org\/#website"},"primaryImageOfPage":{"@id":"https:\/\/ismfrance.org\/index.php\/2026\/03\/15\/une-guerre-existentielle-le-hamas-et-le-jihad-islamique-lient-lattaque-contre-liran-au-genocide-de-gaza\/#primaryimage"},"image":{"@id":"https:\/\/ismfrance.org\/index.php\/2026\/03\/15\/une-guerre-existentielle-le-hamas-et-le-jihad-islamique-lient-lattaque-contre-liran-au-genocide-de-gaza\/#primaryimage"},"thumbnailUrl":"https:\/\/ismfrance.org\/wp-content\/uploads\/2026\/03\/quds-day-teheran.jpg","datePublished":"2026-03-15T08:10:45+00:00","breadcrumb":{"@id":"https:\/\/ismfrance.org\/index.php\/2026\/03\/15\/une-guerre-existentielle-le-hamas-et-le-jihad-islamique-lient-lattaque-contre-liran-au-genocide-de-gaza\/#breadcrumb"},"inLanguage":"fr-FR","potentialAction":[{"@type":"ReadAction","target":["https:\/\/ismfrance.org\/index.php\/2026\/03\/15\/une-guerre-existentielle-le-hamas-et-le-jihad-islamique-lient-lattaque-contre-liran-au-genocide-de-gaza\/"]}]},{"@type":"ImageObject","inLanguage":"fr-FR","@id":"https:\/\/ismfrance.org\/index.php\/2026\/03\/15\/une-guerre-existentielle-le-hamas-et-le-jihad-islamique-lient-lattaque-contre-liran-au-genocide-de-gaza\/#primaryimage","url":"https:\/\/ismfrance.org\/wp-content\/uploads\/2026\/03\/quds-day-teheran.jpg","contentUrl":"https:\/\/ismfrance.org\/wp-content\/uploads\/2026\/03\/quds-day-teheran.jpg","width":1280,"height":853},{"@type":"BreadcrumbList","@id":"https:\/\/ismfrance.org\/index.php\/2026\/03\/15\/une-guerre-existentielle-le-hamas-et-le-jihad-islamique-lient-lattaque-contre-liran-au-genocide-de-gaza\/#breadcrumb","itemListElement":[{"@type":"ListItem","position":1,"name":"Accueil","item":"https:\/\/ismfrance.org\/"},{"@type":"ListItem","position":2,"name":"\u00ab Une guerre existentielle \u00bb \u2014 Le Hamas et le Jihad islamique lient l\u2019attaque contre l\u2019Iran au g\u00e9nocide de Gaza"}]},{"@type":"WebSite","@id":"https:\/\/ismfrance.org\/#website","url":"https:\/\/ismfrance.org\/","name":"ISM Palestine France","description":"Soutien aux luttes de lib\u00e9ration du peuple palestinien","publisher":{"@id":"https:\/\/ismfrance.org\/#organization"},"potentialAction":[{"@type":"SearchAction","target":{"@type":"EntryPoint","urlTemplate":"https:\/\/ismfrance.org\/?s={search_term_string}"},"query-input":{"@type":"PropertyValueSpecification","valueRequired":true,"valueName":"search_term_string"}}],"inLanguage":"fr-FR"},{"@type":"Organization","@id":"https:\/\/ismfrance.org\/#organization","name":"International Solidarity Movement","url":"https:\/\/ismfrance.org\/","logo":{"@type":"ImageObject","inLanguage":"fr-FR","@id":"https:\/\/ismfrance.org\/#\/schema\/logo\/image\/","url":"https:\/\/ismfrance.org\/wp-content\/uploads\/2020\/12\/00.png","contentUrl":"https:\/\/ismfrance.org\/wp-content\/uploads\/2020\/12\/00.png","width":400,"height":400,"caption":"International Solidarity Movement"},"image":{"@id":"https:\/\/ismfrance.org\/#\/schema\/logo\/image\/"},"sameAs":["https:\/\/x.com\/ISMFRANCE"]},{"@type":"Person","@id":"https:\/\/ismfrance.org\/#\/schema\/person\/3c411eb72adfaae19c0dca1f41fae01d","name":"mru_01","image":{"@type":"ImageObject","inLanguage":"fr-FR","@id":"https:\/\/secure.gravatar.com\/avatar\/3a0be343b445d2ccc79e87444a294fad2b232e90d2051d0e3cc219e1ecd6a330?s=96&d=mm&r=g","url":"https:\/\/secure.gravatar.com\/avatar\/3a0be343b445d2ccc79e87444a294fad2b232e90d2051d0e3cc219e1ecd6a330?s=96&d=mm&r=g","contentUrl":"https:\/\/secure.gravatar.com\/avatar\/3a0be343b445d2ccc79e87444a294fad2b232e90d2051d0e3cc219e1ecd6a330?s=96&d=mm&r=g","caption":"mru_01"},"url":"https:\/\/ismfrance.org\/index.php\/author\/admin02\/"}]}},"_links":{"self":[{"href":"https:\/\/ismfrance.org\/index.php\/wp-json\/wp\/v2\/posts\/27921","targetHints":{"allow":["GET"]}}],"collection":[{"href":"https:\/\/ismfrance.org\/index.php\/wp-json\/wp\/v2\/posts"}],"about":[{"href":"https:\/\/ismfrance.org\/index.php\/wp-json\/wp\/v2\/types\/post"}],"author":[{"embeddable":true,"href":"https:\/\/ismfrance.org\/index.php\/wp-json\/wp\/v2\/users\/3"}],"replies":[{"embeddable":true,"href":"https:\/\/ismfrance.org\/index.php\/wp-json\/wp\/v2\/comments?post=27921"}],"version-history":[{"count":3,"href":"https:\/\/ismfrance.org\/index.php\/wp-json\/wp\/v2\/posts\/27921\/revisions"}],"predecessor-version":[{"id":27927,"href":"https:\/\/ismfrance.org\/index.php\/wp-json\/wp\/v2\/posts\/27921\/revisions\/27927"}],"wp:featuredmedia":[{"embeddable":true,"href":"https:\/\/ismfrance.org\/index.php\/wp-json\/wp\/v2\/media\/27923"}],"wp:attachment":[{"href":"https:\/\/ismfrance.org\/index.php\/wp-json\/wp\/v2\/media?parent=27921"}],"wp:term":[{"taxonomy":"category","embeddable":true,"href":"https:\/\/ismfrance.org\/index.php\/wp-json\/wp\/v2\/categories?post=27921"},{"taxonomy":"post_tag","embeddable":true,"href":"https:\/\/ismfrance.org\/index.php\/wp-json\/wp\/v2\/tags?post=27921"}],"curies":[{"name":"wp","href":"https:\/\/api.w.org\/{rel}","templated":true}]}}