{"id":27911,"date":"2026-03-14T11:23:07","date_gmt":"2026-03-14T10:23:07","guid":{"rendered":"https:\/\/ismfrance.org\/?p=27911"},"modified":"2026-03-14T11:23:07","modified_gmt":"2026-03-14T10:23:07","slug":"qui-menace-le-monde-arabe-liran-ou-les-etats-unis-et-israel","status":"publish","type":"post","link":"https:\/\/ismfrance.org\/index.php\/2026\/03\/14\/qui-menace-le-monde-arabe-liran-ou-les-etats-unis-et-israel\/","title":{"rendered":"Qui menace le monde arabe : l&rsquo;Iran ou les \u00c9tats-Unis et Isra\u00ebl ?"},"content":{"rendered":"<p><span style=\"color: #000000;\"><span style=\"font-family: Arial, sans-serif;\"><span style=\"font-size: medium;\"><strong>Joseph Massad, 12 mars 2026.<\/strong> Depuis un mois, le pr\u00e9sident am\u00e9ricain Donald Trump et ses secr\u00e9taires d&rsquo;\u00c9tat et \u00e0 la Guerre mettent l&rsquo;accent sur une vision des \u00c9tats-Unis comme nation europ\u00e9enne blanche et chr\u00e9tienne en guerre contre le monde non chr\u00e9tien et non blanc.<\/span><\/span><\/span><\/p>\n<p><span style=\"color: #000000;\"><span style=\"font-family: Arial, sans-serif;\"><span style=\"font-size: medium;\">Il n&rsquo;est donc pas surprenant qu&rsquo;avant d&rsquo;attaquer l&rsquo;Iran le 28 f\u00e9vrier, les commandants am\u00e9ricains aient d\u00e9clar\u00e9 \u00e0 leurs troupes qu&rsquo;il s&rsquo;agissait d&rsquo;une guerre pour l&rsquo;\u00ab Armageddon \u00bb et qu&rsquo;elle entra\u00eenerait le \u00ab retour de J\u00e9sus \u00bb.<\/span><\/span><\/span><\/p>\n<p><span style=\"color: #000000;\"><span style=\"font-family: Arial, sans-serif;\"><span style=\"font-size: medium;\">Des rumeurs circulant sur les r\u00e9seaux sociaux affirmaient que des membres de l&rsquo;US Air Force auraient eu droit \u00e0 un steak et du homard pour leur \u00ab dernier repas \u00bb avant de partir en mission.<\/span><\/span><\/span><\/p>\n<div id=\"attachment_27913\" style=\"width: 610px\" class=\"wp-caption aligncenter\"><a href=\"https:\/\/ismfrance.org\/wp-content\/uploads\/2026\/03\/trump-chefs-religieux.png\"><img loading=\"lazy\" decoding=\"async\" aria-describedby=\"caption-attachment-27913\" class=\"wp-image-27913 size-large\" src=\"https:\/\/ismfrance.org\/wp-content\/uploads\/2026\/03\/trump-chefs-religieux-700x392.png\" alt=\"\" width=\"600\" height=\"336\" srcset=\"https:\/\/ismfrance.org\/wp-content\/uploads\/2026\/03\/trump-chefs-religieux-700x392.png 700w, https:\/\/ismfrance.org\/wp-content\/uploads\/2026\/03\/trump-chefs-religieux-300x168.png 300w, https:\/\/ismfrance.org\/wp-content\/uploads\/2026\/03\/trump-chefs-religieux-768x430.png 768w, https:\/\/ismfrance.org\/wp-content\/uploads\/2026\/03\/trump-chefs-religieux.png 1112w\" sizes=\"auto, (max-width: 600px) 100vw, 600px\" \/><\/a><p id=\"caption-attachment-27913\" class=\"wp-caption-text\"><em><strong>Capture d&rsquo;\u00e9cran de la vid\u00e9o visible <a href=\"https:\/\/fr.euronews.com\/video\/2026\/03\/06\/des-responsables-religieux-prient-pour-trump-dans-le-bureau-ovale\">ICI<\/a>.<\/strong><\/em><\/p><\/div>\n<p><span style=\"color: #000000;\"><span style=\"font-family: Arial, sans-serif;\"><span style=\"font-size: medium;\">Le spectacle obsc\u00e8ne de Trump entour\u00e9 de chefs religieux protestants, \u00e9vang\u00e9liques, chr\u00e9tiens et sionistes, priant pour une victoire am\u00e9ricaine et isra\u00e9lienne contre les non-blancs et non-chr\u00e9tiens qu&rsquo;ils bombardent, a donn\u00e9 le ton \u00e0 la propagande de l&rsquo;administration am\u00e9ricaine. Mais cela refl\u00e8te aussi un clivage id\u00e9ologique croissant au sein de la droite am\u00e9ricaine. D&rsquo;un c\u00f4t\u00e9, les chr\u00e9tiens \u00e9vang\u00e9liques et les sionistes juifs soutiennent les guerres contre l&rsquo;Iran et les Palestiniens\u00a0; de l&rsquo;autre, les chr\u00e9tiens de droite estiment que l&rsquo;Am\u00e9rique est entra\u00een\u00e9e dans des guerres au profit d&rsquo;Isra\u00ebl.<\/span><\/span><\/span><\/p>\n<p><span style=\"color: #000000;\"><span style=\"font-family: Arial, sans-serif;\"><span style=\"font-size: medium;\">De m\u00eame, nombre de personnalit\u00e9s de la gauche am\u00e9ricaine, y compris des juifs progressistes comme la d\u00e9put\u00e9e Sara Jacobs, affirment qu&rsquo;Isra\u00ebl a entra\u00een\u00e9 les \u00c9tats-Unis dans la guerre. Plut\u00f4t que de consid\u00e9rer l&rsquo;attaque imp\u00e9rialiste am\u00e9ricano-isra\u00e9lienne comme servant les int\u00e9r\u00eats de la classe des milliardaires am\u00e9ricains belliqueux qui la soutient pleinement, ces critiques de droite comme de gauche soutiennent que Benjamin Netanyahu a manipul\u00e9 Trump pour qu&rsquo;il attaque l&rsquo;Iran principalement au profit d&rsquo;Isra\u00ebl.<\/span><\/span><\/span><\/p>\n<p><span style=\"color: #000000;\"><span style=\"font-family: Arial, sans-serif;\"><span style=\"font-size: medium;\">Il est toutefois essentiel de comprendre que la politique belliqueuse d&rsquo;Isra\u00ebl fait partie int\u00e9grante de la strat\u00e9gie am\u00e9ricaine globale dans la r\u00e9gion et n&rsquo;est pas ind\u00e9pendante de celle-ci. Il n&rsquo;est pas improbable que les \u00c9tats-Unis cherchent \u00e0 intensifier l&rsquo;hostilit\u00e9 des \u00c9tats arabes envers l&rsquo;Iran et \u00e0 les inciter \u00e0 se joindre ouvertement \u00e0 l&rsquo;attaque am\u00e9ricano-isra\u00e9lienne.<\/span><\/span><\/span><\/p>\n<p><a href=\"https:\/\/ismfrance.org\/wp-content\/uploads\/2026\/03\/teheran1.jpg\"><img loading=\"lazy\" decoding=\"async\" class=\"size-large wp-image-27914 aligncenter\" src=\"https:\/\/ismfrance.org\/wp-content\/uploads\/2026\/03\/teheran1-700x467.jpg\" alt=\"\" width=\"600\" height=\"400\" srcset=\"https:\/\/ismfrance.org\/wp-content\/uploads\/2026\/03\/teheran1-700x467.jpg 700w, https:\/\/ismfrance.org\/wp-content\/uploads\/2026\/03\/teheran1-300x200.jpg 300w, https:\/\/ismfrance.org\/wp-content\/uploads\/2026\/03\/teheran1-768x512.jpg 768w, https:\/\/ismfrance.org\/wp-content\/uploads\/2026\/03\/teheran1.jpg 1080w\" sizes=\"auto, (max-width: 600px) 100vw, 600px\" \/><\/a><strong><span style=\"color: #000000;\"><span style=\"font-family: Arial, sans-serif;\"><span style=\"font-size: large;\">Accuser Isra\u00ebl<\/span><\/span><\/span><\/strong><\/p>\n<p><span style=\"color: #000000;\"><span style=\"font-family: Arial, sans-serif;\"><span style=\"font-size: medium;\">Certains membres de la droite s&rsquo;appuient sur le fait que d&rsquo;\u00e9minents milliardaires am\u00e9ricains, tels que Sheldon et Miriam Adelson, Bernard Marcus et Paul Singer, ont encourag\u00e9 l&rsquo;hostilit\u00e9 envers l&rsquo;Iran au cours de la derni\u00e8re d\u00e9cennie, y voyant la preuve que ces personnalit\u00e9s privil\u00e9gient Isra\u00ebl plut\u00f4t que l&rsquo;Am\u00e9rique, et qu&rsquo;Isra\u00ebl contr\u00f4le la politique \u00e9trang\u00e8re am\u00e9ricaine.<\/span><\/span><\/span><\/p>\n<p><span style=\"color: #000000;\"><span style=\"font-family: Arial, sans-serif;\"><span style=\"font-size: medium;\">Ils ignorent cependant comment les grandes industries de d\u00e9fense et \u00e9nerg\u00e9tiques am\u00e9ricaines profitent directement de cette guerre et sont susceptibles d&rsquo;en tirer d&rsquo;\u00e9normes b\u00e9n\u00e9fices. Palantir, Lockheed Martin, Exxon, Raytheon et Boeing peuvent difficilement \u00eatre accus\u00e9s de privil\u00e9gier Isra\u00ebl, m\u00eame si, \u00e0 l&rsquo;instar de ces milliardaires, ils estiment que la domination militaire r\u00e9gionale d&rsquo;Isra\u00ebl sert les int\u00e9r\u00eats de l&rsquo;imp\u00e9rialisme am\u00e9ricain. Au lieu de pr\u00e9senter leurs critiques de l&rsquo;attaque contre l&rsquo;Iran comme motiv\u00e9es par le bellicisme imp\u00e9rialiste des \u00e9lites financi\u00e8res am\u00e9ricaines \u2013 pour qui l&rsquo;\u00c9tat isra\u00e9lien g\u00e9nocidaire est \u00e0 la fois un atout et un instrument \u2013, ces personnalit\u00e9s de droite accusent Isra\u00ebl de \u00ab contr\u00f4ler \u00bb les d\u00e9cisions de Washington, exon\u00e9rant ainsi les \u00c9tats-Unis de toute responsabilit\u00e9.<\/span><\/span><\/span><\/p>\n<p><span style=\"color: #000000;\"><span style=\"font-family: Arial, sans-serif;\"><span style=\"font-size: medium;\">Isra\u00ebl, ses services de renseignement et son appareil militaire, ainsi que son personnel, sont \u00e9troitement int\u00e9gr\u00e9s \u00e0 la machine de guerre am\u00e9ricaine, mais cela ne prouve pas, comme certains pourraient le pr\u00e9tendre, un \u00ab contr\u00f4le \u00bb isra\u00e9lien sur ce syst\u00e8me. Il s&rsquo;agit plut\u00f4t du r\u00e9sultat de la sous-traitance par les \u00c9tats-Unis de fonctions importantes de renseignement et militaires \u00e0 un alli\u00e9 de confiance.<\/span><\/span><\/span><\/p>\n<p><span style=\"color: #000000;\"><span style=\"font-family: Arial, sans-serif;\"><span style=\"font-size: medium;\">Les partisans de Maga et les critiques de gauche de la guerre ont interpr\u00e9t\u00e9 les r\u00e9cents propos du secr\u00e9taire d&rsquo;\u00c9tat am\u00e9ricain Marco Rubio comme un aveu qu&rsquo;Isra\u00ebl avait entra\u00een\u00e9 les \u00c9tats-Unis dans la guerre.<\/span><\/span><\/span><\/p>\n<p><span style=\"color: #000000;\"><span style=\"font-family: Arial, sans-serif;\"><span style=\"font-size: medium;\">Ce qu&rsquo;ils oublient, c&rsquo;est que Washington \u2013 dont Isra\u00ebl est presque enti\u00e8rement d\u00e9pendant pour ses approvisionnements en armes \u2013 aurait pu ordonner \u00e0 Isra\u00ebl de ne pas attaquer. Mais les \u00c9tats-Unis ont choisi de ne pas le faire, ce qui signifie qu&rsquo;ils ont approuv\u00e9 les plans de guerre d&rsquo;Isra\u00ebl et se sont coordonn\u00e9s avec lui au pr\u00e9alable.<\/span><\/span><\/span><\/p>\n<p><a href=\"https:\/\/ismfrance.org\/wp-content\/uploads\/2026\/03\/teheran2.jpg\"><img loading=\"lazy\" decoding=\"async\" class=\"size-large wp-image-27915 aligncenter\" src=\"https:\/\/ismfrance.org\/wp-content\/uploads\/2026\/03\/teheran2-700x467.jpg\" alt=\"\" width=\"600\" height=\"400\" srcset=\"https:\/\/ismfrance.org\/wp-content\/uploads\/2026\/03\/teheran2-700x467.jpg 700w, https:\/\/ismfrance.org\/wp-content\/uploads\/2026\/03\/teheran2-300x200.jpg 300w, https:\/\/ismfrance.org\/wp-content\/uploads\/2026\/03\/teheran2-768x512.jpg 768w, https:\/\/ismfrance.org\/wp-content\/uploads\/2026\/03\/teheran2.jpg 1080w\" sizes=\"auto, (max-width: 600px) 100vw, 600px\" \/><\/a><strong><span style=\"color: #000000;\"><span style=\"font-family: Arial, sans-serif;\"><span style=\"font-size: large;\">Le silence arabe<\/span><\/span><\/span><\/strong><\/p>\n<p><span style=\"color: #000000;\"><span style=\"font-family: Arial, sans-serif;\"><span style=\"font-size: medium;\">Aucun r\u00e9gime arabe n&rsquo;a condamn\u00e9 l&rsquo;agression am\u00e9ricano-isra\u00e9lienne contre l&rsquo;Iran, \u00e0 l&rsquo;exception d&rsquo;Oman, qui l&rsquo;a qualifi\u00e9e de \u00ab violation du droit international \u00bb. Aucun d&rsquo;entre eux, hormis les Houthis du Y\u00e9men, n&rsquo;a pr\u00e9sent\u00e9 ses condol\u00e9ances \u00e0 l&rsquo;Iran suite au massacre de plus de 170 \u00e9coli\u00e8res et membres du personnel iraniens \u00e0 Minab, ni suite \u00e0 l&rsquo;assassinat de l&rsquo;ayatollah Ali Khamenei, de sa famille et de ses proches.<\/span><\/span><\/span><\/p>\n<p><span style=\"color: #000000;\"><span style=\"font-family: Arial, sans-serif;\"><span style=\"font-size: medium;\">M\u00eame Recep Tayyip Erdogan, pr\u00e9sident de la Turquie, membre de l&rsquo;OTAN, a jug\u00e9 bon d&rsquo;adresser ses condol\u00e9ances \u00e0 l&rsquo;Iran, tandis que les gouvernements arabes gardaient le silence. Les responsables iraniens ont fait part de ce constat lors de discussions avec leurs homologues \u00e9gyptien et turc, discussions visant \u00e0 d\u00e9samorcer le conflit. <\/span><\/span><\/span><\/p>\n<p><span style=\"color: #000000;\"><span style=\"font-family: Arial, sans-serif;\"><span style=\"font-size: medium;\">L&rsquo;Alg\u00e9rie, qui a d\u00e9fendu son anti-imp\u00e9rialisme pendant des d\u00e9cennies avant de se rallier r\u00e9cemment \u00e0 une position pro-imp\u00e9rialiste en votant pour le \u00ab\u00a0Conseil de la paix\u00a0\u00bb anti-palestinien de Trump aux Nations Unies, a confirm\u00e9 sa nouvelle orientation en refusant de condamner l&rsquo;agression, tout en exprimant sa solidarit\u00e9 avec les r\u00e9gimes arabes contre les repr\u00e9sailles iraniennes.<\/span><\/span><\/span><\/p>\n<p><span style=\"color: #000000;\"><span style=\"font-family: Arial, sans-serif;\"><span style=\"font-size: medium;\">Au Caire, le Grand Imam d&rsquo;al-Azhar a \u00e9galement manifest\u00e9 sa solidarit\u00e9 avec les \u00c9mirats arabes unis, Bahre\u00efn, le Kowe\u00eft et la Jordanie (mais curieusement pas avec le Qatar ni l&rsquo;Arabie saoudite) en condamnant l&rsquo;Iran, mais pas l&rsquo;agression am\u00e9ricano-isra\u00e9lienne. Lui aussi n&rsquo;a pr\u00e9sent\u00e9 aucune condol\u00e9ance \u00e0 Khamenei, chef religieux v\u00e9n\u00e9r\u00e9 par les chiites du monde entier.<\/span><\/span><\/span><\/p>\n<p><span style=\"color: #000000;\"><span style=\"font-family: Arial, sans-serif;\"><span style=\"font-size: medium;\">L&rsquo;affirmation des \u00c9tats arabes du Golfe et de la Jordanie selon laquelle l&rsquo;Iran viole leur souverainet\u00e9, tout en passant sous silence le fait que les forces am\u00e9ricaines utilisent leur territoire et leur espace a\u00e9rien pour violer ceux de l&rsquo;Iran, est tout \u00e0 fait infond\u00e9e. Tous les r\u00e9gimes arabes dont les pays ont \u00e9t\u00e9 vis\u00e9s par des repr\u00e9sailles iraniennes ont c\u00e9d\u00e9 une partie de leur souverainet\u00e9 aux \u00c9tats-Unis \u2013 et parfois aussi au Royaume-Uni et \u00e0 la France \u2013 leur permettant ainsi d&rsquo;\u00e9tablir des bases militaires pour attaquer l&rsquo;Irak, la Syrie et d\u00e9sormais l&rsquo;Iran.<\/span><\/span><\/span><\/p>\n<p><span style=\"color: #000000;\"><span style=\"font-family: Arial, sans-serif;\"><span style=\"font-size: medium;\">Parall\u00e8lement, ces \u00c9tats ne condamnent ni n&rsquo;essaient d&#8217;emp\u00eacher les avions de combat isra\u00e9liens de survoler leur territoire pour attaquer l&rsquo;Iran, malgr\u00e9 leurs d\u00e9clarations de \u00ab neutralit\u00e9 \u00bb.<\/span><\/span><\/span><\/p>\n<p><a href=\"https:\/\/ismfrance.org\/wp-content\/uploads\/2026\/03\/teheran3.jpg\"><img loading=\"lazy\" decoding=\"async\" class=\"size-large wp-image-27916 aligncenter\" src=\"https:\/\/ismfrance.org\/wp-content\/uploads\/2026\/03\/teheran3-700x467.jpg\" alt=\"\" width=\"600\" height=\"400\" srcset=\"https:\/\/ismfrance.org\/wp-content\/uploads\/2026\/03\/teheran3-700x467.jpg 700w, https:\/\/ismfrance.org\/wp-content\/uploads\/2026\/03\/teheran3-300x200.jpg 300w, https:\/\/ismfrance.org\/wp-content\/uploads\/2026\/03\/teheran3-768x512.jpg 768w, https:\/\/ismfrance.org\/wp-content\/uploads\/2026\/03\/teheran3.jpg 1080w\" sizes=\"auto, (max-width: 600px) 100vw, 600px\" \/><\/a><strong><span style=\"color: #000000;\"><span style=\"font-family: Arial, sans-serif;\"><span style=\"font-size: large;\">Bases et souverainet\u00e9<\/span><\/span><\/span><\/strong><\/p>\n<p><span style=\"color: #000000;\"><span style=\"font-family: Arial, sans-serif;\"><span style=\"font-size: medium;\">En vertu des accords r\u00e9gissant les bases militaires am\u00e9ricaines, aucun de ces pays n&rsquo;a le droit de savoir combien de soldats am\u00e9ricains entrent ou sortent de son territoire, ni d&rsquo;avoir son mot \u00e0 dire sur les activit\u00e9s militaires am\u00e9ricaines men\u00e9es depuis celui-ci.<\/span><\/span><\/span><\/p>\n<p><span style=\"color: #000000;\"><span style=\"font-family: Arial, sans-serif;\"><span style=\"font-size: medium;\">Les accords bilat\u00e9raux autorisant le stationnement de forces am\u00e9ricaines au Qatar et en Arabie saoudite n&rsquo;ont jamais \u00e9t\u00e9 rendus publics, et l&rsquo;accord impopulaire avec la Jordanie est consid\u00e9r\u00e9 par de nombreux Jordaniens comme une violation de la Constitution jordanienne, car il porte atteinte \u00e0 la souverainet\u00e9 du pays.<\/span><\/span><\/span><\/p>\n<p><span style=\"color: #000000;\"><span style=\"font-family: Arial, sans-serif;\"><span style=\"font-size: medium;\">Si l&rsquo;Iran accueillait des bases militaires et de renseignement russes ou chinoises utilis\u00e9es pour attaquer les \u00c9tats arabes du Golfe et la Jordanie, ces pays ne se sentiraient-ils pas en droit de riposter\u00a0?<\/span><\/span><\/span><\/p>\n<p><span style=\"color: #000000;\"><span style=\"font-family: Arial, sans-serif;\"><span style=\"font-size: medium;\">Il est curieux de constater que le syst\u00e8me de d\u00e9fense a\u00e9rienne du Qatar n&rsquo;a fourni aucune alerte pr\u00e9coce ni aucune d\u00e9fense contre l&rsquo;attaque d&rsquo;Isra\u00ebl contre Doha en septembre dernier (les \u00c9tats-Unis ne l&rsquo;ont pas non plus averti, bien qu&rsquo;Isra\u00ebl les ait inform\u00e9s de l&rsquo;attaque imminente), alors qu&rsquo;il est apparemment capable de d\u00e9tecter et, au moins, de tenter de d\u00e9fendre les int\u00e9r\u00eats militaires et diplomatiques US dans le pays contre des repr\u00e9sailles iraniennes. \u00c0 cela s&rsquo;ajoutent des rapports affirmant qu&rsquo;Isra\u00ebl est \u00e0 l&rsquo;origine de plusieurs attaques sous faux drapeau visant des installations p\u00e9troli\u00e8res d&rsquo;Aramco en Arabie saoudite, ainsi que des sites \u00e0 Oman, en Turquie et en Azerba\u00efdjan.<\/span><\/span><\/span><\/p>\n<p><span style=\"color: #000000;\"><span style=\"font-family: Arial, sans-serif;\"><span style=\"font-size: medium;\">Les Iraniens, qui ont revendiqu\u00e9 sans h\u00e9siter les attaques contre le Kowe\u00eft, Bahre\u00efn, le Qatar, les \u00c9mirats arabes unis et la base a\u00e9rienne US Prince Sultan en Arabie saoudite \u2013 que les Saoudiens persistent \u00e0 qualifier de base \u00ab saoudienne \u00bb (tout comme le reste des pays arabes, qui affirment que les bases US sur leur territoire appartiennent \u00e0 leurs propres forces arm\u00e9es) \u2013 ont ni\u00e9 toute implication dans ces autres attaques.<\/span><\/span><\/span><\/p>\n<p><span style=\"color: #000000;\"><span style=\"font-family: Arial, sans-serif;\"><span style=\"font-size: medium;\">De plus, les \u00c9tats arabes du Golfe se sont plaints que les \u00c9tats-Unis aient transf\u00e9r\u00e9 en Isra\u00ebl des syst\u00e8mes de d\u00e9fense a\u00e9rienne stationn\u00e9s sur leur territoire, les privant ainsi de capacit\u00e9s essentielles et aggravant les d\u00e9g\u00e2ts dans toute la r\u00e9gion. Quel que soit le soutien que les r\u00e9gimes arabes apportent aux Am\u00e9ricains, cela d\u00e9montre clairement qu&rsquo;Isra\u00ebl restera toujours la priorit\u00e9 de Washington \u2013 \u00e0 leurs d\u00e9pens.<\/span><\/span><\/span><\/p>\n<p><a href=\"https:\/\/ismfrance.org\/wp-content\/uploads\/2026\/03\/teheran4.jpg\"><img loading=\"lazy\" decoding=\"async\" class=\"size-large wp-image-27917 aligncenter\" src=\"https:\/\/ismfrance.org\/wp-content\/uploads\/2026\/03\/teheran4-700x467.jpg\" alt=\"\" width=\"600\" height=\"400\" srcset=\"https:\/\/ismfrance.org\/wp-content\/uploads\/2026\/03\/teheran4-700x467.jpg 700w, https:\/\/ismfrance.org\/wp-content\/uploads\/2026\/03\/teheran4-300x200.jpg 300w, https:\/\/ismfrance.org\/wp-content\/uploads\/2026\/03\/teheran4-768x512.jpg 768w, https:\/\/ismfrance.org\/wp-content\/uploads\/2026\/03\/teheran4.jpg 1080w\" sizes=\"auto, (max-width: 600px) 100vw, 600px\" \/><\/a><strong><span style=\"color: #000000;\"><span style=\"font-family: Arial, sans-serif;\"><span style=\"font-size: large;\">Qui menace qui ?<\/span><\/span><\/span><\/strong><\/p>\n<p><span style=\"color: #000000;\"><span style=\"font-family: Arial, sans-serif;\"><span style=\"font-size: medium;\">Il devrait \u00eatre clair pour les pays arabes accueillant des bases US que la pr\u00e9sence am\u00e9ricaine ne les prot\u00e8ge pas, mais les expose, eux et leurs populations, \u00e0 un grave danger.<\/span><\/span><\/span><\/p>\n<p><span style=\"color: #000000;\"><span style=\"font-family: Arial, sans-serif;\"><span style=\"font-size: medium;\">Sans ces bases, ils seraient \u00e0 l&rsquo;abri des repr\u00e9sailles iraniennes.<\/span><\/span><\/span><\/p>\n<p><span style=\"color: #000000;\"><span style=\"font-family: Arial, sans-serif;\"><span style=\"font-size: medium;\">Depuis la r\u00e9volution de 1979, l&rsquo;Iran n&rsquo;a jamais attaqu\u00e9 aucun pays, y compris les pays arabes du Golfe et la Jordanie \u2013 qui ont pourtant apport\u00e9 un soutien financier, militaire, logistique, propagandiste et diplomatique massif \u00e0 l&rsquo;invasion irakienne non provoqu\u00e9e de l&rsquo;Iran entre 1980 et 1988, invasion qui a fait plus d&rsquo;un million de morts. L&rsquo;Iran n&rsquo;a jamais ripost\u00e9 contre eux, car l&rsquo;Irak a lanc\u00e9 son invasion depuis son propre territoire, et non depuis ces pays arabes.<\/span><\/span><\/span><\/p>\n<p><span style=\"color: #000000;\"><span style=\"font-family: Arial, sans-serif;\"><span style=\"font-size: medium;\">Ce sont les pays arabes qui ont menac\u00e9 l&rsquo;Iran et soutenu toute agression \u00e0 son encontre depuis le triomphe de sa r\u00e9volution contre la dictature du Shah, soutenue par les \u00c9tats-Unis et alli\u00e9e \u00e0 Isra\u00ebl. Depuis 1981, les Saoudiens promeuvent une strat\u00e9gie arabe \u2013 initialement propos\u00e9e par le prince h\u00e9ritier Fahd \u2013 de normalisation des relations avec Isra\u00ebl afin de contenir une pr\u00e9tendue menace iranienne et de convaincre les peuples arabes que l&rsquo;Iran, et non Isra\u00ebl, est le principal ennemi de la nation arabe, alors m\u00eame qu&rsquo;Isra\u00ebl, hier comme aujourd&rsquo;hui, a toujours menac\u00e9 les pays arabes et l&rsquo;Iran.<\/span><\/span><\/span><\/p>\n<p><span style=\"color: #000000;\"><span style=\"font-family: Arial, sans-serif;\"><span style=\"font-size: medium;\">L&rsquo;initiative de Fahd a \u00e9t\u00e9 relanc\u00e9e en 2002 par le prince h\u00e9ritier Abdallah dans le cadre du pr\u00e9tendu Plan de paix arabe.<\/span><\/span><\/span><\/p>\n<p><span style=\"color: #000000;\"><span style=\"font-family: Arial, sans-serif;\"><span style=\"font-size: medium;\">Le fait que toutes ces concessions arabes \u00e0 Isra\u00ebl et cette collusion arabe contre l&rsquo;Iran n&rsquo;aient fait qu&rsquo;aggraver la situation des \u00c9tats arabes et des Palestiniens \u2013 d\u00e9sormais victimes d&rsquo;un g\u00e9nocide \u2013 n&rsquo;a pas dissuad\u00e9 les dirigeants arabes.<\/span><\/span><\/span><\/p>\n<p><span style=\"color: #000000;\"><span style=\"font-family: Arial, sans-serif;\"><span style=\"font-size: medium;\">Cette semaine, leurs ambassadeurs ont m\u00eame exhort\u00e9 la Russie \u00e0 faire pression sur l&rsquo;Iran pour qu&rsquo;il mette fin \u00e0 ses repr\u00e9sailles contre les installations US sur leur territoire. Le ministre russe des Affaires \u00e9trang\u00e8res, Sergue\u00ef Lavrov, leur a rappel\u00e9 qu&rsquo;ils avaient soutenu l&rsquo;agression US-isra\u00e9lienne contre l&rsquo;Iran d\u00e8s le d\u00e9part et que leur neutralit\u00e9 affich\u00e9e n&rsquo;\u00e9tait qu&rsquo;une fa\u00e7ade. Si les dommages subis durant cette guerre ne convainquent pas ces \u00c9tats arabes que la v\u00e9ritable menace pour leur s\u00e9curit\u00e9 est leur alliance avec les \u00c9tats-Unis et Isra\u00ebl, alors rien ne le fera.<\/span><\/span><\/span><\/p>\n<p><em><strong><span style=\"color: #000000;\"><span style=\"font-family: Arial, sans-serif;\"><span style=\"font-size: medium;\">Article original en anglais sur <a href=\"https:\/\/www.middleeasteye.net\/opinion\/who-threatens-arab-world-iran-or-us-and-israel\">Middle East Eye<\/a> \/ Traduction MR<\/span><\/span><\/span><\/strong><\/em><\/p>\n<p>(*) Source des 4 photos montrant les destructions sur T\u00e9h\u00e9ran : <span class=\"css-1jxf684 r-bcqeeo r-1ttztb7 r-qvutc0 r-poiln3\"><a href=\"https:\/\/x.com\/qudsn\/status\/2032752129509655020\">@qudsn sur X<\/a>.<\/span><\/p>\n","protected":false},"excerpt":{"rendered":"<p>Joseph Massad, 12 mars 2026. Depuis un mois, le pr\u00e9sident am\u00e9ricain Donald Trump et ses secr\u00e9taires d&rsquo;\u00c9tat et \u00e0 la Guerre mettent l&rsquo;accent sur une vision des \u00c9tats-Unis comme nation <a class=\"more-link\" href=\"https:\/\/ismfrance.org\/index.php\/2026\/03\/14\/qui-menace-le-monde-arabe-liran-ou-les-etats-unis-et-israel\/\">Lire la suite &rarr;<\/a><\/p>\n","protected":false},"author":3,"featured_media":27914,"comment_status":"closed","ping_status":"closed","sticky":false,"template":"","format":"standard","meta":{"footnotes":""},"categories":[12,2],"tags":[99,138,458],"class_list":["post-27911","post","type-post","status-publish","format-standard","has-post-thumbnail","hentry","category-analyses","category-articles","tag-imperialisme","tag-iran","tag-plan-trump"],"yoast_head":"<!-- This site is optimized with the Yoast SEO plugin v27.2 - https:\/\/yoast.com\/product\/yoast-seo-wordpress\/ -->\n<title>Qui menace le monde arabe : l&#039;Iran ou les \u00c9tats-Unis et Isra\u00ebl ? - International Solidarity Movement - ISM-France<\/title>\n<meta name=\"robots\" content=\"index, follow, max-snippet:-1, max-image-preview:large, max-video-preview:-1\" \/>\n<link rel=\"canonical\" href=\"https:\/\/ismfrance.org\/index.php\/2026\/03\/14\/qui-menace-le-monde-arabe-liran-ou-les-etats-unis-et-israel\/\" \/>\n<meta property=\"og:locale\" content=\"fr_FR\" \/>\n<meta property=\"og:type\" content=\"article\" \/>\n<meta property=\"og:title\" content=\"Qui menace le monde arabe : l&#039;Iran ou les \u00c9tats-Unis et Isra\u00ebl ? - International Solidarity Movement - ISM-France\" \/>\n<meta property=\"og:description\" content=\"Joseph Massad, 12 mars 2026. Depuis un mois, le pr\u00e9sident am\u00e9ricain Donald Trump et ses secr\u00e9taires d&rsquo;\u00c9tat et \u00e0 la Guerre mettent l&rsquo;accent sur une vision des \u00c9tats-Unis comme nation Lire la suite &rarr;\" \/>\n<meta property=\"og:url\" content=\"https:\/\/ismfrance.org\/index.php\/2026\/03\/14\/qui-menace-le-monde-arabe-liran-ou-les-etats-unis-et-israel\/\" \/>\n<meta property=\"og:site_name\" content=\"International Solidarity Movement - ISM-France\" \/>\n<meta property=\"article:published_time\" content=\"2026-03-14T10:23:07+00:00\" \/>\n<meta property=\"og:image\" content=\"https:\/\/ismfrance.org\/wp-content\/uploads\/2026\/03\/teheran1.jpg\" \/>\n\t<meta property=\"og:image:width\" content=\"1080\" \/>\n\t<meta property=\"og:image:height\" content=\"720\" \/>\n\t<meta property=\"og:image:type\" content=\"image\/jpeg\" \/>\n<meta name=\"author\" content=\"mru_01\" \/>\n<meta name=\"twitter:card\" content=\"summary_large_image\" \/>\n<meta name=\"twitter:creator\" content=\"@ISMFRANCE\" \/>\n<meta name=\"twitter:site\" content=\"@ISMFRANCE\" \/>\n<meta name=\"twitter:label1\" content=\"\u00c9crit par\" \/>\n\t<meta name=\"twitter:data1\" content=\"mru_01\" \/>\n\t<meta name=\"twitter:label2\" content=\"Dur\u00e9e de lecture estim\u00e9e\" \/>\n\t<meta name=\"twitter:data2\" content=\"11 minutes\" \/>\n<script type=\"application\/ld+json\" class=\"yoast-schema-graph\">{\"@context\":\"https:\/\/schema.org\",\"@graph\":[{\"@type\":\"Article\",\"@id\":\"https:\/\/ismfrance.org\/index.php\/2026\/03\/14\/qui-menace-le-monde-arabe-liran-ou-les-etats-unis-et-israel\/#article\",\"isPartOf\":{\"@id\":\"https:\/\/ismfrance.org\/index.php\/2026\/03\/14\/qui-menace-le-monde-arabe-liran-ou-les-etats-unis-et-israel\/\"},\"author\":{\"name\":\"mru_01\",\"@id\":\"https:\/\/ismfrance.org\/#\/schema\/person\/3c411eb72adfaae19c0dca1f41fae01d\"},\"headline\":\"Qui menace le monde arabe : l&rsquo;Iran ou les \u00c9tats-Unis et Isra\u00ebl ?\",\"datePublished\":\"2026-03-14T10:23:07+00:00\",\"mainEntityOfPage\":{\"@id\":\"https:\/\/ismfrance.org\/index.php\/2026\/03\/14\/qui-menace-le-monde-arabe-liran-ou-les-etats-unis-et-israel\/\"},\"wordCount\":2081,\"publisher\":{\"@id\":\"https:\/\/ismfrance.org\/#organization\"},\"image\":{\"@id\":\"https:\/\/ismfrance.org\/index.php\/2026\/03\/14\/qui-menace-le-monde-arabe-liran-ou-les-etats-unis-et-israel\/#primaryimage\"},\"thumbnailUrl\":\"https:\/\/ismfrance.org\/wp-content\/uploads\/2026\/03\/teheran1.jpg\",\"keywords\":[\"Imp\u00e9rialisme\",\"Iran\",\"Plan Trump\"],\"articleSection\":[\"Analyses\",\"Articles\"],\"inLanguage\":\"fr-FR\"},{\"@type\":\"WebPage\",\"@id\":\"https:\/\/ismfrance.org\/index.php\/2026\/03\/14\/qui-menace-le-monde-arabe-liran-ou-les-etats-unis-et-israel\/\",\"url\":\"https:\/\/ismfrance.org\/index.php\/2026\/03\/14\/qui-menace-le-monde-arabe-liran-ou-les-etats-unis-et-israel\/\",\"name\":\"Qui menace le monde arabe : l'Iran ou les \u00c9tats-Unis et Isra\u00ebl ? - International Solidarity Movement - ISM-France\",\"isPartOf\":{\"@id\":\"https:\/\/ismfrance.org\/#website\"},\"primaryImageOfPage\":{\"@id\":\"https:\/\/ismfrance.org\/index.php\/2026\/03\/14\/qui-menace-le-monde-arabe-liran-ou-les-etats-unis-et-israel\/#primaryimage\"},\"image\":{\"@id\":\"https:\/\/ismfrance.org\/index.php\/2026\/03\/14\/qui-menace-le-monde-arabe-liran-ou-les-etats-unis-et-israel\/#primaryimage\"},\"thumbnailUrl\":\"https:\/\/ismfrance.org\/wp-content\/uploads\/2026\/03\/teheran1.jpg\",\"datePublished\":\"2026-03-14T10:23:07+00:00\",\"breadcrumb\":{\"@id\":\"https:\/\/ismfrance.org\/index.php\/2026\/03\/14\/qui-menace-le-monde-arabe-liran-ou-les-etats-unis-et-israel\/#breadcrumb\"},\"inLanguage\":\"fr-FR\",\"potentialAction\":[{\"@type\":\"ReadAction\",\"target\":[\"https:\/\/ismfrance.org\/index.php\/2026\/03\/14\/qui-menace-le-monde-arabe-liran-ou-les-etats-unis-et-israel\/\"]}]},{\"@type\":\"ImageObject\",\"inLanguage\":\"fr-FR\",\"@id\":\"https:\/\/ismfrance.org\/index.php\/2026\/03\/14\/qui-menace-le-monde-arabe-liran-ou-les-etats-unis-et-israel\/#primaryimage\",\"url\":\"https:\/\/ismfrance.org\/wp-content\/uploads\/2026\/03\/teheran1.jpg\",\"contentUrl\":\"https:\/\/ismfrance.org\/wp-content\/uploads\/2026\/03\/teheran1.jpg\",\"width\":1080,\"height\":720},{\"@type\":\"BreadcrumbList\",\"@id\":\"https:\/\/ismfrance.org\/index.php\/2026\/03\/14\/qui-menace-le-monde-arabe-liran-ou-les-etats-unis-et-israel\/#breadcrumb\",\"itemListElement\":[{\"@type\":\"ListItem\",\"position\":1,\"name\":\"Accueil\",\"item\":\"https:\/\/ismfrance.org\/\"},{\"@type\":\"ListItem\",\"position\":2,\"name\":\"Qui menace le monde arabe : l&rsquo;Iran ou les \u00c9tats-Unis et Isra\u00ebl ?\"}]},{\"@type\":\"WebSite\",\"@id\":\"https:\/\/ismfrance.org\/#website\",\"url\":\"https:\/\/ismfrance.org\/\",\"name\":\"ISM Palestine France\",\"description\":\"Soutien aux luttes de lib\u00e9ration du peuple palestinien\",\"publisher\":{\"@id\":\"https:\/\/ismfrance.org\/#organization\"},\"potentialAction\":[{\"@type\":\"SearchAction\",\"target\":{\"@type\":\"EntryPoint\",\"urlTemplate\":\"https:\/\/ismfrance.org\/?s={search_term_string}\"},\"query-input\":{\"@type\":\"PropertyValueSpecification\",\"valueRequired\":true,\"valueName\":\"search_term_string\"}}],\"inLanguage\":\"fr-FR\"},{\"@type\":\"Organization\",\"@id\":\"https:\/\/ismfrance.org\/#organization\",\"name\":\"International Solidarity Movement\",\"url\":\"https:\/\/ismfrance.org\/\",\"logo\":{\"@type\":\"ImageObject\",\"inLanguage\":\"fr-FR\",\"@id\":\"https:\/\/ismfrance.org\/#\/schema\/logo\/image\/\",\"url\":\"https:\/\/ismfrance.org\/wp-content\/uploads\/2020\/12\/00.png\",\"contentUrl\":\"https:\/\/ismfrance.org\/wp-content\/uploads\/2020\/12\/00.png\",\"width\":400,\"height\":400,\"caption\":\"International Solidarity Movement\"},\"image\":{\"@id\":\"https:\/\/ismfrance.org\/#\/schema\/logo\/image\/\"},\"sameAs\":[\"https:\/\/x.com\/ISMFRANCE\"]},{\"@type\":\"Person\",\"@id\":\"https:\/\/ismfrance.org\/#\/schema\/person\/3c411eb72adfaae19c0dca1f41fae01d\",\"name\":\"mru_01\",\"image\":{\"@type\":\"ImageObject\",\"inLanguage\":\"fr-FR\",\"@id\":\"https:\/\/secure.gravatar.com\/avatar\/3a0be343b445d2ccc79e87444a294fad2b232e90d2051d0e3cc219e1ecd6a330?s=96&d=mm&r=g\",\"url\":\"https:\/\/secure.gravatar.com\/avatar\/3a0be343b445d2ccc79e87444a294fad2b232e90d2051d0e3cc219e1ecd6a330?s=96&d=mm&r=g\",\"contentUrl\":\"https:\/\/secure.gravatar.com\/avatar\/3a0be343b445d2ccc79e87444a294fad2b232e90d2051d0e3cc219e1ecd6a330?s=96&d=mm&r=g\",\"caption\":\"mru_01\"},\"url\":\"https:\/\/ismfrance.org\/index.php\/author\/admin02\/\"}]}<\/script>\n<!-- \/ Yoast SEO plugin. -->","yoast_head_json":{"title":"Qui menace le monde arabe : l'Iran ou les \u00c9tats-Unis et Isra\u00ebl ? - International Solidarity Movement - ISM-France","robots":{"index":"index","follow":"follow","max-snippet":"max-snippet:-1","max-image-preview":"max-image-preview:large","max-video-preview":"max-video-preview:-1"},"canonical":"https:\/\/ismfrance.org\/index.php\/2026\/03\/14\/qui-menace-le-monde-arabe-liran-ou-les-etats-unis-et-israel\/","og_locale":"fr_FR","og_type":"article","og_title":"Qui menace le monde arabe : l'Iran ou les \u00c9tats-Unis et Isra\u00ebl ? - International Solidarity Movement - ISM-France","og_description":"Joseph Massad, 12 mars 2026. Depuis un mois, le pr\u00e9sident am\u00e9ricain Donald Trump et ses secr\u00e9taires d&rsquo;\u00c9tat et \u00e0 la Guerre mettent l&rsquo;accent sur une vision des \u00c9tats-Unis comme nation Lire la suite &rarr;","og_url":"https:\/\/ismfrance.org\/index.php\/2026\/03\/14\/qui-menace-le-monde-arabe-liran-ou-les-etats-unis-et-israel\/","og_site_name":"International Solidarity Movement - ISM-France","article_published_time":"2026-03-14T10:23:07+00:00","og_image":[{"width":1080,"height":720,"url":"https:\/\/ismfrance.org\/wp-content\/uploads\/2026\/03\/teheran1.jpg","type":"image\/jpeg"}],"author":"mru_01","twitter_card":"summary_large_image","twitter_creator":"@ISMFRANCE","twitter_site":"@ISMFRANCE","twitter_misc":{"\u00c9crit par":"mru_01","Dur\u00e9e de lecture estim\u00e9e":"11 minutes"},"schema":{"@context":"https:\/\/schema.org","@graph":[{"@type":"Article","@id":"https:\/\/ismfrance.org\/index.php\/2026\/03\/14\/qui-menace-le-monde-arabe-liran-ou-les-etats-unis-et-israel\/#article","isPartOf":{"@id":"https:\/\/ismfrance.org\/index.php\/2026\/03\/14\/qui-menace-le-monde-arabe-liran-ou-les-etats-unis-et-israel\/"},"author":{"name":"mru_01","@id":"https:\/\/ismfrance.org\/#\/schema\/person\/3c411eb72adfaae19c0dca1f41fae01d"},"headline":"Qui menace le monde arabe : l&rsquo;Iran ou les \u00c9tats-Unis et Isra\u00ebl ?","datePublished":"2026-03-14T10:23:07+00:00","mainEntityOfPage":{"@id":"https:\/\/ismfrance.org\/index.php\/2026\/03\/14\/qui-menace-le-monde-arabe-liran-ou-les-etats-unis-et-israel\/"},"wordCount":2081,"publisher":{"@id":"https:\/\/ismfrance.org\/#organization"},"image":{"@id":"https:\/\/ismfrance.org\/index.php\/2026\/03\/14\/qui-menace-le-monde-arabe-liran-ou-les-etats-unis-et-israel\/#primaryimage"},"thumbnailUrl":"https:\/\/ismfrance.org\/wp-content\/uploads\/2026\/03\/teheran1.jpg","keywords":["Imp\u00e9rialisme","Iran","Plan Trump"],"articleSection":["Analyses","Articles"],"inLanguage":"fr-FR"},{"@type":"WebPage","@id":"https:\/\/ismfrance.org\/index.php\/2026\/03\/14\/qui-menace-le-monde-arabe-liran-ou-les-etats-unis-et-israel\/","url":"https:\/\/ismfrance.org\/index.php\/2026\/03\/14\/qui-menace-le-monde-arabe-liran-ou-les-etats-unis-et-israel\/","name":"Qui menace le monde arabe : l'Iran ou les \u00c9tats-Unis et Isra\u00ebl ? - International Solidarity Movement - ISM-France","isPartOf":{"@id":"https:\/\/ismfrance.org\/#website"},"primaryImageOfPage":{"@id":"https:\/\/ismfrance.org\/index.php\/2026\/03\/14\/qui-menace-le-monde-arabe-liran-ou-les-etats-unis-et-israel\/#primaryimage"},"image":{"@id":"https:\/\/ismfrance.org\/index.php\/2026\/03\/14\/qui-menace-le-monde-arabe-liran-ou-les-etats-unis-et-israel\/#primaryimage"},"thumbnailUrl":"https:\/\/ismfrance.org\/wp-content\/uploads\/2026\/03\/teheran1.jpg","datePublished":"2026-03-14T10:23:07+00:00","breadcrumb":{"@id":"https:\/\/ismfrance.org\/index.php\/2026\/03\/14\/qui-menace-le-monde-arabe-liran-ou-les-etats-unis-et-israel\/#breadcrumb"},"inLanguage":"fr-FR","potentialAction":[{"@type":"ReadAction","target":["https:\/\/ismfrance.org\/index.php\/2026\/03\/14\/qui-menace-le-monde-arabe-liran-ou-les-etats-unis-et-israel\/"]}]},{"@type":"ImageObject","inLanguage":"fr-FR","@id":"https:\/\/ismfrance.org\/index.php\/2026\/03\/14\/qui-menace-le-monde-arabe-liran-ou-les-etats-unis-et-israel\/#primaryimage","url":"https:\/\/ismfrance.org\/wp-content\/uploads\/2026\/03\/teheran1.jpg","contentUrl":"https:\/\/ismfrance.org\/wp-content\/uploads\/2026\/03\/teheran1.jpg","width":1080,"height":720},{"@type":"BreadcrumbList","@id":"https:\/\/ismfrance.org\/index.php\/2026\/03\/14\/qui-menace-le-monde-arabe-liran-ou-les-etats-unis-et-israel\/#breadcrumb","itemListElement":[{"@type":"ListItem","position":1,"name":"Accueil","item":"https:\/\/ismfrance.org\/"},{"@type":"ListItem","position":2,"name":"Qui menace le monde arabe : l&rsquo;Iran ou les \u00c9tats-Unis et Isra\u00ebl ?"}]},{"@type":"WebSite","@id":"https:\/\/ismfrance.org\/#website","url":"https:\/\/ismfrance.org\/","name":"ISM Palestine France","description":"Soutien aux luttes de lib\u00e9ration du peuple palestinien","publisher":{"@id":"https:\/\/ismfrance.org\/#organization"},"potentialAction":[{"@type":"SearchAction","target":{"@type":"EntryPoint","urlTemplate":"https:\/\/ismfrance.org\/?s={search_term_string}"},"query-input":{"@type":"PropertyValueSpecification","valueRequired":true,"valueName":"search_term_string"}}],"inLanguage":"fr-FR"},{"@type":"Organization","@id":"https:\/\/ismfrance.org\/#organization","name":"International Solidarity Movement","url":"https:\/\/ismfrance.org\/","logo":{"@type":"ImageObject","inLanguage":"fr-FR","@id":"https:\/\/ismfrance.org\/#\/schema\/logo\/image\/","url":"https:\/\/ismfrance.org\/wp-content\/uploads\/2020\/12\/00.png","contentUrl":"https:\/\/ismfrance.org\/wp-content\/uploads\/2020\/12\/00.png","width":400,"height":400,"caption":"International Solidarity Movement"},"image":{"@id":"https:\/\/ismfrance.org\/#\/schema\/logo\/image\/"},"sameAs":["https:\/\/x.com\/ISMFRANCE"]},{"@type":"Person","@id":"https:\/\/ismfrance.org\/#\/schema\/person\/3c411eb72adfaae19c0dca1f41fae01d","name":"mru_01","image":{"@type":"ImageObject","inLanguage":"fr-FR","@id":"https:\/\/secure.gravatar.com\/avatar\/3a0be343b445d2ccc79e87444a294fad2b232e90d2051d0e3cc219e1ecd6a330?s=96&d=mm&r=g","url":"https:\/\/secure.gravatar.com\/avatar\/3a0be343b445d2ccc79e87444a294fad2b232e90d2051d0e3cc219e1ecd6a330?s=96&d=mm&r=g","contentUrl":"https:\/\/secure.gravatar.com\/avatar\/3a0be343b445d2ccc79e87444a294fad2b232e90d2051d0e3cc219e1ecd6a330?s=96&d=mm&r=g","caption":"mru_01"},"url":"https:\/\/ismfrance.org\/index.php\/author\/admin02\/"}]}},"_links":{"self":[{"href":"https:\/\/ismfrance.org\/index.php\/wp-json\/wp\/v2\/posts\/27911","targetHints":{"allow":["GET"]}}],"collection":[{"href":"https:\/\/ismfrance.org\/index.php\/wp-json\/wp\/v2\/posts"}],"about":[{"href":"https:\/\/ismfrance.org\/index.php\/wp-json\/wp\/v2\/types\/post"}],"author":[{"embeddable":true,"href":"https:\/\/ismfrance.org\/index.php\/wp-json\/wp\/v2\/users\/3"}],"replies":[{"embeddable":true,"href":"https:\/\/ismfrance.org\/index.php\/wp-json\/wp\/v2\/comments?post=27911"}],"version-history":[{"count":2,"href":"https:\/\/ismfrance.org\/index.php\/wp-json\/wp\/v2\/posts\/27911\/revisions"}],"predecessor-version":[{"id":27918,"href":"https:\/\/ismfrance.org\/index.php\/wp-json\/wp\/v2\/posts\/27911\/revisions\/27918"}],"wp:featuredmedia":[{"embeddable":true,"href":"https:\/\/ismfrance.org\/index.php\/wp-json\/wp\/v2\/media\/27914"}],"wp:attachment":[{"href":"https:\/\/ismfrance.org\/index.php\/wp-json\/wp\/v2\/media?parent=27911"}],"wp:term":[{"taxonomy":"category","embeddable":true,"href":"https:\/\/ismfrance.org\/index.php\/wp-json\/wp\/v2\/categories?post=27911"},{"taxonomy":"post_tag","embeddable":true,"href":"https:\/\/ismfrance.org\/index.php\/wp-json\/wp\/v2\/tags?post=27911"}],"curies":[{"name":"wp","href":"https:\/\/api.w.org\/{rel}","templated":true}]}}