{"id":27907,"date":"2026-03-14T10:19:18","date_gmt":"2026-03-14T09:19:18","guid":{"rendered":"https:\/\/ismfrance.org\/?p=27907"},"modified":"2026-03-14T10:19:18","modified_gmt":"2026-03-14T09:19:18","slug":"operation-furie-epique","status":"publish","type":"post","link":"https:\/\/ismfrance.org\/index.php\/2026\/03\/14\/operation-furie-epique\/","title":{"rendered":"Op\u00e9ration Furie Epique"},"content":{"rendered":"<p><span style=\"color: #000000;\"><span style=\"font-family: Arial, sans-serif;\"><span style=\"font-size: medium;\">Manlio Dinucci, 13 mars 2026.- L\u2019\u201dOp\u00e9ration Furie Epique\u201d,\u00a0 d\u00e9clench\u00e9e par les Etats-Unis contre l\u2019Iran, s\u2019est ouverte le 28 f\u00e9vrier avec le massacre de 175 fillettes et enseignantes quand un missile a frapp\u00e9 une \u00e9cole \u00e9l\u00e9mentaire de T\u00e9h\u00e9ran.<\/span><\/span><\/span><\/p>\n<div id=\"attachment_27909\" style=\"width: 610px\" class=\"wp-caption aligncenter\"><a href=\"https:\/\/ismfrance.org\/wp-content\/uploads\/2026\/03\/operation-furie-epique.png\"><img loading=\"lazy\" decoding=\"async\" aria-describedby=\"caption-attachment-27909\" class=\"wp-image-27909 size-large\" src=\"https:\/\/ismfrance.org\/wp-content\/uploads\/2026\/03\/operation-furie-epique-700x399.png\" alt=\"\" width=\"600\" height=\"342\" srcset=\"https:\/\/ismfrance.org\/wp-content\/uploads\/2026\/03\/operation-furie-epique-700x399.png 700w, https:\/\/ismfrance.org\/wp-content\/uploads\/2026\/03\/operation-furie-epique-300x171.png 300w, https:\/\/ismfrance.org\/wp-content\/uploads\/2026\/03\/operation-furie-epique.png 767w\" sizes=\"auto, (max-width: 600px) 100vw, 600px\" \/><\/a><p id=\"caption-attachment-27909\" class=\"wp-caption-text\"><em><strong>Capture d&rsquo;\u00e9cran de la vid\u00e9o visible sur l&rsquo;article original.<\/strong><\/em><\/p><\/div>\n<p><span style=\"color: #000000;\"><span style=\"font-family: Arial, sans-serif;\"><span style=\"font-size: medium;\">\u00c0 la question d\u2019un journaliste du\u00a0<i>New York Times<\/i>\u00a0de savoir si c\u2019\u00e9tait les Etats-Unis qui avaient frapp\u00e9 l\u2019\u00e9cole, le pr\u00e9sident Trump a r\u00e9pondu : \u00ab\u00a0Non. Selon moi et sur la base de ce que j\u2019ai vu, \u00e7a a \u00e9t\u00e9 le fait de l\u2019Iran\u00a0\u00bb. Le secr\u00e9taire \u00e0 la Guerre Pete Hegseth a ajout\u00e9 : \u00ab\u00a0La seule partie qui prend pour cible les civils est l\u2019Iran\u00a0\u00bb. Une s\u00e9rie de preuves recueillies par le\u00a0<i>New York Times<\/i>\u00a0-dont des images satellitaires et autres vid\u00e9os v\u00e9rifi\u00e9es- d\u00e9montre que l\u2019\u00e9cole \u00e9l\u00e9mentaire a \u00e9t\u00e9 touch\u00e9e par un missile Tomahawk \u00e9tasunien. Un morceau de fer du missile qui a frapp\u00e9 l\u2019\u00e9cole porte l\u2019inscription \u201cMade in USA\u201d et le nom \u201cGlobe Motors\u201d, un producteur qui a son si\u00e8ge dans l\u2019Ohio.\u00a0<\/span><\/span><\/span><\/p>\n<p><span style=\"color: #000000;\"><span style=\"font-family: Arial, sans-serif;\"><span style=\"font-size: medium;\">Le Pentagone a communiqu\u00e9 que, dans les sept premiers jours de l\u2019Op\u00e9ration Furie Epique, ont \u00e9t\u00e9 frapp\u00e9s en Iran plus de 3.000 objectifs avec des milliers de bombes et missiles. Les forces employ\u00e9es comprennent des bombardiers strat\u00e9giques et des chasseurs-bombardiers, avions pour la guerre \u00e9lectronique, drones espions et d\u2019attaque et unit\u00e9s lance-missiles, plus d\u2019autres armements que le Pentagone m\u00eame dit ne pas pouvoir lister parce que secrets. Trump annonce maintenant un possible envoi de troupes \u00e9tasuniennes en Iran pour \u00ab\u00a0mettre en s\u00e9curit\u00e9 les provisions d\u2019uranium enrichi du pays\u00a0\u00bb. Il a d\u00e9clar\u00e9 aux journalistes : \u00ab\u00a0Envoyer des troupes en Iran ? Nous ne l\u2019avons pas encore fait mais c\u2019est quelque chose que nous pourrions faire. Si nous le faisions, les Iraniens seraient si d\u00e9cim\u00e9s qu\u2019ils ne seraient pas en mesure de combattre au sol. \u00c0 un certain point peut-\u00eatre que nous le ferons. Ce serait une chose fantastique\u00a0\u00bb. Et sans demi-mots, Trump d\u00e9clare que ce devrait \u00eatre lui, en qualit\u00e9 de pr\u00e9sident des Etats-Unis d\u2019Am\u00e9rique, qui choisirait qui doit \u00eatre au gouvernement de l\u2019Iran.<\/span><\/span><\/span><\/p>\n<p><span style=\"color: #000000;\"><span style=\"font-family: Arial, sans-serif;\"><span style=\"font-size: medium;\">Le co\u00fbt \u00e9conomique de la guerre est \u00e9norme. Le Pentagone a communiqu\u00e9 que les six premiers jours de l\u2019Op\u00e9ration Furie Epique ont co\u00fbt\u00e9 aux Etats-Unis plus de 11 milliards de dollars. Il suffit de penser qu\u2019une seule des milliers de bombes planantes \u00e0 guidage satellitaire utilis\u00e9es dans le bombardement de l\u2019Iran a un co\u00fbt qui, traduit en euros, \u00e9quivaut au montant de 25 salaires annuels moyens bruts en Italie. La croissance de la d\u00e9pense militaire \u00e9tasunienne, que Trump entend porter de 1.000 \u00e0 1.500 milliards de dollars annuels, sert de volant \u00e0 la croissance de la d\u00e9pense militaire des pays europ\u00e9ens de l\u2019OTAN : celle de l\u2019Italie, qui d\u00e9j\u00e0 d\u00e9passe la moyenne de 120 millions par jour, doit rapidement monter selon les engagements pris dans l\u2019OTAN \u00e0 plus de 300 millions d\u2019euros par jour. \u00c0 cela s\u2019ajoute l\u2019augmentation du co\u00fbt du p\u00e9trole, provoqu\u00e9e par la guerre, qui a d\u00e9pass\u00e9 les 100 dollars le baril, avec une augmentation cons\u00e9cutive du co\u00fbt de la vie. Ce m\u00e9canisme et d\u2019autres amorcent une crise \u00e9conomique de port\u00e9e mondiale.\u00a0<\/span><\/span><\/span><\/p>\n<p><span style=\"color: #000000;\"><span style=\"font-family: Arial, sans-serif;\"><span style=\"font-size: medium;\">En m\u00eame temps, l\u2019Op\u00e9ration Furie Epique acc\u00e9l\u00e8re fortement le risque de guerre nucl\u00e9aire. Isra\u00ebl -\u00e0 qui les Etats-Unis sont en train de fournir 12.000 autres bombes de 1.000 libbres \u00e0 utiliser contre l\u2019Iran et le Liban- est en train d\u2019exp\u00e9rimenter le fait que les syst\u00e8mes antimissiles fournis par les Etats-Unis ne sont pas aussi infaillibles qu\u2019il avait \u00e9t\u00e9 annonc\u00e9. Divers missiles iraniens arrivent \u00e0 les surmonter en frappant des villes et autres objectifs en Isra\u00ebl. L\u2019impact est fort, plus qu\u2019en termes de dommages et victimes, psychologiquement sur la population. En ce point cro\u00eet la possibilit\u00e9 qu\u2019Isra\u00ebl, unique pays du Moyen-Orient \u00e0 poss\u00e9der des armes nucl\u00e9aires, puisse utiliser une arme nucl\u00e9aire contre l\u2019Iran. On parle ainsi ouvertement, dans la presse isra\u00e9lienne, de l\u2019\u201dOption Samson\u201d. Elle est ainsi d\u00e9crite par le\u00a0<i>Times of Israel\u00a0<\/i>: \u00ab\u00a0l\u2019\u201dOption Samson est une doctrine conduite par la logique de la survie : quand toutes les autres dissuasions ont \u00e9chou\u00e9 et quand est en jeu l\u2019existence m\u00eame de l\u2019Etat h\u00e9breu. Pour le moment, les conditions sur son activation n\u2019y sont pas. Mais le sc\u00e9nario est en train de changer. Une escalade impr\u00e9vue ou une attaque avec un grand nombre de victimes pourraient changer les calculs du jour au lendemain. L\u2019Option Samson pr\u00e9voit l\u2019usage de la force nucl\u00e9aire comme mesure d\u00e9fensive extr\u00eame d\u2019Isra\u00ebl. Mais \u00e0 la diff\u00e9rence du Samson biblique, qui mourut avec ses ennemis, Isra\u00ebl -m\u00eame peut-\u00eatre condamn\u00e9 diplomatiquement- resterait vivant, int\u00e8gre et encore en mesure de d\u00e9fendre son propre droit \u00e0 l\u2019existence.\u00a0\u00bb<\/span><\/span><\/span><\/p>\n<p><em><strong><span style=\"color: #000000;\"><span style=\"font-family: Arial, sans-serif;\"><span style=\"font-size: medium;\">Bref r\u00e9sum\u00e9 de la revue de presse internationale\u00a0Grandangolo\u00a0sur la chaine 262 de la TV italienne <a href=\"https:\/\/www.byoblu.com\/2026\/03\/13\/operazione-furia-epica-pangea-grandangolo\/\u00a0\">Byoblu<\/a>, vendredi 12 mars 2026. \/ Traduction M-A. Patrizio.<\/span><\/span><\/span><\/strong><\/em><\/p>\n","protected":false},"excerpt":{"rendered":"<p>Manlio Dinucci, 13 mars 2026.- L\u2019\u201dOp\u00e9ration Furie Epique\u201d,\u00a0 d\u00e9clench\u00e9e par les Etats-Unis contre l\u2019Iran, s\u2019est ouverte le 28 f\u00e9vrier avec le massacre de 175 fillettes et enseignantes quand un missile <a class=\"more-link\" href=\"https:\/\/ismfrance.org\/index.php\/2026\/03\/14\/operation-furie-epique\/\">Lire la suite &rarr;<\/a><\/p>\n","protected":false},"author":3,"featured_media":27909,"comment_status":"closed","ping_status":"closed","sticky":false,"template":"","format":"standard","meta":{"footnotes":""},"categories":[12,2],"tags":[138,458],"class_list":["post-27907","post","type-post","status-publish","format-standard","has-post-thumbnail","hentry","category-analyses","category-articles","tag-iran","tag-plan-trump"],"yoast_head":"<!-- This site is optimized with the Yoast SEO plugin v27.2 - https:\/\/yoast.com\/product\/yoast-seo-wordpress\/ -->\n<title>Op\u00e9ration Furie Epique - International Solidarity Movement - ISM-France<\/title>\n<meta name=\"robots\" content=\"index, follow, max-snippet:-1, max-image-preview:large, max-video-preview:-1\" \/>\n<link rel=\"canonical\" href=\"https:\/\/ismfrance.org\/index.php\/2026\/03\/14\/operation-furie-epique\/\" \/>\n<meta property=\"og:locale\" content=\"fr_FR\" \/>\n<meta property=\"og:type\" content=\"article\" \/>\n<meta property=\"og:title\" content=\"Op\u00e9ration Furie Epique - International Solidarity Movement - ISM-France\" \/>\n<meta property=\"og:description\" content=\"Manlio Dinucci, 13 mars 2026.- L\u2019\u201dOp\u00e9ration Furie Epique\u201d,\u00a0 d\u00e9clench\u00e9e par les Etats-Unis contre l\u2019Iran, s\u2019est ouverte le 28 f\u00e9vrier avec le massacre de 175 fillettes et enseignantes quand un missile Lire la suite &rarr;\" \/>\n<meta property=\"og:url\" content=\"https:\/\/ismfrance.org\/index.php\/2026\/03\/14\/operation-furie-epique\/\" \/>\n<meta property=\"og:site_name\" content=\"International Solidarity Movement - ISM-France\" \/>\n<meta property=\"article:published_time\" content=\"2026-03-14T09:19:18+00:00\" \/>\n<meta property=\"og:image\" content=\"https:\/\/ismfrance.org\/wp-content\/uploads\/2026\/03\/operation-furie-epique.png\" \/>\n\t<meta property=\"og:image:width\" content=\"767\" \/>\n\t<meta property=\"og:image:height\" content=\"437\" \/>\n\t<meta property=\"og:image:type\" content=\"image\/png\" \/>\n<meta name=\"author\" content=\"mru_01\" \/>\n<meta name=\"twitter:card\" content=\"summary_large_image\" \/>\n<meta name=\"twitter:creator\" content=\"@ISMFRANCE\" \/>\n<meta name=\"twitter:site\" content=\"@ISMFRANCE\" \/>\n<meta name=\"twitter:label1\" content=\"\u00c9crit par\" \/>\n\t<meta name=\"twitter:data1\" content=\"mru_01\" \/>\n\t<meta name=\"twitter:label2\" content=\"Dur\u00e9e de lecture estim\u00e9e\" \/>\n\t<meta name=\"twitter:data2\" content=\"5 minutes\" \/>\n<script type=\"application\/ld+json\" class=\"yoast-schema-graph\">{\"@context\":\"https:\/\/schema.org\",\"@graph\":[{\"@type\":\"Article\",\"@id\":\"https:\/\/ismfrance.org\/index.php\/2026\/03\/14\/operation-furie-epique\/#article\",\"isPartOf\":{\"@id\":\"https:\/\/ismfrance.org\/index.php\/2026\/03\/14\/operation-furie-epique\/\"},\"author\":{\"name\":\"mru_01\",\"@id\":\"https:\/\/ismfrance.org\/#\/schema\/person\/3c411eb72adfaae19c0dca1f41fae01d\"},\"headline\":\"Op\u00e9ration Furie Epique\",\"datePublished\":\"2026-03-14T09:19:18+00:00\",\"mainEntityOfPage\":{\"@id\":\"https:\/\/ismfrance.org\/index.php\/2026\/03\/14\/operation-furie-epique\/\"},\"wordCount\":896,\"publisher\":{\"@id\":\"https:\/\/ismfrance.org\/#organization\"},\"image\":{\"@id\":\"https:\/\/ismfrance.org\/index.php\/2026\/03\/14\/operation-furie-epique\/#primaryimage\"},\"thumbnailUrl\":\"https:\/\/ismfrance.org\/wp-content\/uploads\/2026\/03\/operation-furie-epique.png\",\"keywords\":[\"Iran\",\"Plan Trump\"],\"articleSection\":[\"Analyses\",\"Articles\"],\"inLanguage\":\"fr-FR\"},{\"@type\":\"WebPage\",\"@id\":\"https:\/\/ismfrance.org\/index.php\/2026\/03\/14\/operation-furie-epique\/\",\"url\":\"https:\/\/ismfrance.org\/index.php\/2026\/03\/14\/operation-furie-epique\/\",\"name\":\"Op\u00e9ration Furie Epique - International Solidarity Movement - ISM-France\",\"isPartOf\":{\"@id\":\"https:\/\/ismfrance.org\/#website\"},\"primaryImageOfPage\":{\"@id\":\"https:\/\/ismfrance.org\/index.php\/2026\/03\/14\/operation-furie-epique\/#primaryimage\"},\"image\":{\"@id\":\"https:\/\/ismfrance.org\/index.php\/2026\/03\/14\/operation-furie-epique\/#primaryimage\"},\"thumbnailUrl\":\"https:\/\/ismfrance.org\/wp-content\/uploads\/2026\/03\/operation-furie-epique.png\",\"datePublished\":\"2026-03-14T09:19:18+00:00\",\"breadcrumb\":{\"@id\":\"https:\/\/ismfrance.org\/index.php\/2026\/03\/14\/operation-furie-epique\/#breadcrumb\"},\"inLanguage\":\"fr-FR\",\"potentialAction\":[{\"@type\":\"ReadAction\",\"target\":[\"https:\/\/ismfrance.org\/index.php\/2026\/03\/14\/operation-furie-epique\/\"]}]},{\"@type\":\"ImageObject\",\"inLanguage\":\"fr-FR\",\"@id\":\"https:\/\/ismfrance.org\/index.php\/2026\/03\/14\/operation-furie-epique\/#primaryimage\",\"url\":\"https:\/\/ismfrance.org\/wp-content\/uploads\/2026\/03\/operation-furie-epique.png\",\"contentUrl\":\"https:\/\/ismfrance.org\/wp-content\/uploads\/2026\/03\/operation-furie-epique.png\",\"width\":767,\"height\":437},{\"@type\":\"BreadcrumbList\",\"@id\":\"https:\/\/ismfrance.org\/index.php\/2026\/03\/14\/operation-furie-epique\/#breadcrumb\",\"itemListElement\":[{\"@type\":\"ListItem\",\"position\":1,\"name\":\"Accueil\",\"item\":\"https:\/\/ismfrance.org\/\"},{\"@type\":\"ListItem\",\"position\":2,\"name\":\"Op\u00e9ration Furie Epique\"}]},{\"@type\":\"WebSite\",\"@id\":\"https:\/\/ismfrance.org\/#website\",\"url\":\"https:\/\/ismfrance.org\/\",\"name\":\"ISM Palestine France\",\"description\":\"Soutien aux luttes de lib\u00e9ration du peuple palestinien\",\"publisher\":{\"@id\":\"https:\/\/ismfrance.org\/#organization\"},\"potentialAction\":[{\"@type\":\"SearchAction\",\"target\":{\"@type\":\"EntryPoint\",\"urlTemplate\":\"https:\/\/ismfrance.org\/?s={search_term_string}\"},\"query-input\":{\"@type\":\"PropertyValueSpecification\",\"valueRequired\":true,\"valueName\":\"search_term_string\"}}],\"inLanguage\":\"fr-FR\"},{\"@type\":\"Organization\",\"@id\":\"https:\/\/ismfrance.org\/#organization\",\"name\":\"International Solidarity Movement\",\"url\":\"https:\/\/ismfrance.org\/\",\"logo\":{\"@type\":\"ImageObject\",\"inLanguage\":\"fr-FR\",\"@id\":\"https:\/\/ismfrance.org\/#\/schema\/logo\/image\/\",\"url\":\"https:\/\/ismfrance.org\/wp-content\/uploads\/2020\/12\/00.png\",\"contentUrl\":\"https:\/\/ismfrance.org\/wp-content\/uploads\/2020\/12\/00.png\",\"width\":400,\"height\":400,\"caption\":\"International Solidarity Movement\"},\"image\":{\"@id\":\"https:\/\/ismfrance.org\/#\/schema\/logo\/image\/\"},\"sameAs\":[\"https:\/\/x.com\/ISMFRANCE\"]},{\"@type\":\"Person\",\"@id\":\"https:\/\/ismfrance.org\/#\/schema\/person\/3c411eb72adfaae19c0dca1f41fae01d\",\"name\":\"mru_01\",\"image\":{\"@type\":\"ImageObject\",\"inLanguage\":\"fr-FR\",\"@id\":\"https:\/\/secure.gravatar.com\/avatar\/3a0be343b445d2ccc79e87444a294fad2b232e90d2051d0e3cc219e1ecd6a330?s=96&d=mm&r=g\",\"url\":\"https:\/\/secure.gravatar.com\/avatar\/3a0be343b445d2ccc79e87444a294fad2b232e90d2051d0e3cc219e1ecd6a330?s=96&d=mm&r=g\",\"contentUrl\":\"https:\/\/secure.gravatar.com\/avatar\/3a0be343b445d2ccc79e87444a294fad2b232e90d2051d0e3cc219e1ecd6a330?s=96&d=mm&r=g\",\"caption\":\"mru_01\"},\"url\":\"https:\/\/ismfrance.org\/index.php\/author\/admin02\/\"}]}<\/script>\n<!-- \/ Yoast SEO plugin. -->","yoast_head_json":{"title":"Op\u00e9ration Furie Epique - International Solidarity Movement - ISM-France","robots":{"index":"index","follow":"follow","max-snippet":"max-snippet:-1","max-image-preview":"max-image-preview:large","max-video-preview":"max-video-preview:-1"},"canonical":"https:\/\/ismfrance.org\/index.php\/2026\/03\/14\/operation-furie-epique\/","og_locale":"fr_FR","og_type":"article","og_title":"Op\u00e9ration Furie Epique - International Solidarity Movement - ISM-France","og_description":"Manlio Dinucci, 13 mars 2026.- L\u2019\u201dOp\u00e9ration Furie Epique\u201d,\u00a0 d\u00e9clench\u00e9e par les Etats-Unis contre l\u2019Iran, s\u2019est ouverte le 28 f\u00e9vrier avec le massacre de 175 fillettes et enseignantes quand un missile Lire la suite &rarr;","og_url":"https:\/\/ismfrance.org\/index.php\/2026\/03\/14\/operation-furie-epique\/","og_site_name":"International Solidarity Movement - ISM-France","article_published_time":"2026-03-14T09:19:18+00:00","og_image":[{"width":767,"height":437,"url":"https:\/\/ismfrance.org\/wp-content\/uploads\/2026\/03\/operation-furie-epique.png","type":"image\/png"}],"author":"mru_01","twitter_card":"summary_large_image","twitter_creator":"@ISMFRANCE","twitter_site":"@ISMFRANCE","twitter_misc":{"\u00c9crit par":"mru_01","Dur\u00e9e de lecture estim\u00e9e":"5 minutes"},"schema":{"@context":"https:\/\/schema.org","@graph":[{"@type":"Article","@id":"https:\/\/ismfrance.org\/index.php\/2026\/03\/14\/operation-furie-epique\/#article","isPartOf":{"@id":"https:\/\/ismfrance.org\/index.php\/2026\/03\/14\/operation-furie-epique\/"},"author":{"name":"mru_01","@id":"https:\/\/ismfrance.org\/#\/schema\/person\/3c411eb72adfaae19c0dca1f41fae01d"},"headline":"Op\u00e9ration Furie Epique","datePublished":"2026-03-14T09:19:18+00:00","mainEntityOfPage":{"@id":"https:\/\/ismfrance.org\/index.php\/2026\/03\/14\/operation-furie-epique\/"},"wordCount":896,"publisher":{"@id":"https:\/\/ismfrance.org\/#organization"},"image":{"@id":"https:\/\/ismfrance.org\/index.php\/2026\/03\/14\/operation-furie-epique\/#primaryimage"},"thumbnailUrl":"https:\/\/ismfrance.org\/wp-content\/uploads\/2026\/03\/operation-furie-epique.png","keywords":["Iran","Plan Trump"],"articleSection":["Analyses","Articles"],"inLanguage":"fr-FR"},{"@type":"WebPage","@id":"https:\/\/ismfrance.org\/index.php\/2026\/03\/14\/operation-furie-epique\/","url":"https:\/\/ismfrance.org\/index.php\/2026\/03\/14\/operation-furie-epique\/","name":"Op\u00e9ration Furie Epique - International Solidarity Movement - ISM-France","isPartOf":{"@id":"https:\/\/ismfrance.org\/#website"},"primaryImageOfPage":{"@id":"https:\/\/ismfrance.org\/index.php\/2026\/03\/14\/operation-furie-epique\/#primaryimage"},"image":{"@id":"https:\/\/ismfrance.org\/index.php\/2026\/03\/14\/operation-furie-epique\/#primaryimage"},"thumbnailUrl":"https:\/\/ismfrance.org\/wp-content\/uploads\/2026\/03\/operation-furie-epique.png","datePublished":"2026-03-14T09:19:18+00:00","breadcrumb":{"@id":"https:\/\/ismfrance.org\/index.php\/2026\/03\/14\/operation-furie-epique\/#breadcrumb"},"inLanguage":"fr-FR","potentialAction":[{"@type":"ReadAction","target":["https:\/\/ismfrance.org\/index.php\/2026\/03\/14\/operation-furie-epique\/"]}]},{"@type":"ImageObject","inLanguage":"fr-FR","@id":"https:\/\/ismfrance.org\/index.php\/2026\/03\/14\/operation-furie-epique\/#primaryimage","url":"https:\/\/ismfrance.org\/wp-content\/uploads\/2026\/03\/operation-furie-epique.png","contentUrl":"https:\/\/ismfrance.org\/wp-content\/uploads\/2026\/03\/operation-furie-epique.png","width":767,"height":437},{"@type":"BreadcrumbList","@id":"https:\/\/ismfrance.org\/index.php\/2026\/03\/14\/operation-furie-epique\/#breadcrumb","itemListElement":[{"@type":"ListItem","position":1,"name":"Accueil","item":"https:\/\/ismfrance.org\/"},{"@type":"ListItem","position":2,"name":"Op\u00e9ration Furie Epique"}]},{"@type":"WebSite","@id":"https:\/\/ismfrance.org\/#website","url":"https:\/\/ismfrance.org\/","name":"ISM Palestine France","description":"Soutien aux luttes de lib\u00e9ration du peuple palestinien","publisher":{"@id":"https:\/\/ismfrance.org\/#organization"},"potentialAction":[{"@type":"SearchAction","target":{"@type":"EntryPoint","urlTemplate":"https:\/\/ismfrance.org\/?s={search_term_string}"},"query-input":{"@type":"PropertyValueSpecification","valueRequired":true,"valueName":"search_term_string"}}],"inLanguage":"fr-FR"},{"@type":"Organization","@id":"https:\/\/ismfrance.org\/#organization","name":"International Solidarity Movement","url":"https:\/\/ismfrance.org\/","logo":{"@type":"ImageObject","inLanguage":"fr-FR","@id":"https:\/\/ismfrance.org\/#\/schema\/logo\/image\/","url":"https:\/\/ismfrance.org\/wp-content\/uploads\/2020\/12\/00.png","contentUrl":"https:\/\/ismfrance.org\/wp-content\/uploads\/2020\/12\/00.png","width":400,"height":400,"caption":"International Solidarity Movement"},"image":{"@id":"https:\/\/ismfrance.org\/#\/schema\/logo\/image\/"},"sameAs":["https:\/\/x.com\/ISMFRANCE"]},{"@type":"Person","@id":"https:\/\/ismfrance.org\/#\/schema\/person\/3c411eb72adfaae19c0dca1f41fae01d","name":"mru_01","image":{"@type":"ImageObject","inLanguage":"fr-FR","@id":"https:\/\/secure.gravatar.com\/avatar\/3a0be343b445d2ccc79e87444a294fad2b232e90d2051d0e3cc219e1ecd6a330?s=96&d=mm&r=g","url":"https:\/\/secure.gravatar.com\/avatar\/3a0be343b445d2ccc79e87444a294fad2b232e90d2051d0e3cc219e1ecd6a330?s=96&d=mm&r=g","contentUrl":"https:\/\/secure.gravatar.com\/avatar\/3a0be343b445d2ccc79e87444a294fad2b232e90d2051d0e3cc219e1ecd6a330?s=96&d=mm&r=g","caption":"mru_01"},"url":"https:\/\/ismfrance.org\/index.php\/author\/admin02\/"}]}},"_links":{"self":[{"href":"https:\/\/ismfrance.org\/index.php\/wp-json\/wp\/v2\/posts\/27907","targetHints":{"allow":["GET"]}}],"collection":[{"href":"https:\/\/ismfrance.org\/index.php\/wp-json\/wp\/v2\/posts"}],"about":[{"href":"https:\/\/ismfrance.org\/index.php\/wp-json\/wp\/v2\/types\/post"}],"author":[{"embeddable":true,"href":"https:\/\/ismfrance.org\/index.php\/wp-json\/wp\/v2\/users\/3"}],"replies":[{"embeddable":true,"href":"https:\/\/ismfrance.org\/index.php\/wp-json\/wp\/v2\/comments?post=27907"}],"version-history":[{"count":2,"href":"https:\/\/ismfrance.org\/index.php\/wp-json\/wp\/v2\/posts\/27907\/revisions"}],"predecessor-version":[{"id":27910,"href":"https:\/\/ismfrance.org\/index.php\/wp-json\/wp\/v2\/posts\/27907\/revisions\/27910"}],"wp:featuredmedia":[{"embeddable":true,"href":"https:\/\/ismfrance.org\/index.php\/wp-json\/wp\/v2\/media\/27909"}],"wp:attachment":[{"href":"https:\/\/ismfrance.org\/index.php\/wp-json\/wp\/v2\/media?parent=27907"}],"wp:term":[{"taxonomy":"category","embeddable":true,"href":"https:\/\/ismfrance.org\/index.php\/wp-json\/wp\/v2\/categories?post=27907"},{"taxonomy":"post_tag","embeddable":true,"href":"https:\/\/ismfrance.org\/index.php\/wp-json\/wp\/v2\/tags?post=27907"}],"curies":[{"name":"wp","href":"https:\/\/api.w.org\/{rel}","templated":true}]}}