{"id":27901,"date":"2026-03-13T20:22:36","date_gmt":"2026-03-13T19:22:36","guid":{"rendered":"https:\/\/ismfrance.org\/?p=27901"},"modified":"2026-03-13T20:27:55","modified_gmt":"2026-03-13T19:27:55","slug":"reprise-des-canaux-diplomatiques-alors-que-la-guerre-menace-la-region","status":"publish","type":"post","link":"https:\/\/ismfrance.org\/index.php\/2026\/03\/13\/reprise-des-canaux-diplomatiques-alors-que-la-guerre-menace-la-region\/","title":{"rendered":"Reprise des canaux diplomatiques alors que la guerre menace la r\u00e9gion"},"content":{"rendered":"<p><strong><span style=\"color: #000000;\"><span style=\"font-family: Arial, sans-serif;\"><span style=\"font-size: medium;\">The Palestine Chronicle, 13 mars 2026 \u2013 <\/span><\/span><\/span><\/strong><span style=\"color: #000000;\"><span style=\"font-family: Arial, sans-serif;\"><span style=\"font-size: medium;\">Les initiatives diplomatiques se multiplient dans la r\u00e9gion, tandis que les gouvernements et les instances internationales intensifient les n\u00e9gociations pour mettre un terme \u00e0 l\u2019escalade du conflit avec l\u2019Iran.<\/span><\/span><\/span><\/p>\n<div id=\"attachment_27903\" style=\"width: 688px\" class=\"wp-caption alignnone\"><a href=\"https:\/\/ismfrance.org\/wp-content\/uploads\/2026\/03\/diplomatie.jpg\"><img loading=\"lazy\" decoding=\"async\" aria-describedby=\"caption-attachment-27903\" class=\"wp-image-27903 size-full\" src=\"https:\/\/ismfrance.org\/wp-content\/uploads\/2026\/03\/diplomatie.jpg\" alt=\"\" width=\"678\" height=\"455\" srcset=\"https:\/\/ismfrance.org\/wp-content\/uploads\/2026\/03\/diplomatie.jpg 678w, https:\/\/ismfrance.org\/wp-content\/uploads\/2026\/03\/diplomatie-300x201.jpg 300w\" sizes=\"auto, (max-width: 678px) 100vw, 678px\" \/><\/a><p id=\"caption-attachment-27903\" class=\"wp-caption-text\"><em><strong>De gauche \u00e0 droite : Rafael Grossi, directeur g\u00e9n\u00e9ral de l&rsquo;AIEA ; Antonio Guterres, secr\u00e9taire g\u00e9n\u00e9ral des Nations Unies ; Abdel Fattah al-Sissi, pr\u00e9sident de la r\u00e9publique arabe d&rsquo;Egypte.<\/strong><\/em><\/p><\/div>\n<p><strong><span style=\"color: #000000;\"><span style=\"font-family: Arial, sans-serif;\"><span style=\"font-size: medium;\">Principaux d\u00e9veloppements<\/span><\/span><\/span><\/strong><\/p>\n<p><span style=\"color: #000000;\"><span style=\"font-family: Arial, sans-serif;\"><span style=\"font-size: medium;\">Le directeur g\u00e9n\u00e9ral de l\u2019Agence internationale de l\u2019\u00e9nergie atomique (AIEA) affirme que des initiatives sont en cours pour relancer les n\u00e9gociations sur le programme nucl\u00e9aire iranien.<\/span><\/span><\/span><\/p>\n<p><span style=\"color: #000000;\"><span style=\"font-family: Arial, sans-serif;\"><span style=\"font-size: medium;\">L\u2019\u00c9gypte et plusieurs acteurs r\u00e9gionaux se disent pr\u00eats \u00e0 jouer un r\u00f4le de m\u00e9diateur entre Washington et T\u00e9h\u00e9ran face \u00e0 l\u2019escalade du conflit.<\/span><\/span><\/span><\/p>\n<p><span style=\"color: #000000;\"><span style=\"font-family: Arial, sans-serif;\"><span style=\"font-size: medium;\">L\u2019ONU exhorte \u00e0 un cessez-le-feu r\u00e9gional, tandis que la pression diplomatique s\u2019accro\u00eet pour pr\u00e9venir une extension de la guerre au Moyen-Orient.<\/span><\/span><\/span><\/p>\n<p><strong><span style=\"color: #000000;\"><span style=\"font-family: Arial, sans-serif;\"><span style=\"font-size: medium;\">Reprise des n\u00e9gociations sur le nucl\u00e9aire<\/span><\/span><\/span><\/strong><\/p>\n<p><span style=\"color: #000000;\"><span style=\"font-family: Arial, sans-serif;\"><span style=\"font-size: medium;\">Les efforts diplomatiques visant \u00e0 relancer les n\u00e9gociations sur le programme nucl\u00e9aire iranien semblent s&rsquo;intensifier, alors m\u00eame que le conflit entre l&rsquo;Iran et les \u00c9tats-Unis, soutenus par Isra\u00ebl, continue de s&rsquo;aggraver.<\/span><\/span><\/span><\/p>\n<p><span style=\"color: #000000;\"><span style=\"font-family: Arial, sans-serif;\"><span style=\"font-size: medium;\">Rafael Grossi, directeur g\u00e9n\u00e9ral de l&rsquo;Agence internationale de l&rsquo;\u00e9nergie atomique (AIEA), a d\u00e9clar\u00e9 vendredi que l&rsquo;agence \u0153uvrait \u00e0 la conclusion d&rsquo;un accord nucl\u00e9aire \u00e0 long terme entre Washington et T\u00e9h\u00e9ran. Selon l&rsquo;agence de presse russe TASS, M. Grossi a tenu ces propos lors d&rsquo;une visite \u00e0 Moscou, o\u00f9 il a exprim\u00e9 l&rsquo;espoir d&rsquo;une reprise prochaine des n\u00e9gociations.<\/span><\/span><\/span><\/p>\n<p><span style=\"color: #000000;\"><span style=\"font-family: Arial, sans-serif;\"><span style=\"font-size: medium;\">Ces d\u00e9clarations interviennent alors que les canaux diplomatiques semblent se rouvrir discr\u00e8tement apr\u00e8s plusieurs semaines d&rsquo;escalade militaire. Des pourparlers entre les \u00c9tats-Unis et l&rsquo;Iran s&rsquo;\u00e9taient d\u00e9j\u00e0 d\u00e9roul\u00e9s indirectement par l&rsquo;interm\u00e9diaire de m\u00e9diateurs, dont Oman, avant que la derni\u00e8re vague de violence n&rsquo;\u00e9clate dans la r\u00e9gion.<\/span><\/span><\/span><\/p>\n<p><span style=\"color: #000000;\"><span style=\"font-family: Arial, sans-serif;\"><span style=\"font-size: medium;\">Quelques jours seulement avant le d\u00e9but du conflit actuel, un troisi\u00e8me cycle de n\u00e9gociations nucl\u00e9aires indirectes s&rsquo;\u00e9tait tenu \u00e0 Gen\u00e8ve, le 26 f\u00e9vrier, sous la m\u00e9diation d&rsquo;Oman. Les responsables impliqu\u00e9s dans ces discussions avaient d\u00e9crit l&rsquo;atmosph\u00e8re comme positive, laissant entrevoir un espoir prudent de voir subsister une voie diplomatique malgr\u00e9 la profonde m\u00e9fiance entre Washington et T\u00e9h\u00e9ran.<\/span><\/span><\/span><\/p>\n<p><span style=\"color: #000000;\"><span style=\"font-family: Arial, sans-serif;\"><span style=\"font-size: medium;\">Cependant, l&rsquo;agression soudaine am\u00e9ricano-isra\u00e9lienne contre l&rsquo;Iran, deux jours plus tard, a brutalement interrompu ces pourparlers. Depuis lors, la r\u00e9gion s&rsquo;est enfonc\u00e9e dans une confrontation croissante qui a impliqu\u00e9 de nombreux acteurs et ouvert plusieurs fronts militaires.<\/span><\/span><\/span><\/p>\n<p><span style=\"color: #000000;\"><span style=\"font-family: Arial, sans-serif;\"><span style=\"font-size: medium;\">Les propos de Grossi laissent entendre que, malgr\u00e9 la d\u00e9vastation et la mont\u00e9e des tensions, les acteurs internationaux \u00e9tudient \u00e0 nouveau les moyens de relancer les n\u00e9gociations sur le programme nucl\u00e9aire iranien, dans le cadre d&rsquo;un effort plus large visant \u00e0 stabiliser la r\u00e9gion.<\/span><\/span><\/span><\/p>\n<p><strong><span style=\"color: #000000;\"><span style=\"font-family: Arial, sans-serif;\"><span style=\"font-size: medium;\">Initiatives r\u00e9gionales de m\u00e9diation<\/span><\/span><\/span><\/strong><\/p>\n<p><span style=\"color: #000000;\"><span style=\"font-family: Arial, sans-serif;\"><span style=\"font-size: medium;\">Parall\u00e8lement, les puissances r\u00e9gionales semblent de plus en plus pr\u00e9occup\u00e9es par le risque d&rsquo;une guerre prolong\u00e9e et se positionnent discr\u00e8tement comme m\u00e9diateurs potentiels.<\/span><\/span><\/span><\/p>\n<p><span style=\"color: #000000;\"><span style=\"font-family: Arial, sans-serif;\"><span style=\"font-size: medium;\">Selon des informations cit\u00e9es par <i>Al-Mayadeen<\/i>, des responsables d&rsquo;Oman, d&rsquo;\u00c9gypte, du Pakistan et de Turquie ont men\u00e9 des initiatives diplomatiques pour persuader l&rsquo;Iran et l&rsquo;administration Trump de renouer le dialogue et de n\u00e9gocier un cessez-le-feu.<\/span><\/span><\/span><\/p>\n<p><span style=\"color: #000000;\"><span style=\"font-family: Arial, sans-serif;\"><span style=\"font-size: medium;\">Cette initiative chercherait \u00e0 convaincre T\u00e9h\u00e9ran d&rsquo;entamer des pourparlers avec Washington afin de mettre un terme \u00e0 l&rsquo;escalade du conflit, qui a d\u00e9j\u00e0 entra\u00een\u00e9 des \u00e9changes de missiles, des attaques contre des installations militaires et une instabilit\u00e9 croissante dans plusieurs pays de la r\u00e9gion.<\/span><\/span><\/span><\/p>\n<p><span style=\"color: #000000;\"><span style=\"font-family: Arial, sans-serif;\"><span style=\"font-size: medium;\">Cependant, les premiers signes indiquent que ces efforts de m\u00e9diation pourraient se heurter \u00e0 des obstacles importants. Selon plusieurs m\u00e9dias, les responsables iraniens ont jusqu&rsquo;\u00e0 pr\u00e9sent refus\u00e9 d&rsquo;entamer des n\u00e9gociations directes sans conditions pr\u00e9alables, afin de garantir que les \u00c9tats-Unis et Isra\u00ebl n&rsquo;instrumentaliseront pas ces n\u00e9gociations pour pr\u00e9parer une nouvelle agression contre le pays.<\/span><\/span><\/span><\/p>\n<p><span style=\"color: #000000;\"><span style=\"font-family: Arial, sans-serif;\"><span style=\"font-size: medium;\">La position de T\u00e9h\u00e9ran refl\u00e8te une position plus g\u00e9n\u00e9rale selon laquelle aucune n\u00e9gociation ne peut avoir lieu tant que les \u00c9tats-Unis et Isra\u00ebl poursuivent leurs op\u00e9rations militaires. Les autorit\u00e9s iraniennes ont maintes fois qualifi\u00e9 les attaques en cours d&rsquo;agressions visant les infrastructures civiles, les zones r\u00e9sidentielles et les installations strat\u00e9giques \u00e0 travers le pays.<\/span><\/span><\/span><\/p>\n<p><span style=\"color: #000000;\"><span style=\"font-family: Arial, sans-serif;\"><span style=\"font-size: medium;\">Malgr\u00e9 ces tensions, plusieurs gouvernements semblent d\u00e9termin\u00e9s \u00e0 emp\u00eacher l&rsquo;escalade du conflit. Oman a jou\u00e9 un r\u00f4le cl\u00e9 en tant qu&rsquo;interm\u00e9diaire discret entre l&rsquo;Iran et les \u00c9tats-Unis. Parall\u00e8lement, l&rsquo;\u00c9gypte et la Turquie ont souvent servi de relais diplomatiques r\u00e9gionaux lors de crises.<\/span><\/span><\/span><\/p>\n<p><span style=\"color: #000000;\"><span style=\"font-family: Arial, sans-serif;\"><span style=\"font-size: medium;\">La reprise des efforts de m\u00e9diation laisse penser que de nombreux acteurs r\u00e9gionaux craignent que, sans engagement diplomatique imm\u00e9diat, le conflit ne s&rsquo;\u00e9tende au-del\u00e0 de ses fronti\u00e8res actuelles.<\/span><\/span><\/span><\/p>\n<p><strong><span style=\"color: #000000;\"><span style=\"font-family: Arial, sans-serif;\"><span style=\"font-size: medium;\">L&rsquo;ONU appelle \u00e0 la retenue<\/span><\/span><\/span><\/strong><\/p>\n<p><span style=\"color: #000000;\"><span style=\"font-family: Arial, sans-serif;\"><span style=\"font-size: medium;\">Les organisations internationales intensifient leurs pressions diplomatiques afin d&#8217;emp\u00eacher que l&rsquo;escalade des tensions ne d\u00e9g\u00e9n\u00e8re en un conflit r\u00e9gional d&rsquo;envergure.<\/span><\/span><\/span><\/p>\n<p><span style=\"color: #000000;\"><span style=\"font-family: Arial, sans-serif;\"><span style=\"font-size: medium;\">Le Secr\u00e9taire g\u00e9n\u00e9ral des Nations Unies, Ant\u00f3nio Guterres, a appel\u00e9 \u00e0 un cessez-le-feu imm\u00e9diat entre Isra\u00ebl et le Hezbollah lors d&rsquo;une visite au Liban. Ses propos interviennent dans un contexte d&rsquo;intensification des \u00e9changes transfrontaliers, qui ont transform\u00e9 le Sud-Liban en un nouveau front du conflit r\u00e9gional.<\/span><\/span><\/span><\/p>\n<p><span style=\"color: #000000;\"><span style=\"font-family: Arial, sans-serif;\"><span style=\"font-size: medium;\">S&rsquo;exprimant apr\u00e8s sa rencontre avec le pr\u00e9sident libanais Joseph Aoun, M. Guterres a soulign\u00e9 que le peuple libanais n&rsquo;avait pas choisi cette guerre, mais qu&rsquo;il y \u00e9tait entra\u00een\u00e9 malgr\u00e9 lui.<\/span><\/span><\/span><\/p>\n<p><span style=\"color: #000000;\"><span style=\"font-family: Arial, sans-serif;\"><span style=\"font-size: medium;\">\u00ab Le peuple libanais n&rsquo;a pas choisi cette guerre. Il y a \u00e9t\u00e9 entra\u00een\u00e9 de force \u00bb, avait-il \u00e9crit plus t\u00f4t dans un message publi\u00e9 sur le r\u00e9seau social X \u00e0 son arriv\u00e9e \u00e0 Beyrouth.<\/span><\/span><\/span><\/p>\n<p><span style=\"color: #000000;\"><span style=\"font-family: Arial, sans-serif;\"><span style=\"font-size: medium;\">M. Guterres a d\u00e9clar\u00e9 que les Nations Unies \u00ab ne m\u00e9nageraient aucun effort \u00bb pour \u0153uvrer \u00e0 un avenir pacifique pour le Liban et la r\u00e9gion, insistant sur l&rsquo;urgence d&rsquo;une d\u00e9sescalade. Sa visite comprenait \u00e9galement des rencontres avec le pr\u00e9sident du Parlement libanais, Nabih Berri, le commandant de l&rsquo;arm\u00e9e libanaise, Rudolph Haykal, et des repr\u00e9sentants d&rsquo;organisations internationales pr\u00e9parant un appel humanitaire d&rsquo;urgence pour le Liban.<\/span><\/span><\/span><\/p>\n<p><span style=\"color: #000000;\"><span style=\"font-family: Arial, sans-serif;\"><span style=\"font-size: medium;\">Cette offensive diplomatique t\u00e9moigne des craintes croissantes que la guerre, d\u00e9clench\u00e9e par l&rsquo;agression US-isra\u00e9lienne contre l&rsquo;Iran le 28 f\u00e9vrier, n&rsquo;entra\u00eene une crise r\u00e9gionale bien plus vaste. Depuis lors, l&rsquo;Iran a men\u00e9 des frappes de missiles et de drones contre des cibles militaires et de renseignement isra\u00e9liennes, ainsi que contre des installations militaires US dans toute la r\u00e9gion.<\/span><\/span><\/span><\/p>\n<p><span style=\"color: #000000;\"><span style=\"font-family: Arial, sans-serif;\"><span style=\"font-size: medium;\">Parall\u00e8lement, les \u00e9changes transfrontaliers entre le Hezbollah et les forces isra\u00e9liennes se sont intensifi\u00e9s depuis d\u00e9but mars, faisant craindre que le Liban ne devienne un autre champ de bataille majeur dans cette confrontation grandissante.<\/span><\/span><\/span><\/p>\n<p><span style=\"color: #000000;\"><span style=\"font-family: Arial, sans-serif;\"><span style=\"font-size: medium;\">Les initiatives diplomatiques qui \u00e9mergent \u2013 \u200b\u200bdes n\u00e9gociations nucl\u00e9aires aux efforts de m\u00e9diation r\u00e9gionale en passant par l&rsquo;intervention de l&rsquo;ONU \u2013 soulignent une prise de conscience grandissante du fait que la guerre d\u00e9clench\u00e9e par les \u00c9tats-Unis et Isra\u00ebl approche rapidement d&rsquo;un seuil critique.<\/span><\/span><\/span><\/p>\n<p><span style=\"color: #000000;\"><span style=\"font-family: Arial, sans-serif;\"><span style=\"font-size: medium;\">Il reste toutefois incertain que ces initiatives parviennent \u00e0 ralentir la progression vers une guerre r\u00e9gionale plus \u00e9tendue. Mais cette recrudescence de l&rsquo;activit\u00e9 diplomatique sugg\u00e8re que de nombreux acteurs reconnaissent d\u00e9sormais l&rsquo;urgence de rouvrir les canaux politiques avant que l&rsquo;escalade actuelle ne devienne impossible \u00e0 contenir.<\/span><\/span><\/span><\/p>\n<p><em><span style=\"color: #000000;\"><span style=\"font-family: Arial, sans-serif;\"><span style=\"font-size: medium;\">(PC, Reuters, Al-Mayadeen, Anadolu, Israeli Media)<\/span><\/span><\/span><\/em><\/p>\n<p><em><strong><span style=\"color: #000000;\"><span style=\"font-family: Arial, sans-serif;\"><span style=\"font-size: medium;\">Article original en anglais sur <a href=\"https:\/\/palestinechronicle.substack.com\/p\/diplomatic-channels-reopen-as-war\">The Palestine Chronicle<\/a> \/ Traduction MR<\/span><\/span><\/span><\/strong><\/em><\/p>\n","protected":false},"excerpt":{"rendered":"<p>The Palestine Chronicle, 13 mars 2026 \u2013 Les initiatives diplomatiques se multiplient dans la r\u00e9gion, tandis que les gouvernements et les instances internationales intensifient les n\u00e9gociations pour mettre un terme <a class=\"more-link\" href=\"https:\/\/ismfrance.org\/index.php\/2026\/03\/13\/reprise-des-canaux-diplomatiques-alors-que-la-guerre-menace-la-region\/\">Lire la suite &rarr;<\/a><\/p>\n","protected":false},"author":3,"featured_media":27903,"comment_status":"closed","ping_status":"closed","sticky":false,"template":"","format":"standard","meta":{"footnotes":""},"categories":[12,2],"tags":[138],"class_list":["post-27901","post","type-post","status-publish","format-standard","has-post-thumbnail","hentry","category-analyses","category-articles","tag-iran"],"yoast_head":"<!-- This site is optimized with the Yoast SEO plugin v27.2 - https:\/\/yoast.com\/product\/yoast-seo-wordpress\/ -->\n<title>Reprise des canaux diplomatiques alors que la guerre menace la r\u00e9gion - International Solidarity Movement - ISM-France<\/title>\n<meta name=\"robots\" content=\"index, follow, max-snippet:-1, max-image-preview:large, max-video-preview:-1\" \/>\n<link rel=\"canonical\" href=\"https:\/\/ismfrance.org\/index.php\/2026\/03\/13\/reprise-des-canaux-diplomatiques-alors-que-la-guerre-menace-la-region\/\" \/>\n<meta property=\"og:locale\" content=\"fr_FR\" \/>\n<meta property=\"og:type\" content=\"article\" \/>\n<meta property=\"og:title\" content=\"Reprise des canaux diplomatiques alors que la guerre menace la r\u00e9gion - International Solidarity Movement - ISM-France\" \/>\n<meta property=\"og:description\" content=\"The Palestine Chronicle, 13 mars 2026 \u2013 Les initiatives diplomatiques se multiplient dans la r\u00e9gion, tandis que les gouvernements et les instances internationales intensifient les n\u00e9gociations pour mettre un terme Lire la suite &rarr;\" \/>\n<meta property=\"og:url\" content=\"https:\/\/ismfrance.org\/index.php\/2026\/03\/13\/reprise-des-canaux-diplomatiques-alors-que-la-guerre-menace-la-region\/\" \/>\n<meta property=\"og:site_name\" content=\"International Solidarity Movement - ISM-France\" \/>\n<meta property=\"article:published_time\" content=\"2026-03-13T19:22:36+00:00\" \/>\n<meta property=\"article:modified_time\" content=\"2026-03-13T19:27:55+00:00\" \/>\n<meta property=\"og:image\" content=\"https:\/\/ismfrance.org\/wp-content\/uploads\/2026\/03\/diplomatie.jpg\" \/>\n\t<meta property=\"og:image:width\" content=\"678\" \/>\n\t<meta property=\"og:image:height\" content=\"455\" \/>\n\t<meta property=\"og:image:type\" content=\"image\/jpeg\" \/>\n<meta name=\"author\" content=\"mru_01\" \/>\n<meta name=\"twitter:card\" content=\"summary_large_image\" \/>\n<meta name=\"twitter:creator\" content=\"@ISMFRANCE\" \/>\n<meta name=\"twitter:site\" content=\"@ISMFRANCE\" \/>\n<meta name=\"twitter:label1\" content=\"\u00c9crit par\" \/>\n\t<meta name=\"twitter:data1\" content=\"mru_01\" \/>\n\t<meta name=\"twitter:label2\" content=\"Dur\u00e9e de lecture estim\u00e9e\" \/>\n\t<meta name=\"twitter:data2\" content=\"6 minutes\" \/>\n<script type=\"application\/ld+json\" class=\"yoast-schema-graph\">{\"@context\":\"https:\/\/schema.org\",\"@graph\":[{\"@type\":\"Article\",\"@id\":\"https:\/\/ismfrance.org\/index.php\/2026\/03\/13\/reprise-des-canaux-diplomatiques-alors-que-la-guerre-menace-la-region\/#article\",\"isPartOf\":{\"@id\":\"https:\/\/ismfrance.org\/index.php\/2026\/03\/13\/reprise-des-canaux-diplomatiques-alors-que-la-guerre-menace-la-region\/\"},\"author\":{\"name\":\"mru_01\",\"@id\":\"https:\/\/ismfrance.org\/#\/schema\/person\/3c411eb72adfaae19c0dca1f41fae01d\"},\"headline\":\"Reprise des canaux diplomatiques alors que la guerre menace la r\u00e9gion\",\"datePublished\":\"2026-03-13T19:22:36+00:00\",\"dateModified\":\"2026-03-13T19:27:55+00:00\",\"mainEntityOfPage\":{\"@id\":\"https:\/\/ismfrance.org\/index.php\/2026\/03\/13\/reprise-des-canaux-diplomatiques-alors-que-la-guerre-menace-la-region\/\"},\"wordCount\":1312,\"publisher\":{\"@id\":\"https:\/\/ismfrance.org\/#organization\"},\"image\":{\"@id\":\"https:\/\/ismfrance.org\/index.php\/2026\/03\/13\/reprise-des-canaux-diplomatiques-alors-que-la-guerre-menace-la-region\/#primaryimage\"},\"thumbnailUrl\":\"https:\/\/ismfrance.org\/wp-content\/uploads\/2026\/03\/diplomatie.jpg\",\"keywords\":[\"Iran\"],\"articleSection\":[\"Analyses\",\"Articles\"],\"inLanguage\":\"fr-FR\"},{\"@type\":\"WebPage\",\"@id\":\"https:\/\/ismfrance.org\/index.php\/2026\/03\/13\/reprise-des-canaux-diplomatiques-alors-que-la-guerre-menace-la-region\/\",\"url\":\"https:\/\/ismfrance.org\/index.php\/2026\/03\/13\/reprise-des-canaux-diplomatiques-alors-que-la-guerre-menace-la-region\/\",\"name\":\"Reprise des canaux diplomatiques alors que la guerre menace la r\u00e9gion - International Solidarity Movement - ISM-France\",\"isPartOf\":{\"@id\":\"https:\/\/ismfrance.org\/#website\"},\"primaryImageOfPage\":{\"@id\":\"https:\/\/ismfrance.org\/index.php\/2026\/03\/13\/reprise-des-canaux-diplomatiques-alors-que-la-guerre-menace-la-region\/#primaryimage\"},\"image\":{\"@id\":\"https:\/\/ismfrance.org\/index.php\/2026\/03\/13\/reprise-des-canaux-diplomatiques-alors-que-la-guerre-menace-la-region\/#primaryimage\"},\"thumbnailUrl\":\"https:\/\/ismfrance.org\/wp-content\/uploads\/2026\/03\/diplomatie.jpg\",\"datePublished\":\"2026-03-13T19:22:36+00:00\",\"dateModified\":\"2026-03-13T19:27:55+00:00\",\"breadcrumb\":{\"@id\":\"https:\/\/ismfrance.org\/index.php\/2026\/03\/13\/reprise-des-canaux-diplomatiques-alors-que-la-guerre-menace-la-region\/#breadcrumb\"},\"inLanguage\":\"fr-FR\",\"potentialAction\":[{\"@type\":\"ReadAction\",\"target\":[\"https:\/\/ismfrance.org\/index.php\/2026\/03\/13\/reprise-des-canaux-diplomatiques-alors-que-la-guerre-menace-la-region\/\"]}]},{\"@type\":\"ImageObject\",\"inLanguage\":\"fr-FR\",\"@id\":\"https:\/\/ismfrance.org\/index.php\/2026\/03\/13\/reprise-des-canaux-diplomatiques-alors-que-la-guerre-menace-la-region\/#primaryimage\",\"url\":\"https:\/\/ismfrance.org\/wp-content\/uploads\/2026\/03\/diplomatie.jpg\",\"contentUrl\":\"https:\/\/ismfrance.org\/wp-content\/uploads\/2026\/03\/diplomatie.jpg\",\"width\":678,\"height\":455},{\"@type\":\"BreadcrumbList\",\"@id\":\"https:\/\/ismfrance.org\/index.php\/2026\/03\/13\/reprise-des-canaux-diplomatiques-alors-que-la-guerre-menace-la-region\/#breadcrumb\",\"itemListElement\":[{\"@type\":\"ListItem\",\"position\":1,\"name\":\"Accueil\",\"item\":\"https:\/\/ismfrance.org\/\"},{\"@type\":\"ListItem\",\"position\":2,\"name\":\"Reprise des canaux diplomatiques alors que la guerre menace la r\u00e9gion\"}]},{\"@type\":\"WebSite\",\"@id\":\"https:\/\/ismfrance.org\/#website\",\"url\":\"https:\/\/ismfrance.org\/\",\"name\":\"ISM Palestine France\",\"description\":\"Soutien aux luttes de lib\u00e9ration du peuple palestinien\",\"publisher\":{\"@id\":\"https:\/\/ismfrance.org\/#organization\"},\"potentialAction\":[{\"@type\":\"SearchAction\",\"target\":{\"@type\":\"EntryPoint\",\"urlTemplate\":\"https:\/\/ismfrance.org\/?s={search_term_string}\"},\"query-input\":{\"@type\":\"PropertyValueSpecification\",\"valueRequired\":true,\"valueName\":\"search_term_string\"}}],\"inLanguage\":\"fr-FR\"},{\"@type\":\"Organization\",\"@id\":\"https:\/\/ismfrance.org\/#organization\",\"name\":\"International Solidarity Movement\",\"url\":\"https:\/\/ismfrance.org\/\",\"logo\":{\"@type\":\"ImageObject\",\"inLanguage\":\"fr-FR\",\"@id\":\"https:\/\/ismfrance.org\/#\/schema\/logo\/image\/\",\"url\":\"https:\/\/ismfrance.org\/wp-content\/uploads\/2020\/12\/00.png\",\"contentUrl\":\"https:\/\/ismfrance.org\/wp-content\/uploads\/2020\/12\/00.png\",\"width\":400,\"height\":400,\"caption\":\"International Solidarity Movement\"},\"image\":{\"@id\":\"https:\/\/ismfrance.org\/#\/schema\/logo\/image\/\"},\"sameAs\":[\"https:\/\/x.com\/ISMFRANCE\"]},{\"@type\":\"Person\",\"@id\":\"https:\/\/ismfrance.org\/#\/schema\/person\/3c411eb72adfaae19c0dca1f41fae01d\",\"name\":\"mru_01\",\"image\":{\"@type\":\"ImageObject\",\"inLanguage\":\"fr-FR\",\"@id\":\"https:\/\/secure.gravatar.com\/avatar\/3a0be343b445d2ccc79e87444a294fad2b232e90d2051d0e3cc219e1ecd6a330?s=96&d=mm&r=g\",\"url\":\"https:\/\/secure.gravatar.com\/avatar\/3a0be343b445d2ccc79e87444a294fad2b232e90d2051d0e3cc219e1ecd6a330?s=96&d=mm&r=g\",\"contentUrl\":\"https:\/\/secure.gravatar.com\/avatar\/3a0be343b445d2ccc79e87444a294fad2b232e90d2051d0e3cc219e1ecd6a330?s=96&d=mm&r=g\",\"caption\":\"mru_01\"},\"url\":\"https:\/\/ismfrance.org\/index.php\/author\/admin02\/\"}]}<\/script>\n<!-- \/ Yoast SEO plugin. -->","yoast_head_json":{"title":"Reprise des canaux diplomatiques alors que la guerre menace la r\u00e9gion - International Solidarity Movement - ISM-France","robots":{"index":"index","follow":"follow","max-snippet":"max-snippet:-1","max-image-preview":"max-image-preview:large","max-video-preview":"max-video-preview:-1"},"canonical":"https:\/\/ismfrance.org\/index.php\/2026\/03\/13\/reprise-des-canaux-diplomatiques-alors-que-la-guerre-menace-la-region\/","og_locale":"fr_FR","og_type":"article","og_title":"Reprise des canaux diplomatiques alors que la guerre menace la r\u00e9gion - International Solidarity Movement - ISM-France","og_description":"The Palestine Chronicle, 13 mars 2026 \u2013 Les initiatives diplomatiques se multiplient dans la r\u00e9gion, tandis que les gouvernements et les instances internationales intensifient les n\u00e9gociations pour mettre un terme Lire la suite &rarr;","og_url":"https:\/\/ismfrance.org\/index.php\/2026\/03\/13\/reprise-des-canaux-diplomatiques-alors-que-la-guerre-menace-la-region\/","og_site_name":"International Solidarity Movement - ISM-France","article_published_time":"2026-03-13T19:22:36+00:00","article_modified_time":"2026-03-13T19:27:55+00:00","og_image":[{"width":678,"height":455,"url":"https:\/\/ismfrance.org\/wp-content\/uploads\/2026\/03\/diplomatie.jpg","type":"image\/jpeg"}],"author":"mru_01","twitter_card":"summary_large_image","twitter_creator":"@ISMFRANCE","twitter_site":"@ISMFRANCE","twitter_misc":{"\u00c9crit par":"mru_01","Dur\u00e9e de lecture estim\u00e9e":"6 minutes"},"schema":{"@context":"https:\/\/schema.org","@graph":[{"@type":"Article","@id":"https:\/\/ismfrance.org\/index.php\/2026\/03\/13\/reprise-des-canaux-diplomatiques-alors-que-la-guerre-menace-la-region\/#article","isPartOf":{"@id":"https:\/\/ismfrance.org\/index.php\/2026\/03\/13\/reprise-des-canaux-diplomatiques-alors-que-la-guerre-menace-la-region\/"},"author":{"name":"mru_01","@id":"https:\/\/ismfrance.org\/#\/schema\/person\/3c411eb72adfaae19c0dca1f41fae01d"},"headline":"Reprise des canaux diplomatiques alors que la guerre menace la r\u00e9gion","datePublished":"2026-03-13T19:22:36+00:00","dateModified":"2026-03-13T19:27:55+00:00","mainEntityOfPage":{"@id":"https:\/\/ismfrance.org\/index.php\/2026\/03\/13\/reprise-des-canaux-diplomatiques-alors-que-la-guerre-menace-la-region\/"},"wordCount":1312,"publisher":{"@id":"https:\/\/ismfrance.org\/#organization"},"image":{"@id":"https:\/\/ismfrance.org\/index.php\/2026\/03\/13\/reprise-des-canaux-diplomatiques-alors-que-la-guerre-menace-la-region\/#primaryimage"},"thumbnailUrl":"https:\/\/ismfrance.org\/wp-content\/uploads\/2026\/03\/diplomatie.jpg","keywords":["Iran"],"articleSection":["Analyses","Articles"],"inLanguage":"fr-FR"},{"@type":"WebPage","@id":"https:\/\/ismfrance.org\/index.php\/2026\/03\/13\/reprise-des-canaux-diplomatiques-alors-que-la-guerre-menace-la-region\/","url":"https:\/\/ismfrance.org\/index.php\/2026\/03\/13\/reprise-des-canaux-diplomatiques-alors-que-la-guerre-menace-la-region\/","name":"Reprise des canaux diplomatiques alors que la guerre menace la r\u00e9gion - International Solidarity Movement - ISM-France","isPartOf":{"@id":"https:\/\/ismfrance.org\/#website"},"primaryImageOfPage":{"@id":"https:\/\/ismfrance.org\/index.php\/2026\/03\/13\/reprise-des-canaux-diplomatiques-alors-que-la-guerre-menace-la-region\/#primaryimage"},"image":{"@id":"https:\/\/ismfrance.org\/index.php\/2026\/03\/13\/reprise-des-canaux-diplomatiques-alors-que-la-guerre-menace-la-region\/#primaryimage"},"thumbnailUrl":"https:\/\/ismfrance.org\/wp-content\/uploads\/2026\/03\/diplomatie.jpg","datePublished":"2026-03-13T19:22:36+00:00","dateModified":"2026-03-13T19:27:55+00:00","breadcrumb":{"@id":"https:\/\/ismfrance.org\/index.php\/2026\/03\/13\/reprise-des-canaux-diplomatiques-alors-que-la-guerre-menace-la-region\/#breadcrumb"},"inLanguage":"fr-FR","potentialAction":[{"@type":"ReadAction","target":["https:\/\/ismfrance.org\/index.php\/2026\/03\/13\/reprise-des-canaux-diplomatiques-alors-que-la-guerre-menace-la-region\/"]}]},{"@type":"ImageObject","inLanguage":"fr-FR","@id":"https:\/\/ismfrance.org\/index.php\/2026\/03\/13\/reprise-des-canaux-diplomatiques-alors-que-la-guerre-menace-la-region\/#primaryimage","url":"https:\/\/ismfrance.org\/wp-content\/uploads\/2026\/03\/diplomatie.jpg","contentUrl":"https:\/\/ismfrance.org\/wp-content\/uploads\/2026\/03\/diplomatie.jpg","width":678,"height":455},{"@type":"BreadcrumbList","@id":"https:\/\/ismfrance.org\/index.php\/2026\/03\/13\/reprise-des-canaux-diplomatiques-alors-que-la-guerre-menace-la-region\/#breadcrumb","itemListElement":[{"@type":"ListItem","position":1,"name":"Accueil","item":"https:\/\/ismfrance.org\/"},{"@type":"ListItem","position":2,"name":"Reprise des canaux diplomatiques alors que la guerre menace la r\u00e9gion"}]},{"@type":"WebSite","@id":"https:\/\/ismfrance.org\/#website","url":"https:\/\/ismfrance.org\/","name":"ISM Palestine France","description":"Soutien aux luttes de lib\u00e9ration du peuple palestinien","publisher":{"@id":"https:\/\/ismfrance.org\/#organization"},"potentialAction":[{"@type":"SearchAction","target":{"@type":"EntryPoint","urlTemplate":"https:\/\/ismfrance.org\/?s={search_term_string}"},"query-input":{"@type":"PropertyValueSpecification","valueRequired":true,"valueName":"search_term_string"}}],"inLanguage":"fr-FR"},{"@type":"Organization","@id":"https:\/\/ismfrance.org\/#organization","name":"International Solidarity Movement","url":"https:\/\/ismfrance.org\/","logo":{"@type":"ImageObject","inLanguage":"fr-FR","@id":"https:\/\/ismfrance.org\/#\/schema\/logo\/image\/","url":"https:\/\/ismfrance.org\/wp-content\/uploads\/2020\/12\/00.png","contentUrl":"https:\/\/ismfrance.org\/wp-content\/uploads\/2020\/12\/00.png","width":400,"height":400,"caption":"International Solidarity Movement"},"image":{"@id":"https:\/\/ismfrance.org\/#\/schema\/logo\/image\/"},"sameAs":["https:\/\/x.com\/ISMFRANCE"]},{"@type":"Person","@id":"https:\/\/ismfrance.org\/#\/schema\/person\/3c411eb72adfaae19c0dca1f41fae01d","name":"mru_01","image":{"@type":"ImageObject","inLanguage":"fr-FR","@id":"https:\/\/secure.gravatar.com\/avatar\/3a0be343b445d2ccc79e87444a294fad2b232e90d2051d0e3cc219e1ecd6a330?s=96&d=mm&r=g","url":"https:\/\/secure.gravatar.com\/avatar\/3a0be343b445d2ccc79e87444a294fad2b232e90d2051d0e3cc219e1ecd6a330?s=96&d=mm&r=g","contentUrl":"https:\/\/secure.gravatar.com\/avatar\/3a0be343b445d2ccc79e87444a294fad2b232e90d2051d0e3cc219e1ecd6a330?s=96&d=mm&r=g","caption":"mru_01"},"url":"https:\/\/ismfrance.org\/index.php\/author\/admin02\/"}]}},"_links":{"self":[{"href":"https:\/\/ismfrance.org\/index.php\/wp-json\/wp\/v2\/posts\/27901","targetHints":{"allow":["GET"]}}],"collection":[{"href":"https:\/\/ismfrance.org\/index.php\/wp-json\/wp\/v2\/posts"}],"about":[{"href":"https:\/\/ismfrance.org\/index.php\/wp-json\/wp\/v2\/types\/post"}],"author":[{"embeddable":true,"href":"https:\/\/ismfrance.org\/index.php\/wp-json\/wp\/v2\/users\/3"}],"replies":[{"embeddable":true,"href":"https:\/\/ismfrance.org\/index.php\/wp-json\/wp\/v2\/comments?post=27901"}],"version-history":[{"count":4,"href":"https:\/\/ismfrance.org\/index.php\/wp-json\/wp\/v2\/posts\/27901\/revisions"}],"predecessor-version":[{"id":27906,"href":"https:\/\/ismfrance.org\/index.php\/wp-json\/wp\/v2\/posts\/27901\/revisions\/27906"}],"wp:featuredmedia":[{"embeddable":true,"href":"https:\/\/ismfrance.org\/index.php\/wp-json\/wp\/v2\/media\/27903"}],"wp:attachment":[{"href":"https:\/\/ismfrance.org\/index.php\/wp-json\/wp\/v2\/media?parent=27901"}],"wp:term":[{"taxonomy":"category","embeddable":true,"href":"https:\/\/ismfrance.org\/index.php\/wp-json\/wp\/v2\/categories?post=27901"},{"taxonomy":"post_tag","embeddable":true,"href":"https:\/\/ismfrance.org\/index.php\/wp-json\/wp\/v2\/tags?post=27901"}],"curies":[{"name":"wp","href":"https:\/\/api.w.org\/{rel}","templated":true}]}}