{"id":27860,"date":"2026-03-12T08:16:16","date_gmt":"2026-03-12T07:16:16","guid":{"rendered":"https:\/\/ismfrance.org\/?p=27860"},"modified":"2026-03-12T08:16:54","modified_gmt":"2026-03-12T07:16:54","slug":"marseille-pour-la-palestine-et-contre-le-genocide-pour-la-justice-et-contre-les-guerres-imperialistes-contre-le-sionisme-tout-fascisme-et-tout-racisme-samedi-14-mars-2026-a-14h-a-la-porte","status":"publish","type":"post","link":"https:\/\/ismfrance.org\/index.php\/2026\/03\/12\/marseille-pour-la-palestine-et-contre-le-genocide-pour-la-justice-et-contre-les-guerres-imperialistes-contre-le-sionisme-tout-fascisme-et-tout-racisme-samedi-14-mars-2026-a-14h-a-la-porte\/","title":{"rendered":"Marseille pour la Palestine et contre le g\u00e9nocide, Pour la justice et contre les guerres imp\u00e9rialistes, Contre le sionisme, tout\u00a0fascisme et tout racisme\u00a0samedi 14 Mars 2026 \u00e0 14H \u00e0 la Porte d\u2019Aix"},"content":{"rendered":"<p><span style=\"color: #000000;\"><span style=\"font-family: Arial, sans-serif;\"><span style=\"font-size: medium;\"><strong>Chris, 11 mars 2026.-<\/strong> Le g\u00e9nocide \u00e0 Gaza n\u2019a jamais cess\u00e9.\u00a0Bombardements, famine, destructions, massacres : l\u2019extermination redouble d\u2019intensit\u00e9 pendant que le monde regarde vers l\u2019Iran.<br \/>\nTout en essayant d\u2019an\u00e9antir Gaza et le Liban, l&rsquo;entit\u00e9\u00a0nazioniste\u00a0acc\u00e9l\u00e8re le nettoyage ethnique et l\u2019annexion de la Cisjordanie.\u00a0<\/span><\/span><\/span><\/p>\n<p><span style=\"color: #000000;\"><span style=\"font-family: Arial, sans-serif;\"><span style=\"font-size: medium;\">L\u2019extermination planifi\u00e9e d\u2019un peuple est soutenue par nos gouvernements et nos m\u00e9dias.\u00a0<\/span><\/span><\/span><\/p>\n<p><a href=\"https:\/\/ismfrance.org\/wp-content\/uploads\/2026\/03\/marseille-14-mars.png\"><img loading=\"lazy\" decoding=\"async\" class=\"wp-image-27862 alignleft\" src=\"https:\/\/ismfrance.org\/wp-content\/uploads\/2026\/03\/marseille-14-mars-560x700.png\" alt=\"\" width=\"231\" height=\"288\" srcset=\"https:\/\/ismfrance.org\/wp-content\/uploads\/2026\/03\/marseille-14-mars-560x700.png 560w, https:\/\/ismfrance.org\/wp-content\/uploads\/2026\/03\/marseille-14-mars-240x300.png 240w, https:\/\/ismfrance.org\/wp-content\/uploads\/2026\/03\/marseille-14-mars-768x960.png 768w, https:\/\/ismfrance.org\/wp-content\/uploads\/2026\/03\/marseille-14-mars.png 1024w\" sizes=\"auto, (max-width: 231px) 100vw, 231px\" \/><\/a><span style=\"color: #000000;\"><span style=\"font-family: Arial, sans-serif;\"><span style=\"font-size: medium;\">Bien que l\u2019empire lance toutes ses forces dans la bataille finale, il ne r\u00e9ussit qu\u2019\u00e0 r\u00e9pandre mis\u00e8re et souffrances, sans jamais atteindre la moindre victoire. \u00a0Les sionistes commencent \u00e0 paniquer car ils voient bien que l\u2019entit\u00e9 sioniste va dispara\u00eetre. Esp\u00e9rons qu\u2019elle entra\u00eene dans sa chute les u.s.a\u2026 que la plan\u00e8te\u00a0respire\u00a0enfin ! Que les responsables soient jug\u00e9s. Que la Palestine se lib\u00e8re et que nous puissions construire un monde de vraie justice.<\/span><\/span><\/span><\/p>\n<p><span style=\"color: #000000;\"><span style=\"font-family: Arial, sans-serif;\"><span style=\"font-size: medium;\">Si l\u2019empire est foutu, c\u2019est surtout gr\u00e2ce \u00e0 :<\/span><\/span><\/span><\/p>\n<p><span style=\"color: #000000;\"><span style=\"font-family: Arial, sans-serif;\"><span style=\"font-size: medium;\">&#8211; la r\u00e9sistance h\u00e9ro\u00efque du peuple palestinien qui inspire le reste du monde,<\/span><\/span><\/span><\/p>\n<p><span style=\"color: #000000;\"><span style=\"font-family: Arial, sans-serif;\"><span style=\"font-size: medium;\">&#8211; l\u2019Iran et ses alli\u00e9s, qui ont toujours d\u00e9fendu cette cause juste et tous les opprim\u00e9s,<\/span><\/span><\/span><\/p>\n<p><span style=\"color: #000000;\"><span style=\"font-family: Arial, sans-serif;\"><span style=\"font-size: medium;\">&#8211; le soutien discret des v\u00e9ritables grandes puissances, la Russie et la Chine,<\/span><\/span><\/span><\/p>\n<p><span style=\"color: #000000;\"><span style=\"font-family: Arial, sans-serif;\"><span style=\"font-size: medium;\">Mais aussi le soutien croissant de toute la population mondiale qui ne tol\u00e8re plus la brutalit\u00e9 et l\u2019arrogance des dominants.<\/span><\/span><\/span><\/p>\n<p><span style=\"color: #000000;\"><span style=\"font-family: Arial, sans-serif;\"><span style=\"font-size: medium;\">C\u2019est pourquoi il faut continuer \u00e0 faire notre part et descendre dans la rue, protester contre l\u2019innommable et exiger la condamnation des assassins de masse et de leurs complices des m\u00e9dias et gouvernements occidentaux.<\/span><\/span><\/span><\/p>\n<p><span style=\"color: #000000;\"><span style=\"font-family: Arial, sans-serif;\"><span style=\"font-size: medium;\">Nous obtiendrons la justice et le droit de vivre dans un monde humain, d\u2019o\u00f9 seront bannis\u00a0fascisme, racisme et sionisme !<\/span><\/span><\/span><\/p>\n<p style=\"text-align: center;\" align=\"CENTER\"><strong><span style=\"color: #ff0000;\"><span style=\"font-family: Arial, sans-serif;\"><span style=\"font-size: medium;\">Pour Gaza<\/span><\/span><\/span><\/strong><\/p>\n<p style=\"text-align: center;\" align=\"CENTER\"><strong><span style=\"color: #ff0000;\"><span style=\"font-family: Arial, sans-serif;\"><span style=\"font-size: medium;\">Pour toute la Palestine, libre de la mer au Jourdain<\/span><\/span><\/span><\/strong><\/p>\n<p style=\"text-align: center;\" align=\"CENTER\"><strong><span style=\"color: #ff0000;\"><span style=\"font-family: Arial, sans-serif;\"><span style=\"font-size: medium;\">Contre le g\u00e9nocide, l\u2019occupation et l\u2019impunit\u00e9\u00a0<\/span><\/span><\/span><\/strong><\/p>\n<p style=\"text-align: center;\" align=\"CENTER\"><strong><span style=\"color: #ff0000;\"><span style=\"font-family: Arial, sans-serif;\"><span style=\"font-size: medium;\">Contre la complicit\u00e9 de l\u2019occident et ses guerres imp\u00e9rialistes.<\/span><\/span><\/span><\/strong><\/p>\n<p style=\"text-align: center;\" align=\"CENTER\"><strong><span style=\"color: #ff0000;\"><span style=\"font-family: Arial, sans-serif;\"><span style=\"font-size: medium;\">Pour l\u2019Iran qui va \u00e9liminer l\u2019entit\u00e9 g\u00e9nocidaire<\/span><\/span><\/span><\/strong><\/p>\n<p style=\"text-align: center;\" align=\"CENTER\"><strong><span style=\"color: #ff0000;\"><span style=\"font-family: Arial, sans-serif;\"><span style=\"font-size: medium;\">Pour la justice sur terre et pour le droit des peuples \u00e0 disposer d\u2019eux-m\u00eames !<\/span><\/span><\/span><\/strong><\/p>\n<p style=\"text-align: center;\" align=\"CENTER\"><strong><span style=\"color: #ff0000;\"><span style=\"font-family: Arial, sans-serif;\"><span style=\"font-size: medium;\">Tous dans la\u00a0rue samedi 14 Mars\u00a02026 \u00e0 14H \u00e0 la Porte d\u2019Aix<\/span><\/span><\/span><\/strong><\/p>\n","protected":false},"excerpt":{"rendered":"<p>Chris, 11 mars 2026.- Le g\u00e9nocide \u00e0 Gaza n\u2019a jamais cess\u00e9.\u00a0Bombardements, famine, destructions, massacres : l\u2019extermination redouble d\u2019intensit\u00e9 pendant que le monde regarde vers l\u2019Iran. Tout en essayant d\u2019an\u00e9antir Gaza <a class=\"more-link\" href=\"https:\/\/ismfrance.org\/index.php\/2026\/03\/12\/marseille-pour-la-palestine-et-contre-le-genocide-pour-la-justice-et-contre-les-guerres-imperialistes-contre-le-sionisme-tout-fascisme-et-tout-racisme-samedi-14-mars-2026-a-14h-a-la-porte\/\">Lire la suite &rarr;<\/a><\/p>\n","protected":false},"author":3,"featured_media":27862,"comment_status":"closed","ping_status":"closed","sticky":false,"template":"","format":"standard","meta":{"footnotes":""},"categories":[2,14],"tags":[44],"class_list":["post-27860","post","type-post","status-publish","format-standard","has-post-thumbnail","hentry","category-articles","category-communiques","tag-materiel-militant"],"yoast_head":"<!-- This site is optimized with the Yoast SEO plugin v27.2 - https:\/\/yoast.com\/product\/yoast-seo-wordpress\/ -->\n<title>Marseille pour la Palestine et contre le g\u00e9nocide, Pour la justice et contre les guerres imp\u00e9rialistes, Contre le sionisme, tout\u00a0fascisme et tout racisme\u00a0samedi 14 Mars 2026 \u00e0 14H \u00e0 la Porte d\u2019Aix - International Solidarity Movement - ISM-France<\/title>\n<meta name=\"robots\" content=\"index, follow, max-snippet:-1, max-image-preview:large, max-video-preview:-1\" \/>\n<link rel=\"canonical\" href=\"https:\/\/ismfrance.org\/index.php\/2026\/03\/12\/marseille-pour-la-palestine-et-contre-le-genocide-pour-la-justice-et-contre-les-guerres-imperialistes-contre-le-sionisme-tout-fascisme-et-tout-racisme-samedi-14-mars-2026-a-14h-a-la-porte\/\" \/>\n<meta property=\"og:locale\" content=\"fr_FR\" \/>\n<meta property=\"og:type\" content=\"article\" \/>\n<meta property=\"og:title\" content=\"Marseille pour la Palestine et contre le g\u00e9nocide, Pour la justice et contre les guerres imp\u00e9rialistes, Contre le sionisme, tout\u00a0fascisme et tout racisme\u00a0samedi 14 Mars 2026 \u00e0 14H \u00e0 la Porte d\u2019Aix - International Solidarity Movement - ISM-France\" \/>\n<meta property=\"og:description\" content=\"Chris, 11 mars 2026.- Le g\u00e9nocide \u00e0 Gaza n\u2019a jamais cess\u00e9.\u00a0Bombardements, famine, destructions, massacres : l\u2019extermination redouble d\u2019intensit\u00e9 pendant que le monde regarde vers l\u2019Iran. Tout en essayant d\u2019an\u00e9antir Gaza Lire la suite &rarr;\" \/>\n<meta property=\"og:url\" content=\"https:\/\/ismfrance.org\/index.php\/2026\/03\/12\/marseille-pour-la-palestine-et-contre-le-genocide-pour-la-justice-et-contre-les-guerres-imperialistes-contre-le-sionisme-tout-fascisme-et-tout-racisme-samedi-14-mars-2026-a-14h-a-la-porte\/\" \/>\n<meta property=\"og:site_name\" content=\"International Solidarity Movement - ISM-France\" \/>\n<meta property=\"article:published_time\" content=\"2026-03-12T07:16:16+00:00\" \/>\n<meta property=\"article:modified_time\" content=\"2026-03-12T07:16:54+00:00\" \/>\n<meta property=\"og:image\" content=\"https:\/\/ismfrance.org\/wp-content\/uploads\/2026\/03\/marseille-14-mars.png\" \/>\n\t<meta property=\"og:image:width\" content=\"1024\" \/>\n\t<meta property=\"og:image:height\" content=\"1280\" \/>\n\t<meta property=\"og:image:type\" content=\"image\/png\" \/>\n<meta name=\"author\" content=\"mru_01\" \/>\n<meta name=\"twitter:card\" content=\"summary_large_image\" \/>\n<meta name=\"twitter:creator\" content=\"@ISMFRANCE\" \/>\n<meta name=\"twitter:site\" content=\"@ISMFRANCE\" \/>\n<meta name=\"twitter:label1\" content=\"\u00c9crit par\" \/>\n\t<meta name=\"twitter:data1\" content=\"mru_01\" \/>\n\t<meta name=\"twitter:label2\" content=\"Dur\u00e9e de lecture estim\u00e9e\" \/>\n\t<meta name=\"twitter:data2\" content=\"2 minutes\" \/>\n<script type=\"application\/ld+json\" class=\"yoast-schema-graph\">{\"@context\":\"https:\/\/schema.org\",\"@graph\":[{\"@type\":\"Article\",\"@id\":\"https:\/\/ismfrance.org\/index.php\/2026\/03\/12\/marseille-pour-la-palestine-et-contre-le-genocide-pour-la-justice-et-contre-les-guerres-imperialistes-contre-le-sionisme-tout-fascisme-et-tout-racisme-samedi-14-mars-2026-a-14h-a-la-porte\/#article\",\"isPartOf\":{\"@id\":\"https:\/\/ismfrance.org\/index.php\/2026\/03\/12\/marseille-pour-la-palestine-et-contre-le-genocide-pour-la-justice-et-contre-les-guerres-imperialistes-contre-le-sionisme-tout-fascisme-et-tout-racisme-samedi-14-mars-2026-a-14h-a-la-porte\/\"},\"author\":{\"name\":\"mru_01\",\"@id\":\"https:\/\/ismfrance.org\/#\/schema\/person\/3c411eb72adfaae19c0dca1f41fae01d\"},\"headline\":\"Marseille pour la Palestine et contre le g\u00e9nocide, Pour la justice et contre les guerres imp\u00e9rialistes, Contre le sionisme, tout\u00a0fascisme et tout racisme\u00a0samedi 14 Mars 2026 \u00e0 14H \u00e0 la Porte d\u2019Aix\",\"datePublished\":\"2026-03-12T07:16:16+00:00\",\"dateModified\":\"2026-03-12T07:16:54+00:00\",\"mainEntityOfPage\":{\"@id\":\"https:\/\/ismfrance.org\/index.php\/2026\/03\/12\/marseille-pour-la-palestine-et-contre-le-genocide-pour-la-justice-et-contre-les-guerres-imperialistes-contre-le-sionisme-tout-fascisme-et-tout-racisme-samedi-14-mars-2026-a-14h-a-la-porte\/\"},\"wordCount\":394,\"publisher\":{\"@id\":\"https:\/\/ismfrance.org\/#organization\"},\"image\":{\"@id\":\"https:\/\/ismfrance.org\/index.php\/2026\/03\/12\/marseille-pour-la-palestine-et-contre-le-genocide-pour-la-justice-et-contre-les-guerres-imperialistes-contre-le-sionisme-tout-fascisme-et-tout-racisme-samedi-14-mars-2026-a-14h-a-la-porte\/#primaryimage\"},\"thumbnailUrl\":\"https:\/\/ismfrance.org\/wp-content\/uploads\/2026\/03\/marseille-14-mars.png\",\"keywords\":[\"mat\u00e9riel militant\"],\"articleSection\":[\"Articles\",\"Communiqu\u00e9s\"],\"inLanguage\":\"fr-FR\"},{\"@type\":\"WebPage\",\"@id\":\"https:\/\/ismfrance.org\/index.php\/2026\/03\/12\/marseille-pour-la-palestine-et-contre-le-genocide-pour-la-justice-et-contre-les-guerres-imperialistes-contre-le-sionisme-tout-fascisme-et-tout-racisme-samedi-14-mars-2026-a-14h-a-la-porte\/\",\"url\":\"https:\/\/ismfrance.org\/index.php\/2026\/03\/12\/marseille-pour-la-palestine-et-contre-le-genocide-pour-la-justice-et-contre-les-guerres-imperialistes-contre-le-sionisme-tout-fascisme-et-tout-racisme-samedi-14-mars-2026-a-14h-a-la-porte\/\",\"name\":\"Marseille pour la Palestine et contre le g\u00e9nocide, Pour la justice et contre les guerres imp\u00e9rialistes, Contre le sionisme, tout\u00a0fascisme et tout racisme\u00a0samedi 14 Mars 2026 \u00e0 14H \u00e0 la Porte d\u2019Aix - International Solidarity Movement - ISM-France\",\"isPartOf\":{\"@id\":\"https:\/\/ismfrance.org\/#website\"},\"primaryImageOfPage\":{\"@id\":\"https:\/\/ismfrance.org\/index.php\/2026\/03\/12\/marseille-pour-la-palestine-et-contre-le-genocide-pour-la-justice-et-contre-les-guerres-imperialistes-contre-le-sionisme-tout-fascisme-et-tout-racisme-samedi-14-mars-2026-a-14h-a-la-porte\/#primaryimage\"},\"image\":{\"@id\":\"https:\/\/ismfrance.org\/index.php\/2026\/03\/12\/marseille-pour-la-palestine-et-contre-le-genocide-pour-la-justice-et-contre-les-guerres-imperialistes-contre-le-sionisme-tout-fascisme-et-tout-racisme-samedi-14-mars-2026-a-14h-a-la-porte\/#primaryimage\"},\"thumbnailUrl\":\"https:\/\/ismfrance.org\/wp-content\/uploads\/2026\/03\/marseille-14-mars.png\",\"datePublished\":\"2026-03-12T07:16:16+00:00\",\"dateModified\":\"2026-03-12T07:16:54+00:00\",\"breadcrumb\":{\"@id\":\"https:\/\/ismfrance.org\/index.php\/2026\/03\/12\/marseille-pour-la-palestine-et-contre-le-genocide-pour-la-justice-et-contre-les-guerres-imperialistes-contre-le-sionisme-tout-fascisme-et-tout-racisme-samedi-14-mars-2026-a-14h-a-la-porte\/#breadcrumb\"},\"inLanguage\":\"fr-FR\",\"potentialAction\":[{\"@type\":\"ReadAction\",\"target\":[\"https:\/\/ismfrance.org\/index.php\/2026\/03\/12\/marseille-pour-la-palestine-et-contre-le-genocide-pour-la-justice-et-contre-les-guerres-imperialistes-contre-le-sionisme-tout-fascisme-et-tout-racisme-samedi-14-mars-2026-a-14h-a-la-porte\/\"]}]},{\"@type\":\"ImageObject\",\"inLanguage\":\"fr-FR\",\"@id\":\"https:\/\/ismfrance.org\/index.php\/2026\/03\/12\/marseille-pour-la-palestine-et-contre-le-genocide-pour-la-justice-et-contre-les-guerres-imperialistes-contre-le-sionisme-tout-fascisme-et-tout-racisme-samedi-14-mars-2026-a-14h-a-la-porte\/#primaryimage\",\"url\":\"https:\/\/ismfrance.org\/wp-content\/uploads\/2026\/03\/marseille-14-mars.png\",\"contentUrl\":\"https:\/\/ismfrance.org\/wp-content\/uploads\/2026\/03\/marseille-14-mars.png\",\"width\":1024,\"height\":1280},{\"@type\":\"BreadcrumbList\",\"@id\":\"https:\/\/ismfrance.org\/index.php\/2026\/03\/12\/marseille-pour-la-palestine-et-contre-le-genocide-pour-la-justice-et-contre-les-guerres-imperialistes-contre-le-sionisme-tout-fascisme-et-tout-racisme-samedi-14-mars-2026-a-14h-a-la-porte\/#breadcrumb\",\"itemListElement\":[{\"@type\":\"ListItem\",\"position\":1,\"name\":\"Accueil\",\"item\":\"https:\/\/ismfrance.org\/\"},{\"@type\":\"ListItem\",\"position\":2,\"name\":\"Marseille pour la Palestine et contre le g\u00e9nocide, Pour la justice et contre les guerres imp\u00e9rialistes, Contre le sionisme, tout\u00a0fascisme et tout racisme\u00a0samedi 14 Mars 2026 \u00e0 14H \u00e0 la Porte d\u2019Aix\"}]},{\"@type\":\"WebSite\",\"@id\":\"https:\/\/ismfrance.org\/#website\",\"url\":\"https:\/\/ismfrance.org\/\",\"name\":\"ISM Palestine France\",\"description\":\"Soutien aux luttes de lib\u00e9ration du peuple palestinien\",\"publisher\":{\"@id\":\"https:\/\/ismfrance.org\/#organization\"},\"potentialAction\":[{\"@type\":\"SearchAction\",\"target\":{\"@type\":\"EntryPoint\",\"urlTemplate\":\"https:\/\/ismfrance.org\/?s={search_term_string}\"},\"query-input\":{\"@type\":\"PropertyValueSpecification\",\"valueRequired\":true,\"valueName\":\"search_term_string\"}}],\"inLanguage\":\"fr-FR\"},{\"@type\":\"Organization\",\"@id\":\"https:\/\/ismfrance.org\/#organization\",\"name\":\"International Solidarity Movement\",\"url\":\"https:\/\/ismfrance.org\/\",\"logo\":{\"@type\":\"ImageObject\",\"inLanguage\":\"fr-FR\",\"@id\":\"https:\/\/ismfrance.org\/#\/schema\/logo\/image\/\",\"url\":\"https:\/\/ismfrance.org\/wp-content\/uploads\/2020\/12\/00.png\",\"contentUrl\":\"https:\/\/ismfrance.org\/wp-content\/uploads\/2020\/12\/00.png\",\"width\":400,\"height\":400,\"caption\":\"International Solidarity Movement\"},\"image\":{\"@id\":\"https:\/\/ismfrance.org\/#\/schema\/logo\/image\/\"},\"sameAs\":[\"https:\/\/x.com\/ISMFRANCE\"]},{\"@type\":\"Person\",\"@id\":\"https:\/\/ismfrance.org\/#\/schema\/person\/3c411eb72adfaae19c0dca1f41fae01d\",\"name\":\"mru_01\",\"image\":{\"@type\":\"ImageObject\",\"inLanguage\":\"fr-FR\",\"@id\":\"https:\/\/secure.gravatar.com\/avatar\/3a0be343b445d2ccc79e87444a294fad2b232e90d2051d0e3cc219e1ecd6a330?s=96&d=mm&r=g\",\"url\":\"https:\/\/secure.gravatar.com\/avatar\/3a0be343b445d2ccc79e87444a294fad2b232e90d2051d0e3cc219e1ecd6a330?s=96&d=mm&r=g\",\"contentUrl\":\"https:\/\/secure.gravatar.com\/avatar\/3a0be343b445d2ccc79e87444a294fad2b232e90d2051d0e3cc219e1ecd6a330?s=96&d=mm&r=g\",\"caption\":\"mru_01\"},\"url\":\"https:\/\/ismfrance.org\/index.php\/author\/admin02\/\"}]}<\/script>\n<!-- \/ Yoast SEO plugin. -->","yoast_head_json":{"title":"Marseille pour la Palestine et contre le g\u00e9nocide, Pour la justice et contre les guerres imp\u00e9rialistes, Contre le sionisme, tout\u00a0fascisme et tout racisme\u00a0samedi 14 Mars 2026 \u00e0 14H \u00e0 la Porte d\u2019Aix - International Solidarity Movement - ISM-France","robots":{"index":"index","follow":"follow","max-snippet":"max-snippet:-1","max-image-preview":"max-image-preview:large","max-video-preview":"max-video-preview:-1"},"canonical":"https:\/\/ismfrance.org\/index.php\/2026\/03\/12\/marseille-pour-la-palestine-et-contre-le-genocide-pour-la-justice-et-contre-les-guerres-imperialistes-contre-le-sionisme-tout-fascisme-et-tout-racisme-samedi-14-mars-2026-a-14h-a-la-porte\/","og_locale":"fr_FR","og_type":"article","og_title":"Marseille pour la Palestine et contre le g\u00e9nocide, Pour la justice et contre les guerres imp\u00e9rialistes, Contre le sionisme, tout\u00a0fascisme et tout racisme\u00a0samedi 14 Mars 2026 \u00e0 14H \u00e0 la Porte d\u2019Aix - International Solidarity Movement - ISM-France","og_description":"Chris, 11 mars 2026.- Le g\u00e9nocide \u00e0 Gaza n\u2019a jamais cess\u00e9.\u00a0Bombardements, famine, destructions, massacres : l\u2019extermination redouble d\u2019intensit\u00e9 pendant que le monde regarde vers l\u2019Iran. Tout en essayant d\u2019an\u00e9antir Gaza Lire la suite &rarr;","og_url":"https:\/\/ismfrance.org\/index.php\/2026\/03\/12\/marseille-pour-la-palestine-et-contre-le-genocide-pour-la-justice-et-contre-les-guerres-imperialistes-contre-le-sionisme-tout-fascisme-et-tout-racisme-samedi-14-mars-2026-a-14h-a-la-porte\/","og_site_name":"International Solidarity Movement - ISM-France","article_published_time":"2026-03-12T07:16:16+00:00","article_modified_time":"2026-03-12T07:16:54+00:00","og_image":[{"width":1024,"height":1280,"url":"https:\/\/ismfrance.org\/wp-content\/uploads\/2026\/03\/marseille-14-mars.png","type":"image\/png"}],"author":"mru_01","twitter_card":"summary_large_image","twitter_creator":"@ISMFRANCE","twitter_site":"@ISMFRANCE","twitter_misc":{"\u00c9crit par":"mru_01","Dur\u00e9e de lecture estim\u00e9e":"2 minutes"},"schema":{"@context":"https:\/\/schema.org","@graph":[{"@type":"Article","@id":"https:\/\/ismfrance.org\/index.php\/2026\/03\/12\/marseille-pour-la-palestine-et-contre-le-genocide-pour-la-justice-et-contre-les-guerres-imperialistes-contre-le-sionisme-tout-fascisme-et-tout-racisme-samedi-14-mars-2026-a-14h-a-la-porte\/#article","isPartOf":{"@id":"https:\/\/ismfrance.org\/index.php\/2026\/03\/12\/marseille-pour-la-palestine-et-contre-le-genocide-pour-la-justice-et-contre-les-guerres-imperialistes-contre-le-sionisme-tout-fascisme-et-tout-racisme-samedi-14-mars-2026-a-14h-a-la-porte\/"},"author":{"name":"mru_01","@id":"https:\/\/ismfrance.org\/#\/schema\/person\/3c411eb72adfaae19c0dca1f41fae01d"},"headline":"Marseille pour la Palestine et contre le g\u00e9nocide, Pour la justice et contre les guerres imp\u00e9rialistes, Contre le sionisme, tout\u00a0fascisme et tout racisme\u00a0samedi 14 Mars 2026 \u00e0 14H \u00e0 la Porte d\u2019Aix","datePublished":"2026-03-12T07:16:16+00:00","dateModified":"2026-03-12T07:16:54+00:00","mainEntityOfPage":{"@id":"https:\/\/ismfrance.org\/index.php\/2026\/03\/12\/marseille-pour-la-palestine-et-contre-le-genocide-pour-la-justice-et-contre-les-guerres-imperialistes-contre-le-sionisme-tout-fascisme-et-tout-racisme-samedi-14-mars-2026-a-14h-a-la-porte\/"},"wordCount":394,"publisher":{"@id":"https:\/\/ismfrance.org\/#organization"},"image":{"@id":"https:\/\/ismfrance.org\/index.php\/2026\/03\/12\/marseille-pour-la-palestine-et-contre-le-genocide-pour-la-justice-et-contre-les-guerres-imperialistes-contre-le-sionisme-tout-fascisme-et-tout-racisme-samedi-14-mars-2026-a-14h-a-la-porte\/#primaryimage"},"thumbnailUrl":"https:\/\/ismfrance.org\/wp-content\/uploads\/2026\/03\/marseille-14-mars.png","keywords":["mat\u00e9riel militant"],"articleSection":["Articles","Communiqu\u00e9s"],"inLanguage":"fr-FR"},{"@type":"WebPage","@id":"https:\/\/ismfrance.org\/index.php\/2026\/03\/12\/marseille-pour-la-palestine-et-contre-le-genocide-pour-la-justice-et-contre-les-guerres-imperialistes-contre-le-sionisme-tout-fascisme-et-tout-racisme-samedi-14-mars-2026-a-14h-a-la-porte\/","url":"https:\/\/ismfrance.org\/index.php\/2026\/03\/12\/marseille-pour-la-palestine-et-contre-le-genocide-pour-la-justice-et-contre-les-guerres-imperialistes-contre-le-sionisme-tout-fascisme-et-tout-racisme-samedi-14-mars-2026-a-14h-a-la-porte\/","name":"Marseille pour la Palestine et contre le g\u00e9nocide, Pour la justice et contre les guerres imp\u00e9rialistes, Contre le sionisme, tout\u00a0fascisme et tout racisme\u00a0samedi 14 Mars 2026 \u00e0 14H \u00e0 la Porte d\u2019Aix - International Solidarity Movement - ISM-France","isPartOf":{"@id":"https:\/\/ismfrance.org\/#website"},"primaryImageOfPage":{"@id":"https:\/\/ismfrance.org\/index.php\/2026\/03\/12\/marseille-pour-la-palestine-et-contre-le-genocide-pour-la-justice-et-contre-les-guerres-imperialistes-contre-le-sionisme-tout-fascisme-et-tout-racisme-samedi-14-mars-2026-a-14h-a-la-porte\/#primaryimage"},"image":{"@id":"https:\/\/ismfrance.org\/index.php\/2026\/03\/12\/marseille-pour-la-palestine-et-contre-le-genocide-pour-la-justice-et-contre-les-guerres-imperialistes-contre-le-sionisme-tout-fascisme-et-tout-racisme-samedi-14-mars-2026-a-14h-a-la-porte\/#primaryimage"},"thumbnailUrl":"https:\/\/ismfrance.org\/wp-content\/uploads\/2026\/03\/marseille-14-mars.png","datePublished":"2026-03-12T07:16:16+00:00","dateModified":"2026-03-12T07:16:54+00:00","breadcrumb":{"@id":"https:\/\/ismfrance.org\/index.php\/2026\/03\/12\/marseille-pour-la-palestine-et-contre-le-genocide-pour-la-justice-et-contre-les-guerres-imperialistes-contre-le-sionisme-tout-fascisme-et-tout-racisme-samedi-14-mars-2026-a-14h-a-la-porte\/#breadcrumb"},"inLanguage":"fr-FR","potentialAction":[{"@type":"ReadAction","target":["https:\/\/ismfrance.org\/index.php\/2026\/03\/12\/marseille-pour-la-palestine-et-contre-le-genocide-pour-la-justice-et-contre-les-guerres-imperialistes-contre-le-sionisme-tout-fascisme-et-tout-racisme-samedi-14-mars-2026-a-14h-a-la-porte\/"]}]},{"@type":"ImageObject","inLanguage":"fr-FR","@id":"https:\/\/ismfrance.org\/index.php\/2026\/03\/12\/marseille-pour-la-palestine-et-contre-le-genocide-pour-la-justice-et-contre-les-guerres-imperialistes-contre-le-sionisme-tout-fascisme-et-tout-racisme-samedi-14-mars-2026-a-14h-a-la-porte\/#primaryimage","url":"https:\/\/ismfrance.org\/wp-content\/uploads\/2026\/03\/marseille-14-mars.png","contentUrl":"https:\/\/ismfrance.org\/wp-content\/uploads\/2026\/03\/marseille-14-mars.png","width":1024,"height":1280},{"@type":"BreadcrumbList","@id":"https:\/\/ismfrance.org\/index.php\/2026\/03\/12\/marseille-pour-la-palestine-et-contre-le-genocide-pour-la-justice-et-contre-les-guerres-imperialistes-contre-le-sionisme-tout-fascisme-et-tout-racisme-samedi-14-mars-2026-a-14h-a-la-porte\/#breadcrumb","itemListElement":[{"@type":"ListItem","position":1,"name":"Accueil","item":"https:\/\/ismfrance.org\/"},{"@type":"ListItem","position":2,"name":"Marseille pour la Palestine et contre le g\u00e9nocide, Pour la justice et contre les guerres imp\u00e9rialistes, Contre le sionisme, tout\u00a0fascisme et tout racisme\u00a0samedi 14 Mars 2026 \u00e0 14H \u00e0 la Porte d\u2019Aix"}]},{"@type":"WebSite","@id":"https:\/\/ismfrance.org\/#website","url":"https:\/\/ismfrance.org\/","name":"ISM Palestine France","description":"Soutien aux luttes de lib\u00e9ration du peuple palestinien","publisher":{"@id":"https:\/\/ismfrance.org\/#organization"},"potentialAction":[{"@type":"SearchAction","target":{"@type":"EntryPoint","urlTemplate":"https:\/\/ismfrance.org\/?s={search_term_string}"},"query-input":{"@type":"PropertyValueSpecification","valueRequired":true,"valueName":"search_term_string"}}],"inLanguage":"fr-FR"},{"@type":"Organization","@id":"https:\/\/ismfrance.org\/#organization","name":"International Solidarity Movement","url":"https:\/\/ismfrance.org\/","logo":{"@type":"ImageObject","inLanguage":"fr-FR","@id":"https:\/\/ismfrance.org\/#\/schema\/logo\/image\/","url":"https:\/\/ismfrance.org\/wp-content\/uploads\/2020\/12\/00.png","contentUrl":"https:\/\/ismfrance.org\/wp-content\/uploads\/2020\/12\/00.png","width":400,"height":400,"caption":"International Solidarity Movement"},"image":{"@id":"https:\/\/ismfrance.org\/#\/schema\/logo\/image\/"},"sameAs":["https:\/\/x.com\/ISMFRANCE"]},{"@type":"Person","@id":"https:\/\/ismfrance.org\/#\/schema\/person\/3c411eb72adfaae19c0dca1f41fae01d","name":"mru_01","image":{"@type":"ImageObject","inLanguage":"fr-FR","@id":"https:\/\/secure.gravatar.com\/avatar\/3a0be343b445d2ccc79e87444a294fad2b232e90d2051d0e3cc219e1ecd6a330?s=96&d=mm&r=g","url":"https:\/\/secure.gravatar.com\/avatar\/3a0be343b445d2ccc79e87444a294fad2b232e90d2051d0e3cc219e1ecd6a330?s=96&d=mm&r=g","contentUrl":"https:\/\/secure.gravatar.com\/avatar\/3a0be343b445d2ccc79e87444a294fad2b232e90d2051d0e3cc219e1ecd6a330?s=96&d=mm&r=g","caption":"mru_01"},"url":"https:\/\/ismfrance.org\/index.php\/author\/admin02\/"}]}},"_links":{"self":[{"href":"https:\/\/ismfrance.org\/index.php\/wp-json\/wp\/v2\/posts\/27860","targetHints":{"allow":["GET"]}}],"collection":[{"href":"https:\/\/ismfrance.org\/index.php\/wp-json\/wp\/v2\/posts"}],"about":[{"href":"https:\/\/ismfrance.org\/index.php\/wp-json\/wp\/v2\/types\/post"}],"author":[{"embeddable":true,"href":"https:\/\/ismfrance.org\/index.php\/wp-json\/wp\/v2\/users\/3"}],"replies":[{"embeddable":true,"href":"https:\/\/ismfrance.org\/index.php\/wp-json\/wp\/v2\/comments?post=27860"}],"version-history":[{"count":3,"href":"https:\/\/ismfrance.org\/index.php\/wp-json\/wp\/v2\/posts\/27860\/revisions"}],"predecessor-version":[{"id":27864,"href":"https:\/\/ismfrance.org\/index.php\/wp-json\/wp\/v2\/posts\/27860\/revisions\/27864"}],"wp:featuredmedia":[{"embeddable":true,"href":"https:\/\/ismfrance.org\/index.php\/wp-json\/wp\/v2\/media\/27862"}],"wp:attachment":[{"href":"https:\/\/ismfrance.org\/index.php\/wp-json\/wp\/v2\/media?parent=27860"}],"wp:term":[{"taxonomy":"category","embeddable":true,"href":"https:\/\/ismfrance.org\/index.php\/wp-json\/wp\/v2\/categories?post=27860"},{"taxonomy":"post_tag","embeddable":true,"href":"https:\/\/ismfrance.org\/index.php\/wp-json\/wp\/v2\/tags?post=27860"}],"curies":[{"name":"wp","href":"https:\/\/api.w.org\/{rel}","templated":true}]}}