{"id":27842,"date":"2026-03-11T16:07:08","date_gmt":"2026-03-11T15:07:08","guid":{"rendered":"https:\/\/ismfrance.org\/?p=27842"},"modified":"2026-03-11T16:09:21","modified_gmt":"2026-03-11T15:09:21","slug":"les-peuples-se-sont-exprimes-que-disent-les-sondages-internationaux-sur-la-guerre-israelo-us-contre-liran","status":"publish","type":"post","link":"https:\/\/ismfrance.org\/index.php\/2026\/03\/11\/les-peuples-se-sont-exprimes-que-disent-les-sondages-internationaux-sur-la-guerre-israelo-us-contre-liran\/","title":{"rendered":"Les peuples se sont exprim\u00e9s : que disent les sondages internationaux sur la guerre isra\u00e9lo-US contre l&rsquo;Iran ?"},"content":{"rendered":"<p><span style=\"color: #000000;\"><span style=\"font-family: Arial, sans-serif;\"><span style=\"font-size: medium;\"><strong>The Palestine Chronicle, 10 mars 2026<\/strong> \u2013 De nouveaux sondages r\u00e9v\u00e8lent une forte opposition internationale \u00e0 la guerre isra\u00e9lo-US contre l&rsquo;Iran, avec un soutien important principalement en Isra\u00ebl.<\/span><\/span><\/span><\/p>\n<p><a href=\"https:\/\/ismfrance.org\/wp-content\/uploads\/2026\/03\/no-war-chicago.jpg\"><img loading=\"lazy\" decoding=\"async\" class=\"size-large wp-image-27844 aligncenter\" src=\"https:\/\/ismfrance.org\/wp-content\/uploads\/2026\/03\/no-war-chicago-700x394.jpg\" alt=\"\" width=\"600\" height=\"338\" srcset=\"https:\/\/ismfrance.org\/wp-content\/uploads\/2026\/03\/no-war-chicago-700x394.jpg 700w, https:\/\/ismfrance.org\/wp-content\/uploads\/2026\/03\/no-war-chicago-300x169.jpg 300w, https:\/\/ismfrance.org\/wp-content\/uploads\/2026\/03\/no-war-chicago-768x432.jpg 768w, https:\/\/ismfrance.org\/wp-content\/uploads\/2026\/03\/no-war-chicago.jpg 864w\" sizes=\"auto, (max-width: 600px) 100vw, 600px\" \/><\/a><strong><span style=\"color: #000000;\"><span style=\"font-family: Arial, sans-serif;\"><span style=\"font-size: large;\">Points cl\u00e9s<\/span><\/span><\/span><\/strong><\/p>\n<p><span style=\"color: #000000;\">\u25ba<\/span> <span style=\"color: #000000;\"><span style=\"font-family: Arial, sans-serif;\"><span style=\"font-size: medium;\">Des sondages r\u00e9cents men\u00e9s aux Etats-Unis d\u00e9but mars 2026 montrent qu&rsquo;environ un quart seulement des Am\u00e9ricains soutiennent une action militaire contre l&rsquo;Iran.<\/span><\/span><\/span><\/p>\n<p><span style=\"color: #000000;\">\u25ba <\/span><span style=\"color: #000000;\"><span style=\"font-family: Arial, sans-serif;\"><span style=\"font-size: medium;\">L&rsquo;opinion publique europ\u00e9enne est \u00e9galement fortement oppos\u00e9e \u00e0 une intervention, une majorit\u00e9 s&rsquo;opposant \u00e0 une escalade militaire dans plusieurs pays.<\/span><\/span><\/span><\/p>\n<p><span style=\"color: #000000;\">\u25ba <\/span><span style=\"color: #000000;\"><span style=\"font-family: Arial, sans-serif;\"><span style=\"font-size: medium;\">Les sondages isra\u00e9liens montrent un soutien massif \u00e0 la guerre au sein de la population, avec plus de 80 % d&rsquo;opinions favorables \u00e0 une action militaire.<\/span><\/span><\/span><\/p>\n<p><span style=\"color: #000000;\">\u25ba <\/span><span style=\"color: #000000;\"><span style=\"font-family: Arial, sans-serif;\"><span style=\"font-size: medium;\">Dans le monde arabe, une importante enqu\u00eate r\u00e9gionale publi\u00e9e en f\u00e9vrier 2026 r\u00e9v\u00e8le un rejet massif de la normalisation des relations avec Isra\u00ebl.<\/span><\/span><\/span><\/p>\n<p><span style=\"color: #000000;\">\u25ba <\/span><span style=\"color: #000000;\"><span style=\"font-family: Arial, sans-serif;\"><span style=\"font-size: medium;\">Cet \u00e9cart entre les sondages met en \u00e9vidence un foss\u00e9 important entre l&rsquo;opinion publique isra\u00e9lienne et les attitudes dans une grande partie du monde.<\/span><\/span><\/span><\/p>\n<p><strong><span style=\"color: #000000;\"><span style=\"font-family: Arial, sans-serif;\"><span style=\"font-size: medium;\"><span style=\"font-size: large;\">Sondages internationaux<\/span><\/span><\/span><\/span><\/strong><\/p>\n<p><span style=\"color: #000000;\"><span style=\"font-family: Arial, sans-serif;\"><span style=\"font-size: medium;\">Alors que la guerre isra\u00e9lo-am\u00e9ricaine contre l&rsquo;Iran s&rsquo;intensifie, l&rsquo;opinion publique dans une grande partie du monde semble bien moins enthousiaste que ne le laissent entendre les politiques gouvernementales.<\/span><\/span><\/span><\/p>\n<p><span style=\"color: #000000;\"><span style=\"font-family: Arial, sans-serif;\"><span style=\"font-size: medium;\">Une s\u00e9rie de sondages d&rsquo;opinion r\u00e9cents men\u00e9s aux \u00c9tats-Unis, en Europe et au Moyen-Orient r\u00e9v\u00e8le une tendance frappante\u00a0: si les Isra\u00e9liens soutiennent massivement la guerre, l&rsquo;opinion publique dans de nombreuses autres r\u00e9gions reste sceptique, voire fermement oppos\u00e9e \u00e0 une escalade militaire.<\/span><\/span><\/span><\/p>\n<p><span style=\"color: #000000;\"><span style=\"font-family: Arial, sans-serif;\"><span style=\"font-size: medium;\">Les donn\u00e9es, recueillies ces derni\u00e8res semaines par plusieurs grands instituts de sondage et centres de recherche, sugg\u00e8rent que le conflit se heurte \u00e0 une r\u00e9sistance croissante, non seulement au Moyen-Orient, mais aussi au sein des opinions publiques occidentales.<\/span><\/span><\/span><\/p>\n<p><strong><span style=\"color: #000000;\"><span style=\"font-family: Arial, sans-serif;\"><span style=\"font-size: large;\">\u00c9tats-Unis : Soutien limit\u00e9<\/span><\/span><\/span><\/strong><\/p>\n<p><span style=\"color: #000000;\"><span style=\"font-family: Arial, sans-serif;\"><span style=\"font-size: medium;\">Aux \u00c9tats-Unis, un sondage Reuters\/Ipsos publi\u00e9 le 1er mars 2026 a r\u00e9v\u00e9l\u00e9 un soutien relativement faible \u00e0 une intervention militaire contre l&rsquo;Iran.<\/span><\/span><\/span><\/p>\n<p><span style=\"color: #000000;\"><span style=\"font-family: Arial, sans-serif;\"><span style=\"font-size: medium;\">Selon ce sondage, 27 % des citoyens \u00e9tats-uniens se sont d\u00e9clar\u00e9s favorables \u00e0 des frappes US et isra\u00e9liennes contre l&rsquo;Iran, tandis que 43 % s&rsquo;y sont oppos\u00e9s et 29 % se sont dits ind\u00e9cis.<\/span><\/span><\/span><\/p>\n<p><span style=\"color: #000000;\"><span style=\"font-family: Arial, sans-serif;\"><span style=\"font-size: medium;\">Le sondage a mis en \u00e9vidence un clivage important selon l&rsquo;appartenance politique. Les \u00e9lecteurs r\u00e9publicains \u00e9taient plus enclins \u00e0 soutenir une intervention militaire, tandis que les d\u00e9mocrates et les ind\u00e9pendants se montraient beaucoup plus sceptiques.<\/span><\/span><\/span><\/p>\n<p><span style=\"color: #000000;\"><span style=\"font-family: Arial, sans-serif;\"><span style=\"font-size: medium;\">Un autre sondage r\u00e9cent de l&rsquo;Universit\u00e9 Quinnipiac, publi\u00e9 le 5 mars 2026, est parvenu \u00e0 des conclusions similaires. Ce sondage a r\u00e9v\u00e9l\u00e9 que 53 % des Am\u00e9ricains s&rsquo;opposaient \u00e0 une intervention militaire am\u00e9ricaine contre l&rsquo;Iran, tandis que 40 % la soutenaient.<\/span><\/span><\/span><\/p>\n<p><span style=\"color: #000000;\"><span style=\"font-family: Arial, sans-serif;\"><span style=\"font-size: medium;\">Ce m\u00eame sondage a \u00e9galement r\u00e9v\u00e9l\u00e9 une forte r\u00e9ticence face \u00e0 un conflit plus profond. Selon Quinnipiac, 74 % des citoyens US s&rsquo;opposent \u00e0 l&rsquo;envoi de troupes terrestres US en Iran, ce qui souligne l&rsquo;inqui\u00e9tude g\u00e9n\u00e9ralis\u00e9e quant \u00e0 une nouvelle guerre majeure au Moyen-Orient. Pris dans leur ensemble, les sondages sugg\u00e8rent que le soutien du public \u00e9tats-unien \u00e0 une escalade reste limit\u00e9, en particulier lorsque la possibilit\u00e9 d&rsquo;un conflit prolong\u00e9 est \u00e9voqu\u00e9e.<\/span><\/span><\/span><\/p>\n<p><strong><span style=\"color: #000000;\"><span style=\"font-family: Arial, sans-serif;\"><span style=\"font-size: large;\">Opinion publique europ\u00e9enne<\/span><\/span><\/span><\/strong><\/p>\n<p><span style=\"color: #000000;\"><span style=\"font-family: Arial, sans-serif;\"><span style=\"font-size: medium;\">\u00c0 travers l&rsquo;Europe, les sondages r\u00e9v\u00e8lent un scepticisme similaire \u00e0 l&rsquo;\u00e9gard d&rsquo;une guerre.<\/span><\/span><\/span><\/p>\n<p><span style=\"color: #000000;\"><span style=\"font-family: Arial, sans-serif;\"><span style=\"font-size: medium;\">En Espagne, une enqu\u00eate men\u00e9e par le Centre de recherches sociologiques (CIS), organisme officiel du pays, et publi\u00e9e d\u00e9but mars 2026, a montr\u00e9 que 76 % des Espagnols s&rsquo;opposent \u00e0 une intervention militaire contre l&rsquo;Iran.<\/span><\/span><\/span><\/p>\n<p><span style=\"color: #000000;\"><span style=\"font-family: Arial, sans-serif;\"><span style=\"font-size: medium;\">Cette enqu\u00eate a \u00e9t\u00e9 largement cit\u00e9e dans les d\u00e9bats entourant le refus de l&rsquo;Espagne de soutenir une escalade militaire dans le conflit.<\/span><\/span><\/span><\/p>\n<p><span style=\"color: #000000;\"><span style=\"font-family: Arial, sans-serif;\"><span style=\"font-size: medium;\">L&rsquo;opinion publique britannique affiche \u00e9galement une forte r\u00e9ticence face \u00e0 une guerre plus \u00e9tendue. Un sondage YouGov r\u00e9alis\u00e9 les 30 et 31 janvier 2026 a r\u00e9v\u00e9l\u00e9 que 57 % des Britanniques interrog\u00e9s s&rsquo;opposaient \u00e0 une action militaire am\u00e9ricaine contre l&rsquo;Iran, tandis que seulement 17 % y \u00e9taient favorables.<\/span><\/span><\/span><\/p>\n<p><span style=\"color: #000000;\"><span style=\"font-family: Arial, sans-serif;\"><span style=\"font-size: medium;\">Plus largement en Europe occidentale, un pr\u00e9c\u00e9dent sondage YouGov EuroTrack, publi\u00e9 fin 2025, a montr\u00e9 que seulement 14 \u00e0 28 % des Europ\u00e9ens sont favorables \u00e0 une aide militaire \u00e0 Isra\u00ebl en cas de conflit avec l&rsquo;Iran, tandis qu&rsquo;un nombre nettement plus important s&rsquo;y oppose. Ces chiffres sugg\u00e8rent que l&rsquo;opinion publique europ\u00e9enne reste prudente face \u00e0 une escalade militaire au Moyen-Orient, notamment apr\u00e8s des d\u00e9cennies de conflits co\u00fbteux en Irak et en Afghanistan.<\/span><\/span><\/span><\/p>\n<p><strong><span style=\"color: #000000;\"><span style=\"font-family: Arial, sans-serif;\"><span style=\"font-size: large;\">Isra\u00ebl : Un soutien massif \u00e0 la guerre<\/span><\/span><\/span><\/strong><\/p>\n<p><span style=\"color: #000000;\"><span style=\"font-family: Arial, sans-serif;\"><span style=\"font-size: medium;\">L&rsquo;opinion publique en Isra\u00ebl pr\u00e9sente un contraste saisissant.<\/span><\/span><\/span><\/p>\n<p><span style=\"color: #000000;\"><span style=\"font-family: Arial, sans-serif;\"><span style=\"font-size: medium;\">Un sondage r\u00e9alis\u00e9 par l&rsquo;Institut isra\u00e9lien de la d\u00e9mocratie les 2 et 3 mars 2026 a r\u00e9v\u00e9l\u00e9 un soutien massif des Isra\u00e9liens \u00e0 la guerre contre l&rsquo;Iran.<\/span><\/span><\/span><\/p>\n<p><span style=\"color: #000000;\"><span style=\"font-family: Arial, sans-serif;\"><span style=\"font-size: medium;\">Selon ce sondage, 82 % des Isra\u00e9liens soutiennent la campagne militaire contre l&rsquo;Iran. Parmi les Isra\u00e9liens juifs, ce soutien est encore plus \u00e9lev\u00e9, atteignant 93 %.<\/span><\/span><\/span><\/p>\n<p><span style=\"color: #000000;\"><span style=\"font-family: Arial, sans-serif;\"><span style=\"font-size: medium;\">Ce sondage sugg\u00e8re que la guerre b\u00e9n\u00e9ficie d&rsquo;un large soutien au sein de la soci\u00e9t\u00e9 isra\u00e9lienne, alors que le soutien ailleurs semble beaucoup plus limit\u00e9.<\/span><\/span><\/span><\/p>\n<p><strong><span style=\"color: #000000;\"><span style=\"font-family: Arial, sans-serif;\"><span style=\"font-size: large;\">Opinion publique arabe<\/span><\/span><\/span><\/strong><\/p>\n<p><span style=\"color: #000000;\"><span style=\"font-family: Arial, sans-serif;\"><span style=\"font-size: medium;\">Au-del\u00e0 d&rsquo;Isra\u00ebl et du monde occidental, les sondages men\u00e9s dans la r\u00e9gion arabe r\u00e9v\u00e8lent une autre tendance importante.<\/span><\/span><\/span><\/p>\n<p><span style=\"color: #000000;\"><span style=\"font-family: Arial, sans-serif;\"><span style=\"font-size: medium;\">L&rsquo;Indice d&rsquo;opinion arabe 2025, r\u00e9alis\u00e9 par le Centre arabe de recherche et d&rsquo;\u00e9tudes politiques et publi\u00e9 en f\u00e9vrier 2026, a interrog\u00e9 plus de 40.000 personnes dans 15 pays arabes, ce qui en fait l&rsquo;un des plus vastes sondages d&rsquo;opinion jamais men\u00e9s dans la r\u00e9gion.<\/span><\/span><\/span><\/p>\n<p><span style=\"color: #000000;\"><span style=\"font-family: Arial, sans-serif;\"><span style=\"font-size: medium;\">Les r\u00e9sultats ont r\u00e9v\u00e9l\u00e9 une opposition massive \u00e0 la normalisation des relations avec Isra\u00ebl.<\/span><\/span><\/span><\/p>\n<p><span style=\"color: #000000;\"><span style=\"font-family: Arial, sans-serif;\"><span style=\"font-size: medium;\">Selon le sondage, 87\u00a0% des personnes interrog\u00e9es se sont d\u00e9clar\u00e9es oppos\u00e9es \u00e0 la reconnaissance d&rsquo;Isra\u00ebl, tandis que seulement 6\u00a0% \u00e9taient favorables \u00e0 la normalisation.<\/span><\/span><\/span><\/p>\n<p><span style=\"color: #000000;\"><span style=\"font-family: Arial, sans-serif;\"><span style=\"font-size: medium;\">Dans plusieurs pays, l&rsquo;opposition \u00e9tait encore plus forte. En Libye, 96\u00a0% des personnes interrog\u00e9es ont rejet\u00e9 la normalisation, tandis qu&rsquo;en Jordanie et au Kowe\u00eft, ce chiffre d\u00e9passait les 90\u00a0%.<\/span><\/span><\/span><\/p>\n<p><span style=\"color: #000000;\"><span style=\"font-family: Arial, sans-serif;\"><span style=\"font-size: medium;\">Le sondage a \u00e9galement r\u00e9v\u00e9l\u00e9 qu&rsquo;Isra\u00ebl continue d&rsquo;\u00eatre per\u00e7u par un grand nombre d&rsquo;Arabes comme la plus grande menace pour la stabilit\u00e9 r\u00e9gionale.<\/span><\/span><\/span><\/p>\n<p><span style=\"color: #000000;\"><span style=\"font-family: Arial, sans-serif;\"><span style=\"font-size: medium;\">Ces r\u00e9sultats sont particuli\u00e8rement significatifs compte tenu du retentissement diplomatique des accords d&rsquo;Abraham, sign\u00e9s par plusieurs gouvernements arabes ces derni\u00e8res ann\u00e9es. Malgr\u00e9 ces accords, le sondage montre que le soutien \u00e0 la normalisation parmi les opinions publiques arabes reste extr\u00eamement faible, bien en de\u00e7\u00e0 de celui des populations des pays dont les gouvernements ont normalis\u00e9 leurs relations avec Isra\u00ebl.<\/span><\/span><\/span><\/p>\n<p><strong><span style=\"color: #000000;\"><span style=\"font-family: Arial, sans-serif;\"><span style=\"font-size: large;\">Notre analyse strat\u00e9gique<\/span><\/span><\/span><\/strong><\/p>\n<p><span style=\"color: #000000;\"><span style=\"font-family: Arial, sans-serif;\"><span style=\"font-size: medium;\">Les sondages \u00e9mergents r\u00e9v\u00e8lent une r\u00e9alit\u00e9 g\u00e9opolitique plus large.<\/span><\/span><\/span><\/p>\n<p><span style=\"color: #000000;\"><span style=\"font-family: Arial, sans-serif;\"><span style=\"font-size: medium;\">La guerre lanc\u00e9e par Isra\u00ebl et soutenue par les \u00c9tats-Unis contre l&rsquo;Iran semble se heurter \u00e0 une forte r\u00e9sistance, non seulement sur le champ de bataille, mais aussi au sein de l&rsquo;opinion publique.<\/span><\/span><\/span><\/p>\n<p><span style=\"color: #000000;\"><span style=\"font-family: Arial, sans-serif;\"><span style=\"font-size: medium;\">L&rsquo;un des objectifs strat\u00e9giques initiaux, largement \u00e9voqu\u00e9 par les analystes, \u00e9tait la possibilit\u00e9 qu&rsquo;une pression sur l&rsquo;Iran puisse entra\u00eener un changement de r\u00e9gime ou une d\u00e9stabilisation interne. Un autre \u00e9tait l&rsquo;espoir que des acteurs r\u00e9gionaux \u2013 notamment des \u00c9tats arabes ou d&rsquo;autres forces r\u00e9gionales \u2013 rejoignent la confrontation contre T\u00e9h\u00e9ran.<\/span><\/span><\/span><\/p>\n<p><span style=\"color: #000000;\"><span style=\"font-family: Arial, sans-serif;\"><span style=\"font-size: medium;\">\u00c0 ce jour, aucun de ces objectifs ne semble en passe d&rsquo;\u00eatre atteint.<\/span><\/span><\/span><\/p>\n<p><span style=\"color: #000000;\"><span style=\"font-family: Arial, sans-serif;\"><span style=\"font-size: medium;\">Au contraire, les sondages sugg\u00e8rent que la guerre ne b\u00e9n\u00e9ficie pas d&rsquo;un large soutien international, notamment aupr\u00e8s des Am\u00e9ricains et des Europ\u00e9ens.<\/span><\/span><\/span><\/p>\n<p><span style=\"color: #000000;\"><span style=\"font-family: Arial, sans-serif;\"><span style=\"font-size: medium;\">Plusieurs facteurs permettent d&rsquo;expliquer cette situation.<\/span><\/span><\/span><\/p>\n<p><span style=\"color: #000000;\"><span style=\"font-family: Arial, sans-serif;\"><span style=\"font-size: medium;\"><strong>Premi\u00e8rement<\/strong>, on observe une lassitude g\u00e9n\u00e9ralis\u00e9e face \u00e0 la guerre en Occident apr\u00e8s des d\u00e9cennies d&rsquo;interventions militaires. Le conflit en Ukraine et ses cons\u00e9quences \u00e9conomiques ont d\u00e9j\u00e0 mis \u00e0 rude \u00e9preuve la patience de l&rsquo;opinion publique face \u00e0 des conflits internationaux prolong\u00e9s.<\/span><\/span><\/span><\/p>\n<p><span style=\"color: #000000;\"><span style=\"font-family: Arial, sans-serif;\"><span style=\"font-size: medium;\"><strong>Deuxi\u00e8mement<\/strong>, les discours des principaux m\u00e9dias occidentaux, qui ont tent\u00e9 de pr\u00e9senter la guerre comme n\u00e9cessaire ou d\u00e9fensive, n&rsquo;ont pas r\u00e9ussi \u00e0 susciter un large soutien populaire. M\u00eame parmi de nombreux partisans du pr\u00e9sident am\u00e9ricain Donald Trump, l&rsquo;enthousiasme pour une nouvelle guerre au Moyen-Orient reste limit\u00e9.<\/span><\/span><\/span><\/p>\n<p><span style=\"color: #000000;\"><span style=\"font-family: Arial, sans-serif;\"><span style=\"font-size: medium;\"><strong>Troisi\u00e8mement<\/strong>, l&rsquo;h\u00e9ritage de la guerre d&rsquo;Irak de 2003 continue d&rsquo;influencer l&rsquo;opinion publique, notamment en Europe et au Royaume-Uni. Les atteintes \u00e0 la r\u00e9putation li\u00e9es \u00e0 ce conflit \u2013 en particulier pour des personnalit\u00e9s comme l&rsquo;ancien Premier ministre britannique Tony Blair \u2013 incitent les gouvernements \u00e0 la prudence quant \u00e0 leur soutien \u00e0 de nouvelles guerres dont les cons\u00e9quences \u00e0 long terme demeurent incertaines.<\/span><\/span><\/span><\/p>\n<div id=\"attachment_27846\" style=\"width: 477px\" class=\"wp-caption aligncenter\"><a href=\"https:\/\/ismfrance.org\/wp-content\/uploads\/2026\/03\/DSCF1119.jpg\"><img loading=\"lazy\" decoding=\"async\" aria-describedby=\"caption-attachment-27846\" class=\"wp-image-27846 size-large\" src=\"https:\/\/ismfrance.org\/wp-content\/uploads\/2026\/03\/DSCF1119-467x700.jpg\" alt=\"\" width=\"467\" height=\"700\" srcset=\"https:\/\/ismfrance.org\/wp-content\/uploads\/2026\/03\/DSCF1119-467x700.jpg 467w, https:\/\/ismfrance.org\/wp-content\/uploads\/2026\/03\/DSCF1119-200x300.jpg 200w, https:\/\/ismfrance.org\/wp-content\/uploads\/2026\/03\/DSCF1119.jpg 589w\" sizes=\"auto, (max-width: 467px) 100vw, 467px\" \/><\/a><p id=\"caption-attachment-27846\" class=\"wp-caption-text\"><em><strong>Manifestation \u00e0 Marseille, 2025. Affiche cr\u00e9\u00e9e par Dine, photo Didier.<\/strong><\/em><\/p><\/div>\n<p><strong><span style=\"color: #000000;\"><span style=\"font-family: Arial, sans-serif;\"><span style=\"font-size: medium;\">Un autre facteur qui influence l&rsquo;opinion publique mondiale est le g\u00e9nocide \u00e0 Gaza.<\/span><\/span><\/span><\/strong><\/p>\n<p><span style=\"color: #000000;\"><span style=\"font-family: Arial, sans-serif;\"><span style=\"font-size: medium;\">La campagne d&rsquo;extermination men\u00e9e par Isra\u00ebl \u00e0 Gaza a suscit\u00e9 une vague d&rsquo;indignation et de condamnations dans une grande partie du monde, y compris en Europe et aux \u00c9tats-Unis. La d\u00e9vastation et la crise humanitaire \u00e0 Gaza ont consid\u00e9rablement nui \u00e0 l&rsquo;image internationale d&rsquo;Isra\u00ebl et ont rendu de nombreuses personnes profond\u00e9ment sceptiques quant aux actions militaires isra\u00e9liennes ailleurs dans le monde.<\/span><\/span><\/span><\/p>\n<p><span style=\"color: #000000;\"><span style=\"font-family: Arial, sans-serif;\"><span style=\"font-size: medium;\">Pour de nombreux observateurs, la guerre contre l&rsquo;Iran n&rsquo;est donc pas per\u00e7ue comme un conflit isol\u00e9, mais comme faisant partie d&rsquo;une escalade r\u00e9gionale plus large li\u00e9e \u00e0 la guerre men\u00e9e par Isra\u00ebl \u00e0 Gaza. Dans le m\u00eame temps, les tentatives de pr\u00e9senter le conflit comme une lutte r\u00e9gionale plus vaste entre Arabes, Kurdes et Iraniens semblent \u00e9chouer.<\/span><\/span><\/span><\/p>\n<p><span style=\"color: #000000;\"><span style=\"font-family: Arial, sans-serif;\"><span style=\"font-size: medium;\">L&rsquo;Indice d&rsquo;opinion arabe montre qu&rsquo;une tr\u00e8s large majorit\u00e9 d&rsquo;Arabes continue de consid\u00e9rer Isra\u00ebl \u2013 et non l&rsquo;Iran \u2013 comme leur principal adversaire r\u00e9gional.<\/span><\/span><\/span><\/p>\n<p><strong><span style=\"color: #000000;\"><span style=\"font-family: Arial, sans-serif;\"><span style=\"font-size: medium;\">Le seul endroit o\u00f9 un large soutien public \u00e0 la guerre semble exister est en Isra\u00ebl m\u00eame.<\/span><\/span><\/span><\/strong><\/p>\n<p><span style=\"color: #000000;\"><span style=\"font-family: Arial, sans-serif;\"><span style=\"font-size: medium;\">Cette r\u00e9alit\u00e9 renforce l&rsquo;id\u00e9e, de plus en plus r\u00e9pandue chez les analystes, que le conflit n&rsquo;est pas une campagne internationale b\u00e9n\u00e9ficiant d&rsquo;un large soutien, mais plut\u00f4t une guerre motiv\u00e9e avant tout par des calculs strat\u00e9giques isra\u00e9liens.<\/span><\/span><\/span><\/p>\n<p><span style=\"color: #000000;\"><span style=\"font-family: Arial, sans-serif;\"><span style=\"font-size: medium;\">Aux yeux de l&rsquo;opinion publique mondiale, la guerre appara\u00eet de plus en plus isol\u00e9e. <\/span><\/span><\/span><\/p>\n<p><em><strong><span style=\"color: #000000;\"><span style=\"font-family: Arial, sans-serif;\"><span style=\"font-size: medium;\">Article original en anglais sur <a href=\"https:\/\/palestinechronicle.substack.com\/p\/the-people-have-spoken-what-global\">The Palestine Chronicle<\/a> \/ Traduction MR<\/span><\/span><\/span><\/strong><\/em><\/p>\n","protected":false},"excerpt":{"rendered":"<p>The Palestine Chronicle, 10 mars 2026 \u2013 De nouveaux sondages r\u00e9v\u00e8lent une forte opposition internationale \u00e0 la guerre isra\u00e9lo-US contre l&rsquo;Iran, avec un soutien important principalement en Isra\u00ebl. Points cl\u00e9s <a class=\"more-link\" href=\"https:\/\/ismfrance.org\/index.php\/2026\/03\/11\/les-peuples-se-sont-exprimes-que-disent-les-sondages-internationaux-sur-la-guerre-israelo-us-contre-liran\/\">Lire la suite &rarr;<\/a><\/p>\n","protected":false},"author":3,"featured_media":27844,"comment_status":"closed","ping_status":"closed","sticky":false,"template":"","format":"standard","meta":{"footnotes":""},"categories":[12,2],"tags":[444,138,458],"class_list":["post-27842","post","type-post","status-publish","format-standard","has-post-thumbnail","hentry","category-analyses","category-articles","tag-industrie-guerre","tag-iran","tag-plan-trump"],"yoast_head":"<!-- This site is optimized with the Yoast SEO plugin v27.2 - https:\/\/yoast.com\/product\/yoast-seo-wordpress\/ -->\n<title>Les peuples se sont exprim\u00e9s : que disent les sondages internationaux sur la guerre isra\u00e9lo-US contre l&#039;Iran ? - International Solidarity Movement - ISM-France<\/title>\n<meta name=\"robots\" content=\"index, follow, max-snippet:-1, max-image-preview:large, max-video-preview:-1\" \/>\n<link rel=\"canonical\" href=\"https:\/\/ismfrance.org\/index.php\/2026\/03\/11\/les-peuples-se-sont-exprimes-que-disent-les-sondages-internationaux-sur-la-guerre-israelo-us-contre-liran\/\" \/>\n<meta property=\"og:locale\" content=\"fr_FR\" \/>\n<meta property=\"og:type\" content=\"article\" \/>\n<meta property=\"og:title\" content=\"Les peuples se sont exprim\u00e9s : que disent les sondages internationaux sur la guerre isra\u00e9lo-US contre l&#039;Iran ? - International Solidarity Movement - ISM-France\" \/>\n<meta property=\"og:description\" content=\"The Palestine Chronicle, 10 mars 2026 \u2013 De nouveaux sondages r\u00e9v\u00e8lent une forte opposition internationale \u00e0 la guerre isra\u00e9lo-US contre l&rsquo;Iran, avec un soutien important principalement en Isra\u00ebl. Points cl\u00e9s Lire la suite &rarr;\" \/>\n<meta property=\"og:url\" content=\"https:\/\/ismfrance.org\/index.php\/2026\/03\/11\/les-peuples-se-sont-exprimes-que-disent-les-sondages-internationaux-sur-la-guerre-israelo-us-contre-liran\/\" \/>\n<meta property=\"og:site_name\" content=\"International Solidarity Movement - ISM-France\" \/>\n<meta property=\"article:published_time\" content=\"2026-03-11T15:07:08+00:00\" \/>\n<meta property=\"article:modified_time\" content=\"2026-03-11T15:09:21+00:00\" \/>\n<meta property=\"og:image\" content=\"https:\/\/ismfrance.org\/wp-content\/uploads\/2026\/03\/no-war-chicago.jpg\" \/>\n\t<meta property=\"og:image:width\" content=\"864\" \/>\n\t<meta property=\"og:image:height\" content=\"486\" \/>\n\t<meta property=\"og:image:type\" content=\"image\/jpeg\" \/>\n<meta name=\"author\" content=\"mru_01\" \/>\n<meta name=\"twitter:card\" content=\"summary_large_image\" \/>\n<meta name=\"twitter:creator\" content=\"@ISMFRANCE\" \/>\n<meta name=\"twitter:site\" content=\"@ISMFRANCE\" \/>\n<meta name=\"twitter:label1\" content=\"\u00c9crit par\" \/>\n\t<meta name=\"twitter:data1\" content=\"mru_01\" \/>\n\t<meta name=\"twitter:label2\" content=\"Dur\u00e9e de lecture estim\u00e9e\" \/>\n\t<meta name=\"twitter:data2\" content=\"9 minutes\" \/>\n<script type=\"application\/ld+json\" class=\"yoast-schema-graph\">{\"@context\":\"https:\/\/schema.org\",\"@graph\":[{\"@type\":\"Article\",\"@id\":\"https:\/\/ismfrance.org\/index.php\/2026\/03\/11\/les-peuples-se-sont-exprimes-que-disent-les-sondages-internationaux-sur-la-guerre-israelo-us-contre-liran\/#article\",\"isPartOf\":{\"@id\":\"https:\/\/ismfrance.org\/index.php\/2026\/03\/11\/les-peuples-se-sont-exprimes-que-disent-les-sondages-internationaux-sur-la-guerre-israelo-us-contre-liran\/\"},\"author\":{\"name\":\"mru_01\",\"@id\":\"https:\/\/ismfrance.org\/#\/schema\/person\/3c411eb72adfaae19c0dca1f41fae01d\"},\"headline\":\"Les peuples se sont exprim\u00e9s : que disent les sondages internationaux sur la guerre isra\u00e9lo-US contre l&rsquo;Iran ?\",\"datePublished\":\"2026-03-11T15:07:08+00:00\",\"dateModified\":\"2026-03-11T15:09:21+00:00\",\"mainEntityOfPage\":{\"@id\":\"https:\/\/ismfrance.org\/index.php\/2026\/03\/11\/les-peuples-se-sont-exprimes-que-disent-les-sondages-internationaux-sur-la-guerre-israelo-us-contre-liran\/\"},\"wordCount\":1710,\"publisher\":{\"@id\":\"https:\/\/ismfrance.org\/#organization\"},\"image\":{\"@id\":\"https:\/\/ismfrance.org\/index.php\/2026\/03\/11\/les-peuples-se-sont-exprimes-que-disent-les-sondages-internationaux-sur-la-guerre-israelo-us-contre-liran\/#primaryimage\"},\"thumbnailUrl\":\"https:\/\/ismfrance.org\/wp-content\/uploads\/2026\/03\/no-war-chicago.jpg\",\"keywords\":[\"Industrie guerre\",\"Iran\",\"Plan Trump\"],\"articleSection\":[\"Analyses\",\"Articles\"],\"inLanguage\":\"fr-FR\"},{\"@type\":\"WebPage\",\"@id\":\"https:\/\/ismfrance.org\/index.php\/2026\/03\/11\/les-peuples-se-sont-exprimes-que-disent-les-sondages-internationaux-sur-la-guerre-israelo-us-contre-liran\/\",\"url\":\"https:\/\/ismfrance.org\/index.php\/2026\/03\/11\/les-peuples-se-sont-exprimes-que-disent-les-sondages-internationaux-sur-la-guerre-israelo-us-contre-liran\/\",\"name\":\"Les peuples se sont exprim\u00e9s : que disent les sondages internationaux sur la guerre isra\u00e9lo-US contre l'Iran ? - International Solidarity Movement - ISM-France\",\"isPartOf\":{\"@id\":\"https:\/\/ismfrance.org\/#website\"},\"primaryImageOfPage\":{\"@id\":\"https:\/\/ismfrance.org\/index.php\/2026\/03\/11\/les-peuples-se-sont-exprimes-que-disent-les-sondages-internationaux-sur-la-guerre-israelo-us-contre-liran\/#primaryimage\"},\"image\":{\"@id\":\"https:\/\/ismfrance.org\/index.php\/2026\/03\/11\/les-peuples-se-sont-exprimes-que-disent-les-sondages-internationaux-sur-la-guerre-israelo-us-contre-liran\/#primaryimage\"},\"thumbnailUrl\":\"https:\/\/ismfrance.org\/wp-content\/uploads\/2026\/03\/no-war-chicago.jpg\",\"datePublished\":\"2026-03-11T15:07:08+00:00\",\"dateModified\":\"2026-03-11T15:09:21+00:00\",\"breadcrumb\":{\"@id\":\"https:\/\/ismfrance.org\/index.php\/2026\/03\/11\/les-peuples-se-sont-exprimes-que-disent-les-sondages-internationaux-sur-la-guerre-israelo-us-contre-liran\/#breadcrumb\"},\"inLanguage\":\"fr-FR\",\"potentialAction\":[{\"@type\":\"ReadAction\",\"target\":[\"https:\/\/ismfrance.org\/index.php\/2026\/03\/11\/les-peuples-se-sont-exprimes-que-disent-les-sondages-internationaux-sur-la-guerre-israelo-us-contre-liran\/\"]}]},{\"@type\":\"ImageObject\",\"inLanguage\":\"fr-FR\",\"@id\":\"https:\/\/ismfrance.org\/index.php\/2026\/03\/11\/les-peuples-se-sont-exprimes-que-disent-les-sondages-internationaux-sur-la-guerre-israelo-us-contre-liran\/#primaryimage\",\"url\":\"https:\/\/ismfrance.org\/wp-content\/uploads\/2026\/03\/no-war-chicago.jpg\",\"contentUrl\":\"https:\/\/ismfrance.org\/wp-content\/uploads\/2026\/03\/no-war-chicago.jpg\",\"width\":864,\"height\":486},{\"@type\":\"BreadcrumbList\",\"@id\":\"https:\/\/ismfrance.org\/index.php\/2026\/03\/11\/les-peuples-se-sont-exprimes-que-disent-les-sondages-internationaux-sur-la-guerre-israelo-us-contre-liran\/#breadcrumb\",\"itemListElement\":[{\"@type\":\"ListItem\",\"position\":1,\"name\":\"Accueil\",\"item\":\"https:\/\/ismfrance.org\/\"},{\"@type\":\"ListItem\",\"position\":2,\"name\":\"Les peuples se sont exprim\u00e9s : que disent les sondages internationaux sur la guerre isra\u00e9lo-US contre l&rsquo;Iran ?\"}]},{\"@type\":\"WebSite\",\"@id\":\"https:\/\/ismfrance.org\/#website\",\"url\":\"https:\/\/ismfrance.org\/\",\"name\":\"ISM Palestine France\",\"description\":\"Soutien aux luttes de lib\u00e9ration du peuple palestinien\",\"publisher\":{\"@id\":\"https:\/\/ismfrance.org\/#organization\"},\"potentialAction\":[{\"@type\":\"SearchAction\",\"target\":{\"@type\":\"EntryPoint\",\"urlTemplate\":\"https:\/\/ismfrance.org\/?s={search_term_string}\"},\"query-input\":{\"@type\":\"PropertyValueSpecification\",\"valueRequired\":true,\"valueName\":\"search_term_string\"}}],\"inLanguage\":\"fr-FR\"},{\"@type\":\"Organization\",\"@id\":\"https:\/\/ismfrance.org\/#organization\",\"name\":\"International Solidarity Movement\",\"url\":\"https:\/\/ismfrance.org\/\",\"logo\":{\"@type\":\"ImageObject\",\"inLanguage\":\"fr-FR\",\"@id\":\"https:\/\/ismfrance.org\/#\/schema\/logo\/image\/\",\"url\":\"https:\/\/ismfrance.org\/wp-content\/uploads\/2020\/12\/00.png\",\"contentUrl\":\"https:\/\/ismfrance.org\/wp-content\/uploads\/2020\/12\/00.png\",\"width\":400,\"height\":400,\"caption\":\"International Solidarity Movement\"},\"image\":{\"@id\":\"https:\/\/ismfrance.org\/#\/schema\/logo\/image\/\"},\"sameAs\":[\"https:\/\/x.com\/ISMFRANCE\"]},{\"@type\":\"Person\",\"@id\":\"https:\/\/ismfrance.org\/#\/schema\/person\/3c411eb72adfaae19c0dca1f41fae01d\",\"name\":\"mru_01\",\"image\":{\"@type\":\"ImageObject\",\"inLanguage\":\"fr-FR\",\"@id\":\"https:\/\/secure.gravatar.com\/avatar\/3a0be343b445d2ccc79e87444a294fad2b232e90d2051d0e3cc219e1ecd6a330?s=96&d=mm&r=g\",\"url\":\"https:\/\/secure.gravatar.com\/avatar\/3a0be343b445d2ccc79e87444a294fad2b232e90d2051d0e3cc219e1ecd6a330?s=96&d=mm&r=g\",\"contentUrl\":\"https:\/\/secure.gravatar.com\/avatar\/3a0be343b445d2ccc79e87444a294fad2b232e90d2051d0e3cc219e1ecd6a330?s=96&d=mm&r=g\",\"caption\":\"mru_01\"},\"url\":\"https:\/\/ismfrance.org\/index.php\/author\/admin02\/\"}]}<\/script>\n<!-- \/ Yoast SEO plugin. -->","yoast_head_json":{"title":"Les peuples se sont exprim\u00e9s : que disent les sondages internationaux sur la guerre isra\u00e9lo-US contre l'Iran ? - International Solidarity Movement - ISM-France","robots":{"index":"index","follow":"follow","max-snippet":"max-snippet:-1","max-image-preview":"max-image-preview:large","max-video-preview":"max-video-preview:-1"},"canonical":"https:\/\/ismfrance.org\/index.php\/2026\/03\/11\/les-peuples-se-sont-exprimes-que-disent-les-sondages-internationaux-sur-la-guerre-israelo-us-contre-liran\/","og_locale":"fr_FR","og_type":"article","og_title":"Les peuples se sont exprim\u00e9s : que disent les sondages internationaux sur la guerre isra\u00e9lo-US contre l'Iran ? - International Solidarity Movement - ISM-France","og_description":"The Palestine Chronicle, 10 mars 2026 \u2013 De nouveaux sondages r\u00e9v\u00e8lent une forte opposition internationale \u00e0 la guerre isra\u00e9lo-US contre l&rsquo;Iran, avec un soutien important principalement en Isra\u00ebl. Points cl\u00e9s Lire la suite &rarr;","og_url":"https:\/\/ismfrance.org\/index.php\/2026\/03\/11\/les-peuples-se-sont-exprimes-que-disent-les-sondages-internationaux-sur-la-guerre-israelo-us-contre-liran\/","og_site_name":"International Solidarity Movement - ISM-France","article_published_time":"2026-03-11T15:07:08+00:00","article_modified_time":"2026-03-11T15:09:21+00:00","og_image":[{"width":864,"height":486,"url":"https:\/\/ismfrance.org\/wp-content\/uploads\/2026\/03\/no-war-chicago.jpg","type":"image\/jpeg"}],"author":"mru_01","twitter_card":"summary_large_image","twitter_creator":"@ISMFRANCE","twitter_site":"@ISMFRANCE","twitter_misc":{"\u00c9crit par":"mru_01","Dur\u00e9e de lecture estim\u00e9e":"9 minutes"},"schema":{"@context":"https:\/\/schema.org","@graph":[{"@type":"Article","@id":"https:\/\/ismfrance.org\/index.php\/2026\/03\/11\/les-peuples-se-sont-exprimes-que-disent-les-sondages-internationaux-sur-la-guerre-israelo-us-contre-liran\/#article","isPartOf":{"@id":"https:\/\/ismfrance.org\/index.php\/2026\/03\/11\/les-peuples-se-sont-exprimes-que-disent-les-sondages-internationaux-sur-la-guerre-israelo-us-contre-liran\/"},"author":{"name":"mru_01","@id":"https:\/\/ismfrance.org\/#\/schema\/person\/3c411eb72adfaae19c0dca1f41fae01d"},"headline":"Les peuples se sont exprim\u00e9s : que disent les sondages internationaux sur la guerre isra\u00e9lo-US contre l&rsquo;Iran ?","datePublished":"2026-03-11T15:07:08+00:00","dateModified":"2026-03-11T15:09:21+00:00","mainEntityOfPage":{"@id":"https:\/\/ismfrance.org\/index.php\/2026\/03\/11\/les-peuples-se-sont-exprimes-que-disent-les-sondages-internationaux-sur-la-guerre-israelo-us-contre-liran\/"},"wordCount":1710,"publisher":{"@id":"https:\/\/ismfrance.org\/#organization"},"image":{"@id":"https:\/\/ismfrance.org\/index.php\/2026\/03\/11\/les-peuples-se-sont-exprimes-que-disent-les-sondages-internationaux-sur-la-guerre-israelo-us-contre-liran\/#primaryimage"},"thumbnailUrl":"https:\/\/ismfrance.org\/wp-content\/uploads\/2026\/03\/no-war-chicago.jpg","keywords":["Industrie guerre","Iran","Plan Trump"],"articleSection":["Analyses","Articles"],"inLanguage":"fr-FR"},{"@type":"WebPage","@id":"https:\/\/ismfrance.org\/index.php\/2026\/03\/11\/les-peuples-se-sont-exprimes-que-disent-les-sondages-internationaux-sur-la-guerre-israelo-us-contre-liran\/","url":"https:\/\/ismfrance.org\/index.php\/2026\/03\/11\/les-peuples-se-sont-exprimes-que-disent-les-sondages-internationaux-sur-la-guerre-israelo-us-contre-liran\/","name":"Les peuples se sont exprim\u00e9s : que disent les sondages internationaux sur la guerre isra\u00e9lo-US contre l'Iran ? - International Solidarity Movement - ISM-France","isPartOf":{"@id":"https:\/\/ismfrance.org\/#website"},"primaryImageOfPage":{"@id":"https:\/\/ismfrance.org\/index.php\/2026\/03\/11\/les-peuples-se-sont-exprimes-que-disent-les-sondages-internationaux-sur-la-guerre-israelo-us-contre-liran\/#primaryimage"},"image":{"@id":"https:\/\/ismfrance.org\/index.php\/2026\/03\/11\/les-peuples-se-sont-exprimes-que-disent-les-sondages-internationaux-sur-la-guerre-israelo-us-contre-liran\/#primaryimage"},"thumbnailUrl":"https:\/\/ismfrance.org\/wp-content\/uploads\/2026\/03\/no-war-chicago.jpg","datePublished":"2026-03-11T15:07:08+00:00","dateModified":"2026-03-11T15:09:21+00:00","breadcrumb":{"@id":"https:\/\/ismfrance.org\/index.php\/2026\/03\/11\/les-peuples-se-sont-exprimes-que-disent-les-sondages-internationaux-sur-la-guerre-israelo-us-contre-liran\/#breadcrumb"},"inLanguage":"fr-FR","potentialAction":[{"@type":"ReadAction","target":["https:\/\/ismfrance.org\/index.php\/2026\/03\/11\/les-peuples-se-sont-exprimes-que-disent-les-sondages-internationaux-sur-la-guerre-israelo-us-contre-liran\/"]}]},{"@type":"ImageObject","inLanguage":"fr-FR","@id":"https:\/\/ismfrance.org\/index.php\/2026\/03\/11\/les-peuples-se-sont-exprimes-que-disent-les-sondages-internationaux-sur-la-guerre-israelo-us-contre-liran\/#primaryimage","url":"https:\/\/ismfrance.org\/wp-content\/uploads\/2026\/03\/no-war-chicago.jpg","contentUrl":"https:\/\/ismfrance.org\/wp-content\/uploads\/2026\/03\/no-war-chicago.jpg","width":864,"height":486},{"@type":"BreadcrumbList","@id":"https:\/\/ismfrance.org\/index.php\/2026\/03\/11\/les-peuples-se-sont-exprimes-que-disent-les-sondages-internationaux-sur-la-guerre-israelo-us-contre-liran\/#breadcrumb","itemListElement":[{"@type":"ListItem","position":1,"name":"Accueil","item":"https:\/\/ismfrance.org\/"},{"@type":"ListItem","position":2,"name":"Les peuples se sont exprim\u00e9s : que disent les sondages internationaux sur la guerre isra\u00e9lo-US contre l&rsquo;Iran ?"}]},{"@type":"WebSite","@id":"https:\/\/ismfrance.org\/#website","url":"https:\/\/ismfrance.org\/","name":"ISM Palestine France","description":"Soutien aux luttes de lib\u00e9ration du peuple palestinien","publisher":{"@id":"https:\/\/ismfrance.org\/#organization"},"potentialAction":[{"@type":"SearchAction","target":{"@type":"EntryPoint","urlTemplate":"https:\/\/ismfrance.org\/?s={search_term_string}"},"query-input":{"@type":"PropertyValueSpecification","valueRequired":true,"valueName":"search_term_string"}}],"inLanguage":"fr-FR"},{"@type":"Organization","@id":"https:\/\/ismfrance.org\/#organization","name":"International Solidarity Movement","url":"https:\/\/ismfrance.org\/","logo":{"@type":"ImageObject","inLanguage":"fr-FR","@id":"https:\/\/ismfrance.org\/#\/schema\/logo\/image\/","url":"https:\/\/ismfrance.org\/wp-content\/uploads\/2020\/12\/00.png","contentUrl":"https:\/\/ismfrance.org\/wp-content\/uploads\/2020\/12\/00.png","width":400,"height":400,"caption":"International Solidarity Movement"},"image":{"@id":"https:\/\/ismfrance.org\/#\/schema\/logo\/image\/"},"sameAs":["https:\/\/x.com\/ISMFRANCE"]},{"@type":"Person","@id":"https:\/\/ismfrance.org\/#\/schema\/person\/3c411eb72adfaae19c0dca1f41fae01d","name":"mru_01","image":{"@type":"ImageObject","inLanguage":"fr-FR","@id":"https:\/\/secure.gravatar.com\/avatar\/3a0be343b445d2ccc79e87444a294fad2b232e90d2051d0e3cc219e1ecd6a330?s=96&d=mm&r=g","url":"https:\/\/secure.gravatar.com\/avatar\/3a0be343b445d2ccc79e87444a294fad2b232e90d2051d0e3cc219e1ecd6a330?s=96&d=mm&r=g","contentUrl":"https:\/\/secure.gravatar.com\/avatar\/3a0be343b445d2ccc79e87444a294fad2b232e90d2051d0e3cc219e1ecd6a330?s=96&d=mm&r=g","caption":"mru_01"},"url":"https:\/\/ismfrance.org\/index.php\/author\/admin02\/"}]}},"_links":{"self":[{"href":"https:\/\/ismfrance.org\/index.php\/wp-json\/wp\/v2\/posts\/27842","targetHints":{"allow":["GET"]}}],"collection":[{"href":"https:\/\/ismfrance.org\/index.php\/wp-json\/wp\/v2\/posts"}],"about":[{"href":"https:\/\/ismfrance.org\/index.php\/wp-json\/wp\/v2\/types\/post"}],"author":[{"embeddable":true,"href":"https:\/\/ismfrance.org\/index.php\/wp-json\/wp\/v2\/users\/3"}],"replies":[{"embeddable":true,"href":"https:\/\/ismfrance.org\/index.php\/wp-json\/wp\/v2\/comments?post=27842"}],"version-history":[{"count":5,"href":"https:\/\/ismfrance.org\/index.php\/wp-json\/wp\/v2\/posts\/27842\/revisions"}],"predecessor-version":[{"id":27849,"href":"https:\/\/ismfrance.org\/index.php\/wp-json\/wp\/v2\/posts\/27842\/revisions\/27849"}],"wp:featuredmedia":[{"embeddable":true,"href":"https:\/\/ismfrance.org\/index.php\/wp-json\/wp\/v2\/media\/27844"}],"wp:attachment":[{"href":"https:\/\/ismfrance.org\/index.php\/wp-json\/wp\/v2\/media?parent=27842"}],"wp:term":[{"taxonomy":"category","embeddable":true,"href":"https:\/\/ismfrance.org\/index.php\/wp-json\/wp\/v2\/categories?post=27842"},{"taxonomy":"post_tag","embeddable":true,"href":"https:\/\/ismfrance.org\/index.php\/wp-json\/wp\/v2\/tags?post=27842"}],"curies":[{"name":"wp","href":"https:\/\/api.w.org\/{rel}","templated":true}]}}