{"id":27811,"date":"2026-03-10T10:17:13","date_gmt":"2026-03-10T09:17:13","guid":{"rendered":"https:\/\/ismfrance.org\/?p=27811"},"modified":"2026-03-10T10:17:13","modified_gmt":"2026-03-10T09:17:13","slug":"funerailles-damir-shenran-assassine-par-les-colons-sionistes-a-masafer-yatta-video","status":"publish","type":"post","link":"https:\/\/ismfrance.org\/index.php\/2026\/03\/10\/funerailles-damir-shenran-assassine-par-les-colons-sionistes-a-masafer-yatta-video\/","title":{"rendered":"Fun\u00e9railles d&rsquo;Amir Shenran, assassin\u00e9 par les colons sionistes \u00e0 Masafer Yatta (vid\u00e9o)"},"content":{"rendered":"<p><span style=\"color: #000000;\"><span style=\"font-family: Arial, sans-serif;\"><span style=\"font-size: medium;\"><strong>Masafer Yatta, 7 mars.<\/strong>&#8211; Hier, un colon a tir\u00e9 et tu\u00e9 Amir Mohammad Shenran (28 ans) et bless\u00e9 son fr\u00e8re Khaled dans le village de Wadi Rakhim.<\/span><\/span><\/span><\/p>\n<p><a href=\"https:\/\/ismfrance.org\/wp-content\/uploads\/2026\/03\/amir-shenron.png\"><img loading=\"lazy\" decoding=\"async\" class=\"size-full wp-image-27813 alignleft\" src=\"https:\/\/ismfrance.org\/wp-content\/uploads\/2026\/03\/amir-shenron.png\" alt=\"\" width=\"373\" height=\"345\" srcset=\"https:\/\/ismfrance.org\/wp-content\/uploads\/2026\/03\/amir-shenron.png 373w, https:\/\/ismfrance.org\/wp-content\/uploads\/2026\/03\/amir-shenron-300x277.png 300w\" sizes=\"auto, (max-width: 373px) 100vw, 373px\" \/><\/a><span style=\"color: #000000;\"><span style=\"font-family: Arial, sans-serif;\"><span style=\"font-size: medium;\">Ses fun\u00e9railles ont eu lieu hier \u00e0 Yatta. (<a href=\"https:\/\/www.instagram.com\/p\/DVrRf__DOJp\/\">VIDEO<\/a>)<\/span><\/span><\/span><\/p>\n<p><span style=\"color: #000000;\"><span style=\"font-family: Arial, sans-serif;\"><span style=\"font-size: medium;\">\u00c0 la suite de la fusillade, les colons et l\u2019arm\u00e9e isra\u00e9lienne ont continu\u00e9 \u00e0 terroriser les habitant.e.s de Wadi Rakhim en deuil, conduisant ce matin plusieurs v\u00e9hicules blind\u00e9s de l\u2019arm\u00e9e et un bulldozer \u00e0 travers le village, faisant craindre aux habitant.e.s que leurs maisons ne soient d\u00e9molies, \u00e0 peine 24 heures apr\u00e8s qu\u2019Amir ait \u00e9t\u00e9 assassin\u00e9.<\/span><\/span><\/span><\/p>\n<p>&nbsp;<\/p>\n<p><span style=\"color: #000000;\"><span style=\"font-family: Arial, sans-serif;\"><span style=\"font-size: medium;\">Cr\u00e9dit vid\u00e9o : ISM et sources locales<\/span><\/span><\/span><\/p>\n<p><span style=\"color: #000000;\"><span style=\"font-family: Arial, sans-serif;\"><span style=\"font-size: medium;\">Source : Compte Instagram <a href=\"https:\/\/www.instagram.com\/p\/DVrRf__DOJp\/\">ismpalestinefr<\/a><\/span><\/span><\/span><\/p>\n","protected":false},"excerpt":{"rendered":"<p>Masafer Yatta, 7 mars.&#8211; Hier, un colon a tir\u00e9 et tu\u00e9 Amir Mohammad Shenran (28 ans) et bless\u00e9 son fr\u00e8re Khaled dans le village de Wadi Rakhim. Ses fun\u00e9railles ont <a class=\"more-link\" href=\"https:\/\/ismfrance.org\/index.php\/2026\/03\/10\/funerailles-damir-shenran-assassine-par-les-colons-sionistes-a-masafer-yatta-video\/\">Lire la suite &rarr;<\/a><\/p>\n","protected":false},"author":3,"featured_media":27813,"comment_status":"closed","ping_status":"closed","sticky":false,"template":"","format":"standard","meta":{"footnotes":""},"categories":[1],"tags":[60,88],"class_list":["post-27811","post","type-post","status-publish","format-standard","has-post-thumbnail","hentry","category-non-classe","tag-assassinats","tag-attaques-de-colons"],"yoast_head":"<!-- This site is optimized with the Yoast SEO plugin v27.2 - https:\/\/yoast.com\/product\/yoast-seo-wordpress\/ -->\n<title>Fun\u00e9railles d&#039;Amir Shenran, assassin\u00e9 par les colons sionistes \u00e0 Masafer Yatta (vid\u00e9o) - International Solidarity Movement - ISM-France<\/title>\n<meta name=\"robots\" content=\"index, follow, max-snippet:-1, max-image-preview:large, max-video-preview:-1\" \/>\n<link rel=\"canonical\" href=\"https:\/\/ismfrance.org\/index.php\/2026\/03\/10\/funerailles-damir-shenran-assassine-par-les-colons-sionistes-a-masafer-yatta-video\/\" \/>\n<meta property=\"og:locale\" content=\"fr_FR\" \/>\n<meta property=\"og:type\" content=\"article\" \/>\n<meta property=\"og:title\" content=\"Fun\u00e9railles d&#039;Amir Shenran, assassin\u00e9 par les colons sionistes \u00e0 Masafer Yatta (vid\u00e9o) - International Solidarity Movement - ISM-France\" \/>\n<meta property=\"og:description\" content=\"Masafer Yatta, 7 mars.&#8211; Hier, un colon a tir\u00e9 et tu\u00e9 Amir Mohammad Shenran (28 ans) et bless\u00e9 son fr\u00e8re Khaled dans le village de Wadi Rakhim. Ses fun\u00e9railles ont Lire la suite &rarr;\" \/>\n<meta property=\"og:url\" content=\"https:\/\/ismfrance.org\/index.php\/2026\/03\/10\/funerailles-damir-shenran-assassine-par-les-colons-sionistes-a-masafer-yatta-video\/\" \/>\n<meta property=\"og:site_name\" content=\"International Solidarity Movement - ISM-France\" \/>\n<meta property=\"article:published_time\" content=\"2026-03-10T09:17:13+00:00\" \/>\n<meta property=\"og:image\" content=\"https:\/\/ismfrance.org\/wp-content\/uploads\/2026\/03\/amir-shenron.png\" \/>\n\t<meta property=\"og:image:width\" content=\"373\" \/>\n\t<meta property=\"og:image:height\" content=\"345\" \/>\n\t<meta property=\"og:image:type\" content=\"image\/png\" \/>\n<meta name=\"author\" content=\"mru_01\" \/>\n<meta name=\"twitter:card\" content=\"summary_large_image\" \/>\n<meta name=\"twitter:creator\" content=\"@ISMFRANCE\" \/>\n<meta name=\"twitter:site\" content=\"@ISMFRANCE\" \/>\n<meta name=\"twitter:label1\" content=\"\u00c9crit par\" \/>\n\t<meta name=\"twitter:data1\" content=\"mru_01\" \/>\n\t<meta name=\"twitter:label2\" content=\"Dur\u00e9e de lecture estim\u00e9e\" \/>\n\t<meta name=\"twitter:data2\" content=\"1 minute\" \/>\n<script type=\"application\/ld+json\" class=\"yoast-schema-graph\">{\"@context\":\"https:\/\/schema.org\",\"@graph\":[{\"@type\":\"Article\",\"@id\":\"https:\/\/ismfrance.org\/index.php\/2026\/03\/10\/funerailles-damir-shenran-assassine-par-les-colons-sionistes-a-masafer-yatta-video\/#article\",\"isPartOf\":{\"@id\":\"https:\/\/ismfrance.org\/index.php\/2026\/03\/10\/funerailles-damir-shenran-assassine-par-les-colons-sionistes-a-masafer-yatta-video\/\"},\"author\":{\"name\":\"mru_01\",\"@id\":\"https:\/\/ismfrance.org\/#\/schema\/person\/3c411eb72adfaae19c0dca1f41fae01d\"},\"headline\":\"Fun\u00e9railles d&rsquo;Amir Shenran, assassin\u00e9 par les colons sionistes \u00e0 Masafer Yatta (vid\u00e9o)\",\"datePublished\":\"2026-03-10T09:17:13+00:00\",\"mainEntityOfPage\":{\"@id\":\"https:\/\/ismfrance.org\/index.php\/2026\/03\/10\/funerailles-damir-shenran-assassine-par-les-colons-sionistes-a-masafer-yatta-video\/\"},\"wordCount\":128,\"publisher\":{\"@id\":\"https:\/\/ismfrance.org\/#organization\"},\"image\":{\"@id\":\"https:\/\/ismfrance.org\/index.php\/2026\/03\/10\/funerailles-damir-shenran-assassine-par-les-colons-sionistes-a-masafer-yatta-video\/#primaryimage\"},\"thumbnailUrl\":\"https:\/\/ismfrance.org\/wp-content\/uploads\/2026\/03\/amir-shenron.png\",\"keywords\":[\"Assassinats\",\"attaques de colons\"],\"inLanguage\":\"fr-FR\"},{\"@type\":\"WebPage\",\"@id\":\"https:\/\/ismfrance.org\/index.php\/2026\/03\/10\/funerailles-damir-shenran-assassine-par-les-colons-sionistes-a-masafer-yatta-video\/\",\"url\":\"https:\/\/ismfrance.org\/index.php\/2026\/03\/10\/funerailles-damir-shenran-assassine-par-les-colons-sionistes-a-masafer-yatta-video\/\",\"name\":\"Fun\u00e9railles d'Amir Shenran, assassin\u00e9 par les colons sionistes \u00e0 Masafer Yatta (vid\u00e9o) - International Solidarity Movement - ISM-France\",\"isPartOf\":{\"@id\":\"https:\/\/ismfrance.org\/#website\"},\"primaryImageOfPage\":{\"@id\":\"https:\/\/ismfrance.org\/index.php\/2026\/03\/10\/funerailles-damir-shenran-assassine-par-les-colons-sionistes-a-masafer-yatta-video\/#primaryimage\"},\"image\":{\"@id\":\"https:\/\/ismfrance.org\/index.php\/2026\/03\/10\/funerailles-damir-shenran-assassine-par-les-colons-sionistes-a-masafer-yatta-video\/#primaryimage\"},\"thumbnailUrl\":\"https:\/\/ismfrance.org\/wp-content\/uploads\/2026\/03\/amir-shenron.png\",\"datePublished\":\"2026-03-10T09:17:13+00:00\",\"breadcrumb\":{\"@id\":\"https:\/\/ismfrance.org\/index.php\/2026\/03\/10\/funerailles-damir-shenran-assassine-par-les-colons-sionistes-a-masafer-yatta-video\/#breadcrumb\"},\"inLanguage\":\"fr-FR\",\"potentialAction\":[{\"@type\":\"ReadAction\",\"target\":[\"https:\/\/ismfrance.org\/index.php\/2026\/03\/10\/funerailles-damir-shenran-assassine-par-les-colons-sionistes-a-masafer-yatta-video\/\"]}]},{\"@type\":\"ImageObject\",\"inLanguage\":\"fr-FR\",\"@id\":\"https:\/\/ismfrance.org\/index.php\/2026\/03\/10\/funerailles-damir-shenran-assassine-par-les-colons-sionistes-a-masafer-yatta-video\/#primaryimage\",\"url\":\"https:\/\/ismfrance.org\/wp-content\/uploads\/2026\/03\/amir-shenron.png\",\"contentUrl\":\"https:\/\/ismfrance.org\/wp-content\/uploads\/2026\/03\/amir-shenron.png\",\"width\":373,\"height\":345},{\"@type\":\"BreadcrumbList\",\"@id\":\"https:\/\/ismfrance.org\/index.php\/2026\/03\/10\/funerailles-damir-shenran-assassine-par-les-colons-sionistes-a-masafer-yatta-video\/#breadcrumb\",\"itemListElement\":[{\"@type\":\"ListItem\",\"position\":1,\"name\":\"Accueil\",\"item\":\"https:\/\/ismfrance.org\/\"},{\"@type\":\"ListItem\",\"position\":2,\"name\":\"Fun\u00e9railles d&rsquo;Amir Shenran, assassin\u00e9 par les colons sionistes \u00e0 Masafer Yatta (vid\u00e9o)\"}]},{\"@type\":\"WebSite\",\"@id\":\"https:\/\/ismfrance.org\/#website\",\"url\":\"https:\/\/ismfrance.org\/\",\"name\":\"ISM Palestine France\",\"description\":\"Soutien aux luttes de lib\u00e9ration du peuple palestinien\",\"publisher\":{\"@id\":\"https:\/\/ismfrance.org\/#organization\"},\"potentialAction\":[{\"@type\":\"SearchAction\",\"target\":{\"@type\":\"EntryPoint\",\"urlTemplate\":\"https:\/\/ismfrance.org\/?s={search_term_string}\"},\"query-input\":{\"@type\":\"PropertyValueSpecification\",\"valueRequired\":true,\"valueName\":\"search_term_string\"}}],\"inLanguage\":\"fr-FR\"},{\"@type\":\"Organization\",\"@id\":\"https:\/\/ismfrance.org\/#organization\",\"name\":\"International Solidarity Movement\",\"url\":\"https:\/\/ismfrance.org\/\",\"logo\":{\"@type\":\"ImageObject\",\"inLanguage\":\"fr-FR\",\"@id\":\"https:\/\/ismfrance.org\/#\/schema\/logo\/image\/\",\"url\":\"https:\/\/ismfrance.org\/wp-content\/uploads\/2020\/12\/00.png\",\"contentUrl\":\"https:\/\/ismfrance.org\/wp-content\/uploads\/2020\/12\/00.png\",\"width\":400,\"height\":400,\"caption\":\"International Solidarity Movement\"},\"image\":{\"@id\":\"https:\/\/ismfrance.org\/#\/schema\/logo\/image\/\"},\"sameAs\":[\"https:\/\/x.com\/ISMFRANCE\"]},{\"@type\":\"Person\",\"@id\":\"https:\/\/ismfrance.org\/#\/schema\/person\/3c411eb72adfaae19c0dca1f41fae01d\",\"name\":\"mru_01\",\"image\":{\"@type\":\"ImageObject\",\"inLanguage\":\"fr-FR\",\"@id\":\"https:\/\/secure.gravatar.com\/avatar\/3a0be343b445d2ccc79e87444a294fad2b232e90d2051d0e3cc219e1ecd6a330?s=96&d=mm&r=g\",\"url\":\"https:\/\/secure.gravatar.com\/avatar\/3a0be343b445d2ccc79e87444a294fad2b232e90d2051d0e3cc219e1ecd6a330?s=96&d=mm&r=g\",\"contentUrl\":\"https:\/\/secure.gravatar.com\/avatar\/3a0be343b445d2ccc79e87444a294fad2b232e90d2051d0e3cc219e1ecd6a330?s=96&d=mm&r=g\",\"caption\":\"mru_01\"},\"url\":\"https:\/\/ismfrance.org\/index.php\/author\/admin02\/\"}]}<\/script>\n<!-- \/ Yoast SEO plugin. -->","yoast_head_json":{"title":"Fun\u00e9railles d'Amir Shenran, assassin\u00e9 par les colons sionistes \u00e0 Masafer Yatta (vid\u00e9o) - International Solidarity Movement - ISM-France","robots":{"index":"index","follow":"follow","max-snippet":"max-snippet:-1","max-image-preview":"max-image-preview:large","max-video-preview":"max-video-preview:-1"},"canonical":"https:\/\/ismfrance.org\/index.php\/2026\/03\/10\/funerailles-damir-shenran-assassine-par-les-colons-sionistes-a-masafer-yatta-video\/","og_locale":"fr_FR","og_type":"article","og_title":"Fun\u00e9railles d'Amir Shenran, assassin\u00e9 par les colons sionistes \u00e0 Masafer Yatta (vid\u00e9o) - International Solidarity Movement - ISM-France","og_description":"Masafer Yatta, 7 mars.&#8211; Hier, un colon a tir\u00e9 et tu\u00e9 Amir Mohammad Shenran (28 ans) et bless\u00e9 son fr\u00e8re Khaled dans le village de Wadi Rakhim. Ses fun\u00e9railles ont Lire la suite &rarr;","og_url":"https:\/\/ismfrance.org\/index.php\/2026\/03\/10\/funerailles-damir-shenran-assassine-par-les-colons-sionistes-a-masafer-yatta-video\/","og_site_name":"International Solidarity Movement - ISM-France","article_published_time":"2026-03-10T09:17:13+00:00","og_image":[{"width":373,"height":345,"url":"https:\/\/ismfrance.org\/wp-content\/uploads\/2026\/03\/amir-shenron.png","type":"image\/png"}],"author":"mru_01","twitter_card":"summary_large_image","twitter_creator":"@ISMFRANCE","twitter_site":"@ISMFRANCE","twitter_misc":{"\u00c9crit par":"mru_01","Dur\u00e9e de lecture estim\u00e9e":"1 minute"},"schema":{"@context":"https:\/\/schema.org","@graph":[{"@type":"Article","@id":"https:\/\/ismfrance.org\/index.php\/2026\/03\/10\/funerailles-damir-shenran-assassine-par-les-colons-sionistes-a-masafer-yatta-video\/#article","isPartOf":{"@id":"https:\/\/ismfrance.org\/index.php\/2026\/03\/10\/funerailles-damir-shenran-assassine-par-les-colons-sionistes-a-masafer-yatta-video\/"},"author":{"name":"mru_01","@id":"https:\/\/ismfrance.org\/#\/schema\/person\/3c411eb72adfaae19c0dca1f41fae01d"},"headline":"Fun\u00e9railles d&rsquo;Amir Shenran, assassin\u00e9 par les colons sionistes \u00e0 Masafer Yatta (vid\u00e9o)","datePublished":"2026-03-10T09:17:13+00:00","mainEntityOfPage":{"@id":"https:\/\/ismfrance.org\/index.php\/2026\/03\/10\/funerailles-damir-shenran-assassine-par-les-colons-sionistes-a-masafer-yatta-video\/"},"wordCount":128,"publisher":{"@id":"https:\/\/ismfrance.org\/#organization"},"image":{"@id":"https:\/\/ismfrance.org\/index.php\/2026\/03\/10\/funerailles-damir-shenran-assassine-par-les-colons-sionistes-a-masafer-yatta-video\/#primaryimage"},"thumbnailUrl":"https:\/\/ismfrance.org\/wp-content\/uploads\/2026\/03\/amir-shenron.png","keywords":["Assassinats","attaques de colons"],"inLanguage":"fr-FR"},{"@type":"WebPage","@id":"https:\/\/ismfrance.org\/index.php\/2026\/03\/10\/funerailles-damir-shenran-assassine-par-les-colons-sionistes-a-masafer-yatta-video\/","url":"https:\/\/ismfrance.org\/index.php\/2026\/03\/10\/funerailles-damir-shenran-assassine-par-les-colons-sionistes-a-masafer-yatta-video\/","name":"Fun\u00e9railles d'Amir Shenran, assassin\u00e9 par les colons sionistes \u00e0 Masafer Yatta (vid\u00e9o) - International Solidarity Movement - ISM-France","isPartOf":{"@id":"https:\/\/ismfrance.org\/#website"},"primaryImageOfPage":{"@id":"https:\/\/ismfrance.org\/index.php\/2026\/03\/10\/funerailles-damir-shenran-assassine-par-les-colons-sionistes-a-masafer-yatta-video\/#primaryimage"},"image":{"@id":"https:\/\/ismfrance.org\/index.php\/2026\/03\/10\/funerailles-damir-shenran-assassine-par-les-colons-sionistes-a-masafer-yatta-video\/#primaryimage"},"thumbnailUrl":"https:\/\/ismfrance.org\/wp-content\/uploads\/2026\/03\/amir-shenron.png","datePublished":"2026-03-10T09:17:13+00:00","breadcrumb":{"@id":"https:\/\/ismfrance.org\/index.php\/2026\/03\/10\/funerailles-damir-shenran-assassine-par-les-colons-sionistes-a-masafer-yatta-video\/#breadcrumb"},"inLanguage":"fr-FR","potentialAction":[{"@type":"ReadAction","target":["https:\/\/ismfrance.org\/index.php\/2026\/03\/10\/funerailles-damir-shenran-assassine-par-les-colons-sionistes-a-masafer-yatta-video\/"]}]},{"@type":"ImageObject","inLanguage":"fr-FR","@id":"https:\/\/ismfrance.org\/index.php\/2026\/03\/10\/funerailles-damir-shenran-assassine-par-les-colons-sionistes-a-masafer-yatta-video\/#primaryimage","url":"https:\/\/ismfrance.org\/wp-content\/uploads\/2026\/03\/amir-shenron.png","contentUrl":"https:\/\/ismfrance.org\/wp-content\/uploads\/2026\/03\/amir-shenron.png","width":373,"height":345},{"@type":"BreadcrumbList","@id":"https:\/\/ismfrance.org\/index.php\/2026\/03\/10\/funerailles-damir-shenran-assassine-par-les-colons-sionistes-a-masafer-yatta-video\/#breadcrumb","itemListElement":[{"@type":"ListItem","position":1,"name":"Accueil","item":"https:\/\/ismfrance.org\/"},{"@type":"ListItem","position":2,"name":"Fun\u00e9railles d&rsquo;Amir Shenran, assassin\u00e9 par les colons sionistes \u00e0 Masafer Yatta (vid\u00e9o)"}]},{"@type":"WebSite","@id":"https:\/\/ismfrance.org\/#website","url":"https:\/\/ismfrance.org\/","name":"ISM Palestine France","description":"Soutien aux luttes de lib\u00e9ration du peuple palestinien","publisher":{"@id":"https:\/\/ismfrance.org\/#organization"},"potentialAction":[{"@type":"SearchAction","target":{"@type":"EntryPoint","urlTemplate":"https:\/\/ismfrance.org\/?s={search_term_string}"},"query-input":{"@type":"PropertyValueSpecification","valueRequired":true,"valueName":"search_term_string"}}],"inLanguage":"fr-FR"},{"@type":"Organization","@id":"https:\/\/ismfrance.org\/#organization","name":"International Solidarity Movement","url":"https:\/\/ismfrance.org\/","logo":{"@type":"ImageObject","inLanguage":"fr-FR","@id":"https:\/\/ismfrance.org\/#\/schema\/logo\/image\/","url":"https:\/\/ismfrance.org\/wp-content\/uploads\/2020\/12\/00.png","contentUrl":"https:\/\/ismfrance.org\/wp-content\/uploads\/2020\/12\/00.png","width":400,"height":400,"caption":"International Solidarity Movement"},"image":{"@id":"https:\/\/ismfrance.org\/#\/schema\/logo\/image\/"},"sameAs":["https:\/\/x.com\/ISMFRANCE"]},{"@type":"Person","@id":"https:\/\/ismfrance.org\/#\/schema\/person\/3c411eb72adfaae19c0dca1f41fae01d","name":"mru_01","image":{"@type":"ImageObject","inLanguage":"fr-FR","@id":"https:\/\/secure.gravatar.com\/avatar\/3a0be343b445d2ccc79e87444a294fad2b232e90d2051d0e3cc219e1ecd6a330?s=96&d=mm&r=g","url":"https:\/\/secure.gravatar.com\/avatar\/3a0be343b445d2ccc79e87444a294fad2b232e90d2051d0e3cc219e1ecd6a330?s=96&d=mm&r=g","contentUrl":"https:\/\/secure.gravatar.com\/avatar\/3a0be343b445d2ccc79e87444a294fad2b232e90d2051d0e3cc219e1ecd6a330?s=96&d=mm&r=g","caption":"mru_01"},"url":"https:\/\/ismfrance.org\/index.php\/author\/admin02\/"}]}},"_links":{"self":[{"href":"https:\/\/ismfrance.org\/index.php\/wp-json\/wp\/v2\/posts\/27811","targetHints":{"allow":["GET"]}}],"collection":[{"href":"https:\/\/ismfrance.org\/index.php\/wp-json\/wp\/v2\/posts"}],"about":[{"href":"https:\/\/ismfrance.org\/index.php\/wp-json\/wp\/v2\/types\/post"}],"author":[{"embeddable":true,"href":"https:\/\/ismfrance.org\/index.php\/wp-json\/wp\/v2\/users\/3"}],"replies":[{"embeddable":true,"href":"https:\/\/ismfrance.org\/index.php\/wp-json\/wp\/v2\/comments?post=27811"}],"version-history":[{"count":2,"href":"https:\/\/ismfrance.org\/index.php\/wp-json\/wp\/v2\/posts\/27811\/revisions"}],"predecessor-version":[{"id":27814,"href":"https:\/\/ismfrance.org\/index.php\/wp-json\/wp\/v2\/posts\/27811\/revisions\/27814"}],"wp:featuredmedia":[{"embeddable":true,"href":"https:\/\/ismfrance.org\/index.php\/wp-json\/wp\/v2\/media\/27813"}],"wp:attachment":[{"href":"https:\/\/ismfrance.org\/index.php\/wp-json\/wp\/v2\/media?parent=27811"}],"wp:term":[{"taxonomy":"category","embeddable":true,"href":"https:\/\/ismfrance.org\/index.php\/wp-json\/wp\/v2\/categories?post=27811"},{"taxonomy":"post_tag","embeddable":true,"href":"https:\/\/ismfrance.org\/index.php\/wp-json\/wp\/v2\/tags?post=27811"}],"curies":[{"name":"wp","href":"https:\/\/api.w.org\/{rel}","templated":true}]}}