{"id":27806,"date":"2026-03-10T10:00:17","date_gmt":"2026-03-10T09:00:17","guid":{"rendered":"https:\/\/ismfrance.org\/?p=27806"},"modified":"2026-03-10T10:00:55","modified_gmt":"2026-03-10T09:00:55","slug":"alors-que-la-violence-des-colons-saggrave-israel-etend-le-permis-de-port-darmes-a-jerusalem-est-occupee","status":"publish","type":"post","link":"https:\/\/ismfrance.org\/index.php\/2026\/03\/10\/alors-que-la-violence-des-colons-saggrave-israel-etend-le-permis-de-port-darmes-a-jerusalem-est-occupee\/","title":{"rendered":"Alors que la violence des colons s&rsquo;aggrave, Isra\u00ebl \u00e9tend le permis de port d&rsquo;armes \u00e0 J\u00e9rusalem-Est occup\u00e9e"},"content":{"rendered":"<p><span style=\"color: #000000;\"><span style=\"font-family: Arial, sans-serif;\"><span style=\"font-size: medium;\"><strong>Quds News Network, 10 mars 2026.<\/strong>&#8211; Le ministre isra\u00e9lien de la S\u00e9curit\u00e9 nationale, Itamar Ben-Gvir, a annonc\u00e9 une extension importante du syst\u00e8me de permis de port d&rsquo;armes \u00e0 J\u00e9rusalem-Est occup\u00e9e, ajoutant plus de 300.000 colons \u00e0 la liste des personnes \u00e9ligibles.<\/span><\/span><\/span><\/p>\n<div id=\"attachment_27808\" style=\"width: 610px\" class=\"wp-caption alignnone\"><a href=\"https:\/\/ismfrance.org\/wp-content\/uploads\/2026\/03\/file_69af650963d3e.jpeg\"><img loading=\"lazy\" decoding=\"async\" aria-describedby=\"caption-attachment-27808\" class=\"wp-image-27808 size-large\" src=\"https:\/\/ismfrance.org\/wp-content\/uploads\/2026\/03\/file_69af650963d3e-700x438.jpeg\" alt=\"\" width=\"600\" height=\"375\" srcset=\"https:\/\/ismfrance.org\/wp-content\/uploads\/2026\/03\/file_69af650963d3e-700x438.jpeg 700w, https:\/\/ismfrance.org\/wp-content\/uploads\/2026\/03\/file_69af650963d3e-300x188.jpeg 300w, https:\/\/ismfrance.org\/wp-content\/uploads\/2026\/03\/file_69af650963d3e-768x480.jpeg 768w, https:\/\/ismfrance.org\/wp-content\/uploads\/2026\/03\/file_69af650963d3e-1536x960.jpeg 1536w, https:\/\/ismfrance.org\/wp-content\/uploads\/2026\/03\/file_69af650963d3e-2048x1280.jpeg 2048w, https:\/\/ismfrance.org\/wp-content\/uploads\/2026\/03\/file_69af650963d3e-750x470.jpeg 750w, https:\/\/ismfrance.org\/wp-content\/uploads\/2026\/03\/file_69af650963d3e-640x401.jpeg 640w\" sizes=\"auto, (max-width: 600px) 100vw, 600px\" \/><\/a><p id=\"caption-attachment-27808\" class=\"wp-caption-text\"><em><strong>Distribution d&rsquo;armes aux colons sionistes de Cisjordanie occup\u00e9e, en 2024.<\/strong><\/em><\/p><\/div>\n<p><span style=\"color: #000000;\"><span style=\"font-family: Arial, sans-serif;\"><span style=\"font-size: medium;\">Ben-Gvir, chef du parti terroriste Otzma Yehudit, a d\u00e9clar\u00e9 sur la plateforme de m\u00e9dias sociaux X que 240.000 Isra\u00e9liens avaient d\u00e9j\u00e0 obtenu un permis de port d&rsquo;armes depuis sa prise de fonctions en 2022.<\/span><\/span><\/span><\/p>\n<p><span style=\"color: #000000;\"><span style=\"font-family: Arial, sans-serif;\"><span style=\"font-size: medium;\">Il a pr\u00e9cis\u00e9 que cette extension concernait 41 nouvelles colonies et 1.600 rues, affirmant qu&rsquo;un acc\u00e8s facilit\u00e9 aux armes \u00e0 feu renfor\u00e7ait la s\u00e9curit\u00e9 personnelle et pr\u00e9parait les colons \u00e0 \u00ab\u00a0faire face aux actes terroristes\u00a0\u00bb.<\/span><\/span><\/span><\/p>\n<p><span style=\"color: #000000;\"><span style=\"font-family: Arial, sans-serif;\"><span style=\"font-size: medium;\">Les organisations de d\u00e9fense des droits humains ont condamn\u00e9 cette mesure, jugeant qu&rsquo;elle encourageait la violence contre les Palestiniens et exacerbait les tensions dans les territoires occup\u00e9s.<\/span><\/span><\/span><\/p>\n<p><span style=\"color: #000000;\"><span style=\"font-family: Arial, sans-serif;\"><span style=\"font-size: medium;\">Ben-Gvir facilite l&rsquo;acc\u00e8s aux armes \u00e0 feu pour les Isra\u00e9liens juifs depuis fin 2022, malgr\u00e9 les avertissements r\u00e9p\u00e9t\u00e9s des organisations de d\u00e9fense des droits humains. <\/span><\/span><\/span><\/p>\n<p><span style=\"color: #000000;\"><span style=\"font-family: Arial, sans-serif;\"><span style=\"font-size: medium;\">Depuis le d\u00e9but du g\u00e9nocide \u00e0 Gaza, les forces isra\u00e9liennes et les colons ont intensifi\u00e9 leurs attaques en Cisjordanie, faisant 1.125 morts, pr\u00e8s de 11.700 bless\u00e9s et environ 22.000 enl\u00e8vements parmi les Palestiniens, selon les chiffres officiels.<\/span><\/span><\/span><\/p>\n<p><span style=\"color: #000000;\"><span style=\"font-family: Arial, sans-serif;\"><span style=\"font-size: medium;\">Ces attaques comprennent \u00e9galement la d\u00e9molition de maisons et d\u2019infrastructures, les d\u00e9placements forc\u00e9s de population et l\u2019expansion continue des colonies en Cisjordanie et \u00e0 J\u00e9rusalem, territoires que la communaut\u00e9 internationale consid\u00e8re comme occup\u00e9s.<\/span><\/span><\/span><\/p>\n<p><span style=\"color: #000000;\"><span style=\"font-family: Arial, sans-serif;\"><span style=\"font-size: medium;\">D\u2019apr\u00e8s le journal <i>Haaretz<\/i>, les attaques des colons isra\u00e9liens contre les Palestiniens en Cisjordanie ont augment\u00e9 de 25\u00a0% l\u2019an dernier, t\u00e9moignant d\u2019une recrudescence de la violence et d\u2019une exacerbation des tensions dans la r\u00e9gion.<\/span><\/span><\/span><\/p>\n<p><span style=\"color: #000000;\"><span style=\"font-family: Arial, sans-serif;\"><span style=\"font-size: medium;\">Article original en anglais sur <a href=\"https:\/\/qudsnen.co\/post?id=67355&amp;slug=israel-expands-gun-licenses-in-occupied-jerusalem-amid-rising-settler-violence\">Quds News Network<\/a> \/ Traduction MR<\/span><\/span><\/span><\/p>\n","protected":false},"excerpt":{"rendered":"<p>Quds News Network, 10 mars 2026.&#8211; Le ministre isra\u00e9lien de la S\u00e9curit\u00e9 nationale, Itamar Ben-Gvir, a annonc\u00e9 une extension importante du syst\u00e8me de permis de port d&rsquo;armes \u00e0 J\u00e9rusalem-Est occup\u00e9e, <a class=\"more-link\" href=\"https:\/\/ismfrance.org\/index.php\/2026\/03\/10\/alors-que-la-violence-des-colons-saggrave-israel-etend-le-permis-de-port-darmes-a-jerusalem-est-occupee\/\">Lire la suite &rarr;<\/a><\/p>\n","protected":false},"author":3,"featured_media":27808,"comment_status":"closed","ping_status":"closed","sticky":false,"template":"","format":"standard","meta":{"footnotes":""},"categories":[1],"tags":[65,88,203],"class_list":["post-27806","post","type-post","status-publish","format-standard","has-post-thumbnail","hentry","category-non-classe","tag-armement-israelien","tag-attaques-de-colons","tag-jerusalem"],"yoast_head":"<!-- This site is optimized with the Yoast SEO plugin v27.2 - https:\/\/yoast.com\/product\/yoast-seo-wordpress\/ -->\n<title>Alors que la violence des colons s&#039;aggrave, Isra\u00ebl \u00e9tend le permis de port d&#039;armes \u00e0 J\u00e9rusalem-Est occup\u00e9e - International Solidarity Movement - ISM-France<\/title>\n<meta name=\"robots\" content=\"index, follow, max-snippet:-1, max-image-preview:large, max-video-preview:-1\" \/>\n<link rel=\"canonical\" href=\"https:\/\/ismfrance.org\/index.php\/2026\/03\/10\/alors-que-la-violence-des-colons-saggrave-israel-etend-le-permis-de-port-darmes-a-jerusalem-est-occupee\/\" \/>\n<meta property=\"og:locale\" content=\"fr_FR\" \/>\n<meta property=\"og:type\" content=\"article\" \/>\n<meta property=\"og:title\" content=\"Alors que la violence des colons s&#039;aggrave, Isra\u00ebl \u00e9tend le permis de port d&#039;armes \u00e0 J\u00e9rusalem-Est occup\u00e9e - International Solidarity Movement - ISM-France\" \/>\n<meta property=\"og:description\" content=\"Quds News Network, 10 mars 2026.&#8211; Le ministre isra\u00e9lien de la S\u00e9curit\u00e9 nationale, Itamar Ben-Gvir, a annonc\u00e9 une extension importante du syst\u00e8me de permis de port d&rsquo;armes \u00e0 J\u00e9rusalem-Est occup\u00e9e, Lire la suite &rarr;\" \/>\n<meta property=\"og:url\" content=\"https:\/\/ismfrance.org\/index.php\/2026\/03\/10\/alors-que-la-violence-des-colons-saggrave-israel-etend-le-permis-de-port-darmes-a-jerusalem-est-occupee\/\" \/>\n<meta property=\"og:site_name\" content=\"International Solidarity Movement - ISM-France\" \/>\n<meta property=\"article:published_time\" content=\"2026-03-10T09:00:17+00:00\" \/>\n<meta property=\"article:modified_time\" content=\"2026-03-10T09:00:55+00:00\" \/>\n<meta property=\"og:image\" content=\"https:\/\/ismfrance.org\/wp-content\/uploads\/2026\/03\/file_69af650963d3e.jpeg\" \/>\n\t<meta property=\"og:image:width\" content=\"2500\" \/>\n\t<meta property=\"og:image:height\" content=\"1563\" \/>\n\t<meta property=\"og:image:type\" content=\"image\/jpeg\" \/>\n<meta name=\"author\" content=\"mru_01\" \/>\n<meta name=\"twitter:card\" content=\"summary_large_image\" \/>\n<meta name=\"twitter:creator\" content=\"@ISMFRANCE\" \/>\n<meta name=\"twitter:site\" content=\"@ISMFRANCE\" \/>\n<meta name=\"twitter:label1\" content=\"\u00c9crit par\" \/>\n\t<meta name=\"twitter:data1\" content=\"mru_01\" \/>\n\t<meta name=\"twitter:label2\" content=\"Dur\u00e9e de lecture estim\u00e9e\" \/>\n\t<meta name=\"twitter:data2\" content=\"2 minutes\" \/>\n<script type=\"application\/ld+json\" class=\"yoast-schema-graph\">{\"@context\":\"https:\/\/schema.org\",\"@graph\":[{\"@type\":\"Article\",\"@id\":\"https:\/\/ismfrance.org\/index.php\/2026\/03\/10\/alors-que-la-violence-des-colons-saggrave-israel-etend-le-permis-de-port-darmes-a-jerusalem-est-occupee\/#article\",\"isPartOf\":{\"@id\":\"https:\/\/ismfrance.org\/index.php\/2026\/03\/10\/alors-que-la-violence-des-colons-saggrave-israel-etend-le-permis-de-port-darmes-a-jerusalem-est-occupee\/\"},\"author\":{\"name\":\"mru_01\",\"@id\":\"https:\/\/ismfrance.org\/#\/schema\/person\/3c411eb72adfaae19c0dca1f41fae01d\"},\"headline\":\"Alors que la violence des colons s&rsquo;aggrave, Isra\u00ebl \u00e9tend le permis de port d&rsquo;armes \u00e0 J\u00e9rusalem-Est occup\u00e9e\",\"datePublished\":\"2026-03-10T09:00:17+00:00\",\"dateModified\":\"2026-03-10T09:00:55+00:00\",\"mainEntityOfPage\":{\"@id\":\"https:\/\/ismfrance.org\/index.php\/2026\/03\/10\/alors-que-la-violence-des-colons-saggrave-israel-etend-le-permis-de-port-darmes-a-jerusalem-est-occupee\/\"},\"wordCount\":346,\"publisher\":{\"@id\":\"https:\/\/ismfrance.org\/#organization\"},\"image\":{\"@id\":\"https:\/\/ismfrance.org\/index.php\/2026\/03\/10\/alors-que-la-violence-des-colons-saggrave-israel-etend-le-permis-de-port-darmes-a-jerusalem-est-occupee\/#primaryimage\"},\"thumbnailUrl\":\"https:\/\/ismfrance.org\/wp-content\/uploads\/2026\/03\/file_69af650963d3e.jpeg\",\"keywords\":[\"armement isra\u00e9lien\",\"attaques de colons\",\"Jerusalem\"],\"inLanguage\":\"fr-FR\"},{\"@type\":\"WebPage\",\"@id\":\"https:\/\/ismfrance.org\/index.php\/2026\/03\/10\/alors-que-la-violence-des-colons-saggrave-israel-etend-le-permis-de-port-darmes-a-jerusalem-est-occupee\/\",\"url\":\"https:\/\/ismfrance.org\/index.php\/2026\/03\/10\/alors-que-la-violence-des-colons-saggrave-israel-etend-le-permis-de-port-darmes-a-jerusalem-est-occupee\/\",\"name\":\"Alors que la violence des colons s'aggrave, Isra\u00ebl \u00e9tend le permis de port d'armes \u00e0 J\u00e9rusalem-Est occup\u00e9e - International Solidarity Movement - ISM-France\",\"isPartOf\":{\"@id\":\"https:\/\/ismfrance.org\/#website\"},\"primaryImageOfPage\":{\"@id\":\"https:\/\/ismfrance.org\/index.php\/2026\/03\/10\/alors-que-la-violence-des-colons-saggrave-israel-etend-le-permis-de-port-darmes-a-jerusalem-est-occupee\/#primaryimage\"},\"image\":{\"@id\":\"https:\/\/ismfrance.org\/index.php\/2026\/03\/10\/alors-que-la-violence-des-colons-saggrave-israel-etend-le-permis-de-port-darmes-a-jerusalem-est-occupee\/#primaryimage\"},\"thumbnailUrl\":\"https:\/\/ismfrance.org\/wp-content\/uploads\/2026\/03\/file_69af650963d3e.jpeg\",\"datePublished\":\"2026-03-10T09:00:17+00:00\",\"dateModified\":\"2026-03-10T09:00:55+00:00\",\"breadcrumb\":{\"@id\":\"https:\/\/ismfrance.org\/index.php\/2026\/03\/10\/alors-que-la-violence-des-colons-saggrave-israel-etend-le-permis-de-port-darmes-a-jerusalem-est-occupee\/#breadcrumb\"},\"inLanguage\":\"fr-FR\",\"potentialAction\":[{\"@type\":\"ReadAction\",\"target\":[\"https:\/\/ismfrance.org\/index.php\/2026\/03\/10\/alors-que-la-violence-des-colons-saggrave-israel-etend-le-permis-de-port-darmes-a-jerusalem-est-occupee\/\"]}]},{\"@type\":\"ImageObject\",\"inLanguage\":\"fr-FR\",\"@id\":\"https:\/\/ismfrance.org\/index.php\/2026\/03\/10\/alors-que-la-violence-des-colons-saggrave-israel-etend-le-permis-de-port-darmes-a-jerusalem-est-occupee\/#primaryimage\",\"url\":\"https:\/\/ismfrance.org\/wp-content\/uploads\/2026\/03\/file_69af650963d3e.jpeg\",\"contentUrl\":\"https:\/\/ismfrance.org\/wp-content\/uploads\/2026\/03\/file_69af650963d3e.jpeg\",\"width\":2500,\"height\":1563},{\"@type\":\"BreadcrumbList\",\"@id\":\"https:\/\/ismfrance.org\/index.php\/2026\/03\/10\/alors-que-la-violence-des-colons-saggrave-israel-etend-le-permis-de-port-darmes-a-jerusalem-est-occupee\/#breadcrumb\",\"itemListElement\":[{\"@type\":\"ListItem\",\"position\":1,\"name\":\"Accueil\",\"item\":\"https:\/\/ismfrance.org\/\"},{\"@type\":\"ListItem\",\"position\":2,\"name\":\"Alors que la violence des colons s&rsquo;aggrave, Isra\u00ebl \u00e9tend le permis de port d&rsquo;armes \u00e0 J\u00e9rusalem-Est occup\u00e9e\"}]},{\"@type\":\"WebSite\",\"@id\":\"https:\/\/ismfrance.org\/#website\",\"url\":\"https:\/\/ismfrance.org\/\",\"name\":\"ISM Palestine France\",\"description\":\"Soutien aux luttes de lib\u00e9ration du peuple palestinien\",\"publisher\":{\"@id\":\"https:\/\/ismfrance.org\/#organization\"},\"potentialAction\":[{\"@type\":\"SearchAction\",\"target\":{\"@type\":\"EntryPoint\",\"urlTemplate\":\"https:\/\/ismfrance.org\/?s={search_term_string}\"},\"query-input\":{\"@type\":\"PropertyValueSpecification\",\"valueRequired\":true,\"valueName\":\"search_term_string\"}}],\"inLanguage\":\"fr-FR\"},{\"@type\":\"Organization\",\"@id\":\"https:\/\/ismfrance.org\/#organization\",\"name\":\"International Solidarity Movement\",\"url\":\"https:\/\/ismfrance.org\/\",\"logo\":{\"@type\":\"ImageObject\",\"inLanguage\":\"fr-FR\",\"@id\":\"https:\/\/ismfrance.org\/#\/schema\/logo\/image\/\",\"url\":\"https:\/\/ismfrance.org\/wp-content\/uploads\/2020\/12\/00.png\",\"contentUrl\":\"https:\/\/ismfrance.org\/wp-content\/uploads\/2020\/12\/00.png\",\"width\":400,\"height\":400,\"caption\":\"International Solidarity Movement\"},\"image\":{\"@id\":\"https:\/\/ismfrance.org\/#\/schema\/logo\/image\/\"},\"sameAs\":[\"https:\/\/x.com\/ISMFRANCE\"]},{\"@type\":\"Person\",\"@id\":\"https:\/\/ismfrance.org\/#\/schema\/person\/3c411eb72adfaae19c0dca1f41fae01d\",\"name\":\"mru_01\",\"image\":{\"@type\":\"ImageObject\",\"inLanguage\":\"fr-FR\",\"@id\":\"https:\/\/secure.gravatar.com\/avatar\/3a0be343b445d2ccc79e87444a294fad2b232e90d2051d0e3cc219e1ecd6a330?s=96&d=mm&r=g\",\"url\":\"https:\/\/secure.gravatar.com\/avatar\/3a0be343b445d2ccc79e87444a294fad2b232e90d2051d0e3cc219e1ecd6a330?s=96&d=mm&r=g\",\"contentUrl\":\"https:\/\/secure.gravatar.com\/avatar\/3a0be343b445d2ccc79e87444a294fad2b232e90d2051d0e3cc219e1ecd6a330?s=96&d=mm&r=g\",\"caption\":\"mru_01\"},\"url\":\"https:\/\/ismfrance.org\/index.php\/author\/admin02\/\"}]}<\/script>\n<!-- \/ Yoast SEO plugin. -->","yoast_head_json":{"title":"Alors que la violence des colons s'aggrave, Isra\u00ebl \u00e9tend le permis de port d'armes \u00e0 J\u00e9rusalem-Est occup\u00e9e - International Solidarity Movement - ISM-France","robots":{"index":"index","follow":"follow","max-snippet":"max-snippet:-1","max-image-preview":"max-image-preview:large","max-video-preview":"max-video-preview:-1"},"canonical":"https:\/\/ismfrance.org\/index.php\/2026\/03\/10\/alors-que-la-violence-des-colons-saggrave-israel-etend-le-permis-de-port-darmes-a-jerusalem-est-occupee\/","og_locale":"fr_FR","og_type":"article","og_title":"Alors que la violence des colons s'aggrave, Isra\u00ebl \u00e9tend le permis de port d'armes \u00e0 J\u00e9rusalem-Est occup\u00e9e - International Solidarity Movement - ISM-France","og_description":"Quds News Network, 10 mars 2026.&#8211; Le ministre isra\u00e9lien de la S\u00e9curit\u00e9 nationale, Itamar Ben-Gvir, a annonc\u00e9 une extension importante du syst\u00e8me de permis de port d&rsquo;armes \u00e0 J\u00e9rusalem-Est occup\u00e9e, Lire la suite &rarr;","og_url":"https:\/\/ismfrance.org\/index.php\/2026\/03\/10\/alors-que-la-violence-des-colons-saggrave-israel-etend-le-permis-de-port-darmes-a-jerusalem-est-occupee\/","og_site_name":"International Solidarity Movement - ISM-France","article_published_time":"2026-03-10T09:00:17+00:00","article_modified_time":"2026-03-10T09:00:55+00:00","og_image":[{"width":2500,"height":1563,"url":"https:\/\/ismfrance.org\/wp-content\/uploads\/2026\/03\/file_69af650963d3e.jpeg","type":"image\/jpeg"}],"author":"mru_01","twitter_card":"summary_large_image","twitter_creator":"@ISMFRANCE","twitter_site":"@ISMFRANCE","twitter_misc":{"\u00c9crit par":"mru_01","Dur\u00e9e de lecture estim\u00e9e":"2 minutes"},"schema":{"@context":"https:\/\/schema.org","@graph":[{"@type":"Article","@id":"https:\/\/ismfrance.org\/index.php\/2026\/03\/10\/alors-que-la-violence-des-colons-saggrave-israel-etend-le-permis-de-port-darmes-a-jerusalem-est-occupee\/#article","isPartOf":{"@id":"https:\/\/ismfrance.org\/index.php\/2026\/03\/10\/alors-que-la-violence-des-colons-saggrave-israel-etend-le-permis-de-port-darmes-a-jerusalem-est-occupee\/"},"author":{"name":"mru_01","@id":"https:\/\/ismfrance.org\/#\/schema\/person\/3c411eb72adfaae19c0dca1f41fae01d"},"headline":"Alors que la violence des colons s&rsquo;aggrave, Isra\u00ebl \u00e9tend le permis de port d&rsquo;armes \u00e0 J\u00e9rusalem-Est occup\u00e9e","datePublished":"2026-03-10T09:00:17+00:00","dateModified":"2026-03-10T09:00:55+00:00","mainEntityOfPage":{"@id":"https:\/\/ismfrance.org\/index.php\/2026\/03\/10\/alors-que-la-violence-des-colons-saggrave-israel-etend-le-permis-de-port-darmes-a-jerusalem-est-occupee\/"},"wordCount":346,"publisher":{"@id":"https:\/\/ismfrance.org\/#organization"},"image":{"@id":"https:\/\/ismfrance.org\/index.php\/2026\/03\/10\/alors-que-la-violence-des-colons-saggrave-israel-etend-le-permis-de-port-darmes-a-jerusalem-est-occupee\/#primaryimage"},"thumbnailUrl":"https:\/\/ismfrance.org\/wp-content\/uploads\/2026\/03\/file_69af650963d3e.jpeg","keywords":["armement isra\u00e9lien","attaques de colons","Jerusalem"],"inLanguage":"fr-FR"},{"@type":"WebPage","@id":"https:\/\/ismfrance.org\/index.php\/2026\/03\/10\/alors-que-la-violence-des-colons-saggrave-israel-etend-le-permis-de-port-darmes-a-jerusalem-est-occupee\/","url":"https:\/\/ismfrance.org\/index.php\/2026\/03\/10\/alors-que-la-violence-des-colons-saggrave-israel-etend-le-permis-de-port-darmes-a-jerusalem-est-occupee\/","name":"Alors que la violence des colons s'aggrave, Isra\u00ebl \u00e9tend le permis de port d'armes \u00e0 J\u00e9rusalem-Est occup\u00e9e - International Solidarity Movement - ISM-France","isPartOf":{"@id":"https:\/\/ismfrance.org\/#website"},"primaryImageOfPage":{"@id":"https:\/\/ismfrance.org\/index.php\/2026\/03\/10\/alors-que-la-violence-des-colons-saggrave-israel-etend-le-permis-de-port-darmes-a-jerusalem-est-occupee\/#primaryimage"},"image":{"@id":"https:\/\/ismfrance.org\/index.php\/2026\/03\/10\/alors-que-la-violence-des-colons-saggrave-israel-etend-le-permis-de-port-darmes-a-jerusalem-est-occupee\/#primaryimage"},"thumbnailUrl":"https:\/\/ismfrance.org\/wp-content\/uploads\/2026\/03\/file_69af650963d3e.jpeg","datePublished":"2026-03-10T09:00:17+00:00","dateModified":"2026-03-10T09:00:55+00:00","breadcrumb":{"@id":"https:\/\/ismfrance.org\/index.php\/2026\/03\/10\/alors-que-la-violence-des-colons-saggrave-israel-etend-le-permis-de-port-darmes-a-jerusalem-est-occupee\/#breadcrumb"},"inLanguage":"fr-FR","potentialAction":[{"@type":"ReadAction","target":["https:\/\/ismfrance.org\/index.php\/2026\/03\/10\/alors-que-la-violence-des-colons-saggrave-israel-etend-le-permis-de-port-darmes-a-jerusalem-est-occupee\/"]}]},{"@type":"ImageObject","inLanguage":"fr-FR","@id":"https:\/\/ismfrance.org\/index.php\/2026\/03\/10\/alors-que-la-violence-des-colons-saggrave-israel-etend-le-permis-de-port-darmes-a-jerusalem-est-occupee\/#primaryimage","url":"https:\/\/ismfrance.org\/wp-content\/uploads\/2026\/03\/file_69af650963d3e.jpeg","contentUrl":"https:\/\/ismfrance.org\/wp-content\/uploads\/2026\/03\/file_69af650963d3e.jpeg","width":2500,"height":1563},{"@type":"BreadcrumbList","@id":"https:\/\/ismfrance.org\/index.php\/2026\/03\/10\/alors-que-la-violence-des-colons-saggrave-israel-etend-le-permis-de-port-darmes-a-jerusalem-est-occupee\/#breadcrumb","itemListElement":[{"@type":"ListItem","position":1,"name":"Accueil","item":"https:\/\/ismfrance.org\/"},{"@type":"ListItem","position":2,"name":"Alors que la violence des colons s&rsquo;aggrave, Isra\u00ebl \u00e9tend le permis de port d&rsquo;armes \u00e0 J\u00e9rusalem-Est occup\u00e9e"}]},{"@type":"WebSite","@id":"https:\/\/ismfrance.org\/#website","url":"https:\/\/ismfrance.org\/","name":"ISM Palestine France","description":"Soutien aux luttes de lib\u00e9ration du peuple palestinien","publisher":{"@id":"https:\/\/ismfrance.org\/#organization"},"potentialAction":[{"@type":"SearchAction","target":{"@type":"EntryPoint","urlTemplate":"https:\/\/ismfrance.org\/?s={search_term_string}"},"query-input":{"@type":"PropertyValueSpecification","valueRequired":true,"valueName":"search_term_string"}}],"inLanguage":"fr-FR"},{"@type":"Organization","@id":"https:\/\/ismfrance.org\/#organization","name":"International Solidarity Movement","url":"https:\/\/ismfrance.org\/","logo":{"@type":"ImageObject","inLanguage":"fr-FR","@id":"https:\/\/ismfrance.org\/#\/schema\/logo\/image\/","url":"https:\/\/ismfrance.org\/wp-content\/uploads\/2020\/12\/00.png","contentUrl":"https:\/\/ismfrance.org\/wp-content\/uploads\/2020\/12\/00.png","width":400,"height":400,"caption":"International Solidarity Movement"},"image":{"@id":"https:\/\/ismfrance.org\/#\/schema\/logo\/image\/"},"sameAs":["https:\/\/x.com\/ISMFRANCE"]},{"@type":"Person","@id":"https:\/\/ismfrance.org\/#\/schema\/person\/3c411eb72adfaae19c0dca1f41fae01d","name":"mru_01","image":{"@type":"ImageObject","inLanguage":"fr-FR","@id":"https:\/\/secure.gravatar.com\/avatar\/3a0be343b445d2ccc79e87444a294fad2b232e90d2051d0e3cc219e1ecd6a330?s=96&d=mm&r=g","url":"https:\/\/secure.gravatar.com\/avatar\/3a0be343b445d2ccc79e87444a294fad2b232e90d2051d0e3cc219e1ecd6a330?s=96&d=mm&r=g","contentUrl":"https:\/\/secure.gravatar.com\/avatar\/3a0be343b445d2ccc79e87444a294fad2b232e90d2051d0e3cc219e1ecd6a330?s=96&d=mm&r=g","caption":"mru_01"},"url":"https:\/\/ismfrance.org\/index.php\/author\/admin02\/"}]}},"_links":{"self":[{"href":"https:\/\/ismfrance.org\/index.php\/wp-json\/wp\/v2\/posts\/27806","targetHints":{"allow":["GET"]}}],"collection":[{"href":"https:\/\/ismfrance.org\/index.php\/wp-json\/wp\/v2\/posts"}],"about":[{"href":"https:\/\/ismfrance.org\/index.php\/wp-json\/wp\/v2\/types\/post"}],"author":[{"embeddable":true,"href":"https:\/\/ismfrance.org\/index.php\/wp-json\/wp\/v2\/users\/3"}],"replies":[{"embeddable":true,"href":"https:\/\/ismfrance.org\/index.php\/wp-json\/wp\/v2\/comments?post=27806"}],"version-history":[{"count":3,"href":"https:\/\/ismfrance.org\/index.php\/wp-json\/wp\/v2\/posts\/27806\/revisions"}],"predecessor-version":[{"id":27810,"href":"https:\/\/ismfrance.org\/index.php\/wp-json\/wp\/v2\/posts\/27806\/revisions\/27810"}],"wp:featuredmedia":[{"embeddable":true,"href":"https:\/\/ismfrance.org\/index.php\/wp-json\/wp\/v2\/media\/27808"}],"wp:attachment":[{"href":"https:\/\/ismfrance.org\/index.php\/wp-json\/wp\/v2\/media?parent=27806"}],"wp:term":[{"taxonomy":"category","embeddable":true,"href":"https:\/\/ismfrance.org\/index.php\/wp-json\/wp\/v2\/categories?post=27806"},{"taxonomy":"post_tag","embeddable":true,"href":"https:\/\/ismfrance.org\/index.php\/wp-json\/wp\/v2\/tags?post=27806"}],"curies":[{"name":"wp","href":"https:\/\/api.w.org\/{rel}","templated":true}]}}