{"id":27799,"date":"2026-03-10T09:50:08","date_gmt":"2026-03-10T08:50:08","guid":{"rendered":"https:\/\/ismfrance.org\/?p=27799"},"modified":"2026-03-10T09:50:08","modified_gmt":"2026-03-10T08:50:08","slug":"troupes-au-sol-frappes-aeriennes-et-deplacements-de-population-aucune-garantie-de-securite-au-liban-face-aux-assauts-israeliens-incessants","status":"publish","type":"post","link":"https:\/\/ismfrance.org\/index.php\/2026\/03\/10\/troupes-au-sol-frappes-aeriennes-et-deplacements-de-population-aucune-garantie-de-securite-au-liban-face-aux-assauts-israeliens-incessants\/","title":{"rendered":"Troupes au sol, frappes a\u00e9riennes et d\u00e9placements de population : aucune garantie de s\u00e9curit\u00e9 au Liban face aux assauts isra\u00e9liens incessants"},"content":{"rendered":"<p><span style=\"color: #000000;\"><span style=\"font-family: Arial, sans-serif;\"><span style=\"font-size: medium;\"><strong>Lylla Younes, 9 mars 2026.<\/strong> \u2013 Depuis plusieurs nuits, Walaa Raya n\u2019avait quasiment pas ferm\u00e9 l\u2019\u0153il. Cette femme de 32 ans restait \u00e9veill\u00e9e dans sa maison du village de Tamnin Al-Tahta, dans la vall\u00e9e de la Bekaa, \u00e0 l\u2019est du Liban, \u00e9coutant le grondement des avions de combat et consultant les derni\u00e8res nouvelles sur son t\u00e9l\u00e9phone, attendant l\u2019alerte qui pourrait contraindre sa famille \u00e0 fuir. Isra\u00ebl avait consid\u00e9rablement intensifi\u00e9 son offensive contre le Liban au cours de la semaine pr\u00e9c\u00e9dente, et elle craignait de rater un ordre d&rsquo;\u00e9vacuation, si elle s\u2019endormait.<\/span><\/span><\/span><\/p>\n<div id=\"attachment_27804\" style=\"width: 610px\" class=\"wp-caption alignnone\"><a href=\"https:\/\/ismfrance.org\/wp-content\/uploads\/2026\/03\/file_69a8121b26ff4.jpeg\"><img loading=\"lazy\" decoding=\"async\" aria-describedby=\"caption-attachment-27804\" class=\"wp-image-27804 size-large\" src=\"https:\/\/ismfrance.org\/wp-content\/uploads\/2026\/03\/file_69a8121b26ff4-700x394.jpeg\" alt=\"\" width=\"600\" height=\"338\" srcset=\"https:\/\/ismfrance.org\/wp-content\/uploads\/2026\/03\/file_69a8121b26ff4-700x394.jpeg 700w, https:\/\/ismfrance.org\/wp-content\/uploads\/2026\/03\/file_69a8121b26ff4-300x169.jpeg 300w, https:\/\/ismfrance.org\/wp-content\/uploads\/2026\/03\/file_69a8121b26ff4-768x432.jpeg 768w, https:\/\/ismfrance.org\/wp-content\/uploads\/2026\/03\/file_69a8121b26ff4.jpeg 976w\" sizes=\"auto, (max-width: 600px) 100vw, 600px\" \/><\/a><p id=\"caption-attachment-27804\" class=\"wp-caption-text\"><em><strong>Attaque isra\u00e9lienne sur la banlieue sud de Beyrouth, Liban. Image d&rsquo;archives.<\/strong><\/em><\/p><\/div>\n<p><span style=\"color: #000000;\"><span style=\"font-family: Arial, sans-serif;\"><span style=\"font-size: medium;\">Peu apr\u00e8s minuit, vendredi, les bruits au-dessus de sa t\u00eate se sont intensifi\u00e9s. Des avions de chasse et des drones sillonnaient le ciel, et bient\u00f4t Raya a commenc\u00e9 \u00e0 entendre des h\u00e9licopt\u00e8res. Puis, un \u00e9trange cr\u00e9pitement, semblable \u00e0 des feux d\u2019artifice, a retenti.<\/span><\/span><\/span><\/p>\n<p><span style=\"color: #000000;\"><span style=\"font-family: Arial, sans-serif;\"><span style=\"font-size: medium;\">La confusion s\u2019est rapidement r\u00e9pandue dans les groupes WhatsApp du village. Certains messages affirmaient que les h\u00e9licopt\u00e8res appartenaient \u00e0 l&rsquo;arm\u00e9e libanaise et \u00e9vacuaient des soldats bless\u00e9s. D&rsquo;autres avertissaient que des troupes isra\u00e9liennes tentaient d&rsquo;envahir la zone.<\/span><\/span><\/span><\/p>\n<p><span style=\"color: #000000;\"><span style=\"font-family: Arial, sans-serif;\"><span style=\"font-size: medium;\">La panique s&rsquo;est install\u00e9e. Des fus\u00e9es \u00e9clairantes ont illumin\u00e9 le ciel tandis que l&rsquo;arm\u00e9e libanaise ripostait \u00e0 ce qu&rsquo;elle avait identifi\u00e9 comme une incursion militaire isra\u00e9lienne. Quelques instants plus tard, de violents affrontements ont d\u00e9chir\u00e9 la nuit\u00a0: des rafales de tirs suivies d&rsquo;une vague de frappes a\u00e9riennes. Vers 2\u00a0h du matin, le silence est enfin retomb\u00e9.<\/span><\/span><\/span><\/p>\n<p><span style=\"color: #000000;\"><span style=\"font-family: Arial, sans-serif;\"><span style=\"font-size: medium;\">Dans les heures qui ont suivi, les d\u00e9tails des \u00e9v\u00e9nements ont commenc\u00e9 \u00e0 \u00e9merger.<\/span><\/span><\/span><\/p>\n<p><span style=\"color: #000000;\"><span style=\"font-family: Arial, sans-serif;\"><span style=\"font-size: medium;\">Les forces isra\u00e9liennes avaient lanc\u00e9 une op\u00e9ration sur la ville voisine de Nabi Chit avec des h\u00e9licopt\u00e8res et des troupes au sol, affirmant vouloir r\u00e9cup\u00e9rer la d\u00e9pouille du soldat isra\u00e9lien Ron Arad, disparu au Liban quarante ans auparavant. Le commandant de l&rsquo;arm\u00e9e libanaise, Rodolphe Haykal, d\u00e9clara dans un communiqu\u00e9 que l&rsquo;unit\u00e9 commando isra\u00e9lienne impliqu\u00e9e dans l&rsquo;op\u00e9ration s&rsquo;\u00e9tait d\u00e9guis\u00e9e en uniformes semblables \u00e0 ceux de l&rsquo;arm\u00e9e libanaise et avait progress\u00e9 dans la zone \u00e0 bord d&rsquo;ambulances arborant l&rsquo;insigne de l&rsquo;Organisation islamique de la sant\u00e9 du Hezbollah.<\/span><\/span><\/span><\/p>\n<div id=\"attachment_27802\" style=\"width: 475px\" class=\"wp-caption aligncenter\"><a href=\"https:\/\/ismfrance.org\/wp-content\/uploads\/2026\/03\/nbi-chit.jpg\"><img loading=\"lazy\" decoding=\"async\" aria-describedby=\"caption-attachment-27802\" class=\"wp-image-27802\" src=\"https:\/\/ismfrance.org\/wp-content\/uploads\/2026\/03\/nbi-chit-525x700.jpg\" alt=\"\" width=\"465\" height=\"617\" \/><\/a><p id=\"caption-attachment-27802\" class=\"wp-caption-text\"><em><strong>Cons\u00e9quences des violents raids a\u00e9riens isra\u00e9liens sur la ville de Nabi Chit, \u00e0 l&rsquo;est du Liban, le 6 mars (source <a href=\"https:\/\/x.com\/QudsNen\/status\/2030181175780684005\">Quds News Network<\/a>).<\/strong><\/em><\/p><\/div>\n<p><span style=\"color: #000000;\"><span style=\"font-family: Arial, sans-serif;\"><span style=\"font-size: medium;\">Le Hezbollah a d\u00e9clar\u00e9 dans un communiqu\u00e9 que ses combattants avaient \u00ab observ\u00e9 l&rsquo;infiltration de quatre h\u00e9licopt\u00e8res de l&rsquo;arm\u00e9e isra\u00e9lienne ennemie en provenance de Syrie \u00bb. Les combattants du Hezbollah, aux c\u00f4t\u00e9s des habitants, ont ripost\u00e9 \u00e0 l&rsquo;incursion isra\u00e9lienne, engageant un violent \u00e9change de tirs. Les troupes isra\u00e9liennes ont finalement \u00e9t\u00e9 contraintes de se retirer apr\u00e8s 40 frappes a\u00e9riennes et h\u00e9liport\u00e9es sur la zone. Au moins 41 personnes ont \u00e9t\u00e9 tu\u00e9es, dont au moins trois soldats de l&rsquo;arm\u00e9e libanaise et un membre de la Direction g\u00e9n\u00e9rale de la s\u00e9curit\u00e9, selon l&rsquo;Agence nationale d&rsquo;information du Liban. L&rsquo;arm\u00e9e isra\u00e9lienne n&rsquo;a fait \u00e9tat d&rsquo;aucune victime.<\/span><\/span><\/span><\/p>\n<p><span style=\"color: #000000;\"><span style=\"font-family: Arial, sans-serif;\"><span style=\"font-size: medium;\">Le lendemain, des images des fun\u00e9railles collectives ont montr\u00e9 une foule en deuil autour de dizaines de cercueils, levant le poing en signe de d\u00e9fi. Depuis l&rsquo;attaque, Raya a indiqu\u00e9 que les habitants de Tamnin Al-Tahta ont commenc\u00e9 \u00e0 quitter le village, craignant d&rsquo;\u00eatre les prochains sur la liste.<\/span><\/span><\/span><\/p>\n<p><span style=\"color: #000000;\"><span style=\"font-family: Arial, sans-serif;\"><span style=\"font-size: medium;\">\u00ab J&rsquo;ai v\u00e9cu la guerre de 2006 et celle de 2024, mais la situation actuelle est plus difficile que tout ce qui s&rsquo;est pass\u00e9 ces 25 derni\u00e8res ann\u00e9es \u00bb, a d\u00e9clar\u00e9 Raya \u00e0 <i>Drop Site News<\/i>. Elle a d\u00e9clar\u00e9 avoir achet\u00e9 un billet d&rsquo;avion pour Istanbul, o\u00f9 les citoyens libanais peuvent s\u00e9journer un mois avec un visa.<\/span><\/span><\/span><\/p>\n<p><span style=\"color: #000000;\"><span style=\"font-family: Arial, sans-serif;\"><span style=\"font-size: medium;\">Le raid sur Nabi Chit a \u00e9t\u00e9 l&rsquo;une des attaques les plus meurtri\u00e8res men\u00e9es par l&rsquo;arm\u00e9e isra\u00e9lienne contre le Liban depuis le 2 mars, date \u00e0 laquelle elle a commenc\u00e9 \u00e0 bombarder massivement le sud et l&rsquo;est du Liban, ainsi que la capitale Beyrouth, en repr\u00e9sailles aux tirs de roquettes du Hezbollah sur Isra\u00ebl. Le groupe a d\u00e9clar\u00e9 que cette frappe vengeait l&rsquo;assassinat du guide supr\u00eame iranien Ali Khamenei, r\u00e9pondait aux attaques isra\u00e9liennes continues et \u00e0 l&rsquo;occupation de territoires au sud du Liban.<\/span><\/span><\/span><\/p>\n<p><span style=\"color: #000000;\"><span style=\"font-family: Arial, sans-serif;\"><span style=\"font-size: medium;\">Depuis le d\u00e9but de l&rsquo;escalade la semaine derni\u00e8re, les attaques isra\u00e9liennes ont tu\u00e9 au moins 486 personnes au Liban, dont 83 enfants, et en ont bless\u00e9 plus de 1.313 autres, selon le minist\u00e8re libanais de la Sant\u00e9. \u00ab\u00a0En moyenne, plus de 10 enfants ont \u00e9t\u00e9 tu\u00e9s chaque jour au Liban au cours de la semaine \u00e9coul\u00e9e, et environ 36 enfants ont \u00e9t\u00e9 bless\u00e9s quotidiennement\u00a0\u00bb, a d\u00e9clar\u00e9 l&rsquo;UNICEF dans un <a href=\"https:\/\/www.unicef.org\/press-releases\/statement-unicef-regional-director-middle-east-and-north-africa-edouard-beigbeder-5\">communiqu\u00e9<\/a>.<\/span><\/span><\/span><\/p>\n<p><span style=\"color: #000000;\"><span style=\"font-family: Arial, sans-serif;\"><span style=\"font-size: medium;\">Les ordres de d\u00e9placement massifs \u00e9mis par l&rsquo;arm\u00e9e isra\u00e9lienne ont forc\u00e9 des centaines de milliers de personnes \u00e0 quitter leurs foyers. Apr\u00e8s avoir ordonn\u00e9 \u00e0 tous les habitants situ\u00e9s au sud du fleuve Litani de fuir vers le nord le 4 mars, l&rsquo;arm\u00e9e isra\u00e9lienne a \u00e9mis un ordre de d\u00e9placement pour l&rsquo;ensemble de la banlieue sud de Beyrouth, Dahiye, qui compte environ 700.000 habitants, provoquant panique et embouteillages dans toute la capitale. Des ordres d&rsquo;\u00e9vacuation ont \u00e9galement \u00e9t\u00e9 \u00e9mis pour certaines parties de la vall\u00e9e de la Bekaa.<\/span><\/span><\/span><\/p>\n<p><span style=\"color: #000000;\"><span style=\"font-family: Arial, sans-serif;\"><span style=\"font-size: medium;\">Plus de 517.000 personnes ont \u00e9t\u00e9 officiellement enregistr\u00e9es comme d\u00e9plac\u00e9es, selon le minist\u00e8re libanais des Affaires sociales, et nombre d&rsquo;entre elles ont trouv\u00e9 refuge dans des \u00e9coles et des complexes sportifs transform\u00e9s en abris. Le <a href=\"https:\/\/www.rescue.org\/sites\/default\/files\/2026-03\/CS2603_Watchlist Alert - Lebanon.pdf\">Comit\u00e9 international de secours<\/a> (IRC) et l&rsquo;UNICEF estiment \u00e0 plus de 700.000 le nombre total de personnes d\u00e9plac\u00e9es depuis la semaine derni\u00e8re.<\/span><\/span><\/span><\/p>\n<p><span style=\"color: #000000;\"><span style=\"font-family: Arial, sans-serif;\"><span style=\"font-size: medium;\">\u00ab\u00a0Cette fois-ci, ce sont davantage les ordres que les bombardements qui sont pr\u00e9occupants\u00a0\u00bb, a d\u00e9clar\u00e9 Mohanad Haj Ali, directeur adjoint de la recherche au Centre Malcolm H. Kerr Carnegie pour le Moyen-Orient \u00e0 Beyrouth. \u00ab\u00a0Ils se concentrent davantage sur la punition collective de la population chiite et sur la pression exerc\u00e9e sur le gouvernement libanais.\u00a0\u00bb <\/span><\/span><\/span><\/p>\n<p><span style=\"color: #000000;\"><span style=\"font-family: Arial, sans-serif;\"><span style=\"font-size: medium;\">La reprise des combats fait suite \u00e0 un cessez-le-feu fragile, conclu fin 2024 apr\u00e8s 66 jours d&rsquo;intenses affrontements entre Isra\u00ebl et le Hezbollah. Aux termes de cet accord, Isra\u00ebl devait cesser ses attaques si le Hezbollah mettait fin \u00e0 ses op\u00e9rations militaires au sud du fleuve Litani. Or, selon les Nations Unies, Isra\u00ebl a viol\u00e9 l&rsquo;accord plus de 15.000 fois, notamment en effectuant au moins 1.500 incursions en territoire libanais, et a tu\u00e9 plus de 340 personnes.<\/span><\/span><\/span><\/p>\n<p><span style=\"color: #000000;\"><span style=\"font-family: Arial, sans-serif;\"><span style=\"font-size: medium;\">L&rsquo;intensification des op\u00e9rations du Hezbollah la semaine derni\u00e8re a accru la pression sur le gouvernement libanais, qui doit d\u00e9sormais affronter directement le groupe. Apr\u00e8s les tirs de roquettes, le Premier ministre libanais, Nawaf Salam, a d\u00e9clar\u00e9 les op\u00e9rations militaires du groupe \u00ab\u00a0ill\u00e9gales\u00a0\u00bb et a interdit ses activit\u00e9s militaires et s\u00e9curitaires.<\/span><\/span><\/span><\/p>\n<p><span style=\"color: #000000;\"><span style=\"font-family: Arial, sans-serif;\"><span style=\"font-size: medium;\">Le Hezbollah a largement ignor\u00e9 les injonctions du gouvernement et a poursuivi ses attaques de r\u00e9sistance, menant des frappes de drones et tirant des missiles antichars. Vendredi, le Hezbollah a \u00e9mis son propre ordre de d\u00e9placement, publiant un message en h\u00e9breu sur sa cha\u00eene Telegram, sommant les habitants du nord d&rsquo;Isra\u00ebl d&rsquo;\u00e9vacuer les villes situ\u00e9es \u00e0 moins de 5 kilom\u00e8tres de la fronti\u00e8re. \u00ab L&rsquo;agression de votre arm\u00e9e contre la souverainet\u00e9 libanaise et la s\u00e9curit\u00e9 de ses citoyens, la destruction des infrastructures civiles et la campagne d&rsquo;expulsion qu&rsquo;elle m\u00e8ne ne resteront pas sans r\u00e9ponse \u00bb, a d\u00e9clar\u00e9 le Hezbollah.<\/span><\/span><\/span><\/p>\n<p><span style=\"color: #000000;\"><span style=\"font-family: Arial, sans-serif;\"><span style=\"font-size: medium;\">Des membres du bloc parlementaire libanais Change et plusieurs d\u00e9put\u00e9s ind\u00e9pendants ont vivement critiqu\u00e9 le g\u00e9n\u00e9ral Haykal, commandant de l&rsquo;arm\u00e9e libanaise, l&rsquo;accusant de tra\u00eener des pieds pour appliquer les directives de d\u00e9sarmement du groupe.<\/span><\/span><\/span><\/p>\n<p><span style=\"color: #000000;\"><span style=\"font-family: Arial, sans-serif;\"><span style=\"font-size: medium;\">Le g\u00e9n\u00e9ral Haykal a abord\u00e9 la situation lors d&rsquo;une r\u00e9union au quartier g\u00e9n\u00e9ral de l&rsquo;arm\u00e9e \u00e0 Yarze, samedi. \u00ab L&rsquo;arm\u00e9e d\u00e9ploie tous les efforts possibles pour prot\u00e9ger la stabilit\u00e9 int\u00e9rieure et l&rsquo;unit\u00e9 nationale \u00bb, a-t-il d\u00e9clar\u00e9, ajoutant qu&rsquo;elle \u00ab se tient \u00e0 l&rsquo;\u00e9cart de tous les Libanais et les traite dans le cadre de son r\u00f4le national global \u00bb.<\/span><\/span><\/span><\/p>\n<p><span style=\"color: #000000;\"><span style=\"font-family: Arial, sans-serif;\"><span style=\"font-size: medium;\">Haj Ali a affirm\u00e9 que l&rsquo;objectif d&rsquo;Isra\u00ebl est d&rsquo;\u00ab accro\u00eetre la pression publique et de contraindre le gouvernement libanais \u00e0 agir contre le Hezbollah \u00bb. \u00ab L&rsquo;objectif de la d\u00e9claration de Haykal est de pr\u00e9server la paix int\u00e9rieure, ce qui n\u2019est pas ce que veulent les Isra\u00e9liens \u00bb, a d\u00e9clar\u00e9 Haj Ali. \u00ab Ils veulent une guerre civile. \u00bb<\/span><\/span><\/span><\/p>\n<p><span style=\"color: #000000;\"><span style=\"font-family: Arial, sans-serif;\"><span style=\"font-size: medium;\">Dimanche, le chef d&rsquo;\u00e9tat-major isra\u00e9lien Eyal Zamir a d\u00e9clar\u00e9 que la guerre au Liban \u00ab durera longtemps \u00bb, qualifiant le Hezbollah de \u00ab bras extr\u00e9miste de la pieuvre iranienne \u00bb.<\/span><\/span><\/span><\/p>\n<p><span style=\"color: #000000;\"><span style=\"font-family: Arial, sans-serif;\"><span style=\"font-size: medium;\">Parall\u00e8lement, le syst\u00e8me d&rsquo;h\u00e9bergement libanais, d\u00e9j\u00e0 satur\u00e9, peine \u00e0 faire face \u00e0 l&rsquo;afflux de familles d\u00e9plac\u00e9es.<\/span><\/span><\/span><\/p>\n<p><span style=\"color: #000000;\"><span style=\"font-family: Arial, sans-serif;\"><span style=\"font-size: medium;\">\u00c0 Bir Hassan, quartier de la banlieue sud de Beyrouth, bombard\u00e9 \u00e0 r\u00e9p\u00e9tition depuis le d\u00e9but de l&rsquo;escalade du conflit, un lyc\u00e9e technique a \u00e9t\u00e9 transform\u00e9 en abri de fortune.<\/span><\/span><\/span><\/p>\n<p><span style=\"color: #000000;\"><span style=\"font-family: Arial, sans-serif;\"><span style=\"font-size: medium;\">\u00c0 l&rsquo;int\u00e9rieur, des d\u00e9plac\u00e9s sont assis autour de tables au soleil, essayant de se r\u00e9chauffer apr\u00e8s une nouvelle nuit glaciale. Des enfants jouent sous un abri tandis que des familles nouvellement arriv\u00e9es attendent de s&rsquo;inscrire.<\/span><\/span><\/span><\/p>\n<p><span style=\"color: #000000;\"><span style=\"font-family: Arial, sans-serif;\"><span style=\"font-size: medium;\">\u00ab Certains b\u00e2timents sont pleins, mais il y a une liste d&rsquo;attente \u00bb, a expliqu\u00e9 \u00e0 Drop Site un membre de la Protection civile libanaise qui participe \u00e0 la gestion de l&rsquo;abri. \u00ab D\u00e8s qu&rsquo;une personne trouve un autre logement \u2013 \u200b\u200bun appartement \u00e0 louer ou un h\u00e9bergement chez des proches \u2013 nous accueillons d&rsquo;autres personnes. \u00bb<\/span><\/span><\/span><\/p>\n<p><span style=\"color: #000000;\"><span style=\"font-family: Arial, sans-serif;\"><span style=\"font-size: medium;\">Dans les couloirs, des familles ont install\u00e9 des cloisons de fortune en carton et suspendu des couvertures pour pr\u00e9server leur intimit\u00e9. Il n&rsquo;y a pas de douches, seulement des toilettes surpeupl\u00e9es.<\/span><\/span><\/span><\/p>\n<p><span style=\"color: #000000;\"><span style=\"font-family: Arial, sans-serif;\"><span style=\"font-size: medium;\">Norma Zayneddine a fui le quartier de Laylaki, dans la banlieue sud de Dahiye, pour se r\u00e9fugier dans ce centre d&rsquo;accueil avec son mari et leurs sept enfants, d\u00e8s la premi\u00e8re nuit de l&rsquo;escalade des tensions.<\/span><\/span><\/span><\/p>\n<p><span style=\"color: #000000;\"><span style=\"font-family: Arial, sans-serif;\"><span style=\"font-size: medium;\">\u00ab Nous sommes partis sans rien, juste les v\u00eatements que nous portions \u00bb, a-t-elle d\u00e9clar\u00e9. \u00ab Nous ne pouvons pas dormir. Nous n&rsquo;avons aucune intimit\u00e9. Ce n&rsquo;est pas une vie, pour \u00eatre honn\u00eate. Nous ne savons pas o\u00f9 nous allons. \u00bb<\/span><\/span><\/span><\/p>\n<p><span style=\"color: #000000;\"><span style=\"font-family: Arial, sans-serif;\"><span style=\"font-size: medium;\">Une autre personne d\u00e9plac\u00e9e, Samah Al-Ghaddaf, a \u00e9vacu\u00e9 Kafa&rsquo;aat, un autre quartier de Dahiye, avec son mari et ses trois enfants. Elle ne se sent pas en s\u00e9curit\u00e9 dans le centre d&rsquo;accueil. Depuis le d\u00e9but de l&rsquo;escalade, l&rsquo;arm\u00e9e isra\u00e9lienne a \u00e9mis des avertissements concernant Bir Hassan. La veille, elle avait annonc\u00e9 un bombardement du quartier voisin de Jnah. Mme Al-Ghaddaf et sa famille se sont rendues en voiture \u00e0 Raouche, en bord de mer, et ont dormi dans leur v\u00e9hicule avant de retourner au centre d&rsquo;accueil le lendemain matin. <\/span><\/span><\/span><\/p>\n<p><span style=\"color: #000000;\"><span style=\"font-family: Arial, sans-serif;\"><span style=\"font-size: medium;\">M\u00eame les zones situ\u00e9es en dehors des zones d&rsquo;\u00e9vacuation d\u00e9clar\u00e9es par Isra\u00ebl ne sont pas \u00e0 l&rsquo;abri. T\u00f4t dimanche matin, une frappe a\u00e9rienne isra\u00e9lienne a touch\u00e9 l&rsquo;h\u00f4tel Ramada \u00e0 Raouch\u00e9, en plein c\u0153ur de Beyrouth, faisant quatre morts et provoquant une onde de choc dans toute la ville. L&rsquo;arm\u00e9e isra\u00e9lienne a affirm\u00e9 que la frappe visait des commandants de la Force Qods, unit\u00e9 d&rsquo;\u00e9lite du Corps des gardiens de la r\u00e9volution islamique iranien.<\/span><\/span><\/span><\/p>\n<p><span style=\"color: #000000;\"><span style=\"font-family: Arial, sans-serif;\"><span style=\"font-size: medium;\">\u00c0 travers le Liban, les frappes a\u00e9riennes incessantes ont continu\u00e9.<\/span><\/span><\/span><\/p>\n<p><span style=\"color: #000000;\"><span style=\"font-family: Arial, sans-serif;\"><span style=\"font-size: medium;\">Samedi soir, une frappe de drone isra\u00e9lienne a ras\u00e9 une maison dans le quartier d&rsquo;Al-Athar \u00e0 Sour, tuant huit membres d&rsquo;une m\u00eame famille alors qu&rsquo;ils pr\u00e9paraient le repas de l&rsquo;iftar du Ramadan. Le quartier \u00e9tait consid\u00e9r\u00e9 comme s\u00fbr et n&rsquo;avait jamais \u00e9t\u00e9 cibl\u00e9 auparavant.<\/span><\/span><\/span><\/p>\n<p><span style=\"color: #000000;\"><span style=\"font-family: Arial, sans-serif;\"><span style=\"font-size: medium;\">Parmi les victimes figuraient un Libanais poss\u00e9dant la nationalit\u00e9 su\u00e9doise, sa femme et leurs deux enfants. Ont \u00e9galement \u00e9t\u00e9 tu\u00e9s l&rsquo;\u00e9pouse du neveu de cet homme \u2013 enceinte \u2013, sa fille de cinq ans et deux personnes \u00e2g\u00e9es de la famille.<\/span><\/span><\/span><\/p>\n<p><span style=\"color: #000000;\"><span style=\"font-family: Arial, sans-serif;\"><span style=\"font-size: medium;\">\u00ab Quel \u00e9tait le but de ce massacre ? \u00bb s&rsquo;est interrog\u00e9 Mohammad Saleh, un proche. \u00ab Mon oncle \u00e9tait europ\u00e9en, il avait un passeport su\u00e9dois. Les tantes de ma belle-s\u0153ur \u00e9taient \u00e2g\u00e9es. Les autres \u00e9taient des enfants. \u00bb<\/span><\/span><\/span><\/p>\n<p><span style=\"color: #000000;\"><span style=\"font-family: Arial, sans-serif;\"><span style=\"font-size: medium;\">Saleh a racont\u00e9 que son fr\u00e8re Hassan s&rsquo;\u00e9tait pr\u00e9cipit\u00e9 sur les lieux apr\u00e8s avoir entendu la frappe et avait commenc\u00e9 \u00e0 fouiller les d\u00e9combres en appelant sa fille. Il a fini par la retrouver d\u00e9capit\u00e9e.<\/span><\/span><\/span><\/p>\n<p><span style=\"color: #000000;\"><span style=\"font-family: Arial, sans-serif;\"><span style=\"font-size: medium;\">\u00ab Le drone est apparu au-dessus de la maison 15 minutes avant la frappe et volait tr\u00e8s bas \u00bb, a d\u00e9clar\u00e9 Saleh. \u00ab Ils savaient qui ils visaient. \u00bb<\/span><\/span><\/span><\/p>\n<p><span style=\"color: #000000;\"><span style=\"font-family: Arial, sans-serif;\"><span style=\"font-size: medium;\">Khalil Al-Zain, un responsable local de la ville de Sour, a d\u00e9clar\u00e9 \u00e0 Drop Site que de nombreux habitants n&rsquo;avaient d&rsquo;autre choix que de rester chez eux. \u00ab Beaucoup de gens restent non pas par ent\u00eatement, mais parce qu&rsquo;ils n&rsquo;ont nulle part o\u00f9 aller ou pas de ressources pour partir. \u00bb<\/span><\/span><\/span><\/p>\n<p><em><strong><span style=\"color: #000000;\"><span style=\"font-family: Arial, sans-serif;\"><span style=\"font-size: medium;\">Article original en anglais sur <a href=\"https:\/\/www.dropsitenews.com\/p\/lebanon-hezbollah-israel-nabi-chit-displacement-beirut-army\">Drop Site News<\/a> \/ Traduction MR<\/span><\/span><\/span><\/strong><\/em><\/p>\n","protected":false},"excerpt":{"rendered":"<p>Lylla Younes, 9 mars 2026. \u2013 Depuis plusieurs nuits, Walaa Raya n\u2019avait quasiment pas ferm\u00e9 l\u2019\u0153il. Cette femme de 32 ans restait \u00e9veill\u00e9e dans sa maison du village de Tamnin <a class=\"more-link\" href=\"https:\/\/ismfrance.org\/index.php\/2026\/03\/10\/troupes-au-sol-frappes-aeriennes-et-deplacements-de-population-aucune-garantie-de-securite-au-liban-face-aux-assauts-israeliens-incessants\/\">Lire la suite &rarr;<\/a><\/p>\n","protected":false},"author":3,"featured_media":27804,"comment_status":"closed","ping_status":"closed","sticky":false,"template":"","format":"standard","meta":{"footnotes":""},"categories":[1],"tags":[76],"class_list":["post-27799","post","type-post","status-publish","format-standard","has-post-thumbnail","hentry","category-non-classe","tag-liban"],"yoast_head":"<!-- This site is optimized with the Yoast SEO plugin v27.2 - https:\/\/yoast.com\/product\/yoast-seo-wordpress\/ -->\n<title>Troupes au sol, frappes a\u00e9riennes et d\u00e9placements de population : aucune garantie de s\u00e9curit\u00e9 au Liban face aux assauts isra\u00e9liens incessants - International Solidarity Movement - ISM-France<\/title>\n<meta name=\"robots\" content=\"index, follow, max-snippet:-1, max-image-preview:large, max-video-preview:-1\" \/>\n<link rel=\"canonical\" href=\"https:\/\/ismfrance.org\/index.php\/2026\/03\/10\/troupes-au-sol-frappes-aeriennes-et-deplacements-de-population-aucune-garantie-de-securite-au-liban-face-aux-assauts-israeliens-incessants\/\" \/>\n<meta property=\"og:locale\" content=\"fr_FR\" \/>\n<meta property=\"og:type\" content=\"article\" \/>\n<meta property=\"og:title\" content=\"Troupes au sol, frappes a\u00e9riennes et d\u00e9placements de population : aucune garantie de s\u00e9curit\u00e9 au Liban face aux assauts isra\u00e9liens incessants - International Solidarity Movement - ISM-France\" \/>\n<meta property=\"og:description\" content=\"Lylla Younes, 9 mars 2026. \u2013 Depuis plusieurs nuits, Walaa Raya n\u2019avait quasiment pas ferm\u00e9 l\u2019\u0153il. Cette femme de 32 ans restait \u00e9veill\u00e9e dans sa maison du village de Tamnin Lire la suite &rarr;\" \/>\n<meta property=\"og:url\" content=\"https:\/\/ismfrance.org\/index.php\/2026\/03\/10\/troupes-au-sol-frappes-aeriennes-et-deplacements-de-population-aucune-garantie-de-securite-au-liban-face-aux-assauts-israeliens-incessants\/\" \/>\n<meta property=\"og:site_name\" content=\"International Solidarity Movement - ISM-France\" \/>\n<meta property=\"article:published_time\" content=\"2026-03-10T08:50:08+00:00\" \/>\n<meta property=\"og:image\" content=\"https:\/\/ismfrance.org\/wp-content\/uploads\/2026\/03\/file_69a8121b26ff4.jpeg\" \/>\n\t<meta property=\"og:image:width\" content=\"976\" \/>\n\t<meta property=\"og:image:height\" content=\"549\" \/>\n\t<meta property=\"og:image:type\" content=\"image\/jpeg\" \/>\n<meta name=\"author\" content=\"mru_01\" \/>\n<meta name=\"twitter:card\" content=\"summary_large_image\" \/>\n<meta name=\"twitter:creator\" content=\"@ISMFRANCE\" \/>\n<meta name=\"twitter:site\" content=\"@ISMFRANCE\" \/>\n<meta name=\"twitter:label1\" content=\"\u00c9crit par\" \/>\n\t<meta name=\"twitter:data1\" content=\"mru_01\" \/>\n\t<meta name=\"twitter:label2\" content=\"Dur\u00e9e de lecture estim\u00e9e\" \/>\n\t<meta name=\"twitter:data2\" content=\"11 minutes\" \/>\n<script type=\"application\/ld+json\" class=\"yoast-schema-graph\">{\"@context\":\"https:\/\/schema.org\",\"@graph\":[{\"@type\":\"Article\",\"@id\":\"https:\/\/ismfrance.org\/index.php\/2026\/03\/10\/troupes-au-sol-frappes-aeriennes-et-deplacements-de-population-aucune-garantie-de-securite-au-liban-face-aux-assauts-israeliens-incessants\/#article\",\"isPartOf\":{\"@id\":\"https:\/\/ismfrance.org\/index.php\/2026\/03\/10\/troupes-au-sol-frappes-aeriennes-et-deplacements-de-population-aucune-garantie-de-securite-au-liban-face-aux-assauts-israeliens-incessants\/\"},\"author\":{\"name\":\"mru_01\",\"@id\":\"https:\/\/ismfrance.org\/#\/schema\/person\/3c411eb72adfaae19c0dca1f41fae01d\"},\"headline\":\"Troupes au sol, frappes a\u00e9riennes et d\u00e9placements de population : aucune garantie de s\u00e9curit\u00e9 au Liban face aux assauts isra\u00e9liens incessants\",\"datePublished\":\"2026-03-10T08:50:08+00:00\",\"mainEntityOfPage\":{\"@id\":\"https:\/\/ismfrance.org\/index.php\/2026\/03\/10\/troupes-au-sol-frappes-aeriennes-et-deplacements-de-population-aucune-garantie-de-securite-au-liban-face-aux-assauts-israeliens-incessants\/\"},\"wordCount\":2276,\"publisher\":{\"@id\":\"https:\/\/ismfrance.org\/#organization\"},\"image\":{\"@id\":\"https:\/\/ismfrance.org\/index.php\/2026\/03\/10\/troupes-au-sol-frappes-aeriennes-et-deplacements-de-population-aucune-garantie-de-securite-au-liban-face-aux-assauts-israeliens-incessants\/#primaryimage\"},\"thumbnailUrl\":\"https:\/\/ismfrance.org\/wp-content\/uploads\/2026\/03\/file_69a8121b26ff4.jpeg\",\"keywords\":[\"Liban\"],\"inLanguage\":\"fr-FR\"},{\"@type\":\"WebPage\",\"@id\":\"https:\/\/ismfrance.org\/index.php\/2026\/03\/10\/troupes-au-sol-frappes-aeriennes-et-deplacements-de-population-aucune-garantie-de-securite-au-liban-face-aux-assauts-israeliens-incessants\/\",\"url\":\"https:\/\/ismfrance.org\/index.php\/2026\/03\/10\/troupes-au-sol-frappes-aeriennes-et-deplacements-de-population-aucune-garantie-de-securite-au-liban-face-aux-assauts-israeliens-incessants\/\",\"name\":\"Troupes au sol, frappes a\u00e9riennes et d\u00e9placements de population : aucune garantie de s\u00e9curit\u00e9 au Liban face aux assauts isra\u00e9liens incessants - International Solidarity Movement - ISM-France\",\"isPartOf\":{\"@id\":\"https:\/\/ismfrance.org\/#website\"},\"primaryImageOfPage\":{\"@id\":\"https:\/\/ismfrance.org\/index.php\/2026\/03\/10\/troupes-au-sol-frappes-aeriennes-et-deplacements-de-population-aucune-garantie-de-securite-au-liban-face-aux-assauts-israeliens-incessants\/#primaryimage\"},\"image\":{\"@id\":\"https:\/\/ismfrance.org\/index.php\/2026\/03\/10\/troupes-au-sol-frappes-aeriennes-et-deplacements-de-population-aucune-garantie-de-securite-au-liban-face-aux-assauts-israeliens-incessants\/#primaryimage\"},\"thumbnailUrl\":\"https:\/\/ismfrance.org\/wp-content\/uploads\/2026\/03\/file_69a8121b26ff4.jpeg\",\"datePublished\":\"2026-03-10T08:50:08+00:00\",\"breadcrumb\":{\"@id\":\"https:\/\/ismfrance.org\/index.php\/2026\/03\/10\/troupes-au-sol-frappes-aeriennes-et-deplacements-de-population-aucune-garantie-de-securite-au-liban-face-aux-assauts-israeliens-incessants\/#breadcrumb\"},\"inLanguage\":\"fr-FR\",\"potentialAction\":[{\"@type\":\"ReadAction\",\"target\":[\"https:\/\/ismfrance.org\/index.php\/2026\/03\/10\/troupes-au-sol-frappes-aeriennes-et-deplacements-de-population-aucune-garantie-de-securite-au-liban-face-aux-assauts-israeliens-incessants\/\"]}]},{\"@type\":\"ImageObject\",\"inLanguage\":\"fr-FR\",\"@id\":\"https:\/\/ismfrance.org\/index.php\/2026\/03\/10\/troupes-au-sol-frappes-aeriennes-et-deplacements-de-population-aucune-garantie-de-securite-au-liban-face-aux-assauts-israeliens-incessants\/#primaryimage\",\"url\":\"https:\/\/ismfrance.org\/wp-content\/uploads\/2026\/03\/file_69a8121b26ff4.jpeg\",\"contentUrl\":\"https:\/\/ismfrance.org\/wp-content\/uploads\/2026\/03\/file_69a8121b26ff4.jpeg\",\"width\":976,\"height\":549},{\"@type\":\"BreadcrumbList\",\"@id\":\"https:\/\/ismfrance.org\/index.php\/2026\/03\/10\/troupes-au-sol-frappes-aeriennes-et-deplacements-de-population-aucune-garantie-de-securite-au-liban-face-aux-assauts-israeliens-incessants\/#breadcrumb\",\"itemListElement\":[{\"@type\":\"ListItem\",\"position\":1,\"name\":\"Accueil\",\"item\":\"https:\/\/ismfrance.org\/\"},{\"@type\":\"ListItem\",\"position\":2,\"name\":\"Troupes au sol, frappes a\u00e9riennes et d\u00e9placements de population : aucune garantie de s\u00e9curit\u00e9 au Liban face aux assauts isra\u00e9liens incessants\"}]},{\"@type\":\"WebSite\",\"@id\":\"https:\/\/ismfrance.org\/#website\",\"url\":\"https:\/\/ismfrance.org\/\",\"name\":\"ISM Palestine France\",\"description\":\"Soutien aux luttes de lib\u00e9ration du peuple palestinien\",\"publisher\":{\"@id\":\"https:\/\/ismfrance.org\/#organization\"},\"potentialAction\":[{\"@type\":\"SearchAction\",\"target\":{\"@type\":\"EntryPoint\",\"urlTemplate\":\"https:\/\/ismfrance.org\/?s={search_term_string}\"},\"query-input\":{\"@type\":\"PropertyValueSpecification\",\"valueRequired\":true,\"valueName\":\"search_term_string\"}}],\"inLanguage\":\"fr-FR\"},{\"@type\":\"Organization\",\"@id\":\"https:\/\/ismfrance.org\/#organization\",\"name\":\"International Solidarity Movement\",\"url\":\"https:\/\/ismfrance.org\/\",\"logo\":{\"@type\":\"ImageObject\",\"inLanguage\":\"fr-FR\",\"@id\":\"https:\/\/ismfrance.org\/#\/schema\/logo\/image\/\",\"url\":\"https:\/\/ismfrance.org\/wp-content\/uploads\/2020\/12\/00.png\",\"contentUrl\":\"https:\/\/ismfrance.org\/wp-content\/uploads\/2020\/12\/00.png\",\"width\":400,\"height\":400,\"caption\":\"International Solidarity Movement\"},\"image\":{\"@id\":\"https:\/\/ismfrance.org\/#\/schema\/logo\/image\/\"},\"sameAs\":[\"https:\/\/x.com\/ISMFRANCE\"]},{\"@type\":\"Person\",\"@id\":\"https:\/\/ismfrance.org\/#\/schema\/person\/3c411eb72adfaae19c0dca1f41fae01d\",\"name\":\"mru_01\",\"image\":{\"@type\":\"ImageObject\",\"inLanguage\":\"fr-FR\",\"@id\":\"https:\/\/secure.gravatar.com\/avatar\/3a0be343b445d2ccc79e87444a294fad2b232e90d2051d0e3cc219e1ecd6a330?s=96&d=mm&r=g\",\"url\":\"https:\/\/secure.gravatar.com\/avatar\/3a0be343b445d2ccc79e87444a294fad2b232e90d2051d0e3cc219e1ecd6a330?s=96&d=mm&r=g\",\"contentUrl\":\"https:\/\/secure.gravatar.com\/avatar\/3a0be343b445d2ccc79e87444a294fad2b232e90d2051d0e3cc219e1ecd6a330?s=96&d=mm&r=g\",\"caption\":\"mru_01\"},\"url\":\"https:\/\/ismfrance.org\/index.php\/author\/admin02\/\"}]}<\/script>\n<!-- \/ Yoast SEO plugin. -->","yoast_head_json":{"title":"Troupes au sol, frappes a\u00e9riennes et d\u00e9placements de population : aucune garantie de s\u00e9curit\u00e9 au Liban face aux assauts isra\u00e9liens incessants - International Solidarity Movement - ISM-France","robots":{"index":"index","follow":"follow","max-snippet":"max-snippet:-1","max-image-preview":"max-image-preview:large","max-video-preview":"max-video-preview:-1"},"canonical":"https:\/\/ismfrance.org\/index.php\/2026\/03\/10\/troupes-au-sol-frappes-aeriennes-et-deplacements-de-population-aucune-garantie-de-securite-au-liban-face-aux-assauts-israeliens-incessants\/","og_locale":"fr_FR","og_type":"article","og_title":"Troupes au sol, frappes a\u00e9riennes et d\u00e9placements de population : aucune garantie de s\u00e9curit\u00e9 au Liban face aux assauts isra\u00e9liens incessants - International Solidarity Movement - ISM-France","og_description":"Lylla Younes, 9 mars 2026. \u2013 Depuis plusieurs nuits, Walaa Raya n\u2019avait quasiment pas ferm\u00e9 l\u2019\u0153il. Cette femme de 32 ans restait \u00e9veill\u00e9e dans sa maison du village de Tamnin Lire la suite &rarr;","og_url":"https:\/\/ismfrance.org\/index.php\/2026\/03\/10\/troupes-au-sol-frappes-aeriennes-et-deplacements-de-population-aucune-garantie-de-securite-au-liban-face-aux-assauts-israeliens-incessants\/","og_site_name":"International Solidarity Movement - ISM-France","article_published_time":"2026-03-10T08:50:08+00:00","og_image":[{"width":976,"height":549,"url":"https:\/\/ismfrance.org\/wp-content\/uploads\/2026\/03\/file_69a8121b26ff4.jpeg","type":"image\/jpeg"}],"author":"mru_01","twitter_card":"summary_large_image","twitter_creator":"@ISMFRANCE","twitter_site":"@ISMFRANCE","twitter_misc":{"\u00c9crit par":"mru_01","Dur\u00e9e de lecture estim\u00e9e":"11 minutes"},"schema":{"@context":"https:\/\/schema.org","@graph":[{"@type":"Article","@id":"https:\/\/ismfrance.org\/index.php\/2026\/03\/10\/troupes-au-sol-frappes-aeriennes-et-deplacements-de-population-aucune-garantie-de-securite-au-liban-face-aux-assauts-israeliens-incessants\/#article","isPartOf":{"@id":"https:\/\/ismfrance.org\/index.php\/2026\/03\/10\/troupes-au-sol-frappes-aeriennes-et-deplacements-de-population-aucune-garantie-de-securite-au-liban-face-aux-assauts-israeliens-incessants\/"},"author":{"name":"mru_01","@id":"https:\/\/ismfrance.org\/#\/schema\/person\/3c411eb72adfaae19c0dca1f41fae01d"},"headline":"Troupes au sol, frappes a\u00e9riennes et d\u00e9placements de population : aucune garantie de s\u00e9curit\u00e9 au Liban face aux assauts isra\u00e9liens incessants","datePublished":"2026-03-10T08:50:08+00:00","mainEntityOfPage":{"@id":"https:\/\/ismfrance.org\/index.php\/2026\/03\/10\/troupes-au-sol-frappes-aeriennes-et-deplacements-de-population-aucune-garantie-de-securite-au-liban-face-aux-assauts-israeliens-incessants\/"},"wordCount":2276,"publisher":{"@id":"https:\/\/ismfrance.org\/#organization"},"image":{"@id":"https:\/\/ismfrance.org\/index.php\/2026\/03\/10\/troupes-au-sol-frappes-aeriennes-et-deplacements-de-population-aucune-garantie-de-securite-au-liban-face-aux-assauts-israeliens-incessants\/#primaryimage"},"thumbnailUrl":"https:\/\/ismfrance.org\/wp-content\/uploads\/2026\/03\/file_69a8121b26ff4.jpeg","keywords":["Liban"],"inLanguage":"fr-FR"},{"@type":"WebPage","@id":"https:\/\/ismfrance.org\/index.php\/2026\/03\/10\/troupes-au-sol-frappes-aeriennes-et-deplacements-de-population-aucune-garantie-de-securite-au-liban-face-aux-assauts-israeliens-incessants\/","url":"https:\/\/ismfrance.org\/index.php\/2026\/03\/10\/troupes-au-sol-frappes-aeriennes-et-deplacements-de-population-aucune-garantie-de-securite-au-liban-face-aux-assauts-israeliens-incessants\/","name":"Troupes au sol, frappes a\u00e9riennes et d\u00e9placements de population : aucune garantie de s\u00e9curit\u00e9 au Liban face aux assauts isra\u00e9liens incessants - International Solidarity Movement - ISM-France","isPartOf":{"@id":"https:\/\/ismfrance.org\/#website"},"primaryImageOfPage":{"@id":"https:\/\/ismfrance.org\/index.php\/2026\/03\/10\/troupes-au-sol-frappes-aeriennes-et-deplacements-de-population-aucune-garantie-de-securite-au-liban-face-aux-assauts-israeliens-incessants\/#primaryimage"},"image":{"@id":"https:\/\/ismfrance.org\/index.php\/2026\/03\/10\/troupes-au-sol-frappes-aeriennes-et-deplacements-de-population-aucune-garantie-de-securite-au-liban-face-aux-assauts-israeliens-incessants\/#primaryimage"},"thumbnailUrl":"https:\/\/ismfrance.org\/wp-content\/uploads\/2026\/03\/file_69a8121b26ff4.jpeg","datePublished":"2026-03-10T08:50:08+00:00","breadcrumb":{"@id":"https:\/\/ismfrance.org\/index.php\/2026\/03\/10\/troupes-au-sol-frappes-aeriennes-et-deplacements-de-population-aucune-garantie-de-securite-au-liban-face-aux-assauts-israeliens-incessants\/#breadcrumb"},"inLanguage":"fr-FR","potentialAction":[{"@type":"ReadAction","target":["https:\/\/ismfrance.org\/index.php\/2026\/03\/10\/troupes-au-sol-frappes-aeriennes-et-deplacements-de-population-aucune-garantie-de-securite-au-liban-face-aux-assauts-israeliens-incessants\/"]}]},{"@type":"ImageObject","inLanguage":"fr-FR","@id":"https:\/\/ismfrance.org\/index.php\/2026\/03\/10\/troupes-au-sol-frappes-aeriennes-et-deplacements-de-population-aucune-garantie-de-securite-au-liban-face-aux-assauts-israeliens-incessants\/#primaryimage","url":"https:\/\/ismfrance.org\/wp-content\/uploads\/2026\/03\/file_69a8121b26ff4.jpeg","contentUrl":"https:\/\/ismfrance.org\/wp-content\/uploads\/2026\/03\/file_69a8121b26ff4.jpeg","width":976,"height":549},{"@type":"BreadcrumbList","@id":"https:\/\/ismfrance.org\/index.php\/2026\/03\/10\/troupes-au-sol-frappes-aeriennes-et-deplacements-de-population-aucune-garantie-de-securite-au-liban-face-aux-assauts-israeliens-incessants\/#breadcrumb","itemListElement":[{"@type":"ListItem","position":1,"name":"Accueil","item":"https:\/\/ismfrance.org\/"},{"@type":"ListItem","position":2,"name":"Troupes au sol, frappes a\u00e9riennes et d\u00e9placements de population : aucune garantie de s\u00e9curit\u00e9 au Liban face aux assauts isra\u00e9liens incessants"}]},{"@type":"WebSite","@id":"https:\/\/ismfrance.org\/#website","url":"https:\/\/ismfrance.org\/","name":"ISM Palestine France","description":"Soutien aux luttes de lib\u00e9ration du peuple palestinien","publisher":{"@id":"https:\/\/ismfrance.org\/#organization"},"potentialAction":[{"@type":"SearchAction","target":{"@type":"EntryPoint","urlTemplate":"https:\/\/ismfrance.org\/?s={search_term_string}"},"query-input":{"@type":"PropertyValueSpecification","valueRequired":true,"valueName":"search_term_string"}}],"inLanguage":"fr-FR"},{"@type":"Organization","@id":"https:\/\/ismfrance.org\/#organization","name":"International Solidarity Movement","url":"https:\/\/ismfrance.org\/","logo":{"@type":"ImageObject","inLanguage":"fr-FR","@id":"https:\/\/ismfrance.org\/#\/schema\/logo\/image\/","url":"https:\/\/ismfrance.org\/wp-content\/uploads\/2020\/12\/00.png","contentUrl":"https:\/\/ismfrance.org\/wp-content\/uploads\/2020\/12\/00.png","width":400,"height":400,"caption":"International Solidarity Movement"},"image":{"@id":"https:\/\/ismfrance.org\/#\/schema\/logo\/image\/"},"sameAs":["https:\/\/x.com\/ISMFRANCE"]},{"@type":"Person","@id":"https:\/\/ismfrance.org\/#\/schema\/person\/3c411eb72adfaae19c0dca1f41fae01d","name":"mru_01","image":{"@type":"ImageObject","inLanguage":"fr-FR","@id":"https:\/\/secure.gravatar.com\/avatar\/3a0be343b445d2ccc79e87444a294fad2b232e90d2051d0e3cc219e1ecd6a330?s=96&d=mm&r=g","url":"https:\/\/secure.gravatar.com\/avatar\/3a0be343b445d2ccc79e87444a294fad2b232e90d2051d0e3cc219e1ecd6a330?s=96&d=mm&r=g","contentUrl":"https:\/\/secure.gravatar.com\/avatar\/3a0be343b445d2ccc79e87444a294fad2b232e90d2051d0e3cc219e1ecd6a330?s=96&d=mm&r=g","caption":"mru_01"},"url":"https:\/\/ismfrance.org\/index.php\/author\/admin02\/"}]}},"_links":{"self":[{"href":"https:\/\/ismfrance.org\/index.php\/wp-json\/wp\/v2\/posts\/27799","targetHints":{"allow":["GET"]}}],"collection":[{"href":"https:\/\/ismfrance.org\/index.php\/wp-json\/wp\/v2\/posts"}],"about":[{"href":"https:\/\/ismfrance.org\/index.php\/wp-json\/wp\/v2\/types\/post"}],"author":[{"embeddable":true,"href":"https:\/\/ismfrance.org\/index.php\/wp-json\/wp\/v2\/users\/3"}],"replies":[{"embeddable":true,"href":"https:\/\/ismfrance.org\/index.php\/wp-json\/wp\/v2\/comments?post=27799"}],"version-history":[{"count":3,"href":"https:\/\/ismfrance.org\/index.php\/wp-json\/wp\/v2\/posts\/27799\/revisions"}],"predecessor-version":[{"id":27805,"href":"https:\/\/ismfrance.org\/index.php\/wp-json\/wp\/v2\/posts\/27799\/revisions\/27805"}],"wp:featuredmedia":[{"embeddable":true,"href":"https:\/\/ismfrance.org\/index.php\/wp-json\/wp\/v2\/media\/27804"}],"wp:attachment":[{"href":"https:\/\/ismfrance.org\/index.php\/wp-json\/wp\/v2\/media?parent=27799"}],"wp:term":[{"taxonomy":"category","embeddable":true,"href":"https:\/\/ismfrance.org\/index.php\/wp-json\/wp\/v2\/categories?post=27799"},{"taxonomy":"post_tag","embeddable":true,"href":"https:\/\/ismfrance.org\/index.php\/wp-json\/wp\/v2\/tags?post=27799"}],"curies":[{"name":"wp","href":"https:\/\/api.w.org\/{rel}","templated":true}]}}